{"id":113348,"date":"2026-04-23T15:15:14","date_gmt":"2026-04-23T18:15:14","guid":{"rendered":"https:\/\/ubirataonline.com.br\/halbfinale-im-dfb-pokal-triumph-und-tranen-pokal-duelle-zwischen-stuttgart-und-freiburg\/"},"modified":"2026-04-23T15:15:21","modified_gmt":"2026-04-23T18:15:21","slug":"halbfinale-im-dfb-pokal-triumph-und-tranen-pokal-duelle-zwischen-stuttgart-und-freiburg","status":"publish","type":"post","link":"https:\/\/ubirataonline.com.br\/en\/halbfinale-im-dfb-pokal-triumph-und-tranen-pokal-duelle-zwischen-stuttgart-und-freiburg\/","title":{"rendered":"Halbfinale im DFB-Pokal: Triumph und Tr\u00e4nen &#8211; Pokal-Duelle zwischen Stuttgart und Freiburg"},"content":{"rendered":"<p><br \/>\n<\/p>\n<div id=\"\">\n<div class=\"article-head article-head--accent columns twelve\">\n<div class=\"article-head__media columns twelve m-twelve\">\n<div class=\"ts-picture__wrapper\">\n        <picture class=\"ts-picture ts-picture--teaser-top\"><source type=\"image\/webp\" media=\"(max-width: 440px)\" srcset=\"https:\/\/images.sportschau.de\/image\/79c977c7-c580-4410-a298-09f3eb277ccd\/AAABnblJBV4\/AAABnSSvrFg\/16x9-big\/swr-der-vfb-stuttgart-bejubelt-den-halbfinalsieg-2013-gegen-den-sc-freiburg-100.webp?overlay=32ddf443-a54b-45ba-8424-e2a8000d64c0&amp;overlayModificationDate=AAABlxDguLY&amp;width=640\"\/><source type=\"image\/webp\" media=\"(max-width: 767px)\" srcset=\"https:\/\/images.sportschau.de\/image\/79c977c7-c580-4410-a298-09f3eb277ccd\/AAABnblJBV4\/AAABnSSvrFg\/16x9-big\/swr-der-vfb-stuttgart-bejubelt-den-halbfinalsieg-2013-gegen-den-sc-freiburg-100.webp?overlay=32ddf443-a54b-45ba-8424-e2a8000d64c0&amp;overlayModificationDate=AAABlxDguLY&amp;width=768\"\/><source type=\"image\/webp\" media=\"(max-width: 900px)\" srcset=\"https:\/\/images.sportschau.de\/image\/79c977c7-c580-4410-a298-09f3eb277ccd\/AAABnblJBV4\/AAABnSSvdEs\/16x7\/swr-der-vfb-stuttgart-bejubelt-den-halbfinalsieg-2013-gegen-den-sc-freiburg-100.webp?overlay=32ddf443-a54b-45ba-8424-e2a8000d64c0&amp;overlayModificationDate=AAABlxDguLY&amp;width=960\"\/><source type=\"image\/webp\" media=\"(min-width: 901px)\" srcset=\"https:\/\/images.sportschau.de\/image\/79c977c7-c580-4410-a298-09f3eb277ccd\/AAABnblJBV4\/AAABnSSvdEs\/16x7\/swr-der-vfb-stuttgart-bejubelt-den-halbfinalsieg-2013-gegen-den-sc-freiburg-100.webp?overlay=32ddf443-a54b-45ba-8424-e2a8000d64c0&amp;overlayModificationDate=AAABlxDguLY&amp;width=1280\"\/><source type=\"image\/jpeg\" media=\"(max-width: 440px)\" srcset=\"https:\/\/images.sportschau.de\/image\/79c977c7-c580-4410-a298-09f3eb277ccd\/AAABnblJBV4\/AAABnSSvrFg\/16x9-big\/swr-der-vfb-stuttgart-bejubelt-den-halbfinalsieg-2013-gegen-den-sc-freiburg-100.jpg?overlay=32ddf443-a54b-45ba-8424-e2a8000d64c0&amp;overlayModificationDate=AAABlxDguLY&amp;width=640\"\/><source type=\"image\/jpeg\" media=\"(max-width: 767px)\" srcset=\"https:\/\/images.sportschau.de\/image\/79c977c7-c580-4410-a298-09f3eb277ccd\/AAABnblJBV4\/AAABnSSvrFg\/16x9-big\/swr-der-vfb-stuttgart-bejubelt-den-halbfinalsieg-2013-gegen-den-sc-freiburg-100.jpg?overlay=32ddf443-a54b-45ba-8424-e2a8000d64c0&amp;overlayModificationDate=AAABlxDguLY&amp;width=768\"\/><source type=\"image\/jpeg\" media=\"(max-width: 900px)\" srcset=\"https:\/\/images.sportschau.de\/image\/79c977c7-c580-4410-a298-09f3eb277ccd\/AAABnblJBV4\/AAABnSSvdEs\/16x7\/swr-der-vfb-stuttgart-bejubelt-den-halbfinalsieg-2013-gegen-den-sc-freiburg-100.jpg?overlay=32ddf443-a54b-45ba-8424-e2a8000d64c0&amp;overlayModificationDate=AAABlxDguLY&amp;width=960\"\/><source type=\"image\/jpeg\" media=\"(min-width: 901px)\" srcset=\"https:\/\/images.sportschau.de\/image\/79c977c7-c580-4410-a298-09f3eb277ccd\/AAABnblJBV4\/AAABnSSvdEs\/16x7\/swr-der-vfb-stuttgart-bejubelt-den-halbfinalsieg-2013-gegen-den-sc-freiburg-100.jpg?overlay=32ddf443-a54b-45ba-8424-e2a8000d64c0&amp;overlayModificationDate=AAABlxDguLY&amp;width=1280\"\/><\/picture>\n    <\/div>\n<\/p><\/div>\n<div class=\"article-head__data columns twelve  m-ten  m-offset-one l-eight l-offset-two\">\n<div class=\"article-head__title\">\n<p class=\"metatextline\">Stand: 23.04.2026 \u2022 20:01 Uhr<\/p>\n<\/p><\/div>\n<p class=\"article-head__shorttext\">\n        <strong><strong>Im Halbfinale des DFB-Pokals trifft der VfB Stuttgart am Donnerstag auf den SC Freiburg. Das brisante Baden-W\u00fcrttemberg-Duell gibt es im Pokalwettbewerb schon zum sechsten Mal. Die Bilanz spricht klar f\u00fcr einen Verein.<\/strong><\/strong>\n    <\/p>\n<\/p><\/div>\n<\/p><\/div>\n<p class=\"textabsatz m-ten m-offset-one l-eight l-offset-two columns twelve\">Diese Bilder gehen auch 13 Jahre danach immer noch zu Herzen. Ein hemmungslos weinender 19-j\u00e4hriger Matthias Ginter auf dem Rasen der Stuttgarter Arena, getr\u00f6stet von seinem Trainer Christian Streich. Damals, am 14. Januar 2013, als der SC Freiburg im Halbfinale des DFB-Pokals beim VfB Stuttgart knapp mit 1:2 unterlag. Ein paar Meter weiter ganz gegens\u00e4tzliche Gef\u00fchlswallungen: Jubelnde Schwaben mit Coach Bruno Labbadia, die mit ihren \u00fcber 50.000 Fans den Einzug ins Endspiel feierten.<\/p>\n<h2 id=\"Freiburgs-Matthias-Ginter-bei-der-Revanche-noch-mit-dabei\" class=\"meldung__subhead columns twelve  m-ten  m-offset-one l-eight l-offset-two liveblog--anchor\">Freiburgs Matthias Ginter bei der Revanche noch mit dabei<\/h2>\n<p class=\"textabsatz m-ten m-offset-one l-eight l-offset-two columns twelve\">Ob sich Geschichte wiederholt? Am Donnerstag (ab 20:45 Uhr live im Ersten und <a href=\"https:\/\/www.sportschau.de\/fussball\/dfbpokal\/vfb-stuttgart-gegen-sc-freiburg,livestream-dfb-pokal-stuttgart-freiburg-100.html\" title=\"im Audiostream auf sportschau.de\">im Audiostream auf sportschau.de<\/a>) treffen der VfB Stuttgart und der SC Freiburg zum zweiten Mal in einem Halbfinale des DFB-Pokals aufeinander. Wieder in der Stuttgarter Arena, und wieder mit dem VfB als Sieger? Matthias Ginter, auch mit 32 noch im Trikot des SC Freiburg, will das mit seinen Mitspielern m\u00f6glichst verhindern: &#8220;Berlin ist das Ziel, aber Stuttgart ist eine gute Mannschaft&#8221;, sagt Ginter im Gespr\u00e4ch mit SWR Sport, &#8220;es wird wieder auf Kleinigkeiten ankommen&#8221;. Nationalspieler Ginter ist der einzige aktuelle Spieler des Sport-Clubs, der schon 2013 gegen den VfB auf dem Feld stand. Neben dem damaligen Kapit\u00e4n Julian Schuster, dem jetzigen Freiburger Trainer.<\/p>\n<p class=\"textabsatz m-ten m-offset-one l-eight l-offset-two columns twelve\">Bislang ist die Statistik eindeutig auf Seiten der Schwaben, die in den f\u00fcnf Pokal-Duellen gegen die Badener viermal als Sieger vom Platz gingen. SWR Sport blickt noch einmal zur\u00fcck auf die spannenden DFB-Pokalgeschichten zwischen dem VfB und dem Sport-Club.<\/p>\n<h2 id=\"November-1996-Dramatik-im-Elfmeterschiessen\" class=\"meldung__subhead columns twelve  m-ten  m-offset-one l-eight l-offset-two liveblog--anchor\">November 1996: Dramatik im Elfmeterschie\u00dfen<\/h2>\n<p class=\"textabsatz m-ten m-offset-one l-eight l-offset-two columns twelve\">Es war das erste Duell im DFB-Pokal zwischen dem SC Freiburg und dem VfB Stuttgart. Und es war an jenem 13. November 1996 auch das bislang dramatischste: 1:1-Unentschieden hie\u00df es nach 90 und 120 Minuten durch die Treffer von Torj\u00e4ger Fredi Bobic zum 0:1 und dem Freiburger Ausgleich durch Verteidiger Martin Spanring. Die Entscheidung vor 22.000 Zuschauern im ausverkauften Dreisamstadion musste also im Elfmeterschie\u00dfen fallen. Und hier hatte Stuttgart mit Trainer Jogi L\u00f6w das bessere Ende f\u00fcr sich.<\/p>\n<p class=\"textabsatz m-ten m-offset-one l-eight l-offset-two columns twelve\">Torh\u00fcter J\u00f6rg Schmadtke und der Schweizer Alain Sutter verschossen f\u00fcr den Sport-Club. Stuttgart verwandelte viermal, VfB-Torh\u00fcter Franz Wohlfahrt wurde sogar zum Pokalhelden an der Dreisam, als er den entscheidenden Elfer f\u00fcr Stuttgart gegen Schmadtke ins Netz setzte. Am Ende hie\u00df es 4:2 f\u00fcr die Schwaben, die in dieser Pokal-Saison sogar ins Endspiel einzogen und im Mai 1997 mit einem 2:0 im Berliner Olympiastadion gegen Energie Cottbus den Pokal gewannen.<\/p>\n<h2 id=\"Dezember-2000-Der-Rumaene-Ganea-als-Matchwinner-fuer-den-VfB\" class=\"meldung__subhead columns twelve  m-ten  m-offset-one l-eight l-offset-two liveblog--anchor\">Dezember 2000: Der Rum\u00e4ne Ganea als Matchwinner f\u00fcr den VfB<\/h2>\n<p class=\"textabsatz m-ten m-offset-one l-eight l-offset-two columns twelve\">Auch das zweite Aufeinandertreffen zwischen den Badenern und den Schwaben nahm einen dramatischen Verlauf. Erst nach Verl\u00e4ngerung gewann der VfB das Viertelfinalspiel am 20. Dezember 2000 in der Stuttgarter Arena mit 2:1. Das Siegtor f\u00fcr das Team von Trainer Ralf Rangnick schoss der rum\u00e4nische St\u00fcrmer Viorel Ganea in der 95. Minute.<\/p>\n<p class=\"textabsatz m-ten m-offset-one l-eight l-offset-two columns twelve\">In der regul\u00e4ren Spielzeit hatte Krassimir Balakov den VfB zun\u00e4chst in F\u00fchrung gebracht (29.), der junge Sebastian Kehl f\u00fcr Freiburg nur zwei Minuten sp\u00e4ter ausgeglichen. Im darauffolgenden Halbfinale schieden die in dieser Saison abstiegsgef\u00e4hrdeten Stuttgarter dann aber zu Hause gegen den sp\u00e4teren Pokalsieger Schalke 04 mit einem deutlichen 0:3 aus.<\/p>\n<h2 id=\"April-2013-Harnik-koepft-den-VfB-ins-Endspiel\" class=\"meldung__subhead columns twelve  m-ten  m-offset-one l-eight l-offset-two liveblog--anchor\">April 2013: Harnik k\u00f6pft den VfB ins Endspiel<\/h2>\n<p class=\"textabsatz m-ten m-offset-one l-eight l-offset-two columns twelve\">Erst 13 Jahre sp\u00e4ter, am 17. April 2013, trafen die beiden Kontrahenten im DFB-Pokal erneut aufeinander. Und wieder gewann der VfB, diesmal im Halbfinale, knapp mit 2:1 vor eigenem Publikum. Verteidiger Arthur Boka hatte Stuttgart nach neun Minuten in F\u00fchrung geschossen, Jan Rosenthal zum 1:1 ausgeglichen (14.). Noch vor der Pause k\u00f6pfte Martin Harnik den 2:1-Siegtreffer f\u00fcr den \u00fcbergl\u00fccklichen VfB um Trainer Bruno Labbadia, der damit im Finale stand. Im Endspiel in Berlin allerdings unterlagen die Schwaben dem FC Bayern M\u00fcnchen mit 2:3.<\/p>\n<h2 id=\"September-2013-Der-erste-Freiburger-Erfolg\" class=\"meldung__subhead columns twelve  m-ten  m-offset-one l-eight l-offset-two liveblog--anchor\">September 2013: Der erste Freiburger Erfolg<\/h2>\n<p class=\"textabsatz m-ten m-offset-one l-eight l-offset-two columns twelve\">Nur wenige Monate sp\u00e4ter, am 25. September 2013, gab es schon wieder das Duell VfB gegen den Sport-Club. Diesmal in der zweiten Runde in Freiburg, und erstmals gewannen die Breisgauer ein Pokalspiel gegen den gro\u00dfen Rivalen aus der Landeshauptstadt. Der erst 19-j\u00e4hrige Matthias Ginter (52.) und Nationalst\u00fcrmer Mike Hanke (70. Minute) schossen die Tore f\u00fcr Freiburg. Den Stuttgartern gelang durch Vedad Ibisevic kurz vor Schluss nur noch der Anschlusstreffer. Bereits in der n\u00e4chsten Runde, im Achtelfinale, schieden die Freiburger allerdings zu Hause mit 1:2 gegen Bayer Leverkusen aus.<\/p>\n<h2 id=\"Dezember-2020-Kalajdzic-mit-dem-Siegtor-fuer-Stuttgart\" class=\"meldung__subhead columns twelve  m-ten  m-offset-one l-eight l-offset-two liveblog--anchor\">Dezember 2020: Kalajdzic mit dem Siegtor f\u00fcr Stuttgart<\/h2>\n<p class=\"textabsatz m-ten m-offset-one l-eight l-offset-two columns twelve\">Im letzten Pokalspiel zwischen Stuttgart und Freiburg entschied ein einziges Tor. Am 23. Dezember 2020 schoss der damalige Goalgetter Sasa Kalajdzic bereits nach 15 Minuten das 1:0-Siegtor f\u00fcr das Team von VfB-Trainer Pellegrino Matarazzo. Wegen der Corona-Beschr\u00e4nkungen fand die Partie in der Stuttgarter Arena vor leeren R\u00e4ngen statt.<\/p>\n<p class=\"textabsatz m-ten m-offset-one l-eight l-offset-two columns twelve\">Sch\u00f6ne Bescherung f\u00fcr den VfB: Einen Tag vor Heiligabend hatte sich Stuttgart damit f\u00fcr das Achtelfinale im DFB-Pokal qualifiziert. Christian Streichs Mannschaft dagegen war ausgeschieden. Das Aus des VfB folgte aber auch schon in der n\u00e4chsten Runde: Im Achtelfinale im Februar 2021 unterlag Stuttgart daheim gegen M\u00f6nchengladbach mit 1:2.<\/p>\n<h2 id=\"April-2026-Revanche-fuer-Freiburg-und-Matthias-Ginter\" class=\"meldung__subhead columns twelve  m-ten  m-offset-one l-eight l-offset-two liveblog--anchor\">April 2026: Revanche f\u00fcr Freiburg und Matthias Ginter?<\/h2>\n<p class=\"textabsatz m-ten m-offset-one l-eight l-offset-two columns twelve\">Am Donnerstag folgt also das sechste Duell im DFB-Pokal zwischen dem VfB Stuttgart und dem SC Freiburg, zum zweiten Mal in einem Halbfinale. Und erneut, wie schon vor 13 Jahren, mit Matthias Ginter im Trikot der Breisgauer. Gibt es diesmal die Freiburger Revanche f\u00fcr 2013?<\/p>\n<h2 id=\"Mehr-zu-beiden-Vereinen\" class=\"meldung__subhead columns twelve  m-ten  m-offset-one l-eight l-offset-two liveblog--anchor\">Mehr zu beiden Vereinen<\/h2>\n<div class=\"columns twelve  m-ten  m-offset-one l-eight l-offset-two\">\n<div class=\"backlink\">\n                                        <a class=\"backlink__link\" href=\"https:\/\/www.swr.de\/sport\/fussball\/dfb-pokal-historie-vfb-stuttgart-sc-freiburg-100.html\"><\/p>\n<div class=\"backlink__img-wrapper\">\n                                                <img decoding=\"async\" src=\"https:\/\/images.sportschau.de\/image\/d14251d0-d158-4797-a47c-e97e1e58a56b\/AAABlap_vas\/AAABnR8VW9w\/original\/lra-swr-logo-100.svg\" alt=\"S\u00fcdwestrundfunk\"\/>\n                                            <\/div>\n<p>                                        <\/a>\n                                    <\/div>\n<\/p><\/div>\n<\/p><\/div>\n<p><br \/>\n<br \/><a href=\"https:\/\/www.sportschau.de\/regional\/swr\/swr-zwischen-triumph-und-traenen-die-pokal-duelle-zwischen-dem-vfb-stuttgart-und-dem-sc-freiburg-100.html\">Source link <\/a><\/p>","protected":false},"excerpt":{"rendered":"<p>Stand: 23.04.2026 \u2022 20:01 Uhr Im Halbfinale des DFB-Pokals trifft der VfB Stuttgart am Donnerstag auf den SC Freiburg. Das brisante Baden-W\u00fcrttemberg-Duell gibt es im Pokalwettbewerb schon zum sechsten Mal. Die Bilanz spricht klar f\u00fcr einen Verein. Diese Bilder gehen auch 13 Jahre danach immer noch zu Herzen. Ein hemmungslos weinender 19-j\u00e4hriger Matthias Ginter auf [&hellip;]<\/p>\n","protected":false},"author":1,"featured_media":113349,"comment_status":"closed","ping_status":"","sticky":false,"template":"","format":"standard","meta":{"googlesitekit_rrm_CAow2JLhCw:productID":"","_gspb_post_css":"","maa_idioma":"","maa_pais":"","footnotes":""},"categories":[2725],"tags":[30503,3077,30502,30505,8456,30504,13604,7014,30506],"class_list":["post-113348","post","type-post","status-publish","format-standard","has-post-thumbnail","hentry","category-europe","tag-dfbpokal","tag-freiburg","tag-halbfinale","tag-pokalduelle","tag-stuttgart","tag-tranen","tag-triumph","tag-und","tag-zwischen"],"blocksy_meta":[],"yoast_head":"<!-- This site is optimized with the Yoast SEO Premium plugin v27.6 (Yoast SEO v27.6) - https:\/\/yoast.com\/product\/yoast-seo-premium-wordpress\/ -->\n<title>Halbfinale im DFB-Pokal: Triumph und Tr\u00e4nen - Pokal-Duelle zwischen Stuttgart und Freiburg - Ubirat\u00e3 Online Not\u00edcias - A realidade ao seu alcance!<\/title>\n<meta name=\"description\" content=\"Stand: 23.04.2026 \u2022 20:01 Uhr Im Halbfinale des DFB-Pokals trifft der VfB Stuttgart am Donnerstag auf den SC Freiburg. Das brisante\" \/>\n<meta name=\"robots\" content=\"index, follow, max-snippet:-1, max-image-preview:large, max-video-preview:-1\" \/>\n<link rel=\"canonical\" href=\"https:\/\/ubirataonline.com.br\/en\/halbfinale-im-dfb-pokal-triumph-und-tranen-pokal-duelle-zwischen-stuttgart-und-freiburg\/\" \/>\n<meta property=\"og:locale\" content=\"en_US\" \/>\n<meta property=\"og:type\" content=\"article\" \/>\n<meta property=\"og:title\" content=\"Halbfinale im DFB-Pokal: Triumph und Tr\u00e4nen - Pokal-Duelle zwischen Stuttgart und Freiburg\" \/>\n<meta property=\"og:description\" content=\"Stand: 23.04.2026 \u2022 20:01 Uhr Im Halbfinale des DFB-Pokals trifft der VfB Stuttgart am Donnerstag auf den SC Freiburg. Das brisante\" \/>\n<meta property=\"og:url\" content=\"https:\/\/ubirataonline.com.br\/en\/halbfinale-im-dfb-pokal-triumph-und-tranen-pokal-duelle-zwischen-stuttgart-und-freiburg\/\" \/>\n<meta property=\"og:site_name\" content=\"Ubirat\u00e3 Online Not\u00edcias - A realidade ao seu alcance!\" \/>\n<meta property=\"article:publisher\" content=\"https:\/\/www.facebook.com\/portalubirataonline\" \/>\n<meta property=\"article:author\" content=\"https:\/\/www.facebook.com\/portalubirataonline\" \/>\n<meta property=\"article:published_time\" content=\"2026-04-23T18:15:14+00:00\" \/>\n<meta property=\"article:modified_time\" content=\"2026-04-23T18:15:21+00:00\" \/>\n<meta property=\"og:image\" content=\"https:\/\/ubirataonline.com.br\/wp-content\/uploads\/2026\/04\/Halbfinale-im-DFB-Pokal-Triumph-und-Tranen-Pokal-Duelle-zwischen-Stuttgart.jpg\" \/>\n\t<meta property=\"og:image:width\" content=\"1280\" \/>\n\t<meta property=\"og:image:height\" content=\"720\" \/>\n\t<meta property=\"og:image:type\" content=\"image\/jpeg\" \/>\n<meta name=\"author\" content=\"REDA\u00c7\u00c3O: UBIRAT\u00c3 ONLINE - F\u00c1BIO AUGUSTO CELESTINO\" \/>\n<meta name=\"twitter:card\" content=\"summary_large_image\" \/>\n<meta name=\"twitter:creator\" content=\"@x.com\/ubirataonline\" \/>\n<meta name=\"twitter:site\" content=\"@ubirataonline\" \/>\n<meta name=\"twitter:label1\" content=\"Written by\" \/>\n\t<meta name=\"twitter:data1\" content=\"REDA\u00c7\u00c3O: UBIRAT\u00c3 ONLINE - F\u00c1BIO AUGUSTO CELESTINO\" \/>\n\t<meta name=\"twitter:label2\" content=\"Est. reading time\" \/>\n\t<meta name=\"twitter:data2\" content=\"4 minutes\" \/>\n<script type=\"application\/ld+json\" class=\"yoast-schema-graph\">{\"@context\":\"https:\\\/\\\/schema.org\",\"@graph\":[{\"@type\":\"NewsArticle\",\"@id\":\"https:\\\/\\\/ubirataonline.com.br\\\/halbfinale-im-dfb-pokal-triumph-und-tranen-pokal-duelle-zwischen-stuttgart-und-freiburg\\\/#article\",\"isPartOf\":{\"@id\":\"https:\\\/\\\/ubirataonline.com.br\\\/halbfinale-im-dfb-pokal-triumph-und-tranen-pokal-duelle-zwischen-stuttgart-und-freiburg\\\/\"},\"author\":{\"name\":\"REDA\u00c7\u00c3O: UBIRAT\u00c3 ONLINE - F\u00c1BIO AUGUSTO CELESTINO\",\"@id\":\"https:\\\/\\\/ubirataonline.com.br\\\/#\\\/schema\\\/person\\\/372f87bbd3fdd79b8556b84c98d0bc1c\"},\"headline\":\"Halbfinale im DFB-Pokal: Triumph und Tr\u00e4nen &#8211; Pokal-Duelle zwischen Stuttgart und Freiburg\",\"datePublished\":\"2026-04-23T18:15:14+00:00\",\"dateModified\":\"2026-04-23T18:15:21+00:00\",\"mainEntityOfPage\":{\"@id\":\"https:\\\/\\\/ubirataonline.com.br\\\/halbfinale-im-dfb-pokal-triumph-und-tranen-pokal-duelle-zwischen-stuttgart-und-freiburg\\\/\"},\"wordCount\":909,\"publisher\":{\"@id\":\"https:\\\/\\\/ubirataonline.com.br\\\/#organization\"},\"image\":{\"@id\":\"https:\\\/\\\/ubirataonline.com.br\\\/halbfinale-im-dfb-pokal-triumph-und-tranen-pokal-duelle-zwischen-stuttgart-und-freiburg\\\/#primaryimage\"},\"thumbnailUrl\":\"https:\\\/\\\/ubirataonline.com.br\\\/wp-content\\\/uploads\\\/2026\\\/04\\\/Halbfinale-im-DFB-Pokal-Triumph-und-Tranen-Pokal-Duelle-zwischen-Stuttgart.jpg\",\"keywords\":[\"DFBPokal\",\"Freiburg\",\"Halbfinale\",\"PokalDuelle\",\"Stuttgart\",\"Tr\u00e4nen\",\"triumph\",\"und\",\"zwischen\"],\"articleSection\":[\"Europe\"],\"inLanguage\":\"en-US\",\"copyrightYear\":\"2026\",\"copyrightHolder\":{\"@id\":\"https:\\\/\\\/ubirataonline.com.br\\\/en\\\/#organization\"}},{\"@type\":\"WebPage\",\"@id\":\"https:\\\/\\\/ubirataonline.com.br\\\/halbfinale-im-dfb-pokal-triumph-und-tranen-pokal-duelle-zwischen-stuttgart-und-freiburg\\\/\",\"url\":\"https:\\\/\\\/ubirataonline.com.br\\\/halbfinale-im-dfb-pokal-triumph-und-tranen-pokal-duelle-zwischen-stuttgart-und-freiburg\\\/\",\"name\":\"Halbfinale im DFB-Pokal: Triumph und Tr\u00e4nen - Pokal-Duelle zwischen Stuttgart und Freiburg - Ubirat\u00e3 Online Not\u00edcias - A realidade ao seu alcance!\",\"isPartOf\":{\"@id\":\"https:\\\/\\\/ubirataonline.com.br\\\/#website\"},\"primaryImageOfPage\":{\"@id\":\"https:\\\/\\\/ubirataonline.com.br\\\/halbfinale-im-dfb-pokal-triumph-und-tranen-pokal-duelle-zwischen-stuttgart-und-freiburg\\\/#primaryimage\"},\"image\":{\"@id\":\"https:\\\/\\\/ubirataonline.com.br\\\/halbfinale-im-dfb-pokal-triumph-und-tranen-pokal-duelle-zwischen-stuttgart-und-freiburg\\\/#primaryimage\"},\"thumbnailUrl\":\"https:\\\/\\\/ubirataonline.com.br\\\/wp-content\\\/uploads\\\/2026\\\/04\\\/Halbfinale-im-DFB-Pokal-Triumph-und-Tranen-Pokal-Duelle-zwischen-Stuttgart.jpg\",\"datePublished\":\"2026-04-23T18:15:14+00:00\",\"dateModified\":\"2026-04-23T18:15:21+00:00\",\"description\":\"Stand: 23.04.2026 \u2022 20:01 Uhr Im Halbfinale des DFB-Pokals trifft der VfB Stuttgart am Donnerstag auf den SC Freiburg. Das brisante\",\"breadcrumb\":{\"@id\":\"https:\\\/\\\/ubirataonline.com.br\\\/halbfinale-im-dfb-pokal-triumph-und-tranen-pokal-duelle-zwischen-stuttgart-und-freiburg\\\/#breadcrumb\"},\"inLanguage\":\"en-US\",\"potentialAction\":[{\"@type\":\"ReadAction\",\"target\":[\"https:\\\/\\\/ubirataonline.com.br\\\/halbfinale-im-dfb-pokal-triumph-und-tranen-pokal-duelle-zwischen-stuttgart-und-freiburg\\\/\"]}]},{\"@type\":\"ImageObject\",\"inLanguage\":\"en-US\",\"@id\":\"https:\\\/\\\/ubirataonline.com.br\\\/halbfinale-im-dfb-pokal-triumph-und-tranen-pokal-duelle-zwischen-stuttgart-und-freiburg\\\/#primaryimage\",\"url\":\"https:\\\/\\\/ubirataonline.com.br\\\/wp-content\\\/uploads\\\/2026\\\/04\\\/Halbfinale-im-DFB-Pokal-Triumph-und-Tranen-Pokal-Duelle-zwischen-Stuttgart.jpg\",\"contentUrl\":\"https:\\\/\\\/ubirataonline.com.br\\\/wp-content\\\/uploads\\\/2026\\\/04\\\/Halbfinale-im-DFB-Pokal-Triumph-und-Tranen-Pokal-Duelle-zwischen-Stuttgart.jpg\",\"width\":1280,\"height\":720,\"caption\":\"Halbfinale im DFB-Pokal: Triumph und Tr\u00e4nen - Pokal-Duelle zwischen Stuttgart und Freiburg\"},{\"@type\":\"BreadcrumbList\",\"@id\":\"https:\\\/\\\/ubirataonline.com.br\\\/halbfinale-im-dfb-pokal-triumph-und-tranen-pokal-duelle-zwischen-stuttgart-und-freiburg\\\/#breadcrumb\",\"itemListElement\":[{\"@type\":\"ListItem\",\"position\":1,\"name\":\"In\u00edcio\",\"item\":\"https:\\\/\\\/ubirataonline.com.br\\\/\"},{\"@type\":\"ListItem\",\"position\":2,\"name\":\"Halbfinale im DFB-Pokal: Triumph und Tr\u00e4nen &#8211; Pokal-Duelle zwischen Stuttgart und Freiburg\"}]},{\"@type\":\"WebSite\",\"@id\":\"https:\\\/\\\/ubirataonline.com.br\\\/#website\",\"url\":\"https:\\\/\\\/ubirataonline.com.br\\\/\",\"name\":\"Ubirat\u00e3 Online Not\u00edcias\",\"description\":\"Not\u00edcias de Ubirat\u00e3, regi\u00e3o, Brasil e mundo, com informa\u00e7\u00e3o atualizada e compromisso com o leitor.\",\"publisher\":{\"@id\":\"https:\\\/\\\/ubirataonline.com.br\\\/#organization\"},\"alternateName\":\"Ubirat\u00e3 Online\",\"potentialAction\":[{\"@type\":\"SearchAction\",\"target\":{\"@type\":\"EntryPoint\",\"urlTemplate\":\"https:\\\/\\\/ubirataonline.com.br\\\/?s={search_term_string}\"},\"query-input\":{\"@type\":\"PropertyValueSpecification\",\"valueRequired\":true,\"valueName\":\"search_term_string\"}}],\"inLanguage\":\"en-US\"},{\"@type\":[\"Organization\",\"Place\"],\"@id\":\"https:\\\/\\\/ubirataonline.com.br\\\/#organization\",\"name\":\"Ubirat\u00e3 Online Not\u00edcias\",\"alternateName\":\"Ubirat\u00e3 Online\",\"url\":\"https:\\\/\\\/ubirataonline.com.br\\\/\",\"logo\":{\"@id\":\"https:\\\/\\\/ubirataonline.com.br\\\/halbfinale-im-dfb-pokal-triumph-und-tranen-pokal-duelle-zwischen-stuttgart-und-freiburg\\\/#local-main-organization-logo\"},\"image\":{\"@id\":\"https:\\\/\\\/ubirataonline.com.br\\\/halbfinale-im-dfb-pokal-triumph-und-tranen-pokal-duelle-zwischen-stuttgart-und-freiburg\\\/#local-main-organization-logo\"},\"sameAs\":[\"https:\\\/\\\/www.facebook.com\\\/portalubirataonline\",\"https:\\\/\\\/x.com\\\/ubirataonline\",\"https:\\\/\\\/mastodon.social\\\/@ubirataonline\",\"https:\\\/\\\/www.facebook.com\\\/groups\\\/311144672285604\",\"https:\\\/\\\/www.facebook.com\\\/UBTAOnline\",\"https:\\\/\\\/www.instagram.com\\\/portalubirataonline\\\/\",\"https:\\\/\\\/twitter.com\\\/ubirataonline\"],\"description\":\"Somos um portal de not\u00edcias independente, criado em 5 de janeiro de 2009, com o objetivo de informar, conectar e valorizar a nossa comunidade de Ubirat\u00e3 e toda aregi\u00e3o. Com conte\u00fado atualizado, confi\u00e1vel e relevante, o Ubirat\u00e3 Online \u00e9 o seu espa\u00e7o para ficar por dentro dos principais acontecimentos locais, regionais, Brasil, Mundo e de interesse geral. Nosso compromisso \u00e9 com a verdade, a transpar\u00eancia e o respeito ao leitor.\",\"legalName\":\"UBIRATA ONLINE NOT\u00cdCIAS\",\"foundingDate\":\"2009-01-05\",\"numberOfEmployees\":{\"@type\":\"QuantitativeValue\",\"minValue\":\"1\",\"maxValue\":\"10\"},\"publishingPrinciples\":\"https:\\\/\\\/ubirataonline.com.br\\\/faq\\\/\",\"address\":{\"@id\":\"https:\\\/\\\/ubirataonline.com.br\\\/halbfinale-im-dfb-pokal-triumph-und-tranen-pokal-duelle-zwischen-stuttgart-und-freiburg\\\/#local-main-place-address\"},\"geo\":{\"@type\":\"GeoCoordinates\",\"latitude\":\"-24.5361401\",\"longitude\":\"-52.9921776\"},\"telephone\":[\"+5544998308235\"],\"contactPoint\":{\"@type\":\"ContactPoint\",\"email\":\"contato@ubirataonline.com.br\"},\"openingHoursSpecification\":{\"@type\":\"OpeningHoursSpecification\",\"dayOfWeek\":[\"Monday\",\"Tuesday\",\"Wednesday\",\"Thursday\",\"Friday\",\"Saturday\",\"Sunday\"],\"opens\":\"00:00\",\"closes\":\"23:59\"},\"email\":\"contato@ubirataonline.com.br\",\"vatID\":\"47.621.418\\\/0001-80\"},{\"@type\":\"Person\",\"@id\":\"https:\\\/\\\/ubirataonline.com.br\\\/#\\\/schema\\\/person\\\/372f87bbd3fdd79b8556b84c98d0bc1c\",\"name\":\"REDA\u00c7\u00c3O: UBIRAT\u00c3 ONLINE - F\u00c1BIO AUGUSTO CELESTINO\",\"pronouns\":\"Ele\",\"description\":\"Desde 2003 trabalhando com not\u00edcias.\",\"sameAs\":[\"http:\\\/\\\/ubirataoline.com.br\",\"https:\\\/\\\/www.facebook.com\\\/portalubirataonline\",\"https:\\\/\\\/www.instagram.com\\\/ubirataonline_oficial\",\"https:\\\/\\\/x.com\\\/x.com\\\/ubirataonline\"],\"honorificPrefix\":\"Mr.\",\"honorificSuffix\":\"MD\",\"birthDate\":\"1980-06-16\",\"gender\":\"masculino\",\"award\":[\"V\u00e1rios pr\u00eamios de melhor portal da cidade\"],\"jobTitle\":\"Diretor\",\"url\":\"https:\\\/\\\/ubirataonline.com.br\\\/en\\\/author\\\/ubirataonline\\\/\"},{\"@type\":\"PostalAddress\",\"@id\":\"https:\\\/\\\/ubirataonline.com.br\\\/halbfinale-im-dfb-pokal-triumph-und-tranen-pokal-duelle-zwischen-stuttgart-und-freiburg\\\/#local-main-place-address\",\"streetAddress\":\"Rua dos Coqueiros, 104 - Bairro Boa Vista, Rua dos Coqueiros, 104 Bairro Boa Vista\",\"addressLocality\":\"UBIRATA\",\"postalCode\":\"85440-000\",\"addressRegion\":\"PR\",\"addressCountry\":\"BR\"},{\"@type\":\"ImageObject\",\"inLanguage\":\"en-US\",\"@id\":\"https:\\\/\\\/ubirataonline.com.br\\\/halbfinale-im-dfb-pokal-triumph-und-tranen-pokal-duelle-zwischen-stuttgart-und-freiburg\\\/#local-main-organization-logo\",\"url\":\"https:\\\/\\\/ubirataonline.com.br\\\/wp-content\\\/uploads\\\/2026\\\/06\\\/logoubirataonline-1.webp\",\"contentUrl\":\"https:\\\/\\\/ubirataonline.com.br\\\/wp-content\\\/uploads\\\/2026\\\/06\\\/logoubirataonline-1.webp\",\"width\":500,\"height\":500,\"caption\":\"Ubirat\u00e3 Online Not\u00edcias\"}]}<\/script>\n<meta name=\"geo.placename\" content=\"UBIRATA\" \/>\n<meta name=\"geo.position\" content=\"-24.5361401;-52.9921776\" \/>\n<meta name=\"geo.region\" content=\"Brazil\" \/>\n<!-- \/ Yoast SEO Premium plugin. -->","yoast_head_json":{"title":"Halbfinale im DFB-Pokal: Triumph und Tr\u00e4nen - Pokal-Duelle zwischen Stuttgart und Freiburg - Ubirat\u00e3 Online Not\u00edcias - A realidade ao seu alcance!","description":"Stand: 23.04.2026 \u2022 20:01 Uhr Im Halbfinale des DFB-Pokals trifft der VfB Stuttgart am Donnerstag auf den SC Freiburg. Das brisante","robots":{"index":"index","follow":"follow","max-snippet":"max-snippet:-1","max-image-preview":"max-image-preview:large","max-video-preview":"max-video-preview:-1"},"canonical":"https:\/\/ubirataonline.com.br\/en\/halbfinale-im-dfb-pokal-triumph-und-tranen-pokal-duelle-zwischen-stuttgart-und-freiburg\/","og_locale":"en_US","og_type":"article","og_title":"Halbfinale im DFB-Pokal: Triumph und Tr\u00e4nen - Pokal-Duelle zwischen Stuttgart und Freiburg","og_description":"Stand: 23.04.2026 \u2022 20:01 Uhr Im Halbfinale des DFB-Pokals trifft der VfB Stuttgart am Donnerstag auf den SC Freiburg. Das brisante","og_url":"https:\/\/ubirataonline.com.br\/en\/halbfinale-im-dfb-pokal-triumph-und-tranen-pokal-duelle-zwischen-stuttgart-und-freiburg\/","og_site_name":"Ubirat\u00e3 Online Not\u00edcias - A realidade ao seu alcance!","article_publisher":"https:\/\/www.facebook.com\/portalubirataonline","article_author":"https:\/\/www.facebook.com\/portalubirataonline","article_published_time":"2026-04-23T18:15:14+00:00","article_modified_time":"2026-04-23T18:15:21+00:00","og_image":[{"width":1280,"height":720,"url":"https:\/\/ubirataonline.com.br\/wp-content\/uploads\/2026\/04\/Halbfinale-im-DFB-Pokal-Triumph-und-Tranen-Pokal-Duelle-zwischen-Stuttgart.jpg","type":"image\/jpeg"}],"author":"REDA\u00c7\u00c3O: UBIRAT\u00c3 ONLINE - F\u00c1BIO AUGUSTO CELESTINO","twitter_card":"summary_large_image","twitter_creator":"@x.com\/ubirataonline","twitter_site":"@ubirataonline","twitter_misc":{"Written by":"REDA\u00c7\u00c3O: UBIRAT\u00c3 ONLINE - F\u00c1BIO AUGUSTO CELESTINO","Est. reading time":"4 minutes"},"schema":{"@context":"https:\/\/schema.org","@graph":[{"@type":"NewsArticle","@id":"https:\/\/ubirataonline.com.br\/halbfinale-im-dfb-pokal-triumph-und-tranen-pokal-duelle-zwischen-stuttgart-und-freiburg\/#article","isPartOf":{"@id":"https:\/\/ubirataonline.com.br\/halbfinale-im-dfb-pokal-triumph-und-tranen-pokal-duelle-zwischen-stuttgart-und-freiburg\/"},"author":{"name":"REDA\u00c7\u00c3O: UBIRAT\u00c3 ONLINE - F\u00c1BIO AUGUSTO CELESTINO","@id":"https:\/\/ubirataonline.com.br\/#\/schema\/person\/372f87bbd3fdd79b8556b84c98d0bc1c"},"headline":"Halbfinale im DFB-Pokal: Triumph und Tr\u00e4nen &#8211; Pokal-Duelle zwischen Stuttgart und Freiburg","datePublished":"2026-04-23T18:15:14+00:00","dateModified":"2026-04-23T18:15:21+00:00","mainEntityOfPage":{"@id":"https:\/\/ubirataonline.com.br\/halbfinale-im-dfb-pokal-triumph-und-tranen-pokal-duelle-zwischen-stuttgart-und-freiburg\/"},"wordCount":909,"publisher":{"@id":"https:\/\/ubirataonline.com.br\/#organization"},"image":{"@id":"https:\/\/ubirataonline.com.br\/halbfinale-im-dfb-pokal-triumph-und-tranen-pokal-duelle-zwischen-stuttgart-und-freiburg\/#primaryimage"},"thumbnailUrl":"https:\/\/ubirataonline.com.br\/wp-content\/uploads\/2026\/04\/Halbfinale-im-DFB-Pokal-Triumph-und-Tranen-Pokal-Duelle-zwischen-Stuttgart.jpg","keywords":["DFBPokal","Freiburg","Halbfinale","PokalDuelle","Stuttgart","Tr\u00e4nen","triumph","und","zwischen"],"articleSection":["Europe"],"inLanguage":"en-US","copyrightYear":"2026","copyrightHolder":{"@id":"https:\/\/ubirataonline.com.br\/en\/#organization"}},{"@type":"WebPage","@id":"https:\/\/ubirataonline.com.br\/halbfinale-im-dfb-pokal-triumph-und-tranen-pokal-duelle-zwischen-stuttgart-und-freiburg\/","url":"https:\/\/ubirataonline.com.br\/halbfinale-im-dfb-pokal-triumph-und-tranen-pokal-duelle-zwischen-stuttgart-und-freiburg\/","name":"Halbfinale im DFB-Pokal: Triumph und Tr\u00e4nen - Pokal-Duelle zwischen Stuttgart und Freiburg - Ubirat\u00e3 Online Not\u00edcias - A realidade ao seu alcance!","isPartOf":{"@id":"https:\/\/ubirataonline.com.br\/#website"},"primaryImageOfPage":{"@id":"https:\/\/ubirataonline.com.br\/halbfinale-im-dfb-pokal-triumph-und-tranen-pokal-duelle-zwischen-stuttgart-und-freiburg\/#primaryimage"},"image":{"@id":"https:\/\/ubirataonline.com.br\/halbfinale-im-dfb-pokal-triumph-und-tranen-pokal-duelle-zwischen-stuttgart-und-freiburg\/#primaryimage"},"thumbnailUrl":"https:\/\/ubirataonline.com.br\/wp-content\/uploads\/2026\/04\/Halbfinale-im-DFB-Pokal-Triumph-und-Tranen-Pokal-Duelle-zwischen-Stuttgart.jpg","datePublished":"2026-04-23T18:15:14+00:00","dateModified":"2026-04-23T18:15:21+00:00","description":"Stand: 23.04.2026 \u2022 20:01 Uhr Im Halbfinale des DFB-Pokals trifft der VfB Stuttgart am Donnerstag auf den SC Freiburg. Das brisante","breadcrumb":{"@id":"https:\/\/ubirataonline.com.br\/halbfinale-im-dfb-pokal-triumph-und-tranen-pokal-duelle-zwischen-stuttgart-und-freiburg\/#breadcrumb"},"inLanguage":"en-US","potentialAction":[{"@type":"ReadAction","target":["https:\/\/ubirataonline.com.br\/halbfinale-im-dfb-pokal-triumph-und-tranen-pokal-duelle-zwischen-stuttgart-und-freiburg\/"]}]},{"@type":"ImageObject","inLanguage":"en-US","@id":"https:\/\/ubirataonline.com.br\/halbfinale-im-dfb-pokal-triumph-und-tranen-pokal-duelle-zwischen-stuttgart-und-freiburg\/#primaryimage","url":"https:\/\/ubirataonline.com.br\/wp-content\/uploads\/2026\/04\/Halbfinale-im-DFB-Pokal-Triumph-und-Tranen-Pokal-Duelle-zwischen-Stuttgart.jpg","contentUrl":"https:\/\/ubirataonline.com.br\/wp-content\/uploads\/2026\/04\/Halbfinale-im-DFB-Pokal-Triumph-und-Tranen-Pokal-Duelle-zwischen-Stuttgart.jpg","width":1280,"height":720,"caption":"Halbfinale im DFB-Pokal: Triumph und Tr\u00e4nen - Pokal-Duelle zwischen Stuttgart und Freiburg"},{"@type":"BreadcrumbList","@id":"https:\/\/ubirataonline.com.br\/halbfinale-im-dfb-pokal-triumph-und-tranen-pokal-duelle-zwischen-stuttgart-und-freiburg\/#breadcrumb","itemListElement":[{"@type":"ListItem","position":1,"name":"In\u00edcio","item":"https:\/\/ubirataonline.com.br\/"},{"@type":"ListItem","position":2,"name":"Halbfinale im DFB-Pokal: Triumph und Tr\u00e4nen &#8211; Pokal-Duelle zwischen Stuttgart und Freiburg"}]},{"@type":"WebSite","@id":"https:\/\/ubirataonline.com.br\/#website","url":"https:\/\/ubirataonline.com.br\/","name":"Ubirat\u00e3 Online Not\u00edcias","description":"Not\u00edcias de Ubirat\u00e3, regi\u00e3o, Brasil e mundo, com informa\u00e7\u00e3o atualizada e compromisso com o leitor.","publisher":{"@id":"https:\/\/ubirataonline.com.br\/#organization"},"alternateName":"Ubirat\u00e3 Online","potentialAction":[{"@type":"SearchAction","target":{"@type":"EntryPoint","urlTemplate":"https:\/\/ubirataonline.com.br\/?s={search_term_string}"},"query-input":{"@type":"PropertyValueSpecification","valueRequired":true,"valueName":"search_term_string"}}],"inLanguage":"en-US"},{"@type":["Organization","Place"],"@id":"https:\/\/ubirataonline.com.br\/#organization","name":"Ubirat\u00e3 Online Not\u00edcias","alternateName":"Ubirat\u00e3 Online","url":"https:\/\/ubirataonline.com.br\/","logo":{"@id":"https:\/\/ubirataonline.com.br\/halbfinale-im-dfb-pokal-triumph-und-tranen-pokal-duelle-zwischen-stuttgart-und-freiburg\/#local-main-organization-logo"},"image":{"@id":"https:\/\/ubirataonline.com.br\/halbfinale-im-dfb-pokal-triumph-und-tranen-pokal-duelle-zwischen-stuttgart-und-freiburg\/#local-main-organization-logo"},"sameAs":["https:\/\/www.facebook.com\/portalubirataonline","https:\/\/x.com\/ubirataonline","https:\/\/mastodon.social\/@ubirataonline","https:\/\/www.facebook.com\/groups\/311144672285604","https:\/\/www.facebook.com\/UBTAOnline","https:\/\/www.instagram.com\/portalubirataonline\/","https:\/\/twitter.com\/ubirataonline"],"description":"Somos um portal de not\u00edcias independente, criado em 5 de janeiro de 2009, com o objetivo de informar, conectar e valorizar a nossa comunidade de Ubirat\u00e3 e toda aregi\u00e3o. Com conte\u00fado atualizado, confi\u00e1vel e relevante, o Ubirat\u00e3 Online \u00e9 o seu espa\u00e7o para ficar por dentro dos principais acontecimentos locais, regionais, Brasil, Mundo e de interesse geral. Nosso compromisso \u00e9 com a verdade, a transpar\u00eancia e o respeito ao leitor.","legalName":"UBIRATA ONLINE NOT\u00cdCIAS","foundingDate":"2009-01-05","numberOfEmployees":{"@type":"QuantitativeValue","minValue":"1","maxValue":"10"},"publishingPrinciples":"https:\/\/ubirataonline.com.br\/faq\/","address":{"@id":"https:\/\/ubirataonline.com.br\/halbfinale-im-dfb-pokal-triumph-und-tranen-pokal-duelle-zwischen-stuttgart-und-freiburg\/#local-main-place-address"},"geo":{"@type":"GeoCoordinates","latitude":"-24.5361401","longitude":"-52.9921776"},"telephone":["+5544998308235"],"contactPoint":{"@type":"ContactPoint","email":"contato@ubirataonline.com.br"},"openingHoursSpecification":{"@type":"OpeningHoursSpecification","dayOfWeek":["Monday","Tuesday","Wednesday","Thursday","Friday","Saturday","Sunday"],"opens":"00:00","closes":"23:59"},"email":"contato@ubirataonline.com.br","vatID":"47.621.418\/0001-80"},{"@type":"Person","@id":"https:\/\/ubirataonline.com.br\/#\/schema\/person\/372f87bbd3fdd79b8556b84c98d0bc1c","name":"REDA\u00c7\u00c3O: UBIRAT\u00c3 ONLINE - F\u00c1BIO AUGUSTO CELESTINO","pronouns":"Ele","description":"Desde 2003 trabalhando com not\u00edcias.","sameAs":["http:\/\/ubirataoline.com.br","https:\/\/www.facebook.com\/portalubirataonline","https:\/\/www.instagram.com\/ubirataonline_oficial","https:\/\/x.com\/x.com\/ubirataonline"],"honorificPrefix":"Mr.","honorificSuffix":"MD","birthDate":"1980-06-16","gender":"masculino","award":["V\u00e1rios pr\u00eamios de melhor portal da cidade"],"jobTitle":"Diretor","url":"https:\/\/ubirataonline.com.br\/en\/author\/ubirataonline\/"},{"@type":"PostalAddress","@id":"https:\/\/ubirataonline.com.br\/halbfinale-im-dfb-pokal-triumph-und-tranen-pokal-duelle-zwischen-stuttgart-und-freiburg\/#local-main-place-address","streetAddress":"Rua dos Coqueiros, 104 - Bairro Boa Vista, Rua dos Coqueiros, 104 Bairro Boa Vista","addressLocality":"UBIRATA","postalCode":"85440-000","addressRegion":"PR","addressCountry":"BR"},{"@type":"ImageObject","inLanguage":"en-US","@id":"https:\/\/ubirataonline.com.br\/halbfinale-im-dfb-pokal-triumph-und-tranen-pokal-duelle-zwischen-stuttgart-und-freiburg\/#local-main-organization-logo","url":"https:\/\/ubirataonline.com.br\/wp-content\/uploads\/2026\/06\/logoubirataonline-1.webp","contentUrl":"https:\/\/ubirataonline.com.br\/wp-content\/uploads\/2026\/06\/logoubirataonline-1.webp","width":500,"height":500,"caption":"Ubirat\u00e3 Online Not\u00edcias"}]},"geo.placename":"UBIRATA","geo.position":{"lat":"-24.5361401","long":"-52.9921776"},"geo.region":"Brazil"},"_links":{"self":[{"href":"https:\/\/ubirataonline.com.br\/en\/wp-json\/wp\/v2\/posts\/113348","targetHints":{"allow":["GET"]}}],"collection":[{"href":"https:\/\/ubirataonline.com.br\/en\/wp-json\/wp\/v2\/posts"}],"about":[{"href":"https:\/\/ubirataonline.com.br\/en\/wp-json\/wp\/v2\/types\/post"}],"author":[{"embeddable":true,"href":"https:\/\/ubirataonline.com.br\/en\/wp-json\/wp\/v2\/users\/1"}],"replies":[{"embeddable":true,"href":"https:\/\/ubirataonline.com.br\/en\/wp-json\/wp\/v2\/comments?post=113348"}],"version-history":[{"count":0,"href":"https:\/\/ubirataonline.com.br\/en\/wp-json\/wp\/v2\/posts\/113348\/revisions"}],"wp:featuredmedia":[{"embeddable":true,"href":"https:\/\/ubirataonline.com.br\/en\/wp-json\/wp\/v2\/media\/113349"}],"wp:attachment":[{"href":"https:\/\/ubirataonline.com.br\/en\/wp-json\/wp\/v2\/media?parent=113348"}],"wp:term":[{"taxonomy":"category","embeddable":true,"href":"https:\/\/ubirataonline.com.br\/en\/wp-json\/wp\/v2\/categories?post=113348"},{"taxonomy":"post_tag","embeddable":true,"href":"https:\/\/ubirataonline.com.br\/en\/wp-json\/wp\/v2\/tags?post=113348"}],"curies":[{"name":"wp","href":"https:\/\/api.w.org\/{rel}","templated":true}]}}