{"id":113351,"date":"2026-04-23T15:35:12","date_gmt":"2026-04-23T18:35:12","guid":{"rendered":"https:\/\/ubirataonline.com.br\/meta-will-cut-10-of-workforce-as-it-pushes-more-into-ai\/"},"modified":"2026-04-23T15:35:30","modified_gmt":"2026-04-23T18:35:30","slug":"meta-will-cut-10-of-workforce-as-it-pushes-more-into-ai","status":"publish","type":"post","link":"https:\/\/ubirataonline.com.br\/en\/meta-will-cut-10-of-workforce-as-it-pushes-more-into-ai\/","title":{"rendered":"Meta will cut 10% of workforce as it pushes more into AI"},"content":{"rendered":"<p><br \/>\n<\/p>\n<div id=\"RegularArticle-ArticleBody-5\" data-module=\"ArticleBody\" data-test=\"articleBody-2\" data-analytics=\"RegularArticle-articleBody-5-2\"><span class=\"HighlightShare-hidden\" style=\"top:0;left:0\"\/><\/p>\n<div class=\"InlineImage-imageEmbed\" id=\"ArticleBody-InlineImage-108267283\" data-test=\"InlineImage\">\n<div class=\"InlineImage-wrapper\">\n<div>\n<p>Meta CEO Mark Zuckerberg leaves the Federal Courthouse in downtown Los Angeles after defending the company in a landmark social media addiction trial in Los Angeles, United States, on February 19, 2026.<\/p>\n<p>Jon Putman | Anadolu | Getty Images<\/p>\n<\/div>\n<\/div>\n<\/div>\n<div class=\"group\">\n<p><span class=\"QuoteInBody-quoteNameContainer\" data-test=\"QuoteInBody\" id=\"RegularArticle-QuoteInBody-1\"><a href=\"https:\/\/www.cnbc.com\/quotes\/META\/\">Meta<\/a><span class=\"QuoteInBody-inlineButton\"><span class=\"AddToWatchlistButton-watchlistContainer\" id=\"-WatchlistDropdown\" data-analytics-id=\"-WatchlistDropdown\"><button class=\"AddToWatchlistButton-watchlistButton\" aria-label=\"Add To Watchlist\" data-testid=\"dropdown-btn\"><span class=\"AddToWatchlistButton-addWatchListFromTag\"\/><\/button><\/span><\/span><\/span> will lay off 10% of its workforce, equating to about 8,000 employees, as it continues investing heavily into artificial intelligence, the company confirmed on Thursday.<\/p>\n<p>The social media giant will initiate the job cuts on May 20, and is scrapping plans to hire people for 6,000 open roles, according to a Thursday memo to employees that Bloomberg News first <a href=\"https:\/\/www.bloomberg.com\/news\/articles\/2026-04-23\/meta-tells-staff-it-will-cut-10-of-jobs-in-push-for-efficiency\" target=\"_blank\">reported<\/a> on. <\/p>\n<p>Meta&#8217;s latest planned round of layoffs follow several smaller job reductions that the company has characterized as necessary to improve efficiency while focusing its efforts on generative AI where it faces tough competition from rivals like OpenAI, Google and Anthropic. <\/p>\n<p>The tech giant fired roughly 10% of staff who focus on <a href=\"https:\/\/www.cnbc.com\/2026\/01\/13\/meta-lays-off-vr-employees-underscoring-zuckerbergs-pivot-to-ai.html\">metaverse-related virtual reality projects<\/a> stemming from its Reality Labs unit, CNBC reported in January. Roughly 1,000 people in the company&#8217;s Reality Labs unit were let go at that time, and affected staff working on the company&#8217;s Quest-branded VR headsets, VR content studios and the <a href=\"https:\/\/www.cnbc.com\/2026\/01\/24\/metas-reality-labs-cuts-sparked-fears-of-a-vr-winter.html\">Horizon Worlds virtual social network<\/a>.\u00a0<\/p>\n<p>Another round of layoffs <a href=\"https:\/\/www.cnbc.com\/2026\/03\/25\/meta-layoffs-reality-labs-facebook.html\">commenced<\/a> in March and affected hundreds of employees working in a variety of units, including Facebook, Reality Labs, global operations and sales. Meta also said that month that it would shift away from <a href=\"https:\/\/www.cnbc.com\/2026\/03\/19\/meta-cut-back-third-party-vendors-favor-of-ai-for-content-enforcement.html\">third-party vendors and contractors<\/a>, which have historically handled content moderation tasks, in favor of relying on various AI technologies.<\/p>\n<p>Earlier this week, Meta <a href=\"https:\/\/www.cnbc.com\/2026\/04\/22\/meta-tracks-employee-usage-on-google-linkedin-ai-training-project.html\">revealed<\/a> to staff that a new employee tracking tool called the Model Capability Initiative (MCI), intended to capture data from staff members using their work computers. The data, which includes employee keystrokes and mouse clicks, is needed to train AI agents, a Meta spokesperson said in a statement.<\/p>\n<p>&#8220;If we&#8217;re building agents to help people complete everyday tasks using computers, our models need real examples of how people\u00a0<em>actually<\/em>\u00a0use them \u2014 things like mouse movements, clicking buttons, and navigating dropdown menus,&#8221; the spokesperson said. &#8220;To help, we&#8217;re launching an internal tool that will capture these kinds of inputs on certain applications to help us train our models. There are safeguards in place to protect sensitive content, and the data is not used for any other purpose.&#8221;<\/p>\n<p>Meta will report first-quarter earnings next Wednesday on April 29.<\/p>\n<p>Meta shares are down about 2.4% in midday trading to $658.40.<\/p>\n<p><strong>This is breaking news.<\/strong> <\/p>\n<p><strong>WATCH<\/strong>: <a href=\"https:\/\/www.cnbc.com\/video\/2026\/04\/20\/strategist-ai-arms-race-will-continue-to-drive-capex-spend-higher.html\">Despite the energy shock, AI arms race set to keep capex spending elevated<\/a>.<\/p>\n<\/div>\n<div role=\"region\" aria-labelledby=\"Placeholder-ArticleBody-Video-108293709\">\n<div role=\"button\" tabindex=\"0\" id=\"Placeholder-ArticleBody-Video-108293709\" class=\"PlaceHolder-wrapper\" data-vilynx-id=\"7000410180\" data-test=\"VideoPlaceHolder\">\n<div class=\"InlineVideo-videoEmbed\" id=\"InlineVideo-0\" data-test=\"InlineVideo\">\n<div class=\"InlineVideo-wrapper\">\n<div class=\"InlineVideo-inlineThumbnailContainer\"><span class=\"InlineVideo-videoButton\"\/><span\/><\/div>\n<\/div>\n<\/div>\n<\/div>\n<\/div>\n<div class=\"ArticleBody-googlePreferredSourceContainer\" data-module=\"GooglePreferredSource\" data-id=\"RegularArticle-GooglePreferredSource-5\"><a href=\"https:\/\/www.google.com\/preferences\/source?q=https:\/\/www.cnbc.com\/\" target=\"_blank\" rel=\"noopener noreferrer\">Choose CNBC as your preferred source on Google and never miss a moment from the most trusted name in business news.<\/a><\/div>\n<\/div>\n<p><br \/>\n<br \/><a href=\"https:\/\/www.cnbc.com\/2026\/04\/23\/meta-will-cut-10percent-of-workforce-as-it-pushes-more-into-ai.html\">Source link <\/a><\/p>","protected":false},"excerpt":{"rendered":"<p>Meta CEO Mark Zuckerberg leaves the Federal Courthouse in downtown Los Angeles after defending the company in a landmark social media addiction trial in Los Angeles, United States, on February 19, 2026. Jon Putman | Anadolu | Getty Images Meta will lay off 10% of its workforce, equating to about 8,000 employees, as it continues [&hellip;]<\/p>\n","protected":false},"author":1,"featured_media":113352,"comment_status":"closed","ping_status":"","sticky":false,"template":"","format":"standard","meta":{"googlesitekit_rrm_CAow2JLhCw:productID":"","_gspb_post_css":"","maa_idioma":"","maa_pais":"","footnotes":""},"categories":[2725],"tags":[5317,8414,8314,23346],"class_list":["post-113351","post","type-post","status-publish","format-standard","has-post-thumbnail","hentry","category-europe","tag-cut","tag-meta","tag-pushes","tag-workforce"],"blocksy_meta":[],"yoast_head":"<!-- This site is optimized with the Yoast SEO Premium plugin v27.6 (Yoast SEO v27.6) - https:\/\/yoast.com\/product\/yoast-seo-premium-wordpress\/ -->\n<title>Meta will cut 10% of workforce as it pushes more into AI - Ubirat\u00e3 Online Not\u00edcias - A realidade ao seu alcance!<\/title>\n<meta name=\"description\" content=\"Meta CEO Mark Zuckerberg leaves the Federal Courthouse in downtown Los Angeles after defending the company in a landmark social media addiction trial in\" \/>\n<meta name=\"robots\" content=\"index, follow, max-snippet:-1, max-image-preview:large, max-video-preview:-1\" \/>\n<link rel=\"canonical\" href=\"https:\/\/ubirataonline.com.br\/en\/meta-will-cut-10-of-workforce-as-it-pushes-more-into-ai\/\" \/>\n<meta property=\"og:locale\" content=\"en_US\" \/>\n<meta property=\"og:type\" content=\"article\" \/>\n<meta property=\"og:title\" content=\"Meta will cut 10% of workforce as it pushes more into AI\" \/>\n<meta property=\"og:description\" content=\"Meta CEO Mark Zuckerberg leaves the Federal Courthouse in downtown Los Angeles after defending the company in a landmark social media addiction trial in\" \/>\n<meta property=\"og:url\" content=\"https:\/\/ubirataonline.com.br\/en\/meta-will-cut-10-of-workforce-as-it-pushes-more-into-ai\/\" \/>\n<meta property=\"og:site_name\" content=\"Ubirat\u00e3 Online Not\u00edcias - A realidade ao seu alcance!\" \/>\n<meta property=\"article:publisher\" content=\"https:\/\/www.facebook.com\/portalubirataonline\" \/>\n<meta property=\"article:author\" content=\"https:\/\/www.facebook.com\/portalubirataonline\" \/>\n<meta property=\"article:published_time\" content=\"2026-04-23T18:35:12+00:00\" \/>\n<meta property=\"article:modified_time\" content=\"2026-04-23T18:35:30+00:00\" \/>\n<meta property=\"og:image\" content=\"https:\/\/ubirataonline.com.br\/wp-content\/uploads\/2026\/04\/Meta-will-cut-10-of-workforce-as-it-pushes-more.jpeg\" \/>\n\t<meta property=\"og:image:width\" content=\"1920\" \/>\n\t<meta property=\"og:image:height\" content=\"1080\" \/>\n\t<meta property=\"og:image:type\" content=\"image\/jpeg\" \/>\n<meta name=\"author\" content=\"REDA\u00c7\u00c3O: UBIRAT\u00c3 ONLINE - F\u00c1BIO AUGUSTO CELESTINO\" \/>\n<meta name=\"twitter:card\" content=\"summary_large_image\" \/>\n<meta name=\"twitter:creator\" content=\"@x.com\/ubirataonline\" \/>\n<meta name=\"twitter:site\" content=\"@ubirataonline\" \/>\n<meta name=\"twitter:label1\" content=\"Written by\" \/>\n\t<meta name=\"twitter:data1\" content=\"REDA\u00c7\u00c3O: UBIRAT\u00c3 ONLINE - F\u00c1BIO AUGUSTO CELESTINO\" \/>\n\t<meta name=\"twitter:label2\" content=\"Est. reading time\" \/>\n\t<meta name=\"twitter:data2\" content=\"2 minutes\" \/>\n<script type=\"application\/ld+json\" class=\"yoast-schema-graph\">{\"@context\":\"https:\\\/\\\/schema.org\",\"@graph\":[{\"@type\":\"NewsArticle\",\"@id\":\"https:\\\/\\\/ubirataonline.com.br\\\/meta-will-cut-10-of-workforce-as-it-pushes-more-into-ai\\\/#article\",\"isPartOf\":{\"@id\":\"https:\\\/\\\/ubirataonline.com.br\\\/meta-will-cut-10-of-workforce-as-it-pushes-more-into-ai\\\/\"},\"author\":{\"name\":\"REDA\u00c7\u00c3O: UBIRAT\u00c3 ONLINE - F\u00c1BIO AUGUSTO CELESTINO\",\"@id\":\"https:\\\/\\\/ubirataonline.com.br\\\/#\\\/schema\\\/person\\\/372f87bbd3fdd79b8556b84c98d0bc1c\"},\"headline\":\"Meta will cut 10% of workforce as it pushes more into AI\",\"datePublished\":\"2026-04-23T18:35:12+00:00\",\"dateModified\":\"2026-04-23T18:35:30+00:00\",\"mainEntityOfPage\":{\"@id\":\"https:\\\/\\\/ubirataonline.com.br\\\/meta-will-cut-10-of-workforce-as-it-pushes-more-into-ai\\\/\"},\"wordCount\":454,\"publisher\":{\"@id\":\"https:\\\/\\\/ubirataonline.com.br\\\/#organization\"},\"image\":{\"@id\":\"https:\\\/\\\/ubirataonline.com.br\\\/meta-will-cut-10-of-workforce-as-it-pushes-more-into-ai\\\/#primaryimage\"},\"thumbnailUrl\":\"https:\\\/\\\/ubirataonline.com.br\\\/wp-content\\\/uploads\\\/2026\\\/04\\\/Meta-will-cut-10-of-workforce-as-it-pushes-more.jpeg\",\"keywords\":[\"cut\",\"meta\",\"pushes\",\"workforce\"],\"articleSection\":[\"Europe\"],\"inLanguage\":\"en-US\",\"copyrightYear\":\"2026\",\"copyrightHolder\":{\"@id\":\"https:\\\/\\\/ubirataonline.com.br\\\/en\\\/#organization\"}},{\"@type\":\"WebPage\",\"@id\":\"https:\\\/\\\/ubirataonline.com.br\\\/meta-will-cut-10-of-workforce-as-it-pushes-more-into-ai\\\/\",\"url\":\"https:\\\/\\\/ubirataonline.com.br\\\/meta-will-cut-10-of-workforce-as-it-pushes-more-into-ai\\\/\",\"name\":\"Meta will cut 10% of workforce as it pushes more into AI - Ubirat\u00e3 Online Not\u00edcias - A realidade ao seu alcance!\",\"isPartOf\":{\"@id\":\"https:\\\/\\\/ubirataonline.com.br\\\/#website\"},\"primaryImageOfPage\":{\"@id\":\"https:\\\/\\\/ubirataonline.com.br\\\/meta-will-cut-10-of-workforce-as-it-pushes-more-into-ai\\\/#primaryimage\"},\"image\":{\"@id\":\"https:\\\/\\\/ubirataonline.com.br\\\/meta-will-cut-10-of-workforce-as-it-pushes-more-into-ai\\\/#primaryimage\"},\"thumbnailUrl\":\"https:\\\/\\\/ubirataonline.com.br\\\/wp-content\\\/uploads\\\/2026\\\/04\\\/Meta-will-cut-10-of-workforce-as-it-pushes-more.jpeg\",\"datePublished\":\"2026-04-23T18:35:12+00:00\",\"dateModified\":\"2026-04-23T18:35:30+00:00\",\"description\":\"Meta CEO Mark Zuckerberg leaves the Federal Courthouse in downtown Los Angeles after defending the company in a landmark social media addiction trial in\",\"breadcrumb\":{\"@id\":\"https:\\\/\\\/ubirataonline.com.br\\\/meta-will-cut-10-of-workforce-as-it-pushes-more-into-ai\\\/#breadcrumb\"},\"inLanguage\":\"en-US\",\"potentialAction\":[{\"@type\":\"ReadAction\",\"target\":[\"https:\\\/\\\/ubirataonline.com.br\\\/meta-will-cut-10-of-workforce-as-it-pushes-more-into-ai\\\/\"]}]},{\"@type\":\"ImageObject\",\"inLanguage\":\"en-US\",\"@id\":\"https:\\\/\\\/ubirataonline.com.br\\\/meta-will-cut-10-of-workforce-as-it-pushes-more-into-ai\\\/#primaryimage\",\"url\":\"https:\\\/\\\/ubirataonline.com.br\\\/wp-content\\\/uploads\\\/2026\\\/04\\\/Meta-will-cut-10-of-workforce-as-it-pushes-more.jpeg\",\"contentUrl\":\"https:\\\/\\\/ubirataonline.com.br\\\/wp-content\\\/uploads\\\/2026\\\/04\\\/Meta-will-cut-10-of-workforce-as-it-pushes-more.jpeg\",\"width\":1920,\"height\":1080,\"caption\":\"Meta will cut 10% of workforce as it pushes more into AI\"},{\"@type\":\"BreadcrumbList\",\"@id\":\"https:\\\/\\\/ubirataonline.com.br\\\/meta-will-cut-10-of-workforce-as-it-pushes-more-into-ai\\\/#breadcrumb\",\"itemListElement\":[{\"@type\":\"ListItem\",\"position\":1,\"name\":\"In\u00edcio\",\"item\":\"https:\\\/\\\/ubirataonline.com.br\\\/\"},{\"@type\":\"ListItem\",\"position\":2,\"name\":\"Meta will cut 10% of workforce as it pushes more into AI\"}]},{\"@type\":\"WebSite\",\"@id\":\"https:\\\/\\\/ubirataonline.com.br\\\/#website\",\"url\":\"https:\\\/\\\/ubirataonline.com.br\\\/\",\"name\":\"Ubirat\u00e3 Online Not\u00edcias\",\"description\":\"Not\u00edcias de Ubirat\u00e3, regi\u00e3o, Brasil e mundo, com informa\u00e7\u00e3o atualizada e compromisso com o leitor.\",\"publisher\":{\"@id\":\"https:\\\/\\\/ubirataonline.com.br\\\/#organization\"},\"alternateName\":\"Ubirat\u00e3 Online\",\"potentialAction\":[{\"@type\":\"SearchAction\",\"target\":{\"@type\":\"EntryPoint\",\"urlTemplate\":\"https:\\\/\\\/ubirataonline.com.br\\\/?s={search_term_string}\"},\"query-input\":{\"@type\":\"PropertyValueSpecification\",\"valueRequired\":true,\"valueName\":\"search_term_string\"}}],\"inLanguage\":\"en-US\"},{\"@type\":[\"Organization\",\"Place\"],\"@id\":\"https:\\\/\\\/ubirataonline.com.br\\\/#organization\",\"name\":\"Ubirat\u00e3 Online Not\u00edcias\",\"alternateName\":\"Ubirat\u00e3 Online\",\"url\":\"https:\\\/\\\/ubirataonline.com.br\\\/\",\"logo\":{\"@id\":\"https:\\\/\\\/ubirataonline.com.br\\\/meta-will-cut-10-of-workforce-as-it-pushes-more-into-ai\\\/#local-main-organization-logo\"},\"image\":{\"@id\":\"https:\\\/\\\/ubirataonline.com.br\\\/meta-will-cut-10-of-workforce-as-it-pushes-more-into-ai\\\/#local-main-organization-logo\"},\"sameAs\":[\"https:\\\/\\\/www.facebook.com\\\/portalubirataonline\",\"https:\\\/\\\/x.com\\\/ubirataonline\",\"https:\\\/\\\/mastodon.social\\\/@ubirataonline\",\"https:\\\/\\\/www.facebook.com\\\/groups\\\/311144672285604\",\"https:\\\/\\\/www.facebook.com\\\/UBTAOnline\",\"https:\\\/\\\/www.instagram.com\\\/portalubirataonline\\\/\",\"https:\\\/\\\/twitter.com\\\/ubirataonline\"],\"description\":\"Somos um portal de not\u00edcias independente, criado em 5 de janeiro de 2009, com o objetivo de informar, conectar e valorizar a nossa comunidade de Ubirat\u00e3 e toda aregi\u00e3o. Com conte\u00fado atualizado, confi\u00e1vel e relevante, o Ubirat\u00e3 Online \u00e9 o seu espa\u00e7o para ficar por dentro dos principais acontecimentos locais, regionais, Brasil, Mundo e de interesse geral. Nosso compromisso \u00e9 com a verdade, a transpar\u00eancia e o respeito ao leitor.\",\"legalName\":\"UBIRATA ONLINE NOT\u00cdCIAS\",\"foundingDate\":\"2009-01-05\",\"numberOfEmployees\":{\"@type\":\"QuantitativeValue\",\"minValue\":\"1\",\"maxValue\":\"10\"},\"publishingPrinciples\":\"https:\\\/\\\/ubirataonline.com.br\\\/faq\\\/\",\"address\":{\"@id\":\"https:\\\/\\\/ubirataonline.com.br\\\/meta-will-cut-10-of-workforce-as-it-pushes-more-into-ai\\\/#local-main-place-address\"},\"geo\":{\"@type\":\"GeoCoordinates\",\"latitude\":\"-24.5361401\",\"longitude\":\"-52.9921776\"},\"telephone\":[\"+5544998308235\"],\"contactPoint\":{\"@type\":\"ContactPoint\",\"email\":\"contato@ubirataonline.com.br\"},\"openingHoursSpecification\":{\"@type\":\"OpeningHoursSpecification\",\"dayOfWeek\":[\"Monday\",\"Tuesday\",\"Wednesday\",\"Thursday\",\"Friday\",\"Saturday\",\"Sunday\"],\"opens\":\"00:00\",\"closes\":\"23:59\"},\"email\":\"contato@ubirataonline.com.br\",\"vatID\":\"47.621.418\\\/0001-80\"},{\"@type\":\"Person\",\"@id\":\"https:\\\/\\\/ubirataonline.com.br\\\/#\\\/schema\\\/person\\\/372f87bbd3fdd79b8556b84c98d0bc1c\",\"name\":\"REDA\u00c7\u00c3O: UBIRAT\u00c3 ONLINE - F\u00c1BIO AUGUSTO CELESTINO\",\"pronouns\":\"Ele\",\"description\":\"Desde 2003 trabalhando com not\u00edcias.\",\"sameAs\":[\"http:\\\/\\\/ubirataoline.com.br\",\"https:\\\/\\\/www.facebook.com\\\/portalubirataonline\",\"https:\\\/\\\/www.instagram.com\\\/ubirataonline_oficial\",\"https:\\\/\\\/x.com\\\/x.com\\\/ubirataonline\"],\"honorificPrefix\":\"Mr.\",\"honorificSuffix\":\"MD\",\"birthDate\":\"1980-06-16\",\"gender\":\"masculino\",\"award\":[\"V\u00e1rios pr\u00eamios de melhor portal da cidade\"],\"jobTitle\":\"Diretor\",\"url\":\"https:\\\/\\\/ubirataonline.com.br\\\/en\\\/author\\\/ubirataonline\\\/\"},{\"@type\":\"PostalAddress\",\"@id\":\"https:\\\/\\\/ubirataonline.com.br\\\/meta-will-cut-10-of-workforce-as-it-pushes-more-into-ai\\\/#local-main-place-address\",\"streetAddress\":\"Rua dos Coqueiros, 104 - Bairro Boa Vista, Rua dos Coqueiros, 104 Bairro Boa Vista\",\"addressLocality\":\"UBIRATA\",\"postalCode\":\"85440-000\",\"addressRegion\":\"PR\",\"addressCountry\":\"BR\"},{\"@type\":\"ImageObject\",\"inLanguage\":\"en-US\",\"@id\":\"https:\\\/\\\/ubirataonline.com.br\\\/meta-will-cut-10-of-workforce-as-it-pushes-more-into-ai\\\/#local-main-organization-logo\",\"url\":\"https:\\\/\\\/ubirataonline.com.br\\\/wp-content\\\/uploads\\\/2026\\\/06\\\/logoubirataonline-1.webp\",\"contentUrl\":\"https:\\\/\\\/ubirataonline.com.br\\\/wp-content\\\/uploads\\\/2026\\\/06\\\/logoubirataonline-1.webp\",\"width\":500,\"height\":500,\"caption\":\"Ubirat\u00e3 Online Not\u00edcias\"}]}<\/script>\n<meta name=\"geo.placename\" content=\"UBIRATA\" \/>\n<meta name=\"geo.position\" content=\"-24.5361401;-52.9921776\" \/>\n<meta name=\"geo.region\" content=\"Brazil\" \/>\n<!-- \/ Yoast SEO Premium plugin. -->","yoast_head_json":{"title":"Meta will cut 10% of workforce as it pushes more into AI - Ubirat\u00e3 Online Not\u00edcias - A realidade ao seu alcance!","description":"Meta CEO Mark Zuckerberg leaves the Federal Courthouse in downtown Los Angeles after defending the company in a landmark social media addiction trial in","robots":{"index":"index","follow":"follow","max-snippet":"max-snippet:-1","max-image-preview":"max-image-preview:large","max-video-preview":"max-video-preview:-1"},"canonical":"https:\/\/ubirataonline.com.br\/en\/meta-will-cut-10-of-workforce-as-it-pushes-more-into-ai\/","og_locale":"en_US","og_type":"article","og_title":"Meta will cut 10% of workforce as it pushes more into AI","og_description":"Meta CEO Mark Zuckerberg leaves the Federal Courthouse in downtown Los Angeles after defending the company in a landmark social media addiction trial in","og_url":"https:\/\/ubirataonline.com.br\/en\/meta-will-cut-10-of-workforce-as-it-pushes-more-into-ai\/","og_site_name":"Ubirat\u00e3 Online Not\u00edcias - A realidade ao seu alcance!","article_publisher":"https:\/\/www.facebook.com\/portalubirataonline","article_author":"https:\/\/www.facebook.com\/portalubirataonline","article_published_time":"2026-04-23T18:35:12+00:00","article_modified_time":"2026-04-23T18:35:30+00:00","og_image":[{"width":1920,"height":1080,"url":"https:\/\/ubirataonline.com.br\/wp-content\/uploads\/2026\/04\/Meta-will-cut-10-of-workforce-as-it-pushes-more.jpeg","type":"image\/jpeg"}],"author":"REDA\u00c7\u00c3O: UBIRAT\u00c3 ONLINE - F\u00c1BIO AUGUSTO CELESTINO","twitter_card":"summary_large_image","twitter_creator":"@x.com\/ubirataonline","twitter_site":"@ubirataonline","twitter_misc":{"Written by":"REDA\u00c7\u00c3O: UBIRAT\u00c3 ONLINE - F\u00c1BIO AUGUSTO CELESTINO","Est. reading time":"2 minutes"},"schema":{"@context":"https:\/\/schema.org","@graph":[{"@type":"NewsArticle","@id":"https:\/\/ubirataonline.com.br\/meta-will-cut-10-of-workforce-as-it-pushes-more-into-ai\/#article","isPartOf":{"@id":"https:\/\/ubirataonline.com.br\/meta-will-cut-10-of-workforce-as-it-pushes-more-into-ai\/"},"author":{"name":"REDA\u00c7\u00c3O: UBIRAT\u00c3 ONLINE - F\u00c1BIO AUGUSTO CELESTINO","@id":"https:\/\/ubirataonline.com.br\/#\/schema\/person\/372f87bbd3fdd79b8556b84c98d0bc1c"},"headline":"Meta will cut 10% of workforce as it pushes more into AI","datePublished":"2026-04-23T18:35:12+00:00","dateModified":"2026-04-23T18:35:30+00:00","mainEntityOfPage":{"@id":"https:\/\/ubirataonline.com.br\/meta-will-cut-10-of-workforce-as-it-pushes-more-into-ai\/"},"wordCount":454,"publisher":{"@id":"https:\/\/ubirataonline.com.br\/#organization"},"image":{"@id":"https:\/\/ubirataonline.com.br\/meta-will-cut-10-of-workforce-as-it-pushes-more-into-ai\/#primaryimage"},"thumbnailUrl":"https:\/\/ubirataonline.com.br\/wp-content\/uploads\/2026\/04\/Meta-will-cut-10-of-workforce-as-it-pushes-more.jpeg","keywords":["cut","meta","pushes","workforce"],"articleSection":["Europe"],"inLanguage":"en-US","copyrightYear":"2026","copyrightHolder":{"@id":"https:\/\/ubirataonline.com.br\/en\/#organization"}},{"@type":"WebPage","@id":"https:\/\/ubirataonline.com.br\/meta-will-cut-10-of-workforce-as-it-pushes-more-into-ai\/","url":"https:\/\/ubirataonline.com.br\/meta-will-cut-10-of-workforce-as-it-pushes-more-into-ai\/","name":"Meta will cut 10% of workforce as it pushes more into AI - Ubirat\u00e3 Online Not\u00edcias - A realidade ao seu alcance!","isPartOf":{"@id":"https:\/\/ubirataonline.com.br\/#website"},"primaryImageOfPage":{"@id":"https:\/\/ubirataonline.com.br\/meta-will-cut-10-of-workforce-as-it-pushes-more-into-ai\/#primaryimage"},"image":{"@id":"https:\/\/ubirataonline.com.br\/meta-will-cut-10-of-workforce-as-it-pushes-more-into-ai\/#primaryimage"},"thumbnailUrl":"https:\/\/ubirataonline.com.br\/wp-content\/uploads\/2026\/04\/Meta-will-cut-10-of-workforce-as-it-pushes-more.jpeg","datePublished":"2026-04-23T18:35:12+00:00","dateModified":"2026-04-23T18:35:30+00:00","description":"Meta CEO Mark Zuckerberg leaves the Federal Courthouse in downtown Los Angeles after defending the company in a landmark social media addiction trial in","breadcrumb":{"@id":"https:\/\/ubirataonline.com.br\/meta-will-cut-10-of-workforce-as-it-pushes-more-into-ai\/#breadcrumb"},"inLanguage":"en-US","potentialAction":[{"@type":"ReadAction","target":["https:\/\/ubirataonline.com.br\/meta-will-cut-10-of-workforce-as-it-pushes-more-into-ai\/"]}]},{"@type":"ImageObject","inLanguage":"en-US","@id":"https:\/\/ubirataonline.com.br\/meta-will-cut-10-of-workforce-as-it-pushes-more-into-ai\/#primaryimage","url":"https:\/\/ubirataonline.com.br\/wp-content\/uploads\/2026\/04\/Meta-will-cut-10-of-workforce-as-it-pushes-more.jpeg","contentUrl":"https:\/\/ubirataonline.com.br\/wp-content\/uploads\/2026\/04\/Meta-will-cut-10-of-workforce-as-it-pushes-more.jpeg","width":1920,"height":1080,"caption":"Meta will cut 10% of workforce as it pushes more into AI"},{"@type":"BreadcrumbList","@id":"https:\/\/ubirataonline.com.br\/meta-will-cut-10-of-workforce-as-it-pushes-more-into-ai\/#breadcrumb","itemListElement":[{"@type":"ListItem","position":1,"name":"In\u00edcio","item":"https:\/\/ubirataonline.com.br\/"},{"@type":"ListItem","position":2,"name":"Meta will cut 10% of workforce as it pushes more into AI"}]},{"@type":"WebSite","@id":"https:\/\/ubirataonline.com.br\/#website","url":"https:\/\/ubirataonline.com.br\/","name":"Ubirat\u00e3 Online Not\u00edcias","description":"Not\u00edcias de Ubirat\u00e3, regi\u00e3o, Brasil e mundo, com informa\u00e7\u00e3o atualizada e compromisso com o leitor.","publisher":{"@id":"https:\/\/ubirataonline.com.br\/#organization"},"alternateName":"Ubirat\u00e3 Online","potentialAction":[{"@type":"SearchAction","target":{"@type":"EntryPoint","urlTemplate":"https:\/\/ubirataonline.com.br\/?s={search_term_string}"},"query-input":{"@type":"PropertyValueSpecification","valueRequired":true,"valueName":"search_term_string"}}],"inLanguage":"en-US"},{"@type":["Organization","Place"],"@id":"https:\/\/ubirataonline.com.br\/#organization","name":"Ubirat\u00e3 Online Not\u00edcias","alternateName":"Ubirat\u00e3 Online","url":"https:\/\/ubirataonline.com.br\/","logo":{"@id":"https:\/\/ubirataonline.com.br\/meta-will-cut-10-of-workforce-as-it-pushes-more-into-ai\/#local-main-organization-logo"},"image":{"@id":"https:\/\/ubirataonline.com.br\/meta-will-cut-10-of-workforce-as-it-pushes-more-into-ai\/#local-main-organization-logo"},"sameAs":["https:\/\/www.facebook.com\/portalubirataonline","https:\/\/x.com\/ubirataonline","https:\/\/mastodon.social\/@ubirataonline","https:\/\/www.facebook.com\/groups\/311144672285604","https:\/\/www.facebook.com\/UBTAOnline","https:\/\/www.instagram.com\/portalubirataonline\/","https:\/\/twitter.com\/ubirataonline"],"description":"Somos um portal de not\u00edcias independente, criado em 5 de janeiro de 2009, com o objetivo de informar, conectar e valorizar a nossa comunidade de Ubirat\u00e3 e toda aregi\u00e3o. Com conte\u00fado atualizado, confi\u00e1vel e relevante, o Ubirat\u00e3 Online \u00e9 o seu espa\u00e7o para ficar por dentro dos principais acontecimentos locais, regionais, Brasil, Mundo e de interesse geral. Nosso compromisso \u00e9 com a verdade, a transpar\u00eancia e o respeito ao leitor.","legalName":"UBIRATA ONLINE NOT\u00cdCIAS","foundingDate":"2009-01-05","numberOfEmployees":{"@type":"QuantitativeValue","minValue":"1","maxValue":"10"},"publishingPrinciples":"https:\/\/ubirataonline.com.br\/faq\/","address":{"@id":"https:\/\/ubirataonline.com.br\/meta-will-cut-10-of-workforce-as-it-pushes-more-into-ai\/#local-main-place-address"},"geo":{"@type":"GeoCoordinates","latitude":"-24.5361401","longitude":"-52.9921776"},"telephone":["+5544998308235"],"contactPoint":{"@type":"ContactPoint","email":"contato@ubirataonline.com.br"},"openingHoursSpecification":{"@type":"OpeningHoursSpecification","dayOfWeek":["Monday","Tuesday","Wednesday","Thursday","Friday","Saturday","Sunday"],"opens":"00:00","closes":"23:59"},"email":"contato@ubirataonline.com.br","vatID":"47.621.418\/0001-80"},{"@type":"Person","@id":"https:\/\/ubirataonline.com.br\/#\/schema\/person\/372f87bbd3fdd79b8556b84c98d0bc1c","name":"REDA\u00c7\u00c3O: UBIRAT\u00c3 ONLINE - F\u00c1BIO AUGUSTO CELESTINO","pronouns":"Ele","description":"Desde 2003 trabalhando com not\u00edcias.","sameAs":["http:\/\/ubirataoline.com.br","https:\/\/www.facebook.com\/portalubirataonline","https:\/\/www.instagram.com\/ubirataonline_oficial","https:\/\/x.com\/x.com\/ubirataonline"],"honorificPrefix":"Mr.","honorificSuffix":"MD","birthDate":"1980-06-16","gender":"masculino","award":["V\u00e1rios pr\u00eamios de melhor portal da cidade"],"jobTitle":"Diretor","url":"https:\/\/ubirataonline.com.br\/en\/author\/ubirataonline\/"},{"@type":"PostalAddress","@id":"https:\/\/ubirataonline.com.br\/meta-will-cut-10-of-workforce-as-it-pushes-more-into-ai\/#local-main-place-address","streetAddress":"Rua dos Coqueiros, 104 - Bairro Boa Vista, Rua dos Coqueiros, 104 Bairro Boa Vista","addressLocality":"UBIRATA","postalCode":"85440-000","addressRegion":"PR","addressCountry":"BR"},{"@type":"ImageObject","inLanguage":"en-US","@id":"https:\/\/ubirataonline.com.br\/meta-will-cut-10-of-workforce-as-it-pushes-more-into-ai\/#local-main-organization-logo","url":"https:\/\/ubirataonline.com.br\/wp-content\/uploads\/2026\/06\/logoubirataonline-1.webp","contentUrl":"https:\/\/ubirataonline.com.br\/wp-content\/uploads\/2026\/06\/logoubirataonline-1.webp","width":500,"height":500,"caption":"Ubirat\u00e3 Online Not\u00edcias"}]},"geo.placename":"UBIRATA","geo.position":{"lat":"-24.5361401","long":"-52.9921776"},"geo.region":"Brazil"},"_links":{"self":[{"href":"https:\/\/ubirataonline.com.br\/en\/wp-json\/wp\/v2\/posts\/113351","targetHints":{"allow":["GET"]}}],"collection":[{"href":"https:\/\/ubirataonline.com.br\/en\/wp-json\/wp\/v2\/posts"}],"about":[{"href":"https:\/\/ubirataonline.com.br\/en\/wp-json\/wp\/v2\/types\/post"}],"author":[{"embeddable":true,"href":"https:\/\/ubirataonline.com.br\/en\/wp-json\/wp\/v2\/users\/1"}],"replies":[{"embeddable":true,"href":"https:\/\/ubirataonline.com.br\/en\/wp-json\/wp\/v2\/comments?post=113351"}],"version-history":[{"count":0,"href":"https:\/\/ubirataonline.com.br\/en\/wp-json\/wp\/v2\/posts\/113351\/revisions"}],"wp:featuredmedia":[{"embeddable":true,"href":"https:\/\/ubirataonline.com.br\/en\/wp-json\/wp\/v2\/media\/113352"}],"wp:attachment":[{"href":"https:\/\/ubirataonline.com.br\/en\/wp-json\/wp\/v2\/media?parent=113351"}],"wp:term":[{"taxonomy":"category","embeddable":true,"href":"https:\/\/ubirataonline.com.br\/en\/wp-json\/wp\/v2\/categories?post=113351"},{"taxonomy":"post_tag","embeddable":true,"href":"https:\/\/ubirataonline.com.br\/en\/wp-json\/wp\/v2\/tags?post=113351"}],"curies":[{"name":"wp","href":"https:\/\/api.w.org\/{rel}","templated":true}]}}