{"id":113396,"date":"2026-04-23T16:33:17","date_gmt":"2026-04-23T19:33:17","guid":{"rendered":"https:\/\/ubirataonline.com.br\/%f0%9f%93%b8-through-the-fog-to-berlin-vfb-fans-set-tone-for-cup-blockbuster\/"},"modified":"2026-04-23T16:33:20","modified_gmt":"2026-04-23T19:33:20","slug":"%f0%9f%93%b8-through-the-fog-to-berlin-vfb-fans-set-tone-for-cup-blockbuster","status":"publish","type":"post","link":"https:\/\/ubirataonline.com.br\/en\/%f0%9f%93%b8-through-the-fog-to-berlin-vfb-fans-set-tone-for-cup-blockbuster\/","title":{"rendered":"&#x1f4f8; Through the fog to Berlin? VfB fans set tone for cup blockbuster!"},"content":{"rendered":"<p><br \/>\n<\/p>\n<div>\n<p>Who will follow <a class=\"link\" href=\"https:\/\/sports.yahoo.com\/soccer\/teams\/bayern-munich\/\" data-i13n=\"sec:content-canvas;subsec:anchor_text;elm:context_link\" data-ylk=\"slk:Bayern Munich;sec:content-canvas;subsec:anchor_text;elm:context_link;itc:0\" data-yga=\"{&quot;yLinkElement&quot;:&quot;context_link&quot;,&quot;yModuleName&quot;:&quot;content-canvas&quot;,&quot;yLinkText&quot;:&quot;Bayern Munich&quot;,&quot;ySubModuleName&quot;:&quot;anchor_text&quot;,&quot;yHasCommerce&quot;:false}\">Bayern Munich<\/a> into the DFB-Pokal final in Berlin? VfB Stuttgart and <a class=\"link\" href=\"https:\/\/sports.yahoo.com\/soccer\/teams\/freiburg\/\" data-i13n=\"sec:content-canvas;subsec:anchor_text;elm:context_link\" data-ylk=\"slk:SC Freiburg;sec:content-canvas;subsec:anchor_text;elm:context_link;itc:0\" data-yga=\"{&quot;yLinkElement&quot;:&quot;context_link&quot;,&quot;yModuleName&quot;:&quot;content-canvas&quot;,&quot;yLinkText&quot;:&quot;SC Freiburg&quot;,&quot;ySubModuleName&quot;:&quot;anchor_text&quot;,&quot;yHasCommerce&quot;:false}\">SC Freiburg<\/a> will answer that question over the next 90 or, if needed, 120 minutes.<\/p>\n<p>But there is plenty of fire regardless of the sporting importance of the match. In the Baden-Swabian derby, regional supremacy in the L\u00e4ndle is also at stake.<\/p>\n<figure class=\"content-figure\">\n<div class=\"content-image\"><button aria-label=\"View larger image\" class=\"lightbox-btn\" data-ylk=\"elm:expand;itc:1;sec:image-lightbox;slk:lightbox-open;\"><span class=\"lightbox-expand\"><svg viewbox=\"0 0 22 22\" aria-hidden=\"true\" class=\"size-4 lg:size-6\" width=\"22\" height=\"22\"><path d=\"M12.372.92c0-.506.41-.916.915-.916L21 0l-.004 7.712a.917.917 0 0 1-1.832 0V3.183l-6.827 6.828-1.349-1.348 6.828-6.828h-4.529a.915.915 0 0 1-.915-.915M1.835 17.816l6.828-6.828 1.349 1.349-6.829 6.827h4.529a.915.915 0 0 1 0 1.831L0 21l.004-7.713a.916.916 0 0 1 1.831 0z\"\/><\/svg><\/span><\/button><dialog aria-label=\"Image Lightbox\" class=\"lightbox-overlay\" aria-modal=\"true\"\/><\/div><figcaption class=\"fig-caption\"\/><\/figure>\n<p>&#x1f4f8; Sona Maleterova &#8211; 2026 Getty Images<\/p>\n<p>Advertisement<\/p>\n<p>The VfB fans in particular are fired up and gave their team a real boost before kick-off.<\/p>\n<p>Because of a massive pyro show from the home supporters, the semi-final even had to kick off five minutes late.<\/p>\n<p>But the traveling Freiburg fans also delivered right away and backed their colors in fitting style.<\/p>\n<figure class=\"content-figure\">\n<div class=\"content-image\"><img alt=\"\" loading=\"lazy\" width=\"960\" height=\"584\" decoding=\"async\" data-nimg=\"1\" class=\"standard-img\" style=\"color:transparent\" src=\"https:\/\/s.yimg.com\/ny\/api\/res\/1.2\/4D1xJvM01aFJq5uqT9VJRA--\/YXBwaWQ9aGlnaGxhbmRlcjt3PTk2MDtoPTU4NDtjZj13ZWJw\/https:\/\/media.zenfs.com\/en\/onefootball_articles_802\/6e3617a442cf15e555d918e0ead45713\"\/><button aria-label=\"View larger image\" class=\"lightbox-btn\" data-ylk=\"elm:expand;itc:1;sec:image-lightbox;slk:lightbox-open;\"><span class=\"lightbox-expand\"><svg viewbox=\"0 0 22 22\" aria-hidden=\"true\" class=\"size-4 lg:size-6\" width=\"22\" height=\"22\"><path d=\"M12.372.92c0-.506.41-.916.915-.916L21 0l-.004 7.712a.917.917 0 0 1-1.832 0V3.183l-6.827 6.828-1.349-1.348 6.828-6.828h-4.529a.915.915 0 0 1-.915-.915M1.835 17.816l6.828-6.828 1.349 1.349-6.829 6.827h4.529a.915.915 0 0 1 0 1.831L0 21l.004-7.713a.916.916 0 0 1 1.831 0z\"\/><\/svg><\/span><\/button><dialog aria-label=\"Image Lightbox\" class=\"lightbox-overlay\" aria-modal=\"true\"\/><\/div><figcaption class=\"fig-caption\"\/><\/figure>\n<p>&#x1f4f8; THOMAS KIENZLE &#8211; AFP or licensors<\/p>\n<p>Let the games begin!<\/p>\n<p><em>This article was translated into English by Artificial Intelligence. <a href=\"https:\/\/onefootball.com\/de\/news\/im-nebel-nach-berlin-vfb-fans-setzen-ton-fuer-pokalkracher-42757610\" rel=\"nofollow noopener\" target=\"_blank\" data-ylk=\"slk:You can read the original version in &#x1f1e9;&#x1f1ea; here.;elm:context_link;itc:0;sec:content-canvas\" data-yga=\"{&quot;yLinkElement&quot;:&quot;context_link&quot;,&quot;yModuleName&quot;:&quot;content-canvas&quot;,&quot;yLinkText&quot;:&quot;You can read the original version in &#x1f1e9;&#x1f1ea; here.&quot;}\" class=\"link\">You can read the original version in &#x1f1e9;&#x1f1ea; here.<\/a><\/em><\/p>\n<\/div>\n<p><br \/>\n<br \/><a href=\"https:\/\/sports.yahoo.com\/articles\/fog-berlin-vfb-fans-set-185900193.html\">Source link <\/a><\/p>","protected":false},"excerpt":{"rendered":"<p>Who will follow Bayern Munich into the DFB-Pokal final in Berlin? VfB Stuttgart and SC Freiburg will answer that question over the next 90 or, if needed, 120 minutes. But there is plenty of fire regardless of the sporting importance of the match. In the Baden-Swabian derby, regional supremacy in the L\u00e4ndle is also at [&hellip;]<\/p>\n","protected":false},"author":1,"featured_media":113397,"comment_status":"closed","ping_status":"","sticky":false,"template":"","format":"standard","meta":{"googlesitekit_rrm_CAow2JLhCw:productID":"","_gspb_post_css":"","maa_idioma":"","maa_pais":"","footnotes":""},"categories":[2725],"tags":[7684,4244,3468,3645,18436,3476,30519,20607],"class_list":["post-113396","post","type-post","status-publish","format-standard","has-post-thumbnail","hentry","category-europe","tag-berlin","tag-blockbuster","tag-cup","tag-fans","tag-fog","tag-set","tag-tone","tag-vfb"],"blocksy_meta":[],"yoast_head":"<!-- This site is optimized with the Yoast SEO Premium plugin v27.6 (Yoast SEO v27.6) - https:\/\/yoast.com\/product\/yoast-seo-premium-wordpress\/ -->\n<title>&#x1f4f8; Through the fog to Berlin? VfB fans set tone for cup blockbuster! - Ubirat\u00e3 Online Not\u00edcias - A realidade ao seu alcance!<\/title>\n<meta name=\"description\" content=\"Who will follow Bayern Munich into the DFB-Pokal final in Berlin? VfB Stuttgart and SC Freiburg will answer that question over the next 90 or, if needed,\" \/>\n<meta name=\"robots\" content=\"index, follow, max-snippet:-1, max-image-preview:large, max-video-preview:-1\" \/>\n<link rel=\"canonical\" href=\"https:\/\/ubirataonline.com.br\/en\/\ud83d\udcf8-through-the-fog-to-berlin-vfb-fans-set-tone-for-cup-blockbuster\/\" \/>\n<meta property=\"og:locale\" content=\"en_US\" \/>\n<meta property=\"og:type\" content=\"article\" \/>\n<meta property=\"og:title\" content=\"&#x1f4f8; Through the fog to Berlin? VfB fans set tone for cup blockbuster!\" \/>\n<meta property=\"og:description\" content=\"Who will follow Bayern Munich into the DFB-Pokal final in Berlin? VfB Stuttgart and SC Freiburg will answer that question over the next 90 or, if needed,\" \/>\n<meta property=\"og:url\" content=\"https:\/\/ubirataonline.com.br\/en\/\ud83d\udcf8-through-the-fog-to-berlin-vfb-fans-set-tone-for-cup-blockbuster\/\" \/>\n<meta property=\"og:site_name\" content=\"Ubirat\u00e3 Online Not\u00edcias - A realidade ao seu alcance!\" \/>\n<meta property=\"article:publisher\" content=\"https:\/\/www.facebook.com\/portalubirataonline\" \/>\n<meta property=\"article:author\" content=\"https:\/\/www.facebook.com\/portalubirataonline\" \/>\n<meta property=\"article:published_time\" content=\"2026-04-23T19:33:17+00:00\" \/>\n<meta property=\"article:modified_time\" content=\"2026-04-23T19:33:20+00:00\" \/>\n<meta property=\"og:image\" content=\"https:\/\/ubirataonline.com.br\/wp-content\/uploads\/2026\/04\/Through-the-fog-to-Berlin-VfB-fans-set-tone-for.jpeg\" \/>\n\t<meta property=\"og:image:width\" content=\"1024\" \/>\n\t<meta property=\"og:image:height\" content=\"639\" \/>\n\t<meta property=\"og:image:type\" content=\"image\/jpeg\" \/>\n<meta name=\"author\" content=\"REDA\u00c7\u00c3O: UBIRAT\u00c3 ONLINE - F\u00c1BIO AUGUSTO CELESTINO\" \/>\n<meta name=\"twitter:card\" content=\"summary_large_image\" \/>\n<meta name=\"twitter:creator\" content=\"@x.com\/ubirataonline\" \/>\n<meta name=\"twitter:site\" content=\"@ubirataonline\" \/>\n<meta name=\"twitter:label1\" content=\"Written by\" \/>\n\t<meta name=\"twitter:data1\" content=\"REDA\u00c7\u00c3O: UBIRAT\u00c3 ONLINE - F\u00c1BIO AUGUSTO CELESTINO\" \/>\n\t<meta name=\"twitter:label2\" content=\"Est. reading time\" \/>\n\t<meta name=\"twitter:data2\" content=\"1 minute\" \/>\n<script type=\"application\/ld+json\" class=\"yoast-schema-graph\">{\"@context\":\"https:\\\/\\\/schema.org\",\"@graph\":[{\"@type\":\"NewsArticle\",\"@id\":\"https:\\\/\\\/ubirataonline.com.br\\\/%f0%9f%93%b8-through-the-fog-to-berlin-vfb-fans-set-tone-for-cup-blockbuster\\\/#article\",\"isPartOf\":{\"@id\":\"https:\\\/\\\/ubirataonline.com.br\\\/%f0%9f%93%b8-through-the-fog-to-berlin-vfb-fans-set-tone-for-cup-blockbuster\\\/\"},\"author\":{\"name\":\"REDA\u00c7\u00c3O: UBIRAT\u00c3 ONLINE - F\u00c1BIO AUGUSTO CELESTINO\",\"@id\":\"https:\\\/\\\/ubirataonline.com.br\\\/#\\\/schema\\\/person\\\/372f87bbd3fdd79b8556b84c98d0bc1c\"},\"headline\":\"&#x1f4f8; Through the fog to Berlin? VfB fans set tone for cup blockbuster!\",\"datePublished\":\"2026-04-23T19:33:17+00:00\",\"dateModified\":\"2026-04-23T19:33:20+00:00\",\"mainEntityOfPage\":{\"@id\":\"https:\\\/\\\/ubirataonline.com.br\\\/%f0%9f%93%b8-through-the-fog-to-berlin-vfb-fans-set-tone-for-cup-blockbuster\\\/\"},\"wordCount\":172,\"publisher\":{\"@id\":\"https:\\\/\\\/ubirataonline.com.br\\\/#organization\"},\"image\":{\"@id\":\"https:\\\/\\\/ubirataonline.com.br\\\/%f0%9f%93%b8-through-the-fog-to-berlin-vfb-fans-set-tone-for-cup-blockbuster\\\/#primaryimage\"},\"thumbnailUrl\":\"https:\\\/\\\/ubirataonline.com.br\\\/wp-content\\\/uploads\\\/2026\\\/04\\\/Through-the-fog-to-Berlin-VfB-fans-set-tone-for.jpeg\",\"keywords\":[\"Berlin\",\"Blockbuster\",\"Cup\",\"fans\",\"Fog\",\"set\",\"tone\",\"VfB\"],\"articleSection\":[\"Europe\"],\"inLanguage\":\"en-US\",\"copyrightYear\":\"2026\",\"copyrightHolder\":{\"@id\":\"https:\\\/\\\/ubirataonline.com.br\\\/en\\\/#organization\"}},{\"@type\":\"WebPage\",\"@id\":\"https:\\\/\\\/ubirataonline.com.br\\\/%f0%9f%93%b8-through-the-fog-to-berlin-vfb-fans-set-tone-for-cup-blockbuster\\\/\",\"url\":\"https:\\\/\\\/ubirataonline.com.br\\\/%f0%9f%93%b8-through-the-fog-to-berlin-vfb-fans-set-tone-for-cup-blockbuster\\\/\",\"name\":\"&#x1f4f8; Through the fog to Berlin? VfB fans set tone for cup blockbuster! - Ubirat\u00e3 Online Not\u00edcias - A realidade ao seu alcance!\",\"isPartOf\":{\"@id\":\"https:\\\/\\\/ubirataonline.com.br\\\/#website\"},\"primaryImageOfPage\":{\"@id\":\"https:\\\/\\\/ubirataonline.com.br\\\/%f0%9f%93%b8-through-the-fog-to-berlin-vfb-fans-set-tone-for-cup-blockbuster\\\/#primaryimage\"},\"image\":{\"@id\":\"https:\\\/\\\/ubirataonline.com.br\\\/%f0%9f%93%b8-through-the-fog-to-berlin-vfb-fans-set-tone-for-cup-blockbuster\\\/#primaryimage\"},\"thumbnailUrl\":\"https:\\\/\\\/ubirataonline.com.br\\\/wp-content\\\/uploads\\\/2026\\\/04\\\/Through-the-fog-to-Berlin-VfB-fans-set-tone-for.jpeg\",\"datePublished\":\"2026-04-23T19:33:17+00:00\",\"dateModified\":\"2026-04-23T19:33:20+00:00\",\"description\":\"Who will follow Bayern Munich into the DFB-Pokal final in Berlin? VfB Stuttgart and SC Freiburg will answer that question over the next 90 or, if needed,\",\"breadcrumb\":{\"@id\":\"https:\\\/\\\/ubirataonline.com.br\\\/%f0%9f%93%b8-through-the-fog-to-berlin-vfb-fans-set-tone-for-cup-blockbuster\\\/#breadcrumb\"},\"inLanguage\":\"en-US\",\"potentialAction\":[{\"@type\":\"ReadAction\",\"target\":[\"https:\\\/\\\/ubirataonline.com.br\\\/%f0%9f%93%b8-through-the-fog-to-berlin-vfb-fans-set-tone-for-cup-blockbuster\\\/\"]}]},{\"@type\":\"ImageObject\",\"inLanguage\":\"en-US\",\"@id\":\"https:\\\/\\\/ubirataonline.com.br\\\/%f0%9f%93%b8-through-the-fog-to-berlin-vfb-fans-set-tone-for-cup-blockbuster\\\/#primaryimage\",\"url\":\"https:\\\/\\\/ubirataonline.com.br\\\/wp-content\\\/uploads\\\/2026\\\/04\\\/Through-the-fog-to-Berlin-VfB-fans-set-tone-for.jpeg\",\"contentUrl\":\"https:\\\/\\\/ubirataonline.com.br\\\/wp-content\\\/uploads\\\/2026\\\/04\\\/Through-the-fog-to-Berlin-VfB-fans-set-tone-for.jpeg\",\"width\":1024,\"height\":639,\"caption\":\"&#x1f4f8; Through the fog to Berlin? VfB fans set tone for cup blockbuster!\"},{\"@type\":\"BreadcrumbList\",\"@id\":\"https:\\\/\\\/ubirataonline.com.br\\\/%f0%9f%93%b8-through-the-fog-to-berlin-vfb-fans-set-tone-for-cup-blockbuster\\\/#breadcrumb\",\"itemListElement\":[{\"@type\":\"ListItem\",\"position\":1,\"name\":\"In\u00edcio\",\"item\":\"https:\\\/\\\/ubirataonline.com.br\\\/\"},{\"@type\":\"ListItem\",\"position\":2,\"name\":\"&#x1f4f8; Through the fog to Berlin? VfB fans set tone for cup blockbuster!\"}]},{\"@type\":\"WebSite\",\"@id\":\"https:\\\/\\\/ubirataonline.com.br\\\/#website\",\"url\":\"https:\\\/\\\/ubirataonline.com.br\\\/\",\"name\":\"Ubirat\u00e3 Online Not\u00edcias\",\"description\":\"Not\u00edcias de Ubirat\u00e3, regi\u00e3o, Brasil e mundo, com informa\u00e7\u00e3o atualizada e compromisso com o leitor.\",\"publisher\":{\"@id\":\"https:\\\/\\\/ubirataonline.com.br\\\/#organization\"},\"alternateName\":\"Ubirat\u00e3 Online\",\"potentialAction\":[{\"@type\":\"SearchAction\",\"target\":{\"@type\":\"EntryPoint\",\"urlTemplate\":\"https:\\\/\\\/ubirataonline.com.br\\\/?s={search_term_string}\"},\"query-input\":{\"@type\":\"PropertyValueSpecification\",\"valueRequired\":true,\"valueName\":\"search_term_string\"}}],\"inLanguage\":\"en-US\"},{\"@type\":[\"Organization\",\"Place\"],\"@id\":\"https:\\\/\\\/ubirataonline.com.br\\\/#organization\",\"name\":\"Ubirat\u00e3 Online Not\u00edcias\",\"alternateName\":\"Ubirat\u00e3 Online\",\"url\":\"https:\\\/\\\/ubirataonline.com.br\\\/\",\"logo\":{\"@id\":\"https:\\\/\\\/ubirataonline.com.br\\\/%f0%9f%93%b8-through-the-fog-to-berlin-vfb-fans-set-tone-for-cup-blockbuster\\\/#local-main-organization-logo\"},\"image\":{\"@id\":\"https:\\\/\\\/ubirataonline.com.br\\\/%f0%9f%93%b8-through-the-fog-to-berlin-vfb-fans-set-tone-for-cup-blockbuster\\\/#local-main-organization-logo\"},\"sameAs\":[\"https:\\\/\\\/www.facebook.com\\\/portalubirataonline\",\"https:\\\/\\\/x.com\\\/ubirataonline\",\"https:\\\/\\\/mastodon.social\\\/@ubirataonline\",\"https:\\\/\\\/www.facebook.com\\\/groups\\\/311144672285604\",\"https:\\\/\\\/www.facebook.com\\\/UBTAOnline\",\"https:\\\/\\\/www.instagram.com\\\/portalubirataonline\\\/\",\"https:\\\/\\\/twitter.com\\\/ubirataonline\"],\"description\":\"Somos um portal de not\u00edcias independente, criado em 5 de janeiro de 2009, com o objetivo de informar, conectar e valorizar a nossa comunidade de Ubirat\u00e3 e toda aregi\u00e3o. Com conte\u00fado atualizado, confi\u00e1vel e relevante, o Ubirat\u00e3 Online \u00e9 o seu espa\u00e7o para ficar por dentro dos principais acontecimentos locais, regionais, Brasil, Mundo e de interesse geral. Nosso compromisso \u00e9 com a verdade, a transpar\u00eancia e o respeito ao leitor.\",\"legalName\":\"UBIRATA ONLINE NOT\u00cdCIAS\",\"foundingDate\":\"2009-01-05\",\"numberOfEmployees\":{\"@type\":\"QuantitativeValue\",\"minValue\":\"1\",\"maxValue\":\"10\"},\"publishingPrinciples\":\"https:\\\/\\\/ubirataonline.com.br\\\/faq\\\/\",\"address\":{\"@id\":\"https:\\\/\\\/ubirataonline.com.br\\\/%f0%9f%93%b8-through-the-fog-to-berlin-vfb-fans-set-tone-for-cup-blockbuster\\\/#local-main-place-address\"},\"geo\":{\"@type\":\"GeoCoordinates\",\"latitude\":\"-24.5361401\",\"longitude\":\"-52.9921776\"},\"telephone\":[\"+5544998308235\"],\"contactPoint\":{\"@type\":\"ContactPoint\",\"email\":\"contato@ubirataonline.com.br\"},\"openingHoursSpecification\":{\"@type\":\"OpeningHoursSpecification\",\"dayOfWeek\":[\"Monday\",\"Tuesday\",\"Wednesday\",\"Thursday\",\"Friday\",\"Saturday\",\"Sunday\"],\"opens\":\"00:00\",\"closes\":\"23:59\"},\"email\":\"contato@ubirataonline.com.br\",\"vatID\":\"47.621.418\\\/0001-80\"},{\"@type\":\"Person\",\"@id\":\"https:\\\/\\\/ubirataonline.com.br\\\/#\\\/schema\\\/person\\\/372f87bbd3fdd79b8556b84c98d0bc1c\",\"name\":\"REDA\u00c7\u00c3O: UBIRAT\u00c3 ONLINE - F\u00c1BIO AUGUSTO CELESTINO\",\"pronouns\":\"Ele\",\"description\":\"Desde 2003 trabalhando com not\u00edcias.\",\"sameAs\":[\"http:\\\/\\\/ubirataoline.com.br\",\"https:\\\/\\\/www.facebook.com\\\/portalubirataonline\",\"https:\\\/\\\/www.instagram.com\\\/ubirataonline_oficial\",\"https:\\\/\\\/x.com\\\/x.com\\\/ubirataonline\"],\"honorificPrefix\":\"Mr.\",\"honorificSuffix\":\"MD\",\"birthDate\":\"1980-06-16\",\"gender\":\"masculino\",\"award\":[\"V\u00e1rios pr\u00eamios de melhor portal da cidade\"],\"jobTitle\":\"Diretor\",\"url\":\"https:\\\/\\\/ubirataonline.com.br\\\/en\\\/author\\\/ubirataonline\\\/\"},{\"@type\":\"PostalAddress\",\"@id\":\"https:\\\/\\\/ubirataonline.com.br\\\/%f0%9f%93%b8-through-the-fog-to-berlin-vfb-fans-set-tone-for-cup-blockbuster\\\/#local-main-place-address\",\"streetAddress\":\"Rua dos Coqueiros, 104 - Bairro Boa Vista, Rua dos Coqueiros, 104 Bairro Boa Vista\",\"addressLocality\":\"UBIRATA\",\"postalCode\":\"85440-000\",\"addressRegion\":\"PR\",\"addressCountry\":\"BR\"},{\"@type\":\"ImageObject\",\"inLanguage\":\"en-US\",\"@id\":\"https:\\\/\\\/ubirataonline.com.br\\\/%f0%9f%93%b8-through-the-fog-to-berlin-vfb-fans-set-tone-for-cup-blockbuster\\\/#local-main-organization-logo\",\"url\":\"https:\\\/\\\/ubirataonline.com.br\\\/wp-content\\\/uploads\\\/2026\\\/06\\\/logoubirataonline-1.webp\",\"contentUrl\":\"https:\\\/\\\/ubirataonline.com.br\\\/wp-content\\\/uploads\\\/2026\\\/06\\\/logoubirataonline-1.webp\",\"width\":500,\"height\":500,\"caption\":\"Ubirat\u00e3 Online Not\u00edcias\"}]}<\/script>\n<meta name=\"geo.placename\" content=\"UBIRATA\" \/>\n<meta name=\"geo.position\" content=\"-24.5361401;-52.9921776\" \/>\n<meta name=\"geo.region\" content=\"Brazil\" \/>\n<!-- \/ Yoast SEO Premium plugin. -->","yoast_head_json":{"title":"&#x1f4f8; Through the fog to Berlin? VfB fans set tone for cup blockbuster! - Ubirat\u00e3 Online Not\u00edcias - A realidade ao seu alcance!","description":"Who will follow Bayern Munich into the DFB-Pokal final in Berlin? VfB Stuttgart and SC Freiburg will answer that question over the next 90 or, if needed,","robots":{"index":"index","follow":"follow","max-snippet":"max-snippet:-1","max-image-preview":"max-image-preview:large","max-video-preview":"max-video-preview:-1"},"canonical":"https:\/\/ubirataonline.com.br\/en\/\ud83d\udcf8-through-the-fog-to-berlin-vfb-fans-set-tone-for-cup-blockbuster\/","og_locale":"en_US","og_type":"article","og_title":"&#x1f4f8; Through the fog to Berlin? VfB fans set tone for cup blockbuster!","og_description":"Who will follow Bayern Munich into the DFB-Pokal final in Berlin? VfB Stuttgart and SC Freiburg will answer that question over the next 90 or, if needed,","og_url":"https:\/\/ubirataonline.com.br\/en\/\ud83d\udcf8-through-the-fog-to-berlin-vfb-fans-set-tone-for-cup-blockbuster\/","og_site_name":"Ubirat\u00e3 Online Not\u00edcias - A realidade ao seu alcance!","article_publisher":"https:\/\/www.facebook.com\/portalubirataonline","article_author":"https:\/\/www.facebook.com\/portalubirataonline","article_published_time":"2026-04-23T19:33:17+00:00","article_modified_time":"2026-04-23T19:33:20+00:00","og_image":[{"width":1024,"height":639,"url":"https:\/\/ubirataonline.com.br\/wp-content\/uploads\/2026\/04\/Through-the-fog-to-Berlin-VfB-fans-set-tone-for.jpeg","type":"image\/jpeg"}],"author":"REDA\u00c7\u00c3O: UBIRAT\u00c3 ONLINE - F\u00c1BIO AUGUSTO CELESTINO","twitter_card":"summary_large_image","twitter_creator":"@x.com\/ubirataonline","twitter_site":"@ubirataonline","twitter_misc":{"Written by":"REDA\u00c7\u00c3O: UBIRAT\u00c3 ONLINE - F\u00c1BIO AUGUSTO CELESTINO","Est. reading time":"1 minute"},"schema":{"@context":"https:\/\/schema.org","@graph":[{"@type":"NewsArticle","@id":"https:\/\/ubirataonline.com.br\/%f0%9f%93%b8-through-the-fog-to-berlin-vfb-fans-set-tone-for-cup-blockbuster\/#article","isPartOf":{"@id":"https:\/\/ubirataonline.com.br\/%f0%9f%93%b8-through-the-fog-to-berlin-vfb-fans-set-tone-for-cup-blockbuster\/"},"author":{"name":"REDA\u00c7\u00c3O: UBIRAT\u00c3 ONLINE - F\u00c1BIO AUGUSTO CELESTINO","@id":"https:\/\/ubirataonline.com.br\/#\/schema\/person\/372f87bbd3fdd79b8556b84c98d0bc1c"},"headline":"&#x1f4f8; Through the fog to Berlin? VfB fans set tone for cup blockbuster!","datePublished":"2026-04-23T19:33:17+00:00","dateModified":"2026-04-23T19:33:20+00:00","mainEntityOfPage":{"@id":"https:\/\/ubirataonline.com.br\/%f0%9f%93%b8-through-the-fog-to-berlin-vfb-fans-set-tone-for-cup-blockbuster\/"},"wordCount":172,"publisher":{"@id":"https:\/\/ubirataonline.com.br\/#organization"},"image":{"@id":"https:\/\/ubirataonline.com.br\/%f0%9f%93%b8-through-the-fog-to-berlin-vfb-fans-set-tone-for-cup-blockbuster\/#primaryimage"},"thumbnailUrl":"https:\/\/ubirataonline.com.br\/wp-content\/uploads\/2026\/04\/Through-the-fog-to-Berlin-VfB-fans-set-tone-for.jpeg","keywords":["Berlin","Blockbuster","Cup","fans","Fog","set","tone","VfB"],"articleSection":["Europe"],"inLanguage":"en-US","copyrightYear":"2026","copyrightHolder":{"@id":"https:\/\/ubirataonline.com.br\/en\/#organization"}},{"@type":"WebPage","@id":"https:\/\/ubirataonline.com.br\/%f0%9f%93%b8-through-the-fog-to-berlin-vfb-fans-set-tone-for-cup-blockbuster\/","url":"https:\/\/ubirataonline.com.br\/%f0%9f%93%b8-through-the-fog-to-berlin-vfb-fans-set-tone-for-cup-blockbuster\/","name":"&#x1f4f8; Through the fog to Berlin? VfB fans set tone for cup blockbuster! - Ubirat\u00e3 Online Not\u00edcias - A realidade ao seu alcance!","isPartOf":{"@id":"https:\/\/ubirataonline.com.br\/#website"},"primaryImageOfPage":{"@id":"https:\/\/ubirataonline.com.br\/%f0%9f%93%b8-through-the-fog-to-berlin-vfb-fans-set-tone-for-cup-blockbuster\/#primaryimage"},"image":{"@id":"https:\/\/ubirataonline.com.br\/%f0%9f%93%b8-through-the-fog-to-berlin-vfb-fans-set-tone-for-cup-blockbuster\/#primaryimage"},"thumbnailUrl":"https:\/\/ubirataonline.com.br\/wp-content\/uploads\/2026\/04\/Through-the-fog-to-Berlin-VfB-fans-set-tone-for.jpeg","datePublished":"2026-04-23T19:33:17+00:00","dateModified":"2026-04-23T19:33:20+00:00","description":"Who will follow Bayern Munich into the DFB-Pokal final in Berlin? VfB Stuttgart and SC Freiburg will answer that question over the next 90 or, if needed,","breadcrumb":{"@id":"https:\/\/ubirataonline.com.br\/%f0%9f%93%b8-through-the-fog-to-berlin-vfb-fans-set-tone-for-cup-blockbuster\/#breadcrumb"},"inLanguage":"en-US","potentialAction":[{"@type":"ReadAction","target":["https:\/\/ubirataonline.com.br\/%f0%9f%93%b8-through-the-fog-to-berlin-vfb-fans-set-tone-for-cup-blockbuster\/"]}]},{"@type":"ImageObject","inLanguage":"en-US","@id":"https:\/\/ubirataonline.com.br\/%f0%9f%93%b8-through-the-fog-to-berlin-vfb-fans-set-tone-for-cup-blockbuster\/#primaryimage","url":"https:\/\/ubirataonline.com.br\/wp-content\/uploads\/2026\/04\/Through-the-fog-to-Berlin-VfB-fans-set-tone-for.jpeg","contentUrl":"https:\/\/ubirataonline.com.br\/wp-content\/uploads\/2026\/04\/Through-the-fog-to-Berlin-VfB-fans-set-tone-for.jpeg","width":1024,"height":639,"caption":"&#x1f4f8; Through the fog to Berlin? VfB fans set tone for cup blockbuster!"},{"@type":"BreadcrumbList","@id":"https:\/\/ubirataonline.com.br\/%f0%9f%93%b8-through-the-fog-to-berlin-vfb-fans-set-tone-for-cup-blockbuster\/#breadcrumb","itemListElement":[{"@type":"ListItem","position":1,"name":"In\u00edcio","item":"https:\/\/ubirataonline.com.br\/"},{"@type":"ListItem","position":2,"name":"&#x1f4f8; Through the fog to Berlin? VfB fans set tone for cup blockbuster!"}]},{"@type":"WebSite","@id":"https:\/\/ubirataonline.com.br\/#website","url":"https:\/\/ubirataonline.com.br\/","name":"Ubirat\u00e3 Online Not\u00edcias","description":"Not\u00edcias de Ubirat\u00e3, regi\u00e3o, Brasil e mundo, com informa\u00e7\u00e3o atualizada e compromisso com o leitor.","publisher":{"@id":"https:\/\/ubirataonline.com.br\/#organization"},"alternateName":"Ubirat\u00e3 Online","potentialAction":[{"@type":"SearchAction","target":{"@type":"EntryPoint","urlTemplate":"https:\/\/ubirataonline.com.br\/?s={search_term_string}"},"query-input":{"@type":"PropertyValueSpecification","valueRequired":true,"valueName":"search_term_string"}}],"inLanguage":"en-US"},{"@type":["Organization","Place"],"@id":"https:\/\/ubirataonline.com.br\/#organization","name":"Ubirat\u00e3 Online Not\u00edcias","alternateName":"Ubirat\u00e3 Online","url":"https:\/\/ubirataonline.com.br\/","logo":{"@id":"https:\/\/ubirataonline.com.br\/%f0%9f%93%b8-through-the-fog-to-berlin-vfb-fans-set-tone-for-cup-blockbuster\/#local-main-organization-logo"},"image":{"@id":"https:\/\/ubirataonline.com.br\/%f0%9f%93%b8-through-the-fog-to-berlin-vfb-fans-set-tone-for-cup-blockbuster\/#local-main-organization-logo"},"sameAs":["https:\/\/www.facebook.com\/portalubirataonline","https:\/\/x.com\/ubirataonline","https:\/\/mastodon.social\/@ubirataonline","https:\/\/www.facebook.com\/groups\/311144672285604","https:\/\/www.facebook.com\/UBTAOnline","https:\/\/www.instagram.com\/portalubirataonline\/","https:\/\/twitter.com\/ubirataonline"],"description":"Somos um portal de not\u00edcias independente, criado em 5 de janeiro de 2009, com o objetivo de informar, conectar e valorizar a nossa comunidade de Ubirat\u00e3 e toda aregi\u00e3o. Com conte\u00fado atualizado, confi\u00e1vel e relevante, o Ubirat\u00e3 Online \u00e9 o seu espa\u00e7o para ficar por dentro dos principais acontecimentos locais, regionais, Brasil, Mundo e de interesse geral. Nosso compromisso \u00e9 com a verdade, a transpar\u00eancia e o respeito ao leitor.","legalName":"UBIRATA ONLINE NOT\u00cdCIAS","foundingDate":"2009-01-05","numberOfEmployees":{"@type":"QuantitativeValue","minValue":"1","maxValue":"10"},"publishingPrinciples":"https:\/\/ubirataonline.com.br\/faq\/","address":{"@id":"https:\/\/ubirataonline.com.br\/%f0%9f%93%b8-through-the-fog-to-berlin-vfb-fans-set-tone-for-cup-blockbuster\/#local-main-place-address"},"geo":{"@type":"GeoCoordinates","latitude":"-24.5361401","longitude":"-52.9921776"},"telephone":["+5544998308235"],"contactPoint":{"@type":"ContactPoint","email":"contato@ubirataonline.com.br"},"openingHoursSpecification":{"@type":"OpeningHoursSpecification","dayOfWeek":["Monday","Tuesday","Wednesday","Thursday","Friday","Saturday","Sunday"],"opens":"00:00","closes":"23:59"},"email":"contato@ubirataonline.com.br","vatID":"47.621.418\/0001-80"},{"@type":"Person","@id":"https:\/\/ubirataonline.com.br\/#\/schema\/person\/372f87bbd3fdd79b8556b84c98d0bc1c","name":"REDA\u00c7\u00c3O: UBIRAT\u00c3 ONLINE - F\u00c1BIO AUGUSTO CELESTINO","pronouns":"Ele","description":"Desde 2003 trabalhando com not\u00edcias.","sameAs":["http:\/\/ubirataoline.com.br","https:\/\/www.facebook.com\/portalubirataonline","https:\/\/www.instagram.com\/ubirataonline_oficial","https:\/\/x.com\/x.com\/ubirataonline"],"honorificPrefix":"Mr.","honorificSuffix":"MD","birthDate":"1980-06-16","gender":"masculino","award":["V\u00e1rios pr\u00eamios de melhor portal da cidade"],"jobTitle":"Diretor","url":"https:\/\/ubirataonline.com.br\/en\/author\/ubirataonline\/"},{"@type":"PostalAddress","@id":"https:\/\/ubirataonline.com.br\/%f0%9f%93%b8-through-the-fog-to-berlin-vfb-fans-set-tone-for-cup-blockbuster\/#local-main-place-address","streetAddress":"Rua dos Coqueiros, 104 - Bairro Boa Vista, Rua dos Coqueiros, 104 Bairro Boa Vista","addressLocality":"UBIRATA","postalCode":"85440-000","addressRegion":"PR","addressCountry":"BR"},{"@type":"ImageObject","inLanguage":"en-US","@id":"https:\/\/ubirataonline.com.br\/%f0%9f%93%b8-through-the-fog-to-berlin-vfb-fans-set-tone-for-cup-blockbuster\/#local-main-organization-logo","url":"https:\/\/ubirataonline.com.br\/wp-content\/uploads\/2026\/06\/logoubirataonline-1.webp","contentUrl":"https:\/\/ubirataonline.com.br\/wp-content\/uploads\/2026\/06\/logoubirataonline-1.webp","width":500,"height":500,"caption":"Ubirat\u00e3 Online Not\u00edcias"}]},"geo.placename":"UBIRATA","geo.position":{"lat":"-24.5361401","long":"-52.9921776"},"geo.region":"Brazil"},"_links":{"self":[{"href":"https:\/\/ubirataonline.com.br\/en\/wp-json\/wp\/v2\/posts\/113396","targetHints":{"allow":["GET"]}}],"collection":[{"href":"https:\/\/ubirataonline.com.br\/en\/wp-json\/wp\/v2\/posts"}],"about":[{"href":"https:\/\/ubirataonline.com.br\/en\/wp-json\/wp\/v2\/types\/post"}],"author":[{"embeddable":true,"href":"https:\/\/ubirataonline.com.br\/en\/wp-json\/wp\/v2\/users\/1"}],"replies":[{"embeddable":true,"href":"https:\/\/ubirataonline.com.br\/en\/wp-json\/wp\/v2\/comments?post=113396"}],"version-history":[{"count":0,"href":"https:\/\/ubirataonline.com.br\/en\/wp-json\/wp\/v2\/posts\/113396\/revisions"}],"wp:featuredmedia":[{"embeddable":true,"href":"https:\/\/ubirataonline.com.br\/en\/wp-json\/wp\/v2\/media\/113397"}],"wp:attachment":[{"href":"https:\/\/ubirataonline.com.br\/en\/wp-json\/wp\/v2\/media?parent=113396"}],"wp:term":[{"taxonomy":"category","embeddable":true,"href":"https:\/\/ubirataonline.com.br\/en\/wp-json\/wp\/v2\/categories?post=113396"},{"taxonomy":"post_tag","embeddable":true,"href":"https:\/\/ubirataonline.com.br\/en\/wp-json\/wp\/v2\/tags?post=113396"}],"curies":[{"name":"wp","href":"https:\/\/api.w.org\/{rel}","templated":true}]}}