{"id":113471,"date":"2026-04-23T18:05:07","date_gmt":"2026-04-23T21:05:07","guid":{"rendered":"https:\/\/ubirataonline.com.br\/leonardo-jardim-explica-ausencia-de-vitao-no-flamengo-vai-ter-mais-oportunidades-flamengo\/"},"modified":"2026-04-23T18:05:09","modified_gmt":"2026-04-23T21:05:09","slug":"leonardo-jardim-explica-ausencia-de-vitao-no-flamengo-vai-ter-mais-oportunidades-flamengo","status":"publish","type":"post","link":"https:\/\/ubirataonline.com.br\/en\/leonardo-jardim-explica-ausencia-de-vitao-no-flamengo-vai-ter-mais-oportunidades-flamengo\/","title":{"rendered":"Leonardo Jardim explica aus\u00eancia de Vit\u00e3o no Flamengo: &#8216;Vai ter mais oportunidades&#8217; | Flamengo"},"content":{"rendered":"<p><\/p>\n<div>\n<div class=\"content-media-container\">\n<figure class=\"content-media-figure\">\n                                            <amp-img lightbox=\"lightbox-amp-carousel\" class=\"content-media-image\" srcset=\"&#10;                                                https:\/\/odia.ig.com.br\/_midias\/jpg\/2026\/04\/23\/1200x750\/1_whatsapp_image_2026_04_23_at_13_06_19-38545828.jpeg 1200w,&#10;                                                https:\/\/odia.ig.com.br\/_midias\/jpg\/2026\/04\/23\/398x470\/1_whatsapp_image_2026_04_23_at_13_06_19-38545828.jpeg 700w,&#10;                                                https:\/\/odia.ig.com.br\/_midias\/jpg\/2026\/04\/23\/385x420\/1_whatsapp_image_2026_04_23_at_13_06_19-38545828.jpeg 390w\" alt=\"\" width=\"1200\" height=\"750\" src=\"https:\/\/odia.ig.com.br\/_midias\/jpg\/2026\/04\/23\/1200x750\/1_whatsapp_image_2026_04_23_at_13_06_19-38545828.jpeg\" layout=\"responsive\" noloading=\"\"\/><br \/>\n                                        <\/figure><figcaption hidden=\"\">Vit\u00e3o em a\u00e7\u00e3o pelo Flamengo &#8211; Gilvan de Souza \/ Flamengo<\/figcaption><\/div>\n<p class=\"content-media__description\">Vit\u00e3o em a\u00e7\u00e3o pelo Flamengo<span>Gilvan de Souza \/ Flamengo<\/span><\/p>\n<p>\n                        <time class=\"published\"><br \/>\n                            Publicado 23\/04\/2026 13:25                                                    <\/time>\n                    <\/p>\n<div class=\"texto\">Rio &#8211;\u00a0A vit\u00f3ria do Flamengo por <strong><a href=\"https:\/\/odia.ig.com.br\/esporte\/flamengo\/2026\/04\/7240315-flamengo-supera-o-vitoria-no-maracana-e-abre-vantagem-na-copa-do-brasil.html\" target=\"_blank\" rel=\"noopener noreferrer\">2 a 1<\/a><\/strong> sobre o Vit\u00f3ria, na \u00faltima quarta-feira (22), pela Copa do Brasil, serviu para o t\u00e9cnico Leonardo Jardim esclarecer a situa\u00e7\u00e3o do zagueiro Vit\u00e3o. Contrata\u00e7\u00e3o de peso para esta temporada, o defensor n\u00e3o atua desde o dia 2 de abril, o que tem gerado questionamentos por parte da torcida rubro-negra.<\/p>\n<p>Em entrevista coletiva, o comandante portugu\u00eas revelou que a escolha por L\u00e9o Ortiz no time titular, mesmo em uma partida com rota\u00e7\u00e3o de elenco, passou por quest\u00f5es f\u00edsicas e, principalmente, t\u00e1ticas.<\/p>\n<\/div>\n<p>&#8220;Hoje eu queria um jogador de mais constru\u00e7\u00e3o. Com um bloco baixo do Vit\u00f3ria, muitas vezes o Ortiz, e voc\u00eas falam at\u00e9 que \u00e9 o n\u00famero 10 da defesa, \u00e9 o jogador que vai procurar melhores passes entrelinhas, melhores decis\u00f5es&#8221;, explicou Jardim.<\/p>\n<div class=\"texto\"><strong><a href=\"https:\/\/odia.ig.com.br\/esporte\/flamengo\/2026\/04\/7240348-vitoria-promete-acao-na-cbf-contra-arbitragem-apos-derrota-para-o-flamengo.html\" target=\"_blank\" rel=\"noopener noreferrer\">Leia mais: Vit\u00f3ria promete a\u00e7\u00e3o na CBF contra arbitragem ap\u00f3s derrota para o Flamengo<\/a><\/strong><\/div>\n<div class=\"texto\">Al\u00e9m da caracter\u00edstica t\u00e9cnica, o treinador destacou que Ortiz estava descansado e precisava de sequ\u00eancia ap\u00f3s n\u00e3o ter atuado nos \u00faltimos dois jogos. Vit\u00e3o, que soma nove\u00a0partidas em 2026 (a maioria pelo Carioca), foi relacionado para as \u00faltimas seis, mas assistiu a todas do banco de reservas. A \u00faltima vez que esteve em campo foi na derrota por 3 a 0 para o Red Bull Bragantino.<\/p>\n<p>O &#8220;sumi\u00e7o&#8221; de Vit\u00e3o chama aten\u00e7\u00e3o pelo valor investido em sua contrata\u00e7\u00e3o junto ao Internacional. Em janeiro, o clube desembolsou 10,7 milh\u00f5es de euros (cerca de R$ 66,6 milh\u00f5es), opera\u00e7\u00e3o que envolveu tamb\u00e9m o perd\u00e3o da d\u00edvida ga\u00facha pela compra de Thiago Maia. O zagueiro possui v\u00ednculo com o\u00a0Rubro-Negro at\u00e9 o fim de 2029.<\/p>\n<p>O treinador garantiu que o atleta segue nos planos, apesar da reserva atual. &#8220;O\u00a0Vit\u00e3o com certeza, no futuro, vai ter mais oportunidades. O futebol \u00e9 assim&#8221;, concluiu.<\/p>\n<\/div><\/div>\n<p><a href=\"https:\/\/odia.ig.com.br\/esporte\/flamengo\/2026\/04\/7240542-leonardo-jardim-explica-ausencia-de-vitao-no-flamengo-vai-ter-mais-oportunidades.html\">Fonte do Artigo <\/a><\/p>","protected":false},"excerpt":{"rendered":"<p>Vit\u00e3o em a\u00e7\u00e3o pelo Flamengo &#8211; Gilvan de Souza \/ Flamengo Vit\u00e3o em a\u00e7\u00e3o pelo FlamengoGilvan de Souza \/ Flamengo Publicado 23\/04\/2026 13:25 Rio &#8211;\u00a0A vit\u00f3ria do Flamengo por 2 a 1 sobre o Vit\u00f3ria, na \u00faltima quarta-feira (22), pela Copa do Brasil, serviu para o t\u00e9cnico Leonardo Jardim esclarecer a situa\u00e7\u00e3o do zagueiro Vit\u00e3o. [&hellip;]<\/p>\n","protected":false},"author":1,"featured_media":113472,"comment_status":"closed","ping_status":"","sticky":false,"template":"","format":"standard","meta":{"googlesitekit_rrm_CAow2JLhCw:productID":"","_gspb_post_css":"","maa_idioma":"","maa_pais":"","footnotes":""},"categories":[4],"tags":[7005,3527,2688,3776,10236,2926,4841,3192,3346,12522],"class_list":["post-113471","post","type-post","status-publish","format-standard","has-post-thumbnail","hentry","category-brasil","tag-ausencia","tag-explica","tag-flamengo","tag-jardim","tag-leonardo","tag-mais","tag-oportunidades","tag-ter","tag-vai","tag-vitao"],"blocksy_meta":[],"yoast_head":"<!-- This site is optimized with the Yoast SEO Premium plugin v27.6 (Yoast SEO v27.6) - https:\/\/yoast.com\/product\/yoast-seo-premium-wordpress\/ -->\n<title>Leonardo Jardim explica aus\u00eancia de Vit\u00e3o no Flamengo: &#039;Vai ter mais oportunidades&#039; | Flamengo - Ubirat\u00e3 Online Not\u00edcias - A realidade ao seu alcance!<\/title>\n<meta name=\"description\" content=\"Vit\u00e3o em a\u00e7\u00e3o pelo Flamengo - Gilvan de Souza \/ Flamengo Vit\u00e3o em a\u00e7\u00e3o pelo FlamengoGilvan de Souza \/ Flamengo Publicado 23\/04\/2026 13:25 Rio -\u00a0A vit\u00f3ria\" \/>\n<meta name=\"robots\" content=\"index, follow, max-snippet:-1, max-image-preview:large, max-video-preview:-1\" \/>\n<link rel=\"canonical\" href=\"https:\/\/ubirataonline.com.br\/en\/leonardo-jardim-explica-ausencia-de-vitao-no-flamengo-vai-ter-mais-oportunidades-flamengo\/\" \/>\n<meta property=\"og:locale\" content=\"en_US\" \/>\n<meta property=\"og:type\" content=\"article\" \/>\n<meta property=\"og:title\" content=\"Leonardo Jardim explica aus\u00eancia de Vit\u00e3o no Flamengo: &#039;Vai ter mais oportunidades&#039; | Flamengo\" \/>\n<meta property=\"og:description\" content=\"Vit\u00e3o em a\u00e7\u00e3o pelo Flamengo - Gilvan de Souza \/ Flamengo Vit\u00e3o em a\u00e7\u00e3o pelo FlamengoGilvan de Souza \/ Flamengo Publicado 23\/04\/2026 13:25 Rio -\u00a0A vit\u00f3ria\" \/>\n<meta property=\"og:url\" content=\"https:\/\/ubirataonline.com.br\/en\/leonardo-jardim-explica-ausencia-de-vitao-no-flamengo-vai-ter-mais-oportunidades-flamengo\/\" \/>\n<meta property=\"og:site_name\" content=\"Ubirat\u00e3 Online Not\u00edcias - A realidade ao seu alcance!\" \/>\n<meta property=\"article:publisher\" content=\"https:\/\/www.facebook.com\/portalubirataonline\" \/>\n<meta property=\"article:author\" content=\"https:\/\/www.facebook.com\/portalubirataonline\" \/>\n<meta property=\"article:published_time\" content=\"2026-04-23T21:05:07+00:00\" \/>\n<meta property=\"article:modified_time\" content=\"2026-04-23T21:05:09+00:00\" \/>\n<meta property=\"og:image\" content=\"https:\/\/ubirataonline.com.br\/wp-content\/uploads\/2026\/04\/Leonardo-Jardim-explica-ausencia-de-Vitao-no-Flamengo-Vai-ter.jpeg\" \/>\n\t<meta property=\"og:image:width\" content=\"1200\" \/>\n\t<meta property=\"og:image:height\" content=\"750\" \/>\n\t<meta property=\"og:image:type\" content=\"image\/jpeg\" \/>\n<meta name=\"author\" content=\"REDA\u00c7\u00c3O: UBIRAT\u00c3 ONLINE - F\u00c1BIO AUGUSTO CELESTINO\" \/>\n<meta name=\"twitter:card\" content=\"summary_large_image\" \/>\n<meta name=\"twitter:creator\" content=\"@x.com\/ubirataonline\" \/>\n<meta name=\"twitter:site\" content=\"@ubirataonline\" \/>\n<meta name=\"twitter:label1\" content=\"Written by\" \/>\n\t<meta name=\"twitter:data1\" content=\"REDA\u00c7\u00c3O: UBIRAT\u00c3 ONLINE - F\u00c1BIO AUGUSTO CELESTINO\" \/>\n\t<meta name=\"twitter:label2\" content=\"Est. reading time\" \/>\n\t<meta name=\"twitter:data2\" content=\"2 minutes\" \/>\n<script type=\"application\/ld+json\" class=\"yoast-schema-graph\">{\"@context\":\"https:\\\/\\\/schema.org\",\"@graph\":[{\"@type\":\"NewsArticle\",\"@id\":\"https:\\\/\\\/ubirataonline.com.br\\\/leonardo-jardim-explica-ausencia-de-vitao-no-flamengo-vai-ter-mais-oportunidades-flamengo\\\/#article\",\"isPartOf\":{\"@id\":\"https:\\\/\\\/ubirataonline.com.br\\\/leonardo-jardim-explica-ausencia-de-vitao-no-flamengo-vai-ter-mais-oportunidades-flamengo\\\/\"},\"author\":{\"name\":\"REDA\u00c7\u00c3O: UBIRAT\u00c3 ONLINE - F\u00c1BIO AUGUSTO CELESTINO\",\"@id\":\"https:\\\/\\\/ubirataonline.com.br\\\/#\\\/schema\\\/person\\\/372f87bbd3fdd79b8556b84c98d0bc1c\"},\"headline\":\"Leonardo Jardim explica aus\u00eancia de Vit\u00e3o no Flamengo: &#8216;Vai ter mais oportunidades&#8217; | Flamengo\",\"datePublished\":\"2026-04-23T21:05:07+00:00\",\"dateModified\":\"2026-04-23T21:05:09+00:00\",\"mainEntityOfPage\":{\"@id\":\"https:\\\/\\\/ubirataonline.com.br\\\/leonardo-jardim-explica-ausencia-de-vitao-no-flamengo-vai-ter-mais-oportunidades-flamengo\\\/\"},\"wordCount\":364,\"publisher\":{\"@id\":\"https:\\\/\\\/ubirataonline.com.br\\\/#organization\"},\"image\":{\"@id\":\"https:\\\/\\\/ubirataonline.com.br\\\/leonardo-jardim-explica-ausencia-de-vitao-no-flamengo-vai-ter-mais-oportunidades-flamengo\\\/#primaryimage\"},\"thumbnailUrl\":\"https:\\\/\\\/ubirataonline.com.br\\\/wp-content\\\/uploads\\\/2026\\\/04\\\/Leonardo-Jardim-explica-ausencia-de-Vitao-no-Flamengo-Vai-ter.jpeg\",\"keywords\":[\"Aus\u00eancia\",\"explica\",\"Flamengo\",\"Jardim\",\"Leonardo\",\"mais\",\"oportunidades\",\"ter\",\"vai\",\"Vit\u00e3o\"],\"articleSection\":[\"Brasil\"],\"inLanguage\":\"en-US\",\"copyrightYear\":\"2026\",\"copyrightHolder\":{\"@id\":\"https:\\\/\\\/ubirataonline.com.br\\\/en\\\/#organization\"}},{\"@type\":\"WebPage\",\"@id\":\"https:\\\/\\\/ubirataonline.com.br\\\/leonardo-jardim-explica-ausencia-de-vitao-no-flamengo-vai-ter-mais-oportunidades-flamengo\\\/\",\"url\":\"https:\\\/\\\/ubirataonline.com.br\\\/leonardo-jardim-explica-ausencia-de-vitao-no-flamengo-vai-ter-mais-oportunidades-flamengo\\\/\",\"name\":\"Leonardo Jardim explica aus\u00eancia de Vit\u00e3o no Flamengo: 'Vai ter mais oportunidades' | Flamengo - Ubirat\u00e3 Online Not\u00edcias - A realidade ao seu alcance!\",\"isPartOf\":{\"@id\":\"https:\\\/\\\/ubirataonline.com.br\\\/#website\"},\"primaryImageOfPage\":{\"@id\":\"https:\\\/\\\/ubirataonline.com.br\\\/leonardo-jardim-explica-ausencia-de-vitao-no-flamengo-vai-ter-mais-oportunidades-flamengo\\\/#primaryimage\"},\"image\":{\"@id\":\"https:\\\/\\\/ubirataonline.com.br\\\/leonardo-jardim-explica-ausencia-de-vitao-no-flamengo-vai-ter-mais-oportunidades-flamengo\\\/#primaryimage\"},\"thumbnailUrl\":\"https:\\\/\\\/ubirataonline.com.br\\\/wp-content\\\/uploads\\\/2026\\\/04\\\/Leonardo-Jardim-explica-ausencia-de-Vitao-no-Flamengo-Vai-ter.jpeg\",\"datePublished\":\"2026-04-23T21:05:07+00:00\",\"dateModified\":\"2026-04-23T21:05:09+00:00\",\"description\":\"Vit\u00e3o em a\u00e7\u00e3o pelo Flamengo - Gilvan de Souza \\\/ Flamengo Vit\u00e3o em a\u00e7\u00e3o pelo FlamengoGilvan de Souza \\\/ Flamengo Publicado 23\\\/04\\\/2026 13:25 Rio -\u00a0A vit\u00f3ria\",\"breadcrumb\":{\"@id\":\"https:\\\/\\\/ubirataonline.com.br\\\/leonardo-jardim-explica-ausencia-de-vitao-no-flamengo-vai-ter-mais-oportunidades-flamengo\\\/#breadcrumb\"},\"inLanguage\":\"en-US\",\"potentialAction\":[{\"@type\":\"ReadAction\",\"target\":[\"https:\\\/\\\/ubirataonline.com.br\\\/leonardo-jardim-explica-ausencia-de-vitao-no-flamengo-vai-ter-mais-oportunidades-flamengo\\\/\"]}]},{\"@type\":\"ImageObject\",\"inLanguage\":\"en-US\",\"@id\":\"https:\\\/\\\/ubirataonline.com.br\\\/leonardo-jardim-explica-ausencia-de-vitao-no-flamengo-vai-ter-mais-oportunidades-flamengo\\\/#primaryimage\",\"url\":\"https:\\\/\\\/ubirataonline.com.br\\\/wp-content\\\/uploads\\\/2026\\\/04\\\/Leonardo-Jardim-explica-ausencia-de-Vitao-no-Flamengo-Vai-ter.jpeg\",\"contentUrl\":\"https:\\\/\\\/ubirataonline.com.br\\\/wp-content\\\/uploads\\\/2026\\\/04\\\/Leonardo-Jardim-explica-ausencia-de-Vitao-no-Flamengo-Vai-ter.jpeg\",\"width\":1200,\"height\":750,\"caption\":\"Vit\u00e3o em a\u00e7\u00e3o pelo Flamengo - Gilvan de Souza \\\/ Flamengo\"},{\"@type\":\"BreadcrumbList\",\"@id\":\"https:\\\/\\\/ubirataonline.com.br\\\/leonardo-jardim-explica-ausencia-de-vitao-no-flamengo-vai-ter-mais-oportunidades-flamengo\\\/#breadcrumb\",\"itemListElement\":[{\"@type\":\"ListItem\",\"position\":1,\"name\":\"In\u00edcio\",\"item\":\"https:\\\/\\\/ubirataonline.com.br\\\/\"},{\"@type\":\"ListItem\",\"position\":2,\"name\":\"Leonardo Jardim explica aus\u00eancia de Vit\u00e3o no Flamengo: &#8216;Vai ter mais oportunidades&#8217; | Flamengo\"}]},{\"@type\":\"WebSite\",\"@id\":\"https:\\\/\\\/ubirataonline.com.br\\\/#website\",\"url\":\"https:\\\/\\\/ubirataonline.com.br\\\/\",\"name\":\"Ubirat\u00e3 Online Not\u00edcias\",\"description\":\"Not\u00edcias de Ubirat\u00e3, regi\u00e3o, Brasil e mundo, com informa\u00e7\u00e3o atualizada e compromisso com o leitor.\",\"publisher\":{\"@id\":\"https:\\\/\\\/ubirataonline.com.br\\\/#organization\"},\"alternateName\":\"Ubirat\u00e3 Online\",\"potentialAction\":[{\"@type\":\"SearchAction\",\"target\":{\"@type\":\"EntryPoint\",\"urlTemplate\":\"https:\\\/\\\/ubirataonline.com.br\\\/?s={search_term_string}\"},\"query-input\":{\"@type\":\"PropertyValueSpecification\",\"valueRequired\":true,\"valueName\":\"search_term_string\"}}],\"inLanguage\":\"en-US\"},{\"@type\":[\"Organization\",\"Place\"],\"@id\":\"https:\\\/\\\/ubirataonline.com.br\\\/#organization\",\"name\":\"Ubirat\u00e3 Online Not\u00edcias\",\"alternateName\":\"Ubirat\u00e3 Online\",\"url\":\"https:\\\/\\\/ubirataonline.com.br\\\/\",\"logo\":{\"@id\":\"https:\\\/\\\/ubirataonline.com.br\\\/leonardo-jardim-explica-ausencia-de-vitao-no-flamengo-vai-ter-mais-oportunidades-flamengo\\\/#local-main-organization-logo\"},\"image\":{\"@id\":\"https:\\\/\\\/ubirataonline.com.br\\\/leonardo-jardim-explica-ausencia-de-vitao-no-flamengo-vai-ter-mais-oportunidades-flamengo\\\/#local-main-organization-logo\"},\"sameAs\":[\"https:\\\/\\\/www.facebook.com\\\/portalubirataonline\",\"https:\\\/\\\/x.com\\\/ubirataonline\",\"https:\\\/\\\/mastodon.social\\\/@ubirataonline\",\"https:\\\/\\\/www.facebook.com\\\/groups\\\/311144672285604\",\"https:\\\/\\\/www.facebook.com\\\/UBTAOnline\",\"https:\\\/\\\/www.instagram.com\\\/portalubirataonline\\\/\",\"https:\\\/\\\/twitter.com\\\/ubirataonline\"],\"description\":\"Somos um portal de not\u00edcias independente, criado em 5 de janeiro de 2009, com o objetivo de informar, conectar e valorizar a nossa comunidade de Ubirat\u00e3 e toda aregi\u00e3o. Com conte\u00fado atualizado, confi\u00e1vel e relevante, o Ubirat\u00e3 Online \u00e9 o seu espa\u00e7o para ficar por dentro dos principais acontecimentos locais, regionais, Brasil, Mundo e de interesse geral. Nosso compromisso \u00e9 com a verdade, a transpar\u00eancia e o respeito ao leitor.\",\"legalName\":\"UBIRATA ONLINE NOT\u00cdCIAS\",\"foundingDate\":\"2009-01-05\",\"numberOfEmployees\":{\"@type\":\"QuantitativeValue\",\"minValue\":\"1\",\"maxValue\":\"10\"},\"publishingPrinciples\":\"https:\\\/\\\/ubirataonline.com.br\\\/faq\\\/\",\"address\":{\"@id\":\"https:\\\/\\\/ubirataonline.com.br\\\/leonardo-jardim-explica-ausencia-de-vitao-no-flamengo-vai-ter-mais-oportunidades-flamengo\\\/#local-main-place-address\"},\"geo\":{\"@type\":\"GeoCoordinates\",\"latitude\":\"-24.5361401\",\"longitude\":\"-52.9921776\"},\"telephone\":[\"+5544998308235\"],\"contactPoint\":{\"@type\":\"ContactPoint\",\"email\":\"contato@ubirataonline.com.br\"},\"openingHoursSpecification\":{\"@type\":\"OpeningHoursSpecification\",\"dayOfWeek\":[\"Monday\",\"Tuesday\",\"Wednesday\",\"Thursday\",\"Friday\",\"Saturday\",\"Sunday\"],\"opens\":\"00:00\",\"closes\":\"23:59\"},\"email\":\"contato@ubirataonline.com.br\",\"vatID\":\"47.621.418\\\/0001-80\"},{\"@type\":\"Person\",\"@id\":\"https:\\\/\\\/ubirataonline.com.br\\\/#\\\/schema\\\/person\\\/372f87bbd3fdd79b8556b84c98d0bc1c\",\"name\":\"REDA\u00c7\u00c3O: UBIRAT\u00c3 ONLINE - F\u00c1BIO AUGUSTO CELESTINO\",\"pronouns\":\"Ele\",\"description\":\"Desde 2003 trabalhando com not\u00edcias.\",\"sameAs\":[\"http:\\\/\\\/ubirataoline.com.br\",\"https:\\\/\\\/www.facebook.com\\\/portalubirataonline\",\"https:\\\/\\\/www.instagram.com\\\/ubirataonline_oficial\",\"https:\\\/\\\/x.com\\\/x.com\\\/ubirataonline\"],\"honorificPrefix\":\"Mr.\",\"honorificSuffix\":\"MD\",\"birthDate\":\"1980-06-16\",\"gender\":\"masculino\",\"award\":[\"V\u00e1rios pr\u00eamios de melhor portal da cidade\"],\"jobTitle\":\"Diretor\",\"url\":\"https:\\\/\\\/ubirataonline.com.br\\\/en\\\/author\\\/ubirataonline\\\/\"},{\"@type\":\"PostalAddress\",\"@id\":\"https:\\\/\\\/ubirataonline.com.br\\\/leonardo-jardim-explica-ausencia-de-vitao-no-flamengo-vai-ter-mais-oportunidades-flamengo\\\/#local-main-place-address\",\"streetAddress\":\"Rua dos Coqueiros, 104 - Bairro Boa Vista, Rua dos Coqueiros, 104 Bairro Boa Vista\",\"addressLocality\":\"UBIRATA\",\"postalCode\":\"85440-000\",\"addressRegion\":\"PR\",\"addressCountry\":\"BR\"},{\"@type\":\"ImageObject\",\"inLanguage\":\"en-US\",\"@id\":\"https:\\\/\\\/ubirataonline.com.br\\\/leonardo-jardim-explica-ausencia-de-vitao-no-flamengo-vai-ter-mais-oportunidades-flamengo\\\/#local-main-organization-logo\",\"url\":\"https:\\\/\\\/ubirataonline.com.br\\\/wp-content\\\/uploads\\\/2026\\\/06\\\/logoubirataonline-1.webp\",\"contentUrl\":\"https:\\\/\\\/ubirataonline.com.br\\\/wp-content\\\/uploads\\\/2026\\\/06\\\/logoubirataonline-1.webp\",\"width\":500,\"height\":500,\"caption\":\"Ubirat\u00e3 Online Not\u00edcias\"}]}<\/script>\n<meta name=\"geo.placename\" content=\"UBIRATA\" \/>\n<meta name=\"geo.position\" content=\"-24.5361401;-52.9921776\" \/>\n<meta name=\"geo.region\" content=\"Brazil\" \/>\n<!-- \/ Yoast SEO Premium plugin. -->","yoast_head_json":{"title":"Leonardo Jardim explica aus\u00eancia de Vit\u00e3o no Flamengo: 'Vai ter mais oportunidades' | Flamengo - Ubirat\u00e3 Online Not\u00edcias - A realidade ao seu alcance!","description":"Vit\u00e3o em a\u00e7\u00e3o pelo Flamengo - Gilvan de Souza \/ Flamengo Vit\u00e3o em a\u00e7\u00e3o pelo FlamengoGilvan de Souza \/ Flamengo Publicado 23\/04\/2026 13:25 Rio -\u00a0A vit\u00f3ria","robots":{"index":"index","follow":"follow","max-snippet":"max-snippet:-1","max-image-preview":"max-image-preview:large","max-video-preview":"max-video-preview:-1"},"canonical":"https:\/\/ubirataonline.com.br\/en\/leonardo-jardim-explica-ausencia-de-vitao-no-flamengo-vai-ter-mais-oportunidades-flamengo\/","og_locale":"en_US","og_type":"article","og_title":"Leonardo Jardim explica aus\u00eancia de Vit\u00e3o no Flamengo: 'Vai ter mais oportunidades' | Flamengo","og_description":"Vit\u00e3o em a\u00e7\u00e3o pelo Flamengo - Gilvan de Souza \/ Flamengo Vit\u00e3o em a\u00e7\u00e3o pelo FlamengoGilvan de Souza \/ Flamengo Publicado 23\/04\/2026 13:25 Rio -\u00a0A vit\u00f3ria","og_url":"https:\/\/ubirataonline.com.br\/en\/leonardo-jardim-explica-ausencia-de-vitao-no-flamengo-vai-ter-mais-oportunidades-flamengo\/","og_site_name":"Ubirat\u00e3 Online Not\u00edcias - A realidade ao seu alcance!","article_publisher":"https:\/\/www.facebook.com\/portalubirataonline","article_author":"https:\/\/www.facebook.com\/portalubirataonline","article_published_time":"2026-04-23T21:05:07+00:00","article_modified_time":"2026-04-23T21:05:09+00:00","og_image":[{"width":1200,"height":750,"url":"https:\/\/ubirataonline.com.br\/wp-content\/uploads\/2026\/04\/Leonardo-Jardim-explica-ausencia-de-Vitao-no-Flamengo-Vai-ter.jpeg","type":"image\/jpeg"}],"author":"REDA\u00c7\u00c3O: UBIRAT\u00c3 ONLINE - F\u00c1BIO AUGUSTO CELESTINO","twitter_card":"summary_large_image","twitter_creator":"@x.com\/ubirataonline","twitter_site":"@ubirataonline","twitter_misc":{"Written by":"REDA\u00c7\u00c3O: UBIRAT\u00c3 ONLINE - F\u00c1BIO AUGUSTO CELESTINO","Est. reading time":"2 minutes"},"schema":{"@context":"https:\/\/schema.org","@graph":[{"@type":"NewsArticle","@id":"https:\/\/ubirataonline.com.br\/leonardo-jardim-explica-ausencia-de-vitao-no-flamengo-vai-ter-mais-oportunidades-flamengo\/#article","isPartOf":{"@id":"https:\/\/ubirataonline.com.br\/leonardo-jardim-explica-ausencia-de-vitao-no-flamengo-vai-ter-mais-oportunidades-flamengo\/"},"author":{"name":"REDA\u00c7\u00c3O: UBIRAT\u00c3 ONLINE - F\u00c1BIO AUGUSTO CELESTINO","@id":"https:\/\/ubirataonline.com.br\/#\/schema\/person\/372f87bbd3fdd79b8556b84c98d0bc1c"},"headline":"Leonardo Jardim explica aus\u00eancia de Vit\u00e3o no Flamengo: &#8216;Vai ter mais oportunidades&#8217; | Flamengo","datePublished":"2026-04-23T21:05:07+00:00","dateModified":"2026-04-23T21:05:09+00:00","mainEntityOfPage":{"@id":"https:\/\/ubirataonline.com.br\/leonardo-jardim-explica-ausencia-de-vitao-no-flamengo-vai-ter-mais-oportunidades-flamengo\/"},"wordCount":364,"publisher":{"@id":"https:\/\/ubirataonline.com.br\/#organization"},"image":{"@id":"https:\/\/ubirataonline.com.br\/leonardo-jardim-explica-ausencia-de-vitao-no-flamengo-vai-ter-mais-oportunidades-flamengo\/#primaryimage"},"thumbnailUrl":"https:\/\/ubirataonline.com.br\/wp-content\/uploads\/2026\/04\/Leonardo-Jardim-explica-ausencia-de-Vitao-no-Flamengo-Vai-ter.jpeg","keywords":["Aus\u00eancia","explica","Flamengo","Jardim","Leonardo","mais","oportunidades","ter","vai","Vit\u00e3o"],"articleSection":["Brasil"],"inLanguage":"en-US","copyrightYear":"2026","copyrightHolder":{"@id":"https:\/\/ubirataonline.com.br\/en\/#organization"}},{"@type":"WebPage","@id":"https:\/\/ubirataonline.com.br\/leonardo-jardim-explica-ausencia-de-vitao-no-flamengo-vai-ter-mais-oportunidades-flamengo\/","url":"https:\/\/ubirataonline.com.br\/leonardo-jardim-explica-ausencia-de-vitao-no-flamengo-vai-ter-mais-oportunidades-flamengo\/","name":"Leonardo Jardim explica aus\u00eancia de Vit\u00e3o no Flamengo: 'Vai ter mais oportunidades' | Flamengo - Ubirat\u00e3 Online Not\u00edcias - A realidade ao seu alcance!","isPartOf":{"@id":"https:\/\/ubirataonline.com.br\/#website"},"primaryImageOfPage":{"@id":"https:\/\/ubirataonline.com.br\/leonardo-jardim-explica-ausencia-de-vitao-no-flamengo-vai-ter-mais-oportunidades-flamengo\/#primaryimage"},"image":{"@id":"https:\/\/ubirataonline.com.br\/leonardo-jardim-explica-ausencia-de-vitao-no-flamengo-vai-ter-mais-oportunidades-flamengo\/#primaryimage"},"thumbnailUrl":"https:\/\/ubirataonline.com.br\/wp-content\/uploads\/2026\/04\/Leonardo-Jardim-explica-ausencia-de-Vitao-no-Flamengo-Vai-ter.jpeg","datePublished":"2026-04-23T21:05:07+00:00","dateModified":"2026-04-23T21:05:09+00:00","description":"Vit\u00e3o em a\u00e7\u00e3o pelo Flamengo - Gilvan de Souza \/ Flamengo Vit\u00e3o em a\u00e7\u00e3o pelo FlamengoGilvan de Souza \/ Flamengo Publicado 23\/04\/2026 13:25 Rio -\u00a0A vit\u00f3ria","breadcrumb":{"@id":"https:\/\/ubirataonline.com.br\/leonardo-jardim-explica-ausencia-de-vitao-no-flamengo-vai-ter-mais-oportunidades-flamengo\/#breadcrumb"},"inLanguage":"en-US","potentialAction":[{"@type":"ReadAction","target":["https:\/\/ubirataonline.com.br\/leonardo-jardim-explica-ausencia-de-vitao-no-flamengo-vai-ter-mais-oportunidades-flamengo\/"]}]},{"@type":"ImageObject","inLanguage":"en-US","@id":"https:\/\/ubirataonline.com.br\/leonardo-jardim-explica-ausencia-de-vitao-no-flamengo-vai-ter-mais-oportunidades-flamengo\/#primaryimage","url":"https:\/\/ubirataonline.com.br\/wp-content\/uploads\/2026\/04\/Leonardo-Jardim-explica-ausencia-de-Vitao-no-Flamengo-Vai-ter.jpeg","contentUrl":"https:\/\/ubirataonline.com.br\/wp-content\/uploads\/2026\/04\/Leonardo-Jardim-explica-ausencia-de-Vitao-no-Flamengo-Vai-ter.jpeg","width":1200,"height":750,"caption":"Vit\u00e3o em a\u00e7\u00e3o pelo Flamengo - Gilvan de Souza \/ Flamengo"},{"@type":"BreadcrumbList","@id":"https:\/\/ubirataonline.com.br\/leonardo-jardim-explica-ausencia-de-vitao-no-flamengo-vai-ter-mais-oportunidades-flamengo\/#breadcrumb","itemListElement":[{"@type":"ListItem","position":1,"name":"In\u00edcio","item":"https:\/\/ubirataonline.com.br\/"},{"@type":"ListItem","position":2,"name":"Leonardo Jardim explica aus\u00eancia de Vit\u00e3o no Flamengo: &#8216;Vai ter mais oportunidades&#8217; | Flamengo"}]},{"@type":"WebSite","@id":"https:\/\/ubirataonline.com.br\/#website","url":"https:\/\/ubirataonline.com.br\/","name":"Ubirat\u00e3 Online Not\u00edcias","description":"Not\u00edcias de Ubirat\u00e3, regi\u00e3o, Brasil e mundo, com informa\u00e7\u00e3o atualizada e compromisso com o leitor.","publisher":{"@id":"https:\/\/ubirataonline.com.br\/#organization"},"alternateName":"Ubirat\u00e3 Online","potentialAction":[{"@type":"SearchAction","target":{"@type":"EntryPoint","urlTemplate":"https:\/\/ubirataonline.com.br\/?s={search_term_string}"},"query-input":{"@type":"PropertyValueSpecification","valueRequired":true,"valueName":"search_term_string"}}],"inLanguage":"en-US"},{"@type":["Organization","Place"],"@id":"https:\/\/ubirataonline.com.br\/#organization","name":"Ubirat\u00e3 Online Not\u00edcias","alternateName":"Ubirat\u00e3 Online","url":"https:\/\/ubirataonline.com.br\/","logo":{"@id":"https:\/\/ubirataonline.com.br\/leonardo-jardim-explica-ausencia-de-vitao-no-flamengo-vai-ter-mais-oportunidades-flamengo\/#local-main-organization-logo"},"image":{"@id":"https:\/\/ubirataonline.com.br\/leonardo-jardim-explica-ausencia-de-vitao-no-flamengo-vai-ter-mais-oportunidades-flamengo\/#local-main-organization-logo"},"sameAs":["https:\/\/www.facebook.com\/portalubirataonline","https:\/\/x.com\/ubirataonline","https:\/\/mastodon.social\/@ubirataonline","https:\/\/www.facebook.com\/groups\/311144672285604","https:\/\/www.facebook.com\/UBTAOnline","https:\/\/www.instagram.com\/portalubirataonline\/","https:\/\/twitter.com\/ubirataonline"],"description":"Somos um portal de not\u00edcias independente, criado em 5 de janeiro de 2009, com o objetivo de informar, conectar e valorizar a nossa comunidade de Ubirat\u00e3 e toda aregi\u00e3o. Com conte\u00fado atualizado, confi\u00e1vel e relevante, o Ubirat\u00e3 Online \u00e9 o seu espa\u00e7o para ficar por dentro dos principais acontecimentos locais, regionais, Brasil, Mundo e de interesse geral. Nosso compromisso \u00e9 com a verdade, a transpar\u00eancia e o respeito ao leitor.","legalName":"UBIRATA ONLINE NOT\u00cdCIAS","foundingDate":"2009-01-05","numberOfEmployees":{"@type":"QuantitativeValue","minValue":"1","maxValue":"10"},"publishingPrinciples":"https:\/\/ubirataonline.com.br\/faq\/","address":{"@id":"https:\/\/ubirataonline.com.br\/leonardo-jardim-explica-ausencia-de-vitao-no-flamengo-vai-ter-mais-oportunidades-flamengo\/#local-main-place-address"},"geo":{"@type":"GeoCoordinates","latitude":"-24.5361401","longitude":"-52.9921776"},"telephone":["+5544998308235"],"contactPoint":{"@type":"ContactPoint","email":"contato@ubirataonline.com.br"},"openingHoursSpecification":{"@type":"OpeningHoursSpecification","dayOfWeek":["Monday","Tuesday","Wednesday","Thursday","Friday","Saturday","Sunday"],"opens":"00:00","closes":"23:59"},"email":"contato@ubirataonline.com.br","vatID":"47.621.418\/0001-80"},{"@type":"Person","@id":"https:\/\/ubirataonline.com.br\/#\/schema\/person\/372f87bbd3fdd79b8556b84c98d0bc1c","name":"REDA\u00c7\u00c3O: UBIRAT\u00c3 ONLINE - F\u00c1BIO AUGUSTO CELESTINO","pronouns":"Ele","description":"Desde 2003 trabalhando com not\u00edcias.","sameAs":["http:\/\/ubirataoline.com.br","https:\/\/www.facebook.com\/portalubirataonline","https:\/\/www.instagram.com\/ubirataonline_oficial","https:\/\/x.com\/x.com\/ubirataonline"],"honorificPrefix":"Mr.","honorificSuffix":"MD","birthDate":"1980-06-16","gender":"masculino","award":["V\u00e1rios pr\u00eamios de melhor portal da cidade"],"jobTitle":"Diretor","url":"https:\/\/ubirataonline.com.br\/en\/author\/ubirataonline\/"},{"@type":"PostalAddress","@id":"https:\/\/ubirataonline.com.br\/leonardo-jardim-explica-ausencia-de-vitao-no-flamengo-vai-ter-mais-oportunidades-flamengo\/#local-main-place-address","streetAddress":"Rua dos Coqueiros, 104 - Bairro Boa Vista, Rua dos Coqueiros, 104 Bairro Boa Vista","addressLocality":"UBIRATA","postalCode":"85440-000","addressRegion":"PR","addressCountry":"BR"},{"@type":"ImageObject","inLanguage":"en-US","@id":"https:\/\/ubirataonline.com.br\/leonardo-jardim-explica-ausencia-de-vitao-no-flamengo-vai-ter-mais-oportunidades-flamengo\/#local-main-organization-logo","url":"https:\/\/ubirataonline.com.br\/wp-content\/uploads\/2026\/06\/logoubirataonline-1.webp","contentUrl":"https:\/\/ubirataonline.com.br\/wp-content\/uploads\/2026\/06\/logoubirataonline-1.webp","width":500,"height":500,"caption":"Ubirat\u00e3 Online Not\u00edcias"}]},"geo.placename":"UBIRATA","geo.position":{"lat":"-24.5361401","long":"-52.9921776"},"geo.region":"Brazil"},"_links":{"self":[{"href":"https:\/\/ubirataonline.com.br\/en\/wp-json\/wp\/v2\/posts\/113471","targetHints":{"allow":["GET"]}}],"collection":[{"href":"https:\/\/ubirataonline.com.br\/en\/wp-json\/wp\/v2\/posts"}],"about":[{"href":"https:\/\/ubirataonline.com.br\/en\/wp-json\/wp\/v2\/types\/post"}],"author":[{"embeddable":true,"href":"https:\/\/ubirataonline.com.br\/en\/wp-json\/wp\/v2\/users\/1"}],"replies":[{"embeddable":true,"href":"https:\/\/ubirataonline.com.br\/en\/wp-json\/wp\/v2\/comments?post=113471"}],"version-history":[{"count":0,"href":"https:\/\/ubirataonline.com.br\/en\/wp-json\/wp\/v2\/posts\/113471\/revisions"}],"wp:featuredmedia":[{"embeddable":true,"href":"https:\/\/ubirataonline.com.br\/en\/wp-json\/wp\/v2\/media\/113472"}],"wp:attachment":[{"href":"https:\/\/ubirataonline.com.br\/en\/wp-json\/wp\/v2\/media?parent=113471"}],"wp:term":[{"taxonomy":"category","embeddable":true,"href":"https:\/\/ubirataonline.com.br\/en\/wp-json\/wp\/v2\/categories?post=113471"},{"taxonomy":"post_tag","embeddable":true,"href":"https:\/\/ubirataonline.com.br\/en\/wp-json\/wp\/v2\/tags?post=113471"}],"curies":[{"name":"wp","href":"https:\/\/api.w.org\/{rel}","templated":true}]}}