{"id":113491,"date":"2026-04-23T18:28:19","date_gmt":"2026-04-23T21:28:19","guid":{"rendered":"https:\/\/ubirataonline.com.br\/millions-of-americans-may-now-also-be-considered-canadian-under-new-law\/"},"modified":"2026-04-23T18:28:22","modified_gmt":"2026-04-23T21:28:22","slug":"millions-of-americans-may-now-also-be-considered-canadian-under-new-law","status":"publish","type":"post","link":"https:\/\/ubirataonline.com.br\/en\/millions-of-americans-may-now-also-be-considered-canadian-under-new-law\/","title":{"rendered":"Millions of Americans may now also be considered Canadian under new law"},"content":{"rendered":"<p><\/p>\n<div id=\"\">\n<p datatype=\"p\" data-qa=\"Component-Component\" class=\"e8zc9q40 css-1c6uqr6 ec74h0k1\">Potentially millions of Americans suddenly have a much easier path to Canadian citizenship, prompting a rush of people to explore their ancestry and file paperwork seeking dual citizenship.<\/p>\n<p datatype=\"p\" data-qa=\"Component-Component\" class=\"e8zc9q40 css-1c6uqr6 ec74h0k1\">For people like Zack Loud of Farmington, Minnesota, it was a surprise to learn that under a new law, Canada already considered him and his siblings citizens because their grandmother is Canadian.<\/p>\n<p datatype=\"p\" data-qa=\"Component-Component\" class=\"e8zc9q40 css-1c6uqr6 ec74h0k1\">\u201cMy wife and I were already talking about potentially looking at jobs outside the country, but citizenship pushed Canada way up on our list,\u201d he said.<\/p>\n<p datatype=\"p\" data-qa=\"Component-Component\" class=\"e8zc9q40 css-1c6uqr6 ec74h0k1\">Since the new law took effect on December 15, immigration lawyers in the United States and Canada say they have been overwhelmed by clients seeking help submitting proof of citizenship applications.<\/p>\n<p datatype=\"p\" data-qa=\"Component-Component\" class=\"e8zc9q40 css-1c6uqr6 ec74h0k1\">Driven by politics, family heritage, job opportunities and other factors, thousands of Americans are exploring whether the easier process makes now the right time to gain dual citizenship.<\/p>\n<p datatype=\"p\" data-qa=\"Component-Component\" class=\"e8zc9q40 css-1c6uqr6 ec74h0k1\">Nicholas Berning, an immigration lawyer at Boundary Bay Law in Bellingham, Washington, said his practice is \u201cpretty much flooded with this\u201d.<\/p>\n<figure data-qa=\"Component-StyledFigure\" class=\"css-19yzsmk e1t6i3s46\"><svg xmlns=\"http:\/\/www.w3.org\/2000\/svg\" width=\"42\" height=\"29\" viewbox=\"0 0 42 29\" fill=\"none\" data-qa=\"Component-StyledQuoteIcon\" class=\"css-0 e1t6i3s47\"><path fill-rule=\"evenodd\" clip-rule=\"evenodd\" d=\"M-0.000289917 9.38348L4.75373 4.78444L9.42532 0.104248V9.38348H18.9334L18.9334 28.1042H-0.000289917V9.38348ZM22.457 9.38332L27.1301 4.78428L31.8826 0.104086L31.8826 9.38332H41.3906V28.1041L22.457 28.1041L22.457 9.38332Z\" fill=\"black\"\/><\/svg><\/p>\n<blockquote data-qa=\"Component-StyledBlockquote\" class=\"css-1twxibn e1t6i3s45\"><p>The first words out of the first person I talked to in Australia was basically an expletive about Trump and the US \u2026 a Canadian passport just seemed easier, better, more palatable<\/p><\/blockquote>\n<div data-qa=\"Component-StyledFigcaptionContainer\" class=\"css-1yupmj4 e1t6i3s44\"><figcaption data-qa=\"Component-StyledFigcaption\" class=\"css-dwx5o0 e1t6i3s42\">Troy Hicks, US applicant for Canadian citizenship<\/figcaption><\/div>\n<\/figure>\n<\/div>\n<p><a href=\"https:\/\/www.scmp.com\/news\/world\/united-states-canada\/article\/3351206\/millions-americans-may-now-also-be-considered-canadian-under-new-law\">Source link <\/a><\/p>","protected":false},"excerpt":{"rendered":"<p>Potentially millions of Americans suddenly have a much easier path to Canadian citizenship, prompting a rush of people to explore their ancestry and file paperwork seeking dual citizenship. For people like Zack Loud of Farmington, Minnesota, it was a surprise to learn that under a new law, Canada already considered him and his siblings citizens [&hellip;]<\/p>\n","protected":false},"author":1,"featured_media":113492,"comment_status":"closed","ping_status":"","sticky":false,"template":"","format":"standard","meta":{"googlesitekit_rrm_CAow2JLhCw:productID":"","_gspb_post_css":"","maa_idioma":"","maa_pais":"","footnotes":""},"categories":[1],"tags":[3062,9807,12996,11736,3061],"class_list":["post-113491","post","type-post","status-publish","format-standard","has-post-thumbnail","hentry","category-ubirata","tag-americans","tag-canadian","tag-considered","tag-law","tag-millions"],"blocksy_meta":[],"yoast_head":"<!-- This site is optimized with the Yoast SEO Premium plugin v27.6 (Yoast SEO v27.6) - https:\/\/yoast.com\/product\/yoast-seo-premium-wordpress\/ -->\n<title>Millions of Americans may now also be considered Canadian under new law - Ubirat\u00e3 Online Not\u00edcias - A realidade ao seu alcance!<\/title>\n<meta name=\"description\" content=\"Potentially millions of Americans suddenly have a much easier path to Canadian citizenship, prompting a rush of people to explore their ancestry and file\" \/>\n<meta name=\"robots\" content=\"index, follow, max-snippet:-1, max-image-preview:large, max-video-preview:-1\" \/>\n<link rel=\"canonical\" href=\"https:\/\/ubirataonline.com.br\/en\/millions-of-americans-may-now-also-be-considered-canadian-under-new-law\/\" \/>\n<meta property=\"og:locale\" content=\"en_US\" \/>\n<meta property=\"og:type\" content=\"article\" \/>\n<meta property=\"og:title\" content=\"Millions of Americans may now also be considered Canadian under new law\" \/>\n<meta property=\"og:description\" content=\"Potentially millions of Americans suddenly have a much easier path to Canadian citizenship, prompting a rush of people to explore their ancestry and file\" \/>\n<meta property=\"og:url\" content=\"https:\/\/ubirataonline.com.br\/en\/millions-of-americans-may-now-also-be-considered-canadian-under-new-law\/\" \/>\n<meta property=\"og:site_name\" content=\"Ubirat\u00e3 Online Not\u00edcias - A realidade ao seu alcance!\" \/>\n<meta property=\"article:publisher\" content=\"https:\/\/www.facebook.com\/portalubirataonline\" \/>\n<meta property=\"article:author\" content=\"https:\/\/www.facebook.com\/portalubirataonline\" \/>\n<meta property=\"article:published_time\" content=\"2026-04-23T21:28:19+00:00\" \/>\n<meta property=\"article:modified_time\" content=\"2026-04-23T21:28:22+00:00\" \/>\n<meta property=\"og:image\" content=\"https:\/\/ubirataonline.com.br\/wp-content\/uploads\/2026\/04\/Millions-of-Americans-may-now-also-be-considered-Canadian-under.jpg\" \/>\n\t<meta property=\"og:image:width\" content=\"1200\" \/>\n\t<meta property=\"og:image:height\" content=\"630\" \/>\n\t<meta property=\"og:image:type\" content=\"image\/jpeg\" \/>\n<meta name=\"author\" content=\"REDA\u00c7\u00c3O: UBIRAT\u00c3 ONLINE - F\u00c1BIO AUGUSTO CELESTINO\" \/>\n<meta name=\"twitter:card\" content=\"summary_large_image\" \/>\n<meta name=\"twitter:creator\" content=\"@x.com\/ubirataonline\" \/>\n<meta name=\"twitter:site\" content=\"@ubirataonline\" \/>\n<meta name=\"twitter:label1\" content=\"Written by\" \/>\n\t<meta name=\"twitter:data1\" content=\"REDA\u00c7\u00c3O: UBIRAT\u00c3 ONLINE - F\u00c1BIO AUGUSTO CELESTINO\" \/>\n\t<meta name=\"twitter:label2\" content=\"Est. reading time\" \/>\n\t<meta name=\"twitter:data2\" content=\"1 minute\" \/>\n<script type=\"application\/ld+json\" class=\"yoast-schema-graph\">{\"@context\":\"https:\\\/\\\/schema.org\",\"@graph\":[{\"@type\":\"NewsArticle\",\"@id\":\"https:\\\/\\\/ubirataonline.com.br\\\/millions-of-americans-may-now-also-be-considered-canadian-under-new-law\\\/#article\",\"isPartOf\":{\"@id\":\"https:\\\/\\\/ubirataonline.com.br\\\/millions-of-americans-may-now-also-be-considered-canadian-under-new-law\\\/\"},\"author\":{\"name\":\"REDA\u00c7\u00c3O: UBIRAT\u00c3 ONLINE - F\u00c1BIO AUGUSTO CELESTINO\",\"@id\":\"https:\\\/\\\/ubirataonline.com.br\\\/#\\\/schema\\\/person\\\/372f87bbd3fdd79b8556b84c98d0bc1c\"},\"headline\":\"Millions of Americans may now also be considered Canadian under new law\",\"datePublished\":\"2026-04-23T21:28:19+00:00\",\"dateModified\":\"2026-04-23T21:28:22+00:00\",\"mainEntityOfPage\":{\"@id\":\"https:\\\/\\\/ubirataonline.com.br\\\/millions-of-americans-may-now-also-be-considered-canadian-under-new-law\\\/\"},\"wordCount\":217,\"publisher\":{\"@id\":\"https:\\\/\\\/ubirataonline.com.br\\\/#organization\"},\"image\":{\"@id\":\"https:\\\/\\\/ubirataonline.com.br\\\/millions-of-americans-may-now-also-be-considered-canadian-under-new-law\\\/#primaryimage\"},\"thumbnailUrl\":\"https:\\\/\\\/ubirataonline.com.br\\\/wp-content\\\/uploads\\\/2026\\\/04\\\/Millions-of-Americans-may-now-also-be-considered-Canadian-under.jpg\",\"keywords\":[\"Americans\",\"Canadian\",\"Considered\",\"Law\",\"millions\"],\"articleSection\":[\"Ubirat\u00e3\"],\"inLanguage\":\"en-US\",\"copyrightYear\":\"2026\",\"copyrightHolder\":{\"@id\":\"https:\\\/\\\/ubirataonline.com.br\\\/en\\\/#organization\"}},{\"@type\":\"WebPage\",\"@id\":\"https:\\\/\\\/ubirataonline.com.br\\\/millions-of-americans-may-now-also-be-considered-canadian-under-new-law\\\/\",\"url\":\"https:\\\/\\\/ubirataonline.com.br\\\/millions-of-americans-may-now-also-be-considered-canadian-under-new-law\\\/\",\"name\":\"Millions of Americans may now also be considered Canadian under new law - Ubirat\u00e3 Online Not\u00edcias - A realidade ao seu alcance!\",\"isPartOf\":{\"@id\":\"https:\\\/\\\/ubirataonline.com.br\\\/#website\"},\"primaryImageOfPage\":{\"@id\":\"https:\\\/\\\/ubirataonline.com.br\\\/millions-of-americans-may-now-also-be-considered-canadian-under-new-law\\\/#primaryimage\"},\"image\":{\"@id\":\"https:\\\/\\\/ubirataonline.com.br\\\/millions-of-americans-may-now-also-be-considered-canadian-under-new-law\\\/#primaryimage\"},\"thumbnailUrl\":\"https:\\\/\\\/ubirataonline.com.br\\\/wp-content\\\/uploads\\\/2026\\\/04\\\/Millions-of-Americans-may-now-also-be-considered-Canadian-under.jpg\",\"datePublished\":\"2026-04-23T21:28:19+00:00\",\"dateModified\":\"2026-04-23T21:28:22+00:00\",\"description\":\"Potentially millions of Americans suddenly have a much easier path to Canadian citizenship, prompting a rush of people to explore their ancestry and file\",\"breadcrumb\":{\"@id\":\"https:\\\/\\\/ubirataonline.com.br\\\/millions-of-americans-may-now-also-be-considered-canadian-under-new-law\\\/#breadcrumb\"},\"inLanguage\":\"en-US\",\"potentialAction\":[{\"@type\":\"ReadAction\",\"target\":[\"https:\\\/\\\/ubirataonline.com.br\\\/millions-of-americans-may-now-also-be-considered-canadian-under-new-law\\\/\"]}]},{\"@type\":\"ImageObject\",\"inLanguage\":\"en-US\",\"@id\":\"https:\\\/\\\/ubirataonline.com.br\\\/millions-of-americans-may-now-also-be-considered-canadian-under-new-law\\\/#primaryimage\",\"url\":\"https:\\\/\\\/ubirataonline.com.br\\\/wp-content\\\/uploads\\\/2026\\\/04\\\/Millions-of-Americans-may-now-also-be-considered-Canadian-under.jpg\",\"contentUrl\":\"https:\\\/\\\/ubirataonline.com.br\\\/wp-content\\\/uploads\\\/2026\\\/04\\\/Millions-of-Americans-may-now-also-be-considered-Canadian-under.jpg\",\"width\":1200,\"height\":630,\"caption\":\"Troy Hicks, US applicant for Canadian citizenship\"},{\"@type\":\"BreadcrumbList\",\"@id\":\"https:\\\/\\\/ubirataonline.com.br\\\/millions-of-americans-may-now-also-be-considered-canadian-under-new-law\\\/#breadcrumb\",\"itemListElement\":[{\"@type\":\"ListItem\",\"position\":1,\"name\":\"In\u00edcio\",\"item\":\"https:\\\/\\\/ubirataonline.com.br\\\/\"},{\"@type\":\"ListItem\",\"position\":2,\"name\":\"Millions of Americans may now also be considered Canadian under new law\"}]},{\"@type\":\"WebSite\",\"@id\":\"https:\\\/\\\/ubirataonline.com.br\\\/#website\",\"url\":\"https:\\\/\\\/ubirataonline.com.br\\\/\",\"name\":\"Ubirat\u00e3 Online Not\u00edcias\",\"description\":\"Not\u00edcias de Ubirat\u00e3, regi\u00e3o, Brasil e mundo, com informa\u00e7\u00e3o atualizada e compromisso com o leitor.\",\"publisher\":{\"@id\":\"https:\\\/\\\/ubirataonline.com.br\\\/#organization\"},\"alternateName\":\"Ubirat\u00e3 Online\",\"potentialAction\":[{\"@type\":\"SearchAction\",\"target\":{\"@type\":\"EntryPoint\",\"urlTemplate\":\"https:\\\/\\\/ubirataonline.com.br\\\/?s={search_term_string}\"},\"query-input\":{\"@type\":\"PropertyValueSpecification\",\"valueRequired\":true,\"valueName\":\"search_term_string\"}}],\"inLanguage\":\"en-US\"},{\"@type\":[\"Organization\",\"Place\"],\"@id\":\"https:\\\/\\\/ubirataonline.com.br\\\/#organization\",\"name\":\"Ubirat\u00e3 Online Not\u00edcias\",\"alternateName\":\"Ubirat\u00e3 Online\",\"url\":\"https:\\\/\\\/ubirataonline.com.br\\\/\",\"logo\":{\"@id\":\"https:\\\/\\\/ubirataonline.com.br\\\/millions-of-americans-may-now-also-be-considered-canadian-under-new-law\\\/#local-main-organization-logo\"},\"image\":{\"@id\":\"https:\\\/\\\/ubirataonline.com.br\\\/millions-of-americans-may-now-also-be-considered-canadian-under-new-law\\\/#local-main-organization-logo\"},\"sameAs\":[\"https:\\\/\\\/www.facebook.com\\\/portalubirataonline\",\"https:\\\/\\\/x.com\\\/ubirataonline\",\"https:\\\/\\\/mastodon.social\\\/@ubirataonline\",\"https:\\\/\\\/www.facebook.com\\\/groups\\\/311144672285604\",\"https:\\\/\\\/www.facebook.com\\\/UBTAOnline\",\"https:\\\/\\\/www.instagram.com\\\/portalubirataonline\\\/\",\"https:\\\/\\\/twitter.com\\\/ubirataonline\"],\"description\":\"Somos um portal de not\u00edcias independente, criado em 5 de janeiro de 2009, com o objetivo de informar, conectar e valorizar a nossa comunidade de Ubirat\u00e3 e toda aregi\u00e3o. Com conte\u00fado atualizado, confi\u00e1vel e relevante, o Ubirat\u00e3 Online \u00e9 o seu espa\u00e7o para ficar por dentro dos principais acontecimentos locais, regionais, Brasil, Mundo e de interesse geral. Nosso compromisso \u00e9 com a verdade, a transpar\u00eancia e o respeito ao leitor.\",\"legalName\":\"UBIRATA ONLINE NOT\u00cdCIAS\",\"foundingDate\":\"2009-01-05\",\"numberOfEmployees\":{\"@type\":\"QuantitativeValue\",\"minValue\":\"1\",\"maxValue\":\"10\"},\"publishingPrinciples\":\"https:\\\/\\\/ubirataonline.com.br\\\/faq\\\/\",\"address\":{\"@id\":\"https:\\\/\\\/ubirataonline.com.br\\\/millions-of-americans-may-now-also-be-considered-canadian-under-new-law\\\/#local-main-place-address\"},\"geo\":{\"@type\":\"GeoCoordinates\",\"latitude\":\"-24.5361401\",\"longitude\":\"-52.9921776\"},\"telephone\":[\"+5544998308235\"],\"contactPoint\":{\"@type\":\"ContactPoint\",\"email\":\"contato@ubirataonline.com.br\"},\"openingHoursSpecification\":{\"@type\":\"OpeningHoursSpecification\",\"dayOfWeek\":[\"Monday\",\"Tuesday\",\"Wednesday\",\"Thursday\",\"Friday\",\"Saturday\",\"Sunday\"],\"opens\":\"00:00\",\"closes\":\"23:59\"},\"email\":\"contato@ubirataonline.com.br\",\"vatID\":\"47.621.418\\\/0001-80\"},{\"@type\":\"Person\",\"@id\":\"https:\\\/\\\/ubirataonline.com.br\\\/#\\\/schema\\\/person\\\/372f87bbd3fdd79b8556b84c98d0bc1c\",\"name\":\"REDA\u00c7\u00c3O: UBIRAT\u00c3 ONLINE - F\u00c1BIO AUGUSTO CELESTINO\",\"pronouns\":\"Ele\",\"description\":\"Desde 2003 trabalhando com not\u00edcias.\",\"sameAs\":[\"http:\\\/\\\/ubirataoline.com.br\",\"https:\\\/\\\/www.facebook.com\\\/portalubirataonline\",\"https:\\\/\\\/www.instagram.com\\\/ubirataonline_oficial\",\"https:\\\/\\\/x.com\\\/x.com\\\/ubirataonline\"],\"honorificPrefix\":\"Mr.\",\"honorificSuffix\":\"MD\",\"birthDate\":\"1980-06-16\",\"gender\":\"masculino\",\"award\":[\"V\u00e1rios pr\u00eamios de melhor portal da cidade\"],\"jobTitle\":\"Diretor\",\"url\":\"https:\\\/\\\/ubirataonline.com.br\\\/en\\\/author\\\/ubirataonline\\\/\"},{\"@type\":\"PostalAddress\",\"@id\":\"https:\\\/\\\/ubirataonline.com.br\\\/millions-of-americans-may-now-also-be-considered-canadian-under-new-law\\\/#local-main-place-address\",\"streetAddress\":\"Rua dos Coqueiros, 104 - Bairro Boa Vista, Rua dos Coqueiros, 104 Bairro Boa Vista\",\"addressLocality\":\"UBIRATA\",\"postalCode\":\"85440-000\",\"addressRegion\":\"PR\",\"addressCountry\":\"BR\"},{\"@type\":\"ImageObject\",\"inLanguage\":\"en-US\",\"@id\":\"https:\\\/\\\/ubirataonline.com.br\\\/millions-of-americans-may-now-also-be-considered-canadian-under-new-law\\\/#local-main-organization-logo\",\"url\":\"https:\\\/\\\/ubirataonline.com.br\\\/wp-content\\\/uploads\\\/2026\\\/06\\\/logoubirataonline-1.webp\",\"contentUrl\":\"https:\\\/\\\/ubirataonline.com.br\\\/wp-content\\\/uploads\\\/2026\\\/06\\\/logoubirataonline-1.webp\",\"width\":500,\"height\":500,\"caption\":\"Ubirat\u00e3 Online Not\u00edcias\"}]}<\/script>\n<meta name=\"geo.placename\" content=\"UBIRATA\" \/>\n<meta name=\"geo.position\" content=\"-24.5361401;-52.9921776\" \/>\n<meta name=\"geo.region\" content=\"Brazil\" \/>\n<!-- \/ Yoast SEO Premium plugin. -->","yoast_head_json":{"title":"Millions of Americans may now also be considered Canadian under new law - Ubirat\u00e3 Online Not\u00edcias - A realidade ao seu alcance!","description":"Potentially millions of Americans suddenly have a much easier path to Canadian citizenship, prompting a rush of people to explore their ancestry and file","robots":{"index":"index","follow":"follow","max-snippet":"max-snippet:-1","max-image-preview":"max-image-preview:large","max-video-preview":"max-video-preview:-1"},"canonical":"https:\/\/ubirataonline.com.br\/en\/millions-of-americans-may-now-also-be-considered-canadian-under-new-law\/","og_locale":"en_US","og_type":"article","og_title":"Millions of Americans may now also be considered Canadian under new law","og_description":"Potentially millions of Americans suddenly have a much easier path to Canadian citizenship, prompting a rush of people to explore their ancestry and file","og_url":"https:\/\/ubirataonline.com.br\/en\/millions-of-americans-may-now-also-be-considered-canadian-under-new-law\/","og_site_name":"Ubirat\u00e3 Online Not\u00edcias - A realidade ao seu alcance!","article_publisher":"https:\/\/www.facebook.com\/portalubirataonline","article_author":"https:\/\/www.facebook.com\/portalubirataonline","article_published_time":"2026-04-23T21:28:19+00:00","article_modified_time":"2026-04-23T21:28:22+00:00","og_image":[{"width":1200,"height":630,"url":"https:\/\/ubirataonline.com.br\/wp-content\/uploads\/2026\/04\/Millions-of-Americans-may-now-also-be-considered-Canadian-under.jpg","type":"image\/jpeg"}],"author":"REDA\u00c7\u00c3O: UBIRAT\u00c3 ONLINE - F\u00c1BIO AUGUSTO CELESTINO","twitter_card":"summary_large_image","twitter_creator":"@x.com\/ubirataonline","twitter_site":"@ubirataonline","twitter_misc":{"Written by":"REDA\u00c7\u00c3O: UBIRAT\u00c3 ONLINE - F\u00c1BIO AUGUSTO CELESTINO","Est. reading time":"1 minute"},"schema":{"@context":"https:\/\/schema.org","@graph":[{"@type":"NewsArticle","@id":"https:\/\/ubirataonline.com.br\/millions-of-americans-may-now-also-be-considered-canadian-under-new-law\/#article","isPartOf":{"@id":"https:\/\/ubirataonline.com.br\/millions-of-americans-may-now-also-be-considered-canadian-under-new-law\/"},"author":{"name":"REDA\u00c7\u00c3O: UBIRAT\u00c3 ONLINE - F\u00c1BIO AUGUSTO CELESTINO","@id":"https:\/\/ubirataonline.com.br\/#\/schema\/person\/372f87bbd3fdd79b8556b84c98d0bc1c"},"headline":"Millions of Americans may now also be considered Canadian under new law","datePublished":"2026-04-23T21:28:19+00:00","dateModified":"2026-04-23T21:28:22+00:00","mainEntityOfPage":{"@id":"https:\/\/ubirataonline.com.br\/millions-of-americans-may-now-also-be-considered-canadian-under-new-law\/"},"wordCount":217,"publisher":{"@id":"https:\/\/ubirataonline.com.br\/#organization"},"image":{"@id":"https:\/\/ubirataonline.com.br\/millions-of-americans-may-now-also-be-considered-canadian-under-new-law\/#primaryimage"},"thumbnailUrl":"https:\/\/ubirataonline.com.br\/wp-content\/uploads\/2026\/04\/Millions-of-Americans-may-now-also-be-considered-Canadian-under.jpg","keywords":["Americans","Canadian","Considered","Law","millions"],"articleSection":["Ubirat\u00e3"],"inLanguage":"en-US","copyrightYear":"2026","copyrightHolder":{"@id":"https:\/\/ubirataonline.com.br\/en\/#organization"}},{"@type":"WebPage","@id":"https:\/\/ubirataonline.com.br\/millions-of-americans-may-now-also-be-considered-canadian-under-new-law\/","url":"https:\/\/ubirataonline.com.br\/millions-of-americans-may-now-also-be-considered-canadian-under-new-law\/","name":"Millions of Americans may now also be considered Canadian under new law - Ubirat\u00e3 Online Not\u00edcias - A realidade ao seu alcance!","isPartOf":{"@id":"https:\/\/ubirataonline.com.br\/#website"},"primaryImageOfPage":{"@id":"https:\/\/ubirataonline.com.br\/millions-of-americans-may-now-also-be-considered-canadian-under-new-law\/#primaryimage"},"image":{"@id":"https:\/\/ubirataonline.com.br\/millions-of-americans-may-now-also-be-considered-canadian-under-new-law\/#primaryimage"},"thumbnailUrl":"https:\/\/ubirataonline.com.br\/wp-content\/uploads\/2026\/04\/Millions-of-Americans-may-now-also-be-considered-Canadian-under.jpg","datePublished":"2026-04-23T21:28:19+00:00","dateModified":"2026-04-23T21:28:22+00:00","description":"Potentially millions of Americans suddenly have a much easier path to Canadian citizenship, prompting a rush of people to explore their ancestry and file","breadcrumb":{"@id":"https:\/\/ubirataonline.com.br\/millions-of-americans-may-now-also-be-considered-canadian-under-new-law\/#breadcrumb"},"inLanguage":"en-US","potentialAction":[{"@type":"ReadAction","target":["https:\/\/ubirataonline.com.br\/millions-of-americans-may-now-also-be-considered-canadian-under-new-law\/"]}]},{"@type":"ImageObject","inLanguage":"en-US","@id":"https:\/\/ubirataonline.com.br\/millions-of-americans-may-now-also-be-considered-canadian-under-new-law\/#primaryimage","url":"https:\/\/ubirataonline.com.br\/wp-content\/uploads\/2026\/04\/Millions-of-Americans-may-now-also-be-considered-Canadian-under.jpg","contentUrl":"https:\/\/ubirataonline.com.br\/wp-content\/uploads\/2026\/04\/Millions-of-Americans-may-now-also-be-considered-Canadian-under.jpg","width":1200,"height":630,"caption":"Troy Hicks, US applicant for Canadian citizenship"},{"@type":"BreadcrumbList","@id":"https:\/\/ubirataonline.com.br\/millions-of-americans-may-now-also-be-considered-canadian-under-new-law\/#breadcrumb","itemListElement":[{"@type":"ListItem","position":1,"name":"In\u00edcio","item":"https:\/\/ubirataonline.com.br\/"},{"@type":"ListItem","position":2,"name":"Millions of Americans may now also be considered Canadian under new law"}]},{"@type":"WebSite","@id":"https:\/\/ubirataonline.com.br\/#website","url":"https:\/\/ubirataonline.com.br\/","name":"Ubirat\u00e3 Online Not\u00edcias","description":"Not\u00edcias de Ubirat\u00e3, regi\u00e3o, Brasil e mundo, com informa\u00e7\u00e3o atualizada e compromisso com o leitor.","publisher":{"@id":"https:\/\/ubirataonline.com.br\/#organization"},"alternateName":"Ubirat\u00e3 Online","potentialAction":[{"@type":"SearchAction","target":{"@type":"EntryPoint","urlTemplate":"https:\/\/ubirataonline.com.br\/?s={search_term_string}"},"query-input":{"@type":"PropertyValueSpecification","valueRequired":true,"valueName":"search_term_string"}}],"inLanguage":"en-US"},{"@type":["Organization","Place"],"@id":"https:\/\/ubirataonline.com.br\/#organization","name":"Ubirat\u00e3 Online Not\u00edcias","alternateName":"Ubirat\u00e3 Online","url":"https:\/\/ubirataonline.com.br\/","logo":{"@id":"https:\/\/ubirataonline.com.br\/millions-of-americans-may-now-also-be-considered-canadian-under-new-law\/#local-main-organization-logo"},"image":{"@id":"https:\/\/ubirataonline.com.br\/millions-of-americans-may-now-also-be-considered-canadian-under-new-law\/#local-main-organization-logo"},"sameAs":["https:\/\/www.facebook.com\/portalubirataonline","https:\/\/x.com\/ubirataonline","https:\/\/mastodon.social\/@ubirataonline","https:\/\/www.facebook.com\/groups\/311144672285604","https:\/\/www.facebook.com\/UBTAOnline","https:\/\/www.instagram.com\/portalubirataonline\/","https:\/\/twitter.com\/ubirataonline"],"description":"Somos um portal de not\u00edcias independente, criado em 5 de janeiro de 2009, com o objetivo de informar, conectar e valorizar a nossa comunidade de Ubirat\u00e3 e toda aregi\u00e3o. Com conte\u00fado atualizado, confi\u00e1vel e relevante, o Ubirat\u00e3 Online \u00e9 o seu espa\u00e7o para ficar por dentro dos principais acontecimentos locais, regionais, Brasil, Mundo e de interesse geral. Nosso compromisso \u00e9 com a verdade, a transpar\u00eancia e o respeito ao leitor.","legalName":"UBIRATA ONLINE NOT\u00cdCIAS","foundingDate":"2009-01-05","numberOfEmployees":{"@type":"QuantitativeValue","minValue":"1","maxValue":"10"},"publishingPrinciples":"https:\/\/ubirataonline.com.br\/faq\/","address":{"@id":"https:\/\/ubirataonline.com.br\/millions-of-americans-may-now-also-be-considered-canadian-under-new-law\/#local-main-place-address"},"geo":{"@type":"GeoCoordinates","latitude":"-24.5361401","longitude":"-52.9921776"},"telephone":["+5544998308235"],"contactPoint":{"@type":"ContactPoint","email":"contato@ubirataonline.com.br"},"openingHoursSpecification":{"@type":"OpeningHoursSpecification","dayOfWeek":["Monday","Tuesday","Wednesday","Thursday","Friday","Saturday","Sunday"],"opens":"00:00","closes":"23:59"},"email":"contato@ubirataonline.com.br","vatID":"47.621.418\/0001-80"},{"@type":"Person","@id":"https:\/\/ubirataonline.com.br\/#\/schema\/person\/372f87bbd3fdd79b8556b84c98d0bc1c","name":"REDA\u00c7\u00c3O: UBIRAT\u00c3 ONLINE - F\u00c1BIO AUGUSTO CELESTINO","pronouns":"Ele","description":"Desde 2003 trabalhando com not\u00edcias.","sameAs":["http:\/\/ubirataoline.com.br","https:\/\/www.facebook.com\/portalubirataonline","https:\/\/www.instagram.com\/ubirataonline_oficial","https:\/\/x.com\/x.com\/ubirataonline"],"honorificPrefix":"Mr.","honorificSuffix":"MD","birthDate":"1980-06-16","gender":"masculino","award":["V\u00e1rios pr\u00eamios de melhor portal da cidade"],"jobTitle":"Diretor","url":"https:\/\/ubirataonline.com.br\/en\/author\/ubirataonline\/"},{"@type":"PostalAddress","@id":"https:\/\/ubirataonline.com.br\/millions-of-americans-may-now-also-be-considered-canadian-under-new-law\/#local-main-place-address","streetAddress":"Rua dos Coqueiros, 104 - Bairro Boa Vista, Rua dos Coqueiros, 104 Bairro Boa Vista","addressLocality":"UBIRATA","postalCode":"85440-000","addressRegion":"PR","addressCountry":"BR"},{"@type":"ImageObject","inLanguage":"en-US","@id":"https:\/\/ubirataonline.com.br\/millions-of-americans-may-now-also-be-considered-canadian-under-new-law\/#local-main-organization-logo","url":"https:\/\/ubirataonline.com.br\/wp-content\/uploads\/2026\/06\/logoubirataonline-1.webp","contentUrl":"https:\/\/ubirataonline.com.br\/wp-content\/uploads\/2026\/06\/logoubirataonline-1.webp","width":500,"height":500,"caption":"Ubirat\u00e3 Online Not\u00edcias"}]},"geo.placename":"UBIRATA","geo.position":{"lat":"-24.5361401","long":"-52.9921776"},"geo.region":"Brazil"},"_links":{"self":[{"href":"https:\/\/ubirataonline.com.br\/en\/wp-json\/wp\/v2\/posts\/113491","targetHints":{"allow":["GET"]}}],"collection":[{"href":"https:\/\/ubirataonline.com.br\/en\/wp-json\/wp\/v2\/posts"}],"about":[{"href":"https:\/\/ubirataonline.com.br\/en\/wp-json\/wp\/v2\/types\/post"}],"author":[{"embeddable":true,"href":"https:\/\/ubirataonline.com.br\/en\/wp-json\/wp\/v2\/users\/1"}],"replies":[{"embeddable":true,"href":"https:\/\/ubirataonline.com.br\/en\/wp-json\/wp\/v2\/comments?post=113491"}],"version-history":[{"count":0,"href":"https:\/\/ubirataonline.com.br\/en\/wp-json\/wp\/v2\/posts\/113491\/revisions"}],"wp:featuredmedia":[{"embeddable":true,"href":"https:\/\/ubirataonline.com.br\/en\/wp-json\/wp\/v2\/media\/113492"}],"wp:attachment":[{"href":"https:\/\/ubirataonline.com.br\/en\/wp-json\/wp\/v2\/media?parent=113491"}],"wp:term":[{"taxonomy":"category","embeddable":true,"href":"https:\/\/ubirataonline.com.br\/en\/wp-json\/wp\/v2\/categories?post=113491"},{"taxonomy":"post_tag","embeddable":true,"href":"https:\/\/ubirataonline.com.br\/en\/wp-json\/wp\/v2\/tags?post=113491"}],"curies":[{"name":"wp","href":"https:\/\/api.w.org\/{rel}","templated":true}]}}