{"id":113500,"date":"2026-04-23T18:48:07","date_gmt":"2026-04-23T21:48:07","guid":{"rendered":"https:\/\/ubirataonline.com.br\/southern-poverty-law-center-what-to-know-about-dojs-criminal-case\/"},"modified":"2026-04-23T18:48:09","modified_gmt":"2026-04-23T21:48:09","slug":"southern-poverty-law-center-what-to-know-about-dojs-criminal-case","status":"publish","type":"post","link":"https:\/\/ubirataonline.com.br\/en\/southern-poverty-law-center-what-to-know-about-dojs-criminal-case\/","title":{"rendered":"Southern Poverty Law Center: What to know about DOJ\u2019s criminal case"},"content":{"rendered":"<p><br \/>\n<\/p>\n<div data-editable=\"content\" itemprop=\"articleBody\" data-reorderable=\"content\">\n<p class=\"paragraph-elevate inline-placeholder vossi-paragraph_elevate\" data-uri=\"cms.cnn.com\/_components\/paragraph\/instances\/cmoakcf5o007127ql4exacqc6@published\" data-editable=\"text\" data-component-name=\"paragraph\" data-article-gutter=\"true\">\n            The Justice Department <a href=\"https:\/\/www.cnn.com\/2026\/04\/21\/politics\/splc-justice-department-criminal-investigation\">announced charges Tuesday<\/a> against the Southern Poverty Law Center, alleging the storied civil rights organization defrauded its donors by funding the extremism it claimed to be fighting.\n    <\/p>\n<p class=\"paragraph-elevate inline-placeholder vossi-paragraph_elevate\" data-uri=\"cms.cnn.com\/_components\/paragraph\/instances\/cmoakdkq900043b6qfx7pon7v@published\" data-editable=\"text\" data-component-name=\"paragraph\" data-article-gutter=\"true\">\n            The fraudulent scheme played out over nearly 10 years, prosecutors allege, when the Southern Poverty Law Center used more than $3 million in donor funds to secretly pay leaders of violent extremist groups to act as confidential informants without disclosing where that money was going.\n    <\/p>\n<p class=\"paragraph-elevate inline-placeholder vossi-paragraph_elevate\" data-uri=\"cms.cnn.com\/_components\/paragraph\/instances\/cmoakdkq900053b6qbr717fj9@published\" data-editable=\"text\" data-component-name=\"paragraph\" data-article-gutter=\"true\">\n            The <a href=\"https:\/\/storage.courtlistener.com\/recap\/gov.uscourts.almd.90265\/gov.uscourts.almd.90265.1.0_1.pdf\" target=\"_blank\">14-page indictment<\/a>, however, offered few details of how donor money that paid the informants was used to further the groups\u2019 violent interests, or if donors felt blindsided by what their money was spent on \u2013 a glaring omission that legal experts say could spell trouble for prosecutors as they seek to secure a conviction.\n    <\/p>\n<p class=\"paragraph-elevate inline-placeholder vossi-paragraph_elevate\" data-uri=\"cms.cnn.com\/_components\/paragraph\/instances\/cmoakdkq900063b6q0wzi5j1r@published\" data-editable=\"text\" data-component-name=\"paragraph\" data-article-gutter=\"true\">\n            The case comes several months after FBI Director Kash Patel severed the bureau\u2019s ties with the SPLC after conservative criticism of the group intensified in the wake of Charlie Kirk\u2019s assassination last year. SPLC had long provided its research on hate crimes and extremism to the government, but Patel labeled it a \u201cpartisan smear machine\u201d for the attention it paid to a political group founded by Kirk.\n    <\/p>\n<p class=\"paragraph-elevate inline-placeholder vossi-paragraph_elevate\" data-uri=\"cms.cnn.com\/_components\/paragraph\/instances\/cmoakdkq900073b6qa1c2pvkq@published\" data-editable=\"text\" data-component-name=\"paragraph\" data-article-gutter=\"true\">\n            SPLC this week said in a statement that it \u201cwill vigorously defend ourselves, our staff, and our work\u201d\u202fagainst the \u201cfalse allegations,\u201d and said that their informant program saved lives over the years.\n    <\/p>\n<p class=\"paragraph-elevate inline-placeholder vossi-paragraph_elevate\" data-uri=\"cms.cnn.com\/_components\/paragraph\/instances\/cmoaketb3000f3b6qirjn5s8s@published\" data-editable=\"text\" data-component-name=\"paragraph\" data-article-gutter=\"true\">\n            The Southern Poverty Law Center began its practice of using paid informants in the 1980s, the indictment says. The center says its program was kept a secret to protect the informants as they infiltrated dangerous organizations like the Ku Klux Klan, the Aryan Nation and other neo-Nazi groups.\n    <\/p>\n<p class=\"paragraph-elevate inline-placeholder vossi-paragraph_elevate\" data-uri=\"cms.cnn.com\/_components\/paragraph\/instances\/cmoakev4y000h3b6qjb7eus1j@published\" data-editable=\"text\" data-component-name=\"paragraph\" data-article-gutter=\"true\">\n            \u201cWhen we began working with informants, we were living in the shadow of the height of the Civil Rights Movement, which\u202fhad seen\u202fbombings at churches, state-sponsored violence against demonstrators, and the murders of activists that went unanswered by the justice system,\u201d SPLC interim President and CEO Bryan Fair said in a statement Wednesday.\n    <\/p>\n<p class=\"paragraph-elevate inline-placeholder vossi-paragraph_elevate\" data-uri=\"cms.cnn.com\/_components\/paragraph\/instances\/cmoakev4y000i3b6qs0tl9wwn@published\" data-editable=\"text\" data-component-name=\"paragraph\" data-article-gutter=\"true\">\n            \u201cThere is no question that what we learned from informants saved lives,\u201d Fair said, while noting the practice has since been discontinued.\n    <\/p>\n<p class=\"paragraph-elevate inline-placeholder vossi-paragraph_elevate\" data-uri=\"cms.cnn.com\/_components\/paragraph\/instances\/cmoakev4y000j3b6qu16el8pd@published\" data-editable=\"text\" data-component-name=\"paragraph\" data-article-gutter=\"true\">\n            Justice Department prosecutors first started probing the center\u2019s use of paid informants under the Biden administration, acting Attorney General Todd Blanche said in a press conference Tuesday, but decided not to bring charges. The investigation was reopened during Trump\u2019s second term, Blanche said, though he declined to share any reasoning as to why.\n    <\/p>\n<p class=\"paragraph-elevate inline-placeholder vossi-paragraph_elevate\" data-uri=\"cms.cnn.com\/_components\/paragraph\/instances\/cmoakf6ij000n3b6qmg0mvfcc@published\" data-editable=\"text\" data-component-name=\"paragraph\" data-article-gutter=\"true\">\n            The indictment accuses the center of making false statements to a bank so that it could create accounts through which it secretly sent donated money to informants. The accounts were created under fake business names, such as \u201cTech Writers Group\u201d and \u201cRare Books Warehouse.\u201d\n    <\/p>\n<p class=\"paragraph-elevate inline-placeholder vossi-paragraph_elevate\" data-uri=\"cms.cnn.com\/_components\/paragraph\/instances\/cmoakfdbl000p3b6q1w0rgcwr@published\" data-editable=\"text\" data-component-name=\"paragraph\" data-article-gutter=\"true\">\n            Blanche said Tuesday that the center is \u201crequired to \u2013 under the laws associated with a nonprofit \u2013 to have certain transparency and honesty in what they\u2019re telling donors they\u2019re going to spend money on and what their mission statement is and what they\u2019re raising money doing.\u201d\n    <\/p>\n<p class=\"paragraph-elevate inline-placeholder vossi-paragraph_elevate\" data-uri=\"cms.cnn.com\/_components\/paragraph\/instances\/cmoakfdbl000q3b6qwpo2qrc9@published\" data-editable=\"text\" data-component-name=\"paragraph\" data-article-gutter=\"true\">\n            Prosecutors further allege that some of the money was used by extremists to commit other crimes, but the indictment does not include any specific instances of that occurring.\n    <\/p>\n<p class=\"paragraph-elevate inline-placeholder vossi-paragraph_elevate\" data-uri=\"cms.cnn.com\/_components\/paragraph\/instances\/cmoakfdbl000r3b6qewa1e0g9@published\" data-editable=\"text\" data-component-name=\"paragraph\" data-article-gutter=\"true\">\n            It does, however, give details about eight unnamed informants whom the center paid through the shell bank accounts. One informant, a member of a neo-Nazi group called the National Alliance, was allegedly paid more than $1 million over 10 years.\n    <\/p>\n<p class=\"paragraph-elevate inline-placeholder vossi-paragraph_elevate\" data-uri=\"cms.cnn.com\/_components\/paragraph\/instances\/cmoakgpq1000v3b6q1hgqs4h3@published\" data-editable=\"text\" data-component-name=\"paragraph\" data-article-gutter=\"true\">\n            Legal experts told CNN the case is likely to face a number of major hurdles given that the theory under which it\u2019s premised runs counter to the reality of the SPLC\u2019s stated objectives over the years.\n    <\/p>\n<p class=\"paragraph-elevate inline-placeholder vossi-paragraph_elevate\" data-uri=\"cms.cnn.com\/_components\/paragraph\/instances\/cmoakh16b000x3b6qaic333cg@published\" data-editable=\"text\" data-component-name=\"paragraph\" data-article-gutter=\"true\">\n            Because the organization has long made public its mission of dismantling extremist groups, it\u2019s \u201cpreposterous\u201d for the government to argue that any donor who\u2019s given money to SPLC didn\u2019t know what those funds were being used for and didn\u2019t support their money being used to pay informants, said retired federal Judge Nancy Gertner.\n    <\/p>\n<p class=\"paragraph-elevate inline-placeholder vossi-paragraph_elevate\" data-uri=\"cms.cnn.com\/_components\/paragraph\/instances\/cmoakh16b000y3b6qofbqsn6s@published\" data-editable=\"text\" data-component-name=\"paragraph\" data-article-gutter=\"true\">\n            \u201cEveryone understood the way they function and why they function and how that was part of the mission,\u201d Gertner said. \u201cSo it is a curious indictment.\u201d\n    <\/p>\n<p class=\"paragraph-elevate inline-placeholder vossi-paragraph_elevate\" data-uri=\"cms.cnn.com\/_components\/paragraph\/instances\/cmoakh16b000z3b6q24e4uvdf@published\" data-editable=\"text\" data-component-name=\"paragraph\" data-article-gutter=\"true\">\n            Gertner predicted that should the case get to trial, prosecutors may struggle to find witnesses to testify against the SPLC.\n    <\/p>\n<p class=\"paragraph-elevate inline-placeholder vossi-paragraph_elevate\" data-uri=\"cms.cnn.com\/_components\/paragraph\/instances\/cmoakh16b00103b6qeeo4v5mh@published\" data-editable=\"text\" data-component-name=\"paragraph\" data-article-gutter=\"true\">\n            \u201cI think it\u2019s going to fall apart because I think there will be no witnesses to support what they\u2019re saying,\u201d she said, adding that the case could also suffer setbacks before trial if the group can convince the judge overseeing it that the organization is being unfairly prosecuted.\n    <\/p>\n<p class=\"paragraph-elevate inline-placeholder vossi-paragraph_elevate\" data-uri=\"cms.cnn.com\/_components\/paragraph\/instances\/cmoakh16b00113b6q51zbspvo@published\" data-editable=\"text\" data-component-name=\"paragraph\" data-article-gutter=\"true\">\n            Such requests to dismiss a case based on claims of a selective or vindictive prosecution are rarely granted, but judges have appeared more receptive to them since Trump returned to the White House last year. Gertner said SPLC may point to the administration\u2019s antagonization of the group as evidence that it\u2019s being singled out for criminal punishment.\n    <\/p>\n<p class=\"paragraph-elevate inline-placeholder vossi-paragraph_elevate\" data-uri=\"cms.cnn.com\/_components\/paragraph\/instances\/cmoakh16b00123b6qhdyfqy5n@published\" data-editable=\"text\" data-component-name=\"paragraph\" data-article-gutter=\"true\">\n            Abbe Smith, a professor at Georgetown Law who specializes in criminal matters, also said that SPLC may try to get the charges tossed out based on an argument that the case runs up against the group\u2019s First Amendment rights.\n    <\/p>\n<p class=\"paragraph-elevate inline-placeholder vossi-paragraph_elevate\" data-uri=\"cms.cnn.com\/_components\/paragraph\/instances\/cmoakh16b00133b6q9tng55ka@published\" data-editable=\"text\" data-component-name=\"paragraph\" data-article-gutter=\"true\">\n            \u201cThe activities that Southern Poverty Law Center are engaging in are basically speech and association,\u201d she said.\n    <\/p>\n<p class=\"paragraph-elevate inline-placeholder vossi-paragraph_elevate\" data-uri=\"cms.cnn.com\/_components\/paragraph\/instances\/cmoakjx8j001n3b6qwyf0tu6l@published\" data-editable=\"text\" data-component-name=\"paragraph\" data-article-gutter=\"true\">\n            The case, which was brought in Montgomery, Alabama, is being overseen by US District Judge Emily Marks, who was appointed to the bench by Trump. Initial proceedings have not yet been scheduled.\n    <\/p>\n<p class=\"paragraph-elevate inline-placeholder vossi-paragraph_elevate\" data-uri=\"cms.cnn.com\/_components\/paragraph\/instances\/cmoakhkz100173b6qtizpgvd0@published\" data-editable=\"text\" data-component-name=\"paragraph\" data-article-gutter=\"true\">\n            Some observers have also raised concerns that the case was borne out of the Trump administration\u2019s desire to use the Justice Department to silence its critics.\n    <\/p>\n<p class=\"paragraph-elevate inline-placeholder vossi-paragraph_elevate\" data-uri=\"cms.cnn.com\/_components\/paragraph\/instances\/cmoakhv8i00193b6qs1txdvyj@published\" data-editable=\"text\" data-component-name=\"paragraph\" data-article-gutter=\"true\">\n            For years, the Southern Poverty Law Center has faced accusations from Republicans who say it has unfairly maligned conservative organizations and individuals as extremists.\n    <\/p>\n<p class=\"paragraph-elevate inline-placeholder vossi-paragraph_elevate\" data-uri=\"cms.cnn.com\/_components\/paragraph\/instances\/cmoakhv8i001a3b6qdj5edvzd@published\" data-editable=\"text\" data-component-name=\"paragraph\" data-article-gutter=\"true\">\n            The center has been outwardly critical of the Trump administration\u2019s policies on immigration, voting restrictions, education and other social issues. It has supported several lawsuits against the administration and GOP lawmakers across the country.\n    <\/p>\n<p class=\"paragraph-elevate inline-placeholder vossi-paragraph_elevate\" data-uri=\"cms.cnn.com\/_components\/paragraph\/instances\/cmoakhv8i001b3b6quvz0u9az@published\" data-editable=\"text\" data-component-name=\"paragraph\" data-article-gutter=\"true\">\n            Allegations of anti-conservative bias intensified in the wake of Kirk\u2019s death last year, as the SPLC had described Kirk\u2019s organization, Turning Point USA, in a report as <a href=\"https:\/\/www.splcenter.org\/resources\/reports\/turning-point-usa-case-study-hard-right-2024\/\" target=\"_blank\">\u201cA Case Study of the Hard Right in 2024.\u201d<\/a>\n    <\/p>\n<p class=\"paragraph-elevate inline-placeholder vossi-paragraph_elevate\" data-uri=\"cms.cnn.com\/_components\/paragraph\/instances\/cmoakhv8i001c3b6q723ugw04@published\" data-editable=\"text\" data-component-name=\"paragraph\" data-article-gutter=\"true\">\n            Patel quickly broke ties with the SPLC in October, arguing, without evidence, that its research \u201chas been used to defame mainstream Americans and even inspired violence.\u201d\n    <\/p>\n<p class=\"paragraph-elevate inline-placeholder vossi-paragraph_elevate\" data-uri=\"cms.cnn.com\/_components\/paragraph\/instances\/cmoakhv8i001d3b6qqvzdmak6@published\" data-editable=\"text\" data-component-name=\"paragraph\" data-article-gutter=\"true\">\n            \u201cThat disgraceful record makes them unfit for any FBI partnership,\u201d Patel said in a post on X.\n    <\/p>\n<p class=\"paragraph-elevate inline-placeholder vossi-paragraph_elevate\" data-uri=\"cms.cnn.com\/_components\/paragraph\/instances\/cmoakhv8i001e3b6qtvhxipyh@published\" data-editable=\"text\" data-component-name=\"paragraph\" data-article-gutter=\"true\">\n            After the charges were unveiled Tuesday, several prominent civil rights group rushed to SPLC\u2019s defense, saying the case is the latest example of the Justice Department fulfilling Trump\u2019s desire to use its powers to exact revenge on political adversaries.\n    <\/p>\n<p class=\"paragraph-elevate inline-placeholder vossi-paragraph_elevate\" data-uri=\"cms.cnn.com\/_components\/paragraph\/instances\/cmoakhv8i001f3b6qriahdejy@published\" data-editable=\"text\" data-component-name=\"paragraph\" data-article-gutter=\"true\">\n            \u201cThis administration\u2019s continued weaponization of the Justice Department to target organizations speaking out against its agenda is anti-American behavior harkening back to the McCarthy era,\u201d said American Civil Liberties Union Executive Director Anthony Romero.\n    <\/p>\n<p class=\"paragraph-elevate inline-placeholder vossi-paragraph_elevate\" data-uri=\"cms.cnn.com\/_components\/paragraph\/instances\/cmoakhv8i001g3b6q2fuakkk2@published\" data-editable=\"text\" data-component-name=\"paragraph\" data-article-gutter=\"true\">\n            NAACP president and CEO Derrick Johnson, meanwhile, warned that \u201cevery organization and individual engaged in social justice should be alarmed.\u201d\n    <\/p>\n<p class=\"paragraph-elevate inline-placeholder vossi-paragraph_elevate\" data-uri=\"cms.cnn.com\/_components\/paragraph\/instances\/cmoakhv8i001h3b6qpod9ukjq@published\" data-editable=\"text\" data-component-name=\"paragraph\" data-article-gutter=\"true\">\n            But others said the fact that the federal probe into SPLC dated back several years showed that it wasn\u2019t improperly brought by prosecutors.\n    <\/p>\n<p class=\"paragraph-elevate inline-placeholder vossi-paragraph_elevate\" data-uri=\"cms.cnn.com\/_components\/paragraph\/instances\/cmoakhv8j001i3b6qky9r5875@published\" data-editable=\"text\" data-component-name=\"paragraph\" data-article-gutter=\"true\">\n            \u201cGiven the complexity of this case and that it appears to be a multi-year investigation, I don\u2019t think we can conclude that this case is on the radar screen of retribution\u201d said Gene Rossi, a former federal prosecutor in Virginia. \u201cThe allegations are very serious.\u201d\n    <\/p>\n<\/p><\/div>\n<p><br \/>\n<br \/><a href=\"https:\/\/www.cnn.com\/2026\/04\/23\/politics\/what-to-know-criminal-case-southern-poverty-law-center\">Source link <\/a><\/p>","protected":false},"excerpt":{"rendered":"<p>The Justice Department announced charges Tuesday against the Southern Poverty Law Center, alleging the storied civil rights organization defrauded its donors by funding the extremism it claimed to be fighting. The fraudulent scheme played out over nearly 10 years, prosecutors allege, when the Southern Poverty Law Center used more than $3 million in donor funds [&hellip;]<\/p>\n","protected":false},"author":1,"featured_media":113501,"comment_status":"closed","ping_status":"","sticky":false,"template":"","format":"standard","meta":{"googlesitekit_rrm_CAow2JLhCw:productID":"","_gspb_post_css":"","maa_idioma":"","maa_pais":"","footnotes":""},"categories":[1],"tags":[3313,4922,6183,30554,11736,30553,9213],"class_list":["post-113500","post","type-post","status-publish","format-standard","has-post-thumbnail","hentry","category-ubirata","tag-case","tag-center","tag-criminal","tag-dojs","tag-law","tag-poverty","tag-southern"],"blocksy_meta":[],"yoast_head":"<!-- This site is optimized with the Yoast SEO Premium plugin v27.6 (Yoast SEO v27.6) - https:\/\/yoast.com\/product\/yoast-seo-premium-wordpress\/ -->\n<title>Southern Poverty Law Center: What to know about DOJ\u2019s criminal case - Ubirat\u00e3 Online Not\u00edcias - A realidade ao seu alcance!<\/title>\n<meta name=\"description\" content=\"The Justice Department announced charges Tuesday against the Southern Poverty Law Center, alleging the storied civil rights organization defrauded its\" \/>\n<meta name=\"robots\" content=\"index, follow, max-snippet:-1, max-image-preview:large, max-video-preview:-1\" \/>\n<link rel=\"canonical\" href=\"https:\/\/ubirataonline.com.br\/en\/southern-poverty-law-center-what-to-know-about-dojs-criminal-case\/\" \/>\n<meta property=\"og:locale\" content=\"en_US\" \/>\n<meta property=\"og:type\" content=\"article\" \/>\n<meta property=\"og:title\" content=\"Southern Poverty Law Center: What to know about DOJ\u2019s criminal case\" \/>\n<meta property=\"og:description\" content=\"The Justice Department announced charges Tuesday against the Southern Poverty Law Center, alleging the storied civil rights organization defrauded its\" \/>\n<meta property=\"og:url\" content=\"https:\/\/ubirataonline.com.br\/en\/southern-poverty-law-center-what-to-know-about-dojs-criminal-case\/\" \/>\n<meta property=\"og:site_name\" content=\"Ubirat\u00e3 Online Not\u00edcias - A realidade ao seu alcance!\" \/>\n<meta property=\"article:publisher\" content=\"https:\/\/www.facebook.com\/portalubirataonline\" \/>\n<meta property=\"article:author\" content=\"https:\/\/www.facebook.com\/portalubirataonline\" \/>\n<meta property=\"article:published_time\" content=\"2026-04-23T21:48:07+00:00\" \/>\n<meta property=\"article:modified_time\" content=\"2026-04-23T21:48:09+00:00\" \/>\n<meta property=\"og:image\" content=\"https:\/\/ubirataonline.com.br\/wp-content\/uploads\/2026\/04\/Southern-Poverty-Law-Center-What-to-know-about-DOJs-criminal.jpg\" \/>\n\t<meta property=\"og:image:width\" content=\"800\" \/>\n\t<meta property=\"og:image:height\" content=\"450\" \/>\n\t<meta property=\"og:image:type\" content=\"image\/jpeg\" \/>\n<meta name=\"author\" content=\"REDA\u00c7\u00c3O: UBIRAT\u00c3 ONLINE - F\u00c1BIO AUGUSTO CELESTINO\" \/>\n<meta name=\"twitter:card\" content=\"summary_large_image\" \/>\n<meta name=\"twitter:creator\" content=\"@x.com\/ubirataonline\" \/>\n<meta name=\"twitter:site\" content=\"@ubirataonline\" \/>\n<meta name=\"twitter:label1\" content=\"Written by\" \/>\n\t<meta name=\"twitter:data1\" content=\"REDA\u00c7\u00c3O: UBIRAT\u00c3 ONLINE - F\u00c1BIO AUGUSTO CELESTINO\" \/>\n\t<meta name=\"twitter:label2\" content=\"Est. reading time\" \/>\n\t<meta name=\"twitter:data2\" content=\"6 minutes\" \/>\n<script type=\"application\/ld+json\" class=\"yoast-schema-graph\">{\"@context\":\"https:\\\/\\\/schema.org\",\"@graph\":[{\"@type\":\"NewsArticle\",\"@id\":\"https:\\\/\\\/ubirataonline.com.br\\\/southern-poverty-law-center-what-to-know-about-dojs-criminal-case\\\/#article\",\"isPartOf\":{\"@id\":\"https:\\\/\\\/ubirataonline.com.br\\\/southern-poverty-law-center-what-to-know-about-dojs-criminal-case\\\/\"},\"author\":{\"name\":\"REDA\u00c7\u00c3O: UBIRAT\u00c3 ONLINE - F\u00c1BIO AUGUSTO CELESTINO\",\"@id\":\"https:\\\/\\\/ubirataonline.com.br\\\/#\\\/schema\\\/person\\\/372f87bbd3fdd79b8556b84c98d0bc1c\"},\"headline\":\"Southern Poverty Law Center: What to know about DOJ\u2019s criminal case\",\"datePublished\":\"2026-04-23T21:48:07+00:00\",\"dateModified\":\"2026-04-23T21:48:09+00:00\",\"mainEntityOfPage\":{\"@id\":\"https:\\\/\\\/ubirataonline.com.br\\\/southern-poverty-law-center-what-to-know-about-dojs-criminal-case\\\/\"},\"wordCount\":1253,\"publisher\":{\"@id\":\"https:\\\/\\\/ubirataonline.com.br\\\/#organization\"},\"image\":{\"@id\":\"https:\\\/\\\/ubirataonline.com.br\\\/southern-poverty-law-center-what-to-know-about-dojs-criminal-case\\\/#primaryimage\"},\"thumbnailUrl\":\"https:\\\/\\\/ubirataonline.com.br\\\/wp-content\\\/uploads\\\/2026\\\/04\\\/Southern-Poverty-Law-Center-What-to-know-about-DOJs-criminal.jpg\",\"keywords\":[\"case\",\"Center\",\"criminal\",\"DOJs\",\"Law\",\"Poverty\",\"Southern\"],\"articleSection\":[\"Ubirat\u00e3\"],\"inLanguage\":\"en-US\",\"copyrightYear\":\"2026\",\"copyrightHolder\":{\"@id\":\"https:\\\/\\\/ubirataonline.com.br\\\/en\\\/#organization\"}},{\"@type\":\"WebPage\",\"@id\":\"https:\\\/\\\/ubirataonline.com.br\\\/southern-poverty-law-center-what-to-know-about-dojs-criminal-case\\\/\",\"url\":\"https:\\\/\\\/ubirataonline.com.br\\\/southern-poverty-law-center-what-to-know-about-dojs-criminal-case\\\/\",\"name\":\"Southern Poverty Law Center: What to know about DOJ\u2019s criminal case - Ubirat\u00e3 Online Not\u00edcias - A realidade ao seu alcance!\",\"isPartOf\":{\"@id\":\"https:\\\/\\\/ubirataonline.com.br\\\/#website\"},\"primaryImageOfPage\":{\"@id\":\"https:\\\/\\\/ubirataonline.com.br\\\/southern-poverty-law-center-what-to-know-about-dojs-criminal-case\\\/#primaryimage\"},\"image\":{\"@id\":\"https:\\\/\\\/ubirataonline.com.br\\\/southern-poverty-law-center-what-to-know-about-dojs-criminal-case\\\/#primaryimage\"},\"thumbnailUrl\":\"https:\\\/\\\/ubirataonline.com.br\\\/wp-content\\\/uploads\\\/2026\\\/04\\\/Southern-Poverty-Law-Center-What-to-know-about-DOJs-criminal.jpg\",\"datePublished\":\"2026-04-23T21:48:07+00:00\",\"dateModified\":\"2026-04-23T21:48:09+00:00\",\"description\":\"The Justice Department announced charges Tuesday against the Southern Poverty Law Center, alleging the storied civil rights organization defrauded its\",\"breadcrumb\":{\"@id\":\"https:\\\/\\\/ubirataonline.com.br\\\/southern-poverty-law-center-what-to-know-about-dojs-criminal-case\\\/#breadcrumb\"},\"inLanguage\":\"en-US\",\"potentialAction\":[{\"@type\":\"ReadAction\",\"target\":[\"https:\\\/\\\/ubirataonline.com.br\\\/southern-poverty-law-center-what-to-know-about-dojs-criminal-case\\\/\"]}]},{\"@type\":\"ImageObject\",\"inLanguage\":\"en-US\",\"@id\":\"https:\\\/\\\/ubirataonline.com.br\\\/southern-poverty-law-center-what-to-know-about-dojs-criminal-case\\\/#primaryimage\",\"url\":\"https:\\\/\\\/ubirataonline.com.br\\\/wp-content\\\/uploads\\\/2026\\\/04\\\/Southern-Poverty-Law-Center-What-to-know-about-DOJs-criminal.jpg\",\"contentUrl\":\"https:\\\/\\\/ubirataonline.com.br\\\/wp-content\\\/uploads\\\/2026\\\/04\\\/Southern-Poverty-Law-Center-What-to-know-about-DOJs-criminal.jpg\",\"width\":800,\"height\":450,\"caption\":\"Jacquelyn Martin\\\/AP\"},{\"@type\":\"BreadcrumbList\",\"@id\":\"https:\\\/\\\/ubirataonline.com.br\\\/southern-poverty-law-center-what-to-know-about-dojs-criminal-case\\\/#breadcrumb\",\"itemListElement\":[{\"@type\":\"ListItem\",\"position\":1,\"name\":\"In\u00edcio\",\"item\":\"https:\\\/\\\/ubirataonline.com.br\\\/\"},{\"@type\":\"ListItem\",\"position\":2,\"name\":\"Southern Poverty Law Center: What to know about DOJ\u2019s criminal case\"}]},{\"@type\":\"WebSite\",\"@id\":\"https:\\\/\\\/ubirataonline.com.br\\\/#website\",\"url\":\"https:\\\/\\\/ubirataonline.com.br\\\/\",\"name\":\"Ubirat\u00e3 Online Not\u00edcias\",\"description\":\"Not\u00edcias de Ubirat\u00e3, regi\u00e3o, Brasil e mundo, com informa\u00e7\u00e3o atualizada e compromisso com o leitor.\",\"publisher\":{\"@id\":\"https:\\\/\\\/ubirataonline.com.br\\\/#organization\"},\"alternateName\":\"Ubirat\u00e3 Online\",\"potentialAction\":[{\"@type\":\"SearchAction\",\"target\":{\"@type\":\"EntryPoint\",\"urlTemplate\":\"https:\\\/\\\/ubirataonline.com.br\\\/?s={search_term_string}\"},\"query-input\":{\"@type\":\"PropertyValueSpecification\",\"valueRequired\":true,\"valueName\":\"search_term_string\"}}],\"inLanguage\":\"en-US\"},{\"@type\":[\"Organization\",\"Place\"],\"@id\":\"https:\\\/\\\/ubirataonline.com.br\\\/#organization\",\"name\":\"Ubirat\u00e3 Online Not\u00edcias\",\"alternateName\":\"Ubirat\u00e3 Online\",\"url\":\"https:\\\/\\\/ubirataonline.com.br\\\/\",\"logo\":{\"@id\":\"https:\\\/\\\/ubirataonline.com.br\\\/southern-poverty-law-center-what-to-know-about-dojs-criminal-case\\\/#local-main-organization-logo\"},\"image\":{\"@id\":\"https:\\\/\\\/ubirataonline.com.br\\\/southern-poverty-law-center-what-to-know-about-dojs-criminal-case\\\/#local-main-organization-logo\"},\"sameAs\":[\"https:\\\/\\\/www.facebook.com\\\/portalubirataonline\",\"https:\\\/\\\/x.com\\\/ubirataonline\",\"https:\\\/\\\/mastodon.social\\\/@ubirataonline\",\"https:\\\/\\\/www.facebook.com\\\/groups\\\/311144672285604\",\"https:\\\/\\\/www.facebook.com\\\/UBTAOnline\",\"https:\\\/\\\/www.instagram.com\\\/portalubirataonline\\\/\",\"https:\\\/\\\/twitter.com\\\/ubirataonline\"],\"description\":\"Somos um portal de not\u00edcias independente, criado em 5 de janeiro de 2009, com o objetivo de informar, conectar e valorizar a nossa comunidade de Ubirat\u00e3 e toda aregi\u00e3o. Com conte\u00fado atualizado, confi\u00e1vel e relevante, o Ubirat\u00e3 Online \u00e9 o seu espa\u00e7o para ficar por dentro dos principais acontecimentos locais, regionais, Brasil, Mundo e de interesse geral. Nosso compromisso \u00e9 com a verdade, a transpar\u00eancia e o respeito ao leitor.\",\"legalName\":\"UBIRATA ONLINE NOT\u00cdCIAS\",\"foundingDate\":\"2009-01-05\",\"numberOfEmployees\":{\"@type\":\"QuantitativeValue\",\"minValue\":\"1\",\"maxValue\":\"10\"},\"publishingPrinciples\":\"https:\\\/\\\/ubirataonline.com.br\\\/faq\\\/\",\"address\":{\"@id\":\"https:\\\/\\\/ubirataonline.com.br\\\/southern-poverty-law-center-what-to-know-about-dojs-criminal-case\\\/#local-main-place-address\"},\"geo\":{\"@type\":\"GeoCoordinates\",\"latitude\":\"-24.5361401\",\"longitude\":\"-52.9921776\"},\"telephone\":[\"+5544998308235\"],\"contactPoint\":{\"@type\":\"ContactPoint\",\"email\":\"contato@ubirataonline.com.br\"},\"openingHoursSpecification\":{\"@type\":\"OpeningHoursSpecification\",\"dayOfWeek\":[\"Monday\",\"Tuesday\",\"Wednesday\",\"Thursday\",\"Friday\",\"Saturday\",\"Sunday\"],\"opens\":\"00:00\",\"closes\":\"23:59\"},\"email\":\"contato@ubirataonline.com.br\",\"vatID\":\"47.621.418\\\/0001-80\"},{\"@type\":\"Person\",\"@id\":\"https:\\\/\\\/ubirataonline.com.br\\\/#\\\/schema\\\/person\\\/372f87bbd3fdd79b8556b84c98d0bc1c\",\"name\":\"REDA\u00c7\u00c3O: UBIRAT\u00c3 ONLINE - F\u00c1BIO AUGUSTO CELESTINO\",\"pronouns\":\"Ele\",\"description\":\"Desde 2003 trabalhando com not\u00edcias.\",\"sameAs\":[\"http:\\\/\\\/ubirataoline.com.br\",\"https:\\\/\\\/www.facebook.com\\\/portalubirataonline\",\"https:\\\/\\\/www.instagram.com\\\/ubirataonline_oficial\",\"https:\\\/\\\/x.com\\\/x.com\\\/ubirataonline\"],\"honorificPrefix\":\"Mr.\",\"honorificSuffix\":\"MD\",\"birthDate\":\"1980-06-16\",\"gender\":\"masculino\",\"award\":[\"V\u00e1rios pr\u00eamios de melhor portal da cidade\"],\"jobTitle\":\"Diretor\",\"url\":\"https:\\\/\\\/ubirataonline.com.br\\\/en\\\/author\\\/ubirataonline\\\/\"},{\"@type\":\"PostalAddress\",\"@id\":\"https:\\\/\\\/ubirataonline.com.br\\\/southern-poverty-law-center-what-to-know-about-dojs-criminal-case\\\/#local-main-place-address\",\"streetAddress\":\"Rua dos Coqueiros, 104 - Bairro Boa Vista, Rua dos Coqueiros, 104 Bairro Boa Vista\",\"addressLocality\":\"UBIRATA\",\"postalCode\":\"85440-000\",\"addressRegion\":\"PR\",\"addressCountry\":\"BR\"},{\"@type\":\"ImageObject\",\"inLanguage\":\"en-US\",\"@id\":\"https:\\\/\\\/ubirataonline.com.br\\\/southern-poverty-law-center-what-to-know-about-dojs-criminal-case\\\/#local-main-organization-logo\",\"url\":\"https:\\\/\\\/ubirataonline.com.br\\\/wp-content\\\/uploads\\\/2026\\\/06\\\/logoubirataonline-1.webp\",\"contentUrl\":\"https:\\\/\\\/ubirataonline.com.br\\\/wp-content\\\/uploads\\\/2026\\\/06\\\/logoubirataonline-1.webp\",\"width\":500,\"height\":500,\"caption\":\"Ubirat\u00e3 Online Not\u00edcias\"}]}<\/script>\n<meta name=\"geo.placename\" content=\"UBIRATA\" \/>\n<meta name=\"geo.position\" content=\"-24.5361401;-52.9921776\" \/>\n<meta name=\"geo.region\" content=\"Brazil\" \/>\n<!-- \/ Yoast SEO Premium plugin. -->","yoast_head_json":{"title":"Southern Poverty Law Center: What to know about DOJ\u2019s criminal case - Ubirat\u00e3 Online Not\u00edcias - A realidade ao seu alcance!","description":"The Justice Department announced charges Tuesday against the Southern Poverty Law Center, alleging the storied civil rights organization defrauded its","robots":{"index":"index","follow":"follow","max-snippet":"max-snippet:-1","max-image-preview":"max-image-preview:large","max-video-preview":"max-video-preview:-1"},"canonical":"https:\/\/ubirataonline.com.br\/en\/southern-poverty-law-center-what-to-know-about-dojs-criminal-case\/","og_locale":"en_US","og_type":"article","og_title":"Southern Poverty Law Center: What to know about DOJ\u2019s criminal case","og_description":"The Justice Department announced charges Tuesday against the Southern Poverty Law Center, alleging the storied civil rights organization defrauded its","og_url":"https:\/\/ubirataonline.com.br\/en\/southern-poverty-law-center-what-to-know-about-dojs-criminal-case\/","og_site_name":"Ubirat\u00e3 Online Not\u00edcias - A realidade ao seu alcance!","article_publisher":"https:\/\/www.facebook.com\/portalubirataonline","article_author":"https:\/\/www.facebook.com\/portalubirataonline","article_published_time":"2026-04-23T21:48:07+00:00","article_modified_time":"2026-04-23T21:48:09+00:00","og_image":[{"width":800,"height":450,"url":"https:\/\/ubirataonline.com.br\/wp-content\/uploads\/2026\/04\/Southern-Poverty-Law-Center-What-to-know-about-DOJs-criminal.jpg","type":"image\/jpeg"}],"author":"REDA\u00c7\u00c3O: UBIRAT\u00c3 ONLINE - F\u00c1BIO AUGUSTO CELESTINO","twitter_card":"summary_large_image","twitter_creator":"@x.com\/ubirataonline","twitter_site":"@ubirataonline","twitter_misc":{"Written by":"REDA\u00c7\u00c3O: UBIRAT\u00c3 ONLINE - F\u00c1BIO AUGUSTO CELESTINO","Est. reading time":"6 minutes"},"schema":{"@context":"https:\/\/schema.org","@graph":[{"@type":"NewsArticle","@id":"https:\/\/ubirataonline.com.br\/southern-poverty-law-center-what-to-know-about-dojs-criminal-case\/#article","isPartOf":{"@id":"https:\/\/ubirataonline.com.br\/southern-poverty-law-center-what-to-know-about-dojs-criminal-case\/"},"author":{"name":"REDA\u00c7\u00c3O: UBIRAT\u00c3 ONLINE - F\u00c1BIO AUGUSTO CELESTINO","@id":"https:\/\/ubirataonline.com.br\/#\/schema\/person\/372f87bbd3fdd79b8556b84c98d0bc1c"},"headline":"Southern Poverty Law Center: What to know about DOJ\u2019s criminal case","datePublished":"2026-04-23T21:48:07+00:00","dateModified":"2026-04-23T21:48:09+00:00","mainEntityOfPage":{"@id":"https:\/\/ubirataonline.com.br\/southern-poverty-law-center-what-to-know-about-dojs-criminal-case\/"},"wordCount":1253,"publisher":{"@id":"https:\/\/ubirataonline.com.br\/#organization"},"image":{"@id":"https:\/\/ubirataonline.com.br\/southern-poverty-law-center-what-to-know-about-dojs-criminal-case\/#primaryimage"},"thumbnailUrl":"https:\/\/ubirataonline.com.br\/wp-content\/uploads\/2026\/04\/Southern-Poverty-Law-Center-What-to-know-about-DOJs-criminal.jpg","keywords":["case","Center","criminal","DOJs","Law","Poverty","Southern"],"articleSection":["Ubirat\u00e3"],"inLanguage":"en-US","copyrightYear":"2026","copyrightHolder":{"@id":"https:\/\/ubirataonline.com.br\/en\/#organization"}},{"@type":"WebPage","@id":"https:\/\/ubirataonline.com.br\/southern-poverty-law-center-what-to-know-about-dojs-criminal-case\/","url":"https:\/\/ubirataonline.com.br\/southern-poverty-law-center-what-to-know-about-dojs-criminal-case\/","name":"Southern Poverty Law Center: What to know about DOJ\u2019s criminal case - Ubirat\u00e3 Online Not\u00edcias - A realidade ao seu alcance!","isPartOf":{"@id":"https:\/\/ubirataonline.com.br\/#website"},"primaryImageOfPage":{"@id":"https:\/\/ubirataonline.com.br\/southern-poverty-law-center-what-to-know-about-dojs-criminal-case\/#primaryimage"},"image":{"@id":"https:\/\/ubirataonline.com.br\/southern-poverty-law-center-what-to-know-about-dojs-criminal-case\/#primaryimage"},"thumbnailUrl":"https:\/\/ubirataonline.com.br\/wp-content\/uploads\/2026\/04\/Southern-Poverty-Law-Center-What-to-know-about-DOJs-criminal.jpg","datePublished":"2026-04-23T21:48:07+00:00","dateModified":"2026-04-23T21:48:09+00:00","description":"The Justice Department announced charges Tuesday against the Southern Poverty Law Center, alleging the storied civil rights organization defrauded its","breadcrumb":{"@id":"https:\/\/ubirataonline.com.br\/southern-poverty-law-center-what-to-know-about-dojs-criminal-case\/#breadcrumb"},"inLanguage":"en-US","potentialAction":[{"@type":"ReadAction","target":["https:\/\/ubirataonline.com.br\/southern-poverty-law-center-what-to-know-about-dojs-criminal-case\/"]}]},{"@type":"ImageObject","inLanguage":"en-US","@id":"https:\/\/ubirataonline.com.br\/southern-poverty-law-center-what-to-know-about-dojs-criminal-case\/#primaryimage","url":"https:\/\/ubirataonline.com.br\/wp-content\/uploads\/2026\/04\/Southern-Poverty-Law-Center-What-to-know-about-DOJs-criminal.jpg","contentUrl":"https:\/\/ubirataonline.com.br\/wp-content\/uploads\/2026\/04\/Southern-Poverty-Law-Center-What-to-know-about-DOJs-criminal.jpg","width":800,"height":450,"caption":"Jacquelyn Martin\/AP"},{"@type":"BreadcrumbList","@id":"https:\/\/ubirataonline.com.br\/southern-poverty-law-center-what-to-know-about-dojs-criminal-case\/#breadcrumb","itemListElement":[{"@type":"ListItem","position":1,"name":"In\u00edcio","item":"https:\/\/ubirataonline.com.br\/"},{"@type":"ListItem","position":2,"name":"Southern Poverty Law Center: What to know about DOJ\u2019s criminal case"}]},{"@type":"WebSite","@id":"https:\/\/ubirataonline.com.br\/#website","url":"https:\/\/ubirataonline.com.br\/","name":"Ubirat\u00e3 Online Not\u00edcias","description":"Not\u00edcias de Ubirat\u00e3, regi\u00e3o, Brasil e mundo, com informa\u00e7\u00e3o atualizada e compromisso com o leitor.","publisher":{"@id":"https:\/\/ubirataonline.com.br\/#organization"},"alternateName":"Ubirat\u00e3 Online","potentialAction":[{"@type":"SearchAction","target":{"@type":"EntryPoint","urlTemplate":"https:\/\/ubirataonline.com.br\/?s={search_term_string}"},"query-input":{"@type":"PropertyValueSpecification","valueRequired":true,"valueName":"search_term_string"}}],"inLanguage":"en-US"},{"@type":["Organization","Place"],"@id":"https:\/\/ubirataonline.com.br\/#organization","name":"Ubirat\u00e3 Online Not\u00edcias","alternateName":"Ubirat\u00e3 Online","url":"https:\/\/ubirataonline.com.br\/","logo":{"@id":"https:\/\/ubirataonline.com.br\/southern-poverty-law-center-what-to-know-about-dojs-criminal-case\/#local-main-organization-logo"},"image":{"@id":"https:\/\/ubirataonline.com.br\/southern-poverty-law-center-what-to-know-about-dojs-criminal-case\/#local-main-organization-logo"},"sameAs":["https:\/\/www.facebook.com\/portalubirataonline","https:\/\/x.com\/ubirataonline","https:\/\/mastodon.social\/@ubirataonline","https:\/\/www.facebook.com\/groups\/311144672285604","https:\/\/www.facebook.com\/UBTAOnline","https:\/\/www.instagram.com\/portalubirataonline\/","https:\/\/twitter.com\/ubirataonline"],"description":"Somos um portal de not\u00edcias independente, criado em 5 de janeiro de 2009, com o objetivo de informar, conectar e valorizar a nossa comunidade de Ubirat\u00e3 e toda aregi\u00e3o. Com conte\u00fado atualizado, confi\u00e1vel e relevante, o Ubirat\u00e3 Online \u00e9 o seu espa\u00e7o para ficar por dentro dos principais acontecimentos locais, regionais, Brasil, Mundo e de interesse geral. Nosso compromisso \u00e9 com a verdade, a transpar\u00eancia e o respeito ao leitor.","legalName":"UBIRATA ONLINE NOT\u00cdCIAS","foundingDate":"2009-01-05","numberOfEmployees":{"@type":"QuantitativeValue","minValue":"1","maxValue":"10"},"publishingPrinciples":"https:\/\/ubirataonline.com.br\/faq\/","address":{"@id":"https:\/\/ubirataonline.com.br\/southern-poverty-law-center-what-to-know-about-dojs-criminal-case\/#local-main-place-address"},"geo":{"@type":"GeoCoordinates","latitude":"-24.5361401","longitude":"-52.9921776"},"telephone":["+5544998308235"],"contactPoint":{"@type":"ContactPoint","email":"contato@ubirataonline.com.br"},"openingHoursSpecification":{"@type":"OpeningHoursSpecification","dayOfWeek":["Monday","Tuesday","Wednesday","Thursday","Friday","Saturday","Sunday"],"opens":"00:00","closes":"23:59"},"email":"contato@ubirataonline.com.br","vatID":"47.621.418\/0001-80"},{"@type":"Person","@id":"https:\/\/ubirataonline.com.br\/#\/schema\/person\/372f87bbd3fdd79b8556b84c98d0bc1c","name":"REDA\u00c7\u00c3O: UBIRAT\u00c3 ONLINE - F\u00c1BIO AUGUSTO CELESTINO","pronouns":"Ele","description":"Desde 2003 trabalhando com not\u00edcias.","sameAs":["http:\/\/ubirataoline.com.br","https:\/\/www.facebook.com\/portalubirataonline","https:\/\/www.instagram.com\/ubirataonline_oficial","https:\/\/x.com\/x.com\/ubirataonline"],"honorificPrefix":"Mr.","honorificSuffix":"MD","birthDate":"1980-06-16","gender":"masculino","award":["V\u00e1rios pr\u00eamios de melhor portal da cidade"],"jobTitle":"Diretor","url":"https:\/\/ubirataonline.com.br\/en\/author\/ubirataonline\/"},{"@type":"PostalAddress","@id":"https:\/\/ubirataonline.com.br\/southern-poverty-law-center-what-to-know-about-dojs-criminal-case\/#local-main-place-address","streetAddress":"Rua dos Coqueiros, 104 - Bairro Boa Vista, Rua dos Coqueiros, 104 Bairro Boa Vista","addressLocality":"UBIRATA","postalCode":"85440-000","addressRegion":"PR","addressCountry":"BR"},{"@type":"ImageObject","inLanguage":"en-US","@id":"https:\/\/ubirataonline.com.br\/southern-poverty-law-center-what-to-know-about-dojs-criminal-case\/#local-main-organization-logo","url":"https:\/\/ubirataonline.com.br\/wp-content\/uploads\/2026\/06\/logoubirataonline-1.webp","contentUrl":"https:\/\/ubirataonline.com.br\/wp-content\/uploads\/2026\/06\/logoubirataonline-1.webp","width":500,"height":500,"caption":"Ubirat\u00e3 Online Not\u00edcias"}]},"geo.placename":"UBIRATA","geo.position":{"lat":"-24.5361401","long":"-52.9921776"},"geo.region":"Brazil"},"_links":{"self":[{"href":"https:\/\/ubirataonline.com.br\/en\/wp-json\/wp\/v2\/posts\/113500","targetHints":{"allow":["GET"]}}],"collection":[{"href":"https:\/\/ubirataonline.com.br\/en\/wp-json\/wp\/v2\/posts"}],"about":[{"href":"https:\/\/ubirataonline.com.br\/en\/wp-json\/wp\/v2\/types\/post"}],"author":[{"embeddable":true,"href":"https:\/\/ubirataonline.com.br\/en\/wp-json\/wp\/v2\/users\/1"}],"replies":[{"embeddable":true,"href":"https:\/\/ubirataonline.com.br\/en\/wp-json\/wp\/v2\/comments?post=113500"}],"version-history":[{"count":0,"href":"https:\/\/ubirataonline.com.br\/en\/wp-json\/wp\/v2\/posts\/113500\/revisions"}],"wp:featuredmedia":[{"embeddable":true,"href":"https:\/\/ubirataonline.com.br\/en\/wp-json\/wp\/v2\/media\/113501"}],"wp:attachment":[{"href":"https:\/\/ubirataonline.com.br\/en\/wp-json\/wp\/v2\/media?parent=113500"}],"wp:term":[{"taxonomy":"category","embeddable":true,"href":"https:\/\/ubirataonline.com.br\/en\/wp-json\/wp\/v2\/categories?post=113500"},{"taxonomy":"post_tag","embeddable":true,"href":"https:\/\/ubirataonline.com.br\/en\/wp-json\/wp\/v2\/tags?post=113500"}],"curies":[{"name":"wp","href":"https:\/\/api.w.org\/{rel}","templated":true}]}}