{"id":113837,"date":"2026-04-24T02:41:19","date_gmt":"2026-04-24T05:41:19","guid":{"rendered":"https:\/\/ubirataonline.com.br\/breaking-news-season-two-of-the-max-original-documentary-series-on-the-roam-starring-jason-momoa-debuts-may-14\/"},"modified":"2026-04-24T02:41:22","modified_gmt":"2026-04-24T05:41:22","slug":"breaking-news-season-two-of-the-max-original-documentary-series-on-the-roam-starring-jason-momoa-debuts-may-14","status":"publish","type":"post","link":"https:\/\/ubirataonline.com.br\/en\/breaking-news-season-two-of-the-max-original-documentary-series-on-the-roam-starring-jason-momoa-debuts-may-14\/","title":{"rendered":"Breaking News &#8211; Season Two of the Max Original Documentary Series &#8220;On the Roam,&#8221; Starring Jason Momoa, Debuts May 14"},"content":{"rendered":"<p><br \/>\n<\/p>\n<div id=\"\">&#13;<\/p>\n<td width=\"40\" valign=\"top\" bgcolor=\"white\"><\/td>\n<p>&#13;<\/p>\n<td width=\"490\" valign=\"top\" bgcolor=\"white\">&#13;<\/p>\n<table width=\"100%\" border=\"0\" cellspacing=\"0\" cellpadding=\"0\">&#13;<\/p>\n<tr>&#13;<\/p>\n<td><img decoding=\"async\" src=\"http:\/\/www.thefutoncritic.com\/images\/global\/header_news.jpg\" border=\"0\"\/><\/td>\n<p>&#13;<br \/>\n\t<\/tr>\n<p>&#13;<br \/>\n<\/table>\n<p>&#13;<\/p>\n<table width=\"100%\" border=\"0\" cellspacing=\"0\" cellpadding=\"5\" bgcolor=\"#CCFFFF\">&#13;<br \/>\n&#13;<\/p>\n<tr>&#13;<\/p>\n<td colspan=\"2\">[04\/23\/26 &#8211; 10:01 AM]<br \/><b>Season Two of the Max Original Documentary Series &#8220;On the Roam,&#8221; Starring Jason Momoa, Debuts May 14<\/b><br \/>The six-episode season will debut new episodes weekly leading up to the season finale on June 18.<\/td>\n<p>&#13;<br \/>\n\t<\/tr>\n<p>&#13;<\/p>\n<tr>&#13;<\/p>\n<td colspan=\"2\">\n<hr\/>\n<\/td>\n<p>&#13;<br \/>\n\t<\/tr>\n<p>&#13;<br \/>\n&#13;<\/p>\n<tr>&#13;<\/p>\n<td colspan=\"2\">[via press release from Warner Bros. Discovery]<\/td>\n<p>&#13;<br \/>\n\t<\/tr>\n<p>&#13;<br \/>\n&#13;<\/p>\n<tr>&#13;<\/p>\n<td colspan=\"2\">&#13;<br \/>\n<!--\nThu 4\/23\/2026 10:01 AM\nSeason Two of the Max Original Documentary Series \"On the Roam,\" Starring Jason Momoa, Debuts May 14\n-->\t&#13;<br \/>\n&#13;<br \/>\n&#13;<br \/>\n &#13;<br \/>\n&#13;<br \/>\n&#13;<br \/>\n&#13;<br \/>\n&#13;<br \/>\n&#13;<\/p>\n<p>Season Two Of The Max Original Documentary Series ON THE ROAM, Starring Jason Momoa, Debuts May 14&#13;<br \/>\n&#13;<br \/>\n&#13;<br \/>\n&#13;<br \/>\n&#13;\n<\/p>\n<p><iframe loading=\"lazy\" title=\"On The Roam Season 2 | Official Trailer | HBO Max\" width=\"1366\" height=\"768\" src=\"https:\/\/www.youtube.com\/embed\/fDGgRI2-Wdw?feature=oembed\" frameborder=\"0\" allow=\"accelerometer; autoplay; clipboard-write; encrypted-media; gyroscope; picture-in-picture; web-share\" referrerpolicy=\"strict-origin-when-cross-origin\" allowfullscreen><\/iframe> &#13;<br \/>\n&#13;<br \/>\n&#13;<br \/>\n&#13;<br \/>\n&#13;\n<\/p>\n<p>\u00b7\tThe Max Original documentary series ON THE ROAM, starring Jason Momoa, returns for its second season THURSDAY, MAY 14 on HBO Max. The six-episode season will debut new episodes weekly leading up to the season finale on June 18.&#13;<br \/>\n &#13;\n<\/p>\n<p>\u00b7\tSeason 2 logline: ON THE ROAM is a cinematic docuseries following Jason Momoa as he travels the country chasing art, adventure, and friendship through the lens of craftsmanship.&#13;<br \/>\n &#13;\n<\/p>\n<p>\u00b7\tSeason 2 credits: ON THE ROAM is created and executive produced by Jason Momoa. Brian Mendoza serves as an executive producer; James Mendoza serves as a producer.&#13;<br \/>\n&#13;<br \/>\n&#13;<br \/>\n&#13;<br \/>\n&#13;<br \/>\n &#13;<br \/>\n&#13;<br \/>\n&#13;<br \/>\n&#13;\n\t\t<\/p>\n<p>&#13;<br \/>\n&#13;<br \/>\n\t\t&#13;<br \/>\n&#13;\n\t\t<\/td>\n<p>&#13;<br \/>\n\t<\/tr>\n<p>&#13;<br \/>\n&#13;<br \/>\n<\/table>\n<p>&#13;<br \/>\n<!-- ENGINE ENDS HERE -->&#13;\n<\/td>\n<p>&#13;<\/p>\n<td width=\"40\" valign=\"top\" bgcolor=\"white\"\/>&#13;<\/p>\n<td width=\"390\" valign=\"top\" bgcolor=\"white\">&#13;<\/p>\n<table width=\"100%\" border=\"0\" cellspacing=\"0\" cellpadding=\"0\">&#13;<\/p>\n<tr>&#13;<\/p>\n<td><img decoding=\"async\" src=\"http:\/\/www.thefutoncritic.com\/images\/select-date.jpg\"\/><\/td>\n<p>&#13;<br \/>\n\t<\/tr>\n<p>&#13;<br \/>\n<\/table>\n<p>&#13;<br \/>\n&#13;<br \/>\n&#13;<br \/>\n&#13;<\/p>\n<table width=\"100%\" border=\"0\" cellspacing=\"0\" cellpadding=\"0\">&#13;<\/p>\n<tr>&#13;<\/p>\n<td><img decoding=\"async\" src=\"http:\/\/www.thefutoncritic.com\/images\/related-showpages.jpg\"\/><\/td>\n<p>&#13;<br \/>\n\t<\/tr>\n<p>&#13;<br \/>\n<\/table>\n<p>&#13;<br \/>\n&#13;<br \/>\n&#13;<\/p>\n<table width=\"100%\" border=\"0\" cellspacing=\"0\" cellpadding=\"0\">&#13;<\/p>\n<tr>&#13;<\/p>\n<td><img decoding=\"async\" src=\"http:\/\/www.thefutoncritic.com\/images\/right-breaking-news.jpg\"\/><\/td>\n<p>&#13;<br \/>\n\t<\/tr>\n<p>&#13;<br \/>\n<\/table>\n<p>&#13;<\/p>\n<table width=\"100%\" border=\"0\" cellspacing=\"0\" cellpadding=\"5\" bgcolor=\"#CCFF99\">&#13;<\/p>\n<tr>&#13;<\/p>\n<td>\n<div align=\"center\"><a href=\"http:\/\/www.thefutoncritic.com\/rss\/news.aspx\"><img decoding=\"async\" src=\"http:\/\/www.thefutoncritic.com\/images\/rss.gif\" border=\"0\"\/><\/a><\/div>\n<\/td>\n<p>&#13;<br \/>\n\t<\/tr>\n<p>&#13;<br \/>\n&#13;<\/p>\n<tr>&#13;<\/p>\n<td valign=\"top\">[04\/23\/26 &#8211; 03:13 PM]<br \/><a href=\"http:\/\/www.thefutoncritic.com\/ratings\/2026\/04\/23\/euphoria-season-3-premiere-surpasses-20m-global-viewers-up-68-percent-vs-season-2-88315\/20260423wbd04\/\">&#8220;Euphoria&#8221; Season 3 Premiere Surpasses 20M Global Viewers, Up 68% vs. Season 2<\/a><br \/>Episode 2 matched the premiere with approximately 8.5 million U.S. viewers in its first three days.<\/td>\n<p>&#13;<br \/>\n\t<\/tr>\n<p>&#13;<br \/>\n&#13;<\/p>\n<tr>&#13;<\/p>\n<td valign=\"top\">[04\/23\/26 &#8211; 02:50 PM]<br \/><a href=\"http:\/\/www.thefutoncritic.com\/ratings\/2026\/04\/23\/goal-espn-airs-two-most-viewed-first-round-game-2s-on-cable-ever-continuing-successful-start-to-2026-stanley-cup-playoffs-380410\/20260423espn01\/\">Goal! ESPN Airs Two Most-Viewed First Round Game 2&#8217;s on Cable Ever, Continuing Successful Start to 2026 Stanley Cup Playoffs<\/a><br \/>Monday&#8217;s Philadelphia Flyers-Pittsburgh Penguins matchup (Game 2, 7 p.m. ET) delivered 1.6 million viewers and Tuesday&#8217;s Boston Bruins-Buffalo Sabres matchup (Game 2, 7:30 p.m.) delivered 1.2 million viewers, setting the new Game 2 record.<\/td>\n<p>&#13;<br \/>\n\t<\/tr>\n<p>&#13;<br \/>\n&#13;<\/p>\n<tr>&#13;<\/p>\n<td valign=\"top\">[04\/23\/26 &#8211; 02:02 PM]<br \/><a href=\"http:\/\/www.thefutoncritic.com\/news\/2026\/04\/23\/the-cult-of-natureboy-a-new-four-part-docuseries-that-offers-a-raw-and-unfiltered-look-inside-a-modern-cult-premieres-april-28-on-hulu-388311\/20260423abc01\/\">&#8220;The Cult of Natureboy,&#8221; A New Four-Part Docuseries That Offers a Raw and Unfiltered Look Inside a Modern Cult, Premieres April 28 on Hulu<\/a><br \/>In 2016, a rising social media star named Eligio Bishop, also known as &#8220;NatureBoy,&#8221; used his platforms to recruit followers into a group he called Carbon Nation, encouraging them to abandon their families and join his vision of a self-proclaimed Black utopia. <\/td>\n<p>&#13;<br \/>\n\t<\/tr>\n<p>&#13;<br \/>\n&#13;<\/p>\n<tr>&#13;<\/p>\n<td valign=\"top\">[04\/23\/26 &#8211; 01:03 PM]<br \/><a href=\"http:\/\/www.thefutoncritic.com\/news\/2026\/04\/23\/apple-tv-sets-new-comedy-series-elizabeth-banks-to-star-and-executive-produce-789312\/20260423apple02\/\">Apple TV Sets New Comedy Series, Elizabeth Banks to Star and Executive Produce<\/a><br \/>The series is set to begin production in Los Angeles this year.<\/td>\n<p>&#13;<br \/>\n\t<\/tr>\n<p>&#13;<br \/>\n&#13;<\/p>\n<tr>&#13;<\/p>\n<td valign=\"top\">[04\/23\/26 &#8211; 12:19 PM]<br \/><a href=\"http:\/\/www.thefutoncritic.com\/ratings\/2026\/04\/23\/usa-sports-delivers-most-watched-match-in-lovb-volleyball-history-to-cap-inaugural-season-of-record-viewership-on-usa-network-786315\/20260423usa01\/\">USA Sports Delivers Most-Watched Match in LOVB Volleyball History to Cap Inaugural Season of Record Viewership on USA Network<\/a><br \/>The first Finals match on Thursday, April 16, which Salt Lake won 3-2 in a closely-contested fifth set, averaged 163,000 viewers, ranking as the most-watched LOVB game of all-time.<\/td>\n<p>&#13;<br \/>\n\t<\/tr>\n<p>&#13;<br \/>\n&#13;<\/p>\n<tr>&#13;<\/p>\n<td valign=\"top\">[04\/23\/26 &#8211; 12:01 PM]<br \/><a href=\"http:\/\/www.thefutoncritic.com\/news\/2026\/04\/23\/fox-renews-hit-competition-series-fear-factor-house-of-fear-for-season-two-357113\/20260423fox01\/\">FOX Renews Hit Competition Series &#8220;Fear Factor: House of Fear&#8221; for Season Two<\/a><br \/>Johnny Knoxville returns to lead the high-stakes competition, where one contestant will conquer their fears, claim the grand prize, and earn the right to proclaim, &#8220;Fear Is Not a Factor!&#8221;<\/td>\n<p>&#13;<br \/>\n\t<\/tr>\n<p>&#13;<br \/>\n&#13;<\/p>\n<tr>&#13;<\/p>\n<td valign=\"top\">[04\/23\/26 &#8211; 12:00 PM]<br \/><a href=\"http:\/\/www.thefutoncritic.com\/news\/2026\/04\/23\/a24s-the-moment-begins-streaming-exclusively-on-hbo-max-may-29-158110\/20260423wbd03\/\">A24&#8217;s &#8220;The Moment&#8221; Begins Streaming Exclusively on HBO Max May 29 <\/a><br \/>A rising pop star navigates the complexities of fame and industry pressure while preparing for her arena tour debut.<\/td>\n<p>&#13;<br \/>\n\t<\/tr>\n<p>&#13;<br \/>\n&#13;<\/p>\n<tr>&#13;<\/p>\n<td valign=\"top\">[04\/23\/26 &#8211; 11:08 AM]<br \/><a href=\"http:\/\/www.thefutoncritic.com\/news\/2026\/04\/23\/rule-of-culture-number-2026-las-culturistas-culture-awards-to-air-simultaneously-on-bravo-and-peacock-on-june-17-at-9-pm-et-pt-144515\/20260423peacock01\/\">Rule of Culture #2026: &#8220;Las Culturistas Culture Awards&#8221; to Air Simultaneously on Bravo and Peacock on June 17 at 9 P.M. ET\/PT<\/a><br \/>The show will tape Saturday, May 30 in Los Angeles at The United Theater on Broadway.<\/td>\n<p>&#13;<br \/>\n\t<\/tr>\n<p>&#13;<br \/>\n&#13;<\/p>\n<tr>&#13;<\/p>\n<td valign=\"top\">[04\/23\/26 &#8211; 11:05 AM]<br \/><a href=\"http:\/\/www.thefutoncritic.com\/news\/2026\/04\/23\/a-new-season-of-deadliest-catch-returns-friday-may-8-at-8pm-et-pt-on-discovery-channel-244512\/20260423discovery01\/\">A New Season of &#8220;Deadliest Catch&#8221; Returns Friday, May 8 at 8PM ET\/PT on Discovery Channel<\/a><br \/>With a new king crab population appearing far north, the fleet relocates 225 miles to St. George Island, facing colder weather and more extreme seas than any season before as they work to sustain their livelihoods in rapidly changing waters.<\/td>\n<p>&#13;<br \/>\n\t<\/tr>\n<p>&#13;<br \/>\n&#13;<\/p>\n<tr>&#13;<\/p>\n<td valign=\"top\">[04\/23\/26 &#8211; 10:01 AM]<br \/><a href=\"http:\/\/www.thefutoncritic.com\/news\/2026\/04\/23\/season-two-of-the-max-original-documentary-series-on-the-roam-starring-jason-momoa-debuts-may-14-232315\/20260423wbd02\/\">Season Two of the Max Original Documentary Series &#8220;On the Roam,&#8221; Starring Jason Momoa, Debuts May 14<\/a><br \/>The six-episode season will debut new episodes weekly leading up to the season finale on June 18.<\/td>\n<p>&#13;<br \/>\n\t<\/tr>\n<p>&#13;<br \/>\n&#13;<\/p>\n<tr>&#13;<\/p>\n<td valign=\"top\">[04\/23\/26 &#8211; 09:30 AM]<br \/><a href=\"http:\/\/www.thefutoncritic.com\/news\/2026\/04\/23\/amc-global-medias-may-highlights-include-the-audacity-devil-in-silver-youre-killing-me-tales-from-the-crypt-and-more-935314\/20260423amc01\/\">AMC Global Media&#8217;s May Highlights Include &#8220;The Audacity,&#8221; &#8220;Devil in Silver,&#8221; &#8220;You&#8217;re Killing Me,&#8221; &#8220;Tales From the Crypt&#8221; and More<\/a><br \/>Also featured next month is the return of Acorn TV&#8217;s annual &#8220;Murder Myster May&#8221; celebrating the best in murder mysteries with a lineup of new premieres every week. <\/td>\n<p>&#13;<br \/>\n\t<\/tr>\n<p>&#13;<br \/>\n&#13;<\/p>\n<tr>&#13;<\/p>\n<td valign=\"top\">[04\/23\/26 &#8211; 09:08 AM]<br \/><a href=\"http:\/\/www.thefutoncritic.com\/video\/2026\/04\/23\/video-the-great-american-baking-show-season-4-official-trailer-the-roku-channel-933313\/20260423roku01\/\">Video: &#8220;The Great American Baking Show&#8221; Season 4 &#8211; Official Trailer &#8211; The Roku Channel<\/a><br \/>Casey Wilson and Andrew Rannells welcome eight of the nation&#8217;s best aspiring bakers to the tent.<\/td>\n<p>&#13;<br \/>\n\t<\/tr>\n<p>&#13;<br \/>\n&#13;<\/p>\n<tr>&#13;<\/p>\n<td valign=\"top\">[04\/23\/26 &#8211; 09:01 AM]<br \/><a href=\"http:\/\/www.thefutoncritic.com\/news\/2026\/04\/23\/prime-video-welcomes-cynthia-cooper-lindsey-harding-kara-lawson-lachina-robinson-teresa-weatherspoon-and-ty-young-to-lineup-for-expanded-wnba-coverage-45513\/20260423amazon04\/\">Prime Video Welcomes Cynthia Cooper, Lindsey Harding, Kara Lawson, LaChina Robinson, Teresa Weatherspoon, and Ty Young to Lineup for Expanded WNBA Coverage<\/a><br \/>Today, Prime announced additions to its on-air talent lineup ahead of the league&#8217;s 30th season. <\/td>\n<p>&#13;<br \/>\n\t<\/tr>\n<p>&#13;<br \/>\n&#13;<\/p>\n<tr>&#13;<\/p>\n<td valign=\"top\">[04\/23\/26 &#8211; 08:31 AM]<br \/><a href=\"http:\/\/www.thefutoncritic.com\/news\/2026\/04\/23\/the-chi-sets-may-22-premiere-date-for-an-unforgettable-final-season-on-paramountplus-324013\/20260423paramount02\/\">&#8220;The Chi&#8221; Sets May 22 Premiere Date for an Unforgettable Final Season on Paramount+<\/a><br \/>Produced by 20th Television, the 10-episode final season will roll out weekly every Friday.<\/td>\n<p>&#13;<br \/>\n\t<\/tr>\n<p>&#13;<br \/>\n&#13;<\/p>\n<tr>&#13;<\/p>\n<td valign=\"top\">[04\/23\/26 &#8211; 08:01 AM]<br \/><a href=\"http:\/\/www.thefutoncritic.com\/news\/2026\/04\/23\/a-different-world-sequel-wraps-production-in-atlanta-adding-cliff-method-man-smith-and-more-to-cast-923012\/20260423netflix03\/\">&#8220;A Different World&#8221; Sequel Wraps Production in Atlanta Adding Cliff &#8220;Method Man&#8221; Smith and More to Cast<\/a><br \/>The show will explore the lives and loves of a new generation at the iconic fictional HBCU, Hillman College.<\/td>\n<p>&#13;<br \/>\n\t<\/tr>\n<p>&#13;<br \/>\n&#13;<\/p>\n<tr>&#13;<\/p>\n<td\/>&#13;<br \/>\n\t<\/tr>\n<p>&#13;<br \/>\n&#13;<br \/>\n<\/table>\n<p>&#13;<br \/>\n&#13;<br \/>\n&#13;\n<\/td>\n<p>\t\t\t\t&#13;<\/p>\n<td width=\"40\" valign=\"top\" bgcolor=\"white\"\/>&#13;\n\t\t\t\t<\/div>\n<p><br \/>\n<br \/><a href=\"http:\/\/www.thefutoncritic.com\/news\/2026\/04\/23\/season-two-of-the-max-original-documentary-series-on-the-roam-starring-jason-momoa-debuts-may-14-232315\/20260423wbd02\/\">Source link <\/a><\/p>\n","protected":false},"excerpt":{"rendered":"<p>&#13; &#13; &#13; &#13; &#13; &#13; &#13; &#13; &#13; &#13; &#13; [04\/23\/26 &#8211; 10:01 AM]Season Two of the Max Original Documentary Series &#8220;On the Roam,&#8221; Starring Jason Momoa, Debuts May 14The six-episode season will debut new episodes weekly leading up to the season finale on June 18. &#13; &#13; &#13; &#13; &#13; &#13; &#13; [via [&hellip;]<\/p>\n","protected":false},"author":1,"featured_media":113838,"comment_status":"closed","ping_status":"","sticky":false,"template":"","format":"standard","meta":{"googlesitekit_rrm_CAow2JLhCw:productID":"","_gspb_post_css":"","maa_idioma":"","maa_pais":"","footnotes":""},"categories":[2725],"tags":[6483,10490,6735,8540,5479,10547,3109,9702,30652,2955,2628,9689],"class_list":["post-113837","post","type-post","status-publish","format-standard","has-post-thumbnail","hentry","category-europe","tag-breaking","tag-debuts","tag-documentary","tag-jason","tag-max","tag-momoa","tag-news","tag-original","tag-roam","tag-season","tag-series","tag-starring"],"blocksy_meta":[],"yoast_head":"<!-- This site is optimized with the Yoast SEO Premium plugin v27.6 (Yoast SEO v27.6) - https:\/\/yoast.com\/product\/yoast-seo-premium-wordpress\/ -->\n<title>Breaking News - Season Two of the Max Original Documentary Series &quot;On the Roam,&quot; Starring Jason Momoa, Debuts May 14 - Ubirat\u00e3 Online Not\u00edcias - A realidade ao seu alcance!<\/title>\n<meta name=\"description\" content=\"&#013; &#013; &#013; &#013; &#013; &#013; &#013; &#013; &#013; &#013; &#013; Season Two of the Max Original Documentary Series &quot;On the Roam,&quot; Starring Jason Momoa,\" \/>\n<meta name=\"robots\" content=\"index, follow, max-snippet:-1, max-image-preview:large, max-video-preview:-1\" \/>\n<link rel=\"canonical\" href=\"https:\/\/ubirataonline.com.br\/en\/breaking-news-season-two-of-the-max-original-documentary-series-on-the-roam-starring-jason-momoa-debuts-may-14\/\" \/>\n<meta property=\"og:locale\" content=\"en_US\" \/>\n<meta property=\"og:type\" content=\"article\" \/>\n<meta property=\"og:title\" content=\"Breaking News - Season Two of the Max Original Documentary Series &quot;On the Roam,&quot; Starring Jason Momoa, Debuts May 14\" \/>\n<meta property=\"og:description\" content=\"&#013; &#013; &#013; &#013; &#013; &#013; &#013; &#013; &#013; &#013; &#013; Season Two of the Max Original Documentary Series &quot;On the Roam,&quot; Starring Jason Momoa,\" \/>\n<meta property=\"og:url\" content=\"https:\/\/ubirataonline.com.br\/en\/breaking-news-season-two-of-the-max-original-documentary-series-on-the-roam-starring-jason-momoa-debuts-may-14\/\" \/>\n<meta property=\"og:site_name\" content=\"Ubirat\u00e3 Online Not\u00edcias - A realidade ao seu alcance!\" \/>\n<meta property=\"article:publisher\" content=\"https:\/\/www.facebook.com\/portalubirataonline\" \/>\n<meta property=\"article:author\" content=\"https:\/\/www.facebook.com\/portalubirataonline\" \/>\n<meta property=\"article:published_time\" content=\"2026-04-24T05:41:19+00:00\" \/>\n<meta property=\"article:modified_time\" content=\"2026-04-24T05:41:22+00:00\" \/>\n<meta property=\"og:image\" content=\"https:\/\/ubirataonline.com.br\/wp-content\/uploads\/2026\/04\/Breaking-News-Season-Two-of-the-Max-Original-Documentary.gif\" \/>\n\t<meta property=\"og:image:width\" content=\"1\" \/>\n\t<meta property=\"og:image:height\" content=\"1\" \/>\n\t<meta property=\"og:image:type\" content=\"image\/gif\" \/>\n<meta name=\"author\" content=\"REDA\u00c7\u00c3O: UBIRAT\u00c3 ONLINE - F\u00c1BIO AUGUSTO CELESTINO\" \/>\n<meta name=\"twitter:card\" content=\"summary_large_image\" \/>\n<meta name=\"twitter:creator\" content=\"@x.com\/ubirataonline\" \/>\n<meta name=\"twitter:site\" content=\"@ubirataonline\" \/>\n<meta name=\"twitter:label1\" content=\"Written by\" \/>\n\t<meta name=\"twitter:data1\" content=\"REDA\u00c7\u00c3O: UBIRAT\u00c3 ONLINE - F\u00c1BIO AUGUSTO CELESTINO\" \/>\n\t<meta name=\"twitter:label2\" content=\"Est. reading time\" \/>\n\t<meta name=\"twitter:data2\" content=\"4 minutes\" \/>\n<script type=\"application\/ld+json\" class=\"yoast-schema-graph\">{\"@context\":\"https:\\\/\\\/schema.org\",\"@graph\":[{\"@type\":\"NewsArticle\",\"@id\":\"https:\\\/\\\/ubirataonline.com.br\\\/breaking-news-season-two-of-the-max-original-documentary-series-on-the-roam-starring-jason-momoa-debuts-may-14\\\/#article\",\"isPartOf\":{\"@id\":\"https:\\\/\\\/ubirataonline.com.br\\\/breaking-news-season-two-of-the-max-original-documentary-series-on-the-roam-starring-jason-momoa-debuts-may-14\\\/\"},\"author\":{\"name\":\"REDA\u00c7\u00c3O: UBIRAT\u00c3 ONLINE - F\u00c1BIO AUGUSTO CELESTINO\",\"@id\":\"https:\\\/\\\/ubirataonline.com.br\\\/#\\\/schema\\\/person\\\/372f87bbd3fdd79b8556b84c98d0bc1c\"},\"headline\":\"Breaking News &#8211; Season Two of the Max Original Documentary Series &#8220;On the Roam,&#8221; Starring Jason Momoa, Debuts May 14\",\"datePublished\":\"2026-04-24T05:41:19+00:00\",\"dateModified\":\"2026-04-24T05:41:22+00:00\",\"mainEntityOfPage\":{\"@id\":\"https:\\\/\\\/ubirataonline.com.br\\\/breaking-news-season-two-of-the-max-original-documentary-series-on-the-roam-starring-jason-momoa-debuts-may-14\\\/\"},\"wordCount\":799,\"publisher\":{\"@id\":\"https:\\\/\\\/ubirataonline.com.br\\\/#organization\"},\"image\":{\"@id\":\"https:\\\/\\\/ubirataonline.com.br\\\/breaking-news-season-two-of-the-max-original-documentary-series-on-the-roam-starring-jason-momoa-debuts-may-14\\\/#primaryimage\"},\"thumbnailUrl\":\"https:\\\/\\\/ubirataonline.com.br\\\/wp-content\\\/uploads\\\/2026\\\/04\\\/Breaking-News-Season-Two-of-the-Max-Original-Documentary.gif\",\"keywords\":[\"Breaking\",\"Debuts\",\"documentary\",\"Jason\",\"Max\",\"Momoa\",\"News\",\"original\",\"Roam\",\"season\",\"S\u00e9ries\",\"Starring\"],\"articleSection\":[\"Europe\"],\"inLanguage\":\"en-US\",\"copyrightYear\":\"2026\",\"copyrightHolder\":{\"@id\":\"https:\\\/\\\/ubirataonline.com.br\\\/en\\\/#organization\"}},{\"@type\":\"WebPage\",\"@id\":\"https:\\\/\\\/ubirataonline.com.br\\\/breaking-news-season-two-of-the-max-original-documentary-series-on-the-roam-starring-jason-momoa-debuts-may-14\\\/\",\"url\":\"https:\\\/\\\/ubirataonline.com.br\\\/breaking-news-season-two-of-the-max-original-documentary-series-on-the-roam-starring-jason-momoa-debuts-may-14\\\/\",\"name\":\"Breaking News - Season Two of the Max Original Documentary Series \\\"On the Roam,\\\" Starring Jason Momoa, Debuts May 14 - Ubirat\u00e3 Online Not\u00edcias - A realidade ao seu alcance!\",\"isPartOf\":{\"@id\":\"https:\\\/\\\/ubirataonline.com.br\\\/#website\"},\"primaryImageOfPage\":{\"@id\":\"https:\\\/\\\/ubirataonline.com.br\\\/breaking-news-season-two-of-the-max-original-documentary-series-on-the-roam-starring-jason-momoa-debuts-may-14\\\/#primaryimage\"},\"image\":{\"@id\":\"https:\\\/\\\/ubirataonline.com.br\\\/breaking-news-season-two-of-the-max-original-documentary-series-on-the-roam-starring-jason-momoa-debuts-may-14\\\/#primaryimage\"},\"thumbnailUrl\":\"https:\\\/\\\/ubirataonline.com.br\\\/wp-content\\\/uploads\\\/2026\\\/04\\\/Breaking-News-Season-Two-of-the-Max-Original-Documentary.gif\",\"datePublished\":\"2026-04-24T05:41:19+00:00\",\"dateModified\":\"2026-04-24T05:41:22+00:00\",\"description\":\"&#13; &#13; &#13; &#13; &#13; &#13; &#13; &#13; &#13; &#13; &#13; Season Two of the Max Original Documentary Series \\\"On the Roam,\\\" Starring Jason Momoa,\",\"breadcrumb\":{\"@id\":\"https:\\\/\\\/ubirataonline.com.br\\\/breaking-news-season-two-of-the-max-original-documentary-series-on-the-roam-starring-jason-momoa-debuts-may-14\\\/#breadcrumb\"},\"inLanguage\":\"en-US\",\"potentialAction\":[{\"@type\":\"ReadAction\",\"target\":[\"https:\\\/\\\/ubirataonline.com.br\\\/breaking-news-season-two-of-the-max-original-documentary-series-on-the-roam-starring-jason-momoa-debuts-may-14\\\/\"]}]},{\"@type\":\"ImageObject\",\"inLanguage\":\"en-US\",\"@id\":\"https:\\\/\\\/ubirataonline.com.br\\\/breaking-news-season-two-of-the-max-original-documentary-series-on-the-roam-starring-jason-momoa-debuts-may-14\\\/#primaryimage\",\"url\":\"https:\\\/\\\/ubirataonline.com.br\\\/wp-content\\\/uploads\\\/2026\\\/04\\\/Breaking-News-Season-Two-of-the-Max-Original-Documentary.gif\",\"contentUrl\":\"https:\\\/\\\/ubirataonline.com.br\\\/wp-content\\\/uploads\\\/2026\\\/04\\\/Breaking-News-Season-Two-of-the-Max-Original-Documentary.gif\",\"width\":1,\"height\":1,\"caption\":\"Breaking News - Season Two of the Max Original Documentary Series \\\"On the Roam,\\\" Starring Jason Momoa, Debuts May 14\"},{\"@type\":\"BreadcrumbList\",\"@id\":\"https:\\\/\\\/ubirataonline.com.br\\\/breaking-news-season-two-of-the-max-original-documentary-series-on-the-roam-starring-jason-momoa-debuts-may-14\\\/#breadcrumb\",\"itemListElement\":[{\"@type\":\"ListItem\",\"position\":1,\"name\":\"In\u00edcio\",\"item\":\"https:\\\/\\\/ubirataonline.com.br\\\/\"},{\"@type\":\"ListItem\",\"position\":2,\"name\":\"Breaking News &#8211; Season Two of the Max Original Documentary Series &#8220;On the Roam,&#8221; Starring Jason Momoa, Debuts May 14\"}]},{\"@type\":\"WebSite\",\"@id\":\"https:\\\/\\\/ubirataonline.com.br\\\/#website\",\"url\":\"https:\\\/\\\/ubirataonline.com.br\\\/\",\"name\":\"Ubirat\u00e3 Online Not\u00edcias\",\"description\":\"Not\u00edcias de Ubirat\u00e3, regi\u00e3o, Brasil e mundo, com informa\u00e7\u00e3o atualizada e compromisso com o leitor.\",\"publisher\":{\"@id\":\"https:\\\/\\\/ubirataonline.com.br\\\/#organization\"},\"alternateName\":\"Ubirat\u00e3 Online\",\"potentialAction\":[{\"@type\":\"SearchAction\",\"target\":{\"@type\":\"EntryPoint\",\"urlTemplate\":\"https:\\\/\\\/ubirataonline.com.br\\\/?s={search_term_string}\"},\"query-input\":{\"@type\":\"PropertyValueSpecification\",\"valueRequired\":true,\"valueName\":\"search_term_string\"}}],\"inLanguage\":\"en-US\"},{\"@type\":[\"Organization\",\"Place\"],\"@id\":\"https:\\\/\\\/ubirataonline.com.br\\\/#organization\",\"name\":\"Ubirat\u00e3 Online Not\u00edcias\",\"alternateName\":\"Ubirat\u00e3 Online\",\"url\":\"https:\\\/\\\/ubirataonline.com.br\\\/\",\"logo\":{\"@id\":\"https:\\\/\\\/ubirataonline.com.br\\\/breaking-news-season-two-of-the-max-original-documentary-series-on-the-roam-starring-jason-momoa-debuts-may-14\\\/#local-main-organization-logo\"},\"image\":{\"@id\":\"https:\\\/\\\/ubirataonline.com.br\\\/breaking-news-season-two-of-the-max-original-documentary-series-on-the-roam-starring-jason-momoa-debuts-may-14\\\/#local-main-organization-logo\"},\"sameAs\":[\"https:\\\/\\\/www.facebook.com\\\/portalubirataonline\",\"https:\\\/\\\/x.com\\\/ubirataonline\",\"https:\\\/\\\/mastodon.social\\\/@ubirataonline\",\"https:\\\/\\\/www.facebook.com\\\/groups\\\/311144672285604\",\"https:\\\/\\\/www.facebook.com\\\/UBTAOnline\",\"https:\\\/\\\/www.instagram.com\\\/portalubirataonline\\\/\",\"https:\\\/\\\/twitter.com\\\/ubirataonline\"],\"description\":\"Somos um portal de not\u00edcias independente, criado em 5 de janeiro de 2009, com o objetivo de informar, conectar e valorizar a nossa comunidade de Ubirat\u00e3 e toda aregi\u00e3o. Com conte\u00fado atualizado, confi\u00e1vel e relevante, o Ubirat\u00e3 Online \u00e9 o seu espa\u00e7o para ficar por dentro dos principais acontecimentos locais, regionais, Brasil, Mundo e de interesse geral. Nosso compromisso \u00e9 com a verdade, a transpar\u00eancia e o respeito ao leitor.\",\"legalName\":\"UBIRATA ONLINE NOT\u00cdCIAS\",\"foundingDate\":\"2009-01-05\",\"numberOfEmployees\":{\"@type\":\"QuantitativeValue\",\"minValue\":\"1\",\"maxValue\":\"10\"},\"publishingPrinciples\":\"https:\\\/\\\/ubirataonline.com.br\\\/faq\\\/\",\"address\":{\"@id\":\"https:\\\/\\\/ubirataonline.com.br\\\/breaking-news-season-two-of-the-max-original-documentary-series-on-the-roam-starring-jason-momoa-debuts-may-14\\\/#local-main-place-address\"},\"geo\":{\"@type\":\"GeoCoordinates\",\"latitude\":\"-24.5361401\",\"longitude\":\"-52.9921776\"},\"telephone\":[\"+5544998308235\"],\"contactPoint\":{\"@type\":\"ContactPoint\",\"email\":\"contato@ubirataonline.com.br\"},\"openingHoursSpecification\":{\"@type\":\"OpeningHoursSpecification\",\"dayOfWeek\":[\"Monday\",\"Tuesday\",\"Wednesday\",\"Thursday\",\"Friday\",\"Saturday\",\"Sunday\"],\"opens\":\"00:00\",\"closes\":\"23:59\"},\"email\":\"contato@ubirataonline.com.br\",\"vatID\":\"47.621.418\\\/0001-80\"},{\"@type\":\"Person\",\"@id\":\"https:\\\/\\\/ubirataonline.com.br\\\/#\\\/schema\\\/person\\\/372f87bbd3fdd79b8556b84c98d0bc1c\",\"name\":\"REDA\u00c7\u00c3O: UBIRAT\u00c3 ONLINE - F\u00c1BIO AUGUSTO CELESTINO\",\"pronouns\":\"Ele\",\"description\":\"Desde 2003 trabalhando com not\u00edcias.\",\"sameAs\":[\"http:\\\/\\\/ubirataoline.com.br\",\"https:\\\/\\\/www.facebook.com\\\/portalubirataonline\",\"https:\\\/\\\/www.instagram.com\\\/ubirataonline_oficial\",\"https:\\\/\\\/x.com\\\/x.com\\\/ubirataonline\"],\"honorificPrefix\":\"Mr.\",\"honorificSuffix\":\"MD\",\"birthDate\":\"1980-06-16\",\"gender\":\"masculino\",\"award\":[\"V\u00e1rios pr\u00eamios de melhor portal da cidade\"],\"jobTitle\":\"Diretor\",\"url\":\"https:\\\/\\\/ubirataonline.com.br\\\/en\\\/author\\\/ubirataonline\\\/\"},{\"@type\":\"PostalAddress\",\"@id\":\"https:\\\/\\\/ubirataonline.com.br\\\/breaking-news-season-two-of-the-max-original-documentary-series-on-the-roam-starring-jason-momoa-debuts-may-14\\\/#local-main-place-address\",\"streetAddress\":\"Rua dos Coqueiros, 104 - Bairro Boa Vista, Rua dos Coqueiros, 104 Bairro Boa Vista\",\"addressLocality\":\"UBIRATA\",\"postalCode\":\"85440-000\",\"addressRegion\":\"PR\",\"addressCountry\":\"BR\"},{\"@type\":\"ImageObject\",\"inLanguage\":\"en-US\",\"@id\":\"https:\\\/\\\/ubirataonline.com.br\\\/breaking-news-season-two-of-the-max-original-documentary-series-on-the-roam-starring-jason-momoa-debuts-may-14\\\/#local-main-organization-logo\",\"url\":\"https:\\\/\\\/ubirataonline.com.br\\\/wp-content\\\/uploads\\\/2026\\\/06\\\/logoubirataonline-1.webp\",\"contentUrl\":\"https:\\\/\\\/ubirataonline.com.br\\\/wp-content\\\/uploads\\\/2026\\\/06\\\/logoubirataonline-1.webp\",\"width\":500,\"height\":500,\"caption\":\"Ubirat\u00e3 Online Not\u00edcias\"}]}<\/script>\n<meta name=\"geo.placename\" content=\"UBIRATA\" \/>\n<meta name=\"geo.position\" content=\"-24.5361401;-52.9921776\" \/>\n<meta name=\"geo.region\" content=\"Brazil\" \/>\n<!-- \/ Yoast SEO Premium plugin. -->","yoast_head_json":{"title":"Breaking News - Season Two of the Max Original Documentary Series \"On the Roam,\" Starring Jason Momoa, Debuts May 14 - Ubirat\u00e3 Online Not\u00edcias - A realidade ao seu alcance!","description":"&#13; &#13; &#13; &#13; &#13; &#13; &#13; &#13; &#13; &#13; &#13; Season Two of the Max Original Documentary Series \"On the Roam,\" Starring Jason Momoa,","robots":{"index":"index","follow":"follow","max-snippet":"max-snippet:-1","max-image-preview":"max-image-preview:large","max-video-preview":"max-video-preview:-1"},"canonical":"https:\/\/ubirataonline.com.br\/en\/breaking-news-season-two-of-the-max-original-documentary-series-on-the-roam-starring-jason-momoa-debuts-may-14\/","og_locale":"en_US","og_type":"article","og_title":"Breaking News - Season Two of the Max Original Documentary Series \"On the Roam,\" Starring Jason Momoa, Debuts May 14","og_description":"&#13; &#13; &#13; &#13; &#13; &#13; &#13; &#13; &#13; &#13; &#13; Season Two of the Max Original Documentary Series \"On the Roam,\" Starring Jason Momoa,","og_url":"https:\/\/ubirataonline.com.br\/en\/breaking-news-season-two-of-the-max-original-documentary-series-on-the-roam-starring-jason-momoa-debuts-may-14\/","og_site_name":"Ubirat\u00e3 Online Not\u00edcias - A realidade ao seu alcance!","article_publisher":"https:\/\/www.facebook.com\/portalubirataonline","article_author":"https:\/\/www.facebook.com\/portalubirataonline","article_published_time":"2026-04-24T05:41:19+00:00","article_modified_time":"2026-04-24T05:41:22+00:00","og_image":[{"width":1,"height":1,"url":"https:\/\/ubirataonline.com.br\/wp-content\/uploads\/2026\/04\/Breaking-News-Season-Two-of-the-Max-Original-Documentary.gif","type":"image\/gif"}],"author":"REDA\u00c7\u00c3O: UBIRAT\u00c3 ONLINE - F\u00c1BIO AUGUSTO CELESTINO","twitter_card":"summary_large_image","twitter_creator":"@x.com\/ubirataonline","twitter_site":"@ubirataonline","twitter_misc":{"Written by":"REDA\u00c7\u00c3O: UBIRAT\u00c3 ONLINE - F\u00c1BIO AUGUSTO CELESTINO","Est. reading time":"4 minutes"},"schema":{"@context":"https:\/\/schema.org","@graph":[{"@type":"NewsArticle","@id":"https:\/\/ubirataonline.com.br\/breaking-news-season-two-of-the-max-original-documentary-series-on-the-roam-starring-jason-momoa-debuts-may-14\/#article","isPartOf":{"@id":"https:\/\/ubirataonline.com.br\/breaking-news-season-two-of-the-max-original-documentary-series-on-the-roam-starring-jason-momoa-debuts-may-14\/"},"author":{"name":"REDA\u00c7\u00c3O: UBIRAT\u00c3 ONLINE - F\u00c1BIO AUGUSTO CELESTINO","@id":"https:\/\/ubirataonline.com.br\/#\/schema\/person\/372f87bbd3fdd79b8556b84c98d0bc1c"},"headline":"Breaking News &#8211; Season Two of the Max Original Documentary Series &#8220;On the Roam,&#8221; Starring Jason Momoa, Debuts May 14","datePublished":"2026-04-24T05:41:19+00:00","dateModified":"2026-04-24T05:41:22+00:00","mainEntityOfPage":{"@id":"https:\/\/ubirataonline.com.br\/breaking-news-season-two-of-the-max-original-documentary-series-on-the-roam-starring-jason-momoa-debuts-may-14\/"},"wordCount":799,"publisher":{"@id":"https:\/\/ubirataonline.com.br\/#organization"},"image":{"@id":"https:\/\/ubirataonline.com.br\/breaking-news-season-two-of-the-max-original-documentary-series-on-the-roam-starring-jason-momoa-debuts-may-14\/#primaryimage"},"thumbnailUrl":"https:\/\/ubirataonline.com.br\/wp-content\/uploads\/2026\/04\/Breaking-News-Season-Two-of-the-Max-Original-Documentary.gif","keywords":["Breaking","Debuts","documentary","Jason","Max","Momoa","News","original","Roam","season","S\u00e9ries","Starring"],"articleSection":["Europe"],"inLanguage":"en-US","copyrightYear":"2026","copyrightHolder":{"@id":"https:\/\/ubirataonline.com.br\/en\/#organization"}},{"@type":"WebPage","@id":"https:\/\/ubirataonline.com.br\/breaking-news-season-two-of-the-max-original-documentary-series-on-the-roam-starring-jason-momoa-debuts-may-14\/","url":"https:\/\/ubirataonline.com.br\/breaking-news-season-two-of-the-max-original-documentary-series-on-the-roam-starring-jason-momoa-debuts-may-14\/","name":"Breaking News - Season Two of the Max Original Documentary Series \"On the Roam,\" Starring Jason Momoa, Debuts May 14 - Ubirat\u00e3 Online Not\u00edcias - A realidade ao seu alcance!","isPartOf":{"@id":"https:\/\/ubirataonline.com.br\/#website"},"primaryImageOfPage":{"@id":"https:\/\/ubirataonline.com.br\/breaking-news-season-two-of-the-max-original-documentary-series-on-the-roam-starring-jason-momoa-debuts-may-14\/#primaryimage"},"image":{"@id":"https:\/\/ubirataonline.com.br\/breaking-news-season-two-of-the-max-original-documentary-series-on-the-roam-starring-jason-momoa-debuts-may-14\/#primaryimage"},"thumbnailUrl":"https:\/\/ubirataonline.com.br\/wp-content\/uploads\/2026\/04\/Breaking-News-Season-Two-of-the-Max-Original-Documentary.gif","datePublished":"2026-04-24T05:41:19+00:00","dateModified":"2026-04-24T05:41:22+00:00","description":"&#13; &#13; &#13; &#13; &#13; &#13; &#13; &#13; &#13; &#13; &#13; Season Two of the Max Original Documentary Series \"On the Roam,\" Starring Jason Momoa,","breadcrumb":{"@id":"https:\/\/ubirataonline.com.br\/breaking-news-season-two-of-the-max-original-documentary-series-on-the-roam-starring-jason-momoa-debuts-may-14\/#breadcrumb"},"inLanguage":"en-US","potentialAction":[{"@type":"ReadAction","target":["https:\/\/ubirataonline.com.br\/breaking-news-season-two-of-the-max-original-documentary-series-on-the-roam-starring-jason-momoa-debuts-may-14\/"]}]},{"@type":"ImageObject","inLanguage":"en-US","@id":"https:\/\/ubirataonline.com.br\/breaking-news-season-two-of-the-max-original-documentary-series-on-the-roam-starring-jason-momoa-debuts-may-14\/#primaryimage","url":"https:\/\/ubirataonline.com.br\/wp-content\/uploads\/2026\/04\/Breaking-News-Season-Two-of-the-Max-Original-Documentary.gif","contentUrl":"https:\/\/ubirataonline.com.br\/wp-content\/uploads\/2026\/04\/Breaking-News-Season-Two-of-the-Max-Original-Documentary.gif","width":1,"height":1,"caption":"Breaking News - Season Two of the Max Original Documentary Series \"On the Roam,\" Starring Jason Momoa, Debuts May 14"},{"@type":"BreadcrumbList","@id":"https:\/\/ubirataonline.com.br\/breaking-news-season-two-of-the-max-original-documentary-series-on-the-roam-starring-jason-momoa-debuts-may-14\/#breadcrumb","itemListElement":[{"@type":"ListItem","position":1,"name":"In\u00edcio","item":"https:\/\/ubirataonline.com.br\/"},{"@type":"ListItem","position":2,"name":"Breaking News &#8211; Season Two of the Max Original Documentary Series &#8220;On the Roam,&#8221; Starring Jason Momoa, Debuts May 14"}]},{"@type":"WebSite","@id":"https:\/\/ubirataonline.com.br\/#website","url":"https:\/\/ubirataonline.com.br\/","name":"Ubirat\u00e3 Online Not\u00edcias","description":"Not\u00edcias de Ubirat\u00e3, regi\u00e3o, Brasil e mundo, com informa\u00e7\u00e3o atualizada e compromisso com o leitor.","publisher":{"@id":"https:\/\/ubirataonline.com.br\/#organization"},"alternateName":"Ubirat\u00e3 Online","potentialAction":[{"@type":"SearchAction","target":{"@type":"EntryPoint","urlTemplate":"https:\/\/ubirataonline.com.br\/?s={search_term_string}"},"query-input":{"@type":"PropertyValueSpecification","valueRequired":true,"valueName":"search_term_string"}}],"inLanguage":"en-US"},{"@type":["Organization","Place"],"@id":"https:\/\/ubirataonline.com.br\/#organization","name":"Ubirat\u00e3 Online Not\u00edcias","alternateName":"Ubirat\u00e3 Online","url":"https:\/\/ubirataonline.com.br\/","logo":{"@id":"https:\/\/ubirataonline.com.br\/breaking-news-season-two-of-the-max-original-documentary-series-on-the-roam-starring-jason-momoa-debuts-may-14\/#local-main-organization-logo"},"image":{"@id":"https:\/\/ubirataonline.com.br\/breaking-news-season-two-of-the-max-original-documentary-series-on-the-roam-starring-jason-momoa-debuts-may-14\/#local-main-organization-logo"},"sameAs":["https:\/\/www.facebook.com\/portalubirataonline","https:\/\/x.com\/ubirataonline","https:\/\/mastodon.social\/@ubirataonline","https:\/\/www.facebook.com\/groups\/311144672285604","https:\/\/www.facebook.com\/UBTAOnline","https:\/\/www.instagram.com\/portalubirataonline\/","https:\/\/twitter.com\/ubirataonline"],"description":"Somos um portal de not\u00edcias independente, criado em 5 de janeiro de 2009, com o objetivo de informar, conectar e valorizar a nossa comunidade de Ubirat\u00e3 e toda aregi\u00e3o. Com conte\u00fado atualizado, confi\u00e1vel e relevante, o Ubirat\u00e3 Online \u00e9 o seu espa\u00e7o para ficar por dentro dos principais acontecimentos locais, regionais, Brasil, Mundo e de interesse geral. Nosso compromisso \u00e9 com a verdade, a transpar\u00eancia e o respeito ao leitor.","legalName":"UBIRATA ONLINE NOT\u00cdCIAS","foundingDate":"2009-01-05","numberOfEmployees":{"@type":"QuantitativeValue","minValue":"1","maxValue":"10"},"publishingPrinciples":"https:\/\/ubirataonline.com.br\/faq\/","address":{"@id":"https:\/\/ubirataonline.com.br\/breaking-news-season-two-of-the-max-original-documentary-series-on-the-roam-starring-jason-momoa-debuts-may-14\/#local-main-place-address"},"geo":{"@type":"GeoCoordinates","latitude":"-24.5361401","longitude":"-52.9921776"},"telephone":["+5544998308235"],"contactPoint":{"@type":"ContactPoint","email":"contato@ubirataonline.com.br"},"openingHoursSpecification":{"@type":"OpeningHoursSpecification","dayOfWeek":["Monday","Tuesday","Wednesday","Thursday","Friday","Saturday","Sunday"],"opens":"00:00","closes":"23:59"},"email":"contato@ubirataonline.com.br","vatID":"47.621.418\/0001-80"},{"@type":"Person","@id":"https:\/\/ubirataonline.com.br\/#\/schema\/person\/372f87bbd3fdd79b8556b84c98d0bc1c","name":"REDA\u00c7\u00c3O: UBIRAT\u00c3 ONLINE - F\u00c1BIO AUGUSTO CELESTINO","pronouns":"Ele","description":"Desde 2003 trabalhando com not\u00edcias.","sameAs":["http:\/\/ubirataoline.com.br","https:\/\/www.facebook.com\/portalubirataonline","https:\/\/www.instagram.com\/ubirataonline_oficial","https:\/\/x.com\/x.com\/ubirataonline"],"honorificPrefix":"Mr.","honorificSuffix":"MD","birthDate":"1980-06-16","gender":"masculino","award":["V\u00e1rios pr\u00eamios de melhor portal da cidade"],"jobTitle":"Diretor","url":"https:\/\/ubirataonline.com.br\/en\/author\/ubirataonline\/"},{"@type":"PostalAddress","@id":"https:\/\/ubirataonline.com.br\/breaking-news-season-two-of-the-max-original-documentary-series-on-the-roam-starring-jason-momoa-debuts-may-14\/#local-main-place-address","streetAddress":"Rua dos Coqueiros, 104 - Bairro Boa Vista, Rua dos Coqueiros, 104 Bairro Boa Vista","addressLocality":"UBIRATA","postalCode":"85440-000","addressRegion":"PR","addressCountry":"BR"},{"@type":"ImageObject","inLanguage":"en-US","@id":"https:\/\/ubirataonline.com.br\/breaking-news-season-two-of-the-max-original-documentary-series-on-the-roam-starring-jason-momoa-debuts-may-14\/#local-main-organization-logo","url":"https:\/\/ubirataonline.com.br\/wp-content\/uploads\/2026\/06\/logoubirataonline-1.webp","contentUrl":"https:\/\/ubirataonline.com.br\/wp-content\/uploads\/2026\/06\/logoubirataonline-1.webp","width":500,"height":500,"caption":"Ubirat\u00e3 Online Not\u00edcias"}]},"geo.placename":"UBIRATA","geo.position":{"lat":"-24.5361401","long":"-52.9921776"},"geo.region":"Brazil"},"_links":{"self":[{"href":"https:\/\/ubirataonline.com.br\/en\/wp-json\/wp\/v2\/posts\/113837","targetHints":{"allow":["GET"]}}],"collection":[{"href":"https:\/\/ubirataonline.com.br\/en\/wp-json\/wp\/v2\/posts"}],"about":[{"href":"https:\/\/ubirataonline.com.br\/en\/wp-json\/wp\/v2\/types\/post"}],"author":[{"embeddable":true,"href":"https:\/\/ubirataonline.com.br\/en\/wp-json\/wp\/v2\/users\/1"}],"replies":[{"embeddable":true,"href":"https:\/\/ubirataonline.com.br\/en\/wp-json\/wp\/v2\/comments?post=113837"}],"version-history":[{"count":0,"href":"https:\/\/ubirataonline.com.br\/en\/wp-json\/wp\/v2\/posts\/113837\/revisions"}],"wp:featuredmedia":[{"embeddable":true,"href":"https:\/\/ubirataonline.com.br\/en\/wp-json\/wp\/v2\/media\/113838"}],"wp:attachment":[{"href":"https:\/\/ubirataonline.com.br\/en\/wp-json\/wp\/v2\/media?parent=113837"}],"wp:term":[{"taxonomy":"category","embeddable":true,"href":"https:\/\/ubirataonline.com.br\/en\/wp-json\/wp\/v2\/categories?post=113837"},{"taxonomy":"post_tag","embeddable":true,"href":"https:\/\/ubirataonline.com.br\/en\/wp-json\/wp\/v2\/tags?post=113837"}],"curies":[{"name":"wp","href":"https:\/\/api.w.org\/{rel}","templated":true}]}}