{"id":113920,"date":"2026-04-24T06:23:18","date_gmt":"2026-04-24T09:23:18","guid":{"rendered":"https:\/\/ubirataonline.com.br\/justica-suspende-lei-que-alterava-feriado-de-aniversario-de-maringa\/"},"modified":"2026-04-24T06:23:21","modified_gmt":"2026-04-24T09:23:21","slug":"justica-suspende-lei-que-alterava-feriado-de-aniversario-de-maringa","status":"publish","type":"post","link":"https:\/\/ubirataonline.com.br\/en\/justica-suspende-lei-que-alterava-feriado-de-aniversario-de-maringa\/","title":{"rendered":"Justi\u00e7a suspende lei que alterava feriado de anivers\u00e1rio de Maring\u00e1"},"content":{"rendered":"<p><\/p>\n<div id=\"post-content\">\n<p>O Tribunal de Justi\u00e7a do Paran\u00e1 (TJPR) suspendeu, nesta quinta-feira (23\/04), em decis\u00e3o liminar, os efeitos da Lei Municipal n\u00ba 12.155\/2026, que alterava a data do feriado de anivers\u00e1rio de Maring\u00e1 neste ano.<\/p>\n<p>A decis\u00e3o \u00e9 do desembargador relator Sergio Luiz Kreuz e atende a um questionamento sobre a legalidade da mudan\u00e7a, que previa a transfer\u00eancia da comemora\u00e7\u00e3o do dia 10 (domingo) para o dia 11 de maio (segunda-feira).<\/p>\n<p>A mudan\u00e7a, que permitia a comemora\u00e7\u00e3o do anivers\u00e1rio em um dia \u00fatil, foi <a href=\"https:\/\/www.tribunapr.com.br\/noticias\/feriado-extra-maringa-causar-prejuizo-63-milhoes\/#google_vignette\">aprovada no dia 14 de abril<\/a> pela C\u00e2mara de Maring\u00e1, por meio do projeto de lei n\u00ba 12.155\/2026. Pela regra local, quando 10 de maio cai em um domingo, a data \u00e9 mantida. No entanto, os vereadores aprovaram a altera\u00e7\u00e3o para a segunda-feira, com o objetivo de ampliar o descanso e as celebra\u00e7\u00f5es.<\/p>\n<p>Contudo, a transfer\u00eancia do feriado n\u00e3o agradou a todos os setores. Na quarta-feira (22\/04), a Associa\u00e7\u00e3o Comercial e Empresarial de Maring\u00e1 (Acim) emitiu um comunicado afirmando que a mudan\u00e7a no calend\u00e1rio oficial pode gerar impactos para micro e pequenas empresas, elevar custos operacionais e reduzir a produtividade.<\/p>\n<p>Uma estimativa do Conselho de Desenvolvimento Econ\u00f4mico de Maring\u00e1 (Codem) tamb\u00e9m apontou que a altera\u00e7\u00e3o pode gerar perdas de aproximadamente R$ 63 milh\u00f5es, principalmente pela paralisa\u00e7\u00e3o de atividades em um dia \u00fatil.<\/p>\n<h2 class=\"wp-block-heading\" id=\"h-por-que-a-justica-suspendeu-a-comemoracao-do-aniversario-de-maringa-no-dia-11-de-maio\">Por que a Justi\u00e7a suspendeu a comemora\u00e7\u00e3o do anivers\u00e1rio de Maring\u00e1 no dia 11 de maio?<\/h2>\n<p>No documento apresentado nesta quinta, o desembargador justificou a suspens\u00e3o dos efeitos da lei de acordo com os seguintes crit\u00e9rios:<\/p>\n<ul class=\"wp-block-list\">\n<li><strong>Inconstitucionalidade Formal:<\/strong> A cria\u00e7\u00e3o de feriados civis permanentes por munic\u00edpios invade a compet\u00eancia privativa da Uni\u00e3o para legislar sobre direito do trabalho.<\/li>\n<li><strong>Viola\u00e7\u00e3o \u00e0 Lei Federal n\u00ba 9.093\/1995:<\/strong> Esta lei federal estabelece que munic\u00edpios s\u00f3 podem instituir feriados religiosos (at\u00e9 quatro) e feriados civis apenas no centen\u00e1rio de funda\u00e7\u00e3o, o que n\u00e3o \u00e9 o caso de Maring\u00e1.<\/li>\n<li><strong>Urg\u00eancia e Dano Econ\u00f4mico:<\/strong> A proximidade do feriado (que seria em 11 de maio de 2026) e o estudo t\u00e9cnico estimando um preju\u00edzo de <strong>R$ 63 milh\u00f5es<\/strong> ao setor produtivo local justificaram a concess\u00e3o imediata da liminar. <\/li>\n<\/ul>\n<h2 class=\"wp-block-heading\" id=\"h-camara-de-maringa-defende-legalidade-da-mudanca\">C\u00e2mara de Maring\u00e1 defende legalidade da mudan\u00e7a<\/h2>\n<p>Em nota enviada \u00e0 Tribuna do Paran\u00e1, a C\u00e2mara de Vereadores de Maring\u00e1 disse que respeita a decis\u00e3o do TJPR, mas pontuou que n\u00e3o criou um novo feriado. \u201cConforme observado na pr\u00f3pria liminar, a legisla\u00e7\u00e3o municipal passou por altera\u00e7\u00f5es ao longo do tempo, consolidando a pr\u00e1tica de comemora\u00e7\u00e3o do anivers\u00e1rio da cidade na segunda-feira do m\u00eas de maio, independentemente do dia da semana em que cair o dia 10, tradi\u00e7\u00e3o que foi mantida pela C\u00e2mara ao aprovar a referida lei.\u201d<\/p>\n<p>A nota refor\u00e7a que a decis\u00e3o da Justi\u00e7a tem car\u00e1ter \u201ccautelar e provis\u00f3rio\u201d e que o documento ser\u00e1 analisado pelo setor jur\u00eddico da C\u00e2mara. <\/p>\n<h2 class=\"wp-block-heading\" id=\"h-setor-empresarial-critica-alteracao-sem-planejamento\"><strong>Setor empresarial critica altera\u00e7\u00e3o sem planejamento<\/strong><\/h2>\n<p>No comunicado, a Associa\u00e7\u00e3o Comercial e Empresarial de Maring\u00e1 (Acim) destacou que o modelo atual de defini\u00e7\u00e3o do feriado existe desde 2008, ap\u00f3s discuss\u00e3o com representantes do setor produtivo. Para a entidade, o debate mais recente n\u00e3o considerou as demandas do com\u00e9rcio e da ind\u00fastria.<\/p>\n<p>\u201cEmbora o prefeito seja o mesmo, o procedimento foi diferente, n\u00e3o havendo debate nem discuss\u00e3o sobre a altera\u00e7\u00e3o da regra e suas consequ\u00eancias antes da san\u00e7\u00e3o\u201d, afirmou a Acim.<\/p>\n<p>O setor empresarial avalia mudan\u00e7as feitas sem planejamento afetam diretamente a rotina financeira e produtiva das empresas. Segundo a entidade, cada dia \u00fatil representa, em m\u00e9dia, 5% da capacidade produtiva mensal.<\/p>\n<p>\u201cFeriados n\u00e3o planejados geram paralisa\u00e7\u00f5es que n\u00e3o podem ser compensadas, afetando o cumprimento de contratos, a log\u00edstica e a competitividade. H\u00e1 empresas cujo custo operacional di\u00e1rio ultrapassa R$ 100 mil, valor n\u00e3o previsto no planejamento anual e que deixa de circular na economia na forma de investimentos, renda e tributos\u201d, diz o comunicado.<\/p>\n<p>De acordo com a Acim, os efeitos tamb\u00e9m atingem setores como constru\u00e7\u00e3o civil, mercado imobili\u00e1rio, educa\u00e7\u00e3o, sa\u00fade e transporte.<\/p>\n<section class=\"virals\">\n<article class=\"cardnews cardnews--post cardnews--has-thumbnail cardnews--editorial-noticias\"> <a href=\"https:\/\/www.tribunapr.com.br\/noticias\/parana\/conheca-mel-raro-interior-parana-floradas-especiais-sabor-suave\/?utm_source=noticias-virais-rodape&amp;utm_medium=internal-tribuna&amp;utm_campaign=tribuna\" class=\"cardnews__postlink\"> <\/p>\n<div class=\"cardnews__image\" is-api-thumb=\"\"><\/div>\n<div class=\"cardnews__content cardhome__content\">\n<div class=\"cardnews__content-wrapper\">\n<p> <span style=\"\"> Denomina\u00e7\u00e3o de Origem <\/span> <\/p>\n<p>Conhe\u00e7a o mel raro do interior do Paran\u00e1 que nasce de floradas especiais e tem sabor suave<\/p>\n<\/p><\/div>\n<\/p><\/div>\n<p> <\/a> <\/article>\n<article class=\"cardnews cardnews--post cardnews--has-thumbnail cardnews--editorial-noticias\"> <a href=\"https:\/\/www.tribunapr.com.br\/noticias\/curitiba-regiao\/curitiba-e-a-nova-miami-capital-e-a-que-mais-recebe-cubanos-do-brasil\/?utm_source=noticias-virais-rodape&amp;utm_medium=internal-tribuna&amp;utm_campaign=tribuna\" class=\"cardnews__postlink\"> <\/p>\n<div class=\"cardnews__image\" is-api-thumb=\"\"><img decoding=\"async\" src=\"https:\/\/www.tribunapr.com.br\/wp-content\/uploads\/2026\/04\/02194022\/centro-de-Curitiba-370x210.jpg\" loading=\"lazy\" alt=\"Curitiba \u00e9 a nova Miami: capital paranaense \u00e9 a que mais recebe cubanos do Brasil\"\/><\/div>\n<div class=\"cardnews__content cardhome__content\">\n<div class=\"cardnews__content-wrapper\">\n<p> <span style=\"\"> Imigra\u00e7\u00e3o <\/span> <\/p>\n<p>Curitiba \u00e9 a nova Miami: capital paranaense \u00e9 a que mais recebe cubanos do Brasil<\/p>\n<\/p><\/div>\n<\/p><\/div>\n<p> <\/a> <\/article>\n<article class=\"cardnews cardnews--post cardnews--has-thumbnail cardnews--editorial-noticias\"> <a href=\"https:\/\/www.tribunapr.com.br\/noticias\/parana\/futebol-ajuda-imigrantes-venezuelanos-reconstruir-vinculos-curitiba\/?utm_source=noticias-virais-rodape&amp;utm_medium=internal-tribuna&amp;utm_campaign=tribuna\" class=\"cardnews__postlink\"> <\/p>\n<div class=\"cardnews__image\" is-api-thumb=\"\"><img decoding=\"async\" src=\"https:\/\/www.tribunapr.com.br\/wp-content\/uploads\/2026\/04\/12141044\/liga-venezuela-370x210.jpg\" loading=\"lazy\" alt=\"Futebol ajuda imigrantes venezuelanos a reconstruir v\u00ednculos em Curitiba\"\/><\/div>\n<div class=\"cardnews__content cardhome__content\">\n<div class=\"cardnews__content-wrapper\">\n<p> <span style=\"\"> Paix\u00e3o compartilhada <\/span> <\/p>\n<p>Futebol ajuda imigrantes venezuelanos a reconstruir v\u00ednculos em Curitiba<\/p>\n<\/p><\/div>\n<\/p><\/div>\n<p> <\/a> <\/article>\n<\/section>\n<div id=\"tribuna-follow-cta\">\n<p> <span class=\"cta-title\">Siga a <span class=\"tribuna-color\">Tribuna<\/span> no Google, e acompanhe as \u00faltimas not\u00edcias de Curitiba e regi\u00e3o!<\/span> <\/p>\n<p> <a href=\"https:\/\/profile.google.com\/cp\/CgwvZy8xMmxxajUzM3Mac2h0dHBzOi8vd3d3LnRyaWJ1bmFwci5jb20uYnIvdml2YS92aXRyaW5lL2dpZ2FudGUtZG8tdmVzdHVhcmlvLXJlaW5hdWd1cmEtbG9qYS1lbS1zaG9wcGluZy10cmFkaWNpb25hbC1kZS1jdXJpdGliYS8iElRyaWJ1bmEgZG8gUGFyYW7DoSqAAwrHAWh0dHBzOi8vZW5jcnlwdGVkLXRibjIuZ3N0YXRpYy5jb20vZmF2aWNvbi10Ym4_cT10Ym46QU5kOUdjUVJPbjVDRjR6TzJPbkUwTXZrRlRCRTY2U0g1bGlaVDRaZTV3bWNKeU5GRm1BSnluM01nNU9PR3BXY1pYMzZwYU5HUWtsZ09JVEFLTTNNZVNGbTc1aWp6M3k2ajUtQ3M2b25kX2JUcFFQQkVLd3RsUjBsTmJESnUtVHhrNXQtbFlCNlVpOWZSVVFjT2cSswFodHRwczovL2VuY3J5cHRlZC10Ym4zLmdzdGF0aWMuY29tL2Zhdmljb24tdGJuP3E9dGJuJTNBQU5kOUdjU0FMaWJ2eFF0YXdFMFRueVdWWmVKRS1MZEdRZjVTUi1OZ2RMazhyZzIwVy1nM0JuQ1F4VDNKZFBjRXR2THdBeVRxUDJEdHVycEdVR29CQkxpYzM5al9wSmFxRERaMHNCYW05WEVhSGVsMmZTQmdKdlF4WWVyMw\" target=\"_blank\" title=\"Seguir a Tribuna no Google\">  <\/a> <\/div>\n<\/p><\/div>\n<p><a href=\"https:\/\/www.tribunapr.com.br\/noticias\/parana\/justica-suspende-lei-feriado-aniversario-maringa\/\">Fonte do Artigo <\/a><\/p>","protected":false},"excerpt":{"rendered":"<p>O Tribunal de Justi\u00e7a do Paran\u00e1 (TJPR) suspendeu, nesta quinta-feira (23\/04), em decis\u00e3o liminar, os efeitos da Lei Municipal n\u00ba 12.155\/2026, que alterava a data do feriado de anivers\u00e1rio de Maring\u00e1 neste ano. A decis\u00e3o \u00e9 do desembargador relator Sergio Luiz Kreuz e atende a um questionamento sobre a legalidade da mudan\u00e7a, que previa a [&hellip;]<\/p>\n","protected":false},"author":1,"featured_media":113921,"comment_status":"closed","ping_status":"","sticky":false,"template":"","format":"standard","meta":{"googlesitekit_rrm_CAow2JLhCw:productID":"","_gspb_post_css":"","maa_idioma":"","maa_pais":"","footnotes":""},"categories":[1],"tags":[30684,14397,4301,3684,2879,74,8548],"class_list":["post-113920","post","type-post","status-publish","format-standard","has-post-thumbnail","hentry","category-ubirata","tag-alterava","tag-aniversario","tag-feriado","tag-justica","tag-lei","tag-maringa","tag-suspende"],"blocksy_meta":[],"yoast_head":"<!-- This site is optimized with the Yoast SEO Premium plugin v27.6 (Yoast SEO v27.6) - https:\/\/yoast.com\/product\/yoast-seo-premium-wordpress\/ -->\n<title>Justi\u00e7a suspende lei que alterava feriado de anivers\u00e1rio de Maring\u00e1 - Ubirat\u00e3 Online Not\u00edcias - A realidade ao seu alcance!<\/title>\n<meta name=\"description\" content=\"O Tribunal de Justi\u00e7a do Paran\u00e1 (TJPR) suspendeu, nesta quinta-feira (23\/04), em decis\u00e3o liminar, os efeitos da Lei Municipal n\u00ba 12.155\/2026, que alterava\" \/>\n<meta name=\"robots\" content=\"index, follow, max-snippet:-1, max-image-preview:large, max-video-preview:-1\" \/>\n<link rel=\"canonical\" href=\"https:\/\/ubirataonline.com.br\/en\/justica-suspende-lei-que-alterava-feriado-de-aniversario-de-maringa\/\" \/>\n<meta property=\"og:locale\" content=\"en_US\" \/>\n<meta property=\"og:type\" content=\"article\" \/>\n<meta property=\"og:title\" content=\"Justi\u00e7a suspende lei que alterava feriado de anivers\u00e1rio de Maring\u00e1\" \/>\n<meta property=\"og:description\" content=\"O Tribunal de Justi\u00e7a do Paran\u00e1 (TJPR) suspendeu, nesta quinta-feira (23\/04), em decis\u00e3o liminar, os efeitos da Lei Municipal n\u00ba 12.155\/2026, que alterava\" \/>\n<meta property=\"og:url\" content=\"https:\/\/ubirataonline.com.br\/en\/justica-suspende-lei-que-alterava-feriado-de-aniversario-de-maringa\/\" \/>\n<meta property=\"og:site_name\" content=\"Ubirat\u00e3 Online Not\u00edcias - A realidade ao seu alcance!\" \/>\n<meta property=\"article:publisher\" content=\"https:\/\/www.facebook.com\/portalubirataonline\" \/>\n<meta property=\"article:author\" content=\"https:\/\/www.facebook.com\/portalubirataonline\" \/>\n<meta property=\"article:published_time\" content=\"2026-04-24T09:23:18+00:00\" \/>\n<meta property=\"article:modified_time\" content=\"2026-04-24T09:23:21+00:00\" \/>\n<meta property=\"og:image\" content=\"https:\/\/ubirataonline.com.br\/wp-content\/uploads\/2026\/04\/Justica-suspende-lei-que-alterava-feriado-de-aniversario-de-Maringa.png\" \/>\n\t<meta property=\"og:image:width\" content=\"1200\" \/>\n\t<meta property=\"og:image:height\" content=\"892\" \/>\n\t<meta property=\"og:image:type\" content=\"image\/png\" \/>\n<meta name=\"author\" content=\"REDA\u00c7\u00c3O: UBIRAT\u00c3 ONLINE - F\u00c1BIO AUGUSTO CELESTINO\" \/>\n<meta name=\"twitter:card\" content=\"summary_large_image\" \/>\n<meta name=\"twitter:creator\" content=\"@x.com\/ubirataonline\" \/>\n<meta name=\"twitter:site\" content=\"@ubirataonline\" \/>\n<meta name=\"twitter:label1\" content=\"Written by\" \/>\n\t<meta name=\"twitter:data1\" content=\"REDA\u00c7\u00c3O: UBIRAT\u00c3 ONLINE - F\u00c1BIO AUGUSTO CELESTINO\" \/>\n\t<meta name=\"twitter:label2\" content=\"Est. reading time\" \/>\n\t<meta name=\"twitter:data2\" content=\"4 minutes\" \/>\n<script type=\"application\/ld+json\" class=\"yoast-schema-graph\">{\"@context\":\"https:\\\/\\\/schema.org\",\"@graph\":[{\"@type\":\"NewsArticle\",\"@id\":\"https:\\\/\\\/ubirataonline.com.br\\\/justica-suspende-lei-que-alterava-feriado-de-aniversario-de-maringa\\\/#article\",\"isPartOf\":{\"@id\":\"https:\\\/\\\/ubirataonline.com.br\\\/justica-suspende-lei-que-alterava-feriado-de-aniversario-de-maringa\\\/\"},\"author\":{\"name\":\"REDA\u00c7\u00c3O: UBIRAT\u00c3 ONLINE - F\u00c1BIO AUGUSTO CELESTINO\",\"@id\":\"https:\\\/\\\/ubirataonline.com.br\\\/#\\\/schema\\\/person\\\/372f87bbd3fdd79b8556b84c98d0bc1c\"},\"headline\":\"Justi\u00e7a suspende lei que alterava feriado de anivers\u00e1rio de Maring\u00e1\",\"datePublished\":\"2026-04-24T09:23:18+00:00\",\"dateModified\":\"2026-04-24T09:23:21+00:00\",\"mainEntityOfPage\":{\"@id\":\"https:\\\/\\\/ubirataonline.com.br\\\/justica-suspende-lei-que-alterava-feriado-de-aniversario-de-maringa\\\/\"},\"wordCount\":786,\"publisher\":{\"@id\":\"https:\\\/\\\/ubirataonline.com.br\\\/#organization\"},\"image\":{\"@id\":\"https:\\\/\\\/ubirataonline.com.br\\\/justica-suspende-lei-que-alterava-feriado-de-aniversario-de-maringa\\\/#primaryimage\"},\"thumbnailUrl\":\"https:\\\/\\\/ubirataonline.com.br\\\/wp-content\\\/uploads\\\/2026\\\/04\\\/Justica-suspende-lei-que-alterava-feriado-de-aniversario-de-Maringa.png\",\"keywords\":[\"alterava\",\"anivers\u00e1rio\",\"feriado\",\"Justi\u00e7a\",\"Lei\",\"maring\u00e1\",\"suspende\"],\"articleSection\":[\"Ubirat\u00e3\"],\"inLanguage\":\"en-US\",\"copyrightYear\":\"2026\",\"copyrightHolder\":{\"@id\":\"https:\\\/\\\/ubirataonline.com.br\\\/en\\\/#organization\"}},{\"@type\":\"WebPage\",\"@id\":\"https:\\\/\\\/ubirataonline.com.br\\\/justica-suspende-lei-que-alterava-feriado-de-aniversario-de-maringa\\\/\",\"url\":\"https:\\\/\\\/ubirataonline.com.br\\\/justica-suspende-lei-que-alterava-feriado-de-aniversario-de-maringa\\\/\",\"name\":\"Justi\u00e7a suspende lei que alterava feriado de anivers\u00e1rio de Maring\u00e1 - Ubirat\u00e3 Online Not\u00edcias - A realidade ao seu alcance!\",\"isPartOf\":{\"@id\":\"https:\\\/\\\/ubirataonline.com.br\\\/#website\"},\"primaryImageOfPage\":{\"@id\":\"https:\\\/\\\/ubirataonline.com.br\\\/justica-suspende-lei-que-alterava-feriado-de-aniversario-de-maringa\\\/#primaryimage\"},\"image\":{\"@id\":\"https:\\\/\\\/ubirataonline.com.br\\\/justica-suspende-lei-que-alterava-feriado-de-aniversario-de-maringa\\\/#primaryimage\"},\"thumbnailUrl\":\"https:\\\/\\\/ubirataonline.com.br\\\/wp-content\\\/uploads\\\/2026\\\/04\\\/Justica-suspende-lei-que-alterava-feriado-de-aniversario-de-Maringa.png\",\"datePublished\":\"2026-04-24T09:23:18+00:00\",\"dateModified\":\"2026-04-24T09:23:21+00:00\",\"description\":\"O Tribunal de Justi\u00e7a do Paran\u00e1 (TJPR) suspendeu, nesta quinta-feira (23\\\/04), em decis\u00e3o liminar, os efeitos da Lei Municipal n\u00ba 12.155\\\/2026, que alterava\",\"breadcrumb\":{\"@id\":\"https:\\\/\\\/ubirataonline.com.br\\\/justica-suspende-lei-que-alterava-feriado-de-aniversario-de-maringa\\\/#breadcrumb\"},\"inLanguage\":\"en-US\",\"potentialAction\":[{\"@type\":\"ReadAction\",\"target\":[\"https:\\\/\\\/ubirataonline.com.br\\\/justica-suspende-lei-que-alterava-feriado-de-aniversario-de-maringa\\\/\"]}]},{\"@type\":\"ImageObject\",\"inLanguage\":\"en-US\",\"@id\":\"https:\\\/\\\/ubirataonline.com.br\\\/justica-suspende-lei-que-alterava-feriado-de-aniversario-de-maringa\\\/#primaryimage\",\"url\":\"https:\\\/\\\/ubirataonline.com.br\\\/wp-content\\\/uploads\\\/2026\\\/04\\\/Justica-suspende-lei-que-alterava-feriado-de-aniversario-de-Maringa.png\",\"contentUrl\":\"https:\\\/\\\/ubirataonline.com.br\\\/wp-content\\\/uploads\\\/2026\\\/04\\\/Justica-suspende-lei-que-alterava-feriado-de-aniversario-de-Maringa.png\",\"width\":1200,\"height\":892,\"caption\":\"Foto: Rafael Macri\\\/PMM\"},{\"@type\":\"BreadcrumbList\",\"@id\":\"https:\\\/\\\/ubirataonline.com.br\\\/justica-suspende-lei-que-alterava-feriado-de-aniversario-de-maringa\\\/#breadcrumb\",\"itemListElement\":[{\"@type\":\"ListItem\",\"position\":1,\"name\":\"In\u00edcio\",\"item\":\"https:\\\/\\\/ubirataonline.com.br\\\/\"},{\"@type\":\"ListItem\",\"position\":2,\"name\":\"Justi\u00e7a suspende lei que alterava feriado de anivers\u00e1rio de Maring\u00e1\"}]},{\"@type\":\"WebSite\",\"@id\":\"https:\\\/\\\/ubirataonline.com.br\\\/#website\",\"url\":\"https:\\\/\\\/ubirataonline.com.br\\\/\",\"name\":\"Ubirat\u00e3 Online Not\u00edcias\",\"description\":\"Not\u00edcias de Ubirat\u00e3, regi\u00e3o, Brasil e mundo, com informa\u00e7\u00e3o atualizada e compromisso com o leitor.\",\"publisher\":{\"@id\":\"https:\\\/\\\/ubirataonline.com.br\\\/#organization\"},\"alternateName\":\"Ubirat\u00e3 Online\",\"potentialAction\":[{\"@type\":\"SearchAction\",\"target\":{\"@type\":\"EntryPoint\",\"urlTemplate\":\"https:\\\/\\\/ubirataonline.com.br\\\/?s={search_term_string}\"},\"query-input\":{\"@type\":\"PropertyValueSpecification\",\"valueRequired\":true,\"valueName\":\"search_term_string\"}}],\"inLanguage\":\"en-US\"},{\"@type\":[\"Organization\",\"Place\"],\"@id\":\"https:\\\/\\\/ubirataonline.com.br\\\/#organization\",\"name\":\"Ubirat\u00e3 Online Not\u00edcias\",\"alternateName\":\"Ubirat\u00e3 Online\",\"url\":\"https:\\\/\\\/ubirataonline.com.br\\\/\",\"logo\":{\"@id\":\"https:\\\/\\\/ubirataonline.com.br\\\/justica-suspende-lei-que-alterava-feriado-de-aniversario-de-maringa\\\/#local-main-organization-logo\"},\"image\":{\"@id\":\"https:\\\/\\\/ubirataonline.com.br\\\/justica-suspende-lei-que-alterava-feriado-de-aniversario-de-maringa\\\/#local-main-organization-logo\"},\"sameAs\":[\"https:\\\/\\\/www.facebook.com\\\/portalubirataonline\",\"https:\\\/\\\/x.com\\\/ubirataonline\",\"https:\\\/\\\/mastodon.social\\\/@ubirataonline\",\"https:\\\/\\\/www.facebook.com\\\/groups\\\/311144672285604\",\"https:\\\/\\\/www.facebook.com\\\/UBTAOnline\",\"https:\\\/\\\/www.instagram.com\\\/portalubirataonline\\\/\",\"https:\\\/\\\/twitter.com\\\/ubirataonline\"],\"description\":\"Somos um portal de not\u00edcias independente, criado em 5 de janeiro de 2009, com o objetivo de informar, conectar e valorizar a nossa comunidade de Ubirat\u00e3 e toda aregi\u00e3o. Com conte\u00fado atualizado, confi\u00e1vel e relevante, o Ubirat\u00e3 Online \u00e9 o seu espa\u00e7o para ficar por dentro dos principais acontecimentos locais, regionais, Brasil, Mundo e de interesse geral. Nosso compromisso \u00e9 com a verdade, a transpar\u00eancia e o respeito ao leitor.\",\"legalName\":\"UBIRATA ONLINE NOT\u00cdCIAS\",\"foundingDate\":\"2009-01-05\",\"numberOfEmployees\":{\"@type\":\"QuantitativeValue\",\"minValue\":\"1\",\"maxValue\":\"10\"},\"publishingPrinciples\":\"https:\\\/\\\/ubirataonline.com.br\\\/faq\\\/\",\"address\":{\"@id\":\"https:\\\/\\\/ubirataonline.com.br\\\/justica-suspende-lei-que-alterava-feriado-de-aniversario-de-maringa\\\/#local-main-place-address\"},\"geo\":{\"@type\":\"GeoCoordinates\",\"latitude\":\"-24.5361401\",\"longitude\":\"-52.9921776\"},\"telephone\":[\"+5544998308235\"],\"contactPoint\":{\"@type\":\"ContactPoint\",\"email\":\"contato@ubirataonline.com.br\"},\"openingHoursSpecification\":{\"@type\":\"OpeningHoursSpecification\",\"dayOfWeek\":[\"Monday\",\"Tuesday\",\"Wednesday\",\"Thursday\",\"Friday\",\"Saturday\",\"Sunday\"],\"opens\":\"00:00\",\"closes\":\"23:59\"},\"email\":\"contato@ubirataonline.com.br\",\"vatID\":\"47.621.418\\\/0001-80\"},{\"@type\":\"Person\",\"@id\":\"https:\\\/\\\/ubirataonline.com.br\\\/#\\\/schema\\\/person\\\/372f87bbd3fdd79b8556b84c98d0bc1c\",\"name\":\"REDA\u00c7\u00c3O: UBIRAT\u00c3 ONLINE - F\u00c1BIO AUGUSTO CELESTINO\",\"pronouns\":\"Ele\",\"description\":\"Desde 2003 trabalhando com not\u00edcias.\",\"sameAs\":[\"http:\\\/\\\/ubirataoline.com.br\",\"https:\\\/\\\/www.facebook.com\\\/portalubirataonline\",\"https:\\\/\\\/www.instagram.com\\\/ubirataonline_oficial\",\"https:\\\/\\\/x.com\\\/x.com\\\/ubirataonline\"],\"honorificPrefix\":\"Mr.\",\"honorificSuffix\":\"MD\",\"birthDate\":\"1980-06-16\",\"gender\":\"masculino\",\"award\":[\"V\u00e1rios pr\u00eamios de melhor portal da cidade\"],\"jobTitle\":\"Diretor\",\"url\":\"https:\\\/\\\/ubirataonline.com.br\\\/en\\\/author\\\/ubirataonline\\\/\"},{\"@type\":\"PostalAddress\",\"@id\":\"https:\\\/\\\/ubirataonline.com.br\\\/justica-suspende-lei-que-alterava-feriado-de-aniversario-de-maringa\\\/#local-main-place-address\",\"streetAddress\":\"Rua dos Coqueiros, 104 - Bairro Boa Vista, Rua dos Coqueiros, 104 Bairro Boa Vista\",\"addressLocality\":\"UBIRATA\",\"postalCode\":\"85440-000\",\"addressRegion\":\"PR\",\"addressCountry\":\"BR\"},{\"@type\":\"ImageObject\",\"inLanguage\":\"en-US\",\"@id\":\"https:\\\/\\\/ubirataonline.com.br\\\/justica-suspende-lei-que-alterava-feriado-de-aniversario-de-maringa\\\/#local-main-organization-logo\",\"url\":\"https:\\\/\\\/ubirataonline.com.br\\\/wp-content\\\/uploads\\\/2026\\\/06\\\/logoubirataonline-1.webp\",\"contentUrl\":\"https:\\\/\\\/ubirataonline.com.br\\\/wp-content\\\/uploads\\\/2026\\\/06\\\/logoubirataonline-1.webp\",\"width\":500,\"height\":500,\"caption\":\"Ubirat\u00e3 Online Not\u00edcias\"}]}<\/script>\n<meta name=\"geo.placename\" content=\"UBIRATA\" \/>\n<meta name=\"geo.position\" content=\"-24.5361401;-52.9921776\" \/>\n<meta name=\"geo.region\" content=\"Brazil\" \/>\n<!-- \/ Yoast SEO Premium plugin. -->","yoast_head_json":{"title":"Justi\u00e7a suspende lei que alterava feriado de anivers\u00e1rio de Maring\u00e1 - Ubirat\u00e3 Online Not\u00edcias - A realidade ao seu alcance!","description":"O Tribunal de Justi\u00e7a do Paran\u00e1 (TJPR) suspendeu, nesta quinta-feira (23\/04), em decis\u00e3o liminar, os efeitos da Lei Municipal n\u00ba 12.155\/2026, que alterava","robots":{"index":"index","follow":"follow","max-snippet":"max-snippet:-1","max-image-preview":"max-image-preview:large","max-video-preview":"max-video-preview:-1"},"canonical":"https:\/\/ubirataonline.com.br\/en\/justica-suspende-lei-que-alterava-feriado-de-aniversario-de-maringa\/","og_locale":"en_US","og_type":"article","og_title":"Justi\u00e7a suspende lei que alterava feriado de anivers\u00e1rio de Maring\u00e1","og_description":"O Tribunal de Justi\u00e7a do Paran\u00e1 (TJPR) suspendeu, nesta quinta-feira (23\/04), em decis\u00e3o liminar, os efeitos da Lei Municipal n\u00ba 12.155\/2026, que alterava","og_url":"https:\/\/ubirataonline.com.br\/en\/justica-suspende-lei-que-alterava-feriado-de-aniversario-de-maringa\/","og_site_name":"Ubirat\u00e3 Online Not\u00edcias - A realidade ao seu alcance!","article_publisher":"https:\/\/www.facebook.com\/portalubirataonline","article_author":"https:\/\/www.facebook.com\/portalubirataonline","article_published_time":"2026-04-24T09:23:18+00:00","article_modified_time":"2026-04-24T09:23:21+00:00","og_image":[{"width":1200,"height":892,"url":"https:\/\/ubirataonline.com.br\/wp-content\/uploads\/2026\/04\/Justica-suspende-lei-que-alterava-feriado-de-aniversario-de-Maringa.png","type":"image\/png"}],"author":"REDA\u00c7\u00c3O: UBIRAT\u00c3 ONLINE - F\u00c1BIO AUGUSTO CELESTINO","twitter_card":"summary_large_image","twitter_creator":"@x.com\/ubirataonline","twitter_site":"@ubirataonline","twitter_misc":{"Written by":"REDA\u00c7\u00c3O: UBIRAT\u00c3 ONLINE - F\u00c1BIO AUGUSTO CELESTINO","Est. reading time":"4 minutes"},"schema":{"@context":"https:\/\/schema.org","@graph":[{"@type":"NewsArticle","@id":"https:\/\/ubirataonline.com.br\/justica-suspende-lei-que-alterava-feriado-de-aniversario-de-maringa\/#article","isPartOf":{"@id":"https:\/\/ubirataonline.com.br\/justica-suspende-lei-que-alterava-feriado-de-aniversario-de-maringa\/"},"author":{"name":"REDA\u00c7\u00c3O: UBIRAT\u00c3 ONLINE - F\u00c1BIO AUGUSTO CELESTINO","@id":"https:\/\/ubirataonline.com.br\/#\/schema\/person\/372f87bbd3fdd79b8556b84c98d0bc1c"},"headline":"Justi\u00e7a suspende lei que alterava feriado de anivers\u00e1rio de Maring\u00e1","datePublished":"2026-04-24T09:23:18+00:00","dateModified":"2026-04-24T09:23:21+00:00","mainEntityOfPage":{"@id":"https:\/\/ubirataonline.com.br\/justica-suspende-lei-que-alterava-feriado-de-aniversario-de-maringa\/"},"wordCount":786,"publisher":{"@id":"https:\/\/ubirataonline.com.br\/#organization"},"image":{"@id":"https:\/\/ubirataonline.com.br\/justica-suspende-lei-que-alterava-feriado-de-aniversario-de-maringa\/#primaryimage"},"thumbnailUrl":"https:\/\/ubirataonline.com.br\/wp-content\/uploads\/2026\/04\/Justica-suspende-lei-que-alterava-feriado-de-aniversario-de-Maringa.png","keywords":["alterava","anivers\u00e1rio","feriado","Justi\u00e7a","Lei","maring\u00e1","suspende"],"articleSection":["Ubirat\u00e3"],"inLanguage":"en-US","copyrightYear":"2026","copyrightHolder":{"@id":"https:\/\/ubirataonline.com.br\/en\/#organization"}},{"@type":"WebPage","@id":"https:\/\/ubirataonline.com.br\/justica-suspende-lei-que-alterava-feriado-de-aniversario-de-maringa\/","url":"https:\/\/ubirataonline.com.br\/justica-suspende-lei-que-alterava-feriado-de-aniversario-de-maringa\/","name":"Justi\u00e7a suspende lei que alterava feriado de anivers\u00e1rio de Maring\u00e1 - Ubirat\u00e3 Online Not\u00edcias - A realidade ao seu alcance!","isPartOf":{"@id":"https:\/\/ubirataonline.com.br\/#website"},"primaryImageOfPage":{"@id":"https:\/\/ubirataonline.com.br\/justica-suspende-lei-que-alterava-feriado-de-aniversario-de-maringa\/#primaryimage"},"image":{"@id":"https:\/\/ubirataonline.com.br\/justica-suspende-lei-que-alterava-feriado-de-aniversario-de-maringa\/#primaryimage"},"thumbnailUrl":"https:\/\/ubirataonline.com.br\/wp-content\/uploads\/2026\/04\/Justica-suspende-lei-que-alterava-feriado-de-aniversario-de-Maringa.png","datePublished":"2026-04-24T09:23:18+00:00","dateModified":"2026-04-24T09:23:21+00:00","description":"O Tribunal de Justi\u00e7a do Paran\u00e1 (TJPR) suspendeu, nesta quinta-feira (23\/04), em decis\u00e3o liminar, os efeitos da Lei Municipal n\u00ba 12.155\/2026, que alterava","breadcrumb":{"@id":"https:\/\/ubirataonline.com.br\/justica-suspende-lei-que-alterava-feriado-de-aniversario-de-maringa\/#breadcrumb"},"inLanguage":"en-US","potentialAction":[{"@type":"ReadAction","target":["https:\/\/ubirataonline.com.br\/justica-suspende-lei-que-alterava-feriado-de-aniversario-de-maringa\/"]}]},{"@type":"ImageObject","inLanguage":"en-US","@id":"https:\/\/ubirataonline.com.br\/justica-suspende-lei-que-alterava-feriado-de-aniversario-de-maringa\/#primaryimage","url":"https:\/\/ubirataonline.com.br\/wp-content\/uploads\/2026\/04\/Justica-suspende-lei-que-alterava-feriado-de-aniversario-de-Maringa.png","contentUrl":"https:\/\/ubirataonline.com.br\/wp-content\/uploads\/2026\/04\/Justica-suspende-lei-que-alterava-feriado-de-aniversario-de-Maringa.png","width":1200,"height":892,"caption":"Foto: Rafael Macri\/PMM"},{"@type":"BreadcrumbList","@id":"https:\/\/ubirataonline.com.br\/justica-suspende-lei-que-alterava-feriado-de-aniversario-de-maringa\/#breadcrumb","itemListElement":[{"@type":"ListItem","position":1,"name":"In\u00edcio","item":"https:\/\/ubirataonline.com.br\/"},{"@type":"ListItem","position":2,"name":"Justi\u00e7a suspende lei que alterava feriado de anivers\u00e1rio de Maring\u00e1"}]},{"@type":"WebSite","@id":"https:\/\/ubirataonline.com.br\/#website","url":"https:\/\/ubirataonline.com.br\/","name":"Ubirat\u00e3 Online Not\u00edcias","description":"Not\u00edcias de Ubirat\u00e3, regi\u00e3o, Brasil e mundo, com informa\u00e7\u00e3o atualizada e compromisso com o leitor.","publisher":{"@id":"https:\/\/ubirataonline.com.br\/#organization"},"alternateName":"Ubirat\u00e3 Online","potentialAction":[{"@type":"SearchAction","target":{"@type":"EntryPoint","urlTemplate":"https:\/\/ubirataonline.com.br\/?s={search_term_string}"},"query-input":{"@type":"PropertyValueSpecification","valueRequired":true,"valueName":"search_term_string"}}],"inLanguage":"en-US"},{"@type":["Organization","Place"],"@id":"https:\/\/ubirataonline.com.br\/#organization","name":"Ubirat\u00e3 Online Not\u00edcias","alternateName":"Ubirat\u00e3 Online","url":"https:\/\/ubirataonline.com.br\/","logo":{"@id":"https:\/\/ubirataonline.com.br\/justica-suspende-lei-que-alterava-feriado-de-aniversario-de-maringa\/#local-main-organization-logo"},"image":{"@id":"https:\/\/ubirataonline.com.br\/justica-suspende-lei-que-alterava-feriado-de-aniversario-de-maringa\/#local-main-organization-logo"},"sameAs":["https:\/\/www.facebook.com\/portalubirataonline","https:\/\/x.com\/ubirataonline","https:\/\/mastodon.social\/@ubirataonline","https:\/\/www.facebook.com\/groups\/311144672285604","https:\/\/www.facebook.com\/UBTAOnline","https:\/\/www.instagram.com\/portalubirataonline\/","https:\/\/twitter.com\/ubirataonline"],"description":"Somos um portal de not\u00edcias independente, criado em 5 de janeiro de 2009, com o objetivo de informar, conectar e valorizar a nossa comunidade de Ubirat\u00e3 e toda aregi\u00e3o. Com conte\u00fado atualizado, confi\u00e1vel e relevante, o Ubirat\u00e3 Online \u00e9 o seu espa\u00e7o para ficar por dentro dos principais acontecimentos locais, regionais, Brasil, Mundo e de interesse geral. Nosso compromisso \u00e9 com a verdade, a transpar\u00eancia e o respeito ao leitor.","legalName":"UBIRATA ONLINE NOT\u00cdCIAS","foundingDate":"2009-01-05","numberOfEmployees":{"@type":"QuantitativeValue","minValue":"1","maxValue":"10"},"publishingPrinciples":"https:\/\/ubirataonline.com.br\/faq\/","address":{"@id":"https:\/\/ubirataonline.com.br\/justica-suspende-lei-que-alterava-feriado-de-aniversario-de-maringa\/#local-main-place-address"},"geo":{"@type":"GeoCoordinates","latitude":"-24.5361401","longitude":"-52.9921776"},"telephone":["+5544998308235"],"contactPoint":{"@type":"ContactPoint","email":"contato@ubirataonline.com.br"},"openingHoursSpecification":{"@type":"OpeningHoursSpecification","dayOfWeek":["Monday","Tuesday","Wednesday","Thursday","Friday","Saturday","Sunday"],"opens":"00:00","closes":"23:59"},"email":"contato@ubirataonline.com.br","vatID":"47.621.418\/0001-80"},{"@type":"Person","@id":"https:\/\/ubirataonline.com.br\/#\/schema\/person\/372f87bbd3fdd79b8556b84c98d0bc1c","name":"REDA\u00c7\u00c3O: UBIRAT\u00c3 ONLINE - F\u00c1BIO AUGUSTO CELESTINO","pronouns":"Ele","description":"Desde 2003 trabalhando com not\u00edcias.","sameAs":["http:\/\/ubirataoline.com.br","https:\/\/www.facebook.com\/portalubirataonline","https:\/\/www.instagram.com\/ubirataonline_oficial","https:\/\/x.com\/x.com\/ubirataonline"],"honorificPrefix":"Mr.","honorificSuffix":"MD","birthDate":"1980-06-16","gender":"masculino","award":["V\u00e1rios pr\u00eamios de melhor portal da cidade"],"jobTitle":"Diretor","url":"https:\/\/ubirataonline.com.br\/en\/author\/ubirataonline\/"},{"@type":"PostalAddress","@id":"https:\/\/ubirataonline.com.br\/justica-suspende-lei-que-alterava-feriado-de-aniversario-de-maringa\/#local-main-place-address","streetAddress":"Rua dos Coqueiros, 104 - Bairro Boa Vista, Rua dos Coqueiros, 104 Bairro Boa Vista","addressLocality":"UBIRATA","postalCode":"85440-000","addressRegion":"PR","addressCountry":"BR"},{"@type":"ImageObject","inLanguage":"en-US","@id":"https:\/\/ubirataonline.com.br\/justica-suspende-lei-que-alterava-feriado-de-aniversario-de-maringa\/#local-main-organization-logo","url":"https:\/\/ubirataonline.com.br\/wp-content\/uploads\/2026\/06\/logoubirataonline-1.webp","contentUrl":"https:\/\/ubirataonline.com.br\/wp-content\/uploads\/2026\/06\/logoubirataonline-1.webp","width":500,"height":500,"caption":"Ubirat\u00e3 Online Not\u00edcias"}]},"geo.placename":"UBIRATA","geo.position":{"lat":"-24.5361401","long":"-52.9921776"},"geo.region":"Brazil"},"_links":{"self":[{"href":"https:\/\/ubirataonline.com.br\/en\/wp-json\/wp\/v2\/posts\/113920","targetHints":{"allow":["GET"]}}],"collection":[{"href":"https:\/\/ubirataonline.com.br\/en\/wp-json\/wp\/v2\/posts"}],"about":[{"href":"https:\/\/ubirataonline.com.br\/en\/wp-json\/wp\/v2\/types\/post"}],"author":[{"embeddable":true,"href":"https:\/\/ubirataonline.com.br\/en\/wp-json\/wp\/v2\/users\/1"}],"replies":[{"embeddable":true,"href":"https:\/\/ubirataonline.com.br\/en\/wp-json\/wp\/v2\/comments?post=113920"}],"version-history":[{"count":0,"href":"https:\/\/ubirataonline.com.br\/en\/wp-json\/wp\/v2\/posts\/113920\/revisions"}],"wp:featuredmedia":[{"embeddable":true,"href":"https:\/\/ubirataonline.com.br\/en\/wp-json\/wp\/v2\/media\/113921"}],"wp:attachment":[{"href":"https:\/\/ubirataonline.com.br\/en\/wp-json\/wp\/v2\/media?parent=113920"}],"wp:term":[{"taxonomy":"category","embeddable":true,"href":"https:\/\/ubirataonline.com.br\/en\/wp-json\/wp\/v2\/categories?post=113920"},{"taxonomy":"post_tag","embeddable":true,"href":"https:\/\/ubirataonline.com.br\/en\/wp-json\/wp\/v2\/tags?post=113920"}],"curies":[{"name":"wp","href":"https:\/\/api.w.org\/{rel}","templated":true}]}}