{"id":114039,"date":"2026-04-24T09:22:19","date_gmt":"2026-04-24T12:22:19","guid":{"rendered":"https:\/\/ubirataonline.com.br\/galvao-bueno-manda-recado-a-joao-fonseca-apos-derrota-no-atp-de-munique\/"},"modified":"2026-04-24T09:22:21","modified_gmt":"2026-04-24T12:22:21","slug":"galvao-bueno-manda-recado-a-joao-fonseca-apos-derrota-no-atp-de-munique","status":"publish","type":"post","link":"https:\/\/ubirataonline.com.br\/en\/galvao-bueno-manda-recado-a-joao-fonseca-apos-derrota-no-atp-de-munique\/","title":{"rendered":"Galv\u00e3o Bueno manda recado a Jo\u00e3o Fonseca ap\u00f3s derrota no ATP de Munique"},"content":{"rendered":"<p><\/p>\n<div data-single-content=\"true\">\n<p class=\"my-5 break-words group-[.isActiveSource]:text-xl\">Para Galv\u00e3o Bueno, Jo\u00e3o Fonseca perdeu no detalhe para Ben Shelton, nas quartas de final do ATP 500 de Munique. Por meio das redes sociais, o narrador destacou que, mais uma vez, o brasileiro foi derrotado por um jogador do topo do ranking.<\/p>\n<p class=\"my-5 break-words group-[.isActiveSource]:text-xl\">&#8220;Jo\u00e3o Fonseca parou mais uma vez em um dos melhores do ranking! Perdeu para o 6\u00ba do mundo, o americano Ben Shelton, por 3\/6 6\/3 3\/6!! O jogo foi duro! E Jo\u00e3o ainda n\u00e3o conseguiu manter o mesmo ritmo em toda a partida. Acabou perdendo no detalhe de novo. Mas as \u00faltimas quatro derrotas dele foram apenas para jogadores do top-10, o que mostra sua evolu\u00e7\u00e3o! Continue em frente, Jo\u00e3o! Bora para os pr\u00f3ximos!&#8221;, escreveu Galv\u00e3o no Instagram.<\/p>\n<footer>\n<h3 class=\"text-xl my-5 font-bold break-words\">Jo\u00e3o Fonseca perde para Ben Shelton<\/h3>\n<p class=\"my-5 break-words group-[.isActiveSource]:text-xl\">Jo\u00e3o Fonseca\u00a0(35\u00ba do mundo) est\u00e1 eliminado do\u00a0ATP 500 de Munique. O brasileiro <a href=\"https:\/\/www.cnnbrasil.com.br\/esportes\/tenis\/joao-fonseca-ben-shelton-quartas-atp-munique\/#:~:text=Jo%C3%A3o%20Fonseca%20sofre%20com%20saque,eliminado%20no%20ATP%20de%20Munique&amp;text=CNN%20Brasil\" class=\"text-red-600 underline hover:text-red-500 font-medium break-words group-[.isActiveSource]:text-xl\" target=\"_self\" rel=\"\">sofreu com o potente saque de Ben Shelton (6\u00ba),<\/a> e foi derrotado por 2 sets a 1, com parciais de 6\/3, 3\/6 e 6\/3, nesta sexta-feira (17), em jogo v\u00e1lido pelas quartas de final do torneio no saibro alem\u00e3o.<\/p>\n<p class=\"my-5 break-words group-[.isActiveSource]:text-xl\">Com o resultado, Ben Shelton enfrentar\u00e1 o vencedor do duelo entre o canadense\u00a0Denis Shapovalov (39\u00ba)\u00a0ou o eslov\u00e1quio\u00a0Alex Molcan (166\u00ba).<\/p>\n<h3 class=\"text-xl my-5 font-bold break-words\">Pr\u00f3xima competi\u00e7\u00e3o de Jo\u00e3o Fonseca<\/h3>\n<p class=\"my-5 break-words group-[.isActiveSource]:text-xl\">Ap\u00f3s essa competi\u00e7\u00e3o, o brasileiro seguir\u00e1 para os torneios preparat\u00f3rios antes do Grand Slam de <a href=\"https:\/\/www.cnnbrasil.com.br\/esportes\/tenis\/tenis-roland-garros-aumenta-premiacao-em-95-para-2026\/\" class=\"text-red-600 underline hover:text-red-500 font-medium break-words group-[.isActiveSource]:text-xl\" target=\"_self\" rel=\"\">Roland Garros<\/a>. O pr\u00f3ximo ser\u00e1 o Masters 1000 de Madri, que ter\u00e1 in\u00edcio no dia 23 de abril.<\/p>\n<p class=\"my-5 break-words group-[.isActiveSource]:text-xl\">No torneio espanhol, o brasileiro ser\u00e1 cabe\u00e7a de chave, devido \u00e0s desist\u00eancias de Carlos Alcaraz (top 2) e Novak Djokovic (4\u00ba).<\/p>\n<p class=\"my-5 break-words group-[.isActiveSource]:text-xl\">Na sequ\u00eancia, de olho no primeiro t\u00edtulo da temporada, o brasileiro se inscreveu no Challenger 175 de Aix-en-Provence, que ocorrer\u00e1 durante a competi\u00e7\u00e3o de Madri. Ele s\u00f3 participar\u00e1 do torneio caso seja eliminado na primeira semana do torneio espanhol.<\/p>\n<p><span class=\"iframe-embed block space-y-6\"\/><br \/>\n<\/footer>\n<\/div>\n<p><a href=\"https:\/\/www.cnnbrasil.com.br\/esportes\/tenis\/galvao-bueno-manda-recado-a-joao-fonseca-apos-derrota-no-atp-de-munique\/\">Fonte do Artigo <\/a><\/p>\n","protected":false},"excerpt":{"rendered":"<p>Para Galv\u00e3o Bueno, Jo\u00e3o Fonseca perdeu no detalhe para Ben Shelton, nas quartas de final do ATP 500 de Munique. Por meio das redes sociais, o narrador destacou que, mais uma vez, o brasileiro foi derrotado por um jogador do topo do ranking. &#8220;Jo\u00e3o Fonseca parou mais uma vez em um dos melhores do ranking! [&hellip;]<\/p>\n","protected":false},"author":1,"featured_media":114040,"comment_status":"closed","ping_status":"","sticky":false,"template":"","format":"standard","meta":{"googlesitekit_rrm_CAow2JLhCw:productID":"","_gspb_post_css":"","maa_idioma":"","maa_pais":"","footnotes":""},"categories":[4],"tags":[3140,3366,5253,6775,11858,30729,8566,11445,21557,11446],"class_list":["post-114039","post","type-post","status-publish","format-standard","has-post-thumbnail","hentry","category-brasil","tag-apos","tag-atp","tag-bueno","tag-derrota","tag-fonseca","tag-galvao","tag-joao","tag-manda","tag-munique","tag-recado"],"blocksy_meta":[],"yoast_head":"<!-- This site is optimized with the Yoast SEO Premium plugin v27.6 (Yoast SEO v27.6) - https:\/\/yoast.com\/product\/yoast-seo-premium-wordpress\/ -->\n<title>Galv\u00e3o Bueno manda recado a Jo\u00e3o Fonseca ap\u00f3s derrota no ATP de Munique - Ubirat\u00e3 Online Not\u00edcias - A realidade ao seu alcance!<\/title>\n<meta name=\"description\" content=\"Para Galv\u00e3o Bueno, Jo\u00e3o Fonseca perdeu no detalhe para Ben Shelton, nas quartas de final do ATP 500 de Munique. Por meio das redes sociais, o narrador\" \/>\n<meta name=\"robots\" content=\"index, follow, max-snippet:-1, max-image-preview:large, max-video-preview:-1\" \/>\n<link rel=\"canonical\" href=\"https:\/\/ubirataonline.com.br\/en\/galvao-bueno-manda-recado-a-joao-fonseca-apos-derrota-no-atp-de-munique\/\" \/>\n<meta property=\"og:locale\" content=\"en_US\" \/>\n<meta property=\"og:type\" content=\"article\" \/>\n<meta property=\"og:title\" content=\"Galv\u00e3o Bueno manda recado a Jo\u00e3o Fonseca ap\u00f3s derrota no ATP de Munique\" \/>\n<meta property=\"og:description\" content=\"Para Galv\u00e3o Bueno, Jo\u00e3o Fonseca perdeu no detalhe para Ben Shelton, nas quartas de final do ATP 500 de Munique. Por meio das redes sociais, o narrador\" \/>\n<meta property=\"og:url\" content=\"https:\/\/ubirataonline.com.br\/en\/galvao-bueno-manda-recado-a-joao-fonseca-apos-derrota-no-atp-de-munique\/\" \/>\n<meta property=\"og:site_name\" content=\"Ubirat\u00e3 Online Not\u00edcias - A realidade ao seu alcance!\" \/>\n<meta property=\"article:publisher\" content=\"https:\/\/www.facebook.com\/portalubirataonline\" \/>\n<meta property=\"article:author\" content=\"https:\/\/www.facebook.com\/portalubirataonline\" \/>\n<meta property=\"article:published_time\" content=\"2026-04-24T12:22:19+00:00\" \/>\n<meta property=\"article:modified_time\" content=\"2026-04-24T12:22:21+00:00\" \/>\n<meta property=\"og:image\" content=\"https:\/\/ubirataonline.com.br\/wp-content\/uploads\/2026\/04\/Galvao-Bueno-manda-recado-a-Joao-Fonseca-apos-derrota-no.webp.jpeg\" \/>\n\t<meta property=\"og:image:width\" content=\"660\" \/>\n\t<meta property=\"og:image:height\" content=\"372\" \/>\n\t<meta property=\"og:image:type\" content=\"image\/jpeg\" \/>\n<meta name=\"author\" content=\"REDA\u00c7\u00c3O: UBIRAT\u00c3 ONLINE - F\u00c1BIO AUGUSTO CELESTINO\" \/>\n<meta name=\"twitter:card\" content=\"summary_large_image\" \/>\n<meta name=\"twitter:creator\" content=\"@x.com\/ubirataonline\" \/>\n<meta name=\"twitter:site\" content=\"@ubirataonline\" \/>\n<meta name=\"twitter:label1\" content=\"Written by\" \/>\n\t<meta name=\"twitter:data1\" content=\"REDA\u00c7\u00c3O: UBIRAT\u00c3 ONLINE - F\u00c1BIO AUGUSTO CELESTINO\" \/>\n\t<meta name=\"twitter:label2\" content=\"Est. reading time\" \/>\n\t<meta name=\"twitter:data2\" content=\"2 minutes\" \/>\n<script type=\"application\/ld+json\" class=\"yoast-schema-graph\">{\"@context\":\"https:\\\/\\\/schema.org\",\"@graph\":[{\"@type\":\"NewsArticle\",\"@id\":\"https:\\\/\\\/ubirataonline.com.br\\\/galvao-bueno-manda-recado-a-joao-fonseca-apos-derrota-no-atp-de-munique\\\/#article\",\"isPartOf\":{\"@id\":\"https:\\\/\\\/ubirataonline.com.br\\\/galvao-bueno-manda-recado-a-joao-fonseca-apos-derrota-no-atp-de-munique\\\/\"},\"author\":{\"name\":\"REDA\u00c7\u00c3O: UBIRAT\u00c3 ONLINE - F\u00c1BIO AUGUSTO CELESTINO\",\"@id\":\"https:\\\/\\\/ubirataonline.com.br\\\/#\\\/schema\\\/person\\\/372f87bbd3fdd79b8556b84c98d0bc1c\"},\"headline\":\"Galv\u00e3o Bueno manda recado a Jo\u00e3o Fonseca ap\u00f3s derrota no ATP de Munique\",\"datePublished\":\"2026-04-24T12:22:19+00:00\",\"dateModified\":\"2026-04-24T12:22:21+00:00\",\"mainEntityOfPage\":{\"@id\":\"https:\\\/\\\/ubirataonline.com.br\\\/galvao-bueno-manda-recado-a-joao-fonseca-apos-derrota-no-atp-de-munique\\\/\"},\"wordCount\":325,\"publisher\":{\"@id\":\"https:\\\/\\\/ubirataonline.com.br\\\/#organization\"},\"image\":{\"@id\":\"https:\\\/\\\/ubirataonline.com.br\\\/galvao-bueno-manda-recado-a-joao-fonseca-apos-derrota-no-atp-de-munique\\\/#primaryimage\"},\"thumbnailUrl\":\"https:\\\/\\\/ubirataonline.com.br\\\/wp-content\\\/uploads\\\/2026\\\/04\\\/Galvao-Bueno-manda-recado-a-Joao-Fonseca-apos-derrota-no.webp.jpeg\",\"keywords\":[\"ap\u00f3s\",\"ATP\",\"Bueno\",\"derrota\",\"Fonseca\",\"Galv\u00e3o\",\"Jo\u00e3o\",\"manda\",\"Munique\",\"recado\"],\"articleSection\":[\"Brasil\"],\"inLanguage\":\"en-US\",\"copyrightYear\":\"2026\",\"copyrightHolder\":{\"@id\":\"https:\\\/\\\/ubirataonline.com.br\\\/en\\\/#organization\"}},{\"@type\":\"WebPage\",\"@id\":\"https:\\\/\\\/ubirataonline.com.br\\\/galvao-bueno-manda-recado-a-joao-fonseca-apos-derrota-no-atp-de-munique\\\/\",\"url\":\"https:\\\/\\\/ubirataonline.com.br\\\/galvao-bueno-manda-recado-a-joao-fonseca-apos-derrota-no-atp-de-munique\\\/\",\"name\":\"Galv\u00e3o Bueno manda recado a Jo\u00e3o Fonseca ap\u00f3s derrota no ATP de Munique - Ubirat\u00e3 Online Not\u00edcias - A realidade ao seu alcance!\",\"isPartOf\":{\"@id\":\"https:\\\/\\\/ubirataonline.com.br\\\/#website\"},\"primaryImageOfPage\":{\"@id\":\"https:\\\/\\\/ubirataonline.com.br\\\/galvao-bueno-manda-recado-a-joao-fonseca-apos-derrota-no-atp-de-munique\\\/#primaryimage\"},\"image\":{\"@id\":\"https:\\\/\\\/ubirataonline.com.br\\\/galvao-bueno-manda-recado-a-joao-fonseca-apos-derrota-no-atp-de-munique\\\/#primaryimage\"},\"thumbnailUrl\":\"https:\\\/\\\/ubirataonline.com.br\\\/wp-content\\\/uploads\\\/2026\\\/04\\\/Galvao-Bueno-manda-recado-a-Joao-Fonseca-apos-derrota-no.webp.jpeg\",\"datePublished\":\"2026-04-24T12:22:19+00:00\",\"dateModified\":\"2026-04-24T12:22:21+00:00\",\"description\":\"Para Galv\u00e3o Bueno, Jo\u00e3o Fonseca perdeu no detalhe para Ben Shelton, nas quartas de final do ATP 500 de Munique. Por meio das redes sociais, o narrador\",\"breadcrumb\":{\"@id\":\"https:\\\/\\\/ubirataonline.com.br\\\/galvao-bueno-manda-recado-a-joao-fonseca-apos-derrota-no-atp-de-munique\\\/#breadcrumb\"},\"inLanguage\":\"en-US\",\"potentialAction\":[{\"@type\":\"ReadAction\",\"target\":[\"https:\\\/\\\/ubirataonline.com.br\\\/galvao-bueno-manda-recado-a-joao-fonseca-apos-derrota-no-atp-de-munique\\\/\"]}]},{\"@type\":\"ImageObject\",\"inLanguage\":\"en-US\",\"@id\":\"https:\\\/\\\/ubirataonline.com.br\\\/galvao-bueno-manda-recado-a-joao-fonseca-apos-derrota-no-atp-de-munique\\\/#primaryimage\",\"url\":\"https:\\\/\\\/ubirataonline.com.br\\\/wp-content\\\/uploads\\\/2026\\\/04\\\/Galvao-Bueno-manda-recado-a-Joao-Fonseca-apos-derrota-no.webp.jpeg\",\"contentUrl\":\"https:\\\/\\\/ubirataonline.com.br\\\/wp-content\\\/uploads\\\/2026\\\/04\\\/Galvao-Bueno-manda-recado-a-Joao-Fonseca-apos-derrota-no.webp.jpeg\",\"width\":660,\"height\":372,\"caption\":\"Jo\u00e3o Fonseca em a\u00e7\u00e3o no ATP 500 de Munique\u00a0 \u2022 Divulga\u00e7\u00e3o\\\/ATP Tour\"},{\"@type\":\"BreadcrumbList\",\"@id\":\"https:\\\/\\\/ubirataonline.com.br\\\/galvao-bueno-manda-recado-a-joao-fonseca-apos-derrota-no-atp-de-munique\\\/#breadcrumb\",\"itemListElement\":[{\"@type\":\"ListItem\",\"position\":1,\"name\":\"In\u00edcio\",\"item\":\"https:\\\/\\\/ubirataonline.com.br\\\/\"},{\"@type\":\"ListItem\",\"position\":2,\"name\":\"Galv\u00e3o Bueno manda recado a Jo\u00e3o Fonseca ap\u00f3s derrota no ATP de Munique\"}]},{\"@type\":\"WebSite\",\"@id\":\"https:\\\/\\\/ubirataonline.com.br\\\/#website\",\"url\":\"https:\\\/\\\/ubirataonline.com.br\\\/\",\"name\":\"Ubirat\u00e3 Online Not\u00edcias\",\"description\":\"Not\u00edcias de Ubirat\u00e3, regi\u00e3o, Brasil e mundo, com informa\u00e7\u00e3o atualizada e compromisso com o leitor.\",\"publisher\":{\"@id\":\"https:\\\/\\\/ubirataonline.com.br\\\/#organization\"},\"alternateName\":\"Ubirat\u00e3 Online\",\"potentialAction\":[{\"@type\":\"SearchAction\",\"target\":{\"@type\":\"EntryPoint\",\"urlTemplate\":\"https:\\\/\\\/ubirataonline.com.br\\\/?s={search_term_string}\"},\"query-input\":{\"@type\":\"PropertyValueSpecification\",\"valueRequired\":true,\"valueName\":\"search_term_string\"}}],\"inLanguage\":\"en-US\"},{\"@type\":[\"Organization\",\"Place\"],\"@id\":\"https:\\\/\\\/ubirataonline.com.br\\\/#organization\",\"name\":\"Ubirat\u00e3 Online Not\u00edcias\",\"alternateName\":\"Ubirat\u00e3 Online\",\"url\":\"https:\\\/\\\/ubirataonline.com.br\\\/\",\"logo\":{\"@id\":\"https:\\\/\\\/ubirataonline.com.br\\\/galvao-bueno-manda-recado-a-joao-fonseca-apos-derrota-no-atp-de-munique\\\/#local-main-organization-logo\"},\"image\":{\"@id\":\"https:\\\/\\\/ubirataonline.com.br\\\/galvao-bueno-manda-recado-a-joao-fonseca-apos-derrota-no-atp-de-munique\\\/#local-main-organization-logo\"},\"sameAs\":[\"https:\\\/\\\/www.facebook.com\\\/portalubirataonline\",\"https:\\\/\\\/x.com\\\/ubirataonline\",\"https:\\\/\\\/mastodon.social\\\/@ubirataonline\",\"https:\\\/\\\/www.facebook.com\\\/groups\\\/311144672285604\",\"https:\\\/\\\/www.facebook.com\\\/UBTAOnline\",\"https:\\\/\\\/www.instagram.com\\\/portalubirataonline\\\/\",\"https:\\\/\\\/twitter.com\\\/ubirataonline\"],\"description\":\"Somos um portal de not\u00edcias independente, criado em 5 de janeiro de 2009, com o objetivo de informar, conectar e valorizar a nossa comunidade de Ubirat\u00e3 e toda aregi\u00e3o. Com conte\u00fado atualizado, confi\u00e1vel e relevante, o Ubirat\u00e3 Online \u00e9 o seu espa\u00e7o para ficar por dentro dos principais acontecimentos locais, regionais, Brasil, Mundo e de interesse geral. Nosso compromisso \u00e9 com a verdade, a transpar\u00eancia e o respeito ao leitor.\",\"legalName\":\"UBIRATA ONLINE NOT\u00cdCIAS\",\"foundingDate\":\"2009-01-05\",\"numberOfEmployees\":{\"@type\":\"QuantitativeValue\",\"minValue\":\"1\",\"maxValue\":\"10\"},\"publishingPrinciples\":\"https:\\\/\\\/ubirataonline.com.br\\\/faq\\\/\",\"address\":{\"@id\":\"https:\\\/\\\/ubirataonline.com.br\\\/galvao-bueno-manda-recado-a-joao-fonseca-apos-derrota-no-atp-de-munique\\\/#local-main-place-address\"},\"geo\":{\"@type\":\"GeoCoordinates\",\"latitude\":\"-24.5361401\",\"longitude\":\"-52.9921776\"},\"telephone\":[\"+5544998308235\"],\"contactPoint\":{\"@type\":\"ContactPoint\",\"email\":\"contato@ubirataonline.com.br\"},\"openingHoursSpecification\":{\"@type\":\"OpeningHoursSpecification\",\"dayOfWeek\":[\"Monday\",\"Tuesday\",\"Wednesday\",\"Thursday\",\"Friday\",\"Saturday\",\"Sunday\"],\"opens\":\"00:00\",\"closes\":\"23:59\"},\"email\":\"contato@ubirataonline.com.br\",\"vatID\":\"47.621.418\\\/0001-80\"},{\"@type\":\"Person\",\"@id\":\"https:\\\/\\\/ubirataonline.com.br\\\/#\\\/schema\\\/person\\\/372f87bbd3fdd79b8556b84c98d0bc1c\",\"name\":\"REDA\u00c7\u00c3O: UBIRAT\u00c3 ONLINE - F\u00c1BIO AUGUSTO CELESTINO\",\"pronouns\":\"Ele\",\"description\":\"Desde 2003 trabalhando com not\u00edcias.\",\"sameAs\":[\"http:\\\/\\\/ubirataoline.com.br\",\"https:\\\/\\\/www.facebook.com\\\/portalubirataonline\",\"https:\\\/\\\/www.instagram.com\\\/ubirataonline_oficial\",\"https:\\\/\\\/x.com\\\/x.com\\\/ubirataonline\"],\"honorificPrefix\":\"Mr.\",\"honorificSuffix\":\"MD\",\"birthDate\":\"1980-06-16\",\"gender\":\"masculino\",\"award\":[\"V\u00e1rios pr\u00eamios de melhor portal da cidade\"],\"jobTitle\":\"Diretor\",\"url\":\"https:\\\/\\\/ubirataonline.com.br\\\/en\\\/author\\\/ubirataonline\\\/\"},{\"@type\":\"PostalAddress\",\"@id\":\"https:\\\/\\\/ubirataonline.com.br\\\/galvao-bueno-manda-recado-a-joao-fonseca-apos-derrota-no-atp-de-munique\\\/#local-main-place-address\",\"streetAddress\":\"Rua dos Coqueiros, 104 - Bairro Boa Vista, Rua dos Coqueiros, 104 Bairro Boa Vista\",\"addressLocality\":\"UBIRATA\",\"postalCode\":\"85440-000\",\"addressRegion\":\"PR\",\"addressCountry\":\"BR\"},{\"@type\":\"ImageObject\",\"inLanguage\":\"en-US\",\"@id\":\"https:\\\/\\\/ubirataonline.com.br\\\/galvao-bueno-manda-recado-a-joao-fonseca-apos-derrota-no-atp-de-munique\\\/#local-main-organization-logo\",\"url\":\"https:\\\/\\\/ubirataonline.com.br\\\/wp-content\\\/uploads\\\/2026\\\/06\\\/logoubirataonline-1.webp\",\"contentUrl\":\"https:\\\/\\\/ubirataonline.com.br\\\/wp-content\\\/uploads\\\/2026\\\/06\\\/logoubirataonline-1.webp\",\"width\":500,\"height\":500,\"caption\":\"Ubirat\u00e3 Online Not\u00edcias\"}]}<\/script>\n<meta name=\"geo.placename\" content=\"UBIRATA\" \/>\n<meta name=\"geo.position\" content=\"-24.5361401;-52.9921776\" \/>\n<meta name=\"geo.region\" content=\"Brazil\" \/>\n<!-- \/ Yoast SEO Premium plugin. -->","yoast_head_json":{"title":"Galv\u00e3o Bueno manda recado a Jo\u00e3o Fonseca ap\u00f3s derrota no ATP de Munique - Ubirat\u00e3 Online Not\u00edcias - A realidade ao seu alcance!","description":"Para Galv\u00e3o Bueno, Jo\u00e3o Fonseca perdeu no detalhe para Ben Shelton, nas quartas de final do ATP 500 de Munique. Por meio das redes sociais, o narrador","robots":{"index":"index","follow":"follow","max-snippet":"max-snippet:-1","max-image-preview":"max-image-preview:large","max-video-preview":"max-video-preview:-1"},"canonical":"https:\/\/ubirataonline.com.br\/en\/galvao-bueno-manda-recado-a-joao-fonseca-apos-derrota-no-atp-de-munique\/","og_locale":"en_US","og_type":"article","og_title":"Galv\u00e3o Bueno manda recado a Jo\u00e3o Fonseca ap\u00f3s derrota no ATP de Munique","og_description":"Para Galv\u00e3o Bueno, Jo\u00e3o Fonseca perdeu no detalhe para Ben Shelton, nas quartas de final do ATP 500 de Munique. Por meio das redes sociais, o narrador","og_url":"https:\/\/ubirataonline.com.br\/en\/galvao-bueno-manda-recado-a-joao-fonseca-apos-derrota-no-atp-de-munique\/","og_site_name":"Ubirat\u00e3 Online Not\u00edcias - A realidade ao seu alcance!","article_publisher":"https:\/\/www.facebook.com\/portalubirataonline","article_author":"https:\/\/www.facebook.com\/portalubirataonline","article_published_time":"2026-04-24T12:22:19+00:00","article_modified_time":"2026-04-24T12:22:21+00:00","og_image":[{"width":660,"height":372,"url":"https:\/\/ubirataonline.com.br\/wp-content\/uploads\/2026\/04\/Galvao-Bueno-manda-recado-a-Joao-Fonseca-apos-derrota-no.webp.jpeg","type":"image\/jpeg"}],"author":"REDA\u00c7\u00c3O: UBIRAT\u00c3 ONLINE - F\u00c1BIO AUGUSTO CELESTINO","twitter_card":"summary_large_image","twitter_creator":"@x.com\/ubirataonline","twitter_site":"@ubirataonline","twitter_misc":{"Written by":"REDA\u00c7\u00c3O: UBIRAT\u00c3 ONLINE - F\u00c1BIO AUGUSTO CELESTINO","Est. reading time":"2 minutes"},"schema":{"@context":"https:\/\/schema.org","@graph":[{"@type":"NewsArticle","@id":"https:\/\/ubirataonline.com.br\/galvao-bueno-manda-recado-a-joao-fonseca-apos-derrota-no-atp-de-munique\/#article","isPartOf":{"@id":"https:\/\/ubirataonline.com.br\/galvao-bueno-manda-recado-a-joao-fonseca-apos-derrota-no-atp-de-munique\/"},"author":{"name":"REDA\u00c7\u00c3O: UBIRAT\u00c3 ONLINE - F\u00c1BIO AUGUSTO CELESTINO","@id":"https:\/\/ubirataonline.com.br\/#\/schema\/person\/372f87bbd3fdd79b8556b84c98d0bc1c"},"headline":"Galv\u00e3o Bueno manda recado a Jo\u00e3o Fonseca ap\u00f3s derrota no ATP de Munique","datePublished":"2026-04-24T12:22:19+00:00","dateModified":"2026-04-24T12:22:21+00:00","mainEntityOfPage":{"@id":"https:\/\/ubirataonline.com.br\/galvao-bueno-manda-recado-a-joao-fonseca-apos-derrota-no-atp-de-munique\/"},"wordCount":325,"publisher":{"@id":"https:\/\/ubirataonline.com.br\/#organization"},"image":{"@id":"https:\/\/ubirataonline.com.br\/galvao-bueno-manda-recado-a-joao-fonseca-apos-derrota-no-atp-de-munique\/#primaryimage"},"thumbnailUrl":"https:\/\/ubirataonline.com.br\/wp-content\/uploads\/2026\/04\/Galvao-Bueno-manda-recado-a-Joao-Fonseca-apos-derrota-no.webp.jpeg","keywords":["ap\u00f3s","ATP","Bueno","derrota","Fonseca","Galv\u00e3o","Jo\u00e3o","manda","Munique","recado"],"articleSection":["Brasil"],"inLanguage":"en-US","copyrightYear":"2026","copyrightHolder":{"@id":"https:\/\/ubirataonline.com.br\/en\/#organization"}},{"@type":"WebPage","@id":"https:\/\/ubirataonline.com.br\/galvao-bueno-manda-recado-a-joao-fonseca-apos-derrota-no-atp-de-munique\/","url":"https:\/\/ubirataonline.com.br\/galvao-bueno-manda-recado-a-joao-fonseca-apos-derrota-no-atp-de-munique\/","name":"Galv\u00e3o Bueno manda recado a Jo\u00e3o Fonseca ap\u00f3s derrota no ATP de Munique - Ubirat\u00e3 Online Not\u00edcias - A realidade ao seu alcance!","isPartOf":{"@id":"https:\/\/ubirataonline.com.br\/#website"},"primaryImageOfPage":{"@id":"https:\/\/ubirataonline.com.br\/galvao-bueno-manda-recado-a-joao-fonseca-apos-derrota-no-atp-de-munique\/#primaryimage"},"image":{"@id":"https:\/\/ubirataonline.com.br\/galvao-bueno-manda-recado-a-joao-fonseca-apos-derrota-no-atp-de-munique\/#primaryimage"},"thumbnailUrl":"https:\/\/ubirataonline.com.br\/wp-content\/uploads\/2026\/04\/Galvao-Bueno-manda-recado-a-Joao-Fonseca-apos-derrota-no.webp.jpeg","datePublished":"2026-04-24T12:22:19+00:00","dateModified":"2026-04-24T12:22:21+00:00","description":"Para Galv\u00e3o Bueno, Jo\u00e3o Fonseca perdeu no detalhe para Ben Shelton, nas quartas de final do ATP 500 de Munique. Por meio das redes sociais, o narrador","breadcrumb":{"@id":"https:\/\/ubirataonline.com.br\/galvao-bueno-manda-recado-a-joao-fonseca-apos-derrota-no-atp-de-munique\/#breadcrumb"},"inLanguage":"en-US","potentialAction":[{"@type":"ReadAction","target":["https:\/\/ubirataonline.com.br\/galvao-bueno-manda-recado-a-joao-fonseca-apos-derrota-no-atp-de-munique\/"]}]},{"@type":"ImageObject","inLanguage":"en-US","@id":"https:\/\/ubirataonline.com.br\/galvao-bueno-manda-recado-a-joao-fonseca-apos-derrota-no-atp-de-munique\/#primaryimage","url":"https:\/\/ubirataonline.com.br\/wp-content\/uploads\/2026\/04\/Galvao-Bueno-manda-recado-a-Joao-Fonseca-apos-derrota-no.webp.jpeg","contentUrl":"https:\/\/ubirataonline.com.br\/wp-content\/uploads\/2026\/04\/Galvao-Bueno-manda-recado-a-Joao-Fonseca-apos-derrota-no.webp.jpeg","width":660,"height":372,"caption":"Jo\u00e3o Fonseca em a\u00e7\u00e3o no ATP 500 de Munique\u00a0 \u2022 Divulga\u00e7\u00e3o\/ATP Tour"},{"@type":"BreadcrumbList","@id":"https:\/\/ubirataonline.com.br\/galvao-bueno-manda-recado-a-joao-fonseca-apos-derrota-no-atp-de-munique\/#breadcrumb","itemListElement":[{"@type":"ListItem","position":1,"name":"In\u00edcio","item":"https:\/\/ubirataonline.com.br\/"},{"@type":"ListItem","position":2,"name":"Galv\u00e3o Bueno manda recado a Jo\u00e3o Fonseca ap\u00f3s derrota no ATP de Munique"}]},{"@type":"WebSite","@id":"https:\/\/ubirataonline.com.br\/#website","url":"https:\/\/ubirataonline.com.br\/","name":"Ubirat\u00e3 Online Not\u00edcias","description":"Not\u00edcias de Ubirat\u00e3, regi\u00e3o, Brasil e mundo, com informa\u00e7\u00e3o atualizada e compromisso com o leitor.","publisher":{"@id":"https:\/\/ubirataonline.com.br\/#organization"},"alternateName":"Ubirat\u00e3 Online","potentialAction":[{"@type":"SearchAction","target":{"@type":"EntryPoint","urlTemplate":"https:\/\/ubirataonline.com.br\/?s={search_term_string}"},"query-input":{"@type":"PropertyValueSpecification","valueRequired":true,"valueName":"search_term_string"}}],"inLanguage":"en-US"},{"@type":["Organization","Place"],"@id":"https:\/\/ubirataonline.com.br\/#organization","name":"Ubirat\u00e3 Online Not\u00edcias","alternateName":"Ubirat\u00e3 Online","url":"https:\/\/ubirataonline.com.br\/","logo":{"@id":"https:\/\/ubirataonline.com.br\/galvao-bueno-manda-recado-a-joao-fonseca-apos-derrota-no-atp-de-munique\/#local-main-organization-logo"},"image":{"@id":"https:\/\/ubirataonline.com.br\/galvao-bueno-manda-recado-a-joao-fonseca-apos-derrota-no-atp-de-munique\/#local-main-organization-logo"},"sameAs":["https:\/\/www.facebook.com\/portalubirataonline","https:\/\/x.com\/ubirataonline","https:\/\/mastodon.social\/@ubirataonline","https:\/\/www.facebook.com\/groups\/311144672285604","https:\/\/www.facebook.com\/UBTAOnline","https:\/\/www.instagram.com\/portalubirataonline\/","https:\/\/twitter.com\/ubirataonline"],"description":"Somos um portal de not\u00edcias independente, criado em 5 de janeiro de 2009, com o objetivo de informar, conectar e valorizar a nossa comunidade de Ubirat\u00e3 e toda aregi\u00e3o. Com conte\u00fado atualizado, confi\u00e1vel e relevante, o Ubirat\u00e3 Online \u00e9 o seu espa\u00e7o para ficar por dentro dos principais acontecimentos locais, regionais, Brasil, Mundo e de interesse geral. Nosso compromisso \u00e9 com a verdade, a transpar\u00eancia e o respeito ao leitor.","legalName":"UBIRATA ONLINE NOT\u00cdCIAS","foundingDate":"2009-01-05","numberOfEmployees":{"@type":"QuantitativeValue","minValue":"1","maxValue":"10"},"publishingPrinciples":"https:\/\/ubirataonline.com.br\/faq\/","address":{"@id":"https:\/\/ubirataonline.com.br\/galvao-bueno-manda-recado-a-joao-fonseca-apos-derrota-no-atp-de-munique\/#local-main-place-address"},"geo":{"@type":"GeoCoordinates","latitude":"-24.5361401","longitude":"-52.9921776"},"telephone":["+5544998308235"],"contactPoint":{"@type":"ContactPoint","email":"contato@ubirataonline.com.br"},"openingHoursSpecification":{"@type":"OpeningHoursSpecification","dayOfWeek":["Monday","Tuesday","Wednesday","Thursday","Friday","Saturday","Sunday"],"opens":"00:00","closes":"23:59"},"email":"contato@ubirataonline.com.br","vatID":"47.621.418\/0001-80"},{"@type":"Person","@id":"https:\/\/ubirataonline.com.br\/#\/schema\/person\/372f87bbd3fdd79b8556b84c98d0bc1c","name":"REDA\u00c7\u00c3O: UBIRAT\u00c3 ONLINE - F\u00c1BIO AUGUSTO CELESTINO","pronouns":"Ele","description":"Desde 2003 trabalhando com not\u00edcias.","sameAs":["http:\/\/ubirataoline.com.br","https:\/\/www.facebook.com\/portalubirataonline","https:\/\/www.instagram.com\/ubirataonline_oficial","https:\/\/x.com\/x.com\/ubirataonline"],"honorificPrefix":"Mr.","honorificSuffix":"MD","birthDate":"1980-06-16","gender":"masculino","award":["V\u00e1rios pr\u00eamios de melhor portal da cidade"],"jobTitle":"Diretor","url":"https:\/\/ubirataonline.com.br\/en\/author\/ubirataonline\/"},{"@type":"PostalAddress","@id":"https:\/\/ubirataonline.com.br\/galvao-bueno-manda-recado-a-joao-fonseca-apos-derrota-no-atp-de-munique\/#local-main-place-address","streetAddress":"Rua dos Coqueiros, 104 - Bairro Boa Vista, Rua dos Coqueiros, 104 Bairro Boa Vista","addressLocality":"UBIRATA","postalCode":"85440-000","addressRegion":"PR","addressCountry":"BR"},{"@type":"ImageObject","inLanguage":"en-US","@id":"https:\/\/ubirataonline.com.br\/galvao-bueno-manda-recado-a-joao-fonseca-apos-derrota-no-atp-de-munique\/#local-main-organization-logo","url":"https:\/\/ubirataonline.com.br\/wp-content\/uploads\/2026\/06\/logoubirataonline-1.webp","contentUrl":"https:\/\/ubirataonline.com.br\/wp-content\/uploads\/2026\/06\/logoubirataonline-1.webp","width":500,"height":500,"caption":"Ubirat\u00e3 Online Not\u00edcias"}]},"geo.placename":"UBIRATA","geo.position":{"lat":"-24.5361401","long":"-52.9921776"},"geo.region":"Brazil"},"_links":{"self":[{"href":"https:\/\/ubirataonline.com.br\/en\/wp-json\/wp\/v2\/posts\/114039","targetHints":{"allow":["GET"]}}],"collection":[{"href":"https:\/\/ubirataonline.com.br\/en\/wp-json\/wp\/v2\/posts"}],"about":[{"href":"https:\/\/ubirataonline.com.br\/en\/wp-json\/wp\/v2\/types\/post"}],"author":[{"embeddable":true,"href":"https:\/\/ubirataonline.com.br\/en\/wp-json\/wp\/v2\/users\/1"}],"replies":[{"embeddable":true,"href":"https:\/\/ubirataonline.com.br\/en\/wp-json\/wp\/v2\/comments?post=114039"}],"version-history":[{"count":0,"href":"https:\/\/ubirataonline.com.br\/en\/wp-json\/wp\/v2\/posts\/114039\/revisions"}],"wp:featuredmedia":[{"embeddable":true,"href":"https:\/\/ubirataonline.com.br\/en\/wp-json\/wp\/v2\/media\/114040"}],"wp:attachment":[{"href":"https:\/\/ubirataonline.com.br\/en\/wp-json\/wp\/v2\/media?parent=114039"}],"wp:term":[{"taxonomy":"category","embeddable":true,"href":"https:\/\/ubirataonline.com.br\/en\/wp-json\/wp\/v2\/categories?post=114039"},{"taxonomy":"post_tag","embeddable":true,"href":"https:\/\/ubirataonline.com.br\/en\/wp-json\/wp\/v2\/tags?post=114039"}],"curies":[{"name":"wp","href":"https:\/\/api.w.org\/{rel}","templated":true}]}}