{"id":114342,"date":"2026-04-24T17:32:10","date_gmt":"2026-04-24T20:32:10","guid":{"rendered":"https:\/\/ubirataonline.com.br\/gen-v-derivado-de-the-boys-e-cancelado-apos-duas-temporadas\/"},"modified":"2026-04-24T17:32:13","modified_gmt":"2026-04-24T20:32:13","slug":"gen-v-derivado-de-the-boys-e-cancelado-apos-duas-temporadas","status":"publish","type":"post","link":"https:\/\/ubirataonline.com.br\/en\/gen-v-derivado-de-the-boys-e-cancelado-apos-duas-temporadas\/","title":{"rendered":"Gen V, derivado de The Boys, \u00e9 cancelado ap\u00f3s duas temporadas"},"content":{"rendered":"<p><\/p>\n<div>\n<div class=\"article__cover__wrapper article__cover__wrapper--image js-lazy-src-wrapper\">\n<div class=\"loading\">\n<\/div>\n<p>  <img decoding=\"async\" class=\"article__cover__image\" src-mob=\"\/\/cdn.ome.lt\/KT_GrC1MIJeCpG0bYvkpBYjSIjc=\/570x0\/smart\/filters:format(webp)\/uploads\/conteudo\/fotos\/gen-v-derivado-de-the-boys-cancelado.jpg\" src=\"https:\/\/cdn.ome.lt\/I1u83ToETXxmH3a7gjwkfs5PVsE=\/987x0\/smart\/filters:format(webp)\/uploads\/conteudo\/fotos\/gen-v-derivado-de-the-boys-cancelado.jpg\" bad-src=\"data:image\/png;base64,iVBORw0KGgoAAAANSUhEUgAAAAEAAAABCAQAAAC1HAwCAAAAC0lEQVR42mNkYAAAAAYAAjCB0C8AAAAASUVORK5CYII=\" alt=\"Arte de Gen V, s\u00e9rie derivada de The Boys cancelada na segunda temporada\" title=\"Arte de Gen V, s\u00e9rie derivada de The Boys cancelada na segunda temporada\" width=\"987\" height=\"555\" fetchpriority=\"high\"\/><\/p>\n<\/div>\n<p class=\"article__cover__credits\">\n  <span class=\"article__cover__credits__title\">Cr\u00e9ditos da imagem:<\/span><br \/>\n  <span class=\"article__cover__credits__credits\">Prime Video\/Reprodu\u00e7\u00e3o<\/span>\n<\/p>\n<\/p><\/div>\n<div>\n<p><em><strong>Gen V<\/strong><\/em>, a s\u00e9rie derivada de <em><strong>The Boys<\/strong><\/em>, foi cancelada pelo <em><strong>Prime Video\u00a0<\/strong><\/em>ap\u00f3s duas temporadas. O fim da produ\u00e7\u00e3o foi anunciado nesta sexta-feira (24), seis meses ap\u00f3s o lan\u00e7amento do segundo ano da produ\u00e7\u00e3o.<\/p>\n<p>    <!--  --><\/p>\n<p>    <!--  --><\/p>\n<p>Produtores do universo de <em>The Boys <\/em>&#8212; agora chamado de Universo Cinematogr\u00e1fico da Vought &#8211;, <strong>Eric Kripke <\/strong>e <strong>Evan Goldberg<\/strong> enviaram um comunicado ao <em>Deadline<\/em> sobre o fim da s\u00e9rie. No texto, eles prometem que personagens de <em>Gen V<\/em> aparecer\u00e3o na s\u00e9rie principal\u00a0e nos pr\u00f3ximos projetos da franquia:<\/p>\n<div class=\"advertisement advertisement--article \">\n<p>          <span class=\"advertisement__text\"><br \/>\n            Continua depois da Publicidade<br \/>\n          <\/span><\/p>\n<\/p><\/div>\n<p>    <!--  --><\/p>\n<blockquote>\n<p>&#8220;Apesar de desejarmos poder prolongar a festa por mais uma temporada na [Universidade] Godolkin, estamos empenhados em dar continuidade \u00e0s hist\u00f3rias dos personagens de\u00a0<em>Gen V <\/em>na quinta temporada de <em>The Boys <\/em>e em outros projetos do Universo Cinematogr\u00e1fico Vought que est\u00e3o por vir. Voc\u00eas os ver\u00e3o novamente.\u201d<\/p>\n<\/blockquote>\n<p>    <!--  --><\/p>\n<p>A reportagem afirma que outros derivados, como <em><strong>The Boys: Mexico <\/strong><\/em>e <em><strong>Vought Rising<\/strong><\/em>, focado em Soldier Boy (<strong>Jensen Ackles<\/strong>) e Tempesta (<strong>Aya Cash<\/strong>) no passado, ainda est\u00e3o em produ\u00e7\u00e3o.<\/p>\n<p>    <!--  --><\/p>\n<h2 data-path-to-node=\"12\"><strong data-index-in-node=\"0\" data-path-to-node=\"12\">O que voc\u00ea precisa saber sobre The Boys<\/strong><\/h2>\n<p>    <!--  --><\/p>\n<p data-path-to-node=\"14\">No fim da temporada anterior, vimos Hughie, Leite Materno (M.M.) e Frenchie serem capturados e enviados para &#8220;Campos da Liberdade&#8221;. Annie (Starlight) conseguiu escapar voando, enquanto Kimiko continua desaparecida. Por sua vez, Butcher aceitou seu lado sombrio, potencializado pelo\u00a0<strong data-index-in-node=\"283\" data-path-to-node=\"14\">Composto V<\/strong> e por um tumor com tent\u00e1culos, decidido a usar o v\u00edrus que mata Supes.<\/p>\n<p>    <!--  --><\/p>\n<p>    <!--  --><\/p>\n<p data-path-to-node=\"16\">Esta temporada marca o aguardado reencontro dos protagonistas de\u00a0<strong data-index-in-node=\"69\" data-path-to-node=\"16\"><em data-index-in-node=\"69\" data-path-to-node=\"16\">Supernatural<\/em><\/strong>. <strong data-index-in-node=\"83\" data-path-to-node=\"16\">Jared Padalecki<\/strong> e <strong data-index-in-node=\"101\" data-path-to-node=\"16\">Misha Collins<\/strong> entram para o elenco ao lado de <strong data-index-in-node=\"141\" data-path-to-node=\"16\">Jensen Ackles<\/strong> (Soldier Boy). Ackles j\u00e1 adiantou que eles gravaram uma cena &#8220;totalmente maluca&#8221; que vai deixar os f\u00e3s sem palavras.<\/p>\n<div class=\"advertisement advertisement--article \">\n<p>          <span class=\"advertisement__text\"><br \/>\n            Continua depois da Publicidade<br \/>\n          <\/span><\/p>\n<\/p><\/div>\n<p>    <!--  --><\/p>\n<p data-path-to-node=\"18\">A cr\u00edtica especializada j\u00e1 deu seu veredito. No\u00a0<strong data-index-in-node=\"53\" data-path-to-node=\"18\">Rotten Tomatoes<\/strong>, a 5\u00aa temporada estreou com uma aprova\u00e7\u00e3o de <strong data-index-in-node=\"117\" data-path-to-node=\"18\">95% (Certified Fresh)<\/strong>. Os especialistas concordam que a s\u00e1tira est\u00e1 mais afiada do que nunca e que o final parece &#8220;merecido e inabal\u00e1vel&#8221;.<\/p>\n<p>    <!--  --><\/p>\n<p>    <!--  --><\/p>\n<p data-gtm-vis-first-on-screen67967661_30=\"7184\" data-gtm-vis-has-fired67967661_30=\"1\" data-gtm-vis-recent-on-screen67967661_30=\"7184\" data-gtm-vis-total-visible-time67967661_30=\"100\" data-path-to-node=\"18\"><em><strong>The Boys <\/strong><\/em>est\u00e1 dispon\u00edvel no Prime Video. A 5\u00aa e \u00faltima temporada tem epis\u00f3dios lan\u00e7ados semanalmente \u00e0s quartas, at\u00e9 o grande final marcado para dia 20 de maio.<\/p>\n<p>    <!--  --><\/p>\n<p>\u00a0<\/p>\n<p>    <!-- \n\n      \n        \n        \n        \n        \n      \n\n     --><\/p>\n<\/div>\n<p><script>\n  window.addEventListener('load', function(){\n    !function(f,b,e,v,n,t,s){if(f.fbq)return;n=f.fbq=function(){n.callMethod?\n      n.callMethod.apply(n,arguments):n.queue.push(arguments)};if(!f._fbq)f._fbq=n;\n      n.push=n;n.loaded=!0;n.version='2.0';n.queue=[];t=b.createElement(e);t.async=!0;\n      t.src=v;s=b.getElementsByTagName(e)[0];s.parentNode.insertBefore(t,s)}(window,\n      document,'script','\/\/connect.facebook.net\/en_US\/fbevents.js');\n    fbq('init', '1022132447830898');\n    fbq('track', \"PageView\");\n  });\n<\/script><br \/>\n<br \/><a href=\"https:\/\/www.omelete.com.br\/series-tv\/gen-v-derivado-the-boys-cancelado\">Fonte do Artigo <\/a><\/p>\n","protected":false},"excerpt":{"rendered":"<p>Cr\u00e9ditos da imagem: Prime Video\/Reprodu\u00e7\u00e3o Gen V, a s\u00e9rie derivada de The Boys, foi cancelada pelo Prime Video\u00a0ap\u00f3s duas temporadas. O fim da produ\u00e7\u00e3o foi anunciado nesta sexta-feira (24), seis meses ap\u00f3s o lan\u00e7amento do segundo ano da produ\u00e7\u00e3o. Produtores do universo de The Boys &#8212; agora chamado de Universo Cinematogr\u00e1fico da Vought &#8211;, Eric [&hellip;]<\/p>\n","protected":false},"author":1,"featured_media":114343,"comment_status":"closed","ping_status":"","sticky":false,"template":"","format":"standard","meta":{"googlesitekit_rrm_CAow2JLhCw:productID":"","_gspb_post_css":"","maa_idioma":"","maa_pais":"","footnotes":""},"categories":[4],"tags":[3140,8237,24398,30841,2927,11243,30842],"class_list":["post-114342","post","type-post","status-publish","format-standard","has-post-thumbnail","hentry","category-brasil","tag-apos","tag-boys","tag-cancelado","tag-derivado","tag-duas","tag-gen","tag-temporadas"],"blocksy_meta":[],"yoast_head":"<!-- This site is optimized with the Yoast SEO Premium plugin v27.6 (Yoast SEO v27.6) - https:\/\/yoast.com\/product\/yoast-seo-premium-wordpress\/ -->\n<title>Gen V, derivado de The Boys, \u00e9 cancelado ap\u00f3s duas temporadas - Ubirat\u00e3 Online Not\u00edcias - A realidade ao seu alcance!<\/title>\n<meta name=\"description\" content=\"Cr\u00e9ditos da imagem: Prime Video\/Reprodu\u00e7\u00e3o Gen V, a s\u00e9rie derivada de The Boys, foi cancelada pelo Prime Video\u00a0ap\u00f3s duas temporadas. O fim da produ\u00e7\u00e3o foi\" \/>\n<meta name=\"robots\" content=\"index, follow, max-snippet:-1, max-image-preview:large, max-video-preview:-1\" \/>\n<link rel=\"canonical\" href=\"https:\/\/ubirataonline.com.br\/en\/gen-v-derivado-de-the-boys-e-cancelado-apos-duas-temporadas\/\" \/>\n<meta property=\"og:locale\" content=\"en_US\" \/>\n<meta property=\"og:type\" content=\"article\" \/>\n<meta property=\"og:title\" content=\"Gen V, derivado de The Boys, \u00e9 cancelado ap\u00f3s duas temporadas\" \/>\n<meta property=\"og:description\" content=\"Cr\u00e9ditos da imagem: Prime Video\/Reprodu\u00e7\u00e3o Gen V, a s\u00e9rie derivada de The Boys, foi cancelada pelo Prime Video\u00a0ap\u00f3s duas temporadas. O fim da produ\u00e7\u00e3o foi\" \/>\n<meta property=\"og:url\" content=\"https:\/\/ubirataonline.com.br\/en\/gen-v-derivado-de-the-boys-e-cancelado-apos-duas-temporadas\/\" \/>\n<meta property=\"og:site_name\" content=\"Ubirat\u00e3 Online Not\u00edcias - A realidade ao seu alcance!\" \/>\n<meta property=\"article:publisher\" content=\"https:\/\/www.facebook.com\/portalubirataonline\" \/>\n<meta property=\"article:author\" content=\"https:\/\/www.facebook.com\/portalubirataonline\" \/>\n<meta property=\"article:published_time\" content=\"2026-04-24T20:32:10+00:00\" \/>\n<meta property=\"article:modified_time\" content=\"2026-04-24T20:32:13+00:00\" \/>\n<meta property=\"og:image\" content=\"https:\/\/ubirataonline.com.br\/wp-content\/uploads\/2026\/04\/Gen-V-derivado-de-The-Boys-e-cancelado-apos-duas.jpg\" \/>\n\t<meta property=\"og:image:width\" content=\"1200\" \/>\n\t<meta property=\"og:image:height\" content=\"630\" \/>\n\t<meta property=\"og:image:type\" content=\"image\/jpeg\" \/>\n<meta name=\"author\" content=\"REDA\u00c7\u00c3O: UBIRAT\u00c3 ONLINE - F\u00c1BIO AUGUSTO CELESTINO\" \/>\n<meta name=\"twitter:card\" content=\"summary_large_image\" \/>\n<meta name=\"twitter:creator\" content=\"@x.com\/ubirataonline\" \/>\n<meta name=\"twitter:site\" content=\"@ubirataonline\" \/>\n<meta name=\"twitter:label1\" content=\"Written by\" \/>\n\t<meta name=\"twitter:data1\" content=\"REDA\u00c7\u00c3O: UBIRAT\u00c3 ONLINE - F\u00c1BIO AUGUSTO CELESTINO\" \/>\n\t<meta name=\"twitter:label2\" content=\"Est. reading time\" \/>\n\t<meta name=\"twitter:data2\" content=\"2 minutes\" \/>\n<script type=\"application\/ld+json\" class=\"yoast-schema-graph\">{\"@context\":\"https:\\\/\\\/schema.org\",\"@graph\":[{\"@type\":\"NewsArticle\",\"@id\":\"https:\\\/\\\/ubirataonline.com.br\\\/gen-v-derivado-de-the-boys-e-cancelado-apos-duas-temporadas\\\/#article\",\"isPartOf\":{\"@id\":\"https:\\\/\\\/ubirataonline.com.br\\\/gen-v-derivado-de-the-boys-e-cancelado-apos-duas-temporadas\\\/\"},\"author\":{\"name\":\"REDA\u00c7\u00c3O: UBIRAT\u00c3 ONLINE - F\u00c1BIO AUGUSTO CELESTINO\",\"@id\":\"https:\\\/\\\/ubirataonline.com.br\\\/#\\\/schema\\\/person\\\/372f87bbd3fdd79b8556b84c98d0bc1c\"},\"headline\":\"Gen V, derivado de The Boys, \u00e9 cancelado ap\u00f3s duas temporadas\",\"datePublished\":\"2026-04-24T20:32:10+00:00\",\"dateModified\":\"2026-04-24T20:32:13+00:00\",\"mainEntityOfPage\":{\"@id\":\"https:\\\/\\\/ubirataonline.com.br\\\/gen-v-derivado-de-the-boys-e-cancelado-apos-duas-temporadas\\\/\"},\"wordCount\":390,\"publisher\":{\"@id\":\"https:\\\/\\\/ubirataonline.com.br\\\/#organization\"},\"image\":{\"@id\":\"https:\\\/\\\/ubirataonline.com.br\\\/gen-v-derivado-de-the-boys-e-cancelado-apos-duas-temporadas\\\/#primaryimage\"},\"thumbnailUrl\":\"https:\\\/\\\/ubirataonline.com.br\\\/wp-content\\\/uploads\\\/2026\\\/04\\\/Gen-V-derivado-de-The-Boys-e-cancelado-apos-duas.jpg\",\"keywords\":[\"ap\u00f3s\",\"boys\",\"cancelado\",\"derivado\",\"duas\",\"Gen\",\"temporadas\"],\"articleSection\":[\"Brasil\"],\"inLanguage\":\"en-US\",\"copyrightYear\":\"2026\",\"copyrightHolder\":{\"@id\":\"https:\\\/\\\/ubirataonline.com.br\\\/en\\\/#organization\"}},{\"@type\":\"WebPage\",\"@id\":\"https:\\\/\\\/ubirataonline.com.br\\\/gen-v-derivado-de-the-boys-e-cancelado-apos-duas-temporadas\\\/\",\"url\":\"https:\\\/\\\/ubirataonline.com.br\\\/gen-v-derivado-de-the-boys-e-cancelado-apos-duas-temporadas\\\/\",\"name\":\"Gen V, derivado de The Boys, \u00e9 cancelado ap\u00f3s duas temporadas - Ubirat\u00e3 Online Not\u00edcias - A realidade ao seu alcance!\",\"isPartOf\":{\"@id\":\"https:\\\/\\\/ubirataonline.com.br\\\/#website\"},\"primaryImageOfPage\":{\"@id\":\"https:\\\/\\\/ubirataonline.com.br\\\/gen-v-derivado-de-the-boys-e-cancelado-apos-duas-temporadas\\\/#primaryimage\"},\"image\":{\"@id\":\"https:\\\/\\\/ubirataonline.com.br\\\/gen-v-derivado-de-the-boys-e-cancelado-apos-duas-temporadas\\\/#primaryimage\"},\"thumbnailUrl\":\"https:\\\/\\\/ubirataonline.com.br\\\/wp-content\\\/uploads\\\/2026\\\/04\\\/Gen-V-derivado-de-The-Boys-e-cancelado-apos-duas.jpg\",\"datePublished\":\"2026-04-24T20:32:10+00:00\",\"dateModified\":\"2026-04-24T20:32:13+00:00\",\"description\":\"Cr\u00e9ditos da imagem: Prime Video\\\/Reprodu\u00e7\u00e3o Gen V, a s\u00e9rie derivada de The Boys, foi cancelada pelo Prime Video\u00a0ap\u00f3s duas temporadas. O fim da produ\u00e7\u00e3o foi\",\"breadcrumb\":{\"@id\":\"https:\\\/\\\/ubirataonline.com.br\\\/gen-v-derivado-de-the-boys-e-cancelado-apos-duas-temporadas\\\/#breadcrumb\"},\"inLanguage\":\"en-US\",\"potentialAction\":[{\"@type\":\"ReadAction\",\"target\":[\"https:\\\/\\\/ubirataonline.com.br\\\/gen-v-derivado-de-the-boys-e-cancelado-apos-duas-temporadas\\\/\"]}]},{\"@type\":\"ImageObject\",\"inLanguage\":\"en-US\",\"@id\":\"https:\\\/\\\/ubirataonline.com.br\\\/gen-v-derivado-de-the-boys-e-cancelado-apos-duas-temporadas\\\/#primaryimage\",\"url\":\"https:\\\/\\\/ubirataonline.com.br\\\/wp-content\\\/uploads\\\/2026\\\/04\\\/Gen-V-derivado-de-The-Boys-e-cancelado-apos-duas.jpg\",\"contentUrl\":\"https:\\\/\\\/ubirataonline.com.br\\\/wp-content\\\/uploads\\\/2026\\\/04\\\/Gen-V-derivado-de-The-Boys-e-cancelado-apos-duas.jpg\",\"width\":1200,\"height\":630,\"caption\":\"Gen V, derivado de The Boys, \u00e9 cancelado ap\u00f3s duas temporadas\"},{\"@type\":\"BreadcrumbList\",\"@id\":\"https:\\\/\\\/ubirataonline.com.br\\\/gen-v-derivado-de-the-boys-e-cancelado-apos-duas-temporadas\\\/#breadcrumb\",\"itemListElement\":[{\"@type\":\"ListItem\",\"position\":1,\"name\":\"In\u00edcio\",\"item\":\"https:\\\/\\\/ubirataonline.com.br\\\/\"},{\"@type\":\"ListItem\",\"position\":2,\"name\":\"Gen V, derivado de The Boys, \u00e9 cancelado ap\u00f3s duas temporadas\"}]},{\"@type\":\"WebSite\",\"@id\":\"https:\\\/\\\/ubirataonline.com.br\\\/#website\",\"url\":\"https:\\\/\\\/ubirataonline.com.br\\\/\",\"name\":\"Ubirat\u00e3 Online Not\u00edcias\",\"description\":\"Not\u00edcias de Ubirat\u00e3, regi\u00e3o, Brasil e mundo, com informa\u00e7\u00e3o atualizada e compromisso com o leitor.\",\"publisher\":{\"@id\":\"https:\\\/\\\/ubirataonline.com.br\\\/#organization\"},\"alternateName\":\"Ubirat\u00e3 Online\",\"potentialAction\":[{\"@type\":\"SearchAction\",\"target\":{\"@type\":\"EntryPoint\",\"urlTemplate\":\"https:\\\/\\\/ubirataonline.com.br\\\/?s={search_term_string}\"},\"query-input\":{\"@type\":\"PropertyValueSpecification\",\"valueRequired\":true,\"valueName\":\"search_term_string\"}}],\"inLanguage\":\"en-US\"},{\"@type\":[\"Organization\",\"Place\"],\"@id\":\"https:\\\/\\\/ubirataonline.com.br\\\/#organization\",\"name\":\"Ubirat\u00e3 Online Not\u00edcias\",\"alternateName\":\"Ubirat\u00e3 Online\",\"url\":\"https:\\\/\\\/ubirataonline.com.br\\\/\",\"logo\":{\"@id\":\"https:\\\/\\\/ubirataonline.com.br\\\/gen-v-derivado-de-the-boys-e-cancelado-apos-duas-temporadas\\\/#local-main-organization-logo\"},\"image\":{\"@id\":\"https:\\\/\\\/ubirataonline.com.br\\\/gen-v-derivado-de-the-boys-e-cancelado-apos-duas-temporadas\\\/#local-main-organization-logo\"},\"sameAs\":[\"https:\\\/\\\/www.facebook.com\\\/portalubirataonline\",\"https:\\\/\\\/x.com\\\/ubirataonline\",\"https:\\\/\\\/mastodon.social\\\/@ubirataonline\",\"https:\\\/\\\/www.facebook.com\\\/groups\\\/311144672285604\",\"https:\\\/\\\/www.facebook.com\\\/UBTAOnline\",\"https:\\\/\\\/www.instagram.com\\\/portalubirataonline\\\/\",\"https:\\\/\\\/twitter.com\\\/ubirataonline\"],\"description\":\"Somos um portal de not\u00edcias independente, criado em 5 de janeiro de 2009, com o objetivo de informar, conectar e valorizar a nossa comunidade de Ubirat\u00e3 e toda aregi\u00e3o. Com conte\u00fado atualizado, confi\u00e1vel e relevante, o Ubirat\u00e3 Online \u00e9 o seu espa\u00e7o para ficar por dentro dos principais acontecimentos locais, regionais, Brasil, Mundo e de interesse geral. Nosso compromisso \u00e9 com a verdade, a transpar\u00eancia e o respeito ao leitor.\",\"legalName\":\"UBIRATA ONLINE NOT\u00cdCIAS\",\"foundingDate\":\"2009-01-05\",\"numberOfEmployees\":{\"@type\":\"QuantitativeValue\",\"minValue\":\"1\",\"maxValue\":\"10\"},\"publishingPrinciples\":\"https:\\\/\\\/ubirataonline.com.br\\\/faq\\\/\",\"address\":{\"@id\":\"https:\\\/\\\/ubirataonline.com.br\\\/gen-v-derivado-de-the-boys-e-cancelado-apos-duas-temporadas\\\/#local-main-place-address\"},\"geo\":{\"@type\":\"GeoCoordinates\",\"latitude\":\"-24.5361401\",\"longitude\":\"-52.9921776\"},\"telephone\":[\"+5544998308235\"],\"contactPoint\":{\"@type\":\"ContactPoint\",\"email\":\"contato@ubirataonline.com.br\"},\"openingHoursSpecification\":{\"@type\":\"OpeningHoursSpecification\",\"dayOfWeek\":[\"Monday\",\"Tuesday\",\"Wednesday\",\"Thursday\",\"Friday\",\"Saturday\",\"Sunday\"],\"opens\":\"00:00\",\"closes\":\"23:59\"},\"email\":\"contato@ubirataonline.com.br\",\"vatID\":\"47.621.418\\\/0001-80\"},{\"@type\":\"Person\",\"@id\":\"https:\\\/\\\/ubirataonline.com.br\\\/#\\\/schema\\\/person\\\/372f87bbd3fdd79b8556b84c98d0bc1c\",\"name\":\"REDA\u00c7\u00c3O: UBIRAT\u00c3 ONLINE - F\u00c1BIO AUGUSTO CELESTINO\",\"pronouns\":\"Ele\",\"description\":\"Desde 2003 trabalhando com not\u00edcias.\",\"sameAs\":[\"http:\\\/\\\/ubirataoline.com.br\",\"https:\\\/\\\/www.facebook.com\\\/portalubirataonline\",\"https:\\\/\\\/www.instagram.com\\\/ubirataonline_oficial\",\"https:\\\/\\\/x.com\\\/x.com\\\/ubirataonline\"],\"honorificPrefix\":\"Mr.\",\"honorificSuffix\":\"MD\",\"birthDate\":\"1980-06-16\",\"gender\":\"masculino\",\"award\":[\"V\u00e1rios pr\u00eamios de melhor portal da cidade\"],\"jobTitle\":\"Diretor\",\"url\":\"https:\\\/\\\/ubirataonline.com.br\\\/en\\\/author\\\/ubirataonline\\\/\"},{\"@type\":\"PostalAddress\",\"@id\":\"https:\\\/\\\/ubirataonline.com.br\\\/gen-v-derivado-de-the-boys-e-cancelado-apos-duas-temporadas\\\/#local-main-place-address\",\"streetAddress\":\"Rua dos Coqueiros, 104 - Bairro Boa Vista, Rua dos Coqueiros, 104 Bairro Boa Vista\",\"addressLocality\":\"UBIRATA\",\"postalCode\":\"85440-000\",\"addressRegion\":\"PR\",\"addressCountry\":\"BR\"},{\"@type\":\"ImageObject\",\"inLanguage\":\"en-US\",\"@id\":\"https:\\\/\\\/ubirataonline.com.br\\\/gen-v-derivado-de-the-boys-e-cancelado-apos-duas-temporadas\\\/#local-main-organization-logo\",\"url\":\"https:\\\/\\\/ubirataonline.com.br\\\/wp-content\\\/uploads\\\/2026\\\/06\\\/logoubirataonline-1.webp\",\"contentUrl\":\"https:\\\/\\\/ubirataonline.com.br\\\/wp-content\\\/uploads\\\/2026\\\/06\\\/logoubirataonline-1.webp\",\"width\":500,\"height\":500,\"caption\":\"Ubirat\u00e3 Online Not\u00edcias\"}]}<\/script>\n<meta name=\"geo.placename\" content=\"UBIRATA\" \/>\n<meta name=\"geo.position\" content=\"-24.5361401;-52.9921776\" \/>\n<meta name=\"geo.region\" content=\"Brazil\" \/>\n<!-- \/ Yoast SEO Premium plugin. -->","yoast_head_json":{"title":"Gen V, derivado de The Boys, \u00e9 cancelado ap\u00f3s duas temporadas - Ubirat\u00e3 Online Not\u00edcias - A realidade ao seu alcance!","description":"Cr\u00e9ditos da imagem: Prime Video\/Reprodu\u00e7\u00e3o Gen V, a s\u00e9rie derivada de The Boys, foi cancelada pelo Prime Video\u00a0ap\u00f3s duas temporadas. O fim da produ\u00e7\u00e3o foi","robots":{"index":"index","follow":"follow","max-snippet":"max-snippet:-1","max-image-preview":"max-image-preview:large","max-video-preview":"max-video-preview:-1"},"canonical":"https:\/\/ubirataonline.com.br\/en\/gen-v-derivado-de-the-boys-e-cancelado-apos-duas-temporadas\/","og_locale":"en_US","og_type":"article","og_title":"Gen V, derivado de The Boys, \u00e9 cancelado ap\u00f3s duas temporadas","og_description":"Cr\u00e9ditos da imagem: Prime Video\/Reprodu\u00e7\u00e3o Gen V, a s\u00e9rie derivada de The Boys, foi cancelada pelo Prime Video\u00a0ap\u00f3s duas temporadas. O fim da produ\u00e7\u00e3o foi","og_url":"https:\/\/ubirataonline.com.br\/en\/gen-v-derivado-de-the-boys-e-cancelado-apos-duas-temporadas\/","og_site_name":"Ubirat\u00e3 Online Not\u00edcias - A realidade ao seu alcance!","article_publisher":"https:\/\/www.facebook.com\/portalubirataonline","article_author":"https:\/\/www.facebook.com\/portalubirataonline","article_published_time":"2026-04-24T20:32:10+00:00","article_modified_time":"2026-04-24T20:32:13+00:00","og_image":[{"width":1200,"height":630,"url":"https:\/\/ubirataonline.com.br\/wp-content\/uploads\/2026\/04\/Gen-V-derivado-de-The-Boys-e-cancelado-apos-duas.jpg","type":"image\/jpeg"}],"author":"REDA\u00c7\u00c3O: UBIRAT\u00c3 ONLINE - F\u00c1BIO AUGUSTO CELESTINO","twitter_card":"summary_large_image","twitter_creator":"@x.com\/ubirataonline","twitter_site":"@ubirataonline","twitter_misc":{"Written by":"REDA\u00c7\u00c3O: UBIRAT\u00c3 ONLINE - F\u00c1BIO AUGUSTO CELESTINO","Est. reading time":"2 minutes"},"schema":{"@context":"https:\/\/schema.org","@graph":[{"@type":"NewsArticle","@id":"https:\/\/ubirataonline.com.br\/gen-v-derivado-de-the-boys-e-cancelado-apos-duas-temporadas\/#article","isPartOf":{"@id":"https:\/\/ubirataonline.com.br\/gen-v-derivado-de-the-boys-e-cancelado-apos-duas-temporadas\/"},"author":{"name":"REDA\u00c7\u00c3O: UBIRAT\u00c3 ONLINE - F\u00c1BIO AUGUSTO CELESTINO","@id":"https:\/\/ubirataonline.com.br\/#\/schema\/person\/372f87bbd3fdd79b8556b84c98d0bc1c"},"headline":"Gen V, derivado de The Boys, \u00e9 cancelado ap\u00f3s duas temporadas","datePublished":"2026-04-24T20:32:10+00:00","dateModified":"2026-04-24T20:32:13+00:00","mainEntityOfPage":{"@id":"https:\/\/ubirataonline.com.br\/gen-v-derivado-de-the-boys-e-cancelado-apos-duas-temporadas\/"},"wordCount":390,"publisher":{"@id":"https:\/\/ubirataonline.com.br\/#organization"},"image":{"@id":"https:\/\/ubirataonline.com.br\/gen-v-derivado-de-the-boys-e-cancelado-apos-duas-temporadas\/#primaryimage"},"thumbnailUrl":"https:\/\/ubirataonline.com.br\/wp-content\/uploads\/2026\/04\/Gen-V-derivado-de-The-Boys-e-cancelado-apos-duas.jpg","keywords":["ap\u00f3s","boys","cancelado","derivado","duas","Gen","temporadas"],"articleSection":["Brasil"],"inLanguage":"en-US","copyrightYear":"2026","copyrightHolder":{"@id":"https:\/\/ubirataonline.com.br\/en\/#organization"}},{"@type":"WebPage","@id":"https:\/\/ubirataonline.com.br\/gen-v-derivado-de-the-boys-e-cancelado-apos-duas-temporadas\/","url":"https:\/\/ubirataonline.com.br\/gen-v-derivado-de-the-boys-e-cancelado-apos-duas-temporadas\/","name":"Gen V, derivado de The Boys, \u00e9 cancelado ap\u00f3s duas temporadas - Ubirat\u00e3 Online Not\u00edcias - A realidade ao seu alcance!","isPartOf":{"@id":"https:\/\/ubirataonline.com.br\/#website"},"primaryImageOfPage":{"@id":"https:\/\/ubirataonline.com.br\/gen-v-derivado-de-the-boys-e-cancelado-apos-duas-temporadas\/#primaryimage"},"image":{"@id":"https:\/\/ubirataonline.com.br\/gen-v-derivado-de-the-boys-e-cancelado-apos-duas-temporadas\/#primaryimage"},"thumbnailUrl":"https:\/\/ubirataonline.com.br\/wp-content\/uploads\/2026\/04\/Gen-V-derivado-de-The-Boys-e-cancelado-apos-duas.jpg","datePublished":"2026-04-24T20:32:10+00:00","dateModified":"2026-04-24T20:32:13+00:00","description":"Cr\u00e9ditos da imagem: Prime Video\/Reprodu\u00e7\u00e3o Gen V, a s\u00e9rie derivada de The Boys, foi cancelada pelo Prime Video\u00a0ap\u00f3s duas temporadas. O fim da produ\u00e7\u00e3o foi","breadcrumb":{"@id":"https:\/\/ubirataonline.com.br\/gen-v-derivado-de-the-boys-e-cancelado-apos-duas-temporadas\/#breadcrumb"},"inLanguage":"en-US","potentialAction":[{"@type":"ReadAction","target":["https:\/\/ubirataonline.com.br\/gen-v-derivado-de-the-boys-e-cancelado-apos-duas-temporadas\/"]}]},{"@type":"ImageObject","inLanguage":"en-US","@id":"https:\/\/ubirataonline.com.br\/gen-v-derivado-de-the-boys-e-cancelado-apos-duas-temporadas\/#primaryimage","url":"https:\/\/ubirataonline.com.br\/wp-content\/uploads\/2026\/04\/Gen-V-derivado-de-The-Boys-e-cancelado-apos-duas.jpg","contentUrl":"https:\/\/ubirataonline.com.br\/wp-content\/uploads\/2026\/04\/Gen-V-derivado-de-The-Boys-e-cancelado-apos-duas.jpg","width":1200,"height":630,"caption":"Gen V, derivado de The Boys, \u00e9 cancelado ap\u00f3s duas temporadas"},{"@type":"BreadcrumbList","@id":"https:\/\/ubirataonline.com.br\/gen-v-derivado-de-the-boys-e-cancelado-apos-duas-temporadas\/#breadcrumb","itemListElement":[{"@type":"ListItem","position":1,"name":"In\u00edcio","item":"https:\/\/ubirataonline.com.br\/"},{"@type":"ListItem","position":2,"name":"Gen V, derivado de The Boys, \u00e9 cancelado ap\u00f3s duas temporadas"}]},{"@type":"WebSite","@id":"https:\/\/ubirataonline.com.br\/#website","url":"https:\/\/ubirataonline.com.br\/","name":"Ubirat\u00e3 Online Not\u00edcias","description":"Not\u00edcias de Ubirat\u00e3, regi\u00e3o, Brasil e mundo, com informa\u00e7\u00e3o atualizada e compromisso com o leitor.","publisher":{"@id":"https:\/\/ubirataonline.com.br\/#organization"},"alternateName":"Ubirat\u00e3 Online","potentialAction":[{"@type":"SearchAction","target":{"@type":"EntryPoint","urlTemplate":"https:\/\/ubirataonline.com.br\/?s={search_term_string}"},"query-input":{"@type":"PropertyValueSpecification","valueRequired":true,"valueName":"search_term_string"}}],"inLanguage":"en-US"},{"@type":["Organization","Place"],"@id":"https:\/\/ubirataonline.com.br\/#organization","name":"Ubirat\u00e3 Online Not\u00edcias","alternateName":"Ubirat\u00e3 Online","url":"https:\/\/ubirataonline.com.br\/","logo":{"@id":"https:\/\/ubirataonline.com.br\/gen-v-derivado-de-the-boys-e-cancelado-apos-duas-temporadas\/#local-main-organization-logo"},"image":{"@id":"https:\/\/ubirataonline.com.br\/gen-v-derivado-de-the-boys-e-cancelado-apos-duas-temporadas\/#local-main-organization-logo"},"sameAs":["https:\/\/www.facebook.com\/portalubirataonline","https:\/\/x.com\/ubirataonline","https:\/\/mastodon.social\/@ubirataonline","https:\/\/www.facebook.com\/groups\/311144672285604","https:\/\/www.facebook.com\/UBTAOnline","https:\/\/www.instagram.com\/portalubirataonline\/","https:\/\/twitter.com\/ubirataonline"],"description":"Somos um portal de not\u00edcias independente, criado em 5 de janeiro de 2009, com o objetivo de informar, conectar e valorizar a nossa comunidade de Ubirat\u00e3 e toda aregi\u00e3o. Com conte\u00fado atualizado, confi\u00e1vel e relevante, o Ubirat\u00e3 Online \u00e9 o seu espa\u00e7o para ficar por dentro dos principais acontecimentos locais, regionais, Brasil, Mundo e de interesse geral. Nosso compromisso \u00e9 com a verdade, a transpar\u00eancia e o respeito ao leitor.","legalName":"UBIRATA ONLINE NOT\u00cdCIAS","foundingDate":"2009-01-05","numberOfEmployees":{"@type":"QuantitativeValue","minValue":"1","maxValue":"10"},"publishingPrinciples":"https:\/\/ubirataonline.com.br\/faq\/","address":{"@id":"https:\/\/ubirataonline.com.br\/gen-v-derivado-de-the-boys-e-cancelado-apos-duas-temporadas\/#local-main-place-address"},"geo":{"@type":"GeoCoordinates","latitude":"-24.5361401","longitude":"-52.9921776"},"telephone":["+5544998308235"],"contactPoint":{"@type":"ContactPoint","email":"contato@ubirataonline.com.br"},"openingHoursSpecification":{"@type":"OpeningHoursSpecification","dayOfWeek":["Monday","Tuesday","Wednesday","Thursday","Friday","Saturday","Sunday"],"opens":"00:00","closes":"23:59"},"email":"contato@ubirataonline.com.br","vatID":"47.621.418\/0001-80"},{"@type":"Person","@id":"https:\/\/ubirataonline.com.br\/#\/schema\/person\/372f87bbd3fdd79b8556b84c98d0bc1c","name":"REDA\u00c7\u00c3O: UBIRAT\u00c3 ONLINE - F\u00c1BIO AUGUSTO CELESTINO","pronouns":"Ele","description":"Desde 2003 trabalhando com not\u00edcias.","sameAs":["http:\/\/ubirataoline.com.br","https:\/\/www.facebook.com\/portalubirataonline","https:\/\/www.instagram.com\/ubirataonline_oficial","https:\/\/x.com\/x.com\/ubirataonline"],"honorificPrefix":"Mr.","honorificSuffix":"MD","birthDate":"1980-06-16","gender":"masculino","award":["V\u00e1rios pr\u00eamios de melhor portal da cidade"],"jobTitle":"Diretor","url":"https:\/\/ubirataonline.com.br\/en\/author\/ubirataonline\/"},{"@type":"PostalAddress","@id":"https:\/\/ubirataonline.com.br\/gen-v-derivado-de-the-boys-e-cancelado-apos-duas-temporadas\/#local-main-place-address","streetAddress":"Rua dos Coqueiros, 104 - Bairro Boa Vista, Rua dos Coqueiros, 104 Bairro Boa Vista","addressLocality":"UBIRATA","postalCode":"85440-000","addressRegion":"PR","addressCountry":"BR"},{"@type":"ImageObject","inLanguage":"en-US","@id":"https:\/\/ubirataonline.com.br\/gen-v-derivado-de-the-boys-e-cancelado-apos-duas-temporadas\/#local-main-organization-logo","url":"https:\/\/ubirataonline.com.br\/wp-content\/uploads\/2026\/06\/logoubirataonline-1.webp","contentUrl":"https:\/\/ubirataonline.com.br\/wp-content\/uploads\/2026\/06\/logoubirataonline-1.webp","width":500,"height":500,"caption":"Ubirat\u00e3 Online Not\u00edcias"}]},"geo.placename":"UBIRATA","geo.position":{"lat":"-24.5361401","long":"-52.9921776"},"geo.region":"Brazil"},"_links":{"self":[{"href":"https:\/\/ubirataonline.com.br\/en\/wp-json\/wp\/v2\/posts\/114342","targetHints":{"allow":["GET"]}}],"collection":[{"href":"https:\/\/ubirataonline.com.br\/en\/wp-json\/wp\/v2\/posts"}],"about":[{"href":"https:\/\/ubirataonline.com.br\/en\/wp-json\/wp\/v2\/types\/post"}],"author":[{"embeddable":true,"href":"https:\/\/ubirataonline.com.br\/en\/wp-json\/wp\/v2\/users\/1"}],"replies":[{"embeddable":true,"href":"https:\/\/ubirataonline.com.br\/en\/wp-json\/wp\/v2\/comments?post=114342"}],"version-history":[{"count":0,"href":"https:\/\/ubirataonline.com.br\/en\/wp-json\/wp\/v2\/posts\/114342\/revisions"}],"wp:featuredmedia":[{"embeddable":true,"href":"https:\/\/ubirataonline.com.br\/en\/wp-json\/wp\/v2\/media\/114343"}],"wp:attachment":[{"href":"https:\/\/ubirataonline.com.br\/en\/wp-json\/wp\/v2\/media?parent=114342"}],"wp:term":[{"taxonomy":"category","embeddable":true,"href":"https:\/\/ubirataonline.com.br\/en\/wp-json\/wp\/v2\/categories?post=114342"},{"taxonomy":"post_tag","embeddable":true,"href":"https:\/\/ubirataonline.com.br\/en\/wp-json\/wp\/v2\/tags?post=114342"}],"curies":[{"name":"wp","href":"https:\/\/api.w.org\/{rel}","templated":true}]}}