{"id":114369,"date":"2026-04-24T18:16:13","date_gmt":"2026-04-24T21:16:13","guid":{"rendered":"https:\/\/ubirataonline.com.br\/jose-mourinho-says-benfica-future-will-be-decided-at-end-of-season-amid-real-madrid-rumours\/"},"modified":"2026-04-24T18:16:16","modified_gmt":"2026-04-24T21:16:16","slug":"jose-mourinho-says-benfica-future-will-be-decided-at-end-of-season-amid-real-madrid-rumours","status":"publish","type":"post","link":"https:\/\/ubirataonline.com.br\/en\/jose-mourinho-says-benfica-future-will-be-decided-at-end-of-season-amid-real-madrid-rumours\/","title":{"rendered":"Jose Mourinho says Benfica future will be decided at end of season amid Real Madrid rumours"},"content":{"rendered":"<p><br \/>\n<\/p>\n<div>\n<div class=\"article-meta\"><span class=\"timestamp \">Apr 24, 2026, 09:13 AM ET<\/span><\/div>\n<p>Jose Mourinho has said his future at <a data-clubhouse-guid=\"c0d080f4-ddad-14be-1498-51f86a0f24fa\" href=\"https:\/\/www.espn.com\/soccer\/team?id=1929\">Benfica<\/a> will be decided at the end of the season amid ongoing rumours he could return to coach <a data-clubhouse-guid=\"66434654-a8ba-a04c-98e5-6bbd0dbbb780\" href=\"https:\/\/www.espn.com\/soccer\/team?id=86\">Real Madrid<\/a>.<\/p>\n<p>The Portuguese manager has a contract with Benfica until June 2027 but his contract contains a clause that would allow him or the club to terminate the deal.<\/p>\n<p>&#8220;Everyone knows the situation,&#8221; Mourinho said on Friday.<\/p>\n<p>&#8220;When the season ends, we&#8217;ll have 10 days to decide whether to continue or part ways. I&#8217;ve said what I had to say. I&#8217;ve already said enough &#8212; perhaps more than enough &#8212; so there&#8217;s no need to say any more. What I&#8217;ve said, I&#8217;ve said. And I don&#8217;t need to repeat it. That&#8217;s all.&#8221;<\/p>\n<p>Earlier this month, Mourinho <a href=\"http:\/\/(https:\/\/www.espn.com\/soccer\/story\/_\/id\/48418586\/jose-mourinho-says-wants-continue-coaching-benfica\">expressed his desire<\/a> to continue at Benfica beyond this summer but insisted his future &#8220;depends on the club&#8217;s wishes.&#8221;<\/p>\n<p>Asked on Friday if he would remain at Benfica even if he received offers from Real Madrid or <a data-clubhouse-guid=\"12433baf-649d-7f4f-7233-6db63a5f62f4\" href=\"https:\/\/www.espn.com\/soccer\/team?id=482\">Portugal<\/a>&#8216;s Football Federation, Mourinho said: &#8220;I don&#8217;t want to say anything more about that. I&#8217;ve already said what I had to say regarding Benfica and I won&#8217;t be making any further comments.&#8221;<\/p>\n<p>Mourinho, 63, did brush aside <a href=\"https:\/\/www.record.pt\/futebol\/futebol-nacional\/liga-betclic\/benfica\/detalhe\/20260423-182731-a-editar-mourinho?ref=Benfica_DestaquesPrincipais\">reports in Portuguese media<\/a> that he is at odds with Benfica president Manu Rui Costa, who has remained silent about the former <a data-clubhouse-guid=\"c43a00b9-2826-72b3-77a0-62730abc936e\" href=\"https:\/\/www.espn.com\/soccer\/team?id=363\">Chelsea<\/a> and <a data-clubhouse-guid=\"6ebc2fd0-35d3-733b-5666-b75035a3bce9\" href=\"https:\/\/www.espn.com\/soccer\/team?id=360\">Manchester United<\/a> manager&#8217;s future.<\/p>\n<aside class=\"inline inline-photo full\">\n<figure><picture><source data-srcset=\"https:\/\/a.espncdn.com\/combiner\/i?img=%2Fphoto%2F2026%2F0309%2Fr1625572_1296x729_16%2D9.jpg&amp;w=570&amp;format=jpg, https:\/\/a.espncdn.com\/combiner\/i?img=%2Fphoto%2F2026%2F0309%2Fr1625572_1296x729_16%2D9.jpg&amp;w=1140&amp;cquality=40&amp;format=jpg 2x\" media=\"(min-width: 376px)\"><source data-srcset=\"https:\/\/a.espncdn.com\/combiner\/i?img=%2Fphoto%2F2026%2F0309%2Fr1625572_1296x729_16%2D9.jpg&amp;w=375, https:\/\/a.espncdn.com\/combiner\/i?img=%2Fphoto%2F2026%2F0309%2Fr1625572_1296x729_16%2D9.jpg&amp;w=750&amp;cquality=40&amp;format=jpg 2x\" media=\"(max-width: 375px)\"><img class=\" lazyload lazyload\" data-image-container=\".inline-photo\" height=\"320\" width=\"570\"\/><\/source><\/source><\/picture><figcaption class=\"photoCaption\">Despite sitting seven points behind Porto at the top of Liga Portugal, Mourinho&#8217;s Benfica are unbeaten in the league this season.\u00a0<cite>Getty<\/cite><\/figcaption><\/figure>\n<\/aside>\n<p>&#8220;There were reports that came out today saying I was angry with the president,&#8221; Mourinho said. &#8220;I&#8217;m only angry because, I don&#8217;t know why, but they [Benfica] didn&#8217;t give me my 25-year membership badge. I think they forgot about me.<\/p>\n<p>&#8220;Otherwise, everything&#8217;s fine, there&#8217;s no problem at all.&#8221;<\/p>\n<p>Mourinho says he is planning for the future: &#8220;Yes, I&#8217;ve been having meetings with the management, the president and the director as I always do,&#8221; he said.<\/p>\n<p>&#8220;I like to commit to my responsibilities and my &#8212; I don&#8217;t want to say decisions &#8212; analysis and opinions. And we&#8217;ve been meeting quite frequently in an attempt to improve my squad. This squad is mine and, if I stay on next season, it will remain so.&#8221;<\/p>\n<p>Mourinho returned to Portuguese football in September after 21 years coaching abroad.<\/p>\n<p>Mourinho&#8217;s side are the only unbeaten team in the Primeira Liga. Benfica are second in the standings, seven points adrift of league leaders <a data-clubhouse-guid=\"838e86e2-6645-c1b8-9fd2-46b6c1392876\" href=\"https:\/\/www.espn.com\/soccer\/team?id=437\">FC Porto<\/a> with four games remaining.<\/p>\n<p>&#8220;When I arrived, it [this squad] wasn&#8217;t mine,&#8221; Mourinho said.<\/p>\n<p>&#8220;Now it is. There&#8217;s a big difference. It&#8217;s one thing for a manager to arrive and the squad not be his; it&#8217;s quite another to have been here for seven months or so and now it&#8217;s mine.<\/p>\n<p>&#8211; <a href=\"https:\/\/www.espn.com\/football\/story?_slug_=real-madrid-alvaro-arbeloa-denies-rift-legend-dani-carvajal&amp;id=48569109\" target=\"_blank\"><strong>Real Madrid&#8217;s \u00c1lvaro Arbeloa denies rift with &#8216;legend&#8217; Dani Carvajal<\/strong><\/a><br \/>&#8211; <a href=\"https:\/\/www.espn.com\/football\/story?_slug_=kylian-mbappe-walks-suspension-tightrope-100th-real-madrid-game&amp;id=48579096\" target=\"_blank\"><strong>Kylian Mbapp\u00e9 walks suspension tightrope in 100th Real Madrid game<\/strong><\/a><\/p>\n<p>&#8220;And as Benfica&#8217;s manager, this is my squad. Objectively, it will undergo some adjustments to better reflect my style, to have something more of my own, as they say in England: my &#8216;fingerprint&#8217;.<\/p>\n<p>&#8220;But this squad is mine and I like it. It is one thing to adapt it to a certain type of personality and way of viewing football; it is quite another to make radical changes.<\/p>\n<p>&#8220;And I am completely against radical changes. There are a lot of people here who have made significant progress and who give me hope that, next season, they can be even better.&#8221;<\/p>\n<p>Mourinho guided Madrid to a LaLiga title, and <a data-league-guid=\"50d361ea-f945-3d56-9d20-63497bd2cac2\" href=\"https:\/\/www.espn.com\/soccer\/league\/_\/name\/ESP.COPA_DEL_REY\">Copa del Rey<\/a> and Spanish Supercup triumphs during his three years at Bernabeu stadium before parting ways with the club in 2013.<\/p>\n<\/div>\n<p><br \/>\n<br \/><a href=\"https:\/\/www.espn.com\/soccer\/story\/_\/id\/48580152\/jose-mourinho-says-benfica-future-decided-end-season-amid-real-madrid-rumours\">Source link <\/a><\/p>\n","protected":false},"excerpt":{"rendered":"<p>Apr 24, 2026, 09:13 AM ET Jose Mourinho has said his future at Benfica will be decided at the end of the season amid ongoing rumours he could return to coach Real Madrid. The Portuguese manager has a contract with Benfica until June 2027 but his contract contains a clause that would allow him or [&hellip;]<\/p>\n","protected":false},"author":1,"featured_media":114370,"comment_status":"closed","ping_status":"","sticky":false,"template":"","format":"standard","meta":{"googlesitekit_rrm_CAow2JLhCw:productID":"","_gspb_post_css":"","maa_idioma":"","maa_pais":"","footnotes":""},"categories":[1],"tags":[5456,14675,7632,5058,4677,16878,2969,9343,2955],"class_list":["post-114369","post","type-post","status-publish","format-standard","has-post-thumbnail","hentry","category-ubirata","tag-benfica","tag-decided","tag-future","tag-jose","tag-madrid","tag-mourinho","tag-real","tag-rumours","tag-season"],"blocksy_meta":[],"yoast_head":"<!-- This site is optimized with the Yoast SEO Premium plugin v27.6 (Yoast SEO v27.6) - https:\/\/yoast.com\/product\/yoast-seo-premium-wordpress\/ -->\n<title>Jose Mourinho says Benfica future will be decided at end of season amid Real Madrid rumours - Ubirat\u00e3 Online Not\u00edcias - A realidade ao seu alcance!<\/title>\n<meta name=\"description\" content=\"Apr 24, 2026, 09:13 AM ETJose Mourinho has said his future at Benfica will be decided at the end of the season amid ongoing rumours he could return to\" \/>\n<meta name=\"robots\" content=\"index, follow, max-snippet:-1, max-image-preview:large, max-video-preview:-1\" \/>\n<link rel=\"canonical\" href=\"https:\/\/ubirataonline.com.br\/en\/jose-mourinho-says-benfica-future-will-be-decided-at-end-of-season-amid-real-madrid-rumours\/\" \/>\n<meta property=\"og:locale\" content=\"en_US\" \/>\n<meta property=\"og:type\" content=\"article\" \/>\n<meta property=\"og:title\" content=\"Jose Mourinho says Benfica future will be decided at end of season amid Real Madrid rumours\" \/>\n<meta property=\"og:description\" content=\"Apr 24, 2026, 09:13 AM ETJose Mourinho has said his future at Benfica will be decided at the end of the season amid ongoing rumours he could return to\" \/>\n<meta property=\"og:url\" content=\"https:\/\/ubirataonline.com.br\/en\/jose-mourinho-says-benfica-future-will-be-decided-at-end-of-season-amid-real-madrid-rumours\/\" \/>\n<meta property=\"og:site_name\" content=\"Ubirat\u00e3 Online Not\u00edcias - A realidade ao seu alcance!\" \/>\n<meta property=\"article:publisher\" content=\"https:\/\/www.facebook.com\/portalubirataonline\" \/>\n<meta property=\"article:author\" content=\"https:\/\/www.facebook.com\/portalubirataonline\" \/>\n<meta property=\"article:published_time\" content=\"2026-04-24T21:16:13+00:00\" \/>\n<meta property=\"article:modified_time\" content=\"2026-04-24T21:16:16+00:00\" \/>\n<meta property=\"og:image\" content=\"https:\/\/ubirataonline.com.br\/wp-content\/uploads\/2026\/04\/Jose-Mourinho-says-Benfica-future-will-be-decided-at-end.jpeg\" \/>\n\t<meta property=\"og:image:width\" content=\"1296\" \/>\n\t<meta property=\"og:image:height\" content=\"729\" \/>\n\t<meta property=\"og:image:type\" content=\"image\/jpeg\" \/>\n<meta name=\"author\" content=\"REDA\u00c7\u00c3O: UBIRAT\u00c3 ONLINE - F\u00c1BIO AUGUSTO CELESTINO\" \/>\n<meta name=\"twitter:card\" content=\"summary_large_image\" \/>\n<meta name=\"twitter:creator\" content=\"@x.com\/ubirataonline\" \/>\n<meta name=\"twitter:site\" content=\"@ubirataonline\" \/>\n<meta name=\"twitter:label1\" content=\"Written by\" \/>\n\t<meta name=\"twitter:data1\" content=\"REDA\u00c7\u00c3O: UBIRAT\u00c3 ONLINE - F\u00c1BIO AUGUSTO CELESTINO\" \/>\n\t<meta name=\"twitter:label2\" content=\"Est. reading time\" \/>\n\t<meta name=\"twitter:data2\" content=\"3 minutes\" \/>\n<script type=\"application\/ld+json\" class=\"yoast-schema-graph\">{\"@context\":\"https:\\\/\\\/schema.org\",\"@graph\":[{\"@type\":\"NewsArticle\",\"@id\":\"https:\\\/\\\/ubirataonline.com.br\\\/jose-mourinho-says-benfica-future-will-be-decided-at-end-of-season-amid-real-madrid-rumours\\\/#article\",\"isPartOf\":{\"@id\":\"https:\\\/\\\/ubirataonline.com.br\\\/jose-mourinho-says-benfica-future-will-be-decided-at-end-of-season-amid-real-madrid-rumours\\\/\"},\"author\":{\"name\":\"REDA\u00c7\u00c3O: UBIRAT\u00c3 ONLINE - F\u00c1BIO AUGUSTO CELESTINO\",\"@id\":\"https:\\\/\\\/ubirataonline.com.br\\\/#\\\/schema\\\/person\\\/372f87bbd3fdd79b8556b84c98d0bc1c\"},\"headline\":\"Jose Mourinho says Benfica future will be decided at end of season amid Real Madrid rumours\",\"datePublished\":\"2026-04-24T21:16:13+00:00\",\"dateModified\":\"2026-04-24T21:16:16+00:00\",\"mainEntityOfPage\":{\"@id\":\"https:\\\/\\\/ubirataonline.com.br\\\/jose-mourinho-says-benfica-future-will-be-decided-at-end-of-season-amid-real-madrid-rumours\\\/\"},\"wordCount\":658,\"publisher\":{\"@id\":\"https:\\\/\\\/ubirataonline.com.br\\\/#organization\"},\"image\":{\"@id\":\"https:\\\/\\\/ubirataonline.com.br\\\/jose-mourinho-says-benfica-future-will-be-decided-at-end-of-season-amid-real-madrid-rumours\\\/#primaryimage\"},\"thumbnailUrl\":\"https:\\\/\\\/ubirataonline.com.br\\\/wp-content\\\/uploads\\\/2026\\\/04\\\/Jose-Mourinho-says-Benfica-future-will-be-decided-at-end.jpeg\",\"keywords\":[\"Benfica\",\"decided\",\"future\",\"Jos\u00e9\",\"Madrid\",\"Mourinho\",\"real\",\"rumours\",\"season\"],\"articleSection\":[\"Ubirat\u00e3\"],\"inLanguage\":\"en-US\",\"copyrightYear\":\"2026\",\"copyrightHolder\":{\"@id\":\"https:\\\/\\\/ubirataonline.com.br\\\/en\\\/#organization\"}},{\"@type\":\"WebPage\",\"@id\":\"https:\\\/\\\/ubirataonline.com.br\\\/jose-mourinho-says-benfica-future-will-be-decided-at-end-of-season-amid-real-madrid-rumours\\\/\",\"url\":\"https:\\\/\\\/ubirataonline.com.br\\\/jose-mourinho-says-benfica-future-will-be-decided-at-end-of-season-amid-real-madrid-rumours\\\/\",\"name\":\"Jose Mourinho says Benfica future will be decided at end of season amid Real Madrid rumours - Ubirat\u00e3 Online Not\u00edcias - A realidade ao seu alcance!\",\"isPartOf\":{\"@id\":\"https:\\\/\\\/ubirataonline.com.br\\\/#website\"},\"primaryImageOfPage\":{\"@id\":\"https:\\\/\\\/ubirataonline.com.br\\\/jose-mourinho-says-benfica-future-will-be-decided-at-end-of-season-amid-real-madrid-rumours\\\/#primaryimage\"},\"image\":{\"@id\":\"https:\\\/\\\/ubirataonline.com.br\\\/jose-mourinho-says-benfica-future-will-be-decided-at-end-of-season-amid-real-madrid-rumours\\\/#primaryimage\"},\"thumbnailUrl\":\"https:\\\/\\\/ubirataonline.com.br\\\/wp-content\\\/uploads\\\/2026\\\/04\\\/Jose-Mourinho-says-Benfica-future-will-be-decided-at-end.jpeg\",\"datePublished\":\"2026-04-24T21:16:13+00:00\",\"dateModified\":\"2026-04-24T21:16:16+00:00\",\"description\":\"Apr 24, 2026, 09:13 AM ETJose Mourinho has said his future at Benfica will be decided at the end of the season amid ongoing rumours he could return to\",\"breadcrumb\":{\"@id\":\"https:\\\/\\\/ubirataonline.com.br\\\/jose-mourinho-says-benfica-future-will-be-decided-at-end-of-season-amid-real-madrid-rumours\\\/#breadcrumb\"},\"inLanguage\":\"en-US\",\"potentialAction\":[{\"@type\":\"ReadAction\",\"target\":[\"https:\\\/\\\/ubirataonline.com.br\\\/jose-mourinho-says-benfica-future-will-be-decided-at-end-of-season-amid-real-madrid-rumours\\\/\"]}]},{\"@type\":\"ImageObject\",\"inLanguage\":\"en-US\",\"@id\":\"https:\\\/\\\/ubirataonline.com.br\\\/jose-mourinho-says-benfica-future-will-be-decided-at-end-of-season-amid-real-madrid-rumours\\\/#primaryimage\",\"url\":\"https:\\\/\\\/ubirataonline.com.br\\\/wp-content\\\/uploads\\\/2026\\\/04\\\/Jose-Mourinho-says-Benfica-future-will-be-decided-at-end.jpeg\",\"contentUrl\":\"https:\\\/\\\/ubirataonline.com.br\\\/wp-content\\\/uploads\\\/2026\\\/04\\\/Jose-Mourinho-says-Benfica-future-will-be-decided-at-end.jpeg\",\"width\":1296,\"height\":729,\"caption\":\"Burley: Too much power in the wrong place at Real Madrid (2:49)Craig Burley believes a change of power is needed at Real Madrid to turn the club around. (2:49)\"},{\"@type\":\"BreadcrumbList\",\"@id\":\"https:\\\/\\\/ubirataonline.com.br\\\/jose-mourinho-says-benfica-future-will-be-decided-at-end-of-season-amid-real-madrid-rumours\\\/#breadcrumb\",\"itemListElement\":[{\"@type\":\"ListItem\",\"position\":1,\"name\":\"In\u00edcio\",\"item\":\"https:\\\/\\\/ubirataonline.com.br\\\/\"},{\"@type\":\"ListItem\",\"position\":2,\"name\":\"Jose Mourinho says Benfica future will be decided at end of season amid Real Madrid rumours\"}]},{\"@type\":\"WebSite\",\"@id\":\"https:\\\/\\\/ubirataonline.com.br\\\/#website\",\"url\":\"https:\\\/\\\/ubirataonline.com.br\\\/\",\"name\":\"Ubirat\u00e3 Online Not\u00edcias\",\"description\":\"Not\u00edcias de Ubirat\u00e3, regi\u00e3o, Brasil e mundo, com informa\u00e7\u00e3o atualizada e compromisso com o leitor.\",\"publisher\":{\"@id\":\"https:\\\/\\\/ubirataonline.com.br\\\/#organization\"},\"alternateName\":\"Ubirat\u00e3 Online\",\"potentialAction\":[{\"@type\":\"SearchAction\",\"target\":{\"@type\":\"EntryPoint\",\"urlTemplate\":\"https:\\\/\\\/ubirataonline.com.br\\\/?s={search_term_string}\"},\"query-input\":{\"@type\":\"PropertyValueSpecification\",\"valueRequired\":true,\"valueName\":\"search_term_string\"}}],\"inLanguage\":\"en-US\"},{\"@type\":[\"Organization\",\"Place\"],\"@id\":\"https:\\\/\\\/ubirataonline.com.br\\\/#organization\",\"name\":\"Ubirat\u00e3 Online Not\u00edcias\",\"alternateName\":\"Ubirat\u00e3 Online\",\"url\":\"https:\\\/\\\/ubirataonline.com.br\\\/\",\"logo\":{\"@id\":\"https:\\\/\\\/ubirataonline.com.br\\\/jose-mourinho-says-benfica-future-will-be-decided-at-end-of-season-amid-real-madrid-rumours\\\/#local-main-organization-logo\"},\"image\":{\"@id\":\"https:\\\/\\\/ubirataonline.com.br\\\/jose-mourinho-says-benfica-future-will-be-decided-at-end-of-season-amid-real-madrid-rumours\\\/#local-main-organization-logo\"},\"sameAs\":[\"https:\\\/\\\/www.facebook.com\\\/portalubirataonline\",\"https:\\\/\\\/x.com\\\/ubirataonline\",\"https:\\\/\\\/mastodon.social\\\/@ubirataonline\",\"https:\\\/\\\/www.facebook.com\\\/groups\\\/311144672285604\",\"https:\\\/\\\/www.facebook.com\\\/UBTAOnline\",\"https:\\\/\\\/www.instagram.com\\\/portalubirataonline\\\/\",\"https:\\\/\\\/twitter.com\\\/ubirataonline\"],\"description\":\"Somos um portal de not\u00edcias independente, criado em 5 de janeiro de 2009, com o objetivo de informar, conectar e valorizar a nossa comunidade de Ubirat\u00e3 e toda aregi\u00e3o. Com conte\u00fado atualizado, confi\u00e1vel e relevante, o Ubirat\u00e3 Online \u00e9 o seu espa\u00e7o para ficar por dentro dos principais acontecimentos locais, regionais, Brasil, Mundo e de interesse geral. Nosso compromisso \u00e9 com a verdade, a transpar\u00eancia e o respeito ao leitor.\",\"legalName\":\"UBIRATA ONLINE NOT\u00cdCIAS\",\"foundingDate\":\"2009-01-05\",\"numberOfEmployees\":{\"@type\":\"QuantitativeValue\",\"minValue\":\"1\",\"maxValue\":\"10\"},\"publishingPrinciples\":\"https:\\\/\\\/ubirataonline.com.br\\\/faq\\\/\",\"address\":{\"@id\":\"https:\\\/\\\/ubirataonline.com.br\\\/jose-mourinho-says-benfica-future-will-be-decided-at-end-of-season-amid-real-madrid-rumours\\\/#local-main-place-address\"},\"geo\":{\"@type\":\"GeoCoordinates\",\"latitude\":\"-24.5361401\",\"longitude\":\"-52.9921776\"},\"telephone\":[\"+5544998308235\"],\"contactPoint\":{\"@type\":\"ContactPoint\",\"email\":\"contato@ubirataonline.com.br\"},\"openingHoursSpecification\":{\"@type\":\"OpeningHoursSpecification\",\"dayOfWeek\":[\"Monday\",\"Tuesday\",\"Wednesday\",\"Thursday\",\"Friday\",\"Saturday\",\"Sunday\"],\"opens\":\"00:00\",\"closes\":\"23:59\"},\"email\":\"contato@ubirataonline.com.br\",\"vatID\":\"47.621.418\\\/0001-80\"},{\"@type\":\"Person\",\"@id\":\"https:\\\/\\\/ubirataonline.com.br\\\/#\\\/schema\\\/person\\\/372f87bbd3fdd79b8556b84c98d0bc1c\",\"name\":\"REDA\u00c7\u00c3O: UBIRAT\u00c3 ONLINE - F\u00c1BIO AUGUSTO CELESTINO\",\"pronouns\":\"Ele\",\"description\":\"Desde 2003 trabalhando com not\u00edcias.\",\"sameAs\":[\"http:\\\/\\\/ubirataoline.com.br\",\"https:\\\/\\\/www.facebook.com\\\/portalubirataonline\",\"https:\\\/\\\/www.instagram.com\\\/ubirataonline_oficial\",\"https:\\\/\\\/x.com\\\/x.com\\\/ubirataonline\"],\"honorificPrefix\":\"Mr.\",\"honorificSuffix\":\"MD\",\"birthDate\":\"1980-06-16\",\"gender\":\"masculino\",\"award\":[\"V\u00e1rios pr\u00eamios de melhor portal da cidade\"],\"jobTitle\":\"Diretor\",\"url\":\"https:\\\/\\\/ubirataonline.com.br\\\/en\\\/author\\\/ubirataonline\\\/\"},{\"@type\":\"PostalAddress\",\"@id\":\"https:\\\/\\\/ubirataonline.com.br\\\/jose-mourinho-says-benfica-future-will-be-decided-at-end-of-season-amid-real-madrid-rumours\\\/#local-main-place-address\",\"streetAddress\":\"Rua dos Coqueiros, 104 - Bairro Boa Vista, Rua dos Coqueiros, 104 Bairro Boa Vista\",\"addressLocality\":\"UBIRATA\",\"postalCode\":\"85440-000\",\"addressRegion\":\"PR\",\"addressCountry\":\"BR\"},{\"@type\":\"ImageObject\",\"inLanguage\":\"en-US\",\"@id\":\"https:\\\/\\\/ubirataonline.com.br\\\/jose-mourinho-says-benfica-future-will-be-decided-at-end-of-season-amid-real-madrid-rumours\\\/#local-main-organization-logo\",\"url\":\"https:\\\/\\\/ubirataonline.com.br\\\/wp-content\\\/uploads\\\/2026\\\/06\\\/logoubirataonline-1.webp\",\"contentUrl\":\"https:\\\/\\\/ubirataonline.com.br\\\/wp-content\\\/uploads\\\/2026\\\/06\\\/logoubirataonline-1.webp\",\"width\":500,\"height\":500,\"caption\":\"Ubirat\u00e3 Online Not\u00edcias\"}]}<\/script>\n<meta name=\"geo.placename\" content=\"UBIRATA\" \/>\n<meta name=\"geo.position\" content=\"-24.5361401;-52.9921776\" \/>\n<meta name=\"geo.region\" content=\"Brazil\" \/>\n<!-- \/ Yoast SEO Premium plugin. -->","yoast_head_json":{"title":"Jose Mourinho says Benfica future will be decided at end of season amid Real Madrid rumours - Ubirat\u00e3 Online Not\u00edcias - A realidade ao seu alcance!","description":"Apr 24, 2026, 09:13 AM ETJose Mourinho has said his future at Benfica will be decided at the end of the season amid ongoing rumours he could return to","robots":{"index":"index","follow":"follow","max-snippet":"max-snippet:-1","max-image-preview":"max-image-preview:large","max-video-preview":"max-video-preview:-1"},"canonical":"https:\/\/ubirataonline.com.br\/en\/jose-mourinho-says-benfica-future-will-be-decided-at-end-of-season-amid-real-madrid-rumours\/","og_locale":"en_US","og_type":"article","og_title":"Jose Mourinho says Benfica future will be decided at end of season amid Real Madrid rumours","og_description":"Apr 24, 2026, 09:13 AM ETJose Mourinho has said his future at Benfica will be decided at the end of the season amid ongoing rumours he could return to","og_url":"https:\/\/ubirataonline.com.br\/en\/jose-mourinho-says-benfica-future-will-be-decided-at-end-of-season-amid-real-madrid-rumours\/","og_site_name":"Ubirat\u00e3 Online Not\u00edcias - A realidade ao seu alcance!","article_publisher":"https:\/\/www.facebook.com\/portalubirataonline","article_author":"https:\/\/www.facebook.com\/portalubirataonline","article_published_time":"2026-04-24T21:16:13+00:00","article_modified_time":"2026-04-24T21:16:16+00:00","og_image":[{"width":1296,"height":729,"url":"https:\/\/ubirataonline.com.br\/wp-content\/uploads\/2026\/04\/Jose-Mourinho-says-Benfica-future-will-be-decided-at-end.jpeg","type":"image\/jpeg"}],"author":"REDA\u00c7\u00c3O: UBIRAT\u00c3 ONLINE - F\u00c1BIO AUGUSTO CELESTINO","twitter_card":"summary_large_image","twitter_creator":"@x.com\/ubirataonline","twitter_site":"@ubirataonline","twitter_misc":{"Written by":"REDA\u00c7\u00c3O: UBIRAT\u00c3 ONLINE - F\u00c1BIO AUGUSTO CELESTINO","Est. reading time":"3 minutes"},"schema":{"@context":"https:\/\/schema.org","@graph":[{"@type":"NewsArticle","@id":"https:\/\/ubirataonline.com.br\/jose-mourinho-says-benfica-future-will-be-decided-at-end-of-season-amid-real-madrid-rumours\/#article","isPartOf":{"@id":"https:\/\/ubirataonline.com.br\/jose-mourinho-says-benfica-future-will-be-decided-at-end-of-season-amid-real-madrid-rumours\/"},"author":{"name":"REDA\u00c7\u00c3O: UBIRAT\u00c3 ONLINE - F\u00c1BIO AUGUSTO CELESTINO","@id":"https:\/\/ubirataonline.com.br\/#\/schema\/person\/372f87bbd3fdd79b8556b84c98d0bc1c"},"headline":"Jose Mourinho says Benfica future will be decided at end of season amid Real Madrid rumours","datePublished":"2026-04-24T21:16:13+00:00","dateModified":"2026-04-24T21:16:16+00:00","mainEntityOfPage":{"@id":"https:\/\/ubirataonline.com.br\/jose-mourinho-says-benfica-future-will-be-decided-at-end-of-season-amid-real-madrid-rumours\/"},"wordCount":658,"publisher":{"@id":"https:\/\/ubirataonline.com.br\/#organization"},"image":{"@id":"https:\/\/ubirataonline.com.br\/jose-mourinho-says-benfica-future-will-be-decided-at-end-of-season-amid-real-madrid-rumours\/#primaryimage"},"thumbnailUrl":"https:\/\/ubirataonline.com.br\/wp-content\/uploads\/2026\/04\/Jose-Mourinho-says-Benfica-future-will-be-decided-at-end.jpeg","keywords":["Benfica","decided","future","Jos\u00e9","Madrid","Mourinho","real","rumours","season"],"articleSection":["Ubirat\u00e3"],"inLanguage":"en-US","copyrightYear":"2026","copyrightHolder":{"@id":"https:\/\/ubirataonline.com.br\/en\/#organization"}},{"@type":"WebPage","@id":"https:\/\/ubirataonline.com.br\/jose-mourinho-says-benfica-future-will-be-decided-at-end-of-season-amid-real-madrid-rumours\/","url":"https:\/\/ubirataonline.com.br\/jose-mourinho-says-benfica-future-will-be-decided-at-end-of-season-amid-real-madrid-rumours\/","name":"Jose Mourinho says Benfica future will be decided at end of season amid Real Madrid rumours - Ubirat\u00e3 Online Not\u00edcias - A realidade ao seu alcance!","isPartOf":{"@id":"https:\/\/ubirataonline.com.br\/#website"},"primaryImageOfPage":{"@id":"https:\/\/ubirataonline.com.br\/jose-mourinho-says-benfica-future-will-be-decided-at-end-of-season-amid-real-madrid-rumours\/#primaryimage"},"image":{"@id":"https:\/\/ubirataonline.com.br\/jose-mourinho-says-benfica-future-will-be-decided-at-end-of-season-amid-real-madrid-rumours\/#primaryimage"},"thumbnailUrl":"https:\/\/ubirataonline.com.br\/wp-content\/uploads\/2026\/04\/Jose-Mourinho-says-Benfica-future-will-be-decided-at-end.jpeg","datePublished":"2026-04-24T21:16:13+00:00","dateModified":"2026-04-24T21:16:16+00:00","description":"Apr 24, 2026, 09:13 AM ETJose Mourinho has said his future at Benfica will be decided at the end of the season amid ongoing rumours he could return to","breadcrumb":{"@id":"https:\/\/ubirataonline.com.br\/jose-mourinho-says-benfica-future-will-be-decided-at-end-of-season-amid-real-madrid-rumours\/#breadcrumb"},"inLanguage":"en-US","potentialAction":[{"@type":"ReadAction","target":["https:\/\/ubirataonline.com.br\/jose-mourinho-says-benfica-future-will-be-decided-at-end-of-season-amid-real-madrid-rumours\/"]}]},{"@type":"ImageObject","inLanguage":"en-US","@id":"https:\/\/ubirataonline.com.br\/jose-mourinho-says-benfica-future-will-be-decided-at-end-of-season-amid-real-madrid-rumours\/#primaryimage","url":"https:\/\/ubirataonline.com.br\/wp-content\/uploads\/2026\/04\/Jose-Mourinho-says-Benfica-future-will-be-decided-at-end.jpeg","contentUrl":"https:\/\/ubirataonline.com.br\/wp-content\/uploads\/2026\/04\/Jose-Mourinho-says-Benfica-future-will-be-decided-at-end.jpeg","width":1296,"height":729,"caption":"Burley: Too much power in the wrong place at Real Madrid (2:49)Craig Burley believes a change of power is needed at Real Madrid to turn the club around. (2:49)"},{"@type":"BreadcrumbList","@id":"https:\/\/ubirataonline.com.br\/jose-mourinho-says-benfica-future-will-be-decided-at-end-of-season-amid-real-madrid-rumours\/#breadcrumb","itemListElement":[{"@type":"ListItem","position":1,"name":"In\u00edcio","item":"https:\/\/ubirataonline.com.br\/"},{"@type":"ListItem","position":2,"name":"Jose Mourinho says Benfica future will be decided at end of season amid Real Madrid rumours"}]},{"@type":"WebSite","@id":"https:\/\/ubirataonline.com.br\/#website","url":"https:\/\/ubirataonline.com.br\/","name":"Ubirat\u00e3 Online Not\u00edcias","description":"Not\u00edcias de Ubirat\u00e3, regi\u00e3o, Brasil e mundo, com informa\u00e7\u00e3o atualizada e compromisso com o leitor.","publisher":{"@id":"https:\/\/ubirataonline.com.br\/#organization"},"alternateName":"Ubirat\u00e3 Online","potentialAction":[{"@type":"SearchAction","target":{"@type":"EntryPoint","urlTemplate":"https:\/\/ubirataonline.com.br\/?s={search_term_string}"},"query-input":{"@type":"PropertyValueSpecification","valueRequired":true,"valueName":"search_term_string"}}],"inLanguage":"en-US"},{"@type":["Organization","Place"],"@id":"https:\/\/ubirataonline.com.br\/#organization","name":"Ubirat\u00e3 Online Not\u00edcias","alternateName":"Ubirat\u00e3 Online","url":"https:\/\/ubirataonline.com.br\/","logo":{"@id":"https:\/\/ubirataonline.com.br\/jose-mourinho-says-benfica-future-will-be-decided-at-end-of-season-amid-real-madrid-rumours\/#local-main-organization-logo"},"image":{"@id":"https:\/\/ubirataonline.com.br\/jose-mourinho-says-benfica-future-will-be-decided-at-end-of-season-amid-real-madrid-rumours\/#local-main-organization-logo"},"sameAs":["https:\/\/www.facebook.com\/portalubirataonline","https:\/\/x.com\/ubirataonline","https:\/\/mastodon.social\/@ubirataonline","https:\/\/www.facebook.com\/groups\/311144672285604","https:\/\/www.facebook.com\/UBTAOnline","https:\/\/www.instagram.com\/portalubirataonline\/","https:\/\/twitter.com\/ubirataonline"],"description":"Somos um portal de not\u00edcias independente, criado em 5 de janeiro de 2009, com o objetivo de informar, conectar e valorizar a nossa comunidade de Ubirat\u00e3 e toda aregi\u00e3o. Com conte\u00fado atualizado, confi\u00e1vel e relevante, o Ubirat\u00e3 Online \u00e9 o seu espa\u00e7o para ficar por dentro dos principais acontecimentos locais, regionais, Brasil, Mundo e de interesse geral. Nosso compromisso \u00e9 com a verdade, a transpar\u00eancia e o respeito ao leitor.","legalName":"UBIRATA ONLINE NOT\u00cdCIAS","foundingDate":"2009-01-05","numberOfEmployees":{"@type":"QuantitativeValue","minValue":"1","maxValue":"10"},"publishingPrinciples":"https:\/\/ubirataonline.com.br\/faq\/","address":{"@id":"https:\/\/ubirataonline.com.br\/jose-mourinho-says-benfica-future-will-be-decided-at-end-of-season-amid-real-madrid-rumours\/#local-main-place-address"},"geo":{"@type":"GeoCoordinates","latitude":"-24.5361401","longitude":"-52.9921776"},"telephone":["+5544998308235"],"contactPoint":{"@type":"ContactPoint","email":"contato@ubirataonline.com.br"},"openingHoursSpecification":{"@type":"OpeningHoursSpecification","dayOfWeek":["Monday","Tuesday","Wednesday","Thursday","Friday","Saturday","Sunday"],"opens":"00:00","closes":"23:59"},"email":"contato@ubirataonline.com.br","vatID":"47.621.418\/0001-80"},{"@type":"Person","@id":"https:\/\/ubirataonline.com.br\/#\/schema\/person\/372f87bbd3fdd79b8556b84c98d0bc1c","name":"REDA\u00c7\u00c3O: UBIRAT\u00c3 ONLINE - F\u00c1BIO AUGUSTO CELESTINO","pronouns":"Ele","description":"Desde 2003 trabalhando com not\u00edcias.","sameAs":["http:\/\/ubirataoline.com.br","https:\/\/www.facebook.com\/portalubirataonline","https:\/\/www.instagram.com\/ubirataonline_oficial","https:\/\/x.com\/x.com\/ubirataonline"],"honorificPrefix":"Mr.","honorificSuffix":"MD","birthDate":"1980-06-16","gender":"masculino","award":["V\u00e1rios pr\u00eamios de melhor portal da cidade"],"jobTitle":"Diretor","url":"https:\/\/ubirataonline.com.br\/en\/author\/ubirataonline\/"},{"@type":"PostalAddress","@id":"https:\/\/ubirataonline.com.br\/jose-mourinho-says-benfica-future-will-be-decided-at-end-of-season-amid-real-madrid-rumours\/#local-main-place-address","streetAddress":"Rua dos Coqueiros, 104 - Bairro Boa Vista, Rua dos Coqueiros, 104 Bairro Boa Vista","addressLocality":"UBIRATA","postalCode":"85440-000","addressRegion":"PR","addressCountry":"BR"},{"@type":"ImageObject","inLanguage":"en-US","@id":"https:\/\/ubirataonline.com.br\/jose-mourinho-says-benfica-future-will-be-decided-at-end-of-season-amid-real-madrid-rumours\/#local-main-organization-logo","url":"https:\/\/ubirataonline.com.br\/wp-content\/uploads\/2026\/06\/logoubirataonline-1.webp","contentUrl":"https:\/\/ubirataonline.com.br\/wp-content\/uploads\/2026\/06\/logoubirataonline-1.webp","width":500,"height":500,"caption":"Ubirat\u00e3 Online Not\u00edcias"}]},"geo.placename":"UBIRATA","geo.position":{"lat":"-24.5361401","long":"-52.9921776"},"geo.region":"Brazil"},"_links":{"self":[{"href":"https:\/\/ubirataonline.com.br\/en\/wp-json\/wp\/v2\/posts\/114369","targetHints":{"allow":["GET"]}}],"collection":[{"href":"https:\/\/ubirataonline.com.br\/en\/wp-json\/wp\/v2\/posts"}],"about":[{"href":"https:\/\/ubirataonline.com.br\/en\/wp-json\/wp\/v2\/types\/post"}],"author":[{"embeddable":true,"href":"https:\/\/ubirataonline.com.br\/en\/wp-json\/wp\/v2\/users\/1"}],"replies":[{"embeddable":true,"href":"https:\/\/ubirataonline.com.br\/en\/wp-json\/wp\/v2\/comments?post=114369"}],"version-history":[{"count":0,"href":"https:\/\/ubirataonline.com.br\/en\/wp-json\/wp\/v2\/posts\/114369\/revisions"}],"wp:featuredmedia":[{"embeddable":true,"href":"https:\/\/ubirataonline.com.br\/en\/wp-json\/wp\/v2\/media\/114370"}],"wp:attachment":[{"href":"https:\/\/ubirataonline.com.br\/en\/wp-json\/wp\/v2\/media?parent=114369"}],"wp:term":[{"taxonomy":"category","embeddable":true,"href":"https:\/\/ubirataonline.com.br\/en\/wp-json\/wp\/v2\/categories?post=114369"},{"taxonomy":"post_tag","embeddable":true,"href":"https:\/\/ubirataonline.com.br\/en\/wp-json\/wp\/v2\/tags?post=114369"}],"curies":[{"name":"wp","href":"https:\/\/api.w.org\/{rel}","templated":true}]}}