{"id":114375,"date":"2026-04-24T18:22:14","date_gmt":"2026-04-24T21:22:14","guid":{"rendered":"https:\/\/ubirataonline.com.br\/why-are-real-madrid-fans-booing-kylian-mbappe-and-vinicius-jr\/"},"modified":"2026-04-24T18:22:16","modified_gmt":"2026-04-24T21:22:16","slug":"why-are-real-madrid-fans-booing-kylian-mbappe-and-vinicius-jr","status":"publish","type":"post","link":"https:\/\/ubirataonline.com.br\/en\/why-are-real-madrid-fans-booing-kylian-mbappe-and-vinicius-jr\/","title":{"rendered":"Why Are Real Madrid Fans Booing Kylian Mbappe and Vinicius Jr?"},"content":{"rendered":"<p><\/p>\n<div q:key=\"QW_5\"><!--qv q:key=QW_2--><!--qv q:id=6u q:key=vcaa:\n\n<p>Real Madrid superstars Kylian Mbapp&eacute; and Vinicius Junior received a hostile reception from the Bernab&eacute;u fans during the club&rsquo;s 2&ndash;1 victory over Alav&eacute;s, an occurrence that is becoming all too familiar in the Spanish capital.<\/p>\n\n--><!--qv q:id=6v q:key=lY4S:mL_1--><\/p>\n<p id=\"inline-text-0\" class=\"mt-[18px] md:mt-0 mb-[18px] [&amp;_a]:text-primary my-f-1.5\" q:key=\"0\" q:id=\"6w\">Real Madrid superstars Kylian Mbapp\u00e9 and Vinicius Junior received a hostile reception from the Bernab\u00e9u fans during the club\u2019s 2\u20131 victory over Alav\u00e9s, an occurrence that is becoming all too familiar in the Spanish capital.<\/p>\n<p><!--\/qv--><!--\/qv--><!--\/qv--><!--qv q:key=QW_2--><!--qv q:id=6x q:key=vcaa:\n\n<p>The choir of boos and whistles came as no surprise on Tuesday evening given Los Blancos&rsquo; recent <a href=\"https:\/\/www.si.com\/soccer\/real-madrid-player-ratings-vs-bayern-munich-4-15-26\">Champions League elimination<\/a>. Bayern Munich&rsquo;s triumph in the quarterfinals doomed &Aacute;lvaro Arbeloa&rsquo;s men to what looks like a trophyless season, an unacceptable result in the eyes of Madridistas.<\/p>\n\n--><!--qv q:id=6y q:key=lY4S:mL_1--><\/p>\n<p id=\"inline-text-1\" class=\"my-[18px] [&amp;_a]:text-primary my-f-1.5\" q:key=\"0\" q:id=\"6z\">The choir of boos and whistles came as no surprise on Tuesday evening given Los Blancos\u2019 recent <a href=\"https:\/\/www.si.com\/soccer\/real-madrid-player-ratings-vs-bayern-munich-4-15-26\">Champions League elimination<\/a>. Bayern Munich\u2019s triumph in the quarterfinals doomed \u00c1lvaro Arbeloa\u2019s men to what looks like a trophyless season, an unacceptable result in the eyes of Madridistas.<\/p>\n<p><!--\/qv--><!--\/qv--><!--\/qv--><!--qv q:key=QW_2--><!--qv q:id=70 q:key=vcaa:\n\n<p>The sea of white shirts let their displeasure be known throughout the entirety of <a href=\"https:\/\/www.si.com\/soccer\/team\/real-madrid\">Real Madrid<\/a>&rsquo;s midweek <a href=\"https:\/\/www.si.com\/soccer\/la-liga\">La Liga<\/a> clash, and certain players received far harsher treatment from the crowd than others. Mbapp&eacute; and Vinicius Jr, in particular, were the subject of near-constant jeers from the supporters despite both getting on the scoresheet. <\/p>\n\n--><!--qv q:id=71 q:key=lY4S:mL_1--><\/p>\n<p id=\"inline-text-2\" class=\"my-[18px] [&amp;_a]:text-primary my-f-1.5\" q:key=\"0\" q:id=\"72\">The sea of white shirts let their displeasure be known throughout the entirety of <a href=\"https:\/\/www.si.com\/soccer\/team\/real-madrid\">Real Madrid<\/a>\u2019s midweek <a href=\"https:\/\/www.si.com\/soccer\/la-liga\">La Liga<\/a> clash, and certain players received far harsher treatment from the crowd than others. Mbapp\u00e9 and Vinicius Jr, in particular, were the subject of near-constant jeers from the supporters despite both getting on the scoresheet. <\/p>\n<p><!--\/qv--><!--\/qv--><!--\/qv--><!--qv q:key=QW_2--><!--qv q:id=73 q:key=vcaa:https:\/\/content-enrichment-service.mmsport.minutesvc.com\/oembed?url=https:\/\/content-enrichment-service.mmsport.minutesvc.com\/properties\/si\/embeds\/01k77gg963as152--><!--qv q:id=74 q:key=jBas:mL_1--><\/p>\n<figure on-document:load=\"q-BM1kkwj5.js#s_LZBLIxdhCWU[0 1]\" q:key=\"S2_2\" q:id=\"75\"\/><!--\/qv--><!--\/qv--><!--\/qv--><!--qv q:key=QW_2--><!--qv q:id=76 q:key=vcaa:4--><!--qv q:id=77 q:key=fOK1:mL_1--><\/p>\n<hr class=\"w-full border-0 my-4 bg-lightGrey h-1\" q:key=\"Xt_0\"\/><!--\/qv--><!--\/qv--><!--\/qv--><!--qv q:key=QW_2--><!--qv q:id=78 q:key=vcaa:\n\n<h2>Why Real Madrid Fans Booed Mbapp&eacute;, Vinicius Jr in Alav&eacute;s Win <\/h2>\n\n--><!--qv q:id=79 q:key=lY4S:mL_1--><\/p>\n<h2 id=\"inline-text-5\" class=\"scroll-mt-24 my-[18px] [&amp;_a]:text-primary my-f-1.5\" q:key=\"0\" q:id=\"7a\">Why Real Madrid Fans Booed Mbapp\u00e9, Vinicius Jr in Alav\u00e9s Win <\/h2>\n<p><!--\/qv--><!--\/qv--><!--\/qv--><!--qv q:key=QW_2--><!--qv q:id=7b q:key=vcaa:https:\/\/images2.minutemediacdn.com\/image\/upload\/c_crop,w_1024,h_682,x_0,y_0\/v1776870294\/images\/voltaxMediaLibrary\/mmsport\/si\/01kptvhzzgy6hmqnvkfy.jpg--><!--qv q:id=7c q:key=VjqC:mL_1--><!--qv q:id=7d q:key=deAA:7d_3--><!--qv q:s q:sref=7d q:key=--><!--qv q:id=7e q:key=deAA:7d_2--><!--qv q:s q:sref=7e q:key=--><!--qv q:id=7f q:key=cHU9:7d_1--><!--qv q:id=7g q:key=deAA:e2_0--><!--qv q:id=7h q:key=B0c2:SZ_1--><\/p>\n<figure q:key=\"9m_3\" q:id=\"7i\"><!--qv q:s q:sref=7h q:key=--><!--qv q:s q:sref=7g q:key=--><\/p>\n<div class=\"overflow-hidden undefined\" on:qvisible=\"q-wSqa0xPV.js#_hW[0]\" q:id=\"7j\"><picture><source srcset=\"https:\/\/images2.minutemediacdn.com\/image\/upload\/c_crop,x_0,y_0,w_1024,h_682\/c_fill,w_360,ar_3:2,f_auto,q_auto,g_auto\/images%2FvoltaxMediaLibrary%2Fmmsport%2Fsi%2F01kptvhzzgy6hmqnvkfy.jpg 1x, &#10;    https:\/\/images2.minutemediacdn.com\/image\/upload\/c_crop,x_0,y_0,w_1024,h_682\/c_fill,w_720,ar_3:2,f_auto,q_auto,g_auto\/images%2FvoltaxMediaLibrary%2Fmmsport%2Fsi%2F01kptvhzzgy6hmqnvkfy.jpg 2x, &#10;    https:\/\/images2.minutemediacdn.com\/image\/upload\/c_crop,x_0,y_0,w_1024,h_682\/c_fill,w_1080,ar_3:2,f_auto,q_auto,g_auto\/images%2FvoltaxMediaLibrary%2Fmmsport%2Fsi%2F01kptvhzzgy6hmqnvkfy.jpg 3x\" media=\"(max-width: 719px)\"><source srcset=\"https:\/\/images2.minutemediacdn.com\/image\/upload\/c_crop,x_0,y_0,w_1024,h_682\/c_fill,w_720,ar_3:2,f_auto,q_auto,g_auto\/images%2FvoltaxMediaLibrary%2Fmmsport%2Fsi%2F01kptvhzzgy6hmqnvkfy.jpg 1x,&#10;    https:\/\/images2.minutemediacdn.com\/image\/upload\/c_crop,x_0,y_0,w_1024,h_682\/c_fill,w_1440,ar_3:2,f_auto,q_auto,g_auto\/images%2FvoltaxMediaLibrary%2Fmmsport%2Fsi%2F01kptvhzzgy6hmqnvkfy.jpg 2x, &#10;    https:\/\/images2.minutemediacdn.com\/image\/upload\/c_crop,x_0,y_0,w_1024,h_682\/c_fill,w_1440,ar_3:2,f_auto,q_auto,g_auto\/images%2FvoltaxMediaLibrary%2Fmmsport%2Fsi%2F01kptvhzzgy6hmqnvkfy.jpg 3x\" media=\"(max-width: 1079px)\"><source srcset=\"https:\/\/images2.minutemediacdn.com\/image\/upload\/c_crop,x_0,y_0,w_1024,h_682\/c_fill,w_720,ar_3:2,f_auto,q_auto,g_auto\/images%2FvoltaxMediaLibrary%2Fmmsport%2Fsi%2F01kptvhzzgy6hmqnvkfy.jpg 1x,&#10;    https:\/\/images2.minutemediacdn.com\/image\/upload\/c_crop,x_0,y_0,w_1024,h_682\/c_fill,w_1440,ar_3:2,f_auto,q_auto,g_auto\/images%2FvoltaxMediaLibrary%2Fmmsport%2Fsi%2F01kptvhzzgy6hmqnvkfy.jpg 2x,&#10;    https:\/\/images2.minutemediacdn.com\/image\/upload\/c_crop,x_0,y_0,w_1024,h_682\/c_fill,w_1440,ar_3:2,f_auto,q_auto,g_auto\/images%2FvoltaxMediaLibrary%2Fmmsport%2Fsi%2F01kptvhzzgy6hmqnvkfy.jpg 3x\" media=\"(min-width: 1080px)\"><\/source><\/source><\/source><\/picture><\/div>\n<p><!--\/qv--><!--\/qv--><\/p>\n<p><figcaption q:id=\"7l\">Kylian Mbapp\u00e9 (left) and Vinicius Jr have yet to win a major trophy together. | Stuart Franklin\/UEFA\/Getty Images<\/figcaption><\/p>\n<\/figure>\n<p><!--\/qv--><!--\/qv--><!--\/qv--><!--\/qv--><!--\/qv--><!--\/qv--><!--\/qv--><!--\/qv--><!--\/qv--><!--\/qv--><!--qv q:key=QW_2--><!--qv q:id=7m q:key=vcaa:\n\n<p>There is a growing discontent among Real Madrid fans when it comes to Mbapp&eacute; and Vinicius Jr. The two players have previously come under fire for their lackadaisical defensive efforts and disinterest in pressing or tracking back, but the fire from the club&rsquo;s fanbase is now rooted in so much more than that. <\/p>\n\n--><!--qv q:id=7n q:key=lY4S:mL_1--><\/p>\n<p id=\"inline-text-7\" class=\"my-[18px] [&amp;_a]:text-primary my-f-1.5\" q:key=\"0\" q:id=\"7o\">There is a growing discontent among Real Madrid fans when it comes to Mbapp\u00e9 and Vinicius Jr. The two players have previously come under fire for their lackadaisical defensive efforts and disinterest in pressing or tracking back, but the fire from the club\u2019s fanbase is now rooted in so much more than that. <\/p>\n<p><!--\/qv--><!--\/qv--><!--\/qv--><!--qv q:key=QW_2--><!--qv q:id=7p q:key=vcaa:\n\n<p>The two players, arguably two of the best in the world at their respective positions, have been given two years to figure it out. Two years to grow a chemistry up top and form a partnership that can lead Los Blancos back to silverware.<\/p>\n\n--><!--qv q:id=7q q:key=lY4S:mL_1--><\/p>\n<p id=\"inline-text-8\" class=\"my-[18px] [&amp;_a]:text-primary my-f-1.5\" q:key=\"0\" q:id=\"7r\">The two players, arguably two of the best in the world at their respective positions, have been given two years to figure it out. Two years to grow a chemistry up top and form a partnership that can lead Los Blancos back to silverware.<\/p>\n<p><!--\/qv--><!--\/qv--><!--\/qv--><!--qv q:key=QW_2--><!--qv q:id=7s q:key=vcaa:https:\/\/content-enrichment-service.mmsport.minutesvc.com\/oembed?url=https:\/\/content-enrichment-service.mmsport.minutesvc.com\/properties\/si\/embeds\/01kp17e8kbbt26y--><!--qv q:id=7t q:key=jBas:mL_1--><\/p>\n<figure on-document:load=\"q-BM1kkwj5.js#s_LZBLIxdhCWU[0 1]\" q:key=\"S2_2\" q:id=\"7u\"\/><!--\/qv--><!--\/qv--><!--\/qv--><!--qv q:key=QW_2--><!--qv q:id=7v q:key=vcaa:\n\n<p>Instead, they continue to step on each other&rsquo;s toes, sharing the same spaces and looking relatively clueless when it comes to linking up against a low block. Even when one creates a dangerous opportunity for the other, the end product is lacking.  <\/p>\n\n--><!--qv q:id=7w q:key=lY4S:mL_1--><\/p>\n<p id=\"inline-text-10\" class=\"my-[18px] [&amp;_a]:text-primary my-f-1.5\" q:key=\"0\" q:id=\"7x\">Instead, they continue to step on each other\u2019s toes, sharing the same spaces and looking relatively clueless when it comes to linking up against a low block. Even when one creates a dangerous opportunity for the other, the end product is lacking.  <\/p>\n<p><!--\/qv--><!--\/qv--><!--\/qv--><!--qv q:key=QW_2--><!--qv q:id=7y q:key=vcaa:\n\n<p>Suddenly, the jeers from the crowd are a release of frustration that has been mounting for two seasons. The two forwards lack chemistry, have poor work rates and worst of all, have failed to bring a major honor to the Bernab&eacute;u in back-to-back seasons. Combined with overall dissatisfaction from the team&rsquo;s recent dismal run of form, Mbapp&eacute; and Vinicius Jr are the perfect targets for an aggregated fanbase. <\/p>\n\n--><!--qv q:id=7z q:key=lY4S:mL_1--><\/p>\n<p id=\"inline-text-11\" class=\"my-[18px] [&amp;_a]:text-primary my-f-1.5\" q:key=\"0\" q:id=\"80\">Suddenly, the jeers from the crowd are a release of frustration that has been mounting for two seasons. The two forwards lack chemistry, have poor work rates and worst of all, have failed to bring a major honor to the Bernab\u00e9u in back-to-back seasons. Combined with overall dissatisfaction from the team\u2019s recent dismal run of form, Mbapp\u00e9 and Vinicius Jr are the perfect targets for an aggregated fanbase. <\/p>\n<p><!--\/qv--><!--\/qv--><!--\/qv--><!--qv q:key=QW_2--><!--qv q:id=81 q:key=vcaa:\n\n<p>Cristiano Ronaldo had to deal with it, Gareth Bale had to deal with it, Toni Kroos had to deal with it. Boos come with the pressure of playing for the biggest club in the world, and as the faces of the team, Mbapp&eacute; and Vinicius Jr get the brunt of the jeers from the fans.  <\/p>\n\n--><!--qv q:id=82 q:key=lY4S:mL_1--><\/p>\n<p id=\"inline-text-12\" class=\"my-[18px] [&amp;_a]:text-primary my-f-1.5\" q:key=\"0\" q:id=\"83\">Cristiano Ronaldo had to deal with it, Gareth Bale had to deal with it, Toni Kroos had to deal with it. Boos come with the pressure of playing for the biggest club in the world, and as the faces of the team, Mbapp\u00e9 and Vinicius Jr get the brunt of the jeers from the fans.  <\/p>\n<p><!--\/qv--><!--\/qv--><!--\/qv--><!--qv q:key=QW_2--><!--qv q:id=84 q:key=vcaa:13--><!--qv q:id=85 q:key=fOK1:mL_1--><\/p>\n<hr class=\"w-full border-0 my-4 bg-lightGrey h-1\" q:key=\"Xt_0\"\/><!--\/qv--><!--\/qv--><!--\/qv--><!--qv q:key=QW_2--><!--qv q:id=86 q:key=vcaa:\n\n<h2>Arbeloa Bites Back at Bernab&eacute;u Boos <\/h2>\n\n--><!--qv q:id=87 q:key=lY4S:mL_1--><\/p>\n<h2 id=\"inline-text-14\" class=\"scroll-mt-24 my-[18px] [&amp;_a]:text-primary my-f-1.5\" q:key=\"0\" q:id=\"88\">Arbeloa Bites Back at Bernab\u00e9u Boos <\/h2>\n<p><!--\/qv--><!--\/qv--><!--\/qv--><!--qv q:key=QW_2--><!--qv q:id=89 q:key=vcaa:https:\/\/images2.minutemediacdn.com\/image\/upload\/c_crop,w_1024,h_682,x_0,y_0\/v1776805595\/images\/voltaxMediaLibrary\/mmsport\/si\/01kprxvhfpqfz4wdm7rq.jpg--><!--qv q:id=8a q:key=VjqC:mL_1--><!--qv q:id=8b q:key=deAA:7d_3--><!--qv q:s q:sref=8b q:key=--><!--qv q:id=8c q:key=deAA:7d_2--><!--qv q:s q:sref=8c q:key=--><!--qv q:id=8d q:key=cHU9:7d_1--><!--qv q:id=8e q:key=deAA:e2_0--><!--qv q:id=8f q:key=B0c2:SZ_1--><\/p>\n<figure q:key=\"9m_3\" q:id=\"8g\"><!--qv q:s q:sref=8f q:key=--><!--qv q:s q:sref=8e q:key=--><\/p>\n<div class=\"overflow-hidden undefined\" on:qvisible=\"q-wSqa0xPV.js#_hW[0]\" q:id=\"8h\"><picture><source srcset=\"https:\/\/images2.minutemediacdn.com\/image\/upload\/c_crop,x_0,y_0,w_1024,h_682\/c_fill,w_360,ar_3:2,f_auto,q_auto,g_auto\/images%2FvoltaxMediaLibrary%2Fmmsport%2Fsi%2F01kprxvhfpqfz4wdm7rq.jpg 1x, &#10;    https:\/\/images2.minutemediacdn.com\/image\/upload\/c_crop,x_0,y_0,w_1024,h_682\/c_fill,w_720,ar_3:2,f_auto,q_auto,g_auto\/images%2FvoltaxMediaLibrary%2Fmmsport%2Fsi%2F01kprxvhfpqfz4wdm7rq.jpg 2x, &#10;    https:\/\/images2.minutemediacdn.com\/image\/upload\/c_crop,x_0,y_0,w_1024,h_682\/c_fill,w_1080,ar_3:2,f_auto,q_auto,g_auto\/images%2FvoltaxMediaLibrary%2Fmmsport%2Fsi%2F01kprxvhfpqfz4wdm7rq.jpg 3x\" media=\"(max-width: 719px)\"><source srcset=\"https:\/\/images2.minutemediacdn.com\/image\/upload\/c_crop,x_0,y_0,w_1024,h_682\/c_fill,w_720,ar_3:2,f_auto,q_auto,g_auto\/images%2FvoltaxMediaLibrary%2Fmmsport%2Fsi%2F01kprxvhfpqfz4wdm7rq.jpg 1x,&#10;    https:\/\/images2.minutemediacdn.com\/image\/upload\/c_crop,x_0,y_0,w_1024,h_682\/c_fill,w_1440,ar_3:2,f_auto,q_auto,g_auto\/images%2FvoltaxMediaLibrary%2Fmmsport%2Fsi%2F01kprxvhfpqfz4wdm7rq.jpg 2x, &#10;    https:\/\/images2.minutemediacdn.com\/image\/upload\/c_crop,x_0,y_0,w_1024,h_682\/c_fill,w_1440,ar_3:2,f_auto,q_auto,g_auto\/images%2FvoltaxMediaLibrary%2Fmmsport%2Fsi%2F01kprxvhfpqfz4wdm7rq.jpg 3x\" media=\"(max-width: 1079px)\"><source srcset=\"https:\/\/images2.minutemediacdn.com\/image\/upload\/c_crop,x_0,y_0,w_1024,h_682\/c_fill,w_720,ar_3:2,f_auto,q_auto,g_auto\/images%2FvoltaxMediaLibrary%2Fmmsport%2Fsi%2F01kprxvhfpqfz4wdm7rq.jpg 1x,&#10;    https:\/\/images2.minutemediacdn.com\/image\/upload\/c_crop,x_0,y_0,w_1024,h_682\/c_fill,w_1440,ar_3:2,f_auto,q_auto,g_auto\/images%2FvoltaxMediaLibrary%2Fmmsport%2Fsi%2F01kprxvhfpqfz4wdm7rq.jpg 2x,&#10;    https:\/\/images2.minutemediacdn.com\/image\/upload\/c_crop,x_0,y_0,w_1024,h_682\/c_fill,w_1440,ar_3:2,f_auto,q_auto,g_auto\/images%2FvoltaxMediaLibrary%2Fmmsport%2Fsi%2F01kprxvhfpqfz4wdm7rq.jpg 3x\" media=\"(min-width: 1080px)\"><img loading=\"lazy\" decoding=\"async\" src=\"https:\/\/images2.minutemediacdn.com\/image\/upload\/c_crop,x_0,y_0,w_1024,h_682\/c_fill,w_16,ar_16:9,f_auto,q_auto,g_auto\/images\/voltaxMediaLibrary\/mmsport\/si\/01kprxvhfpqfz4wdm7rq.jpg\" alt=\"Vinicius Junior\" title=\"Vinicius Junior\" width=\"1024\" height=\"682\" class=\"undefined w-full w-full blur-[5px]\" q:id=\"8i\"\/><\/source><\/source><\/source><\/picture><\/div>\n<p><!--\/qv--><!--\/qv--><\/p>\n<p><figcaption q:id=\"8j\">Vinicius Junior got on the scoresheet for the first time since March 22. | Alvaro Medranda\/Quality Sport Images\/Getty Images<\/figcaption><\/p>\n<\/figure>\n<p><!--\/qv--><!--\/qv--><!--\/qv--><!--\/qv--><!--\/qv--><!--\/qv--><!--\/qv--><!--\/qv--><!--\/qv--><!--\/qv--><!--qv q:key=QW_2--><!--qv q:id=8k q:key=vcaa:\n\n<p>Arbeloa was once again quizzed about the fans&rsquo; hostile reception of Vinicius Jr and the Spaniard defended the No. 7, a common occurrence of what looks to be his short-lived tenure on the touchline of his former club.  <\/p>\n\n--><!--qv q:id=8l q:key=lY4S:mL_1--><\/p>\n<p id=\"inline-text-16\" class=\"my-[18px] [&amp;_a]:text-primary my-f-1.5\" q:key=\"0\" q:id=\"8m\">Arbeloa was once again quizzed about the fans\u2019 hostile reception of Vinicius Jr and the Spaniard defended the No. 7, a common occurrence of what looks to be his short-lived tenure on the touchline of his former club.  <\/p>\n<p><!--\/qv--><!--\/qv--><!--\/qv--><!--qv q:key=QW_2--><!--qv q:id=8n q:key=vcaa:\n\n<p>&ldquo;The fans whistling at Vinicius Junior? Well, this isn&rsquo;t the first time this has happened. I think he&rsquo;s proven that over many years. But, as I always say in recent months, we&rsquo;ve seen how he&rsquo;s always been able to bounce back,&rdquo; he said in his postgame press conference. <\/p>\n\n--><!--qv q:id=8o q:key=lY4S:mL_1--><\/p>\n<p id=\"inline-text-17\" class=\"my-[18px] [&amp;_a]:text-primary my-f-1.5\" q:key=\"0\" q:id=\"8p\">\u201cThe fans whistling at Vinicius Junior? Well, this isn\u2019t the first time this has happened. I think he\u2019s proven that over many years. But, as I always say in recent months, we\u2019ve seen how he\u2019s always been able to bounce back,\u201d he said in his postgame press conference. <\/p>\n<p><!--\/qv--><!--\/qv--><!--\/qv--><!--qv q:key=QW_2--><!--qv q:id=8q q:key=vcaa:https:\/\/content-enrichment-service.mmsport.minutesvc.com\/oembed?url=https:\/\/content-enrichment-service.mmsport.minutesvc.com\/properties\/si\/embeds\/01kpttfkn5ddpwq--><!--qv q:id=8r q:key=jBas:mL_1--><\/p>\n<figure on-document:load=\"q-BM1kkwj5.js#s_LZBLIxdhCWU[0 1]\" q:key=\"S2_2\" q:id=\"8s\"\/><!--\/qv--><!--\/qv--><!--\/qv--><!--qv q:key=QW_2--><!--qv q:id=8t q:key=vcaa:\n\n<p>&ldquo;Vinicius always puts in a tremendous effort, and in the tough moments we&rsquo;ve gone through, he&rsquo;s been able to carry the team on his shoulders.&rdquo;<\/p>\n\n--><!--qv q:id=8u q:key=lY4S:mL_1--><\/p>\n<p id=\"inline-text-19\" class=\"my-[18px] [&amp;_a]:text-primary my-f-1.5\" q:key=\"0\" q:id=\"8v\">\u201cVinicius always puts in a tremendous effort, and in the tough moments we\u2019ve gone through, he\u2019s been able to carry the team on his shoulders.\u201d<\/p>\n<p><!--\/qv--><!--\/qv--><!--\/qv--><!--qv q:key=QW_2--><!--qv q:id=8w q:key=vcaa:\n\n<p>Yet the Brazilian squandered chance after chance against Bayern Munich, another reason for the fans hurling jibes his way. Before his goal against Alav&eacute;s&mdash;after which he apologized to the crowd&mdash;he had not found the back of the net since March 22. <\/p>\n\n--><!--qv q:id=8x q:key=lY4S:mL_1--><\/p>\n<p id=\"inline-text-20\" class=\"my-[18px] [&amp;_a]:text-primary my-f-1.5\" q:key=\"0\" q:id=\"8y\">Yet the Brazilian squandered chance after chance against Bayern Munich, another reason for the fans hurling jibes his way. Before his goal against Alav\u00e9s\u2014after which he apologized to the crowd\u2014he had not found the back of the net since March 22. <\/p>\n<p><!--\/qv--><!--\/qv--><!--\/qv--><!--qv q:key=QW_2--><!--qv q:id=8z q:key=vcaa:\n\n<p>&ldquo;Personally, I&rsquo;m delighted when the crowd finally rewards him with applause at the end, that&rsquo;s what I always wish for him.&rdquo;<\/p>\n\n--><!--qv q:id=90 q:key=lY4S:mL_1--><\/p>\n<p id=\"inline-text-21\" class=\"my-[18px] [&amp;_a]:text-primary my-f-1.5\" q:key=\"0\" q:id=\"91\">\u201cPersonally, I\u2019m delighted when the crowd finally rewards him with applause at the end, that\u2019s what I always wish for him.\u201d<\/p>\n<p><!--\/qv--><!--\/qv--><!--\/qv--><!--qv q:key=QW_2--><!--qv q:id=92 q:key=vcaa:22--><!--qv q:id=93 q:key=fOK1:mL_1--><\/p>\n<hr class=\"w-full border-0 my-4 bg-lightGrey h-1\" q:key=\"Xt_0\"\/><!--\/qv--><!--\/qv--><!--\/qv--><!--qv q:key=QW_2--><!--qv q:id=94 q:key=vcaa:\n\n<h3>READ THE LATEST REAL MADRID NEWS, ANALYSIS AND INSIGHT FROM SI FC<\/h3>\n\n--><!--qv q:id=95 q:key=lY4S:mL_1--><\/p>\n<h3 id=\"inline-text-23\" class=\"my-[18px] [&amp;_a]:text-primary my-f-1.5\" q:key=\"0\" q:id=\"96\">READ THE LATEST REAL MADRID NEWS, ANALYSIS AND INSIGHT FROM SI FC<\/h3>\n<p><!--\/qv--><!--\/qv--><!--\/qv--><!--qv q:key=QW_2--><!--qv q:id=97 q:key=vcaa:https:\/\/content-enrichment-service.mmsport.minutesvc.com\/oembed?url=https:\/\/content-enrichment-service.mmsport.minutesvc.com\/properties\/si\/embeds\/01j8ffccmd5cqxg--><!--qv q:id=98 q:key=jBas:mL_1--><\/p>\n<figure on-document:load=\"q-BM1kkwj5.js#s_LZBLIxdhCWU[0 1]\" q:key=\"S2_2\" q:id=\"99\"\/><!--\/qv--><!--\/qv--><!--\/qv--><!--qv q:id=9a q:key=1jXG:QW_3--><!--qv q:id=9b q:key=9yVI:Ef_0--><\/p>\n<div on:click=\"q-1Tftb5V2.js#s_Ytib2zHV0Tc[0 1]\" q:key=\"WY_1\" q:id=\"9c\"><!--qv q:s q:sref=9b q:key=--><\/p>\n<div data-testid=\"google-news-widget\" class=\"my-5 p-4 flex items-center gap-4 rounded-lg bg-[#F0F0F0]\">\n<div class=\"flex min-w-0 flex-1 items-center gap-3\"><img loading=\"lazy\" decoding=\"async\" width=\"22\" height=\"22\" alt=\"\" src=\"https:\/\/assets.minutemediacdn.com\/platform\/google_discover_icon.svg\" class=\"shrink-0\"\/><span class=\"font-group-big text-black text-[16px]\">Add us as a preferred source on <span class=\"font-bold\">Google<\/span><\/span><\/div>\n<p><a aria-label=\"Follow si.com on Google News\" href=\"https:\/\/www.google.com\/preferences\/source?q=si.com\" target=\"_blank\" rel=\"noopener noreferrer\" class=\"flex h-[30px] w-[30px] shrink-0 items-center justify-center rounded-full bg-primary font-group-large text-sm font-medium text-white transition-colors hover:bg-secondary focus:bg-secondary md:w-auto md:gap-2.5 md:px-4 md:py-[5px]\"><span class=\"hidden pt-[1px] leading-[1.4] md:inline\">Follow<\/span><svg viewbox=\"0 0 4 8\" fill=\"none\" aria-hidden=\"true\" class=\"h-[12px] w-[6px] md:h-[8px] md:w-[4px]\"><path d=\"M0.5 0.5L3.5 4L0.5 7.5\" stroke=\"white\" stroke-width=\"1.5\"\/><\/svg><\/a><\/div>\n<p><!--\/qv--><\/div>\n<p><!--\/qv--><!--\/qv--><\/div>\n<p><a href=\"https:\/\/www.si.com\/soccer\/why-real-madrid-fans-booing-kylian-mbappe-vinicius-jr\">Source link <\/a><\/p>\n","protected":false},"excerpt":{"rendered":"<p>Real Madrid superstars Kylian Mbapp\u00e9 and Vinicius Junior received a hostile reception from the Bernab\u00e9u fans during the club\u2019s 2\u20131 victory over Alav\u00e9s, an occurrence that is becoming all too familiar in the Spanish capital. The choir of boos and whistles came as no surprise on Tuesday evening given Los Blancos\u2019 recent Champions League elimination. [&hellip;]<\/p>\n","protected":false},"author":1,"featured_media":114376,"comment_status":"closed","ping_status":"","sticky":false,"template":"","format":"standard","meta":{"googlesitekit_rrm_CAow2JLhCw:productID":"","_gspb_post_css":"","maa_idioma":"","maa_pais":"","footnotes":""},"categories":[1],"tags":[30845,3645,8099,4677,4701,2969,22550],"class_list":["post-114375","post","type-post","status-publish","format-standard","has-post-thumbnail","hentry","category-ubirata","tag-booing","tag-fans","tag-kylian","tag-madrid","tag-mbappe","tag-real","tag-vinicius"],"blocksy_meta":[],"yoast_head":"<!-- This site is optimized with the Yoast SEO Premium plugin v27.6 (Yoast SEO v27.6) - https:\/\/yoast.com\/product\/yoast-seo-premium-wordpress\/ -->\n<title>Why Are Real Madrid Fans Booing Kylian Mbappe and Vinicius Jr? - Ubirat\u00e3 Online Not\u00edcias - A realidade ao seu alcance!<\/title>\n<meta name=\"description\" content=\"Real Madrid superstars Kylian Mbapp\u00e9 and Vinicius Junior received a hostile reception from the Bernab\u00e9u fans during the club\u2019s 2\u20131 victory over Alav\u00e9s, an\" \/>\n<meta name=\"robots\" content=\"index, follow, max-snippet:-1, max-image-preview:large, max-video-preview:-1\" \/>\n<link rel=\"canonical\" href=\"https:\/\/ubirataonline.com.br\/en\/why-are-real-madrid-fans-booing-kylian-mbappe-and-vinicius-jr\/\" \/>\n<meta property=\"og:locale\" content=\"en_US\" \/>\n<meta property=\"og:type\" content=\"article\" \/>\n<meta property=\"og:title\" content=\"Why Are Real Madrid Fans Booing Kylian Mbappe and Vinicius Jr?\" \/>\n<meta property=\"og:description\" content=\"Real Madrid superstars Kylian Mbapp\u00e9 and Vinicius Junior received a hostile reception from the Bernab\u00e9u fans during the club\u2019s 2\u20131 victory over Alav\u00e9s, an\" \/>\n<meta property=\"og:url\" content=\"https:\/\/ubirataonline.com.br\/en\/why-are-real-madrid-fans-booing-kylian-mbappe-and-vinicius-jr\/\" \/>\n<meta property=\"og:site_name\" content=\"Ubirat\u00e3 Online Not\u00edcias - A realidade ao seu alcance!\" \/>\n<meta property=\"article:publisher\" content=\"https:\/\/www.facebook.com\/portalubirataonline\" \/>\n<meta property=\"article:author\" content=\"https:\/\/www.facebook.com\/portalubirataonline\" \/>\n<meta property=\"article:published_time\" content=\"2026-04-24T21:22:14+00:00\" \/>\n<meta property=\"article:modified_time\" content=\"2026-04-24T21:22:16+00:00\" \/>\n<meta property=\"og:image\" content=\"https:\/\/ubirataonline.com.br\/wp-content\/uploads\/2026\/04\/Why-Are-Real-Madrid-Fans-Booing-Kylian-Mbappe-and-Vinicius.jpg\" \/>\n\t<meta property=\"og:image:width\" content=\"1\" \/>\n\t<meta property=\"og:image:height\" content=\"1\" \/>\n\t<meta property=\"og:image:type\" content=\"image\/jpeg\" \/>\n<meta name=\"author\" content=\"REDA\u00c7\u00c3O: UBIRAT\u00c3 ONLINE - F\u00c1BIO AUGUSTO CELESTINO\" \/>\n<meta name=\"twitter:card\" content=\"summary_large_image\" \/>\n<meta name=\"twitter:creator\" content=\"@x.com\/ubirataonline\" \/>\n<meta name=\"twitter:site\" content=\"@ubirataonline\" \/>\n<meta name=\"twitter:label1\" content=\"Written by\" \/>\n\t<meta name=\"twitter:data1\" content=\"REDA\u00c7\u00c3O: UBIRAT\u00c3 ONLINE - F\u00c1BIO AUGUSTO CELESTINO\" \/>\n\t<meta name=\"twitter:label2\" content=\"Est. reading time\" \/>\n\t<meta name=\"twitter:data2\" content=\"3 minutes\" \/>\n<script type=\"application\/ld+json\" class=\"yoast-schema-graph\">{\"@context\":\"https:\\\/\\\/schema.org\",\"@graph\":[{\"@type\":\"NewsArticle\",\"@id\":\"https:\\\/\\\/ubirataonline.com.br\\\/why-are-real-madrid-fans-booing-kylian-mbappe-and-vinicius-jr\\\/#article\",\"isPartOf\":{\"@id\":\"https:\\\/\\\/ubirataonline.com.br\\\/why-are-real-madrid-fans-booing-kylian-mbappe-and-vinicius-jr\\\/\"},\"author\":{\"name\":\"REDA\u00c7\u00c3O: UBIRAT\u00c3 ONLINE - F\u00c1BIO AUGUSTO CELESTINO\",\"@id\":\"https:\\\/\\\/ubirataonline.com.br\\\/#\\\/schema\\\/person\\\/372f87bbd3fdd79b8556b84c98d0bc1c\"},\"headline\":\"Why Are Real Madrid Fans Booing Kylian Mbappe and Vinicius Jr?\",\"datePublished\":\"2026-04-24T21:22:14+00:00\",\"dateModified\":\"2026-04-24T21:22:16+00:00\",\"mainEntityOfPage\":{\"@id\":\"https:\\\/\\\/ubirataonline.com.br\\\/why-are-real-madrid-fans-booing-kylian-mbappe-and-vinicius-jr\\\/\"},\"wordCount\":677,\"publisher\":{\"@id\":\"https:\\\/\\\/ubirataonline.com.br\\\/#organization\"},\"image\":{\"@id\":\"https:\\\/\\\/ubirataonline.com.br\\\/why-are-real-madrid-fans-booing-kylian-mbappe-and-vinicius-jr\\\/#primaryimage\"},\"thumbnailUrl\":\"https:\\\/\\\/ubirataonline.com.br\\\/wp-content\\\/uploads\\\/2026\\\/04\\\/Why-Are-Real-Madrid-Fans-Booing-Kylian-Mbappe-and-Vinicius.jpg\",\"keywords\":[\"Booing\",\"fans\",\"Kylian\",\"Madrid\",\"Mbapp\u00e9\",\"real\",\"Vinicius\"],\"articleSection\":[\"Ubirat\u00e3\"],\"inLanguage\":\"en-US\",\"copyrightYear\":\"2026\",\"copyrightHolder\":{\"@id\":\"https:\\\/\\\/ubirataonline.com.br\\\/en\\\/#organization\"}},{\"@type\":\"WebPage\",\"@id\":\"https:\\\/\\\/ubirataonline.com.br\\\/why-are-real-madrid-fans-booing-kylian-mbappe-and-vinicius-jr\\\/\",\"url\":\"https:\\\/\\\/ubirataonline.com.br\\\/why-are-real-madrid-fans-booing-kylian-mbappe-and-vinicius-jr\\\/\",\"name\":\"Why Are Real Madrid Fans Booing Kylian Mbappe and Vinicius Jr? - Ubirat\u00e3 Online Not\u00edcias - A realidade ao seu alcance!\",\"isPartOf\":{\"@id\":\"https:\\\/\\\/ubirataonline.com.br\\\/#website\"},\"primaryImageOfPage\":{\"@id\":\"https:\\\/\\\/ubirataonline.com.br\\\/why-are-real-madrid-fans-booing-kylian-mbappe-and-vinicius-jr\\\/#primaryimage\"},\"image\":{\"@id\":\"https:\\\/\\\/ubirataonline.com.br\\\/why-are-real-madrid-fans-booing-kylian-mbappe-and-vinicius-jr\\\/#primaryimage\"},\"thumbnailUrl\":\"https:\\\/\\\/ubirataonline.com.br\\\/wp-content\\\/uploads\\\/2026\\\/04\\\/Why-Are-Real-Madrid-Fans-Booing-Kylian-Mbappe-and-Vinicius.jpg\",\"datePublished\":\"2026-04-24T21:22:14+00:00\",\"dateModified\":\"2026-04-24T21:22:16+00:00\",\"description\":\"Real Madrid superstars Kylian Mbapp\u00e9 and Vinicius Junior received a hostile reception from the Bernab\u00e9u fans during the club\u2019s 2\u20131 victory over Alav\u00e9s, an\",\"breadcrumb\":{\"@id\":\"https:\\\/\\\/ubirataonline.com.br\\\/why-are-real-madrid-fans-booing-kylian-mbappe-and-vinicius-jr\\\/#breadcrumb\"},\"inLanguage\":\"en-US\",\"potentialAction\":[{\"@type\":\"ReadAction\",\"target\":[\"https:\\\/\\\/ubirataonline.com.br\\\/why-are-real-madrid-fans-booing-kylian-mbappe-and-vinicius-jr\\\/\"]}]},{\"@type\":\"ImageObject\",\"inLanguage\":\"en-US\",\"@id\":\"https:\\\/\\\/ubirataonline.com.br\\\/why-are-real-madrid-fans-booing-kylian-mbappe-and-vinicius-jr\\\/#primaryimage\",\"url\":\"https:\\\/\\\/ubirataonline.com.br\\\/wp-content\\\/uploads\\\/2026\\\/04\\\/Why-Are-Real-Madrid-Fans-Booing-Kylian-Mbappe-and-Vinicius.jpg\",\"contentUrl\":\"https:\\\/\\\/ubirataonline.com.br\\\/wp-content\\\/uploads\\\/2026\\\/04\\\/Why-Are-Real-Madrid-Fans-Booing-Kylian-Mbappe-and-Vinicius.jpg\",\"caption\":\"Vinicius Junior (left) and Kylian Mbapp\u00e9 have come under fire from Real Madrid fans. | Maria Gracia Jimenez\\\/Soccrates\\\/Getty Images\"},{\"@type\":\"BreadcrumbList\",\"@id\":\"https:\\\/\\\/ubirataonline.com.br\\\/why-are-real-madrid-fans-booing-kylian-mbappe-and-vinicius-jr\\\/#breadcrumb\",\"itemListElement\":[{\"@type\":\"ListItem\",\"position\":1,\"name\":\"In\u00edcio\",\"item\":\"https:\\\/\\\/ubirataonline.com.br\\\/\"},{\"@type\":\"ListItem\",\"position\":2,\"name\":\"Why Are Real Madrid Fans Booing Kylian Mbappe and Vinicius Jr?\"}]},{\"@type\":\"WebSite\",\"@id\":\"https:\\\/\\\/ubirataonline.com.br\\\/#website\",\"url\":\"https:\\\/\\\/ubirataonline.com.br\\\/\",\"name\":\"Ubirat\u00e3 Online Not\u00edcias\",\"description\":\"Not\u00edcias de Ubirat\u00e3, regi\u00e3o, Brasil e mundo, com informa\u00e7\u00e3o atualizada e compromisso com o leitor.\",\"publisher\":{\"@id\":\"https:\\\/\\\/ubirataonline.com.br\\\/#organization\"},\"alternateName\":\"Ubirat\u00e3 Online\",\"potentialAction\":[{\"@type\":\"SearchAction\",\"target\":{\"@type\":\"EntryPoint\",\"urlTemplate\":\"https:\\\/\\\/ubirataonline.com.br\\\/?s={search_term_string}\"},\"query-input\":{\"@type\":\"PropertyValueSpecification\",\"valueRequired\":true,\"valueName\":\"search_term_string\"}}],\"inLanguage\":\"en-US\"},{\"@type\":[\"Organization\",\"Place\"],\"@id\":\"https:\\\/\\\/ubirataonline.com.br\\\/#organization\",\"name\":\"Ubirat\u00e3 Online Not\u00edcias\",\"alternateName\":\"Ubirat\u00e3 Online\",\"url\":\"https:\\\/\\\/ubirataonline.com.br\\\/\",\"logo\":{\"@id\":\"https:\\\/\\\/ubirataonline.com.br\\\/why-are-real-madrid-fans-booing-kylian-mbappe-and-vinicius-jr\\\/#local-main-organization-logo\"},\"image\":{\"@id\":\"https:\\\/\\\/ubirataonline.com.br\\\/why-are-real-madrid-fans-booing-kylian-mbappe-and-vinicius-jr\\\/#local-main-organization-logo\"},\"sameAs\":[\"https:\\\/\\\/www.facebook.com\\\/portalubirataonline\",\"https:\\\/\\\/x.com\\\/ubirataonline\",\"https:\\\/\\\/mastodon.social\\\/@ubirataonline\",\"https:\\\/\\\/www.facebook.com\\\/groups\\\/311144672285604\",\"https:\\\/\\\/www.facebook.com\\\/UBTAOnline\",\"https:\\\/\\\/www.instagram.com\\\/portalubirataonline\\\/\",\"https:\\\/\\\/twitter.com\\\/ubirataonline\"],\"description\":\"Somos um portal de not\u00edcias independente, criado em 5 de janeiro de 2009, com o objetivo de informar, conectar e valorizar a nossa comunidade de Ubirat\u00e3 e toda aregi\u00e3o. Com conte\u00fado atualizado, confi\u00e1vel e relevante, o Ubirat\u00e3 Online \u00e9 o seu espa\u00e7o para ficar por dentro dos principais acontecimentos locais, regionais, Brasil, Mundo e de interesse geral. Nosso compromisso \u00e9 com a verdade, a transpar\u00eancia e o respeito ao leitor.\",\"legalName\":\"UBIRATA ONLINE NOT\u00cdCIAS\",\"foundingDate\":\"2009-01-05\",\"numberOfEmployees\":{\"@type\":\"QuantitativeValue\",\"minValue\":\"1\",\"maxValue\":\"10\"},\"publishingPrinciples\":\"https:\\\/\\\/ubirataonline.com.br\\\/faq\\\/\",\"address\":{\"@id\":\"https:\\\/\\\/ubirataonline.com.br\\\/why-are-real-madrid-fans-booing-kylian-mbappe-and-vinicius-jr\\\/#local-main-place-address\"},\"geo\":{\"@type\":\"GeoCoordinates\",\"latitude\":\"-24.5361401\",\"longitude\":\"-52.9921776\"},\"telephone\":[\"+5544998308235\"],\"contactPoint\":{\"@type\":\"ContactPoint\",\"email\":\"contato@ubirataonline.com.br\"},\"openingHoursSpecification\":{\"@type\":\"OpeningHoursSpecification\",\"dayOfWeek\":[\"Monday\",\"Tuesday\",\"Wednesday\",\"Thursday\",\"Friday\",\"Saturday\",\"Sunday\"],\"opens\":\"00:00\",\"closes\":\"23:59\"},\"email\":\"contato@ubirataonline.com.br\",\"vatID\":\"47.621.418\\\/0001-80\"},{\"@type\":\"Person\",\"@id\":\"https:\\\/\\\/ubirataonline.com.br\\\/#\\\/schema\\\/person\\\/372f87bbd3fdd79b8556b84c98d0bc1c\",\"name\":\"REDA\u00c7\u00c3O: UBIRAT\u00c3 ONLINE - F\u00c1BIO AUGUSTO CELESTINO\",\"pronouns\":\"Ele\",\"description\":\"Desde 2003 trabalhando com not\u00edcias.\",\"sameAs\":[\"http:\\\/\\\/ubirataoline.com.br\",\"https:\\\/\\\/www.facebook.com\\\/portalubirataonline\",\"https:\\\/\\\/www.instagram.com\\\/ubirataonline_oficial\",\"https:\\\/\\\/x.com\\\/x.com\\\/ubirataonline\"],\"honorificPrefix\":\"Mr.\",\"honorificSuffix\":\"MD\",\"birthDate\":\"1980-06-16\",\"gender\":\"masculino\",\"award\":[\"V\u00e1rios pr\u00eamios de melhor portal da cidade\"],\"jobTitle\":\"Diretor\",\"url\":\"https:\\\/\\\/ubirataonline.com.br\\\/en\\\/author\\\/ubirataonline\\\/\"},{\"@type\":\"PostalAddress\",\"@id\":\"https:\\\/\\\/ubirataonline.com.br\\\/why-are-real-madrid-fans-booing-kylian-mbappe-and-vinicius-jr\\\/#local-main-place-address\",\"streetAddress\":\"Rua dos Coqueiros, 104 - Bairro Boa Vista, Rua dos Coqueiros, 104 Bairro Boa Vista\",\"addressLocality\":\"UBIRATA\",\"postalCode\":\"85440-000\",\"addressRegion\":\"PR\",\"addressCountry\":\"BR\"},{\"@type\":\"ImageObject\",\"inLanguage\":\"en-US\",\"@id\":\"https:\\\/\\\/ubirataonline.com.br\\\/why-are-real-madrid-fans-booing-kylian-mbappe-and-vinicius-jr\\\/#local-main-organization-logo\",\"url\":\"https:\\\/\\\/ubirataonline.com.br\\\/wp-content\\\/uploads\\\/2026\\\/06\\\/logoubirataonline-1.webp\",\"contentUrl\":\"https:\\\/\\\/ubirataonline.com.br\\\/wp-content\\\/uploads\\\/2026\\\/06\\\/logoubirataonline-1.webp\",\"width\":500,\"height\":500,\"caption\":\"Ubirat\u00e3 Online Not\u00edcias\"}]}<\/script>\n<meta name=\"geo.placename\" content=\"UBIRATA\" \/>\n<meta name=\"geo.position\" content=\"-24.5361401;-52.9921776\" \/>\n<meta name=\"geo.region\" content=\"Brazil\" \/>\n<!-- \/ Yoast SEO Premium plugin. -->","yoast_head_json":{"title":"Why Are Real Madrid Fans Booing Kylian Mbappe and Vinicius Jr? - Ubirat\u00e3 Online Not\u00edcias - A realidade ao seu alcance!","description":"Real Madrid superstars Kylian Mbapp\u00e9 and Vinicius Junior received a hostile reception from the Bernab\u00e9u fans during the club\u2019s 2\u20131 victory over Alav\u00e9s, an","robots":{"index":"index","follow":"follow","max-snippet":"max-snippet:-1","max-image-preview":"max-image-preview:large","max-video-preview":"max-video-preview:-1"},"canonical":"https:\/\/ubirataonline.com.br\/en\/why-are-real-madrid-fans-booing-kylian-mbappe-and-vinicius-jr\/","og_locale":"en_US","og_type":"article","og_title":"Why Are Real Madrid Fans Booing Kylian Mbappe and Vinicius Jr?","og_description":"Real Madrid superstars Kylian Mbapp\u00e9 and Vinicius Junior received a hostile reception from the Bernab\u00e9u fans during the club\u2019s 2\u20131 victory over Alav\u00e9s, an","og_url":"https:\/\/ubirataonline.com.br\/en\/why-are-real-madrid-fans-booing-kylian-mbappe-and-vinicius-jr\/","og_site_name":"Ubirat\u00e3 Online Not\u00edcias - A realidade ao seu alcance!","article_publisher":"https:\/\/www.facebook.com\/portalubirataonline","article_author":"https:\/\/www.facebook.com\/portalubirataonline","article_published_time":"2026-04-24T21:22:14+00:00","article_modified_time":"2026-04-24T21:22:16+00:00","og_image":[{"url":"https:\/\/ubirataonline.com.br\/wp-content\/uploads\/2026\/04\/Why-Are-Real-Madrid-Fans-Booing-Kylian-Mbappe-and-Vinicius.jpg","width":1,"height":1,"type":"image\/jpeg"}],"author":"REDA\u00c7\u00c3O: UBIRAT\u00c3 ONLINE - F\u00c1BIO AUGUSTO CELESTINO","twitter_card":"summary_large_image","twitter_creator":"@x.com\/ubirataonline","twitter_site":"@ubirataonline","twitter_misc":{"Written by":"REDA\u00c7\u00c3O: UBIRAT\u00c3 ONLINE - F\u00c1BIO AUGUSTO CELESTINO","Est. reading time":"3 minutes"},"schema":{"@context":"https:\/\/schema.org","@graph":[{"@type":"NewsArticle","@id":"https:\/\/ubirataonline.com.br\/why-are-real-madrid-fans-booing-kylian-mbappe-and-vinicius-jr\/#article","isPartOf":{"@id":"https:\/\/ubirataonline.com.br\/why-are-real-madrid-fans-booing-kylian-mbappe-and-vinicius-jr\/"},"author":{"name":"REDA\u00c7\u00c3O: UBIRAT\u00c3 ONLINE - F\u00c1BIO AUGUSTO CELESTINO","@id":"https:\/\/ubirataonline.com.br\/#\/schema\/person\/372f87bbd3fdd79b8556b84c98d0bc1c"},"headline":"Why Are Real Madrid Fans Booing Kylian Mbappe and Vinicius Jr?","datePublished":"2026-04-24T21:22:14+00:00","dateModified":"2026-04-24T21:22:16+00:00","mainEntityOfPage":{"@id":"https:\/\/ubirataonline.com.br\/why-are-real-madrid-fans-booing-kylian-mbappe-and-vinicius-jr\/"},"wordCount":677,"publisher":{"@id":"https:\/\/ubirataonline.com.br\/#organization"},"image":{"@id":"https:\/\/ubirataonline.com.br\/why-are-real-madrid-fans-booing-kylian-mbappe-and-vinicius-jr\/#primaryimage"},"thumbnailUrl":"https:\/\/ubirataonline.com.br\/wp-content\/uploads\/2026\/04\/Why-Are-Real-Madrid-Fans-Booing-Kylian-Mbappe-and-Vinicius.jpg","keywords":["Booing","fans","Kylian","Madrid","Mbapp\u00e9","real","Vinicius"],"articleSection":["Ubirat\u00e3"],"inLanguage":"en-US","copyrightYear":"2026","copyrightHolder":{"@id":"https:\/\/ubirataonline.com.br\/en\/#organization"}},{"@type":"WebPage","@id":"https:\/\/ubirataonline.com.br\/why-are-real-madrid-fans-booing-kylian-mbappe-and-vinicius-jr\/","url":"https:\/\/ubirataonline.com.br\/why-are-real-madrid-fans-booing-kylian-mbappe-and-vinicius-jr\/","name":"Why Are Real Madrid Fans Booing Kylian Mbappe and Vinicius Jr? - Ubirat\u00e3 Online Not\u00edcias - A realidade ao seu alcance!","isPartOf":{"@id":"https:\/\/ubirataonline.com.br\/#website"},"primaryImageOfPage":{"@id":"https:\/\/ubirataonline.com.br\/why-are-real-madrid-fans-booing-kylian-mbappe-and-vinicius-jr\/#primaryimage"},"image":{"@id":"https:\/\/ubirataonline.com.br\/why-are-real-madrid-fans-booing-kylian-mbappe-and-vinicius-jr\/#primaryimage"},"thumbnailUrl":"https:\/\/ubirataonline.com.br\/wp-content\/uploads\/2026\/04\/Why-Are-Real-Madrid-Fans-Booing-Kylian-Mbappe-and-Vinicius.jpg","datePublished":"2026-04-24T21:22:14+00:00","dateModified":"2026-04-24T21:22:16+00:00","description":"Real Madrid superstars Kylian Mbapp\u00e9 and Vinicius Junior received a hostile reception from the Bernab\u00e9u fans during the club\u2019s 2\u20131 victory over Alav\u00e9s, an","breadcrumb":{"@id":"https:\/\/ubirataonline.com.br\/why-are-real-madrid-fans-booing-kylian-mbappe-and-vinicius-jr\/#breadcrumb"},"inLanguage":"en-US","potentialAction":[{"@type":"ReadAction","target":["https:\/\/ubirataonline.com.br\/why-are-real-madrid-fans-booing-kylian-mbappe-and-vinicius-jr\/"]}]},{"@type":"ImageObject","inLanguage":"en-US","@id":"https:\/\/ubirataonline.com.br\/why-are-real-madrid-fans-booing-kylian-mbappe-and-vinicius-jr\/#primaryimage","url":"https:\/\/ubirataonline.com.br\/wp-content\/uploads\/2026\/04\/Why-Are-Real-Madrid-Fans-Booing-Kylian-Mbappe-and-Vinicius.jpg","contentUrl":"https:\/\/ubirataonline.com.br\/wp-content\/uploads\/2026\/04\/Why-Are-Real-Madrid-Fans-Booing-Kylian-Mbappe-and-Vinicius.jpg","caption":"Vinicius Junior (left) and Kylian Mbapp\u00e9 have come under fire from Real Madrid fans. | Maria Gracia Jimenez\/Soccrates\/Getty Images"},{"@type":"BreadcrumbList","@id":"https:\/\/ubirataonline.com.br\/why-are-real-madrid-fans-booing-kylian-mbappe-and-vinicius-jr\/#breadcrumb","itemListElement":[{"@type":"ListItem","position":1,"name":"In\u00edcio","item":"https:\/\/ubirataonline.com.br\/"},{"@type":"ListItem","position":2,"name":"Why Are Real Madrid Fans Booing Kylian Mbappe and Vinicius Jr?"}]},{"@type":"WebSite","@id":"https:\/\/ubirataonline.com.br\/#website","url":"https:\/\/ubirataonline.com.br\/","name":"Ubirat\u00e3 Online Not\u00edcias","description":"Not\u00edcias de Ubirat\u00e3, regi\u00e3o, Brasil e mundo, com informa\u00e7\u00e3o atualizada e compromisso com o leitor.","publisher":{"@id":"https:\/\/ubirataonline.com.br\/#organization"},"alternateName":"Ubirat\u00e3 Online","potentialAction":[{"@type":"SearchAction","target":{"@type":"EntryPoint","urlTemplate":"https:\/\/ubirataonline.com.br\/?s={search_term_string}"},"query-input":{"@type":"PropertyValueSpecification","valueRequired":true,"valueName":"search_term_string"}}],"inLanguage":"en-US"},{"@type":["Organization","Place"],"@id":"https:\/\/ubirataonline.com.br\/#organization","name":"Ubirat\u00e3 Online Not\u00edcias","alternateName":"Ubirat\u00e3 Online","url":"https:\/\/ubirataonline.com.br\/","logo":{"@id":"https:\/\/ubirataonline.com.br\/why-are-real-madrid-fans-booing-kylian-mbappe-and-vinicius-jr\/#local-main-organization-logo"},"image":{"@id":"https:\/\/ubirataonline.com.br\/why-are-real-madrid-fans-booing-kylian-mbappe-and-vinicius-jr\/#local-main-organization-logo"},"sameAs":["https:\/\/www.facebook.com\/portalubirataonline","https:\/\/x.com\/ubirataonline","https:\/\/mastodon.social\/@ubirataonline","https:\/\/www.facebook.com\/groups\/311144672285604","https:\/\/www.facebook.com\/UBTAOnline","https:\/\/www.instagram.com\/portalubirataonline\/","https:\/\/twitter.com\/ubirataonline"],"description":"Somos um portal de not\u00edcias independente, criado em 5 de janeiro de 2009, com o objetivo de informar, conectar e valorizar a nossa comunidade de Ubirat\u00e3 e toda aregi\u00e3o. Com conte\u00fado atualizado, confi\u00e1vel e relevante, o Ubirat\u00e3 Online \u00e9 o seu espa\u00e7o para ficar por dentro dos principais acontecimentos locais, regionais, Brasil, Mundo e de interesse geral. Nosso compromisso \u00e9 com a verdade, a transpar\u00eancia e o respeito ao leitor.","legalName":"UBIRATA ONLINE NOT\u00cdCIAS","foundingDate":"2009-01-05","numberOfEmployees":{"@type":"QuantitativeValue","minValue":"1","maxValue":"10"},"publishingPrinciples":"https:\/\/ubirataonline.com.br\/faq\/","address":{"@id":"https:\/\/ubirataonline.com.br\/why-are-real-madrid-fans-booing-kylian-mbappe-and-vinicius-jr\/#local-main-place-address"},"geo":{"@type":"GeoCoordinates","latitude":"-24.5361401","longitude":"-52.9921776"},"telephone":["+5544998308235"],"contactPoint":{"@type":"ContactPoint","email":"contato@ubirataonline.com.br"},"openingHoursSpecification":{"@type":"OpeningHoursSpecification","dayOfWeek":["Monday","Tuesday","Wednesday","Thursday","Friday","Saturday","Sunday"],"opens":"00:00","closes":"23:59"},"email":"contato@ubirataonline.com.br","vatID":"47.621.418\/0001-80"},{"@type":"Person","@id":"https:\/\/ubirataonline.com.br\/#\/schema\/person\/372f87bbd3fdd79b8556b84c98d0bc1c","name":"REDA\u00c7\u00c3O: UBIRAT\u00c3 ONLINE - F\u00c1BIO AUGUSTO CELESTINO","pronouns":"Ele","description":"Desde 2003 trabalhando com not\u00edcias.","sameAs":["http:\/\/ubirataoline.com.br","https:\/\/www.facebook.com\/portalubirataonline","https:\/\/www.instagram.com\/ubirataonline_oficial","https:\/\/x.com\/x.com\/ubirataonline"],"honorificPrefix":"Mr.","honorificSuffix":"MD","birthDate":"1980-06-16","gender":"masculino","award":["V\u00e1rios pr\u00eamios de melhor portal da cidade"],"jobTitle":"Diretor","url":"https:\/\/ubirataonline.com.br\/en\/author\/ubirataonline\/"},{"@type":"PostalAddress","@id":"https:\/\/ubirataonline.com.br\/why-are-real-madrid-fans-booing-kylian-mbappe-and-vinicius-jr\/#local-main-place-address","streetAddress":"Rua dos Coqueiros, 104 - Bairro Boa Vista, Rua dos Coqueiros, 104 Bairro Boa Vista","addressLocality":"UBIRATA","postalCode":"85440-000","addressRegion":"PR","addressCountry":"BR"},{"@type":"ImageObject","inLanguage":"en-US","@id":"https:\/\/ubirataonline.com.br\/why-are-real-madrid-fans-booing-kylian-mbappe-and-vinicius-jr\/#local-main-organization-logo","url":"https:\/\/ubirataonline.com.br\/wp-content\/uploads\/2026\/06\/logoubirataonline-1.webp","contentUrl":"https:\/\/ubirataonline.com.br\/wp-content\/uploads\/2026\/06\/logoubirataonline-1.webp","width":500,"height":500,"caption":"Ubirat\u00e3 Online Not\u00edcias"}]},"geo.placename":"UBIRATA","geo.position":{"lat":"-24.5361401","long":"-52.9921776"},"geo.region":"Brazil"},"_links":{"self":[{"href":"https:\/\/ubirataonline.com.br\/en\/wp-json\/wp\/v2\/posts\/114375","targetHints":{"allow":["GET"]}}],"collection":[{"href":"https:\/\/ubirataonline.com.br\/en\/wp-json\/wp\/v2\/posts"}],"about":[{"href":"https:\/\/ubirataonline.com.br\/en\/wp-json\/wp\/v2\/types\/post"}],"author":[{"embeddable":true,"href":"https:\/\/ubirataonline.com.br\/en\/wp-json\/wp\/v2\/users\/1"}],"replies":[{"embeddable":true,"href":"https:\/\/ubirataonline.com.br\/en\/wp-json\/wp\/v2\/comments?post=114375"}],"version-history":[{"count":0,"href":"https:\/\/ubirataonline.com.br\/en\/wp-json\/wp\/v2\/posts\/114375\/revisions"}],"wp:featuredmedia":[{"embeddable":true,"href":"https:\/\/ubirataonline.com.br\/en\/wp-json\/wp\/v2\/media\/114376"}],"wp:attachment":[{"href":"https:\/\/ubirataonline.com.br\/en\/wp-json\/wp\/v2\/media?parent=114375"}],"wp:term":[{"taxonomy":"category","embeddable":true,"href":"https:\/\/ubirataonline.com.br\/en\/wp-json\/wp\/v2\/categories?post=114375"},{"taxonomy":"post_tag","embeddable":true,"href":"https:\/\/ubirataonline.com.br\/en\/wp-json\/wp\/v2\/tags?post=114375"}],"curies":[{"name":"wp","href":"https:\/\/api.w.org\/{rel}","templated":true}]}}