{"id":114432,"date":"2026-04-24T19:40:35","date_gmt":"2026-04-24T22:40:35","guid":{"rendered":"https:\/\/ubirataonline.com.br\/ant-anstead-shares-rare-photo-with-renee-zellweger-for-their-5-year-anniversary\/"},"modified":"2026-04-24T19:40:38","modified_gmt":"2026-04-24T22:40:38","slug":"ant-anstead-shares-rare-photo-with-renee-zellweger-for-their-5-year-anniversary","status":"publish","type":"post","link":"https:\/\/ubirataonline.com.br\/en\/ant-anstead-shares-rare-photo-with-renee-zellweger-for-their-5-year-anniversary\/","title":{"rendered":"Ant Anstead Shares Rare Photo with Ren\u00e9e Zellweger for Their 5-Year Anniversary"},"content":{"rendered":"<p><br \/>\n<\/p>\n<div id=\"mntl-sc-page_1-0\" data-sc-sticky-offset=\"90\" data-sc-ad-label-height=\"24\" data-sc-ad-track-spacing=\"100\" data-sc-min-track-height=\"250\" data-sc-max-track-height=\"600\" data-sc-breakpoint=\"50em\" data-sc-load-immediate=\"4\" data-sc-content-positions=\"[1, 1250, 1550, 1950, 2350, 2750, 3150, 3550, 3950]\" data-bind-scroll-on-start=\"true\">\n<div id=\"mntl-sc-block_1-0\" class=\"comp mntl-sc-block people-sc-block-callout mntl-sc-block-universal-callout theme-needtoknow\" data-tracking-id=\"mntl-sc-block-callout\" data-tracking-container=\"true\">\n<h3 class=\"mntl-sc-block-universal-callout__heading\">NEED TO KNOW<\/h3>\n<div class=\"mntl-sc-block-universal-callout__body\">\n<ul>\n<li>Ant Anstead shared a heartfelt Instagram post celebrating five years with girlfriend Ren\u00e9e Zellweger, including a throwback photo from 2021<\/li>\n<li>The couple, who met on the set of his show <em>Celebrity IOU: Joyride<\/em>, have kept their relationship mostly private over the years<\/li>\n<li>Zellweger has formed close bonds with Anstead&#8217;s children, including his 6-year-old son Hudson, whom he shares with ex Christina Haack<\/li>\n<\/ul>\n<\/div>\n<\/div>\n<p id=\"mntl-sc-block_2-0\" class=\"comp mntl-sc-block mntl-sc-block-html\"> <a href=\"https:\/\/people.com\/tag\/ant-anstead\/\" data-type=\"\" data-component=\"link\" data-source=\"inlineLink\" data-ordinal=\"1\" rel=\"noopener noreferrer\">Ant Anstead<\/a> knows he&#8217;s the \u201cluckiest boy\u201d as he celebrates five years with <a href=\"https:\/\/people.com\/tag\/renee-zellweger\/\" data-type=\"\" data-component=\"link\" data-source=\"inlineLink\" data-ordinal=\"2\" rel=\"noopener noreferrer\">Ren\u00e9e Zellweger<\/a>!\n<\/p>\n<p id=\"mntl-sc-block_4-0\" class=\"comp mntl-sc-block mntl-sc-block-html\"> The <em>Born Mechanic<\/em> host, 47, took to <a href=\"https:\/\/www.instagram.com\/p\/DXgNbD1DVhj\/?igsh=MW1uMmNsaWFuZGVxMw%3D%3D\" data-type=\"\" data-component=\"link\" data-source=\"inlineLink\" data-ordinal=\"1\" rel=\"noopener noreferrer\">Instagram<\/a> to share a sweet tribute to his girlfriend, 56, in honor of their five-year anniversary. Alongside a heartfelt caption, Anstead shared a throwback photo of them from 2021, when they first met on the set of his discovery+ show, <em>Celebrity IOU: Joyride<\/em>.\u00a0\n<\/p>\n<p id=\"mntl-sc-block_6-0\" class=\"comp mntl-sc-block mntl-sc-block-html\"> \u201cHow it started\u2026.. Happy FIVE YEAR anniversary my beautiful lady! Hands down The best human I know! Luckiest boy! I love you my Ren &#x1f4ab;&#x2764;&#xfe0f; x,\u201d he wrote in the caption.\n<\/p>\n<p id=\"mntl-sc-block_8-0\" class=\"comp mntl-sc-block mntl-sc-block-html\"> In the photo, the pair stand in front of a vintage car as Anstead looks down at his now-girlfriend and smiles, while she has a joyful expression on her face.\u00a0\n<\/p>\n<p><iframe id=\"mntl-sc-block_10-0-iframe\" class=\"mntl-sc-block-universal-embed--iframe-legacy lazyload\" allowfullscreen=\"false\" frameborder=\"0\" sandbox=\"allow-forms allow-popups allow-popups-to-escape-sandbox allow-same-origin allow-scripts allow-top-navigation-by-user-activation\" title=\"Ant Anstead Instagram \" data-expand=\"300\" data-src=\"\/embed?url=https%3A%2F%2Fwww.instagram.com%2Fp%2FDXgNbD1DVhj%2F&amp;id=mntl-sc-block_10-0-iframe&amp;options=e30%3D&amp;docId=11958009\"><\/iframe><\/p>\n<p id=\"mntl-sc-block_14-0\" class=\"comp mntl-sc-block mntl-sc-block-html\"> As the couple tend to keep their relationship out of the public eye, commenters couldn&#8217;t help but express their joy over seeing the two together as they celebrated such a big milestone.\u00a0\n<\/p>\n<p id=\"mntl-sc-block_16-0\" class=\"comp mntl-sc-block mntl-sc-block-html\"> \u201cAw love this, you&#8217;re so private about your relationship, which is how it should be imo, but wee posts like this are great. Happy anniversary to you both,\u201d one user wrote.\u00a0\n<\/p>\n<p id=\"mntl-sc-block_18-0\" class=\"comp mntl-sc-block mntl-sc-block-html\"> Another added, \u201cYay! Finally!! A picture of you two online. You guys look so cute!\u201d\n<\/p>\n<p id=\"mntl-sc-block_20-0\" class=\"comp mntl-sc-block mntl-sc-block-html\"> One user recalled watching their first interactions on <em>Celebrity IOU: Joyride<\/em>: \u201cWhen I watched that episode you could see the way you looked at each other there was something there\u2026 congratulations.\u201d\n<\/p>\n<p id=\"mntl-sc-block_24-0\" class=\"comp mntl-sc-block mntl-sc-block-html\"> While Anstead is currently <a href=\"https:\/\/www.instagram.com\/p\/DXXAMPYjVPz\/\" data-type=\"\" data-component=\"link\" data-source=\"inlineLink\" data-ordinal=\"1\" rel=\"noopener noreferrer\">working on season 3<\/a> of his Quest TV show <em>Born Mechanic<\/em> in his native England, he and Zellweger have gone the distance to make their relationship work.\u00a0\n<\/p>\n<p id=\"mntl-sc-block_26-0\" class=\"comp mntl-sc-block mntl-sc-block-html\"> They first met in April 2021 and PEOPLE <a href=\"https:\/\/people.com\/movies\/renee-zellweger-and-ant-anstead-just-click-she-goes-for-guys-who-think-outside-the-box\/\" data-type=\"\" data-component=\"link\" data-source=\"inlineLink\" data-ordinal=\"1\" rel=\"noopener noreferrer\">confirmed the two were officially in a relationship<\/a> a few months later. In September of that year, a source told PEOPLE that the <em>Bridget Jones&#8217;s Diary<\/em> star was forming a close bond with Anstead&#8217;s now 6-year-old son Hudson, whom he shares with his ex-wife, HGTV star <a href=\"https:\/\/people.com\/tag\/christina-el-moussa\/\" data-type=\"\" data-component=\"link\" data-source=\"inlineLink\" data-ordinal=\"2\" rel=\"noopener noreferrer\">Christina Haack<\/a>.\u00a0\n<\/p>\n<p id=\"mntl-sc-block_28-0\" class=\"comp mntl-sc-block mntl-sc-block-html\"> Anstead is also dad to daughter Amelie, 22, and Archie, 19 \u2014 whom Zellweger has also spent time with throughout the years \u2014 from his first marriage to ex Louise Storey.\u00a0\n<\/p>\n<figure id=\"mntl-sc-block_30-0\" class=\"comp mntl-sc-block people-sc-block-image mntl-sc-block-image mntl-sc-block-image--no-theme no-theme figure-landscape figure-high-res\"><figcaption id=\"mntl-figure-caption_1-0\" class=\"comp mntl-figure-caption text-utility-100 figure-article-caption\"> <span class=\"figure-article-caption-text\">Ant Anstead and Ren\u00e9e Zellweger with his two older children.<\/span><br \/>\n<span class=\"figure-article-caption-owner\"><\/p>\n<p>Ant Anstead\/ Instagram<\/p>\n<p><\/span><br \/>\n<\/figcaption><\/figure>\n<p id=\"mntl-sc-block_31-0\" class=\"comp mntl-sc-block mntl-sc-block-html\"> In April 2023, a different source <a href=\"https:\/\/people.com\/home\/ant-anstead-and-renee-zellweger-are-moving-in-together-after-finding-a-house-they-both-love-source\/\" data-type=\"\" data-component=\"link\" data-source=\"inlineLink\" data-ordinal=\"1\" rel=\"noopener noreferrer\">revealed to PEOPLE<\/a> that the couple had &#8220;found a house that they both love and are moving in together&#8221; in Southern California after Anstead decided to sell <a href=\"https:\/\/people.com\/home\/ant-anstead-sold-laguna-beach-home-dating-renee-zellweger-exclusive\/\" data-type=\"\" data-component=\"link\" data-source=\"inlineLink\" data-ordinal=\"2\" rel=\"noopener noreferrer\">his beloved Temple House<\/a> in Laguna Beach, Calif., that same month.\u00a0\n<\/p>\n<p id=\"mntl-sc-block_33-0\" class=\"comp mntl-sc-block mntl-sc-block-html\"> Anstead later <a href=\"https:\/\/people.com\/ant-anstead-photo-from-uk-girlfriend-renee-zellweger-films-bridget-jones-4-8654164\" data-type=\"\" data-component=\"link\" data-source=\"inlineLink\" data-ordinal=\"1\" rel=\"noopener noreferrer\">joined Zellweger in England<\/a> temporarily while she filmed <em>Bridget Jones: Mad About the Boy<\/em>, which was released in February 2025.\n<\/p>\n<figure id=\"mntl-sc-block_35-0\" class=\"comp mntl-sc-block people-sc-block-image mntl-sc-block-image mntl-sc-block-image--no-theme no-theme figure-portrait figure-high-res\"><figcaption id=\"mntl-figure-caption_2-0\" class=\"comp mntl-figure-caption text-utility-100 figure-article-caption\"> <span class=\"figure-article-caption-text\">Ant Anstead and Ren\u00e9e Zellweger pose for a photo together in July 2022.<\/span><br \/>\n<span class=\"figure-article-caption-owner\"><\/p>\n<p>Ant Anstead\/ Instagram<\/p>\n<p><\/span><br \/>\n<\/figcaption><\/figure>\n<p id=\"mntl-sc-block_36-0\" class=\"comp mntl-sc-block mntl-sc-block-html\"> <strong>Never miss a story \u2014 sign up for<\/strong><a href=\"https:\/\/people.com\/people-news-daily-newsletter-sign-up-8692701\" data-type=\"\" data-component=\"link\" data-source=\"inlineLink\" data-ordinal=\"1\" rel=\"noopener noreferrer\"><strong> PEOPLE&#8217;s free daily newsletter<\/strong><\/a><strong> to stay up-to-date on the best of what PEOPLE has to offer\u200b\u200b, from celebrity news to compelling human interest stories.<\/strong>\n<\/p>\n<p id=\"mntl-sc-block_38-0\" class=\"comp mntl-sc-block mntl-sc-block-html\"> While promoting the film, Zellweger made a rare mention of Anstead and commented on their living situation in a January feature for <a href=\"https:\/\/www.vogue.co.uk\/article\/renee-zellweger-british-vogue-interview-2025\" data-type=\"\" data-component=\"link\" data-source=\"inlineLink\" data-ordinal=\"1\" rel=\"noopener noreferrer\"><em>British Vogue<\/em><\/a>, during which she was interviewed by her longtime <em>Bridget Jones&#8217;s Diary<\/em> co-star <a href=\"https:\/\/people.com\/tag\/hugh-grant\/\" data-type=\"\" data-component=\"link\" data-source=\"inlineLink\" data-ordinal=\"2\" rel=\"noopener noreferrer\">Hugh Grant<\/a>.\n<\/p>\n<p id=\"mntl-sc-block_40-0\" class=\"comp mntl-sc-block mntl-sc-block-html\"> &#8220;I live in Southern California, near San Diego,&#8221; Zellweger told Grant after he admitted that he couldn&#8217;t remember where she lived. Sharing the reason why, she added, &#8220;Because that&#8217;s where my fellow lives, and his little boy.\u201d\n<\/p>\n<\/div>\n<p><script async src=\"\/\/www.instagram.com\/embed.js\"><\/script><br \/>\n<br \/><br \/>\n<br \/><a href=\"https:\/\/people.com\/ant-anstead-shares-rare-photo-with-renee-zellweger-for-their-5-year-anniversary-11958009\">Source link <\/a><\/p>\n","protected":false},"excerpt":{"rendered":"<p>NEED TO KNOW Ant Anstead shared a heartfelt Instagram post celebrating five years with girlfriend Ren\u00e9e Zellweger, including a throwback photo from 2021 The couple, who met on the set of his show Celebrity IOU: Joyride, have kept their relationship mostly private over the years Zellweger has formed close bonds with Anstead&#8217;s children, including his [&hellip;]<\/p>\n","protected":false},"author":1,"featured_media":114433,"comment_status":"closed","ping_status":"","sticky":false,"template":"","format":"standard","meta":{"googlesitekit_rrm_CAow2JLhCw:productID":"","_gspb_post_css":"","maa_idioma":"","maa_pais":"","footnotes":""},"categories":[1],"tags":[14090,11300,30865,30864,9040,9082,13808,6429,30866],"class_list":["post-114432","post","type-post","status-publish","format-standard","has-post-thumbnail","hentry","category-ubirata","tag-5year","tag-anniversary","tag-anstead","tag-ant","tag-photo","tag-rare","tag-renee","tag-shares","tag-zellweger"],"blocksy_meta":[],"yoast_head":"<!-- This site is optimized with the Yoast SEO Premium plugin v27.6 (Yoast SEO v27.6) - https:\/\/yoast.com\/product\/yoast-seo-premium-wordpress\/ -->\n<title>Ant Anstead Shares Rare Photo with Ren\u00e9e Zellweger for Their 5-Year Anniversary - Ubirat\u00e3 Online Not\u00edcias - A realidade ao seu alcance!<\/title>\n<meta name=\"description\" content=\"NEED TO KNOW Ant Anstead shared a heartfelt Instagram post celebrating five years with girlfriend Ren\u00e9e Zellweger, including a throwback photo from\" \/>\n<meta name=\"robots\" content=\"index, follow, max-snippet:-1, max-image-preview:large, max-video-preview:-1\" \/>\n<link rel=\"canonical\" href=\"https:\/\/ubirataonline.com.br\/en\/ant-anstead-shares-rare-photo-with-renee-zellweger-for-their-5-year-anniversary\/\" \/>\n<meta property=\"og:locale\" content=\"en_US\" \/>\n<meta property=\"og:type\" content=\"article\" \/>\n<meta property=\"og:title\" content=\"Ant Anstead Shares Rare Photo with Ren\u00e9e Zellweger for Their 5-Year Anniversary\" \/>\n<meta property=\"og:description\" content=\"NEED TO KNOW Ant Anstead shared a heartfelt Instagram post celebrating five years with girlfriend Ren\u00e9e Zellweger, including a throwback photo from\" \/>\n<meta property=\"og:url\" content=\"https:\/\/ubirataonline.com.br\/en\/ant-anstead-shares-rare-photo-with-renee-zellweger-for-their-5-year-anniversary\/\" \/>\n<meta property=\"og:site_name\" content=\"Ubirat\u00e3 Online Not\u00edcias - A realidade ao seu alcance!\" \/>\n<meta property=\"article:publisher\" content=\"https:\/\/www.facebook.com\/portalubirataonline\" \/>\n<meta property=\"article:author\" content=\"https:\/\/www.facebook.com\/portalubirataonline\" \/>\n<meta property=\"article:published_time\" content=\"2026-04-24T22:40:35+00:00\" \/>\n<meta property=\"article:modified_time\" content=\"2026-04-24T22:40:38+00:00\" \/>\n<meta property=\"og:image\" content=\"https:\/\/ubirataonline.com.br\/wp-content\/uploads\/2026\/04\/Ant-Anstead-Shares-Rare-Photo-with-Renee-Zellweger-for-Their.jpg\" \/>\n\t<meta property=\"og:image:width\" content=\"1500\" \/>\n\t<meta property=\"og:image:height\" content=\"1000\" \/>\n\t<meta property=\"og:image:type\" content=\"image\/jpeg\" \/>\n<meta name=\"author\" content=\"REDA\u00c7\u00c3O: UBIRAT\u00c3 ONLINE - F\u00c1BIO AUGUSTO CELESTINO\" \/>\n<meta name=\"twitter:card\" content=\"summary_large_image\" \/>\n<meta name=\"twitter:creator\" content=\"@x.com\/ubirataonline\" \/>\n<meta name=\"twitter:site\" content=\"@ubirataonline\" \/>\n<meta name=\"twitter:label1\" content=\"Written by\" \/>\n\t<meta name=\"twitter:data1\" content=\"REDA\u00c7\u00c3O: UBIRAT\u00c3 ONLINE - F\u00c1BIO AUGUSTO CELESTINO\" \/>\n\t<meta name=\"twitter:label2\" content=\"Est. reading time\" \/>\n\t<meta name=\"twitter:data2\" content=\"3 minutes\" \/>\n<script type=\"application\/ld+json\" class=\"yoast-schema-graph\">{\"@context\":\"https:\\\/\\\/schema.org\",\"@graph\":[{\"@type\":\"NewsArticle\",\"@id\":\"https:\\\/\\\/ubirataonline.com.br\\\/ant-anstead-shares-rare-photo-with-renee-zellweger-for-their-5-year-anniversary\\\/#article\",\"isPartOf\":{\"@id\":\"https:\\\/\\\/ubirataonline.com.br\\\/ant-anstead-shares-rare-photo-with-renee-zellweger-for-their-5-year-anniversary\\\/\"},\"author\":{\"name\":\"REDA\u00c7\u00c3O: UBIRAT\u00c3 ONLINE - F\u00c1BIO AUGUSTO CELESTINO\",\"@id\":\"https:\\\/\\\/ubirataonline.com.br\\\/#\\\/schema\\\/person\\\/372f87bbd3fdd79b8556b84c98d0bc1c\"},\"headline\":\"Ant Anstead Shares Rare Photo with Ren\u00e9e Zellweger for Their 5-Year Anniversary\",\"datePublished\":\"2026-04-24T22:40:35+00:00\",\"dateModified\":\"2026-04-24T22:40:38+00:00\",\"mainEntityOfPage\":{\"@id\":\"https:\\\/\\\/ubirataonline.com.br\\\/ant-anstead-shares-rare-photo-with-renee-zellweger-for-their-5-year-anniversary\\\/\"},\"wordCount\":642,\"publisher\":{\"@id\":\"https:\\\/\\\/ubirataonline.com.br\\\/#organization\"},\"image\":{\"@id\":\"https:\\\/\\\/ubirataonline.com.br\\\/ant-anstead-shares-rare-photo-with-renee-zellweger-for-their-5-year-anniversary\\\/#primaryimage\"},\"thumbnailUrl\":\"https:\\\/\\\/ubirataonline.com.br\\\/wp-content\\\/uploads\\\/2026\\\/04\\\/Ant-Anstead-Shares-Rare-Photo-with-Renee-Zellweger-for-Their.jpg\",\"keywords\":[\"5Year\",\"Anniversary\",\"Anstead\",\"Ant\",\"Photo\",\"Rare\",\"Renee\",\"shares\",\"Zellweger\"],\"articleSection\":[\"Ubirat\u00e3\"],\"inLanguage\":\"en-US\",\"copyrightYear\":\"2026\",\"copyrightHolder\":{\"@id\":\"https:\\\/\\\/ubirataonline.com.br\\\/en\\\/#organization\"}},{\"@type\":\"WebPage\",\"@id\":\"https:\\\/\\\/ubirataonline.com.br\\\/ant-anstead-shares-rare-photo-with-renee-zellweger-for-their-5-year-anniversary\\\/\",\"url\":\"https:\\\/\\\/ubirataonline.com.br\\\/ant-anstead-shares-rare-photo-with-renee-zellweger-for-their-5-year-anniversary\\\/\",\"name\":\"Ant Anstead Shares Rare Photo with Ren\u00e9e Zellweger for Their 5-Year Anniversary - Ubirat\u00e3 Online Not\u00edcias - A realidade ao seu alcance!\",\"isPartOf\":{\"@id\":\"https:\\\/\\\/ubirataonline.com.br\\\/#website\"},\"primaryImageOfPage\":{\"@id\":\"https:\\\/\\\/ubirataonline.com.br\\\/ant-anstead-shares-rare-photo-with-renee-zellweger-for-their-5-year-anniversary\\\/#primaryimage\"},\"image\":{\"@id\":\"https:\\\/\\\/ubirataonline.com.br\\\/ant-anstead-shares-rare-photo-with-renee-zellweger-for-their-5-year-anniversary\\\/#primaryimage\"},\"thumbnailUrl\":\"https:\\\/\\\/ubirataonline.com.br\\\/wp-content\\\/uploads\\\/2026\\\/04\\\/Ant-Anstead-Shares-Rare-Photo-with-Renee-Zellweger-for-Their.jpg\",\"datePublished\":\"2026-04-24T22:40:35+00:00\",\"dateModified\":\"2026-04-24T22:40:38+00:00\",\"description\":\"NEED TO KNOW Ant Anstead shared a heartfelt Instagram post celebrating five years with girlfriend Ren\u00e9e Zellweger, including a throwback photo from\",\"breadcrumb\":{\"@id\":\"https:\\\/\\\/ubirataonline.com.br\\\/ant-anstead-shares-rare-photo-with-renee-zellweger-for-their-5-year-anniversary\\\/#breadcrumb\"},\"inLanguage\":\"en-US\",\"potentialAction\":[{\"@type\":\"ReadAction\",\"target\":[\"https:\\\/\\\/ubirataonline.com.br\\\/ant-anstead-shares-rare-photo-with-renee-zellweger-for-their-5-year-anniversary\\\/\"]}]},{\"@type\":\"ImageObject\",\"inLanguage\":\"en-US\",\"@id\":\"https:\\\/\\\/ubirataonline.com.br\\\/ant-anstead-shares-rare-photo-with-renee-zellweger-for-their-5-year-anniversary\\\/#primaryimage\",\"url\":\"https:\\\/\\\/ubirataonline.com.br\\\/wp-content\\\/uploads\\\/2026\\\/04\\\/Ant-Anstead-Shares-Rare-Photo-with-Renee-Zellweger-for-Their.jpg\",\"contentUrl\":\"https:\\\/\\\/ubirataonline.com.br\\\/wp-content\\\/uploads\\\/2026\\\/04\\\/Ant-Anstead-Shares-Rare-Photo-with-Renee-Zellweger-for-Their.jpg\",\"width\":1500,\"height\":1000,\"caption\":\"Ant Anstead and Renee Zellweger. Credit : Ant Anstead\\\/Instagram\"},{\"@type\":\"BreadcrumbList\",\"@id\":\"https:\\\/\\\/ubirataonline.com.br\\\/ant-anstead-shares-rare-photo-with-renee-zellweger-for-their-5-year-anniversary\\\/#breadcrumb\",\"itemListElement\":[{\"@type\":\"ListItem\",\"position\":1,\"name\":\"In\u00edcio\",\"item\":\"https:\\\/\\\/ubirataonline.com.br\\\/\"},{\"@type\":\"ListItem\",\"position\":2,\"name\":\"Ant Anstead Shares Rare Photo with Ren\u00e9e Zellweger for Their 5-Year Anniversary\"}]},{\"@type\":\"WebSite\",\"@id\":\"https:\\\/\\\/ubirataonline.com.br\\\/#website\",\"url\":\"https:\\\/\\\/ubirataonline.com.br\\\/\",\"name\":\"Ubirat\u00e3 Online Not\u00edcias\",\"description\":\"Not\u00edcias de Ubirat\u00e3, regi\u00e3o, Brasil e mundo, com informa\u00e7\u00e3o atualizada e compromisso com o leitor.\",\"publisher\":{\"@id\":\"https:\\\/\\\/ubirataonline.com.br\\\/#organization\"},\"alternateName\":\"Ubirat\u00e3 Online\",\"potentialAction\":[{\"@type\":\"SearchAction\",\"target\":{\"@type\":\"EntryPoint\",\"urlTemplate\":\"https:\\\/\\\/ubirataonline.com.br\\\/?s={search_term_string}\"},\"query-input\":{\"@type\":\"PropertyValueSpecification\",\"valueRequired\":true,\"valueName\":\"search_term_string\"}}],\"inLanguage\":\"en-US\"},{\"@type\":[\"Organization\",\"Place\"],\"@id\":\"https:\\\/\\\/ubirataonline.com.br\\\/#organization\",\"name\":\"Ubirat\u00e3 Online Not\u00edcias\",\"alternateName\":\"Ubirat\u00e3 Online\",\"url\":\"https:\\\/\\\/ubirataonline.com.br\\\/\",\"logo\":{\"@id\":\"https:\\\/\\\/ubirataonline.com.br\\\/ant-anstead-shares-rare-photo-with-renee-zellweger-for-their-5-year-anniversary\\\/#local-main-organization-logo\"},\"image\":{\"@id\":\"https:\\\/\\\/ubirataonline.com.br\\\/ant-anstead-shares-rare-photo-with-renee-zellweger-for-their-5-year-anniversary\\\/#local-main-organization-logo\"},\"sameAs\":[\"https:\\\/\\\/www.facebook.com\\\/portalubirataonline\",\"https:\\\/\\\/x.com\\\/ubirataonline\",\"https:\\\/\\\/mastodon.social\\\/@ubirataonline\",\"https:\\\/\\\/www.facebook.com\\\/groups\\\/311144672285604\",\"https:\\\/\\\/www.facebook.com\\\/UBTAOnline\",\"https:\\\/\\\/www.instagram.com\\\/portalubirataonline\\\/\",\"https:\\\/\\\/twitter.com\\\/ubirataonline\"],\"description\":\"Somos um portal de not\u00edcias independente, criado em 5 de janeiro de 2009, com o objetivo de informar, conectar e valorizar a nossa comunidade de Ubirat\u00e3 e toda aregi\u00e3o. Com conte\u00fado atualizado, confi\u00e1vel e relevante, o Ubirat\u00e3 Online \u00e9 o seu espa\u00e7o para ficar por dentro dos principais acontecimentos locais, regionais, Brasil, Mundo e de interesse geral. Nosso compromisso \u00e9 com a verdade, a transpar\u00eancia e o respeito ao leitor.\",\"legalName\":\"UBIRATA ONLINE NOT\u00cdCIAS\",\"foundingDate\":\"2009-01-05\",\"numberOfEmployees\":{\"@type\":\"QuantitativeValue\",\"minValue\":\"1\",\"maxValue\":\"10\"},\"publishingPrinciples\":\"https:\\\/\\\/ubirataonline.com.br\\\/faq\\\/\",\"address\":{\"@id\":\"https:\\\/\\\/ubirataonline.com.br\\\/ant-anstead-shares-rare-photo-with-renee-zellweger-for-their-5-year-anniversary\\\/#local-main-place-address\"},\"geo\":{\"@type\":\"GeoCoordinates\",\"latitude\":\"-24.5361401\",\"longitude\":\"-52.9921776\"},\"telephone\":[\"+5544998308235\"],\"contactPoint\":{\"@type\":\"ContactPoint\",\"email\":\"contato@ubirataonline.com.br\"},\"openingHoursSpecification\":{\"@type\":\"OpeningHoursSpecification\",\"dayOfWeek\":[\"Monday\",\"Tuesday\",\"Wednesday\",\"Thursday\",\"Friday\",\"Saturday\",\"Sunday\"],\"opens\":\"00:00\",\"closes\":\"23:59\"},\"email\":\"contato@ubirataonline.com.br\",\"vatID\":\"47.621.418\\\/0001-80\"},{\"@type\":\"Person\",\"@id\":\"https:\\\/\\\/ubirataonline.com.br\\\/#\\\/schema\\\/person\\\/372f87bbd3fdd79b8556b84c98d0bc1c\",\"name\":\"REDA\u00c7\u00c3O: UBIRAT\u00c3 ONLINE - F\u00c1BIO AUGUSTO CELESTINO\",\"pronouns\":\"Ele\",\"description\":\"Desde 2003 trabalhando com not\u00edcias.\",\"sameAs\":[\"http:\\\/\\\/ubirataoline.com.br\",\"https:\\\/\\\/www.facebook.com\\\/portalubirataonline\",\"https:\\\/\\\/www.instagram.com\\\/ubirataonline_oficial\",\"https:\\\/\\\/x.com\\\/x.com\\\/ubirataonline\"],\"honorificPrefix\":\"Mr.\",\"honorificSuffix\":\"MD\",\"birthDate\":\"1980-06-16\",\"gender\":\"masculino\",\"award\":[\"V\u00e1rios pr\u00eamios de melhor portal da cidade\"],\"jobTitle\":\"Diretor\",\"url\":\"https:\\\/\\\/ubirataonline.com.br\\\/en\\\/author\\\/ubirataonline\\\/\"},{\"@type\":\"PostalAddress\",\"@id\":\"https:\\\/\\\/ubirataonline.com.br\\\/ant-anstead-shares-rare-photo-with-renee-zellweger-for-their-5-year-anniversary\\\/#local-main-place-address\",\"streetAddress\":\"Rua dos Coqueiros, 104 - Bairro Boa Vista, Rua dos Coqueiros, 104 Bairro Boa Vista\",\"addressLocality\":\"UBIRATA\",\"postalCode\":\"85440-000\",\"addressRegion\":\"PR\",\"addressCountry\":\"BR\"},{\"@type\":\"ImageObject\",\"inLanguage\":\"en-US\",\"@id\":\"https:\\\/\\\/ubirataonline.com.br\\\/ant-anstead-shares-rare-photo-with-renee-zellweger-for-their-5-year-anniversary\\\/#local-main-organization-logo\",\"url\":\"https:\\\/\\\/ubirataonline.com.br\\\/wp-content\\\/uploads\\\/2026\\\/06\\\/logoubirataonline-1.webp\",\"contentUrl\":\"https:\\\/\\\/ubirataonline.com.br\\\/wp-content\\\/uploads\\\/2026\\\/06\\\/logoubirataonline-1.webp\",\"width\":500,\"height\":500,\"caption\":\"Ubirat\u00e3 Online Not\u00edcias\"}]}<\/script>\n<meta name=\"geo.placename\" content=\"UBIRATA\" \/>\n<meta name=\"geo.position\" content=\"-24.5361401;-52.9921776\" \/>\n<meta name=\"geo.region\" content=\"Brazil\" \/>\n<!-- \/ Yoast SEO Premium plugin. -->","yoast_head_json":{"title":"Ant Anstead Shares Rare Photo with Ren\u00e9e Zellweger for Their 5-Year Anniversary - Ubirat\u00e3 Online Not\u00edcias - A realidade ao seu alcance!","description":"NEED TO KNOW Ant Anstead shared a heartfelt Instagram post celebrating five years with girlfriend Ren\u00e9e Zellweger, including a throwback photo from","robots":{"index":"index","follow":"follow","max-snippet":"max-snippet:-1","max-image-preview":"max-image-preview:large","max-video-preview":"max-video-preview:-1"},"canonical":"https:\/\/ubirataonline.com.br\/en\/ant-anstead-shares-rare-photo-with-renee-zellweger-for-their-5-year-anniversary\/","og_locale":"en_US","og_type":"article","og_title":"Ant Anstead Shares Rare Photo with Ren\u00e9e Zellweger for Their 5-Year Anniversary","og_description":"NEED TO KNOW Ant Anstead shared a heartfelt Instagram post celebrating five years with girlfriend Ren\u00e9e Zellweger, including a throwback photo from","og_url":"https:\/\/ubirataonline.com.br\/en\/ant-anstead-shares-rare-photo-with-renee-zellweger-for-their-5-year-anniversary\/","og_site_name":"Ubirat\u00e3 Online Not\u00edcias - A realidade ao seu alcance!","article_publisher":"https:\/\/www.facebook.com\/portalubirataonline","article_author":"https:\/\/www.facebook.com\/portalubirataonline","article_published_time":"2026-04-24T22:40:35+00:00","article_modified_time":"2026-04-24T22:40:38+00:00","og_image":[{"width":1500,"height":1000,"url":"https:\/\/ubirataonline.com.br\/wp-content\/uploads\/2026\/04\/Ant-Anstead-Shares-Rare-Photo-with-Renee-Zellweger-for-Their.jpg","type":"image\/jpeg"}],"author":"REDA\u00c7\u00c3O: UBIRAT\u00c3 ONLINE - F\u00c1BIO AUGUSTO CELESTINO","twitter_card":"summary_large_image","twitter_creator":"@x.com\/ubirataonline","twitter_site":"@ubirataonline","twitter_misc":{"Written by":"REDA\u00c7\u00c3O: UBIRAT\u00c3 ONLINE - F\u00c1BIO AUGUSTO CELESTINO","Est. reading time":"3 minutes"},"schema":{"@context":"https:\/\/schema.org","@graph":[{"@type":"NewsArticle","@id":"https:\/\/ubirataonline.com.br\/ant-anstead-shares-rare-photo-with-renee-zellweger-for-their-5-year-anniversary\/#article","isPartOf":{"@id":"https:\/\/ubirataonline.com.br\/ant-anstead-shares-rare-photo-with-renee-zellweger-for-their-5-year-anniversary\/"},"author":{"name":"REDA\u00c7\u00c3O: UBIRAT\u00c3 ONLINE - F\u00c1BIO AUGUSTO CELESTINO","@id":"https:\/\/ubirataonline.com.br\/#\/schema\/person\/372f87bbd3fdd79b8556b84c98d0bc1c"},"headline":"Ant Anstead Shares Rare Photo with Ren\u00e9e Zellweger for Their 5-Year Anniversary","datePublished":"2026-04-24T22:40:35+00:00","dateModified":"2026-04-24T22:40:38+00:00","mainEntityOfPage":{"@id":"https:\/\/ubirataonline.com.br\/ant-anstead-shares-rare-photo-with-renee-zellweger-for-their-5-year-anniversary\/"},"wordCount":642,"publisher":{"@id":"https:\/\/ubirataonline.com.br\/#organization"},"image":{"@id":"https:\/\/ubirataonline.com.br\/ant-anstead-shares-rare-photo-with-renee-zellweger-for-their-5-year-anniversary\/#primaryimage"},"thumbnailUrl":"https:\/\/ubirataonline.com.br\/wp-content\/uploads\/2026\/04\/Ant-Anstead-Shares-Rare-Photo-with-Renee-Zellweger-for-Their.jpg","keywords":["5Year","Anniversary","Anstead","Ant","Photo","Rare","Renee","shares","Zellweger"],"articleSection":["Ubirat\u00e3"],"inLanguage":"en-US","copyrightYear":"2026","copyrightHolder":{"@id":"https:\/\/ubirataonline.com.br\/en\/#organization"}},{"@type":"WebPage","@id":"https:\/\/ubirataonline.com.br\/ant-anstead-shares-rare-photo-with-renee-zellweger-for-their-5-year-anniversary\/","url":"https:\/\/ubirataonline.com.br\/ant-anstead-shares-rare-photo-with-renee-zellweger-for-their-5-year-anniversary\/","name":"Ant Anstead Shares Rare Photo with Ren\u00e9e Zellweger for Their 5-Year Anniversary - Ubirat\u00e3 Online Not\u00edcias - A realidade ao seu alcance!","isPartOf":{"@id":"https:\/\/ubirataonline.com.br\/#website"},"primaryImageOfPage":{"@id":"https:\/\/ubirataonline.com.br\/ant-anstead-shares-rare-photo-with-renee-zellweger-for-their-5-year-anniversary\/#primaryimage"},"image":{"@id":"https:\/\/ubirataonline.com.br\/ant-anstead-shares-rare-photo-with-renee-zellweger-for-their-5-year-anniversary\/#primaryimage"},"thumbnailUrl":"https:\/\/ubirataonline.com.br\/wp-content\/uploads\/2026\/04\/Ant-Anstead-Shares-Rare-Photo-with-Renee-Zellweger-for-Their.jpg","datePublished":"2026-04-24T22:40:35+00:00","dateModified":"2026-04-24T22:40:38+00:00","description":"NEED TO KNOW Ant Anstead shared a heartfelt Instagram post celebrating five years with girlfriend Ren\u00e9e Zellweger, including a throwback photo from","breadcrumb":{"@id":"https:\/\/ubirataonline.com.br\/ant-anstead-shares-rare-photo-with-renee-zellweger-for-their-5-year-anniversary\/#breadcrumb"},"inLanguage":"en-US","potentialAction":[{"@type":"ReadAction","target":["https:\/\/ubirataonline.com.br\/ant-anstead-shares-rare-photo-with-renee-zellweger-for-their-5-year-anniversary\/"]}]},{"@type":"ImageObject","inLanguage":"en-US","@id":"https:\/\/ubirataonline.com.br\/ant-anstead-shares-rare-photo-with-renee-zellweger-for-their-5-year-anniversary\/#primaryimage","url":"https:\/\/ubirataonline.com.br\/wp-content\/uploads\/2026\/04\/Ant-Anstead-Shares-Rare-Photo-with-Renee-Zellweger-for-Their.jpg","contentUrl":"https:\/\/ubirataonline.com.br\/wp-content\/uploads\/2026\/04\/Ant-Anstead-Shares-Rare-Photo-with-Renee-Zellweger-for-Their.jpg","width":1500,"height":1000,"caption":"Ant Anstead and Renee Zellweger. Credit : Ant Anstead\/Instagram"},{"@type":"BreadcrumbList","@id":"https:\/\/ubirataonline.com.br\/ant-anstead-shares-rare-photo-with-renee-zellweger-for-their-5-year-anniversary\/#breadcrumb","itemListElement":[{"@type":"ListItem","position":1,"name":"In\u00edcio","item":"https:\/\/ubirataonline.com.br\/"},{"@type":"ListItem","position":2,"name":"Ant Anstead Shares Rare Photo with Ren\u00e9e Zellweger for Their 5-Year Anniversary"}]},{"@type":"WebSite","@id":"https:\/\/ubirataonline.com.br\/#website","url":"https:\/\/ubirataonline.com.br\/","name":"Ubirat\u00e3 Online Not\u00edcias","description":"Not\u00edcias de Ubirat\u00e3, regi\u00e3o, Brasil e mundo, com informa\u00e7\u00e3o atualizada e compromisso com o leitor.","publisher":{"@id":"https:\/\/ubirataonline.com.br\/#organization"},"alternateName":"Ubirat\u00e3 Online","potentialAction":[{"@type":"SearchAction","target":{"@type":"EntryPoint","urlTemplate":"https:\/\/ubirataonline.com.br\/?s={search_term_string}"},"query-input":{"@type":"PropertyValueSpecification","valueRequired":true,"valueName":"search_term_string"}}],"inLanguage":"en-US"},{"@type":["Organization","Place"],"@id":"https:\/\/ubirataonline.com.br\/#organization","name":"Ubirat\u00e3 Online Not\u00edcias","alternateName":"Ubirat\u00e3 Online","url":"https:\/\/ubirataonline.com.br\/","logo":{"@id":"https:\/\/ubirataonline.com.br\/ant-anstead-shares-rare-photo-with-renee-zellweger-for-their-5-year-anniversary\/#local-main-organization-logo"},"image":{"@id":"https:\/\/ubirataonline.com.br\/ant-anstead-shares-rare-photo-with-renee-zellweger-for-their-5-year-anniversary\/#local-main-organization-logo"},"sameAs":["https:\/\/www.facebook.com\/portalubirataonline","https:\/\/x.com\/ubirataonline","https:\/\/mastodon.social\/@ubirataonline","https:\/\/www.facebook.com\/groups\/311144672285604","https:\/\/www.facebook.com\/UBTAOnline","https:\/\/www.instagram.com\/portalubirataonline\/","https:\/\/twitter.com\/ubirataonline"],"description":"Somos um portal de not\u00edcias independente, criado em 5 de janeiro de 2009, com o objetivo de informar, conectar e valorizar a nossa comunidade de Ubirat\u00e3 e toda aregi\u00e3o. Com conte\u00fado atualizado, confi\u00e1vel e relevante, o Ubirat\u00e3 Online \u00e9 o seu espa\u00e7o para ficar por dentro dos principais acontecimentos locais, regionais, Brasil, Mundo e de interesse geral. Nosso compromisso \u00e9 com a verdade, a transpar\u00eancia e o respeito ao leitor.","legalName":"UBIRATA ONLINE NOT\u00cdCIAS","foundingDate":"2009-01-05","numberOfEmployees":{"@type":"QuantitativeValue","minValue":"1","maxValue":"10"},"publishingPrinciples":"https:\/\/ubirataonline.com.br\/faq\/","address":{"@id":"https:\/\/ubirataonline.com.br\/ant-anstead-shares-rare-photo-with-renee-zellweger-for-their-5-year-anniversary\/#local-main-place-address"},"geo":{"@type":"GeoCoordinates","latitude":"-24.5361401","longitude":"-52.9921776"},"telephone":["+5544998308235"],"contactPoint":{"@type":"ContactPoint","email":"contato@ubirataonline.com.br"},"openingHoursSpecification":{"@type":"OpeningHoursSpecification","dayOfWeek":["Monday","Tuesday","Wednesday","Thursday","Friday","Saturday","Sunday"],"opens":"00:00","closes":"23:59"},"email":"contato@ubirataonline.com.br","vatID":"47.621.418\/0001-80"},{"@type":"Person","@id":"https:\/\/ubirataonline.com.br\/#\/schema\/person\/372f87bbd3fdd79b8556b84c98d0bc1c","name":"REDA\u00c7\u00c3O: UBIRAT\u00c3 ONLINE - F\u00c1BIO AUGUSTO CELESTINO","pronouns":"Ele","description":"Desde 2003 trabalhando com not\u00edcias.","sameAs":["http:\/\/ubirataoline.com.br","https:\/\/www.facebook.com\/portalubirataonline","https:\/\/www.instagram.com\/ubirataonline_oficial","https:\/\/x.com\/x.com\/ubirataonline"],"honorificPrefix":"Mr.","honorificSuffix":"MD","birthDate":"1980-06-16","gender":"masculino","award":["V\u00e1rios pr\u00eamios de melhor portal da cidade"],"jobTitle":"Diretor","url":"https:\/\/ubirataonline.com.br\/en\/author\/ubirataonline\/"},{"@type":"PostalAddress","@id":"https:\/\/ubirataonline.com.br\/ant-anstead-shares-rare-photo-with-renee-zellweger-for-their-5-year-anniversary\/#local-main-place-address","streetAddress":"Rua dos Coqueiros, 104 - Bairro Boa Vista, Rua dos Coqueiros, 104 Bairro Boa Vista","addressLocality":"UBIRATA","postalCode":"85440-000","addressRegion":"PR","addressCountry":"BR"},{"@type":"ImageObject","inLanguage":"en-US","@id":"https:\/\/ubirataonline.com.br\/ant-anstead-shares-rare-photo-with-renee-zellweger-for-their-5-year-anniversary\/#local-main-organization-logo","url":"https:\/\/ubirataonline.com.br\/wp-content\/uploads\/2026\/06\/logoubirataonline-1.webp","contentUrl":"https:\/\/ubirataonline.com.br\/wp-content\/uploads\/2026\/06\/logoubirataonline-1.webp","width":500,"height":500,"caption":"Ubirat\u00e3 Online Not\u00edcias"}]},"geo.placename":"UBIRATA","geo.position":{"lat":"-24.5361401","long":"-52.9921776"},"geo.region":"Brazil"},"_links":{"self":[{"href":"https:\/\/ubirataonline.com.br\/en\/wp-json\/wp\/v2\/posts\/114432","targetHints":{"allow":["GET"]}}],"collection":[{"href":"https:\/\/ubirataonline.com.br\/en\/wp-json\/wp\/v2\/posts"}],"about":[{"href":"https:\/\/ubirataonline.com.br\/en\/wp-json\/wp\/v2\/types\/post"}],"author":[{"embeddable":true,"href":"https:\/\/ubirataonline.com.br\/en\/wp-json\/wp\/v2\/users\/1"}],"replies":[{"embeddable":true,"href":"https:\/\/ubirataonline.com.br\/en\/wp-json\/wp\/v2\/comments?post=114432"}],"version-history":[{"count":0,"href":"https:\/\/ubirataonline.com.br\/en\/wp-json\/wp\/v2\/posts\/114432\/revisions"}],"wp:featuredmedia":[{"embeddable":true,"href":"https:\/\/ubirataonline.com.br\/en\/wp-json\/wp\/v2\/media\/114433"}],"wp:attachment":[{"href":"https:\/\/ubirataonline.com.br\/en\/wp-json\/wp\/v2\/media?parent=114432"}],"wp:term":[{"taxonomy":"category","embeddable":true,"href":"https:\/\/ubirataonline.com.br\/en\/wp-json\/wp\/v2\/categories?post=114432"},{"taxonomy":"post_tag","embeddable":true,"href":"https:\/\/ubirataonline.com.br\/en\/wp-json\/wp\/v2\/tags?post=114432"}],"curies":[{"name":"wp","href":"https:\/\/api.w.org\/{rel}","templated":true}]}}