{"id":114602,"date":"2026-04-24T23:42:15","date_gmt":"2026-04-25T02:42:15","guid":{"rendered":"https:\/\/ubirataonline.com.br\/em-alta-wembanyama-vira-duvida-na-nba-apos-concussao\/"},"modified":"2026-04-24T23:42:33","modified_gmt":"2026-04-25T02:42:33","slug":"em-alta-wembanyama-vira-duvida-na-nba-apos-concussao","status":"publish","type":"post","link":"https:\/\/ubirataonline.com.br\/en\/em-alta-wembanyama-vira-duvida-na-nba-apos-concussao\/","title":{"rendered":"Em alta, Wembanyama vira d\u00favida na NBA ap\u00f3s concuss\u00e3o"},"content":{"rendered":"<p><\/p>\n<div>\n<div class=\"mc-column content-text active-extra-styles active-capital-letter\" data-block-type=\"unstyled\" data-block-weight=\"139\">\n<p class=\"content-text__container theme-color-primary-first-letter\" data-track-category=\"Link no Texto\" data-track-links=\"\"> Os \u00faltimos dias foram dignos de sonho para o piv\u00f4 Victor Wembanyama, estrela do San Antonio Spurs, na NBA. Lideran\u00e7a t\u00e9cnica de um dos favoritos ao t\u00edtulo da liga, o franc\u00eas de 22 anos fez sua estreia nos playoffs, no \u00faltimo domingo, marcando incr\u00edveis 35 pontos (recorde da franquia para um estreante, sob os olhares dos \u00eddolos Tim Duncan e David Robinson) e ajudando sua equipe a abrir 1 a 0 sobre o Portland Trail Blazers com vit\u00f3ria por 111 a 98. No dia seguinte, ele foi eleito Defensor do Ano por unanimidade. Mas logo viu a calmaria virar caos: sofreu uma queda feia e bateu com o rosto na quadra no in\u00edcio do segundo quarto do jogo 2, na ter\u00e7a-feira. A situa\u00e7\u00e3o joga d\u00favidas sobre sua sequ\u00eancia na s\u00e9rie, enquanto cumpre o estrito protocolo de concuss\u00e3o da liga. <\/p>\n<\/p><\/div>\n<div class=\"row medium-uncollapsed content-media content-photo\" data-block-type=\"backstage-photo\">\n<div class=\"mc-column content-media__container\">\n<div class=\"content-media-container\">\n<figure class=\"content-media__figure\"><figcaption class=\"content-media__description\"> Aproveitamento do San Antonio Spurs com e sem Wembanyama em quadra \u2014 Foto: Editoria de arte <\/figcaption><\/figure>\n<\/p><\/div>\n<\/p><\/div>\n<\/p><\/div>\n<div class=\"mc-column content-text active-extra-styles\" data-block-type=\"unstyled\" data-block-weight=\"69\">\n<p class=\"content-text__container\" data-track-category=\"Link no Texto\" data-track-links=\"\"> No mesmo jogo em que precisou sair de quadra, os Spurs at\u00e9 fizeram jogo duro com os Blazers, mas ca\u00edram por 106 a 103. Viram o time de Portland, comandado pelo brasileiro Tiago Splitter, empatar a s\u00e9rie. Agora, as equipes duelam duas vezes seguidas no Moda Center, em Portland. O terceiro jogo \u00e9 hoje, \u00e0s 23h30 (o Prime Video transmite). Wemby viajou com a equipe, mas segue como d\u00favida. <\/p>\n<\/p><\/div>\n<div class=\"mc-column content-text active-extra-styles\" data-block-type=\"unstyled\" data-block-weight=\"106\">\n<p class=\"content-text__container\" data-track-category=\"Link no Texto\" data-track-links=\"\"> O protocolo de concuss\u00e3o da NBA estabelece um per\u00edodo obrigat\u00f3rio de 24 horas de monitoramento cont\u00ednuo ap\u00f3s a les\u00e3o. O jogador s\u00f3 pode voltar a atuar ap\u00f3s 48 horas, depois de completar o processo de retorno. Tal processo envolve, passo a passo, uma s\u00e9rie de atividades f\u00edsicas: bicicleta ergom\u00e9trica, corrida leve, trabalho de agilidade e treino sem contato. A libera\u00e7\u00e3o para voltar a atuar s\u00f3 vem com a conclus\u00e3o desse procedimento mais a aus\u00eancia de sintomas da concuss\u00e3o atestados pelo m\u00e9dico da equipe e ratificados pelo diretor do programa de concuss\u00e3o da liga. Anteontem, o franc\u00eas j\u00e1 estava fazendo atividades envolvendo treino cardiovascular, um sinal positivo. <\/p>\n<\/p><\/div>\n<div class=\"mc-column content-text active-extra-styles\" data-block-type=\"unstyled\" data-block-weight=\"138\">\n<p class=\"content-text__container\" data-track-category=\"Link no Texto\" data-track-links=\"\"> Em sua terceira temporada na liga, Wemby virou figura central nos sistemas ofensivo e defensivo dos Spurs. Na temporada regular, a equipe texana at\u00e9 manteve um bom aproveitamento nos 12 jogos em que esteve sem o camisa 1 em quadra, mas viu m\u00e9tricas importantes ca\u00edrem. A aus\u00eancia do gigante de 2,24m piora a defesa do time de Mitch Johnson, que leva seis pontos a mais, em m\u00e9dia, por jogo. O ataque tem acr\u00e9scimo pequeno, mas o time tamb\u00e9m sente falta de tocos e rebotes, duas especialidades de Wemby, que o levaram a receber o pr\u00eamio de Defensor do Ano. Na temporada regular, o franc\u00eas terminou com 11,5 rebotes e 3,1 tocos (l\u00edder da liga no fundamento) por jogo, al\u00e9m dos seus 25 pontos de m\u00e9dia. Ele ainda \u00e9 um dos principais concorrentes ao pr\u00eamio de MVP (melhor jogador). <\/p>\n<\/p><\/div>\n<div class=\"mc-column content-text active-extra-styles\" data-block-type=\"unstyled\" data-block-weight=\"38\">\n<p class=\"content-text__container\" data-track-category=\"Link no Texto\" data-track-links=\"\"> Em entrevista coletiva antes da viagem a Portland, o t\u00e9cnico Mitch Johnson n\u00e3o cravou qualquer decis\u00e3o sobre o jogador. Falou em prioridade para a sa\u00fade de Wemby, mas deixou aberta a possibilidade do retorno j\u00e1 no jogo 3. <\/p>\n<\/p><\/div>\n<div class=\"mc-column content-text active-extra-styles\" data-block-type=\"unstyled\" data-block-weight=\"37\">\n<p class=\"content-text__container\" data-track-category=\"Link no Texto\" data-track-links=\"\"> \u2014 At\u00e9 onde eu sei, n\u00e3o tivemos essa discuss\u00e3o (sobre vet\u00e1-lo). O protocolo \u00e9 o protocolo. A liga est\u00e1 em cima disso. S\u00f3 podemos esperar que ele continue progredindo. N\u00e3o importa o tempo necess\u00e1rio para o retorno. <\/p>\n<\/p><\/div>\n<div class=\"mc-column content-text active-extra-styles\" data-block-type=\"unstyled\" data-block-weight=\"45\">\n<p class=\"content-text__container\" data-track-category=\"Link no Texto\" data-track-links=\"\"> Se Johnson n\u00e3o tiver Wemby \u00e0 disposi\u00e7\u00e3o, Luke Kornet deve seguir no time titular. O experiente piv\u00f4 de 30 anos terminou o jogo 2 com 10 pontos e 9 rebotes. Na temporada, tem m\u00e9dias de 6,5 pontos e 6,1 rebotes atuando 21 minutos por jogo. <\/p>\n<\/p><\/div>\n<div class=\"mc-column content-text active-extra-styles\" data-block-type=\"unstyled\" data-block-weight=\"86\">\n<p class=\"content-text__container\" data-track-category=\"Link no Texto\" data-track-links=\"\"> N\u00e3o foram s\u00f3 os Spurs que perderam um de seus principais jogadores. Atual campe\u00e3o, o Oklahoma City Thunder levou um susto com o ala-armador Jalen Willians. Ele deixou o jogo 2 da s\u00e9rie com o Phoenix Suns, na \u00faltima quarta-feira, com um problema muscular na coxa esquerda. Destaque da campanha do t\u00edtulo na temporada passada, Williams perdeu boa parte desta com les\u00f5es no punho direito e contus\u00f5es musculares na coxa direita. Fazia apenas seu 35\u00ba jogo, somando temporada regular e playoffs, quando sofreu o novo problema. <\/p>\n<\/p><\/div>\n<div class=\"mc-column content-text active-extra-styles\" data-block-type=\"unstyled\" data-block-weight=\"63\">\n<p class=\"content-text__container\" data-track-category=\"Link no Texto\" data-track-links=\"\"> Ontem, exames revelaram que a les\u00e3o \u00e9 uma distens\u00e3o de grau 1, mais leve. Todavia, de acordo com a imprensa americana, ele ainda deve ser desfalques nos jogos 3 e 4, al\u00e9m de um eventual jogo 5 da s\u00e9rie. As equipes volta a se enfrentar amanh\u00e3, em Phoenix, \u00e0s 16h30 (a ESPN transmite). O Thunder vai vencendo a s\u00e9rie por 2 a 0. <\/p>\n<\/p><\/div>\n<div class=\"mc-column content-text active-extra-styles\" data-block-type=\"unstyled\" data-block-weight=\"43\">\n<p class=\"content-text__container\" data-track-category=\"Link no Texto\" data-track-links=\"\"> A noite de hoje tem a visita dos Boston Celtics aos Philadelphia Sixers (s\u00e9rie empatada em 1 a 1), \u00e0s 20h, e visita do Los Angeles Lakers ao Houston Rockets (Lakers lideram por 2 a 0) \u00e0s 21h. Ambos transmitidos pelo Prime Video. <\/p>\n<\/p><\/div>\n<\/p><\/div>\n<p><a href=\"https:\/\/oglobo.globo.com\/tudo-sobre\/esporte\/noticia\/2026\/04\/24\/em-alta-wembanyama-vira-duvida-na-nba-apos-concussao.ghtml\">Fonte do Artigo <\/a><\/p>","protected":false},"excerpt":{"rendered":"<p>Os \u00faltimos dias foram dignos de sonho para o piv\u00f4 Victor Wembanyama, estrela do San Antonio Spurs, na NBA. Lideran\u00e7a t\u00e9cnica de um dos favoritos ao t\u00edtulo da liga, o franc\u00eas de 22 anos fez sua estreia nos playoffs, no \u00faltimo domingo, marcando incr\u00edveis 35 pontos (recorde da franquia para um estreante, sob os olhares [&hellip;]<\/p>\n","protected":false},"author":1,"featured_media":114603,"comment_status":"closed","ping_status":"","sticky":false,"template":"","format":"standard","meta":{"googlesitekit_rrm_CAow2JLhCw:productID":"","_gspb_post_css":"","maa_idioma":"","maa_pais":"","footnotes":""},"categories":[4],"tags":[3350,3140,14239,20477,4039,4061,8313],"class_list":["post-114602","post","type-post","status-publish","format-standard","has-post-thumbnail","hentry","category-brasil","tag-alta","tag-apos","tag-concussao","tag-duvida","tag-nba","tag-vira","tag-wembanyama"],"blocksy_meta":[],"yoast_head":"<!-- This site is optimized with the Yoast SEO Premium plugin v27.6 (Yoast SEO v27.6) - https:\/\/yoast.com\/product\/yoast-seo-premium-wordpress\/ -->\n<title>Em alta, Wembanyama vira d\u00favida na NBA ap\u00f3s concuss\u00e3o - Ubirat\u00e3 Online Not\u00edcias - A realidade ao seu alcance!<\/title>\n<meta name=\"description\" content=\"Os \u00faltimos dias foram dignos de sonho para o piv\u00f4 Victor Wembanyama, estrela do San Antonio Spurs, na NBA. Lideran\u00e7a t\u00e9cnica de um dos favoritos ao t\u00edtulo\" \/>\n<meta name=\"robots\" content=\"index, follow, max-snippet:-1, max-image-preview:large, max-video-preview:-1\" \/>\n<link rel=\"canonical\" href=\"https:\/\/ubirataonline.com.br\/en\/em-alta-wembanyama-vira-duvida-na-nba-apos-concussao\/\" \/>\n<meta property=\"og:locale\" content=\"en_US\" \/>\n<meta property=\"og:type\" content=\"article\" \/>\n<meta property=\"og:title\" content=\"Em alta, Wembanyama vira d\u00favida na NBA ap\u00f3s concuss\u00e3o\" \/>\n<meta property=\"og:description\" content=\"Os \u00faltimos dias foram dignos de sonho para o piv\u00f4 Victor Wembanyama, estrela do San Antonio Spurs, na NBA. Lideran\u00e7a t\u00e9cnica de um dos favoritos ao t\u00edtulo\" \/>\n<meta property=\"og:url\" content=\"https:\/\/ubirataonline.com.br\/en\/em-alta-wembanyama-vira-duvida-na-nba-apos-concussao\/\" \/>\n<meta property=\"og:site_name\" content=\"Ubirat\u00e3 Online Not\u00edcias - A realidade ao seu alcance!\" \/>\n<meta property=\"article:publisher\" content=\"https:\/\/www.facebook.com\/portalubirataonline\" \/>\n<meta property=\"article:author\" content=\"https:\/\/www.facebook.com\/portalubirataonline\" \/>\n<meta property=\"article:published_time\" content=\"2026-04-25T02:42:15+00:00\" \/>\n<meta property=\"article:modified_time\" content=\"2026-04-25T02:42:33+00:00\" \/>\n<meta property=\"og:image\" content=\"https:\/\/ubirataonline.com.br\/wp-content\/uploads\/2026\/04\/Em-alta-Wembanyama-vira-duvida-na-NBA-apos-concussao.j-scaled.jpeg\" \/>\n\t<meta property=\"og:image:width\" content=\"2560\" \/>\n\t<meta property=\"og:image:height\" content=\"2247\" \/>\n\t<meta property=\"og:image:type\" content=\"image\/jpeg\" \/>\n<meta name=\"author\" content=\"REDA\u00c7\u00c3O: UBIRAT\u00c3 ONLINE - F\u00c1BIO AUGUSTO CELESTINO\" \/>\n<meta name=\"twitter:card\" content=\"summary_large_image\" \/>\n<meta name=\"twitter:creator\" content=\"@x.com\/ubirataonline\" \/>\n<meta name=\"twitter:site\" content=\"@ubirataonline\" \/>\n<meta name=\"twitter:label1\" content=\"Written by\" \/>\n\t<meta name=\"twitter:data1\" content=\"REDA\u00c7\u00c3O: UBIRAT\u00c3 ONLINE - F\u00c1BIO AUGUSTO CELESTINO\" \/>\n\t<meta name=\"twitter:label2\" content=\"Est. reading time\" \/>\n\t<meta name=\"twitter:data2\" content=\"4 minutes\" \/>\n<script type=\"application\/ld+json\" class=\"yoast-schema-graph\">{\"@context\":\"https:\\\/\\\/schema.org\",\"@graph\":[{\"@type\":\"NewsArticle\",\"@id\":\"https:\\\/\\\/ubirataonline.com.br\\\/em-alta-wembanyama-vira-duvida-na-nba-apos-concussao\\\/#article\",\"isPartOf\":{\"@id\":\"https:\\\/\\\/ubirataonline.com.br\\\/em-alta-wembanyama-vira-duvida-na-nba-apos-concussao\\\/\"},\"author\":{\"name\":\"REDA\u00c7\u00c3O: UBIRAT\u00c3 ONLINE - F\u00c1BIO AUGUSTO CELESTINO\",\"@id\":\"https:\\\/\\\/ubirataonline.com.br\\\/#\\\/schema\\\/person\\\/372f87bbd3fdd79b8556b84c98d0bc1c\"},\"headline\":\"Em alta, Wembanyama vira d\u00favida na NBA ap\u00f3s concuss\u00e3o\",\"datePublished\":\"2026-04-25T02:42:15+00:00\",\"dateModified\":\"2026-04-25T02:42:33+00:00\",\"mainEntityOfPage\":{\"@id\":\"https:\\\/\\\/ubirataonline.com.br\\\/em-alta-wembanyama-vira-duvida-na-nba-apos-concussao\\\/\"},\"wordCount\":821,\"publisher\":{\"@id\":\"https:\\\/\\\/ubirataonline.com.br\\\/#organization\"},\"image\":{\"@id\":\"https:\\\/\\\/ubirataonline.com.br\\\/em-alta-wembanyama-vira-duvida-na-nba-apos-concussao\\\/#primaryimage\"},\"thumbnailUrl\":\"https:\\\/\\\/ubirataonline.com.br\\\/wp-content\\\/uploads\\\/2026\\\/04\\\/Em-alta-Wembanyama-vira-duvida-na-NBA-apos-concussao.j-scaled.jpeg\",\"keywords\":[\"alta\",\"ap\u00f3s\",\"concuss\u00e3o\",\"d\u00favida\",\"NBA\",\"vira\",\"Wembanyama\"],\"articleSection\":[\"Brasil\"],\"inLanguage\":\"en-US\",\"copyrightYear\":\"2026\",\"copyrightHolder\":{\"@id\":\"https:\\\/\\\/ubirataonline.com.br\\\/en\\\/#organization\"}},{\"@type\":\"WebPage\",\"@id\":\"https:\\\/\\\/ubirataonline.com.br\\\/em-alta-wembanyama-vira-duvida-na-nba-apos-concussao\\\/\",\"url\":\"https:\\\/\\\/ubirataonline.com.br\\\/em-alta-wembanyama-vira-duvida-na-nba-apos-concussao\\\/\",\"name\":\"Em alta, Wembanyama vira d\u00favida na NBA ap\u00f3s concuss\u00e3o - Ubirat\u00e3 Online Not\u00edcias - A realidade ao seu alcance!\",\"isPartOf\":{\"@id\":\"https:\\\/\\\/ubirataonline.com.br\\\/#website\"},\"primaryImageOfPage\":{\"@id\":\"https:\\\/\\\/ubirataonline.com.br\\\/em-alta-wembanyama-vira-duvida-na-nba-apos-concussao\\\/#primaryimage\"},\"image\":{\"@id\":\"https:\\\/\\\/ubirataonline.com.br\\\/em-alta-wembanyama-vira-duvida-na-nba-apos-concussao\\\/#primaryimage\"},\"thumbnailUrl\":\"https:\\\/\\\/ubirataonline.com.br\\\/wp-content\\\/uploads\\\/2026\\\/04\\\/Em-alta-Wembanyama-vira-duvida-na-NBA-apos-concussao.j-scaled.jpeg\",\"datePublished\":\"2026-04-25T02:42:15+00:00\",\"dateModified\":\"2026-04-25T02:42:33+00:00\",\"description\":\"Os \u00faltimos dias foram dignos de sonho para o piv\u00f4 Victor Wembanyama, estrela do San Antonio Spurs, na NBA. Lideran\u00e7a t\u00e9cnica de um dos favoritos ao t\u00edtulo\",\"breadcrumb\":{\"@id\":\"https:\\\/\\\/ubirataonline.com.br\\\/em-alta-wembanyama-vira-duvida-na-nba-apos-concussao\\\/#breadcrumb\"},\"inLanguage\":\"en-US\",\"potentialAction\":[{\"@type\":\"ReadAction\",\"target\":[\"https:\\\/\\\/ubirataonline.com.br\\\/em-alta-wembanyama-vira-duvida-na-nba-apos-concussao\\\/\"]}]},{\"@type\":\"ImageObject\",\"inLanguage\":\"en-US\",\"@id\":\"https:\\\/\\\/ubirataonline.com.br\\\/em-alta-wembanyama-vira-duvida-na-nba-apos-concussao\\\/#primaryimage\",\"url\":\"https:\\\/\\\/ubirataonline.com.br\\\/wp-content\\\/uploads\\\/2026\\\/04\\\/Em-alta-Wembanyama-vira-duvida-na-NBA-apos-concussao.j-scaled.jpeg\",\"contentUrl\":\"https:\\\/\\\/ubirataonline.com.br\\\/wp-content\\\/uploads\\\/2026\\\/04\\\/Em-alta-Wembanyama-vira-duvida-na-NBA-apos-concussao.j-scaled.jpeg\",\"width\":2560,\"height\":2247,\"caption\":\"O franc\u00eas Victor Wembanyama (camisa 1) disputa com Donovan Clinton, dos Portland Trailblazers: defensor do ano pode perder um ou mais jogos \u2014 Foto: Ronald Cortes \\\/ Getty Images via AFP\"},{\"@type\":\"BreadcrumbList\",\"@id\":\"https:\\\/\\\/ubirataonline.com.br\\\/em-alta-wembanyama-vira-duvida-na-nba-apos-concussao\\\/#breadcrumb\",\"itemListElement\":[{\"@type\":\"ListItem\",\"position\":1,\"name\":\"In\u00edcio\",\"item\":\"https:\\\/\\\/ubirataonline.com.br\\\/\"},{\"@type\":\"ListItem\",\"position\":2,\"name\":\"Em alta, Wembanyama vira d\u00favida na NBA ap\u00f3s concuss\u00e3o\"}]},{\"@type\":\"WebSite\",\"@id\":\"https:\\\/\\\/ubirataonline.com.br\\\/#website\",\"url\":\"https:\\\/\\\/ubirataonline.com.br\\\/\",\"name\":\"Ubirat\u00e3 Online Not\u00edcias\",\"description\":\"Not\u00edcias de Ubirat\u00e3, regi\u00e3o, Brasil e mundo, com informa\u00e7\u00e3o atualizada e compromisso com o leitor.\",\"publisher\":{\"@id\":\"https:\\\/\\\/ubirataonline.com.br\\\/#organization\"},\"alternateName\":\"Ubirat\u00e3 Online\",\"potentialAction\":[{\"@type\":\"SearchAction\",\"target\":{\"@type\":\"EntryPoint\",\"urlTemplate\":\"https:\\\/\\\/ubirataonline.com.br\\\/?s={search_term_string}\"},\"query-input\":{\"@type\":\"PropertyValueSpecification\",\"valueRequired\":true,\"valueName\":\"search_term_string\"}}],\"inLanguage\":\"en-US\"},{\"@type\":[\"Organization\",\"Place\"],\"@id\":\"https:\\\/\\\/ubirataonline.com.br\\\/#organization\",\"name\":\"Ubirat\u00e3 Online Not\u00edcias\",\"alternateName\":\"Ubirat\u00e3 Online\",\"url\":\"https:\\\/\\\/ubirataonline.com.br\\\/\",\"logo\":{\"@id\":\"https:\\\/\\\/ubirataonline.com.br\\\/em-alta-wembanyama-vira-duvida-na-nba-apos-concussao\\\/#local-main-organization-logo\"},\"image\":{\"@id\":\"https:\\\/\\\/ubirataonline.com.br\\\/em-alta-wembanyama-vira-duvida-na-nba-apos-concussao\\\/#local-main-organization-logo\"},\"sameAs\":[\"https:\\\/\\\/www.facebook.com\\\/portalubirataonline\",\"https:\\\/\\\/x.com\\\/ubirataonline\",\"https:\\\/\\\/mastodon.social\\\/@ubirataonline\",\"https:\\\/\\\/www.facebook.com\\\/groups\\\/311144672285604\",\"https:\\\/\\\/www.facebook.com\\\/UBTAOnline\",\"https:\\\/\\\/www.instagram.com\\\/portalubirataonline\\\/\",\"https:\\\/\\\/twitter.com\\\/ubirataonline\"],\"description\":\"Somos um portal de not\u00edcias independente, criado em 5 de janeiro de 2009, com o objetivo de informar, conectar e valorizar a nossa comunidade de Ubirat\u00e3 e toda aregi\u00e3o. Com conte\u00fado atualizado, confi\u00e1vel e relevante, o Ubirat\u00e3 Online \u00e9 o seu espa\u00e7o para ficar por dentro dos principais acontecimentos locais, regionais, Brasil, Mundo e de interesse geral. Nosso compromisso \u00e9 com a verdade, a transpar\u00eancia e o respeito ao leitor.\",\"legalName\":\"UBIRATA ONLINE NOT\u00cdCIAS\",\"foundingDate\":\"2009-01-05\",\"numberOfEmployees\":{\"@type\":\"QuantitativeValue\",\"minValue\":\"1\",\"maxValue\":\"10\"},\"publishingPrinciples\":\"https:\\\/\\\/ubirataonline.com.br\\\/faq\\\/\",\"address\":{\"@id\":\"https:\\\/\\\/ubirataonline.com.br\\\/em-alta-wembanyama-vira-duvida-na-nba-apos-concussao\\\/#local-main-place-address\"},\"geo\":{\"@type\":\"GeoCoordinates\",\"latitude\":\"-24.5361401\",\"longitude\":\"-52.9921776\"},\"telephone\":[\"+5544998308235\"],\"contactPoint\":{\"@type\":\"ContactPoint\",\"email\":\"contato@ubirataonline.com.br\"},\"openingHoursSpecification\":{\"@type\":\"OpeningHoursSpecification\",\"dayOfWeek\":[\"Monday\",\"Tuesday\",\"Wednesday\",\"Thursday\",\"Friday\",\"Saturday\",\"Sunday\"],\"opens\":\"00:00\",\"closes\":\"23:59\"},\"email\":\"contato@ubirataonline.com.br\",\"vatID\":\"47.621.418\\\/0001-80\"},{\"@type\":\"Person\",\"@id\":\"https:\\\/\\\/ubirataonline.com.br\\\/#\\\/schema\\\/person\\\/372f87bbd3fdd79b8556b84c98d0bc1c\",\"name\":\"REDA\u00c7\u00c3O: UBIRAT\u00c3 ONLINE - F\u00c1BIO AUGUSTO CELESTINO\",\"pronouns\":\"Ele\",\"description\":\"Desde 2003 trabalhando com not\u00edcias.\",\"sameAs\":[\"http:\\\/\\\/ubirataoline.com.br\",\"https:\\\/\\\/www.facebook.com\\\/portalubirataonline\",\"https:\\\/\\\/www.instagram.com\\\/ubirataonline_oficial\",\"https:\\\/\\\/x.com\\\/x.com\\\/ubirataonline\"],\"honorificPrefix\":\"Mr.\",\"honorificSuffix\":\"MD\",\"birthDate\":\"1980-06-16\",\"gender\":\"masculino\",\"award\":[\"V\u00e1rios pr\u00eamios de melhor portal da cidade\"],\"jobTitle\":\"Diretor\",\"url\":\"https:\\\/\\\/ubirataonline.com.br\\\/en\\\/author\\\/ubirataonline\\\/\"},{\"@type\":\"PostalAddress\",\"@id\":\"https:\\\/\\\/ubirataonline.com.br\\\/em-alta-wembanyama-vira-duvida-na-nba-apos-concussao\\\/#local-main-place-address\",\"streetAddress\":\"Rua dos Coqueiros, 104 - Bairro Boa Vista, Rua dos Coqueiros, 104 Bairro Boa Vista\",\"addressLocality\":\"UBIRATA\",\"postalCode\":\"85440-000\",\"addressRegion\":\"PR\",\"addressCountry\":\"BR\"},{\"@type\":\"ImageObject\",\"inLanguage\":\"en-US\",\"@id\":\"https:\\\/\\\/ubirataonline.com.br\\\/em-alta-wembanyama-vira-duvida-na-nba-apos-concussao\\\/#local-main-organization-logo\",\"url\":\"https:\\\/\\\/ubirataonline.com.br\\\/wp-content\\\/uploads\\\/2026\\\/06\\\/logoubirataonline-1.webp\",\"contentUrl\":\"https:\\\/\\\/ubirataonline.com.br\\\/wp-content\\\/uploads\\\/2026\\\/06\\\/logoubirataonline-1.webp\",\"width\":500,\"height\":500,\"caption\":\"Ubirat\u00e3 Online Not\u00edcias\"}]}<\/script>\n<meta name=\"geo.placename\" content=\"UBIRATA\" \/>\n<meta name=\"geo.position\" content=\"-24.5361401;-52.9921776\" \/>\n<meta name=\"geo.region\" content=\"Brazil\" \/>\n<!-- \/ Yoast SEO Premium plugin. -->","yoast_head_json":{"title":"Em alta, Wembanyama vira d\u00favida na NBA ap\u00f3s concuss\u00e3o - Ubirat\u00e3 Online Not\u00edcias - A realidade ao seu alcance!","description":"Os \u00faltimos dias foram dignos de sonho para o piv\u00f4 Victor Wembanyama, estrela do San Antonio Spurs, na NBA. Lideran\u00e7a t\u00e9cnica de um dos favoritos ao t\u00edtulo","robots":{"index":"index","follow":"follow","max-snippet":"max-snippet:-1","max-image-preview":"max-image-preview:large","max-video-preview":"max-video-preview:-1"},"canonical":"https:\/\/ubirataonline.com.br\/en\/em-alta-wembanyama-vira-duvida-na-nba-apos-concussao\/","og_locale":"en_US","og_type":"article","og_title":"Em alta, Wembanyama vira d\u00favida na NBA ap\u00f3s concuss\u00e3o","og_description":"Os \u00faltimos dias foram dignos de sonho para o piv\u00f4 Victor Wembanyama, estrela do San Antonio Spurs, na NBA. Lideran\u00e7a t\u00e9cnica de um dos favoritos ao t\u00edtulo","og_url":"https:\/\/ubirataonline.com.br\/en\/em-alta-wembanyama-vira-duvida-na-nba-apos-concussao\/","og_site_name":"Ubirat\u00e3 Online Not\u00edcias - A realidade ao seu alcance!","article_publisher":"https:\/\/www.facebook.com\/portalubirataonline","article_author":"https:\/\/www.facebook.com\/portalubirataonline","article_published_time":"2026-04-25T02:42:15+00:00","article_modified_time":"2026-04-25T02:42:33+00:00","og_image":[{"width":2560,"height":2247,"url":"https:\/\/ubirataonline.com.br\/wp-content\/uploads\/2026\/04\/Em-alta-Wembanyama-vira-duvida-na-NBA-apos-concussao.j-scaled.jpeg","type":"image\/jpeg"}],"author":"REDA\u00c7\u00c3O: UBIRAT\u00c3 ONLINE - F\u00c1BIO AUGUSTO CELESTINO","twitter_card":"summary_large_image","twitter_creator":"@x.com\/ubirataonline","twitter_site":"@ubirataonline","twitter_misc":{"Written by":"REDA\u00c7\u00c3O: UBIRAT\u00c3 ONLINE - F\u00c1BIO AUGUSTO CELESTINO","Est. reading time":"4 minutes"},"schema":{"@context":"https:\/\/schema.org","@graph":[{"@type":"NewsArticle","@id":"https:\/\/ubirataonline.com.br\/em-alta-wembanyama-vira-duvida-na-nba-apos-concussao\/#article","isPartOf":{"@id":"https:\/\/ubirataonline.com.br\/em-alta-wembanyama-vira-duvida-na-nba-apos-concussao\/"},"author":{"name":"REDA\u00c7\u00c3O: UBIRAT\u00c3 ONLINE - F\u00c1BIO AUGUSTO CELESTINO","@id":"https:\/\/ubirataonline.com.br\/#\/schema\/person\/372f87bbd3fdd79b8556b84c98d0bc1c"},"headline":"Em alta, Wembanyama vira d\u00favida na NBA ap\u00f3s concuss\u00e3o","datePublished":"2026-04-25T02:42:15+00:00","dateModified":"2026-04-25T02:42:33+00:00","mainEntityOfPage":{"@id":"https:\/\/ubirataonline.com.br\/em-alta-wembanyama-vira-duvida-na-nba-apos-concussao\/"},"wordCount":821,"publisher":{"@id":"https:\/\/ubirataonline.com.br\/#organization"},"image":{"@id":"https:\/\/ubirataonline.com.br\/em-alta-wembanyama-vira-duvida-na-nba-apos-concussao\/#primaryimage"},"thumbnailUrl":"https:\/\/ubirataonline.com.br\/wp-content\/uploads\/2026\/04\/Em-alta-Wembanyama-vira-duvida-na-NBA-apos-concussao.j-scaled.jpeg","keywords":["alta","ap\u00f3s","concuss\u00e3o","d\u00favida","NBA","vira","Wembanyama"],"articleSection":["Brasil"],"inLanguage":"en-US","copyrightYear":"2026","copyrightHolder":{"@id":"https:\/\/ubirataonline.com.br\/en\/#organization"}},{"@type":"WebPage","@id":"https:\/\/ubirataonline.com.br\/em-alta-wembanyama-vira-duvida-na-nba-apos-concussao\/","url":"https:\/\/ubirataonline.com.br\/em-alta-wembanyama-vira-duvida-na-nba-apos-concussao\/","name":"Em alta, Wembanyama vira d\u00favida na NBA ap\u00f3s concuss\u00e3o - Ubirat\u00e3 Online Not\u00edcias - A realidade ao seu alcance!","isPartOf":{"@id":"https:\/\/ubirataonline.com.br\/#website"},"primaryImageOfPage":{"@id":"https:\/\/ubirataonline.com.br\/em-alta-wembanyama-vira-duvida-na-nba-apos-concussao\/#primaryimage"},"image":{"@id":"https:\/\/ubirataonline.com.br\/em-alta-wembanyama-vira-duvida-na-nba-apos-concussao\/#primaryimage"},"thumbnailUrl":"https:\/\/ubirataonline.com.br\/wp-content\/uploads\/2026\/04\/Em-alta-Wembanyama-vira-duvida-na-NBA-apos-concussao.j-scaled.jpeg","datePublished":"2026-04-25T02:42:15+00:00","dateModified":"2026-04-25T02:42:33+00:00","description":"Os \u00faltimos dias foram dignos de sonho para o piv\u00f4 Victor Wembanyama, estrela do San Antonio Spurs, na NBA. Lideran\u00e7a t\u00e9cnica de um dos favoritos ao t\u00edtulo","breadcrumb":{"@id":"https:\/\/ubirataonline.com.br\/em-alta-wembanyama-vira-duvida-na-nba-apos-concussao\/#breadcrumb"},"inLanguage":"en-US","potentialAction":[{"@type":"ReadAction","target":["https:\/\/ubirataonline.com.br\/em-alta-wembanyama-vira-duvida-na-nba-apos-concussao\/"]}]},{"@type":"ImageObject","inLanguage":"en-US","@id":"https:\/\/ubirataonline.com.br\/em-alta-wembanyama-vira-duvida-na-nba-apos-concussao\/#primaryimage","url":"https:\/\/ubirataonline.com.br\/wp-content\/uploads\/2026\/04\/Em-alta-Wembanyama-vira-duvida-na-NBA-apos-concussao.j-scaled.jpeg","contentUrl":"https:\/\/ubirataonline.com.br\/wp-content\/uploads\/2026\/04\/Em-alta-Wembanyama-vira-duvida-na-NBA-apos-concussao.j-scaled.jpeg","width":2560,"height":2247,"caption":"O franc\u00eas Victor Wembanyama (camisa 1) disputa com Donovan Clinton, dos Portland Trailblazers: defensor do ano pode perder um ou mais jogos \u2014 Foto: Ronald Cortes \/ Getty Images via AFP"},{"@type":"BreadcrumbList","@id":"https:\/\/ubirataonline.com.br\/em-alta-wembanyama-vira-duvida-na-nba-apos-concussao\/#breadcrumb","itemListElement":[{"@type":"ListItem","position":1,"name":"In\u00edcio","item":"https:\/\/ubirataonline.com.br\/"},{"@type":"ListItem","position":2,"name":"Em alta, Wembanyama vira d\u00favida na NBA ap\u00f3s concuss\u00e3o"}]},{"@type":"WebSite","@id":"https:\/\/ubirataonline.com.br\/#website","url":"https:\/\/ubirataonline.com.br\/","name":"Ubirat\u00e3 Online Not\u00edcias","description":"Not\u00edcias de Ubirat\u00e3, regi\u00e3o, Brasil e mundo, com informa\u00e7\u00e3o atualizada e compromisso com o leitor.","publisher":{"@id":"https:\/\/ubirataonline.com.br\/#organization"},"alternateName":"Ubirat\u00e3 Online","potentialAction":[{"@type":"SearchAction","target":{"@type":"EntryPoint","urlTemplate":"https:\/\/ubirataonline.com.br\/?s={search_term_string}"},"query-input":{"@type":"PropertyValueSpecification","valueRequired":true,"valueName":"search_term_string"}}],"inLanguage":"en-US"},{"@type":["Organization","Place"],"@id":"https:\/\/ubirataonline.com.br\/#organization","name":"Ubirat\u00e3 Online Not\u00edcias","alternateName":"Ubirat\u00e3 Online","url":"https:\/\/ubirataonline.com.br\/","logo":{"@id":"https:\/\/ubirataonline.com.br\/em-alta-wembanyama-vira-duvida-na-nba-apos-concussao\/#local-main-organization-logo"},"image":{"@id":"https:\/\/ubirataonline.com.br\/em-alta-wembanyama-vira-duvida-na-nba-apos-concussao\/#local-main-organization-logo"},"sameAs":["https:\/\/www.facebook.com\/portalubirataonline","https:\/\/x.com\/ubirataonline","https:\/\/mastodon.social\/@ubirataonline","https:\/\/www.facebook.com\/groups\/311144672285604","https:\/\/www.facebook.com\/UBTAOnline","https:\/\/www.instagram.com\/portalubirataonline\/","https:\/\/twitter.com\/ubirataonline"],"description":"Somos um portal de not\u00edcias independente, criado em 5 de janeiro de 2009, com o objetivo de informar, conectar e valorizar a nossa comunidade de Ubirat\u00e3 e toda aregi\u00e3o. Com conte\u00fado atualizado, confi\u00e1vel e relevante, o Ubirat\u00e3 Online \u00e9 o seu espa\u00e7o para ficar por dentro dos principais acontecimentos locais, regionais, Brasil, Mundo e de interesse geral. Nosso compromisso \u00e9 com a verdade, a transpar\u00eancia e o respeito ao leitor.","legalName":"UBIRATA ONLINE NOT\u00cdCIAS","foundingDate":"2009-01-05","numberOfEmployees":{"@type":"QuantitativeValue","minValue":"1","maxValue":"10"},"publishingPrinciples":"https:\/\/ubirataonline.com.br\/faq\/","address":{"@id":"https:\/\/ubirataonline.com.br\/em-alta-wembanyama-vira-duvida-na-nba-apos-concussao\/#local-main-place-address"},"geo":{"@type":"GeoCoordinates","latitude":"-24.5361401","longitude":"-52.9921776"},"telephone":["+5544998308235"],"contactPoint":{"@type":"ContactPoint","email":"contato@ubirataonline.com.br"},"openingHoursSpecification":{"@type":"OpeningHoursSpecification","dayOfWeek":["Monday","Tuesday","Wednesday","Thursday","Friday","Saturday","Sunday"],"opens":"00:00","closes":"23:59"},"email":"contato@ubirataonline.com.br","vatID":"47.621.418\/0001-80"},{"@type":"Person","@id":"https:\/\/ubirataonline.com.br\/#\/schema\/person\/372f87bbd3fdd79b8556b84c98d0bc1c","name":"REDA\u00c7\u00c3O: UBIRAT\u00c3 ONLINE - F\u00c1BIO AUGUSTO CELESTINO","pronouns":"Ele","description":"Desde 2003 trabalhando com not\u00edcias.","sameAs":["http:\/\/ubirataoline.com.br","https:\/\/www.facebook.com\/portalubirataonline","https:\/\/www.instagram.com\/ubirataonline_oficial","https:\/\/x.com\/x.com\/ubirataonline"],"honorificPrefix":"Mr.","honorificSuffix":"MD","birthDate":"1980-06-16","gender":"masculino","award":["V\u00e1rios pr\u00eamios de melhor portal da cidade"],"jobTitle":"Diretor","url":"https:\/\/ubirataonline.com.br\/en\/author\/ubirataonline\/"},{"@type":"PostalAddress","@id":"https:\/\/ubirataonline.com.br\/em-alta-wembanyama-vira-duvida-na-nba-apos-concussao\/#local-main-place-address","streetAddress":"Rua dos Coqueiros, 104 - Bairro Boa Vista, Rua dos Coqueiros, 104 Bairro Boa Vista","addressLocality":"UBIRATA","postalCode":"85440-000","addressRegion":"PR","addressCountry":"BR"},{"@type":"ImageObject","inLanguage":"en-US","@id":"https:\/\/ubirataonline.com.br\/em-alta-wembanyama-vira-duvida-na-nba-apos-concussao\/#local-main-organization-logo","url":"https:\/\/ubirataonline.com.br\/wp-content\/uploads\/2026\/06\/logoubirataonline-1.webp","contentUrl":"https:\/\/ubirataonline.com.br\/wp-content\/uploads\/2026\/06\/logoubirataonline-1.webp","width":500,"height":500,"caption":"Ubirat\u00e3 Online Not\u00edcias"}]},"geo.placename":"UBIRATA","geo.position":{"lat":"-24.5361401","long":"-52.9921776"},"geo.region":"Brazil"},"_links":{"self":[{"href":"https:\/\/ubirataonline.com.br\/en\/wp-json\/wp\/v2\/posts\/114602","targetHints":{"allow":["GET"]}}],"collection":[{"href":"https:\/\/ubirataonline.com.br\/en\/wp-json\/wp\/v2\/posts"}],"about":[{"href":"https:\/\/ubirataonline.com.br\/en\/wp-json\/wp\/v2\/types\/post"}],"author":[{"embeddable":true,"href":"https:\/\/ubirataonline.com.br\/en\/wp-json\/wp\/v2\/users\/1"}],"replies":[{"embeddable":true,"href":"https:\/\/ubirataonline.com.br\/en\/wp-json\/wp\/v2\/comments?post=114602"}],"version-history":[{"count":0,"href":"https:\/\/ubirataonline.com.br\/en\/wp-json\/wp\/v2\/posts\/114602\/revisions"}],"wp:featuredmedia":[{"embeddable":true,"href":"https:\/\/ubirataonline.com.br\/en\/wp-json\/wp\/v2\/media\/114603"}],"wp:attachment":[{"href":"https:\/\/ubirataonline.com.br\/en\/wp-json\/wp\/v2\/media?parent=114602"}],"wp:term":[{"taxonomy":"category","embeddable":true,"href":"https:\/\/ubirataonline.com.br\/en\/wp-json\/wp\/v2\/categories?post=114602"},{"taxonomy":"post_tag","embeddable":true,"href":"https:\/\/ubirataonline.com.br\/en\/wp-json\/wp\/v2\/tags?post=114602"}],"curies":[{"name":"wp","href":"https:\/\/api.w.org\/{rel}","templated":true}]}}