{"id":1147,"date":"2017-01-30T13:09:13","date_gmt":"2017-01-30T16:09:13","guid":{"rendered":"https:\/\/ubirataonline.com.br\/?p=1147"},"modified":"2017-01-30T13:09:13","modified_gmt":"2017-01-30T16:09:13","slug":"secretaria-ubiratanense-participou-de-reunioes-que-decidiram-mudanca-no-modelo-de-repasse-de-recursos-federais-do-sus","status":"publish","type":"post","link":"https:\/\/ubirataonline.com.br\/en\/secretaria-ubiratanense-participou-de-reunioes-que-decidiram-mudanca-no-modelo-de-repasse-de-recursos-federais-do-sus\/","title":{"rendered":"Secret\u00e1ria ubiratanense participou de reuni\u00f5es que decidiram mudan\u00e7a no modelo de repasse de recursos federais do SUS"},"content":{"rendered":"<p>A secret\u00e1ria de Sa\u00fade e presidente do Consems\/PR, Cristiane Martins Pantale\u00e3o, participou na \u00faltima semana em Bras\u00edlia, de reuni\u00f5es que decidiram a mudan\u00e7a no modelo de repasse de recursos federais do SUS, motivada pela forte fragmenta\u00e7\u00e3o da forma em vigor. Os tr\u00eas entes Conasems, Conass e Minist\u00e9rio da Sa\u00fade pactuaram um novo modelo que exclui os blocos de financiamento e as famosas \u201ccaixinhas\u201d, criando apenas duas modalidades de repasse: capital e custeio. A proposta implica em uma reorganiza\u00e7\u00e3o dos planos or\u00e7ament\u00e1rios municipais, estaduais e da uni\u00e3o, al\u00e9m de mudan\u00e7as estruturais em processos da gest\u00e3o, tais como planejamento integrado, programa\u00e7\u00e3o, sistema de informa\u00e7\u00e3o em sa\u00fade, monitoramento avalia\u00e7\u00e3o e a gest\u00e3o dos fundos de sa\u00fade.<\/p>\n<blockquote><p><em><strong>Hoje, o recurso vem direcionado, e n\u00e3o podemos utilizar o dinheiro de acordo com a necessidade de sa\u00fade da popula\u00e7\u00e3o, mas de acordo com o decidido pelo Minist\u00e9rio da Sa\u00fade. Por exemplo, se vem dinheiro para pagar combust\u00edvel, mesmo que sobre, n\u00e3o podemos utilizar para comprar medicamentos<\/strong><\/em>, explica a Cristiane Pantale\u00e3o.<\/p><\/blockquote>\n<p>Para o Ministro da Sa\u00fade, Ricardo Barros, o SUS legal, nome dado \u00e0 proposta, formaliza o planejamento ascendente a partir dos planos das tr\u00eas esferas de governo.<\/p>\n<blockquote><p><em><strong>A l\u00f3gica \u00e9 vincular investimento com custeio, mas acima disso, \u00e9 necess\u00e1rio que as pol\u00edticas sejam descritas e se encaixem dentro de uma l\u00f3gica or\u00e7ament\u00e1ria. Essa a\u00e7\u00e3o fortalece a gest\u00e3o do SUS, j\u00e1 que d\u00e1 mais autonomia ao gestor para planejar as a\u00e7\u00f5es de acordo com a realidade sanit\u00e1ria do local<\/strong><\/em>, comentou o ministro.<\/p><\/blockquote>\n<p>Desta forma, o planejamento ser\u00e1 \u00e0 base das atividades e programa\u00e7\u00f5es em cada esfera de governo no SUS com suas especificidades. Ser\u00e3o vedadas a\u00e7\u00f5es fora do planejamento.<\/p>\n<p>Para n\u00e3o haver descontinuidade dos servi\u00e7os, ser\u00e1 publicada uma portaria com a regra de transi\u00e7\u00e3o. A portaria contar\u00e1 com tr\u00eas artigos base: O primeiro, regulamenta as transfer\u00eancias dos recursos federais conforme a lei 141. O segundo artigo, classifica os recursos destinados \u00e0 ASPS nas categorias de custeio e capital. O terceiro artigo, trata das transfer\u00eancias fundo a fundo a partir do princ\u00edpio caixa \u00fanico. Foi pactuada a cria\u00e7\u00e3o de um grupo tripartite para construir a portaria e as regras de transi\u00e7\u00e3o.<\/p>\n<blockquote><p><em><strong>Eu fa\u00e7o parte deste grupo nacional, representando o CONASEMS. \u00c9 preciso muita cautela na constru\u00e7\u00e3o deste documento, de forma a garantir a melhora na qualidade do atendimento a sa\u00fade da popula\u00e7\u00e3o, a partir de um planejamento, considerando de fato as necessidade de sa\u00fade da popula\u00e7\u00e3o, garantindo todos os n\u00edveis de aten\u00e7\u00e3o, e um financiamento tripartite de fato, pois hoje s\u00e3o os munic\u00edpios que arcam com a maior parte do financiamento. Em Ubirat\u00e3, j\u00e1 vamos come\u00e7ar a construir um planejamento que vai de encontro a esta nova proposta, assegurando assim a continuidade e melhora do atendimento a popula\u00e7\u00e3o<\/strong><\/em>, relatou a secret\u00e1ria de Sa\u00fade ubiratanense.<\/p><\/blockquote>\n<p><img loading=\"lazy\" decoding=\"async\" class=\"size-medium wp-image-1149 aligncenter\" src=\"https:\/\/ubirataonline.com.br\/wp-content\/uploads\/2017\/01\/thumbnail_4-5-600x365.jpg\" alt=\"\" width=\"600\" height=\"365\" \/><\/p>","protected":false},"excerpt":{"rendered":"<p>A secret\u00e1ria de Sa\u00fade e presidente do Consems\/PR, Cristiane Martins Pantale\u00e3o, participou na \u00faltima semana em Bras\u00edlia, de reuni\u00f5es que decidiram a mudan\u00e7a no modelo de repasse de recursos federais do SUS, motivada pela forte fragmenta\u00e7\u00e3o da forma em vigor. Os tr\u00eas entes Conasems, Conass e Minist\u00e9rio da Sa\u00fade pactuaram um novo modelo que exclui [&hellip;]<\/p>\n","protected":false},"author":2,"featured_media":0,"comment_status":"closed","ping_status":"closed","sticky":false,"template":"","format":"standard","meta":{"googlesitekit_rrm_CAow2JLhCw:productID":"","_gspb_post_css":"","maa_idioma":"","maa_pais":"","footnotes":""},"categories":[],"tags":[],"class_list":["post-1147","post","type-post","status-publish","format-standard","hentry"],"blocksy_meta":[],"yoast_head":"<!-- This site is optimized with the Yoast SEO Premium plugin v27.6 (Yoast SEO v27.6) - https:\/\/yoast.com\/product\/yoast-seo-premium-wordpress\/ -->\n<title>Secret\u00e1ria ubiratanense participou de reuni\u00f5es que decidiram mudan\u00e7a no modelo de repasse de recursos federais do SUS - Ubirat\u00e3 Online Not\u00edcias - A realidade ao seu alcance!<\/title>\n<meta name=\"description\" content=\"A secret\u00e1ria de Sa\u00fade e presidente do Consems\/PR, Cristiane Martins Pantale\u00e3o, participou na \u00faltima semana em Bras\u00edlia, de reuni\u00f5es que decidiram a\" \/>\n<meta name=\"robots\" content=\"index, follow, max-snippet:-1, max-image-preview:large, max-video-preview:-1\" \/>\n<link rel=\"canonical\" href=\"https:\/\/ubirataonline.com.br\/en\/secretaria-ubiratanense-participou-de-reunioes-que-decidiram-mudanca-no-modelo-de-repasse-de-recursos-federais-do-sus\/\" \/>\n<meta property=\"og:locale\" content=\"en_US\" \/>\n<meta property=\"og:type\" content=\"article\" \/>\n<meta property=\"og:title\" content=\"Secret\u00e1ria ubiratanense participou de reuni\u00f5es que decidiram mudan\u00e7a no modelo de repasse de recursos federais do SUS\" \/>\n<meta property=\"og:description\" content=\"A secret\u00e1ria de Sa\u00fade e presidente do Consems\/PR, Cristiane Martins Pantale\u00e3o, participou na \u00faltima semana em Bras\u00edlia, de reuni\u00f5es que decidiram a\" \/>\n<meta property=\"og:url\" content=\"https:\/\/ubirataonline.com.br\/en\/secretaria-ubiratanense-participou-de-reunioes-que-decidiram-mudanca-no-modelo-de-repasse-de-recursos-federais-do-sus\/\" \/>\n<meta property=\"og:site_name\" content=\"Ubirat\u00e3 Online Not\u00edcias - A realidade ao seu alcance!\" \/>\n<meta property=\"article:publisher\" content=\"https:\/\/www.facebook.com\/portalubirataonline\" \/>\n<meta property=\"article:published_time\" content=\"2017-01-30T16:09:13+00:00\" \/>\n<meta property=\"og:image\" content=\"https:\/\/ubirataonline.com.br\/wp-content\/uploads\/2017\/01\/thumbnail_4-5-600x365.jpg\" \/>\n<meta name=\"author\" content=\"Vampeta\" \/>\n<meta name=\"twitter:card\" content=\"summary_large_image\" \/>\n<meta name=\"twitter:creator\" content=\"@ubirataonline\" \/>\n<meta name=\"twitter:site\" content=\"@ubirataonline\" \/>\n<meta name=\"twitter:label1\" content=\"Written by\" \/>\n\t<meta name=\"twitter:data1\" content=\"Vampeta\" \/>\n\t<meta name=\"twitter:label2\" content=\"Est. reading time\" \/>\n\t<meta name=\"twitter:data2\" content=\"3 minutes\" \/>\n<script type=\"application\/ld+json\" class=\"yoast-schema-graph\">{\"@context\":\"https:\\\/\\\/schema.org\",\"@graph\":[{\"@type\":\"NewsArticle\",\"@id\":\"https:\\\/\\\/ubirataonline.com.br\\\/secretaria-ubiratanense-participou-de-reunioes-que-decidiram-mudanca-no-modelo-de-repasse-de-recursos-federais-do-sus\\\/#article\",\"isPartOf\":{\"@id\":\"https:\\\/\\\/ubirataonline.com.br\\\/secretaria-ubiratanense-participou-de-reunioes-que-decidiram-mudanca-no-modelo-de-repasse-de-recursos-federais-do-sus\\\/\"},\"author\":{\"name\":\"Vampeta\",\"@id\":\"https:\\\/\\\/ubirataonline.com.br\\\/#\\\/schema\\\/person\\\/09f7a474bd1834b50dea8d1c197e976f\"},\"headline\":\"Secret\u00e1ria ubiratanense participou de reuni\u00f5es que decidiram mudan\u00e7a no modelo de repasse de recursos federais do SUS\",\"datePublished\":\"2017-01-30T16:09:13+00:00\",\"mainEntityOfPage\":{\"@id\":\"https:\\\/\\\/ubirataonline.com.br\\\/secretaria-ubiratanense-participou-de-reunioes-que-decidiram-mudanca-no-modelo-de-repasse-de-recursos-federais-do-sus\\\/\"},\"wordCount\":539,\"publisher\":{\"@id\":\"https:\\\/\\\/ubirataonline.com.br\\\/#organization\"},\"image\":{\"@id\":\"https:\\\/\\\/ubirataonline.com.br\\\/secretaria-ubiratanense-participou-de-reunioes-que-decidiram-mudanca-no-modelo-de-repasse-de-recursos-federais-do-sus\\\/#primaryimage\"},\"thumbnailUrl\":\"https:\\\/\\\/ubirataonline.com.br\\\/wp-content\\\/uploads\\\/2017\\\/01\\\/thumbnail_4-5-600x365.jpg\",\"inLanguage\":\"en-US\",\"copyrightYear\":\"2017\",\"copyrightHolder\":{\"@id\":\"https:\\\/\\\/ubirataonline.com.br\\\/en\\\/#organization\"}},{\"@type\":\"WebPage\",\"@id\":\"https:\\\/\\\/ubirataonline.com.br\\\/secretaria-ubiratanense-participou-de-reunioes-que-decidiram-mudanca-no-modelo-de-repasse-de-recursos-federais-do-sus\\\/\",\"url\":\"https:\\\/\\\/ubirataonline.com.br\\\/secretaria-ubiratanense-participou-de-reunioes-que-decidiram-mudanca-no-modelo-de-repasse-de-recursos-federais-do-sus\\\/\",\"name\":\"Secret\u00e1ria ubiratanense participou de reuni\u00f5es que decidiram mudan\u00e7a no modelo de repasse de recursos federais do SUS - Ubirat\u00e3 Online Not\u00edcias - A realidade ao seu alcance!\",\"isPartOf\":{\"@id\":\"https:\\\/\\\/ubirataonline.com.br\\\/#website\"},\"primaryImageOfPage\":{\"@id\":\"https:\\\/\\\/ubirataonline.com.br\\\/secretaria-ubiratanense-participou-de-reunioes-que-decidiram-mudanca-no-modelo-de-repasse-de-recursos-federais-do-sus\\\/#primaryimage\"},\"image\":{\"@id\":\"https:\\\/\\\/ubirataonline.com.br\\\/secretaria-ubiratanense-participou-de-reunioes-que-decidiram-mudanca-no-modelo-de-repasse-de-recursos-federais-do-sus\\\/#primaryimage\"},\"thumbnailUrl\":\"https:\\\/\\\/ubirataonline.com.br\\\/wp-content\\\/uploads\\\/2017\\\/01\\\/thumbnail_4-5-600x365.jpg\",\"datePublished\":\"2017-01-30T16:09:13+00:00\",\"description\":\"A secret\u00e1ria de Sa\u00fade e presidente do Consems\\\/PR, Cristiane Martins Pantale\u00e3o, participou na \u00faltima semana em Bras\u00edlia, de reuni\u00f5es que decidiram a\",\"breadcrumb\":{\"@id\":\"https:\\\/\\\/ubirataonline.com.br\\\/secretaria-ubiratanense-participou-de-reunioes-que-decidiram-mudanca-no-modelo-de-repasse-de-recursos-federais-do-sus\\\/#breadcrumb\"},\"inLanguage\":\"en-US\",\"potentialAction\":[{\"@type\":\"ReadAction\",\"target\":[\"https:\\\/\\\/ubirataonline.com.br\\\/secretaria-ubiratanense-participou-de-reunioes-que-decidiram-mudanca-no-modelo-de-repasse-de-recursos-federais-do-sus\\\/\"]}]},{\"@type\":\"ImageObject\",\"inLanguage\":\"en-US\",\"@id\":\"https:\\\/\\\/ubirataonline.com.br\\\/secretaria-ubiratanense-participou-de-reunioes-que-decidiram-mudanca-no-modelo-de-repasse-de-recursos-federais-do-sus\\\/#primaryimage\",\"url\":\"https:\\\/\\\/ubirataonline.com.br\\\/wp-content\\\/uploads\\\/2017\\\/01\\\/thumbnail_4-5-600x365.jpg\",\"contentUrl\":\"https:\\\/\\\/ubirataonline.com.br\\\/wp-content\\\/uploads\\\/2017\\\/01\\\/thumbnail_4-5-600x365.jpg\"},{\"@type\":\"BreadcrumbList\",\"@id\":\"https:\\\/\\\/ubirataonline.com.br\\\/secretaria-ubiratanense-participou-de-reunioes-que-decidiram-mudanca-no-modelo-de-repasse-de-recursos-federais-do-sus\\\/#breadcrumb\",\"itemListElement\":[{\"@type\":\"ListItem\",\"position\":1,\"name\":\"In\u00edcio\",\"item\":\"https:\\\/\\\/ubirataonline.com.br\\\/\"},{\"@type\":\"ListItem\",\"position\":2,\"name\":\"Secret\u00e1ria ubiratanense participou de reuni\u00f5es que decidiram mudan\u00e7a no modelo de repasse de recursos federais do SUS\"}]},{\"@type\":\"WebSite\",\"@id\":\"https:\\\/\\\/ubirataonline.com.br\\\/#website\",\"url\":\"https:\\\/\\\/ubirataonline.com.br\\\/\",\"name\":\"Ubirat\u00e3 Online Not\u00edcias\",\"description\":\"Not\u00edcias de Ubirat\u00e3, regi\u00e3o, Brasil e mundo, com informa\u00e7\u00e3o atualizada e compromisso com o leitor.\",\"publisher\":{\"@id\":\"https:\\\/\\\/ubirataonline.com.br\\\/#organization\"},\"alternateName\":\"Ubirat\u00e3 Online\",\"potentialAction\":[{\"@type\":\"SearchAction\",\"target\":{\"@type\":\"EntryPoint\",\"urlTemplate\":\"https:\\\/\\\/ubirataonline.com.br\\\/?s={search_term_string}\"},\"query-input\":{\"@type\":\"PropertyValueSpecification\",\"valueRequired\":true,\"valueName\":\"search_term_string\"}}],\"inLanguage\":\"en-US\"},{\"@type\":[\"Organization\",\"Place\"],\"@id\":\"https:\\\/\\\/ubirataonline.com.br\\\/#organization\",\"name\":\"Ubirat\u00e3 Online Not\u00edcias\",\"alternateName\":\"Ubirat\u00e3 Online\",\"url\":\"https:\\\/\\\/ubirataonline.com.br\\\/\",\"logo\":{\"@id\":\"https:\\\/\\\/ubirataonline.com.br\\\/secretaria-ubiratanense-participou-de-reunioes-que-decidiram-mudanca-no-modelo-de-repasse-de-recursos-federais-do-sus\\\/#local-main-organization-logo\"},\"image\":{\"@id\":\"https:\\\/\\\/ubirataonline.com.br\\\/secretaria-ubiratanense-participou-de-reunioes-que-decidiram-mudanca-no-modelo-de-repasse-de-recursos-federais-do-sus\\\/#local-main-organization-logo\"},\"sameAs\":[\"https:\\\/\\\/www.facebook.com\\\/portalubirataonline\",\"https:\\\/\\\/x.com\\\/ubirataonline\",\"https:\\\/\\\/mastodon.social\\\/@ubirataonline\",\"https:\\\/\\\/www.facebook.com\\\/groups\\\/311144672285604\",\"https:\\\/\\\/www.facebook.com\\\/UBTAOnline\",\"https:\\\/\\\/www.instagram.com\\\/portalubirataonline\\\/\",\"https:\\\/\\\/twitter.com\\\/ubirataonline\"],\"description\":\"Somos um portal de not\u00edcias independente, criado em 5 de janeiro de 2009, com o objetivo de informar, conectar e valorizar a nossa comunidade de Ubirat\u00e3 e toda aregi\u00e3o. Com conte\u00fado atualizado, confi\u00e1vel e relevante, o Ubirat\u00e3 Online \u00e9 o seu espa\u00e7o para ficar por dentro dos principais acontecimentos locais, regionais, Brasil, Mundo e de interesse geral. Nosso compromisso \u00e9 com a verdade, a transpar\u00eancia e o respeito ao leitor.\",\"legalName\":\"UBIRATA ONLINE NOT\u00cdCIAS\",\"foundingDate\":\"2009-01-05\",\"numberOfEmployees\":{\"@type\":\"QuantitativeValue\",\"minValue\":\"1\",\"maxValue\":\"10\"},\"publishingPrinciples\":\"https:\\\/\\\/ubirataonline.com.br\\\/faq\\\/\",\"address\":{\"@id\":\"https:\\\/\\\/ubirataonline.com.br\\\/secretaria-ubiratanense-participou-de-reunioes-que-decidiram-mudanca-no-modelo-de-repasse-de-recursos-federais-do-sus\\\/#local-main-place-address\"},\"geo\":{\"@type\":\"GeoCoordinates\",\"latitude\":\"-24.5361401\",\"longitude\":\"-52.9921776\"},\"telephone\":[\"+5544998308235\"],\"contactPoint\":{\"@type\":\"ContactPoint\",\"email\":\"contato@ubirataonline.com.br\"},\"openingHoursSpecification\":{\"@type\":\"OpeningHoursSpecification\",\"dayOfWeek\":[\"Monday\",\"Tuesday\",\"Wednesday\",\"Thursday\",\"Friday\",\"Saturday\",\"Sunday\"],\"opens\":\"00:00\",\"closes\":\"23:59\"},\"email\":\"contato@ubirataonline.com.br\",\"vatID\":\"47.621.418\\\/0001-80\"},{\"@type\":\"Person\",\"@id\":\"https:\\\/\\\/ubirataonline.com.br\\\/#\\\/schema\\\/person\\\/09f7a474bd1834b50dea8d1c197e976f\",\"name\":\"Vampeta\",\"sameAs\":[\"https:\\\/\\\/ubirataonline.com.br\"],\"url\":\"https:\\\/\\\/ubirataonline.com.br\\\/en\\\/author\\\/vampeta\\\/\"},{\"@type\":\"PostalAddress\",\"@id\":\"https:\\\/\\\/ubirataonline.com.br\\\/secretaria-ubiratanense-participou-de-reunioes-que-decidiram-mudanca-no-modelo-de-repasse-de-recursos-federais-do-sus\\\/#local-main-place-address\",\"streetAddress\":\"Rua dos Coqueiros, 104 - Bairro Boa Vista, Rua dos Coqueiros, 104 Bairro Boa Vista\",\"addressLocality\":\"UBIRATA\",\"postalCode\":\"85440-000\",\"addressRegion\":\"PR\",\"addressCountry\":\"BR\"},{\"@type\":\"ImageObject\",\"inLanguage\":\"en-US\",\"@id\":\"https:\\\/\\\/ubirataonline.com.br\\\/secretaria-ubiratanense-participou-de-reunioes-que-decidiram-mudanca-no-modelo-de-repasse-de-recursos-federais-do-sus\\\/#local-main-organization-logo\",\"url\":\"https:\\\/\\\/ubirataonline.com.br\\\/wp-content\\\/uploads\\\/2026\\\/06\\\/logoubirataonline-1.webp\",\"contentUrl\":\"https:\\\/\\\/ubirataonline.com.br\\\/wp-content\\\/uploads\\\/2026\\\/06\\\/logoubirataonline-1.webp\",\"width\":500,\"height\":500,\"caption\":\"Ubirat\u00e3 Online Not\u00edcias\"}]}<\/script>\n<meta name=\"geo.placename\" content=\"UBIRATA\" \/>\n<meta name=\"geo.position\" content=\"-24.5361401;-52.9921776\" \/>\n<meta name=\"geo.region\" content=\"Brazil\" \/>\n<!-- \/ Yoast SEO Premium plugin. -->","yoast_head_json":{"title":"Secret\u00e1ria ubiratanense participou de reuni\u00f5es que decidiram mudan\u00e7a no modelo de repasse de recursos federais do SUS - Ubirat\u00e3 Online Not\u00edcias - A realidade ao seu alcance!","description":"A secret\u00e1ria de Sa\u00fade e presidente do Consems\/PR, Cristiane Martins Pantale\u00e3o, participou na \u00faltima semana em Bras\u00edlia, de reuni\u00f5es que decidiram a","robots":{"index":"index","follow":"follow","max-snippet":"max-snippet:-1","max-image-preview":"max-image-preview:large","max-video-preview":"max-video-preview:-1"},"canonical":"https:\/\/ubirataonline.com.br\/en\/secretaria-ubiratanense-participou-de-reunioes-que-decidiram-mudanca-no-modelo-de-repasse-de-recursos-federais-do-sus\/","og_locale":"en_US","og_type":"article","og_title":"Secret\u00e1ria ubiratanense participou de reuni\u00f5es que decidiram mudan\u00e7a no modelo de repasse de recursos federais do SUS","og_description":"A secret\u00e1ria de Sa\u00fade e presidente do Consems\/PR, Cristiane Martins Pantale\u00e3o, participou na \u00faltima semana em Bras\u00edlia, de reuni\u00f5es que decidiram a","og_url":"https:\/\/ubirataonline.com.br\/en\/secretaria-ubiratanense-participou-de-reunioes-que-decidiram-mudanca-no-modelo-de-repasse-de-recursos-federais-do-sus\/","og_site_name":"Ubirat\u00e3 Online Not\u00edcias - A realidade ao seu alcance!","article_publisher":"https:\/\/www.facebook.com\/portalubirataonline","article_published_time":"2017-01-30T16:09:13+00:00","og_image":[{"url":"https:\/\/ubirataonline.com.br\/wp-content\/uploads\/2017\/01\/thumbnail_4-5-600x365.jpg","type":"","width":"","height":""}],"author":"Vampeta","twitter_card":"summary_large_image","twitter_creator":"@ubirataonline","twitter_site":"@ubirataonline","twitter_misc":{"Written by":"Vampeta","Est. reading time":"3 minutes"},"schema":{"@context":"https:\/\/schema.org","@graph":[{"@type":"NewsArticle","@id":"https:\/\/ubirataonline.com.br\/secretaria-ubiratanense-participou-de-reunioes-que-decidiram-mudanca-no-modelo-de-repasse-de-recursos-federais-do-sus\/#article","isPartOf":{"@id":"https:\/\/ubirataonline.com.br\/secretaria-ubiratanense-participou-de-reunioes-que-decidiram-mudanca-no-modelo-de-repasse-de-recursos-federais-do-sus\/"},"author":{"name":"Vampeta","@id":"https:\/\/ubirataonline.com.br\/#\/schema\/person\/09f7a474bd1834b50dea8d1c197e976f"},"headline":"Secret\u00e1ria ubiratanense participou de reuni\u00f5es que decidiram mudan\u00e7a no modelo de repasse de recursos federais do SUS","datePublished":"2017-01-30T16:09:13+00:00","mainEntityOfPage":{"@id":"https:\/\/ubirataonline.com.br\/secretaria-ubiratanense-participou-de-reunioes-que-decidiram-mudanca-no-modelo-de-repasse-de-recursos-federais-do-sus\/"},"wordCount":539,"publisher":{"@id":"https:\/\/ubirataonline.com.br\/#organization"},"image":{"@id":"https:\/\/ubirataonline.com.br\/secretaria-ubiratanense-participou-de-reunioes-que-decidiram-mudanca-no-modelo-de-repasse-de-recursos-federais-do-sus\/#primaryimage"},"thumbnailUrl":"https:\/\/ubirataonline.com.br\/wp-content\/uploads\/2017\/01\/thumbnail_4-5-600x365.jpg","inLanguage":"en-US","copyrightYear":"2017","copyrightHolder":{"@id":"https:\/\/ubirataonline.com.br\/en\/#organization"}},{"@type":"WebPage","@id":"https:\/\/ubirataonline.com.br\/secretaria-ubiratanense-participou-de-reunioes-que-decidiram-mudanca-no-modelo-de-repasse-de-recursos-federais-do-sus\/","url":"https:\/\/ubirataonline.com.br\/secretaria-ubiratanense-participou-de-reunioes-que-decidiram-mudanca-no-modelo-de-repasse-de-recursos-federais-do-sus\/","name":"Secret\u00e1ria ubiratanense participou de reuni\u00f5es que decidiram mudan\u00e7a no modelo de repasse de recursos federais do SUS - Ubirat\u00e3 Online Not\u00edcias - A realidade ao seu alcance!","isPartOf":{"@id":"https:\/\/ubirataonline.com.br\/#website"},"primaryImageOfPage":{"@id":"https:\/\/ubirataonline.com.br\/secretaria-ubiratanense-participou-de-reunioes-que-decidiram-mudanca-no-modelo-de-repasse-de-recursos-federais-do-sus\/#primaryimage"},"image":{"@id":"https:\/\/ubirataonline.com.br\/secretaria-ubiratanense-participou-de-reunioes-que-decidiram-mudanca-no-modelo-de-repasse-de-recursos-federais-do-sus\/#primaryimage"},"thumbnailUrl":"https:\/\/ubirataonline.com.br\/wp-content\/uploads\/2017\/01\/thumbnail_4-5-600x365.jpg","datePublished":"2017-01-30T16:09:13+00:00","description":"A secret\u00e1ria de Sa\u00fade e presidente do Consems\/PR, Cristiane Martins Pantale\u00e3o, participou na \u00faltima semana em Bras\u00edlia, de reuni\u00f5es que decidiram a","breadcrumb":{"@id":"https:\/\/ubirataonline.com.br\/secretaria-ubiratanense-participou-de-reunioes-que-decidiram-mudanca-no-modelo-de-repasse-de-recursos-federais-do-sus\/#breadcrumb"},"inLanguage":"en-US","potentialAction":[{"@type":"ReadAction","target":["https:\/\/ubirataonline.com.br\/secretaria-ubiratanense-participou-de-reunioes-que-decidiram-mudanca-no-modelo-de-repasse-de-recursos-federais-do-sus\/"]}]},{"@type":"ImageObject","inLanguage":"en-US","@id":"https:\/\/ubirataonline.com.br\/secretaria-ubiratanense-participou-de-reunioes-que-decidiram-mudanca-no-modelo-de-repasse-de-recursos-federais-do-sus\/#primaryimage","url":"https:\/\/ubirataonline.com.br\/wp-content\/uploads\/2017\/01\/thumbnail_4-5-600x365.jpg","contentUrl":"https:\/\/ubirataonline.com.br\/wp-content\/uploads\/2017\/01\/thumbnail_4-5-600x365.jpg"},{"@type":"BreadcrumbList","@id":"https:\/\/ubirataonline.com.br\/secretaria-ubiratanense-participou-de-reunioes-que-decidiram-mudanca-no-modelo-de-repasse-de-recursos-federais-do-sus\/#breadcrumb","itemListElement":[{"@type":"ListItem","position":1,"name":"In\u00edcio","item":"https:\/\/ubirataonline.com.br\/"},{"@type":"ListItem","position":2,"name":"Secret\u00e1ria ubiratanense participou de reuni\u00f5es que decidiram mudan\u00e7a no modelo de repasse de recursos federais do SUS"}]},{"@type":"WebSite","@id":"https:\/\/ubirataonline.com.br\/#website","url":"https:\/\/ubirataonline.com.br\/","name":"Ubirat\u00e3 Online Not\u00edcias","description":"Not\u00edcias de Ubirat\u00e3, regi\u00e3o, Brasil e mundo, com informa\u00e7\u00e3o atualizada e compromisso com o leitor.","publisher":{"@id":"https:\/\/ubirataonline.com.br\/#organization"},"alternateName":"Ubirat\u00e3 Online","potentialAction":[{"@type":"SearchAction","target":{"@type":"EntryPoint","urlTemplate":"https:\/\/ubirataonline.com.br\/?s={search_term_string}"},"query-input":{"@type":"PropertyValueSpecification","valueRequired":true,"valueName":"search_term_string"}}],"inLanguage":"en-US"},{"@type":["Organization","Place"],"@id":"https:\/\/ubirataonline.com.br\/#organization","name":"Ubirat\u00e3 Online Not\u00edcias","alternateName":"Ubirat\u00e3 Online","url":"https:\/\/ubirataonline.com.br\/","logo":{"@id":"https:\/\/ubirataonline.com.br\/secretaria-ubiratanense-participou-de-reunioes-que-decidiram-mudanca-no-modelo-de-repasse-de-recursos-federais-do-sus\/#local-main-organization-logo"},"image":{"@id":"https:\/\/ubirataonline.com.br\/secretaria-ubiratanense-participou-de-reunioes-que-decidiram-mudanca-no-modelo-de-repasse-de-recursos-federais-do-sus\/#local-main-organization-logo"},"sameAs":["https:\/\/www.facebook.com\/portalubirataonline","https:\/\/x.com\/ubirataonline","https:\/\/mastodon.social\/@ubirataonline","https:\/\/www.facebook.com\/groups\/311144672285604","https:\/\/www.facebook.com\/UBTAOnline","https:\/\/www.instagram.com\/portalubirataonline\/","https:\/\/twitter.com\/ubirataonline"],"description":"Somos um portal de not\u00edcias independente, criado em 5 de janeiro de 2009, com o objetivo de informar, conectar e valorizar a nossa comunidade de Ubirat\u00e3 e toda aregi\u00e3o. Com conte\u00fado atualizado, confi\u00e1vel e relevante, o Ubirat\u00e3 Online \u00e9 o seu espa\u00e7o para ficar por dentro dos principais acontecimentos locais, regionais, Brasil, Mundo e de interesse geral. Nosso compromisso \u00e9 com a verdade, a transpar\u00eancia e o respeito ao leitor.","legalName":"UBIRATA ONLINE NOT\u00cdCIAS","foundingDate":"2009-01-05","numberOfEmployees":{"@type":"QuantitativeValue","minValue":"1","maxValue":"10"},"publishingPrinciples":"https:\/\/ubirataonline.com.br\/faq\/","address":{"@id":"https:\/\/ubirataonline.com.br\/secretaria-ubiratanense-participou-de-reunioes-que-decidiram-mudanca-no-modelo-de-repasse-de-recursos-federais-do-sus\/#local-main-place-address"},"geo":{"@type":"GeoCoordinates","latitude":"-24.5361401","longitude":"-52.9921776"},"telephone":["+5544998308235"],"contactPoint":{"@type":"ContactPoint","email":"contato@ubirataonline.com.br"},"openingHoursSpecification":{"@type":"OpeningHoursSpecification","dayOfWeek":["Monday","Tuesday","Wednesday","Thursday","Friday","Saturday","Sunday"],"opens":"00:00","closes":"23:59"},"email":"contato@ubirataonline.com.br","vatID":"47.621.418\/0001-80"},{"@type":"Person","@id":"https:\/\/ubirataonline.com.br\/#\/schema\/person\/09f7a474bd1834b50dea8d1c197e976f","name":"Vampeta","sameAs":["https:\/\/ubirataonline.com.br"],"url":"https:\/\/ubirataonline.com.br\/en\/author\/vampeta\/"},{"@type":"PostalAddress","@id":"https:\/\/ubirataonline.com.br\/secretaria-ubiratanense-participou-de-reunioes-que-decidiram-mudanca-no-modelo-de-repasse-de-recursos-federais-do-sus\/#local-main-place-address","streetAddress":"Rua dos Coqueiros, 104 - Bairro Boa Vista, Rua dos Coqueiros, 104 Bairro Boa Vista","addressLocality":"UBIRATA","postalCode":"85440-000","addressRegion":"PR","addressCountry":"BR"},{"@type":"ImageObject","inLanguage":"en-US","@id":"https:\/\/ubirataonline.com.br\/secretaria-ubiratanense-participou-de-reunioes-que-decidiram-mudanca-no-modelo-de-repasse-de-recursos-federais-do-sus\/#local-main-organization-logo","url":"https:\/\/ubirataonline.com.br\/wp-content\/uploads\/2026\/06\/logoubirataonline-1.webp","contentUrl":"https:\/\/ubirataonline.com.br\/wp-content\/uploads\/2026\/06\/logoubirataonline-1.webp","width":500,"height":500,"caption":"Ubirat\u00e3 Online Not\u00edcias"}]},"geo.placename":"UBIRATA","geo.position":{"lat":"-24.5361401","long":"-52.9921776"},"geo.region":"Brazil"},"_links":{"self":[{"href":"https:\/\/ubirataonline.com.br\/en\/wp-json\/wp\/v2\/posts\/1147","targetHints":{"allow":["GET"]}}],"collection":[{"href":"https:\/\/ubirataonline.com.br\/en\/wp-json\/wp\/v2\/posts"}],"about":[{"href":"https:\/\/ubirataonline.com.br\/en\/wp-json\/wp\/v2\/types\/post"}],"author":[{"embeddable":true,"href":"https:\/\/ubirataonline.com.br\/en\/wp-json\/wp\/v2\/users\/2"}],"replies":[{"embeddable":true,"href":"https:\/\/ubirataonline.com.br\/en\/wp-json\/wp\/v2\/comments?post=1147"}],"version-history":[{"count":0,"href":"https:\/\/ubirataonline.com.br\/en\/wp-json\/wp\/v2\/posts\/1147\/revisions"}],"wp:attachment":[{"href":"https:\/\/ubirataonline.com.br\/en\/wp-json\/wp\/v2\/media?parent=1147"}],"wp:term":[{"taxonomy":"category","embeddable":true,"href":"https:\/\/ubirataonline.com.br\/en\/wp-json\/wp\/v2\/categories?post=1147"},{"taxonomy":"post_tag","embeddable":true,"href":"https:\/\/ubirataonline.com.br\/en\/wp-json\/wp\/v2\/tags?post=1147"}],"curies":[{"name":"wp","href":"https:\/\/api.w.org\/{rel}","templated":true}]}}