{"id":114716,"date":"2026-04-25T02:29:30","date_gmt":"2026-04-25T05:29:30","guid":{"rendered":"https:\/\/ubirataonline.com.br\/rede-de-fast-food-lanca-sanduiches-tematicos-da-copa-do-mundo\/"},"modified":"2026-04-25T02:29:32","modified_gmt":"2026-04-25T05:29:32","slug":"rede-de-fast-food-lanca-sanduiches-tematicos-da-copa-do-mundo","status":"publish","type":"post","link":"https:\/\/ubirataonline.com.br\/en\/rede-de-fast-food-lanca-sanduiches-tematicos-da-copa-do-mundo\/","title":{"rendered":"Rede de fast food lan\u00e7a sandu\u00edches tem\u00e1ticos da Copa do Mundo"},"content":{"rendered":"<p><\/p>\n<div id=\"post-content\">\n<p>O McDonald\u2019s deu o pontap\u00e9 inicial para a <strong>Copa do Mundo FIFA 2026<\/strong> com o retorno do menu <strong>Sele\u00e7\u00f5es do M\u00e9qui<\/strong>, tradi\u00e7\u00e3o que se consolidou entre os brasileiros nos anos de Mundial. Assim como colecionar <strong>\u00e1lbum de figurinhas<\/strong>, degustar os sandu\u00edches tem\u00e1ticos faz parte da cultura do pa\u00eds em Copa do Mundo.<\/p>\n<p>O aguardado momento chegou com a escala\u00e7\u00e3o de sete sandu\u00edches representando <strong>Brasil, Argentina, Alemanha, M\u00e9xico, Fran\u00e7a, It\u00e1lia e Estados Unidos<\/strong>. O menu das Sele\u00e7\u00f5es do M\u00e9qui inclui ainda itens especiais do combo Brasil: McFritas Brasil, McShake Brasil e McFlurry Brasil. As novidades ficam por conta de duas op\u00e7\u00f5es de caf\u00e9 inspiradas no <strong>Canad\u00e1<\/strong>, o McCaf\u00e9 Canad\u00e1 Gelado e o McCaf\u00e9 Canad\u00e1 Quente.<\/p>\n<h2 class=\"wp-block-heading\" id=\"h-campanha-une-futebol-e-gastronomia\">Campanha une futebol e gastronomia<\/h2>\n<p>Para destacar o lan\u00e7amento e se conectar com os clientes, a campanha Sele\u00e7\u00f5es do M\u00e9qui combina a linguagem dos universos do futebol e da gastronomia com forte apelo visual. O filme principal mostra um est\u00e1dio lotado com um chef de cada pa\u00eds apresentando seu sandu\u00edche. Quando chega a vez do Brasil, o capit\u00e3o Cafu entra em cena para vibra\u00e7\u00e3o da torcida e apresenta o combo brasileiro.<\/p>\n<p>\u201cA energia da Copa do Mundo \u00e9 \u00fanica, e as Sele\u00e7\u00f5es do M\u00e9qui j\u00e1 se consolidaram como parte dessa tradi\u00e7\u00e3o no Brasil. Em um pa\u00eds apaixonado por futebol, com uma hist\u00f3ria marcada por grandes conquistas, tudo que envolve o esporte naturalmente mobiliza e cria expectativa. \u00c9 nesse contexto que nossas Sele\u00e7\u00f5es ganham ainda mais relev\u00e2ncia: como parte desse ritual, queremos seguir alimentando essa paix\u00e3o e transformar toda essa expectativa em momentos inesquec\u00edveis para os nossos clientes\u201d, afirma Ilca Sierra, Diretora de Marketing do McDonald\u2019s no Brasil.<\/p>\n<p>\u201cDesenvolvemos uma estrat\u00e9gia de comunica\u00e7\u00e3o que mant\u00e9m o di\u00e1logo multiplataforma em jogo o tempo todo, como uma tabelinha narrativa entre M\u00e9qui e o p\u00fablico. Antes mesmo do principal filme entrar no ar criamos para o ambiente digital o \u2018Grito dos Chefs\u2019, filmete que desperta o desejo e a curiosidade para conhecer cada sandu\u00edche refazendo um dos memes mais cl\u00e1ssicos do TikTok\u201d, completa Rodrigo Marangoni, diretor executivo de cria\u00e7\u00e3o da GALERIA.ag. <\/p>\n<h2 class=\"wp-block-heading\" id=\"h-como-funcionam-as-selecoes-do-mequi\">Como funcionam as Sele\u00e7\u00f5es do M\u00e9qui<\/h2>\n<p>A disponibilidade dos sandu\u00edches das Sele\u00e7\u00f5es do M\u00e9qui segue a din\u00e2mica dos anos anteriores: o sandu\u00edche Brasil fica dispon\u00edvel todos os dias no card\u00e1pio, enquanto os demais pa\u00edses aparecem em dias espec\u00edficos da semana. Todas as novidades s\u00e3o preparadas na hora e seguem o compromisso com qualidade da marca.<\/p>\n<p><strong>Card\u00e1pio completo das Sele\u00e7\u00f5es do M\u00e9qui:<\/strong><\/p>\n<p><strong>Combo BRASIL: dispon\u00edvel todos os dias<\/strong><\/p>\n<p>Sandu\u00edche feito com p\u00e3o tipo brioche, dois hamb\u00fargueres de carne 100% bovina, molho sabor vinagrete, farofa defumada, cebola fresca, tomate, bacon, molho sabor churrasco e queijo sabor emental.<\/p>\n<p><strong>McFlurry Brasil:<\/strong> Sobremesa preparada com bebida l\u00e1ctea sabor baunilha, Cobertura caramelo com coco e uma deliciosa farofa crocante de coco.<\/p>\n<p><strong>McShake Brasil:<\/strong> O McShake Brasil \u00e9 preparado com leite, bebida l\u00e1ctea sabor baunilha, cobertura de caramelo com coco e uma deliciosa farofa crocante de coco.<\/p>\n<p><strong>McFritas Brasil:<\/strong> A batata frita mais famosa do mundo, agora com maionese verde e bacon crispy.<\/p>\n<p><strong>McCaf\u00e9 Canad\u00e1:<\/strong> O nosso famoso caf\u00e9 do M\u00e9qui, feito com gr\u00e3os ar\u00e1bica, 100% nacional e certificado, combinado com leite integral, xarope sabor maple, que pode ser servido quente ou frio.<\/p>\n<p><strong>ESPANHA: segunda-feira<\/strong><\/p>\n<p>Sandu\u00edche feito com p\u00e3o tipo brioche, dois hamb\u00fargueres de carne 100% bovina, molho sabor p\u00e1prica, cebola fresca, tomate, copa fatiada e queijo sabor emental.<\/p>\n<p><strong>ARGENTINA: ter\u00e7a-feira<\/strong><\/p>\n<p>Sandu\u00edche feito com p\u00e3o tipo brioche, dois hamb\u00fargueres de carne 100% bovina, maionese sabor chimichurri, cebola fresca, alface, tomate, bacon, e queijo sabor emental.<\/p>\n<p><strong>ALEMANHA: quarta-feira<\/strong><\/p>\n<p>Sandu\u00edche feito com p\u00e3o tipo brioche, dois hamb\u00fargueres de carne 100% bovina, molho de mostarda escura, cebola fresca, cebola crispy, tomate, bacon e queijo sabor emental.<\/p>\n<p><strong>M\u00c9XICO: quinta-feira<\/strong><\/p>\n<p>Sandu\u00edche feito com p\u00e3o tipo brioche, empanado de frango sabor nacho, molho sabor nacho jalape\u00f1o, cebola fresca, alface, tomate e queijo sabor cheddar.<\/p>\n<p><strong>EUA: sexta-feira<\/strong><\/p>\n<p>Sandu\u00edche feito com p\u00e3o tipo brioche, dois hamb\u00fargueres de carne 100% bovina, molho Ranch, molho barbecue, bacon e queijo sabor cheddar.<\/p>\n<p><strong>IT\u00c1LIA: s\u00e1bado<\/strong><\/p>\n<p>Sandu\u00edche feito com p\u00e3o tipo brioche, polpettone, molho de tomate e queijo sabor emental.<\/p>\n<section class=\"virals\">\n<article class=\"cardnews cardnews--post cardnews--has-thumbnail cardnews--editorial-noticias\"> <a href=\"https:\/\/www.tribunapr.com.br\/noticias\/parana\/conheca-mel-raro-interior-parana-floradas-especiais-sabor-suave\/?utm_source=noticias-virais-rodape&amp;utm_medium=internal-tribuna&amp;utm_campaign=tribuna\" class=\"cardnews__postlink\"> <\/p>\n<div class=\"cardnews__image\" is-api-thumb=\"\"><\/div>\n<div class=\"cardnews__content cardhome__content\">\n<div class=\"cardnews__content-wrapper\">\n<p> <span style=\"\"> Denomina\u00e7\u00e3o de Origem <\/span> <\/p>\n<p>Conhe\u00e7a o mel raro do interior do Paran\u00e1 que nasce de floradas especiais e tem sabor suave<\/p>\n<\/p><\/div>\n<\/p><\/div>\n<p> <\/a> <\/article>\n<article class=\"cardnews cardnews--post cardnews--has-thumbnail cardnews--editorial-noticias\"> <a href=\"https:\/\/www.tribunapr.com.br\/noticias\/curitiba-regiao\/curitiba-e-a-nova-miami-capital-e-a-que-mais-recebe-cubanos-do-brasil\/?utm_source=noticias-virais-rodape&amp;utm_medium=internal-tribuna&amp;utm_campaign=tribuna\" class=\"cardnews__postlink\"> <\/p>\n<div class=\"cardnews__image\" is-api-thumb=\"\"><img decoding=\"async\" src=\"https:\/\/www.tribunapr.com.br\/wp-content\/uploads\/2026\/04\/02194022\/centro-de-Curitiba-370x210.jpg\" loading=\"lazy\" alt=\"Curitiba \u00e9 a nova Miami: capital paranaense \u00e9 a que mais recebe cubanos do Brasil\"\/><\/div>\n<div class=\"cardnews__content cardhome__content\">\n<div class=\"cardnews__content-wrapper\">\n<p> <span style=\"\"> Imigra\u00e7\u00e3o <\/span> <\/p>\n<p>Curitiba \u00e9 a nova Miami: capital paranaense \u00e9 a que mais recebe cubanos do Brasil<\/p>\n<\/p><\/div>\n<\/p><\/div>\n<p> <\/a> <\/article>\n<article class=\"cardnews cardnews--post cardnews--has-thumbnail cardnews--editorial-noticias\"> <a href=\"https:\/\/www.tribunapr.com.br\/noticias\/parana\/futebol-ajuda-imigrantes-venezuelanos-reconstruir-vinculos-curitiba\/?utm_source=noticias-virais-rodape&amp;utm_medium=internal-tribuna&amp;utm_campaign=tribuna\" class=\"cardnews__postlink\"> <\/p>\n<div class=\"cardnews__image\" is-api-thumb=\"\"><img decoding=\"async\" src=\"https:\/\/www.tribunapr.com.br\/wp-content\/uploads\/2026\/04\/12141044\/liga-venezuela-370x210.jpg\" loading=\"lazy\" alt=\"Futebol ajuda imigrantes venezuelanos a reconstruir v\u00ednculos em Curitiba\"\/><\/div>\n<div class=\"cardnews__content cardhome__content\">\n<div class=\"cardnews__content-wrapper\">\n<p> <span style=\"\"> Paix\u00e3o compartilhada <\/span> <\/p>\n<p>Futebol ajuda imigrantes venezuelanos a reconstruir v\u00ednculos em Curitiba<\/p>\n<\/p><\/div>\n<\/p><\/div>\n<p> <\/a> <\/article>\n<\/section>\n<div id=\"tribuna-follow-cta\">\n<p> <span class=\"cta-title\">Siga a <span class=\"tribuna-color\">Tribuna<\/span> no Google, e acompanhe as \u00faltimas not\u00edcias de Curitiba e regi\u00e3o!<\/span> <\/p>\n<p> <a href=\"https:\/\/profile.google.com\/cp\/CgwvZy8xMmxxajUzM3Mac2h0dHBzOi8vd3d3LnRyaWJ1bmFwci5jb20uYnIvdml2YS92aXRyaW5lL2dpZ2FudGUtZG8tdmVzdHVhcmlvLXJlaW5hdWd1cmEtbG9qYS1lbS1zaG9wcGluZy10cmFkaWNpb25hbC1kZS1jdXJpdGliYS8iElRyaWJ1bmEgZG8gUGFyYW7DoSqAAwrHAWh0dHBzOi8vZW5jcnlwdGVkLXRibjIuZ3N0YXRpYy5jb20vZmF2aWNvbi10Ym4_cT10Ym46QU5kOUdjUVJPbjVDRjR6TzJPbkUwTXZrRlRCRTY2U0g1bGlaVDRaZTV3bWNKeU5GRm1BSnluM01nNU9PR3BXY1pYMzZwYU5HUWtsZ09JVEFLTTNNZVNGbTc1aWp6M3k2ajUtQ3M2b25kX2JUcFFQQkVLd3RsUjBsTmJESnUtVHhrNXQtbFlCNlVpOWZSVVFjT2cSswFodHRwczovL2VuY3J5cHRlZC10Ym4zLmdzdGF0aWMuY29tL2Zhdmljb24tdGJuP3E9dGJuJTNBQU5kOUdjU0FMaWJ2eFF0YXdFMFRueVdWWmVKRS1MZEdRZjVTUi1OZ2RMazhyZzIwVy1nM0JuQ1F4VDNKZFBjRXR2THdBeVRxUDJEdHVycEdVR29CQkxpYzM5al9wSmFxRERaMHNCYW05WEVhSGVsMmZTQmdKdlF4WWVyMw\" target=\"_blank\" title=\"Seguir a Tribuna no Google\">  <\/a> <\/div>\n<\/p><\/div>\n<p><a href=\"https:\/\/www.tribunapr.com.br\/viva\/vitrine\/rede-de-fast-food-lanca-sanduiches-tematicos-da-copa-do-mundo\/\">Fonte do Artigo <\/a><\/p>","protected":false},"excerpt":{"rendered":"<p>O McDonald\u2019s deu o pontap\u00e9 inicial para a Copa do Mundo FIFA 2026 com o retorno do menu Sele\u00e7\u00f5es do M\u00e9qui, tradi\u00e7\u00e3o que se consolidou entre os brasileiros nos anos de Mundial. Assim como colecionar \u00e1lbum de figurinhas, degustar os sandu\u00edches tem\u00e1ticos faz parte da cultura do pa\u00eds em Copa do Mundo. O aguardado momento [&hellip;]<\/p>\n","protected":false},"author":1,"featured_media":114717,"comment_status":"closed","ping_status":"","sticky":false,"template":"","format":"standard","meta":{"googlesitekit_rrm_CAow2JLhCw:productID":"","_gspb_post_css":"","maa_idioma":"","maa_pais":"","footnotes":""},"categories":[1],"tags":[3503,6547,4632,8136,67,3492,30935,30936],"class_list":["post-114716","post","type-post","status-publish","format-standard","has-post-thumbnail","hentry","category-ubirata","tag-copa","tag-fast","tag-food","tag-lanca","tag-mundo","tag-rede","tag-sanduiches","tag-tematicos"],"blocksy_meta":[],"yoast_head":"<!-- This site is optimized with the Yoast SEO Premium plugin v27.6 (Yoast SEO v27.6) - https:\/\/yoast.com\/product\/yoast-seo-premium-wordpress\/ -->\n<title>Rede de fast food lan\u00e7a sandu\u00edches tem\u00e1ticos da Copa do Mundo - Ubirat\u00e3 Online Not\u00edcias - A realidade ao seu alcance!<\/title>\n<meta name=\"description\" content=\"O McDonald\u2019s deu o pontap\u00e9 inicial para a Copa do Mundo FIFA 2026 com o retorno do menu Sele\u00e7\u00f5es do M\u00e9qui, tradi\u00e7\u00e3o que se consolidou entre os brasileiros\" \/>\n<meta name=\"robots\" content=\"index, follow, max-snippet:-1, max-image-preview:large, max-video-preview:-1\" \/>\n<link rel=\"canonical\" href=\"https:\/\/ubirataonline.com.br\/en\/rede-de-fast-food-lanca-sanduiches-tematicos-da-copa-do-mundo\/\" \/>\n<meta property=\"og:locale\" content=\"en_US\" \/>\n<meta property=\"og:type\" content=\"article\" \/>\n<meta property=\"og:title\" content=\"Rede de fast food lan\u00e7a sandu\u00edches tem\u00e1ticos da Copa do Mundo\" \/>\n<meta property=\"og:description\" content=\"O McDonald\u2019s deu o pontap\u00e9 inicial para a Copa do Mundo FIFA 2026 com o retorno do menu Sele\u00e7\u00f5es do M\u00e9qui, tradi\u00e7\u00e3o que se consolidou entre os brasileiros\" \/>\n<meta property=\"og:url\" content=\"https:\/\/ubirataonline.com.br\/en\/rede-de-fast-food-lanca-sanduiches-tematicos-da-copa-do-mundo\/\" \/>\n<meta property=\"og:site_name\" content=\"Ubirat\u00e3 Online Not\u00edcias - A realidade ao seu alcance!\" \/>\n<meta property=\"article:publisher\" content=\"https:\/\/www.facebook.com\/portalubirataonline\" \/>\n<meta property=\"article:author\" content=\"https:\/\/www.facebook.com\/portalubirataonline\" \/>\n<meta property=\"article:published_time\" content=\"2026-04-25T05:29:30+00:00\" \/>\n<meta property=\"article:modified_time\" content=\"2026-04-25T05:29:32+00:00\" \/>\n<meta property=\"og:image\" content=\"https:\/\/ubirataonline.com.br\/wp-content\/uploads\/2026\/04\/Rede-de-fast-food-lanca-sanduiches-tematicos-da-Copa-do.jpg\" \/>\n\t<meta property=\"og:image:width\" content=\"1200\" \/>\n\t<meta property=\"og:image:height\" content=\"845\" \/>\n\t<meta property=\"og:image:type\" content=\"image\/jpeg\" \/>\n<meta name=\"author\" content=\"REDA\u00c7\u00c3O: UBIRAT\u00c3 ONLINE - F\u00c1BIO AUGUSTO CELESTINO\" \/>\n<meta name=\"twitter:card\" content=\"summary_large_image\" \/>\n<meta name=\"twitter:creator\" content=\"@x.com\/ubirataonline\" \/>\n<meta name=\"twitter:site\" content=\"@ubirataonline\" \/>\n<meta name=\"twitter:label1\" content=\"Written by\" \/>\n\t<meta name=\"twitter:data1\" content=\"REDA\u00c7\u00c3O: UBIRAT\u00c3 ONLINE - F\u00c1BIO AUGUSTO CELESTINO\" \/>\n\t<meta name=\"twitter:label2\" content=\"Est. reading time\" \/>\n\t<meta name=\"twitter:data2\" content=\"4 minutes\" \/>\n<script type=\"application\/ld+json\" class=\"yoast-schema-graph\">{\"@context\":\"https:\\\/\\\/schema.org\",\"@graph\":[{\"@type\":\"NewsArticle\",\"@id\":\"https:\\\/\\\/ubirataonline.com.br\\\/rede-de-fast-food-lanca-sanduiches-tematicos-da-copa-do-mundo\\\/#article\",\"isPartOf\":{\"@id\":\"https:\\\/\\\/ubirataonline.com.br\\\/rede-de-fast-food-lanca-sanduiches-tematicos-da-copa-do-mundo\\\/\"},\"author\":{\"name\":\"REDA\u00c7\u00c3O: UBIRAT\u00c3 ONLINE - F\u00c1BIO AUGUSTO CELESTINO\",\"@id\":\"https:\\\/\\\/ubirataonline.com.br\\\/#\\\/schema\\\/person\\\/372f87bbd3fdd79b8556b84c98d0bc1c\"},\"headline\":\"Rede de fast food lan\u00e7a sandu\u00edches tem\u00e1ticos da Copa do Mundo\",\"datePublished\":\"2026-04-25T05:29:30+00:00\",\"dateModified\":\"2026-04-25T05:29:32+00:00\",\"mainEntityOfPage\":{\"@id\":\"https:\\\/\\\/ubirataonline.com.br\\\/rede-de-fast-food-lanca-sanduiches-tematicos-da-copa-do-mundo\\\/\"},\"wordCount\":833,\"publisher\":{\"@id\":\"https:\\\/\\\/ubirataonline.com.br\\\/#organization\"},\"image\":{\"@id\":\"https:\\\/\\\/ubirataonline.com.br\\\/rede-de-fast-food-lanca-sanduiches-tematicos-da-copa-do-mundo\\\/#primaryimage\"},\"thumbnailUrl\":\"https:\\\/\\\/ubirataonline.com.br\\\/wp-content\\\/uploads\\\/2026\\\/04\\\/Rede-de-fast-food-lanca-sanduiches-tematicos-da-Copa-do.jpg\",\"keywords\":[\"Copa\",\"Fast\",\"Food\",\"lan\u00e7a\",\"Mundo\",\"rede\",\"sandu\u00edches\",\"tem\u00e1ticos\"],\"articleSection\":[\"Ubirat\u00e3\"],\"inLanguage\":\"en-US\",\"copyrightYear\":\"2026\",\"copyrightHolder\":{\"@id\":\"https:\\\/\\\/ubirataonline.com.br\\\/en\\\/#organization\"}},{\"@type\":\"WebPage\",\"@id\":\"https:\\\/\\\/ubirataonline.com.br\\\/rede-de-fast-food-lanca-sanduiches-tematicos-da-copa-do-mundo\\\/\",\"url\":\"https:\\\/\\\/ubirataonline.com.br\\\/rede-de-fast-food-lanca-sanduiches-tematicos-da-copa-do-mundo\\\/\",\"name\":\"Rede de fast food lan\u00e7a sandu\u00edches tem\u00e1ticos da Copa do Mundo - Ubirat\u00e3 Online Not\u00edcias - A realidade ao seu alcance!\",\"isPartOf\":{\"@id\":\"https:\\\/\\\/ubirataonline.com.br\\\/#website\"},\"primaryImageOfPage\":{\"@id\":\"https:\\\/\\\/ubirataonline.com.br\\\/rede-de-fast-food-lanca-sanduiches-tematicos-da-copa-do-mundo\\\/#primaryimage\"},\"image\":{\"@id\":\"https:\\\/\\\/ubirataonline.com.br\\\/rede-de-fast-food-lanca-sanduiches-tematicos-da-copa-do-mundo\\\/#primaryimage\"},\"thumbnailUrl\":\"https:\\\/\\\/ubirataonline.com.br\\\/wp-content\\\/uploads\\\/2026\\\/04\\\/Rede-de-fast-food-lanca-sanduiches-tematicos-da-Copa-do.jpg\",\"datePublished\":\"2026-04-25T05:29:30+00:00\",\"dateModified\":\"2026-04-25T05:29:32+00:00\",\"description\":\"O McDonald\u2019s deu o pontap\u00e9 inicial para a Copa do Mundo FIFA 2026 com o retorno do menu Sele\u00e7\u00f5es do M\u00e9qui, tradi\u00e7\u00e3o que se consolidou entre os brasileiros\",\"breadcrumb\":{\"@id\":\"https:\\\/\\\/ubirataonline.com.br\\\/rede-de-fast-food-lanca-sanduiches-tematicos-da-copa-do-mundo\\\/#breadcrumb\"},\"inLanguage\":\"en-US\",\"potentialAction\":[{\"@type\":\"ReadAction\",\"target\":[\"https:\\\/\\\/ubirataonline.com.br\\\/rede-de-fast-food-lanca-sanduiches-tematicos-da-copa-do-mundo\\\/\"]}]},{\"@type\":\"ImageObject\",\"inLanguage\":\"en-US\",\"@id\":\"https:\\\/\\\/ubirataonline.com.br\\\/rede-de-fast-food-lanca-sanduiches-tematicos-da-copa-do-mundo\\\/#primaryimage\",\"url\":\"https:\\\/\\\/ubirataonline.com.br\\\/wp-content\\\/uploads\\\/2026\\\/04\\\/Rede-de-fast-food-lanca-sanduiches-tematicos-da-Copa-do.jpg\",\"contentUrl\":\"https:\\\/\\\/ubirataonline.com.br\\\/wp-content\\\/uploads\\\/2026\\\/04\\\/Rede-de-fast-food-lanca-sanduiches-tematicos-da-Copa-do.jpg\",\"width\":1200,\"height\":845,\"caption\":\"Sandu\u00edche do Brasil no Sele\u00e7\u00f5es do M\u00e9qui. Foto: Eduardo Klisiewicz \\\/ Tribuna do Paran\u00e1\"},{\"@type\":\"BreadcrumbList\",\"@id\":\"https:\\\/\\\/ubirataonline.com.br\\\/rede-de-fast-food-lanca-sanduiches-tematicos-da-copa-do-mundo\\\/#breadcrumb\",\"itemListElement\":[{\"@type\":\"ListItem\",\"position\":1,\"name\":\"In\u00edcio\",\"item\":\"https:\\\/\\\/ubirataonline.com.br\\\/\"},{\"@type\":\"ListItem\",\"position\":2,\"name\":\"Rede de fast food lan\u00e7a sandu\u00edches tem\u00e1ticos da Copa do Mundo\"}]},{\"@type\":\"WebSite\",\"@id\":\"https:\\\/\\\/ubirataonline.com.br\\\/#website\",\"url\":\"https:\\\/\\\/ubirataonline.com.br\\\/\",\"name\":\"Ubirat\u00e3 Online Not\u00edcias\",\"description\":\"Not\u00edcias de Ubirat\u00e3, regi\u00e3o, Brasil e mundo, com informa\u00e7\u00e3o atualizada e compromisso com o leitor.\",\"publisher\":{\"@id\":\"https:\\\/\\\/ubirataonline.com.br\\\/#organization\"},\"alternateName\":\"Ubirat\u00e3 Online\",\"potentialAction\":[{\"@type\":\"SearchAction\",\"target\":{\"@type\":\"EntryPoint\",\"urlTemplate\":\"https:\\\/\\\/ubirataonline.com.br\\\/?s={search_term_string}\"},\"query-input\":{\"@type\":\"PropertyValueSpecification\",\"valueRequired\":true,\"valueName\":\"search_term_string\"}}],\"inLanguage\":\"en-US\"},{\"@type\":[\"Organization\",\"Place\"],\"@id\":\"https:\\\/\\\/ubirataonline.com.br\\\/#organization\",\"name\":\"Ubirat\u00e3 Online Not\u00edcias\",\"alternateName\":\"Ubirat\u00e3 Online\",\"url\":\"https:\\\/\\\/ubirataonline.com.br\\\/\",\"logo\":{\"@id\":\"https:\\\/\\\/ubirataonline.com.br\\\/rede-de-fast-food-lanca-sanduiches-tematicos-da-copa-do-mundo\\\/#local-main-organization-logo\"},\"image\":{\"@id\":\"https:\\\/\\\/ubirataonline.com.br\\\/rede-de-fast-food-lanca-sanduiches-tematicos-da-copa-do-mundo\\\/#local-main-organization-logo\"},\"sameAs\":[\"https:\\\/\\\/www.facebook.com\\\/portalubirataonline\",\"https:\\\/\\\/x.com\\\/ubirataonline\",\"https:\\\/\\\/mastodon.social\\\/@ubirataonline\",\"https:\\\/\\\/www.facebook.com\\\/groups\\\/311144672285604\",\"https:\\\/\\\/www.facebook.com\\\/UBTAOnline\",\"https:\\\/\\\/www.instagram.com\\\/portalubirataonline\\\/\",\"https:\\\/\\\/twitter.com\\\/ubirataonline\"],\"description\":\"Somos um portal de not\u00edcias independente, criado em 5 de janeiro de 2009, com o objetivo de informar, conectar e valorizar a nossa comunidade de Ubirat\u00e3 e toda aregi\u00e3o. Com conte\u00fado atualizado, confi\u00e1vel e relevante, o Ubirat\u00e3 Online \u00e9 o seu espa\u00e7o para ficar por dentro dos principais acontecimentos locais, regionais, Brasil, Mundo e de interesse geral. Nosso compromisso \u00e9 com a verdade, a transpar\u00eancia e o respeito ao leitor.\",\"legalName\":\"UBIRATA ONLINE NOT\u00cdCIAS\",\"foundingDate\":\"2009-01-05\",\"numberOfEmployees\":{\"@type\":\"QuantitativeValue\",\"minValue\":\"1\",\"maxValue\":\"10\"},\"publishingPrinciples\":\"https:\\\/\\\/ubirataonline.com.br\\\/faq\\\/\",\"address\":{\"@id\":\"https:\\\/\\\/ubirataonline.com.br\\\/rede-de-fast-food-lanca-sanduiches-tematicos-da-copa-do-mundo\\\/#local-main-place-address\"},\"geo\":{\"@type\":\"GeoCoordinates\",\"latitude\":\"-24.5361401\",\"longitude\":\"-52.9921776\"},\"telephone\":[\"+5544998308235\"],\"contactPoint\":{\"@type\":\"ContactPoint\",\"email\":\"contato@ubirataonline.com.br\"},\"openingHoursSpecification\":{\"@type\":\"OpeningHoursSpecification\",\"dayOfWeek\":[\"Monday\",\"Tuesday\",\"Wednesday\",\"Thursday\",\"Friday\",\"Saturday\",\"Sunday\"],\"opens\":\"00:00\",\"closes\":\"23:59\"},\"email\":\"contato@ubirataonline.com.br\",\"vatID\":\"47.621.418\\\/0001-80\"},{\"@type\":\"Person\",\"@id\":\"https:\\\/\\\/ubirataonline.com.br\\\/#\\\/schema\\\/person\\\/372f87bbd3fdd79b8556b84c98d0bc1c\",\"name\":\"REDA\u00c7\u00c3O: UBIRAT\u00c3 ONLINE - F\u00c1BIO AUGUSTO CELESTINO\",\"pronouns\":\"Ele\",\"description\":\"Desde 2003 trabalhando com not\u00edcias.\",\"sameAs\":[\"http:\\\/\\\/ubirataoline.com.br\",\"https:\\\/\\\/www.facebook.com\\\/portalubirataonline\",\"https:\\\/\\\/www.instagram.com\\\/ubirataonline_oficial\",\"https:\\\/\\\/x.com\\\/x.com\\\/ubirataonline\"],\"honorificPrefix\":\"Mr.\",\"honorificSuffix\":\"MD\",\"birthDate\":\"1980-06-16\",\"gender\":\"masculino\",\"award\":[\"V\u00e1rios pr\u00eamios de melhor portal da cidade\"],\"jobTitle\":\"Diretor\",\"url\":\"https:\\\/\\\/ubirataonline.com.br\\\/en\\\/author\\\/ubirataonline\\\/\"},{\"@type\":\"PostalAddress\",\"@id\":\"https:\\\/\\\/ubirataonline.com.br\\\/rede-de-fast-food-lanca-sanduiches-tematicos-da-copa-do-mundo\\\/#local-main-place-address\",\"streetAddress\":\"Rua dos Coqueiros, 104 - Bairro Boa Vista, Rua dos Coqueiros, 104 Bairro Boa Vista\",\"addressLocality\":\"UBIRATA\",\"postalCode\":\"85440-000\",\"addressRegion\":\"PR\",\"addressCountry\":\"BR\"},{\"@type\":\"ImageObject\",\"inLanguage\":\"en-US\",\"@id\":\"https:\\\/\\\/ubirataonline.com.br\\\/rede-de-fast-food-lanca-sanduiches-tematicos-da-copa-do-mundo\\\/#local-main-organization-logo\",\"url\":\"https:\\\/\\\/ubirataonline.com.br\\\/wp-content\\\/uploads\\\/2026\\\/06\\\/logoubirataonline-1.webp\",\"contentUrl\":\"https:\\\/\\\/ubirataonline.com.br\\\/wp-content\\\/uploads\\\/2026\\\/06\\\/logoubirataonline-1.webp\",\"width\":500,\"height\":500,\"caption\":\"Ubirat\u00e3 Online Not\u00edcias\"}]}<\/script>\n<meta name=\"geo.placename\" content=\"UBIRATA\" \/>\n<meta name=\"geo.position\" content=\"-24.5361401;-52.9921776\" \/>\n<meta name=\"geo.region\" content=\"Brazil\" \/>\n<!-- \/ Yoast SEO Premium plugin. -->","yoast_head_json":{"title":"Rede de fast food lan\u00e7a sandu\u00edches tem\u00e1ticos da Copa do Mundo - Ubirat\u00e3 Online Not\u00edcias - A realidade ao seu alcance!","description":"O McDonald\u2019s deu o pontap\u00e9 inicial para a Copa do Mundo FIFA 2026 com o retorno do menu Sele\u00e7\u00f5es do M\u00e9qui, tradi\u00e7\u00e3o que se consolidou entre os brasileiros","robots":{"index":"index","follow":"follow","max-snippet":"max-snippet:-1","max-image-preview":"max-image-preview:large","max-video-preview":"max-video-preview:-1"},"canonical":"https:\/\/ubirataonline.com.br\/en\/rede-de-fast-food-lanca-sanduiches-tematicos-da-copa-do-mundo\/","og_locale":"en_US","og_type":"article","og_title":"Rede de fast food lan\u00e7a sandu\u00edches tem\u00e1ticos da Copa do Mundo","og_description":"O McDonald\u2019s deu o pontap\u00e9 inicial para a Copa do Mundo FIFA 2026 com o retorno do menu Sele\u00e7\u00f5es do M\u00e9qui, tradi\u00e7\u00e3o que se consolidou entre os brasileiros","og_url":"https:\/\/ubirataonline.com.br\/en\/rede-de-fast-food-lanca-sanduiches-tematicos-da-copa-do-mundo\/","og_site_name":"Ubirat\u00e3 Online Not\u00edcias - A realidade ao seu alcance!","article_publisher":"https:\/\/www.facebook.com\/portalubirataonline","article_author":"https:\/\/www.facebook.com\/portalubirataonline","article_published_time":"2026-04-25T05:29:30+00:00","article_modified_time":"2026-04-25T05:29:32+00:00","og_image":[{"width":1200,"height":845,"url":"https:\/\/ubirataonline.com.br\/wp-content\/uploads\/2026\/04\/Rede-de-fast-food-lanca-sanduiches-tematicos-da-Copa-do.jpg","type":"image\/jpeg"}],"author":"REDA\u00c7\u00c3O: UBIRAT\u00c3 ONLINE - F\u00c1BIO AUGUSTO CELESTINO","twitter_card":"summary_large_image","twitter_creator":"@x.com\/ubirataonline","twitter_site":"@ubirataonline","twitter_misc":{"Written by":"REDA\u00c7\u00c3O: UBIRAT\u00c3 ONLINE - F\u00c1BIO AUGUSTO CELESTINO","Est. reading time":"4 minutes"},"schema":{"@context":"https:\/\/schema.org","@graph":[{"@type":"NewsArticle","@id":"https:\/\/ubirataonline.com.br\/rede-de-fast-food-lanca-sanduiches-tematicos-da-copa-do-mundo\/#article","isPartOf":{"@id":"https:\/\/ubirataonline.com.br\/rede-de-fast-food-lanca-sanduiches-tematicos-da-copa-do-mundo\/"},"author":{"name":"REDA\u00c7\u00c3O: UBIRAT\u00c3 ONLINE - F\u00c1BIO AUGUSTO CELESTINO","@id":"https:\/\/ubirataonline.com.br\/#\/schema\/person\/372f87bbd3fdd79b8556b84c98d0bc1c"},"headline":"Rede de fast food lan\u00e7a sandu\u00edches tem\u00e1ticos da Copa do Mundo","datePublished":"2026-04-25T05:29:30+00:00","dateModified":"2026-04-25T05:29:32+00:00","mainEntityOfPage":{"@id":"https:\/\/ubirataonline.com.br\/rede-de-fast-food-lanca-sanduiches-tematicos-da-copa-do-mundo\/"},"wordCount":833,"publisher":{"@id":"https:\/\/ubirataonline.com.br\/#organization"},"image":{"@id":"https:\/\/ubirataonline.com.br\/rede-de-fast-food-lanca-sanduiches-tematicos-da-copa-do-mundo\/#primaryimage"},"thumbnailUrl":"https:\/\/ubirataonline.com.br\/wp-content\/uploads\/2026\/04\/Rede-de-fast-food-lanca-sanduiches-tematicos-da-Copa-do.jpg","keywords":["Copa","Fast","Food","lan\u00e7a","Mundo","rede","sandu\u00edches","tem\u00e1ticos"],"articleSection":["Ubirat\u00e3"],"inLanguage":"en-US","copyrightYear":"2026","copyrightHolder":{"@id":"https:\/\/ubirataonline.com.br\/en\/#organization"}},{"@type":"WebPage","@id":"https:\/\/ubirataonline.com.br\/rede-de-fast-food-lanca-sanduiches-tematicos-da-copa-do-mundo\/","url":"https:\/\/ubirataonline.com.br\/rede-de-fast-food-lanca-sanduiches-tematicos-da-copa-do-mundo\/","name":"Rede de fast food lan\u00e7a sandu\u00edches tem\u00e1ticos da Copa do Mundo - Ubirat\u00e3 Online Not\u00edcias - A realidade ao seu alcance!","isPartOf":{"@id":"https:\/\/ubirataonline.com.br\/#website"},"primaryImageOfPage":{"@id":"https:\/\/ubirataonline.com.br\/rede-de-fast-food-lanca-sanduiches-tematicos-da-copa-do-mundo\/#primaryimage"},"image":{"@id":"https:\/\/ubirataonline.com.br\/rede-de-fast-food-lanca-sanduiches-tematicos-da-copa-do-mundo\/#primaryimage"},"thumbnailUrl":"https:\/\/ubirataonline.com.br\/wp-content\/uploads\/2026\/04\/Rede-de-fast-food-lanca-sanduiches-tematicos-da-Copa-do.jpg","datePublished":"2026-04-25T05:29:30+00:00","dateModified":"2026-04-25T05:29:32+00:00","description":"O McDonald\u2019s deu o pontap\u00e9 inicial para a Copa do Mundo FIFA 2026 com o retorno do menu Sele\u00e7\u00f5es do M\u00e9qui, tradi\u00e7\u00e3o que se consolidou entre os brasileiros","breadcrumb":{"@id":"https:\/\/ubirataonline.com.br\/rede-de-fast-food-lanca-sanduiches-tematicos-da-copa-do-mundo\/#breadcrumb"},"inLanguage":"en-US","potentialAction":[{"@type":"ReadAction","target":["https:\/\/ubirataonline.com.br\/rede-de-fast-food-lanca-sanduiches-tematicos-da-copa-do-mundo\/"]}]},{"@type":"ImageObject","inLanguage":"en-US","@id":"https:\/\/ubirataonline.com.br\/rede-de-fast-food-lanca-sanduiches-tematicos-da-copa-do-mundo\/#primaryimage","url":"https:\/\/ubirataonline.com.br\/wp-content\/uploads\/2026\/04\/Rede-de-fast-food-lanca-sanduiches-tematicos-da-Copa-do.jpg","contentUrl":"https:\/\/ubirataonline.com.br\/wp-content\/uploads\/2026\/04\/Rede-de-fast-food-lanca-sanduiches-tematicos-da-Copa-do.jpg","width":1200,"height":845,"caption":"Sandu\u00edche do Brasil no Sele\u00e7\u00f5es do M\u00e9qui. Foto: Eduardo Klisiewicz \/ Tribuna do Paran\u00e1"},{"@type":"BreadcrumbList","@id":"https:\/\/ubirataonline.com.br\/rede-de-fast-food-lanca-sanduiches-tematicos-da-copa-do-mundo\/#breadcrumb","itemListElement":[{"@type":"ListItem","position":1,"name":"In\u00edcio","item":"https:\/\/ubirataonline.com.br\/"},{"@type":"ListItem","position":2,"name":"Rede de fast food lan\u00e7a sandu\u00edches tem\u00e1ticos da Copa do Mundo"}]},{"@type":"WebSite","@id":"https:\/\/ubirataonline.com.br\/#website","url":"https:\/\/ubirataonline.com.br\/","name":"Ubirat\u00e3 Online Not\u00edcias","description":"Not\u00edcias de Ubirat\u00e3, regi\u00e3o, Brasil e mundo, com informa\u00e7\u00e3o atualizada e compromisso com o leitor.","publisher":{"@id":"https:\/\/ubirataonline.com.br\/#organization"},"alternateName":"Ubirat\u00e3 Online","potentialAction":[{"@type":"SearchAction","target":{"@type":"EntryPoint","urlTemplate":"https:\/\/ubirataonline.com.br\/?s={search_term_string}"},"query-input":{"@type":"PropertyValueSpecification","valueRequired":true,"valueName":"search_term_string"}}],"inLanguage":"en-US"},{"@type":["Organization","Place"],"@id":"https:\/\/ubirataonline.com.br\/#organization","name":"Ubirat\u00e3 Online Not\u00edcias","alternateName":"Ubirat\u00e3 Online","url":"https:\/\/ubirataonline.com.br\/","logo":{"@id":"https:\/\/ubirataonline.com.br\/rede-de-fast-food-lanca-sanduiches-tematicos-da-copa-do-mundo\/#local-main-organization-logo"},"image":{"@id":"https:\/\/ubirataonline.com.br\/rede-de-fast-food-lanca-sanduiches-tematicos-da-copa-do-mundo\/#local-main-organization-logo"},"sameAs":["https:\/\/www.facebook.com\/portalubirataonline","https:\/\/x.com\/ubirataonline","https:\/\/mastodon.social\/@ubirataonline","https:\/\/www.facebook.com\/groups\/311144672285604","https:\/\/www.facebook.com\/UBTAOnline","https:\/\/www.instagram.com\/portalubirataonline\/","https:\/\/twitter.com\/ubirataonline"],"description":"Somos um portal de not\u00edcias independente, criado em 5 de janeiro de 2009, com o objetivo de informar, conectar e valorizar a nossa comunidade de Ubirat\u00e3 e toda aregi\u00e3o. Com conte\u00fado atualizado, confi\u00e1vel e relevante, o Ubirat\u00e3 Online \u00e9 o seu espa\u00e7o para ficar por dentro dos principais acontecimentos locais, regionais, Brasil, Mundo e de interesse geral. Nosso compromisso \u00e9 com a verdade, a transpar\u00eancia e o respeito ao leitor.","legalName":"UBIRATA ONLINE NOT\u00cdCIAS","foundingDate":"2009-01-05","numberOfEmployees":{"@type":"QuantitativeValue","minValue":"1","maxValue":"10"},"publishingPrinciples":"https:\/\/ubirataonline.com.br\/faq\/","address":{"@id":"https:\/\/ubirataonline.com.br\/rede-de-fast-food-lanca-sanduiches-tematicos-da-copa-do-mundo\/#local-main-place-address"},"geo":{"@type":"GeoCoordinates","latitude":"-24.5361401","longitude":"-52.9921776"},"telephone":["+5544998308235"],"contactPoint":{"@type":"ContactPoint","email":"contato@ubirataonline.com.br"},"openingHoursSpecification":{"@type":"OpeningHoursSpecification","dayOfWeek":["Monday","Tuesday","Wednesday","Thursday","Friday","Saturday","Sunday"],"opens":"00:00","closes":"23:59"},"email":"contato@ubirataonline.com.br","vatID":"47.621.418\/0001-80"},{"@type":"Person","@id":"https:\/\/ubirataonline.com.br\/#\/schema\/person\/372f87bbd3fdd79b8556b84c98d0bc1c","name":"REDA\u00c7\u00c3O: UBIRAT\u00c3 ONLINE - F\u00c1BIO AUGUSTO CELESTINO","pronouns":"Ele","description":"Desde 2003 trabalhando com not\u00edcias.","sameAs":["http:\/\/ubirataoline.com.br","https:\/\/www.facebook.com\/portalubirataonline","https:\/\/www.instagram.com\/ubirataonline_oficial","https:\/\/x.com\/x.com\/ubirataonline"],"honorificPrefix":"Mr.","honorificSuffix":"MD","birthDate":"1980-06-16","gender":"masculino","award":["V\u00e1rios pr\u00eamios de melhor portal da cidade"],"jobTitle":"Diretor","url":"https:\/\/ubirataonline.com.br\/en\/author\/ubirataonline\/"},{"@type":"PostalAddress","@id":"https:\/\/ubirataonline.com.br\/rede-de-fast-food-lanca-sanduiches-tematicos-da-copa-do-mundo\/#local-main-place-address","streetAddress":"Rua dos Coqueiros, 104 - Bairro Boa Vista, Rua dos Coqueiros, 104 Bairro Boa Vista","addressLocality":"UBIRATA","postalCode":"85440-000","addressRegion":"PR","addressCountry":"BR"},{"@type":"ImageObject","inLanguage":"en-US","@id":"https:\/\/ubirataonline.com.br\/rede-de-fast-food-lanca-sanduiches-tematicos-da-copa-do-mundo\/#local-main-organization-logo","url":"https:\/\/ubirataonline.com.br\/wp-content\/uploads\/2026\/06\/logoubirataonline-1.webp","contentUrl":"https:\/\/ubirataonline.com.br\/wp-content\/uploads\/2026\/06\/logoubirataonline-1.webp","width":500,"height":500,"caption":"Ubirat\u00e3 Online Not\u00edcias"}]},"geo.placename":"UBIRATA","geo.position":{"lat":"-24.5361401","long":"-52.9921776"},"geo.region":"Brazil"},"_links":{"self":[{"href":"https:\/\/ubirataonline.com.br\/en\/wp-json\/wp\/v2\/posts\/114716","targetHints":{"allow":["GET"]}}],"collection":[{"href":"https:\/\/ubirataonline.com.br\/en\/wp-json\/wp\/v2\/posts"}],"about":[{"href":"https:\/\/ubirataonline.com.br\/en\/wp-json\/wp\/v2\/types\/post"}],"author":[{"embeddable":true,"href":"https:\/\/ubirataonline.com.br\/en\/wp-json\/wp\/v2\/users\/1"}],"replies":[{"embeddable":true,"href":"https:\/\/ubirataonline.com.br\/en\/wp-json\/wp\/v2\/comments?post=114716"}],"version-history":[{"count":0,"href":"https:\/\/ubirataonline.com.br\/en\/wp-json\/wp\/v2\/posts\/114716\/revisions"}],"wp:featuredmedia":[{"embeddable":true,"href":"https:\/\/ubirataonline.com.br\/en\/wp-json\/wp\/v2\/media\/114717"}],"wp:attachment":[{"href":"https:\/\/ubirataonline.com.br\/en\/wp-json\/wp\/v2\/media?parent=114716"}],"wp:term":[{"taxonomy":"category","embeddable":true,"href":"https:\/\/ubirataonline.com.br\/en\/wp-json\/wp\/v2\/categories?post=114716"},{"taxonomy":"post_tag","embeddable":true,"href":"https:\/\/ubirataonline.com.br\/en\/wp-json\/wp\/v2\/tags?post=114716"}],"curies":[{"name":"wp","href":"https:\/\/api.w.org\/{rel}","templated":true}]}}