{"id":114813,"date":"2026-04-25T06:16:09","date_gmt":"2026-04-25T09:16:09","guid":{"rendered":"https:\/\/ubirataonline.com.br\/comunidade-e-convidada-para-bazar-beneficente-em-prol-de-novo-templo-no-bairro-siena\/"},"modified":"2026-04-25T06:16:12","modified_gmt":"2026-04-25T09:16:12","slug":"comunidade-e-convidada-para-bazar-beneficente-em-prol-de-novo-templo-no-bairro-siena","status":"publish","type":"post","link":"https:\/\/ubirataonline.com.br\/en\/comunidade-e-convidada-para-bazar-beneficente-em-prol-de-novo-templo-no-bairro-siena\/","title":{"rendered":"Comunidade \u00e9 convidada para bazar beneficente em prol de novo templo no bairro Siena"},"content":{"rendered":"<p><\/p>\n<div id=\"texto\">\n<p>A Igreja Evang\u00e9lica Luterana do Brasil, por meio da Congrega\u00e7\u00e3o Cristo Para Todos, realiza neste s\u00e1bado (25) um bazar especial aberto \u00e0 comunidade em Cascavel.<\/p>\n<p>A a\u00e7\u00e3o tem como objetivo arrecadar recursos para a constru\u00e7\u00e3o de um novo templo no bairro Siena, al\u00e9m de promover a integra\u00e7\u00e3o entre os moradores da regi\u00e3o.<\/p>\n<h2 class=\"wp-block-heading\" id=\"h-variedade-de-produtos-e-precos-acessiveis\">Variedade de produtos e pre\u00e7os acess\u00edveis<\/h2>\n<p>Os visitantes poder\u00e3o encontrar uma ampla variedade de itens, todos selecionados e com pre\u00e7os acess\u00edveis. Entre os produtos dispon\u00edveis est\u00e3o roupas masculinas, femininas e infantis, cal\u00e7ados de diversos tamanhos e estilos, al\u00e9m de m\u00f3veis para quem deseja renovar a casa gastando pouco.<\/p>\n<h2 class=\"wp-block-heading\" id=\"h-horario-e-local\">Hor\u00e1rio e local<\/h2>\n<p>O bazar acontece exclusivamente no per\u00edodo da tarde, das 13h \u00e0s 18h, na Rua Flor da Serra, n\u00ba 855, no bairro Guaruj\u00e1.<\/p>\n<p>A organiza\u00e7\u00e3o convida toda a comunidade a participar, aproveitar as ofertas e contribuir com a constru\u00e7\u00e3o do novo espa\u00e7o.<\/p>\n<figure class=\"wp-block-image size-large\"><\/figure>\n<\/p><\/div>\n<p><a href=\"https:\/\/cgn.inf.br\/noticia\/2092120\/comunidade-e-convidada-para-bazar-beneficente-em-prol-de-novo-templo-no-bairro-siena\">Fonte do Artigo <\/a><\/p>","protected":false},"excerpt":{"rendered":"<p>A Igreja Evang\u00e9lica Luterana do Brasil, por meio da Congrega\u00e7\u00e3o Cristo Para Todos, realiza neste s\u00e1bado (25) um bazar especial aberto \u00e0 comunidade em Cascavel. A a\u00e7\u00e3o tem como objetivo arrecadar recursos para a constru\u00e7\u00e3o de um novo templo no bairro Siena, al\u00e9m de promover a integra\u00e7\u00e3o entre os moradores da regi\u00e3o. Variedade de produtos [&hellip;]<\/p>\n","protected":false},"author":1,"featured_media":114814,"comment_status":"closed","ping_status":"","sticky":false,"template":"","format":"standard","meta":{"googlesitekit_rrm_CAow2JLhCw:productID":"","_gspb_post_css":"","maa_idioma":"","maa_pais":"","footnotes":""},"categories":[1],"tags":[4362,30971,26301,6355,30970,4363,2904,12061,8758,30972],"class_list":["post-114813","post","type-post","status-publish","format-standard","has-post-thumbnail","hentry","category-ubirata","tag-bairro","tag-bazar","tag-beneficente","tag-comunidade","tag-convidada","tag-novo","tag-para","tag-prol","tag-siena","tag-templo"],"blocksy_meta":[],"yoast_head":"<!-- This site is optimized with the Yoast SEO Premium plugin v27.6 (Yoast SEO v27.6) - https:\/\/yoast.com\/product\/yoast-seo-premium-wordpress\/ -->\n<title>Comunidade \u00e9 convidada para bazar beneficente em prol de novo templo no bairro Siena - Ubirat\u00e3 Online Not\u00edcias - A realidade ao seu alcance!<\/title>\n<meta name=\"description\" content=\"A Igreja Evang\u00e9lica Luterana do Brasil, por meio da Congrega\u00e7\u00e3o Cristo Para Todos, realiza neste s\u00e1bado (25) um bazar especial aberto \u00e0 comunidade em\" \/>\n<meta name=\"robots\" content=\"index, follow, max-snippet:-1, max-image-preview:large, max-video-preview:-1\" \/>\n<link rel=\"canonical\" href=\"https:\/\/ubirataonline.com.br\/en\/comunidade-e-convidada-para-bazar-beneficente-em-prol-de-novo-templo-no-bairro-siena\/\" \/>\n<meta property=\"og:locale\" content=\"en_US\" \/>\n<meta property=\"og:type\" content=\"article\" \/>\n<meta property=\"og:title\" content=\"Comunidade \u00e9 convidada para bazar beneficente em prol de novo templo no bairro Siena\" \/>\n<meta property=\"og:description\" content=\"A Igreja Evang\u00e9lica Luterana do Brasil, por meio da Congrega\u00e7\u00e3o Cristo Para Todos, realiza neste s\u00e1bado (25) um bazar especial aberto \u00e0 comunidade em\" \/>\n<meta property=\"og:url\" content=\"https:\/\/ubirataonline.com.br\/en\/comunidade-e-convidada-para-bazar-beneficente-em-prol-de-novo-templo-no-bairro-siena\/\" \/>\n<meta property=\"og:site_name\" content=\"Ubirat\u00e3 Online Not\u00edcias - A realidade ao seu alcance!\" \/>\n<meta property=\"article:publisher\" content=\"https:\/\/www.facebook.com\/portalubirataonline\" \/>\n<meta property=\"article:author\" content=\"https:\/\/www.facebook.com\/portalubirataonline\" \/>\n<meta property=\"article:published_time\" content=\"2026-04-25T09:16:09+00:00\" \/>\n<meta property=\"article:modified_time\" content=\"2026-04-25T09:16:12+00:00\" \/>\n<meta property=\"og:image\" content=\"https:\/\/ubirataonline.com.br\/wp-content\/uploads\/2026\/04\/Comunidade-e-convidada-para-bazar-beneficente-em-prol-de-novo.jpeg\" \/>\n\t<meta property=\"og:image:width\" content=\"1280\" \/>\n\t<meta property=\"og:image:height\" content=\"720\" \/>\n\t<meta property=\"og:image:type\" content=\"image\/jpeg\" \/>\n<meta name=\"author\" content=\"REDA\u00c7\u00c3O: UBIRAT\u00c3 ONLINE - F\u00c1BIO AUGUSTO CELESTINO\" \/>\n<meta name=\"twitter:card\" content=\"summary_large_image\" \/>\n<meta name=\"twitter:creator\" content=\"@x.com\/ubirataonline\" \/>\n<meta name=\"twitter:site\" content=\"@ubirataonline\" \/>\n<meta name=\"twitter:label1\" content=\"Written by\" \/>\n\t<meta name=\"twitter:data1\" content=\"REDA\u00c7\u00c3O: UBIRAT\u00c3 ONLINE - F\u00c1BIO AUGUSTO CELESTINO\" \/>\n\t<meta name=\"twitter:label2\" content=\"Est. reading time\" \/>\n\t<meta name=\"twitter:data2\" content=\"1 minute\" \/>\n<script type=\"application\/ld+json\" class=\"yoast-schema-graph\">{\"@context\":\"https:\\\/\\\/schema.org\",\"@graph\":[{\"@type\":\"NewsArticle\",\"@id\":\"https:\\\/\\\/ubirataonline.com.br\\\/comunidade-e-convidada-para-bazar-beneficente-em-prol-de-novo-templo-no-bairro-siena\\\/#article\",\"isPartOf\":{\"@id\":\"https:\\\/\\\/ubirataonline.com.br\\\/comunidade-e-convidada-para-bazar-beneficente-em-prol-de-novo-templo-no-bairro-siena\\\/\"},\"author\":{\"name\":\"REDA\u00c7\u00c3O: UBIRAT\u00c3 ONLINE - F\u00c1BIO AUGUSTO CELESTINO\",\"@id\":\"https:\\\/\\\/ubirataonline.com.br\\\/#\\\/schema\\\/person\\\/372f87bbd3fdd79b8556b84c98d0bc1c\"},\"headline\":\"Comunidade \u00e9 convidada para bazar beneficente em prol de novo templo no bairro Siena\",\"datePublished\":\"2026-04-25T09:16:09+00:00\",\"dateModified\":\"2026-04-25T09:16:12+00:00\",\"mainEntityOfPage\":{\"@id\":\"https:\\\/\\\/ubirataonline.com.br\\\/comunidade-e-convidada-para-bazar-beneficente-em-prol-de-novo-templo-no-bairro-siena\\\/\"},\"wordCount\":180,\"publisher\":{\"@id\":\"https:\\\/\\\/ubirataonline.com.br\\\/#organization\"},\"image\":{\"@id\":\"https:\\\/\\\/ubirataonline.com.br\\\/comunidade-e-convidada-para-bazar-beneficente-em-prol-de-novo-templo-no-bairro-siena\\\/#primaryimage\"},\"thumbnailUrl\":\"https:\\\/\\\/ubirataonline.com.br\\\/wp-content\\\/uploads\\\/2026\\\/04\\\/Comunidade-e-convidada-para-bazar-beneficente-em-prol-de-novo.jpeg\",\"keywords\":[\"Bairro\",\"bazar\",\"beneficente\",\"comunidade\",\"convidada\",\"Novo\",\"para\",\"prol\",\"Siena\",\"templo\"],\"articleSection\":[\"Ubirat\u00e3\"],\"inLanguage\":\"en-US\",\"copyrightYear\":\"2026\",\"copyrightHolder\":{\"@id\":\"https:\\\/\\\/ubirataonline.com.br\\\/en\\\/#organization\"}},{\"@type\":\"WebPage\",\"@id\":\"https:\\\/\\\/ubirataonline.com.br\\\/comunidade-e-convidada-para-bazar-beneficente-em-prol-de-novo-templo-no-bairro-siena\\\/\",\"url\":\"https:\\\/\\\/ubirataonline.com.br\\\/comunidade-e-convidada-para-bazar-beneficente-em-prol-de-novo-templo-no-bairro-siena\\\/\",\"name\":\"Comunidade \u00e9 convidada para bazar beneficente em prol de novo templo no bairro Siena - Ubirat\u00e3 Online Not\u00edcias - A realidade ao seu alcance!\",\"isPartOf\":{\"@id\":\"https:\\\/\\\/ubirataonline.com.br\\\/#website\"},\"primaryImageOfPage\":{\"@id\":\"https:\\\/\\\/ubirataonline.com.br\\\/comunidade-e-convidada-para-bazar-beneficente-em-prol-de-novo-templo-no-bairro-siena\\\/#primaryimage\"},\"image\":{\"@id\":\"https:\\\/\\\/ubirataonline.com.br\\\/comunidade-e-convidada-para-bazar-beneficente-em-prol-de-novo-templo-no-bairro-siena\\\/#primaryimage\"},\"thumbnailUrl\":\"https:\\\/\\\/ubirataonline.com.br\\\/wp-content\\\/uploads\\\/2026\\\/04\\\/Comunidade-e-convidada-para-bazar-beneficente-em-prol-de-novo.jpeg\",\"datePublished\":\"2026-04-25T09:16:09+00:00\",\"dateModified\":\"2026-04-25T09:16:12+00:00\",\"description\":\"A Igreja Evang\u00e9lica Luterana do Brasil, por meio da Congrega\u00e7\u00e3o Cristo Para Todos, realiza neste s\u00e1bado (25) um bazar especial aberto \u00e0 comunidade em\",\"breadcrumb\":{\"@id\":\"https:\\\/\\\/ubirataonline.com.br\\\/comunidade-e-convidada-para-bazar-beneficente-em-prol-de-novo-templo-no-bairro-siena\\\/#breadcrumb\"},\"inLanguage\":\"en-US\",\"potentialAction\":[{\"@type\":\"ReadAction\",\"target\":[\"https:\\\/\\\/ubirataonline.com.br\\\/comunidade-e-convidada-para-bazar-beneficente-em-prol-de-novo-templo-no-bairro-siena\\\/\"]}]},{\"@type\":\"ImageObject\",\"inLanguage\":\"en-US\",\"@id\":\"https:\\\/\\\/ubirataonline.com.br\\\/comunidade-e-convidada-para-bazar-beneficente-em-prol-de-novo-templo-no-bairro-siena\\\/#primaryimage\",\"url\":\"https:\\\/\\\/ubirataonline.com.br\\\/wp-content\\\/uploads\\\/2026\\\/04\\\/Comunidade-e-convidada-para-bazar-beneficente-em-prol-de-novo.jpeg\",\"contentUrl\":\"https:\\\/\\\/ubirataonline.com.br\\\/wp-content\\\/uploads\\\/2026\\\/04\\\/Comunidade-e-convidada-para-bazar-beneficente-em-prol-de-novo.jpeg\",\"width\":1280,\"height\":720,\"caption\":\"\"},{\"@type\":\"BreadcrumbList\",\"@id\":\"https:\\\/\\\/ubirataonline.com.br\\\/comunidade-e-convidada-para-bazar-beneficente-em-prol-de-novo-templo-no-bairro-siena\\\/#breadcrumb\",\"itemListElement\":[{\"@type\":\"ListItem\",\"position\":1,\"name\":\"In\u00edcio\",\"item\":\"https:\\\/\\\/ubirataonline.com.br\\\/\"},{\"@type\":\"ListItem\",\"position\":2,\"name\":\"Comunidade \u00e9 convidada para bazar beneficente em prol de novo templo no bairro Siena\"}]},{\"@type\":\"WebSite\",\"@id\":\"https:\\\/\\\/ubirataonline.com.br\\\/#website\",\"url\":\"https:\\\/\\\/ubirataonline.com.br\\\/\",\"name\":\"Ubirat\u00e3 Online Not\u00edcias\",\"description\":\"Not\u00edcias de Ubirat\u00e3, regi\u00e3o, Brasil e mundo, com informa\u00e7\u00e3o atualizada e compromisso com o leitor.\",\"publisher\":{\"@id\":\"https:\\\/\\\/ubirataonline.com.br\\\/#organization\"},\"alternateName\":\"Ubirat\u00e3 Online\",\"potentialAction\":[{\"@type\":\"SearchAction\",\"target\":{\"@type\":\"EntryPoint\",\"urlTemplate\":\"https:\\\/\\\/ubirataonline.com.br\\\/?s={search_term_string}\"},\"query-input\":{\"@type\":\"PropertyValueSpecification\",\"valueRequired\":true,\"valueName\":\"search_term_string\"}}],\"inLanguage\":\"en-US\"},{\"@type\":[\"Organization\",\"Place\"],\"@id\":\"https:\\\/\\\/ubirataonline.com.br\\\/#organization\",\"name\":\"Ubirat\u00e3 Online Not\u00edcias\",\"alternateName\":\"Ubirat\u00e3 Online\",\"url\":\"https:\\\/\\\/ubirataonline.com.br\\\/\",\"logo\":{\"@id\":\"https:\\\/\\\/ubirataonline.com.br\\\/comunidade-e-convidada-para-bazar-beneficente-em-prol-de-novo-templo-no-bairro-siena\\\/#local-main-organization-logo\"},\"image\":{\"@id\":\"https:\\\/\\\/ubirataonline.com.br\\\/comunidade-e-convidada-para-bazar-beneficente-em-prol-de-novo-templo-no-bairro-siena\\\/#local-main-organization-logo\"},\"sameAs\":[\"https:\\\/\\\/www.facebook.com\\\/portalubirataonline\",\"https:\\\/\\\/x.com\\\/ubirataonline\",\"https:\\\/\\\/mastodon.social\\\/@ubirataonline\",\"https:\\\/\\\/www.facebook.com\\\/groups\\\/311144672285604\",\"https:\\\/\\\/www.facebook.com\\\/UBTAOnline\",\"https:\\\/\\\/www.instagram.com\\\/portalubirataonline\\\/\",\"https:\\\/\\\/twitter.com\\\/ubirataonline\"],\"description\":\"Somos um portal de not\u00edcias independente, criado em 5 de janeiro de 2009, com o objetivo de informar, conectar e valorizar a nossa comunidade de Ubirat\u00e3 e toda aregi\u00e3o. Com conte\u00fado atualizado, confi\u00e1vel e relevante, o Ubirat\u00e3 Online \u00e9 o seu espa\u00e7o para ficar por dentro dos principais acontecimentos locais, regionais, Brasil, Mundo e de interesse geral. Nosso compromisso \u00e9 com a verdade, a transpar\u00eancia e o respeito ao leitor.\",\"legalName\":\"UBIRATA ONLINE NOT\u00cdCIAS\",\"foundingDate\":\"2009-01-05\",\"numberOfEmployees\":{\"@type\":\"QuantitativeValue\",\"minValue\":\"1\",\"maxValue\":\"10\"},\"publishingPrinciples\":\"https:\\\/\\\/ubirataonline.com.br\\\/faq\\\/\",\"address\":{\"@id\":\"https:\\\/\\\/ubirataonline.com.br\\\/comunidade-e-convidada-para-bazar-beneficente-em-prol-de-novo-templo-no-bairro-siena\\\/#local-main-place-address\"},\"geo\":{\"@type\":\"GeoCoordinates\",\"latitude\":\"-24.5361401\",\"longitude\":\"-52.9921776\"},\"telephone\":[\"+5544998308235\"],\"contactPoint\":{\"@type\":\"ContactPoint\",\"email\":\"contato@ubirataonline.com.br\"},\"openingHoursSpecification\":{\"@type\":\"OpeningHoursSpecification\",\"dayOfWeek\":[\"Monday\",\"Tuesday\",\"Wednesday\",\"Thursday\",\"Friday\",\"Saturday\",\"Sunday\"],\"opens\":\"00:00\",\"closes\":\"23:59\"},\"email\":\"contato@ubirataonline.com.br\",\"vatID\":\"47.621.418\\\/0001-80\"},{\"@type\":\"Person\",\"@id\":\"https:\\\/\\\/ubirataonline.com.br\\\/#\\\/schema\\\/person\\\/372f87bbd3fdd79b8556b84c98d0bc1c\",\"name\":\"REDA\u00c7\u00c3O: UBIRAT\u00c3 ONLINE - F\u00c1BIO AUGUSTO CELESTINO\",\"pronouns\":\"Ele\",\"description\":\"Desde 2003 trabalhando com not\u00edcias.\",\"sameAs\":[\"http:\\\/\\\/ubirataoline.com.br\",\"https:\\\/\\\/www.facebook.com\\\/portalubirataonline\",\"https:\\\/\\\/www.instagram.com\\\/ubirataonline_oficial\",\"https:\\\/\\\/x.com\\\/x.com\\\/ubirataonline\"],\"honorificPrefix\":\"Mr.\",\"honorificSuffix\":\"MD\",\"birthDate\":\"1980-06-16\",\"gender\":\"masculino\",\"award\":[\"V\u00e1rios pr\u00eamios de melhor portal da cidade\"],\"jobTitle\":\"Diretor\",\"url\":\"https:\\\/\\\/ubirataonline.com.br\\\/en\\\/author\\\/ubirataonline\\\/\"},{\"@type\":\"PostalAddress\",\"@id\":\"https:\\\/\\\/ubirataonline.com.br\\\/comunidade-e-convidada-para-bazar-beneficente-em-prol-de-novo-templo-no-bairro-siena\\\/#local-main-place-address\",\"streetAddress\":\"Rua dos Coqueiros, 104 - Bairro Boa Vista, Rua dos Coqueiros, 104 Bairro Boa Vista\",\"addressLocality\":\"UBIRATA\",\"postalCode\":\"85440-000\",\"addressRegion\":\"PR\",\"addressCountry\":\"BR\"},{\"@type\":\"ImageObject\",\"inLanguage\":\"en-US\",\"@id\":\"https:\\\/\\\/ubirataonline.com.br\\\/comunidade-e-convidada-para-bazar-beneficente-em-prol-de-novo-templo-no-bairro-siena\\\/#local-main-organization-logo\",\"url\":\"https:\\\/\\\/ubirataonline.com.br\\\/wp-content\\\/uploads\\\/2026\\\/06\\\/logoubirataonline-1.webp\",\"contentUrl\":\"https:\\\/\\\/ubirataonline.com.br\\\/wp-content\\\/uploads\\\/2026\\\/06\\\/logoubirataonline-1.webp\",\"width\":500,\"height\":500,\"caption\":\"Ubirat\u00e3 Online Not\u00edcias\"}]}<\/script>\n<meta name=\"geo.placename\" content=\"UBIRATA\" \/>\n<meta name=\"geo.position\" content=\"-24.5361401;-52.9921776\" \/>\n<meta name=\"geo.region\" content=\"Brazil\" \/>\n<!-- \/ Yoast SEO Premium plugin. -->","yoast_head_json":{"title":"Comunidade \u00e9 convidada para bazar beneficente em prol de novo templo no bairro Siena - Ubirat\u00e3 Online Not\u00edcias - A realidade ao seu alcance!","description":"A Igreja Evang\u00e9lica Luterana do Brasil, por meio da Congrega\u00e7\u00e3o Cristo Para Todos, realiza neste s\u00e1bado (25) um bazar especial aberto \u00e0 comunidade em","robots":{"index":"index","follow":"follow","max-snippet":"max-snippet:-1","max-image-preview":"max-image-preview:large","max-video-preview":"max-video-preview:-1"},"canonical":"https:\/\/ubirataonline.com.br\/en\/comunidade-e-convidada-para-bazar-beneficente-em-prol-de-novo-templo-no-bairro-siena\/","og_locale":"en_US","og_type":"article","og_title":"Comunidade \u00e9 convidada para bazar beneficente em prol de novo templo no bairro Siena","og_description":"A Igreja Evang\u00e9lica Luterana do Brasil, por meio da Congrega\u00e7\u00e3o Cristo Para Todos, realiza neste s\u00e1bado (25) um bazar especial aberto \u00e0 comunidade em","og_url":"https:\/\/ubirataonline.com.br\/en\/comunidade-e-convidada-para-bazar-beneficente-em-prol-de-novo-templo-no-bairro-siena\/","og_site_name":"Ubirat\u00e3 Online Not\u00edcias - A realidade ao seu alcance!","article_publisher":"https:\/\/www.facebook.com\/portalubirataonline","article_author":"https:\/\/www.facebook.com\/portalubirataonline","article_published_time":"2026-04-25T09:16:09+00:00","article_modified_time":"2026-04-25T09:16:12+00:00","og_image":[{"width":1280,"height":720,"url":"https:\/\/ubirataonline.com.br\/wp-content\/uploads\/2026\/04\/Comunidade-e-convidada-para-bazar-beneficente-em-prol-de-novo.jpeg","type":"image\/jpeg"}],"author":"REDA\u00c7\u00c3O: UBIRAT\u00c3 ONLINE - F\u00c1BIO AUGUSTO CELESTINO","twitter_card":"summary_large_image","twitter_creator":"@x.com\/ubirataonline","twitter_site":"@ubirataonline","twitter_misc":{"Written by":"REDA\u00c7\u00c3O: UBIRAT\u00c3 ONLINE - F\u00c1BIO AUGUSTO CELESTINO","Est. reading time":"1 minute"},"schema":{"@context":"https:\/\/schema.org","@graph":[{"@type":"NewsArticle","@id":"https:\/\/ubirataonline.com.br\/comunidade-e-convidada-para-bazar-beneficente-em-prol-de-novo-templo-no-bairro-siena\/#article","isPartOf":{"@id":"https:\/\/ubirataonline.com.br\/comunidade-e-convidada-para-bazar-beneficente-em-prol-de-novo-templo-no-bairro-siena\/"},"author":{"name":"REDA\u00c7\u00c3O: UBIRAT\u00c3 ONLINE - F\u00c1BIO AUGUSTO CELESTINO","@id":"https:\/\/ubirataonline.com.br\/#\/schema\/person\/372f87bbd3fdd79b8556b84c98d0bc1c"},"headline":"Comunidade \u00e9 convidada para bazar beneficente em prol de novo templo no bairro Siena","datePublished":"2026-04-25T09:16:09+00:00","dateModified":"2026-04-25T09:16:12+00:00","mainEntityOfPage":{"@id":"https:\/\/ubirataonline.com.br\/comunidade-e-convidada-para-bazar-beneficente-em-prol-de-novo-templo-no-bairro-siena\/"},"wordCount":180,"publisher":{"@id":"https:\/\/ubirataonline.com.br\/#organization"},"image":{"@id":"https:\/\/ubirataonline.com.br\/comunidade-e-convidada-para-bazar-beneficente-em-prol-de-novo-templo-no-bairro-siena\/#primaryimage"},"thumbnailUrl":"https:\/\/ubirataonline.com.br\/wp-content\/uploads\/2026\/04\/Comunidade-e-convidada-para-bazar-beneficente-em-prol-de-novo.jpeg","keywords":["Bairro","bazar","beneficente","comunidade","convidada","Novo","para","prol","Siena","templo"],"articleSection":["Ubirat\u00e3"],"inLanguage":"en-US","copyrightYear":"2026","copyrightHolder":{"@id":"https:\/\/ubirataonline.com.br\/en\/#organization"}},{"@type":"WebPage","@id":"https:\/\/ubirataonline.com.br\/comunidade-e-convidada-para-bazar-beneficente-em-prol-de-novo-templo-no-bairro-siena\/","url":"https:\/\/ubirataonline.com.br\/comunidade-e-convidada-para-bazar-beneficente-em-prol-de-novo-templo-no-bairro-siena\/","name":"Comunidade \u00e9 convidada para bazar beneficente em prol de novo templo no bairro Siena - Ubirat\u00e3 Online Not\u00edcias - A realidade ao seu alcance!","isPartOf":{"@id":"https:\/\/ubirataonline.com.br\/#website"},"primaryImageOfPage":{"@id":"https:\/\/ubirataonline.com.br\/comunidade-e-convidada-para-bazar-beneficente-em-prol-de-novo-templo-no-bairro-siena\/#primaryimage"},"image":{"@id":"https:\/\/ubirataonline.com.br\/comunidade-e-convidada-para-bazar-beneficente-em-prol-de-novo-templo-no-bairro-siena\/#primaryimage"},"thumbnailUrl":"https:\/\/ubirataonline.com.br\/wp-content\/uploads\/2026\/04\/Comunidade-e-convidada-para-bazar-beneficente-em-prol-de-novo.jpeg","datePublished":"2026-04-25T09:16:09+00:00","dateModified":"2026-04-25T09:16:12+00:00","description":"A Igreja Evang\u00e9lica Luterana do Brasil, por meio da Congrega\u00e7\u00e3o Cristo Para Todos, realiza neste s\u00e1bado (25) um bazar especial aberto \u00e0 comunidade em","breadcrumb":{"@id":"https:\/\/ubirataonline.com.br\/comunidade-e-convidada-para-bazar-beneficente-em-prol-de-novo-templo-no-bairro-siena\/#breadcrumb"},"inLanguage":"en-US","potentialAction":[{"@type":"ReadAction","target":["https:\/\/ubirataonline.com.br\/comunidade-e-convidada-para-bazar-beneficente-em-prol-de-novo-templo-no-bairro-siena\/"]}]},{"@type":"ImageObject","inLanguage":"en-US","@id":"https:\/\/ubirataonline.com.br\/comunidade-e-convidada-para-bazar-beneficente-em-prol-de-novo-templo-no-bairro-siena\/#primaryimage","url":"https:\/\/ubirataonline.com.br\/wp-content\/uploads\/2026\/04\/Comunidade-e-convidada-para-bazar-beneficente-em-prol-de-novo.jpeg","contentUrl":"https:\/\/ubirataonline.com.br\/wp-content\/uploads\/2026\/04\/Comunidade-e-convidada-para-bazar-beneficente-em-prol-de-novo.jpeg","width":1280,"height":720,"caption":""},{"@type":"BreadcrumbList","@id":"https:\/\/ubirataonline.com.br\/comunidade-e-convidada-para-bazar-beneficente-em-prol-de-novo-templo-no-bairro-siena\/#breadcrumb","itemListElement":[{"@type":"ListItem","position":1,"name":"In\u00edcio","item":"https:\/\/ubirataonline.com.br\/"},{"@type":"ListItem","position":2,"name":"Comunidade \u00e9 convidada para bazar beneficente em prol de novo templo no bairro Siena"}]},{"@type":"WebSite","@id":"https:\/\/ubirataonline.com.br\/#website","url":"https:\/\/ubirataonline.com.br\/","name":"Ubirat\u00e3 Online Not\u00edcias","description":"Not\u00edcias de Ubirat\u00e3, regi\u00e3o, Brasil e mundo, com informa\u00e7\u00e3o atualizada e compromisso com o leitor.","publisher":{"@id":"https:\/\/ubirataonline.com.br\/#organization"},"alternateName":"Ubirat\u00e3 Online","potentialAction":[{"@type":"SearchAction","target":{"@type":"EntryPoint","urlTemplate":"https:\/\/ubirataonline.com.br\/?s={search_term_string}"},"query-input":{"@type":"PropertyValueSpecification","valueRequired":true,"valueName":"search_term_string"}}],"inLanguage":"en-US"},{"@type":["Organization","Place"],"@id":"https:\/\/ubirataonline.com.br\/#organization","name":"Ubirat\u00e3 Online Not\u00edcias","alternateName":"Ubirat\u00e3 Online","url":"https:\/\/ubirataonline.com.br\/","logo":{"@id":"https:\/\/ubirataonline.com.br\/comunidade-e-convidada-para-bazar-beneficente-em-prol-de-novo-templo-no-bairro-siena\/#local-main-organization-logo"},"image":{"@id":"https:\/\/ubirataonline.com.br\/comunidade-e-convidada-para-bazar-beneficente-em-prol-de-novo-templo-no-bairro-siena\/#local-main-organization-logo"},"sameAs":["https:\/\/www.facebook.com\/portalubirataonline","https:\/\/x.com\/ubirataonline","https:\/\/mastodon.social\/@ubirataonline","https:\/\/www.facebook.com\/groups\/311144672285604","https:\/\/www.facebook.com\/UBTAOnline","https:\/\/www.instagram.com\/portalubirataonline\/","https:\/\/twitter.com\/ubirataonline"],"description":"Somos um portal de not\u00edcias independente, criado em 5 de janeiro de 2009, com o objetivo de informar, conectar e valorizar a nossa comunidade de Ubirat\u00e3 e toda aregi\u00e3o. Com conte\u00fado atualizado, confi\u00e1vel e relevante, o Ubirat\u00e3 Online \u00e9 o seu espa\u00e7o para ficar por dentro dos principais acontecimentos locais, regionais, Brasil, Mundo e de interesse geral. Nosso compromisso \u00e9 com a verdade, a transpar\u00eancia e o respeito ao leitor.","legalName":"UBIRATA ONLINE NOT\u00cdCIAS","foundingDate":"2009-01-05","numberOfEmployees":{"@type":"QuantitativeValue","minValue":"1","maxValue":"10"},"publishingPrinciples":"https:\/\/ubirataonline.com.br\/faq\/","address":{"@id":"https:\/\/ubirataonline.com.br\/comunidade-e-convidada-para-bazar-beneficente-em-prol-de-novo-templo-no-bairro-siena\/#local-main-place-address"},"geo":{"@type":"GeoCoordinates","latitude":"-24.5361401","longitude":"-52.9921776"},"telephone":["+5544998308235"],"contactPoint":{"@type":"ContactPoint","email":"contato@ubirataonline.com.br"},"openingHoursSpecification":{"@type":"OpeningHoursSpecification","dayOfWeek":["Monday","Tuesday","Wednesday","Thursday","Friday","Saturday","Sunday"],"opens":"00:00","closes":"23:59"},"email":"contato@ubirataonline.com.br","vatID":"47.621.418\/0001-80"},{"@type":"Person","@id":"https:\/\/ubirataonline.com.br\/#\/schema\/person\/372f87bbd3fdd79b8556b84c98d0bc1c","name":"REDA\u00c7\u00c3O: UBIRAT\u00c3 ONLINE - F\u00c1BIO AUGUSTO CELESTINO","pronouns":"Ele","description":"Desde 2003 trabalhando com not\u00edcias.","sameAs":["http:\/\/ubirataoline.com.br","https:\/\/www.facebook.com\/portalubirataonline","https:\/\/www.instagram.com\/ubirataonline_oficial","https:\/\/x.com\/x.com\/ubirataonline"],"honorificPrefix":"Mr.","honorificSuffix":"MD","birthDate":"1980-06-16","gender":"masculino","award":["V\u00e1rios pr\u00eamios de melhor portal da cidade"],"jobTitle":"Diretor","url":"https:\/\/ubirataonline.com.br\/en\/author\/ubirataonline\/"},{"@type":"PostalAddress","@id":"https:\/\/ubirataonline.com.br\/comunidade-e-convidada-para-bazar-beneficente-em-prol-de-novo-templo-no-bairro-siena\/#local-main-place-address","streetAddress":"Rua dos Coqueiros, 104 - Bairro Boa Vista, Rua dos Coqueiros, 104 Bairro Boa Vista","addressLocality":"UBIRATA","postalCode":"85440-000","addressRegion":"PR","addressCountry":"BR"},{"@type":"ImageObject","inLanguage":"en-US","@id":"https:\/\/ubirataonline.com.br\/comunidade-e-convidada-para-bazar-beneficente-em-prol-de-novo-templo-no-bairro-siena\/#local-main-organization-logo","url":"https:\/\/ubirataonline.com.br\/wp-content\/uploads\/2026\/06\/logoubirataonline-1.webp","contentUrl":"https:\/\/ubirataonline.com.br\/wp-content\/uploads\/2026\/06\/logoubirataonline-1.webp","width":500,"height":500,"caption":"Ubirat\u00e3 Online Not\u00edcias"}]},"geo.placename":"UBIRATA","geo.position":{"lat":"-24.5361401","long":"-52.9921776"},"geo.region":"Brazil"},"_links":{"self":[{"href":"https:\/\/ubirataonline.com.br\/en\/wp-json\/wp\/v2\/posts\/114813","targetHints":{"allow":["GET"]}}],"collection":[{"href":"https:\/\/ubirataonline.com.br\/en\/wp-json\/wp\/v2\/posts"}],"about":[{"href":"https:\/\/ubirataonline.com.br\/en\/wp-json\/wp\/v2\/types\/post"}],"author":[{"embeddable":true,"href":"https:\/\/ubirataonline.com.br\/en\/wp-json\/wp\/v2\/users\/1"}],"replies":[{"embeddable":true,"href":"https:\/\/ubirataonline.com.br\/en\/wp-json\/wp\/v2\/comments?post=114813"}],"version-history":[{"count":0,"href":"https:\/\/ubirataonline.com.br\/en\/wp-json\/wp\/v2\/posts\/114813\/revisions"}],"wp:featuredmedia":[{"embeddable":true,"href":"https:\/\/ubirataonline.com.br\/en\/wp-json\/wp\/v2\/media\/114814"}],"wp:attachment":[{"href":"https:\/\/ubirataonline.com.br\/en\/wp-json\/wp\/v2\/media?parent=114813"}],"wp:term":[{"taxonomy":"category","embeddable":true,"href":"https:\/\/ubirataonline.com.br\/en\/wp-json\/wp\/v2\/categories?post=114813"},{"taxonomy":"post_tag","embeddable":true,"href":"https:\/\/ubirataonline.com.br\/en\/wp-json\/wp\/v2\/tags?post=114813"}],"curies":[{"name":"wp","href":"https:\/\/api.w.org\/{rel}","templated":true}]}}