{"id":114951,"date":"2026-04-25T10:01:02","date_gmt":"2026-04-25T13:01:02","guid":{"rendered":"https:\/\/ubirataonline.com.br\/presidente-do-setcepar-expoe-crise-nas-rodovias-do-parana\/"},"modified":"2026-04-25T10:01:14","modified_gmt":"2026-04-25T13:01:14","slug":"presidente-do-setcepar-expoe-crise-nas-rodovias-do-parana","status":"publish","type":"post","link":"https:\/\/ubirataonline.com.br\/en\/presidente-do-setcepar-expoe-crise-nas-rodovias-do-parana\/","title":{"rendered":"Presidente do SETCEPAR exp\u00f5e crise nas rodovias do Paran\u00e1"},"content":{"rendered":"<p><\/p>\n<div id=\"post-content\">\n<p>Ped\u00e1gios, pre\u00e7o do diesel e gargalos nas rodovias est\u00e3o entre as principais <strong>preocupa\u00e7\u00f5es dos caminhoneiros no Paran\u00e1<\/strong> que impactam diretamente no bolso do consumidor final. Em entrevista \u00e0 Tribuna do Paran\u00e1, <strong>Silvio Kasnodzei<\/strong>, presidente do Sindicato das Empresas de Transporte de Cargas no Estado do Paran\u00e1 (SETCEPAR), detalha os desafios de liderar um setor considerado a espinha dorsal da economia paranaense, mas que ainda enfrenta entraves estruturais e burocr\u00e1ticos.<\/p>\n<p>Segundo o representante, para cerca de 16 mil empresas no estado, sendo 600 associadas \u00e0 entidade, esses obst\u00e1culos elevam o<strong> custo das opera\u00e7\u00f5es<\/strong> e colocam press\u00e3o sobre a sustentabilidade das transportadoras, sobretudo as de pequeno e m\u00e9dio porte, com frotas de at\u00e9 dez caminh\u00f5es.<\/p>\n<p>\u00c0 frente do SETCEPAR h\u00e1 quatro anos, Kasnodzei afirma que pretende consolidar, at\u00e9 2028, um legado baseado em <strong>conscientiza\u00e7\u00e3o<\/strong> e maior<strong> uni\u00e3o do setor<\/strong>. Para ele, o papel do sindicato vai al\u00e9m da assist\u00eancia jur\u00eddica: envolve orientar sobre a legisla\u00e7\u00e3o e as regras do transporte e <strong>cobrar melhorias concretas<\/strong> na infraestrutura log\u00edstica do estado.<\/p>\n<p>Na avalia\u00e7\u00e3o dele, o Paran\u00e1 vive um paradoxo: apesar de sua for\u00e7a econ\u00f4mica, ainda convive com <strong>acessos rodovi\u00e1rios saturados e defasados<\/strong>. \u201cNingu\u00e9m planeja o Paran\u00e1 que queremos para daqui a 20 anos. Estamos sempre resolvendo problemas de cinco anos atr\u00e1s, em vez de olhar para frente.\u201d<\/p>\n<p>Entre outros pontos, ele destaca os desafios na aplica\u00e7\u00e3o da Lei do Motorista e as <a href=\"https:\/\/www.tribunapr.com.br\/noticias\/brasil\/novas-regras-de-frete-no-brasil-o-que-muda-para-o-transporte-rodoviario\/?utm_campaign=mrf-twitter-tribunapr&amp;mrfcid=2026032269bd36c19b48c067c5deda8f\">mudan\u00e7as regulat\u00f3rias da Ag\u00eancia Nacional de Transportes Terrestres (ANTT)<\/a>. Sobre o <a href=\"https:\/\/www.tribunapr.com.br\/noticias\/parana\/pedagio-free-flow-enfrenta-resistencia-alvo-acoes-parana\/\">modelo de ped\u00e1gio Free Flow<\/a>, que ainda gera diverg\u00eancias no setor, Kasnodzei avalia que a moderniza\u00e7\u00e3o \u00e9 necess\u00e1ria, mas ressalta que o sistema ainda precisa de ajustes para funcionar de forma mais eficiente.<\/p>\n<p><strong>Confira, a seguir, a entrevista completa com Silvio Kasnodzei, presidente do SETCEPAR:<\/strong><\/p>\n<p><strong>Tribuna<\/strong>: O sindicato atua em 265 cidades paranaenses. Como \u00e9 feita a articula\u00e7\u00e3o para atender realidades distintas, desde as grandes transportadoras de Curitiba at\u00e9 as opera\u00e7\u00f5es no interior do estado?\u00a0<\/p>\n<p><strong>Silvio Kasnodzei<\/strong>: <em>A maior parte das solicita\u00e7\u00f5es que recebemos das transportadoras s\u00e3o demandas do dia a dia e dificuldades enfrentadas. Fazemos um trabalho de divulga\u00e7\u00e3o e todos sabem que o Setcepar est\u00e1 \u00e0 disposi\u00e7\u00e3o, mas, no Brasil, a atividade sindical e a representatividade ainda s\u00e3o pouco praticadas. O setor de transporte sofre com isso, especialmente pela falta de preparo, de uni\u00e3o e de conscientiza\u00e7\u00e3o.<\/em><\/p>\n<p><em>Ainda encontramos associados que n\u00e3o acreditam que a reforma v\u00e1 acontecer, mas ela \u00e9 uma realidade que j\u00e1 come\u00e7ou em janeiro. Em 2026, temos que nos preparar com informa\u00e7\u00f5es, pois, de 2027 a 2033, ela ocorre efetivamente.<\/em> <em>Quando se fala da Lei do Motorista, o empres\u00e1rio ainda tem dificuldade em entender que h\u00e1 limites de carga hor\u00e1ria e que deve respeitar o intervalo interjornada de 11 horas. Tamb\u00e9m percebemos uma busca maior por informa\u00e7\u00f5es sobre o frete m\u00ednimo da ANTT. Algumas mudan\u00e7as devem acontecer nos pr\u00f3ximos 45 dias e o pessoal est\u00e1 aflito, perguntando: \u2018como \u00e9 que eu vou fazer?\u2019. Isso ocorre pela falta de busca pr\u00e9via por informa\u00e7\u00e3o.<\/em><\/p>\n<p><strong>Tribuna: <\/strong>A implementa\u00e7\u00e3o do Free Flow tem gerado cr\u00edticas por parte de alguns usu\u00e1rios. Como o setor deve lidar com essa resist\u00eancia e com os entraves legais que ainda existem?<\/p>\n<p><strong>Silvio Kasnodzei<\/strong>: <em>Muito se fala, se reclama e se critica, mas s\u00e3o mudan\u00e7as e inova\u00e7\u00f5es necess\u00e1rias para o setor. Precisamos evoluir. N\u00e3o se faz omelete sem quebrar os ovos. \u00c9 muito mais vi\u00e1vel ter um sistema totalmente digital, que cobre o ped\u00e1gio e dimensione a frota, do que ter essas pra\u00e7as de ped\u00e1gio enormes, que causam impacto ambiental e exigem frenagem, parada na cabine e retomada de velocidade. O Free Flow permite uma velocidade constante. Existem problemas de ordem legal no interior do estado, mas \u00e9 quest\u00e3o de ajuste. Agora, tanto a concession\u00e1ria quanto o usu\u00e1rio t\u00eam que estar conscientes disso e cada um fazer a sua parte para que, no final, todos ganhem. Temos que parar de pensar em \u2018dar um jeitinho\u2019. S\u00f3 tem uma forma de fazer: a certa.<\/em><\/p>\n<p><strong>Tribuna: <\/strong>O <a href=\"https:\/\/www.tribunapr.com.br\/noticias\/parana\/porto-de-paranagua-moegao-chega-a-95-de-megaobra-mas-conexao-privada-e-desafio\/\">Porto de Paranagu\u00e1<\/a> \u00e9 importante n\u00e3o s\u00f3 para o Paran\u00e1, mas tamb\u00e9m para o Brasil. Apesar disso, o acesso ao litoral ainda \u00e9 um tema sens\u00edvel. Na sua vis\u00e3o, os investimentos em infraestrutura rodovi\u00e1ria est\u00e3o acompanhando o ritmo de crescimento do porto?<\/p>\n<p><strong>Silvio Kasnodzei<\/strong>: <em>O Paran\u00e1 \u00e9 um estado important\u00edssimo na log\u00edstica do Brasil, mas n\u00e3o adianta investir milh\u00f5es no porto e n\u00e3o criar uma alternativa para chegar at\u00e9 ele. N\u00e3o adianta criar mais uma pista para descer a serra se, na primeira chuva que der e rolar uma pedra, ao inv\u00e9s de fechar duas pistas, fecharem-se tr\u00eas. Precisamos de uma via alternativa. \u00c9 necess\u00e1rio criar outra rodovia que ligue ao porto para que consigamos escoar toda a riqueza produzida, n\u00e3o s\u00f3 no Paran\u00e1, mas tamb\u00e9m o que vem do Mato Grosso e at\u00e9 do Uruguai, Paraguai e Argentina. Sem estradas adequadas, n\u00e3o temos como levar a carga nem subir com o que os navios trazem.<\/em><\/p>\n<p><em>Vimos ao longo de 2024 que aquelas chuvas causaram interrup\u00e7\u00f5es e problemas ser\u00edssimos. Os anos passaram e nada foi feito. Continua igual. A descida de S\u00e3o Luiz do Purun\u00e3 j\u00e1 est\u00e1 no limite. Precisar\u00edamos estar estudando outra estrada que, l\u00e1 do Espig\u00e3o, j\u00e1 fa\u00e7a uma liga\u00e7\u00e3o desviando de Campo Largo e Curitiba, conectando as sa\u00eddas para S\u00e3o Paulo, Santa Catarina e Rio Grande do Sul. N\u00e3o d\u00e1 para ficar somente com essa pista.<\/em><\/p>\n<p><strong>Tribuna<\/strong>: No momento atual, uma das principais discuss\u00f5es sobre os transportes no pa\u00eds est\u00e1 relacionada ao aumento dos combust\u00edveis devido \u00e0 Guerra no Oriente M\u00e9dio. O Paran\u00e1 j\u00e1 aderiu a programas para tentar reduzir esse pre\u00e7o, mas como essa instabilidade tem afetado a sa\u00fade financeira das empresas que o Setcepar representa?\u00a0<\/p>\n<p><strong>Silvio Kasnodzei<\/strong>: <em>O impacto do pre\u00e7o dos combust\u00edveis afeta o transporte e a popula\u00e7\u00e3o como um todo. As transportadoras j\u00e1 repassaram parte disso ao frete, mas n\u00e3o na totalidade. Vivemos na expectativa de uma redu\u00e7\u00e3o, mas muito se fala e pouco se faz. Esper\u00e1vamos, por meio de uma parceria entre os governos estadual e federal, uma redu\u00e7\u00e3o na ordem de R$ 1,20 por litro de diesel, mas isso n\u00e3o aconteceu. Temos certeza de que os pre\u00e7os n\u00e3o voltar\u00e3o aos patamares de antes do in\u00edcio dos conflitos internacionais e do fechamento de rotas estrat\u00e9gicas.<\/em><\/p>\n<p><em>Por outro lado, sabemos que, por raz\u00f5es pol\u00edticas, a Petrobras vinha mantendo o pre\u00e7o do diesel defasado em rela\u00e7\u00e3o ao mercado internacional. Essa defasagem, que era de R$ 1,70, j\u00e1 estaria na casa dos R$ 2,50 a R$ 2,70 por litro. A Petrobras anunciou ajustes na ordem de 22%, mas, na pr\u00e1tica, o aumento no diesel supera os 30%. Dificilmente haver\u00e1 um recuo, pois esse ajuste apenas buscou a paridade com o mercado externo. A conta \u00e9 cara e todos vamos pagar. A margem das transportadoras \u00e9 muito pequena e qualquer impacto no diesel compromete o resultado de forma violenta.<\/em><\/p>\n<p><strong>Tribuna<\/strong>: A escassez de profissionais \u00e9 uma realidade em grande parte das \u00e1reas do pa\u00eds. Associado \u00e0 essa falta, a classe tamb\u00e9m j\u00e1 se manifestou pedindo melhorias nos sal\u00e1rios, mudan\u00e7as na jornada de trabalho e entre outros. Como o sindicato tem dialogado com as concession\u00e1rias de ped\u00e1gio e as empresas para garantir que os custos incluam dignidade para quem est\u00e1 no volante?\u00a0<\/p>\n<p><strong>Silvio Kasnodzei<\/strong>: <em>As concession\u00e1rias fizeram esse \u00fanico ponto de descanso que ainda est\u00e1 longe de atender a demanda, mas \u00e9 um sinal de que vai melhorar. J\u00e1 com rela\u00e7\u00e3o \u00e0 falta de motoristas, a solu\u00e7\u00e3o ter\u00e1 que ser encontrada em conjunto com transportadores, embarcadores e clientes. Hoje, quando nossos caminh\u00f5es chegam para embarque ou desembarque, a estrutura oferecida para acomodar o motorista \u00e9 zero. Muitas vezes sequer h\u00e1 um banheiro.\u00a0<\/em><\/p>\n<p><em>O incentivo para que novos profissionais surjam, ou que o filho siga o caminho do pai como no passado, \u00e9 quase nulo. O embarcador precisa ter consci\u00eancia de que isso deve mudar. O caminh\u00e3o sucateado ou em mau estado que vemos nas estradas n\u00e3o \u00e9 uma escolha do aut\u00f4nomo. Ele faz isso porque as margens e o resultado do frete n\u00e3o permitem a manuten\u00e7\u00e3o necess\u00e1ria. Para sobreviver, ele se v\u00ea obrigado a dirigir 18 ou 20 horas para pagar a presta\u00e7\u00e3o. Com o frete m\u00ednimo, isso deve melhorar, incentivando o aut\u00f4nomo a atualizar a frota, investir em manuten\u00e7\u00e3o e ter o descanso necess\u00e1rio. Se n\u00e3o resolvermos isso, daqui a pouco n\u00e3o teremos o produto na prateleira do supermercado.<\/em><\/p>\n<p><strong>Tribuna<\/strong>: O governo federal lan\u00e7ou um pacote de R$ 3,9 bilh\u00f5es em incentivos para a \u201cLog\u00edstica Verde\u201d em 2026. Os el\u00e9tricos j\u00e1 s\u00e3o \u2018moda\u2019 no transporte coletivo e individual do pa\u00eds e o biodiesel tamb\u00e9m est\u00e1 em alta. O empres\u00e1rio paranaense j\u00e1 est\u00e1 pronto para trocar o diesel pelo biometano ou pelo caminh\u00e3o el\u00e9trico, ou o custo de aquisi\u00e7\u00e3o ainda \u00e9 a maior barreira?\u00a0<\/p>\n<p><strong>Silvio Kasnodzei<\/strong>: <em>Hoje temos ve\u00edculos altamente poluentes e uma frota antiga que precisa ser renovada. Mas como renovar se o frete n\u00e3o remunera o suficiente para atualizar o ve\u00edculo? O custo de aquisi\u00e7\u00e3o de um ve\u00edculo el\u00e9trico ou de outro combust\u00edvel menos poluente ou at\u00e9 mesmo um caminh\u00e3o a diesel mais moderno vai baratear com o tempo. Teremos mais unidades produzidas e vamos dominar melhor a tecnologia, pois isso j\u00e1 \u00e9 realidade em outros pa\u00edses e n\u00e3o ser\u00e1 diferente no Brasil. Antes, falava-se em ve\u00edculos el\u00e9tricos e era algo impag\u00e1vel. Ao nosso ver, um dos caminhos menos poluentes \u00e9 o \u00e1lcool, j\u00e1 que somos autossuficientes e o produzimos aqui.\u00a0<\/em><\/p>\n<p><strong>Tribuna<\/strong>: Quais s\u00e3o as principais pautas que o Setcepar quer ver no debate dos candidatos ao Governo do Estado para garantir melhorias no transporte de cargas do estado?\u00a0<\/p>\n<p><strong>Silvio Kasnodzei<\/strong>: <em>Pensem na infraestrutura. N\u00f3s precisamos disso. O Paran\u00e1 \u00e9 um estado rico, que produz, com uma ind\u00fastria e um agroneg\u00f3cio muito pujantes, mas a nossa infraestrutura deixa a desejar. Precisamos de ferrovias e rodovias onde consigamos produzir mais, reduzindo gargalos. O cronograma de obras previsto pelas concession\u00e1rias para os pr\u00f3ximos anos j\u00e1 deveria ser a nossa realidade atual. Ningu\u00e9m planeja o Paran\u00e1 que queremos para daqui a 20 anos. Estamos sempre resolvendo problemas de cinco anos atr\u00e1s, em vez de olhar para frente. Esse \u00e9 o grande problema.<\/em><\/p>\n<section class=\"virals\">\n<article class=\"cardnews cardnews--post cardnews--has-thumbnail cardnews--editorial-noticias\"> <a href=\"https:\/\/www.tribunapr.com.br\/noticias\/parana\/conheca-mel-raro-interior-parana-floradas-especiais-sabor-suave\/?utm_source=noticias-virais-rodape&amp;utm_medium=internal-tribuna&amp;utm_campaign=tribuna\" class=\"cardnews__postlink\"> <\/p>\n<div class=\"cardnews__image\" is-api-thumb=\"\"><\/div>\n<div class=\"cardnews__content cardhome__content\">\n<div class=\"cardnews__content-wrapper\">\n<p> <span style=\"\"> Denomina\u00e7\u00e3o de Origem <\/span> <\/p>\n<p>Conhe\u00e7a o mel raro do interior do Paran\u00e1 que nasce de floradas especiais e tem sabor suave<\/p>\n<\/p><\/div>\n<\/p><\/div>\n<p> <\/a> <\/article>\n<article class=\"cardnews cardnews--post cardnews--has-thumbnail cardnews--editorial-noticias\"> <a href=\"https:\/\/www.tribunapr.com.br\/noticias\/curitiba-regiao\/curitiba-e-a-nova-miami-capital-e-a-que-mais-recebe-cubanos-do-brasil\/?utm_source=noticias-virais-rodape&amp;utm_medium=internal-tribuna&amp;utm_campaign=tribuna\" class=\"cardnews__postlink\"> <\/p>\n<div class=\"cardnews__image\" is-api-thumb=\"\"><img decoding=\"async\" src=\"https:\/\/www.tribunapr.com.br\/wp-content\/uploads\/2026\/04\/02194022\/centro-de-Curitiba-370x210.jpg\" loading=\"lazy\" alt=\"Curitiba \u00e9 a nova Miami: capital paranaense \u00e9 a que mais recebe cubanos do Brasil\"\/><\/div>\n<div class=\"cardnews__content cardhome__content\">\n<div class=\"cardnews__content-wrapper\">\n<p> <span style=\"\"> Imigra\u00e7\u00e3o <\/span> <\/p>\n<p>Curitiba \u00e9 a nova Miami: capital paranaense \u00e9 a que mais recebe cubanos do Brasil<\/p>\n<\/p><\/div>\n<\/p><\/div>\n<p> <\/a> <\/article>\n<article class=\"cardnews cardnews--post cardnews--has-thumbnail cardnews--editorial-noticias\"> <a href=\"https:\/\/www.tribunapr.com.br\/noticias\/parana\/futebol-ajuda-imigrantes-venezuelanos-reconstruir-vinculos-curitiba\/?utm_source=noticias-virais-rodape&amp;utm_medium=internal-tribuna&amp;utm_campaign=tribuna\" class=\"cardnews__postlink\"> <\/p>\n<div class=\"cardnews__image\" is-api-thumb=\"\"><img decoding=\"async\" src=\"https:\/\/www.tribunapr.com.br\/wp-content\/uploads\/2026\/04\/12141044\/liga-venezuela-370x210.jpg\" loading=\"lazy\" alt=\"Futebol ajuda imigrantes venezuelanos a reconstruir v\u00ednculos em Curitiba\"\/><\/div>\n<div class=\"cardnews__content cardhome__content\">\n<div class=\"cardnews__content-wrapper\">\n<p> <span style=\"\"> Paix\u00e3o compartilhada <\/span> <\/p>\n<p>Futebol ajuda imigrantes venezuelanos a reconstruir v\u00ednculos em Curitiba<\/p>\n<\/p><\/div>\n<\/p><\/div>\n<p> <\/a> <\/article>\n<\/section>\n<div id=\"tribuna-follow-cta\">\n<p> <span class=\"cta-title\">Siga a <span class=\"tribuna-color\">Tribuna<\/span> no Google, e acompanhe as \u00faltimas not\u00edcias de Curitiba e regi\u00e3o!<\/span> <\/p>\n<p> <a href=\"https:\/\/profile.google.com\/cp\/CgwvZy8xMmxxajUzM3Mac2h0dHBzOi8vd3d3LnRyaWJ1bmFwci5jb20uYnIvdml2YS92aXRyaW5lL2dpZ2FudGUtZG8tdmVzdHVhcmlvLXJlaW5hdWd1cmEtbG9qYS1lbS1zaG9wcGluZy10cmFkaWNpb25hbC1kZS1jdXJpdGliYS8iElRyaWJ1bmEgZG8gUGFyYW7DoSqAAwrHAWh0dHBzOi8vZW5jcnlwdGVkLXRibjIuZ3N0YXRpYy5jb20vZmF2aWNvbi10Ym4_cT10Ym46QU5kOUdjUVJPbjVDRjR6TzJPbkUwTXZrRlRCRTY2U0g1bGlaVDRaZTV3bWNKeU5GRm1BSnluM01nNU9PR3BXY1pYMzZwYU5HUWtsZ09JVEFLTTNNZVNGbTc1aWp6M3k2ajUtQ3M2b25kX2JUcFFQQkVLd3RsUjBsTmJESnUtVHhrNXQtbFlCNlVpOWZSVVFjT2cSswFodHRwczovL2VuY3J5cHRlZC10Ym4zLmdzdGF0aWMuY29tL2Zhdmljb24tdGJuP3E9dGJuJTNBQU5kOUdjU0FMaWJ2eFF0YXdFMFRueVdWWmVKRS1MZEdRZjVTUi1OZ2RMazhyZzIwVy1nM0JuQ1F4VDNKZFBjRXR2THdBeVRxUDJEdHVycEdVR29CQkxpYzM5al9wSmFxRERaMHNCYW05WEVhSGVsMmZTQmdKdlF4WWVyMw\" target=\"_blank\" title=\"Seguir a Tribuna no Google\">  <\/a> <\/div>\n<\/p><\/div>\n<p><a href=\"https:\/\/www.tribunapr.com.br\/noticias\/parana\/setcepar-expoe-crise-rodovias-parana-futuro-setor\/\">Fonte do Artigo <\/a><\/p>","protected":false},"excerpt":{"rendered":"<p>Ped\u00e1gios, pre\u00e7o do diesel e gargalos nas rodovias est\u00e3o entre as principais preocupa\u00e7\u00f5es dos caminhoneiros no Paran\u00e1 que impactam diretamente no bolso do consumidor final. Em entrevista \u00e0 Tribuna do Paran\u00e1, Silvio Kasnodzei, presidente do Sindicato das Empresas de Transporte de Cargas no Estado do Paran\u00e1 (SETCEPAR), detalha os desafios de liderar um setor considerado [&hellip;]<\/p>\n","protected":false},"author":1,"featured_media":114952,"comment_status":"closed","ping_status":"","sticky":false,"template":"","format":"standard","meta":{"googlesitekit_rrm_CAow2JLhCw:productID":"","_gspb_post_css":"","maa_idioma":"","maa_pais":"","footnotes":""},"categories":[1],"tags":[1645,14227,3840,90,3270,222,31007],"class_list":["post-114951","post","type-post","status-publish","format-standard","has-post-thumbnail","hentry","category-ubirata","tag-crise","tag-expoe","tag-nas","tag-parana","tag-presidente","tag-rodovias","tag-setcepar"],"blocksy_meta":[],"yoast_head":"<!-- This site is optimized with the Yoast SEO Premium plugin v27.6 (Yoast SEO v27.6) - https:\/\/yoast.com\/product\/yoast-seo-premium-wordpress\/ -->\n<title>Presidente do SETCEPAR exp\u00f5e crise nas rodovias do Paran\u00e1 - Ubirat\u00e3 Online Not\u00edcias - A realidade ao seu alcance!<\/title>\n<meta name=\"description\" content=\"Ped\u00e1gios, pre\u00e7o do diesel e gargalos nas rodovias est\u00e3o entre as principais preocupa\u00e7\u00f5es dos caminhoneiros no Paran\u00e1 que impactam diretamente no bolso do\" \/>\n<meta name=\"robots\" content=\"index, follow, max-snippet:-1, max-image-preview:large, max-video-preview:-1\" \/>\n<link rel=\"canonical\" href=\"https:\/\/ubirataonline.com.br\/en\/presidente-do-setcepar-expoe-crise-nas-rodovias-do-parana\/\" \/>\n<meta property=\"og:locale\" content=\"en_US\" \/>\n<meta property=\"og:type\" content=\"article\" \/>\n<meta property=\"og:title\" content=\"Presidente do SETCEPAR exp\u00f5e crise nas rodovias do Paran\u00e1\" \/>\n<meta property=\"og:description\" content=\"Ped\u00e1gios, pre\u00e7o do diesel e gargalos nas rodovias est\u00e3o entre as principais preocupa\u00e7\u00f5es dos caminhoneiros no Paran\u00e1 que impactam diretamente no bolso do\" \/>\n<meta property=\"og:url\" content=\"https:\/\/ubirataonline.com.br\/en\/presidente-do-setcepar-expoe-crise-nas-rodovias-do-parana\/\" \/>\n<meta property=\"og:site_name\" content=\"Ubirat\u00e3 Online Not\u00edcias - A realidade ao seu alcance!\" \/>\n<meta property=\"article:publisher\" content=\"https:\/\/www.facebook.com\/portalubirataonline\" \/>\n<meta property=\"article:author\" content=\"https:\/\/www.facebook.com\/portalubirataonline\" \/>\n<meta property=\"article:published_time\" content=\"2026-04-25T13:01:02+00:00\" \/>\n<meta property=\"article:modified_time\" content=\"2026-04-25T13:01:14+00:00\" \/>\n<meta property=\"og:image\" content=\"https:\/\/ubirataonline.com.br\/wp-content\/uploads\/2026\/04\/Presidente-do-SETCEPAR-expoe-crise-nas-rodovias-do-Parana.png\" \/>\n\t<meta property=\"og:image:width\" content=\"1200\" \/>\n\t<meta property=\"og:image:height\" content=\"675\" \/>\n\t<meta property=\"og:image:type\" content=\"image\/png\" \/>\n<meta name=\"author\" content=\"REDA\u00c7\u00c3O: UBIRAT\u00c3 ONLINE - F\u00c1BIO AUGUSTO CELESTINO\" \/>\n<meta name=\"twitter:card\" content=\"summary_large_image\" \/>\n<meta name=\"twitter:creator\" content=\"@x.com\/ubirataonline\" \/>\n<meta name=\"twitter:site\" content=\"@ubirataonline\" \/>\n<meta name=\"twitter:label1\" content=\"Written by\" \/>\n\t<meta name=\"twitter:data1\" content=\"REDA\u00c7\u00c3O: UBIRAT\u00c3 ONLINE - F\u00c1BIO AUGUSTO CELESTINO\" \/>\n\t<meta name=\"twitter:label2\" content=\"Est. reading time\" \/>\n\t<meta name=\"twitter:data2\" content=\"9 minutes\" \/>\n<script type=\"application\/ld+json\" class=\"yoast-schema-graph\">{\"@context\":\"https:\\\/\\\/schema.org\",\"@graph\":[{\"@type\":\"NewsArticle\",\"@id\":\"https:\\\/\\\/ubirataonline.com.br\\\/presidente-do-setcepar-expoe-crise-nas-rodovias-do-parana\\\/#article\",\"isPartOf\":{\"@id\":\"https:\\\/\\\/ubirataonline.com.br\\\/presidente-do-setcepar-expoe-crise-nas-rodovias-do-parana\\\/\"},\"author\":{\"name\":\"REDA\u00c7\u00c3O: UBIRAT\u00c3 ONLINE - F\u00c1BIO AUGUSTO CELESTINO\",\"@id\":\"https:\\\/\\\/ubirataonline.com.br\\\/#\\\/schema\\\/person\\\/372f87bbd3fdd79b8556b84c98d0bc1c\"},\"headline\":\"Presidente do SETCEPAR exp\u00f5e crise nas rodovias do Paran\u00e1\",\"datePublished\":\"2026-04-25T13:01:02+00:00\",\"dateModified\":\"2026-04-25T13:01:14+00:00\",\"mainEntityOfPage\":{\"@id\":\"https:\\\/\\\/ubirataonline.com.br\\\/presidente-do-setcepar-expoe-crise-nas-rodovias-do-parana\\\/\"},\"wordCount\":1869,\"publisher\":{\"@id\":\"https:\\\/\\\/ubirataonline.com.br\\\/#organization\"},\"image\":{\"@id\":\"https:\\\/\\\/ubirataonline.com.br\\\/presidente-do-setcepar-expoe-crise-nas-rodovias-do-parana\\\/#primaryimage\"},\"thumbnailUrl\":\"https:\\\/\\\/ubirataonline.com.br\\\/wp-content\\\/uploads\\\/2026\\\/04\\\/Presidente-do-SETCEPAR-expoe-crise-nas-rodovias-do-Parana.png\",\"keywords\":[\"Crise\",\"exp\u00f5e\",\"nas\",\"paran\u00e1\",\"presidente\",\"Rodovias\",\"SETCEPAR\"],\"articleSection\":[\"Ubirat\u00e3\"],\"inLanguage\":\"en-US\",\"copyrightYear\":\"2026\",\"copyrightHolder\":{\"@id\":\"https:\\\/\\\/ubirataonline.com.br\\\/en\\\/#organization\"}},{\"@type\":\"WebPage\",\"@id\":\"https:\\\/\\\/ubirataonline.com.br\\\/presidente-do-setcepar-expoe-crise-nas-rodovias-do-parana\\\/\",\"url\":\"https:\\\/\\\/ubirataonline.com.br\\\/presidente-do-setcepar-expoe-crise-nas-rodovias-do-parana\\\/\",\"name\":\"Presidente do SETCEPAR exp\u00f5e crise nas rodovias do Paran\u00e1 - Ubirat\u00e3 Online Not\u00edcias - A realidade ao seu alcance!\",\"isPartOf\":{\"@id\":\"https:\\\/\\\/ubirataonline.com.br\\\/#website\"},\"primaryImageOfPage\":{\"@id\":\"https:\\\/\\\/ubirataonline.com.br\\\/presidente-do-setcepar-expoe-crise-nas-rodovias-do-parana\\\/#primaryimage\"},\"image\":{\"@id\":\"https:\\\/\\\/ubirataonline.com.br\\\/presidente-do-setcepar-expoe-crise-nas-rodovias-do-parana\\\/#primaryimage\"},\"thumbnailUrl\":\"https:\\\/\\\/ubirataonline.com.br\\\/wp-content\\\/uploads\\\/2026\\\/04\\\/Presidente-do-SETCEPAR-expoe-crise-nas-rodovias-do-Parana.png\",\"datePublished\":\"2026-04-25T13:01:02+00:00\",\"dateModified\":\"2026-04-25T13:01:14+00:00\",\"description\":\"Ped\u00e1gios, pre\u00e7o do diesel e gargalos nas rodovias est\u00e3o entre as principais preocupa\u00e7\u00f5es dos caminhoneiros no Paran\u00e1 que impactam diretamente no bolso do\",\"breadcrumb\":{\"@id\":\"https:\\\/\\\/ubirataonline.com.br\\\/presidente-do-setcepar-expoe-crise-nas-rodovias-do-parana\\\/#breadcrumb\"},\"inLanguage\":\"en-US\",\"potentialAction\":[{\"@type\":\"ReadAction\",\"target\":[\"https:\\\/\\\/ubirataonline.com.br\\\/presidente-do-setcepar-expoe-crise-nas-rodovias-do-parana\\\/\"]}]},{\"@type\":\"ImageObject\",\"inLanguage\":\"en-US\",\"@id\":\"https:\\\/\\\/ubirataonline.com.br\\\/presidente-do-setcepar-expoe-crise-nas-rodovias-do-parana\\\/#primaryimage\",\"url\":\"https:\\\/\\\/ubirataonline.com.br\\\/wp-content\\\/uploads\\\/2026\\\/04\\\/Presidente-do-SETCEPAR-expoe-crise-nas-rodovias-do-Parana.png\",\"contentUrl\":\"https:\\\/\\\/ubirataonline.com.br\\\/wp-content\\\/uploads\\\/2026\\\/04\\\/Presidente-do-SETCEPAR-expoe-crise-nas-rodovias-do-Parana.png\",\"width\":1200,\"height\":675,\"caption\":\"SETCEPAR representa 16 mil empresas no estado, sendo 600 associadas \u00e0 entidade. Foto: Julia Moreira\\\/Tribuna do Paran\u00e1.\"},{\"@type\":\"BreadcrumbList\",\"@id\":\"https:\\\/\\\/ubirataonline.com.br\\\/presidente-do-setcepar-expoe-crise-nas-rodovias-do-parana\\\/#breadcrumb\",\"itemListElement\":[{\"@type\":\"ListItem\",\"position\":1,\"name\":\"In\u00edcio\",\"item\":\"https:\\\/\\\/ubirataonline.com.br\\\/\"},{\"@type\":\"ListItem\",\"position\":2,\"name\":\"Presidente do SETCEPAR exp\u00f5e crise nas rodovias do Paran\u00e1\"}]},{\"@type\":\"WebSite\",\"@id\":\"https:\\\/\\\/ubirataonline.com.br\\\/#website\",\"url\":\"https:\\\/\\\/ubirataonline.com.br\\\/\",\"name\":\"Ubirat\u00e3 Online Not\u00edcias\",\"description\":\"Not\u00edcias de Ubirat\u00e3, regi\u00e3o, Brasil e mundo, com informa\u00e7\u00e3o atualizada e compromisso com o leitor.\",\"publisher\":{\"@id\":\"https:\\\/\\\/ubirataonline.com.br\\\/#organization\"},\"alternateName\":\"Ubirat\u00e3 Online\",\"potentialAction\":[{\"@type\":\"SearchAction\",\"target\":{\"@type\":\"EntryPoint\",\"urlTemplate\":\"https:\\\/\\\/ubirataonline.com.br\\\/?s={search_term_string}\"},\"query-input\":{\"@type\":\"PropertyValueSpecification\",\"valueRequired\":true,\"valueName\":\"search_term_string\"}}],\"inLanguage\":\"en-US\"},{\"@type\":[\"Organization\",\"Place\"],\"@id\":\"https:\\\/\\\/ubirataonline.com.br\\\/#organization\",\"name\":\"Ubirat\u00e3 Online Not\u00edcias\",\"alternateName\":\"Ubirat\u00e3 Online\",\"url\":\"https:\\\/\\\/ubirataonline.com.br\\\/\",\"logo\":{\"@id\":\"https:\\\/\\\/ubirataonline.com.br\\\/presidente-do-setcepar-expoe-crise-nas-rodovias-do-parana\\\/#local-main-organization-logo\"},\"image\":{\"@id\":\"https:\\\/\\\/ubirataonline.com.br\\\/presidente-do-setcepar-expoe-crise-nas-rodovias-do-parana\\\/#local-main-organization-logo\"},\"sameAs\":[\"https:\\\/\\\/www.facebook.com\\\/portalubirataonline\",\"https:\\\/\\\/x.com\\\/ubirataonline\",\"https:\\\/\\\/mastodon.social\\\/@ubirataonline\",\"https:\\\/\\\/www.facebook.com\\\/groups\\\/311144672285604\",\"https:\\\/\\\/www.facebook.com\\\/UBTAOnline\",\"https:\\\/\\\/www.instagram.com\\\/portalubirataonline\\\/\",\"https:\\\/\\\/twitter.com\\\/ubirataonline\"],\"description\":\"Somos um portal de not\u00edcias independente, criado em 5 de janeiro de 2009, com o objetivo de informar, conectar e valorizar a nossa comunidade de Ubirat\u00e3 e toda aregi\u00e3o. Com conte\u00fado atualizado, confi\u00e1vel e relevante, o Ubirat\u00e3 Online \u00e9 o seu espa\u00e7o para ficar por dentro dos principais acontecimentos locais, regionais, Brasil, Mundo e de interesse geral. Nosso compromisso \u00e9 com a verdade, a transpar\u00eancia e o respeito ao leitor.\",\"legalName\":\"UBIRATA ONLINE NOT\u00cdCIAS\",\"foundingDate\":\"2009-01-05\",\"numberOfEmployees\":{\"@type\":\"QuantitativeValue\",\"minValue\":\"1\",\"maxValue\":\"10\"},\"publishingPrinciples\":\"https:\\\/\\\/ubirataonline.com.br\\\/faq\\\/\",\"address\":{\"@id\":\"https:\\\/\\\/ubirataonline.com.br\\\/presidente-do-setcepar-expoe-crise-nas-rodovias-do-parana\\\/#local-main-place-address\"},\"geo\":{\"@type\":\"GeoCoordinates\",\"latitude\":\"-24.5361401\",\"longitude\":\"-52.9921776\"},\"telephone\":[\"+5544998308235\"],\"contactPoint\":{\"@type\":\"ContactPoint\",\"email\":\"contato@ubirataonline.com.br\"},\"openingHoursSpecification\":{\"@type\":\"OpeningHoursSpecification\",\"dayOfWeek\":[\"Monday\",\"Tuesday\",\"Wednesday\",\"Thursday\",\"Friday\",\"Saturday\",\"Sunday\"],\"opens\":\"00:00\",\"closes\":\"23:59\"},\"email\":\"contato@ubirataonline.com.br\",\"vatID\":\"47.621.418\\\/0001-80\"},{\"@type\":\"Person\",\"@id\":\"https:\\\/\\\/ubirataonline.com.br\\\/#\\\/schema\\\/person\\\/372f87bbd3fdd79b8556b84c98d0bc1c\",\"name\":\"REDA\u00c7\u00c3O: UBIRAT\u00c3 ONLINE - F\u00c1BIO AUGUSTO CELESTINO\",\"pronouns\":\"Ele\",\"description\":\"Desde 2003 trabalhando com not\u00edcias.\",\"sameAs\":[\"http:\\\/\\\/ubirataoline.com.br\",\"https:\\\/\\\/www.facebook.com\\\/portalubirataonline\",\"https:\\\/\\\/www.instagram.com\\\/ubirataonline_oficial\",\"https:\\\/\\\/x.com\\\/x.com\\\/ubirataonline\"],\"honorificPrefix\":\"Mr.\",\"honorificSuffix\":\"MD\",\"birthDate\":\"1980-06-16\",\"gender\":\"masculino\",\"award\":[\"V\u00e1rios pr\u00eamios de melhor portal da cidade\"],\"jobTitle\":\"Diretor\",\"url\":\"https:\\\/\\\/ubirataonline.com.br\\\/en\\\/author\\\/ubirataonline\\\/\"},{\"@type\":\"PostalAddress\",\"@id\":\"https:\\\/\\\/ubirataonline.com.br\\\/presidente-do-setcepar-expoe-crise-nas-rodovias-do-parana\\\/#local-main-place-address\",\"streetAddress\":\"Rua dos Coqueiros, 104 - Bairro Boa Vista, Rua dos Coqueiros, 104 Bairro Boa Vista\",\"addressLocality\":\"UBIRATA\",\"postalCode\":\"85440-000\",\"addressRegion\":\"PR\",\"addressCountry\":\"BR\"},{\"@type\":\"ImageObject\",\"inLanguage\":\"en-US\",\"@id\":\"https:\\\/\\\/ubirataonline.com.br\\\/presidente-do-setcepar-expoe-crise-nas-rodovias-do-parana\\\/#local-main-organization-logo\",\"url\":\"https:\\\/\\\/ubirataonline.com.br\\\/wp-content\\\/uploads\\\/2026\\\/06\\\/logoubirataonline-1.webp\",\"contentUrl\":\"https:\\\/\\\/ubirataonline.com.br\\\/wp-content\\\/uploads\\\/2026\\\/06\\\/logoubirataonline-1.webp\",\"width\":500,\"height\":500,\"caption\":\"Ubirat\u00e3 Online Not\u00edcias\"}]}<\/script>\n<meta name=\"geo.placename\" content=\"UBIRATA\" \/>\n<meta name=\"geo.position\" content=\"-24.5361401;-52.9921776\" \/>\n<meta name=\"geo.region\" content=\"Brazil\" \/>\n<!-- \/ Yoast SEO Premium plugin. -->","yoast_head_json":{"title":"Presidente do SETCEPAR exp\u00f5e crise nas rodovias do Paran\u00e1 - Ubirat\u00e3 Online Not\u00edcias - A realidade ao seu alcance!","description":"Ped\u00e1gios, pre\u00e7o do diesel e gargalos nas rodovias est\u00e3o entre as principais preocupa\u00e7\u00f5es dos caminhoneiros no Paran\u00e1 que impactam diretamente no bolso do","robots":{"index":"index","follow":"follow","max-snippet":"max-snippet:-1","max-image-preview":"max-image-preview:large","max-video-preview":"max-video-preview:-1"},"canonical":"https:\/\/ubirataonline.com.br\/en\/presidente-do-setcepar-expoe-crise-nas-rodovias-do-parana\/","og_locale":"en_US","og_type":"article","og_title":"Presidente do SETCEPAR exp\u00f5e crise nas rodovias do Paran\u00e1","og_description":"Ped\u00e1gios, pre\u00e7o do diesel e gargalos nas rodovias est\u00e3o entre as principais preocupa\u00e7\u00f5es dos caminhoneiros no Paran\u00e1 que impactam diretamente no bolso do","og_url":"https:\/\/ubirataonline.com.br\/en\/presidente-do-setcepar-expoe-crise-nas-rodovias-do-parana\/","og_site_name":"Ubirat\u00e3 Online Not\u00edcias - A realidade ao seu alcance!","article_publisher":"https:\/\/www.facebook.com\/portalubirataonline","article_author":"https:\/\/www.facebook.com\/portalubirataonline","article_published_time":"2026-04-25T13:01:02+00:00","article_modified_time":"2026-04-25T13:01:14+00:00","og_image":[{"width":1200,"height":675,"url":"https:\/\/ubirataonline.com.br\/wp-content\/uploads\/2026\/04\/Presidente-do-SETCEPAR-expoe-crise-nas-rodovias-do-Parana.png","type":"image\/png"}],"author":"REDA\u00c7\u00c3O: UBIRAT\u00c3 ONLINE - F\u00c1BIO AUGUSTO CELESTINO","twitter_card":"summary_large_image","twitter_creator":"@x.com\/ubirataonline","twitter_site":"@ubirataonline","twitter_misc":{"Written by":"REDA\u00c7\u00c3O: UBIRAT\u00c3 ONLINE - F\u00c1BIO AUGUSTO CELESTINO","Est. reading time":"9 minutes"},"schema":{"@context":"https:\/\/schema.org","@graph":[{"@type":"NewsArticle","@id":"https:\/\/ubirataonline.com.br\/presidente-do-setcepar-expoe-crise-nas-rodovias-do-parana\/#article","isPartOf":{"@id":"https:\/\/ubirataonline.com.br\/presidente-do-setcepar-expoe-crise-nas-rodovias-do-parana\/"},"author":{"name":"REDA\u00c7\u00c3O: UBIRAT\u00c3 ONLINE - F\u00c1BIO AUGUSTO CELESTINO","@id":"https:\/\/ubirataonline.com.br\/#\/schema\/person\/372f87bbd3fdd79b8556b84c98d0bc1c"},"headline":"Presidente do SETCEPAR exp\u00f5e crise nas rodovias do Paran\u00e1","datePublished":"2026-04-25T13:01:02+00:00","dateModified":"2026-04-25T13:01:14+00:00","mainEntityOfPage":{"@id":"https:\/\/ubirataonline.com.br\/presidente-do-setcepar-expoe-crise-nas-rodovias-do-parana\/"},"wordCount":1869,"publisher":{"@id":"https:\/\/ubirataonline.com.br\/#organization"},"image":{"@id":"https:\/\/ubirataonline.com.br\/presidente-do-setcepar-expoe-crise-nas-rodovias-do-parana\/#primaryimage"},"thumbnailUrl":"https:\/\/ubirataonline.com.br\/wp-content\/uploads\/2026\/04\/Presidente-do-SETCEPAR-expoe-crise-nas-rodovias-do-Parana.png","keywords":["Crise","exp\u00f5e","nas","paran\u00e1","presidente","Rodovias","SETCEPAR"],"articleSection":["Ubirat\u00e3"],"inLanguage":"en-US","copyrightYear":"2026","copyrightHolder":{"@id":"https:\/\/ubirataonline.com.br\/en\/#organization"}},{"@type":"WebPage","@id":"https:\/\/ubirataonline.com.br\/presidente-do-setcepar-expoe-crise-nas-rodovias-do-parana\/","url":"https:\/\/ubirataonline.com.br\/presidente-do-setcepar-expoe-crise-nas-rodovias-do-parana\/","name":"Presidente do SETCEPAR exp\u00f5e crise nas rodovias do Paran\u00e1 - Ubirat\u00e3 Online Not\u00edcias - A realidade ao seu alcance!","isPartOf":{"@id":"https:\/\/ubirataonline.com.br\/#website"},"primaryImageOfPage":{"@id":"https:\/\/ubirataonline.com.br\/presidente-do-setcepar-expoe-crise-nas-rodovias-do-parana\/#primaryimage"},"image":{"@id":"https:\/\/ubirataonline.com.br\/presidente-do-setcepar-expoe-crise-nas-rodovias-do-parana\/#primaryimage"},"thumbnailUrl":"https:\/\/ubirataonline.com.br\/wp-content\/uploads\/2026\/04\/Presidente-do-SETCEPAR-expoe-crise-nas-rodovias-do-Parana.png","datePublished":"2026-04-25T13:01:02+00:00","dateModified":"2026-04-25T13:01:14+00:00","description":"Ped\u00e1gios, pre\u00e7o do diesel e gargalos nas rodovias est\u00e3o entre as principais preocupa\u00e7\u00f5es dos caminhoneiros no Paran\u00e1 que impactam diretamente no bolso do","breadcrumb":{"@id":"https:\/\/ubirataonline.com.br\/presidente-do-setcepar-expoe-crise-nas-rodovias-do-parana\/#breadcrumb"},"inLanguage":"en-US","potentialAction":[{"@type":"ReadAction","target":["https:\/\/ubirataonline.com.br\/presidente-do-setcepar-expoe-crise-nas-rodovias-do-parana\/"]}]},{"@type":"ImageObject","inLanguage":"en-US","@id":"https:\/\/ubirataonline.com.br\/presidente-do-setcepar-expoe-crise-nas-rodovias-do-parana\/#primaryimage","url":"https:\/\/ubirataonline.com.br\/wp-content\/uploads\/2026\/04\/Presidente-do-SETCEPAR-expoe-crise-nas-rodovias-do-Parana.png","contentUrl":"https:\/\/ubirataonline.com.br\/wp-content\/uploads\/2026\/04\/Presidente-do-SETCEPAR-expoe-crise-nas-rodovias-do-Parana.png","width":1200,"height":675,"caption":"SETCEPAR representa 16 mil empresas no estado, sendo 600 associadas \u00e0 entidade. Foto: Julia Moreira\/Tribuna do Paran\u00e1."},{"@type":"BreadcrumbList","@id":"https:\/\/ubirataonline.com.br\/presidente-do-setcepar-expoe-crise-nas-rodovias-do-parana\/#breadcrumb","itemListElement":[{"@type":"ListItem","position":1,"name":"In\u00edcio","item":"https:\/\/ubirataonline.com.br\/"},{"@type":"ListItem","position":2,"name":"Presidente do SETCEPAR exp\u00f5e crise nas rodovias do Paran\u00e1"}]},{"@type":"WebSite","@id":"https:\/\/ubirataonline.com.br\/#website","url":"https:\/\/ubirataonline.com.br\/","name":"Ubirat\u00e3 Online Not\u00edcias","description":"Not\u00edcias de Ubirat\u00e3, regi\u00e3o, Brasil e mundo, com informa\u00e7\u00e3o atualizada e compromisso com o leitor.","publisher":{"@id":"https:\/\/ubirataonline.com.br\/#organization"},"alternateName":"Ubirat\u00e3 Online","potentialAction":[{"@type":"SearchAction","target":{"@type":"EntryPoint","urlTemplate":"https:\/\/ubirataonline.com.br\/?s={search_term_string}"},"query-input":{"@type":"PropertyValueSpecification","valueRequired":true,"valueName":"search_term_string"}}],"inLanguage":"en-US"},{"@type":["Organization","Place"],"@id":"https:\/\/ubirataonline.com.br\/#organization","name":"Ubirat\u00e3 Online Not\u00edcias","alternateName":"Ubirat\u00e3 Online","url":"https:\/\/ubirataonline.com.br\/","logo":{"@id":"https:\/\/ubirataonline.com.br\/presidente-do-setcepar-expoe-crise-nas-rodovias-do-parana\/#local-main-organization-logo"},"image":{"@id":"https:\/\/ubirataonline.com.br\/presidente-do-setcepar-expoe-crise-nas-rodovias-do-parana\/#local-main-organization-logo"},"sameAs":["https:\/\/www.facebook.com\/portalubirataonline","https:\/\/x.com\/ubirataonline","https:\/\/mastodon.social\/@ubirataonline","https:\/\/www.facebook.com\/groups\/311144672285604","https:\/\/www.facebook.com\/UBTAOnline","https:\/\/www.instagram.com\/portalubirataonline\/","https:\/\/twitter.com\/ubirataonline"],"description":"Somos um portal de not\u00edcias independente, criado em 5 de janeiro de 2009, com o objetivo de informar, conectar e valorizar a nossa comunidade de Ubirat\u00e3 e toda aregi\u00e3o. Com conte\u00fado atualizado, confi\u00e1vel e relevante, o Ubirat\u00e3 Online \u00e9 o seu espa\u00e7o para ficar por dentro dos principais acontecimentos locais, regionais, Brasil, Mundo e de interesse geral. Nosso compromisso \u00e9 com a verdade, a transpar\u00eancia e o respeito ao leitor.","legalName":"UBIRATA ONLINE NOT\u00cdCIAS","foundingDate":"2009-01-05","numberOfEmployees":{"@type":"QuantitativeValue","minValue":"1","maxValue":"10"},"publishingPrinciples":"https:\/\/ubirataonline.com.br\/faq\/","address":{"@id":"https:\/\/ubirataonline.com.br\/presidente-do-setcepar-expoe-crise-nas-rodovias-do-parana\/#local-main-place-address"},"geo":{"@type":"GeoCoordinates","latitude":"-24.5361401","longitude":"-52.9921776"},"telephone":["+5544998308235"],"contactPoint":{"@type":"ContactPoint","email":"contato@ubirataonline.com.br"},"openingHoursSpecification":{"@type":"OpeningHoursSpecification","dayOfWeek":["Monday","Tuesday","Wednesday","Thursday","Friday","Saturday","Sunday"],"opens":"00:00","closes":"23:59"},"email":"contato@ubirataonline.com.br","vatID":"47.621.418\/0001-80"},{"@type":"Person","@id":"https:\/\/ubirataonline.com.br\/#\/schema\/person\/372f87bbd3fdd79b8556b84c98d0bc1c","name":"REDA\u00c7\u00c3O: UBIRAT\u00c3 ONLINE - F\u00c1BIO AUGUSTO CELESTINO","pronouns":"Ele","description":"Desde 2003 trabalhando com not\u00edcias.","sameAs":["http:\/\/ubirataoline.com.br","https:\/\/www.facebook.com\/portalubirataonline","https:\/\/www.instagram.com\/ubirataonline_oficial","https:\/\/x.com\/x.com\/ubirataonline"],"honorificPrefix":"Mr.","honorificSuffix":"MD","birthDate":"1980-06-16","gender":"masculino","award":["V\u00e1rios pr\u00eamios de melhor portal da cidade"],"jobTitle":"Diretor","url":"https:\/\/ubirataonline.com.br\/en\/author\/ubirataonline\/"},{"@type":"PostalAddress","@id":"https:\/\/ubirataonline.com.br\/presidente-do-setcepar-expoe-crise-nas-rodovias-do-parana\/#local-main-place-address","streetAddress":"Rua dos Coqueiros, 104 - Bairro Boa Vista, Rua dos Coqueiros, 104 Bairro Boa Vista","addressLocality":"UBIRATA","postalCode":"85440-000","addressRegion":"PR","addressCountry":"BR"},{"@type":"ImageObject","inLanguage":"en-US","@id":"https:\/\/ubirataonline.com.br\/presidente-do-setcepar-expoe-crise-nas-rodovias-do-parana\/#local-main-organization-logo","url":"https:\/\/ubirataonline.com.br\/wp-content\/uploads\/2026\/06\/logoubirataonline-1.webp","contentUrl":"https:\/\/ubirataonline.com.br\/wp-content\/uploads\/2026\/06\/logoubirataonline-1.webp","width":500,"height":500,"caption":"Ubirat\u00e3 Online Not\u00edcias"}]},"geo.placename":"UBIRATA","geo.position":{"lat":"-24.5361401","long":"-52.9921776"},"geo.region":"Brazil"},"_links":{"self":[{"href":"https:\/\/ubirataonline.com.br\/en\/wp-json\/wp\/v2\/posts\/114951","targetHints":{"allow":["GET"]}}],"collection":[{"href":"https:\/\/ubirataonline.com.br\/en\/wp-json\/wp\/v2\/posts"}],"about":[{"href":"https:\/\/ubirataonline.com.br\/en\/wp-json\/wp\/v2\/types\/post"}],"author":[{"embeddable":true,"href":"https:\/\/ubirataonline.com.br\/en\/wp-json\/wp\/v2\/users\/1"}],"replies":[{"embeddable":true,"href":"https:\/\/ubirataonline.com.br\/en\/wp-json\/wp\/v2\/comments?post=114951"}],"version-history":[{"count":0,"href":"https:\/\/ubirataonline.com.br\/en\/wp-json\/wp\/v2\/posts\/114951\/revisions"}],"wp:featuredmedia":[{"embeddable":true,"href":"https:\/\/ubirataonline.com.br\/en\/wp-json\/wp\/v2\/media\/114952"}],"wp:attachment":[{"href":"https:\/\/ubirataonline.com.br\/en\/wp-json\/wp\/v2\/media?parent=114951"}],"wp:term":[{"taxonomy":"category","embeddable":true,"href":"https:\/\/ubirataonline.com.br\/en\/wp-json\/wp\/v2\/categories?post=114951"},{"taxonomy":"post_tag","embeddable":true,"href":"https:\/\/ubirataonline.com.br\/en\/wp-json\/wp\/v2\/tags?post=114951"}],"curies":[{"name":"wp","href":"https:\/\/api.w.org\/{rel}","templated":true}]}}