{"id":114954,"date":"2026-04-25T10:02:00","date_gmt":"2026-04-25T13:02:00","guid":{"rendered":"https:\/\/ubirataonline.com.br\/erster-bundesliga-absteiger-fix-frauen-des-fc-bayern-im-cl-kracher-gegen-fc-barcelona-der-sport-tag-am-samstag-den-25-april-2026\/"},"modified":"2026-04-25T10:02:04","modified_gmt":"2026-04-25T13:02:04","slug":"erster-bundesliga-absteiger-fix-frauen-des-fc-bayern-im-cl-kracher-gegen-fc-barcelona-der-sport-tag-am-samstag-den-25-april-2026","status":"publish","type":"post","link":"https:\/\/ubirataonline.com.br\/en\/erster-bundesliga-absteiger-fix-frauen-des-fc-bayern-im-cl-kracher-gegen-fc-barcelona-der-sport-tag-am-samstag-den-25-april-2026\/","title":{"rendered":"Erster Bundesliga-Absteiger fix? Frauen des FC Bayern im CL-Kracher gegen FC Barcelona: Der Sport-Tag am Samstag, den 25. April 2026"},"content":{"rendered":"<p><br \/>\n<\/p>\n<div>\n<div class=\"group-grid-day_day__I5jrK\">\n<p><span class=\"Typography_text-default__P3otY Typography_weight-normal__pqUbH\">14:46<!-- --> Uhr<\/span><\/p>\n<h2 class=\"Typography_text-xxxl__FMHtv Typography_weight-bold__uT6mq\">Kompany wirft Rotationsmaschine an: Teenager feiert Startelf-Deb\u00fct beim FC Bayern<\/h2>\n<\/p>\n<p class=\"Typography_text-default__P3otY Typography_weight-normal__pqUbH storyline_paragraph_p__qSR5N\"><b class=\"bold\">Vincent Kompany<\/b> wirft im &#8220;Zwischenspiel&#8221; nach dem Pokal-Halbfinale und vor dem K\u00f6nigsklassen-Kracher gegen Paris erwartungsgem\u00e4\u00df die Rotationsmaschine an. Insgesamt tauscht der Trainer des<b class=\"bold\"> FC Bayern<\/b> drei Tage nach dem 2:0 in Leverkusen <b class=\"bold\">auf acht Positionen<\/b>, lediglich Konrad Laimer, Aleksandar Pavlovic und Luis D\u00edaz bleiben gegen den FSV Mainz 05 in der ersten Elf. Im Mittelfeld feiert der <b class=\"bold\">18 Jahre alte Senegalese Bara Ndiaye<\/b> nach bislang zwei Kurzeins\u00e4tzen sein Startelf-Deb\u00fct.<\/p>\n<p class=\"Typography_text-default__P3otY Typography_weight-normal__pqUbH storyline_paragraph_p__qSR5N\">Joshua Kimmich und Dayot Upamecano standen zur Belastungssteuerung gar nicht erst im Kader, zahlreiche Topstars wie Harry Kane, Michael Olise oder Jamal Musiala nehmen auf der Bank Platz. <b class=\"bold\">Auch Stammtorh\u00fcter Manuel Neuer erh\u00e4lt eine Pause<\/b>. Am Dienstag (21.00 Uhr\/Prime Video) treten die bereits als Meister feststehenden M\u00fcnchner im Halbfinal-Hinspiel der Champions League bei Paris St. Germain an.<\/p>\n<\/div>\n<div class=\"group-grid-day_day__I5jrK\">\n<p><span class=\"Typography_text-default__P3otY Typography_weight-normal__pqUbH\">14:11<!-- --> Uhr<\/span><\/p>\n<h2 class=\"Typography_text-xxxl__FMHtv Typography_weight-bold__uT6mq\">Deutsche Weltmeisterin ger\u00e4t zum Saisonauftakt b\u00f6se unter die R\u00e4der<\/h2>\n<\/p>\n<p class=\"Typography_text-default__P3otY Typography_weight-normal__pqUbH storyline_paragraph_p__qSR5N\">Triathlon-Weltmeisterin Lisa Tertsch hat beim Auftakt der WM-Serie im usbekischen Samarkand einen R\u00fcckschlag hinnehmen m\u00fcssen. Beim Rennen \u00fcber die Kurzdistanz, ihrem ersten internationalen Kr\u00e4ftemessen der Saison, landete die 27 Jahre alte Titelverteidigerin mit einem <b class=\"bold\">R\u00fcckstand von 10:04 Minuten<\/b> auf die Tagessiegerin Beth Potter aus Gro\u00dfbritannien (1:53:17 Stunden) <b class=\"bold\">nur auf dem 33. Platz. <\/b>Die Franz\u00f6sin Leonie Periault und Jeanne Lehair aus Luxemburg komplettierten das Podium. <b class=\"bold\">Tanja Neubert &#8211; vor dem Laufsegment noch auf einem starken zweiten Platz &#8211; kam als Neunte und damit beste Deutsche ins Ziel (+1:59), Laura Lindemann wurde 15. (+2:43).<\/b><\/p>\n<section class=\"widget-teaser-inline_teaser__ndZDg\"\/>\n<p class=\"Typography_text-default__P3otY Typography_weight-normal__pqUbH storyline_paragraph_p__qSR5N\">Aus deutscher Sicht richtet sich der Blick bei den M\u00e4nnern am Samstagnachmittag auf den Vorjahresvierten Henry Graf. In Abwesenheit des Paris-Olympiasiegers Alex Yee oder des T100-Weltmeisters Hayden Wilde kann sich der Deutsche Hoffnungen auf einen Podestplatz machen.<\/p>\n<\/div>\n<div class=\"group-grid-day_day__I5jrK\">\n<p><span class=\"Typography_text-default__P3otY Typography_weight-normal__pqUbH\">13:26<!-- --> Uhr<\/span><\/p>\n<h2 class=\"Typography_text-xxxl__FMHtv Typography_weight-bold__uT6mq\">Bericht: Goretzka gibt &#8220;gr\u00fcnes Licht&#8221; f\u00fcr diesen Klub<\/h2>\n<\/p>\n<p class=\"Typography_text-default__P3otY Typography_weight-normal__pqUbH storyline_paragraph_p__qSR5N\">Tr\u00e4gt Leon Goretzka in der kommenden Saison das Trikot des italienischen Topklubs <b class=\"bold\">AC Milan<\/b>? Die &#8220;Gazzetta dello Sport&#8221; berichtet, der Mittelfeldspieler hat &#8220;gr\u00fcnes Licht&#8221; f\u00fcr den Wechsel gegeben. Sein Vertrag beim FC Bayern l\u00e4uft aus, sein Abschied bereits fix &#8211; nur wohin er nach der WM wechselt, ist noch unklar. Die &#8220;Gazzetta&#8221; berichtet nun, der Klub und Goretzkas Berater h\u00e4tten in den vergangenen Tagen intensiven Kontakt gepflegt. <b class=\"bold\">Herausgekommen sein soll ein Dreijahresvertrag mit Option auf ein weiteres Jahr. <\/b><\/p>\n<section class=\"widget-teaser-inline_teaser__ndZDg\"\/>\n<p class=\"Typography_text-default__P3otY Typography_weight-normal__pqUbH storyline_paragraph_p__qSR5N\">Laut Bericht wird der Wechsel aber noch nicht so schnell offiziell gemacht. Goretzka wolle seine Entscheidung erst nach der Saison bekannt geben. Interesse am 31-J\u00e4hrigen haben Ger\u00fcchten zufolge auch Juventus Turin, Atl\u00e9tico Madrid und t\u00fcrkische Klubs. <\/p>\n<\/div>\n<div class=\"group-grid-day_day__I5jrK\">\n<p><span class=\"Typography_text-default__P3otY Typography_weight-normal__pqUbH\">12:47<!-- --> Uhr<\/span><\/p>\n<h2 class=\"Typography_text-xxxl__FMHtv Typography_weight-bold__uT6mq\">Spielt verletzter Star nie wieder f\u00fcr Werder? <\/h2>\n<\/p>\n<p class=\"Typography_text-default__P3otY Typography_weight-normal__pqUbH storyline_paragraph_p__qSR5N\">Mitchell Weiser fehlt seinem SV Werder Bremen im Kampf gegen den Abstieg schmerzlich. Im Juli hatte er sich das Kreuzband gerissen, seitdem wurde es noch nichts mit dem Comeback. Eigentlich war es f\u00fcr den April geplant &#8211; nun k\u00f6nnte es sogar gar nichts mehr in dieser Saison werden. Trainer Daniel Thioune sagt: &#8220;Es w\u00e4re sch\u00f6n, wenn Mitchell noch zur\u00fcckkehrt, <b class=\"bold\">drei Wochen sind aber auch ein sehr kleines Zeitfenster. <\/b>Man merkt immer wieder, wie schwierig der \u00dcbergang ins Mannschaftstraining ist. Die letzten Schritte sind meist die h\u00e4rtesten und dauern am l\u00e4ngsten. Er soll sich nicht getrieben f\u00fchlen.&#8221;<\/p>\n<figure class=\"widget-picture-inline_picture__YPP_L\" role=\"button\" tabindex=\"0\"><figcaption class=\"Typography_text-s__wu_cm Typography_weight-normal__pqUbH Typography_color-darkgrey__sZEnP\">Mitchell Weiser riss sich im Juli das Kreuzband. <!-- -->(Foto: IMAGO\/Eibner)<\/figcaption><\/figure>\n<p class=\"Typography_text-default__P3otY Typography_weight-normal__pqUbH storyline_paragraph_p__qSR5N\">Das Problem: Weisers Vertrag l\u00e4uft im Sommer aus. Es k\u00f6nnte sein, dass das letzte Spiel der Vorsaison in Heidenheim sein letzter Einsatz im Werder-Trikot war. Oder doch nicht? &#8220;Wir sind in Gespr\u00e4chen&#8221;, so Thioune. <b class=\"bold\">&#8220;Es w\u00e4re sicherlich eine Konstellation, die auch in Zukunft gut passen k\u00f6nnte.&#8221;<\/b><\/p>\n<\/div>\n<div class=\"group-grid-day_day__I5jrK\">\n<p><span class=\"Typography_text-default__P3otY Typography_weight-normal__pqUbH\">12:33<!-- --> Uhr<\/span><\/p>\n<h2 class=\"Typography_text-xxxl__FMHtv Typography_weight-bold__uT6mq\">K\u00f6ster sieht Wolfsburg als &#8220;allerersten Kandidat&#8221; f\u00fcr Abstieg<\/h2>\n<\/p>\n<section class=\"widget-teaser-default_grey-background__87mNf mb-l\"\/>\n<p class=\"Typography_text-default__P3otY Typography_weight-normal__pqUbH storyline_paragraph_p__qSR5N\"><i class=\"italic\">Abstiegskampf, Champions-League-Rennen und Aufstieg in die Bundesliga: Philipp K\u00f6ster blickt auf den Spieltag der Bundesliga. Dabei sieht der Chefredakteur von &#8220;11 Freunde&#8221; den VfL Wolfsburg am gef\u00e4hrdetsten im Tabellenkeller. Auch Leipzigs Chancen f\u00fcr die Champions-League-Qualifikation und Schalkes m\u00f6gliche R\u00fcckkehr ins Oberhaus ordnet er ein.<\/i><\/p>\n<\/div>\n<div class=\"group-grid-day_day__I5jrK\">\n<p><span class=\"Typography_text-default__P3otY Typography_weight-normal__pqUbH\">11:51<!-- --> Uhr<\/span><\/p>\n<h2 class=\"Typography_text-xxxl__FMHtv Typography_weight-bold__uT6mq\">Formel-1-Idol fordert N\u00fcrburgring-Verbot f\u00fcr Verstappen<\/h2>\n<\/p>\n<p class=\"Typography_text-default__P3otY Typography_weight-normal__pqUbH storyline_paragraph_p__qSR5N\">Geht es nach dem kolumbianischen Motorsport-Idol <b class=\"bold\">Juan Pablo Montoya<\/b>, sollte <b class=\"bold\">Formel-1-Rennstall Red Bull seinem Superstar Max Verstappen dessen GT3-Abstecher auf dem N\u00fcrburgring verbieten<\/b>. &#8220;100 Prozent. Nein, sorry, 200 Prozent&#8221;, antwortete Montoya in einem Podcast der spanischen Sportzeitung &#8220;AS&#8221; auf eine entsprechende Frage: &#8220;Es k\u00f6nnte einen Unfall geben, <b class=\"bold\">er k\u00f6nnte sich sein Bein oder den Arm brechen.<\/b>&#8220;<\/p>\n<p class=\"Typography_text-default__P3otY Typography_weight-normal__pqUbH storyline_paragraph_p__qSR5N\">Der langj\u00e4hrige F1-Fahrer bezog sich auf den <b class=\"bold\">t\u00f6dlichen Unfall auf der Nordschleife<\/b> vom vergangenen Samstag. Bei einem Qualifikationsrennen zu den 24 Stunden auf dem N\u00fcrburgring war der finnische Amateurpilot Juha Miettinen nach einer Massenkarambolage ums Leben gekommen. Verstappen ging an dem Wochenende zum zweiten Mal in diesem Jahr f\u00fcr Mercedes in der Langstreckenserie NLS an den Start, wurde aber disqualifiziert. <b class=\"bold\">Der Niederl\u00e4nder hat f\u00fcr die 24 Stunden im Mai bereits seine Teilnahme zugesagt.<\/b> <\/p>\n<section class=\"widget-teaser-inline_teaser__ndZDg\"\/>\n<p class=\"Typography_text-default__P3otY Typography_weight-normal__pqUbH storyline_paragraph_p__qSR5N\">&#8220;Das Geld, das Red Bull in ihn investiert hat, sollte ohne weiteres genug Grund sein, um zu sagen: &#8216;Schau mal, wir haben dir die Chance gegeben, aber nach diesem Unfall haben wir das noch einmal \u00fcberdacht und wir denken, dass es nicht sein sollte.&#8217; Ich pers\u00f6nlich h\u00e4tte das getan, wenn ich der Boss von Red Bull w\u00e4re&#8221;, sagte Montoya.<\/p>\n<\/div>\n<div class=\"group-grid-day_day__I5jrK\">\n<p><span class=\"Typography_text-default__P3otY Typography_weight-normal__pqUbH\">11:14<!-- --> Uhr<\/span><\/p>\n<h2 class=\"Typography_text-xxxl__FMHtv Typography_weight-bold__uT6mq\">WM-Prognose f\u00fcr angeschlagen ausgewechselten Mbapp\u00e9<\/h2>\n<\/p>\n<p class=\"Typography_text-default__P3otY Typography_weight-normal__pqUbH storyline_paragraph_p__qSR5N\">Kylian Mbapp\u00e9s Oberschenkelprobleme sollen mit Blick auf die Fu\u00dfball-WM kein Grund zur Sorge f\u00fcr die franz\u00f6sische Nationalmannschaft sein. Wie die Nachrichtenagentur AFP aus dem Umfeld von Mbapp\u00e9s Klub Real Madrid erfuhr, soll die Verletzung aus dem Spiel bei Real Betis (1:1) nicht schwerwiegend sein. Untersuchungen stehen aber noch aus. <b class=\"bold\">&#8220;Ich habe keine Ahnung, wie es Mbapp\u00e9 geht. <\/b>Er hatte leichte Beschwerden, und wir werden sehen, wie es sich in den n\u00e4chsten Tagen entwickelt&#8221;, sagte Reals Trainer \u00c1lvaro Arbeloa nach dem Abpfiff. Die K\u00f6niglichen verspielten durch das Unentschieden ihre Resthoffnungen auf die Meisterschaft, der R\u00fcckstand auf den FC Barcelona ist gro\u00df. <b class=\"bold\">Mbapp\u00e9 wurde kurz vor Schluss ausgewechselt.<\/b><\/p>\n<section class=\"widget-teaser-inline_teaser__ndZDg\"\/>\n<p class=\"Typography_text-default__P3otY Typography_weight-normal__pqUbH storyline_paragraph_p__qSR5N\">Am Mittwoch hatte Bar\u00e7as Jungstar Lamine Yamal eine Oberschenkelverletzung erlitten, die ihn bis zum Saisonende au\u00dfer Gefecht setzt. Er wird jedoch voraussichtlich f\u00fcr Spanien bei der Weltmeisterschaft in den USA, Kanada und Mexiko (11. Juni bis 19. Juli) einsatzbereit sein.<\/p>\n<\/div>\n<div class=\"group-grid-day_day__I5jrK\">\n<p><span class=\"Typography_text-default__P3otY Typography_weight-normal__pqUbH\">10:54<!-- --> Uhr<\/span><\/p>\n<h2 class=\"Typography_text-xxxl__FMHtv Typography_weight-bold__uT6mq\">Name passt perfekt: Darts-Kollegen kaufen Rennpferd<\/h2>\n<\/p>\n<p class=\"Typography_text-default__P3otY Typography_weight-normal__pqUbH storyline_paragraph_p__qSR5N\">Darts-Weltmeister Luke Littler hat offenbar eine neue Leidenschaft f\u00fcr sich entdeckt. Gemeinsam mit seinem englischen Landsmann und Darts-Kollegen Stephen Bunting investiert der 19-J\u00e4hrige in ein Rennpferd. F\u00fcr den <b class=\"bold\">Hengst mit dem Namen Bunting Mental <\/b>gab das Duo laut The Sun 54.000 Pfund (ca. 62.200 Euro) aus. <b class=\"bold\">Angelehnt ist der Name an den Fangesang &#8220;Let&#8217;s Go Bunting Mental&#8221;, mit dem Dartsanh\u00e4nger Bunting feiern. <\/b>Bunting gilt seit L\u00e4ngerem als Fan des Pferdesports, w\u00e4hrend Littler im M\u00e4rz mit seiner Freundin Faith sowie unter anderem den Dartsprofis Luke Humphries und Nathan Aspinall mehrfach beim Cheltenham Festival gesichtet worden war und dort auch Geld durch Wetten gewonnen haben soll.<\/p>\n<p class=\"Typography_text-default__P3otY Typography_weight-normal__pqUbH storyline_paragraph_p__qSR5N\">Littler und Bunting<b class=\"bold\"> besitzen den zweij\u00e4hrigen Hengst gemeinsam mit einer weiteren Sportgr\u00f6\u00dfe: dem ehemaligen englischen Fu\u00dfball-Nationalspieler Michael Owen<\/b>, der unter anderem f\u00fcr die Lieblingsklubs der beiden spielte, Manchester United (Littler) und FC Liverpool (Bunting). Bunting Mental soll laut Palmer voraussichtlich im Juni sein Deb\u00fct feiern.<\/p>\n<\/div>\n<div class=\"group-grid-day_day__I5jrK\">\n<p><span class=\"Typography_text-default__P3otY Typography_weight-normal__pqUbH\">10:19<!-- --> Uhr<\/span><\/p>\n<h2 class=\"Typography_text-xxxl__FMHtv Typography_weight-bold__uT6mq\">Tortur beim Cl\u00e1sico? Reals Saison steuert auf Tiefpunkt zu<\/h2>\n<\/p>\n<p class=\"Typography_text-default__P3otY Typography_weight-normal__pqUbH storyline_paragraph_p__qSR5N\">Nach dem Last-Minute-Patzer von Real Madrid ist die erneute Meisterschaft f\u00fcr Hansi Flick und den FC Barcelona spanischen Medien zufolge in der Primera Divisi\u00f3n nur noch eine Formsache. &#8220;Real best\u00e4tigt seinen Abschied&#8221;, schrieb &#8220;As&#8221; nach dem 1:1 der K\u00f6niglichen bei Betis Sevilla. <b class=\"bold\">&#8220;Wei\u00dfer Schiffbruch&#8221;, titelte &#8220;Sport&#8221;. <\/b>In der vierten Minute der Nachspielzeit kassierten die Madrilenen von Trainer \u00c1lvaro Arbeloa den Ausgleich. Gewinnt Titelverteidiger FC Barcelona heute <i class=\"italic\">(16.15 Uhr)<\/i> beim FC Getafe vor den Toren der spanischen Hauptstadt, w\u00e4chst der R\u00fcckstand von Real auf satte elf Punkte. <\/p>\n<p class=\"Typography_text-default__P3otY Typography_weight-normal__pqUbH storyline_paragraph_p__qSR5N\">Und in den n\u00e4chsten beiden Partien geht es f\u00fcr Real zweimal nacheinander nach Katalonien: Am 3. Mai gegen Espanyol, eine Woche sp\u00e4ter den FC &#8211; wom\u00f6glich entscheidet sich also die Meisterschaft im Cl\u00e1sico im Camp Nou. <b class=\"bold\">&#8220;Doch der Fu\u00dfball, launisch wie kaum etwas anderes, scheint entschlossen, die Geschichte auf einen einzigen Punkt zusteuern zu lassen. Und dort wartet das Cl\u00e1sico&#8221;, <\/b>schrieb &#8220;Marca&#8221;. Nach der Trennung von Xabi Alonso steuert Real auf eine komplett entt\u00e4uschende Saison zu. &#8220;Arbeloa war keine L\u00f6sung&#8221;, schrieb &#8220;As&#8221; zum Alonso-Nachfolger. <\/p>\n<\/div>\n<div class=\"group-grid-day_day__I5jrK\">\n<p><span class=\"Typography_text-default__P3otY Typography_weight-normal__pqUbH\">09:44<!-- --> Uhr<\/span><\/p>\n<h2 class=\"Typography_text-xxxl__FMHtv Typography_weight-bold__uT6mq\">Deutschlands Eishockey-Superstar geht in Playoffs unter<\/h2>\n<\/p>\n<p class=\"Typography_text-default__P3otY Typography_weight-normal__pqUbH storyline_paragraph_p__qSR5N\">Der deutsche Eishockey-Star Leon Draisaitl muss mit den Edmonton Oilers ein fr\u00fches Aus in den Playoffs der NHL f\u00fcrchten. Die Kanadier,<b class=\"bold\"> Finalist der vergangenen beiden Jahre,<\/b> verloren das dritte Spiel bei den Anaheim Ducks 4:7 und gingen in der Achtelfinalserie mit 1:2 in R\u00fcckstand. Vier Siege sind zum Einzug in die n\u00e4chste Runde n\u00f6tig. Nach dem 4:3 im ersten und dem 4:6 im zweiten Duell steht Edmonton vor Spiel vier am Sonntag unter Druck. <\/p>\n<p class=\"Typography_text-default__P3otY Typography_weight-normal__pqUbH storyline_paragraph_p__qSR5N\">Dabei ist Draisaitl stark aus seiner f\u00fcnfw\u00f6chigen Verletzungspause zur\u00fcckgekehrt, <b class=\"bold\">auch im dritten Spiel lieferte er zwei Vorlagen. <\/b>Nach dem zweiten Drittel hatte es noch 3:3 gestanden, dann brachen die Oilers, f\u00fcr die auch der geb\u00fcrtige Erdinger Josh Samanski spielte, ein. Obwohl die Oilers in den ersten drei Spielen bereits 16 Gegentore kassierten, nahm St\u00fcrmer Zach Hyman Torh\u00fcter Connor Ingram in Schutz: <b class=\"bold\">&#8220;Immer, wenn du sieben kassierst, ist es kein Torwartproblem. <\/b>Wir m\u00fcssen besser verteidigen. Wir haben uns selbst keine Chance auf den Sieg gegeben &#8211; bei so vielen Gegentoren.&#8221;<\/p>\n<\/div>\n<div class=\"group-grid-day_day__I5jrK\">\n<p><span class=\"Typography_text-default__P3otY Typography_weight-normal__pqUbH\">09:10<!-- --> Uhr<\/span><\/p>\n<h2 class=\"Typography_text-xxxl__FMHtv Typography_weight-bold__uT6mq\">Kurioser Ronaldo-Rekord als Ansporn f\u00fcr Salah?<\/h2>\n<\/p>\n<p class=\"Typography_text-default__P3otY Typography_weight-normal__pqUbH storyline_paragraph_p__qSR5N\">Die Meisterschaft ist lange weg, aber der FC Liverpool k\u00e4mpft noch verbissen um die Qualifikation f\u00fcr die Champions League. Mit einem Sieg im heutigen Spiel gegen Crystal Palace <i class=\"italic\">(16 Uhr\/RTL+ und im ntv.de-Liveticker) <\/i>w\u00fcrden die Reds acht Punkte Vorsprung auf den Sechstplatzierten Brighton &amp; Hove Albion haben. Einer, der daf\u00fcr am besten Tore schie\u00dft: Mohamed Salah. In den vergangenen drei Ligaspielen traf er jeweils. <\/p>\n<section class=\"widget-teaser-inline_teaser__ndZDg\"\/>\n<p class=\"Typography_text-default__P3otY Typography_weight-normal__pqUbH storyline_paragraph_p__qSR5N\">Und so steht er nun davor, einen etwas absonderlichen Rekord einzustellen: Der<b class=\"bold\"> \u00c4gypter k\u00f6nnte der erste Spieler seit Cristiano Ronaldo werden, der mit \u00fcber 33 Jahren an vier Premier-League-Spielen in Serie ein Tor erzielt<\/b>. Es w\u00e4re eine herausragende Leistung f\u00fcr den St\u00fcrmer, der Liverpool am Saisonende verlassen wird. Allerdings ist Palace seit vier Spielen an der Anfield Road ungeschlagen. <\/p>\n<\/div>\n<div class=\"group-grid-day_day__I5jrK\">\n<p><span class=\"Typography_text-default__P3otY Typography_weight-normal__pqUbH\">08:22<!-- --> Uhr<\/span><\/p>\n<h2 class=\"Typography_text-xxxl__FMHtv Typography_weight-bold__uT6mq\">100 Millionen Marktwert: Klub erteilt Transfer von Bundesliga-Senkrechtstarter eine Absage<\/h2>\n<\/p>\n<p class=\"Typography_text-default__P3otY Typography_weight-normal__pqUbH storyline_paragraph_p__qSR5N\">Beim 3:1-Heimsieg gegen Union Berlin war Yan Diomande wieder einmal einer der auff\u00e4lligsten Akteure bei RB Leipzig. Unter anderem sammelte er mit seiner Torvorbereitung zum zwischenzeitlichen 3:0 durch Ridle Baku seinen<b class=\"bold\"> 19. Scorerpunkt der laufenden Saison<\/b>. Auf dem europ\u00e4ischen Transfermarkt wird der Senkrechtstarter derweil immer begehrter. So wird er mit Top-Klubs aus England und Spanien, aber auch dem FC Bayern in Verbindung gebracht. Sein <b class=\"bold\">Marktwert wird auf mindestens 100 Millionen Euro<\/b> taxiert. Doch am Freitagabend machte Red-Bull-Gesch\u00e4ftsf\u00fchrer Oliver Mintzlaff klar: Ein Verkauf kommt aktuell nicht infrage.<\/p>\n<section class=\"widget-teaser-inline_teaser__ndZDg\"\/>\n<p class=\"Typography_text-default__P3otY Typography_weight-normal__pqUbH storyline_paragraph_p__qSR5N\">&#8220;Ich kann sagen: <b class=\"bold\">Wenn ich Gesch\u00e4ftsf\u00fchrer Sport w\u00e4re, w\u00fcrde ich diesen jungen Spieler, der ja noch nicht mal eine komplette Saison bei uns ist, nicht verkaufen.<\/b> Egal, welcher Preis da aufgerufen wird. Ich glaube, dass er ein Spieler ist, der sich schon noch weiterentwickeln kann, weil er nat\u00fcrlich auch noch sehr jung ist. Und auch sicherlich noch teurer werden kann&#8221;, sagte er bei Sky. Ohnehin hat Diomande einen langfristigen Vertrag bis 2030 \u2013 ohne Ausstiegsklausel. &#8220;Daher bin ich bei der Causa ganz entspannt&#8221;, so Mintzlaff.<\/p>\n<p class=\"Typography_text-default__P3otY Typography_weight-normal__pqUbH storyline_paragraph_p__qSR5N\"><a class=\"inline_link\" href=\"https:\/\/www.sport.de\/\" target=\"_blank\"><i class=\"italic\">Mehr lesen Sie auch bei sport.de.<\/i><\/a><\/p>\n<\/div>\n<div class=\"group-grid-day_day__I5jrK\">\n<p><span class=\"Typography_text-default__P3otY Typography_weight-normal__pqUbH\">07:31<!-- --> Uhr<\/span><\/p>\n<h2 class=\"Typography_text-xxxl__FMHtv Typography_weight-bold__uT6mq\">Millionen-Gehalt garantiert: Gro\u00dfe \u00dcberraschung f\u00fcr Deutschen im Draft<\/h2>\n<\/p>\n<section class=\"widget-teaser-default_grey-background__87mNf mb-l\"\/>\n<p class=\"Typography_text-default__P3otY Typography_weight-normal__pqUbH storyline_paragraph_p__qSR5N\">Der K\u00f6lner <b class=\"bold\">Marlin Klein<\/b> ist im <b class=\"bold\">NFL-Draft<\/b> \u00fcberraschend fr\u00fch von den Houston Texans ausgew\u00e4hlt worden und steht vor einer Karriere in der besten Football-Liga der Welt. Der Tight End, der zuletzt am College in Michigan gespielt hatte, wurde in der Nacht <b class=\"bold\">in der zweiten Runde an Position 59 <\/b>gezogen. Die Auswahl der Talente findet in Pittsburgh statt. Ein Wunschteam hatte Klein, der unter Experten eigentlich als Pick f\u00fcr die sp\u00e4teren Runden galt, zuvor nicht. &#8220;Meine Familie hat ihre Favoriten, aber ich gucke lieber, was passiert&#8221;, hatte er vor dem Draft im SID-Interview gesagt. <b class=\"bold\">Nun geht es zu den Texans, wo ihm ein Millionen-Gehalt garantiert ist. <\/b>Das Team war noch nie Meister, stand aber zuletzt immerhin regelm\u00e4\u00dfig in den Playoffs.<\/p>\n<p class=\"Typography_text-default__P3otY Typography_weight-normal__pqUbH storyline_paragraph_p__qSR5N\">Klein k\u00e4mpft f\u00fcr die kommende Saison um einen Platz. Er gilt als relativ unerfahren, allerdings mit gro\u00dfem Potenzial. Eine Alternative zu seinen NFL-Pl\u00e4nen hatte Klein, der 2019 nach dem Schulabschluss in die USA gegangen war, nach eigenen Angaben nie. &#8220;Manchmal sage ich: Reifen wechseln. Aber ich wei\u00df es nicht. <b class=\"bold\">Mein Plan A war immer: Ich ziehe in die USA und schaffe es in die NFL. Und Plan B war immer, dass Plan A l\u00e4uft&#8221;<\/b>, sagte er.<\/p>\n<\/div>\n<div class=\"group-grid-day_day__I5jrK\">\n<p><span class=\"Typography_text-default__P3otY Typography_weight-normal__pqUbH\">06:40<!-- --> Uhr<\/span><\/p>\n<h2 class=\"Typography_text-xxxl__FMHtv Typography_weight-bold__uT6mq\">Real stolpert in Nachspielzeit und killt Resthoffnungen<\/h2>\n<\/p>\n<p class=\"Typography_text-default__P3otY Typography_weight-normal__pqUbH storyline_paragraph_p__qSR5N\">Real Madrid hat seine Resthoffnungen auf die Meisterschaft in Spaniens La Liga wohl verspielt. In einer schwierigen Ausw\u00e4rtspartie beim Tabellenf\u00fcnften Betis Sevilla kassierte das Team von Trainer Alvaro Arbeloa kurz vor dem Abpfiff den Gegentreffer zum 1:1 (0:1)-Endstand und kassierte damit den n\u00e4chsten schweren R\u00fcckschlag. <b class=\"bold\">Vin\u00edcius J\u00fanior brachte Real in F\u00fchrung (17.), doch H\u00e9ctor Beller\u00edn traf tief in der Nachspielzeit doch noch zum Ausgleich (90.+4). <\/b>Im Vorfeld hatte Nationalverteidiger Antonio R\u00fcdiger, der in die Startelf rotiert war, nicht entscheidend kl\u00e4ren k\u00f6nnen.<\/p>\n<p class=\"Typography_text-default__P3otY Typography_weight-normal__pqUbH storyline_paragraph_p__qSR5N\">Der R\u00fcckstand auf Tabellenf\u00fchrer FC Barcelona betr\u00e4gt vorerst acht Punkte, der Erzrivale um den deutschen Trainer Hansi Flick kann mit einem Sieg am Samstag <i class=\"italic\">(16.15 Uhr\/DAZN und im ntv.de-Liveticker)<\/i> gegen den FC Getafe auf elf Z\u00e4hler davonziehen. F\u00fcnf Spieltage und damit 15 Punkte stehen anschlie\u00dfend noch aus.<\/p>\n<\/div>\n<div class=\"group-grid-day_day__I5jrK\">\n<p><span class=\"Typography_text-default__P3otY Typography_weight-normal__pqUbH\">05:51<!-- --> Uhr<\/span><\/p>\n<h2 class=\"Typography_text-xxxl__FMHtv Typography_weight-bold__uT6mq\">&#8220;Menschen schon daran gestorben&#8221;: Weltmeistertrainer erlitt Herzschlag<\/h2>\n<\/p>\n<p class=\"Typography_text-default__P3otY Typography_weight-normal__pqUbH storyline_paragraph_p__qSR5N\">Basketball-Weltmeistertrainer Gordon Herbert hat rund vier Monate nach seiner Entlassung erstmals \u00fcber seine schweren gesundheitlichen Probleme in seiner Zeit bei Meister Bayern M\u00fcnchen gesprochen.<b class=\"bold\"> &#8220;Ich hatte gro\u00dfes Gl\u00fcck. Ich lag mit Myokarditis (eine Herzmuskelentz\u00fcndung, Anm. d. Red.) und einem weiteren Herzschlag im Bett und fragte mich, ob ich das durchstehen k\u00f6nnte&#8221;<\/b>, sagte der Kanadier dem Online-Portal basketball-world.news: <b class=\"bold\">&#8220;Das war schon sehr bedrohlich. Ich wei\u00df, dass Menschen schon daran gestorben sind.&#8221;<\/b><\/p>\n<p class=\"Typography_text-default__P3otY Typography_weight-normal__pqUbH storyline_paragraph_p__qSR5N\">Mitte Oktober 2025 stand Herbert, der die deutsche Nationalmannschaft 2023 sensationell zu WM-Gold gef\u00fchrt hatte, erstmals mit Maske an der Seitenlinie, im November fehlte er den Bayern f\u00fcr drei Wochen komplett. &#8220;Ich hatte Covid und habe darunter gelitten. <b class=\"bold\">Letztlich hatte ich Gl\u00fcck, weil die \u00c4rzte bei mir einen zus\u00e4tzlichen Herzschlag entdeckt und mich aus dem Verkehr gezogen haben&#8221;, <\/b>sagte Herbert. Es sei eine &#8220;schwere Zeit&#8221; gewesen. <b class=\"bold\">&#8220;Ich habe die Arbeit als Trainer \u00fcber meine eigene Gesundheit gestellt.<\/b> Daf\u00fcr habe ich einen Preis gezahlt. Es wurde wirklich schlimm und ich habe 16 bis 17 Stunden am Tag geschlafen. Ich war fast zweieinhalb Wochen im Bett&#8221;, sagte Herbert, der im Dezember zur\u00fcckkehrte, nach einer Niederlagenserie in der EuroLeague dann aber kurz vor Weihnachten entlassen wurde.<\/p>\n<\/div>\n<\/div>\n<p><br \/>\n<br \/><a href=\"https:\/\/www.n-tv.de\/sport\/der_sport_tag\/Erster-Bundesliga-Absteiger-fix-Frauen-des-FC-Bayern-im-CL-Kracher-gegen-FC-Barcelona-Der-Sport-Tag-am-Samstag-den-25-April-2026-id30754425.html\">Source link <\/a><\/p>","protected":false},"excerpt":{"rendered":"<p>14:46 Uhr Kompany wirft Rotationsmaschine an: Teenager feiert Startelf-Deb\u00fct beim FC Bayern Vincent Kompany wirft im &#8220;Zwischenspiel&#8221; nach dem Pokal-Halbfinale und vor dem K\u00f6nigsklassen-Kracher gegen Paris erwartungsgem\u00e4\u00df die Rotationsmaschine an. Insgesamt tauscht der Trainer des FC Bayern drei Tage nach dem 2:0 in Leverkusen auf acht Positionen, lediglich Konrad Laimer, Aleksandar Pavlovic und Luis D\u00edaz [&hellip;]<\/p>\n","protected":false},"author":1,"featured_media":114955,"comment_status":"closed","ping_status":"","sticky":false,"template":"","format":"standard","meta":{"googlesitekit_rrm_CAow2JLhCw:productID":"","_gspb_post_css":"","maa_idioma":"","maa_pais":"","footnotes":""},"categories":[2725],"tags":[17218,3640,2918,31009,31011,8448,2913,10614,31008,9366,31010,8442,31013,31012],"class_list":["post-114954","post","type-post","status-publish","format-standard","has-post-thumbnail","hentry","category-europe","tag-april","tag-barcelona","tag-bayern","tag-bundesligaabsteiger","tag-clkracher","tag-den","tag-der","tag-des","tag-erster","tag-fix","tag-frauen","tag-gegen","tag-samstag","tag-sporttag"],"blocksy_meta":[],"yoast_head":"<!-- This site is optimized with the Yoast SEO Premium plugin v27.6 (Yoast SEO v27.6) - https:\/\/yoast.com\/product\/yoast-seo-premium-wordpress\/ -->\n<title>Erster Bundesliga-Absteiger fix? Frauen des FC Bayern im CL-Kracher gegen FC Barcelona: Der Sport-Tag am Samstag, den 25. April 2026 - Ubirat\u00e3 Online Not\u00edcias - A realidade ao seu alcance!<\/title>\n<meta name=\"description\" content=\"14:46 UhrKompany wirft Rotationsmaschine an: Teenager feiert Startelf-Deb\u00fct beim FC BayernVincent Kompany wirft im &quot;Zwischenspiel&quot; nach dem\" \/>\n<meta name=\"robots\" content=\"index, follow, max-snippet:-1, max-image-preview:large, max-video-preview:-1\" \/>\n<link rel=\"canonical\" href=\"https:\/\/ubirataonline.com.br\/en\/erster-bundesliga-absteiger-fix-frauen-des-fc-bayern-im-cl-kracher-gegen-fc-barcelona-der-sport-tag-am-samstag-den-25-april-2026\/\" \/>\n<meta property=\"og:locale\" content=\"en_US\" \/>\n<meta property=\"og:type\" content=\"article\" \/>\n<meta property=\"og:title\" content=\"Erster Bundesliga-Absteiger fix? Frauen des FC Bayern im CL-Kracher gegen FC Barcelona: Der Sport-Tag am Samstag, den 25. April 2026\" \/>\n<meta property=\"og:description\" content=\"14:46 UhrKompany wirft Rotationsmaschine an: Teenager feiert Startelf-Deb\u00fct beim FC BayernVincent Kompany wirft im &quot;Zwischenspiel&quot; nach dem\" \/>\n<meta property=\"og:url\" content=\"https:\/\/ubirataonline.com.br\/en\/erster-bundesliga-absteiger-fix-frauen-des-fc-bayern-im-cl-kracher-gegen-fc-barcelona-der-sport-tag-am-samstag-den-25-april-2026\/\" \/>\n<meta property=\"og:site_name\" content=\"Ubirat\u00e3 Online Not\u00edcias - A realidade ao seu alcance!\" \/>\n<meta property=\"article:publisher\" content=\"https:\/\/www.facebook.com\/portalubirataonline\" \/>\n<meta property=\"article:author\" content=\"https:\/\/www.facebook.com\/portalubirataonline\" \/>\n<meta property=\"article:published_time\" content=\"2026-04-25T13:02:00+00:00\" \/>\n<meta property=\"article:modified_time\" content=\"2026-04-25T13:02:04+00:00\" \/>\n<meta property=\"og:image\" content=\"https:\/\/ubirataonline.com.br\/wp-content\/uploads\/2026\/04\/Erster-Bundesliga-Absteiger-fix-Frauen-des-FC-Bayern-im-CL-Kracher-gegen.jpeg\" \/>\n\t<meta property=\"og:image:width\" content=\"1200\" \/>\n\t<meta property=\"og:image:height\" content=\"675\" \/>\n\t<meta property=\"og:image:type\" content=\"image\/jpeg\" \/>\n<meta name=\"author\" content=\"REDA\u00c7\u00c3O: UBIRAT\u00c3 ONLINE - F\u00c1BIO AUGUSTO CELESTINO\" \/>\n<meta name=\"twitter:card\" content=\"summary_large_image\" \/>\n<meta name=\"twitter:creator\" content=\"@x.com\/ubirataonline\" \/>\n<meta name=\"twitter:site\" content=\"@ubirataonline\" \/>\n<meta name=\"twitter:label1\" content=\"Written by\" \/>\n\t<meta name=\"twitter:data1\" content=\"REDA\u00c7\u00c3O: UBIRAT\u00c3 ONLINE - F\u00c1BIO AUGUSTO CELESTINO\" \/>\n\t<meta name=\"twitter:label2\" content=\"Est. reading time\" \/>\n\t<meta name=\"twitter:data2\" content=\"12 minutes\" \/>\n<script type=\"application\/ld+json\" class=\"yoast-schema-graph\">{\"@context\":\"https:\\\/\\\/schema.org\",\"@graph\":[{\"@type\":\"NewsArticle\",\"@id\":\"https:\\\/\\\/ubirataonline.com.br\\\/erster-bundesliga-absteiger-fix-frauen-des-fc-bayern-im-cl-kracher-gegen-fc-barcelona-der-sport-tag-am-samstag-den-25-april-2026\\\/#article\",\"isPartOf\":{\"@id\":\"https:\\\/\\\/ubirataonline.com.br\\\/erster-bundesliga-absteiger-fix-frauen-des-fc-bayern-im-cl-kracher-gegen-fc-barcelona-der-sport-tag-am-samstag-den-25-april-2026\\\/\"},\"author\":{\"name\":\"REDA\u00c7\u00c3O: UBIRAT\u00c3 ONLINE - F\u00c1BIO AUGUSTO CELESTINO\",\"@id\":\"https:\\\/\\\/ubirataonline.com.br\\\/#\\\/schema\\\/person\\\/372f87bbd3fdd79b8556b84c98d0bc1c\"},\"headline\":\"Erster Bundesliga-Absteiger fix? Frauen des FC Bayern im CL-Kracher gegen FC Barcelona: Der Sport-Tag am Samstag, den 25. April 2026\",\"datePublished\":\"2026-04-25T13:02:00+00:00\",\"dateModified\":\"2026-04-25T13:02:04+00:00\",\"mainEntityOfPage\":{\"@id\":\"https:\\\/\\\/ubirataonline.com.br\\\/erster-bundesliga-absteiger-fix-frauen-des-fc-bayern-im-cl-kracher-gegen-fc-barcelona-der-sport-tag-am-samstag-den-25-april-2026\\\/\"},\"wordCount\":2489,\"publisher\":{\"@id\":\"https:\\\/\\\/ubirataonline.com.br\\\/#organization\"},\"image\":{\"@id\":\"https:\\\/\\\/ubirataonline.com.br\\\/erster-bundesliga-absteiger-fix-frauen-des-fc-bayern-im-cl-kracher-gegen-fc-barcelona-der-sport-tag-am-samstag-den-25-april-2026\\\/#primaryimage\"},\"thumbnailUrl\":\"https:\\\/\\\/ubirataonline.com.br\\\/wp-content\\\/uploads\\\/2026\\\/04\\\/Erster-Bundesliga-Absteiger-fix-Frauen-des-FC-Bayern-im-CL-Kracher-gegen.jpeg\",\"keywords\":[\"April\",\"Barcelona\",\"Bayern\",\"BundesligaAbsteiger\",\"CLKracher\",\"den\",\"Der\",\"Des\",\"Erster\",\"fix\",\"Frauen\",\"gegen\",\"Samstag\",\"SportTag\"],\"articleSection\":[\"Europe\"],\"inLanguage\":\"en-US\",\"copyrightYear\":\"2026\",\"copyrightHolder\":{\"@id\":\"https:\\\/\\\/ubirataonline.com.br\\\/en\\\/#organization\"}},{\"@type\":\"WebPage\",\"@id\":\"https:\\\/\\\/ubirataonline.com.br\\\/erster-bundesliga-absteiger-fix-frauen-des-fc-bayern-im-cl-kracher-gegen-fc-barcelona-der-sport-tag-am-samstag-den-25-april-2026\\\/\",\"url\":\"https:\\\/\\\/ubirataonline.com.br\\\/erster-bundesliga-absteiger-fix-frauen-des-fc-bayern-im-cl-kracher-gegen-fc-barcelona-der-sport-tag-am-samstag-den-25-april-2026\\\/\",\"name\":\"Erster Bundesliga-Absteiger fix? Frauen des FC Bayern im CL-Kracher gegen FC Barcelona: Der Sport-Tag am Samstag, den 25. April 2026 - Ubirat\u00e3 Online Not\u00edcias - A realidade ao seu alcance!\",\"isPartOf\":{\"@id\":\"https:\\\/\\\/ubirataonline.com.br\\\/#website\"},\"primaryImageOfPage\":{\"@id\":\"https:\\\/\\\/ubirataonline.com.br\\\/erster-bundesliga-absteiger-fix-frauen-des-fc-bayern-im-cl-kracher-gegen-fc-barcelona-der-sport-tag-am-samstag-den-25-april-2026\\\/#primaryimage\"},\"image\":{\"@id\":\"https:\\\/\\\/ubirataonline.com.br\\\/erster-bundesliga-absteiger-fix-frauen-des-fc-bayern-im-cl-kracher-gegen-fc-barcelona-der-sport-tag-am-samstag-den-25-april-2026\\\/#primaryimage\"},\"thumbnailUrl\":\"https:\\\/\\\/ubirataonline.com.br\\\/wp-content\\\/uploads\\\/2026\\\/04\\\/Erster-Bundesliga-Absteiger-fix-Frauen-des-FC-Bayern-im-CL-Kracher-gegen.jpeg\",\"datePublished\":\"2026-04-25T13:02:00+00:00\",\"dateModified\":\"2026-04-25T13:02:04+00:00\",\"description\":\"14:46 UhrKompany wirft Rotationsmaschine an: Teenager feiert Startelf-Deb\u00fct beim FC BayernVincent Kompany wirft im \\\"Zwischenspiel\\\" nach dem\",\"breadcrumb\":{\"@id\":\"https:\\\/\\\/ubirataonline.com.br\\\/erster-bundesliga-absteiger-fix-frauen-des-fc-bayern-im-cl-kracher-gegen-fc-barcelona-der-sport-tag-am-samstag-den-25-april-2026\\\/#breadcrumb\"},\"inLanguage\":\"en-US\",\"potentialAction\":[{\"@type\":\"ReadAction\",\"target\":[\"https:\\\/\\\/ubirataonline.com.br\\\/erster-bundesliga-absteiger-fix-frauen-des-fc-bayern-im-cl-kracher-gegen-fc-barcelona-der-sport-tag-am-samstag-den-25-april-2026\\\/\"]}]},{\"@type\":\"ImageObject\",\"inLanguage\":\"en-US\",\"@id\":\"https:\\\/\\\/ubirataonline.com.br\\\/erster-bundesliga-absteiger-fix-frauen-des-fc-bayern-im-cl-kracher-gegen-fc-barcelona-der-sport-tag-am-samstag-den-25-april-2026\\\/#primaryimage\",\"url\":\"https:\\\/\\\/ubirataonline.com.br\\\/wp-content\\\/uploads\\\/2026\\\/04\\\/Erster-Bundesliga-Absteiger-fix-Frauen-des-FC-Bayern-im-CL-Kracher-gegen.jpeg\",\"contentUrl\":\"https:\\\/\\\/ubirataonline.com.br\\\/wp-content\\\/uploads\\\/2026\\\/04\\\/Erster-Bundesliga-Absteiger-fix-Frauen-des-FC-Bayern-im-CL-Kracher-gegen.jpeg\",\"width\":1200,\"height\":675,\"caption\":\"Mitchell Weiser riss sich im Juli das Kreuzband. (Foto: IMAGO\\\/Eibner)\"},{\"@type\":\"BreadcrumbList\",\"@id\":\"https:\\\/\\\/ubirataonline.com.br\\\/erster-bundesliga-absteiger-fix-frauen-des-fc-bayern-im-cl-kracher-gegen-fc-barcelona-der-sport-tag-am-samstag-den-25-april-2026\\\/#breadcrumb\",\"itemListElement\":[{\"@type\":\"ListItem\",\"position\":1,\"name\":\"In\u00edcio\",\"item\":\"https:\\\/\\\/ubirataonline.com.br\\\/\"},{\"@type\":\"ListItem\",\"position\":2,\"name\":\"Erster Bundesliga-Absteiger fix? Frauen des FC Bayern im CL-Kracher gegen FC Barcelona: Der Sport-Tag am Samstag, den 25. April 2026\"}]},{\"@type\":\"WebSite\",\"@id\":\"https:\\\/\\\/ubirataonline.com.br\\\/#website\",\"url\":\"https:\\\/\\\/ubirataonline.com.br\\\/\",\"name\":\"Ubirat\u00e3 Online Not\u00edcias\",\"description\":\"Not\u00edcias de Ubirat\u00e3, regi\u00e3o, Brasil e mundo, com informa\u00e7\u00e3o atualizada e compromisso com o leitor.\",\"publisher\":{\"@id\":\"https:\\\/\\\/ubirataonline.com.br\\\/#organization\"},\"alternateName\":\"Ubirat\u00e3 Online\",\"potentialAction\":[{\"@type\":\"SearchAction\",\"target\":{\"@type\":\"EntryPoint\",\"urlTemplate\":\"https:\\\/\\\/ubirataonline.com.br\\\/?s={search_term_string}\"},\"query-input\":{\"@type\":\"PropertyValueSpecification\",\"valueRequired\":true,\"valueName\":\"search_term_string\"}}],\"inLanguage\":\"en-US\"},{\"@type\":[\"Organization\",\"Place\"],\"@id\":\"https:\\\/\\\/ubirataonline.com.br\\\/#organization\",\"name\":\"Ubirat\u00e3 Online Not\u00edcias\",\"alternateName\":\"Ubirat\u00e3 Online\",\"url\":\"https:\\\/\\\/ubirataonline.com.br\\\/\",\"logo\":{\"@id\":\"https:\\\/\\\/ubirataonline.com.br\\\/erster-bundesliga-absteiger-fix-frauen-des-fc-bayern-im-cl-kracher-gegen-fc-barcelona-der-sport-tag-am-samstag-den-25-april-2026\\\/#local-main-organization-logo\"},\"image\":{\"@id\":\"https:\\\/\\\/ubirataonline.com.br\\\/erster-bundesliga-absteiger-fix-frauen-des-fc-bayern-im-cl-kracher-gegen-fc-barcelona-der-sport-tag-am-samstag-den-25-april-2026\\\/#local-main-organization-logo\"},\"sameAs\":[\"https:\\\/\\\/www.facebook.com\\\/portalubirataonline\",\"https:\\\/\\\/x.com\\\/ubirataonline\",\"https:\\\/\\\/mastodon.social\\\/@ubirataonline\",\"https:\\\/\\\/www.facebook.com\\\/groups\\\/311144672285604\",\"https:\\\/\\\/www.facebook.com\\\/UBTAOnline\",\"https:\\\/\\\/www.instagram.com\\\/portalubirataonline\\\/\",\"https:\\\/\\\/twitter.com\\\/ubirataonline\"],\"description\":\"Somos um portal de not\u00edcias independente, criado em 5 de janeiro de 2009, com o objetivo de informar, conectar e valorizar a nossa comunidade de Ubirat\u00e3 e toda aregi\u00e3o. Com conte\u00fado atualizado, confi\u00e1vel e relevante, o Ubirat\u00e3 Online \u00e9 o seu espa\u00e7o para ficar por dentro dos principais acontecimentos locais, regionais, Brasil, Mundo e de interesse geral. Nosso compromisso \u00e9 com a verdade, a transpar\u00eancia e o respeito ao leitor.\",\"legalName\":\"UBIRATA ONLINE NOT\u00cdCIAS\",\"foundingDate\":\"2009-01-05\",\"numberOfEmployees\":{\"@type\":\"QuantitativeValue\",\"minValue\":\"1\",\"maxValue\":\"10\"},\"publishingPrinciples\":\"https:\\\/\\\/ubirataonline.com.br\\\/faq\\\/\",\"address\":{\"@id\":\"https:\\\/\\\/ubirataonline.com.br\\\/erster-bundesliga-absteiger-fix-frauen-des-fc-bayern-im-cl-kracher-gegen-fc-barcelona-der-sport-tag-am-samstag-den-25-april-2026\\\/#local-main-place-address\"},\"geo\":{\"@type\":\"GeoCoordinates\",\"latitude\":\"-24.5361401\",\"longitude\":\"-52.9921776\"},\"telephone\":[\"+5544998308235\"],\"contactPoint\":{\"@type\":\"ContactPoint\",\"email\":\"contato@ubirataonline.com.br\"},\"openingHoursSpecification\":{\"@type\":\"OpeningHoursSpecification\",\"dayOfWeek\":[\"Monday\",\"Tuesday\",\"Wednesday\",\"Thursday\",\"Friday\",\"Saturday\",\"Sunday\"],\"opens\":\"00:00\",\"closes\":\"23:59\"},\"email\":\"contato@ubirataonline.com.br\",\"vatID\":\"47.621.418\\\/0001-80\"},{\"@type\":\"Person\",\"@id\":\"https:\\\/\\\/ubirataonline.com.br\\\/#\\\/schema\\\/person\\\/372f87bbd3fdd79b8556b84c98d0bc1c\",\"name\":\"REDA\u00c7\u00c3O: UBIRAT\u00c3 ONLINE - F\u00c1BIO AUGUSTO CELESTINO\",\"pronouns\":\"Ele\",\"description\":\"Desde 2003 trabalhando com not\u00edcias.\",\"sameAs\":[\"http:\\\/\\\/ubirataoline.com.br\",\"https:\\\/\\\/www.facebook.com\\\/portalubirataonline\",\"https:\\\/\\\/www.instagram.com\\\/ubirataonline_oficial\",\"https:\\\/\\\/x.com\\\/x.com\\\/ubirataonline\"],\"honorificPrefix\":\"Mr.\",\"honorificSuffix\":\"MD\",\"birthDate\":\"1980-06-16\",\"gender\":\"masculino\",\"award\":[\"V\u00e1rios pr\u00eamios de melhor portal da cidade\"],\"jobTitle\":\"Diretor\",\"url\":\"https:\\\/\\\/ubirataonline.com.br\\\/en\\\/author\\\/ubirataonline\\\/\"},{\"@type\":\"PostalAddress\",\"@id\":\"https:\\\/\\\/ubirataonline.com.br\\\/erster-bundesliga-absteiger-fix-frauen-des-fc-bayern-im-cl-kracher-gegen-fc-barcelona-der-sport-tag-am-samstag-den-25-april-2026\\\/#local-main-place-address\",\"streetAddress\":\"Rua dos Coqueiros, 104 - Bairro Boa Vista, Rua dos Coqueiros, 104 Bairro Boa Vista\",\"addressLocality\":\"UBIRATA\",\"postalCode\":\"85440-000\",\"addressRegion\":\"PR\",\"addressCountry\":\"BR\"},{\"@type\":\"ImageObject\",\"inLanguage\":\"en-US\",\"@id\":\"https:\\\/\\\/ubirataonline.com.br\\\/erster-bundesliga-absteiger-fix-frauen-des-fc-bayern-im-cl-kracher-gegen-fc-barcelona-der-sport-tag-am-samstag-den-25-april-2026\\\/#local-main-organization-logo\",\"url\":\"https:\\\/\\\/ubirataonline.com.br\\\/wp-content\\\/uploads\\\/2026\\\/06\\\/logoubirataonline-1.webp\",\"contentUrl\":\"https:\\\/\\\/ubirataonline.com.br\\\/wp-content\\\/uploads\\\/2026\\\/06\\\/logoubirataonline-1.webp\",\"width\":500,\"height\":500,\"caption\":\"Ubirat\u00e3 Online Not\u00edcias\"}]}<\/script>\n<meta name=\"geo.placename\" content=\"UBIRATA\" \/>\n<meta name=\"geo.position\" content=\"-24.5361401;-52.9921776\" \/>\n<meta name=\"geo.region\" content=\"Brazil\" \/>\n<!-- \/ Yoast SEO Premium plugin. -->","yoast_head_json":{"title":"Erster Bundesliga-Absteiger fix? Frauen des FC Bayern im CL-Kracher gegen FC Barcelona: Der Sport-Tag am Samstag, den 25. April 2026 - Ubirat\u00e3 Online Not\u00edcias - A realidade ao seu alcance!","description":"14:46 UhrKompany wirft Rotationsmaschine an: Teenager feiert Startelf-Deb\u00fct beim FC BayernVincent Kompany wirft im \"Zwischenspiel\" nach dem","robots":{"index":"index","follow":"follow","max-snippet":"max-snippet:-1","max-image-preview":"max-image-preview:large","max-video-preview":"max-video-preview:-1"},"canonical":"https:\/\/ubirataonline.com.br\/en\/erster-bundesliga-absteiger-fix-frauen-des-fc-bayern-im-cl-kracher-gegen-fc-barcelona-der-sport-tag-am-samstag-den-25-april-2026\/","og_locale":"en_US","og_type":"article","og_title":"Erster Bundesliga-Absteiger fix? Frauen des FC Bayern im CL-Kracher gegen FC Barcelona: Der Sport-Tag am Samstag, den 25. April 2026","og_description":"14:46 UhrKompany wirft Rotationsmaschine an: Teenager feiert Startelf-Deb\u00fct beim FC BayernVincent Kompany wirft im \"Zwischenspiel\" nach dem","og_url":"https:\/\/ubirataonline.com.br\/en\/erster-bundesliga-absteiger-fix-frauen-des-fc-bayern-im-cl-kracher-gegen-fc-barcelona-der-sport-tag-am-samstag-den-25-april-2026\/","og_site_name":"Ubirat\u00e3 Online Not\u00edcias - A realidade ao seu alcance!","article_publisher":"https:\/\/www.facebook.com\/portalubirataonline","article_author":"https:\/\/www.facebook.com\/portalubirataonline","article_published_time":"2026-04-25T13:02:00+00:00","article_modified_time":"2026-04-25T13:02:04+00:00","og_image":[{"width":1200,"height":675,"url":"https:\/\/ubirataonline.com.br\/wp-content\/uploads\/2026\/04\/Erster-Bundesliga-Absteiger-fix-Frauen-des-FC-Bayern-im-CL-Kracher-gegen.jpeg","type":"image\/jpeg"}],"author":"REDA\u00c7\u00c3O: UBIRAT\u00c3 ONLINE - F\u00c1BIO AUGUSTO CELESTINO","twitter_card":"summary_large_image","twitter_creator":"@x.com\/ubirataonline","twitter_site":"@ubirataonline","twitter_misc":{"Written by":"REDA\u00c7\u00c3O: UBIRAT\u00c3 ONLINE - F\u00c1BIO AUGUSTO CELESTINO","Est. reading time":"12 minutes"},"schema":{"@context":"https:\/\/schema.org","@graph":[{"@type":"NewsArticle","@id":"https:\/\/ubirataonline.com.br\/erster-bundesliga-absteiger-fix-frauen-des-fc-bayern-im-cl-kracher-gegen-fc-barcelona-der-sport-tag-am-samstag-den-25-april-2026\/#article","isPartOf":{"@id":"https:\/\/ubirataonline.com.br\/erster-bundesliga-absteiger-fix-frauen-des-fc-bayern-im-cl-kracher-gegen-fc-barcelona-der-sport-tag-am-samstag-den-25-april-2026\/"},"author":{"name":"REDA\u00c7\u00c3O: UBIRAT\u00c3 ONLINE - F\u00c1BIO AUGUSTO CELESTINO","@id":"https:\/\/ubirataonline.com.br\/#\/schema\/person\/372f87bbd3fdd79b8556b84c98d0bc1c"},"headline":"Erster Bundesliga-Absteiger fix? Frauen des FC Bayern im CL-Kracher gegen FC Barcelona: Der Sport-Tag am Samstag, den 25. April 2026","datePublished":"2026-04-25T13:02:00+00:00","dateModified":"2026-04-25T13:02:04+00:00","mainEntityOfPage":{"@id":"https:\/\/ubirataonline.com.br\/erster-bundesliga-absteiger-fix-frauen-des-fc-bayern-im-cl-kracher-gegen-fc-barcelona-der-sport-tag-am-samstag-den-25-april-2026\/"},"wordCount":2489,"publisher":{"@id":"https:\/\/ubirataonline.com.br\/#organization"},"image":{"@id":"https:\/\/ubirataonline.com.br\/erster-bundesliga-absteiger-fix-frauen-des-fc-bayern-im-cl-kracher-gegen-fc-barcelona-der-sport-tag-am-samstag-den-25-april-2026\/#primaryimage"},"thumbnailUrl":"https:\/\/ubirataonline.com.br\/wp-content\/uploads\/2026\/04\/Erster-Bundesliga-Absteiger-fix-Frauen-des-FC-Bayern-im-CL-Kracher-gegen.jpeg","keywords":["April","Barcelona","Bayern","BundesligaAbsteiger","CLKracher","den","Der","Des","Erster","fix","Frauen","gegen","Samstag","SportTag"],"articleSection":["Europe"],"inLanguage":"en-US","copyrightYear":"2026","copyrightHolder":{"@id":"https:\/\/ubirataonline.com.br\/en\/#organization"}},{"@type":"WebPage","@id":"https:\/\/ubirataonline.com.br\/erster-bundesliga-absteiger-fix-frauen-des-fc-bayern-im-cl-kracher-gegen-fc-barcelona-der-sport-tag-am-samstag-den-25-april-2026\/","url":"https:\/\/ubirataonline.com.br\/erster-bundesliga-absteiger-fix-frauen-des-fc-bayern-im-cl-kracher-gegen-fc-barcelona-der-sport-tag-am-samstag-den-25-april-2026\/","name":"Erster Bundesliga-Absteiger fix? Frauen des FC Bayern im CL-Kracher gegen FC Barcelona: Der Sport-Tag am Samstag, den 25. April 2026 - Ubirat\u00e3 Online Not\u00edcias - A realidade ao seu alcance!","isPartOf":{"@id":"https:\/\/ubirataonline.com.br\/#website"},"primaryImageOfPage":{"@id":"https:\/\/ubirataonline.com.br\/erster-bundesliga-absteiger-fix-frauen-des-fc-bayern-im-cl-kracher-gegen-fc-barcelona-der-sport-tag-am-samstag-den-25-april-2026\/#primaryimage"},"image":{"@id":"https:\/\/ubirataonline.com.br\/erster-bundesliga-absteiger-fix-frauen-des-fc-bayern-im-cl-kracher-gegen-fc-barcelona-der-sport-tag-am-samstag-den-25-april-2026\/#primaryimage"},"thumbnailUrl":"https:\/\/ubirataonline.com.br\/wp-content\/uploads\/2026\/04\/Erster-Bundesliga-Absteiger-fix-Frauen-des-FC-Bayern-im-CL-Kracher-gegen.jpeg","datePublished":"2026-04-25T13:02:00+00:00","dateModified":"2026-04-25T13:02:04+00:00","description":"14:46 UhrKompany wirft Rotationsmaschine an: Teenager feiert Startelf-Deb\u00fct beim FC BayernVincent Kompany wirft im \"Zwischenspiel\" nach dem","breadcrumb":{"@id":"https:\/\/ubirataonline.com.br\/erster-bundesliga-absteiger-fix-frauen-des-fc-bayern-im-cl-kracher-gegen-fc-barcelona-der-sport-tag-am-samstag-den-25-april-2026\/#breadcrumb"},"inLanguage":"en-US","potentialAction":[{"@type":"ReadAction","target":["https:\/\/ubirataonline.com.br\/erster-bundesliga-absteiger-fix-frauen-des-fc-bayern-im-cl-kracher-gegen-fc-barcelona-der-sport-tag-am-samstag-den-25-april-2026\/"]}]},{"@type":"ImageObject","inLanguage":"en-US","@id":"https:\/\/ubirataonline.com.br\/erster-bundesliga-absteiger-fix-frauen-des-fc-bayern-im-cl-kracher-gegen-fc-barcelona-der-sport-tag-am-samstag-den-25-april-2026\/#primaryimage","url":"https:\/\/ubirataonline.com.br\/wp-content\/uploads\/2026\/04\/Erster-Bundesliga-Absteiger-fix-Frauen-des-FC-Bayern-im-CL-Kracher-gegen.jpeg","contentUrl":"https:\/\/ubirataonline.com.br\/wp-content\/uploads\/2026\/04\/Erster-Bundesliga-Absteiger-fix-Frauen-des-FC-Bayern-im-CL-Kracher-gegen.jpeg","width":1200,"height":675,"caption":"Mitchell Weiser riss sich im Juli das Kreuzband. (Foto: IMAGO\/Eibner)"},{"@type":"BreadcrumbList","@id":"https:\/\/ubirataonline.com.br\/erster-bundesliga-absteiger-fix-frauen-des-fc-bayern-im-cl-kracher-gegen-fc-barcelona-der-sport-tag-am-samstag-den-25-april-2026\/#breadcrumb","itemListElement":[{"@type":"ListItem","position":1,"name":"In\u00edcio","item":"https:\/\/ubirataonline.com.br\/"},{"@type":"ListItem","position":2,"name":"Erster Bundesliga-Absteiger fix? Frauen des FC Bayern im CL-Kracher gegen FC Barcelona: Der Sport-Tag am Samstag, den 25. April 2026"}]},{"@type":"WebSite","@id":"https:\/\/ubirataonline.com.br\/#website","url":"https:\/\/ubirataonline.com.br\/","name":"Ubirat\u00e3 Online Not\u00edcias","description":"Not\u00edcias de Ubirat\u00e3, regi\u00e3o, Brasil e mundo, com informa\u00e7\u00e3o atualizada e compromisso com o leitor.","publisher":{"@id":"https:\/\/ubirataonline.com.br\/#organization"},"alternateName":"Ubirat\u00e3 Online","potentialAction":[{"@type":"SearchAction","target":{"@type":"EntryPoint","urlTemplate":"https:\/\/ubirataonline.com.br\/?s={search_term_string}"},"query-input":{"@type":"PropertyValueSpecification","valueRequired":true,"valueName":"search_term_string"}}],"inLanguage":"en-US"},{"@type":["Organization","Place"],"@id":"https:\/\/ubirataonline.com.br\/#organization","name":"Ubirat\u00e3 Online Not\u00edcias","alternateName":"Ubirat\u00e3 Online","url":"https:\/\/ubirataonline.com.br\/","logo":{"@id":"https:\/\/ubirataonline.com.br\/erster-bundesliga-absteiger-fix-frauen-des-fc-bayern-im-cl-kracher-gegen-fc-barcelona-der-sport-tag-am-samstag-den-25-april-2026\/#local-main-organization-logo"},"image":{"@id":"https:\/\/ubirataonline.com.br\/erster-bundesliga-absteiger-fix-frauen-des-fc-bayern-im-cl-kracher-gegen-fc-barcelona-der-sport-tag-am-samstag-den-25-april-2026\/#local-main-organization-logo"},"sameAs":["https:\/\/www.facebook.com\/portalubirataonline","https:\/\/x.com\/ubirataonline","https:\/\/mastodon.social\/@ubirataonline","https:\/\/www.facebook.com\/groups\/311144672285604","https:\/\/www.facebook.com\/UBTAOnline","https:\/\/www.instagram.com\/portalubirataonline\/","https:\/\/twitter.com\/ubirataonline"],"description":"Somos um portal de not\u00edcias independente, criado em 5 de janeiro de 2009, com o objetivo de informar, conectar e valorizar a nossa comunidade de Ubirat\u00e3 e toda aregi\u00e3o. Com conte\u00fado atualizado, confi\u00e1vel e relevante, o Ubirat\u00e3 Online \u00e9 o seu espa\u00e7o para ficar por dentro dos principais acontecimentos locais, regionais, Brasil, Mundo e de interesse geral. Nosso compromisso \u00e9 com a verdade, a transpar\u00eancia e o respeito ao leitor.","legalName":"UBIRATA ONLINE NOT\u00cdCIAS","foundingDate":"2009-01-05","numberOfEmployees":{"@type":"QuantitativeValue","minValue":"1","maxValue":"10"},"publishingPrinciples":"https:\/\/ubirataonline.com.br\/faq\/","address":{"@id":"https:\/\/ubirataonline.com.br\/erster-bundesliga-absteiger-fix-frauen-des-fc-bayern-im-cl-kracher-gegen-fc-barcelona-der-sport-tag-am-samstag-den-25-april-2026\/#local-main-place-address"},"geo":{"@type":"GeoCoordinates","latitude":"-24.5361401","longitude":"-52.9921776"},"telephone":["+5544998308235"],"contactPoint":{"@type":"ContactPoint","email":"contato@ubirataonline.com.br"},"openingHoursSpecification":{"@type":"OpeningHoursSpecification","dayOfWeek":["Monday","Tuesday","Wednesday","Thursday","Friday","Saturday","Sunday"],"opens":"00:00","closes":"23:59"},"email":"contato@ubirataonline.com.br","vatID":"47.621.418\/0001-80"},{"@type":"Person","@id":"https:\/\/ubirataonline.com.br\/#\/schema\/person\/372f87bbd3fdd79b8556b84c98d0bc1c","name":"REDA\u00c7\u00c3O: UBIRAT\u00c3 ONLINE - F\u00c1BIO AUGUSTO CELESTINO","pronouns":"Ele","description":"Desde 2003 trabalhando com not\u00edcias.","sameAs":["http:\/\/ubirataoline.com.br","https:\/\/www.facebook.com\/portalubirataonline","https:\/\/www.instagram.com\/ubirataonline_oficial","https:\/\/x.com\/x.com\/ubirataonline"],"honorificPrefix":"Mr.","honorificSuffix":"MD","birthDate":"1980-06-16","gender":"masculino","award":["V\u00e1rios pr\u00eamios de melhor portal da cidade"],"jobTitle":"Diretor","url":"https:\/\/ubirataonline.com.br\/en\/author\/ubirataonline\/"},{"@type":"PostalAddress","@id":"https:\/\/ubirataonline.com.br\/erster-bundesliga-absteiger-fix-frauen-des-fc-bayern-im-cl-kracher-gegen-fc-barcelona-der-sport-tag-am-samstag-den-25-april-2026\/#local-main-place-address","streetAddress":"Rua dos Coqueiros, 104 - Bairro Boa Vista, Rua dos Coqueiros, 104 Bairro Boa Vista","addressLocality":"UBIRATA","postalCode":"85440-000","addressRegion":"PR","addressCountry":"BR"},{"@type":"ImageObject","inLanguage":"en-US","@id":"https:\/\/ubirataonline.com.br\/erster-bundesliga-absteiger-fix-frauen-des-fc-bayern-im-cl-kracher-gegen-fc-barcelona-der-sport-tag-am-samstag-den-25-april-2026\/#local-main-organization-logo","url":"https:\/\/ubirataonline.com.br\/wp-content\/uploads\/2026\/06\/logoubirataonline-1.webp","contentUrl":"https:\/\/ubirataonline.com.br\/wp-content\/uploads\/2026\/06\/logoubirataonline-1.webp","width":500,"height":500,"caption":"Ubirat\u00e3 Online Not\u00edcias"}]},"geo.placename":"UBIRATA","geo.position":{"lat":"-24.5361401","long":"-52.9921776"},"geo.region":"Brazil"},"_links":{"self":[{"href":"https:\/\/ubirataonline.com.br\/en\/wp-json\/wp\/v2\/posts\/114954","targetHints":{"allow":["GET"]}}],"collection":[{"href":"https:\/\/ubirataonline.com.br\/en\/wp-json\/wp\/v2\/posts"}],"about":[{"href":"https:\/\/ubirataonline.com.br\/en\/wp-json\/wp\/v2\/types\/post"}],"author":[{"embeddable":true,"href":"https:\/\/ubirataonline.com.br\/en\/wp-json\/wp\/v2\/users\/1"}],"replies":[{"embeddable":true,"href":"https:\/\/ubirataonline.com.br\/en\/wp-json\/wp\/v2\/comments?post=114954"}],"version-history":[{"count":0,"href":"https:\/\/ubirataonline.com.br\/en\/wp-json\/wp\/v2\/posts\/114954\/revisions"}],"wp:featuredmedia":[{"embeddable":true,"href":"https:\/\/ubirataonline.com.br\/en\/wp-json\/wp\/v2\/media\/114955"}],"wp:attachment":[{"href":"https:\/\/ubirataonline.com.br\/en\/wp-json\/wp\/v2\/media?parent=114954"}],"wp:term":[{"taxonomy":"category","embeddable":true,"href":"https:\/\/ubirataonline.com.br\/en\/wp-json\/wp\/v2\/categories?post=114954"},{"taxonomy":"post_tag","embeddable":true,"href":"https:\/\/ubirataonline.com.br\/en\/wp-json\/wp\/v2\/tags?post=114954"}],"curies":[{"name":"wp","href":"https:\/\/api.w.org\/{rel}","templated":true}]}}