{"id":114982,"date":"2026-04-25T10:54:01","date_gmt":"2026-04-25T13:54:01","guid":{"rendered":"https:\/\/ubirataonline.com.br\/alineacion-probable-del-barca-contra-el-getafe\/"},"modified":"2026-04-25T10:54:04","modified_gmt":"2026-04-25T13:54:04","slug":"alineacion-probable-del-barca-contra-el-getafe","status":"publish","type":"post","link":"https:\/\/ubirataonline.com.br\/en\/alineacion-probable-del-barca-contra-el-getafe\/","title":{"rendered":"Alineaci\u00f3n probable del Bar\u00e7a contra el Getafe"},"content":{"rendered":"<p><\/p>\n<div>\n<p data-gtm-element-container=\"modulo-texto-link\" class=\"paragraph\">La de este s\u00e1bado ser\u00e1 la primea alineaci\u00f3n de <strong>Hansi Flick<\/strong> desde que sabe que no podr\u00e1 contar con <strong>Lamine Yamal<\/strong> en lo que queda de temporada. Y es por ello que todos los focos estar\u00e1n una hora y media antes del partido, cuando se conozca el once inicial, en ver qui\u00e9n es el elegido por el t\u00e9cnico germano para ocupar el extremo diestro. Son varias las opciones que tiene, pero a tenor de lo visto anteriormente, la principal duda es si le da confianza a <strong>Roony Bardghji<\/strong> o si por contra apuesta por Ferm\u00edn, o incluso Ferran, por esa banda.<\/p>\n<p><span class=\"ads-box c-ads c-ads--roba c-ads--roba__sticky\"><span aria-hidden=\"true\" aria-roledescription=\"Publicidad\" role=\"region\" class=\"u-show-xs-only c-ads-banner--roba c-ads-336x600\"><\/span><\/span><span aria-hidden=\"true\" aria-roledescription=\"Publicidad\" role=\"region\" class=\"u-hide-xs-only c-ads-banner--irr c-ads-300x250-desktop irr-container\"><span class=\"intext-md hidden-xs hidden-md\"> <\/span><\/span><\/p>\n<p data-gtm-element-container=\"modulo-texto-link\" class=\"paragraph\">Ayer en rueda de prensa, sobre el joven extremo sueco, no quiso dar pistas y dijo que tanto pod\u00eda salir de inicio como desde el banquillo. Si el sueco se queda en el banco, opci\u00f3n m\u00e1s previsible, ser\u00eda <strong>Ferm\u00edn <\/strong>el que ocupe ese extremo, con <strong>Dani Olmo <\/strong>como media punta y <strong>Gavi <\/strong>por la izquierda.<\/p>\n<p><span aria-hidden=\"true\" aria-roledescription=\"Publicidad\" role=\"region\" class=\"u-show-xs-only c-ads-banner--irr c-ads-300x250 irr-container\"><span class=\"intext-xs hidden-xs hidden-md\"\/><\/span><\/p>\n<p data-gtm-element-container=\"modulo-texto-link\" class=\"paragraph\">En la punta de ataque <strong>Ferran <\/strong>llega con la flechita hacia arriba y sorprender\u00eda que le deje en el banquillo, mientras que en la zona media y baja, debido a las bajas, no parece haber muchas dudas m\u00e1s all\u00e1 del lateral zurdo.<\/p>\n<p data-gtm-element-container=\"modulo-texto-link\" class=\"paragraph\">Con<strong> Joan Garcia<\/strong> bajo palos, <strong>Kound\u00e9 <\/strong>por la derecha y la pareja <strong>Cubars\u00ed-Gerard Mart\u00edn<\/strong>, en ausencia del sancionado <strong>Eric Garcia<\/strong>, la duda es si el susto de <strong>Cancelo <\/strong>le impedir\u00e1 estar de partida, cosa que parece poco probable. Si el luso, que viene jugando muy bien y agradando a <strong>Flick<\/strong>, no est\u00e1 para ser titular, ser\u00eda <strong>Balde <\/strong>el que ocupe su demarcaci\u00f3n, mientras que la pareja <strong>De Jong-Pedri<\/strong> en la base parece indudable. Pero trat\u00e1ndose de <strong>Hansi Flick<\/strong> todo es posible, y m\u00e1s en un partido donde necesita algo distinto a los \u00faltimos cinco partidos all\u00ed en los que el equipo s\u00f3lo marc\u00f3 un gol.<\/p>\n<\/div>\n<p><script type=\"script\/gg\">\ngg.didomi.doWhenConsent(!window.didomiBypass, 'c:facebooka-frU9M5JY', function () {\nconsole.log('facebook-ad-def');\n!function(f,b,e,v,n,t,s)\n{if(f.fbq)return;n=f.fbq=function(){n.callMethod?\nn.callMethod.apply(n,arguments):n.queue.push(arguments)};\nif(!f._fbq)f._fbq=n;n.push=n;n.loaded=!0;n.version='2.0';\nn.queue=[];t=b.createElement(e);t.async=!0;\nt.src=v;s=b.getElementsByTagName(e)[0];\ns.parentNode.insertBefore(t,s)}(window, document,'script',\n'https:\/\/connect.facebook.net\/en_US\/fbevents.js');\nfbq('init', '682047071976590');\nfbq('track', 'PageView');\n});\n<\/script><br \/>\n<br \/><a href=\"https:\/\/www.mundodeportivo.com\/futbol\/fc-barcelona\/20260425\/1004174844\/posible-once-barca-getafe.html\">Fonte do Artigo <\/a><\/p>\n","protected":false},"excerpt":{"rendered":"<p>La de este s\u00e1bado ser\u00e1 la primea alineaci\u00f3n de Hansi Flick desde que sabe que no podr\u00e1 contar con Lamine Yamal en lo que queda de temporada. Y es por ello que todos los focos estar\u00e1n una hora y media antes del partido, cuando se conozca el once inicial, en ver qui\u00e9n es el elegido [&hellip;]<\/p>\n","protected":false},"author":1,"featured_media":114983,"comment_status":"closed","ping_status":"","sticky":false,"template":"","format":"standard","meta":{"googlesitekit_rrm_CAow2JLhCw:productID":"","_gspb_post_css":"","maa_idioma":"","maa_pais":"","footnotes":""},"categories":[4],"tags":[3990,11648,3180,4161,7323,7487],"class_list":["post-114982","post","type-post","status-publish","format-standard","has-post-thumbnail","hentry","category-brasil","tag-alineacion","tag-barca","tag-contra","tag-del","tag-getafe","tag-probable"],"blocksy_meta":[],"yoast_head":"<!-- This site is optimized with the Yoast SEO Premium plugin v27.6 (Yoast SEO v27.6) - https:\/\/yoast.com\/product\/yoast-seo-premium-wordpress\/ -->\n<title>Alineaci\u00f3n probable del Bar\u00e7a contra el Getafe - Ubirat\u00e3 Online Not\u00edcias - A realidade ao seu alcance!<\/title>\n<meta name=\"description\" content=\"La de este s\u00e1bado ser\u00e1 la primea alineaci\u00f3n de Hansi Flick desde que sabe que no podr\u00e1 contar con Lamine Yamal en lo que queda de temporada. Y es por ello\" \/>\n<meta name=\"robots\" content=\"index, follow, max-snippet:-1, max-image-preview:large, max-video-preview:-1\" \/>\n<link rel=\"canonical\" href=\"https:\/\/ubirataonline.com.br\/en\/alineacion-probable-del-barca-contra-el-getafe\/\" \/>\n<meta property=\"og:locale\" content=\"en_US\" \/>\n<meta property=\"og:type\" content=\"article\" \/>\n<meta property=\"og:title\" content=\"Alineaci\u00f3n probable del Bar\u00e7a contra el Getafe\" \/>\n<meta property=\"og:description\" content=\"La de este s\u00e1bado ser\u00e1 la primea alineaci\u00f3n de Hansi Flick desde que sabe que no podr\u00e1 contar con Lamine Yamal en lo que queda de temporada. Y es por ello\" \/>\n<meta property=\"og:url\" content=\"https:\/\/ubirataonline.com.br\/en\/alineacion-probable-del-barca-contra-el-getafe\/\" \/>\n<meta property=\"og:site_name\" content=\"Ubirat\u00e3 Online Not\u00edcias - A realidade ao seu alcance!\" \/>\n<meta property=\"article:publisher\" content=\"https:\/\/www.facebook.com\/portalubirataonline\" \/>\n<meta property=\"article:author\" content=\"https:\/\/www.facebook.com\/portalubirataonline\" \/>\n<meta property=\"article:published_time\" content=\"2026-04-25T13:54:01+00:00\" \/>\n<meta property=\"article:modified_time\" content=\"2026-04-25T13:54:04+00:00\" \/>\n<meta property=\"og:image\" content=\"https:\/\/ubirataonline.com.br\/wp-content\/uploads\/2026\/04\/Alineacion-probable-del-Barca-contra-el-Getafe.jpeg\" \/>\n\t<meta property=\"og:image:width\" content=\"1200\" \/>\n\t<meta property=\"og:image:height\" content=\"675\" \/>\n\t<meta property=\"og:image:type\" content=\"image\/jpeg\" \/>\n<meta name=\"author\" content=\"REDA\u00c7\u00c3O: UBIRAT\u00c3 ONLINE - F\u00c1BIO AUGUSTO CELESTINO\" \/>\n<meta name=\"twitter:card\" content=\"summary_large_image\" \/>\n<meta name=\"twitter:creator\" content=\"@x.com\/ubirataonline\" \/>\n<meta name=\"twitter:site\" content=\"@ubirataonline\" \/>\n<meta name=\"twitter:label1\" content=\"Written by\" \/>\n\t<meta name=\"twitter:data1\" content=\"REDA\u00c7\u00c3O: UBIRAT\u00c3 ONLINE - F\u00c1BIO AUGUSTO CELESTINO\" \/>\n\t<meta name=\"twitter:label2\" content=\"Est. reading time\" \/>\n\t<meta name=\"twitter:data2\" content=\"2 minutes\" \/>\n<script type=\"application\/ld+json\" class=\"yoast-schema-graph\">{\"@context\":\"https:\\\/\\\/schema.org\",\"@graph\":[{\"@type\":\"NewsArticle\",\"@id\":\"https:\\\/\\\/ubirataonline.com.br\\\/alineacion-probable-del-barca-contra-el-getafe\\\/#article\",\"isPartOf\":{\"@id\":\"https:\\\/\\\/ubirataonline.com.br\\\/alineacion-probable-del-barca-contra-el-getafe\\\/\"},\"author\":{\"name\":\"REDA\u00c7\u00c3O: UBIRAT\u00c3 ONLINE - F\u00c1BIO AUGUSTO CELESTINO\",\"@id\":\"https:\\\/\\\/ubirataonline.com.br\\\/#\\\/schema\\\/person\\\/372f87bbd3fdd79b8556b84c98d0bc1c\"},\"headline\":\"Alineaci\u00f3n probable del Bar\u00e7a contra el Getafe\",\"datePublished\":\"2026-04-25T13:54:01+00:00\",\"dateModified\":\"2026-04-25T13:54:04+00:00\",\"mainEntityOfPage\":{\"@id\":\"https:\\\/\\\/ubirataonline.com.br\\\/alineacion-probable-del-barca-contra-el-getafe\\\/\"},\"wordCount\":335,\"publisher\":{\"@id\":\"https:\\\/\\\/ubirataonline.com.br\\\/#organization\"},\"image\":{\"@id\":\"https:\\\/\\\/ubirataonline.com.br\\\/alineacion-probable-del-barca-contra-el-getafe\\\/#primaryimage\"},\"thumbnailUrl\":\"https:\\\/\\\/ubirataonline.com.br\\\/wp-content\\\/uploads\\\/2026\\\/04\\\/Alineacion-probable-del-Barca-contra-el-Getafe.jpeg\",\"keywords\":[\"alineaci\u00f3n\",\"barca\",\"contra\",\"del\",\"Getafe\",\"probable\"],\"articleSection\":[\"Brasil\"],\"inLanguage\":\"en-US\",\"copyrightYear\":\"2026\",\"copyrightHolder\":{\"@id\":\"https:\\\/\\\/ubirataonline.com.br\\\/en\\\/#organization\"}},{\"@type\":\"WebPage\",\"@id\":\"https:\\\/\\\/ubirataonline.com.br\\\/alineacion-probable-del-barca-contra-el-getafe\\\/\",\"url\":\"https:\\\/\\\/ubirataonline.com.br\\\/alineacion-probable-del-barca-contra-el-getafe\\\/\",\"name\":\"Alineaci\u00f3n probable del Bar\u00e7a contra el Getafe - Ubirat\u00e3 Online Not\u00edcias - A realidade ao seu alcance!\",\"isPartOf\":{\"@id\":\"https:\\\/\\\/ubirataonline.com.br\\\/#website\"},\"primaryImageOfPage\":{\"@id\":\"https:\\\/\\\/ubirataonline.com.br\\\/alineacion-probable-del-barca-contra-el-getafe\\\/#primaryimage\"},\"image\":{\"@id\":\"https:\\\/\\\/ubirataonline.com.br\\\/alineacion-probable-del-barca-contra-el-getafe\\\/#primaryimage\"},\"thumbnailUrl\":\"https:\\\/\\\/ubirataonline.com.br\\\/wp-content\\\/uploads\\\/2026\\\/04\\\/Alineacion-probable-del-Barca-contra-el-Getafe.jpeg\",\"datePublished\":\"2026-04-25T13:54:01+00:00\",\"dateModified\":\"2026-04-25T13:54:04+00:00\",\"description\":\"La de este s\u00e1bado ser\u00e1 la primea alineaci\u00f3n de Hansi Flick desde que sabe que no podr\u00e1 contar con Lamine Yamal en lo que queda de temporada. Y es por ello\",\"breadcrumb\":{\"@id\":\"https:\\\/\\\/ubirataonline.com.br\\\/alineacion-probable-del-barca-contra-el-getafe\\\/#breadcrumb\"},\"inLanguage\":\"en-US\",\"potentialAction\":[{\"@type\":\"ReadAction\",\"target\":[\"https:\\\/\\\/ubirataonline.com.br\\\/alineacion-probable-del-barca-contra-el-getafe\\\/\"]}]},{\"@type\":\"ImageObject\",\"inLanguage\":\"en-US\",\"@id\":\"https:\\\/\\\/ubirataonline.com.br\\\/alineacion-probable-del-barca-contra-el-getafe\\\/#primaryimage\",\"url\":\"https:\\\/\\\/ubirataonline.com.br\\\/wp-content\\\/uploads\\\/2026\\\/04\\\/Alineacion-probable-del-Barca-contra-el-Getafe.jpeg\",\"contentUrl\":\"https:\\\/\\\/ubirataonline.com.br\\\/wp-content\\\/uploads\\\/2026\\\/04\\\/Alineacion-probable-del-Barca-contra-el-Getafe.jpeg\",\"width\":1200,\"height\":675,\"caption\":\"Imagen del entrenamiento del FC Barcelona previo al partido contra el GetafeFoto:\u00a0Pere Punt\u00ed\"},{\"@type\":\"BreadcrumbList\",\"@id\":\"https:\\\/\\\/ubirataonline.com.br\\\/alineacion-probable-del-barca-contra-el-getafe\\\/#breadcrumb\",\"itemListElement\":[{\"@type\":\"ListItem\",\"position\":1,\"name\":\"In\u00edcio\",\"item\":\"https:\\\/\\\/ubirataonline.com.br\\\/\"},{\"@type\":\"ListItem\",\"position\":2,\"name\":\"Alineaci\u00f3n probable del Bar\u00e7a contra el Getafe\"}]},{\"@type\":\"WebSite\",\"@id\":\"https:\\\/\\\/ubirataonline.com.br\\\/#website\",\"url\":\"https:\\\/\\\/ubirataonline.com.br\\\/\",\"name\":\"Ubirat\u00e3 Online Not\u00edcias\",\"description\":\"Not\u00edcias de Ubirat\u00e3, regi\u00e3o, Brasil e mundo, com informa\u00e7\u00e3o atualizada e compromisso com o leitor.\",\"publisher\":{\"@id\":\"https:\\\/\\\/ubirataonline.com.br\\\/#organization\"},\"alternateName\":\"Ubirat\u00e3 Online\",\"potentialAction\":[{\"@type\":\"SearchAction\",\"target\":{\"@type\":\"EntryPoint\",\"urlTemplate\":\"https:\\\/\\\/ubirataonline.com.br\\\/?s={search_term_string}\"},\"query-input\":{\"@type\":\"PropertyValueSpecification\",\"valueRequired\":true,\"valueName\":\"search_term_string\"}}],\"inLanguage\":\"en-US\"},{\"@type\":[\"Organization\",\"Place\"],\"@id\":\"https:\\\/\\\/ubirataonline.com.br\\\/#organization\",\"name\":\"Ubirat\u00e3 Online Not\u00edcias\",\"alternateName\":\"Ubirat\u00e3 Online\",\"url\":\"https:\\\/\\\/ubirataonline.com.br\\\/\",\"logo\":{\"@id\":\"https:\\\/\\\/ubirataonline.com.br\\\/alineacion-probable-del-barca-contra-el-getafe\\\/#local-main-organization-logo\"},\"image\":{\"@id\":\"https:\\\/\\\/ubirataonline.com.br\\\/alineacion-probable-del-barca-contra-el-getafe\\\/#local-main-organization-logo\"},\"sameAs\":[\"https:\\\/\\\/www.facebook.com\\\/portalubirataonline\",\"https:\\\/\\\/x.com\\\/ubirataonline\",\"https:\\\/\\\/mastodon.social\\\/@ubirataonline\",\"https:\\\/\\\/www.facebook.com\\\/groups\\\/311144672285604\",\"https:\\\/\\\/www.facebook.com\\\/UBTAOnline\",\"https:\\\/\\\/www.instagram.com\\\/portalubirataonline\\\/\",\"https:\\\/\\\/twitter.com\\\/ubirataonline\"],\"description\":\"Somos um portal de not\u00edcias independente, criado em 5 de janeiro de 2009, com o objetivo de informar, conectar e valorizar a nossa comunidade de Ubirat\u00e3 e toda aregi\u00e3o. Com conte\u00fado atualizado, confi\u00e1vel e relevante, o Ubirat\u00e3 Online \u00e9 o seu espa\u00e7o para ficar por dentro dos principais acontecimentos locais, regionais, Brasil, Mundo e de interesse geral. Nosso compromisso \u00e9 com a verdade, a transpar\u00eancia e o respeito ao leitor.\",\"legalName\":\"UBIRATA ONLINE NOT\u00cdCIAS\",\"foundingDate\":\"2009-01-05\",\"numberOfEmployees\":{\"@type\":\"QuantitativeValue\",\"minValue\":\"1\",\"maxValue\":\"10\"},\"publishingPrinciples\":\"https:\\\/\\\/ubirataonline.com.br\\\/faq\\\/\",\"address\":{\"@id\":\"https:\\\/\\\/ubirataonline.com.br\\\/alineacion-probable-del-barca-contra-el-getafe\\\/#local-main-place-address\"},\"geo\":{\"@type\":\"GeoCoordinates\",\"latitude\":\"-24.5361401\",\"longitude\":\"-52.9921776\"},\"telephone\":[\"+5544998308235\"],\"contactPoint\":{\"@type\":\"ContactPoint\",\"email\":\"contato@ubirataonline.com.br\"},\"openingHoursSpecification\":{\"@type\":\"OpeningHoursSpecification\",\"dayOfWeek\":[\"Monday\",\"Tuesday\",\"Wednesday\",\"Thursday\",\"Friday\",\"Saturday\",\"Sunday\"],\"opens\":\"00:00\",\"closes\":\"23:59\"},\"email\":\"contato@ubirataonline.com.br\",\"vatID\":\"47.621.418\\\/0001-80\"},{\"@type\":\"Person\",\"@id\":\"https:\\\/\\\/ubirataonline.com.br\\\/#\\\/schema\\\/person\\\/372f87bbd3fdd79b8556b84c98d0bc1c\",\"name\":\"REDA\u00c7\u00c3O: UBIRAT\u00c3 ONLINE - F\u00c1BIO AUGUSTO CELESTINO\",\"pronouns\":\"Ele\",\"description\":\"Desde 2003 trabalhando com not\u00edcias.\",\"sameAs\":[\"http:\\\/\\\/ubirataoline.com.br\",\"https:\\\/\\\/www.facebook.com\\\/portalubirataonline\",\"https:\\\/\\\/www.instagram.com\\\/ubirataonline_oficial\",\"https:\\\/\\\/x.com\\\/x.com\\\/ubirataonline\"],\"honorificPrefix\":\"Mr.\",\"honorificSuffix\":\"MD\",\"birthDate\":\"1980-06-16\",\"gender\":\"masculino\",\"award\":[\"V\u00e1rios pr\u00eamios de melhor portal da cidade\"],\"jobTitle\":\"Diretor\",\"url\":\"https:\\\/\\\/ubirataonline.com.br\\\/en\\\/author\\\/ubirataonline\\\/\"},{\"@type\":\"PostalAddress\",\"@id\":\"https:\\\/\\\/ubirataonline.com.br\\\/alineacion-probable-del-barca-contra-el-getafe\\\/#local-main-place-address\",\"streetAddress\":\"Rua dos Coqueiros, 104 - Bairro Boa Vista, Rua dos Coqueiros, 104 Bairro Boa Vista\",\"addressLocality\":\"UBIRATA\",\"postalCode\":\"85440-000\",\"addressRegion\":\"PR\",\"addressCountry\":\"BR\"},{\"@type\":\"ImageObject\",\"inLanguage\":\"en-US\",\"@id\":\"https:\\\/\\\/ubirataonline.com.br\\\/alineacion-probable-del-barca-contra-el-getafe\\\/#local-main-organization-logo\",\"url\":\"https:\\\/\\\/ubirataonline.com.br\\\/wp-content\\\/uploads\\\/2026\\\/06\\\/logoubirataonline-1.webp\",\"contentUrl\":\"https:\\\/\\\/ubirataonline.com.br\\\/wp-content\\\/uploads\\\/2026\\\/06\\\/logoubirataonline-1.webp\",\"width\":500,\"height\":500,\"caption\":\"Ubirat\u00e3 Online Not\u00edcias\"}]}<\/script>\n<meta name=\"geo.placename\" content=\"UBIRATA\" \/>\n<meta name=\"geo.position\" content=\"-24.5361401;-52.9921776\" \/>\n<meta name=\"geo.region\" content=\"Brazil\" \/>\n<!-- \/ Yoast SEO Premium plugin. -->","yoast_head_json":{"title":"Alineaci\u00f3n probable del Bar\u00e7a contra el Getafe - Ubirat\u00e3 Online Not\u00edcias - A realidade ao seu alcance!","description":"La de este s\u00e1bado ser\u00e1 la primea alineaci\u00f3n de Hansi Flick desde que sabe que no podr\u00e1 contar con Lamine Yamal en lo que queda de temporada. Y es por ello","robots":{"index":"index","follow":"follow","max-snippet":"max-snippet:-1","max-image-preview":"max-image-preview:large","max-video-preview":"max-video-preview:-1"},"canonical":"https:\/\/ubirataonline.com.br\/en\/alineacion-probable-del-barca-contra-el-getafe\/","og_locale":"en_US","og_type":"article","og_title":"Alineaci\u00f3n probable del Bar\u00e7a contra el Getafe","og_description":"La de este s\u00e1bado ser\u00e1 la primea alineaci\u00f3n de Hansi Flick desde que sabe que no podr\u00e1 contar con Lamine Yamal en lo que queda de temporada. Y es por ello","og_url":"https:\/\/ubirataonline.com.br\/en\/alineacion-probable-del-barca-contra-el-getafe\/","og_site_name":"Ubirat\u00e3 Online Not\u00edcias - A realidade ao seu alcance!","article_publisher":"https:\/\/www.facebook.com\/portalubirataonline","article_author":"https:\/\/www.facebook.com\/portalubirataonline","article_published_time":"2026-04-25T13:54:01+00:00","article_modified_time":"2026-04-25T13:54:04+00:00","og_image":[{"width":1200,"height":675,"url":"https:\/\/ubirataonline.com.br\/wp-content\/uploads\/2026\/04\/Alineacion-probable-del-Barca-contra-el-Getafe.jpeg","type":"image\/jpeg"}],"author":"REDA\u00c7\u00c3O: UBIRAT\u00c3 ONLINE - F\u00c1BIO AUGUSTO CELESTINO","twitter_card":"summary_large_image","twitter_creator":"@x.com\/ubirataonline","twitter_site":"@ubirataonline","twitter_misc":{"Written by":"REDA\u00c7\u00c3O: UBIRAT\u00c3 ONLINE - F\u00c1BIO AUGUSTO CELESTINO","Est. reading time":"2 minutes"},"schema":{"@context":"https:\/\/schema.org","@graph":[{"@type":"NewsArticle","@id":"https:\/\/ubirataonline.com.br\/alineacion-probable-del-barca-contra-el-getafe\/#article","isPartOf":{"@id":"https:\/\/ubirataonline.com.br\/alineacion-probable-del-barca-contra-el-getafe\/"},"author":{"name":"REDA\u00c7\u00c3O: UBIRAT\u00c3 ONLINE - F\u00c1BIO AUGUSTO CELESTINO","@id":"https:\/\/ubirataonline.com.br\/#\/schema\/person\/372f87bbd3fdd79b8556b84c98d0bc1c"},"headline":"Alineaci\u00f3n probable del Bar\u00e7a contra el Getafe","datePublished":"2026-04-25T13:54:01+00:00","dateModified":"2026-04-25T13:54:04+00:00","mainEntityOfPage":{"@id":"https:\/\/ubirataonline.com.br\/alineacion-probable-del-barca-contra-el-getafe\/"},"wordCount":335,"publisher":{"@id":"https:\/\/ubirataonline.com.br\/#organization"},"image":{"@id":"https:\/\/ubirataonline.com.br\/alineacion-probable-del-barca-contra-el-getafe\/#primaryimage"},"thumbnailUrl":"https:\/\/ubirataonline.com.br\/wp-content\/uploads\/2026\/04\/Alineacion-probable-del-Barca-contra-el-Getafe.jpeg","keywords":["alineaci\u00f3n","barca","contra","del","Getafe","probable"],"articleSection":["Brasil"],"inLanguage":"en-US","copyrightYear":"2026","copyrightHolder":{"@id":"https:\/\/ubirataonline.com.br\/en\/#organization"}},{"@type":"WebPage","@id":"https:\/\/ubirataonline.com.br\/alineacion-probable-del-barca-contra-el-getafe\/","url":"https:\/\/ubirataonline.com.br\/alineacion-probable-del-barca-contra-el-getafe\/","name":"Alineaci\u00f3n probable del Bar\u00e7a contra el Getafe - Ubirat\u00e3 Online Not\u00edcias - A realidade ao seu alcance!","isPartOf":{"@id":"https:\/\/ubirataonline.com.br\/#website"},"primaryImageOfPage":{"@id":"https:\/\/ubirataonline.com.br\/alineacion-probable-del-barca-contra-el-getafe\/#primaryimage"},"image":{"@id":"https:\/\/ubirataonline.com.br\/alineacion-probable-del-barca-contra-el-getafe\/#primaryimage"},"thumbnailUrl":"https:\/\/ubirataonline.com.br\/wp-content\/uploads\/2026\/04\/Alineacion-probable-del-Barca-contra-el-Getafe.jpeg","datePublished":"2026-04-25T13:54:01+00:00","dateModified":"2026-04-25T13:54:04+00:00","description":"La de este s\u00e1bado ser\u00e1 la primea alineaci\u00f3n de Hansi Flick desde que sabe que no podr\u00e1 contar con Lamine Yamal en lo que queda de temporada. Y es por ello","breadcrumb":{"@id":"https:\/\/ubirataonline.com.br\/alineacion-probable-del-barca-contra-el-getafe\/#breadcrumb"},"inLanguage":"en-US","potentialAction":[{"@type":"ReadAction","target":["https:\/\/ubirataonline.com.br\/alineacion-probable-del-barca-contra-el-getafe\/"]}]},{"@type":"ImageObject","inLanguage":"en-US","@id":"https:\/\/ubirataonline.com.br\/alineacion-probable-del-barca-contra-el-getafe\/#primaryimage","url":"https:\/\/ubirataonline.com.br\/wp-content\/uploads\/2026\/04\/Alineacion-probable-del-Barca-contra-el-Getafe.jpeg","contentUrl":"https:\/\/ubirataonline.com.br\/wp-content\/uploads\/2026\/04\/Alineacion-probable-del-Barca-contra-el-Getafe.jpeg","width":1200,"height":675,"caption":"Imagen del entrenamiento del FC Barcelona previo al partido contra el GetafeFoto:\u00a0Pere Punt\u00ed"},{"@type":"BreadcrumbList","@id":"https:\/\/ubirataonline.com.br\/alineacion-probable-del-barca-contra-el-getafe\/#breadcrumb","itemListElement":[{"@type":"ListItem","position":1,"name":"In\u00edcio","item":"https:\/\/ubirataonline.com.br\/"},{"@type":"ListItem","position":2,"name":"Alineaci\u00f3n probable del Bar\u00e7a contra el Getafe"}]},{"@type":"WebSite","@id":"https:\/\/ubirataonline.com.br\/#website","url":"https:\/\/ubirataonline.com.br\/","name":"Ubirat\u00e3 Online Not\u00edcias","description":"Not\u00edcias de Ubirat\u00e3, regi\u00e3o, Brasil e mundo, com informa\u00e7\u00e3o atualizada e compromisso com o leitor.","publisher":{"@id":"https:\/\/ubirataonline.com.br\/#organization"},"alternateName":"Ubirat\u00e3 Online","potentialAction":[{"@type":"SearchAction","target":{"@type":"EntryPoint","urlTemplate":"https:\/\/ubirataonline.com.br\/?s={search_term_string}"},"query-input":{"@type":"PropertyValueSpecification","valueRequired":true,"valueName":"search_term_string"}}],"inLanguage":"en-US"},{"@type":["Organization","Place"],"@id":"https:\/\/ubirataonline.com.br\/#organization","name":"Ubirat\u00e3 Online Not\u00edcias","alternateName":"Ubirat\u00e3 Online","url":"https:\/\/ubirataonline.com.br\/","logo":{"@id":"https:\/\/ubirataonline.com.br\/alineacion-probable-del-barca-contra-el-getafe\/#local-main-organization-logo"},"image":{"@id":"https:\/\/ubirataonline.com.br\/alineacion-probable-del-barca-contra-el-getafe\/#local-main-organization-logo"},"sameAs":["https:\/\/www.facebook.com\/portalubirataonline","https:\/\/x.com\/ubirataonline","https:\/\/mastodon.social\/@ubirataonline","https:\/\/www.facebook.com\/groups\/311144672285604","https:\/\/www.facebook.com\/UBTAOnline","https:\/\/www.instagram.com\/portalubirataonline\/","https:\/\/twitter.com\/ubirataonline"],"description":"Somos um portal de not\u00edcias independente, criado em 5 de janeiro de 2009, com o objetivo de informar, conectar e valorizar a nossa comunidade de Ubirat\u00e3 e toda aregi\u00e3o. Com conte\u00fado atualizado, confi\u00e1vel e relevante, o Ubirat\u00e3 Online \u00e9 o seu espa\u00e7o para ficar por dentro dos principais acontecimentos locais, regionais, Brasil, Mundo e de interesse geral. Nosso compromisso \u00e9 com a verdade, a transpar\u00eancia e o respeito ao leitor.","legalName":"UBIRATA ONLINE NOT\u00cdCIAS","foundingDate":"2009-01-05","numberOfEmployees":{"@type":"QuantitativeValue","minValue":"1","maxValue":"10"},"publishingPrinciples":"https:\/\/ubirataonline.com.br\/faq\/","address":{"@id":"https:\/\/ubirataonline.com.br\/alineacion-probable-del-barca-contra-el-getafe\/#local-main-place-address"},"geo":{"@type":"GeoCoordinates","latitude":"-24.5361401","longitude":"-52.9921776"},"telephone":["+5544998308235"],"contactPoint":{"@type":"ContactPoint","email":"contato@ubirataonline.com.br"},"openingHoursSpecification":{"@type":"OpeningHoursSpecification","dayOfWeek":["Monday","Tuesday","Wednesday","Thursday","Friday","Saturday","Sunday"],"opens":"00:00","closes":"23:59"},"email":"contato@ubirataonline.com.br","vatID":"47.621.418\/0001-80"},{"@type":"Person","@id":"https:\/\/ubirataonline.com.br\/#\/schema\/person\/372f87bbd3fdd79b8556b84c98d0bc1c","name":"REDA\u00c7\u00c3O: UBIRAT\u00c3 ONLINE - F\u00c1BIO AUGUSTO CELESTINO","pronouns":"Ele","description":"Desde 2003 trabalhando com not\u00edcias.","sameAs":["http:\/\/ubirataoline.com.br","https:\/\/www.facebook.com\/portalubirataonline","https:\/\/www.instagram.com\/ubirataonline_oficial","https:\/\/x.com\/x.com\/ubirataonline"],"honorificPrefix":"Mr.","honorificSuffix":"MD","birthDate":"1980-06-16","gender":"masculino","award":["V\u00e1rios pr\u00eamios de melhor portal da cidade"],"jobTitle":"Diretor","url":"https:\/\/ubirataonline.com.br\/en\/author\/ubirataonline\/"},{"@type":"PostalAddress","@id":"https:\/\/ubirataonline.com.br\/alineacion-probable-del-barca-contra-el-getafe\/#local-main-place-address","streetAddress":"Rua dos Coqueiros, 104 - Bairro Boa Vista, Rua dos Coqueiros, 104 Bairro Boa Vista","addressLocality":"UBIRATA","postalCode":"85440-000","addressRegion":"PR","addressCountry":"BR"},{"@type":"ImageObject","inLanguage":"en-US","@id":"https:\/\/ubirataonline.com.br\/alineacion-probable-del-barca-contra-el-getafe\/#local-main-organization-logo","url":"https:\/\/ubirataonline.com.br\/wp-content\/uploads\/2026\/06\/logoubirataonline-1.webp","contentUrl":"https:\/\/ubirataonline.com.br\/wp-content\/uploads\/2026\/06\/logoubirataonline-1.webp","width":500,"height":500,"caption":"Ubirat\u00e3 Online Not\u00edcias"}]},"geo.placename":"UBIRATA","geo.position":{"lat":"-24.5361401","long":"-52.9921776"},"geo.region":"Brazil"},"_links":{"self":[{"href":"https:\/\/ubirataonline.com.br\/en\/wp-json\/wp\/v2\/posts\/114982","targetHints":{"allow":["GET"]}}],"collection":[{"href":"https:\/\/ubirataonline.com.br\/en\/wp-json\/wp\/v2\/posts"}],"about":[{"href":"https:\/\/ubirataonline.com.br\/en\/wp-json\/wp\/v2\/types\/post"}],"author":[{"embeddable":true,"href":"https:\/\/ubirataonline.com.br\/en\/wp-json\/wp\/v2\/users\/1"}],"replies":[{"embeddable":true,"href":"https:\/\/ubirataonline.com.br\/en\/wp-json\/wp\/v2\/comments?post=114982"}],"version-history":[{"count":0,"href":"https:\/\/ubirataonline.com.br\/en\/wp-json\/wp\/v2\/posts\/114982\/revisions"}],"wp:featuredmedia":[{"embeddable":true,"href":"https:\/\/ubirataonline.com.br\/en\/wp-json\/wp\/v2\/media\/114983"}],"wp:attachment":[{"href":"https:\/\/ubirataonline.com.br\/en\/wp-json\/wp\/v2\/media?parent=114982"}],"wp:term":[{"taxonomy":"category","embeddable":true,"href":"https:\/\/ubirataonline.com.br\/en\/wp-json\/wp\/v2\/categories?post=114982"},{"taxonomy":"post_tag","embeddable":true,"href":"https:\/\/ubirataonline.com.br\/en\/wp-json\/wp\/v2\/tags?post=114982"}],"curies":[{"name":"wp","href":"https:\/\/api.w.org\/{rel}","templated":true}]}}