{"id":1151,"date":"2017-01-30T13:32:35","date_gmt":"2017-01-30T16:32:35","guid":{"rendered":"https:\/\/ubirataonline.com.br\/?p=1151"},"modified":"2017-01-30T13:36:25","modified_gmt":"2017-01-30T16:36:25","slug":"homem-e-preso-por-tentativa-de-homicidio-seguida-de-agressao-em-corbelia","status":"publish","type":"post","link":"https:\/\/ubirataonline.com.br\/en\/homem-e-preso-por-tentativa-de-homicidio-seguida-de-agressao-em-corbelia\/","title":{"rendered":"HOMEM \u00c9 PRESO POR TENTATIVA DE HOMIC\u00cdDIO SEGUIDA DE AGRESS\u00c3O EM CORB\u00c9LIA"},"content":{"rendered":"<div align=\"justify\">\n<p>Uma tentativa de homic\u00eddio foi registrada na tarde do \u00faltimo domingo (29) por volta das 17h30 no Jardim Vera L\u00facia em Corb\u00e9lia.<\/p>\n<p><img loading=\"lazy\" decoding=\"async\" class=\"wp-image-1152 alignleft\" src=\"https:\/\/ubirataonline.com.br\/wp-content\/uploads\/2017\/01\/20170129223718-600x365.jpeg\" alt=\"\" width=\"200\" height=\"122\" \/>\u00a0Segundo informa\u00e7\u00f5es, Alisson Cardoso (28 anos), atirou contra Sidinei da Silva (38 anos) em um bar do bairro com uma arma de fabrica\u00e7\u00e3o artesanal. O tiro atingiu a boca de Sidinei que conseguiu revidar e agredir Alisson o deixando com algumas escoria\u00e7\u00f5es.<\/p>\n<\/div>\n<div align=\"justify\"><\/div>\n<div align=\"justify\">\n<p>&nbsp;<\/p>\n<p>Uma equipe da RPA prendeu Alisson e apreendeu a arma usada na tentativa do homic\u00eddio. Ele foi encaminhado para o PAM onde fez curativos e posteriormente foi levado para a 4\u00aaCIA de Pol\u00edcia para confec\u00e7\u00e3o do boletim de ocorr\u00eancia, depois foi levado para a 49\u00aaDRP onde ficar\u00e1 \u00e0 disposi\u00e7\u00e3o da justi\u00e7a.<\/p>\n<\/div>\n<div align=\"justify\">\n<p><img loading=\"lazy\" decoding=\"async\" class=\"wp-image-1154 aligncenter\" src=\"https:\/\/ubirataonline.com.br\/wp-content\/uploads\/2017\/01\/20170129223824-594x365.jpeg\" alt=\"\" width=\"412\" height=\"253\" \/>Sidinei foi atendido por uma equipe do SAMU e encaminhado para o hospital Santa Simone onde precisou passar por uma cirurgia para remo\u00e7\u00e3o do proj\u00e9til que ficou alojado na face esquerda.<\/p>\n<\/div>\n<p><img loading=\"lazy\" decoding=\"async\" class=\"wp-image-1153 aligncenter\" src=\"https:\/\/ubirataonline.com.br\/wp-content\/uploads\/2017\/01\/20170129223805-516x365.jpeg\" alt=\"\" width=\"447\" height=\"316\" \/><\/p>\n<div align=\"left\">Fonte<strong>:<\/strong> Portal Corb\u00e9lia<\/div>","protected":false},"excerpt":{"rendered":"<p>Uma tentativa de homic\u00eddio foi registrada na tarde do \u00faltimo domingo (29) por volta das 17h30 no Jardim Vera L\u00facia em Corb\u00e9lia. \u00a0Segundo informa\u00e7\u00f5es, Alisson Cardoso (28 anos), atirou contra Sidinei da Silva (38 anos) em um bar do bairro com uma arma de fabrica\u00e7\u00e3o artesanal. O tiro atingiu a boca de Sidinei que conseguiu [&hellip;]<\/p>\n","protected":false},"author":2,"featured_media":0,"comment_status":"closed","ping_status":"closed","sticky":false,"template":"","format":"standard","meta":{"googlesitekit_rrm_CAow2JLhCw:productID":"","_gspb_post_css":"","maa_idioma":"","maa_pais":"","footnotes":""},"categories":[],"tags":[],"class_list":["post-1151","post","type-post","status-publish","format-standard","hentry"],"blocksy_meta":[],"yoast_head":"<!-- This site is optimized with the Yoast SEO Premium plugin v27.6 (Yoast SEO v27.6) - https:\/\/yoast.com\/product\/yoast-seo-premium-wordpress\/ -->\n<title>HOMEM \u00c9 PRESO POR TENTATIVA DE HOMIC\u00cdDIO SEGUIDA DE AGRESS\u00c3O EM CORB\u00c9LIA - Ubirat\u00e3 Online Not\u00edcias - A realidade ao seu alcance!<\/title>\n<meta name=\"description\" content=\"Uma tentativa de homic\u00eddio foi registrada na tarde do \u00faltimo domingo (29) por volta das 17h30 no Jardim Vera L\u00facia em Corb\u00e9lia. \u00a0Segundo informa\u00e7\u00f5es,\" \/>\n<meta name=\"robots\" content=\"index, follow, max-snippet:-1, max-image-preview:large, max-video-preview:-1\" \/>\n<link rel=\"canonical\" href=\"https:\/\/ubirataonline.com.br\/en\/homem-e-preso-por-tentativa-de-homicidio-seguida-de-agressao-em-corbelia\/\" \/>\n<meta property=\"og:locale\" content=\"en_US\" \/>\n<meta property=\"og:type\" content=\"article\" \/>\n<meta property=\"og:title\" content=\"HOMEM \u00c9 PRESO POR TENTATIVA DE HOMIC\u00cdDIO SEGUIDA DE AGRESS\u00c3O EM CORB\u00c9LIA\" \/>\n<meta property=\"og:description\" content=\"Uma tentativa de homic\u00eddio foi registrada na tarde do \u00faltimo domingo (29) por volta das 17h30 no Jardim Vera L\u00facia em Corb\u00e9lia. \u00a0Segundo informa\u00e7\u00f5es,\" \/>\n<meta property=\"og:url\" content=\"https:\/\/ubirataonline.com.br\/en\/homem-e-preso-por-tentativa-de-homicidio-seguida-de-agressao-em-corbelia\/\" \/>\n<meta property=\"og:site_name\" content=\"Ubirat\u00e3 Online Not\u00edcias - A realidade ao seu alcance!\" \/>\n<meta property=\"article:publisher\" content=\"https:\/\/www.facebook.com\/portalubirataonline\" \/>\n<meta property=\"article:published_time\" content=\"2017-01-30T16:32:35+00:00\" \/>\n<meta property=\"article:modified_time\" content=\"2017-01-30T16:36:25+00:00\" \/>\n<meta property=\"og:image\" content=\"https:\/\/ubirataonline.com.br\/wp-content\/uploads\/2017\/01\/20170129223718-600x365.jpeg\" \/>\n<meta name=\"author\" content=\"Vampeta\" \/>\n<meta name=\"twitter:card\" content=\"summary_large_image\" \/>\n<meta name=\"twitter:creator\" content=\"@ubirataonline\" \/>\n<meta name=\"twitter:site\" content=\"@ubirataonline\" \/>\n<meta name=\"twitter:label1\" content=\"Written by\" \/>\n\t<meta name=\"twitter:data1\" content=\"Vampeta\" \/>\n\t<meta name=\"twitter:label2\" content=\"Est. reading time\" \/>\n\t<meta name=\"twitter:data2\" content=\"1 minute\" \/>\n<script type=\"application\/ld+json\" class=\"yoast-schema-graph\">{\"@context\":\"https:\\\/\\\/schema.org\",\"@graph\":[{\"@type\":\"NewsArticle\",\"@id\":\"https:\\\/\\\/ubirataonline.com.br\\\/homem-e-preso-por-tentativa-de-homicidio-seguida-de-agressao-em-corbelia\\\/#article\",\"isPartOf\":{\"@id\":\"https:\\\/\\\/ubirataonline.com.br\\\/homem-e-preso-por-tentativa-de-homicidio-seguida-de-agressao-em-corbelia\\\/\"},\"author\":{\"name\":\"Vampeta\",\"@id\":\"https:\\\/\\\/ubirataonline.com.br\\\/#\\\/schema\\\/person\\\/09f7a474bd1834b50dea8d1c197e976f\"},\"headline\":\"HOMEM \u00c9 PRESO POR TENTATIVA DE HOMIC\u00cdDIO SEGUIDA DE AGRESS\u00c3O EM CORB\u00c9LIA\",\"datePublished\":\"2017-01-30T16:32:35+00:00\",\"dateModified\":\"2017-01-30T16:36:25+00:00\",\"mainEntityOfPage\":{\"@id\":\"https:\\\/\\\/ubirataonline.com.br\\\/homem-e-preso-por-tentativa-de-homicidio-seguida-de-agressao-em-corbelia\\\/\"},\"wordCount\":175,\"publisher\":{\"@id\":\"https:\\\/\\\/ubirataonline.com.br\\\/#organization\"},\"image\":{\"@id\":\"https:\\\/\\\/ubirataonline.com.br\\\/homem-e-preso-por-tentativa-de-homicidio-seguida-de-agressao-em-corbelia\\\/#primaryimage\"},\"thumbnailUrl\":\"https:\\\/\\\/ubirataonline.com.br\\\/wp-content\\\/uploads\\\/2017\\\/01\\\/20170129223718-600x365.jpeg\",\"inLanguage\":\"en-US\",\"copyrightYear\":\"2017\",\"copyrightHolder\":{\"@id\":\"https:\\\/\\\/ubirataonline.com.br\\\/en\\\/#organization\"}},{\"@type\":\"WebPage\",\"@id\":\"https:\\\/\\\/ubirataonline.com.br\\\/homem-e-preso-por-tentativa-de-homicidio-seguida-de-agressao-em-corbelia\\\/\",\"url\":\"https:\\\/\\\/ubirataonline.com.br\\\/homem-e-preso-por-tentativa-de-homicidio-seguida-de-agressao-em-corbelia\\\/\",\"name\":\"HOMEM \u00c9 PRESO POR TENTATIVA DE HOMIC\u00cdDIO SEGUIDA DE AGRESS\u00c3O EM CORB\u00c9LIA - Ubirat\u00e3 Online Not\u00edcias - A realidade ao seu alcance!\",\"isPartOf\":{\"@id\":\"https:\\\/\\\/ubirataonline.com.br\\\/#website\"},\"primaryImageOfPage\":{\"@id\":\"https:\\\/\\\/ubirataonline.com.br\\\/homem-e-preso-por-tentativa-de-homicidio-seguida-de-agressao-em-corbelia\\\/#primaryimage\"},\"image\":{\"@id\":\"https:\\\/\\\/ubirataonline.com.br\\\/homem-e-preso-por-tentativa-de-homicidio-seguida-de-agressao-em-corbelia\\\/#primaryimage\"},\"thumbnailUrl\":\"https:\\\/\\\/ubirataonline.com.br\\\/wp-content\\\/uploads\\\/2017\\\/01\\\/20170129223718-600x365.jpeg\",\"datePublished\":\"2017-01-30T16:32:35+00:00\",\"dateModified\":\"2017-01-30T16:36:25+00:00\",\"description\":\"Uma tentativa de homic\u00eddio foi registrada na tarde do \u00faltimo domingo (29) por volta das 17h30 no Jardim Vera L\u00facia em Corb\u00e9lia. \u00a0Segundo informa\u00e7\u00f5es,\",\"breadcrumb\":{\"@id\":\"https:\\\/\\\/ubirataonline.com.br\\\/homem-e-preso-por-tentativa-de-homicidio-seguida-de-agressao-em-corbelia\\\/#breadcrumb\"},\"inLanguage\":\"en-US\",\"potentialAction\":[{\"@type\":\"ReadAction\",\"target\":[\"https:\\\/\\\/ubirataonline.com.br\\\/homem-e-preso-por-tentativa-de-homicidio-seguida-de-agressao-em-corbelia\\\/\"]}]},{\"@type\":\"ImageObject\",\"inLanguage\":\"en-US\",\"@id\":\"https:\\\/\\\/ubirataonline.com.br\\\/homem-e-preso-por-tentativa-de-homicidio-seguida-de-agressao-em-corbelia\\\/#primaryimage\",\"url\":\"https:\\\/\\\/ubirataonline.com.br\\\/wp-content\\\/uploads\\\/2017\\\/01\\\/20170129223718-600x365.jpeg\",\"contentUrl\":\"https:\\\/\\\/ubirataonline.com.br\\\/wp-content\\\/uploads\\\/2017\\\/01\\\/20170129223718-600x365.jpeg\"},{\"@type\":\"BreadcrumbList\",\"@id\":\"https:\\\/\\\/ubirataonline.com.br\\\/homem-e-preso-por-tentativa-de-homicidio-seguida-de-agressao-em-corbelia\\\/#breadcrumb\",\"itemListElement\":[{\"@type\":\"ListItem\",\"position\":1,\"name\":\"In\u00edcio\",\"item\":\"https:\\\/\\\/ubirataonline.com.br\\\/\"},{\"@type\":\"ListItem\",\"position\":2,\"name\":\"HOMEM \u00c9 PRESO POR TENTATIVA DE HOMIC\u00cdDIO SEGUIDA DE AGRESS\u00c3O EM CORB\u00c9LIA\"}]},{\"@type\":\"WebSite\",\"@id\":\"https:\\\/\\\/ubirataonline.com.br\\\/#website\",\"url\":\"https:\\\/\\\/ubirataonline.com.br\\\/\",\"name\":\"Ubirat\u00e3 Online Not\u00edcias\",\"description\":\"Not\u00edcias de Ubirat\u00e3, regi\u00e3o, Brasil e mundo, com informa\u00e7\u00e3o atualizada e compromisso com o leitor.\",\"publisher\":{\"@id\":\"https:\\\/\\\/ubirataonline.com.br\\\/#organization\"},\"alternateName\":\"Ubirat\u00e3 Online\",\"potentialAction\":[{\"@type\":\"SearchAction\",\"target\":{\"@type\":\"EntryPoint\",\"urlTemplate\":\"https:\\\/\\\/ubirataonline.com.br\\\/?s={search_term_string}\"},\"query-input\":{\"@type\":\"PropertyValueSpecification\",\"valueRequired\":true,\"valueName\":\"search_term_string\"}}],\"inLanguage\":\"en-US\"},{\"@type\":[\"Organization\",\"Place\"],\"@id\":\"https:\\\/\\\/ubirataonline.com.br\\\/#organization\",\"name\":\"Ubirat\u00e3 Online Not\u00edcias\",\"alternateName\":\"Ubirat\u00e3 Online\",\"url\":\"https:\\\/\\\/ubirataonline.com.br\\\/\",\"logo\":{\"@id\":\"https:\\\/\\\/ubirataonline.com.br\\\/homem-e-preso-por-tentativa-de-homicidio-seguida-de-agressao-em-corbelia\\\/#local-main-organization-logo\"},\"image\":{\"@id\":\"https:\\\/\\\/ubirataonline.com.br\\\/homem-e-preso-por-tentativa-de-homicidio-seguida-de-agressao-em-corbelia\\\/#local-main-organization-logo\"},\"sameAs\":[\"https:\\\/\\\/www.facebook.com\\\/portalubirataonline\",\"https:\\\/\\\/x.com\\\/ubirataonline\",\"https:\\\/\\\/mastodon.social\\\/@ubirataonline\",\"https:\\\/\\\/www.facebook.com\\\/groups\\\/311144672285604\",\"https:\\\/\\\/www.facebook.com\\\/UBTAOnline\",\"https:\\\/\\\/www.instagram.com\\\/portalubirataonline\\\/\",\"https:\\\/\\\/twitter.com\\\/ubirataonline\"],\"description\":\"Somos um portal de not\u00edcias independente, criado em 5 de janeiro de 2009, com o objetivo de informar, conectar e valorizar a nossa comunidade de Ubirat\u00e3 e toda aregi\u00e3o. Com conte\u00fado atualizado, confi\u00e1vel e relevante, o Ubirat\u00e3 Online \u00e9 o seu espa\u00e7o para ficar por dentro dos principais acontecimentos locais, regionais, Brasil, Mundo e de interesse geral. Nosso compromisso \u00e9 com a verdade, a transpar\u00eancia e o respeito ao leitor.\",\"legalName\":\"UBIRATA ONLINE NOT\u00cdCIAS\",\"foundingDate\":\"2009-01-05\",\"numberOfEmployees\":{\"@type\":\"QuantitativeValue\",\"minValue\":\"1\",\"maxValue\":\"10\"},\"publishingPrinciples\":\"https:\\\/\\\/ubirataonline.com.br\\\/faq\\\/\",\"address\":{\"@id\":\"https:\\\/\\\/ubirataonline.com.br\\\/homem-e-preso-por-tentativa-de-homicidio-seguida-de-agressao-em-corbelia\\\/#local-main-place-address\"},\"geo\":{\"@type\":\"GeoCoordinates\",\"latitude\":\"-24.5361401\",\"longitude\":\"-52.9921776\"},\"telephone\":[\"+5544998308235\"],\"contactPoint\":{\"@type\":\"ContactPoint\",\"email\":\"contato@ubirataonline.com.br\"},\"openingHoursSpecification\":{\"@type\":\"OpeningHoursSpecification\",\"dayOfWeek\":[\"Monday\",\"Tuesday\",\"Wednesday\",\"Thursday\",\"Friday\",\"Saturday\",\"Sunday\"],\"opens\":\"00:00\",\"closes\":\"23:59\"},\"email\":\"contato@ubirataonline.com.br\",\"vatID\":\"47.621.418\\\/0001-80\"},{\"@type\":\"Person\",\"@id\":\"https:\\\/\\\/ubirataonline.com.br\\\/#\\\/schema\\\/person\\\/09f7a474bd1834b50dea8d1c197e976f\",\"name\":\"Vampeta\",\"sameAs\":[\"https:\\\/\\\/ubirataonline.com.br\"],\"url\":\"https:\\\/\\\/ubirataonline.com.br\\\/en\\\/author\\\/vampeta\\\/\"},{\"@type\":\"PostalAddress\",\"@id\":\"https:\\\/\\\/ubirataonline.com.br\\\/homem-e-preso-por-tentativa-de-homicidio-seguida-de-agressao-em-corbelia\\\/#local-main-place-address\",\"streetAddress\":\"Rua dos Coqueiros, 104 - Bairro Boa Vista, Rua dos Coqueiros, 104 Bairro Boa Vista\",\"addressLocality\":\"UBIRATA\",\"postalCode\":\"85440-000\",\"addressRegion\":\"PR\",\"addressCountry\":\"BR\"},{\"@type\":\"ImageObject\",\"inLanguage\":\"en-US\",\"@id\":\"https:\\\/\\\/ubirataonline.com.br\\\/homem-e-preso-por-tentativa-de-homicidio-seguida-de-agressao-em-corbelia\\\/#local-main-organization-logo\",\"url\":\"https:\\\/\\\/ubirataonline.com.br\\\/wp-content\\\/uploads\\\/2026\\\/06\\\/logoubirataonline-1.webp\",\"contentUrl\":\"https:\\\/\\\/ubirataonline.com.br\\\/wp-content\\\/uploads\\\/2026\\\/06\\\/logoubirataonline-1.webp\",\"width\":500,\"height\":500,\"caption\":\"Ubirat\u00e3 Online Not\u00edcias\"}]}<\/script>\n<meta name=\"geo.placename\" content=\"UBIRATA\" \/>\n<meta name=\"geo.position\" content=\"-24.5361401;-52.9921776\" \/>\n<meta name=\"geo.region\" content=\"Brazil\" \/>\n<!-- \/ Yoast SEO Premium plugin. -->","yoast_head_json":{"title":"HOMEM \u00c9 PRESO POR TENTATIVA DE HOMIC\u00cdDIO SEGUIDA DE AGRESS\u00c3O EM CORB\u00c9LIA - Ubirat\u00e3 Online Not\u00edcias - A realidade ao seu alcance!","description":"Uma tentativa de homic\u00eddio foi registrada na tarde do \u00faltimo domingo (29) por volta das 17h30 no Jardim Vera L\u00facia em Corb\u00e9lia. \u00a0Segundo informa\u00e7\u00f5es,","robots":{"index":"index","follow":"follow","max-snippet":"max-snippet:-1","max-image-preview":"max-image-preview:large","max-video-preview":"max-video-preview:-1"},"canonical":"https:\/\/ubirataonline.com.br\/en\/homem-e-preso-por-tentativa-de-homicidio-seguida-de-agressao-em-corbelia\/","og_locale":"en_US","og_type":"article","og_title":"HOMEM \u00c9 PRESO POR TENTATIVA DE HOMIC\u00cdDIO SEGUIDA DE AGRESS\u00c3O EM CORB\u00c9LIA","og_description":"Uma tentativa de homic\u00eddio foi registrada na tarde do \u00faltimo domingo (29) por volta das 17h30 no Jardim Vera L\u00facia em Corb\u00e9lia. \u00a0Segundo informa\u00e7\u00f5es,","og_url":"https:\/\/ubirataonline.com.br\/en\/homem-e-preso-por-tentativa-de-homicidio-seguida-de-agressao-em-corbelia\/","og_site_name":"Ubirat\u00e3 Online Not\u00edcias - A realidade ao seu alcance!","article_publisher":"https:\/\/www.facebook.com\/portalubirataonline","article_published_time":"2017-01-30T16:32:35+00:00","article_modified_time":"2017-01-30T16:36:25+00:00","og_image":[{"url":"https:\/\/ubirataonline.com.br\/wp-content\/uploads\/2017\/01\/20170129223718-600x365.jpeg","type":"","width":"","height":""}],"author":"Vampeta","twitter_card":"summary_large_image","twitter_creator":"@ubirataonline","twitter_site":"@ubirataonline","twitter_misc":{"Written by":"Vampeta","Est. reading time":"1 minute"},"schema":{"@context":"https:\/\/schema.org","@graph":[{"@type":"NewsArticle","@id":"https:\/\/ubirataonline.com.br\/homem-e-preso-por-tentativa-de-homicidio-seguida-de-agressao-em-corbelia\/#article","isPartOf":{"@id":"https:\/\/ubirataonline.com.br\/homem-e-preso-por-tentativa-de-homicidio-seguida-de-agressao-em-corbelia\/"},"author":{"name":"Vampeta","@id":"https:\/\/ubirataonline.com.br\/#\/schema\/person\/09f7a474bd1834b50dea8d1c197e976f"},"headline":"HOMEM \u00c9 PRESO POR TENTATIVA DE HOMIC\u00cdDIO SEGUIDA DE AGRESS\u00c3O EM CORB\u00c9LIA","datePublished":"2017-01-30T16:32:35+00:00","dateModified":"2017-01-30T16:36:25+00:00","mainEntityOfPage":{"@id":"https:\/\/ubirataonline.com.br\/homem-e-preso-por-tentativa-de-homicidio-seguida-de-agressao-em-corbelia\/"},"wordCount":175,"publisher":{"@id":"https:\/\/ubirataonline.com.br\/#organization"},"image":{"@id":"https:\/\/ubirataonline.com.br\/homem-e-preso-por-tentativa-de-homicidio-seguida-de-agressao-em-corbelia\/#primaryimage"},"thumbnailUrl":"https:\/\/ubirataonline.com.br\/wp-content\/uploads\/2017\/01\/20170129223718-600x365.jpeg","inLanguage":"en-US","copyrightYear":"2017","copyrightHolder":{"@id":"https:\/\/ubirataonline.com.br\/en\/#organization"}},{"@type":"WebPage","@id":"https:\/\/ubirataonline.com.br\/homem-e-preso-por-tentativa-de-homicidio-seguida-de-agressao-em-corbelia\/","url":"https:\/\/ubirataonline.com.br\/homem-e-preso-por-tentativa-de-homicidio-seguida-de-agressao-em-corbelia\/","name":"HOMEM \u00c9 PRESO POR TENTATIVA DE HOMIC\u00cdDIO SEGUIDA DE AGRESS\u00c3O EM CORB\u00c9LIA - Ubirat\u00e3 Online Not\u00edcias - A realidade ao seu alcance!","isPartOf":{"@id":"https:\/\/ubirataonline.com.br\/#website"},"primaryImageOfPage":{"@id":"https:\/\/ubirataonline.com.br\/homem-e-preso-por-tentativa-de-homicidio-seguida-de-agressao-em-corbelia\/#primaryimage"},"image":{"@id":"https:\/\/ubirataonline.com.br\/homem-e-preso-por-tentativa-de-homicidio-seguida-de-agressao-em-corbelia\/#primaryimage"},"thumbnailUrl":"https:\/\/ubirataonline.com.br\/wp-content\/uploads\/2017\/01\/20170129223718-600x365.jpeg","datePublished":"2017-01-30T16:32:35+00:00","dateModified":"2017-01-30T16:36:25+00:00","description":"Uma tentativa de homic\u00eddio foi registrada na tarde do \u00faltimo domingo (29) por volta das 17h30 no Jardim Vera L\u00facia em Corb\u00e9lia. \u00a0Segundo informa\u00e7\u00f5es,","breadcrumb":{"@id":"https:\/\/ubirataonline.com.br\/homem-e-preso-por-tentativa-de-homicidio-seguida-de-agressao-em-corbelia\/#breadcrumb"},"inLanguage":"en-US","potentialAction":[{"@type":"ReadAction","target":["https:\/\/ubirataonline.com.br\/homem-e-preso-por-tentativa-de-homicidio-seguida-de-agressao-em-corbelia\/"]}]},{"@type":"ImageObject","inLanguage":"en-US","@id":"https:\/\/ubirataonline.com.br\/homem-e-preso-por-tentativa-de-homicidio-seguida-de-agressao-em-corbelia\/#primaryimage","url":"https:\/\/ubirataonline.com.br\/wp-content\/uploads\/2017\/01\/20170129223718-600x365.jpeg","contentUrl":"https:\/\/ubirataonline.com.br\/wp-content\/uploads\/2017\/01\/20170129223718-600x365.jpeg"},{"@type":"BreadcrumbList","@id":"https:\/\/ubirataonline.com.br\/homem-e-preso-por-tentativa-de-homicidio-seguida-de-agressao-em-corbelia\/#breadcrumb","itemListElement":[{"@type":"ListItem","position":1,"name":"In\u00edcio","item":"https:\/\/ubirataonline.com.br\/"},{"@type":"ListItem","position":2,"name":"HOMEM \u00c9 PRESO POR TENTATIVA DE HOMIC\u00cdDIO SEGUIDA DE AGRESS\u00c3O EM CORB\u00c9LIA"}]},{"@type":"WebSite","@id":"https:\/\/ubirataonline.com.br\/#website","url":"https:\/\/ubirataonline.com.br\/","name":"Ubirat\u00e3 Online Not\u00edcias","description":"Not\u00edcias de Ubirat\u00e3, regi\u00e3o, Brasil e mundo, com informa\u00e7\u00e3o atualizada e compromisso com o leitor.","publisher":{"@id":"https:\/\/ubirataonline.com.br\/#organization"},"alternateName":"Ubirat\u00e3 Online","potentialAction":[{"@type":"SearchAction","target":{"@type":"EntryPoint","urlTemplate":"https:\/\/ubirataonline.com.br\/?s={search_term_string}"},"query-input":{"@type":"PropertyValueSpecification","valueRequired":true,"valueName":"search_term_string"}}],"inLanguage":"en-US"},{"@type":["Organization","Place"],"@id":"https:\/\/ubirataonline.com.br\/#organization","name":"Ubirat\u00e3 Online Not\u00edcias","alternateName":"Ubirat\u00e3 Online","url":"https:\/\/ubirataonline.com.br\/","logo":{"@id":"https:\/\/ubirataonline.com.br\/homem-e-preso-por-tentativa-de-homicidio-seguida-de-agressao-em-corbelia\/#local-main-organization-logo"},"image":{"@id":"https:\/\/ubirataonline.com.br\/homem-e-preso-por-tentativa-de-homicidio-seguida-de-agressao-em-corbelia\/#local-main-organization-logo"},"sameAs":["https:\/\/www.facebook.com\/portalubirataonline","https:\/\/x.com\/ubirataonline","https:\/\/mastodon.social\/@ubirataonline","https:\/\/www.facebook.com\/groups\/311144672285604","https:\/\/www.facebook.com\/UBTAOnline","https:\/\/www.instagram.com\/portalubirataonline\/","https:\/\/twitter.com\/ubirataonline"],"description":"Somos um portal de not\u00edcias independente, criado em 5 de janeiro de 2009, com o objetivo de informar, conectar e valorizar a nossa comunidade de Ubirat\u00e3 e toda aregi\u00e3o. Com conte\u00fado atualizado, confi\u00e1vel e relevante, o Ubirat\u00e3 Online \u00e9 o seu espa\u00e7o para ficar por dentro dos principais acontecimentos locais, regionais, Brasil, Mundo e de interesse geral. Nosso compromisso \u00e9 com a verdade, a transpar\u00eancia e o respeito ao leitor.","legalName":"UBIRATA ONLINE NOT\u00cdCIAS","foundingDate":"2009-01-05","numberOfEmployees":{"@type":"QuantitativeValue","minValue":"1","maxValue":"10"},"publishingPrinciples":"https:\/\/ubirataonline.com.br\/faq\/","address":{"@id":"https:\/\/ubirataonline.com.br\/homem-e-preso-por-tentativa-de-homicidio-seguida-de-agressao-em-corbelia\/#local-main-place-address"},"geo":{"@type":"GeoCoordinates","latitude":"-24.5361401","longitude":"-52.9921776"},"telephone":["+5544998308235"],"contactPoint":{"@type":"ContactPoint","email":"contato@ubirataonline.com.br"},"openingHoursSpecification":{"@type":"OpeningHoursSpecification","dayOfWeek":["Monday","Tuesday","Wednesday","Thursday","Friday","Saturday","Sunday"],"opens":"00:00","closes":"23:59"},"email":"contato@ubirataonline.com.br","vatID":"47.621.418\/0001-80"},{"@type":"Person","@id":"https:\/\/ubirataonline.com.br\/#\/schema\/person\/09f7a474bd1834b50dea8d1c197e976f","name":"Vampeta","sameAs":["https:\/\/ubirataonline.com.br"],"url":"https:\/\/ubirataonline.com.br\/en\/author\/vampeta\/"},{"@type":"PostalAddress","@id":"https:\/\/ubirataonline.com.br\/homem-e-preso-por-tentativa-de-homicidio-seguida-de-agressao-em-corbelia\/#local-main-place-address","streetAddress":"Rua dos Coqueiros, 104 - Bairro Boa Vista, Rua dos Coqueiros, 104 Bairro Boa Vista","addressLocality":"UBIRATA","postalCode":"85440-000","addressRegion":"PR","addressCountry":"BR"},{"@type":"ImageObject","inLanguage":"en-US","@id":"https:\/\/ubirataonline.com.br\/homem-e-preso-por-tentativa-de-homicidio-seguida-de-agressao-em-corbelia\/#local-main-organization-logo","url":"https:\/\/ubirataonline.com.br\/wp-content\/uploads\/2026\/06\/logoubirataonline-1.webp","contentUrl":"https:\/\/ubirataonline.com.br\/wp-content\/uploads\/2026\/06\/logoubirataonline-1.webp","width":500,"height":500,"caption":"Ubirat\u00e3 Online Not\u00edcias"}]},"geo.placename":"UBIRATA","geo.position":{"lat":"-24.5361401","long":"-52.9921776"},"geo.region":"Brazil"},"_links":{"self":[{"href":"https:\/\/ubirataonline.com.br\/en\/wp-json\/wp\/v2\/posts\/1151","targetHints":{"allow":["GET"]}}],"collection":[{"href":"https:\/\/ubirataonline.com.br\/en\/wp-json\/wp\/v2\/posts"}],"about":[{"href":"https:\/\/ubirataonline.com.br\/en\/wp-json\/wp\/v2\/types\/post"}],"author":[{"embeddable":true,"href":"https:\/\/ubirataonline.com.br\/en\/wp-json\/wp\/v2\/users\/2"}],"replies":[{"embeddable":true,"href":"https:\/\/ubirataonline.com.br\/en\/wp-json\/wp\/v2\/comments?post=1151"}],"version-history":[{"count":0,"href":"https:\/\/ubirataonline.com.br\/en\/wp-json\/wp\/v2\/posts\/1151\/revisions"}],"wp:attachment":[{"href":"https:\/\/ubirataonline.com.br\/en\/wp-json\/wp\/v2\/media?parent=1151"}],"wp:term":[{"taxonomy":"category","embeddable":true,"href":"https:\/\/ubirataonline.com.br\/en\/wp-json\/wp\/v2\/categories?post=1151"},{"taxonomy":"post_tag","embeddable":true,"href":"https:\/\/ubirataonline.com.br\/en\/wp-json\/wp\/v2\/tags?post=1151"}],"curies":[{"name":"wp","href":"https:\/\/api.w.org\/{rel}","templated":true}]}}