{"id":115316,"date":"2026-04-25T18:25:33","date_gmt":"2026-04-25T21:25:33","guid":{"rendered":"https:\/\/ubirataonline.com.br\/luis-segovia-y-la-visita-a-emelec-va-a-ser-un-partido-de-ida-y-vuelta\/"},"modified":"2026-04-25T18:25:57","modified_gmt":"2026-04-25T21:25:57","slug":"luis-segovia-y-la-visita-a-emelec-va-a-ser-un-partido-de-ida-y-vuelta","status":"publish","type":"post","link":"https:\/\/ubirataonline.com.br\/en\/luis-segovia-y-la-visita-a-emelec-va-a-ser-un-partido-de-ida-y-vuelta\/","title":{"rendered":"Luis Segovia y la visita a Emelec: &#8220;Va a ser un partido de ida y vuelta&#8221;"},"content":{"rendered":"<p><\/p>\n<div>\n<div class=\"article-meta\"><span class=\"timestamp\">24  de  abr, 2026, 22:58 ET<\/span><\/div>\n<p><strong>Luis Segovia<\/strong>, futbolista de <strong><a href=\"https:\/\/espndeportes.espn.com\/futbol\/equipo\/_\/id\/4816\/liga-de-quito\" target=\"_blank\">Liga de Quito<\/a><\/strong>, palpit\u00f3 lo que ser\u00e1 visitar a <strong><a href=\"https:\/\/espndeportes.espn.com\/futbol\/equipo\/_\/id\/2668\/emelec\" target=\"_blank\">Emelec<\/a><\/strong> en el partido m\u00e1s atractivo de la und\u00e9cima fecha de la <a href=\"https:\/\/espndeportes.espn.com\/futbol\/liga\/_\/nombre\/ecu.1\" target=\"_blank\">Liga Ecuabet<\/a>.<\/p>\n<aside class=\"inline inline-photo full\">\n<figure><picture><source data-srcset=\"https:\/\/a4.espncdn.com\/combiner\/i?img=%2Fphoto%2F2026%2F0425%2Fr1648838_1296x729_16%2D9.jpg&amp;w=570&amp;format=jpg, https:\/\/a4.espncdn.com\/combiner\/i?img=%2Fphoto%2F2026%2F0425%2Fr1648838_1296x729_16%2D9.jpg&amp;w=1140&amp;cquality=40&amp;format=jpg 2x\" media=\"(min-width: 376px)\"><source data-srcset=\"https:\/\/a4.espncdn.com\/combiner\/i?img=%2Fphoto%2F2026%2F0425%2Fr1648838_1296x729_16%2D9.jpg&amp;w=375, https:\/\/a4.espncdn.com\/combiner\/i?img=%2Fphoto%2F2026%2F0425%2Fr1648838_1296x729_16%2D9.jpg&amp;w=750&amp;cquality=40&amp;format=jpg 2x\" media=\"(max-width: 375px)\"><img class=\"lazyload lazyload\" data-image-container=\".inline-photo\" height=\"320\" width=\"570\"\/><\/source><\/source><\/picture><figcaption class=\"photoCaption\">Luis Segovia\u00a0<cite>Liga de Quito<\/cite><\/figcaption><\/figure>\n<\/aside>\n<aside class=\"inline float-r inline-track\">\n<h2 class=\"img-title\">\u00a1ESPN en Disney+ Plan Premium!<\/h2>\n<p>El mejor deporte de ESPN junto a tus series y peliculas favoritas. Todo en un solo lugar. <b>ESPN en Disney+ Plan Premium<\/b>.<\/p>\n<\/aside>\n<aside class=\"inline editorial float-r\" data-behavior=\"article_related\">\n<h2 class=\"editorial-title\">Selecciones Editoriales<\/h2>\n<ul>\n<li><a name=\"&amp;lpos=story:editorspicks:inline:1\" href=\"https:\/\/espndeportes.espn.com\/futbol\/ecuador\/nota\/_\/id\/15771303\/como-quedo-tabla-de-posiciones-liga-ecuabet-2026\" class=\"img-link\"><img loading=\"lazy\" decoding=\"async\" src=\"https:\/\/a.espncdn.com\/combiner\/i?img=\/photo\/2026\/0423\/r1648161_1296x1296_1-1.jpg&amp;w=130&amp;h=130&amp;scale=crop&amp;location=center\" width=\"65\" height=\"65\"\/><\/a><\/li>\n<\/ul>\n<\/aside>\n<p>En su llegada a Guayaquil, el defensor analiz\u00f3 que los azules ser\u00e1n un rival complicado tras recuperarse en Ambato:<strong> \u201cSabemos que viene de ganar y que an\u00edmicamente van a estar bien. Tienen buenos jugadores por dentro y por fuera. Lo analizamos y ma\u00f1ana lo vamos a enfrentar\u201d.<\/strong><\/p>\n<p>Segovia reconoci\u00f3 que no ser\u00e1 sencillo conseguir una victoria en Guayaquil: <strong>\u201cVa a ser un lindo partido, va a ser de ida y vuelta. Venimos a jugar, venimos a proponer nuestro juego. <\/strong>Estamos prepar\u00e1ndonos para lo que va a ser este lindo partido y queremos quedarnos con estos tres puntos\u201d.<\/p>\n<p>Sumando a lo que ser\u00e1 afrontar una seguidilla de partidos entre torneo local y CONMEBOL Libertadores: <strong>\u201cCreo que para eso estamos preparados. Si vas a un equipo grande, sabes a lo que te vas a enfrentar, <\/strong>trabajas para eso y siempre vas a tener copa internacional por delante. Vamos a tener lindos rivales y tenemos que iniciar con sumar de a tres en LigaPro\u201d.<\/p>\n<h2>La palabra de Yerlin Qui\u00f1\u00f3nez<\/h2>\n<p>El futbolista recalc\u00f3 la importancia de sumar minutos y ser considerado en el esquema titular: <strong>\u201cSinceramente es que el profe y los compa\u00f1eros me han dado la confianza y hay que aprovecharlo\u201d.<\/strong><\/p>\n<p>Cerrando con lo que ser\u00e1 visitar a Emelec:<strong> \u201cEs un equipo muy fuerte en Guayaquil, hay que sacarle provecho al trabajo que hemos hecho toda la semana\u201d.<\/strong><\/p>\n<p>Este s\u00e1bado a las 17:00, Liga de Quito enfrentar\u00e1 a Emelec en el Estadio George Capwell.<\/p>\n<\/div>\n<p><a href=\"https:\/\/espndeportes.espn.com\/futbol\/ecuador\/nota\/_\/id\/16622579\/luis-segovia-y-la-visita-a-emelec-va-a-ser-un-partido-de-ida-y-vuelta\">Source link <\/a><\/p>","protected":false},"excerpt":{"rendered":"<p>24 de abr, 2026, 22:58 ET Luis Segovia, futbolista de Liga de Quito, palpit\u00f3 lo que ser\u00e1 visitar a Emelec en el partido m\u00e1s atractivo de la und\u00e9cima fecha de la Liga Ecuabet. Luis Segovia\u00a0Liga de Quito \u00a1ESPN en Disney+ Plan Premium! El mejor deporte de ESPN junto a tus series y peliculas favoritas. Todo [&hellip;]<\/p>\n","protected":false},"author":1,"featured_media":115317,"comment_status":"closed","ping_status":"","sticky":false,"template":"","format":"standard","meta":{"googlesitekit_rrm_CAow2JLhCw:productID":"","_gspb_post_css":"","maa_idioma":"","maa_pais":"","footnotes":""},"categories":[1],"tags":[31106,8159,4060,11552,31105,3307,4444,23112],"class_list":["post-115316","post","type-post","status-publish","format-standard","has-post-thumbnail","hentry","category-ubirata","tag-emelec","tag-ida","tag-luis","tag-partido","tag-segovia","tag-ser","tag-visita","tag-vuelta"],"blocksy_meta":[],"yoast_head":"<!-- This site is optimized with the Yoast SEO Premium plugin v27.6 (Yoast SEO v27.6) - https:\/\/yoast.com\/product\/yoast-seo-premium-wordpress\/ -->\n<title>Luis Segovia y la visita a Emelec: &quot;Va a ser un partido de ida y vuelta&quot; - Ubirat\u00e3 Online Not\u00edcias - A realidade ao seu alcance!<\/title>\n<meta name=\"description\" content=\"24 de abr, 2026, 22:58 ETLuis Segovia, futbolista de Liga de Quito, palpit\u00f3 lo que ser\u00e1 visitar a Emelec en el partido m\u00e1s atractivo de la und\u00e9cima fecha\" \/>\n<meta name=\"robots\" content=\"index, follow, max-snippet:-1, max-image-preview:large, max-video-preview:-1\" \/>\n<link rel=\"canonical\" href=\"https:\/\/ubirataonline.com.br\/en\/luis-segovia-y-la-visita-a-emelec-va-a-ser-un-partido-de-ida-y-vuelta\/\" \/>\n<meta property=\"og:locale\" content=\"en_US\" \/>\n<meta property=\"og:type\" content=\"article\" \/>\n<meta property=\"og:title\" content=\"Luis Segovia y la visita a Emelec: &quot;Va a ser un partido de ida y vuelta&quot;\" \/>\n<meta property=\"og:description\" content=\"24 de abr, 2026, 22:58 ETLuis Segovia, futbolista de Liga de Quito, palpit\u00f3 lo que ser\u00e1 visitar a Emelec en el partido m\u00e1s atractivo de la und\u00e9cima fecha\" \/>\n<meta property=\"og:url\" content=\"https:\/\/ubirataonline.com.br\/en\/luis-segovia-y-la-visita-a-emelec-va-a-ser-un-partido-de-ida-y-vuelta\/\" \/>\n<meta property=\"og:site_name\" content=\"Ubirat\u00e3 Online Not\u00edcias - A realidade ao seu alcance!\" \/>\n<meta property=\"article:publisher\" content=\"https:\/\/www.facebook.com\/portalubirataonline\" \/>\n<meta property=\"article:author\" content=\"https:\/\/www.facebook.com\/portalubirataonline\" \/>\n<meta property=\"article:published_time\" content=\"2026-04-25T21:25:33+00:00\" \/>\n<meta property=\"article:modified_time\" content=\"2026-04-25T21:25:57+00:00\" \/>\n<meta property=\"og:image\" content=\"https:\/\/ubirataonline.com.br\/wp-content\/uploads\/2026\/04\/Luis-Segovia-y-la-visita-a-Emelec-Va-a-ser.jpeg\" \/>\n\t<meta property=\"og:image:width\" content=\"1296\" \/>\n\t<meta property=\"og:image:height\" content=\"729\" \/>\n\t<meta property=\"og:image:type\" content=\"image\/jpeg\" \/>\n<meta name=\"author\" content=\"REDA\u00c7\u00c3O: UBIRAT\u00c3 ONLINE - F\u00c1BIO AUGUSTO CELESTINO\" \/>\n<meta name=\"twitter:card\" content=\"summary_large_image\" \/>\n<meta name=\"twitter:creator\" content=\"@x.com\/ubirataonline\" \/>\n<meta name=\"twitter:site\" content=\"@ubirataonline\" \/>\n<meta name=\"twitter:label1\" content=\"Written by\" \/>\n\t<meta name=\"twitter:data1\" content=\"REDA\u00c7\u00c3O: UBIRAT\u00c3 ONLINE - F\u00c1BIO AUGUSTO CELESTINO\" \/>\n\t<meta name=\"twitter:label2\" content=\"Est. reading time\" \/>\n\t<meta name=\"twitter:data2\" content=\"2 minutes\" \/>\n<script type=\"application\/ld+json\" class=\"yoast-schema-graph\">{\"@context\":\"https:\\\/\\\/schema.org\",\"@graph\":[{\"@type\":\"NewsArticle\",\"@id\":\"https:\\\/\\\/ubirataonline.com.br\\\/luis-segovia-y-la-visita-a-emelec-va-a-ser-un-partido-de-ida-y-vuelta\\\/#article\",\"isPartOf\":{\"@id\":\"https:\\\/\\\/ubirataonline.com.br\\\/luis-segovia-y-la-visita-a-emelec-va-a-ser-un-partido-de-ida-y-vuelta\\\/\"},\"author\":{\"name\":\"REDA\u00c7\u00c3O: UBIRAT\u00c3 ONLINE - F\u00c1BIO AUGUSTO CELESTINO\",\"@id\":\"https:\\\/\\\/ubirataonline.com.br\\\/#\\\/schema\\\/person\\\/372f87bbd3fdd79b8556b84c98d0bc1c\"},\"headline\":\"Luis Segovia y la visita a Emelec: &#8220;Va a ser un partido de ida y vuelta&#8221;\",\"datePublished\":\"2026-04-25T21:25:33+00:00\",\"dateModified\":\"2026-04-25T21:25:57+00:00\",\"mainEntityOfPage\":{\"@id\":\"https:\\\/\\\/ubirataonline.com.br\\\/luis-segovia-y-la-visita-a-emelec-va-a-ser-un-partido-de-ida-y-vuelta\\\/\"},\"wordCount\":331,\"publisher\":{\"@id\":\"https:\\\/\\\/ubirataonline.com.br\\\/#organization\"},\"image\":{\"@id\":\"https:\\\/\\\/ubirataonline.com.br\\\/luis-segovia-y-la-visita-a-emelec-va-a-ser-un-partido-de-ida-y-vuelta\\\/#primaryimage\"},\"thumbnailUrl\":\"https:\\\/\\\/ubirataonline.com.br\\\/wp-content\\\/uploads\\\/2026\\\/04\\\/Luis-Segovia-y-la-visita-a-Emelec-Va-a-ser.jpeg\",\"keywords\":[\"Emelec\",\"ida\",\"Lu\u00eds\",\"partido\",\"Segovia\",\"ser\",\"visita\",\"vuelta\"],\"articleSection\":[\"Ubirat\u00e3\"],\"inLanguage\":\"en-US\",\"copyrightYear\":\"2026\",\"copyrightHolder\":{\"@id\":\"https:\\\/\\\/ubirataonline.com.br\\\/en\\\/#organization\"}},{\"@type\":\"WebPage\",\"@id\":\"https:\\\/\\\/ubirataonline.com.br\\\/luis-segovia-y-la-visita-a-emelec-va-a-ser-un-partido-de-ida-y-vuelta\\\/\",\"url\":\"https:\\\/\\\/ubirataonline.com.br\\\/luis-segovia-y-la-visita-a-emelec-va-a-ser-un-partido-de-ida-y-vuelta\\\/\",\"name\":\"Luis Segovia y la visita a Emelec: \\\"Va a ser un partido de ida y vuelta\\\" - Ubirat\u00e3 Online Not\u00edcias - A realidade ao seu alcance!\",\"isPartOf\":{\"@id\":\"https:\\\/\\\/ubirataonline.com.br\\\/#website\"},\"primaryImageOfPage\":{\"@id\":\"https:\\\/\\\/ubirataonline.com.br\\\/luis-segovia-y-la-visita-a-emelec-va-a-ser-un-partido-de-ida-y-vuelta\\\/#primaryimage\"},\"image\":{\"@id\":\"https:\\\/\\\/ubirataonline.com.br\\\/luis-segovia-y-la-visita-a-emelec-va-a-ser-un-partido-de-ida-y-vuelta\\\/#primaryimage\"},\"thumbnailUrl\":\"https:\\\/\\\/ubirataonline.com.br\\\/wp-content\\\/uploads\\\/2026\\\/04\\\/Luis-Segovia-y-la-visita-a-Emelec-Va-a-ser.jpeg\",\"datePublished\":\"2026-04-25T21:25:33+00:00\",\"dateModified\":\"2026-04-25T21:25:57+00:00\",\"description\":\"24 de abr, 2026, 22:58 ETLuis Segovia, futbolista de Liga de Quito, palpit\u00f3 lo que ser\u00e1 visitar a Emelec en el partido m\u00e1s atractivo de la und\u00e9cima fecha\",\"breadcrumb\":{\"@id\":\"https:\\\/\\\/ubirataonline.com.br\\\/luis-segovia-y-la-visita-a-emelec-va-a-ser-un-partido-de-ida-y-vuelta\\\/#breadcrumb\"},\"inLanguage\":\"en-US\",\"potentialAction\":[{\"@type\":\"ReadAction\",\"target\":[\"https:\\\/\\\/ubirataonline.com.br\\\/luis-segovia-y-la-visita-a-emelec-va-a-ser-un-partido-de-ida-y-vuelta\\\/\"]}]},{\"@type\":\"ImageObject\",\"inLanguage\":\"en-US\",\"@id\":\"https:\\\/\\\/ubirataonline.com.br\\\/luis-segovia-y-la-visita-a-emelec-va-a-ser-un-partido-de-ida-y-vuelta\\\/#primaryimage\",\"url\":\"https:\\\/\\\/ubirataonline.com.br\\\/wp-content\\\/uploads\\\/2026\\\/04\\\/Luis-Segovia-y-la-visita-a-Emelec-Va-a-ser.jpeg\",\"contentUrl\":\"https:\\\/\\\/ubirataonline.com.br\\\/wp-content\\\/uploads\\\/2026\\\/04\\\/Luis-Segovia-y-la-visita-a-Emelec-Va-a-ser.jpeg\",\"width\":1296,\"height\":729,\"caption\":\"Luis Segovia&nbsp;Liga de Quito\"},{\"@type\":\"BreadcrumbList\",\"@id\":\"https:\\\/\\\/ubirataonline.com.br\\\/luis-segovia-y-la-visita-a-emelec-va-a-ser-un-partido-de-ida-y-vuelta\\\/#breadcrumb\",\"itemListElement\":[{\"@type\":\"ListItem\",\"position\":1,\"name\":\"In\u00edcio\",\"item\":\"https:\\\/\\\/ubirataonline.com.br\\\/\"},{\"@type\":\"ListItem\",\"position\":2,\"name\":\"Luis Segovia y la visita a Emelec: &#8220;Va a ser un partido de ida y vuelta&#8221;\"}]},{\"@type\":\"WebSite\",\"@id\":\"https:\\\/\\\/ubirataonline.com.br\\\/#website\",\"url\":\"https:\\\/\\\/ubirataonline.com.br\\\/\",\"name\":\"Ubirat\u00e3 Online Not\u00edcias\",\"description\":\"Not\u00edcias de Ubirat\u00e3, regi\u00e3o, Brasil e mundo, com informa\u00e7\u00e3o atualizada e compromisso com o leitor.\",\"publisher\":{\"@id\":\"https:\\\/\\\/ubirataonline.com.br\\\/#organization\"},\"alternateName\":\"Ubirat\u00e3 Online\",\"potentialAction\":[{\"@type\":\"SearchAction\",\"target\":{\"@type\":\"EntryPoint\",\"urlTemplate\":\"https:\\\/\\\/ubirataonline.com.br\\\/?s={search_term_string}\"},\"query-input\":{\"@type\":\"PropertyValueSpecification\",\"valueRequired\":true,\"valueName\":\"search_term_string\"}}],\"inLanguage\":\"en-US\"},{\"@type\":[\"Organization\",\"Place\"],\"@id\":\"https:\\\/\\\/ubirataonline.com.br\\\/#organization\",\"name\":\"Ubirat\u00e3 Online Not\u00edcias\",\"alternateName\":\"Ubirat\u00e3 Online\",\"url\":\"https:\\\/\\\/ubirataonline.com.br\\\/\",\"logo\":{\"@id\":\"https:\\\/\\\/ubirataonline.com.br\\\/luis-segovia-y-la-visita-a-emelec-va-a-ser-un-partido-de-ida-y-vuelta\\\/#local-main-organization-logo\"},\"image\":{\"@id\":\"https:\\\/\\\/ubirataonline.com.br\\\/luis-segovia-y-la-visita-a-emelec-va-a-ser-un-partido-de-ida-y-vuelta\\\/#local-main-organization-logo\"},\"sameAs\":[\"https:\\\/\\\/www.facebook.com\\\/portalubirataonline\",\"https:\\\/\\\/x.com\\\/ubirataonline\",\"https:\\\/\\\/mastodon.social\\\/@ubirataonline\",\"https:\\\/\\\/www.facebook.com\\\/groups\\\/311144672285604\",\"https:\\\/\\\/www.facebook.com\\\/UBTAOnline\",\"https:\\\/\\\/www.instagram.com\\\/portalubirataonline\\\/\",\"https:\\\/\\\/twitter.com\\\/ubirataonline\"],\"description\":\"Somos um portal de not\u00edcias independente, criado em 5 de janeiro de 2009, com o objetivo de informar, conectar e valorizar a nossa comunidade de Ubirat\u00e3 e toda aregi\u00e3o. Com conte\u00fado atualizado, confi\u00e1vel e relevante, o Ubirat\u00e3 Online \u00e9 o seu espa\u00e7o para ficar por dentro dos principais acontecimentos locais, regionais, Brasil, Mundo e de interesse geral. Nosso compromisso \u00e9 com a verdade, a transpar\u00eancia e o respeito ao leitor.\",\"legalName\":\"UBIRATA ONLINE NOT\u00cdCIAS\",\"foundingDate\":\"2009-01-05\",\"numberOfEmployees\":{\"@type\":\"QuantitativeValue\",\"minValue\":\"1\",\"maxValue\":\"10\"},\"publishingPrinciples\":\"https:\\\/\\\/ubirataonline.com.br\\\/faq\\\/\",\"address\":{\"@id\":\"https:\\\/\\\/ubirataonline.com.br\\\/luis-segovia-y-la-visita-a-emelec-va-a-ser-un-partido-de-ida-y-vuelta\\\/#local-main-place-address\"},\"geo\":{\"@type\":\"GeoCoordinates\",\"latitude\":\"-24.5361401\",\"longitude\":\"-52.9921776\"},\"telephone\":[\"+5544998308235\"],\"contactPoint\":{\"@type\":\"ContactPoint\",\"email\":\"contato@ubirataonline.com.br\"},\"openingHoursSpecification\":{\"@type\":\"OpeningHoursSpecification\",\"dayOfWeek\":[\"Monday\",\"Tuesday\",\"Wednesday\",\"Thursday\",\"Friday\",\"Saturday\",\"Sunday\"],\"opens\":\"00:00\",\"closes\":\"23:59\"},\"email\":\"contato@ubirataonline.com.br\",\"vatID\":\"47.621.418\\\/0001-80\"},{\"@type\":\"Person\",\"@id\":\"https:\\\/\\\/ubirataonline.com.br\\\/#\\\/schema\\\/person\\\/372f87bbd3fdd79b8556b84c98d0bc1c\",\"name\":\"REDA\u00c7\u00c3O: UBIRAT\u00c3 ONLINE - F\u00c1BIO AUGUSTO CELESTINO\",\"pronouns\":\"Ele\",\"description\":\"Desde 2003 trabalhando com not\u00edcias.\",\"sameAs\":[\"http:\\\/\\\/ubirataoline.com.br\",\"https:\\\/\\\/www.facebook.com\\\/portalubirataonline\",\"https:\\\/\\\/www.instagram.com\\\/ubirataonline_oficial\",\"https:\\\/\\\/x.com\\\/x.com\\\/ubirataonline\"],\"honorificPrefix\":\"Mr.\",\"honorificSuffix\":\"MD\",\"birthDate\":\"1980-06-16\",\"gender\":\"masculino\",\"award\":[\"V\u00e1rios pr\u00eamios de melhor portal da cidade\"],\"jobTitle\":\"Diretor\",\"url\":\"https:\\\/\\\/ubirataonline.com.br\\\/en\\\/author\\\/ubirataonline\\\/\"},{\"@type\":\"PostalAddress\",\"@id\":\"https:\\\/\\\/ubirataonline.com.br\\\/luis-segovia-y-la-visita-a-emelec-va-a-ser-un-partido-de-ida-y-vuelta\\\/#local-main-place-address\",\"streetAddress\":\"Rua dos Coqueiros, 104 - Bairro Boa Vista, Rua dos Coqueiros, 104 Bairro Boa Vista\",\"addressLocality\":\"UBIRATA\",\"postalCode\":\"85440-000\",\"addressRegion\":\"PR\",\"addressCountry\":\"BR\"},{\"@type\":\"ImageObject\",\"inLanguage\":\"en-US\",\"@id\":\"https:\\\/\\\/ubirataonline.com.br\\\/luis-segovia-y-la-visita-a-emelec-va-a-ser-un-partido-de-ida-y-vuelta\\\/#local-main-organization-logo\",\"url\":\"https:\\\/\\\/ubirataonline.com.br\\\/wp-content\\\/uploads\\\/2026\\\/06\\\/logoubirataonline-1.webp\",\"contentUrl\":\"https:\\\/\\\/ubirataonline.com.br\\\/wp-content\\\/uploads\\\/2026\\\/06\\\/logoubirataonline-1.webp\",\"width\":500,\"height\":500,\"caption\":\"Ubirat\u00e3 Online Not\u00edcias\"}]}<\/script>\n<meta name=\"geo.placename\" content=\"UBIRATA\" \/>\n<meta name=\"geo.position\" content=\"-24.5361401;-52.9921776\" \/>\n<meta name=\"geo.region\" content=\"Brazil\" \/>\n<!-- \/ Yoast SEO Premium plugin. -->","yoast_head_json":{"title":"Luis Segovia y la visita a Emelec: \"Va a ser un partido de ida y vuelta\" - Ubirat\u00e3 Online Not\u00edcias - A realidade ao seu alcance!","description":"24 de abr, 2026, 22:58 ETLuis Segovia, futbolista de Liga de Quito, palpit\u00f3 lo que ser\u00e1 visitar a Emelec en el partido m\u00e1s atractivo de la und\u00e9cima fecha","robots":{"index":"index","follow":"follow","max-snippet":"max-snippet:-1","max-image-preview":"max-image-preview:large","max-video-preview":"max-video-preview:-1"},"canonical":"https:\/\/ubirataonline.com.br\/en\/luis-segovia-y-la-visita-a-emelec-va-a-ser-un-partido-de-ida-y-vuelta\/","og_locale":"en_US","og_type":"article","og_title":"Luis Segovia y la visita a Emelec: \"Va a ser un partido de ida y vuelta\"","og_description":"24 de abr, 2026, 22:58 ETLuis Segovia, futbolista de Liga de Quito, palpit\u00f3 lo que ser\u00e1 visitar a Emelec en el partido m\u00e1s atractivo de la und\u00e9cima fecha","og_url":"https:\/\/ubirataonline.com.br\/en\/luis-segovia-y-la-visita-a-emelec-va-a-ser-un-partido-de-ida-y-vuelta\/","og_site_name":"Ubirat\u00e3 Online Not\u00edcias - A realidade ao seu alcance!","article_publisher":"https:\/\/www.facebook.com\/portalubirataonline","article_author":"https:\/\/www.facebook.com\/portalubirataonline","article_published_time":"2026-04-25T21:25:33+00:00","article_modified_time":"2026-04-25T21:25:57+00:00","og_image":[{"width":1296,"height":729,"url":"https:\/\/ubirataonline.com.br\/wp-content\/uploads\/2026\/04\/Luis-Segovia-y-la-visita-a-Emelec-Va-a-ser.jpeg","type":"image\/jpeg"}],"author":"REDA\u00c7\u00c3O: UBIRAT\u00c3 ONLINE - F\u00c1BIO AUGUSTO CELESTINO","twitter_card":"summary_large_image","twitter_creator":"@x.com\/ubirataonline","twitter_site":"@ubirataonline","twitter_misc":{"Written by":"REDA\u00c7\u00c3O: UBIRAT\u00c3 ONLINE - F\u00c1BIO AUGUSTO CELESTINO","Est. reading time":"2 minutes"},"schema":{"@context":"https:\/\/schema.org","@graph":[{"@type":"NewsArticle","@id":"https:\/\/ubirataonline.com.br\/luis-segovia-y-la-visita-a-emelec-va-a-ser-un-partido-de-ida-y-vuelta\/#article","isPartOf":{"@id":"https:\/\/ubirataonline.com.br\/luis-segovia-y-la-visita-a-emelec-va-a-ser-un-partido-de-ida-y-vuelta\/"},"author":{"name":"REDA\u00c7\u00c3O: UBIRAT\u00c3 ONLINE - F\u00c1BIO AUGUSTO CELESTINO","@id":"https:\/\/ubirataonline.com.br\/#\/schema\/person\/372f87bbd3fdd79b8556b84c98d0bc1c"},"headline":"Luis Segovia y la visita a Emelec: &#8220;Va a ser un partido de ida y vuelta&#8221;","datePublished":"2026-04-25T21:25:33+00:00","dateModified":"2026-04-25T21:25:57+00:00","mainEntityOfPage":{"@id":"https:\/\/ubirataonline.com.br\/luis-segovia-y-la-visita-a-emelec-va-a-ser-un-partido-de-ida-y-vuelta\/"},"wordCount":331,"publisher":{"@id":"https:\/\/ubirataonline.com.br\/#organization"},"image":{"@id":"https:\/\/ubirataonline.com.br\/luis-segovia-y-la-visita-a-emelec-va-a-ser-un-partido-de-ida-y-vuelta\/#primaryimage"},"thumbnailUrl":"https:\/\/ubirataonline.com.br\/wp-content\/uploads\/2026\/04\/Luis-Segovia-y-la-visita-a-Emelec-Va-a-ser.jpeg","keywords":["Emelec","ida","Lu\u00eds","partido","Segovia","ser","visita","vuelta"],"articleSection":["Ubirat\u00e3"],"inLanguage":"en-US","copyrightYear":"2026","copyrightHolder":{"@id":"https:\/\/ubirataonline.com.br\/en\/#organization"}},{"@type":"WebPage","@id":"https:\/\/ubirataonline.com.br\/luis-segovia-y-la-visita-a-emelec-va-a-ser-un-partido-de-ida-y-vuelta\/","url":"https:\/\/ubirataonline.com.br\/luis-segovia-y-la-visita-a-emelec-va-a-ser-un-partido-de-ida-y-vuelta\/","name":"Luis Segovia y la visita a Emelec: \"Va a ser un partido de ida y vuelta\" - Ubirat\u00e3 Online Not\u00edcias - A realidade ao seu alcance!","isPartOf":{"@id":"https:\/\/ubirataonline.com.br\/#website"},"primaryImageOfPage":{"@id":"https:\/\/ubirataonline.com.br\/luis-segovia-y-la-visita-a-emelec-va-a-ser-un-partido-de-ida-y-vuelta\/#primaryimage"},"image":{"@id":"https:\/\/ubirataonline.com.br\/luis-segovia-y-la-visita-a-emelec-va-a-ser-un-partido-de-ida-y-vuelta\/#primaryimage"},"thumbnailUrl":"https:\/\/ubirataonline.com.br\/wp-content\/uploads\/2026\/04\/Luis-Segovia-y-la-visita-a-Emelec-Va-a-ser.jpeg","datePublished":"2026-04-25T21:25:33+00:00","dateModified":"2026-04-25T21:25:57+00:00","description":"24 de abr, 2026, 22:58 ETLuis Segovia, futbolista de Liga de Quito, palpit\u00f3 lo que ser\u00e1 visitar a Emelec en el partido m\u00e1s atractivo de la und\u00e9cima fecha","breadcrumb":{"@id":"https:\/\/ubirataonline.com.br\/luis-segovia-y-la-visita-a-emelec-va-a-ser-un-partido-de-ida-y-vuelta\/#breadcrumb"},"inLanguage":"en-US","potentialAction":[{"@type":"ReadAction","target":["https:\/\/ubirataonline.com.br\/luis-segovia-y-la-visita-a-emelec-va-a-ser-un-partido-de-ida-y-vuelta\/"]}]},{"@type":"ImageObject","inLanguage":"en-US","@id":"https:\/\/ubirataonline.com.br\/luis-segovia-y-la-visita-a-emelec-va-a-ser-un-partido-de-ida-y-vuelta\/#primaryimage","url":"https:\/\/ubirataonline.com.br\/wp-content\/uploads\/2026\/04\/Luis-Segovia-y-la-visita-a-Emelec-Va-a-ser.jpeg","contentUrl":"https:\/\/ubirataonline.com.br\/wp-content\/uploads\/2026\/04\/Luis-Segovia-y-la-visita-a-Emelec-Va-a-ser.jpeg","width":1296,"height":729,"caption":"Luis Segovia&nbsp;Liga de Quito"},{"@type":"BreadcrumbList","@id":"https:\/\/ubirataonline.com.br\/luis-segovia-y-la-visita-a-emelec-va-a-ser-un-partido-de-ida-y-vuelta\/#breadcrumb","itemListElement":[{"@type":"ListItem","position":1,"name":"In\u00edcio","item":"https:\/\/ubirataonline.com.br\/"},{"@type":"ListItem","position":2,"name":"Luis Segovia y la visita a Emelec: &#8220;Va a ser un partido de ida y vuelta&#8221;"}]},{"@type":"WebSite","@id":"https:\/\/ubirataonline.com.br\/#website","url":"https:\/\/ubirataonline.com.br\/","name":"Ubirat\u00e3 Online Not\u00edcias","description":"Not\u00edcias de Ubirat\u00e3, regi\u00e3o, Brasil e mundo, com informa\u00e7\u00e3o atualizada e compromisso com o leitor.","publisher":{"@id":"https:\/\/ubirataonline.com.br\/#organization"},"alternateName":"Ubirat\u00e3 Online","potentialAction":[{"@type":"SearchAction","target":{"@type":"EntryPoint","urlTemplate":"https:\/\/ubirataonline.com.br\/?s={search_term_string}"},"query-input":{"@type":"PropertyValueSpecification","valueRequired":true,"valueName":"search_term_string"}}],"inLanguage":"en-US"},{"@type":["Organization","Place"],"@id":"https:\/\/ubirataonline.com.br\/#organization","name":"Ubirat\u00e3 Online Not\u00edcias","alternateName":"Ubirat\u00e3 Online","url":"https:\/\/ubirataonline.com.br\/","logo":{"@id":"https:\/\/ubirataonline.com.br\/luis-segovia-y-la-visita-a-emelec-va-a-ser-un-partido-de-ida-y-vuelta\/#local-main-organization-logo"},"image":{"@id":"https:\/\/ubirataonline.com.br\/luis-segovia-y-la-visita-a-emelec-va-a-ser-un-partido-de-ida-y-vuelta\/#local-main-organization-logo"},"sameAs":["https:\/\/www.facebook.com\/portalubirataonline","https:\/\/x.com\/ubirataonline","https:\/\/mastodon.social\/@ubirataonline","https:\/\/www.facebook.com\/groups\/311144672285604","https:\/\/www.facebook.com\/UBTAOnline","https:\/\/www.instagram.com\/portalubirataonline\/","https:\/\/twitter.com\/ubirataonline"],"description":"Somos um portal de not\u00edcias independente, criado em 5 de janeiro de 2009, com o objetivo de informar, conectar e valorizar a nossa comunidade de Ubirat\u00e3 e toda aregi\u00e3o. Com conte\u00fado atualizado, confi\u00e1vel e relevante, o Ubirat\u00e3 Online \u00e9 o seu espa\u00e7o para ficar por dentro dos principais acontecimentos locais, regionais, Brasil, Mundo e de interesse geral. Nosso compromisso \u00e9 com a verdade, a transpar\u00eancia e o respeito ao leitor.","legalName":"UBIRATA ONLINE NOT\u00cdCIAS","foundingDate":"2009-01-05","numberOfEmployees":{"@type":"QuantitativeValue","minValue":"1","maxValue":"10"},"publishingPrinciples":"https:\/\/ubirataonline.com.br\/faq\/","address":{"@id":"https:\/\/ubirataonline.com.br\/luis-segovia-y-la-visita-a-emelec-va-a-ser-un-partido-de-ida-y-vuelta\/#local-main-place-address"},"geo":{"@type":"GeoCoordinates","latitude":"-24.5361401","longitude":"-52.9921776"},"telephone":["+5544998308235"],"contactPoint":{"@type":"ContactPoint","email":"contato@ubirataonline.com.br"},"openingHoursSpecification":{"@type":"OpeningHoursSpecification","dayOfWeek":["Monday","Tuesday","Wednesday","Thursday","Friday","Saturday","Sunday"],"opens":"00:00","closes":"23:59"},"email":"contato@ubirataonline.com.br","vatID":"47.621.418\/0001-80"},{"@type":"Person","@id":"https:\/\/ubirataonline.com.br\/#\/schema\/person\/372f87bbd3fdd79b8556b84c98d0bc1c","name":"REDA\u00c7\u00c3O: UBIRAT\u00c3 ONLINE - F\u00c1BIO AUGUSTO CELESTINO","pronouns":"Ele","description":"Desde 2003 trabalhando com not\u00edcias.","sameAs":["http:\/\/ubirataoline.com.br","https:\/\/www.facebook.com\/portalubirataonline","https:\/\/www.instagram.com\/ubirataonline_oficial","https:\/\/x.com\/x.com\/ubirataonline"],"honorificPrefix":"Mr.","honorificSuffix":"MD","birthDate":"1980-06-16","gender":"masculino","award":["V\u00e1rios pr\u00eamios de melhor portal da cidade"],"jobTitle":"Diretor","url":"https:\/\/ubirataonline.com.br\/en\/author\/ubirataonline\/"},{"@type":"PostalAddress","@id":"https:\/\/ubirataonline.com.br\/luis-segovia-y-la-visita-a-emelec-va-a-ser-un-partido-de-ida-y-vuelta\/#local-main-place-address","streetAddress":"Rua dos Coqueiros, 104 - Bairro Boa Vista, Rua dos Coqueiros, 104 Bairro Boa Vista","addressLocality":"UBIRATA","postalCode":"85440-000","addressRegion":"PR","addressCountry":"BR"},{"@type":"ImageObject","inLanguage":"en-US","@id":"https:\/\/ubirataonline.com.br\/luis-segovia-y-la-visita-a-emelec-va-a-ser-un-partido-de-ida-y-vuelta\/#local-main-organization-logo","url":"https:\/\/ubirataonline.com.br\/wp-content\/uploads\/2026\/06\/logoubirataonline-1.webp","contentUrl":"https:\/\/ubirataonline.com.br\/wp-content\/uploads\/2026\/06\/logoubirataonline-1.webp","width":500,"height":500,"caption":"Ubirat\u00e3 Online Not\u00edcias"}]},"geo.placename":"UBIRATA","geo.position":{"lat":"-24.5361401","long":"-52.9921776"},"geo.region":"Brazil"},"_links":{"self":[{"href":"https:\/\/ubirataonline.com.br\/en\/wp-json\/wp\/v2\/posts\/115316","targetHints":{"allow":["GET"]}}],"collection":[{"href":"https:\/\/ubirataonline.com.br\/en\/wp-json\/wp\/v2\/posts"}],"about":[{"href":"https:\/\/ubirataonline.com.br\/en\/wp-json\/wp\/v2\/types\/post"}],"author":[{"embeddable":true,"href":"https:\/\/ubirataonline.com.br\/en\/wp-json\/wp\/v2\/users\/1"}],"replies":[{"embeddable":true,"href":"https:\/\/ubirataonline.com.br\/en\/wp-json\/wp\/v2\/comments?post=115316"}],"version-history":[{"count":0,"href":"https:\/\/ubirataonline.com.br\/en\/wp-json\/wp\/v2\/posts\/115316\/revisions"}],"wp:featuredmedia":[{"embeddable":true,"href":"https:\/\/ubirataonline.com.br\/en\/wp-json\/wp\/v2\/media\/115317"}],"wp:attachment":[{"href":"https:\/\/ubirataonline.com.br\/en\/wp-json\/wp\/v2\/media?parent=115316"}],"wp:term":[{"taxonomy":"category","embeddable":true,"href":"https:\/\/ubirataonline.com.br\/en\/wp-json\/wp\/v2\/categories?post=115316"},{"taxonomy":"post_tag","embeddable":true,"href":"https:\/\/ubirataonline.com.br\/en\/wp-json\/wp\/v2\/tags?post=115316"}],"curies":[{"name":"wp","href":"https:\/\/api.w.org\/{rel}","templated":true}]}}