{"id":115331,"date":"2026-04-25T18:47:46","date_gmt":"2026-04-25T21:47:46","guid":{"rendered":"https:\/\/ubirataonline.com.br\/packers-trade-up-to-select-florida-k-trey-smack-in-sixth-round-no-216-overall\/"},"modified":"2026-04-25T18:47:48","modified_gmt":"2026-04-25T21:47:48","slug":"packers-trade-up-to-select-florida-k-trey-smack-in-sixth-round-no-216-overall","status":"publish","type":"post","link":"https:\/\/ubirataonline.com.br\/en\/packers-trade-up-to-select-florida-k-trey-smack-in-sixth-round-no-216-overall\/","title":{"rendered":"Packers trade up to select Florida K Trey Smack in sixth round, No. 216 overall"},"content":{"rendered":"<p><br \/>\n<\/p>\n<div>\n<div class=\"nfl-c-body-part nfl-c-body-part--text\">\n<p>GREEN BAY \u2013 The Packers traded both of their seventh-round picks Saturday to make their final selection of the draft, moving up to take Florida kicker Trey Smack at No. 216 overall, the last pick of the sixth round.<\/p>\n<\/div>\n<div class=\"nfl-c-body-part nfl-c-body-part--text\">\n<p>Green Bay acquired the pick from Seattle, who received the No. 236 and 255 overall selections in the seventh round.<\/p>\n<\/div>\n<div class=\"nfl-c-body-part nfl-c-body-part--text\">\n<p>Smack (6-1\u00bc, 188) has a big leg, setting the Florida school record with 10 made field goals of 50-plus yards over the past three seasons. He made 10-of-13 from 50-plus, including 5-of-6 last season with a long of 56 yards. He was named third-team All-SEC.<\/p>\n<\/div>\n<div class=\"nfl-c-body-part nfl-c-body-part--text\">\n<p>For his career, Smack made 53-of-64 field goals (82.8%) and 100-of-101 extra points (99%). Known for his high trajectory, Smack had just one kick blocked, back in 2023.<\/p>\n<\/div>\n<div class=\"nfl-c-body-part nfl-c-body-part--text\">\n<p>Smack comes to Green Bay as the third kicker on the current roster, joining veteran Brandon McManus and Lucas Havrisik.<\/p>\n<\/div>\n<\/div>\n<p><br \/>\n<br \/><a href=\"https:\/\/www.packers.com\/news\/packers-florida-k-trey-smack-2026-nfl-draft\">Source link <\/a><\/p>","protected":false},"excerpt":{"rendered":"<p>GREEN BAY \u2013 The Packers traded both of their seventh-round picks Saturday to make their final selection of the draft, moving up to take Florida kicker Trey Smack at No. 216 overall, the last pick of the sixth round. Green Bay acquired the pick from Seattle, who received the No. 236 and 255 overall selections [&hellip;]<\/p>\n","protected":false},"author":1,"featured_media":115332,"comment_status":"closed","ping_status":"","sticky":false,"template":"","format":"standard","meta":{"googlesitekit_rrm_CAow2JLhCw:productID":"","_gspb_post_css":"","maa_idioma":"","maa_pais":"","footnotes":""},"categories":[1],"tags":[7019,9981,16983,10483,31109,4247,22275],"class_list":["post-115331","post","type-post","status-publish","format-standard","has-post-thumbnail","hentry","category-ubirata","tag-florida","tag-packers","tag-select","tag-sixth","tag-smack","tag-trade","tag-trey"],"blocksy_meta":[],"yoast_head":"<!-- This site is optimized with the Yoast SEO Premium plugin v27.6 (Yoast SEO v27.6) - https:\/\/yoast.com\/product\/yoast-seo-premium-wordpress\/ -->\n<title>Packers trade up to select Florida K Trey Smack in sixth round, No. 216 overall - Ubirat\u00e3 Online Not\u00edcias - A realidade ao seu alcance!<\/title>\n<meta name=\"description\" content=\"GREEN BAY \u2013 The Packers traded both of their seventh-round picks Saturday to make their final selection of the draft, moving up to take Florida kicker\" \/>\n<meta name=\"robots\" content=\"index, follow, max-snippet:-1, max-image-preview:large, max-video-preview:-1\" \/>\n<link rel=\"canonical\" href=\"https:\/\/ubirataonline.com.br\/en\/packers-trade-up-to-select-florida-k-trey-smack-in-sixth-round-no-216-overall\/\" \/>\n<meta property=\"og:locale\" content=\"en_US\" \/>\n<meta property=\"og:type\" content=\"article\" \/>\n<meta property=\"og:title\" content=\"Packers trade up to select Florida K Trey Smack in sixth round, No. 216 overall\" \/>\n<meta property=\"og:description\" content=\"GREEN BAY \u2013 The Packers traded both of their seventh-round picks Saturday to make their final selection of the draft, moving up to take Florida kicker\" \/>\n<meta property=\"og:url\" content=\"https:\/\/ubirataonline.com.br\/en\/packers-trade-up-to-select-florida-k-trey-smack-in-sixth-round-no-216-overall\/\" \/>\n<meta property=\"og:site_name\" content=\"Ubirat\u00e3 Online Not\u00edcias - A realidade ao seu alcance!\" \/>\n<meta property=\"article:publisher\" content=\"https:\/\/www.facebook.com\/portalubirataonline\" \/>\n<meta property=\"article:author\" content=\"https:\/\/www.facebook.com\/portalubirataonline\" \/>\n<meta property=\"article:published_time\" content=\"2026-04-25T21:47:46+00:00\" \/>\n<meta property=\"article:modified_time\" content=\"2026-04-25T21:47:48+00:00\" \/>\n<meta property=\"og:image\" content=\"https:\/\/ubirataonline.com.br\/wp-content\/uploads\/2026\/04\/Packers-trade-up-to-select-Florida-K-Trey-Smack-in.jpeg\" \/>\n\t<meta property=\"og:image:width\" content=\"1280\" \/>\n\t<meta property=\"og:image:height\" content=\"720\" \/>\n\t<meta property=\"og:image:type\" content=\"image\/jpeg\" \/>\n<meta name=\"author\" content=\"REDA\u00c7\u00c3O: UBIRAT\u00c3 ONLINE - F\u00c1BIO AUGUSTO CELESTINO\" \/>\n<meta name=\"twitter:card\" content=\"summary_large_image\" \/>\n<meta name=\"twitter:creator\" content=\"@x.com\/ubirataonline\" \/>\n<meta name=\"twitter:site\" content=\"@ubirataonline\" \/>\n<meta name=\"twitter:label1\" content=\"Written by\" \/>\n\t<meta name=\"twitter:data1\" content=\"REDA\u00c7\u00c3O: UBIRAT\u00c3 ONLINE - F\u00c1BIO AUGUSTO CELESTINO\" \/>\n\t<meta name=\"twitter:label2\" content=\"Est. reading time\" \/>\n\t<meta name=\"twitter:data2\" content=\"1 minute\" \/>\n<script type=\"application\/ld+json\" class=\"yoast-schema-graph\">{\"@context\":\"https:\\\/\\\/schema.org\",\"@graph\":[{\"@type\":\"NewsArticle\",\"@id\":\"https:\\\/\\\/ubirataonline.com.br\\\/packers-trade-up-to-select-florida-k-trey-smack-in-sixth-round-no-216-overall\\\/#article\",\"isPartOf\":{\"@id\":\"https:\\\/\\\/ubirataonline.com.br\\\/packers-trade-up-to-select-florida-k-trey-smack-in-sixth-round-no-216-overall\\\/\"},\"author\":{\"name\":\"REDA\u00c7\u00c3O: UBIRAT\u00c3 ONLINE - F\u00c1BIO AUGUSTO CELESTINO\",\"@id\":\"https:\\\/\\\/ubirataonline.com.br\\\/#\\\/schema\\\/person\\\/372f87bbd3fdd79b8556b84c98d0bc1c\"},\"headline\":\"Packers trade up to select Florida K Trey Smack in sixth round, No. 216 overall\",\"datePublished\":\"2026-04-25T21:47:46+00:00\",\"dateModified\":\"2026-04-25T21:47:48+00:00\",\"mainEntityOfPage\":{\"@id\":\"https:\\\/\\\/ubirataonline.com.br\\\/packers-trade-up-to-select-florida-k-trey-smack-in-sixth-round-no-216-overall\\\/\"},\"wordCount\":160,\"publisher\":{\"@id\":\"https:\\\/\\\/ubirataonline.com.br\\\/#organization\"},\"image\":{\"@id\":\"https:\\\/\\\/ubirataonline.com.br\\\/packers-trade-up-to-select-florida-k-trey-smack-in-sixth-round-no-216-overall\\\/#primaryimage\"},\"thumbnailUrl\":\"https:\\\/\\\/ubirataonline.com.br\\\/wp-content\\\/uploads\\\/2026\\\/04\\\/Packers-trade-up-to-select-Florida-K-Trey-Smack-in.jpeg\",\"keywords\":[\"Florida\",\"Packers\",\"Select\",\"Sixth\",\"Smack\",\"Trade\",\"Trey\"],\"articleSection\":[\"Ubirat\u00e3\"],\"inLanguage\":\"en-US\",\"copyrightYear\":\"2026\",\"copyrightHolder\":{\"@id\":\"https:\\\/\\\/ubirataonline.com.br\\\/en\\\/#organization\"}},{\"@type\":\"WebPage\",\"@id\":\"https:\\\/\\\/ubirataonline.com.br\\\/packers-trade-up-to-select-florida-k-trey-smack-in-sixth-round-no-216-overall\\\/\",\"url\":\"https:\\\/\\\/ubirataonline.com.br\\\/packers-trade-up-to-select-florida-k-trey-smack-in-sixth-round-no-216-overall\\\/\",\"name\":\"Packers trade up to select Florida K Trey Smack in sixth round, No. 216 overall - Ubirat\u00e3 Online Not\u00edcias - A realidade ao seu alcance!\",\"isPartOf\":{\"@id\":\"https:\\\/\\\/ubirataonline.com.br\\\/#website\"},\"primaryImageOfPage\":{\"@id\":\"https:\\\/\\\/ubirataonline.com.br\\\/packers-trade-up-to-select-florida-k-trey-smack-in-sixth-round-no-216-overall\\\/#primaryimage\"},\"image\":{\"@id\":\"https:\\\/\\\/ubirataonline.com.br\\\/packers-trade-up-to-select-florida-k-trey-smack-in-sixth-round-no-216-overall\\\/#primaryimage\"},\"thumbnailUrl\":\"https:\\\/\\\/ubirataonline.com.br\\\/wp-content\\\/uploads\\\/2026\\\/04\\\/Packers-trade-up-to-select-Florida-K-Trey-Smack-in.jpeg\",\"datePublished\":\"2026-04-25T21:47:46+00:00\",\"dateModified\":\"2026-04-25T21:47:48+00:00\",\"description\":\"GREEN BAY \u2013 The Packers traded both of their seventh-round picks Saturday to make their final selection of the draft, moving up to take Florida kicker\",\"breadcrumb\":{\"@id\":\"https:\\\/\\\/ubirataonline.com.br\\\/packers-trade-up-to-select-florida-k-trey-smack-in-sixth-round-no-216-overall\\\/#breadcrumb\"},\"inLanguage\":\"en-US\",\"potentialAction\":[{\"@type\":\"ReadAction\",\"target\":[\"https:\\\/\\\/ubirataonline.com.br\\\/packers-trade-up-to-select-florida-k-trey-smack-in-sixth-round-no-216-overall\\\/\"]}]},{\"@type\":\"ImageObject\",\"inLanguage\":\"en-US\",\"@id\":\"https:\\\/\\\/ubirataonline.com.br\\\/packers-trade-up-to-select-florida-k-trey-smack-in-sixth-round-no-216-overall\\\/#primaryimage\",\"url\":\"https:\\\/\\\/ubirataonline.com.br\\\/wp-content\\\/uploads\\\/2026\\\/04\\\/Packers-trade-up-to-select-Florida-K-Trey-Smack-in.jpeg\",\"contentUrl\":\"https:\\\/\\\/ubirataonline.com.br\\\/wp-content\\\/uploads\\\/2026\\\/04\\\/Packers-trade-up-to-select-Florida-K-Trey-Smack-in.jpeg\",\"width\":1280,\"height\":720,\"caption\":\"Packers trade up to select Florida K Trey Smack in sixth round, No. 216 overall\"},{\"@type\":\"BreadcrumbList\",\"@id\":\"https:\\\/\\\/ubirataonline.com.br\\\/packers-trade-up-to-select-florida-k-trey-smack-in-sixth-round-no-216-overall\\\/#breadcrumb\",\"itemListElement\":[{\"@type\":\"ListItem\",\"position\":1,\"name\":\"In\u00edcio\",\"item\":\"https:\\\/\\\/ubirataonline.com.br\\\/\"},{\"@type\":\"ListItem\",\"position\":2,\"name\":\"Packers trade up to select Florida K Trey Smack in sixth round, No. 216 overall\"}]},{\"@type\":\"WebSite\",\"@id\":\"https:\\\/\\\/ubirataonline.com.br\\\/#website\",\"url\":\"https:\\\/\\\/ubirataonline.com.br\\\/\",\"name\":\"Ubirat\u00e3 Online Not\u00edcias\",\"description\":\"Not\u00edcias de Ubirat\u00e3, regi\u00e3o, Brasil e mundo, com informa\u00e7\u00e3o atualizada e compromisso com o leitor.\",\"publisher\":{\"@id\":\"https:\\\/\\\/ubirataonline.com.br\\\/#organization\"},\"alternateName\":\"Ubirat\u00e3 Online\",\"potentialAction\":[{\"@type\":\"SearchAction\",\"target\":{\"@type\":\"EntryPoint\",\"urlTemplate\":\"https:\\\/\\\/ubirataonline.com.br\\\/?s={search_term_string}\"},\"query-input\":{\"@type\":\"PropertyValueSpecification\",\"valueRequired\":true,\"valueName\":\"search_term_string\"}}],\"inLanguage\":\"en-US\"},{\"@type\":[\"Organization\",\"Place\"],\"@id\":\"https:\\\/\\\/ubirataonline.com.br\\\/#organization\",\"name\":\"Ubirat\u00e3 Online Not\u00edcias\",\"alternateName\":\"Ubirat\u00e3 Online\",\"url\":\"https:\\\/\\\/ubirataonline.com.br\\\/\",\"logo\":{\"@id\":\"https:\\\/\\\/ubirataonline.com.br\\\/packers-trade-up-to-select-florida-k-trey-smack-in-sixth-round-no-216-overall\\\/#local-main-organization-logo\"},\"image\":{\"@id\":\"https:\\\/\\\/ubirataonline.com.br\\\/packers-trade-up-to-select-florida-k-trey-smack-in-sixth-round-no-216-overall\\\/#local-main-organization-logo\"},\"sameAs\":[\"https:\\\/\\\/www.facebook.com\\\/portalubirataonline\",\"https:\\\/\\\/x.com\\\/ubirataonline\",\"https:\\\/\\\/mastodon.social\\\/@ubirataonline\",\"https:\\\/\\\/www.facebook.com\\\/groups\\\/311144672285604\",\"https:\\\/\\\/www.facebook.com\\\/UBTAOnline\",\"https:\\\/\\\/www.instagram.com\\\/portalubirataonline\\\/\",\"https:\\\/\\\/twitter.com\\\/ubirataonline\"],\"description\":\"Somos um portal de not\u00edcias independente, criado em 5 de janeiro de 2009, com o objetivo de informar, conectar e valorizar a nossa comunidade de Ubirat\u00e3 e toda aregi\u00e3o. Com conte\u00fado atualizado, confi\u00e1vel e relevante, o Ubirat\u00e3 Online \u00e9 o seu espa\u00e7o para ficar por dentro dos principais acontecimentos locais, regionais, Brasil, Mundo e de interesse geral. Nosso compromisso \u00e9 com a verdade, a transpar\u00eancia e o respeito ao leitor.\",\"legalName\":\"UBIRATA ONLINE NOT\u00cdCIAS\",\"foundingDate\":\"2009-01-05\",\"numberOfEmployees\":{\"@type\":\"QuantitativeValue\",\"minValue\":\"1\",\"maxValue\":\"10\"},\"publishingPrinciples\":\"https:\\\/\\\/ubirataonline.com.br\\\/faq\\\/\",\"address\":{\"@id\":\"https:\\\/\\\/ubirataonline.com.br\\\/packers-trade-up-to-select-florida-k-trey-smack-in-sixth-round-no-216-overall\\\/#local-main-place-address\"},\"geo\":{\"@type\":\"GeoCoordinates\",\"latitude\":\"-24.5361401\",\"longitude\":\"-52.9921776\"},\"telephone\":[\"+5544998308235\"],\"contactPoint\":{\"@type\":\"ContactPoint\",\"email\":\"contato@ubirataonline.com.br\"},\"openingHoursSpecification\":{\"@type\":\"OpeningHoursSpecification\",\"dayOfWeek\":[\"Monday\",\"Tuesday\",\"Wednesday\",\"Thursday\",\"Friday\",\"Saturday\",\"Sunday\"],\"opens\":\"00:00\",\"closes\":\"23:59\"},\"email\":\"contato@ubirataonline.com.br\",\"vatID\":\"47.621.418\\\/0001-80\"},{\"@type\":\"Person\",\"@id\":\"https:\\\/\\\/ubirataonline.com.br\\\/#\\\/schema\\\/person\\\/372f87bbd3fdd79b8556b84c98d0bc1c\",\"name\":\"REDA\u00c7\u00c3O: UBIRAT\u00c3 ONLINE - F\u00c1BIO AUGUSTO CELESTINO\",\"pronouns\":\"Ele\",\"description\":\"Desde 2003 trabalhando com not\u00edcias.\",\"sameAs\":[\"http:\\\/\\\/ubirataoline.com.br\",\"https:\\\/\\\/www.facebook.com\\\/portalubirataonline\",\"https:\\\/\\\/www.instagram.com\\\/ubirataonline_oficial\",\"https:\\\/\\\/x.com\\\/x.com\\\/ubirataonline\"],\"honorificPrefix\":\"Mr.\",\"honorificSuffix\":\"MD\",\"birthDate\":\"1980-06-16\",\"gender\":\"masculino\",\"award\":[\"V\u00e1rios pr\u00eamios de melhor portal da cidade\"],\"jobTitle\":\"Diretor\",\"url\":\"https:\\\/\\\/ubirataonline.com.br\\\/en\\\/author\\\/ubirataonline\\\/\"},{\"@type\":\"PostalAddress\",\"@id\":\"https:\\\/\\\/ubirataonline.com.br\\\/packers-trade-up-to-select-florida-k-trey-smack-in-sixth-round-no-216-overall\\\/#local-main-place-address\",\"streetAddress\":\"Rua dos Coqueiros, 104 - Bairro Boa Vista, Rua dos Coqueiros, 104 Bairro Boa Vista\",\"addressLocality\":\"UBIRATA\",\"postalCode\":\"85440-000\",\"addressRegion\":\"PR\",\"addressCountry\":\"BR\"},{\"@type\":\"ImageObject\",\"inLanguage\":\"en-US\",\"@id\":\"https:\\\/\\\/ubirataonline.com.br\\\/packers-trade-up-to-select-florida-k-trey-smack-in-sixth-round-no-216-overall\\\/#local-main-organization-logo\",\"url\":\"https:\\\/\\\/ubirataonline.com.br\\\/wp-content\\\/uploads\\\/2026\\\/06\\\/logoubirataonline-1.webp\",\"contentUrl\":\"https:\\\/\\\/ubirataonline.com.br\\\/wp-content\\\/uploads\\\/2026\\\/06\\\/logoubirataonline-1.webp\",\"width\":500,\"height\":500,\"caption\":\"Ubirat\u00e3 Online Not\u00edcias\"}]}<\/script>\n<meta name=\"geo.placename\" content=\"UBIRATA\" \/>\n<meta name=\"geo.position\" content=\"-24.5361401;-52.9921776\" \/>\n<meta name=\"geo.region\" content=\"Brazil\" \/>\n<!-- \/ Yoast SEO Premium plugin. -->","yoast_head_json":{"title":"Packers trade up to select Florida K Trey Smack in sixth round, No. 216 overall - Ubirat\u00e3 Online Not\u00edcias - A realidade ao seu alcance!","description":"GREEN BAY \u2013 The Packers traded both of their seventh-round picks Saturday to make their final selection of the draft, moving up to take Florida kicker","robots":{"index":"index","follow":"follow","max-snippet":"max-snippet:-1","max-image-preview":"max-image-preview:large","max-video-preview":"max-video-preview:-1"},"canonical":"https:\/\/ubirataonline.com.br\/en\/packers-trade-up-to-select-florida-k-trey-smack-in-sixth-round-no-216-overall\/","og_locale":"en_US","og_type":"article","og_title":"Packers trade up to select Florida K Trey Smack in sixth round, No. 216 overall","og_description":"GREEN BAY \u2013 The Packers traded both of their seventh-round picks Saturday to make their final selection of the draft, moving up to take Florida kicker","og_url":"https:\/\/ubirataonline.com.br\/en\/packers-trade-up-to-select-florida-k-trey-smack-in-sixth-round-no-216-overall\/","og_site_name":"Ubirat\u00e3 Online Not\u00edcias - A realidade ao seu alcance!","article_publisher":"https:\/\/www.facebook.com\/portalubirataonline","article_author":"https:\/\/www.facebook.com\/portalubirataonline","article_published_time":"2026-04-25T21:47:46+00:00","article_modified_time":"2026-04-25T21:47:48+00:00","og_image":[{"width":1280,"height":720,"url":"https:\/\/ubirataonline.com.br\/wp-content\/uploads\/2026\/04\/Packers-trade-up-to-select-Florida-K-Trey-Smack-in.jpeg","type":"image\/jpeg"}],"author":"REDA\u00c7\u00c3O: UBIRAT\u00c3 ONLINE - F\u00c1BIO AUGUSTO CELESTINO","twitter_card":"summary_large_image","twitter_creator":"@x.com\/ubirataonline","twitter_site":"@ubirataonline","twitter_misc":{"Written by":"REDA\u00c7\u00c3O: UBIRAT\u00c3 ONLINE - F\u00c1BIO AUGUSTO CELESTINO","Est. reading time":"1 minute"},"schema":{"@context":"https:\/\/schema.org","@graph":[{"@type":"NewsArticle","@id":"https:\/\/ubirataonline.com.br\/packers-trade-up-to-select-florida-k-trey-smack-in-sixth-round-no-216-overall\/#article","isPartOf":{"@id":"https:\/\/ubirataonline.com.br\/packers-trade-up-to-select-florida-k-trey-smack-in-sixth-round-no-216-overall\/"},"author":{"name":"REDA\u00c7\u00c3O: UBIRAT\u00c3 ONLINE - F\u00c1BIO AUGUSTO CELESTINO","@id":"https:\/\/ubirataonline.com.br\/#\/schema\/person\/372f87bbd3fdd79b8556b84c98d0bc1c"},"headline":"Packers trade up to select Florida K Trey Smack in sixth round, No. 216 overall","datePublished":"2026-04-25T21:47:46+00:00","dateModified":"2026-04-25T21:47:48+00:00","mainEntityOfPage":{"@id":"https:\/\/ubirataonline.com.br\/packers-trade-up-to-select-florida-k-trey-smack-in-sixth-round-no-216-overall\/"},"wordCount":160,"publisher":{"@id":"https:\/\/ubirataonline.com.br\/#organization"},"image":{"@id":"https:\/\/ubirataonline.com.br\/packers-trade-up-to-select-florida-k-trey-smack-in-sixth-round-no-216-overall\/#primaryimage"},"thumbnailUrl":"https:\/\/ubirataonline.com.br\/wp-content\/uploads\/2026\/04\/Packers-trade-up-to-select-Florida-K-Trey-Smack-in.jpeg","keywords":["Florida","Packers","Select","Sixth","Smack","Trade","Trey"],"articleSection":["Ubirat\u00e3"],"inLanguage":"en-US","copyrightYear":"2026","copyrightHolder":{"@id":"https:\/\/ubirataonline.com.br\/en\/#organization"}},{"@type":"WebPage","@id":"https:\/\/ubirataonline.com.br\/packers-trade-up-to-select-florida-k-trey-smack-in-sixth-round-no-216-overall\/","url":"https:\/\/ubirataonline.com.br\/packers-trade-up-to-select-florida-k-trey-smack-in-sixth-round-no-216-overall\/","name":"Packers trade up to select Florida K Trey Smack in sixth round, No. 216 overall - Ubirat\u00e3 Online Not\u00edcias - A realidade ao seu alcance!","isPartOf":{"@id":"https:\/\/ubirataonline.com.br\/#website"},"primaryImageOfPage":{"@id":"https:\/\/ubirataonline.com.br\/packers-trade-up-to-select-florida-k-trey-smack-in-sixth-round-no-216-overall\/#primaryimage"},"image":{"@id":"https:\/\/ubirataonline.com.br\/packers-trade-up-to-select-florida-k-trey-smack-in-sixth-round-no-216-overall\/#primaryimage"},"thumbnailUrl":"https:\/\/ubirataonline.com.br\/wp-content\/uploads\/2026\/04\/Packers-trade-up-to-select-Florida-K-Trey-Smack-in.jpeg","datePublished":"2026-04-25T21:47:46+00:00","dateModified":"2026-04-25T21:47:48+00:00","description":"GREEN BAY \u2013 The Packers traded both of their seventh-round picks Saturday to make their final selection of the draft, moving up to take Florida kicker","breadcrumb":{"@id":"https:\/\/ubirataonline.com.br\/packers-trade-up-to-select-florida-k-trey-smack-in-sixth-round-no-216-overall\/#breadcrumb"},"inLanguage":"en-US","potentialAction":[{"@type":"ReadAction","target":["https:\/\/ubirataonline.com.br\/packers-trade-up-to-select-florida-k-trey-smack-in-sixth-round-no-216-overall\/"]}]},{"@type":"ImageObject","inLanguage":"en-US","@id":"https:\/\/ubirataonline.com.br\/packers-trade-up-to-select-florida-k-trey-smack-in-sixth-round-no-216-overall\/#primaryimage","url":"https:\/\/ubirataonline.com.br\/wp-content\/uploads\/2026\/04\/Packers-trade-up-to-select-Florida-K-Trey-Smack-in.jpeg","contentUrl":"https:\/\/ubirataonline.com.br\/wp-content\/uploads\/2026\/04\/Packers-trade-up-to-select-Florida-K-Trey-Smack-in.jpeg","width":1280,"height":720,"caption":"Packers trade up to select Florida K Trey Smack in sixth round, No. 216 overall"},{"@type":"BreadcrumbList","@id":"https:\/\/ubirataonline.com.br\/packers-trade-up-to-select-florida-k-trey-smack-in-sixth-round-no-216-overall\/#breadcrumb","itemListElement":[{"@type":"ListItem","position":1,"name":"In\u00edcio","item":"https:\/\/ubirataonline.com.br\/"},{"@type":"ListItem","position":2,"name":"Packers trade up to select Florida K Trey Smack in sixth round, No. 216 overall"}]},{"@type":"WebSite","@id":"https:\/\/ubirataonline.com.br\/#website","url":"https:\/\/ubirataonline.com.br\/","name":"Ubirat\u00e3 Online Not\u00edcias","description":"Not\u00edcias de Ubirat\u00e3, regi\u00e3o, Brasil e mundo, com informa\u00e7\u00e3o atualizada e compromisso com o leitor.","publisher":{"@id":"https:\/\/ubirataonline.com.br\/#organization"},"alternateName":"Ubirat\u00e3 Online","potentialAction":[{"@type":"SearchAction","target":{"@type":"EntryPoint","urlTemplate":"https:\/\/ubirataonline.com.br\/?s={search_term_string}"},"query-input":{"@type":"PropertyValueSpecification","valueRequired":true,"valueName":"search_term_string"}}],"inLanguage":"en-US"},{"@type":["Organization","Place"],"@id":"https:\/\/ubirataonline.com.br\/#organization","name":"Ubirat\u00e3 Online Not\u00edcias","alternateName":"Ubirat\u00e3 Online","url":"https:\/\/ubirataonline.com.br\/","logo":{"@id":"https:\/\/ubirataonline.com.br\/packers-trade-up-to-select-florida-k-trey-smack-in-sixth-round-no-216-overall\/#local-main-organization-logo"},"image":{"@id":"https:\/\/ubirataonline.com.br\/packers-trade-up-to-select-florida-k-trey-smack-in-sixth-round-no-216-overall\/#local-main-organization-logo"},"sameAs":["https:\/\/www.facebook.com\/portalubirataonline","https:\/\/x.com\/ubirataonline","https:\/\/mastodon.social\/@ubirataonline","https:\/\/www.facebook.com\/groups\/311144672285604","https:\/\/www.facebook.com\/UBTAOnline","https:\/\/www.instagram.com\/portalubirataonline\/","https:\/\/twitter.com\/ubirataonline"],"description":"Somos um portal de not\u00edcias independente, criado em 5 de janeiro de 2009, com o objetivo de informar, conectar e valorizar a nossa comunidade de Ubirat\u00e3 e toda aregi\u00e3o. Com conte\u00fado atualizado, confi\u00e1vel e relevante, o Ubirat\u00e3 Online \u00e9 o seu espa\u00e7o para ficar por dentro dos principais acontecimentos locais, regionais, Brasil, Mundo e de interesse geral. Nosso compromisso \u00e9 com a verdade, a transpar\u00eancia e o respeito ao leitor.","legalName":"UBIRATA ONLINE NOT\u00cdCIAS","foundingDate":"2009-01-05","numberOfEmployees":{"@type":"QuantitativeValue","minValue":"1","maxValue":"10"},"publishingPrinciples":"https:\/\/ubirataonline.com.br\/faq\/","address":{"@id":"https:\/\/ubirataonline.com.br\/packers-trade-up-to-select-florida-k-trey-smack-in-sixth-round-no-216-overall\/#local-main-place-address"},"geo":{"@type":"GeoCoordinates","latitude":"-24.5361401","longitude":"-52.9921776"},"telephone":["+5544998308235"],"contactPoint":{"@type":"ContactPoint","email":"contato@ubirataonline.com.br"},"openingHoursSpecification":{"@type":"OpeningHoursSpecification","dayOfWeek":["Monday","Tuesday","Wednesday","Thursday","Friday","Saturday","Sunday"],"opens":"00:00","closes":"23:59"},"email":"contato@ubirataonline.com.br","vatID":"47.621.418\/0001-80"},{"@type":"Person","@id":"https:\/\/ubirataonline.com.br\/#\/schema\/person\/372f87bbd3fdd79b8556b84c98d0bc1c","name":"REDA\u00c7\u00c3O: UBIRAT\u00c3 ONLINE - F\u00c1BIO AUGUSTO CELESTINO","pronouns":"Ele","description":"Desde 2003 trabalhando com not\u00edcias.","sameAs":["http:\/\/ubirataoline.com.br","https:\/\/www.facebook.com\/portalubirataonline","https:\/\/www.instagram.com\/ubirataonline_oficial","https:\/\/x.com\/x.com\/ubirataonline"],"honorificPrefix":"Mr.","honorificSuffix":"MD","birthDate":"1980-06-16","gender":"masculino","award":["V\u00e1rios pr\u00eamios de melhor portal da cidade"],"jobTitle":"Diretor","url":"https:\/\/ubirataonline.com.br\/en\/author\/ubirataonline\/"},{"@type":"PostalAddress","@id":"https:\/\/ubirataonline.com.br\/packers-trade-up-to-select-florida-k-trey-smack-in-sixth-round-no-216-overall\/#local-main-place-address","streetAddress":"Rua dos Coqueiros, 104 - Bairro Boa Vista, Rua dos Coqueiros, 104 Bairro Boa Vista","addressLocality":"UBIRATA","postalCode":"85440-000","addressRegion":"PR","addressCountry":"BR"},{"@type":"ImageObject","inLanguage":"en-US","@id":"https:\/\/ubirataonline.com.br\/packers-trade-up-to-select-florida-k-trey-smack-in-sixth-round-no-216-overall\/#local-main-organization-logo","url":"https:\/\/ubirataonline.com.br\/wp-content\/uploads\/2026\/06\/logoubirataonline-1.webp","contentUrl":"https:\/\/ubirataonline.com.br\/wp-content\/uploads\/2026\/06\/logoubirataonline-1.webp","width":500,"height":500,"caption":"Ubirat\u00e3 Online Not\u00edcias"}]},"geo.placename":"UBIRATA","geo.position":{"lat":"-24.5361401","long":"-52.9921776"},"geo.region":"Brazil"},"_links":{"self":[{"href":"https:\/\/ubirataonline.com.br\/en\/wp-json\/wp\/v2\/posts\/115331","targetHints":{"allow":["GET"]}}],"collection":[{"href":"https:\/\/ubirataonline.com.br\/en\/wp-json\/wp\/v2\/posts"}],"about":[{"href":"https:\/\/ubirataonline.com.br\/en\/wp-json\/wp\/v2\/types\/post"}],"author":[{"embeddable":true,"href":"https:\/\/ubirataonline.com.br\/en\/wp-json\/wp\/v2\/users\/1"}],"replies":[{"embeddable":true,"href":"https:\/\/ubirataonline.com.br\/en\/wp-json\/wp\/v2\/comments?post=115331"}],"version-history":[{"count":0,"href":"https:\/\/ubirataonline.com.br\/en\/wp-json\/wp\/v2\/posts\/115331\/revisions"}],"wp:featuredmedia":[{"embeddable":true,"href":"https:\/\/ubirataonline.com.br\/en\/wp-json\/wp\/v2\/media\/115332"}],"wp:attachment":[{"href":"https:\/\/ubirataonline.com.br\/en\/wp-json\/wp\/v2\/media?parent=115331"}],"wp:term":[{"taxonomy":"category","embeddable":true,"href":"https:\/\/ubirataonline.com.br\/en\/wp-json\/wp\/v2\/categories?post=115331"},{"taxonomy":"post_tag","embeddable":true,"href":"https:\/\/ubirataonline.com.br\/en\/wp-json\/wp\/v2\/tags?post=115331"}],"curies":[{"name":"wp","href":"https:\/\/api.w.org\/{rel}","templated":true}]}}