{"id":115345,"date":"2026-04-25T19:11:37","date_gmt":"2026-04-25T22:11:37","guid":{"rendered":"https:\/\/ubirataonline.com.br\/?p=115345"},"modified":"2026-04-25T19:11:38","modified_gmt":"2026-04-25T22:11:38","slug":"mppr-obtem-liminar-em-plantao-judiciario-para-barrar-promocao-pessoal-de-prefeito-em-festa-de-quarto-centenario","status":"publish","type":"post","link":"https:\/\/ubirataonline.com.br\/en\/mppr-obtem-liminar-em-plantao-judiciario-para-barrar-promocao-pessoal-de-prefeito-em-festa-de-quarto-centenario\/","title":{"rendered":"MPPR obt\u00e9m liminar em plant\u00e3o judici\u00e1rio para barrar promo\u00e7\u00e3o pessoal de prefeito em festa de Quarto Centen\u00e1rio"},"content":{"rendered":"<p class=\"wp-block-paragraph\">O Minist\u00e9rio P\u00fablico do Paran\u00e1 (MPPR), por meio da 1\u00aa Promotoria de Justi\u00e7a de Goioer\u00ea\/PR, obteve neste s\u00e1bado (25\/04) decis\u00e3o liminar que obriga o prefeito de Quarto Centen\u00e1rio\/PR e o Munic\u00edpio a cessarem imediatamente quaisquer atos de promo\u00e7\u00e3o pessoal durante a continuidade das festividades do 34\u00ba anivers\u00e1rio de emancipa\u00e7\u00e3o pol\u00edtica da cidade.<\/p>\n\n\n\n<p class=\"wp-block-paragraph\">A a\u00e7\u00e3o civil p\u00fablica foi ajuizada ap\u00f3s o MPPR receber uma den\u00fancia, instru\u00edda com um v\u00eddeo, mostrando o nome do prefeito em destaque no painel de LED do palco principal do evento custeado com recursos p\u00fablicos.<\/p>\n\n\n\n<p class=\"wp-block-paragraph\">A liminar, proferida pela Justi\u00e7a em regime de plant\u00e3o devido \u00e0 urg\u00eancia e ao andamento da festa, determina que a organiza\u00e7\u00e3o se abstenha de:<em><\/em><\/p>\n\n\n\n<p class=\"wp-block-paragraph\">\u00b7<a><\/a><strong>Veicular o nome, imagem ou voz do prefeito:<\/strong> \u00c9 proibida a identifica\u00e7\u00e3o do gestor em tel\u00f5es, sistemas de som ou materiais impressos no local do evento que configurem enaltecimento pessoal.<\/p>\n\n\n\n<p class=\"wp-block-paragraph\">\u00b7<strong>Utilizar marcas n\u00e3o oficiais:<\/strong> Fica vedado o uso de slogans ou s\u00edmbolos que remetam \u00e0 gest\u00e3o atual e que n\u00e3o sejam os s\u00edmbolos oficiais permanentes do munic\u00edpio (bras\u00e3o, bandeira, hino).<\/p>\n\n\n\n<p class=\"wp-block-paragraph\">\u00b7<strong>Permitir discursos e sauda\u00e7\u00f5es personalistas:<\/strong> O prefeito est\u00e1 proibido de realizar discursos de autopromo\u00e7\u00e3o, e a organiza\u00e7\u00e3o n\u00e3o pode permitir que locutores ou artistas contratados fa\u00e7am agradecimentos que exaltem a figura pessoal do gestor.<\/p>\n\n\n\n<p class=\"wp-block-paragraph\">A conduta viola o princ\u00edpio da impessoalidade, previsto no art. 37, par\u00e1grafo 1\u00ba, da Constitui\u00e7\u00e3o Federal, que pro\u00edbe expressamente que a publicidade de atos e campanhas de \u00f3rg\u00e3os p\u00fablicos contenha nomes ou s\u00edmbolos que caracterizem a promo\u00e7\u00e3o pessoal de autoridades.<\/p>\n\n\n\n<p class=\"wp-block-paragraph\">Em caso de descumprimento de qualquer um dos itens, a Justi\u00e7a fixou uma multa de <strong>R$ 50.000,00<\/strong> por ato verificado.<\/p>\n\n\n\n<p class=\"wp-block-paragraph\">A popula\u00e7\u00e3o pode atuar na fiscaliza\u00e7\u00e3o do cumprimento desta decis\u00e3o judicial. Caso sejam registrados novos atos de promo\u00e7\u00e3o pessoal durante os shows e eventos deste final de semana, a comunidade pode encaminhar fotos e v\u00eddeos diretamente para a 1\u00aa Promotoria de Justi\u00e7a de Goioer\u00ea\/PR atrav\u00e9s dos seguintes contatos: Telefone\/WhatsApp: (44) 3522-2070 e e-mail:&lt;goioere.1prom@mppr.mp.br&gt;.<\/p>\n\n\n\n<p class=\"wp-block-paragraph\">Autos n\u00ba. 0001788-62.2026.8.16.0084<\/p>","protected":false},"excerpt":{"rendered":"<p>O Minist\u00e9rio P\u00fablico do Paran\u00e1 (MPPR), por meio da 1\u00aa Promotoria de Justi\u00e7a de Goioer\u00ea\/PR, obteve neste s\u00e1bado (25\/04) decis\u00e3o liminar que obriga o prefeito de Quarto Centen\u00e1rio\/PR e o Munic\u00edpio a cessarem imediatamente quaisquer atos de promo\u00e7\u00e3o pessoal durante a continuidade das festividades do 34\u00ba anivers\u00e1rio de emancipa\u00e7\u00e3o pol\u00edtica da cidade. A a\u00e7\u00e3o civil [&hellip;]<\/p>\n","protected":false},"author":1,"featured_media":92463,"comment_status":"closed","ping_status":"closed","sticky":false,"template":"","format":"standard","meta":{"googlesitekit_rrm_CAow2JLhCw:productID":"","_gspb_post_css":"","maa_idioma":"","maa_pais":"","footnotes":""},"categories":[1],"tags":[],"class_list":["post-115345","post","type-post","status-publish","format-standard","has-post-thumbnail","hentry","category-ubirata"],"blocksy_meta":[],"yoast_head":"<!-- This site is optimized with the Yoast SEO Premium plugin v27.6 (Yoast SEO v27.6) - https:\/\/yoast.com\/product\/yoast-seo-premium-wordpress\/ -->\n<title>MPPR obt\u00e9m liminar em plant\u00e3o judici\u00e1rio para barrar promo\u00e7\u00e3o pessoal de prefeito em festa de Quarto Centen\u00e1rio - Ubirat\u00e3 Online Not\u00edcias - A realidade ao seu alcance!<\/title>\n<meta name=\"description\" content=\"O Minist\u00e9rio P\u00fablico do Paran\u00e1 (MPPR), por meio da 1\u00aa Promotoria de Justi\u00e7a de Goioer\u00ea\/PR, obteve neste s\u00e1bado (25\/04) decis\u00e3o liminar que obriga o\" \/>\n<meta name=\"robots\" content=\"index, follow, max-snippet:-1, max-image-preview:large, max-video-preview:-1\" \/>\n<link rel=\"canonical\" href=\"https:\/\/ubirataonline.com.br\/en\/mppr-obtem-liminar-em-plantao-judiciario-para-barrar-promocao-pessoal-de-prefeito-em-festa-de-quarto-centenario\/\" \/>\n<meta property=\"og:locale\" content=\"en_US\" \/>\n<meta property=\"og:type\" content=\"article\" \/>\n<meta property=\"og:title\" content=\"MPPR obt\u00e9m liminar em plant\u00e3o judici\u00e1rio para barrar promo\u00e7\u00e3o pessoal de prefeito em festa de Quarto Centen\u00e1rio\" \/>\n<meta property=\"og:description\" content=\"O Minist\u00e9rio P\u00fablico do Paran\u00e1 (MPPR), por meio da 1\u00aa Promotoria de Justi\u00e7a de Goioer\u00ea\/PR, obteve neste s\u00e1bado (25\/04) decis\u00e3o liminar que obriga o\" \/>\n<meta property=\"og:url\" content=\"https:\/\/ubirataonline.com.br\/en\/mppr-obtem-liminar-em-plantao-judiciario-para-barrar-promocao-pessoal-de-prefeito-em-festa-de-quarto-centenario\/\" \/>\n<meta property=\"og:site_name\" content=\"Ubirat\u00e3 Online Not\u00edcias - A realidade ao seu alcance!\" \/>\n<meta property=\"article:publisher\" content=\"https:\/\/www.facebook.com\/portalubirataonline\" \/>\n<meta property=\"article:author\" content=\"https:\/\/www.facebook.com\/portalubirataonline\" \/>\n<meta property=\"article:published_time\" content=\"2026-04-25T22:11:37+00:00\" \/>\n<meta property=\"article:modified_time\" content=\"2026-04-25T22:11:38+00:00\" \/>\n<meta property=\"og:image\" content=\"https:\/\/ubirataonline.com.br\/wp-content\/uploads\/2026\/03\/A-partir-de-requerimento-do-MPPR-Camara-Municipal-de-Guarapuava.png\" \/>\n\t<meta property=\"og:image:width\" content=\"240\" \/>\n\t<meta property=\"og:image:height\" content=\"240\" \/>\n\t<meta property=\"og:image:type\" content=\"image\/png\" \/>\n<meta name=\"author\" content=\"REDA\u00c7\u00c3O: UBIRAT\u00c3 ONLINE - F\u00c1BIO AUGUSTO CELESTINO\" \/>\n<meta name=\"twitter:card\" content=\"summary_large_image\" \/>\n<meta name=\"twitter:creator\" content=\"@x.com\/ubirataonline\" \/>\n<meta name=\"twitter:site\" content=\"@ubirataonline\" \/>\n<meta name=\"twitter:label1\" content=\"Written by\" \/>\n\t<meta name=\"twitter:data1\" content=\"REDA\u00c7\u00c3O: UBIRAT\u00c3 ONLINE - F\u00c1BIO AUGUSTO CELESTINO\" \/>\n\t<meta name=\"twitter:label2\" content=\"Est. reading time\" \/>\n\t<meta name=\"twitter:data2\" content=\"2 minutes\" \/>\n<script type=\"application\/ld+json\" class=\"yoast-schema-graph\">{\"@context\":\"https:\\\/\\\/schema.org\",\"@graph\":[{\"@type\":\"NewsArticle\",\"@id\":\"https:\\\/\\\/ubirataonline.com.br\\\/mppr-obtem-liminar-em-plantao-judiciario-para-barrar-promocao-pessoal-de-prefeito-em-festa-de-quarto-centenario\\\/#article\",\"isPartOf\":{\"@id\":\"https:\\\/\\\/ubirataonline.com.br\\\/mppr-obtem-liminar-em-plantao-judiciario-para-barrar-promocao-pessoal-de-prefeito-em-festa-de-quarto-centenario\\\/\"},\"author\":{\"name\":\"REDA\u00c7\u00c3O: UBIRAT\u00c3 ONLINE - F\u00c1BIO AUGUSTO CELESTINO\",\"@id\":\"https:\\\/\\\/ubirataonline.com.br\\\/#\\\/schema\\\/person\\\/372f87bbd3fdd79b8556b84c98d0bc1c\"},\"headline\":\"MPPR obt\u00e9m liminar em plant\u00e3o judici\u00e1rio para barrar promo\u00e7\u00e3o pessoal de prefeito em festa de Quarto Centen\u00e1rio\",\"datePublished\":\"2026-04-25T22:11:37+00:00\",\"dateModified\":\"2026-04-25T22:11:38+00:00\",\"mainEntityOfPage\":{\"@id\":\"https:\\\/\\\/ubirataonline.com.br\\\/mppr-obtem-liminar-em-plantao-judiciario-para-barrar-promocao-pessoal-de-prefeito-em-festa-de-quarto-centenario\\\/\"},\"wordCount\":396,\"publisher\":{\"@id\":\"https:\\\/\\\/ubirataonline.com.br\\\/#organization\"},\"image\":{\"@id\":\"https:\\\/\\\/ubirataonline.com.br\\\/mppr-obtem-liminar-em-plantao-judiciario-para-barrar-promocao-pessoal-de-prefeito-em-festa-de-quarto-centenario\\\/#primaryimage\"},\"thumbnailUrl\":\"https:\\\/\\\/ubirataonline.com.br\\\/wp-content\\\/uploads\\\/2026\\\/03\\\/A-partir-de-requerimento-do-MPPR-Camara-Municipal-de-Guarapuava.png\",\"articleSection\":[\"Ubirat\u00e3\"],\"inLanguage\":\"en-US\",\"copyrightYear\":\"2026\",\"copyrightHolder\":{\"@id\":\"https:\\\/\\\/ubirataonline.com.br\\\/en\\\/#organization\"}},{\"@type\":\"WebPage\",\"@id\":\"https:\\\/\\\/ubirataonline.com.br\\\/mppr-obtem-liminar-em-plantao-judiciario-para-barrar-promocao-pessoal-de-prefeito-em-festa-de-quarto-centenario\\\/\",\"url\":\"https:\\\/\\\/ubirataonline.com.br\\\/mppr-obtem-liminar-em-plantao-judiciario-para-barrar-promocao-pessoal-de-prefeito-em-festa-de-quarto-centenario\\\/\",\"name\":\"MPPR obt\u00e9m liminar em plant\u00e3o judici\u00e1rio para barrar promo\u00e7\u00e3o pessoal de prefeito em festa de Quarto Centen\u00e1rio - Ubirat\u00e3 Online Not\u00edcias - A realidade ao seu alcance!\",\"isPartOf\":{\"@id\":\"https:\\\/\\\/ubirataonline.com.br\\\/#website\"},\"primaryImageOfPage\":{\"@id\":\"https:\\\/\\\/ubirataonline.com.br\\\/mppr-obtem-liminar-em-plantao-judiciario-para-barrar-promocao-pessoal-de-prefeito-em-festa-de-quarto-centenario\\\/#primaryimage\"},\"image\":{\"@id\":\"https:\\\/\\\/ubirataonline.com.br\\\/mppr-obtem-liminar-em-plantao-judiciario-para-barrar-promocao-pessoal-de-prefeito-em-festa-de-quarto-centenario\\\/#primaryimage\"},\"thumbnailUrl\":\"https:\\\/\\\/ubirataonline.com.br\\\/wp-content\\\/uploads\\\/2026\\\/03\\\/A-partir-de-requerimento-do-MPPR-Camara-Municipal-de-Guarapuava.png\",\"datePublished\":\"2026-04-25T22:11:37+00:00\",\"dateModified\":\"2026-04-25T22:11:38+00:00\",\"description\":\"O Minist\u00e9rio P\u00fablico do Paran\u00e1 (MPPR), por meio da 1\u00aa Promotoria de Justi\u00e7a de Goioer\u00ea\\\/PR, obteve neste s\u00e1bado (25\\\/04) decis\u00e3o liminar que obriga o\",\"breadcrumb\":{\"@id\":\"https:\\\/\\\/ubirataonline.com.br\\\/mppr-obtem-liminar-em-plantao-judiciario-para-barrar-promocao-pessoal-de-prefeito-em-festa-de-quarto-centenario\\\/#breadcrumb\"},\"inLanguage\":\"en-US\",\"potentialAction\":[{\"@type\":\"ReadAction\",\"target\":[\"https:\\\/\\\/ubirataonline.com.br\\\/mppr-obtem-liminar-em-plantao-judiciario-para-barrar-promocao-pessoal-de-prefeito-em-festa-de-quarto-centenario\\\/\"]}]},{\"@type\":\"ImageObject\",\"inLanguage\":\"en-US\",\"@id\":\"https:\\\/\\\/ubirataonline.com.br\\\/mppr-obtem-liminar-em-plantao-judiciario-para-barrar-promocao-pessoal-de-prefeito-em-festa-de-quarto-centenario\\\/#primaryimage\",\"url\":\"https:\\\/\\\/ubirataonline.com.br\\\/wp-content\\\/uploads\\\/2026\\\/03\\\/A-partir-de-requerimento-do-MPPR-Camara-Municipal-de-Guarapuava.png\",\"contentUrl\":\"https:\\\/\\\/ubirataonline.com.br\\\/wp-content\\\/uploads\\\/2026\\\/03\\\/A-partir-de-requerimento-do-MPPR-Camara-Municipal-de-Guarapuava.png\",\"width\":240,\"height\":240,\"caption\":\"A partir de requerimento do MPPR, C\u00e2mara Municipal de Guarapuava instaura processo para cassar vereador condenado criminalmente por homic\u00eddio de tr\u00e2nsito\"},{\"@type\":\"BreadcrumbList\",\"@id\":\"https:\\\/\\\/ubirataonline.com.br\\\/mppr-obtem-liminar-em-plantao-judiciario-para-barrar-promocao-pessoal-de-prefeito-em-festa-de-quarto-centenario\\\/#breadcrumb\",\"itemListElement\":[{\"@type\":\"ListItem\",\"position\":1,\"name\":\"In\u00edcio\",\"item\":\"https:\\\/\\\/ubirataonline.com.br\\\/\"},{\"@type\":\"ListItem\",\"position\":2,\"name\":\"MPPR obt\u00e9m liminar em plant\u00e3o judici\u00e1rio para barrar promo\u00e7\u00e3o pessoal de prefeito em festa de Quarto Centen\u00e1rio\"}]},{\"@type\":\"WebSite\",\"@id\":\"https:\\\/\\\/ubirataonline.com.br\\\/#website\",\"url\":\"https:\\\/\\\/ubirataonline.com.br\\\/\",\"name\":\"Ubirat\u00e3 Online Not\u00edcias\",\"description\":\"Not\u00edcias de Ubirat\u00e3, regi\u00e3o, Brasil e mundo, com informa\u00e7\u00e3o atualizada e compromisso com o leitor.\",\"publisher\":{\"@id\":\"https:\\\/\\\/ubirataonline.com.br\\\/#organization\"},\"alternateName\":\"Ubirat\u00e3 Online\",\"potentialAction\":[{\"@type\":\"SearchAction\",\"target\":{\"@type\":\"EntryPoint\",\"urlTemplate\":\"https:\\\/\\\/ubirataonline.com.br\\\/?s={search_term_string}\"},\"query-input\":{\"@type\":\"PropertyValueSpecification\",\"valueRequired\":true,\"valueName\":\"search_term_string\"}}],\"inLanguage\":\"en-US\"},{\"@type\":[\"Organization\",\"Place\"],\"@id\":\"https:\\\/\\\/ubirataonline.com.br\\\/#organization\",\"name\":\"Ubirat\u00e3 Online Not\u00edcias\",\"alternateName\":\"Ubirat\u00e3 Online\",\"url\":\"https:\\\/\\\/ubirataonline.com.br\\\/\",\"logo\":{\"@id\":\"https:\\\/\\\/ubirataonline.com.br\\\/mppr-obtem-liminar-em-plantao-judiciario-para-barrar-promocao-pessoal-de-prefeito-em-festa-de-quarto-centenario\\\/#local-main-organization-logo\"},\"image\":{\"@id\":\"https:\\\/\\\/ubirataonline.com.br\\\/mppr-obtem-liminar-em-plantao-judiciario-para-barrar-promocao-pessoal-de-prefeito-em-festa-de-quarto-centenario\\\/#local-main-organization-logo\"},\"sameAs\":[\"https:\\\/\\\/www.facebook.com\\\/portalubirataonline\",\"https:\\\/\\\/x.com\\\/ubirataonline\",\"https:\\\/\\\/mastodon.social\\\/@ubirataonline\",\"https:\\\/\\\/www.facebook.com\\\/groups\\\/311144672285604\",\"https:\\\/\\\/www.facebook.com\\\/UBTAOnline\",\"https:\\\/\\\/www.instagram.com\\\/portalubirataonline\\\/\",\"https:\\\/\\\/twitter.com\\\/ubirataonline\"],\"description\":\"Somos um portal de not\u00edcias independente, criado em 5 de janeiro de 2009, com o objetivo de informar, conectar e valorizar a nossa comunidade de Ubirat\u00e3 e toda aregi\u00e3o. Com conte\u00fado atualizado, confi\u00e1vel e relevante, o Ubirat\u00e3 Online \u00e9 o seu espa\u00e7o para ficar por dentro dos principais acontecimentos locais, regionais, Brasil, Mundo e de interesse geral. Nosso compromisso \u00e9 com a verdade, a transpar\u00eancia e o respeito ao leitor.\",\"legalName\":\"UBIRATA ONLINE NOT\u00cdCIAS\",\"foundingDate\":\"2009-01-05\",\"numberOfEmployees\":{\"@type\":\"QuantitativeValue\",\"minValue\":\"1\",\"maxValue\":\"10\"},\"publishingPrinciples\":\"https:\\\/\\\/ubirataonline.com.br\\\/faq\\\/\",\"address\":{\"@id\":\"https:\\\/\\\/ubirataonline.com.br\\\/mppr-obtem-liminar-em-plantao-judiciario-para-barrar-promocao-pessoal-de-prefeito-em-festa-de-quarto-centenario\\\/#local-main-place-address\"},\"geo\":{\"@type\":\"GeoCoordinates\",\"latitude\":\"-24.5361401\",\"longitude\":\"-52.9921776\"},\"telephone\":[\"+5544998308235\"],\"contactPoint\":{\"@type\":\"ContactPoint\",\"email\":\"contato@ubirataonline.com.br\"},\"openingHoursSpecification\":{\"@type\":\"OpeningHoursSpecification\",\"dayOfWeek\":[\"Monday\",\"Tuesday\",\"Wednesday\",\"Thursday\",\"Friday\",\"Saturday\",\"Sunday\"],\"opens\":\"00:00\",\"closes\":\"23:59\"},\"email\":\"contato@ubirataonline.com.br\",\"vatID\":\"47.621.418\\\/0001-80\"},{\"@type\":\"Person\",\"@id\":\"https:\\\/\\\/ubirataonline.com.br\\\/#\\\/schema\\\/person\\\/372f87bbd3fdd79b8556b84c98d0bc1c\",\"name\":\"REDA\u00c7\u00c3O: UBIRAT\u00c3 ONLINE - F\u00c1BIO AUGUSTO CELESTINO\",\"pronouns\":\"Ele\",\"description\":\"Desde 2003 trabalhando com not\u00edcias.\",\"sameAs\":[\"http:\\\/\\\/ubirataoline.com.br\",\"https:\\\/\\\/www.facebook.com\\\/portalubirataonline\",\"https:\\\/\\\/www.instagram.com\\\/ubirataonline_oficial\",\"https:\\\/\\\/x.com\\\/x.com\\\/ubirataonline\"],\"honorificPrefix\":\"Mr.\",\"honorificSuffix\":\"MD\",\"birthDate\":\"1980-06-16\",\"gender\":\"masculino\",\"award\":[\"V\u00e1rios pr\u00eamios de melhor portal da cidade\"],\"jobTitle\":\"Diretor\",\"url\":\"https:\\\/\\\/ubirataonline.com.br\\\/en\\\/author\\\/ubirataonline\\\/\"},{\"@type\":\"PostalAddress\",\"@id\":\"https:\\\/\\\/ubirataonline.com.br\\\/mppr-obtem-liminar-em-plantao-judiciario-para-barrar-promocao-pessoal-de-prefeito-em-festa-de-quarto-centenario\\\/#local-main-place-address\",\"streetAddress\":\"Rua dos Coqueiros, 104 - Bairro Boa Vista, Rua dos Coqueiros, 104 Bairro Boa Vista\",\"addressLocality\":\"UBIRATA\",\"postalCode\":\"85440-000\",\"addressRegion\":\"PR\",\"addressCountry\":\"BR\"},{\"@type\":\"ImageObject\",\"inLanguage\":\"en-US\",\"@id\":\"https:\\\/\\\/ubirataonline.com.br\\\/mppr-obtem-liminar-em-plantao-judiciario-para-barrar-promocao-pessoal-de-prefeito-em-festa-de-quarto-centenario\\\/#local-main-organization-logo\",\"url\":\"https:\\\/\\\/ubirataonline.com.br\\\/wp-content\\\/uploads\\\/2026\\\/06\\\/logoubirataonline-1.webp\",\"contentUrl\":\"https:\\\/\\\/ubirataonline.com.br\\\/wp-content\\\/uploads\\\/2026\\\/06\\\/logoubirataonline-1.webp\",\"width\":500,\"height\":500,\"caption\":\"Ubirat\u00e3 Online Not\u00edcias\"}]}<\/script>\n<meta name=\"geo.placename\" content=\"UBIRATA\" \/>\n<meta name=\"geo.position\" content=\"-24.5361401;-52.9921776\" \/>\n<meta name=\"geo.region\" content=\"Brazil\" \/>\n<!-- \/ Yoast SEO Premium plugin. -->","yoast_head_json":{"title":"MPPR obt\u00e9m liminar em plant\u00e3o judici\u00e1rio para barrar promo\u00e7\u00e3o pessoal de prefeito em festa de Quarto Centen\u00e1rio - Ubirat\u00e3 Online Not\u00edcias - A realidade ao seu alcance!","description":"O Minist\u00e9rio P\u00fablico do Paran\u00e1 (MPPR), por meio da 1\u00aa Promotoria de Justi\u00e7a de Goioer\u00ea\/PR, obteve neste s\u00e1bado (25\/04) decis\u00e3o liminar que obriga o","robots":{"index":"index","follow":"follow","max-snippet":"max-snippet:-1","max-image-preview":"max-image-preview:large","max-video-preview":"max-video-preview:-1"},"canonical":"https:\/\/ubirataonline.com.br\/en\/mppr-obtem-liminar-em-plantao-judiciario-para-barrar-promocao-pessoal-de-prefeito-em-festa-de-quarto-centenario\/","og_locale":"en_US","og_type":"article","og_title":"MPPR obt\u00e9m liminar em plant\u00e3o judici\u00e1rio para barrar promo\u00e7\u00e3o pessoal de prefeito em festa de Quarto Centen\u00e1rio","og_description":"O Minist\u00e9rio P\u00fablico do Paran\u00e1 (MPPR), por meio da 1\u00aa Promotoria de Justi\u00e7a de Goioer\u00ea\/PR, obteve neste s\u00e1bado (25\/04) decis\u00e3o liminar que obriga o","og_url":"https:\/\/ubirataonline.com.br\/en\/mppr-obtem-liminar-em-plantao-judiciario-para-barrar-promocao-pessoal-de-prefeito-em-festa-de-quarto-centenario\/","og_site_name":"Ubirat\u00e3 Online Not\u00edcias - A realidade ao seu alcance!","article_publisher":"https:\/\/www.facebook.com\/portalubirataonline","article_author":"https:\/\/www.facebook.com\/portalubirataonline","article_published_time":"2026-04-25T22:11:37+00:00","article_modified_time":"2026-04-25T22:11:38+00:00","og_image":[{"width":240,"height":240,"url":"https:\/\/ubirataonline.com.br\/wp-content\/uploads\/2026\/03\/A-partir-de-requerimento-do-MPPR-Camara-Municipal-de-Guarapuava.png","type":"image\/png"}],"author":"REDA\u00c7\u00c3O: UBIRAT\u00c3 ONLINE - F\u00c1BIO AUGUSTO CELESTINO","twitter_card":"summary_large_image","twitter_creator":"@x.com\/ubirataonline","twitter_site":"@ubirataonline","twitter_misc":{"Written by":"REDA\u00c7\u00c3O: UBIRAT\u00c3 ONLINE - F\u00c1BIO AUGUSTO CELESTINO","Est. reading time":"2 minutes"},"schema":{"@context":"https:\/\/schema.org","@graph":[{"@type":"NewsArticle","@id":"https:\/\/ubirataonline.com.br\/mppr-obtem-liminar-em-plantao-judiciario-para-barrar-promocao-pessoal-de-prefeito-em-festa-de-quarto-centenario\/#article","isPartOf":{"@id":"https:\/\/ubirataonline.com.br\/mppr-obtem-liminar-em-plantao-judiciario-para-barrar-promocao-pessoal-de-prefeito-em-festa-de-quarto-centenario\/"},"author":{"name":"REDA\u00c7\u00c3O: UBIRAT\u00c3 ONLINE - F\u00c1BIO AUGUSTO CELESTINO","@id":"https:\/\/ubirataonline.com.br\/#\/schema\/person\/372f87bbd3fdd79b8556b84c98d0bc1c"},"headline":"MPPR obt\u00e9m liminar em plant\u00e3o judici\u00e1rio para barrar promo\u00e7\u00e3o pessoal de prefeito em festa de Quarto Centen\u00e1rio","datePublished":"2026-04-25T22:11:37+00:00","dateModified":"2026-04-25T22:11:38+00:00","mainEntityOfPage":{"@id":"https:\/\/ubirataonline.com.br\/mppr-obtem-liminar-em-plantao-judiciario-para-barrar-promocao-pessoal-de-prefeito-em-festa-de-quarto-centenario\/"},"wordCount":396,"publisher":{"@id":"https:\/\/ubirataonline.com.br\/#organization"},"image":{"@id":"https:\/\/ubirataonline.com.br\/mppr-obtem-liminar-em-plantao-judiciario-para-barrar-promocao-pessoal-de-prefeito-em-festa-de-quarto-centenario\/#primaryimage"},"thumbnailUrl":"https:\/\/ubirataonline.com.br\/wp-content\/uploads\/2026\/03\/A-partir-de-requerimento-do-MPPR-Camara-Municipal-de-Guarapuava.png","articleSection":["Ubirat\u00e3"],"inLanguage":"en-US","copyrightYear":"2026","copyrightHolder":{"@id":"https:\/\/ubirataonline.com.br\/en\/#organization"}},{"@type":"WebPage","@id":"https:\/\/ubirataonline.com.br\/mppr-obtem-liminar-em-plantao-judiciario-para-barrar-promocao-pessoal-de-prefeito-em-festa-de-quarto-centenario\/","url":"https:\/\/ubirataonline.com.br\/mppr-obtem-liminar-em-plantao-judiciario-para-barrar-promocao-pessoal-de-prefeito-em-festa-de-quarto-centenario\/","name":"MPPR obt\u00e9m liminar em plant\u00e3o judici\u00e1rio para barrar promo\u00e7\u00e3o pessoal de prefeito em festa de Quarto Centen\u00e1rio - Ubirat\u00e3 Online Not\u00edcias - A realidade ao seu alcance!","isPartOf":{"@id":"https:\/\/ubirataonline.com.br\/#website"},"primaryImageOfPage":{"@id":"https:\/\/ubirataonline.com.br\/mppr-obtem-liminar-em-plantao-judiciario-para-barrar-promocao-pessoal-de-prefeito-em-festa-de-quarto-centenario\/#primaryimage"},"image":{"@id":"https:\/\/ubirataonline.com.br\/mppr-obtem-liminar-em-plantao-judiciario-para-barrar-promocao-pessoal-de-prefeito-em-festa-de-quarto-centenario\/#primaryimage"},"thumbnailUrl":"https:\/\/ubirataonline.com.br\/wp-content\/uploads\/2026\/03\/A-partir-de-requerimento-do-MPPR-Camara-Municipal-de-Guarapuava.png","datePublished":"2026-04-25T22:11:37+00:00","dateModified":"2026-04-25T22:11:38+00:00","description":"O Minist\u00e9rio P\u00fablico do Paran\u00e1 (MPPR), por meio da 1\u00aa Promotoria de Justi\u00e7a de Goioer\u00ea\/PR, obteve neste s\u00e1bado (25\/04) decis\u00e3o liminar que obriga o","breadcrumb":{"@id":"https:\/\/ubirataonline.com.br\/mppr-obtem-liminar-em-plantao-judiciario-para-barrar-promocao-pessoal-de-prefeito-em-festa-de-quarto-centenario\/#breadcrumb"},"inLanguage":"en-US","potentialAction":[{"@type":"ReadAction","target":["https:\/\/ubirataonline.com.br\/mppr-obtem-liminar-em-plantao-judiciario-para-barrar-promocao-pessoal-de-prefeito-em-festa-de-quarto-centenario\/"]}]},{"@type":"ImageObject","inLanguage":"en-US","@id":"https:\/\/ubirataonline.com.br\/mppr-obtem-liminar-em-plantao-judiciario-para-barrar-promocao-pessoal-de-prefeito-em-festa-de-quarto-centenario\/#primaryimage","url":"https:\/\/ubirataonline.com.br\/wp-content\/uploads\/2026\/03\/A-partir-de-requerimento-do-MPPR-Camara-Municipal-de-Guarapuava.png","contentUrl":"https:\/\/ubirataonline.com.br\/wp-content\/uploads\/2026\/03\/A-partir-de-requerimento-do-MPPR-Camara-Municipal-de-Guarapuava.png","width":240,"height":240,"caption":"A partir de requerimento do MPPR, C\u00e2mara Municipal de Guarapuava instaura processo para cassar vereador condenado criminalmente por homic\u00eddio de tr\u00e2nsito"},{"@type":"BreadcrumbList","@id":"https:\/\/ubirataonline.com.br\/mppr-obtem-liminar-em-plantao-judiciario-para-barrar-promocao-pessoal-de-prefeito-em-festa-de-quarto-centenario\/#breadcrumb","itemListElement":[{"@type":"ListItem","position":1,"name":"In\u00edcio","item":"https:\/\/ubirataonline.com.br\/"},{"@type":"ListItem","position":2,"name":"MPPR obt\u00e9m liminar em plant\u00e3o judici\u00e1rio para barrar promo\u00e7\u00e3o pessoal de prefeito em festa de Quarto Centen\u00e1rio"}]},{"@type":"WebSite","@id":"https:\/\/ubirataonline.com.br\/#website","url":"https:\/\/ubirataonline.com.br\/","name":"Ubirat\u00e3 Online Not\u00edcias","description":"Not\u00edcias de Ubirat\u00e3, regi\u00e3o, Brasil e mundo, com informa\u00e7\u00e3o atualizada e compromisso com o leitor.","publisher":{"@id":"https:\/\/ubirataonline.com.br\/#organization"},"alternateName":"Ubirat\u00e3 Online","potentialAction":[{"@type":"SearchAction","target":{"@type":"EntryPoint","urlTemplate":"https:\/\/ubirataonline.com.br\/?s={search_term_string}"},"query-input":{"@type":"PropertyValueSpecification","valueRequired":true,"valueName":"search_term_string"}}],"inLanguage":"en-US"},{"@type":["Organization","Place"],"@id":"https:\/\/ubirataonline.com.br\/#organization","name":"Ubirat\u00e3 Online Not\u00edcias","alternateName":"Ubirat\u00e3 Online","url":"https:\/\/ubirataonline.com.br\/","logo":{"@id":"https:\/\/ubirataonline.com.br\/mppr-obtem-liminar-em-plantao-judiciario-para-barrar-promocao-pessoal-de-prefeito-em-festa-de-quarto-centenario\/#local-main-organization-logo"},"image":{"@id":"https:\/\/ubirataonline.com.br\/mppr-obtem-liminar-em-plantao-judiciario-para-barrar-promocao-pessoal-de-prefeito-em-festa-de-quarto-centenario\/#local-main-organization-logo"},"sameAs":["https:\/\/www.facebook.com\/portalubirataonline","https:\/\/x.com\/ubirataonline","https:\/\/mastodon.social\/@ubirataonline","https:\/\/www.facebook.com\/groups\/311144672285604","https:\/\/www.facebook.com\/UBTAOnline","https:\/\/www.instagram.com\/portalubirataonline\/","https:\/\/twitter.com\/ubirataonline"],"description":"Somos um portal de not\u00edcias independente, criado em 5 de janeiro de 2009, com o objetivo de informar, conectar e valorizar a nossa comunidade de Ubirat\u00e3 e toda aregi\u00e3o. Com conte\u00fado atualizado, confi\u00e1vel e relevante, o Ubirat\u00e3 Online \u00e9 o seu espa\u00e7o para ficar por dentro dos principais acontecimentos locais, regionais, Brasil, Mundo e de interesse geral. Nosso compromisso \u00e9 com a verdade, a transpar\u00eancia e o respeito ao leitor.","legalName":"UBIRATA ONLINE NOT\u00cdCIAS","foundingDate":"2009-01-05","numberOfEmployees":{"@type":"QuantitativeValue","minValue":"1","maxValue":"10"},"publishingPrinciples":"https:\/\/ubirataonline.com.br\/faq\/","address":{"@id":"https:\/\/ubirataonline.com.br\/mppr-obtem-liminar-em-plantao-judiciario-para-barrar-promocao-pessoal-de-prefeito-em-festa-de-quarto-centenario\/#local-main-place-address"},"geo":{"@type":"GeoCoordinates","latitude":"-24.5361401","longitude":"-52.9921776"},"telephone":["+5544998308235"],"contactPoint":{"@type":"ContactPoint","email":"contato@ubirataonline.com.br"},"openingHoursSpecification":{"@type":"OpeningHoursSpecification","dayOfWeek":["Monday","Tuesday","Wednesday","Thursday","Friday","Saturday","Sunday"],"opens":"00:00","closes":"23:59"},"email":"contato@ubirataonline.com.br","vatID":"47.621.418\/0001-80"},{"@type":"Person","@id":"https:\/\/ubirataonline.com.br\/#\/schema\/person\/372f87bbd3fdd79b8556b84c98d0bc1c","name":"REDA\u00c7\u00c3O: UBIRAT\u00c3 ONLINE - F\u00c1BIO AUGUSTO CELESTINO","pronouns":"Ele","description":"Desde 2003 trabalhando com not\u00edcias.","sameAs":["http:\/\/ubirataoline.com.br","https:\/\/www.facebook.com\/portalubirataonline","https:\/\/www.instagram.com\/ubirataonline_oficial","https:\/\/x.com\/x.com\/ubirataonline"],"honorificPrefix":"Mr.","honorificSuffix":"MD","birthDate":"1980-06-16","gender":"masculino","award":["V\u00e1rios pr\u00eamios de melhor portal da cidade"],"jobTitle":"Diretor","url":"https:\/\/ubirataonline.com.br\/en\/author\/ubirataonline\/"},{"@type":"PostalAddress","@id":"https:\/\/ubirataonline.com.br\/mppr-obtem-liminar-em-plantao-judiciario-para-barrar-promocao-pessoal-de-prefeito-em-festa-de-quarto-centenario\/#local-main-place-address","streetAddress":"Rua dos Coqueiros, 104 - Bairro Boa Vista, Rua dos Coqueiros, 104 Bairro Boa Vista","addressLocality":"UBIRATA","postalCode":"85440-000","addressRegion":"PR","addressCountry":"BR"},{"@type":"ImageObject","inLanguage":"en-US","@id":"https:\/\/ubirataonline.com.br\/mppr-obtem-liminar-em-plantao-judiciario-para-barrar-promocao-pessoal-de-prefeito-em-festa-de-quarto-centenario\/#local-main-organization-logo","url":"https:\/\/ubirataonline.com.br\/wp-content\/uploads\/2026\/06\/logoubirataonline-1.webp","contentUrl":"https:\/\/ubirataonline.com.br\/wp-content\/uploads\/2026\/06\/logoubirataonline-1.webp","width":500,"height":500,"caption":"Ubirat\u00e3 Online Not\u00edcias"}]},"geo.placename":"UBIRATA","geo.position":{"lat":"-24.5361401","long":"-52.9921776"},"geo.region":"Brazil"},"_links":{"self":[{"href":"https:\/\/ubirataonline.com.br\/en\/wp-json\/wp\/v2\/posts\/115345","targetHints":{"allow":["GET"]}}],"collection":[{"href":"https:\/\/ubirataonline.com.br\/en\/wp-json\/wp\/v2\/posts"}],"about":[{"href":"https:\/\/ubirataonline.com.br\/en\/wp-json\/wp\/v2\/types\/post"}],"author":[{"embeddable":true,"href":"https:\/\/ubirataonline.com.br\/en\/wp-json\/wp\/v2\/users\/1"}],"replies":[{"embeddable":true,"href":"https:\/\/ubirataonline.com.br\/en\/wp-json\/wp\/v2\/comments?post=115345"}],"version-history":[{"count":0,"href":"https:\/\/ubirataonline.com.br\/en\/wp-json\/wp\/v2\/posts\/115345\/revisions"}],"wp:featuredmedia":[{"embeddable":true,"href":"https:\/\/ubirataonline.com.br\/en\/wp-json\/wp\/v2\/media\/92463"}],"wp:attachment":[{"href":"https:\/\/ubirataonline.com.br\/en\/wp-json\/wp\/v2\/media?parent=115345"}],"wp:term":[{"taxonomy":"category","embeddable":true,"href":"https:\/\/ubirataonline.com.br\/en\/wp-json\/wp\/v2\/categories?post=115345"},{"taxonomy":"post_tag","embeddable":true,"href":"https:\/\/ubirataonline.com.br\/en\/wp-json\/wp\/v2\/tags?post=115345"}],"curies":[{"name":"wp","href":"https:\/\/api.w.org\/{rel}","templated":true}]}}