{"id":115443,"date":"2026-04-25T21:16:43","date_gmt":"2026-04-26T00:16:43","guid":{"rendered":"https:\/\/ubirataonline.com.br\/presidente-do-ira-diz-que-pais-nao-entrara-em-negociacoes-sob-bloqueio-naval\/"},"modified":"2026-04-25T21:16:45","modified_gmt":"2026-04-26T00:16:45","slug":"presidente-do-ira-diz-que-pais-nao-entrara-em-negociacoes-sob-bloqueio-naval","status":"publish","type":"post","link":"https:\/\/ubirataonline.com.br\/en\/presidente-do-ira-diz-que-pais-nao-entrara-em-negociacoes-sob-bloqueio-naval\/","title":{"rendered":"Presidente do Ir\u00e3 diz que pa\u00eds n\u00e3o entrar\u00e1 em negocia\u00e7\u00f5es sob bloqueio naval"},"content":{"rendered":"<p><\/p>\n<div id=\"texto\">\n<p>O presidente do Ir\u00e3, Masoud Pezeshkian, disse neste s\u00e1bado, 25, em telefonema ao primeiro-ministro do Paquist\u00e3o, Shehbaz Sharif, que \u201co Ir\u00e3 n\u00e3o entrar\u00e1 em negocia\u00e7\u00f5es sob press\u00e3o, amea\u00e7as ou bloqueio\u201d. Os Estados Unidos promovem um bloqueio aos portos do Ir\u00e3.<\/p>\n<p>\u201cEnquanto as a\u00e7\u00f5es hostis e as press\u00f5es dos Estados Unidos n\u00e3o cessarem, a reconstru\u00e7\u00e3o da confian\u00e7a e o avan\u00e7o no caminho do di\u00e1logo continuar\u00e3o dif\u00edceis\u201d, disse ele, segundo comunicado publicado por ve\u00edculos de imprensa estatais do pa\u00eds persa.<\/p>\n<p>\u201cNosso conselho aos Estados Unidos \u00e9 que primeiro removam os obst\u00e1culos, incluindo o bloqueio naval, para retomar o di\u00e1logo e criar uma base para a resolu\u00e7\u00e3o das quest\u00f5es\u201d, acrescentou. O bloqueio segue mesmo com um cessar-fogo em vigor.<\/p>\n<p>Uma rodada de negocia\u00e7\u00f5es entre Estados Unidos e Ir\u00e3 prevista para hoje, em Islamabad, no Paquist\u00e3o, acabou n\u00e3o ocorrendo. O ministro das Rela\u00e7\u00f5es Exteriores do Ir\u00e3, Abbas Araghchi, estava na capital paquistanesa, mas seguiu viagem para Om\u00e3. Por sua vez, o presidente norte-americano, Donald Trump, cancelou a viagem de seus enviados Steve Witkoff e Jared Kushner \u00e0 capital paquistanesa.<\/p>\n<p>Araghchi deve voltar a Islamabad neste domingo, 26, ap\u00f3s concluir sua visita a Om\u00e3 e antes de viajar para a R\u00fassia. <\/p>\n<\/p><\/div>\n<p><a href=\"https:\/\/cgn.inf.br\/noticia\/2092495\/presidente-do-ira-diz-que-pais-nao-entrara-em-negociacoes-sob-bloqueio-naval\">Fonte do Artigo <\/a><\/p>","protected":false},"excerpt":{"rendered":"<p>O presidente do Ir\u00e3, Masoud Pezeshkian, disse neste s\u00e1bado, 25, em telefonema ao primeiro-ministro do Paquist\u00e3o, Shehbaz Sharif, que \u201co Ir\u00e3 n\u00e3o entrar\u00e1 em negocia\u00e7\u00f5es sob press\u00e3o, amea\u00e7as ou bloqueio\u201d. Os Estados Unidos promovem um bloqueio aos portos do Ir\u00e3. \u201cEnquanto as a\u00e7\u00f5es hostis e as press\u00f5es dos Estados Unidos n\u00e3o cessarem, a reconstru\u00e7\u00e3o da [&hellip;]<\/p>\n","protected":false},"author":1,"featured_media":92994,"comment_status":"closed","ping_status":"","sticky":false,"template":"","format":"standard","meta":{"googlesitekit_rrm_CAow2JLhCw:productID":"","_gspb_post_css":"","maa_idioma":"","maa_pais":"","footnotes":""},"categories":[1],"tags":[9970,3031,31136,15473,3255,15563,6644,3598,3270,4429],"class_list":["post-115443","post","type-post","status-publish","format-standard","has-post-thumbnail","hentry","category-ubirata","tag-bloqueio","tag-diz","tag-entrara","tag-ira","tag-nao","tag-naval","tag-negociacoes","tag-pais","tag-presidente","tag-sob"],"blocksy_meta":[],"yoast_head":"<!-- This site is optimized with the Yoast SEO Premium plugin v27.6 (Yoast SEO v27.6) - https:\/\/yoast.com\/product\/yoast-seo-premium-wordpress\/ -->\n<title>Presidente do Ir\u00e3 diz que pa\u00eds n\u00e3o entrar\u00e1 em negocia\u00e7\u00f5es sob bloqueio naval - Ubirat\u00e3 Online Not\u00edcias - A realidade ao seu alcance!<\/title>\n<meta name=\"description\" content=\"O presidente do Ir\u00e3, Masoud Pezeshkian, disse neste s\u00e1bado, 25, em telefonema ao primeiro-ministro do Paquist\u00e3o, Shehbaz Sharif, que \u201co Ir\u00e3 n\u00e3o entrar\u00e1 em\" \/>\n<meta name=\"robots\" content=\"index, follow, max-snippet:-1, max-image-preview:large, max-video-preview:-1\" \/>\n<link rel=\"canonical\" href=\"https:\/\/ubirataonline.com.br\/en\/presidente-do-ira-diz-que-pais-nao-entrara-em-negociacoes-sob-bloqueio-naval\/\" \/>\n<meta property=\"og:locale\" content=\"en_US\" \/>\n<meta property=\"og:type\" content=\"article\" \/>\n<meta property=\"og:title\" content=\"Presidente do Ir\u00e3 diz que pa\u00eds n\u00e3o entrar\u00e1 em negocia\u00e7\u00f5es sob bloqueio naval\" \/>\n<meta property=\"og:description\" content=\"O presidente do Ir\u00e3, Masoud Pezeshkian, disse neste s\u00e1bado, 25, em telefonema ao primeiro-ministro do Paquist\u00e3o, Shehbaz Sharif, que \u201co Ir\u00e3 n\u00e3o entrar\u00e1 em\" \/>\n<meta property=\"og:url\" content=\"https:\/\/ubirataonline.com.br\/en\/presidente-do-ira-diz-que-pais-nao-entrara-em-negociacoes-sob-bloqueio-naval\/\" \/>\n<meta property=\"og:site_name\" content=\"Ubirat\u00e3 Online Not\u00edcias - A realidade ao seu alcance!\" \/>\n<meta property=\"article:publisher\" content=\"https:\/\/www.facebook.com\/portalubirataonline\" \/>\n<meta property=\"article:author\" content=\"https:\/\/www.facebook.com\/portalubirataonline\" \/>\n<meta property=\"article:published_time\" content=\"2026-04-26T00:16:43+00:00\" \/>\n<meta property=\"article:modified_time\" content=\"2026-04-26T00:16:45+00:00\" \/>\n<meta property=\"og:image\" content=\"https:\/\/ubirataonline.com.br\/wp-content\/uploads\/2026\/03\/Gilmar-ve-explicacao-insuficiente-e-da-72-horas-para-MPRJ.gif\" \/>\n\t<meta property=\"og:image:width\" content=\"768\" \/>\n\t<meta property=\"og:image:height\" content=\"461\" \/>\n\t<meta property=\"og:image:type\" content=\"image\/gif\" \/>\n<meta name=\"author\" content=\"REDA\u00c7\u00c3O: UBIRAT\u00c3 ONLINE - F\u00c1BIO AUGUSTO CELESTINO\" \/>\n<meta name=\"twitter:card\" content=\"summary_large_image\" \/>\n<meta name=\"twitter:creator\" content=\"@x.com\/ubirataonline\" \/>\n<meta name=\"twitter:site\" content=\"@ubirataonline\" \/>\n<meta name=\"twitter:label1\" content=\"Written by\" \/>\n\t<meta name=\"twitter:data1\" content=\"REDA\u00c7\u00c3O: UBIRAT\u00c3 ONLINE - F\u00c1BIO AUGUSTO CELESTINO\" \/>\n\t<meta name=\"twitter:label2\" content=\"Est. reading time\" \/>\n\t<meta name=\"twitter:data2\" content=\"1 minute\" \/>\n<script type=\"application\/ld+json\" class=\"yoast-schema-graph\">{\"@context\":\"https:\\\/\\\/schema.org\",\"@graph\":[{\"@type\":\"NewsArticle\",\"@id\":\"https:\\\/\\\/ubirataonline.com.br\\\/presidente-do-ira-diz-que-pais-nao-entrara-em-negociacoes-sob-bloqueio-naval\\\/#article\",\"isPartOf\":{\"@id\":\"https:\\\/\\\/ubirataonline.com.br\\\/presidente-do-ira-diz-que-pais-nao-entrara-em-negociacoes-sob-bloqueio-naval\\\/\"},\"author\":{\"name\":\"REDA\u00c7\u00c3O: UBIRAT\u00c3 ONLINE - F\u00c1BIO AUGUSTO CELESTINO\",\"@id\":\"https:\\\/\\\/ubirataonline.com.br\\\/#\\\/schema\\\/person\\\/372f87bbd3fdd79b8556b84c98d0bc1c\"},\"headline\":\"Presidente do Ir\u00e3 diz que pa\u00eds n\u00e3o entrar\u00e1 em negocia\u00e7\u00f5es sob bloqueio naval\",\"datePublished\":\"2026-04-26T00:16:43+00:00\",\"dateModified\":\"2026-04-26T00:16:45+00:00\",\"mainEntityOfPage\":{\"@id\":\"https:\\\/\\\/ubirataonline.com.br\\\/presidente-do-ira-diz-que-pais-nao-entrara-em-negociacoes-sob-bloqueio-naval\\\/\"},\"wordCount\":238,\"publisher\":{\"@id\":\"https:\\\/\\\/ubirataonline.com.br\\\/#organization\"},\"image\":{\"@id\":\"https:\\\/\\\/ubirataonline.com.br\\\/presidente-do-ira-diz-que-pais-nao-entrara-em-negociacoes-sob-bloqueio-naval\\\/#primaryimage\"},\"thumbnailUrl\":\"https:\\\/\\\/ubirataonline.com.br\\\/wp-content\\\/uploads\\\/2026\\\/03\\\/Gilmar-ve-explicacao-insuficiente-e-da-72-horas-para-MPRJ.gif\",\"keywords\":[\"bloqueio\",\"diz\",\"entrar\u00e1\",\"Ir\u00e3\",\"n\u00e3o\",\"naval\",\"negocia\u00e7\u00f5es\",\"pa\u00eds\",\"presidente\",\"Sob\"],\"articleSection\":[\"Ubirat\u00e3\"],\"inLanguage\":\"en-US\",\"copyrightYear\":\"2026\",\"copyrightHolder\":{\"@id\":\"https:\\\/\\\/ubirataonline.com.br\\\/en\\\/#organization\"}},{\"@type\":\"WebPage\",\"@id\":\"https:\\\/\\\/ubirataonline.com.br\\\/presidente-do-ira-diz-que-pais-nao-entrara-em-negociacoes-sob-bloqueio-naval\\\/\",\"url\":\"https:\\\/\\\/ubirataonline.com.br\\\/presidente-do-ira-diz-que-pais-nao-entrara-em-negociacoes-sob-bloqueio-naval\\\/\",\"name\":\"Presidente do Ir\u00e3 diz que pa\u00eds n\u00e3o entrar\u00e1 em negocia\u00e7\u00f5es sob bloqueio naval - Ubirat\u00e3 Online Not\u00edcias - A realidade ao seu alcance!\",\"isPartOf\":{\"@id\":\"https:\\\/\\\/ubirataonline.com.br\\\/#website\"},\"primaryImageOfPage\":{\"@id\":\"https:\\\/\\\/ubirataonline.com.br\\\/presidente-do-ira-diz-que-pais-nao-entrara-em-negociacoes-sob-bloqueio-naval\\\/#primaryimage\"},\"image\":{\"@id\":\"https:\\\/\\\/ubirataonline.com.br\\\/presidente-do-ira-diz-que-pais-nao-entrara-em-negociacoes-sob-bloqueio-naval\\\/#primaryimage\"},\"thumbnailUrl\":\"https:\\\/\\\/ubirataonline.com.br\\\/wp-content\\\/uploads\\\/2026\\\/03\\\/Gilmar-ve-explicacao-insuficiente-e-da-72-horas-para-MPRJ.gif\",\"datePublished\":\"2026-04-26T00:16:43+00:00\",\"dateModified\":\"2026-04-26T00:16:45+00:00\",\"description\":\"O presidente do Ir\u00e3, Masoud Pezeshkian, disse neste s\u00e1bado, 25, em telefonema ao primeiro-ministro do Paquist\u00e3o, Shehbaz Sharif, que \u201co Ir\u00e3 n\u00e3o entrar\u00e1 em\",\"breadcrumb\":{\"@id\":\"https:\\\/\\\/ubirataonline.com.br\\\/presidente-do-ira-diz-que-pais-nao-entrara-em-negociacoes-sob-bloqueio-naval\\\/#breadcrumb\"},\"inLanguage\":\"en-US\",\"potentialAction\":[{\"@type\":\"ReadAction\",\"target\":[\"https:\\\/\\\/ubirataonline.com.br\\\/presidente-do-ira-diz-que-pais-nao-entrara-em-negociacoes-sob-bloqueio-naval\\\/\"]}]},{\"@type\":\"ImageObject\",\"inLanguage\":\"en-US\",\"@id\":\"https:\\\/\\\/ubirataonline.com.br\\\/presidente-do-ira-diz-que-pais-nao-entrara-em-negociacoes-sob-bloqueio-naval\\\/#primaryimage\",\"url\":\"https:\\\/\\\/ubirataonline.com.br\\\/wp-content\\\/uploads\\\/2026\\\/03\\\/Gilmar-ve-explicacao-insuficiente-e-da-72-horas-para-MPRJ.gif\",\"contentUrl\":\"https:\\\/\\\/ubirataonline.com.br\\\/wp-content\\\/uploads\\\/2026\\\/03\\\/Gilmar-ve-explicacao-insuficiente-e-da-72-horas-para-MPRJ.gif\",\"width\":768,\"height\":461,\"caption\":\"Gilmar v\u00ea explica\u00e7\u00e3o insuficiente e d\u00e1 72 horas para MPRJ explicar pagamento de penduricalhos\"},{\"@type\":\"BreadcrumbList\",\"@id\":\"https:\\\/\\\/ubirataonline.com.br\\\/presidente-do-ira-diz-que-pais-nao-entrara-em-negociacoes-sob-bloqueio-naval\\\/#breadcrumb\",\"itemListElement\":[{\"@type\":\"ListItem\",\"position\":1,\"name\":\"In\u00edcio\",\"item\":\"https:\\\/\\\/ubirataonline.com.br\\\/\"},{\"@type\":\"ListItem\",\"position\":2,\"name\":\"Presidente do Ir\u00e3 diz que pa\u00eds n\u00e3o entrar\u00e1 em negocia\u00e7\u00f5es sob bloqueio naval\"}]},{\"@type\":\"WebSite\",\"@id\":\"https:\\\/\\\/ubirataonline.com.br\\\/#website\",\"url\":\"https:\\\/\\\/ubirataonline.com.br\\\/\",\"name\":\"Ubirat\u00e3 Online Not\u00edcias\",\"description\":\"Not\u00edcias de Ubirat\u00e3, regi\u00e3o, Brasil e mundo, com informa\u00e7\u00e3o atualizada e compromisso com o leitor.\",\"publisher\":{\"@id\":\"https:\\\/\\\/ubirataonline.com.br\\\/#organization\"},\"alternateName\":\"Ubirat\u00e3 Online\",\"potentialAction\":[{\"@type\":\"SearchAction\",\"target\":{\"@type\":\"EntryPoint\",\"urlTemplate\":\"https:\\\/\\\/ubirataonline.com.br\\\/?s={search_term_string}\"},\"query-input\":{\"@type\":\"PropertyValueSpecification\",\"valueRequired\":true,\"valueName\":\"search_term_string\"}}],\"inLanguage\":\"en-US\"},{\"@type\":[\"Organization\",\"Place\"],\"@id\":\"https:\\\/\\\/ubirataonline.com.br\\\/#organization\",\"name\":\"Ubirat\u00e3 Online Not\u00edcias\",\"alternateName\":\"Ubirat\u00e3 Online\",\"url\":\"https:\\\/\\\/ubirataonline.com.br\\\/\",\"logo\":{\"@id\":\"https:\\\/\\\/ubirataonline.com.br\\\/presidente-do-ira-diz-que-pais-nao-entrara-em-negociacoes-sob-bloqueio-naval\\\/#local-main-organization-logo\"},\"image\":{\"@id\":\"https:\\\/\\\/ubirataonline.com.br\\\/presidente-do-ira-diz-que-pais-nao-entrara-em-negociacoes-sob-bloqueio-naval\\\/#local-main-organization-logo\"},\"sameAs\":[\"https:\\\/\\\/www.facebook.com\\\/portalubirataonline\",\"https:\\\/\\\/x.com\\\/ubirataonline\",\"https:\\\/\\\/mastodon.social\\\/@ubirataonline\",\"https:\\\/\\\/www.facebook.com\\\/groups\\\/311144672285604\",\"https:\\\/\\\/www.facebook.com\\\/UBTAOnline\",\"https:\\\/\\\/www.instagram.com\\\/portalubirataonline\\\/\",\"https:\\\/\\\/twitter.com\\\/ubirataonline\"],\"description\":\"Somos um portal de not\u00edcias independente, criado em 5 de janeiro de 2009, com o objetivo de informar, conectar e valorizar a nossa comunidade de Ubirat\u00e3 e toda aregi\u00e3o. Com conte\u00fado atualizado, confi\u00e1vel e relevante, o Ubirat\u00e3 Online \u00e9 o seu espa\u00e7o para ficar por dentro dos principais acontecimentos locais, regionais, Brasil, Mundo e de interesse geral. Nosso compromisso \u00e9 com a verdade, a transpar\u00eancia e o respeito ao leitor.\",\"legalName\":\"UBIRATA ONLINE NOT\u00cdCIAS\",\"foundingDate\":\"2009-01-05\",\"numberOfEmployees\":{\"@type\":\"QuantitativeValue\",\"minValue\":\"1\",\"maxValue\":\"10\"},\"publishingPrinciples\":\"https:\\\/\\\/ubirataonline.com.br\\\/faq\\\/\",\"address\":{\"@id\":\"https:\\\/\\\/ubirataonline.com.br\\\/presidente-do-ira-diz-que-pais-nao-entrara-em-negociacoes-sob-bloqueio-naval\\\/#local-main-place-address\"},\"geo\":{\"@type\":\"GeoCoordinates\",\"latitude\":\"-24.5361401\",\"longitude\":\"-52.9921776\"},\"telephone\":[\"+5544998308235\"],\"contactPoint\":{\"@type\":\"ContactPoint\",\"email\":\"contato@ubirataonline.com.br\"},\"openingHoursSpecification\":{\"@type\":\"OpeningHoursSpecification\",\"dayOfWeek\":[\"Monday\",\"Tuesday\",\"Wednesday\",\"Thursday\",\"Friday\",\"Saturday\",\"Sunday\"],\"opens\":\"00:00\",\"closes\":\"23:59\"},\"email\":\"contato@ubirataonline.com.br\",\"vatID\":\"47.621.418\\\/0001-80\"},{\"@type\":\"Person\",\"@id\":\"https:\\\/\\\/ubirataonline.com.br\\\/#\\\/schema\\\/person\\\/372f87bbd3fdd79b8556b84c98d0bc1c\",\"name\":\"REDA\u00c7\u00c3O: UBIRAT\u00c3 ONLINE - F\u00c1BIO AUGUSTO CELESTINO\",\"pronouns\":\"Ele\",\"description\":\"Desde 2003 trabalhando com not\u00edcias.\",\"sameAs\":[\"http:\\\/\\\/ubirataoline.com.br\",\"https:\\\/\\\/www.facebook.com\\\/portalubirataonline\",\"https:\\\/\\\/www.instagram.com\\\/ubirataonline_oficial\",\"https:\\\/\\\/x.com\\\/x.com\\\/ubirataonline\"],\"honorificPrefix\":\"Mr.\",\"honorificSuffix\":\"MD\",\"birthDate\":\"1980-06-16\",\"gender\":\"masculino\",\"award\":[\"V\u00e1rios pr\u00eamios de melhor portal da cidade\"],\"jobTitle\":\"Diretor\",\"url\":\"https:\\\/\\\/ubirataonline.com.br\\\/en\\\/author\\\/ubirataonline\\\/\"},{\"@type\":\"PostalAddress\",\"@id\":\"https:\\\/\\\/ubirataonline.com.br\\\/presidente-do-ira-diz-que-pais-nao-entrara-em-negociacoes-sob-bloqueio-naval\\\/#local-main-place-address\",\"streetAddress\":\"Rua dos Coqueiros, 104 - Bairro Boa Vista, Rua dos Coqueiros, 104 Bairro Boa Vista\",\"addressLocality\":\"UBIRATA\",\"postalCode\":\"85440-000\",\"addressRegion\":\"PR\",\"addressCountry\":\"BR\"},{\"@type\":\"ImageObject\",\"inLanguage\":\"en-US\",\"@id\":\"https:\\\/\\\/ubirataonline.com.br\\\/presidente-do-ira-diz-que-pais-nao-entrara-em-negociacoes-sob-bloqueio-naval\\\/#local-main-organization-logo\",\"url\":\"https:\\\/\\\/ubirataonline.com.br\\\/wp-content\\\/uploads\\\/2026\\\/06\\\/logoubirataonline-1.webp\",\"contentUrl\":\"https:\\\/\\\/ubirataonline.com.br\\\/wp-content\\\/uploads\\\/2026\\\/06\\\/logoubirataonline-1.webp\",\"width\":500,\"height\":500,\"caption\":\"Ubirat\u00e3 Online Not\u00edcias\"}]}<\/script>\n<meta name=\"geo.placename\" content=\"UBIRATA\" \/>\n<meta name=\"geo.position\" content=\"-24.5361401;-52.9921776\" \/>\n<meta name=\"geo.region\" content=\"Brazil\" \/>\n<!-- \/ Yoast SEO Premium plugin. -->","yoast_head_json":{"title":"Presidente do Ir\u00e3 diz que pa\u00eds n\u00e3o entrar\u00e1 em negocia\u00e7\u00f5es sob bloqueio naval - Ubirat\u00e3 Online Not\u00edcias - A realidade ao seu alcance!","description":"O presidente do Ir\u00e3, Masoud Pezeshkian, disse neste s\u00e1bado, 25, em telefonema ao primeiro-ministro do Paquist\u00e3o, Shehbaz Sharif, que \u201co Ir\u00e3 n\u00e3o entrar\u00e1 em","robots":{"index":"index","follow":"follow","max-snippet":"max-snippet:-1","max-image-preview":"max-image-preview:large","max-video-preview":"max-video-preview:-1"},"canonical":"https:\/\/ubirataonline.com.br\/en\/presidente-do-ira-diz-que-pais-nao-entrara-em-negociacoes-sob-bloqueio-naval\/","og_locale":"en_US","og_type":"article","og_title":"Presidente do Ir\u00e3 diz que pa\u00eds n\u00e3o entrar\u00e1 em negocia\u00e7\u00f5es sob bloqueio naval","og_description":"O presidente do Ir\u00e3, Masoud Pezeshkian, disse neste s\u00e1bado, 25, em telefonema ao primeiro-ministro do Paquist\u00e3o, Shehbaz Sharif, que \u201co Ir\u00e3 n\u00e3o entrar\u00e1 em","og_url":"https:\/\/ubirataonline.com.br\/en\/presidente-do-ira-diz-que-pais-nao-entrara-em-negociacoes-sob-bloqueio-naval\/","og_site_name":"Ubirat\u00e3 Online Not\u00edcias - A realidade ao seu alcance!","article_publisher":"https:\/\/www.facebook.com\/portalubirataonline","article_author":"https:\/\/www.facebook.com\/portalubirataonline","article_published_time":"2026-04-26T00:16:43+00:00","article_modified_time":"2026-04-26T00:16:45+00:00","og_image":[{"width":768,"height":461,"url":"https:\/\/ubirataonline.com.br\/wp-content\/uploads\/2026\/03\/Gilmar-ve-explicacao-insuficiente-e-da-72-horas-para-MPRJ.gif","type":"image\/gif"}],"author":"REDA\u00c7\u00c3O: UBIRAT\u00c3 ONLINE - F\u00c1BIO AUGUSTO CELESTINO","twitter_card":"summary_large_image","twitter_creator":"@x.com\/ubirataonline","twitter_site":"@ubirataonline","twitter_misc":{"Written by":"REDA\u00c7\u00c3O: UBIRAT\u00c3 ONLINE - F\u00c1BIO AUGUSTO CELESTINO","Est. reading time":"1 minute"},"schema":{"@context":"https:\/\/schema.org","@graph":[{"@type":"NewsArticle","@id":"https:\/\/ubirataonline.com.br\/presidente-do-ira-diz-que-pais-nao-entrara-em-negociacoes-sob-bloqueio-naval\/#article","isPartOf":{"@id":"https:\/\/ubirataonline.com.br\/presidente-do-ira-diz-que-pais-nao-entrara-em-negociacoes-sob-bloqueio-naval\/"},"author":{"name":"REDA\u00c7\u00c3O: UBIRAT\u00c3 ONLINE - F\u00c1BIO AUGUSTO CELESTINO","@id":"https:\/\/ubirataonline.com.br\/#\/schema\/person\/372f87bbd3fdd79b8556b84c98d0bc1c"},"headline":"Presidente do Ir\u00e3 diz que pa\u00eds n\u00e3o entrar\u00e1 em negocia\u00e7\u00f5es sob bloqueio naval","datePublished":"2026-04-26T00:16:43+00:00","dateModified":"2026-04-26T00:16:45+00:00","mainEntityOfPage":{"@id":"https:\/\/ubirataonline.com.br\/presidente-do-ira-diz-que-pais-nao-entrara-em-negociacoes-sob-bloqueio-naval\/"},"wordCount":238,"publisher":{"@id":"https:\/\/ubirataonline.com.br\/#organization"},"image":{"@id":"https:\/\/ubirataonline.com.br\/presidente-do-ira-diz-que-pais-nao-entrara-em-negociacoes-sob-bloqueio-naval\/#primaryimage"},"thumbnailUrl":"https:\/\/ubirataonline.com.br\/wp-content\/uploads\/2026\/03\/Gilmar-ve-explicacao-insuficiente-e-da-72-horas-para-MPRJ.gif","keywords":["bloqueio","diz","entrar\u00e1","Ir\u00e3","n\u00e3o","naval","negocia\u00e7\u00f5es","pa\u00eds","presidente","Sob"],"articleSection":["Ubirat\u00e3"],"inLanguage":"en-US","copyrightYear":"2026","copyrightHolder":{"@id":"https:\/\/ubirataonline.com.br\/en\/#organization"}},{"@type":"WebPage","@id":"https:\/\/ubirataonline.com.br\/presidente-do-ira-diz-que-pais-nao-entrara-em-negociacoes-sob-bloqueio-naval\/","url":"https:\/\/ubirataonline.com.br\/presidente-do-ira-diz-que-pais-nao-entrara-em-negociacoes-sob-bloqueio-naval\/","name":"Presidente do Ir\u00e3 diz que pa\u00eds n\u00e3o entrar\u00e1 em negocia\u00e7\u00f5es sob bloqueio naval - Ubirat\u00e3 Online Not\u00edcias - A realidade ao seu alcance!","isPartOf":{"@id":"https:\/\/ubirataonline.com.br\/#website"},"primaryImageOfPage":{"@id":"https:\/\/ubirataonline.com.br\/presidente-do-ira-diz-que-pais-nao-entrara-em-negociacoes-sob-bloqueio-naval\/#primaryimage"},"image":{"@id":"https:\/\/ubirataonline.com.br\/presidente-do-ira-diz-que-pais-nao-entrara-em-negociacoes-sob-bloqueio-naval\/#primaryimage"},"thumbnailUrl":"https:\/\/ubirataonline.com.br\/wp-content\/uploads\/2026\/03\/Gilmar-ve-explicacao-insuficiente-e-da-72-horas-para-MPRJ.gif","datePublished":"2026-04-26T00:16:43+00:00","dateModified":"2026-04-26T00:16:45+00:00","description":"O presidente do Ir\u00e3, Masoud Pezeshkian, disse neste s\u00e1bado, 25, em telefonema ao primeiro-ministro do Paquist\u00e3o, Shehbaz Sharif, que \u201co Ir\u00e3 n\u00e3o entrar\u00e1 em","breadcrumb":{"@id":"https:\/\/ubirataonline.com.br\/presidente-do-ira-diz-que-pais-nao-entrara-em-negociacoes-sob-bloqueio-naval\/#breadcrumb"},"inLanguage":"en-US","potentialAction":[{"@type":"ReadAction","target":["https:\/\/ubirataonline.com.br\/presidente-do-ira-diz-que-pais-nao-entrara-em-negociacoes-sob-bloqueio-naval\/"]}]},{"@type":"ImageObject","inLanguage":"en-US","@id":"https:\/\/ubirataonline.com.br\/presidente-do-ira-diz-que-pais-nao-entrara-em-negociacoes-sob-bloqueio-naval\/#primaryimage","url":"https:\/\/ubirataonline.com.br\/wp-content\/uploads\/2026\/03\/Gilmar-ve-explicacao-insuficiente-e-da-72-horas-para-MPRJ.gif","contentUrl":"https:\/\/ubirataonline.com.br\/wp-content\/uploads\/2026\/03\/Gilmar-ve-explicacao-insuficiente-e-da-72-horas-para-MPRJ.gif","width":768,"height":461,"caption":"Gilmar v\u00ea explica\u00e7\u00e3o insuficiente e d\u00e1 72 horas para MPRJ explicar pagamento de penduricalhos"},{"@type":"BreadcrumbList","@id":"https:\/\/ubirataonline.com.br\/presidente-do-ira-diz-que-pais-nao-entrara-em-negociacoes-sob-bloqueio-naval\/#breadcrumb","itemListElement":[{"@type":"ListItem","position":1,"name":"In\u00edcio","item":"https:\/\/ubirataonline.com.br\/"},{"@type":"ListItem","position":2,"name":"Presidente do Ir\u00e3 diz que pa\u00eds n\u00e3o entrar\u00e1 em negocia\u00e7\u00f5es sob bloqueio naval"}]},{"@type":"WebSite","@id":"https:\/\/ubirataonline.com.br\/#website","url":"https:\/\/ubirataonline.com.br\/","name":"Ubirat\u00e3 Online Not\u00edcias","description":"Not\u00edcias de Ubirat\u00e3, regi\u00e3o, Brasil e mundo, com informa\u00e7\u00e3o atualizada e compromisso com o leitor.","publisher":{"@id":"https:\/\/ubirataonline.com.br\/#organization"},"alternateName":"Ubirat\u00e3 Online","potentialAction":[{"@type":"SearchAction","target":{"@type":"EntryPoint","urlTemplate":"https:\/\/ubirataonline.com.br\/?s={search_term_string}"},"query-input":{"@type":"PropertyValueSpecification","valueRequired":true,"valueName":"search_term_string"}}],"inLanguage":"en-US"},{"@type":["Organization","Place"],"@id":"https:\/\/ubirataonline.com.br\/#organization","name":"Ubirat\u00e3 Online Not\u00edcias","alternateName":"Ubirat\u00e3 Online","url":"https:\/\/ubirataonline.com.br\/","logo":{"@id":"https:\/\/ubirataonline.com.br\/presidente-do-ira-diz-que-pais-nao-entrara-em-negociacoes-sob-bloqueio-naval\/#local-main-organization-logo"},"image":{"@id":"https:\/\/ubirataonline.com.br\/presidente-do-ira-diz-que-pais-nao-entrara-em-negociacoes-sob-bloqueio-naval\/#local-main-organization-logo"},"sameAs":["https:\/\/www.facebook.com\/portalubirataonline","https:\/\/x.com\/ubirataonline","https:\/\/mastodon.social\/@ubirataonline","https:\/\/www.facebook.com\/groups\/311144672285604","https:\/\/www.facebook.com\/UBTAOnline","https:\/\/www.instagram.com\/portalubirataonline\/","https:\/\/twitter.com\/ubirataonline"],"description":"Somos um portal de not\u00edcias independente, criado em 5 de janeiro de 2009, com o objetivo de informar, conectar e valorizar a nossa comunidade de Ubirat\u00e3 e toda aregi\u00e3o. Com conte\u00fado atualizado, confi\u00e1vel e relevante, o Ubirat\u00e3 Online \u00e9 o seu espa\u00e7o para ficar por dentro dos principais acontecimentos locais, regionais, Brasil, Mundo e de interesse geral. Nosso compromisso \u00e9 com a verdade, a transpar\u00eancia e o respeito ao leitor.","legalName":"UBIRATA ONLINE NOT\u00cdCIAS","foundingDate":"2009-01-05","numberOfEmployees":{"@type":"QuantitativeValue","minValue":"1","maxValue":"10"},"publishingPrinciples":"https:\/\/ubirataonline.com.br\/faq\/","address":{"@id":"https:\/\/ubirataonline.com.br\/presidente-do-ira-diz-que-pais-nao-entrara-em-negociacoes-sob-bloqueio-naval\/#local-main-place-address"},"geo":{"@type":"GeoCoordinates","latitude":"-24.5361401","longitude":"-52.9921776"},"telephone":["+5544998308235"],"contactPoint":{"@type":"ContactPoint","email":"contato@ubirataonline.com.br"},"openingHoursSpecification":{"@type":"OpeningHoursSpecification","dayOfWeek":["Monday","Tuesday","Wednesday","Thursday","Friday","Saturday","Sunday"],"opens":"00:00","closes":"23:59"},"email":"contato@ubirataonline.com.br","vatID":"47.621.418\/0001-80"},{"@type":"Person","@id":"https:\/\/ubirataonline.com.br\/#\/schema\/person\/372f87bbd3fdd79b8556b84c98d0bc1c","name":"REDA\u00c7\u00c3O: UBIRAT\u00c3 ONLINE - F\u00c1BIO AUGUSTO CELESTINO","pronouns":"Ele","description":"Desde 2003 trabalhando com not\u00edcias.","sameAs":["http:\/\/ubirataoline.com.br","https:\/\/www.facebook.com\/portalubirataonline","https:\/\/www.instagram.com\/ubirataonline_oficial","https:\/\/x.com\/x.com\/ubirataonline"],"honorificPrefix":"Mr.","honorificSuffix":"MD","birthDate":"1980-06-16","gender":"masculino","award":["V\u00e1rios pr\u00eamios de melhor portal da cidade"],"jobTitle":"Diretor","url":"https:\/\/ubirataonline.com.br\/en\/author\/ubirataonline\/"},{"@type":"PostalAddress","@id":"https:\/\/ubirataonline.com.br\/presidente-do-ira-diz-que-pais-nao-entrara-em-negociacoes-sob-bloqueio-naval\/#local-main-place-address","streetAddress":"Rua dos Coqueiros, 104 - Bairro Boa Vista, Rua dos Coqueiros, 104 Bairro Boa Vista","addressLocality":"UBIRATA","postalCode":"85440-000","addressRegion":"PR","addressCountry":"BR"},{"@type":"ImageObject","inLanguage":"en-US","@id":"https:\/\/ubirataonline.com.br\/presidente-do-ira-diz-que-pais-nao-entrara-em-negociacoes-sob-bloqueio-naval\/#local-main-organization-logo","url":"https:\/\/ubirataonline.com.br\/wp-content\/uploads\/2026\/06\/logoubirataonline-1.webp","contentUrl":"https:\/\/ubirataonline.com.br\/wp-content\/uploads\/2026\/06\/logoubirataonline-1.webp","width":500,"height":500,"caption":"Ubirat\u00e3 Online Not\u00edcias"}]},"geo.placename":"UBIRATA","geo.position":{"lat":"-24.5361401","long":"-52.9921776"},"geo.region":"Brazil"},"_links":{"self":[{"href":"https:\/\/ubirataonline.com.br\/en\/wp-json\/wp\/v2\/posts\/115443","targetHints":{"allow":["GET"]}}],"collection":[{"href":"https:\/\/ubirataonline.com.br\/en\/wp-json\/wp\/v2\/posts"}],"about":[{"href":"https:\/\/ubirataonline.com.br\/en\/wp-json\/wp\/v2\/types\/post"}],"author":[{"embeddable":true,"href":"https:\/\/ubirataonline.com.br\/en\/wp-json\/wp\/v2\/users\/1"}],"replies":[{"embeddable":true,"href":"https:\/\/ubirataonline.com.br\/en\/wp-json\/wp\/v2\/comments?post=115443"}],"version-history":[{"count":0,"href":"https:\/\/ubirataonline.com.br\/en\/wp-json\/wp\/v2\/posts\/115443\/revisions"}],"wp:featuredmedia":[{"embeddable":true,"href":"https:\/\/ubirataonline.com.br\/en\/wp-json\/wp\/v2\/media\/92994"}],"wp:attachment":[{"href":"https:\/\/ubirataonline.com.br\/en\/wp-json\/wp\/v2\/media?parent=115443"}],"wp:term":[{"taxonomy":"category","embeddable":true,"href":"https:\/\/ubirataonline.com.br\/en\/wp-json\/wp\/v2\/categories?post=115443"},{"taxonomy":"post_tag","embeddable":true,"href":"https:\/\/ubirataonline.com.br\/en\/wp-json\/wp\/v2\/tags?post=115443"}],"curies":[{"name":"wp","href":"https:\/\/api.w.org\/{rel}","templated":true}]}}