{"id":115516,"date":"2026-04-25T23:08:35","date_gmt":"2026-04-26T02:08:35","guid":{"rendered":"https:\/\/ubirataonline.com.br\/atacante-do-sao-paulo-e-parca-de-calleri-recebe-sondagens-de-gigantes-clubes-da-europa\/"},"modified":"2026-04-25T23:08:39","modified_gmt":"2026-04-26T02:08:39","slug":"atacante-do-sao-paulo-e-parca-de-calleri-recebe-sondagens-de-gigantes-clubes-da-europa","status":"publish","type":"post","link":"https:\/\/ubirataonline.com.br\/en\/atacante-do-sao-paulo-e-parca-de-calleri-recebe-sondagens-de-gigantes-clubes-da-europa\/","title":{"rendered":"Atacante do S\u00e3o Paulo e \u201cpar\u00e7a\u201d de Calleri, recebe sondagens de gigantes clubes da Europa"},"content":{"rendered":"<p><\/p>\n<div>\n<h2 class=\"wp-block-heading\">Atacante do S\u00e3o Paulo \u00e9 sondado por europeus<\/h2>\n<p>O<strong><a href=\"https:\/\/nacaotricolor.com\"> S\u00e3o Paulo<\/a><\/strong> pode faturar milh\u00f5es com a poss\u00edvel venda de um de seus atacantes do elenco com uma poss\u00edvel ida para o futebol europeu. Endividado, o Tricolor analisa com cautela novas possibilidades de vendas, pois existe uma meta pr\u00e9 definida no in\u00edcio de 2026 que praticamente obrigada o clube a faturar com venda de seus jogadores para equilibras as finan\u00e7as no decorrer do ano.<\/p>\n<p>Com isso, Andr\u00e9 Silva, jogador considerado reserva de Jonathan Calleri, novamente entrou no radar de clubes da Europa. Segundo as \u00faltimas informa\u00e7\u00f5es envolvendo o atacante, Andr\u00e9 est\u00e1 sendo monitorado por clubes europeus como <a href=\"https:\/\/futebolbr.com.br\/\" target=\"_blank\" rel=\"noopener\">Sassuolo e Stuttgart<\/a>. Reserva de Calleri, o jogador pode considerar uma sa\u00edda em busca de mais minutos em campo.<\/p>\n<figure class=\"wp-block-image size-large\"><picture><source data-srcset=\"https:\/\/nacaotricolor.com\/wp-content\/uploads\/2025\/05\/Andre2-1024x683.jpeg.webp 1024w, https:\/\/nacaotricolor.com\/wp-content\/uploads\/2025\/05\/Andre2-300x200.jpeg.webp 300w, https:\/\/nacaotricolor.com\/wp-content\/uploads\/2025\/05\/Andre2-768x512.jpeg.webp 768w, https:\/\/nacaotricolor.com\/wp-content\/uploads\/2025\/05\/Andre2-1200x800.jpeg.webp 1200w, https:\/\/nacaotricolor.com\/wp-content\/uploads\/2025\/05\/Andre2-600x400.jpeg.webp 600w, https:\/\/nacaotricolor.com\/wp-content\/uploads\/2025\/05\/Andre2.jpeg.webp 1920w\" data-sizes=\"(max-width: 1024px) 100vw, 1024px\" type=\"image\/webp\"><\/source><\/picture><figcaption class=\"wp-element-caption\">Andr\u00e9 Silva em a\u00e7\u00e3o pelo S\u00e3o Paulo na temporada. (Foto: X da Libertadores)<\/figcaption><\/figure>\n<p>Vivenciando um momento de aten\u00e7\u00e3o nas finan\u00e7as, o clube n\u00e3o descarta nenhum neg\u00f3cio e em caso de uma proposta vantajosa para o clube, a diretoria n\u00e3o se op\u00f5e a uma poss\u00edvel venda. Andr\u00e9 n\u00e3o conseguiu se firmar como titular absoluto desde sua chegada ao clube, mas, frequentando apresenta bons jogos. O atleta est\u00e1 no radar do mercado europeu.<\/p>\n<\/div>\n<p><a href=\"https:\/\/nacaotricolor.com\/noticias-do-sao-paulo\/parca-calleri-sao-paulo-25\/\">Fonte do Artigo <\/a><\/p>","protected":false},"excerpt":{"rendered":"<p>Atacante do S\u00e3o Paulo \u00e9 sondado por europeus O S\u00e3o Paulo pode faturar milh\u00f5es com a poss\u00edvel venda de um de seus atacantes do elenco com uma poss\u00edvel ida para o futebol europeu. Endividado, o Tricolor analisa com cautela novas possibilidades de vendas, pois existe uma meta pr\u00e9 definida no in\u00edcio de 2026 que praticamente [&hellip;]<\/p>\n","protected":false},"author":1,"featured_media":115517,"comment_status":"closed","ping_status":"","sticky":false,"template":"","format":"standard","meta":{"googlesitekit_rrm_CAow2JLhCw:productID":"","_gspb_post_css":"","maa_idioma":"","maa_pais":"","footnotes":""},"categories":[4],"tags":[3578,18979,6777,4207,3770,31156,3263,4093,3262,31157],"class_list":["post-115516","post","type-post","status-publish","format-standard","has-post-thumbnail","hentry","category-brasil","tag-atacante","tag-calleri","tag-clubes","tag-europa","tag-gigantes","tag-parca","tag-paulo","tag-recebe","tag-sao","tag-sondagens"],"blocksy_meta":[],"yoast_head":"<!-- This site is optimized with the Yoast SEO Premium plugin v27.6 (Yoast SEO v27.6) - https:\/\/yoast.com\/product\/yoast-seo-premium-wordpress\/ -->\n<title>Atacante do S\u00e3o Paulo e \u201cpar\u00e7a\u201d de Calleri, recebe sondagens de gigantes clubes da Europa - Ubirat\u00e3 Online Not\u00edcias - A realidade ao seu alcance!<\/title>\n<meta name=\"description\" content=\"Atacante do S\u00e3o Paulo \u00e9 sondado por europeus O S\u00e3o Paulo pode faturar milh\u00f5es com a poss\u00edvel venda de um de seus atacantes do elenco com uma poss\u00edvel ida\" \/>\n<meta name=\"robots\" content=\"index, follow, max-snippet:-1, max-image-preview:large, max-video-preview:-1\" \/>\n<link rel=\"canonical\" href=\"https:\/\/ubirataonline.com.br\/en\/atacante-do-sao-paulo-e-parca-de-calleri-recebe-sondagens-de-gigantes-clubes-da-europa\/\" \/>\n<meta property=\"og:locale\" content=\"en_US\" \/>\n<meta property=\"og:type\" content=\"article\" \/>\n<meta property=\"og:title\" content=\"Atacante do S\u00e3o Paulo e \u201cpar\u00e7a\u201d de Calleri, recebe sondagens de gigantes clubes da Europa\" \/>\n<meta property=\"og:description\" content=\"Atacante do S\u00e3o Paulo \u00e9 sondado por europeus O S\u00e3o Paulo pode faturar milh\u00f5es com a poss\u00edvel venda de um de seus atacantes do elenco com uma poss\u00edvel ida\" \/>\n<meta property=\"og:url\" content=\"https:\/\/ubirataonline.com.br\/en\/atacante-do-sao-paulo-e-parca-de-calleri-recebe-sondagens-de-gigantes-clubes-da-europa\/\" \/>\n<meta property=\"og:site_name\" content=\"Ubirat\u00e3 Online Not\u00edcias - A realidade ao seu alcance!\" \/>\n<meta property=\"article:publisher\" content=\"https:\/\/www.facebook.com\/portalubirataonline\" \/>\n<meta property=\"article:author\" content=\"https:\/\/www.facebook.com\/portalubirataonline\" \/>\n<meta property=\"article:published_time\" content=\"2026-04-26T02:08:35+00:00\" \/>\n<meta property=\"article:modified_time\" content=\"2026-04-26T02:08:39+00:00\" \/>\n<meta property=\"og:image\" content=\"https:\/\/ubirataonline.com.br\/wp-content\/uploads\/2026\/04\/Atacante-do-Sao-Paulo-e-parca-de-Calleri-recebe-sondagens.jpg\" \/>\n\t<meta property=\"og:image:width\" content=\"1284\" \/>\n\t<meta property=\"og:image:height\" content=\"828\" \/>\n\t<meta property=\"og:image:type\" content=\"image\/jpeg\" \/>\n<meta name=\"author\" content=\"REDA\u00c7\u00c3O: UBIRAT\u00c3 ONLINE - F\u00c1BIO AUGUSTO CELESTINO\" \/>\n<meta name=\"twitter:card\" content=\"summary_large_image\" \/>\n<meta name=\"twitter:creator\" content=\"@x.com\/ubirataonline\" \/>\n<meta name=\"twitter:site\" content=\"@ubirataonline\" \/>\n<meta name=\"twitter:label1\" content=\"Written by\" \/>\n\t<meta name=\"twitter:data1\" content=\"REDA\u00c7\u00c3O: UBIRAT\u00c3 ONLINE - F\u00c1BIO AUGUSTO CELESTINO\" \/>\n\t<meta name=\"twitter:label2\" content=\"Est. reading time\" \/>\n\t<meta name=\"twitter:data2\" content=\"1 minute\" \/>\n<script type=\"application\/ld+json\" class=\"yoast-schema-graph\">{\"@context\":\"https:\\\/\\\/schema.org\",\"@graph\":[{\"@type\":\"NewsArticle\",\"@id\":\"https:\\\/\\\/ubirataonline.com.br\\\/atacante-do-sao-paulo-e-parca-de-calleri-recebe-sondagens-de-gigantes-clubes-da-europa\\\/#article\",\"isPartOf\":{\"@id\":\"https:\\\/\\\/ubirataonline.com.br\\\/atacante-do-sao-paulo-e-parca-de-calleri-recebe-sondagens-de-gigantes-clubes-da-europa\\\/\"},\"author\":{\"name\":\"REDA\u00c7\u00c3O: UBIRAT\u00c3 ONLINE - F\u00c1BIO AUGUSTO CELESTINO\",\"@id\":\"https:\\\/\\\/ubirataonline.com.br\\\/#\\\/schema\\\/person\\\/372f87bbd3fdd79b8556b84c98d0bc1c\"},\"headline\":\"Atacante do S\u00e3o Paulo e \u201cpar\u00e7a\u201d de Calleri, recebe sondagens de gigantes clubes da Europa\",\"datePublished\":\"2026-04-26T02:08:35+00:00\",\"dateModified\":\"2026-04-26T02:08:39+00:00\",\"mainEntityOfPage\":{\"@id\":\"https:\\\/\\\/ubirataonline.com.br\\\/atacante-do-sao-paulo-e-parca-de-calleri-recebe-sondagens-de-gigantes-clubes-da-europa\\\/\"},\"wordCount\":233,\"publisher\":{\"@id\":\"https:\\\/\\\/ubirataonline.com.br\\\/#organization\"},\"image\":{\"@id\":\"https:\\\/\\\/ubirataonline.com.br\\\/atacante-do-sao-paulo-e-parca-de-calleri-recebe-sondagens-de-gigantes-clubes-da-europa\\\/#primaryimage\"},\"thumbnailUrl\":\"https:\\\/\\\/ubirataonline.com.br\\\/wp-content\\\/uploads\\\/2026\\\/04\\\/Atacante-do-Sao-Paulo-e-parca-de-Calleri-recebe-sondagens.jpg\",\"keywords\":[\"atacante\",\"Calleri\",\"clubes\",\"Europa\",\"gigantes\",\"par\u00e7a\",\"Paulo\",\"recebe\",\"S\u00e3o\",\"sondagens\"],\"articleSection\":[\"Brasil\"],\"inLanguage\":\"en-US\",\"copyrightYear\":\"2026\",\"copyrightHolder\":{\"@id\":\"https:\\\/\\\/ubirataonline.com.br\\\/en\\\/#organization\"}},{\"@type\":\"WebPage\",\"@id\":\"https:\\\/\\\/ubirataonline.com.br\\\/atacante-do-sao-paulo-e-parca-de-calleri-recebe-sondagens-de-gigantes-clubes-da-europa\\\/\",\"url\":\"https:\\\/\\\/ubirataonline.com.br\\\/atacante-do-sao-paulo-e-parca-de-calleri-recebe-sondagens-de-gigantes-clubes-da-europa\\\/\",\"name\":\"Atacante do S\u00e3o Paulo e \u201cpar\u00e7a\u201d de Calleri, recebe sondagens de gigantes clubes da Europa - Ubirat\u00e3 Online Not\u00edcias - A realidade ao seu alcance!\",\"isPartOf\":{\"@id\":\"https:\\\/\\\/ubirataonline.com.br\\\/#website\"},\"primaryImageOfPage\":{\"@id\":\"https:\\\/\\\/ubirataonline.com.br\\\/atacante-do-sao-paulo-e-parca-de-calleri-recebe-sondagens-de-gigantes-clubes-da-europa\\\/#primaryimage\"},\"image\":{\"@id\":\"https:\\\/\\\/ubirataonline.com.br\\\/atacante-do-sao-paulo-e-parca-de-calleri-recebe-sondagens-de-gigantes-clubes-da-europa\\\/#primaryimage\"},\"thumbnailUrl\":\"https:\\\/\\\/ubirataonline.com.br\\\/wp-content\\\/uploads\\\/2026\\\/04\\\/Atacante-do-Sao-Paulo-e-parca-de-Calleri-recebe-sondagens.jpg\",\"datePublished\":\"2026-04-26T02:08:35+00:00\",\"dateModified\":\"2026-04-26T02:08:39+00:00\",\"description\":\"Atacante do S\u00e3o Paulo \u00e9 sondado por europeus O S\u00e3o Paulo pode faturar milh\u00f5es com a poss\u00edvel venda de um de seus atacantes do elenco com uma poss\u00edvel ida\",\"breadcrumb\":{\"@id\":\"https:\\\/\\\/ubirataonline.com.br\\\/atacante-do-sao-paulo-e-parca-de-calleri-recebe-sondagens-de-gigantes-clubes-da-europa\\\/#breadcrumb\"},\"inLanguage\":\"en-US\",\"potentialAction\":[{\"@type\":\"ReadAction\",\"target\":[\"https:\\\/\\\/ubirataonline.com.br\\\/atacante-do-sao-paulo-e-parca-de-calleri-recebe-sondagens-de-gigantes-clubes-da-europa\\\/\"]}]},{\"@type\":\"ImageObject\",\"inLanguage\":\"en-US\",\"@id\":\"https:\\\/\\\/ubirataonline.com.br\\\/atacante-do-sao-paulo-e-parca-de-calleri-recebe-sondagens-de-gigantes-clubes-da-europa\\\/#primaryimage\",\"url\":\"https:\\\/\\\/ubirataonline.com.br\\\/wp-content\\\/uploads\\\/2026\\\/04\\\/Atacante-do-Sao-Paulo-e-parca-de-Calleri-recebe-sondagens.jpg\",\"contentUrl\":\"https:\\\/\\\/ubirataonline.com.br\\\/wp-content\\\/uploads\\\/2026\\\/04\\\/Atacante-do-Sao-Paulo-e-parca-de-Calleri-recebe-sondagens.jpg\",\"width\":1284,\"height\":828,\"caption\":\"Calleri em a\u00e7\u00e3o pelo S\u00e3o Paulo no Brasileir\u00e3o 2026. Foto: Victor Monteiro.\"},{\"@type\":\"BreadcrumbList\",\"@id\":\"https:\\\/\\\/ubirataonline.com.br\\\/atacante-do-sao-paulo-e-parca-de-calleri-recebe-sondagens-de-gigantes-clubes-da-europa\\\/#breadcrumb\",\"itemListElement\":[{\"@type\":\"ListItem\",\"position\":1,\"name\":\"In\u00edcio\",\"item\":\"https:\\\/\\\/ubirataonline.com.br\\\/\"},{\"@type\":\"ListItem\",\"position\":2,\"name\":\"Atacante do S\u00e3o Paulo e \u201cpar\u00e7a\u201d de Calleri, recebe sondagens de gigantes clubes da Europa\"}]},{\"@type\":\"WebSite\",\"@id\":\"https:\\\/\\\/ubirataonline.com.br\\\/#website\",\"url\":\"https:\\\/\\\/ubirataonline.com.br\\\/\",\"name\":\"Ubirat\u00e3 Online Not\u00edcias\",\"description\":\"Not\u00edcias de Ubirat\u00e3, regi\u00e3o, Brasil e mundo, com informa\u00e7\u00e3o atualizada e compromisso com o leitor.\",\"publisher\":{\"@id\":\"https:\\\/\\\/ubirataonline.com.br\\\/#organization\"},\"alternateName\":\"Ubirat\u00e3 Online\",\"potentialAction\":[{\"@type\":\"SearchAction\",\"target\":{\"@type\":\"EntryPoint\",\"urlTemplate\":\"https:\\\/\\\/ubirataonline.com.br\\\/?s={search_term_string}\"},\"query-input\":{\"@type\":\"PropertyValueSpecification\",\"valueRequired\":true,\"valueName\":\"search_term_string\"}}],\"inLanguage\":\"en-US\"},{\"@type\":[\"Organization\",\"Place\"],\"@id\":\"https:\\\/\\\/ubirataonline.com.br\\\/#organization\",\"name\":\"Ubirat\u00e3 Online Not\u00edcias\",\"alternateName\":\"Ubirat\u00e3 Online\",\"url\":\"https:\\\/\\\/ubirataonline.com.br\\\/\",\"logo\":{\"@id\":\"https:\\\/\\\/ubirataonline.com.br\\\/atacante-do-sao-paulo-e-parca-de-calleri-recebe-sondagens-de-gigantes-clubes-da-europa\\\/#local-main-organization-logo\"},\"image\":{\"@id\":\"https:\\\/\\\/ubirataonline.com.br\\\/atacante-do-sao-paulo-e-parca-de-calleri-recebe-sondagens-de-gigantes-clubes-da-europa\\\/#local-main-organization-logo\"},\"sameAs\":[\"https:\\\/\\\/www.facebook.com\\\/portalubirataonline\",\"https:\\\/\\\/x.com\\\/ubirataonline\",\"https:\\\/\\\/mastodon.social\\\/@ubirataonline\",\"https:\\\/\\\/www.facebook.com\\\/groups\\\/311144672285604\",\"https:\\\/\\\/www.facebook.com\\\/UBTAOnline\",\"https:\\\/\\\/www.instagram.com\\\/portalubirataonline\\\/\",\"https:\\\/\\\/twitter.com\\\/ubirataonline\"],\"description\":\"Somos um portal de not\u00edcias independente, criado em 5 de janeiro de 2009, com o objetivo de informar, conectar e valorizar a nossa comunidade de Ubirat\u00e3 e toda aregi\u00e3o. Com conte\u00fado atualizado, confi\u00e1vel e relevante, o Ubirat\u00e3 Online \u00e9 o seu espa\u00e7o para ficar por dentro dos principais acontecimentos locais, regionais, Brasil, Mundo e de interesse geral. Nosso compromisso \u00e9 com a verdade, a transpar\u00eancia e o respeito ao leitor.\",\"legalName\":\"UBIRATA ONLINE NOT\u00cdCIAS\",\"foundingDate\":\"2009-01-05\",\"numberOfEmployees\":{\"@type\":\"QuantitativeValue\",\"minValue\":\"1\",\"maxValue\":\"10\"},\"publishingPrinciples\":\"https:\\\/\\\/ubirataonline.com.br\\\/faq\\\/\",\"address\":{\"@id\":\"https:\\\/\\\/ubirataonline.com.br\\\/atacante-do-sao-paulo-e-parca-de-calleri-recebe-sondagens-de-gigantes-clubes-da-europa\\\/#local-main-place-address\"},\"geo\":{\"@type\":\"GeoCoordinates\",\"latitude\":\"-24.5361401\",\"longitude\":\"-52.9921776\"},\"telephone\":[\"+5544998308235\"],\"contactPoint\":{\"@type\":\"ContactPoint\",\"email\":\"contato@ubirataonline.com.br\"},\"openingHoursSpecification\":{\"@type\":\"OpeningHoursSpecification\",\"dayOfWeek\":[\"Monday\",\"Tuesday\",\"Wednesday\",\"Thursday\",\"Friday\",\"Saturday\",\"Sunday\"],\"opens\":\"00:00\",\"closes\":\"23:59\"},\"email\":\"contato@ubirataonline.com.br\",\"vatID\":\"47.621.418\\\/0001-80\"},{\"@type\":\"Person\",\"@id\":\"https:\\\/\\\/ubirataonline.com.br\\\/#\\\/schema\\\/person\\\/372f87bbd3fdd79b8556b84c98d0bc1c\",\"name\":\"REDA\u00c7\u00c3O: UBIRAT\u00c3 ONLINE - F\u00c1BIO AUGUSTO CELESTINO\",\"pronouns\":\"Ele\",\"description\":\"Desde 2003 trabalhando com not\u00edcias.\",\"sameAs\":[\"http:\\\/\\\/ubirataoline.com.br\",\"https:\\\/\\\/www.facebook.com\\\/portalubirataonline\",\"https:\\\/\\\/www.instagram.com\\\/ubirataonline_oficial\",\"https:\\\/\\\/x.com\\\/x.com\\\/ubirataonline\"],\"honorificPrefix\":\"Mr.\",\"honorificSuffix\":\"MD\",\"birthDate\":\"1980-06-16\",\"gender\":\"masculino\",\"award\":[\"V\u00e1rios pr\u00eamios de melhor portal da cidade\"],\"jobTitle\":\"Diretor\",\"url\":\"https:\\\/\\\/ubirataonline.com.br\\\/en\\\/author\\\/ubirataonline\\\/\"},{\"@type\":\"PostalAddress\",\"@id\":\"https:\\\/\\\/ubirataonline.com.br\\\/atacante-do-sao-paulo-e-parca-de-calleri-recebe-sondagens-de-gigantes-clubes-da-europa\\\/#local-main-place-address\",\"streetAddress\":\"Rua dos Coqueiros, 104 - Bairro Boa Vista, Rua dos Coqueiros, 104 Bairro Boa Vista\",\"addressLocality\":\"UBIRATA\",\"postalCode\":\"85440-000\",\"addressRegion\":\"PR\",\"addressCountry\":\"BR\"},{\"@type\":\"ImageObject\",\"inLanguage\":\"en-US\",\"@id\":\"https:\\\/\\\/ubirataonline.com.br\\\/atacante-do-sao-paulo-e-parca-de-calleri-recebe-sondagens-de-gigantes-clubes-da-europa\\\/#local-main-organization-logo\",\"url\":\"https:\\\/\\\/ubirataonline.com.br\\\/wp-content\\\/uploads\\\/2026\\\/06\\\/logoubirataonline-1.webp\",\"contentUrl\":\"https:\\\/\\\/ubirataonline.com.br\\\/wp-content\\\/uploads\\\/2026\\\/06\\\/logoubirataonline-1.webp\",\"width\":500,\"height\":500,\"caption\":\"Ubirat\u00e3 Online Not\u00edcias\"}]}<\/script>\n<meta name=\"geo.placename\" content=\"UBIRATA\" \/>\n<meta name=\"geo.position\" content=\"-24.5361401;-52.9921776\" \/>\n<meta name=\"geo.region\" content=\"Brazil\" \/>\n<!-- \/ Yoast SEO Premium plugin. -->","yoast_head_json":{"title":"Atacante do S\u00e3o Paulo e \u201cpar\u00e7a\u201d de Calleri, recebe sondagens de gigantes clubes da Europa - Ubirat\u00e3 Online Not\u00edcias - A realidade ao seu alcance!","description":"Atacante do S\u00e3o Paulo \u00e9 sondado por europeus O S\u00e3o Paulo pode faturar milh\u00f5es com a poss\u00edvel venda de um de seus atacantes do elenco com uma poss\u00edvel ida","robots":{"index":"index","follow":"follow","max-snippet":"max-snippet:-1","max-image-preview":"max-image-preview:large","max-video-preview":"max-video-preview:-1"},"canonical":"https:\/\/ubirataonline.com.br\/en\/atacante-do-sao-paulo-e-parca-de-calleri-recebe-sondagens-de-gigantes-clubes-da-europa\/","og_locale":"en_US","og_type":"article","og_title":"Atacante do S\u00e3o Paulo e \u201cpar\u00e7a\u201d de Calleri, recebe sondagens de gigantes clubes da Europa","og_description":"Atacante do S\u00e3o Paulo \u00e9 sondado por europeus O S\u00e3o Paulo pode faturar milh\u00f5es com a poss\u00edvel venda de um de seus atacantes do elenco com uma poss\u00edvel ida","og_url":"https:\/\/ubirataonline.com.br\/en\/atacante-do-sao-paulo-e-parca-de-calleri-recebe-sondagens-de-gigantes-clubes-da-europa\/","og_site_name":"Ubirat\u00e3 Online Not\u00edcias - A realidade ao seu alcance!","article_publisher":"https:\/\/www.facebook.com\/portalubirataonline","article_author":"https:\/\/www.facebook.com\/portalubirataonline","article_published_time":"2026-04-26T02:08:35+00:00","article_modified_time":"2026-04-26T02:08:39+00:00","og_image":[{"width":1284,"height":828,"url":"https:\/\/ubirataonline.com.br\/wp-content\/uploads\/2026\/04\/Atacante-do-Sao-Paulo-e-parca-de-Calleri-recebe-sondagens.jpg","type":"image\/jpeg"}],"author":"REDA\u00c7\u00c3O: UBIRAT\u00c3 ONLINE - F\u00c1BIO AUGUSTO CELESTINO","twitter_card":"summary_large_image","twitter_creator":"@x.com\/ubirataonline","twitter_site":"@ubirataonline","twitter_misc":{"Written by":"REDA\u00c7\u00c3O: UBIRAT\u00c3 ONLINE - F\u00c1BIO AUGUSTO CELESTINO","Est. reading time":"1 minute"},"schema":{"@context":"https:\/\/schema.org","@graph":[{"@type":"NewsArticle","@id":"https:\/\/ubirataonline.com.br\/atacante-do-sao-paulo-e-parca-de-calleri-recebe-sondagens-de-gigantes-clubes-da-europa\/#article","isPartOf":{"@id":"https:\/\/ubirataonline.com.br\/atacante-do-sao-paulo-e-parca-de-calleri-recebe-sondagens-de-gigantes-clubes-da-europa\/"},"author":{"name":"REDA\u00c7\u00c3O: UBIRAT\u00c3 ONLINE - F\u00c1BIO AUGUSTO CELESTINO","@id":"https:\/\/ubirataonline.com.br\/#\/schema\/person\/372f87bbd3fdd79b8556b84c98d0bc1c"},"headline":"Atacante do S\u00e3o Paulo e \u201cpar\u00e7a\u201d de Calleri, recebe sondagens de gigantes clubes da Europa","datePublished":"2026-04-26T02:08:35+00:00","dateModified":"2026-04-26T02:08:39+00:00","mainEntityOfPage":{"@id":"https:\/\/ubirataonline.com.br\/atacante-do-sao-paulo-e-parca-de-calleri-recebe-sondagens-de-gigantes-clubes-da-europa\/"},"wordCount":233,"publisher":{"@id":"https:\/\/ubirataonline.com.br\/#organization"},"image":{"@id":"https:\/\/ubirataonline.com.br\/atacante-do-sao-paulo-e-parca-de-calleri-recebe-sondagens-de-gigantes-clubes-da-europa\/#primaryimage"},"thumbnailUrl":"https:\/\/ubirataonline.com.br\/wp-content\/uploads\/2026\/04\/Atacante-do-Sao-Paulo-e-parca-de-Calleri-recebe-sondagens.jpg","keywords":["atacante","Calleri","clubes","Europa","gigantes","par\u00e7a","Paulo","recebe","S\u00e3o","sondagens"],"articleSection":["Brasil"],"inLanguage":"en-US","copyrightYear":"2026","copyrightHolder":{"@id":"https:\/\/ubirataonline.com.br\/en\/#organization"}},{"@type":"WebPage","@id":"https:\/\/ubirataonline.com.br\/atacante-do-sao-paulo-e-parca-de-calleri-recebe-sondagens-de-gigantes-clubes-da-europa\/","url":"https:\/\/ubirataonline.com.br\/atacante-do-sao-paulo-e-parca-de-calleri-recebe-sondagens-de-gigantes-clubes-da-europa\/","name":"Atacante do S\u00e3o Paulo e \u201cpar\u00e7a\u201d de Calleri, recebe sondagens de gigantes clubes da Europa - Ubirat\u00e3 Online Not\u00edcias - A realidade ao seu alcance!","isPartOf":{"@id":"https:\/\/ubirataonline.com.br\/#website"},"primaryImageOfPage":{"@id":"https:\/\/ubirataonline.com.br\/atacante-do-sao-paulo-e-parca-de-calleri-recebe-sondagens-de-gigantes-clubes-da-europa\/#primaryimage"},"image":{"@id":"https:\/\/ubirataonline.com.br\/atacante-do-sao-paulo-e-parca-de-calleri-recebe-sondagens-de-gigantes-clubes-da-europa\/#primaryimage"},"thumbnailUrl":"https:\/\/ubirataonline.com.br\/wp-content\/uploads\/2026\/04\/Atacante-do-Sao-Paulo-e-parca-de-Calleri-recebe-sondagens.jpg","datePublished":"2026-04-26T02:08:35+00:00","dateModified":"2026-04-26T02:08:39+00:00","description":"Atacante do S\u00e3o Paulo \u00e9 sondado por europeus O S\u00e3o Paulo pode faturar milh\u00f5es com a poss\u00edvel venda de um de seus atacantes do elenco com uma poss\u00edvel ida","breadcrumb":{"@id":"https:\/\/ubirataonline.com.br\/atacante-do-sao-paulo-e-parca-de-calleri-recebe-sondagens-de-gigantes-clubes-da-europa\/#breadcrumb"},"inLanguage":"en-US","potentialAction":[{"@type":"ReadAction","target":["https:\/\/ubirataonline.com.br\/atacante-do-sao-paulo-e-parca-de-calleri-recebe-sondagens-de-gigantes-clubes-da-europa\/"]}]},{"@type":"ImageObject","inLanguage":"en-US","@id":"https:\/\/ubirataonline.com.br\/atacante-do-sao-paulo-e-parca-de-calleri-recebe-sondagens-de-gigantes-clubes-da-europa\/#primaryimage","url":"https:\/\/ubirataonline.com.br\/wp-content\/uploads\/2026\/04\/Atacante-do-Sao-Paulo-e-parca-de-Calleri-recebe-sondagens.jpg","contentUrl":"https:\/\/ubirataonline.com.br\/wp-content\/uploads\/2026\/04\/Atacante-do-Sao-Paulo-e-parca-de-Calleri-recebe-sondagens.jpg","width":1284,"height":828,"caption":"Calleri em a\u00e7\u00e3o pelo S\u00e3o Paulo no Brasileir\u00e3o 2026. Foto: Victor Monteiro."},{"@type":"BreadcrumbList","@id":"https:\/\/ubirataonline.com.br\/atacante-do-sao-paulo-e-parca-de-calleri-recebe-sondagens-de-gigantes-clubes-da-europa\/#breadcrumb","itemListElement":[{"@type":"ListItem","position":1,"name":"In\u00edcio","item":"https:\/\/ubirataonline.com.br\/"},{"@type":"ListItem","position":2,"name":"Atacante do S\u00e3o Paulo e \u201cpar\u00e7a\u201d de Calleri, recebe sondagens de gigantes clubes da Europa"}]},{"@type":"WebSite","@id":"https:\/\/ubirataonline.com.br\/#website","url":"https:\/\/ubirataonline.com.br\/","name":"Ubirat\u00e3 Online Not\u00edcias","description":"Not\u00edcias de Ubirat\u00e3, regi\u00e3o, Brasil e mundo, com informa\u00e7\u00e3o atualizada e compromisso com o leitor.","publisher":{"@id":"https:\/\/ubirataonline.com.br\/#organization"},"alternateName":"Ubirat\u00e3 Online","potentialAction":[{"@type":"SearchAction","target":{"@type":"EntryPoint","urlTemplate":"https:\/\/ubirataonline.com.br\/?s={search_term_string}"},"query-input":{"@type":"PropertyValueSpecification","valueRequired":true,"valueName":"search_term_string"}}],"inLanguage":"en-US"},{"@type":["Organization","Place"],"@id":"https:\/\/ubirataonline.com.br\/#organization","name":"Ubirat\u00e3 Online Not\u00edcias","alternateName":"Ubirat\u00e3 Online","url":"https:\/\/ubirataonline.com.br\/","logo":{"@id":"https:\/\/ubirataonline.com.br\/atacante-do-sao-paulo-e-parca-de-calleri-recebe-sondagens-de-gigantes-clubes-da-europa\/#local-main-organization-logo"},"image":{"@id":"https:\/\/ubirataonline.com.br\/atacante-do-sao-paulo-e-parca-de-calleri-recebe-sondagens-de-gigantes-clubes-da-europa\/#local-main-organization-logo"},"sameAs":["https:\/\/www.facebook.com\/portalubirataonline","https:\/\/x.com\/ubirataonline","https:\/\/mastodon.social\/@ubirataonline","https:\/\/www.facebook.com\/groups\/311144672285604","https:\/\/www.facebook.com\/UBTAOnline","https:\/\/www.instagram.com\/portalubirataonline\/","https:\/\/twitter.com\/ubirataonline"],"description":"Somos um portal de not\u00edcias independente, criado em 5 de janeiro de 2009, com o objetivo de informar, conectar e valorizar a nossa comunidade de Ubirat\u00e3 e toda aregi\u00e3o. Com conte\u00fado atualizado, confi\u00e1vel e relevante, o Ubirat\u00e3 Online \u00e9 o seu espa\u00e7o para ficar por dentro dos principais acontecimentos locais, regionais, Brasil, Mundo e de interesse geral. Nosso compromisso \u00e9 com a verdade, a transpar\u00eancia e o respeito ao leitor.","legalName":"UBIRATA ONLINE NOT\u00cdCIAS","foundingDate":"2009-01-05","numberOfEmployees":{"@type":"QuantitativeValue","minValue":"1","maxValue":"10"},"publishingPrinciples":"https:\/\/ubirataonline.com.br\/faq\/","address":{"@id":"https:\/\/ubirataonline.com.br\/atacante-do-sao-paulo-e-parca-de-calleri-recebe-sondagens-de-gigantes-clubes-da-europa\/#local-main-place-address"},"geo":{"@type":"GeoCoordinates","latitude":"-24.5361401","longitude":"-52.9921776"},"telephone":["+5544998308235"],"contactPoint":{"@type":"ContactPoint","email":"contato@ubirataonline.com.br"},"openingHoursSpecification":{"@type":"OpeningHoursSpecification","dayOfWeek":["Monday","Tuesday","Wednesday","Thursday","Friday","Saturday","Sunday"],"opens":"00:00","closes":"23:59"},"email":"contato@ubirataonline.com.br","vatID":"47.621.418\/0001-80"},{"@type":"Person","@id":"https:\/\/ubirataonline.com.br\/#\/schema\/person\/372f87bbd3fdd79b8556b84c98d0bc1c","name":"REDA\u00c7\u00c3O: UBIRAT\u00c3 ONLINE - F\u00c1BIO AUGUSTO CELESTINO","pronouns":"Ele","description":"Desde 2003 trabalhando com not\u00edcias.","sameAs":["http:\/\/ubirataoline.com.br","https:\/\/www.facebook.com\/portalubirataonline","https:\/\/www.instagram.com\/ubirataonline_oficial","https:\/\/x.com\/x.com\/ubirataonline"],"honorificPrefix":"Mr.","honorificSuffix":"MD","birthDate":"1980-06-16","gender":"masculino","award":["V\u00e1rios pr\u00eamios de melhor portal da cidade"],"jobTitle":"Diretor","url":"https:\/\/ubirataonline.com.br\/en\/author\/ubirataonline\/"},{"@type":"PostalAddress","@id":"https:\/\/ubirataonline.com.br\/atacante-do-sao-paulo-e-parca-de-calleri-recebe-sondagens-de-gigantes-clubes-da-europa\/#local-main-place-address","streetAddress":"Rua dos Coqueiros, 104 - Bairro Boa Vista, Rua dos Coqueiros, 104 Bairro Boa Vista","addressLocality":"UBIRATA","postalCode":"85440-000","addressRegion":"PR","addressCountry":"BR"},{"@type":"ImageObject","inLanguage":"en-US","@id":"https:\/\/ubirataonline.com.br\/atacante-do-sao-paulo-e-parca-de-calleri-recebe-sondagens-de-gigantes-clubes-da-europa\/#local-main-organization-logo","url":"https:\/\/ubirataonline.com.br\/wp-content\/uploads\/2026\/06\/logoubirataonline-1.webp","contentUrl":"https:\/\/ubirataonline.com.br\/wp-content\/uploads\/2026\/06\/logoubirataonline-1.webp","width":500,"height":500,"caption":"Ubirat\u00e3 Online Not\u00edcias"}]},"geo.placename":"UBIRATA","geo.position":{"lat":"-24.5361401","long":"-52.9921776"},"geo.region":"Brazil"},"_links":{"self":[{"href":"https:\/\/ubirataonline.com.br\/en\/wp-json\/wp\/v2\/posts\/115516","targetHints":{"allow":["GET"]}}],"collection":[{"href":"https:\/\/ubirataonline.com.br\/en\/wp-json\/wp\/v2\/posts"}],"about":[{"href":"https:\/\/ubirataonline.com.br\/en\/wp-json\/wp\/v2\/types\/post"}],"author":[{"embeddable":true,"href":"https:\/\/ubirataonline.com.br\/en\/wp-json\/wp\/v2\/users\/1"}],"replies":[{"embeddable":true,"href":"https:\/\/ubirataonline.com.br\/en\/wp-json\/wp\/v2\/comments?post=115516"}],"version-history":[{"count":0,"href":"https:\/\/ubirataonline.com.br\/en\/wp-json\/wp\/v2\/posts\/115516\/revisions"}],"wp:featuredmedia":[{"embeddable":true,"href":"https:\/\/ubirataonline.com.br\/en\/wp-json\/wp\/v2\/media\/115517"}],"wp:attachment":[{"href":"https:\/\/ubirataonline.com.br\/en\/wp-json\/wp\/v2\/media?parent=115516"}],"wp:term":[{"taxonomy":"category","embeddable":true,"href":"https:\/\/ubirataonline.com.br\/en\/wp-json\/wp\/v2\/categories?post=115516"},{"taxonomy":"post_tag","embeddable":true,"href":"https:\/\/ubirataonline.com.br\/en\/wp-json\/wp\/v2\/tags?post=115516"}],"curies":[{"name":"wp","href":"https:\/\/api.w.org\/{rel}","templated":true}]}}