{"id":115528,"date":"2026-04-25T23:24:33","date_gmt":"2026-04-26T02:24:33","guid":{"rendered":"https:\/\/ubirataonline.com.br\/caleb-thielbar-placed-on-injured-list-with-hamstring-injury\/"},"modified":"2026-04-25T23:24:37","modified_gmt":"2026-04-26T02:24:37","slug":"caleb-thielbar-placed-on-injured-list-with-hamstring-injury","status":"publish","type":"post","link":"https:\/\/ubirataonline.com.br\/en\/caleb-thielbar-placed-on-injured-list-with-hamstring-injury\/","title":{"rendered":"Caleb Thielbar placed on injured list with hamstring injury"},"content":{"rendered":"<p><br \/>\n<\/p>\n<div>\n<div class=\"Styles__MarkdownContainer-dxqlie-0 iMsGag\">\n<p>LOS ANGELES &#8212; The Cubs\u2019 bullpen has been surprisingly resilient through a wave of injuries that have riddled the staff over the first month of the season. The group will once again be tasked with making up for the loss of one of its key arms.<\/p>\n<\/div>\n<\/div>\n<div>\n<div class=\"Styles__MarkdownContainer-dxqlie-0 iMsGag\">\n<p>Prior to Friday\u2019s game against the Dodgers, the Cubs placed veteran lefty <a href=\"https:\/\/www.mlb.com\/player\/573204\" target=\"_blank\" rel=\"tag\">Caleb Thielbar<\/a> on the 15-day injured list due to a left hamstring strain. In need of an arm capable of covering multiple innings, the North Siders selected the contract of righty Vince Velasquez from Triple-A Iowa to assume a spot in the relief corps.<\/p>\n<\/div>\n<\/div>\n<div>\n<div class=\"Styles__MarkdownContainer-dxqlie-0 iMsGag\">\n<p>\u201cRight now, one day out, we think it\u2019s on the mild side,\u201d Cubs manager Craig Counsell said of Thielbar\u2019s setback. \u201cWe\u2019ll know more as we get through the week, but we\u2019re hoping we can be fairly close to the minimum [amount of days] here.\u201d<\/p>\n<\/div>\n<\/div>\n<div>\n<div class=\"Styles__MarkdownContainer-dxqlie-0 iMsGag\">\n<p>Counsell noted that the 39-year-old Thielbar dealt with a similar injury in 2022 and in &#8217;24 with the Twins, but the lefty indicated to the Cubs that the current ailment seems less severe. Through 11 appearances this season, Thielbar has turned in a 3.12 ERA with 11 strikeouts in 8 2\/3 innings, picking up two saves.<\/p>\n<\/div>\n<\/div>\n<div>\n<div class=\"Styles__MarkdownContainer-dxqlie-0 iMsGag\">\n<p>Thielbar is the latest reliever to land on the 15-day IL, following righties Phil Maton (right knee), Daniel Palencia (left lat), Hunter Harvey (right triceps) and Ethan Roberts (lacerated right middle finger). Porter Hodge (out since Spring Training) recently underwent season-ending surgery on his right elbow and was transferred to the 60-day IL on Friday.<\/p>\n<\/div>\n<\/div>\n<div>\n<div class=\"Styles__MarkdownContainer-dxqlie-0 iMsGag\">\n<p>There have been some positive developments on the collective comeback trail.<\/p>\n<\/div>\n<\/div>\n<div>\n<div class=\"Styles__MarkdownContainer-dxqlie-0 iMsGag\">\n<p>Maton logged one scoreless inning in a Minor League rehab outing with Triple-A Iowa on Friday night. Palencia is set to throw off a mound on Saturday at Dodger Stadium. Harvey has resumed playing catch &#8212; the initial step in his throwing program. Roberts was back on a mound earlier this week.<\/p>\n<\/div>\n<\/div>\n<div>\n<div class=\"Styles__MarkdownContainer-dxqlie-0 iMsGag\">\n<p>The production has also been solid amid the losses. Entering Friday, the Cubs\u2019 bullpen had a 3.54 ERA, ranking seventh in the National League and ninth in the Majors. The group\u2019s 2.73 ERA dating back to April 8 &#8212; one day after Maton landed on the IL &#8212; was the fourth lowest in MLB in that span, entering Friday.<\/p>\n<\/div>\n<\/div>\n<div>\n<div class=\"Styles__MarkdownContainer-dxqlie-0 iMsGag\">\n<p>\u201cWhen you\u2019ve lost that many bodies, it gets hard to keep replacing them with the same quality, frankly,\u201d Counsell said. \u201cWe have not sacrificed any quality at this point, in my eyes. These guys have pitched great. They\u2019ve done a heck of a job. It\u2019s one of the reasons why we\u2019ve been able to put together this nice run. But there\u2019s a limit to what can happen.\u201d<\/p>\n<\/div>\n<\/div>\n<div>\n<div class=\"Styles__MarkdownContainer-dxqlie-0 iMsGag\">\n<p><strong>Lopez rejoins Cubs for utility role<\/strong><br \/>The Cubs acquired veteran utility man Nicky Lopez from the Rockies for cash considerations on Thursday and he officially joined the big league squad on Friday in L.A.<\/p>\n<\/div>\n<\/div>\n<div>\n<div class=\"Styles__MarkdownContainer-dxqlie-0 iMsGag\">\n<p>Chicago selected Lopez\u2019s contract from Triple-A Iowa and cleared room on the active and 40-man rosters by <a href=\"https:\/\/www.mlb.com\/glossary\/transactions\/designate-for-assignment\" target=\"_blank\">designating<\/a> infielder Scott Kingery for assignment. Lopez, 31, was batting .333 with seven extra-base hits and six walks in 15 games for Triple-A Albuquerque. He also has seven seasons of MLB experience, including a 14-game stint with Counsell\u2019s Cubs last year.<\/p>\n<\/div>\n<\/div>\n<div>\n<div class=\"Styles__MarkdownContainer-dxqlie-0 iMsGag\">\n<p>Lopez will fill a similar role as Kingery did for Chicago, offering a solid defensive option around the infield. With Matt Shaw in a super utility role, Lopez gives Counsell an insurance infielder of sorts to help with the flexibility for making in-game pinch-hitting and pinch-running decisions.<\/p>\n<\/div>\n<\/div>\n<div>\n<div class=\"Styles__MarkdownContainer-dxqlie-0 iMsGag\">\n<p>\u201cIt\u2019s largely going to be the same role that Scott served,\u201d Counsell said. \u201cNothing\u2019s going to change there. Nicky has familiarity with the group &#8212; kind of familiarity with us. We think that\u2019s helpful. But, there\u2019s not going to be a lot [of playing time] there.\u201d<\/p>\n<\/div>\n<\/div>\n<p><br \/>\n<br \/><a href=\"https:\/\/www.mlb.com\/news\/caleb-thielbar-placed-on-injured-list-with-hamstring-injury\">Source link <\/a><\/p>\n","protected":false},"excerpt":{"rendered":"<p>LOS ANGELES &#8212; The Cubs\u2019 bullpen has been surprisingly resilient through a wave of injuries that have riddled the staff over the first month of the season. The group will once again be tasked with making up for the loss of one of its key arms. Prior to Friday\u2019s game against the Dodgers, the Cubs [&hellip;]<\/p>\n","protected":false},"author":1,"featured_media":115529,"comment_status":"closed","ping_status":"","sticky":false,"template":"","format":"standard","meta":{"googlesitekit_rrm_CAow2JLhCw:productID":"","_gspb_post_css":"","maa_idioma":"","maa_pais":"","footnotes":""},"categories":[1],"tags":[6617,10783,4921,3007,6520,30937],"class_list":["post-115528","post","type-post","status-publish","format-standard","has-post-thumbnail","hentry","category-ubirata","tag-caleb","tag-hamstring","tag-injured","tag-injury","tag-list","tag-thielbar"],"blocksy_meta":[],"yoast_head":"<!-- This site is optimized with the Yoast SEO Premium plugin v27.6 (Yoast SEO v27.6) - https:\/\/yoast.com\/product\/yoast-seo-premium-wordpress\/ -->\n<title>Caleb Thielbar placed on injured list with hamstring injury - Ubirat\u00e3 Online Not\u00edcias - A realidade ao seu alcance!<\/title>\n<meta name=\"description\" content=\"LOS ANGELES -- The Cubs\u2019 bullpen has been surprisingly resilient through a wave of injuries that have riddled the staff over the first month of the\" \/>\n<meta name=\"robots\" content=\"index, follow, max-snippet:-1, max-image-preview:large, max-video-preview:-1\" \/>\n<link rel=\"canonical\" href=\"https:\/\/ubirataonline.com.br\/en\/caleb-thielbar-placed-on-injured-list-with-hamstring-injury\/\" \/>\n<meta property=\"og:locale\" content=\"en_US\" \/>\n<meta property=\"og:type\" content=\"article\" \/>\n<meta property=\"og:title\" content=\"Caleb Thielbar placed on injured list with hamstring injury\" \/>\n<meta property=\"og:description\" content=\"LOS ANGELES -- The Cubs\u2019 bullpen has been surprisingly resilient through a wave of injuries that have riddled the staff over the first month of the\" \/>\n<meta property=\"og:url\" content=\"https:\/\/ubirataonline.com.br\/en\/caleb-thielbar-placed-on-injured-list-with-hamstring-injury\/\" \/>\n<meta property=\"og:site_name\" content=\"Ubirat\u00e3 Online Not\u00edcias - A realidade ao seu alcance!\" \/>\n<meta property=\"article:publisher\" content=\"https:\/\/www.facebook.com\/portalubirataonline\" \/>\n<meta property=\"article:author\" content=\"https:\/\/www.facebook.com\/portalubirataonline\" \/>\n<meta property=\"article:published_time\" content=\"2026-04-26T02:24:33+00:00\" \/>\n<meta property=\"article:modified_time\" content=\"2026-04-26T02:24:37+00:00\" \/>\n<meta property=\"og:image\" content=\"https:\/\/ubirataonline.com.br\/wp-content\/uploads\/2026\/04\/Caleb-Thielbar-placed-on-injured-list-with-hamstring-injury.jpg\" \/>\n\t<meta property=\"og:image:width\" content=\"1536\" \/>\n\t<meta property=\"og:image:height\" content=\"768\" \/>\n\t<meta property=\"og:image:type\" content=\"image\/jpeg\" \/>\n<meta name=\"author\" content=\"REDA\u00c7\u00c3O: UBIRAT\u00c3 ONLINE - F\u00c1BIO AUGUSTO CELESTINO\" \/>\n<meta name=\"twitter:card\" content=\"summary_large_image\" \/>\n<meta name=\"twitter:creator\" content=\"@x.com\/ubirataonline\" \/>\n<meta name=\"twitter:site\" content=\"@ubirataonline\" \/>\n<meta name=\"twitter:label1\" content=\"Written by\" \/>\n\t<meta name=\"twitter:data1\" content=\"REDA\u00c7\u00c3O: UBIRAT\u00c3 ONLINE - F\u00c1BIO AUGUSTO CELESTINO\" \/>\n\t<meta name=\"twitter:label2\" content=\"Est. reading time\" \/>\n\t<meta name=\"twitter:data2\" content=\"3 minutes\" \/>\n<script type=\"application\/ld+json\" class=\"yoast-schema-graph\">{\"@context\":\"https:\\\/\\\/schema.org\",\"@graph\":[{\"@type\":\"NewsArticle\",\"@id\":\"https:\\\/\\\/ubirataonline.com.br\\\/caleb-thielbar-placed-on-injured-list-with-hamstring-injury\\\/#article\",\"isPartOf\":{\"@id\":\"https:\\\/\\\/ubirataonline.com.br\\\/caleb-thielbar-placed-on-injured-list-with-hamstring-injury\\\/\"},\"author\":{\"name\":\"REDA\u00c7\u00c3O: UBIRAT\u00c3 ONLINE - F\u00c1BIO AUGUSTO CELESTINO\",\"@id\":\"https:\\\/\\\/ubirataonline.com.br\\\/#\\\/schema\\\/person\\\/372f87bbd3fdd79b8556b84c98d0bc1c\"},\"headline\":\"Caleb Thielbar placed on injured list with hamstring injury\",\"datePublished\":\"2026-04-26T02:24:33+00:00\",\"dateModified\":\"2026-04-26T02:24:37+00:00\",\"mainEntityOfPage\":{\"@id\":\"https:\\\/\\\/ubirataonline.com.br\\\/caleb-thielbar-placed-on-injured-list-with-hamstring-injury\\\/\"},\"wordCount\":649,\"publisher\":{\"@id\":\"https:\\\/\\\/ubirataonline.com.br\\\/#organization\"},\"image\":{\"@id\":\"https:\\\/\\\/ubirataonline.com.br\\\/caleb-thielbar-placed-on-injured-list-with-hamstring-injury\\\/#primaryimage\"},\"thumbnailUrl\":\"https:\\\/\\\/ubirataonline.com.br\\\/wp-content\\\/uploads\\\/2026\\\/04\\\/Caleb-Thielbar-placed-on-injured-list-with-hamstring-injury.jpg\",\"keywords\":[\"Caleb\",\"hamstring\",\"injured\",\"injury\",\"List\",\"Thielbar\"],\"articleSection\":[\"Ubirat\u00e3\"],\"inLanguage\":\"en-US\",\"copyrightYear\":\"2026\",\"copyrightHolder\":{\"@id\":\"https:\\\/\\\/ubirataonline.com.br\\\/en\\\/#organization\"}},{\"@type\":\"WebPage\",\"@id\":\"https:\\\/\\\/ubirataonline.com.br\\\/caleb-thielbar-placed-on-injured-list-with-hamstring-injury\\\/\",\"url\":\"https:\\\/\\\/ubirataonline.com.br\\\/caleb-thielbar-placed-on-injured-list-with-hamstring-injury\\\/\",\"name\":\"Caleb Thielbar placed on injured list with hamstring injury - Ubirat\u00e3 Online Not\u00edcias - A realidade ao seu alcance!\",\"isPartOf\":{\"@id\":\"https:\\\/\\\/ubirataonline.com.br\\\/#website\"},\"primaryImageOfPage\":{\"@id\":\"https:\\\/\\\/ubirataonline.com.br\\\/caleb-thielbar-placed-on-injured-list-with-hamstring-injury\\\/#primaryimage\"},\"image\":{\"@id\":\"https:\\\/\\\/ubirataonline.com.br\\\/caleb-thielbar-placed-on-injured-list-with-hamstring-injury\\\/#primaryimage\"},\"thumbnailUrl\":\"https:\\\/\\\/ubirataonline.com.br\\\/wp-content\\\/uploads\\\/2026\\\/04\\\/Caleb-Thielbar-placed-on-injured-list-with-hamstring-injury.jpg\",\"datePublished\":\"2026-04-26T02:24:33+00:00\",\"dateModified\":\"2026-04-26T02:24:37+00:00\",\"description\":\"LOS ANGELES -- The Cubs\u2019 bullpen has been surprisingly resilient through a wave of injuries that have riddled the staff over the first month of the\",\"breadcrumb\":{\"@id\":\"https:\\\/\\\/ubirataonline.com.br\\\/caleb-thielbar-placed-on-injured-list-with-hamstring-injury\\\/#breadcrumb\"},\"inLanguage\":\"en-US\",\"potentialAction\":[{\"@type\":\"ReadAction\",\"target\":[\"https:\\\/\\\/ubirataonline.com.br\\\/caleb-thielbar-placed-on-injured-list-with-hamstring-injury\\\/\"]}]},{\"@type\":\"ImageObject\",\"inLanguage\":\"en-US\",\"@id\":\"https:\\\/\\\/ubirataonline.com.br\\\/caleb-thielbar-placed-on-injured-list-with-hamstring-injury\\\/#primaryimage\",\"url\":\"https:\\\/\\\/ubirataonline.com.br\\\/wp-content\\\/uploads\\\/2026\\\/04\\\/Caleb-Thielbar-placed-on-injured-list-with-hamstring-injury.jpg\",\"contentUrl\":\"https:\\\/\\\/ubirataonline.com.br\\\/wp-content\\\/uploads\\\/2026\\\/04\\\/Caleb-Thielbar-placed-on-injured-list-with-hamstring-injury.jpg\",\"width\":1536,\"height\":768,\"caption\":\"Caleb Thielbar placed on injured list with hamstring injury\"},{\"@type\":\"BreadcrumbList\",\"@id\":\"https:\\\/\\\/ubirataonline.com.br\\\/caleb-thielbar-placed-on-injured-list-with-hamstring-injury\\\/#breadcrumb\",\"itemListElement\":[{\"@type\":\"ListItem\",\"position\":1,\"name\":\"In\u00edcio\",\"item\":\"https:\\\/\\\/ubirataonline.com.br\\\/\"},{\"@type\":\"ListItem\",\"position\":2,\"name\":\"Caleb Thielbar placed on injured list with hamstring injury\"}]},{\"@type\":\"WebSite\",\"@id\":\"https:\\\/\\\/ubirataonline.com.br\\\/#website\",\"url\":\"https:\\\/\\\/ubirataonline.com.br\\\/\",\"name\":\"Ubirat\u00e3 Online Not\u00edcias\",\"description\":\"Not\u00edcias de Ubirat\u00e3, regi\u00e3o, Brasil e mundo, com informa\u00e7\u00e3o atualizada e compromisso com o leitor.\",\"publisher\":{\"@id\":\"https:\\\/\\\/ubirataonline.com.br\\\/#organization\"},\"alternateName\":\"Ubirat\u00e3 Online\",\"potentialAction\":[{\"@type\":\"SearchAction\",\"target\":{\"@type\":\"EntryPoint\",\"urlTemplate\":\"https:\\\/\\\/ubirataonline.com.br\\\/?s={search_term_string}\"},\"query-input\":{\"@type\":\"PropertyValueSpecification\",\"valueRequired\":true,\"valueName\":\"search_term_string\"}}],\"inLanguage\":\"en-US\"},{\"@type\":[\"Organization\",\"Place\"],\"@id\":\"https:\\\/\\\/ubirataonline.com.br\\\/#organization\",\"name\":\"Ubirat\u00e3 Online Not\u00edcias\",\"alternateName\":\"Ubirat\u00e3 Online\",\"url\":\"https:\\\/\\\/ubirataonline.com.br\\\/\",\"logo\":{\"@id\":\"https:\\\/\\\/ubirataonline.com.br\\\/caleb-thielbar-placed-on-injured-list-with-hamstring-injury\\\/#local-main-organization-logo\"},\"image\":{\"@id\":\"https:\\\/\\\/ubirataonline.com.br\\\/caleb-thielbar-placed-on-injured-list-with-hamstring-injury\\\/#local-main-organization-logo\"},\"sameAs\":[\"https:\\\/\\\/www.facebook.com\\\/portalubirataonline\",\"https:\\\/\\\/x.com\\\/ubirataonline\",\"https:\\\/\\\/mastodon.social\\\/@ubirataonline\",\"https:\\\/\\\/www.facebook.com\\\/groups\\\/311144672285604\",\"https:\\\/\\\/www.facebook.com\\\/UBTAOnline\",\"https:\\\/\\\/www.instagram.com\\\/portalubirataonline\\\/\",\"https:\\\/\\\/twitter.com\\\/ubirataonline\"],\"description\":\"Somos um portal de not\u00edcias independente, criado em 5 de janeiro de 2009, com o objetivo de informar, conectar e valorizar a nossa comunidade de Ubirat\u00e3 e toda aregi\u00e3o. Com conte\u00fado atualizado, confi\u00e1vel e relevante, o Ubirat\u00e3 Online \u00e9 o seu espa\u00e7o para ficar por dentro dos principais acontecimentos locais, regionais, Brasil, Mundo e de interesse geral. Nosso compromisso \u00e9 com a verdade, a transpar\u00eancia e o respeito ao leitor.\",\"legalName\":\"UBIRATA ONLINE NOT\u00cdCIAS\",\"foundingDate\":\"2009-01-05\",\"numberOfEmployees\":{\"@type\":\"QuantitativeValue\",\"minValue\":\"1\",\"maxValue\":\"10\"},\"publishingPrinciples\":\"https:\\\/\\\/ubirataonline.com.br\\\/faq\\\/\",\"address\":{\"@id\":\"https:\\\/\\\/ubirataonline.com.br\\\/caleb-thielbar-placed-on-injured-list-with-hamstring-injury\\\/#local-main-place-address\"},\"geo\":{\"@type\":\"GeoCoordinates\",\"latitude\":\"-24.5361401\",\"longitude\":\"-52.9921776\"},\"telephone\":[\"+5544998308235\"],\"contactPoint\":{\"@type\":\"ContactPoint\",\"email\":\"contato@ubirataonline.com.br\"},\"openingHoursSpecification\":{\"@type\":\"OpeningHoursSpecification\",\"dayOfWeek\":[\"Monday\",\"Tuesday\",\"Wednesday\",\"Thursday\",\"Friday\",\"Saturday\",\"Sunday\"],\"opens\":\"00:00\",\"closes\":\"23:59\"},\"email\":\"contato@ubirataonline.com.br\",\"vatID\":\"47.621.418\\\/0001-80\"},{\"@type\":\"Person\",\"@id\":\"https:\\\/\\\/ubirataonline.com.br\\\/#\\\/schema\\\/person\\\/372f87bbd3fdd79b8556b84c98d0bc1c\",\"name\":\"REDA\u00c7\u00c3O: UBIRAT\u00c3 ONLINE - F\u00c1BIO AUGUSTO CELESTINO\",\"pronouns\":\"Ele\",\"description\":\"Desde 2003 trabalhando com not\u00edcias.\",\"sameAs\":[\"http:\\\/\\\/ubirataoline.com.br\",\"https:\\\/\\\/www.facebook.com\\\/portalubirataonline\",\"https:\\\/\\\/www.instagram.com\\\/ubirataonline_oficial\",\"https:\\\/\\\/x.com\\\/x.com\\\/ubirataonline\"],\"honorificPrefix\":\"Mr.\",\"honorificSuffix\":\"MD\",\"birthDate\":\"1980-06-16\",\"gender\":\"masculino\",\"award\":[\"V\u00e1rios pr\u00eamios de melhor portal da cidade\"],\"jobTitle\":\"Diretor\",\"url\":\"https:\\\/\\\/ubirataonline.com.br\\\/en\\\/author\\\/ubirataonline\\\/\"},{\"@type\":\"PostalAddress\",\"@id\":\"https:\\\/\\\/ubirataonline.com.br\\\/caleb-thielbar-placed-on-injured-list-with-hamstring-injury\\\/#local-main-place-address\",\"streetAddress\":\"Rua dos Coqueiros, 104 - Bairro Boa Vista, Rua dos Coqueiros, 104 Bairro Boa Vista\",\"addressLocality\":\"UBIRATA\",\"postalCode\":\"85440-000\",\"addressRegion\":\"PR\",\"addressCountry\":\"BR\"},{\"@type\":\"ImageObject\",\"inLanguage\":\"en-US\",\"@id\":\"https:\\\/\\\/ubirataonline.com.br\\\/caleb-thielbar-placed-on-injured-list-with-hamstring-injury\\\/#local-main-organization-logo\",\"url\":\"https:\\\/\\\/ubirataonline.com.br\\\/wp-content\\\/uploads\\\/2026\\\/06\\\/logoubirataonline-1.webp\",\"contentUrl\":\"https:\\\/\\\/ubirataonline.com.br\\\/wp-content\\\/uploads\\\/2026\\\/06\\\/logoubirataonline-1.webp\",\"width\":500,\"height\":500,\"caption\":\"Ubirat\u00e3 Online Not\u00edcias\"}]}<\/script>\n<meta name=\"geo.placename\" content=\"UBIRATA\" \/>\n<meta name=\"geo.position\" content=\"-24.5361401;-52.9921776\" \/>\n<meta name=\"geo.region\" content=\"Brazil\" \/>\n<!-- \/ Yoast SEO Premium plugin. -->","yoast_head_json":{"title":"Caleb Thielbar placed on injured list with hamstring injury - Ubirat\u00e3 Online Not\u00edcias - A realidade ao seu alcance!","description":"LOS ANGELES -- The Cubs\u2019 bullpen has been surprisingly resilient through a wave of injuries that have riddled the staff over the first month of the","robots":{"index":"index","follow":"follow","max-snippet":"max-snippet:-1","max-image-preview":"max-image-preview:large","max-video-preview":"max-video-preview:-1"},"canonical":"https:\/\/ubirataonline.com.br\/en\/caleb-thielbar-placed-on-injured-list-with-hamstring-injury\/","og_locale":"en_US","og_type":"article","og_title":"Caleb Thielbar placed on injured list with hamstring injury","og_description":"LOS ANGELES -- The Cubs\u2019 bullpen has been surprisingly resilient through a wave of injuries that have riddled the staff over the first month of the","og_url":"https:\/\/ubirataonline.com.br\/en\/caleb-thielbar-placed-on-injured-list-with-hamstring-injury\/","og_site_name":"Ubirat\u00e3 Online Not\u00edcias - A realidade ao seu alcance!","article_publisher":"https:\/\/www.facebook.com\/portalubirataonline","article_author":"https:\/\/www.facebook.com\/portalubirataonline","article_published_time":"2026-04-26T02:24:33+00:00","article_modified_time":"2026-04-26T02:24:37+00:00","og_image":[{"width":1536,"height":768,"url":"https:\/\/ubirataonline.com.br\/wp-content\/uploads\/2026\/04\/Caleb-Thielbar-placed-on-injured-list-with-hamstring-injury.jpg","type":"image\/jpeg"}],"author":"REDA\u00c7\u00c3O: UBIRAT\u00c3 ONLINE - F\u00c1BIO AUGUSTO CELESTINO","twitter_card":"summary_large_image","twitter_creator":"@x.com\/ubirataonline","twitter_site":"@ubirataonline","twitter_misc":{"Written by":"REDA\u00c7\u00c3O: UBIRAT\u00c3 ONLINE - F\u00c1BIO AUGUSTO CELESTINO","Est. reading time":"3 minutes"},"schema":{"@context":"https:\/\/schema.org","@graph":[{"@type":"NewsArticle","@id":"https:\/\/ubirataonline.com.br\/caleb-thielbar-placed-on-injured-list-with-hamstring-injury\/#article","isPartOf":{"@id":"https:\/\/ubirataonline.com.br\/caleb-thielbar-placed-on-injured-list-with-hamstring-injury\/"},"author":{"name":"REDA\u00c7\u00c3O: UBIRAT\u00c3 ONLINE - F\u00c1BIO AUGUSTO CELESTINO","@id":"https:\/\/ubirataonline.com.br\/#\/schema\/person\/372f87bbd3fdd79b8556b84c98d0bc1c"},"headline":"Caleb Thielbar placed on injured list with hamstring injury","datePublished":"2026-04-26T02:24:33+00:00","dateModified":"2026-04-26T02:24:37+00:00","mainEntityOfPage":{"@id":"https:\/\/ubirataonline.com.br\/caleb-thielbar-placed-on-injured-list-with-hamstring-injury\/"},"wordCount":649,"publisher":{"@id":"https:\/\/ubirataonline.com.br\/#organization"},"image":{"@id":"https:\/\/ubirataonline.com.br\/caleb-thielbar-placed-on-injured-list-with-hamstring-injury\/#primaryimage"},"thumbnailUrl":"https:\/\/ubirataonline.com.br\/wp-content\/uploads\/2026\/04\/Caleb-Thielbar-placed-on-injured-list-with-hamstring-injury.jpg","keywords":["Caleb","hamstring","injured","injury","List","Thielbar"],"articleSection":["Ubirat\u00e3"],"inLanguage":"en-US","copyrightYear":"2026","copyrightHolder":{"@id":"https:\/\/ubirataonline.com.br\/en\/#organization"}},{"@type":"WebPage","@id":"https:\/\/ubirataonline.com.br\/caleb-thielbar-placed-on-injured-list-with-hamstring-injury\/","url":"https:\/\/ubirataonline.com.br\/caleb-thielbar-placed-on-injured-list-with-hamstring-injury\/","name":"Caleb Thielbar placed on injured list with hamstring injury - Ubirat\u00e3 Online Not\u00edcias - A realidade ao seu alcance!","isPartOf":{"@id":"https:\/\/ubirataonline.com.br\/#website"},"primaryImageOfPage":{"@id":"https:\/\/ubirataonline.com.br\/caleb-thielbar-placed-on-injured-list-with-hamstring-injury\/#primaryimage"},"image":{"@id":"https:\/\/ubirataonline.com.br\/caleb-thielbar-placed-on-injured-list-with-hamstring-injury\/#primaryimage"},"thumbnailUrl":"https:\/\/ubirataonline.com.br\/wp-content\/uploads\/2026\/04\/Caleb-Thielbar-placed-on-injured-list-with-hamstring-injury.jpg","datePublished":"2026-04-26T02:24:33+00:00","dateModified":"2026-04-26T02:24:37+00:00","description":"LOS ANGELES -- The Cubs\u2019 bullpen has been surprisingly resilient through a wave of injuries that have riddled the staff over the first month of the","breadcrumb":{"@id":"https:\/\/ubirataonline.com.br\/caleb-thielbar-placed-on-injured-list-with-hamstring-injury\/#breadcrumb"},"inLanguage":"en-US","potentialAction":[{"@type":"ReadAction","target":["https:\/\/ubirataonline.com.br\/caleb-thielbar-placed-on-injured-list-with-hamstring-injury\/"]}]},{"@type":"ImageObject","inLanguage":"en-US","@id":"https:\/\/ubirataonline.com.br\/caleb-thielbar-placed-on-injured-list-with-hamstring-injury\/#primaryimage","url":"https:\/\/ubirataonline.com.br\/wp-content\/uploads\/2026\/04\/Caleb-Thielbar-placed-on-injured-list-with-hamstring-injury.jpg","contentUrl":"https:\/\/ubirataonline.com.br\/wp-content\/uploads\/2026\/04\/Caleb-Thielbar-placed-on-injured-list-with-hamstring-injury.jpg","width":1536,"height":768,"caption":"Caleb Thielbar placed on injured list with hamstring injury"},{"@type":"BreadcrumbList","@id":"https:\/\/ubirataonline.com.br\/caleb-thielbar-placed-on-injured-list-with-hamstring-injury\/#breadcrumb","itemListElement":[{"@type":"ListItem","position":1,"name":"In\u00edcio","item":"https:\/\/ubirataonline.com.br\/"},{"@type":"ListItem","position":2,"name":"Caleb Thielbar placed on injured list with hamstring injury"}]},{"@type":"WebSite","@id":"https:\/\/ubirataonline.com.br\/#website","url":"https:\/\/ubirataonline.com.br\/","name":"Ubirat\u00e3 Online Not\u00edcias","description":"Not\u00edcias de Ubirat\u00e3, regi\u00e3o, Brasil e mundo, com informa\u00e7\u00e3o atualizada e compromisso com o leitor.","publisher":{"@id":"https:\/\/ubirataonline.com.br\/#organization"},"alternateName":"Ubirat\u00e3 Online","potentialAction":[{"@type":"SearchAction","target":{"@type":"EntryPoint","urlTemplate":"https:\/\/ubirataonline.com.br\/?s={search_term_string}"},"query-input":{"@type":"PropertyValueSpecification","valueRequired":true,"valueName":"search_term_string"}}],"inLanguage":"en-US"},{"@type":["Organization","Place"],"@id":"https:\/\/ubirataonline.com.br\/#organization","name":"Ubirat\u00e3 Online Not\u00edcias","alternateName":"Ubirat\u00e3 Online","url":"https:\/\/ubirataonline.com.br\/","logo":{"@id":"https:\/\/ubirataonline.com.br\/caleb-thielbar-placed-on-injured-list-with-hamstring-injury\/#local-main-organization-logo"},"image":{"@id":"https:\/\/ubirataonline.com.br\/caleb-thielbar-placed-on-injured-list-with-hamstring-injury\/#local-main-organization-logo"},"sameAs":["https:\/\/www.facebook.com\/portalubirataonline","https:\/\/x.com\/ubirataonline","https:\/\/mastodon.social\/@ubirataonline","https:\/\/www.facebook.com\/groups\/311144672285604","https:\/\/www.facebook.com\/UBTAOnline","https:\/\/www.instagram.com\/portalubirataonline\/","https:\/\/twitter.com\/ubirataonline"],"description":"Somos um portal de not\u00edcias independente, criado em 5 de janeiro de 2009, com o objetivo de informar, conectar e valorizar a nossa comunidade de Ubirat\u00e3 e toda aregi\u00e3o. Com conte\u00fado atualizado, confi\u00e1vel e relevante, o Ubirat\u00e3 Online \u00e9 o seu espa\u00e7o para ficar por dentro dos principais acontecimentos locais, regionais, Brasil, Mundo e de interesse geral. Nosso compromisso \u00e9 com a verdade, a transpar\u00eancia e o respeito ao leitor.","legalName":"UBIRATA ONLINE NOT\u00cdCIAS","foundingDate":"2009-01-05","numberOfEmployees":{"@type":"QuantitativeValue","minValue":"1","maxValue":"10"},"publishingPrinciples":"https:\/\/ubirataonline.com.br\/faq\/","address":{"@id":"https:\/\/ubirataonline.com.br\/caleb-thielbar-placed-on-injured-list-with-hamstring-injury\/#local-main-place-address"},"geo":{"@type":"GeoCoordinates","latitude":"-24.5361401","longitude":"-52.9921776"},"telephone":["+5544998308235"],"contactPoint":{"@type":"ContactPoint","email":"contato@ubirataonline.com.br"},"openingHoursSpecification":{"@type":"OpeningHoursSpecification","dayOfWeek":["Monday","Tuesday","Wednesday","Thursday","Friday","Saturday","Sunday"],"opens":"00:00","closes":"23:59"},"email":"contato@ubirataonline.com.br","vatID":"47.621.418\/0001-80"},{"@type":"Person","@id":"https:\/\/ubirataonline.com.br\/#\/schema\/person\/372f87bbd3fdd79b8556b84c98d0bc1c","name":"REDA\u00c7\u00c3O: UBIRAT\u00c3 ONLINE - F\u00c1BIO AUGUSTO CELESTINO","pronouns":"Ele","description":"Desde 2003 trabalhando com not\u00edcias.","sameAs":["http:\/\/ubirataoline.com.br","https:\/\/www.facebook.com\/portalubirataonline","https:\/\/www.instagram.com\/ubirataonline_oficial","https:\/\/x.com\/x.com\/ubirataonline"],"honorificPrefix":"Mr.","honorificSuffix":"MD","birthDate":"1980-06-16","gender":"masculino","award":["V\u00e1rios pr\u00eamios de melhor portal da cidade"],"jobTitle":"Diretor","url":"https:\/\/ubirataonline.com.br\/en\/author\/ubirataonline\/"},{"@type":"PostalAddress","@id":"https:\/\/ubirataonline.com.br\/caleb-thielbar-placed-on-injured-list-with-hamstring-injury\/#local-main-place-address","streetAddress":"Rua dos Coqueiros, 104 - Bairro Boa Vista, Rua dos Coqueiros, 104 Bairro Boa Vista","addressLocality":"UBIRATA","postalCode":"85440-000","addressRegion":"PR","addressCountry":"BR"},{"@type":"ImageObject","inLanguage":"en-US","@id":"https:\/\/ubirataonline.com.br\/caleb-thielbar-placed-on-injured-list-with-hamstring-injury\/#local-main-organization-logo","url":"https:\/\/ubirataonline.com.br\/wp-content\/uploads\/2026\/06\/logoubirataonline-1.webp","contentUrl":"https:\/\/ubirataonline.com.br\/wp-content\/uploads\/2026\/06\/logoubirataonline-1.webp","width":500,"height":500,"caption":"Ubirat\u00e3 Online Not\u00edcias"}]},"geo.placename":"UBIRATA","geo.position":{"lat":"-24.5361401","long":"-52.9921776"},"geo.region":"Brazil"},"_links":{"self":[{"href":"https:\/\/ubirataonline.com.br\/en\/wp-json\/wp\/v2\/posts\/115528","targetHints":{"allow":["GET"]}}],"collection":[{"href":"https:\/\/ubirataonline.com.br\/en\/wp-json\/wp\/v2\/posts"}],"about":[{"href":"https:\/\/ubirataonline.com.br\/en\/wp-json\/wp\/v2\/types\/post"}],"author":[{"embeddable":true,"href":"https:\/\/ubirataonline.com.br\/en\/wp-json\/wp\/v2\/users\/1"}],"replies":[{"embeddable":true,"href":"https:\/\/ubirataonline.com.br\/en\/wp-json\/wp\/v2\/comments?post=115528"}],"version-history":[{"count":0,"href":"https:\/\/ubirataonline.com.br\/en\/wp-json\/wp\/v2\/posts\/115528\/revisions"}],"wp:featuredmedia":[{"embeddable":true,"href":"https:\/\/ubirataonline.com.br\/en\/wp-json\/wp\/v2\/media\/115529"}],"wp:attachment":[{"href":"https:\/\/ubirataonline.com.br\/en\/wp-json\/wp\/v2\/media?parent=115528"}],"wp:term":[{"taxonomy":"category","embeddable":true,"href":"https:\/\/ubirataonline.com.br\/en\/wp-json\/wp\/v2\/categories?post=115528"},{"taxonomy":"post_tag","embeddable":true,"href":"https:\/\/ubirataonline.com.br\/en\/wp-json\/wp\/v2\/tags?post=115528"}],"curies":[{"name":"wp","href":"https:\/\/api.w.org\/{rel}","templated":true}]}}