{"id":115554,"date":"2026-04-25T23:58:32","date_gmt":"2026-04-26T02:58:32","guid":{"rendered":"https:\/\/ubirataonline.com.br\/todd-blanche-wants-to-be-attorney-general-and-hes-going-all-in-on-trumps-retaliation-agenda-to-prove-it-trump-administration\/"},"modified":"2026-04-25T23:58:34","modified_gmt":"2026-04-26T02:58:34","slug":"todd-blanche-wants-to-be-attorney-general-and-hes-going-all-in-on-trumps-retaliation-agenda-to-prove-it-trump-administration","status":"publish","type":"post","link":"https:\/\/ubirataonline.com.br\/en\/todd-blanche-wants-to-be-attorney-general-and-hes-going-all-in-on-trumps-retaliation-agenda-to-prove-it-trump-administration\/","title":{"rendered":"Todd Blanche wants to be attorney general \u2013 and he\u2019s going all in on Trump\u2019s retaliation agenda to prove it | Trump administration"},"content":{"rendered":"<p><br \/>\n<\/p>\n<div>\n<figure id=\"55ff3623-d24d-477b-987b-39e4a5f5c35e\" data-spacefinder-role=\"inline\" data-spacefinder-type=\"model.dotcomrendering.pageElements.InteractiveAtomBlockElement\" class=\"element element-atom dcr-173mewl\"\/>\n<p class=\"dcr-130mj7b\">In just the few weeks since he\u2019s taken over the justice department\u2019s top job on an interim basis, Todd Blanche has aggressively moved to deploy the department\u2019s resources to please <a href=\"https:\/\/www.theguardian.com\/us-news\/donaldtrump\" data-link-name=\"in body link\">Donald Trump<\/a>, leaving little doubt about how the president\u2019s former personal attorney would further politicize the department if his status atop US law enforcement becomes permanent.<\/p>\n<p class=\"dcr-130mj7b\">Blanche was named acting attorney general earlier this month when Trump fired <a href=\"https:\/\/www.theguardian.com\/us-news\/pam-bondi\" data-link-name=\"in body link\">Pam Bondi<\/a> after the president reportedly grew frustrated with the lack of progress Bondi had made on prosecuting the president\u2019s political enemies. Blanche told Trump he would like to have the job permanently and the president told him to consider his time as the acting attorney general as an audition, <a href=\"https:\/\/www.foxnews.com\/politics\/top-white-house-officials-encouraged-potential-bondi-replacement-make-case-trump-ag-job-sources\" data-link-name=\"in body link\">according to Fox News<\/a>.<\/p>\n<p class=\"dcr-130mj7b\">Blanche has wasted little time.<\/p>\n<p class=\"dcr-130mj7b\">Less than two weeks after Blanche took over, four career prosecutors were fired and a widely criticized report accused them of unfairly punishing anti-abortion protesters. Blanche also hired Trump ally Joe diGenova, an 81-year-old former US attorney, to oversee the investigation into John Brennan, the former CIA director, and others that is rooted in their assessment that Russia interfered in the 2016 election with the goal of boosting Trump. DiGenova represented the Trump campaign as it sought to overturn the 2020 election and called for Chris Krebs, a Department of Homeland Security official who said the 2020 election was secure, to be \u201cdrawn and quartered\u201d <a href=\"https:\/\/www.theguardian.com\/us-news\/2020\/dec\/01\/trump-lawyer-joe-digenova-election-security-chief-chris-krebs-shot\" data-link-name=\"in body link\">and <\/a>\u201ctaken out at dawn and shot\u201d.<\/p>\n<p class=\"dcr-130mj7b\">DiGenova is taking over the case <a href=\"https:\/\/www.theguardian.com\/us-news\/2026\/apr\/17\/cia-john-brennan-russia-trump-investigation\" data-link-name=\"in body link\">from a career prosecutor<\/a> who recently expressed reservations about it.<\/p>\n<p class=\"dcr-130mj7b\">A justice department official familiar with Blanche\u2019s actions said there has been more pressure internally on matters involving Trump enemies since Blanche took over. \u201cDoesn\u2019t mean he\u2019ll be any more successful than [Bondi], but he, via his surrogates, is definitely demanding results,\u201d the person said.<\/p>\n<p class=\"dcr-130mj7b\">\u201cBlanche \u2013 a former federal prosecutor with decades of experience enforcing our laws impartially \u2013 has made clear that the department\u2019s mission is to apply the law equally to all persons,\u201d a justice department spokesperson said in a statement. \u201cHe remains committed to upholding the rule of law, advancing President Trump\u2019s agenda, and ending the weaponization of government. These actions are long overdue and sought by the American people.\u201d<\/p>\n<p class=\"dcr-130mj7b\">Under Blanche, the justice department <a href=\"https:\/\/www.theguardian.com\/us-news\/2026\/apr\/14\/january-6-convictions-overturn-doj-proud-boys-oath-keepers\" data-link-name=\"in body link\">has also sought to vacate<\/a> the seditious conspiracy convictions against members of the Proud Boys and Oath Keepers for some of the most serious crimes committed during the January 6 attack on the US Capitol.<\/p>\n<figure id=\"a37ef85b-27d3-4efa-8fff-2cb8d64b271a\" data-spacefinder-role=\"richLink\" data-spacefinder-type=\"model.dotcomrendering.pageElements.RichLinkBlockElement\" class=\"element element--richLink element-richLink dcr-47fhrn\"><gu-island name=\"RichLinkComponent\" priority=\"feature\" deferuntil=\"idle\" props=\"{&quot;richLinkIndex&quot;:9,&quot;element&quot;:{&quot;_type&quot;:&quot;model.dotcomrendering.pageElements.RichLinkBlockElement&quot;,&quot;prefix&quot;:&quot;Related: &quot;,&quot;text&quot;:&quot;DoJ inspector general to audit department\u2019s compliance with Epstein Files Transparency Act&quot;,&quot;elementId&quot;:&quot;a37ef85b-27d3-4efa-8fff-2cb8d64b271a&quot;,&quot;role&quot;:&quot;richLink&quot;,&quot;url&quot;:&quot;https:\/\/www.theguardian.com\/us-news\/2026\/apr\/23\/epstein-files-transparency-act-audit&quot;},&quot;ajaxUrl&quot;:&quot;https:\/\/api.nextgen.guardianapps.co.uk&quot;,&quot;format&quot;:{&quot;design&quot;:18,&quot;display&quot;:0,&quot;theme&quot;:0}}\"\/><\/figure>\n<p class=\"dcr-130mj7b\">The justice department entered into an \u201cunprecedented era of politicization\u201d that Blanche now appears poised to push even further, said Skye Perryman, the president and CEO of Democracy Forward, a watchdog group that has filed a slew of lawsuits challenging the administration in court.<\/p>\n<p class=\"dcr-130mj7b\">\u201cI do think what we\u2019ve seen over the past few weeks is definitely a sharper focus on the president\u2019s retaliation agenda,\u201d she said. \u201cIf the administration wants an attorney general that\u2019s going to prevail in court, they\u2019re not going to be able to find one. It doesn\u2019t matter who it is because the administration\u2019s conduct is so lawless.\u201d<\/p>\n<p class=\"dcr-130mj7b\">Blanche has not only \u201creplicated\u201d Bondi\u2019s \u201cTrump-pleasing moves\u201d, but also \u201ctaken her one better or worse in several instances where the cases or actions he\u2019s brought go beyond anything she did\u201d, said Harry Litman, a former justice department lawyer.<\/p>\n<p class=\"dcr-130mj7b\">Mike Davis, a pugilistic Trump ally who leads the Article III project, a conservative watchdog group, said Blanche was off to a \u201cfantastic start\u201d.<\/p>\n<p class=\"dcr-130mj7b\">\u201cTodd is making bold and fearless moves to bring much-needed accountability. No one is above the law,\u201d he said.<\/p>\n<p class=\"dcr-130mj7b\">On Tuesday, the justice department <a href=\"https:\/\/www.theguardian.com\/us-news\/2026\/apr\/21\/doj-southern-poverty-law-center-investigation\" data-link-name=\"in body link\">unveiled an 11-count criminal indictment<\/a> against the Southern Poverty Law Center (SPLC), the prominent civil rights organization. The organization long used paid informants to monitor extremist groups and share that information with law enforcement (the group\u2019s chief executive said this week it no longer uses paid informants). In filing the charges, the justice department made the novel and extraordinary argument that the organization was defrauding its donors by funneling money to the groups it sought to combat. The charges <a href=\"https:\/\/www.cbsnews.com\/news\/southern-poverty-law-center-justice-department-indictment-legal-flaws\/\" data-link-name=\"in body link\">are flimsy<\/a>, legal experts have said.<\/p>\n<p class=\"dcr-130mj7b\">\u201cThe shoddiness of the indictment speaks for itself,\u201d said Vanita Gupta, a civil rights lawyer at New York University who served as the number three official at the justice department during the Biden administration. The indictment ignores the fact that the SPLC has shared information with law enforcement across Republican and Democratic administrations, she added.<\/p>\n<p class=\"dcr-130mj7b\">\u201cI do view this as yet another kind of salvo in the administration\u2019s attacks on non-profit organizations and trying to quell dissent,\u201d she said.<\/p>\n<p class=\"dcr-130mj7b\">Blanche faces some hurdles ahead. His handling of the justice department\u2019s files related to Jeffrey Epstein continues to haunt the agency, with Congress and the justice department inspector general continuing to investigate. Blanche has sought to put the matter in the rear view. \u201cI think that to the extent that the Epstein files was a part of the past year of this justice department, it should not be a part of anything going forward,\u201d <a href=\"https:\/\/www.foxnews.com\/video\/6392478701112\" data-link-name=\"in body link\">he said<\/a> during an interview on Fox News.<\/p>\n<p class=\"dcr-130mj7b\">On Friday, the justice department dropped what was a thinly veiled politically motivated criminal inquiry into Jerome Powell, the chair of the Federal Reserve, regarding renovations to the central bank\u2019s headquarters in Washington. Powell\u2019s term expires on 15 May, and a key Senate Republican had vowed to block his replacement while the investigation was ongoing.<\/p>\n<p class=\"dcr-130mj7b\">Blanche also faces some skepticism from some Trump allies who doubt his conservative credentials. Blanche <a href=\"https:\/\/www.nytimes.com\/2024\/04\/04\/nyregion\/todd-blanche-hush-money-case.html?smid=fb-nytimes&amp;smtyp=cur&amp;fbclid=IwY2xjawRYq85leHRuA2FlbQIxMQBzcnRjBmFwcF9pZBAyMjIwMzkxNzg4MjAwODkyAAEeXCelBNj6uOQdLNzeBUzVDgYI2VGvjrS7J_O50MpPvKVG7FQNxFs4QgJ6uyo_aem_naWneOyLuJ_dAyMwKmhrXw\" data-link-name=\"in body link\">was a registered Democrat<\/a>, but switched his party in recent years as he left a lucrative partnership at Cadwalader, Wickersham &amp; Taft to be Trump\u2019s personal defense lawyer.<\/p>\n<p class=\"dcr-130mj7b\">\u201cHe\u2019s attempting to show that with Pam Bondi gone, things are going to start happening. And that\u2019s a lowlife tactic,\u201d said <a href=\"https:\/\/www.theguardian.com\/us-news\/2026\/mar\/27\/trump-voting-election-conspiracy-midterms\" data-link-name=\"in body link\">Peter Ticktin<\/a>, a Florida lawyer who is friends with Trump and has thrown his hat in the ring to be <a href=\"https:\/\/www.democracydocket.com\/news-alerts\/election-denier-pushing-sweeping-trump-anti-voting-order-makes-bid-for-attorney-general\/\" data-link-name=\"in body link\">the next attorney general<\/a>. \u201cPam Bondi is not here to defend herself and he\u2019s basically casting an aspersions against her.\u201d He called the case against the Southern Poverty Law Center a \u201cstupid case\u201d and \u201creally pathetic\u201d.<\/p>\n<\/div>\n<p><br \/>\n<br \/><a href=\"https:\/\/www.theguardian.com\/us-news\/ng-interactive\/2026\/apr\/25\/todd-blanche-attorney-general\">Source link <\/a><\/p>\n","protected":false},"excerpt":{"rendered":"<p>In just the few weeks since he\u2019s taken over the justice department\u2019s top job on an interim basis, Todd Blanche has aggressively moved to deploy the department\u2019s resources to please Donald Trump, leaving little doubt about how the president\u2019s former personal attorney would further politicize the department if his status atop US law enforcement becomes [&hellip;]<\/p>\n","protected":false},"author":1,"featured_media":115555,"comment_status":"closed","ping_status":"","sticky":false,"template":"","format":"standard","meta":{"googlesitekit_rrm_CAow2JLhCw:productID":"","_gspb_post_css":"","maa_idioma":"","maa_pais":"","footnotes":""},"categories":[1],"tags":[9317,4447,7383,26222,5720,9558,20252,31168,11078,1603,6885],"class_list":["post-115554","post","type-post","status-publish","format-standard","has-post-thumbnail","hentry","category-ubirata","tag-administration","tag-agenda","tag-attorney","tag-blanche","tag-general","tag-hes","tag-prove","tag-retaliation","tag-todd","tag-trump","tag-trumps"],"blocksy_meta":[],"yoast_head":"<!-- This site is optimized with the Yoast SEO Premium plugin v27.6 (Yoast SEO v27.6) - https:\/\/yoast.com\/product\/yoast-seo-premium-wordpress\/ -->\n<title>Todd Blanche wants to be attorney general \u2013 and he\u2019s going all in on Trump\u2019s retaliation agenda to prove it | Trump administration - Ubirat\u00e3 Online Not\u00edcias - A realidade ao seu alcance!<\/title>\n<meta name=\"description\" content=\"In just the few weeks since he\u2019s taken over the justice department\u2019s top job on an interim basis, Todd Blanche has aggressively moved to deploy the\" \/>\n<meta name=\"robots\" content=\"index, follow, max-snippet:-1, max-image-preview:large, max-video-preview:-1\" \/>\n<link rel=\"canonical\" href=\"https:\/\/ubirataonline.com.br\/en\/todd-blanche-wants-to-be-attorney-general-and-hes-going-all-in-on-trumps-retaliation-agenda-to-prove-it-trump-administration\/\" \/>\n<meta property=\"og:locale\" content=\"en_US\" \/>\n<meta property=\"og:type\" content=\"article\" \/>\n<meta property=\"og:title\" content=\"Todd Blanche wants to be attorney general \u2013 and he\u2019s going all in on Trump\u2019s retaliation agenda to prove it | Trump administration\" \/>\n<meta property=\"og:description\" content=\"In just the few weeks since he\u2019s taken over the justice department\u2019s top job on an interim basis, Todd Blanche has aggressively moved to deploy the\" \/>\n<meta property=\"og:url\" content=\"https:\/\/ubirataonline.com.br\/en\/todd-blanche-wants-to-be-attorney-general-and-hes-going-all-in-on-trumps-retaliation-agenda-to-prove-it-trump-administration\/\" \/>\n<meta property=\"og:site_name\" content=\"Ubirat\u00e3 Online Not\u00edcias - A realidade ao seu alcance!\" \/>\n<meta property=\"article:publisher\" content=\"https:\/\/www.facebook.com\/portalubirataonline\" \/>\n<meta property=\"article:author\" content=\"https:\/\/www.facebook.com\/portalubirataonline\" \/>\n<meta property=\"article:published_time\" content=\"2026-04-26T02:58:32+00:00\" \/>\n<meta property=\"article:modified_time\" content=\"2026-04-26T02:58:34+00:00\" \/>\n<meta property=\"og:image\" content=\"https:\/\/ubirataonline.com.br\/wp-content\/uploads\/2026\/04\/Todd-Blanche-wants-to-be-attorney-general-\u2013-and-hes.jpg\" \/>\n\t<meta property=\"og:image:width\" content=\"1200\" \/>\n\t<meta property=\"og:image:height\" content=\"630\" \/>\n\t<meta property=\"og:image:type\" content=\"image\/jpeg\" \/>\n<meta name=\"author\" content=\"REDA\u00c7\u00c3O: UBIRAT\u00c3 ONLINE - F\u00c1BIO AUGUSTO CELESTINO\" \/>\n<meta name=\"twitter:card\" content=\"summary_large_image\" \/>\n<meta name=\"twitter:creator\" content=\"@x.com\/ubirataonline\" \/>\n<meta name=\"twitter:site\" content=\"@ubirataonline\" \/>\n<meta name=\"twitter:label1\" content=\"Written by\" \/>\n\t<meta name=\"twitter:data1\" content=\"REDA\u00c7\u00c3O: UBIRAT\u00c3 ONLINE - F\u00c1BIO AUGUSTO CELESTINO\" \/>\n\t<meta name=\"twitter:label2\" content=\"Est. reading time\" \/>\n\t<meta name=\"twitter:data2\" content=\"5 minutes\" \/>\n<script type=\"application\/ld+json\" class=\"yoast-schema-graph\">{\"@context\":\"https:\\\/\\\/schema.org\",\"@graph\":[{\"@type\":\"NewsArticle\",\"@id\":\"https:\\\/\\\/ubirataonline.com.br\\\/todd-blanche-wants-to-be-attorney-general-and-hes-going-all-in-on-trumps-retaliation-agenda-to-prove-it-trump-administration\\\/#article\",\"isPartOf\":{\"@id\":\"https:\\\/\\\/ubirataonline.com.br\\\/todd-blanche-wants-to-be-attorney-general-and-hes-going-all-in-on-trumps-retaliation-agenda-to-prove-it-trump-administration\\\/\"},\"author\":{\"name\":\"REDA\u00c7\u00c3O: UBIRAT\u00c3 ONLINE - F\u00c1BIO AUGUSTO CELESTINO\",\"@id\":\"https:\\\/\\\/ubirataonline.com.br\\\/#\\\/schema\\\/person\\\/372f87bbd3fdd79b8556b84c98d0bc1c\"},\"headline\":\"Todd Blanche wants to be attorney general \u2013 and he\u2019s going all in on Trump\u2019s retaliation agenda to prove it | Trump administration\",\"datePublished\":\"2026-04-26T02:58:32+00:00\",\"dateModified\":\"2026-04-26T02:58:34+00:00\",\"mainEntityOfPage\":{\"@id\":\"https:\\\/\\\/ubirataonline.com.br\\\/todd-blanche-wants-to-be-attorney-general-and-hes-going-all-in-on-trumps-retaliation-agenda-to-prove-it-trump-administration\\\/\"},\"wordCount\":1066,\"publisher\":{\"@id\":\"https:\\\/\\\/ubirataonline.com.br\\\/#organization\"},\"image\":{\"@id\":\"https:\\\/\\\/ubirataonline.com.br\\\/todd-blanche-wants-to-be-attorney-general-and-hes-going-all-in-on-trumps-retaliation-agenda-to-prove-it-trump-administration\\\/#primaryimage\"},\"thumbnailUrl\":\"https:\\\/\\\/ubirataonline.com.br\\\/wp-content\\\/uploads\\\/2026\\\/04\\\/Todd-Blanche-wants-to-be-attorney-general-\u2013-and-hes.jpg\",\"keywords\":[\"administration\",\"agenda\",\"Attorney\",\"Blanche\",\"general\",\"Hes\",\"prove\",\"retaliation\",\"Todd\",\"Trump\",\"Trumps\"],\"articleSection\":[\"Ubirat\u00e3\"],\"inLanguage\":\"en-US\",\"copyrightYear\":\"2026\",\"copyrightHolder\":{\"@id\":\"https:\\\/\\\/ubirataonline.com.br\\\/en\\\/#organization\"}},{\"@type\":\"WebPage\",\"@id\":\"https:\\\/\\\/ubirataonline.com.br\\\/todd-blanche-wants-to-be-attorney-general-and-hes-going-all-in-on-trumps-retaliation-agenda-to-prove-it-trump-administration\\\/\",\"url\":\"https:\\\/\\\/ubirataonline.com.br\\\/todd-blanche-wants-to-be-attorney-general-and-hes-going-all-in-on-trumps-retaliation-agenda-to-prove-it-trump-administration\\\/\",\"name\":\"Todd Blanche wants to be attorney general \u2013 and he\u2019s going all in on Trump\u2019s retaliation agenda to prove it | Trump administration - Ubirat\u00e3 Online Not\u00edcias - A realidade ao seu alcance!\",\"isPartOf\":{\"@id\":\"https:\\\/\\\/ubirataonline.com.br\\\/#website\"},\"primaryImageOfPage\":{\"@id\":\"https:\\\/\\\/ubirataonline.com.br\\\/todd-blanche-wants-to-be-attorney-general-and-hes-going-all-in-on-trumps-retaliation-agenda-to-prove-it-trump-administration\\\/#primaryimage\"},\"image\":{\"@id\":\"https:\\\/\\\/ubirataonline.com.br\\\/todd-blanche-wants-to-be-attorney-general-and-hes-going-all-in-on-trumps-retaliation-agenda-to-prove-it-trump-administration\\\/#primaryimage\"},\"thumbnailUrl\":\"https:\\\/\\\/ubirataonline.com.br\\\/wp-content\\\/uploads\\\/2026\\\/04\\\/Todd-Blanche-wants-to-be-attorney-general-\u2013-and-hes.jpg\",\"datePublished\":\"2026-04-26T02:58:32+00:00\",\"dateModified\":\"2026-04-26T02:58:34+00:00\",\"description\":\"In just the few weeks since he\u2019s taken over the justice department\u2019s top job on an interim basis, Todd Blanche has aggressively moved to deploy the\",\"breadcrumb\":{\"@id\":\"https:\\\/\\\/ubirataonline.com.br\\\/todd-blanche-wants-to-be-attorney-general-and-hes-going-all-in-on-trumps-retaliation-agenda-to-prove-it-trump-administration\\\/#breadcrumb\"},\"inLanguage\":\"en-US\",\"potentialAction\":[{\"@type\":\"ReadAction\",\"target\":[\"https:\\\/\\\/ubirataonline.com.br\\\/todd-blanche-wants-to-be-attorney-general-and-hes-going-all-in-on-trumps-retaliation-agenda-to-prove-it-trump-administration\\\/\"]}]},{\"@type\":\"ImageObject\",\"inLanguage\":\"en-US\",\"@id\":\"https:\\\/\\\/ubirataonline.com.br\\\/todd-blanche-wants-to-be-attorney-general-and-hes-going-all-in-on-trumps-retaliation-agenda-to-prove-it-trump-administration\\\/#primaryimage\",\"url\":\"https:\\\/\\\/ubirataonline.com.br\\\/wp-content\\\/uploads\\\/2026\\\/04\\\/Todd-Blanche-wants-to-be-attorney-general-\u2013-and-hes.jpg\",\"contentUrl\":\"https:\\\/\\\/ubirataonline.com.br\\\/wp-content\\\/uploads\\\/2026\\\/04\\\/Todd-Blanche-wants-to-be-attorney-general-\u2013-and-hes.jpg\",\"width\":1200,\"height\":630,\"caption\":\"\u2018He\u2019s attempting to show that with Pam Bondi gone, things are going to start happening.\u2019 Illustration: Guardian Design\\\/Photo by Tom Williams\\\/Getty Images\"},{\"@type\":\"BreadcrumbList\",\"@id\":\"https:\\\/\\\/ubirataonline.com.br\\\/todd-blanche-wants-to-be-attorney-general-and-hes-going-all-in-on-trumps-retaliation-agenda-to-prove-it-trump-administration\\\/#breadcrumb\",\"itemListElement\":[{\"@type\":\"ListItem\",\"position\":1,\"name\":\"In\u00edcio\",\"item\":\"https:\\\/\\\/ubirataonline.com.br\\\/\"},{\"@type\":\"ListItem\",\"position\":2,\"name\":\"Todd Blanche wants to be attorney general \u2013 and he\u2019s going all in on Trump\u2019s retaliation agenda to prove it | Trump administration\"}]},{\"@type\":\"WebSite\",\"@id\":\"https:\\\/\\\/ubirataonline.com.br\\\/#website\",\"url\":\"https:\\\/\\\/ubirataonline.com.br\\\/\",\"name\":\"Ubirat\u00e3 Online Not\u00edcias\",\"description\":\"Not\u00edcias de Ubirat\u00e3, regi\u00e3o, Brasil e mundo, com informa\u00e7\u00e3o atualizada e compromisso com o leitor.\",\"publisher\":{\"@id\":\"https:\\\/\\\/ubirataonline.com.br\\\/#organization\"},\"alternateName\":\"Ubirat\u00e3 Online\",\"potentialAction\":[{\"@type\":\"SearchAction\",\"target\":{\"@type\":\"EntryPoint\",\"urlTemplate\":\"https:\\\/\\\/ubirataonline.com.br\\\/?s={search_term_string}\"},\"query-input\":{\"@type\":\"PropertyValueSpecification\",\"valueRequired\":true,\"valueName\":\"search_term_string\"}}],\"inLanguage\":\"en-US\"},{\"@type\":[\"Organization\",\"Place\"],\"@id\":\"https:\\\/\\\/ubirataonline.com.br\\\/#organization\",\"name\":\"Ubirat\u00e3 Online Not\u00edcias\",\"alternateName\":\"Ubirat\u00e3 Online\",\"url\":\"https:\\\/\\\/ubirataonline.com.br\\\/\",\"logo\":{\"@id\":\"https:\\\/\\\/ubirataonline.com.br\\\/todd-blanche-wants-to-be-attorney-general-and-hes-going-all-in-on-trumps-retaliation-agenda-to-prove-it-trump-administration\\\/#local-main-organization-logo\"},\"image\":{\"@id\":\"https:\\\/\\\/ubirataonline.com.br\\\/todd-blanche-wants-to-be-attorney-general-and-hes-going-all-in-on-trumps-retaliation-agenda-to-prove-it-trump-administration\\\/#local-main-organization-logo\"},\"sameAs\":[\"https:\\\/\\\/www.facebook.com\\\/portalubirataonline\",\"https:\\\/\\\/x.com\\\/ubirataonline\",\"https:\\\/\\\/mastodon.social\\\/@ubirataonline\",\"https:\\\/\\\/www.facebook.com\\\/groups\\\/311144672285604\",\"https:\\\/\\\/www.facebook.com\\\/UBTAOnline\",\"https:\\\/\\\/www.instagram.com\\\/portalubirataonline\\\/\",\"https:\\\/\\\/twitter.com\\\/ubirataonline\"],\"description\":\"Somos um portal de not\u00edcias independente, criado em 5 de janeiro de 2009, com o objetivo de informar, conectar e valorizar a nossa comunidade de Ubirat\u00e3 e toda aregi\u00e3o. Com conte\u00fado atualizado, confi\u00e1vel e relevante, o Ubirat\u00e3 Online \u00e9 o seu espa\u00e7o para ficar por dentro dos principais acontecimentos locais, regionais, Brasil, Mundo e de interesse geral. Nosso compromisso \u00e9 com a verdade, a transpar\u00eancia e o respeito ao leitor.\",\"legalName\":\"UBIRATA ONLINE NOT\u00cdCIAS\",\"foundingDate\":\"2009-01-05\",\"numberOfEmployees\":{\"@type\":\"QuantitativeValue\",\"minValue\":\"1\",\"maxValue\":\"10\"},\"publishingPrinciples\":\"https:\\\/\\\/ubirataonline.com.br\\\/faq\\\/\",\"address\":{\"@id\":\"https:\\\/\\\/ubirataonline.com.br\\\/todd-blanche-wants-to-be-attorney-general-and-hes-going-all-in-on-trumps-retaliation-agenda-to-prove-it-trump-administration\\\/#local-main-place-address\"},\"geo\":{\"@type\":\"GeoCoordinates\",\"latitude\":\"-24.5361401\",\"longitude\":\"-52.9921776\"},\"telephone\":[\"+5544998308235\"],\"contactPoint\":{\"@type\":\"ContactPoint\",\"email\":\"contato@ubirataonline.com.br\"},\"openingHoursSpecification\":{\"@type\":\"OpeningHoursSpecification\",\"dayOfWeek\":[\"Monday\",\"Tuesday\",\"Wednesday\",\"Thursday\",\"Friday\",\"Saturday\",\"Sunday\"],\"opens\":\"00:00\",\"closes\":\"23:59\"},\"email\":\"contato@ubirataonline.com.br\",\"vatID\":\"47.621.418\\\/0001-80\"},{\"@type\":\"Person\",\"@id\":\"https:\\\/\\\/ubirataonline.com.br\\\/#\\\/schema\\\/person\\\/372f87bbd3fdd79b8556b84c98d0bc1c\",\"name\":\"REDA\u00c7\u00c3O: UBIRAT\u00c3 ONLINE - F\u00c1BIO AUGUSTO CELESTINO\",\"pronouns\":\"Ele\",\"description\":\"Desde 2003 trabalhando com not\u00edcias.\",\"sameAs\":[\"http:\\\/\\\/ubirataoline.com.br\",\"https:\\\/\\\/www.facebook.com\\\/portalubirataonline\",\"https:\\\/\\\/www.instagram.com\\\/ubirataonline_oficial\",\"https:\\\/\\\/x.com\\\/x.com\\\/ubirataonline\"],\"honorificPrefix\":\"Mr.\",\"honorificSuffix\":\"MD\",\"birthDate\":\"1980-06-16\",\"gender\":\"masculino\",\"award\":[\"V\u00e1rios pr\u00eamios de melhor portal da cidade\"],\"jobTitle\":\"Diretor\",\"url\":\"https:\\\/\\\/ubirataonline.com.br\\\/en\\\/author\\\/ubirataonline\\\/\"},{\"@type\":\"PostalAddress\",\"@id\":\"https:\\\/\\\/ubirataonline.com.br\\\/todd-blanche-wants-to-be-attorney-general-and-hes-going-all-in-on-trumps-retaliation-agenda-to-prove-it-trump-administration\\\/#local-main-place-address\",\"streetAddress\":\"Rua dos Coqueiros, 104 - Bairro Boa Vista, Rua dos Coqueiros, 104 Bairro Boa Vista\",\"addressLocality\":\"UBIRATA\",\"postalCode\":\"85440-000\",\"addressRegion\":\"PR\",\"addressCountry\":\"BR\"},{\"@type\":\"ImageObject\",\"inLanguage\":\"en-US\",\"@id\":\"https:\\\/\\\/ubirataonline.com.br\\\/todd-blanche-wants-to-be-attorney-general-and-hes-going-all-in-on-trumps-retaliation-agenda-to-prove-it-trump-administration\\\/#local-main-organization-logo\",\"url\":\"https:\\\/\\\/ubirataonline.com.br\\\/wp-content\\\/uploads\\\/2026\\\/06\\\/logoubirataonline-1.webp\",\"contentUrl\":\"https:\\\/\\\/ubirataonline.com.br\\\/wp-content\\\/uploads\\\/2026\\\/06\\\/logoubirataonline-1.webp\",\"width\":500,\"height\":500,\"caption\":\"Ubirat\u00e3 Online Not\u00edcias\"}]}<\/script>\n<meta name=\"geo.placename\" content=\"UBIRATA\" \/>\n<meta name=\"geo.position\" content=\"-24.5361401;-52.9921776\" \/>\n<meta name=\"geo.region\" content=\"Brazil\" \/>\n<!-- \/ Yoast SEO Premium plugin. -->","yoast_head_json":{"title":"Todd Blanche wants to be attorney general \u2013 and he\u2019s going all in on Trump\u2019s retaliation agenda to prove it | Trump administration - Ubirat\u00e3 Online Not\u00edcias - A realidade ao seu alcance!","description":"In just the few weeks since he\u2019s taken over the justice department\u2019s top job on an interim basis, Todd Blanche has aggressively moved to deploy the","robots":{"index":"index","follow":"follow","max-snippet":"max-snippet:-1","max-image-preview":"max-image-preview:large","max-video-preview":"max-video-preview:-1"},"canonical":"https:\/\/ubirataonline.com.br\/en\/todd-blanche-wants-to-be-attorney-general-and-hes-going-all-in-on-trumps-retaliation-agenda-to-prove-it-trump-administration\/","og_locale":"en_US","og_type":"article","og_title":"Todd Blanche wants to be attorney general \u2013 and he\u2019s going all in on Trump\u2019s retaliation agenda to prove it | Trump administration","og_description":"In just the few weeks since he\u2019s taken over the justice department\u2019s top job on an interim basis, Todd Blanche has aggressively moved to deploy the","og_url":"https:\/\/ubirataonline.com.br\/en\/todd-blanche-wants-to-be-attorney-general-and-hes-going-all-in-on-trumps-retaliation-agenda-to-prove-it-trump-administration\/","og_site_name":"Ubirat\u00e3 Online Not\u00edcias - A realidade ao seu alcance!","article_publisher":"https:\/\/www.facebook.com\/portalubirataonline","article_author":"https:\/\/www.facebook.com\/portalubirataonline","article_published_time":"2026-04-26T02:58:32+00:00","article_modified_time":"2026-04-26T02:58:34+00:00","og_image":[{"width":1200,"height":630,"url":"https:\/\/ubirataonline.com.br\/wp-content\/uploads\/2026\/04\/Todd-Blanche-wants-to-be-attorney-general-\u2013-and-hes.jpg","type":"image\/jpeg"}],"author":"REDA\u00c7\u00c3O: UBIRAT\u00c3 ONLINE - F\u00c1BIO AUGUSTO CELESTINO","twitter_card":"summary_large_image","twitter_creator":"@x.com\/ubirataonline","twitter_site":"@ubirataonline","twitter_misc":{"Written by":"REDA\u00c7\u00c3O: UBIRAT\u00c3 ONLINE - F\u00c1BIO AUGUSTO CELESTINO","Est. reading time":"5 minutes"},"schema":{"@context":"https:\/\/schema.org","@graph":[{"@type":"NewsArticle","@id":"https:\/\/ubirataonline.com.br\/todd-blanche-wants-to-be-attorney-general-and-hes-going-all-in-on-trumps-retaliation-agenda-to-prove-it-trump-administration\/#article","isPartOf":{"@id":"https:\/\/ubirataonline.com.br\/todd-blanche-wants-to-be-attorney-general-and-hes-going-all-in-on-trumps-retaliation-agenda-to-prove-it-trump-administration\/"},"author":{"name":"REDA\u00c7\u00c3O: UBIRAT\u00c3 ONLINE - F\u00c1BIO AUGUSTO CELESTINO","@id":"https:\/\/ubirataonline.com.br\/#\/schema\/person\/372f87bbd3fdd79b8556b84c98d0bc1c"},"headline":"Todd Blanche wants to be attorney general \u2013 and he\u2019s going all in on Trump\u2019s retaliation agenda to prove it | Trump administration","datePublished":"2026-04-26T02:58:32+00:00","dateModified":"2026-04-26T02:58:34+00:00","mainEntityOfPage":{"@id":"https:\/\/ubirataonline.com.br\/todd-blanche-wants-to-be-attorney-general-and-hes-going-all-in-on-trumps-retaliation-agenda-to-prove-it-trump-administration\/"},"wordCount":1066,"publisher":{"@id":"https:\/\/ubirataonline.com.br\/#organization"},"image":{"@id":"https:\/\/ubirataonline.com.br\/todd-blanche-wants-to-be-attorney-general-and-hes-going-all-in-on-trumps-retaliation-agenda-to-prove-it-trump-administration\/#primaryimage"},"thumbnailUrl":"https:\/\/ubirataonline.com.br\/wp-content\/uploads\/2026\/04\/Todd-Blanche-wants-to-be-attorney-general-\u2013-and-hes.jpg","keywords":["administration","agenda","Attorney","Blanche","general","Hes","prove","retaliation","Todd","Trump","Trumps"],"articleSection":["Ubirat\u00e3"],"inLanguage":"en-US","copyrightYear":"2026","copyrightHolder":{"@id":"https:\/\/ubirataonline.com.br\/en\/#organization"}},{"@type":"WebPage","@id":"https:\/\/ubirataonline.com.br\/todd-blanche-wants-to-be-attorney-general-and-hes-going-all-in-on-trumps-retaliation-agenda-to-prove-it-trump-administration\/","url":"https:\/\/ubirataonline.com.br\/todd-blanche-wants-to-be-attorney-general-and-hes-going-all-in-on-trumps-retaliation-agenda-to-prove-it-trump-administration\/","name":"Todd Blanche wants to be attorney general \u2013 and he\u2019s going all in on Trump\u2019s retaliation agenda to prove it | Trump administration - Ubirat\u00e3 Online Not\u00edcias - A realidade ao seu alcance!","isPartOf":{"@id":"https:\/\/ubirataonline.com.br\/#website"},"primaryImageOfPage":{"@id":"https:\/\/ubirataonline.com.br\/todd-blanche-wants-to-be-attorney-general-and-hes-going-all-in-on-trumps-retaliation-agenda-to-prove-it-trump-administration\/#primaryimage"},"image":{"@id":"https:\/\/ubirataonline.com.br\/todd-blanche-wants-to-be-attorney-general-and-hes-going-all-in-on-trumps-retaliation-agenda-to-prove-it-trump-administration\/#primaryimage"},"thumbnailUrl":"https:\/\/ubirataonline.com.br\/wp-content\/uploads\/2026\/04\/Todd-Blanche-wants-to-be-attorney-general-\u2013-and-hes.jpg","datePublished":"2026-04-26T02:58:32+00:00","dateModified":"2026-04-26T02:58:34+00:00","description":"In just the few weeks since he\u2019s taken over the justice department\u2019s top job on an interim basis, Todd Blanche has aggressively moved to deploy the","breadcrumb":{"@id":"https:\/\/ubirataonline.com.br\/todd-blanche-wants-to-be-attorney-general-and-hes-going-all-in-on-trumps-retaliation-agenda-to-prove-it-trump-administration\/#breadcrumb"},"inLanguage":"en-US","potentialAction":[{"@type":"ReadAction","target":["https:\/\/ubirataonline.com.br\/todd-blanche-wants-to-be-attorney-general-and-hes-going-all-in-on-trumps-retaliation-agenda-to-prove-it-trump-administration\/"]}]},{"@type":"ImageObject","inLanguage":"en-US","@id":"https:\/\/ubirataonline.com.br\/todd-blanche-wants-to-be-attorney-general-and-hes-going-all-in-on-trumps-retaliation-agenda-to-prove-it-trump-administration\/#primaryimage","url":"https:\/\/ubirataonline.com.br\/wp-content\/uploads\/2026\/04\/Todd-Blanche-wants-to-be-attorney-general-\u2013-and-hes.jpg","contentUrl":"https:\/\/ubirataonline.com.br\/wp-content\/uploads\/2026\/04\/Todd-Blanche-wants-to-be-attorney-general-\u2013-and-hes.jpg","width":1200,"height":630,"caption":"\u2018He\u2019s attempting to show that with Pam Bondi gone, things are going to start happening.\u2019 Illustration: Guardian Design\/Photo by Tom Williams\/Getty Images"},{"@type":"BreadcrumbList","@id":"https:\/\/ubirataonline.com.br\/todd-blanche-wants-to-be-attorney-general-and-hes-going-all-in-on-trumps-retaliation-agenda-to-prove-it-trump-administration\/#breadcrumb","itemListElement":[{"@type":"ListItem","position":1,"name":"In\u00edcio","item":"https:\/\/ubirataonline.com.br\/"},{"@type":"ListItem","position":2,"name":"Todd Blanche wants to be attorney general \u2013 and he\u2019s going all in on Trump\u2019s retaliation agenda to prove it | Trump administration"}]},{"@type":"WebSite","@id":"https:\/\/ubirataonline.com.br\/#website","url":"https:\/\/ubirataonline.com.br\/","name":"Ubirat\u00e3 Online Not\u00edcias","description":"Not\u00edcias de Ubirat\u00e3, regi\u00e3o, Brasil e mundo, com informa\u00e7\u00e3o atualizada e compromisso com o leitor.","publisher":{"@id":"https:\/\/ubirataonline.com.br\/#organization"},"alternateName":"Ubirat\u00e3 Online","potentialAction":[{"@type":"SearchAction","target":{"@type":"EntryPoint","urlTemplate":"https:\/\/ubirataonline.com.br\/?s={search_term_string}"},"query-input":{"@type":"PropertyValueSpecification","valueRequired":true,"valueName":"search_term_string"}}],"inLanguage":"en-US"},{"@type":["Organization","Place"],"@id":"https:\/\/ubirataonline.com.br\/#organization","name":"Ubirat\u00e3 Online Not\u00edcias","alternateName":"Ubirat\u00e3 Online","url":"https:\/\/ubirataonline.com.br\/","logo":{"@id":"https:\/\/ubirataonline.com.br\/todd-blanche-wants-to-be-attorney-general-and-hes-going-all-in-on-trumps-retaliation-agenda-to-prove-it-trump-administration\/#local-main-organization-logo"},"image":{"@id":"https:\/\/ubirataonline.com.br\/todd-blanche-wants-to-be-attorney-general-and-hes-going-all-in-on-trumps-retaliation-agenda-to-prove-it-trump-administration\/#local-main-organization-logo"},"sameAs":["https:\/\/www.facebook.com\/portalubirataonline","https:\/\/x.com\/ubirataonline","https:\/\/mastodon.social\/@ubirataonline","https:\/\/www.facebook.com\/groups\/311144672285604","https:\/\/www.facebook.com\/UBTAOnline","https:\/\/www.instagram.com\/portalubirataonline\/","https:\/\/twitter.com\/ubirataonline"],"description":"Somos um portal de not\u00edcias independente, criado em 5 de janeiro de 2009, com o objetivo de informar, conectar e valorizar a nossa comunidade de Ubirat\u00e3 e toda aregi\u00e3o. Com conte\u00fado atualizado, confi\u00e1vel e relevante, o Ubirat\u00e3 Online \u00e9 o seu espa\u00e7o para ficar por dentro dos principais acontecimentos locais, regionais, Brasil, Mundo e de interesse geral. Nosso compromisso \u00e9 com a verdade, a transpar\u00eancia e o respeito ao leitor.","legalName":"UBIRATA ONLINE NOT\u00cdCIAS","foundingDate":"2009-01-05","numberOfEmployees":{"@type":"QuantitativeValue","minValue":"1","maxValue":"10"},"publishingPrinciples":"https:\/\/ubirataonline.com.br\/faq\/","address":{"@id":"https:\/\/ubirataonline.com.br\/todd-blanche-wants-to-be-attorney-general-and-hes-going-all-in-on-trumps-retaliation-agenda-to-prove-it-trump-administration\/#local-main-place-address"},"geo":{"@type":"GeoCoordinates","latitude":"-24.5361401","longitude":"-52.9921776"},"telephone":["+5544998308235"],"contactPoint":{"@type":"ContactPoint","email":"contato@ubirataonline.com.br"},"openingHoursSpecification":{"@type":"OpeningHoursSpecification","dayOfWeek":["Monday","Tuesday","Wednesday","Thursday","Friday","Saturday","Sunday"],"opens":"00:00","closes":"23:59"},"email":"contato@ubirataonline.com.br","vatID":"47.621.418\/0001-80"},{"@type":"Person","@id":"https:\/\/ubirataonline.com.br\/#\/schema\/person\/372f87bbd3fdd79b8556b84c98d0bc1c","name":"REDA\u00c7\u00c3O: UBIRAT\u00c3 ONLINE - F\u00c1BIO AUGUSTO CELESTINO","pronouns":"Ele","description":"Desde 2003 trabalhando com not\u00edcias.","sameAs":["http:\/\/ubirataoline.com.br","https:\/\/www.facebook.com\/portalubirataonline","https:\/\/www.instagram.com\/ubirataonline_oficial","https:\/\/x.com\/x.com\/ubirataonline"],"honorificPrefix":"Mr.","honorificSuffix":"MD","birthDate":"1980-06-16","gender":"masculino","award":["V\u00e1rios pr\u00eamios de melhor portal da cidade"],"jobTitle":"Diretor","url":"https:\/\/ubirataonline.com.br\/en\/author\/ubirataonline\/"},{"@type":"PostalAddress","@id":"https:\/\/ubirataonline.com.br\/todd-blanche-wants-to-be-attorney-general-and-hes-going-all-in-on-trumps-retaliation-agenda-to-prove-it-trump-administration\/#local-main-place-address","streetAddress":"Rua dos Coqueiros, 104 - Bairro Boa Vista, Rua dos Coqueiros, 104 Bairro Boa Vista","addressLocality":"UBIRATA","postalCode":"85440-000","addressRegion":"PR","addressCountry":"BR"},{"@type":"ImageObject","inLanguage":"en-US","@id":"https:\/\/ubirataonline.com.br\/todd-blanche-wants-to-be-attorney-general-and-hes-going-all-in-on-trumps-retaliation-agenda-to-prove-it-trump-administration\/#local-main-organization-logo","url":"https:\/\/ubirataonline.com.br\/wp-content\/uploads\/2026\/06\/logoubirataonline-1.webp","contentUrl":"https:\/\/ubirataonline.com.br\/wp-content\/uploads\/2026\/06\/logoubirataonline-1.webp","width":500,"height":500,"caption":"Ubirat\u00e3 Online Not\u00edcias"}]},"geo.placename":"UBIRATA","geo.position":{"lat":"-24.5361401","long":"-52.9921776"},"geo.region":"Brazil"},"_links":{"self":[{"href":"https:\/\/ubirataonline.com.br\/en\/wp-json\/wp\/v2\/posts\/115554","targetHints":{"allow":["GET"]}}],"collection":[{"href":"https:\/\/ubirataonline.com.br\/en\/wp-json\/wp\/v2\/posts"}],"about":[{"href":"https:\/\/ubirataonline.com.br\/en\/wp-json\/wp\/v2\/types\/post"}],"author":[{"embeddable":true,"href":"https:\/\/ubirataonline.com.br\/en\/wp-json\/wp\/v2\/users\/1"}],"replies":[{"embeddable":true,"href":"https:\/\/ubirataonline.com.br\/en\/wp-json\/wp\/v2\/comments?post=115554"}],"version-history":[{"count":0,"href":"https:\/\/ubirataonline.com.br\/en\/wp-json\/wp\/v2\/posts\/115554\/revisions"}],"wp:featuredmedia":[{"embeddable":true,"href":"https:\/\/ubirataonline.com.br\/en\/wp-json\/wp\/v2\/media\/115555"}],"wp:attachment":[{"href":"https:\/\/ubirataonline.com.br\/en\/wp-json\/wp\/v2\/media?parent=115554"}],"wp:term":[{"taxonomy":"category","embeddable":true,"href":"https:\/\/ubirataonline.com.br\/en\/wp-json\/wp\/v2\/categories?post=115554"},{"taxonomy":"post_tag","embeddable":true,"href":"https:\/\/ubirataonline.com.br\/en\/wp-json\/wp\/v2\/tags?post=115554"}],"curies":[{"name":"wp","href":"https:\/\/api.w.org\/{rel}","templated":true}]}}