{"id":115584,"date":"2026-04-26T00:30:31","date_gmt":"2026-04-26T03:30:31","guid":{"rendered":"https:\/\/ubirataonline.com.br\/ufc-welterweight-tim-means-arrested-on-child-abuse-charge\/"},"modified":"2026-04-26T00:30:43","modified_gmt":"2026-04-26T03:30:43","slug":"ufc-welterweight-tim-means-arrested-on-child-abuse-charge","status":"publish","type":"post","link":"https:\/\/ubirataonline.com.br\/en\/ufc-welterweight-tim-means-arrested-on-child-abuse-charge\/","title":{"rendered":"UFC welterweight Tim Means arrested on child abuse charge"},"content":{"rendered":"<p><br \/>\n<\/p>\n<div>\n<div class=\"article-meta\">\n<div class=\"byline-wrap\">\n<ul class=\"authors byline-authors\">\n<li class=\"single-author mugshot-shown\">\n<div class=\"author-img\"><\/div>\n<p>Andreas Hale<span class=\"timestamp\">Apr 25, 2026, 10:28 PM ET<\/span><\/p>\n<div class=\"author-overlay\"><a class=\"icon-font-after icon-close-solid-after\" href=\"#\">Close<\/a><\/p>\n<ul>Andreas Hale is a combat sports reporter at ESPN. Andreas covers MMA, boxing and pro wrestling. In Andreas&#8217; free time, he plays video games, obsesses over music and is a White Sox and 49ers fan. He is also a host for Sirius XM&#8217;s Fight Nation. Before joining ESPN, Andreas was a senior writer at DAZN and Sporting News. He started his career as a music journalist for outlets including HipHopDX, The Grammys and Jay-Z&#8217;s Life+Times. He is also an NAACP Image Award-nominated filmmaker as a producer for the animated short film &#8220;Bridges&#8221; in 2024.<\/ul>\n<\/div>\n<\/li>\n<\/ul>\n<p>Multiple Authors<\/p>\n<\/div>\n<\/div>\n<p>UFC welterweight Tim Means was arrested Wednesday in New Mexico on an open charge of child abuse, according to Bernalillo County online court records.<\/p>\n<p>Means, 42, was involved in an altercation with his 17-year-old daughter and was accused of head-butting her in the nose before punching her in the face after a dispute over house chores, according to the Albuquerque Journal.<\/p>\n<p>Means was released Friday on his own recognizance and has a hearing date set for May 26.<\/p>\n<p>A criminal complaint was filed Tuesday after Bernalillo County Sheriff&#8217;s Office received a call that two people had gotten into a physical altercation. The caller was later identified as Means&#8217; daughter, who said her father had head-butted after arguing over chores. The complaint said that she pushed Means away and alleged that she was then grabbed by the neck in a &#8220;strangulation manner&#8221; in the kitchen. She also alleges that she had a potato thrown at her and the two engaged in a scuffle where the teenager said she tried to get away by pushing and punching Means in the face. Means then struck her with a closed fist on the right side of her face.<\/p>\n<p>&#8220;Let it be known that there were visible hand and red marks on neck, indicating she was strangled,&#8221; the complaint reportedly states. &#8220;There was blood on and in her nose where she was head-butted and several red marks indicated she was hit in the face and on her cheek.&#8221;<\/p>\n<p>Local news outlet KOAT reported that Means spoke to law enforcement after being detained and admitted that there had been an altercation with his daughter. However, he said the only time he got physical with her is when he needed to restrain her.<\/p>\n<p>Means hasn&#8217;t fought since a 2024 submission loss to Court McGee and is 1-5 in his past six fights.<\/p>\n<\/div>\n<p><br \/>\n<br \/><a href=\"https:\/\/www.espn.com\/mma\/story\/_\/id\/48596481\/ufc-welterweight-tim-means-arrested-child-abuse-charge\">Source link <\/a><\/p>","protected":false},"excerpt":{"rendered":"<p>Andreas HaleApr 25, 2026, 10:28 PM ET Close Andreas Hale is a combat sports reporter at ESPN. Andreas covers MMA, boxing and pro wrestling. In Andreas&#8217; free time, he plays video games, obsesses over music and is a White Sox and 49ers fan. He is also a host for Sirius XM&#8217;s Fight Nation. Before joining [&hellip;]<\/p>\n","protected":false},"author":1,"featured_media":115585,"comment_status":"closed","ping_status":"","sticky":false,"template":"","format":"standard","meta":{"googlesitekit_rrm_CAow2JLhCw:productID":"","_gspb_post_css":"","maa_idioma":"","maa_pais":"","footnotes":""},"categories":[1],"tags":[5856,7366,8556,6166,13780,9391,2967,31179],"class_list":["post-115584","post","type-post","status-publish","format-standard","has-post-thumbnail","hentry","category-ubirata","tag-abuse","tag-arrested","tag-charge","tag-child","tag-means","tag-tim","tag-ufc","tag-welterweight"],"blocksy_meta":[],"yoast_head":"<!-- This site is optimized with the Yoast SEO Premium plugin v27.6 (Yoast SEO v27.6) - https:\/\/yoast.com\/product\/yoast-seo-premium-wordpress\/ -->\n<title>UFC welterweight Tim Means arrested on child abuse charge - Ubirat\u00e3 Online Not\u00edcias - A realidade ao seu alcance!<\/title>\n<meta name=\"description\" content=\"Andreas HaleApr 25, 2026, 10:28 PM ETCloseAndreas Hale is a combat sports reporter at ESPN. Andreas covers MMA, boxing and pro wrestling. In Andreas&#039; free\" \/>\n<meta name=\"robots\" content=\"index, follow, max-snippet:-1, max-image-preview:large, max-video-preview:-1\" \/>\n<link rel=\"canonical\" href=\"https:\/\/ubirataonline.com.br\/en\/ufc-welterweight-tim-means-arrested-on-child-abuse-charge\/\" \/>\n<meta property=\"og:locale\" content=\"en_US\" \/>\n<meta property=\"og:type\" content=\"article\" \/>\n<meta property=\"og:title\" content=\"UFC welterweight Tim Means arrested on child abuse charge\" \/>\n<meta property=\"og:description\" content=\"Andreas HaleApr 25, 2026, 10:28 PM ETCloseAndreas Hale is a combat sports reporter at ESPN. Andreas covers MMA, boxing and pro wrestling. In Andreas&#039; free\" \/>\n<meta property=\"og:url\" content=\"https:\/\/ubirataonline.com.br\/en\/ufc-welterweight-tim-means-arrested-on-child-abuse-charge\/\" \/>\n<meta property=\"og:site_name\" content=\"Ubirat\u00e3 Online Not\u00edcias - A realidade ao seu alcance!\" \/>\n<meta property=\"article:publisher\" content=\"https:\/\/www.facebook.com\/portalubirataonline\" \/>\n<meta property=\"article:author\" content=\"https:\/\/www.facebook.com\/portalubirataonline\" \/>\n<meta property=\"article:published_time\" content=\"2026-04-26T03:30:31+00:00\" \/>\n<meta property=\"article:modified_time\" content=\"2026-04-26T03:30:43+00:00\" \/>\n<meta property=\"og:image\" content=\"https:\/\/ubirataonline.com.br\/wp-content\/uploads\/2026\/04\/UFC-welterweight-Tim-Means-arrested-on-child-abuse-charge.jpeg\" \/>\n\t<meta property=\"og:image:width\" content=\"1296\" \/>\n\t<meta property=\"og:image:height\" content=\"729\" \/>\n\t<meta property=\"og:image:type\" content=\"image\/jpeg\" \/>\n<meta name=\"author\" content=\"REDA\u00c7\u00c3O: UBIRAT\u00c3 ONLINE - F\u00c1BIO AUGUSTO CELESTINO\" \/>\n<meta name=\"twitter:card\" content=\"summary_large_image\" \/>\n<meta name=\"twitter:creator\" content=\"@x.com\/ubirataonline\" \/>\n<meta name=\"twitter:site\" content=\"@ubirataonline\" \/>\n<meta name=\"twitter:label1\" content=\"Written by\" \/>\n\t<meta name=\"twitter:data1\" content=\"REDA\u00c7\u00c3O: UBIRAT\u00c3 ONLINE - F\u00c1BIO AUGUSTO CELESTINO\" \/>\n\t<meta name=\"twitter:label2\" content=\"Est. reading time\" \/>\n\t<meta name=\"twitter:data2\" content=\"2 minutes\" \/>\n<script type=\"application\/ld+json\" class=\"yoast-schema-graph\">{\"@context\":\"https:\\\/\\\/schema.org\",\"@graph\":[{\"@type\":\"NewsArticle\",\"@id\":\"https:\\\/\\\/ubirataonline.com.br\\\/ufc-welterweight-tim-means-arrested-on-child-abuse-charge\\\/#article\",\"isPartOf\":{\"@id\":\"https:\\\/\\\/ubirataonline.com.br\\\/ufc-welterweight-tim-means-arrested-on-child-abuse-charge\\\/\"},\"author\":{\"name\":\"REDA\u00c7\u00c3O: UBIRAT\u00c3 ONLINE - F\u00c1BIO AUGUSTO CELESTINO\",\"@id\":\"https:\\\/\\\/ubirataonline.com.br\\\/#\\\/schema\\\/person\\\/372f87bbd3fdd79b8556b84c98d0bc1c\"},\"headline\":\"UFC welterweight Tim Means arrested on child abuse charge\",\"datePublished\":\"2026-04-26T03:30:31+00:00\",\"dateModified\":\"2026-04-26T03:30:43+00:00\",\"mainEntityOfPage\":{\"@id\":\"https:\\\/\\\/ubirataonline.com.br\\\/ufc-welterweight-tim-means-arrested-on-child-abuse-charge\\\/\"},\"wordCount\":420,\"publisher\":{\"@id\":\"https:\\\/\\\/ubirataonline.com.br\\\/#organization\"},\"image\":{\"@id\":\"https:\\\/\\\/ubirataonline.com.br\\\/ufc-welterweight-tim-means-arrested-on-child-abuse-charge\\\/#primaryimage\"},\"thumbnailUrl\":\"https:\\\/\\\/ubirataonline.com.br\\\/wp-content\\\/uploads\\\/2026\\\/04\\\/UFC-welterweight-Tim-Means-arrested-on-child-abuse-charge.jpeg\",\"keywords\":[\"Abuse\",\"arrested\",\"charge\",\"Child\",\"Means\",\"Tim\",\"UFC\",\"welterweight\"],\"articleSection\":[\"Ubirat\u00e3\"],\"inLanguage\":\"en-US\",\"copyrightYear\":\"2026\",\"copyrightHolder\":{\"@id\":\"https:\\\/\\\/ubirataonline.com.br\\\/en\\\/#organization\"}},{\"@type\":\"WebPage\",\"@id\":\"https:\\\/\\\/ubirataonline.com.br\\\/ufc-welterweight-tim-means-arrested-on-child-abuse-charge\\\/\",\"url\":\"https:\\\/\\\/ubirataonline.com.br\\\/ufc-welterweight-tim-means-arrested-on-child-abuse-charge\\\/\",\"name\":\"UFC welterweight Tim Means arrested on child abuse charge - Ubirat\u00e3 Online Not\u00edcias - A realidade ao seu alcance!\",\"isPartOf\":{\"@id\":\"https:\\\/\\\/ubirataonline.com.br\\\/#website\"},\"primaryImageOfPage\":{\"@id\":\"https:\\\/\\\/ubirataonline.com.br\\\/ufc-welterweight-tim-means-arrested-on-child-abuse-charge\\\/#primaryimage\"},\"image\":{\"@id\":\"https:\\\/\\\/ubirataonline.com.br\\\/ufc-welterweight-tim-means-arrested-on-child-abuse-charge\\\/#primaryimage\"},\"thumbnailUrl\":\"https:\\\/\\\/ubirataonline.com.br\\\/wp-content\\\/uploads\\\/2026\\\/04\\\/UFC-welterweight-Tim-Means-arrested-on-child-abuse-charge.jpeg\",\"datePublished\":\"2026-04-26T03:30:31+00:00\",\"dateModified\":\"2026-04-26T03:30:43+00:00\",\"description\":\"Andreas HaleApr 25, 2026, 10:28 PM ETCloseAndreas Hale is a combat sports reporter at ESPN. Andreas covers MMA, boxing and pro wrestling. In Andreas' free\",\"breadcrumb\":{\"@id\":\"https:\\\/\\\/ubirataonline.com.br\\\/ufc-welterweight-tim-means-arrested-on-child-abuse-charge\\\/#breadcrumb\"},\"inLanguage\":\"en-US\",\"potentialAction\":[{\"@type\":\"ReadAction\",\"target\":[\"https:\\\/\\\/ubirataonline.com.br\\\/ufc-welterweight-tim-means-arrested-on-child-abuse-charge\\\/\"]}]},{\"@type\":\"ImageObject\",\"inLanguage\":\"en-US\",\"@id\":\"https:\\\/\\\/ubirataonline.com.br\\\/ufc-welterweight-tim-means-arrested-on-child-abuse-charge\\\/#primaryimage\",\"url\":\"https:\\\/\\\/ubirataonline.com.br\\\/wp-content\\\/uploads\\\/2026\\\/04\\\/UFC-welterweight-Tim-Means-arrested-on-child-abuse-charge.jpeg\",\"contentUrl\":\"https:\\\/\\\/ubirataonline.com.br\\\/wp-content\\\/uploads\\\/2026\\\/04\\\/UFC-welterweight-Tim-Means-arrested-on-child-abuse-charge.jpeg\",\"width\":1296,\"height\":729,\"caption\":\"UFC welterweight Tim Means arrested on child abuse charge\"},{\"@type\":\"BreadcrumbList\",\"@id\":\"https:\\\/\\\/ubirataonline.com.br\\\/ufc-welterweight-tim-means-arrested-on-child-abuse-charge\\\/#breadcrumb\",\"itemListElement\":[{\"@type\":\"ListItem\",\"position\":1,\"name\":\"In\u00edcio\",\"item\":\"https:\\\/\\\/ubirataonline.com.br\\\/\"},{\"@type\":\"ListItem\",\"position\":2,\"name\":\"UFC welterweight Tim Means arrested on child abuse charge\"}]},{\"@type\":\"WebSite\",\"@id\":\"https:\\\/\\\/ubirataonline.com.br\\\/#website\",\"url\":\"https:\\\/\\\/ubirataonline.com.br\\\/\",\"name\":\"Ubirat\u00e3 Online Not\u00edcias\",\"description\":\"Not\u00edcias de Ubirat\u00e3, regi\u00e3o, Brasil e mundo, com informa\u00e7\u00e3o atualizada e compromisso com o leitor.\",\"publisher\":{\"@id\":\"https:\\\/\\\/ubirataonline.com.br\\\/#organization\"},\"alternateName\":\"Ubirat\u00e3 Online\",\"potentialAction\":[{\"@type\":\"SearchAction\",\"target\":{\"@type\":\"EntryPoint\",\"urlTemplate\":\"https:\\\/\\\/ubirataonline.com.br\\\/?s={search_term_string}\"},\"query-input\":{\"@type\":\"PropertyValueSpecification\",\"valueRequired\":true,\"valueName\":\"search_term_string\"}}],\"inLanguage\":\"en-US\"},{\"@type\":[\"Organization\",\"Place\"],\"@id\":\"https:\\\/\\\/ubirataonline.com.br\\\/#organization\",\"name\":\"Ubirat\u00e3 Online Not\u00edcias\",\"alternateName\":\"Ubirat\u00e3 Online\",\"url\":\"https:\\\/\\\/ubirataonline.com.br\\\/\",\"logo\":{\"@id\":\"https:\\\/\\\/ubirataonline.com.br\\\/ufc-welterweight-tim-means-arrested-on-child-abuse-charge\\\/#local-main-organization-logo\"},\"image\":{\"@id\":\"https:\\\/\\\/ubirataonline.com.br\\\/ufc-welterweight-tim-means-arrested-on-child-abuse-charge\\\/#local-main-organization-logo\"},\"sameAs\":[\"https:\\\/\\\/www.facebook.com\\\/portalubirataonline\",\"https:\\\/\\\/x.com\\\/ubirataonline\",\"https:\\\/\\\/mastodon.social\\\/@ubirataonline\",\"https:\\\/\\\/www.facebook.com\\\/groups\\\/311144672285604\",\"https:\\\/\\\/www.facebook.com\\\/UBTAOnline\",\"https:\\\/\\\/www.instagram.com\\\/portalubirataonline\\\/\",\"https:\\\/\\\/twitter.com\\\/ubirataonline\"],\"description\":\"Somos um portal de not\u00edcias independente, criado em 5 de janeiro de 2009, com o objetivo de informar, conectar e valorizar a nossa comunidade de Ubirat\u00e3 e toda aregi\u00e3o. Com conte\u00fado atualizado, confi\u00e1vel e relevante, o Ubirat\u00e3 Online \u00e9 o seu espa\u00e7o para ficar por dentro dos principais acontecimentos locais, regionais, Brasil, Mundo e de interesse geral. Nosso compromisso \u00e9 com a verdade, a transpar\u00eancia e o respeito ao leitor.\",\"legalName\":\"UBIRATA ONLINE NOT\u00cdCIAS\",\"foundingDate\":\"2009-01-05\",\"numberOfEmployees\":{\"@type\":\"QuantitativeValue\",\"minValue\":\"1\",\"maxValue\":\"10\"},\"publishingPrinciples\":\"https:\\\/\\\/ubirataonline.com.br\\\/faq\\\/\",\"address\":{\"@id\":\"https:\\\/\\\/ubirataonline.com.br\\\/ufc-welterweight-tim-means-arrested-on-child-abuse-charge\\\/#local-main-place-address\"},\"geo\":{\"@type\":\"GeoCoordinates\",\"latitude\":\"-24.5361401\",\"longitude\":\"-52.9921776\"},\"telephone\":[\"+5544998308235\"],\"contactPoint\":{\"@type\":\"ContactPoint\",\"email\":\"contato@ubirataonline.com.br\"},\"openingHoursSpecification\":{\"@type\":\"OpeningHoursSpecification\",\"dayOfWeek\":[\"Monday\",\"Tuesday\",\"Wednesday\",\"Thursday\",\"Friday\",\"Saturday\",\"Sunday\"],\"opens\":\"00:00\",\"closes\":\"23:59\"},\"email\":\"contato@ubirataonline.com.br\",\"vatID\":\"47.621.418\\\/0001-80\"},{\"@type\":\"Person\",\"@id\":\"https:\\\/\\\/ubirataonline.com.br\\\/#\\\/schema\\\/person\\\/372f87bbd3fdd79b8556b84c98d0bc1c\",\"name\":\"REDA\u00c7\u00c3O: UBIRAT\u00c3 ONLINE - F\u00c1BIO AUGUSTO CELESTINO\",\"pronouns\":\"Ele\",\"description\":\"Desde 2003 trabalhando com not\u00edcias.\",\"sameAs\":[\"http:\\\/\\\/ubirataoline.com.br\",\"https:\\\/\\\/www.facebook.com\\\/portalubirataonline\",\"https:\\\/\\\/www.instagram.com\\\/ubirataonline_oficial\",\"https:\\\/\\\/x.com\\\/x.com\\\/ubirataonline\"],\"honorificPrefix\":\"Mr.\",\"honorificSuffix\":\"MD\",\"birthDate\":\"1980-06-16\",\"gender\":\"masculino\",\"award\":[\"V\u00e1rios pr\u00eamios de melhor portal da cidade\"],\"jobTitle\":\"Diretor\",\"url\":\"https:\\\/\\\/ubirataonline.com.br\\\/en\\\/author\\\/ubirataonline\\\/\"},{\"@type\":\"PostalAddress\",\"@id\":\"https:\\\/\\\/ubirataonline.com.br\\\/ufc-welterweight-tim-means-arrested-on-child-abuse-charge\\\/#local-main-place-address\",\"streetAddress\":\"Rua dos Coqueiros, 104 - Bairro Boa Vista, Rua dos Coqueiros, 104 Bairro Boa Vista\",\"addressLocality\":\"UBIRATA\",\"postalCode\":\"85440-000\",\"addressRegion\":\"PR\",\"addressCountry\":\"BR\"},{\"@type\":\"ImageObject\",\"inLanguage\":\"en-US\",\"@id\":\"https:\\\/\\\/ubirataonline.com.br\\\/ufc-welterweight-tim-means-arrested-on-child-abuse-charge\\\/#local-main-organization-logo\",\"url\":\"https:\\\/\\\/ubirataonline.com.br\\\/wp-content\\\/uploads\\\/2026\\\/06\\\/logoubirataonline-1.webp\",\"contentUrl\":\"https:\\\/\\\/ubirataonline.com.br\\\/wp-content\\\/uploads\\\/2026\\\/06\\\/logoubirataonline-1.webp\",\"width\":500,\"height\":500,\"caption\":\"Ubirat\u00e3 Online Not\u00edcias\"}]}<\/script>\n<meta name=\"geo.placename\" content=\"UBIRATA\" \/>\n<meta name=\"geo.position\" content=\"-24.5361401;-52.9921776\" \/>\n<meta name=\"geo.region\" content=\"Brazil\" \/>\n<!-- \/ Yoast SEO Premium plugin. -->","yoast_head_json":{"title":"UFC welterweight Tim Means arrested on child abuse charge - Ubirat\u00e3 Online Not\u00edcias - A realidade ao seu alcance!","description":"Andreas HaleApr 25, 2026, 10:28 PM ETCloseAndreas Hale is a combat sports reporter at ESPN. Andreas covers MMA, boxing and pro wrestling. In Andreas' free","robots":{"index":"index","follow":"follow","max-snippet":"max-snippet:-1","max-image-preview":"max-image-preview:large","max-video-preview":"max-video-preview:-1"},"canonical":"https:\/\/ubirataonline.com.br\/en\/ufc-welterweight-tim-means-arrested-on-child-abuse-charge\/","og_locale":"en_US","og_type":"article","og_title":"UFC welterweight Tim Means arrested on child abuse charge","og_description":"Andreas HaleApr 25, 2026, 10:28 PM ETCloseAndreas Hale is a combat sports reporter at ESPN. Andreas covers MMA, boxing and pro wrestling. In Andreas' free","og_url":"https:\/\/ubirataonline.com.br\/en\/ufc-welterweight-tim-means-arrested-on-child-abuse-charge\/","og_site_name":"Ubirat\u00e3 Online Not\u00edcias - A realidade ao seu alcance!","article_publisher":"https:\/\/www.facebook.com\/portalubirataonline","article_author":"https:\/\/www.facebook.com\/portalubirataonline","article_published_time":"2026-04-26T03:30:31+00:00","article_modified_time":"2026-04-26T03:30:43+00:00","og_image":[{"width":1296,"height":729,"url":"https:\/\/ubirataonline.com.br\/wp-content\/uploads\/2026\/04\/UFC-welterweight-Tim-Means-arrested-on-child-abuse-charge.jpeg","type":"image\/jpeg"}],"author":"REDA\u00c7\u00c3O: UBIRAT\u00c3 ONLINE - F\u00c1BIO AUGUSTO CELESTINO","twitter_card":"summary_large_image","twitter_creator":"@x.com\/ubirataonline","twitter_site":"@ubirataonline","twitter_misc":{"Written by":"REDA\u00c7\u00c3O: UBIRAT\u00c3 ONLINE - F\u00c1BIO AUGUSTO CELESTINO","Est. reading time":"2 minutes"},"schema":{"@context":"https:\/\/schema.org","@graph":[{"@type":"NewsArticle","@id":"https:\/\/ubirataonline.com.br\/ufc-welterweight-tim-means-arrested-on-child-abuse-charge\/#article","isPartOf":{"@id":"https:\/\/ubirataonline.com.br\/ufc-welterweight-tim-means-arrested-on-child-abuse-charge\/"},"author":{"name":"REDA\u00c7\u00c3O: UBIRAT\u00c3 ONLINE - F\u00c1BIO AUGUSTO CELESTINO","@id":"https:\/\/ubirataonline.com.br\/#\/schema\/person\/372f87bbd3fdd79b8556b84c98d0bc1c"},"headline":"UFC welterweight Tim Means arrested on child abuse charge","datePublished":"2026-04-26T03:30:31+00:00","dateModified":"2026-04-26T03:30:43+00:00","mainEntityOfPage":{"@id":"https:\/\/ubirataonline.com.br\/ufc-welterweight-tim-means-arrested-on-child-abuse-charge\/"},"wordCount":420,"publisher":{"@id":"https:\/\/ubirataonline.com.br\/#organization"},"image":{"@id":"https:\/\/ubirataonline.com.br\/ufc-welterweight-tim-means-arrested-on-child-abuse-charge\/#primaryimage"},"thumbnailUrl":"https:\/\/ubirataonline.com.br\/wp-content\/uploads\/2026\/04\/UFC-welterweight-Tim-Means-arrested-on-child-abuse-charge.jpeg","keywords":["Abuse","arrested","charge","Child","Means","Tim","UFC","welterweight"],"articleSection":["Ubirat\u00e3"],"inLanguage":"en-US","copyrightYear":"2026","copyrightHolder":{"@id":"https:\/\/ubirataonline.com.br\/en\/#organization"}},{"@type":"WebPage","@id":"https:\/\/ubirataonline.com.br\/ufc-welterweight-tim-means-arrested-on-child-abuse-charge\/","url":"https:\/\/ubirataonline.com.br\/ufc-welterweight-tim-means-arrested-on-child-abuse-charge\/","name":"UFC welterweight Tim Means arrested on child abuse charge - Ubirat\u00e3 Online Not\u00edcias - A realidade ao seu alcance!","isPartOf":{"@id":"https:\/\/ubirataonline.com.br\/#website"},"primaryImageOfPage":{"@id":"https:\/\/ubirataonline.com.br\/ufc-welterweight-tim-means-arrested-on-child-abuse-charge\/#primaryimage"},"image":{"@id":"https:\/\/ubirataonline.com.br\/ufc-welterweight-tim-means-arrested-on-child-abuse-charge\/#primaryimage"},"thumbnailUrl":"https:\/\/ubirataonline.com.br\/wp-content\/uploads\/2026\/04\/UFC-welterweight-Tim-Means-arrested-on-child-abuse-charge.jpeg","datePublished":"2026-04-26T03:30:31+00:00","dateModified":"2026-04-26T03:30:43+00:00","description":"Andreas HaleApr 25, 2026, 10:28 PM ETCloseAndreas Hale is a combat sports reporter at ESPN. Andreas covers MMA, boxing and pro wrestling. In Andreas' free","breadcrumb":{"@id":"https:\/\/ubirataonline.com.br\/ufc-welterweight-tim-means-arrested-on-child-abuse-charge\/#breadcrumb"},"inLanguage":"en-US","potentialAction":[{"@type":"ReadAction","target":["https:\/\/ubirataonline.com.br\/ufc-welterweight-tim-means-arrested-on-child-abuse-charge\/"]}]},{"@type":"ImageObject","inLanguage":"en-US","@id":"https:\/\/ubirataonline.com.br\/ufc-welterweight-tim-means-arrested-on-child-abuse-charge\/#primaryimage","url":"https:\/\/ubirataonline.com.br\/wp-content\/uploads\/2026\/04\/UFC-welterweight-Tim-Means-arrested-on-child-abuse-charge.jpeg","contentUrl":"https:\/\/ubirataonline.com.br\/wp-content\/uploads\/2026\/04\/UFC-welterweight-Tim-Means-arrested-on-child-abuse-charge.jpeg","width":1296,"height":729,"caption":"UFC welterweight Tim Means arrested on child abuse charge"},{"@type":"BreadcrumbList","@id":"https:\/\/ubirataonline.com.br\/ufc-welterweight-tim-means-arrested-on-child-abuse-charge\/#breadcrumb","itemListElement":[{"@type":"ListItem","position":1,"name":"In\u00edcio","item":"https:\/\/ubirataonline.com.br\/"},{"@type":"ListItem","position":2,"name":"UFC welterweight Tim Means arrested on child abuse charge"}]},{"@type":"WebSite","@id":"https:\/\/ubirataonline.com.br\/#website","url":"https:\/\/ubirataonline.com.br\/","name":"Ubirat\u00e3 Online Not\u00edcias","description":"Not\u00edcias de Ubirat\u00e3, regi\u00e3o, Brasil e mundo, com informa\u00e7\u00e3o atualizada e compromisso com o leitor.","publisher":{"@id":"https:\/\/ubirataonline.com.br\/#organization"},"alternateName":"Ubirat\u00e3 Online","potentialAction":[{"@type":"SearchAction","target":{"@type":"EntryPoint","urlTemplate":"https:\/\/ubirataonline.com.br\/?s={search_term_string}"},"query-input":{"@type":"PropertyValueSpecification","valueRequired":true,"valueName":"search_term_string"}}],"inLanguage":"en-US"},{"@type":["Organization","Place"],"@id":"https:\/\/ubirataonline.com.br\/#organization","name":"Ubirat\u00e3 Online Not\u00edcias","alternateName":"Ubirat\u00e3 Online","url":"https:\/\/ubirataonline.com.br\/","logo":{"@id":"https:\/\/ubirataonline.com.br\/ufc-welterweight-tim-means-arrested-on-child-abuse-charge\/#local-main-organization-logo"},"image":{"@id":"https:\/\/ubirataonline.com.br\/ufc-welterweight-tim-means-arrested-on-child-abuse-charge\/#local-main-organization-logo"},"sameAs":["https:\/\/www.facebook.com\/portalubirataonline","https:\/\/x.com\/ubirataonline","https:\/\/mastodon.social\/@ubirataonline","https:\/\/www.facebook.com\/groups\/311144672285604","https:\/\/www.facebook.com\/UBTAOnline","https:\/\/www.instagram.com\/portalubirataonline\/","https:\/\/twitter.com\/ubirataonline"],"description":"Somos um portal de not\u00edcias independente, criado em 5 de janeiro de 2009, com o objetivo de informar, conectar e valorizar a nossa comunidade de Ubirat\u00e3 e toda aregi\u00e3o. Com conte\u00fado atualizado, confi\u00e1vel e relevante, o Ubirat\u00e3 Online \u00e9 o seu espa\u00e7o para ficar por dentro dos principais acontecimentos locais, regionais, Brasil, Mundo e de interesse geral. Nosso compromisso \u00e9 com a verdade, a transpar\u00eancia e o respeito ao leitor.","legalName":"UBIRATA ONLINE NOT\u00cdCIAS","foundingDate":"2009-01-05","numberOfEmployees":{"@type":"QuantitativeValue","minValue":"1","maxValue":"10"},"publishingPrinciples":"https:\/\/ubirataonline.com.br\/faq\/","address":{"@id":"https:\/\/ubirataonline.com.br\/ufc-welterweight-tim-means-arrested-on-child-abuse-charge\/#local-main-place-address"},"geo":{"@type":"GeoCoordinates","latitude":"-24.5361401","longitude":"-52.9921776"},"telephone":["+5544998308235"],"contactPoint":{"@type":"ContactPoint","email":"contato@ubirataonline.com.br"},"openingHoursSpecification":{"@type":"OpeningHoursSpecification","dayOfWeek":["Monday","Tuesday","Wednesday","Thursday","Friday","Saturday","Sunday"],"opens":"00:00","closes":"23:59"},"email":"contato@ubirataonline.com.br","vatID":"47.621.418\/0001-80"},{"@type":"Person","@id":"https:\/\/ubirataonline.com.br\/#\/schema\/person\/372f87bbd3fdd79b8556b84c98d0bc1c","name":"REDA\u00c7\u00c3O: UBIRAT\u00c3 ONLINE - F\u00c1BIO AUGUSTO CELESTINO","pronouns":"Ele","description":"Desde 2003 trabalhando com not\u00edcias.","sameAs":["http:\/\/ubirataoline.com.br","https:\/\/www.facebook.com\/portalubirataonline","https:\/\/www.instagram.com\/ubirataonline_oficial","https:\/\/x.com\/x.com\/ubirataonline"],"honorificPrefix":"Mr.","honorificSuffix":"MD","birthDate":"1980-06-16","gender":"masculino","award":["V\u00e1rios pr\u00eamios de melhor portal da cidade"],"jobTitle":"Diretor","url":"https:\/\/ubirataonline.com.br\/en\/author\/ubirataonline\/"},{"@type":"PostalAddress","@id":"https:\/\/ubirataonline.com.br\/ufc-welterweight-tim-means-arrested-on-child-abuse-charge\/#local-main-place-address","streetAddress":"Rua dos Coqueiros, 104 - Bairro Boa Vista, Rua dos Coqueiros, 104 Bairro Boa Vista","addressLocality":"UBIRATA","postalCode":"85440-000","addressRegion":"PR","addressCountry":"BR"},{"@type":"ImageObject","inLanguage":"en-US","@id":"https:\/\/ubirataonline.com.br\/ufc-welterweight-tim-means-arrested-on-child-abuse-charge\/#local-main-organization-logo","url":"https:\/\/ubirataonline.com.br\/wp-content\/uploads\/2026\/06\/logoubirataonline-1.webp","contentUrl":"https:\/\/ubirataonline.com.br\/wp-content\/uploads\/2026\/06\/logoubirataonline-1.webp","width":500,"height":500,"caption":"Ubirat\u00e3 Online Not\u00edcias"}]},"geo.placename":"UBIRATA","geo.position":{"lat":"-24.5361401","long":"-52.9921776"},"geo.region":"Brazil"},"_links":{"self":[{"href":"https:\/\/ubirataonline.com.br\/en\/wp-json\/wp\/v2\/posts\/115584","targetHints":{"allow":["GET"]}}],"collection":[{"href":"https:\/\/ubirataonline.com.br\/en\/wp-json\/wp\/v2\/posts"}],"about":[{"href":"https:\/\/ubirataonline.com.br\/en\/wp-json\/wp\/v2\/types\/post"}],"author":[{"embeddable":true,"href":"https:\/\/ubirataonline.com.br\/en\/wp-json\/wp\/v2\/users\/1"}],"replies":[{"embeddable":true,"href":"https:\/\/ubirataonline.com.br\/en\/wp-json\/wp\/v2\/comments?post=115584"}],"version-history":[{"count":0,"href":"https:\/\/ubirataonline.com.br\/en\/wp-json\/wp\/v2\/posts\/115584\/revisions"}],"wp:featuredmedia":[{"embeddable":true,"href":"https:\/\/ubirataonline.com.br\/en\/wp-json\/wp\/v2\/media\/115585"}],"wp:attachment":[{"href":"https:\/\/ubirataonline.com.br\/en\/wp-json\/wp\/v2\/media?parent=115584"}],"wp:term":[{"taxonomy":"category","embeddable":true,"href":"https:\/\/ubirataonline.com.br\/en\/wp-json\/wp\/v2\/categories?post=115584"},{"taxonomy":"post_tag","embeddable":true,"href":"https:\/\/ubirataonline.com.br\/en\/wp-json\/wp\/v2\/tags?post=115584"}],"curies":[{"name":"wp","href":"https:\/\/api.w.org\/{rel}","templated":true}]}}