{"id":115976,"date":"2026-04-26T14:24:40","date_gmt":"2026-04-26T17:24:40","guid":{"rendered":"https:\/\/ubirataonline.com.br\/raphael-veiga-perde-penalti-e-vaiado-e-tira-ate-comentarista-da-espn-do-serio-no-mexico-e-para-manda-lo-embora\/"},"modified":"2026-04-26T14:24:44","modified_gmt":"2026-04-26T17:24:44","slug":"raphael-veiga-perde-penalti-e-vaiado-e-tira-ate-comentarista-da-espn-do-serio-no-mexico-e-para-manda-lo-embora","status":"publish","type":"post","link":"https:\/\/ubirataonline.com.br\/en\/raphael-veiga-perde-penalti-e-vaiado-e-tira-ate-comentarista-da-espn-do-serio-no-mexico-e-para-manda-lo-embora\/","title":{"rendered":"Raphael Veiga perde p\u00eanalti, \u00e9 vaiado e tira at\u00e9 comentarista da ESPN do s\u00e9rio no M\u00e9xico: &#8216;\u00c9 para mand\u00e1-lo embora&#8217;"},"content":{"rendered":"<p><\/p>\n<div>\n<p><strong>Raphael Veiga<\/strong> deixou o gramado na partida contra <strong><a href=\"https:\/\/www.espn.com.br\/futebol\/time\/_\/id\/216\/atlas\">Atlas <\/a><\/strong>vaiado pelos torcedores do <strong><a href=\"https:\/\/www.espn.com.br\/futebol\/time\/_\/id\/227\/america\">Am\u00e9rica<\/a><\/strong>.<\/p>\n<p>O meia, emprestado pelo <strong><a href=\"https:\/\/www.espn.com.br\/futebol\/time\/_\/id\/2029\/palmeiras\">Palmeiras <\/a><\/strong>at\u00e9 o fim de 2026, desperdi\u00e7ou uma penalidade e viu sua equipe ser derrotada por <strong>1 a 0<\/strong> na noite do \u00faltimo s\u00e1bado (25), no Estadio Azteca, em duelo pelo <strong><a href=\"https:\/\/www.espn.com.br\/futebol\/classificacao\/_\/liga\/mex.1\">Campeonato Mexicano<\/a><\/strong>.<\/p>\n<aside class=\"inline editorial float-r\" data-behavior=\"article_related\">\n<h2 class=\"editorial-title\">Relacionado<\/h2>\n<ul>\n<li><a name=\"&amp;lpos=story:editorspicks:inline:1\" href=\"https:\/\/www.espn.com.br\/futebol\/palmeiras\/artigo\/_\/id\/16587808\/palmeiras-envia-notificacao-raphael-veiga-america-cobra-valor-milionario\" class=\"img-link\"><\/a><\/li>\n<\/ul>\n<\/aside>\n<p>Veiga cobrou a penalidade no meio do gol e parou na defesa do goleiro Camilo Vargas ainda aos 26 do 1\u00ba tempo, quando a partida estava empatada em 0 a 0. O brasileiro passou ent\u00e3o a ser vaiado pelos torcedores da equipe da casa at\u00e9 ser substitu\u00eddo, aos 15 do 2\u00ba tempo.<\/p>\n<p>\u201cJ\u00e1 conversamos sobre isso no vesti\u00e1rio\u201d, disse o t\u00e9cnico Andr\u00e9 Jardine sobre a cobran\u00e7a feita por Raphael Veiga.<\/p>\n<p>\u201cEle \u00e9 bom um batedor de p\u00eanaltis, tem bom hist\u00f3rico, j\u00e1 bateu p\u00eanaltis na Libertadores, em finais e semifinais. O Brian [Rodr\u00edguez] deixou ele bater para dar confian\u00e7a, para ver se ele se sentiria melhor. Ele ficou feliz em bater o p\u00eanalti. No fim das contas, ele tem que ser forte; ele vai receber cr\u00edticas, sabendo qual \u00e9 a sua posi\u00e7\u00e3o. \u00c9 a mesma coisa no Palmeiras. A torcida tem o costume de criticar tudo o que os jogadores fazem\u201d.<\/p>\n<p>\u201cEle deveria ter batido na bola de forma diferente. At\u00e9 os jogadores mais experientes precisam estar abertos a aprender. Ele aprendeu uma li\u00e7\u00e3o dura, como todos os outros: esta \u00e9 a \u00faltima chance que temos para cometer erros, e ainda n\u00e3o estamos fora do torneio. A partir da pr\u00f3xima partida, com um erro como o de hoje, dificilmente avan\u00e7aremos. Com a experi\u00eancia dos jogadores, saberemos diferenciar o tipo de jogo que estamos fazendo\u201d.<\/p>\n<aside class=\"inline inline-photo full\">\n<figure><picture><source data-srcset=\"https:\/\/a3.espncdn.com\/combiner\/i?img=%2Fphoto%2F2026%2F0426%2Fr1649506_1296x729_16%2D9.jpg&amp;w=570&amp;format=jpg, https:\/\/a3.espncdn.com\/combiner\/i?img=%2Fphoto%2F2026%2F0426%2Fr1649506_1296x729_16%2D9.jpg&amp;w=1140&amp;cquality=40&amp;format=jpg 2x\" media=\"(min-width: 376px)\"><source data-srcset=\"https:\/\/a3.espncdn.com\/combiner\/i?img=%2Fphoto%2F2026%2F0426%2Fr1649506_1296x729_16%2D9.jpg&amp;w=375, https:\/\/a3.espncdn.com\/combiner\/i?img=%2Fphoto%2F2026%2F0426%2Fr1649506_1296x729_16%2D9.jpg&amp;w=750&amp;cquality=40&amp;format=jpg 2x\" media=\"(max-width: 375px)\"><img class=\" lazyload lazyload\" data-image-container=\".inline-photo\" height=\"320\" width=\"570\"\/><\/source><\/source><\/picture><figcaption class=\"photoCaption\">Raphael Veiga deixou o jogo entre Am\u00e9rica e Atlas vaiado por perder p\u00eanalti\u00a0<cite>Agustin Cuevas\/Getty Images | Agustin Cuevas\/Getty Images<\/cite><\/figcaption><\/figure>\n<\/aside>\n<p>O Atlas, que superou o pr\u00f3prio Am\u00e9rica na classifica\u00e7\u00e3o, marcou com Alfonso Gonz\u00e1lez nos acr\u00e9scimos para vencer em pleno Azteca.<\/p>\n<p>Com a derrota em casa, o Am\u00e9rica enfrentar\u00e1 agora o Pumas, l\u00edder geral do Mexicano, pelas quartas de final. O Atlas ter\u00e1 pela frente o Pachuca.<\/p>\n<p>Com a cobran\u00e7a de Raphael Veiga, Camilo Vargas chegou a 18 p\u00eanaltis defendidos apenas no Campeonato Mexicano, sendo quatro deles apenas em jogos contra o Am\u00e9rica.<\/p>\n<p>\u201cApesar de parecer que o Camilo se adianta, esse p\u00eanalti do Veiga&#8230;\u00e9 para mandar embora. Mandar embora\u201d, disparou <strong>Jorge Pietrasanta<\/strong>, comentarista da <strong>ESPN <\/strong>no M\u00e9xico durante o programa <strong>F\u00fatbol Picante.<\/strong><\/p>\n<\/div>\n<p><a href=\"https:\/\/www.espn.com.br\/futebol\/artigo\/_\/id\/16629645\/raphael-veiga-perde-penalti-vaiado-tira-comentarista-da-espn-do-serio-no-mexico-e-para-manda-lo-embora\">Fonte do Artigo <\/a><\/p>\n","protected":false},"excerpt":{"rendered":"<p>Raphael Veiga deixou o gramado na partida contra Atlas vaiado pelos torcedores do Am\u00e9rica. O meia, emprestado pelo Palmeiras at\u00e9 o fim de 2026, desperdi\u00e7ou uma penalidade e viu sua equipe ser derrotada por 1 a 0 na noite do \u00faltimo s\u00e1bado (25), no Estadio Azteca, em duelo pelo Campeonato Mexicano. Relacionado Veiga cobrou a [&hellip;]<\/p>\n","protected":false},"author":1,"featured_media":115977,"comment_status":"closed","ping_status":"","sticky":false,"template":"","format":"standard","meta":{"googlesitekit_rrm_CAow2JLhCw:productID":"","_gspb_post_css":"","maa_idioma":"","maa_pais":"","footnotes":""},"categories":[4],"tags":[3452,7895,31300,7169,31299,6558,2904,21073,4564,15093,31298,18750,29218,15094],"class_list":["post-115976","post","type-post","status-publish","format-standard","has-post-thumbnail","hentry","category-brasil","tag-ate","tag-comentarista","tag-embora","tag-espn","tag-mandalo","tag-mexico","tag-para","tag-penalti","tag-perde","tag-raphael","tag-serio","tag-tira","tag-vaiado","tag-veiga"],"blocksy_meta":[],"yoast_head":"<!-- This site is optimized with the Yoast SEO Premium plugin v27.6 (Yoast SEO v27.6) - https:\/\/yoast.com\/product\/yoast-seo-premium-wordpress\/ -->\n<title>Raphael Veiga perde p\u00eanalti, \u00e9 vaiado e tira at\u00e9 comentarista da ESPN do s\u00e9rio no M\u00e9xico: &#039;\u00c9 para mand\u00e1-lo embora&#039; - Ubirat\u00e3 Online Not\u00edcias - A realidade ao seu alcance!<\/title>\n<meta name=\"description\" content=\"Raphael Veiga deixou o gramado na partida contra Atlas vaiado pelos torcedores do Am\u00e9rica.O meia, emprestado pelo Palmeiras at\u00e9 o fim de 2026, desperdi\u00e7ou\" \/>\n<meta name=\"robots\" content=\"index, follow, max-snippet:-1, max-image-preview:large, max-video-preview:-1\" \/>\n<link rel=\"canonical\" href=\"https:\/\/ubirataonline.com.br\/en\/raphael-veiga-perde-penalti-e-vaiado-e-tira-ate-comentarista-da-espn-do-serio-no-mexico-e-para-manda-lo-embora\/\" \/>\n<meta property=\"og:locale\" content=\"en_US\" \/>\n<meta property=\"og:type\" content=\"article\" \/>\n<meta property=\"og:title\" content=\"Raphael Veiga perde p\u00eanalti, \u00e9 vaiado e tira at\u00e9 comentarista da ESPN do s\u00e9rio no M\u00e9xico: &#039;\u00c9 para mand\u00e1-lo embora&#039;\" \/>\n<meta property=\"og:description\" content=\"Raphael Veiga deixou o gramado na partida contra Atlas vaiado pelos torcedores do Am\u00e9rica.O meia, emprestado pelo Palmeiras at\u00e9 o fim de 2026, desperdi\u00e7ou\" \/>\n<meta property=\"og:url\" content=\"https:\/\/ubirataonline.com.br\/en\/raphael-veiga-perde-penalti-e-vaiado-e-tira-ate-comentarista-da-espn-do-serio-no-mexico-e-para-manda-lo-embora\/\" \/>\n<meta property=\"og:site_name\" content=\"Ubirat\u00e3 Online Not\u00edcias - A realidade ao seu alcance!\" \/>\n<meta property=\"article:publisher\" content=\"https:\/\/www.facebook.com\/portalubirataonline\" \/>\n<meta property=\"article:author\" content=\"https:\/\/www.facebook.com\/portalubirataonline\" \/>\n<meta property=\"article:published_time\" content=\"2026-04-26T17:24:40+00:00\" \/>\n<meta property=\"article:modified_time\" content=\"2026-04-26T17:24:44+00:00\" \/>\n<meta property=\"og:image\" content=\"https:\/\/ubirataonline.com.br\/wp-content\/uploads\/2026\/04\/Raphael-Veiga-perde-penalti-e-vaiado-e-tira-ate-comentarista.jpeg\" \/>\n\t<meta property=\"og:image:width\" content=\"1296\" \/>\n\t<meta property=\"og:image:height\" content=\"729\" \/>\n\t<meta property=\"og:image:type\" content=\"image\/jpeg\" \/>\n<meta name=\"author\" content=\"REDA\u00c7\u00c3O: UBIRAT\u00c3 ONLINE - F\u00c1BIO AUGUSTO CELESTINO\" \/>\n<meta name=\"twitter:card\" content=\"summary_large_image\" \/>\n<meta name=\"twitter:creator\" content=\"@x.com\/ubirataonline\" \/>\n<meta name=\"twitter:site\" content=\"@ubirataonline\" \/>\n<meta name=\"twitter:label1\" content=\"Written by\" \/>\n\t<meta name=\"twitter:data1\" content=\"REDA\u00c7\u00c3O: UBIRAT\u00c3 ONLINE - F\u00c1BIO AUGUSTO CELESTINO\" \/>\n\t<meta name=\"twitter:label2\" content=\"Est. reading time\" \/>\n\t<meta name=\"twitter:data2\" content=\"2 minutes\" \/>\n<script type=\"application\/ld+json\" class=\"yoast-schema-graph\">{\"@context\":\"https:\\\/\\\/schema.org\",\"@graph\":[{\"@type\":\"NewsArticle\",\"@id\":\"https:\\\/\\\/ubirataonline.com.br\\\/raphael-veiga-perde-penalti-e-vaiado-e-tira-ate-comentarista-da-espn-do-serio-no-mexico-e-para-manda-lo-embora\\\/#article\",\"isPartOf\":{\"@id\":\"https:\\\/\\\/ubirataonline.com.br\\\/raphael-veiga-perde-penalti-e-vaiado-e-tira-ate-comentarista-da-espn-do-serio-no-mexico-e-para-manda-lo-embora\\\/\"},\"author\":{\"name\":\"REDA\u00c7\u00c3O: UBIRAT\u00c3 ONLINE - F\u00c1BIO AUGUSTO CELESTINO\",\"@id\":\"https:\\\/\\\/ubirataonline.com.br\\\/#\\\/schema\\\/person\\\/372f87bbd3fdd79b8556b84c98d0bc1c\"},\"headline\":\"Raphael Veiga perde p\u00eanalti, \u00e9 vaiado e tira at\u00e9 comentarista da ESPN do s\u00e9rio no M\u00e9xico: &#8216;\u00c9 para mand\u00e1-lo embora&#8217;\",\"datePublished\":\"2026-04-26T17:24:40+00:00\",\"dateModified\":\"2026-04-26T17:24:44+00:00\",\"mainEntityOfPage\":{\"@id\":\"https:\\\/\\\/ubirataonline.com.br\\\/raphael-veiga-perde-penalti-e-vaiado-e-tira-ate-comentarista-da-espn-do-serio-no-mexico-e-para-manda-lo-embora\\\/\"},\"wordCount\":444,\"publisher\":{\"@id\":\"https:\\\/\\\/ubirataonline.com.br\\\/#organization\"},\"image\":{\"@id\":\"https:\\\/\\\/ubirataonline.com.br\\\/raphael-veiga-perde-penalti-e-vaiado-e-tira-ate-comentarista-da-espn-do-serio-no-mexico-e-para-manda-lo-embora\\\/#primaryimage\"},\"thumbnailUrl\":\"https:\\\/\\\/ubirataonline.com.br\\\/wp-content\\\/uploads\\\/2026\\\/04\\\/Raphael-Veiga-perde-penalti-e-vaiado-e-tira-ate-comentarista.jpeg\",\"keywords\":[\"at\u00e9\",\"Comentarista\",\"embora\",\"ESPN\",\"mand\u00e1lo\",\"M\u00e9xico\",\"para\",\"p\u00eanalti\",\"perde\",\"Raphael\",\"s\u00e9rio\",\"tira\",\"vaiado\",\"Veiga\"],\"articleSection\":[\"Brasil\"],\"inLanguage\":\"en-US\",\"copyrightYear\":\"2026\",\"copyrightHolder\":{\"@id\":\"https:\\\/\\\/ubirataonline.com.br\\\/en\\\/#organization\"}},{\"@type\":\"WebPage\",\"@id\":\"https:\\\/\\\/ubirataonline.com.br\\\/raphael-veiga-perde-penalti-e-vaiado-e-tira-ate-comentarista-da-espn-do-serio-no-mexico-e-para-manda-lo-embora\\\/\",\"url\":\"https:\\\/\\\/ubirataonline.com.br\\\/raphael-veiga-perde-penalti-e-vaiado-e-tira-ate-comentarista-da-espn-do-serio-no-mexico-e-para-manda-lo-embora\\\/\",\"name\":\"Raphael Veiga perde p\u00eanalti, \u00e9 vaiado e tira at\u00e9 comentarista da ESPN do s\u00e9rio no M\u00e9xico: '\u00c9 para mand\u00e1-lo embora' - Ubirat\u00e3 Online Not\u00edcias - A realidade ao seu alcance!\",\"isPartOf\":{\"@id\":\"https:\\\/\\\/ubirataonline.com.br\\\/#website\"},\"primaryImageOfPage\":{\"@id\":\"https:\\\/\\\/ubirataonline.com.br\\\/raphael-veiga-perde-penalti-e-vaiado-e-tira-ate-comentarista-da-espn-do-serio-no-mexico-e-para-manda-lo-embora\\\/#primaryimage\"},\"image\":{\"@id\":\"https:\\\/\\\/ubirataonline.com.br\\\/raphael-veiga-perde-penalti-e-vaiado-e-tira-ate-comentarista-da-espn-do-serio-no-mexico-e-para-manda-lo-embora\\\/#primaryimage\"},\"thumbnailUrl\":\"https:\\\/\\\/ubirataonline.com.br\\\/wp-content\\\/uploads\\\/2026\\\/04\\\/Raphael-Veiga-perde-penalti-e-vaiado-e-tira-ate-comentarista.jpeg\",\"datePublished\":\"2026-04-26T17:24:40+00:00\",\"dateModified\":\"2026-04-26T17:24:44+00:00\",\"description\":\"Raphael Veiga deixou o gramado na partida contra Atlas vaiado pelos torcedores do Am\u00e9rica.O meia, emprestado pelo Palmeiras at\u00e9 o fim de 2026, desperdi\u00e7ou\",\"breadcrumb\":{\"@id\":\"https:\\\/\\\/ubirataonline.com.br\\\/raphael-veiga-perde-penalti-e-vaiado-e-tira-ate-comentarista-da-espn-do-serio-no-mexico-e-para-manda-lo-embora\\\/#breadcrumb\"},\"inLanguage\":\"en-US\",\"potentialAction\":[{\"@type\":\"ReadAction\",\"target\":[\"https:\\\/\\\/ubirataonline.com.br\\\/raphael-veiga-perde-penalti-e-vaiado-e-tira-ate-comentarista-da-espn-do-serio-no-mexico-e-para-manda-lo-embora\\\/\"]}]},{\"@type\":\"ImageObject\",\"inLanguage\":\"en-US\",\"@id\":\"https:\\\/\\\/ubirataonline.com.br\\\/raphael-veiga-perde-penalti-e-vaiado-e-tira-ate-comentarista-da-espn-do-serio-no-mexico-e-para-manda-lo-embora\\\/#primaryimage\",\"url\":\"https:\\\/\\\/ubirataonline.com.br\\\/wp-content\\\/uploads\\\/2026\\\/04\\\/Raphael-Veiga-perde-penalti-e-vaiado-e-tira-ate-comentarista.jpeg\",\"contentUrl\":\"https:\\\/\\\/ubirataonline.com.br\\\/wp-content\\\/uploads\\\/2026\\\/04\\\/Raphael-Veiga-perde-penalti-e-vaiado-e-tira-ate-comentarista.jpeg\",\"width\":1296,\"height\":729,\"caption\":\"Veiga perde p\u00eanalti pelo Am\u00e9rica e comentarista da ESPN M\u00e9xico detona o brasileiro: '\u00c9 para mand\u00e1-lo embora!' (0:09)Meio-campista hist\u00f3rico com a camisa do Palmeiras, Raphael Veiga vive momento de altos e baixos no futebol mexicano (0:09)\"},{\"@type\":\"BreadcrumbList\",\"@id\":\"https:\\\/\\\/ubirataonline.com.br\\\/raphael-veiga-perde-penalti-e-vaiado-e-tira-ate-comentarista-da-espn-do-serio-no-mexico-e-para-manda-lo-embora\\\/#breadcrumb\",\"itemListElement\":[{\"@type\":\"ListItem\",\"position\":1,\"name\":\"In\u00edcio\",\"item\":\"https:\\\/\\\/ubirataonline.com.br\\\/\"},{\"@type\":\"ListItem\",\"position\":2,\"name\":\"Raphael Veiga perde p\u00eanalti, \u00e9 vaiado e tira at\u00e9 comentarista da ESPN do s\u00e9rio no M\u00e9xico: &#8216;\u00c9 para mand\u00e1-lo embora&#8217;\"}]},{\"@type\":\"WebSite\",\"@id\":\"https:\\\/\\\/ubirataonline.com.br\\\/#website\",\"url\":\"https:\\\/\\\/ubirataonline.com.br\\\/\",\"name\":\"Ubirat\u00e3 Online Not\u00edcias\",\"description\":\"Not\u00edcias de Ubirat\u00e3, regi\u00e3o, Brasil e mundo, com informa\u00e7\u00e3o atualizada e compromisso com o leitor.\",\"publisher\":{\"@id\":\"https:\\\/\\\/ubirataonline.com.br\\\/#organization\"},\"alternateName\":\"Ubirat\u00e3 Online\",\"potentialAction\":[{\"@type\":\"SearchAction\",\"target\":{\"@type\":\"EntryPoint\",\"urlTemplate\":\"https:\\\/\\\/ubirataonline.com.br\\\/?s={search_term_string}\"},\"query-input\":{\"@type\":\"PropertyValueSpecification\",\"valueRequired\":true,\"valueName\":\"search_term_string\"}}],\"inLanguage\":\"en-US\"},{\"@type\":[\"Organization\",\"Place\"],\"@id\":\"https:\\\/\\\/ubirataonline.com.br\\\/#organization\",\"name\":\"Ubirat\u00e3 Online Not\u00edcias\",\"alternateName\":\"Ubirat\u00e3 Online\",\"url\":\"https:\\\/\\\/ubirataonline.com.br\\\/\",\"logo\":{\"@id\":\"https:\\\/\\\/ubirataonline.com.br\\\/raphael-veiga-perde-penalti-e-vaiado-e-tira-ate-comentarista-da-espn-do-serio-no-mexico-e-para-manda-lo-embora\\\/#local-main-organization-logo\"},\"image\":{\"@id\":\"https:\\\/\\\/ubirataonline.com.br\\\/raphael-veiga-perde-penalti-e-vaiado-e-tira-ate-comentarista-da-espn-do-serio-no-mexico-e-para-manda-lo-embora\\\/#local-main-organization-logo\"},\"sameAs\":[\"https:\\\/\\\/www.facebook.com\\\/portalubirataonline\",\"https:\\\/\\\/x.com\\\/ubirataonline\",\"https:\\\/\\\/mastodon.social\\\/@ubirataonline\",\"https:\\\/\\\/www.facebook.com\\\/groups\\\/311144672285604\",\"https:\\\/\\\/www.facebook.com\\\/UBTAOnline\",\"https:\\\/\\\/www.instagram.com\\\/portalubirataonline\\\/\",\"https:\\\/\\\/twitter.com\\\/ubirataonline\"],\"description\":\"Somos um portal de not\u00edcias independente, criado em 5 de janeiro de 2009, com o objetivo de informar, conectar e valorizar a nossa comunidade de Ubirat\u00e3 e toda aregi\u00e3o. Com conte\u00fado atualizado, confi\u00e1vel e relevante, o Ubirat\u00e3 Online \u00e9 o seu espa\u00e7o para ficar por dentro dos principais acontecimentos locais, regionais, Brasil, Mundo e de interesse geral. Nosso compromisso \u00e9 com a verdade, a transpar\u00eancia e o respeito ao leitor.\",\"legalName\":\"UBIRATA ONLINE NOT\u00cdCIAS\",\"foundingDate\":\"2009-01-05\",\"numberOfEmployees\":{\"@type\":\"QuantitativeValue\",\"minValue\":\"1\",\"maxValue\":\"10\"},\"publishingPrinciples\":\"https:\\\/\\\/ubirataonline.com.br\\\/faq\\\/\",\"address\":{\"@id\":\"https:\\\/\\\/ubirataonline.com.br\\\/raphael-veiga-perde-penalti-e-vaiado-e-tira-ate-comentarista-da-espn-do-serio-no-mexico-e-para-manda-lo-embora\\\/#local-main-place-address\"},\"geo\":{\"@type\":\"GeoCoordinates\",\"latitude\":\"-24.5361401\",\"longitude\":\"-52.9921776\"},\"telephone\":[\"+5544998308235\"],\"contactPoint\":{\"@type\":\"ContactPoint\",\"email\":\"contato@ubirataonline.com.br\"},\"openingHoursSpecification\":{\"@type\":\"OpeningHoursSpecification\",\"dayOfWeek\":[\"Monday\",\"Tuesday\",\"Wednesday\",\"Thursday\",\"Friday\",\"Saturday\",\"Sunday\"],\"opens\":\"00:00\",\"closes\":\"23:59\"},\"email\":\"contato@ubirataonline.com.br\",\"vatID\":\"47.621.418\\\/0001-80\"},{\"@type\":\"Person\",\"@id\":\"https:\\\/\\\/ubirataonline.com.br\\\/#\\\/schema\\\/person\\\/372f87bbd3fdd79b8556b84c98d0bc1c\",\"name\":\"REDA\u00c7\u00c3O: UBIRAT\u00c3 ONLINE - F\u00c1BIO AUGUSTO CELESTINO\",\"pronouns\":\"Ele\",\"description\":\"Desde 2003 trabalhando com not\u00edcias.\",\"sameAs\":[\"http:\\\/\\\/ubirataoline.com.br\",\"https:\\\/\\\/www.facebook.com\\\/portalubirataonline\",\"https:\\\/\\\/www.instagram.com\\\/ubirataonline_oficial\",\"https:\\\/\\\/x.com\\\/x.com\\\/ubirataonline\"],\"honorificPrefix\":\"Mr.\",\"honorificSuffix\":\"MD\",\"birthDate\":\"1980-06-16\",\"gender\":\"masculino\",\"award\":[\"V\u00e1rios pr\u00eamios de melhor portal da cidade\"],\"jobTitle\":\"Diretor\",\"url\":\"https:\\\/\\\/ubirataonline.com.br\\\/en\\\/author\\\/ubirataonline\\\/\"},{\"@type\":\"PostalAddress\",\"@id\":\"https:\\\/\\\/ubirataonline.com.br\\\/raphael-veiga-perde-penalti-e-vaiado-e-tira-ate-comentarista-da-espn-do-serio-no-mexico-e-para-manda-lo-embora\\\/#local-main-place-address\",\"streetAddress\":\"Rua dos Coqueiros, 104 - Bairro Boa Vista, Rua dos Coqueiros, 104 Bairro Boa Vista\",\"addressLocality\":\"UBIRATA\",\"postalCode\":\"85440-000\",\"addressRegion\":\"PR\",\"addressCountry\":\"BR\"},{\"@type\":\"ImageObject\",\"inLanguage\":\"en-US\",\"@id\":\"https:\\\/\\\/ubirataonline.com.br\\\/raphael-veiga-perde-penalti-e-vaiado-e-tira-ate-comentarista-da-espn-do-serio-no-mexico-e-para-manda-lo-embora\\\/#local-main-organization-logo\",\"url\":\"https:\\\/\\\/ubirataonline.com.br\\\/wp-content\\\/uploads\\\/2026\\\/06\\\/logoubirataonline-1.webp\",\"contentUrl\":\"https:\\\/\\\/ubirataonline.com.br\\\/wp-content\\\/uploads\\\/2026\\\/06\\\/logoubirataonline-1.webp\",\"width\":500,\"height\":500,\"caption\":\"Ubirat\u00e3 Online Not\u00edcias\"}]}<\/script>\n<meta name=\"geo.placename\" content=\"UBIRATA\" \/>\n<meta name=\"geo.position\" content=\"-24.5361401;-52.9921776\" \/>\n<meta name=\"geo.region\" content=\"Brazil\" \/>\n<!-- \/ Yoast SEO Premium plugin. -->","yoast_head_json":{"title":"Raphael Veiga perde p\u00eanalti, \u00e9 vaiado e tira at\u00e9 comentarista da ESPN do s\u00e9rio no M\u00e9xico: '\u00c9 para mand\u00e1-lo embora' - Ubirat\u00e3 Online Not\u00edcias - A realidade ao seu alcance!","description":"Raphael Veiga deixou o gramado na partida contra Atlas vaiado pelos torcedores do Am\u00e9rica.O meia, emprestado pelo Palmeiras at\u00e9 o fim de 2026, desperdi\u00e7ou","robots":{"index":"index","follow":"follow","max-snippet":"max-snippet:-1","max-image-preview":"max-image-preview:large","max-video-preview":"max-video-preview:-1"},"canonical":"https:\/\/ubirataonline.com.br\/en\/raphael-veiga-perde-penalti-e-vaiado-e-tira-ate-comentarista-da-espn-do-serio-no-mexico-e-para-manda-lo-embora\/","og_locale":"en_US","og_type":"article","og_title":"Raphael Veiga perde p\u00eanalti, \u00e9 vaiado e tira at\u00e9 comentarista da ESPN do s\u00e9rio no M\u00e9xico: '\u00c9 para mand\u00e1-lo embora'","og_description":"Raphael Veiga deixou o gramado na partida contra Atlas vaiado pelos torcedores do Am\u00e9rica.O meia, emprestado pelo Palmeiras at\u00e9 o fim de 2026, desperdi\u00e7ou","og_url":"https:\/\/ubirataonline.com.br\/en\/raphael-veiga-perde-penalti-e-vaiado-e-tira-ate-comentarista-da-espn-do-serio-no-mexico-e-para-manda-lo-embora\/","og_site_name":"Ubirat\u00e3 Online Not\u00edcias - A realidade ao seu alcance!","article_publisher":"https:\/\/www.facebook.com\/portalubirataonline","article_author":"https:\/\/www.facebook.com\/portalubirataonline","article_published_time":"2026-04-26T17:24:40+00:00","article_modified_time":"2026-04-26T17:24:44+00:00","og_image":[{"width":1296,"height":729,"url":"https:\/\/ubirataonline.com.br\/wp-content\/uploads\/2026\/04\/Raphael-Veiga-perde-penalti-e-vaiado-e-tira-ate-comentarista.jpeg","type":"image\/jpeg"}],"author":"REDA\u00c7\u00c3O: UBIRAT\u00c3 ONLINE - F\u00c1BIO AUGUSTO CELESTINO","twitter_card":"summary_large_image","twitter_creator":"@x.com\/ubirataonline","twitter_site":"@ubirataonline","twitter_misc":{"Written by":"REDA\u00c7\u00c3O: UBIRAT\u00c3 ONLINE - F\u00c1BIO AUGUSTO CELESTINO","Est. reading time":"2 minutes"},"schema":{"@context":"https:\/\/schema.org","@graph":[{"@type":"NewsArticle","@id":"https:\/\/ubirataonline.com.br\/raphael-veiga-perde-penalti-e-vaiado-e-tira-ate-comentarista-da-espn-do-serio-no-mexico-e-para-manda-lo-embora\/#article","isPartOf":{"@id":"https:\/\/ubirataonline.com.br\/raphael-veiga-perde-penalti-e-vaiado-e-tira-ate-comentarista-da-espn-do-serio-no-mexico-e-para-manda-lo-embora\/"},"author":{"name":"REDA\u00c7\u00c3O: UBIRAT\u00c3 ONLINE - F\u00c1BIO AUGUSTO CELESTINO","@id":"https:\/\/ubirataonline.com.br\/#\/schema\/person\/372f87bbd3fdd79b8556b84c98d0bc1c"},"headline":"Raphael Veiga perde p\u00eanalti, \u00e9 vaiado e tira at\u00e9 comentarista da ESPN do s\u00e9rio no M\u00e9xico: &#8216;\u00c9 para mand\u00e1-lo embora&#8217;","datePublished":"2026-04-26T17:24:40+00:00","dateModified":"2026-04-26T17:24:44+00:00","mainEntityOfPage":{"@id":"https:\/\/ubirataonline.com.br\/raphael-veiga-perde-penalti-e-vaiado-e-tira-ate-comentarista-da-espn-do-serio-no-mexico-e-para-manda-lo-embora\/"},"wordCount":444,"publisher":{"@id":"https:\/\/ubirataonline.com.br\/#organization"},"image":{"@id":"https:\/\/ubirataonline.com.br\/raphael-veiga-perde-penalti-e-vaiado-e-tira-ate-comentarista-da-espn-do-serio-no-mexico-e-para-manda-lo-embora\/#primaryimage"},"thumbnailUrl":"https:\/\/ubirataonline.com.br\/wp-content\/uploads\/2026\/04\/Raphael-Veiga-perde-penalti-e-vaiado-e-tira-ate-comentarista.jpeg","keywords":["at\u00e9","Comentarista","embora","ESPN","mand\u00e1lo","M\u00e9xico","para","p\u00eanalti","perde","Raphael","s\u00e9rio","tira","vaiado","Veiga"],"articleSection":["Brasil"],"inLanguage":"en-US","copyrightYear":"2026","copyrightHolder":{"@id":"https:\/\/ubirataonline.com.br\/en\/#organization"}},{"@type":"WebPage","@id":"https:\/\/ubirataonline.com.br\/raphael-veiga-perde-penalti-e-vaiado-e-tira-ate-comentarista-da-espn-do-serio-no-mexico-e-para-manda-lo-embora\/","url":"https:\/\/ubirataonline.com.br\/raphael-veiga-perde-penalti-e-vaiado-e-tira-ate-comentarista-da-espn-do-serio-no-mexico-e-para-manda-lo-embora\/","name":"Raphael Veiga perde p\u00eanalti, \u00e9 vaiado e tira at\u00e9 comentarista da ESPN do s\u00e9rio no M\u00e9xico: '\u00c9 para mand\u00e1-lo embora' - Ubirat\u00e3 Online Not\u00edcias - A realidade ao seu alcance!","isPartOf":{"@id":"https:\/\/ubirataonline.com.br\/#website"},"primaryImageOfPage":{"@id":"https:\/\/ubirataonline.com.br\/raphael-veiga-perde-penalti-e-vaiado-e-tira-ate-comentarista-da-espn-do-serio-no-mexico-e-para-manda-lo-embora\/#primaryimage"},"image":{"@id":"https:\/\/ubirataonline.com.br\/raphael-veiga-perde-penalti-e-vaiado-e-tira-ate-comentarista-da-espn-do-serio-no-mexico-e-para-manda-lo-embora\/#primaryimage"},"thumbnailUrl":"https:\/\/ubirataonline.com.br\/wp-content\/uploads\/2026\/04\/Raphael-Veiga-perde-penalti-e-vaiado-e-tira-ate-comentarista.jpeg","datePublished":"2026-04-26T17:24:40+00:00","dateModified":"2026-04-26T17:24:44+00:00","description":"Raphael Veiga deixou o gramado na partida contra Atlas vaiado pelos torcedores do Am\u00e9rica.O meia, emprestado pelo Palmeiras at\u00e9 o fim de 2026, desperdi\u00e7ou","breadcrumb":{"@id":"https:\/\/ubirataonline.com.br\/raphael-veiga-perde-penalti-e-vaiado-e-tira-ate-comentarista-da-espn-do-serio-no-mexico-e-para-manda-lo-embora\/#breadcrumb"},"inLanguage":"en-US","potentialAction":[{"@type":"ReadAction","target":["https:\/\/ubirataonline.com.br\/raphael-veiga-perde-penalti-e-vaiado-e-tira-ate-comentarista-da-espn-do-serio-no-mexico-e-para-manda-lo-embora\/"]}]},{"@type":"ImageObject","inLanguage":"en-US","@id":"https:\/\/ubirataonline.com.br\/raphael-veiga-perde-penalti-e-vaiado-e-tira-ate-comentarista-da-espn-do-serio-no-mexico-e-para-manda-lo-embora\/#primaryimage","url":"https:\/\/ubirataonline.com.br\/wp-content\/uploads\/2026\/04\/Raphael-Veiga-perde-penalti-e-vaiado-e-tira-ate-comentarista.jpeg","contentUrl":"https:\/\/ubirataonline.com.br\/wp-content\/uploads\/2026\/04\/Raphael-Veiga-perde-penalti-e-vaiado-e-tira-ate-comentarista.jpeg","width":1296,"height":729,"caption":"Veiga perde p\u00eanalti pelo Am\u00e9rica e comentarista da ESPN M\u00e9xico detona o brasileiro: '\u00c9 para mand\u00e1-lo embora!' (0:09)Meio-campista hist\u00f3rico com a camisa do Palmeiras, Raphael Veiga vive momento de altos e baixos no futebol mexicano (0:09)"},{"@type":"BreadcrumbList","@id":"https:\/\/ubirataonline.com.br\/raphael-veiga-perde-penalti-e-vaiado-e-tira-ate-comentarista-da-espn-do-serio-no-mexico-e-para-manda-lo-embora\/#breadcrumb","itemListElement":[{"@type":"ListItem","position":1,"name":"In\u00edcio","item":"https:\/\/ubirataonline.com.br\/"},{"@type":"ListItem","position":2,"name":"Raphael Veiga perde p\u00eanalti, \u00e9 vaiado e tira at\u00e9 comentarista da ESPN do s\u00e9rio no M\u00e9xico: &#8216;\u00c9 para mand\u00e1-lo embora&#8217;"}]},{"@type":"WebSite","@id":"https:\/\/ubirataonline.com.br\/#website","url":"https:\/\/ubirataonline.com.br\/","name":"Ubirat\u00e3 Online Not\u00edcias","description":"Not\u00edcias de Ubirat\u00e3, regi\u00e3o, Brasil e mundo, com informa\u00e7\u00e3o atualizada e compromisso com o leitor.","publisher":{"@id":"https:\/\/ubirataonline.com.br\/#organization"},"alternateName":"Ubirat\u00e3 Online","potentialAction":[{"@type":"SearchAction","target":{"@type":"EntryPoint","urlTemplate":"https:\/\/ubirataonline.com.br\/?s={search_term_string}"},"query-input":{"@type":"PropertyValueSpecification","valueRequired":true,"valueName":"search_term_string"}}],"inLanguage":"en-US"},{"@type":["Organization","Place"],"@id":"https:\/\/ubirataonline.com.br\/#organization","name":"Ubirat\u00e3 Online Not\u00edcias","alternateName":"Ubirat\u00e3 Online","url":"https:\/\/ubirataonline.com.br\/","logo":{"@id":"https:\/\/ubirataonline.com.br\/raphael-veiga-perde-penalti-e-vaiado-e-tira-ate-comentarista-da-espn-do-serio-no-mexico-e-para-manda-lo-embora\/#local-main-organization-logo"},"image":{"@id":"https:\/\/ubirataonline.com.br\/raphael-veiga-perde-penalti-e-vaiado-e-tira-ate-comentarista-da-espn-do-serio-no-mexico-e-para-manda-lo-embora\/#local-main-organization-logo"},"sameAs":["https:\/\/www.facebook.com\/portalubirataonline","https:\/\/x.com\/ubirataonline","https:\/\/mastodon.social\/@ubirataonline","https:\/\/www.facebook.com\/groups\/311144672285604","https:\/\/www.facebook.com\/UBTAOnline","https:\/\/www.instagram.com\/portalubirataonline\/","https:\/\/twitter.com\/ubirataonline"],"description":"Somos um portal de not\u00edcias independente, criado em 5 de janeiro de 2009, com o objetivo de informar, conectar e valorizar a nossa comunidade de Ubirat\u00e3 e toda aregi\u00e3o. Com conte\u00fado atualizado, confi\u00e1vel e relevante, o Ubirat\u00e3 Online \u00e9 o seu espa\u00e7o para ficar por dentro dos principais acontecimentos locais, regionais, Brasil, Mundo e de interesse geral. Nosso compromisso \u00e9 com a verdade, a transpar\u00eancia e o respeito ao leitor.","legalName":"UBIRATA ONLINE NOT\u00cdCIAS","foundingDate":"2009-01-05","numberOfEmployees":{"@type":"QuantitativeValue","minValue":"1","maxValue":"10"},"publishingPrinciples":"https:\/\/ubirataonline.com.br\/faq\/","address":{"@id":"https:\/\/ubirataonline.com.br\/raphael-veiga-perde-penalti-e-vaiado-e-tira-ate-comentarista-da-espn-do-serio-no-mexico-e-para-manda-lo-embora\/#local-main-place-address"},"geo":{"@type":"GeoCoordinates","latitude":"-24.5361401","longitude":"-52.9921776"},"telephone":["+5544998308235"],"contactPoint":{"@type":"ContactPoint","email":"contato@ubirataonline.com.br"},"openingHoursSpecification":{"@type":"OpeningHoursSpecification","dayOfWeek":["Monday","Tuesday","Wednesday","Thursday","Friday","Saturday","Sunday"],"opens":"00:00","closes":"23:59"},"email":"contato@ubirataonline.com.br","vatID":"47.621.418\/0001-80"},{"@type":"Person","@id":"https:\/\/ubirataonline.com.br\/#\/schema\/person\/372f87bbd3fdd79b8556b84c98d0bc1c","name":"REDA\u00c7\u00c3O: UBIRAT\u00c3 ONLINE - F\u00c1BIO AUGUSTO CELESTINO","pronouns":"Ele","description":"Desde 2003 trabalhando com not\u00edcias.","sameAs":["http:\/\/ubirataoline.com.br","https:\/\/www.facebook.com\/portalubirataonline","https:\/\/www.instagram.com\/ubirataonline_oficial","https:\/\/x.com\/x.com\/ubirataonline"],"honorificPrefix":"Mr.","honorificSuffix":"MD","birthDate":"1980-06-16","gender":"masculino","award":["V\u00e1rios pr\u00eamios de melhor portal da cidade"],"jobTitle":"Diretor","url":"https:\/\/ubirataonline.com.br\/en\/author\/ubirataonline\/"},{"@type":"PostalAddress","@id":"https:\/\/ubirataonline.com.br\/raphael-veiga-perde-penalti-e-vaiado-e-tira-ate-comentarista-da-espn-do-serio-no-mexico-e-para-manda-lo-embora\/#local-main-place-address","streetAddress":"Rua dos Coqueiros, 104 - Bairro Boa Vista, Rua dos Coqueiros, 104 Bairro Boa Vista","addressLocality":"UBIRATA","postalCode":"85440-000","addressRegion":"PR","addressCountry":"BR"},{"@type":"ImageObject","inLanguage":"en-US","@id":"https:\/\/ubirataonline.com.br\/raphael-veiga-perde-penalti-e-vaiado-e-tira-ate-comentarista-da-espn-do-serio-no-mexico-e-para-manda-lo-embora\/#local-main-organization-logo","url":"https:\/\/ubirataonline.com.br\/wp-content\/uploads\/2026\/06\/logoubirataonline-1.webp","contentUrl":"https:\/\/ubirataonline.com.br\/wp-content\/uploads\/2026\/06\/logoubirataonline-1.webp","width":500,"height":500,"caption":"Ubirat\u00e3 Online Not\u00edcias"}]},"geo.placename":"UBIRATA","geo.position":{"lat":"-24.5361401","long":"-52.9921776"},"geo.region":"Brazil"},"_links":{"self":[{"href":"https:\/\/ubirataonline.com.br\/en\/wp-json\/wp\/v2\/posts\/115976","targetHints":{"allow":["GET"]}}],"collection":[{"href":"https:\/\/ubirataonline.com.br\/en\/wp-json\/wp\/v2\/posts"}],"about":[{"href":"https:\/\/ubirataonline.com.br\/en\/wp-json\/wp\/v2\/types\/post"}],"author":[{"embeddable":true,"href":"https:\/\/ubirataonline.com.br\/en\/wp-json\/wp\/v2\/users\/1"}],"replies":[{"embeddable":true,"href":"https:\/\/ubirataonline.com.br\/en\/wp-json\/wp\/v2\/comments?post=115976"}],"version-history":[{"count":0,"href":"https:\/\/ubirataonline.com.br\/en\/wp-json\/wp\/v2\/posts\/115976\/revisions"}],"wp:featuredmedia":[{"embeddable":true,"href":"https:\/\/ubirataonline.com.br\/en\/wp-json\/wp\/v2\/media\/115977"}],"wp:attachment":[{"href":"https:\/\/ubirataonline.com.br\/en\/wp-json\/wp\/v2\/media?parent=115976"}],"wp:term":[{"taxonomy":"category","embeddable":true,"href":"https:\/\/ubirataonline.com.br\/en\/wp-json\/wp\/v2\/categories?post=115976"},{"taxonomy":"post_tag","embeddable":true,"href":"https:\/\/ubirataonline.com.br\/en\/wp-json\/wp\/v2\/tags?post=115976"}],"curies":[{"name":"wp","href":"https:\/\/api.w.org\/{rel}","templated":true}]}}