{"id":116190,"date":"2026-04-26T19:32:13","date_gmt":"2026-04-26T22:32:13","guid":{"rendered":"https:\/\/ubirataonline.com.br\/entrevistas-exclusivas-com-marcelinho-carioca-e-as-filhas-de-stenio-garcia-no-domingo-espetacular\/"},"modified":"2026-04-26T19:32:17","modified_gmt":"2026-04-26T22:32:17","slug":"entrevistas-exclusivas-com-marcelinho-carioca-e-as-filhas-de-stenio-garcia-no-domingo-espetacular","status":"publish","type":"post","link":"https:\/\/ubirataonline.com.br\/en\/entrevistas-exclusivas-com-marcelinho-carioca-e-as-filhas-de-stenio-garcia-no-domingo-espetacular\/","title":{"rendered":"Entrevistas exclusivas com Marcelinho Carioca e as filhas de St\u00eanio Garcia, no \u201cDomingo Espetacular\u201d"},"content":{"rendered":"<p><\/p>\n<div>\n<p>Marcelinho Carioca, um dos grandes nomes do futebol brasileiro, divulgou nesta semana que teria sido v\u00edtima de um golpe. Ele acusa uma de suas advogadas de receber e se apropriar de quase R$ 500 mil, quantia referente a uma a\u00e7\u00e3o judicial vencida pelo ex-meio-campista. Roberto Cabrini conversa com exclusividade com Marcelinho, que revela ao &#8220;Domingo Espetacular&#8221; (26) novos detalhes desta hist\u00f3ria.<\/p>\n<p><!--paragrafo1--> <\/p>\n<p>Tudo come\u00e7ou quando, somente em fevereiro passado, o ex-jogador descobriu que havia obtido, h\u00e1 mais de um ano, uma decis\u00e3o favor\u00e1vel numa a\u00e7\u00e3o judicial que movera contra a massa falida da Boi Gordo. O valor a que tinha direito foi pago na conta de sua antiga advogada, Fernanda Fenerichi. Marcelinho Carioca alega que n\u00e3o foi avisado sobre isso. Recentemente, em mar\u00e7o, ela fez um dep\u00f3sito de R$ 429 mil reais em ju\u00edzo, j\u00e1 descontando os honor\u00e1rios, e nega que tenha se apropriado do dinheiro<\/p>\n<p><!--paragrafo2--> <\/p>\n<p>Na entrevista, Cabrini relembra a trajet\u00f3ria pessoal e a carreira de Marcelinho Carioca, da inf\u00e2ncia vendendo picol\u00e9 nas praias at\u00e9 o sucesso nos gramados que o fez ser eleito duas vezes o maior jogador corinthiano da hist\u00f3ria. A reportagem mostra ainda que al\u00e9m do talento com a bola, ele tamb\u00e9m tem uma certa aptid\u00e3o para se envolver em hist\u00f3rias de grande repercuss\u00e3o. Em outubro de 2025, Marcelinho perseguiu um assaltante ap\u00f3s ouvir pedidos de socorro de uma mulher. O criminoso, que tentava levar um celular, acabou preso. Dois anos antes, em 2023, ele mesmo foi v\u00edtima de bandidos. Foi sequestrado e torturado nos dois dias em que esteve em cativeiro. Nesse per\u00edodo, os bandidos tiraram de sua conta cerca de R$ 60 mil.<\/p>\n<p><!--paragrafo3--> <\/p>\n<p>Veja Tamb\u00e9m<\/p>\n<p><!--paragrafo4--> <\/p>\n<h3>Filhas de St\u00eanio Garcia falam pela primeira vez<\/h3>\n<p>Depois de exibir o depoimento de St\u00eanio Garcia, o &#8220;Domingo Espetacular&#8221; traz uma entrevista exclusiva com C\u00e1ssia Garcia e Gaya Garcia, filhas do ator. Elas falam pela primeira vez sobre a <strong><a href=\"https:\/\/www.correiodopovo.com.br\/arteagenda\/disputa-entre-stenio-garcia-e-filhas-ganha-novo-capitulo-1.1705386\" target=\"_blank\">disputa judicial com o pai<\/a><\/strong> e apresentam sua vers\u00e3o sobre o conflito envolvendo um apartamento em Ipanema, no Rio de Janeiro.<\/p>\n<p><!--paragrafo5--> <\/p>\n<p>Aos 93 anos, Garcia afirma ter direito ao usufruto vital\u00edcio do im\u00f3vel e relata dificuldades financeiras e abandono afetivo.<\/p>\n<p><!--paragrafo6--> <\/p>\n<p>Na reportagem de Renata Loures, os diferentes lados de uma hist\u00f3ria marcada por acusa\u00e7\u00f5es, m\u00e1goas e uma batalha que ser\u00e1 decidida pela Justi\u00e7a.<\/p>\n<p><!--paragrafo7--> <\/p>\n<h3>Fraude e extors\u00e3o<\/h3>\n<p>Novas revela\u00e7\u00f5es do esquema criminoso descoberto pela pol\u00edcia da Fl\u00f3rida e que levou brasileiros para a cadeia nos Estados Unidos.<\/p>\n<p><!--paragrafo8--> <\/p>\n<p>Quem eram os principais envolvidos na organiza\u00e7\u00e3o que prometia regularizar a situa\u00e7\u00e3o de imigrantes, mas que, na verdade, enriqueceram \u00e0s custas do sonho de quem buscava uma vida melhor?<\/p>\n<p><!--paragrafo9--> <\/p>\n<h3>Ataque hacker<\/h3>\n<p>O &#8220;Domingo Espetacular&#8221; revela os bastidores do plano que resultou no maior ataque hacker da hist\u00f3ria do Brasil. Criminosos desviaram, em poucas horas, mais de R$ 800 milh\u00f5es de institui\u00e7\u00f5es financeiras em uma a\u00e7\u00e3o ousada e altamente coordenada.<\/p>\n<p><!--paragrafo10--> <\/p>\n<p>O rep\u00f3rter Rog\u00e9rio Guimar\u00e3es traz detalhes in\u00e9ditos de uma opera\u00e7\u00e3o digna de cinema: durante seis meses, um grupo formado por jovens hackers, estelionat\u00e1rios digitais e at\u00e9 funcion\u00e1rios de fintechs articulou um esquema complexo que atingiu oito institui\u00e7\u00f5es.<\/p>\n<p><!--paragrafo11--> <\/p>\n<p>O ataque foi comandado a partir de dois hot\u00e9is, em Bras\u00edlia e Aparecida de Goi\u00e2nia, enquanto equipes atuavam simultaneamente para invadir sistemas ligados ao PIX e transferir os valores para corretoras de criptomoedas e contas de laranjas.<\/p>\n<p><!--penultimo--> <\/p>\n<p>Como a investiga\u00e7\u00e3o conseguiu desmontar um plano que parecia perfeito? Quais as fragilidades exploradas por essa rede criminosa?<\/p>\n<p><!--paragrafo13--><\/p>\n<section class=\"tags\">\n<\/section><\/div>\n<p><a href=\"https:\/\/www.correiodopovo.com.br\/arteagenda\/entrevistas-exclusivas-com-marcelinho-carioca-e-as-filhas-de-stenio-garcia-no-domingo-espetacular-1.1708466\">Fonte do Artigo <\/a><\/p>","protected":false},"excerpt":{"rendered":"<p>Marcelinho Carioca, um dos grandes nomes do futebol brasileiro, divulgou nesta semana que teria sido v\u00edtima de um golpe. Ele acusa uma de suas advogadas de receber e se apropriar de quase R$ 500 mil, quantia referente a uma a\u00e7\u00e3o judicial vencida pelo ex-meio-campista. Roberto Cabrini conversa com exclusividade com Marcelinho, que revela ao &#8220;Domingo [&hellip;]<\/p>\n","protected":false},"author":1,"featured_media":116191,"comment_status":"closed","ping_status":"","sticky":false,"template":"","format":"standard","meta":{"googlesitekit_rrm_CAow2JLhCw:productID":"","_gspb_post_css":"","maa_idioma":"","maa_pais":"","footnotes":""},"categories":[4],"tags":[14026,3174,22939,31361,31359,9446,6204,18976,31360],"class_list":["post-116190","post","type-post","status-publish","format-standard","has-post-thumbnail","hentry","category-brasil","tag-carioca","tag-domingo","tag-entrevistas","tag-espetacular","tag-exclusivas","tag-filhas","tag-garcia","tag-marcelinho","tag-stenio"],"blocksy_meta":[],"yoast_head":"<!-- This site is optimized with the Yoast SEO Premium plugin v27.6 (Yoast SEO v27.6) - https:\/\/yoast.com\/product\/yoast-seo-premium-wordpress\/ -->\n<title>Entrevistas exclusivas com Marcelinho Carioca e as filhas de St\u00eanio Garcia, no \u201cDomingo Espetacular\u201d - Ubirat\u00e3 Online Not\u00edcias - A realidade ao seu alcance!<\/title>\n<meta name=\"description\" content=\"Marcelinho Carioca, um dos grandes nomes do futebol brasileiro, divulgou nesta semana que teria sido v\u00edtima de um golpe. Ele acusa uma de suas advogadas\" \/>\n<meta name=\"robots\" content=\"index, follow, max-snippet:-1, max-image-preview:large, max-video-preview:-1\" \/>\n<link rel=\"canonical\" href=\"https:\/\/ubirataonline.com.br\/en\/entrevistas-exclusivas-com-marcelinho-carioca-e-as-filhas-de-stenio-garcia-no-domingo-espetacular\/\" \/>\n<meta property=\"og:locale\" content=\"en_US\" \/>\n<meta property=\"og:type\" content=\"article\" \/>\n<meta property=\"og:title\" content=\"Entrevistas exclusivas com Marcelinho Carioca e as filhas de St\u00eanio Garcia, no \u201cDomingo Espetacular\u201d\" \/>\n<meta property=\"og:description\" content=\"Marcelinho Carioca, um dos grandes nomes do futebol brasileiro, divulgou nesta semana que teria sido v\u00edtima de um golpe. Ele acusa uma de suas advogadas\" \/>\n<meta property=\"og:url\" content=\"https:\/\/ubirataonline.com.br\/en\/entrevistas-exclusivas-com-marcelinho-carioca-e-as-filhas-de-stenio-garcia-no-domingo-espetacular\/\" \/>\n<meta property=\"og:site_name\" content=\"Ubirat\u00e3 Online Not\u00edcias - A realidade ao seu alcance!\" \/>\n<meta property=\"article:publisher\" content=\"https:\/\/www.facebook.com\/portalubirataonline\" \/>\n<meta property=\"article:author\" content=\"https:\/\/www.facebook.com\/portalubirataonline\" \/>\n<meta property=\"article:published_time\" content=\"2026-04-26T22:32:13+00:00\" \/>\n<meta property=\"article:modified_time\" content=\"2026-04-26T22:32:17+00:00\" \/>\n<meta property=\"og:image\" content=\"https:\/\/ubirataonline.com.br\/wp-content\/uploads\/2026\/04\/Entrevistas-exclusivas-com-Marcelinho-Carioca-e-as-filhas-de-Stenio.jpeg\" \/>\n\t<meta property=\"og:image:width\" content=\"1200\" \/>\n\t<meta property=\"og:image:height\" content=\"627\" \/>\n\t<meta property=\"og:image:type\" content=\"image\/jpeg\" \/>\n<meta name=\"author\" content=\"REDA\u00c7\u00c3O: UBIRAT\u00c3 ONLINE - F\u00c1BIO AUGUSTO CELESTINO\" \/>\n<meta name=\"twitter:card\" content=\"summary_large_image\" \/>\n<meta name=\"twitter:creator\" content=\"@x.com\/ubirataonline\" \/>\n<meta name=\"twitter:site\" content=\"@ubirataonline\" \/>\n<meta name=\"twitter:label1\" content=\"Written by\" \/>\n\t<meta name=\"twitter:data1\" content=\"REDA\u00c7\u00c3O: UBIRAT\u00c3 ONLINE - F\u00c1BIO AUGUSTO CELESTINO\" \/>\n\t<meta name=\"twitter:label2\" content=\"Est. reading time\" \/>\n\t<meta name=\"twitter:data2\" content=\"3 minutes\" \/>\n<script type=\"application\/ld+json\" class=\"yoast-schema-graph\">{\"@context\":\"https:\\\/\\\/schema.org\",\"@graph\":[{\"@type\":\"NewsArticle\",\"@id\":\"https:\\\/\\\/ubirataonline.com.br\\\/entrevistas-exclusivas-com-marcelinho-carioca-e-as-filhas-de-stenio-garcia-no-domingo-espetacular\\\/#article\",\"isPartOf\":{\"@id\":\"https:\\\/\\\/ubirataonline.com.br\\\/entrevistas-exclusivas-com-marcelinho-carioca-e-as-filhas-de-stenio-garcia-no-domingo-espetacular\\\/\"},\"author\":{\"name\":\"REDA\u00c7\u00c3O: UBIRAT\u00c3 ONLINE - F\u00c1BIO AUGUSTO CELESTINO\",\"@id\":\"https:\\\/\\\/ubirataonline.com.br\\\/#\\\/schema\\\/person\\\/372f87bbd3fdd79b8556b84c98d0bc1c\"},\"headline\":\"Entrevistas exclusivas com Marcelinho Carioca e as filhas de St\u00eanio Garcia, no \u201cDomingo Espetacular\u201d\",\"datePublished\":\"2026-04-26T22:32:13+00:00\",\"dateModified\":\"2026-04-26T22:32:17+00:00\",\"mainEntityOfPage\":{\"@id\":\"https:\\\/\\\/ubirataonline.com.br\\\/entrevistas-exclusivas-com-marcelinho-carioca-e-as-filhas-de-stenio-garcia-no-domingo-espetacular\\\/\"},\"wordCount\":622,\"publisher\":{\"@id\":\"https:\\\/\\\/ubirataonline.com.br\\\/#organization\"},\"image\":{\"@id\":\"https:\\\/\\\/ubirataonline.com.br\\\/entrevistas-exclusivas-com-marcelinho-carioca-e-as-filhas-de-stenio-garcia-no-domingo-espetacular\\\/#primaryimage\"},\"thumbnailUrl\":\"https:\\\/\\\/ubirataonline.com.br\\\/wp-content\\\/uploads\\\/2026\\\/04\\\/Entrevistas-exclusivas-com-Marcelinho-Carioca-e-as-filhas-de-Stenio.jpeg\",\"keywords\":[\"Carioca\",\"domingo\",\"entrevistas\",\"Espetacular\",\"exclusivas\",\"filhas\",\"Garcia\",\"Marcelinho\",\"St\u00eanio\"],\"articleSection\":[\"Brasil\"],\"inLanguage\":\"en-US\",\"copyrightYear\":\"2026\",\"copyrightHolder\":{\"@id\":\"https:\\\/\\\/ubirataonline.com.br\\\/en\\\/#organization\"}},{\"@type\":\"WebPage\",\"@id\":\"https:\\\/\\\/ubirataonline.com.br\\\/entrevistas-exclusivas-com-marcelinho-carioca-e-as-filhas-de-stenio-garcia-no-domingo-espetacular\\\/\",\"url\":\"https:\\\/\\\/ubirataonline.com.br\\\/entrevistas-exclusivas-com-marcelinho-carioca-e-as-filhas-de-stenio-garcia-no-domingo-espetacular\\\/\",\"name\":\"Entrevistas exclusivas com Marcelinho Carioca e as filhas de St\u00eanio Garcia, no \u201cDomingo Espetacular\u201d - Ubirat\u00e3 Online Not\u00edcias - A realidade ao seu alcance!\",\"isPartOf\":{\"@id\":\"https:\\\/\\\/ubirataonline.com.br\\\/#website\"},\"primaryImageOfPage\":{\"@id\":\"https:\\\/\\\/ubirataonline.com.br\\\/entrevistas-exclusivas-com-marcelinho-carioca-e-as-filhas-de-stenio-garcia-no-domingo-espetacular\\\/#primaryimage\"},\"image\":{\"@id\":\"https:\\\/\\\/ubirataonline.com.br\\\/entrevistas-exclusivas-com-marcelinho-carioca-e-as-filhas-de-stenio-garcia-no-domingo-espetacular\\\/#primaryimage\"},\"thumbnailUrl\":\"https:\\\/\\\/ubirataonline.com.br\\\/wp-content\\\/uploads\\\/2026\\\/04\\\/Entrevistas-exclusivas-com-Marcelinho-Carioca-e-as-filhas-de-Stenio.jpeg\",\"datePublished\":\"2026-04-26T22:32:13+00:00\",\"dateModified\":\"2026-04-26T22:32:17+00:00\",\"description\":\"Marcelinho Carioca, um dos grandes nomes do futebol brasileiro, divulgou nesta semana que teria sido v\u00edtima de um golpe. Ele acusa uma de suas advogadas\",\"breadcrumb\":{\"@id\":\"https:\\\/\\\/ubirataonline.com.br\\\/entrevistas-exclusivas-com-marcelinho-carioca-e-as-filhas-de-stenio-garcia-no-domingo-espetacular\\\/#breadcrumb\"},\"inLanguage\":\"en-US\",\"potentialAction\":[{\"@type\":\"ReadAction\",\"target\":[\"https:\\\/\\\/ubirataonline.com.br\\\/entrevistas-exclusivas-com-marcelinho-carioca-e-as-filhas-de-stenio-garcia-no-domingo-espetacular\\\/\"]}]},{\"@type\":\"ImageObject\",\"inLanguage\":\"en-US\",\"@id\":\"https:\\\/\\\/ubirataonline.com.br\\\/entrevistas-exclusivas-com-marcelinho-carioca-e-as-filhas-de-stenio-garcia-no-domingo-espetacular\\\/#primaryimage\",\"url\":\"https:\\\/\\\/ubirataonline.com.br\\\/wp-content\\\/uploads\\\/2026\\\/04\\\/Entrevistas-exclusivas-com-Marcelinho-Carioca-e-as-filhas-de-Stenio.jpeg\",\"contentUrl\":\"https:\\\/\\\/ubirataonline.com.br\\\/wp-content\\\/uploads\\\/2026\\\/04\\\/Entrevistas-exclusivas-com-Marcelinho-Carioca-e-as-filhas-de-Stenio.jpeg\",\"width\":1200,\"height\":627,\"caption\":\"Roberto Cabrini conversa com exclusividade com Marcelinho que alega ter sido v&iacute;tima de um golpe Foto : Record \\\/ Divulga&ccedil;&atilde;o \\\/ CP\"},{\"@type\":\"BreadcrumbList\",\"@id\":\"https:\\\/\\\/ubirataonline.com.br\\\/entrevistas-exclusivas-com-marcelinho-carioca-e-as-filhas-de-stenio-garcia-no-domingo-espetacular\\\/#breadcrumb\",\"itemListElement\":[{\"@type\":\"ListItem\",\"position\":1,\"name\":\"In\u00edcio\",\"item\":\"https:\\\/\\\/ubirataonline.com.br\\\/\"},{\"@type\":\"ListItem\",\"position\":2,\"name\":\"Entrevistas exclusivas com Marcelinho Carioca e as filhas de St\u00eanio Garcia, no \u201cDomingo Espetacular\u201d\"}]},{\"@type\":\"WebSite\",\"@id\":\"https:\\\/\\\/ubirataonline.com.br\\\/#website\",\"url\":\"https:\\\/\\\/ubirataonline.com.br\\\/\",\"name\":\"Ubirat\u00e3 Online Not\u00edcias\",\"description\":\"Not\u00edcias de Ubirat\u00e3, regi\u00e3o, Brasil e mundo, com informa\u00e7\u00e3o atualizada e compromisso com o leitor.\",\"publisher\":{\"@id\":\"https:\\\/\\\/ubirataonline.com.br\\\/#organization\"},\"alternateName\":\"Ubirat\u00e3 Online\",\"potentialAction\":[{\"@type\":\"SearchAction\",\"target\":{\"@type\":\"EntryPoint\",\"urlTemplate\":\"https:\\\/\\\/ubirataonline.com.br\\\/?s={search_term_string}\"},\"query-input\":{\"@type\":\"PropertyValueSpecification\",\"valueRequired\":true,\"valueName\":\"search_term_string\"}}],\"inLanguage\":\"en-US\"},{\"@type\":[\"Organization\",\"Place\"],\"@id\":\"https:\\\/\\\/ubirataonline.com.br\\\/#organization\",\"name\":\"Ubirat\u00e3 Online Not\u00edcias\",\"alternateName\":\"Ubirat\u00e3 Online\",\"url\":\"https:\\\/\\\/ubirataonline.com.br\\\/\",\"logo\":{\"@id\":\"https:\\\/\\\/ubirataonline.com.br\\\/entrevistas-exclusivas-com-marcelinho-carioca-e-as-filhas-de-stenio-garcia-no-domingo-espetacular\\\/#local-main-organization-logo\"},\"image\":{\"@id\":\"https:\\\/\\\/ubirataonline.com.br\\\/entrevistas-exclusivas-com-marcelinho-carioca-e-as-filhas-de-stenio-garcia-no-domingo-espetacular\\\/#local-main-organization-logo\"},\"sameAs\":[\"https:\\\/\\\/www.facebook.com\\\/portalubirataonline\",\"https:\\\/\\\/x.com\\\/ubirataonline\",\"https:\\\/\\\/mastodon.social\\\/@ubirataonline\",\"https:\\\/\\\/www.facebook.com\\\/groups\\\/311144672285604\",\"https:\\\/\\\/www.facebook.com\\\/UBTAOnline\",\"https:\\\/\\\/www.instagram.com\\\/portalubirataonline\\\/\",\"https:\\\/\\\/twitter.com\\\/ubirataonline\"],\"description\":\"Somos um portal de not\u00edcias independente, criado em 5 de janeiro de 2009, com o objetivo de informar, conectar e valorizar a nossa comunidade de Ubirat\u00e3 e toda aregi\u00e3o. Com conte\u00fado atualizado, confi\u00e1vel e relevante, o Ubirat\u00e3 Online \u00e9 o seu espa\u00e7o para ficar por dentro dos principais acontecimentos locais, regionais, Brasil, Mundo e de interesse geral. Nosso compromisso \u00e9 com a verdade, a transpar\u00eancia e o respeito ao leitor.\",\"legalName\":\"UBIRATA ONLINE NOT\u00cdCIAS\",\"foundingDate\":\"2009-01-05\",\"numberOfEmployees\":{\"@type\":\"QuantitativeValue\",\"minValue\":\"1\",\"maxValue\":\"10\"},\"publishingPrinciples\":\"https:\\\/\\\/ubirataonline.com.br\\\/faq\\\/\",\"address\":{\"@id\":\"https:\\\/\\\/ubirataonline.com.br\\\/entrevistas-exclusivas-com-marcelinho-carioca-e-as-filhas-de-stenio-garcia-no-domingo-espetacular\\\/#local-main-place-address\"},\"geo\":{\"@type\":\"GeoCoordinates\",\"latitude\":\"-24.5361401\",\"longitude\":\"-52.9921776\"},\"telephone\":[\"+5544998308235\"],\"contactPoint\":{\"@type\":\"ContactPoint\",\"email\":\"contato@ubirataonline.com.br\"},\"openingHoursSpecification\":{\"@type\":\"OpeningHoursSpecification\",\"dayOfWeek\":[\"Monday\",\"Tuesday\",\"Wednesday\",\"Thursday\",\"Friday\",\"Saturday\",\"Sunday\"],\"opens\":\"00:00\",\"closes\":\"23:59\"},\"email\":\"contato@ubirataonline.com.br\",\"vatID\":\"47.621.418\\\/0001-80\"},{\"@type\":\"Person\",\"@id\":\"https:\\\/\\\/ubirataonline.com.br\\\/#\\\/schema\\\/person\\\/372f87bbd3fdd79b8556b84c98d0bc1c\",\"name\":\"REDA\u00c7\u00c3O: UBIRAT\u00c3 ONLINE - F\u00c1BIO AUGUSTO CELESTINO\",\"pronouns\":\"Ele\",\"description\":\"Desde 2003 trabalhando com not\u00edcias.\",\"sameAs\":[\"http:\\\/\\\/ubirataoline.com.br\",\"https:\\\/\\\/www.facebook.com\\\/portalubirataonline\",\"https:\\\/\\\/www.instagram.com\\\/ubirataonline_oficial\",\"https:\\\/\\\/x.com\\\/x.com\\\/ubirataonline\"],\"honorificPrefix\":\"Mr.\",\"honorificSuffix\":\"MD\",\"birthDate\":\"1980-06-16\",\"gender\":\"masculino\",\"award\":[\"V\u00e1rios pr\u00eamios de melhor portal da cidade\"],\"jobTitle\":\"Diretor\",\"url\":\"https:\\\/\\\/ubirataonline.com.br\\\/en\\\/author\\\/ubirataonline\\\/\"},{\"@type\":\"PostalAddress\",\"@id\":\"https:\\\/\\\/ubirataonline.com.br\\\/entrevistas-exclusivas-com-marcelinho-carioca-e-as-filhas-de-stenio-garcia-no-domingo-espetacular\\\/#local-main-place-address\",\"streetAddress\":\"Rua dos Coqueiros, 104 - Bairro Boa Vista, Rua dos Coqueiros, 104 Bairro Boa Vista\",\"addressLocality\":\"UBIRATA\",\"postalCode\":\"85440-000\",\"addressRegion\":\"PR\",\"addressCountry\":\"BR\"},{\"@type\":\"ImageObject\",\"inLanguage\":\"en-US\",\"@id\":\"https:\\\/\\\/ubirataonline.com.br\\\/entrevistas-exclusivas-com-marcelinho-carioca-e-as-filhas-de-stenio-garcia-no-domingo-espetacular\\\/#local-main-organization-logo\",\"url\":\"https:\\\/\\\/ubirataonline.com.br\\\/wp-content\\\/uploads\\\/2026\\\/06\\\/logoubirataonline-1.webp\",\"contentUrl\":\"https:\\\/\\\/ubirataonline.com.br\\\/wp-content\\\/uploads\\\/2026\\\/06\\\/logoubirataonline-1.webp\",\"width\":500,\"height\":500,\"caption\":\"Ubirat\u00e3 Online Not\u00edcias\"}]}<\/script>\n<meta name=\"geo.placename\" content=\"UBIRATA\" \/>\n<meta name=\"geo.position\" content=\"-24.5361401;-52.9921776\" \/>\n<meta name=\"geo.region\" content=\"Brazil\" \/>\n<!-- \/ Yoast SEO Premium plugin. -->","yoast_head_json":{"title":"Entrevistas exclusivas com Marcelinho Carioca e as filhas de St\u00eanio Garcia, no \u201cDomingo Espetacular\u201d - Ubirat\u00e3 Online Not\u00edcias - A realidade ao seu alcance!","description":"Marcelinho Carioca, um dos grandes nomes do futebol brasileiro, divulgou nesta semana que teria sido v\u00edtima de um golpe. Ele acusa uma de suas advogadas","robots":{"index":"index","follow":"follow","max-snippet":"max-snippet:-1","max-image-preview":"max-image-preview:large","max-video-preview":"max-video-preview:-1"},"canonical":"https:\/\/ubirataonline.com.br\/en\/entrevistas-exclusivas-com-marcelinho-carioca-e-as-filhas-de-stenio-garcia-no-domingo-espetacular\/","og_locale":"en_US","og_type":"article","og_title":"Entrevistas exclusivas com Marcelinho Carioca e as filhas de St\u00eanio Garcia, no \u201cDomingo Espetacular\u201d","og_description":"Marcelinho Carioca, um dos grandes nomes do futebol brasileiro, divulgou nesta semana que teria sido v\u00edtima de um golpe. Ele acusa uma de suas advogadas","og_url":"https:\/\/ubirataonline.com.br\/en\/entrevistas-exclusivas-com-marcelinho-carioca-e-as-filhas-de-stenio-garcia-no-domingo-espetacular\/","og_site_name":"Ubirat\u00e3 Online Not\u00edcias - A realidade ao seu alcance!","article_publisher":"https:\/\/www.facebook.com\/portalubirataonline","article_author":"https:\/\/www.facebook.com\/portalubirataonline","article_published_time":"2026-04-26T22:32:13+00:00","article_modified_time":"2026-04-26T22:32:17+00:00","og_image":[{"width":1200,"height":627,"url":"https:\/\/ubirataonline.com.br\/wp-content\/uploads\/2026\/04\/Entrevistas-exclusivas-com-Marcelinho-Carioca-e-as-filhas-de-Stenio.jpeg","type":"image\/jpeg"}],"author":"REDA\u00c7\u00c3O: UBIRAT\u00c3 ONLINE - F\u00c1BIO AUGUSTO CELESTINO","twitter_card":"summary_large_image","twitter_creator":"@x.com\/ubirataonline","twitter_site":"@ubirataonline","twitter_misc":{"Written by":"REDA\u00c7\u00c3O: UBIRAT\u00c3 ONLINE - F\u00c1BIO AUGUSTO CELESTINO","Est. reading time":"3 minutes"},"schema":{"@context":"https:\/\/schema.org","@graph":[{"@type":"NewsArticle","@id":"https:\/\/ubirataonline.com.br\/entrevistas-exclusivas-com-marcelinho-carioca-e-as-filhas-de-stenio-garcia-no-domingo-espetacular\/#article","isPartOf":{"@id":"https:\/\/ubirataonline.com.br\/entrevistas-exclusivas-com-marcelinho-carioca-e-as-filhas-de-stenio-garcia-no-domingo-espetacular\/"},"author":{"name":"REDA\u00c7\u00c3O: UBIRAT\u00c3 ONLINE - F\u00c1BIO AUGUSTO CELESTINO","@id":"https:\/\/ubirataonline.com.br\/#\/schema\/person\/372f87bbd3fdd79b8556b84c98d0bc1c"},"headline":"Entrevistas exclusivas com Marcelinho Carioca e as filhas de St\u00eanio Garcia, no \u201cDomingo Espetacular\u201d","datePublished":"2026-04-26T22:32:13+00:00","dateModified":"2026-04-26T22:32:17+00:00","mainEntityOfPage":{"@id":"https:\/\/ubirataonline.com.br\/entrevistas-exclusivas-com-marcelinho-carioca-e-as-filhas-de-stenio-garcia-no-domingo-espetacular\/"},"wordCount":622,"publisher":{"@id":"https:\/\/ubirataonline.com.br\/#organization"},"image":{"@id":"https:\/\/ubirataonline.com.br\/entrevistas-exclusivas-com-marcelinho-carioca-e-as-filhas-de-stenio-garcia-no-domingo-espetacular\/#primaryimage"},"thumbnailUrl":"https:\/\/ubirataonline.com.br\/wp-content\/uploads\/2026\/04\/Entrevistas-exclusivas-com-Marcelinho-Carioca-e-as-filhas-de-Stenio.jpeg","keywords":["Carioca","domingo","entrevistas","Espetacular","exclusivas","filhas","Garcia","Marcelinho","St\u00eanio"],"articleSection":["Brasil"],"inLanguage":"en-US","copyrightYear":"2026","copyrightHolder":{"@id":"https:\/\/ubirataonline.com.br\/en\/#organization"}},{"@type":"WebPage","@id":"https:\/\/ubirataonline.com.br\/entrevistas-exclusivas-com-marcelinho-carioca-e-as-filhas-de-stenio-garcia-no-domingo-espetacular\/","url":"https:\/\/ubirataonline.com.br\/entrevistas-exclusivas-com-marcelinho-carioca-e-as-filhas-de-stenio-garcia-no-domingo-espetacular\/","name":"Entrevistas exclusivas com Marcelinho Carioca e as filhas de St\u00eanio Garcia, no \u201cDomingo Espetacular\u201d - Ubirat\u00e3 Online Not\u00edcias - A realidade ao seu alcance!","isPartOf":{"@id":"https:\/\/ubirataonline.com.br\/#website"},"primaryImageOfPage":{"@id":"https:\/\/ubirataonline.com.br\/entrevistas-exclusivas-com-marcelinho-carioca-e-as-filhas-de-stenio-garcia-no-domingo-espetacular\/#primaryimage"},"image":{"@id":"https:\/\/ubirataonline.com.br\/entrevistas-exclusivas-com-marcelinho-carioca-e-as-filhas-de-stenio-garcia-no-domingo-espetacular\/#primaryimage"},"thumbnailUrl":"https:\/\/ubirataonline.com.br\/wp-content\/uploads\/2026\/04\/Entrevistas-exclusivas-com-Marcelinho-Carioca-e-as-filhas-de-Stenio.jpeg","datePublished":"2026-04-26T22:32:13+00:00","dateModified":"2026-04-26T22:32:17+00:00","description":"Marcelinho Carioca, um dos grandes nomes do futebol brasileiro, divulgou nesta semana que teria sido v\u00edtima de um golpe. Ele acusa uma de suas advogadas","breadcrumb":{"@id":"https:\/\/ubirataonline.com.br\/entrevistas-exclusivas-com-marcelinho-carioca-e-as-filhas-de-stenio-garcia-no-domingo-espetacular\/#breadcrumb"},"inLanguage":"en-US","potentialAction":[{"@type":"ReadAction","target":["https:\/\/ubirataonline.com.br\/entrevistas-exclusivas-com-marcelinho-carioca-e-as-filhas-de-stenio-garcia-no-domingo-espetacular\/"]}]},{"@type":"ImageObject","inLanguage":"en-US","@id":"https:\/\/ubirataonline.com.br\/entrevistas-exclusivas-com-marcelinho-carioca-e-as-filhas-de-stenio-garcia-no-domingo-espetacular\/#primaryimage","url":"https:\/\/ubirataonline.com.br\/wp-content\/uploads\/2026\/04\/Entrevistas-exclusivas-com-Marcelinho-Carioca-e-as-filhas-de-Stenio.jpeg","contentUrl":"https:\/\/ubirataonline.com.br\/wp-content\/uploads\/2026\/04\/Entrevistas-exclusivas-com-Marcelinho-Carioca-e-as-filhas-de-Stenio.jpeg","width":1200,"height":627,"caption":"Roberto Cabrini conversa com exclusividade com Marcelinho que alega ter sido v&iacute;tima de um golpe Foto : Record \/ Divulga&ccedil;&atilde;o \/ CP"},{"@type":"BreadcrumbList","@id":"https:\/\/ubirataonline.com.br\/entrevistas-exclusivas-com-marcelinho-carioca-e-as-filhas-de-stenio-garcia-no-domingo-espetacular\/#breadcrumb","itemListElement":[{"@type":"ListItem","position":1,"name":"In\u00edcio","item":"https:\/\/ubirataonline.com.br\/"},{"@type":"ListItem","position":2,"name":"Entrevistas exclusivas com Marcelinho Carioca e as filhas de St\u00eanio Garcia, no \u201cDomingo Espetacular\u201d"}]},{"@type":"WebSite","@id":"https:\/\/ubirataonline.com.br\/#website","url":"https:\/\/ubirataonline.com.br\/","name":"Ubirat\u00e3 Online Not\u00edcias","description":"Not\u00edcias de Ubirat\u00e3, regi\u00e3o, Brasil e mundo, com informa\u00e7\u00e3o atualizada e compromisso com o leitor.","publisher":{"@id":"https:\/\/ubirataonline.com.br\/#organization"},"alternateName":"Ubirat\u00e3 Online","potentialAction":[{"@type":"SearchAction","target":{"@type":"EntryPoint","urlTemplate":"https:\/\/ubirataonline.com.br\/?s={search_term_string}"},"query-input":{"@type":"PropertyValueSpecification","valueRequired":true,"valueName":"search_term_string"}}],"inLanguage":"en-US"},{"@type":["Organization","Place"],"@id":"https:\/\/ubirataonline.com.br\/#organization","name":"Ubirat\u00e3 Online Not\u00edcias","alternateName":"Ubirat\u00e3 Online","url":"https:\/\/ubirataonline.com.br\/","logo":{"@id":"https:\/\/ubirataonline.com.br\/entrevistas-exclusivas-com-marcelinho-carioca-e-as-filhas-de-stenio-garcia-no-domingo-espetacular\/#local-main-organization-logo"},"image":{"@id":"https:\/\/ubirataonline.com.br\/entrevistas-exclusivas-com-marcelinho-carioca-e-as-filhas-de-stenio-garcia-no-domingo-espetacular\/#local-main-organization-logo"},"sameAs":["https:\/\/www.facebook.com\/portalubirataonline","https:\/\/x.com\/ubirataonline","https:\/\/mastodon.social\/@ubirataonline","https:\/\/www.facebook.com\/groups\/311144672285604","https:\/\/www.facebook.com\/UBTAOnline","https:\/\/www.instagram.com\/portalubirataonline\/","https:\/\/twitter.com\/ubirataonline"],"description":"Somos um portal de not\u00edcias independente, criado em 5 de janeiro de 2009, com o objetivo de informar, conectar e valorizar a nossa comunidade de Ubirat\u00e3 e toda aregi\u00e3o. Com conte\u00fado atualizado, confi\u00e1vel e relevante, o Ubirat\u00e3 Online \u00e9 o seu espa\u00e7o para ficar por dentro dos principais acontecimentos locais, regionais, Brasil, Mundo e de interesse geral. Nosso compromisso \u00e9 com a verdade, a transpar\u00eancia e o respeito ao leitor.","legalName":"UBIRATA ONLINE NOT\u00cdCIAS","foundingDate":"2009-01-05","numberOfEmployees":{"@type":"QuantitativeValue","minValue":"1","maxValue":"10"},"publishingPrinciples":"https:\/\/ubirataonline.com.br\/faq\/","address":{"@id":"https:\/\/ubirataonline.com.br\/entrevistas-exclusivas-com-marcelinho-carioca-e-as-filhas-de-stenio-garcia-no-domingo-espetacular\/#local-main-place-address"},"geo":{"@type":"GeoCoordinates","latitude":"-24.5361401","longitude":"-52.9921776"},"telephone":["+5544998308235"],"contactPoint":{"@type":"ContactPoint","email":"contato@ubirataonline.com.br"},"openingHoursSpecification":{"@type":"OpeningHoursSpecification","dayOfWeek":["Monday","Tuesday","Wednesday","Thursday","Friday","Saturday","Sunday"],"opens":"00:00","closes":"23:59"},"email":"contato@ubirataonline.com.br","vatID":"47.621.418\/0001-80"},{"@type":"Person","@id":"https:\/\/ubirataonline.com.br\/#\/schema\/person\/372f87bbd3fdd79b8556b84c98d0bc1c","name":"REDA\u00c7\u00c3O: UBIRAT\u00c3 ONLINE - F\u00c1BIO AUGUSTO CELESTINO","pronouns":"Ele","description":"Desde 2003 trabalhando com not\u00edcias.","sameAs":["http:\/\/ubirataoline.com.br","https:\/\/www.facebook.com\/portalubirataonline","https:\/\/www.instagram.com\/ubirataonline_oficial","https:\/\/x.com\/x.com\/ubirataonline"],"honorificPrefix":"Mr.","honorificSuffix":"MD","birthDate":"1980-06-16","gender":"masculino","award":["V\u00e1rios pr\u00eamios de melhor portal da cidade"],"jobTitle":"Diretor","url":"https:\/\/ubirataonline.com.br\/en\/author\/ubirataonline\/"},{"@type":"PostalAddress","@id":"https:\/\/ubirataonline.com.br\/entrevistas-exclusivas-com-marcelinho-carioca-e-as-filhas-de-stenio-garcia-no-domingo-espetacular\/#local-main-place-address","streetAddress":"Rua dos Coqueiros, 104 - Bairro Boa Vista, Rua dos Coqueiros, 104 Bairro Boa Vista","addressLocality":"UBIRATA","postalCode":"85440-000","addressRegion":"PR","addressCountry":"BR"},{"@type":"ImageObject","inLanguage":"en-US","@id":"https:\/\/ubirataonline.com.br\/entrevistas-exclusivas-com-marcelinho-carioca-e-as-filhas-de-stenio-garcia-no-domingo-espetacular\/#local-main-organization-logo","url":"https:\/\/ubirataonline.com.br\/wp-content\/uploads\/2026\/06\/logoubirataonline-1.webp","contentUrl":"https:\/\/ubirataonline.com.br\/wp-content\/uploads\/2026\/06\/logoubirataonline-1.webp","width":500,"height":500,"caption":"Ubirat\u00e3 Online Not\u00edcias"}]},"geo.placename":"UBIRATA","geo.position":{"lat":"-24.5361401","long":"-52.9921776"},"geo.region":"Brazil"},"_links":{"self":[{"href":"https:\/\/ubirataonline.com.br\/en\/wp-json\/wp\/v2\/posts\/116190","targetHints":{"allow":["GET"]}}],"collection":[{"href":"https:\/\/ubirataonline.com.br\/en\/wp-json\/wp\/v2\/posts"}],"about":[{"href":"https:\/\/ubirataonline.com.br\/en\/wp-json\/wp\/v2\/types\/post"}],"author":[{"embeddable":true,"href":"https:\/\/ubirataonline.com.br\/en\/wp-json\/wp\/v2\/users\/1"}],"replies":[{"embeddable":true,"href":"https:\/\/ubirataonline.com.br\/en\/wp-json\/wp\/v2\/comments?post=116190"}],"version-history":[{"count":0,"href":"https:\/\/ubirataonline.com.br\/en\/wp-json\/wp\/v2\/posts\/116190\/revisions"}],"wp:featuredmedia":[{"embeddable":true,"href":"https:\/\/ubirataonline.com.br\/en\/wp-json\/wp\/v2\/media\/116191"}],"wp:attachment":[{"href":"https:\/\/ubirataonline.com.br\/en\/wp-json\/wp\/v2\/media?parent=116190"}],"wp:term":[{"taxonomy":"category","embeddable":true,"href":"https:\/\/ubirataonline.com.br\/en\/wp-json\/wp\/v2\/categories?post=116190"},{"taxonomy":"post_tag","embeddable":true,"href":"https:\/\/ubirataonline.com.br\/en\/wp-json\/wp\/v2\/tags?post=116190"}],"curies":[{"name":"wp","href":"https:\/\/api.w.org\/{rel}","templated":true}]}}