{"id":116356,"date":"2026-04-26T23:29:33","date_gmt":"2026-04-27T02:29:33","guid":{"rendered":"https:\/\/ubirataonline.com.br\/karely-ruiz-a-poncho-de-nigris-no-es-esclava-la-polemica-por-su-pelea-en-supernova-genesis\/"},"modified":"2026-04-26T23:29:39","modified_gmt":"2026-04-27T02:29:39","slug":"karely-ruiz-a-poncho-de-nigris-no-es-esclava-la-polemica-por-su-pelea-en-supernova-genesis","status":"publish","type":"post","link":"https:\/\/ubirataonline.com.br\/en\/karely-ruiz-a-poncho-de-nigris-no-es-esclava-la-polemica-por-su-pelea-en-supernova-genesis\/","title":{"rendered":"Karely Ruiz a Poncho De Nigris: &#8220;no es esclava&#8221; ; la pol\u00e9mica por su pelea en Supernova G\u00e9nesis"},"content":{"rendered":"<p><br \/>\n<\/p>\n<div data-article-body=\"true\">\n<p class=\"mb-4 text-lg md:leading-8 break-words\">CIUDAD DE M\u00c9XICO, abril 24 (EL UNIVERSAL).- Karely Ruiz fue cuestionada sobre su participaci\u00f3n en Supernova G\u00e9nesis de este fin de semana y las pol\u00e9micas declaraciones que hizo Poncho de Nigris sobre su participaci\u00f3n en la gala box\u00edstica; sin embargo, la modelo de OnlyFans respondi\u00f3 que ella &#8220;no es esclava&#8221;.<\/p>\n<p class=\"mb-4 text-lg md:leading-8 break-words\">La creadora de contenido explic\u00f3 que si bien tiene un contrato con Ring Royale, s\u00ed puede participar en otros eventos como Supernova G\u00e9nesis 2026, en donde ser\u00e1 parte de la cartelera junto con Alana Flores, Flor Vigna, Aaron Mercury y otros influencers, por lo que Karely se subir\u00e1 al ring con poco tiempo de preparaci\u00f3n.<\/p>\n<p class=\"mb-4 text-lg md:leading-8 break-words\">Poncho de Nigris no se qued\u00f3 callado tras las declaraciones de Karely Ruiz y en sus redes sociales emiti\u00f3 un comunicado donde aclar\u00f3 que en el contrato que firm\u00f3 la modelo existe una cl\u00e1usula donde indica que no puede participar en eventos de este tipo en los pr\u00f3ximos seis meses, por lo que, en teor\u00eda, ella no podr\u00eda pelear en Supernova G\u00e9nesis 2026.<\/p>\n<p class=\"mb-4 text-lg md:leading-8 break-words\">El empresario agreg\u00f3 que \u00e9l es socio de Ring Royale, pero que accedi\u00f3 a que Karely pelear\u00e1 en Supernova G\u00e9nesis 2026 para darle la oportunidad de ganar.<\/p>\n<p class=\"mb-4 text-lg md:leading-8 break-words\">Sobre su nueva pelea, la influencer admiti\u00f3 sentir presi\u00f3n por el corto tiempo de preparaci\u00f3n. &#8220;Es un reto dif\u00edcil, me dieron una semana para entrenar&#8221;, declar\u00f3, aunque asegur\u00f3 que cuenta con experiencia previa tras meses de entrenamiento.<\/p>\n<p class=\"mb-4 text-lg md:leading-8 break-words\">La pelea enfrentar\u00e1 a Karely Ruiz con Kim Shantal, quien tambi\u00e9n reaccion\u00f3 a la salida de Lupita Villalobos. La situaci\u00f3n m\u00e9dica de esta \u00faltima oblig\u00f3 a reorganizar el cartel a pocos d\u00edas del evento.<\/p>\n<p class=\"mb-4 text-lg md:leading-8 break-words\">Karely tambi\u00e9n record\u00f3 su derrota anterior ante Marcela Mistral, reconociendo el resultado sin pol\u00e9mica: &#8220;Perd\u00ed y punto&#8221;, dijo, descartando cualquier irregularidad en el evento: &#8220;Ahora tendr\u00e9 que prepararme de forma expr\u00e9s y enfrentar el reto que est\u00e1 a la vuelta de la esquina, y vamos con todo en esta pelea&#8221;.<\/p>\n<figure class=\"relative mb-4\"><a data-ylk=\"ct:story;elm:img;itc:0;\" class=\"stretched-box\" href=\"https:\/\/trib.al\/yG4LVEm\" rel=\"noopener noreferrer nofollow\" target=\"_blank\"><\/p>\n<div class=\"relative\"><\/div>\n<p><\/a><figcaption class=\"relative text-sm mt-1 pr-2.5\">\n<p>Siguenos en nuestro canal de WhatsApp<\/p>\n<\/figcaption><\/figure>\n<\/div>\n<p><br \/>\n<br \/><a href=\"https:\/\/es-us.vida-estilo.yahoo.com\/karely-ruiz-a-poncho-de-nigris-no-es-esclava--la-polemica-por-su-pelea-en-supernova-genesis-060000294.html\">Source link <\/a><\/p>","protected":false},"excerpt":{"rendered":"<p>CIUDAD DE M\u00c9XICO, abril 24 (EL UNIVERSAL).- Karely Ruiz fue cuestionada sobre su participaci\u00f3n en Supernova G\u00e9nesis de este fin de semana y las pol\u00e9micas declaraciones que hizo Poncho de Nigris sobre su participaci\u00f3n en la gala box\u00edstica; sin embargo, la modelo de OnlyFans respondi\u00f3 que ella &#8220;no es esclava&#8221;. La creadora de contenido explic\u00f3 [&hellip;]<\/p>\n","protected":false},"author":1,"featured_media":116357,"comment_status":"closed","ping_status":"","sticky":false,"template":"","format":"standard","meta":{"googlesitekit_rrm_CAow2JLhCw:productID":"","_gspb_post_css":"","maa_idioma":"","maa_pais":"","footnotes":""},"categories":[1],"tags":[31416,19570,31413,31415,31334,4069,31414,3211,13245,25687],"class_list":["post-116356","post","type-post","status-publish","format-standard","has-post-thumbnail","hentry","category-ubirata","tag-esclava","tag-genesis","tag-karely","tag-nigris","tag-pelea","tag-polemica","tag-poncho","tag-por","tag-ruiz","tag-supernova"],"blocksy_meta":[],"yoast_head":"<!-- This site is optimized with the Yoast SEO Premium plugin v27.6 (Yoast SEO v27.6) - https:\/\/yoast.com\/product\/yoast-seo-premium-wordpress\/ -->\n<title>Karely Ruiz a Poncho De Nigris: &quot;no es esclava&quot; ; la pol\u00e9mica por su pelea en Supernova G\u00e9nesis - Ubirat\u00e3 Online Not\u00edcias - A realidade ao seu alcance!<\/title>\n<meta name=\"description\" content=\"CIUDAD DE M\u00c9XICO, abril 24 (EL UNIVERSAL).- Karely Ruiz fue cuestionada sobre su participaci\u00f3n en Supernova G\u00e9nesis de este fin de semana y las pol\u00e9micas\" \/>\n<meta name=\"robots\" content=\"index, follow, max-snippet:-1, max-image-preview:large, max-video-preview:-1\" \/>\n<link rel=\"canonical\" href=\"https:\/\/ubirataonline.com.br\/en\/karely-ruiz-a-poncho-de-nigris-no-es-esclava-la-polemica-por-su-pelea-en-supernova-genesis\/\" \/>\n<meta property=\"og:locale\" content=\"en_US\" \/>\n<meta property=\"og:type\" content=\"article\" \/>\n<meta property=\"og:title\" content=\"Karely Ruiz a Poncho De Nigris: &quot;no es esclava&quot; ; la pol\u00e9mica por su pelea en Supernova G\u00e9nesis\" \/>\n<meta property=\"og:description\" content=\"CIUDAD DE M\u00c9XICO, abril 24 (EL UNIVERSAL).- Karely Ruiz fue cuestionada sobre su participaci\u00f3n en Supernova G\u00e9nesis de este fin de semana y las pol\u00e9micas\" \/>\n<meta property=\"og:url\" content=\"https:\/\/ubirataonline.com.br\/en\/karely-ruiz-a-poncho-de-nigris-no-es-esclava-la-polemica-por-su-pelea-en-supernova-genesis\/\" \/>\n<meta property=\"og:site_name\" content=\"Ubirat\u00e3 Online Not\u00edcias - A realidade ao seu alcance!\" \/>\n<meta property=\"article:publisher\" content=\"https:\/\/www.facebook.com\/portalubirataonline\" \/>\n<meta property=\"article:author\" content=\"https:\/\/www.facebook.com\/portalubirataonline\" \/>\n<meta property=\"article:published_time\" content=\"2026-04-27T02:29:33+00:00\" \/>\n<meta property=\"article:modified_time\" content=\"2026-04-27T02:29:39+00:00\" \/>\n<meta property=\"og:image\" content=\"https:\/\/ubirataonline.com.br\/wp-content\/uploads\/2026\/04\/Karely-Ruiz-a-Poncho-De-Nigris-no-es-esclava.jpeg\" \/>\n\t<meta property=\"og:image:width\" content=\"1200\" \/>\n\t<meta property=\"og:image:height\" content=\"800\" \/>\n\t<meta property=\"og:image:type\" content=\"image\/jpeg\" \/>\n<meta name=\"author\" content=\"REDA\u00c7\u00c3O: UBIRAT\u00c3 ONLINE - F\u00c1BIO AUGUSTO CELESTINO\" \/>\n<meta name=\"twitter:card\" content=\"summary_large_image\" \/>\n<meta name=\"twitter:creator\" content=\"@x.com\/ubirataonline\" \/>\n<meta name=\"twitter:site\" content=\"@ubirataonline\" \/>\n<meta name=\"twitter:label1\" content=\"Written by\" \/>\n\t<meta name=\"twitter:data1\" content=\"REDA\u00c7\u00c3O: UBIRAT\u00c3 ONLINE - F\u00c1BIO AUGUSTO CELESTINO\" \/>\n\t<meta name=\"twitter:label2\" content=\"Est. reading time\" \/>\n\t<meta name=\"twitter:data2\" content=\"2 minutes\" \/>\n<script type=\"application\/ld+json\" class=\"yoast-schema-graph\">{\"@context\":\"https:\\\/\\\/schema.org\",\"@graph\":[{\"@type\":\"NewsArticle\",\"@id\":\"https:\\\/\\\/ubirataonline.com.br\\\/karely-ruiz-a-poncho-de-nigris-no-es-esclava-la-polemica-por-su-pelea-en-supernova-genesis\\\/#article\",\"isPartOf\":{\"@id\":\"https:\\\/\\\/ubirataonline.com.br\\\/karely-ruiz-a-poncho-de-nigris-no-es-esclava-la-polemica-por-su-pelea-en-supernova-genesis\\\/\"},\"author\":{\"name\":\"REDA\u00c7\u00c3O: UBIRAT\u00c3 ONLINE - F\u00c1BIO AUGUSTO CELESTINO\",\"@id\":\"https:\\\/\\\/ubirataonline.com.br\\\/#\\\/schema\\\/person\\\/372f87bbd3fdd79b8556b84c98d0bc1c\"},\"headline\":\"Karely Ruiz a Poncho De Nigris: &#8220;no es esclava&#8221; ; la pol\u00e9mica por su pelea en Supernova G\u00e9nesis\",\"datePublished\":\"2026-04-27T02:29:33+00:00\",\"dateModified\":\"2026-04-27T02:29:39+00:00\",\"mainEntityOfPage\":{\"@id\":\"https:\\\/\\\/ubirataonline.com.br\\\/karely-ruiz-a-poncho-de-nigris-no-es-esclava-la-polemica-por-su-pelea-en-supernova-genesis\\\/\"},\"wordCount\":366,\"publisher\":{\"@id\":\"https:\\\/\\\/ubirataonline.com.br\\\/#organization\"},\"image\":{\"@id\":\"https:\\\/\\\/ubirataonline.com.br\\\/karely-ruiz-a-poncho-de-nigris-no-es-esclava-la-polemica-por-su-pelea-en-supernova-genesis\\\/#primaryimage\"},\"thumbnailUrl\":\"https:\\\/\\\/ubirataonline.com.br\\\/wp-content\\\/uploads\\\/2026\\\/04\\\/Karely-Ruiz-a-Poncho-De-Nigris-no-es-esclava.jpeg\",\"keywords\":[\"esclava\",\"Genesis\",\"Karely\",\"Nigris\",\"pelea\",\"pol\u00eamica\",\"Poncho\",\"por\",\"Ruiz\",\"Supernova\"],\"articleSection\":[\"Ubirat\u00e3\"],\"inLanguage\":\"en-US\",\"copyrightYear\":\"2026\",\"copyrightHolder\":{\"@id\":\"https:\\\/\\\/ubirataonline.com.br\\\/en\\\/#organization\"}},{\"@type\":\"WebPage\",\"@id\":\"https:\\\/\\\/ubirataonline.com.br\\\/karely-ruiz-a-poncho-de-nigris-no-es-esclava-la-polemica-por-su-pelea-en-supernova-genesis\\\/\",\"url\":\"https:\\\/\\\/ubirataonline.com.br\\\/karely-ruiz-a-poncho-de-nigris-no-es-esclava-la-polemica-por-su-pelea-en-supernova-genesis\\\/\",\"name\":\"Karely Ruiz a Poncho De Nigris: \\\"no es esclava\\\" ; la pol\u00e9mica por su pelea en Supernova G\u00e9nesis - Ubirat\u00e3 Online Not\u00edcias - A realidade ao seu alcance!\",\"isPartOf\":{\"@id\":\"https:\\\/\\\/ubirataonline.com.br\\\/#website\"},\"primaryImageOfPage\":{\"@id\":\"https:\\\/\\\/ubirataonline.com.br\\\/karely-ruiz-a-poncho-de-nigris-no-es-esclava-la-polemica-por-su-pelea-en-supernova-genesis\\\/#primaryimage\"},\"image\":{\"@id\":\"https:\\\/\\\/ubirataonline.com.br\\\/karely-ruiz-a-poncho-de-nigris-no-es-esclava-la-polemica-por-su-pelea-en-supernova-genesis\\\/#primaryimage\"},\"thumbnailUrl\":\"https:\\\/\\\/ubirataonline.com.br\\\/wp-content\\\/uploads\\\/2026\\\/04\\\/Karely-Ruiz-a-Poncho-De-Nigris-no-es-esclava.jpeg\",\"datePublished\":\"2026-04-27T02:29:33+00:00\",\"dateModified\":\"2026-04-27T02:29:39+00:00\",\"description\":\"CIUDAD DE M\u00c9XICO, abril 24 (EL UNIVERSAL).- Karely Ruiz fue cuestionada sobre su participaci\u00f3n en Supernova G\u00e9nesis de este fin de semana y las pol\u00e9micas\",\"breadcrumb\":{\"@id\":\"https:\\\/\\\/ubirataonline.com.br\\\/karely-ruiz-a-poncho-de-nigris-no-es-esclava-la-polemica-por-su-pelea-en-supernova-genesis\\\/#breadcrumb\"},\"inLanguage\":\"en-US\",\"potentialAction\":[{\"@type\":\"ReadAction\",\"target\":[\"https:\\\/\\\/ubirataonline.com.br\\\/karely-ruiz-a-poncho-de-nigris-no-es-esclava-la-polemica-por-su-pelea-en-supernova-genesis\\\/\"]}]},{\"@type\":\"ImageObject\",\"inLanguage\":\"en-US\",\"@id\":\"https:\\\/\\\/ubirataonline.com.br\\\/karely-ruiz-a-poncho-de-nigris-no-es-esclava-la-polemica-por-su-pelea-en-supernova-genesis\\\/#primaryimage\",\"url\":\"https:\\\/\\\/ubirataonline.com.br\\\/wp-content\\\/uploads\\\/2026\\\/04\\\/Karely-Ruiz-a-Poncho-De-Nigris-no-es-esclava.jpeg\",\"contentUrl\":\"https:\\\/\\\/ubirataonline.com.br\\\/wp-content\\\/uploads\\\/2026\\\/04\\\/Karely-Ruiz-a-Poncho-De-Nigris-no-es-esclava.jpeg\",\"width\":1200,\"height\":800,\"caption\":\"Marcela Mistral, Pncho De Nigris y Karely Ruiz previo al show de boxea Ring Royal en febrero de 2026. | Foto: Medios y Media\\\/Getty Images (Medios y Media via Getty Images)\"},{\"@type\":\"BreadcrumbList\",\"@id\":\"https:\\\/\\\/ubirataonline.com.br\\\/karely-ruiz-a-poncho-de-nigris-no-es-esclava-la-polemica-por-su-pelea-en-supernova-genesis\\\/#breadcrumb\",\"itemListElement\":[{\"@type\":\"ListItem\",\"position\":1,\"name\":\"In\u00edcio\",\"item\":\"https:\\\/\\\/ubirataonline.com.br\\\/\"},{\"@type\":\"ListItem\",\"position\":2,\"name\":\"Karely Ruiz a Poncho De Nigris: &#8220;no es esclava&#8221; ; la pol\u00e9mica por su pelea en Supernova G\u00e9nesis\"}]},{\"@type\":\"WebSite\",\"@id\":\"https:\\\/\\\/ubirataonline.com.br\\\/#website\",\"url\":\"https:\\\/\\\/ubirataonline.com.br\\\/\",\"name\":\"Ubirat\u00e3 Online Not\u00edcias\",\"description\":\"Not\u00edcias de Ubirat\u00e3, regi\u00e3o, Brasil e mundo, com informa\u00e7\u00e3o atualizada e compromisso com o leitor.\",\"publisher\":{\"@id\":\"https:\\\/\\\/ubirataonline.com.br\\\/#organization\"},\"alternateName\":\"Ubirat\u00e3 Online\",\"potentialAction\":[{\"@type\":\"SearchAction\",\"target\":{\"@type\":\"EntryPoint\",\"urlTemplate\":\"https:\\\/\\\/ubirataonline.com.br\\\/?s={search_term_string}\"},\"query-input\":{\"@type\":\"PropertyValueSpecification\",\"valueRequired\":true,\"valueName\":\"search_term_string\"}}],\"inLanguage\":\"en-US\"},{\"@type\":[\"Organization\",\"Place\"],\"@id\":\"https:\\\/\\\/ubirataonline.com.br\\\/#organization\",\"name\":\"Ubirat\u00e3 Online Not\u00edcias\",\"alternateName\":\"Ubirat\u00e3 Online\",\"url\":\"https:\\\/\\\/ubirataonline.com.br\\\/\",\"logo\":{\"@id\":\"https:\\\/\\\/ubirataonline.com.br\\\/karely-ruiz-a-poncho-de-nigris-no-es-esclava-la-polemica-por-su-pelea-en-supernova-genesis\\\/#local-main-organization-logo\"},\"image\":{\"@id\":\"https:\\\/\\\/ubirataonline.com.br\\\/karely-ruiz-a-poncho-de-nigris-no-es-esclava-la-polemica-por-su-pelea-en-supernova-genesis\\\/#local-main-organization-logo\"},\"sameAs\":[\"https:\\\/\\\/www.facebook.com\\\/portalubirataonline\",\"https:\\\/\\\/x.com\\\/ubirataonline\",\"https:\\\/\\\/mastodon.social\\\/@ubirataonline\",\"https:\\\/\\\/www.facebook.com\\\/groups\\\/311144672285604\",\"https:\\\/\\\/www.facebook.com\\\/UBTAOnline\",\"https:\\\/\\\/www.instagram.com\\\/portalubirataonline\\\/\",\"https:\\\/\\\/twitter.com\\\/ubirataonline\"],\"description\":\"Somos um portal de not\u00edcias independente, criado em 5 de janeiro de 2009, com o objetivo de informar, conectar e valorizar a nossa comunidade de Ubirat\u00e3 e toda aregi\u00e3o. Com conte\u00fado atualizado, confi\u00e1vel e relevante, o Ubirat\u00e3 Online \u00e9 o seu espa\u00e7o para ficar por dentro dos principais acontecimentos locais, regionais, Brasil, Mundo e de interesse geral. Nosso compromisso \u00e9 com a verdade, a transpar\u00eancia e o respeito ao leitor.\",\"legalName\":\"UBIRATA ONLINE NOT\u00cdCIAS\",\"foundingDate\":\"2009-01-05\",\"numberOfEmployees\":{\"@type\":\"QuantitativeValue\",\"minValue\":\"1\",\"maxValue\":\"10\"},\"publishingPrinciples\":\"https:\\\/\\\/ubirataonline.com.br\\\/faq\\\/\",\"address\":{\"@id\":\"https:\\\/\\\/ubirataonline.com.br\\\/karely-ruiz-a-poncho-de-nigris-no-es-esclava-la-polemica-por-su-pelea-en-supernova-genesis\\\/#local-main-place-address\"},\"geo\":{\"@type\":\"GeoCoordinates\",\"latitude\":\"-24.5361401\",\"longitude\":\"-52.9921776\"},\"telephone\":[\"+5544998308235\"],\"contactPoint\":{\"@type\":\"ContactPoint\",\"email\":\"contato@ubirataonline.com.br\"},\"openingHoursSpecification\":{\"@type\":\"OpeningHoursSpecification\",\"dayOfWeek\":[\"Monday\",\"Tuesday\",\"Wednesday\",\"Thursday\",\"Friday\",\"Saturday\",\"Sunday\"],\"opens\":\"00:00\",\"closes\":\"23:59\"},\"email\":\"contato@ubirataonline.com.br\",\"vatID\":\"47.621.418\\\/0001-80\"},{\"@type\":\"Person\",\"@id\":\"https:\\\/\\\/ubirataonline.com.br\\\/#\\\/schema\\\/person\\\/372f87bbd3fdd79b8556b84c98d0bc1c\",\"name\":\"REDA\u00c7\u00c3O: UBIRAT\u00c3 ONLINE - F\u00c1BIO AUGUSTO CELESTINO\",\"pronouns\":\"Ele\",\"description\":\"Desde 2003 trabalhando com not\u00edcias.\",\"sameAs\":[\"http:\\\/\\\/ubirataoline.com.br\",\"https:\\\/\\\/www.facebook.com\\\/portalubirataonline\",\"https:\\\/\\\/www.instagram.com\\\/ubirataonline_oficial\",\"https:\\\/\\\/x.com\\\/x.com\\\/ubirataonline\"],\"honorificPrefix\":\"Mr.\",\"honorificSuffix\":\"MD\",\"birthDate\":\"1980-06-16\",\"gender\":\"masculino\",\"award\":[\"V\u00e1rios pr\u00eamios de melhor portal da cidade\"],\"jobTitle\":\"Diretor\",\"url\":\"https:\\\/\\\/ubirataonline.com.br\\\/en\\\/author\\\/ubirataonline\\\/\"},{\"@type\":\"PostalAddress\",\"@id\":\"https:\\\/\\\/ubirataonline.com.br\\\/karely-ruiz-a-poncho-de-nigris-no-es-esclava-la-polemica-por-su-pelea-en-supernova-genesis\\\/#local-main-place-address\",\"streetAddress\":\"Rua dos Coqueiros, 104 - Bairro Boa Vista, Rua dos Coqueiros, 104 Bairro Boa Vista\",\"addressLocality\":\"UBIRATA\",\"postalCode\":\"85440-000\",\"addressRegion\":\"PR\",\"addressCountry\":\"BR\"},{\"@type\":\"ImageObject\",\"inLanguage\":\"en-US\",\"@id\":\"https:\\\/\\\/ubirataonline.com.br\\\/karely-ruiz-a-poncho-de-nigris-no-es-esclava-la-polemica-por-su-pelea-en-supernova-genesis\\\/#local-main-organization-logo\",\"url\":\"https:\\\/\\\/ubirataonline.com.br\\\/wp-content\\\/uploads\\\/2026\\\/06\\\/logoubirataonline-1.webp\",\"contentUrl\":\"https:\\\/\\\/ubirataonline.com.br\\\/wp-content\\\/uploads\\\/2026\\\/06\\\/logoubirataonline-1.webp\",\"width\":500,\"height\":500,\"caption\":\"Ubirat\u00e3 Online Not\u00edcias\"}]}<\/script>\n<meta name=\"geo.placename\" content=\"UBIRATA\" \/>\n<meta name=\"geo.position\" content=\"-24.5361401;-52.9921776\" \/>\n<meta name=\"geo.region\" content=\"Brazil\" \/>\n<!-- \/ Yoast SEO Premium plugin. -->","yoast_head_json":{"title":"Karely Ruiz a Poncho De Nigris: \"no es esclava\" ; la pol\u00e9mica por su pelea en Supernova G\u00e9nesis - Ubirat\u00e3 Online Not\u00edcias - A realidade ao seu alcance!","description":"CIUDAD DE M\u00c9XICO, abril 24 (EL UNIVERSAL).- Karely Ruiz fue cuestionada sobre su participaci\u00f3n en Supernova G\u00e9nesis de este fin de semana y las pol\u00e9micas","robots":{"index":"index","follow":"follow","max-snippet":"max-snippet:-1","max-image-preview":"max-image-preview:large","max-video-preview":"max-video-preview:-1"},"canonical":"https:\/\/ubirataonline.com.br\/en\/karely-ruiz-a-poncho-de-nigris-no-es-esclava-la-polemica-por-su-pelea-en-supernova-genesis\/","og_locale":"en_US","og_type":"article","og_title":"Karely Ruiz a Poncho De Nigris: \"no es esclava\" ; la pol\u00e9mica por su pelea en Supernova G\u00e9nesis","og_description":"CIUDAD DE M\u00c9XICO, abril 24 (EL UNIVERSAL).- Karely Ruiz fue cuestionada sobre su participaci\u00f3n en Supernova G\u00e9nesis de este fin de semana y las pol\u00e9micas","og_url":"https:\/\/ubirataonline.com.br\/en\/karely-ruiz-a-poncho-de-nigris-no-es-esclava-la-polemica-por-su-pelea-en-supernova-genesis\/","og_site_name":"Ubirat\u00e3 Online Not\u00edcias - A realidade ao seu alcance!","article_publisher":"https:\/\/www.facebook.com\/portalubirataonline","article_author":"https:\/\/www.facebook.com\/portalubirataonline","article_published_time":"2026-04-27T02:29:33+00:00","article_modified_time":"2026-04-27T02:29:39+00:00","og_image":[{"width":1200,"height":800,"url":"https:\/\/ubirataonline.com.br\/wp-content\/uploads\/2026\/04\/Karely-Ruiz-a-Poncho-De-Nigris-no-es-esclava.jpeg","type":"image\/jpeg"}],"author":"REDA\u00c7\u00c3O: UBIRAT\u00c3 ONLINE - F\u00c1BIO AUGUSTO CELESTINO","twitter_card":"summary_large_image","twitter_creator":"@x.com\/ubirataonline","twitter_site":"@ubirataonline","twitter_misc":{"Written by":"REDA\u00c7\u00c3O: UBIRAT\u00c3 ONLINE - F\u00c1BIO AUGUSTO CELESTINO","Est. reading time":"2 minutes"},"schema":{"@context":"https:\/\/schema.org","@graph":[{"@type":"NewsArticle","@id":"https:\/\/ubirataonline.com.br\/karely-ruiz-a-poncho-de-nigris-no-es-esclava-la-polemica-por-su-pelea-en-supernova-genesis\/#article","isPartOf":{"@id":"https:\/\/ubirataonline.com.br\/karely-ruiz-a-poncho-de-nigris-no-es-esclava-la-polemica-por-su-pelea-en-supernova-genesis\/"},"author":{"name":"REDA\u00c7\u00c3O: UBIRAT\u00c3 ONLINE - F\u00c1BIO AUGUSTO CELESTINO","@id":"https:\/\/ubirataonline.com.br\/#\/schema\/person\/372f87bbd3fdd79b8556b84c98d0bc1c"},"headline":"Karely Ruiz a Poncho De Nigris: &#8220;no es esclava&#8221; ; la pol\u00e9mica por su pelea en Supernova G\u00e9nesis","datePublished":"2026-04-27T02:29:33+00:00","dateModified":"2026-04-27T02:29:39+00:00","mainEntityOfPage":{"@id":"https:\/\/ubirataonline.com.br\/karely-ruiz-a-poncho-de-nigris-no-es-esclava-la-polemica-por-su-pelea-en-supernova-genesis\/"},"wordCount":366,"publisher":{"@id":"https:\/\/ubirataonline.com.br\/#organization"},"image":{"@id":"https:\/\/ubirataonline.com.br\/karely-ruiz-a-poncho-de-nigris-no-es-esclava-la-polemica-por-su-pelea-en-supernova-genesis\/#primaryimage"},"thumbnailUrl":"https:\/\/ubirataonline.com.br\/wp-content\/uploads\/2026\/04\/Karely-Ruiz-a-Poncho-De-Nigris-no-es-esclava.jpeg","keywords":["esclava","Genesis","Karely","Nigris","pelea","pol\u00eamica","Poncho","por","Ruiz","Supernova"],"articleSection":["Ubirat\u00e3"],"inLanguage":"en-US","copyrightYear":"2026","copyrightHolder":{"@id":"https:\/\/ubirataonline.com.br\/en\/#organization"}},{"@type":"WebPage","@id":"https:\/\/ubirataonline.com.br\/karely-ruiz-a-poncho-de-nigris-no-es-esclava-la-polemica-por-su-pelea-en-supernova-genesis\/","url":"https:\/\/ubirataonline.com.br\/karely-ruiz-a-poncho-de-nigris-no-es-esclava-la-polemica-por-su-pelea-en-supernova-genesis\/","name":"Karely Ruiz a Poncho De Nigris: \"no es esclava\" ; la pol\u00e9mica por su pelea en Supernova G\u00e9nesis - Ubirat\u00e3 Online Not\u00edcias - A realidade ao seu alcance!","isPartOf":{"@id":"https:\/\/ubirataonline.com.br\/#website"},"primaryImageOfPage":{"@id":"https:\/\/ubirataonline.com.br\/karely-ruiz-a-poncho-de-nigris-no-es-esclava-la-polemica-por-su-pelea-en-supernova-genesis\/#primaryimage"},"image":{"@id":"https:\/\/ubirataonline.com.br\/karely-ruiz-a-poncho-de-nigris-no-es-esclava-la-polemica-por-su-pelea-en-supernova-genesis\/#primaryimage"},"thumbnailUrl":"https:\/\/ubirataonline.com.br\/wp-content\/uploads\/2026\/04\/Karely-Ruiz-a-Poncho-De-Nigris-no-es-esclava.jpeg","datePublished":"2026-04-27T02:29:33+00:00","dateModified":"2026-04-27T02:29:39+00:00","description":"CIUDAD DE M\u00c9XICO, abril 24 (EL UNIVERSAL).- Karely Ruiz fue cuestionada sobre su participaci\u00f3n en Supernova G\u00e9nesis de este fin de semana y las pol\u00e9micas","breadcrumb":{"@id":"https:\/\/ubirataonline.com.br\/karely-ruiz-a-poncho-de-nigris-no-es-esclava-la-polemica-por-su-pelea-en-supernova-genesis\/#breadcrumb"},"inLanguage":"en-US","potentialAction":[{"@type":"ReadAction","target":["https:\/\/ubirataonline.com.br\/karely-ruiz-a-poncho-de-nigris-no-es-esclava-la-polemica-por-su-pelea-en-supernova-genesis\/"]}]},{"@type":"ImageObject","inLanguage":"en-US","@id":"https:\/\/ubirataonline.com.br\/karely-ruiz-a-poncho-de-nigris-no-es-esclava-la-polemica-por-su-pelea-en-supernova-genesis\/#primaryimage","url":"https:\/\/ubirataonline.com.br\/wp-content\/uploads\/2026\/04\/Karely-Ruiz-a-Poncho-De-Nigris-no-es-esclava.jpeg","contentUrl":"https:\/\/ubirataonline.com.br\/wp-content\/uploads\/2026\/04\/Karely-Ruiz-a-Poncho-De-Nigris-no-es-esclava.jpeg","width":1200,"height":800,"caption":"Marcela Mistral, Pncho De Nigris y Karely Ruiz previo al show de boxea Ring Royal en febrero de 2026. | Foto: Medios y Media\/Getty Images (Medios y Media via Getty Images)"},{"@type":"BreadcrumbList","@id":"https:\/\/ubirataonline.com.br\/karely-ruiz-a-poncho-de-nigris-no-es-esclava-la-polemica-por-su-pelea-en-supernova-genesis\/#breadcrumb","itemListElement":[{"@type":"ListItem","position":1,"name":"In\u00edcio","item":"https:\/\/ubirataonline.com.br\/"},{"@type":"ListItem","position":2,"name":"Karely Ruiz a Poncho De Nigris: &#8220;no es esclava&#8221; ; la pol\u00e9mica por su pelea en Supernova G\u00e9nesis"}]},{"@type":"WebSite","@id":"https:\/\/ubirataonline.com.br\/#website","url":"https:\/\/ubirataonline.com.br\/","name":"Ubirat\u00e3 Online Not\u00edcias","description":"Not\u00edcias de Ubirat\u00e3, regi\u00e3o, Brasil e mundo, com informa\u00e7\u00e3o atualizada e compromisso com o leitor.","publisher":{"@id":"https:\/\/ubirataonline.com.br\/#organization"},"alternateName":"Ubirat\u00e3 Online","potentialAction":[{"@type":"SearchAction","target":{"@type":"EntryPoint","urlTemplate":"https:\/\/ubirataonline.com.br\/?s={search_term_string}"},"query-input":{"@type":"PropertyValueSpecification","valueRequired":true,"valueName":"search_term_string"}}],"inLanguage":"en-US"},{"@type":["Organization","Place"],"@id":"https:\/\/ubirataonline.com.br\/#organization","name":"Ubirat\u00e3 Online Not\u00edcias","alternateName":"Ubirat\u00e3 Online","url":"https:\/\/ubirataonline.com.br\/","logo":{"@id":"https:\/\/ubirataonline.com.br\/karely-ruiz-a-poncho-de-nigris-no-es-esclava-la-polemica-por-su-pelea-en-supernova-genesis\/#local-main-organization-logo"},"image":{"@id":"https:\/\/ubirataonline.com.br\/karely-ruiz-a-poncho-de-nigris-no-es-esclava-la-polemica-por-su-pelea-en-supernova-genesis\/#local-main-organization-logo"},"sameAs":["https:\/\/www.facebook.com\/portalubirataonline","https:\/\/x.com\/ubirataonline","https:\/\/mastodon.social\/@ubirataonline","https:\/\/www.facebook.com\/groups\/311144672285604","https:\/\/www.facebook.com\/UBTAOnline","https:\/\/www.instagram.com\/portalubirataonline\/","https:\/\/twitter.com\/ubirataonline"],"description":"Somos um portal de not\u00edcias independente, criado em 5 de janeiro de 2009, com o objetivo de informar, conectar e valorizar a nossa comunidade de Ubirat\u00e3 e toda aregi\u00e3o. Com conte\u00fado atualizado, confi\u00e1vel e relevante, o Ubirat\u00e3 Online \u00e9 o seu espa\u00e7o para ficar por dentro dos principais acontecimentos locais, regionais, Brasil, Mundo e de interesse geral. Nosso compromisso \u00e9 com a verdade, a transpar\u00eancia e o respeito ao leitor.","legalName":"UBIRATA ONLINE NOT\u00cdCIAS","foundingDate":"2009-01-05","numberOfEmployees":{"@type":"QuantitativeValue","minValue":"1","maxValue":"10"},"publishingPrinciples":"https:\/\/ubirataonline.com.br\/faq\/","address":{"@id":"https:\/\/ubirataonline.com.br\/karely-ruiz-a-poncho-de-nigris-no-es-esclava-la-polemica-por-su-pelea-en-supernova-genesis\/#local-main-place-address"},"geo":{"@type":"GeoCoordinates","latitude":"-24.5361401","longitude":"-52.9921776"},"telephone":["+5544998308235"],"contactPoint":{"@type":"ContactPoint","email":"contato@ubirataonline.com.br"},"openingHoursSpecification":{"@type":"OpeningHoursSpecification","dayOfWeek":["Monday","Tuesday","Wednesday","Thursday","Friday","Saturday","Sunday"],"opens":"00:00","closes":"23:59"},"email":"contato@ubirataonline.com.br","vatID":"47.621.418\/0001-80"},{"@type":"Person","@id":"https:\/\/ubirataonline.com.br\/#\/schema\/person\/372f87bbd3fdd79b8556b84c98d0bc1c","name":"REDA\u00c7\u00c3O: UBIRAT\u00c3 ONLINE - F\u00c1BIO AUGUSTO CELESTINO","pronouns":"Ele","description":"Desde 2003 trabalhando com not\u00edcias.","sameAs":["http:\/\/ubirataoline.com.br","https:\/\/www.facebook.com\/portalubirataonline","https:\/\/www.instagram.com\/ubirataonline_oficial","https:\/\/x.com\/x.com\/ubirataonline"],"honorificPrefix":"Mr.","honorificSuffix":"MD","birthDate":"1980-06-16","gender":"masculino","award":["V\u00e1rios pr\u00eamios de melhor portal da cidade"],"jobTitle":"Diretor","url":"https:\/\/ubirataonline.com.br\/en\/author\/ubirataonline\/"},{"@type":"PostalAddress","@id":"https:\/\/ubirataonline.com.br\/karely-ruiz-a-poncho-de-nigris-no-es-esclava-la-polemica-por-su-pelea-en-supernova-genesis\/#local-main-place-address","streetAddress":"Rua dos Coqueiros, 104 - Bairro Boa Vista, Rua dos Coqueiros, 104 Bairro Boa Vista","addressLocality":"UBIRATA","postalCode":"85440-000","addressRegion":"PR","addressCountry":"BR"},{"@type":"ImageObject","inLanguage":"en-US","@id":"https:\/\/ubirataonline.com.br\/karely-ruiz-a-poncho-de-nigris-no-es-esclava-la-polemica-por-su-pelea-en-supernova-genesis\/#local-main-organization-logo","url":"https:\/\/ubirataonline.com.br\/wp-content\/uploads\/2026\/06\/logoubirataonline-1.webp","contentUrl":"https:\/\/ubirataonline.com.br\/wp-content\/uploads\/2026\/06\/logoubirataonline-1.webp","width":500,"height":500,"caption":"Ubirat\u00e3 Online Not\u00edcias"}]},"geo.placename":"UBIRATA","geo.position":{"lat":"-24.5361401","long":"-52.9921776"},"geo.region":"Brazil"},"_links":{"self":[{"href":"https:\/\/ubirataonline.com.br\/en\/wp-json\/wp\/v2\/posts\/116356","targetHints":{"allow":["GET"]}}],"collection":[{"href":"https:\/\/ubirataonline.com.br\/en\/wp-json\/wp\/v2\/posts"}],"about":[{"href":"https:\/\/ubirataonline.com.br\/en\/wp-json\/wp\/v2\/types\/post"}],"author":[{"embeddable":true,"href":"https:\/\/ubirataonline.com.br\/en\/wp-json\/wp\/v2\/users\/1"}],"replies":[{"embeddable":true,"href":"https:\/\/ubirataonline.com.br\/en\/wp-json\/wp\/v2\/comments?post=116356"}],"version-history":[{"count":0,"href":"https:\/\/ubirataonline.com.br\/en\/wp-json\/wp\/v2\/posts\/116356\/revisions"}],"wp:featuredmedia":[{"embeddable":true,"href":"https:\/\/ubirataonline.com.br\/en\/wp-json\/wp\/v2\/media\/116357"}],"wp:attachment":[{"href":"https:\/\/ubirataonline.com.br\/en\/wp-json\/wp\/v2\/media?parent=116356"}],"wp:term":[{"taxonomy":"category","embeddable":true,"href":"https:\/\/ubirataonline.com.br\/en\/wp-json\/wp\/v2\/categories?post=116356"},{"taxonomy":"post_tag","embeddable":true,"href":"https:\/\/ubirataonline.com.br\/en\/wp-json\/wp\/v2\/tags?post=116356"}],"curies":[{"name":"wp","href":"https:\/\/api.w.org\/{rel}","templated":true}]}}