{"id":116359,"date":"2026-04-26T23:36:30","date_gmt":"2026-04-27T02:36:30","guid":{"rendered":"https:\/\/ubirataonline.com.br\/sao-goncalo-celebra-dia-do-trabalhador-com-show-do-grupo-goncalense-os-garotin\/"},"modified":"2026-04-26T23:36:30","modified_gmt":"2026-04-27T02:36:30","slug":"sao-goncalo-celebra-dia-do-trabalhador-com-show-do-grupo-goncalense-os-garotin","status":"publish","type":"post","link":"https:\/\/ubirataonline.com.br\/en\/sao-goncalo-celebra-dia-do-trabalhador-com-show-do-grupo-goncalense-os-garotin\/","title":{"rendered":"S\u00e3o Gon\u00e7alo celebra Dia do Trabalhador com show do grupo gon\u00e7alense Os Garotin"},"content":{"rendered":"<p><\/p>\n<div id=\"content-noticia\">\n<p><em>Festa no Parque RJ Nosso Sonho re\u00fane atividades gratuitas a partir das 15h no dia 1\u00ba de maio<\/em><\/p>\n<p>S\u00e3o Gon\u00e7alo vai celebrar o Dia do Trabalhador com mais uma edi\u00e7\u00e3o da Festa do Trabalhador, no dia 1\u00ba de maio, no Parque RJ Nosso Sonho, no bairro Boa Vista, com show dos gon\u00e7alenses Os Garotin como grande destaque da programa\u00e7\u00e3o. O evento \u00e9 uma parceria entre a Prefeitura de S\u00e3o Gon\u00e7alo, o Sesc RJ e SindCom\u00e9rcio S\u00e3o Gon\u00e7alo e promete uma programa\u00e7\u00e3o variada para todas as idades.<\/p>\n<p>A partir das 15h, os port\u00f5es do parque ser\u00e3o abertos ao p\u00fablico, dando in\u00edcio a uma s\u00e9rie de atividades voltadas para a garotada e toda a fam\u00edlia. Ao longo da tarde, o p\u00fablico poder\u00e1 participar de viv\u00eancias esportivas, incluindo futebol feminino, v\u00f4lei, basquete e lutas, al\u00e9m de aul\u00f5es fitness com ritmos, funcional e circuito.<\/p>\n<p>A programa\u00e7\u00e3o tamb\u00e9m conta com espa\u00e7o de leitura com media\u00e7\u00e3o, recrea\u00e7\u00e3o infantil e diversas oficinas interativas, como atividades de sustentabilidade, oficina de f\u00f3sseis, rob\u00f3tica e experi\u00eancias com realidade virtual. Um dos destaques ser\u00e1 a cl\u00ednica de skate, com a presen\u00e7a do skatista Nilo Pe\u00e7anha, que vai proporcionar viv\u00eancia pr\u00e1tica, orienta\u00e7\u00e3o t\u00e9cnica e incentivo ao esporte, especialmente para o p\u00fablico jovem.<\/p>\n<p>Para abrir a programa\u00e7\u00e3o musical, a partir das 18h, haver\u00e1 show do cantor gon\u00e7alense Maykon e participa\u00e7\u00e3o da escola de samba campe\u00e3 do carnaval gon\u00e7alense deste ano, Unidos do Salgueiro de S\u00e3o Gon\u00e7alo. Encerrando o evento, o grupo Os Garotin sobe ao palco \u00e0s 20h, prometendo animar o p\u00fablico com muita m\u00fasica e celebrar a data com grande estilo.<\/p>\n<p>Para o secret\u00e1rio de Comunica\u00e7\u00e3o Social, Alexandre Coutinho, o evento refor\u00e7a o papel da cultura e do lazer na cidade.<\/p>\n<p>\u201cA Festa do Trabalhador vai ser um momento de celebra\u00e7\u00e3o com a nossa popula\u00e7\u00e3o. Preparamos uma programa\u00e7\u00e3o pensada para toda a fam\u00edlia, com esporte, cultura e um grande show, garantindo acesso gratuito e de qualidade para os gon\u00e7alenses de todas as idades. A festa \u00e9 fruto de uma parceria bem-sucedida com a Fecomercio e o SindCom\u00e9rcio S\u00e3o Gon\u00e7alo, que vem garantindo grandes eventos para a popula\u00e7\u00e3o\u201d, afirmou.<\/p>\n<p><strong>Servi\u00e7o:\u00a0<\/strong><\/p>\n<p>Data: 1\u00ba de maio (sexta-feira)<\/p>\n<p>Hor\u00e1rio: A partir das 15h\u00a0<\/p>\n<p>Local: Parque RJ Nosso Sonho \u2013 S\u00e3o Gon\u00e7alo (Rua Formosa, Boa Vista)<\/p>\n<p>Entrada: Gratuita<\/p>\n<\/div>\n<p><a href=\"https:\/\/ofluminense.com.br\/sao-goncalo-celebra-dia-do-trabalhador-com-show-do-grupo-goncalense-os-garotin\/\">Fonte do Artigo <\/a><\/p>","protected":false},"excerpt":{"rendered":"<p>Festa no Parque RJ Nosso Sonho re\u00fane atividades gratuitas a partir das 15h no dia 1\u00ba de maio S\u00e3o Gon\u00e7alo vai celebrar o Dia do Trabalhador com mais uma edi\u00e7\u00e3o da Festa do Trabalhador, no dia 1\u00ba de maio, no Parque RJ Nosso Sonho, no bairro Boa Vista, com show dos gon\u00e7alenses Os Garotin como [&hellip;]<\/p>\n","protected":false},"author":1,"featured_media":0,"comment_status":"","ping_status":"","sticky":false,"template":"","format":"standard","meta":{"googlesitekit_rrm_CAow2JLhCw:productID":"","_gspb_post_css":"","maa_idioma":"","maa_pais":"","footnotes":""},"categories":[4],"tags":[3167,3101,31418,31417,9846,3674,3262,1654,109],"class_list":["post-116359","post","type-post","status-publish","format-standard","hentry","category-brasil","tag-celebra","tag-dia","tag-garotin","tag-goncalense","tag-goncalo","tag-grupo","tag-sao","tag-show","tag-trabalhador"],"blocksy_meta":[],"yoast_head":"<!-- This site is optimized with the Yoast SEO Premium plugin v27.6 (Yoast SEO v27.6) - https:\/\/yoast.com\/product\/yoast-seo-premium-wordpress\/ -->\n<title>S\u00e3o Gon\u00e7alo celebra Dia do Trabalhador com show do grupo gon\u00e7alense Os Garotin - Ubirat\u00e3 Online Not\u00edcias - A realidade ao seu alcance!<\/title>\n<meta name=\"description\" content=\"Festa no Parque RJ Nosso Sonho re\u00fane atividades gratuitas a partir das 15h no dia 1\u00ba de maio S\u00e3o Gon\u00e7alo vai celebrar o Dia do Trabalhador com mais uma\" \/>\n<meta name=\"robots\" content=\"index, follow, max-snippet:-1, max-image-preview:large, max-video-preview:-1\" \/>\n<link rel=\"canonical\" href=\"https:\/\/ubirataonline.com.br\/en\/sao-goncalo-celebra-dia-do-trabalhador-com-show-do-grupo-goncalense-os-garotin\/\" \/>\n<meta property=\"og:locale\" content=\"en_US\" \/>\n<meta property=\"og:type\" content=\"article\" \/>\n<meta property=\"og:title\" content=\"S\u00e3o Gon\u00e7alo celebra Dia do Trabalhador com show do grupo gon\u00e7alense Os Garotin\" \/>\n<meta property=\"og:description\" content=\"Festa no Parque RJ Nosso Sonho re\u00fane atividades gratuitas a partir das 15h no dia 1\u00ba de maio S\u00e3o Gon\u00e7alo vai celebrar o Dia do Trabalhador com mais uma\" \/>\n<meta property=\"og:url\" content=\"https:\/\/ubirataonline.com.br\/en\/sao-goncalo-celebra-dia-do-trabalhador-com-show-do-grupo-goncalense-os-garotin\/\" \/>\n<meta property=\"og:site_name\" content=\"Ubirat\u00e3 Online Not\u00edcias - A realidade ao seu alcance!\" \/>\n<meta property=\"article:publisher\" content=\"https:\/\/www.facebook.com\/portalubirataonline\" \/>\n<meta property=\"article:author\" content=\"https:\/\/www.facebook.com\/portalubirataonline\" \/>\n<meta property=\"article:published_time\" content=\"2026-04-27T02:36:30+00:00\" \/>\n<meta property=\"og:image\" content=\"https:\/\/ubirataonline.com.br\/wp-content\/uploads\/2026\/05\/logo2026.webp\" \/>\n\t<meta property=\"og:image:width\" content=\"1531\" \/>\n\t<meta property=\"og:image:height\" content=\"418\" \/>\n\t<meta property=\"og:image:type\" content=\"image\/webp\" \/>\n<meta name=\"author\" content=\"REDA\u00c7\u00c3O: UBIRAT\u00c3 ONLINE - F\u00c1BIO AUGUSTO CELESTINO\" \/>\n<meta name=\"twitter:card\" content=\"summary_large_image\" \/>\n<meta name=\"twitter:creator\" content=\"@x.com\/ubirataonline\" \/>\n<meta name=\"twitter:site\" content=\"@ubirataonline\" \/>\n<meta name=\"twitter:label1\" content=\"Written by\" \/>\n\t<meta name=\"twitter:data1\" content=\"REDA\u00c7\u00c3O: UBIRAT\u00c3 ONLINE - F\u00c1BIO AUGUSTO CELESTINO\" \/>\n\t<meta name=\"twitter:label2\" content=\"Est. reading time\" \/>\n\t<meta name=\"twitter:data2\" content=\"2 minutes\" \/>\n<script type=\"application\/ld+json\" class=\"yoast-schema-graph\">{\"@context\":\"https:\\\/\\\/schema.org\",\"@graph\":[{\"@type\":\"NewsArticle\",\"@id\":\"https:\\\/\\\/ubirataonline.com.br\\\/sao-goncalo-celebra-dia-do-trabalhador-com-show-do-grupo-goncalense-os-garotin\\\/#article\",\"isPartOf\":{\"@id\":\"https:\\\/\\\/ubirataonline.com.br\\\/sao-goncalo-celebra-dia-do-trabalhador-com-show-do-grupo-goncalense-os-garotin\\\/\"},\"author\":{\"name\":\"REDA\u00c7\u00c3O: UBIRAT\u00c3 ONLINE - F\u00c1BIO AUGUSTO CELESTINO\",\"@id\":\"https:\\\/\\\/ubirataonline.com.br\\\/#\\\/schema\\\/person\\\/372f87bbd3fdd79b8556b84c98d0bc1c\"},\"headline\":\"S\u00e3o Gon\u00e7alo celebra Dia do Trabalhador com show do grupo gon\u00e7alense Os Garotin\",\"datePublished\":\"2026-04-27T02:36:30+00:00\",\"mainEntityOfPage\":{\"@id\":\"https:\\\/\\\/ubirataonline.com.br\\\/sao-goncalo-celebra-dia-do-trabalhador-com-show-do-grupo-goncalense-os-garotin\\\/\"},\"wordCount\":447,\"publisher\":{\"@id\":\"https:\\\/\\\/ubirataonline.com.br\\\/#organization\"},\"keywords\":[\"celebra\",\"dia\",\"Garotin\",\"gon\u00e7alense\",\"Gon\u00e7alo\",\"Grupo\",\"S\u00e3o\",\"Show\",\"trabalhador\"],\"articleSection\":[\"Brasil\"],\"inLanguage\":\"en-US\",\"copyrightYear\":\"2026\",\"copyrightHolder\":{\"@id\":\"https:\\\/\\\/ubirataonline.com.br\\\/en\\\/#organization\"}},{\"@type\":\"WebPage\",\"@id\":\"https:\\\/\\\/ubirataonline.com.br\\\/sao-goncalo-celebra-dia-do-trabalhador-com-show-do-grupo-goncalense-os-garotin\\\/\",\"url\":\"https:\\\/\\\/ubirataonline.com.br\\\/sao-goncalo-celebra-dia-do-trabalhador-com-show-do-grupo-goncalense-os-garotin\\\/\",\"name\":\"S\u00e3o Gon\u00e7alo celebra Dia do Trabalhador com show do grupo gon\u00e7alense Os Garotin - Ubirat\u00e3 Online Not\u00edcias - A realidade ao seu alcance!\",\"isPartOf\":{\"@id\":\"https:\\\/\\\/ubirataonline.com.br\\\/#website\"},\"datePublished\":\"2026-04-27T02:36:30+00:00\",\"description\":\"Festa no Parque RJ Nosso Sonho re\u00fane atividades gratuitas a partir das 15h no dia 1\u00ba de maio S\u00e3o Gon\u00e7alo vai celebrar o Dia do Trabalhador com mais uma\",\"breadcrumb\":{\"@id\":\"https:\\\/\\\/ubirataonline.com.br\\\/sao-goncalo-celebra-dia-do-trabalhador-com-show-do-grupo-goncalense-os-garotin\\\/#breadcrumb\"},\"inLanguage\":\"en-US\",\"potentialAction\":[{\"@type\":\"ReadAction\",\"target\":[\"https:\\\/\\\/ubirataonline.com.br\\\/sao-goncalo-celebra-dia-do-trabalhador-com-show-do-grupo-goncalense-os-garotin\\\/\"]}]},{\"@type\":\"BreadcrumbList\",\"@id\":\"https:\\\/\\\/ubirataonline.com.br\\\/sao-goncalo-celebra-dia-do-trabalhador-com-show-do-grupo-goncalense-os-garotin\\\/#breadcrumb\",\"itemListElement\":[{\"@type\":\"ListItem\",\"position\":1,\"name\":\"In\u00edcio\",\"item\":\"https:\\\/\\\/ubirataonline.com.br\\\/\"},{\"@type\":\"ListItem\",\"position\":2,\"name\":\"S\u00e3o Gon\u00e7alo celebra Dia do Trabalhador com show do grupo gon\u00e7alense Os Garotin\"}]},{\"@type\":\"WebSite\",\"@id\":\"https:\\\/\\\/ubirataonline.com.br\\\/#website\",\"url\":\"https:\\\/\\\/ubirataonline.com.br\\\/\",\"name\":\"Ubirat\u00e3 Online Not\u00edcias\",\"description\":\"Not\u00edcias de Ubirat\u00e3, regi\u00e3o, Brasil e mundo, com informa\u00e7\u00e3o atualizada e compromisso com o leitor.\",\"publisher\":{\"@id\":\"https:\\\/\\\/ubirataonline.com.br\\\/#organization\"},\"alternateName\":\"Ubirat\u00e3 Online\",\"potentialAction\":[{\"@type\":\"SearchAction\",\"target\":{\"@type\":\"EntryPoint\",\"urlTemplate\":\"https:\\\/\\\/ubirataonline.com.br\\\/?s={search_term_string}\"},\"query-input\":{\"@type\":\"PropertyValueSpecification\",\"valueRequired\":true,\"valueName\":\"search_term_string\"}}],\"inLanguage\":\"en-US\"},{\"@type\":[\"Organization\",\"Place\"],\"@id\":\"https:\\\/\\\/ubirataonline.com.br\\\/#organization\",\"name\":\"Ubirat\u00e3 Online Not\u00edcias\",\"alternateName\":\"Ubirat\u00e3 Online\",\"url\":\"https:\\\/\\\/ubirataonline.com.br\\\/\",\"logo\":{\"@id\":\"https:\\\/\\\/ubirataonline.com.br\\\/sao-goncalo-celebra-dia-do-trabalhador-com-show-do-grupo-goncalense-os-garotin\\\/#local-main-organization-logo\"},\"image\":{\"@id\":\"https:\\\/\\\/ubirataonline.com.br\\\/sao-goncalo-celebra-dia-do-trabalhador-com-show-do-grupo-goncalense-os-garotin\\\/#local-main-organization-logo\"},\"sameAs\":[\"https:\\\/\\\/www.facebook.com\\\/portalubirataonline\",\"https:\\\/\\\/x.com\\\/ubirataonline\",\"https:\\\/\\\/mastodon.social\\\/@ubirataonline\",\"https:\\\/\\\/www.facebook.com\\\/groups\\\/311144672285604\",\"https:\\\/\\\/www.facebook.com\\\/UBTAOnline\",\"https:\\\/\\\/www.instagram.com\\\/portalubirataonline\\\/\",\"https:\\\/\\\/twitter.com\\\/ubirataonline\"],\"description\":\"Somos um portal de not\u00edcias independente, criado em 5 de janeiro de 2009, com o objetivo de informar, conectar e valorizar a nossa comunidade de Ubirat\u00e3 e toda aregi\u00e3o. Com conte\u00fado atualizado, confi\u00e1vel e relevante, o Ubirat\u00e3 Online \u00e9 o seu espa\u00e7o para ficar por dentro dos principais acontecimentos locais, regionais, Brasil, Mundo e de interesse geral. Nosso compromisso \u00e9 com a verdade, a transpar\u00eancia e o respeito ao leitor.\",\"legalName\":\"UBIRATA ONLINE NOT\u00cdCIAS\",\"foundingDate\":\"2009-01-05\",\"numberOfEmployees\":{\"@type\":\"QuantitativeValue\",\"minValue\":\"1\",\"maxValue\":\"10\"},\"publishingPrinciples\":\"https:\\\/\\\/ubirataonline.com.br\\\/faq\\\/\",\"address\":{\"@id\":\"https:\\\/\\\/ubirataonline.com.br\\\/sao-goncalo-celebra-dia-do-trabalhador-com-show-do-grupo-goncalense-os-garotin\\\/#local-main-place-address\"},\"geo\":{\"@type\":\"GeoCoordinates\",\"latitude\":\"-24.5361401\",\"longitude\":\"-52.9921776\"},\"telephone\":[\"+5544998308235\"],\"contactPoint\":{\"@type\":\"ContactPoint\",\"email\":\"contato@ubirataonline.com.br\"},\"openingHoursSpecification\":{\"@type\":\"OpeningHoursSpecification\",\"dayOfWeek\":[\"Monday\",\"Tuesday\",\"Wednesday\",\"Thursday\",\"Friday\",\"Saturday\",\"Sunday\"],\"opens\":\"00:00\",\"closes\":\"23:59\"},\"email\":\"contato@ubirataonline.com.br\",\"vatID\":\"47.621.418\\\/0001-80\"},{\"@type\":\"Person\",\"@id\":\"https:\\\/\\\/ubirataonline.com.br\\\/#\\\/schema\\\/person\\\/372f87bbd3fdd79b8556b84c98d0bc1c\",\"name\":\"REDA\u00c7\u00c3O: UBIRAT\u00c3 ONLINE - F\u00c1BIO AUGUSTO CELESTINO\",\"pronouns\":\"Ele\",\"description\":\"Desde 2003 trabalhando com not\u00edcias.\",\"sameAs\":[\"http:\\\/\\\/ubirataoline.com.br\",\"https:\\\/\\\/www.facebook.com\\\/portalubirataonline\",\"https:\\\/\\\/www.instagram.com\\\/ubirataonline_oficial\",\"https:\\\/\\\/x.com\\\/x.com\\\/ubirataonline\"],\"honorificPrefix\":\"Mr.\",\"honorificSuffix\":\"MD\",\"birthDate\":\"1980-06-16\",\"gender\":\"masculino\",\"award\":[\"V\u00e1rios pr\u00eamios de melhor portal da cidade\"],\"jobTitle\":\"Diretor\",\"url\":\"https:\\\/\\\/ubirataonline.com.br\\\/en\\\/author\\\/ubirataonline\\\/\"},{\"@type\":\"PostalAddress\",\"@id\":\"https:\\\/\\\/ubirataonline.com.br\\\/sao-goncalo-celebra-dia-do-trabalhador-com-show-do-grupo-goncalense-os-garotin\\\/#local-main-place-address\",\"streetAddress\":\"Rua dos Coqueiros, 104 - Bairro Boa Vista, Rua dos Coqueiros, 104 Bairro Boa Vista\",\"addressLocality\":\"UBIRATA\",\"postalCode\":\"85440-000\",\"addressRegion\":\"PR\",\"addressCountry\":\"BR\"},{\"@type\":\"ImageObject\",\"inLanguage\":\"en-US\",\"@id\":\"https:\\\/\\\/ubirataonline.com.br\\\/sao-goncalo-celebra-dia-do-trabalhador-com-show-do-grupo-goncalense-os-garotin\\\/#local-main-organization-logo\",\"url\":\"https:\\\/\\\/ubirataonline.com.br\\\/wp-content\\\/uploads\\\/2026\\\/06\\\/logoubirataonline-1.webp\",\"contentUrl\":\"https:\\\/\\\/ubirataonline.com.br\\\/wp-content\\\/uploads\\\/2026\\\/06\\\/logoubirataonline-1.webp\",\"width\":500,\"height\":500,\"caption\":\"Ubirat\u00e3 Online Not\u00edcias\"}]}<\/script>\n<meta name=\"geo.placename\" content=\"UBIRATA\" \/>\n<meta name=\"geo.position\" content=\"-24.5361401;-52.9921776\" \/>\n<meta name=\"geo.region\" content=\"Brazil\" \/>\n<!-- \/ Yoast SEO Premium plugin. -->","yoast_head_json":{"title":"S\u00e3o Gon\u00e7alo celebra Dia do Trabalhador com show do grupo gon\u00e7alense Os Garotin - Ubirat\u00e3 Online Not\u00edcias - A realidade ao seu alcance!","description":"Festa no Parque RJ Nosso Sonho re\u00fane atividades gratuitas a partir das 15h no dia 1\u00ba de maio S\u00e3o Gon\u00e7alo vai celebrar o Dia do Trabalhador com mais uma","robots":{"index":"index","follow":"follow","max-snippet":"max-snippet:-1","max-image-preview":"max-image-preview:large","max-video-preview":"max-video-preview:-1"},"canonical":"https:\/\/ubirataonline.com.br\/en\/sao-goncalo-celebra-dia-do-trabalhador-com-show-do-grupo-goncalense-os-garotin\/","og_locale":"en_US","og_type":"article","og_title":"S\u00e3o Gon\u00e7alo celebra Dia do Trabalhador com show do grupo gon\u00e7alense Os Garotin","og_description":"Festa no Parque RJ Nosso Sonho re\u00fane atividades gratuitas a partir das 15h no dia 1\u00ba de maio S\u00e3o Gon\u00e7alo vai celebrar o Dia do Trabalhador com mais uma","og_url":"https:\/\/ubirataonline.com.br\/en\/sao-goncalo-celebra-dia-do-trabalhador-com-show-do-grupo-goncalense-os-garotin\/","og_site_name":"Ubirat\u00e3 Online Not\u00edcias - A realidade ao seu alcance!","article_publisher":"https:\/\/www.facebook.com\/portalubirataonline","article_author":"https:\/\/www.facebook.com\/portalubirataonline","article_published_time":"2026-04-27T02:36:30+00:00","og_image":[{"width":1531,"height":418,"url":"https:\/\/ubirataonline.com.br\/wp-content\/uploads\/2026\/05\/logo2026.webp","type":"image\/webp"}],"author":"REDA\u00c7\u00c3O: UBIRAT\u00c3 ONLINE - F\u00c1BIO AUGUSTO CELESTINO","twitter_card":"summary_large_image","twitter_creator":"@x.com\/ubirataonline","twitter_site":"@ubirataonline","twitter_misc":{"Written by":"REDA\u00c7\u00c3O: UBIRAT\u00c3 ONLINE - F\u00c1BIO AUGUSTO CELESTINO","Est. reading time":"2 minutes"},"schema":{"@context":"https:\/\/schema.org","@graph":[{"@type":"NewsArticle","@id":"https:\/\/ubirataonline.com.br\/sao-goncalo-celebra-dia-do-trabalhador-com-show-do-grupo-goncalense-os-garotin\/#article","isPartOf":{"@id":"https:\/\/ubirataonline.com.br\/sao-goncalo-celebra-dia-do-trabalhador-com-show-do-grupo-goncalense-os-garotin\/"},"author":{"name":"REDA\u00c7\u00c3O: UBIRAT\u00c3 ONLINE - F\u00c1BIO AUGUSTO CELESTINO","@id":"https:\/\/ubirataonline.com.br\/#\/schema\/person\/372f87bbd3fdd79b8556b84c98d0bc1c"},"headline":"S\u00e3o Gon\u00e7alo celebra Dia do Trabalhador com show do grupo gon\u00e7alense Os Garotin","datePublished":"2026-04-27T02:36:30+00:00","mainEntityOfPage":{"@id":"https:\/\/ubirataonline.com.br\/sao-goncalo-celebra-dia-do-trabalhador-com-show-do-grupo-goncalense-os-garotin\/"},"wordCount":447,"publisher":{"@id":"https:\/\/ubirataonline.com.br\/#organization"},"keywords":["celebra","dia","Garotin","gon\u00e7alense","Gon\u00e7alo","Grupo","S\u00e3o","Show","trabalhador"],"articleSection":["Brasil"],"inLanguage":"en-US","copyrightYear":"2026","copyrightHolder":{"@id":"https:\/\/ubirataonline.com.br\/en\/#organization"}},{"@type":"WebPage","@id":"https:\/\/ubirataonline.com.br\/sao-goncalo-celebra-dia-do-trabalhador-com-show-do-grupo-goncalense-os-garotin\/","url":"https:\/\/ubirataonline.com.br\/sao-goncalo-celebra-dia-do-trabalhador-com-show-do-grupo-goncalense-os-garotin\/","name":"S\u00e3o Gon\u00e7alo celebra Dia do Trabalhador com show do grupo gon\u00e7alense Os Garotin - Ubirat\u00e3 Online Not\u00edcias - A realidade ao seu alcance!","isPartOf":{"@id":"https:\/\/ubirataonline.com.br\/#website"},"datePublished":"2026-04-27T02:36:30+00:00","description":"Festa no Parque RJ Nosso Sonho re\u00fane atividades gratuitas a partir das 15h no dia 1\u00ba de maio S\u00e3o Gon\u00e7alo vai celebrar o Dia do Trabalhador com mais uma","breadcrumb":{"@id":"https:\/\/ubirataonline.com.br\/sao-goncalo-celebra-dia-do-trabalhador-com-show-do-grupo-goncalense-os-garotin\/#breadcrumb"},"inLanguage":"en-US","potentialAction":[{"@type":"ReadAction","target":["https:\/\/ubirataonline.com.br\/sao-goncalo-celebra-dia-do-trabalhador-com-show-do-grupo-goncalense-os-garotin\/"]}]},{"@type":"BreadcrumbList","@id":"https:\/\/ubirataonline.com.br\/sao-goncalo-celebra-dia-do-trabalhador-com-show-do-grupo-goncalense-os-garotin\/#breadcrumb","itemListElement":[{"@type":"ListItem","position":1,"name":"In\u00edcio","item":"https:\/\/ubirataonline.com.br\/"},{"@type":"ListItem","position":2,"name":"S\u00e3o Gon\u00e7alo celebra Dia do Trabalhador com show do grupo gon\u00e7alense Os Garotin"}]},{"@type":"WebSite","@id":"https:\/\/ubirataonline.com.br\/#website","url":"https:\/\/ubirataonline.com.br\/","name":"Ubirat\u00e3 Online Not\u00edcias","description":"Not\u00edcias de Ubirat\u00e3, regi\u00e3o, Brasil e mundo, com informa\u00e7\u00e3o atualizada e compromisso com o leitor.","publisher":{"@id":"https:\/\/ubirataonline.com.br\/#organization"},"alternateName":"Ubirat\u00e3 Online","potentialAction":[{"@type":"SearchAction","target":{"@type":"EntryPoint","urlTemplate":"https:\/\/ubirataonline.com.br\/?s={search_term_string}"},"query-input":{"@type":"PropertyValueSpecification","valueRequired":true,"valueName":"search_term_string"}}],"inLanguage":"en-US"},{"@type":["Organization","Place"],"@id":"https:\/\/ubirataonline.com.br\/#organization","name":"Ubirat\u00e3 Online Not\u00edcias","alternateName":"Ubirat\u00e3 Online","url":"https:\/\/ubirataonline.com.br\/","logo":{"@id":"https:\/\/ubirataonline.com.br\/sao-goncalo-celebra-dia-do-trabalhador-com-show-do-grupo-goncalense-os-garotin\/#local-main-organization-logo"},"image":{"@id":"https:\/\/ubirataonline.com.br\/sao-goncalo-celebra-dia-do-trabalhador-com-show-do-grupo-goncalense-os-garotin\/#local-main-organization-logo"},"sameAs":["https:\/\/www.facebook.com\/portalubirataonline","https:\/\/x.com\/ubirataonline","https:\/\/mastodon.social\/@ubirataonline","https:\/\/www.facebook.com\/groups\/311144672285604","https:\/\/www.facebook.com\/UBTAOnline","https:\/\/www.instagram.com\/portalubirataonline\/","https:\/\/twitter.com\/ubirataonline"],"description":"Somos um portal de not\u00edcias independente, criado em 5 de janeiro de 2009, com o objetivo de informar, conectar e valorizar a nossa comunidade de Ubirat\u00e3 e toda aregi\u00e3o. Com conte\u00fado atualizado, confi\u00e1vel e relevante, o Ubirat\u00e3 Online \u00e9 o seu espa\u00e7o para ficar por dentro dos principais acontecimentos locais, regionais, Brasil, Mundo e de interesse geral. Nosso compromisso \u00e9 com a verdade, a transpar\u00eancia e o respeito ao leitor.","legalName":"UBIRATA ONLINE NOT\u00cdCIAS","foundingDate":"2009-01-05","numberOfEmployees":{"@type":"QuantitativeValue","minValue":"1","maxValue":"10"},"publishingPrinciples":"https:\/\/ubirataonline.com.br\/faq\/","address":{"@id":"https:\/\/ubirataonline.com.br\/sao-goncalo-celebra-dia-do-trabalhador-com-show-do-grupo-goncalense-os-garotin\/#local-main-place-address"},"geo":{"@type":"GeoCoordinates","latitude":"-24.5361401","longitude":"-52.9921776"},"telephone":["+5544998308235"],"contactPoint":{"@type":"ContactPoint","email":"contato@ubirataonline.com.br"},"openingHoursSpecification":{"@type":"OpeningHoursSpecification","dayOfWeek":["Monday","Tuesday","Wednesday","Thursday","Friday","Saturday","Sunday"],"opens":"00:00","closes":"23:59"},"email":"contato@ubirataonline.com.br","vatID":"47.621.418\/0001-80"},{"@type":"Person","@id":"https:\/\/ubirataonline.com.br\/#\/schema\/person\/372f87bbd3fdd79b8556b84c98d0bc1c","name":"REDA\u00c7\u00c3O: UBIRAT\u00c3 ONLINE - F\u00c1BIO AUGUSTO CELESTINO","pronouns":"Ele","description":"Desde 2003 trabalhando com not\u00edcias.","sameAs":["http:\/\/ubirataoline.com.br","https:\/\/www.facebook.com\/portalubirataonline","https:\/\/www.instagram.com\/ubirataonline_oficial","https:\/\/x.com\/x.com\/ubirataonline"],"honorificPrefix":"Mr.","honorificSuffix":"MD","birthDate":"1980-06-16","gender":"masculino","award":["V\u00e1rios pr\u00eamios de melhor portal da cidade"],"jobTitle":"Diretor","url":"https:\/\/ubirataonline.com.br\/en\/author\/ubirataonline\/"},{"@type":"PostalAddress","@id":"https:\/\/ubirataonline.com.br\/sao-goncalo-celebra-dia-do-trabalhador-com-show-do-grupo-goncalense-os-garotin\/#local-main-place-address","streetAddress":"Rua dos Coqueiros, 104 - Bairro Boa Vista, Rua dos Coqueiros, 104 Bairro Boa Vista","addressLocality":"UBIRATA","postalCode":"85440-000","addressRegion":"PR","addressCountry":"BR"},{"@type":"ImageObject","inLanguage":"en-US","@id":"https:\/\/ubirataonline.com.br\/sao-goncalo-celebra-dia-do-trabalhador-com-show-do-grupo-goncalense-os-garotin\/#local-main-organization-logo","url":"https:\/\/ubirataonline.com.br\/wp-content\/uploads\/2026\/06\/logoubirataonline-1.webp","contentUrl":"https:\/\/ubirataonline.com.br\/wp-content\/uploads\/2026\/06\/logoubirataonline-1.webp","width":500,"height":500,"caption":"Ubirat\u00e3 Online Not\u00edcias"}]},"geo.placename":"UBIRATA","geo.position":{"lat":"-24.5361401","long":"-52.9921776"},"geo.region":"Brazil"},"_links":{"self":[{"href":"https:\/\/ubirataonline.com.br\/en\/wp-json\/wp\/v2\/posts\/116359","targetHints":{"allow":["GET"]}}],"collection":[{"href":"https:\/\/ubirataonline.com.br\/en\/wp-json\/wp\/v2\/posts"}],"about":[{"href":"https:\/\/ubirataonline.com.br\/en\/wp-json\/wp\/v2\/types\/post"}],"author":[{"embeddable":true,"href":"https:\/\/ubirataonline.com.br\/en\/wp-json\/wp\/v2\/users\/1"}],"replies":[{"embeddable":true,"href":"https:\/\/ubirataonline.com.br\/en\/wp-json\/wp\/v2\/comments?post=116359"}],"version-history":[{"count":0,"href":"https:\/\/ubirataonline.com.br\/en\/wp-json\/wp\/v2\/posts\/116359\/revisions"}],"wp:attachment":[{"href":"https:\/\/ubirataonline.com.br\/en\/wp-json\/wp\/v2\/media?parent=116359"}],"wp:term":[{"taxonomy":"category","embeddable":true,"href":"https:\/\/ubirataonline.com.br\/en\/wp-json\/wp\/v2\/categories?post=116359"},{"taxonomy":"post_tag","embeddable":true,"href":"https:\/\/ubirataonline.com.br\/en\/wp-json\/wp\/v2\/tags?post=116359"}],"curies":[{"name":"wp","href":"https:\/\/api.w.org\/{rel}","templated":true}]}}