{"id":116391,"date":"2026-04-27T00:38:32","date_gmt":"2026-04-27T03:38:32","guid":{"rendered":"https:\/\/ubirataonline.com.br\/gil-vicente-eu-disse-o-que-toda-a-gente-pensava-e-ninguem-assumia-era-um-falso-tabu\/"},"modified":"2026-04-27T00:38:34","modified_gmt":"2026-04-27T03:38:34","slug":"gil-vicente-eu-disse-o-que-toda-a-gente-pensava-e-ninguem-assumia-era-um-falso-tabu","status":"publish","type":"post","link":"https:\/\/ubirataonline.com.br\/en\/gil-vicente-eu-disse-o-que-toda-a-gente-pensava-e-ninguem-assumia-era-um-falso-tabu\/","title":{"rendered":"Gil Vicente: \u00abEu disse o que toda a gente pensava e ningu\u00e9m assumia, era um falso tabu\u00bb"},"content":{"rendered":"<p><\/p>\n<div id=\"article_body\">\n<div class=\"mx-auto w-full font-default text-lg font-normal leading-7 text-neutral-800 sm:text-xl [&amp;_a:hover]:text-primary-700 [&amp;_a]:text-primary-500 [&amp;_a]:transition [&amp;_h2]:font-accent [&amp;_h2]:text-xl [&amp;_h2]:font-extrabold [&amp;_h2]:leading-7 sm:[&amp;_h2]:text-2xl sm:[&amp;_h2]:leading-8 [&amp;_h3]:font-accent [&amp;_h3]:text-lg [&amp;_h3]:font-extrabold [&amp;_h3]:leading-7 [&amp;_h4]:font-accent [&amp;_h4]:text-base [&amp;_h4]:font-extrabold [&amp;_h4]:leading-6 [&amp;_h5]:font-accent [&amp;_h5]:text-base [&amp;_h5]:font-bold [&amp;_h5]:leading-6 [&amp;_h6]:font-accent [&amp;_h6]:text-base [&amp;_h6]:font-normal [&amp;_h6]:leading-6 [&amp;_li]:mb-2 [&amp;_ol]:my-4 [&amp;_ol]:list-decimal [&amp;_ol]:pl-6 [&amp;_ul]:my-4 [&amp;_ul]:list-disc [&amp;_ul]:pl-6\">\n<p>O <a class=\"autolink-enabled\" data-resource-id=\"447\" data-resource-type=\"team\" data-sport=\"football\" href=\"https:\/\/www.abola.pt\/futebol\/gil-vicente-447\">Gil Vicente<\/a> conquistou apenas uma vit\u00f3ria nos \u00faltimos oito jogos que disputou no campeonato, motivo mais do que suficiente para que a equipa orientada por C\u00e9sar Peixoto pretenda dar, frente ao <a class=\"autolink-enabled\" data-resource-id=\"4772\" data-resource-type=\"team\" data-sport=\"football\" href=\"https:\/\/www.abola.pt\/futebol\/casa-pia-4772\">Casa Pia<\/a>, \u00abuma boa resposta\u00bb \u00e0 derrota averbada em <a class=\"autolink-enabled\" data-resource-id=\"443\" data-resource-type=\"team\" data-sport=\"football\" href=\"https:\/\/www.abola.pt\/futebol\/vitoria-de-guimaraes-443\">Guimar\u00e3es<\/a> no \u00faltimo fim de semana.<\/p>\n<\/div>\n<div class=\"mx-auto w-full font-default text-lg font-normal leading-7 text-neutral-800 sm:text-xl [&amp;_a:hover]:text-primary-700 [&amp;_a]:text-primary-500 [&amp;_a]:transition [&amp;_h2]:font-accent [&amp;_h2]:text-xl [&amp;_h2]:font-extrabold [&amp;_h2]:leading-7 sm:[&amp;_h2]:text-2xl sm:[&amp;_h2]:leading-8 [&amp;_h3]:font-accent [&amp;_h3]:text-lg [&amp;_h3]:font-extrabold [&amp;_h3]:leading-7 [&amp;_h4]:font-accent [&amp;_h4]:text-base [&amp;_h4]:font-extrabold [&amp;_h4]:leading-6 [&amp;_h5]:font-accent [&amp;_h5]:text-base [&amp;_h5]:font-bold [&amp;_h5]:leading-6 [&amp;_h6]:font-accent [&amp;_h6]:text-base [&amp;_h6]:font-normal [&amp;_h6]:leading-6 [&amp;_li]:mb-2 [&amp;_ol]:my-4 [&amp;_ol]:list-decimal [&amp;_ol]:pl-6 [&amp;_ul]:my-4 [&amp;_ul]:list-disc [&amp;_ul]:pl-6\">\n<p>\u00abQueremos dar uma boa resposta ao \u00faltimo jogo e continuar a lutar pelo nosso objetivo. A equipa tem sido consistente ao longo da \u00e9poca e n\u00e3o \u00e9 um resultado menos positivo que vai mudar aquilo em que acreditamos\u00bb, referiu o treinador da forma\u00e7\u00e3o de Barcelos, na confer\u00eancia de Imprensa de antevis\u00e3o \u00e0 rece\u00e7\u00e3o aos gansos.<\/p>\n<\/div>\n<div class=\"mx-auto w-full font-default text-lg font-normal leading-7 text-neutral-800 sm:text-xl [&amp;_a:hover]:text-primary-700 [&amp;_a]:text-primary-500 [&amp;_a]:transition [&amp;_h2]:font-accent [&amp;_h2]:text-xl [&amp;_h2]:font-extrabold [&amp;_h2]:leading-7 sm:[&amp;_h2]:text-2xl sm:[&amp;_h2]:leading-8 [&amp;_h3]:font-accent [&amp;_h3]:text-lg [&amp;_h3]:font-extrabold [&amp;_h3]:leading-7 [&amp;_h4]:font-accent [&amp;_h4]:text-base [&amp;_h4]:font-extrabold [&amp;_h4]:leading-6 [&amp;_h5]:font-accent [&amp;_h5]:text-base [&amp;_h5]:font-bold [&amp;_h5]:leading-6 [&amp;_h6]:font-accent [&amp;_h6]:text-base [&amp;_h6]:font-normal [&amp;_h6]:leading-6 [&amp;_li]:mb-2 [&amp;_ol]:my-4 [&amp;_ol]:list-decimal [&amp;_ol]:pl-6 [&amp;_ul]:my-4 [&amp;_ul]:list-disc [&amp;_ul]:pl-6\">\n<p>\u00abSabemos o que temos feito at\u00e9 aqui, sabemos da nossa qualidade e que queremos continuar a ser uma equipa competitiva, organizada e com ambi\u00e7\u00e3o de ganhar jogos\u00bb, prosseguiu o homem do leme gilista, que voltou \u00e0s cr\u00edticas tecidas \u00e0 atua\u00e7\u00e3o dos seus jogadores na primeira parte do embate com o <a class=\"autolink-enabled\" data-resource-id=\"443\" data-resource-type=\"team\" data-sport=\"football\" href=\"https:\/\/www.abola.pt\/futebol\/vitoria-de-guimaraes-443\">Vit\u00f3ria<\/a>, na 30.\u00aa jornada.<\/p>\n<\/div>\n<div class=\"mx-auto w-full font-default text-lg font-normal leading-7 text-neutral-800 sm:text-xl [&amp;_a:hover]:text-primary-700 [&amp;_a]:text-primary-500 [&amp;_a]:transition [&amp;_h2]:font-accent [&amp;_h2]:text-xl [&amp;_h2]:font-extrabold [&amp;_h2]:leading-7 sm:[&amp;_h2]:text-2xl sm:[&amp;_h2]:leading-8 [&amp;_h3]:font-accent [&amp;_h3]:text-lg [&amp;_h3]:font-extrabold [&amp;_h3]:leading-7 [&amp;_h4]:font-accent [&amp;_h4]:text-base [&amp;_h4]:font-extrabold [&amp;_h4]:leading-6 [&amp;_h5]:font-accent [&amp;_h5]:text-base [&amp;_h5]:font-bold [&amp;_h5]:leading-6 [&amp;_h6]:font-accent [&amp;_h6]:text-base [&amp;_h6]:font-normal [&amp;_h6]:leading-6 [&amp;_li]:mb-2 [&amp;_ol]:my-4 [&amp;_ol]:list-decimal [&amp;_ol]:pl-6 [&amp;_ul]:my-4 [&amp;_ul]:list-disc [&amp;_ul]:pl-6\">\n<p>\u00abNunca minto aos meus jogadores, eles sabem que o que eu disse \u00e9 verdade. N\u00e3o podia dizer algo que n\u00e3o aconteceu em campo. N\u00e3o seria intelectualmente honesto. Sou o principal respons\u00e1vel, a primeira pessoa a dar a cara e a defend\u00ea-los. Mas foram estes jogadores que nos trouxeram at\u00e9 aqui. Fizemos grandes jogos, batemos recordes e foi esta equipa que nos deu o direito de sonhar. O <a target=\"_blank\" class=\"editor-link autolink-enabled\" href=\"https:\/\/www.abola.pt\/futebol\/gil-vicente-447\" data-resource-id=\"447\" data-resource-type=\"team\" data-sport=\"football\">Gil Vicente<\/a> lutava para n\u00e3o descer na \u00faltima \u00e9poca, agora lutamos pela Europa. Assumi a candidatura quando est\u00e1vamos atr\u00e1s do <a target=\"_blank\" class=\"editor-link autolink-enabled\" href=\"https:\/\/www.abola.pt\/futebol\/famalicao-2614\" data-resource-id=\"2614\" data-resource-type=\"team\" data-sport=\"football\">Famalic\u00e3o<\/a>, para mim era mais f\u00e1cil fazer \u00e0 campe\u00e3o, quando estava \u00e0 frente, mas quis assumir o que toda a gente aqui no clube pensava\u00bb, atirou C\u00e9sar Peixoto.<\/p>\n<\/div>\n<div class=\"mx-auto w-full font-default text-lg font-normal leading-7 text-neutral-800 sm:text-xl [&amp;_a:hover]:text-primary-700 [&amp;_a]:text-primary-500 [&amp;_a]:transition [&amp;_h2]:font-accent [&amp;_h2]:text-xl [&amp;_h2]:font-extrabold [&amp;_h2]:leading-7 sm:[&amp;_h2]:text-2xl sm:[&amp;_h2]:leading-8 [&amp;_h3]:font-accent [&amp;_h3]:text-lg [&amp;_h3]:font-extrabold [&amp;_h3]:leading-7 [&amp;_h4]:font-accent [&amp;_h4]:text-base [&amp;_h4]:font-extrabold [&amp;_h4]:leading-6 [&amp;_h5]:font-accent [&amp;_h5]:text-base [&amp;_h5]:font-bold [&amp;_h5]:leading-6 [&amp;_h6]:font-accent [&amp;_h6]:text-base [&amp;_h6]:font-normal [&amp;_h6]:leading-6 [&amp;_li]:mb-2 [&amp;_ol]:my-4 [&amp;_ol]:list-decimal [&amp;_ol]:pl-6 [&amp;_ul]:my-4 [&amp;_ul]:list-disc [&amp;_ul]:pl-6\">\n<p>\u00abJ\u00e1 assumimos essa luta e n\u00e3o temos medo dela. \u00c9 um objetivo que faz sentido pela \u00e9poca que estamos a fazer. A equipa tem qualidade para estar nesta discuss\u00e3o e queremos ir at\u00e9 ao fim. Eu disse o que toda a gente pensava e ningu\u00e9m assumia. Era como um elefante na sala, um falso tabu. Mas est\u00e1 tudo certo, temos de continuar a competir e jogar olhos nos olhos, com coragem. No final, fazemos as contas\u00bb, frisou o treinador.<\/p>\n<\/div>\n<div class=\"mx-auto w-full font-default text-lg font-normal leading-7 text-neutral-800 sm:text-xl [&amp;_a:hover]:text-primary-700 [&amp;_a]:text-primary-500 [&amp;_a]:transition [&amp;_h2]:font-accent [&amp;_h2]:text-xl [&amp;_h2]:font-extrabold [&amp;_h2]:leading-7 sm:[&amp;_h2]:text-2xl sm:[&amp;_h2]:leading-8 [&amp;_h3]:font-accent [&amp;_h3]:text-lg [&amp;_h3]:font-extrabold [&amp;_h3]:leading-7 [&amp;_h4]:font-accent [&amp;_h4]:text-base [&amp;_h4]:font-extrabold [&amp;_h4]:leading-6 [&amp;_h5]:font-accent [&amp;_h5]:text-base [&amp;_h5]:font-bold [&amp;_h5]:leading-6 [&amp;_h6]:font-accent [&amp;_h6]:text-base [&amp;_h6]:font-normal [&amp;_h6]:leading-6 [&amp;_li]:mb-2 [&amp;_ol]:my-4 [&amp;_ol]:list-decimal [&amp;_ol]:pl-6 [&amp;_ul]:my-4 [&amp;_ul]:list-disc [&amp;_ul]:pl-6\">\n<p>Sobre o <a class=\"autolink-enabled\" data-resource-id=\"4772\" data-resource-type=\"team\" data-sport=\"football\" href=\"https:\/\/www.abola.pt\/futebol\/casa-pia-4772\">Casa Pia<\/a>, Peixoto alertou para as dificuldades que o advers\u00e1rio poder\u00e1 colocar, destacando a organiza\u00e7\u00e3o e competitividade do conjunto lisboeta. \u00ab\u00c9 uma equipa muito competente nos v\u00e1rios momentos do jogo. Vai ser um jogo exigente, onde teremos de estar ao nosso melhor n\u00edvel. O <a class=\"autolink-enabled\" data-resource-id=\"4772\" data-resource-type=\"team\" data-sport=\"football\" href=\"https:\/\/www.abola.pt\/futebol\/casa-pia-4772\">Casa Pia<\/a> est\u00e1 a lutar pela vida, mas acredito que a equipa vai estar forte\u00bb, referiu, apontando para a import\u00e2ncia de a equipa conseguir ser imune \u00e0 press\u00e3o da classifica\u00e7\u00e3o e dos objetivos: \u00ab\u00c9 sinal de que estamos a fazer um bom campeonato. Temos de encarar isto com naturalidade e ambi\u00e7\u00e3o. Se mantivermos esta consist\u00eancia, acredito que podemos terminar a \u00e9poca com motivos para sorrir\u00bb, rematou.<\/p>\n<\/div>\n<div class=\"mx-auto w-full font-default text-lg font-normal leading-7 text-neutral-800 sm:text-xl [&amp;_a:hover]:text-primary-700 [&amp;_a]:text-primary-500 [&amp;_a]:transition [&amp;_h2]:font-accent [&amp;_h2]:text-xl [&amp;_h2]:font-extrabold [&amp;_h2]:leading-7 sm:[&amp;_h2]:text-2xl sm:[&amp;_h2]:leading-8 [&amp;_h3]:font-accent [&amp;_h3]:text-lg [&amp;_h3]:font-extrabold [&amp;_h3]:leading-7 [&amp;_h4]:font-accent [&amp;_h4]:text-base [&amp;_h4]:font-extrabold [&amp;_h4]:leading-6 [&amp;_h5]:font-accent [&amp;_h5]:text-base [&amp;_h5]:font-bold [&amp;_h5]:leading-6 [&amp;_h6]:font-accent [&amp;_h6]:text-base [&amp;_h6]:font-normal [&amp;_h6]:leading-6 [&amp;_li]:mb-2 [&amp;_ol]:my-4 [&amp;_ol]:list-decimal [&amp;_ol]:pl-6 [&amp;_ul]:my-4 [&amp;_ul]:list-disc [&amp;_ul]:pl-6\">\n<p>Recorde-se que, para o embate com o <a target=\"_blank\" class=\"editor-link autolink-enabled\" href=\"https:\/\/www.abola.pt\/futebol\/casa-pia-4772\" data-resource-id=\"4772\" data-resource-type=\"team\" data-sport=\"football\">Casa Pia<\/a>, o <a target=\"_blank\" class=\"editor-link autolink-enabled\" href=\"https:\/\/www.abola.pt\/futebol\/gil-vicente-447\" data-resource-id=\"447\" data-resource-type=\"team\" data-sport=\"football\">Gil Vicente<\/a> ainda n\u00e3o pode contar com o lesionado <a target=\"_blank\" class=\"editor-link autolink-enabled\" href=\"https:\/\/www.abola.pt\/futebol\/jogador\/mohamed-bamba-4427914\" data-resource-id=\"4427914\" data-resource-type=\"player\" data-sport=\"football\">Bamba<\/a>, enquanto <a class=\"autolink-enabled\" data-resource-id=\"238481\" data-resource-type=\"player\" data-sport=\"football\" href=\"https:\/\/www.abola.pt\/futebol\/jogador\/marvin-elimbi-238481\">Elimbi<\/a> \u00e9 d\u00favida at\u00e9 \u00e0 \u00faltima. O castigado <a target=\"_blank\" class=\"editor-link autolink-enabled\" href=\"https:\/\/www.abola.pt\/futebol\/jogador\/ghislain-konan-125124\" data-resource-id=\"125124\" data-resource-type=\"player\" data-sport=\"football\">Konan<\/a> \u00e9 outra baixa. O pontap\u00e9 de sa\u00edda est\u00e1 marcado para as 20h15 de segunda-feira, no Est\u00e1dio Cidade de Barcelos.<\/p>\n<\/div><\/div>\n<p><a href=\"https:\/\/www.abola.pt\/noticias\/gil-vicente-eu-disse-o-que-toda-a-gente-pensava-e-ninguem-assumia-era-um-falso-tabu-2026042614412731325\">Fonte do Artigo <\/a><\/p>\n","protected":false},"excerpt":{"rendered":"<p>O Gil Vicente conquistou apenas uma vit\u00f3ria nos \u00faltimos oito jogos que disputou no campeonato, motivo mais do que suficiente para que a equipa orientada por C\u00e9sar Peixoto pretenda dar, frente ao Casa Pia, \u00abuma boa resposta\u00bb \u00e0 derrota averbada em Guimar\u00e3es no \u00faltimo fim de semana. \u00abQueremos dar uma boa resposta ao \u00faltimo jogo [&hellip;]<\/p>\n","protected":false},"author":1,"featured_media":116392,"comment_status":"closed","ping_status":"","sticky":false,"template":"","format":"standard","meta":{"googlesitekit_rrm_CAow2JLhCw:productID":"","_gspb_post_css":"","maa_idioma":"","maa_pais":"","footnotes":""},"categories":[4],"tags":[31428,7502,7787,12557,6752,8503,3053,31427,24874,5555,15916],"class_list":["post-116391","post","type-post","status-publish","format-standard","has-post-thumbnail","hentry","category-brasil","tag-assumia","tag-disse","tag-era","tag-falso","tag-gente","tag-gil","tag-ninguem","tag-pensava","tag-tabu","tag-toda","tag-vicente"],"blocksy_meta":[],"yoast_head":"<!-- This site is optimized with the Yoast SEO Premium plugin v27.6 (Yoast SEO v27.6) - https:\/\/yoast.com\/product\/yoast-seo-premium-wordpress\/ -->\n<title>Gil Vicente: \u00abEu disse o que toda a gente pensava e ningu\u00e9m assumia, era um falso tabu\u00bb - Ubirat\u00e3 Online Not\u00edcias - A realidade ao seu alcance!<\/title>\n<meta name=\"description\" content=\"O Gil Vicente conquistou apenas uma vit\u00f3ria nos \u00faltimos oito jogos que disputou no campeonato, motivo mais do que suficiente para que a equipa orientada\" \/>\n<meta name=\"robots\" content=\"index, follow, max-snippet:-1, max-image-preview:large, max-video-preview:-1\" \/>\n<link rel=\"canonical\" href=\"https:\/\/ubirataonline.com.br\/en\/gil-vicente-eu-disse-o-que-toda-a-gente-pensava-e-ninguem-assumia-era-um-falso-tabu\/\" \/>\n<meta property=\"og:locale\" content=\"en_US\" \/>\n<meta property=\"og:type\" content=\"article\" \/>\n<meta property=\"og:title\" content=\"Gil Vicente: \u00abEu disse o que toda a gente pensava e ningu\u00e9m assumia, era um falso tabu\u00bb\" \/>\n<meta property=\"og:description\" content=\"O Gil Vicente conquistou apenas uma vit\u00f3ria nos \u00faltimos oito jogos que disputou no campeonato, motivo mais do que suficiente para que a equipa orientada\" \/>\n<meta property=\"og:url\" content=\"https:\/\/ubirataonline.com.br\/en\/gil-vicente-eu-disse-o-que-toda-a-gente-pensava-e-ninguem-assumia-era-um-falso-tabu\/\" \/>\n<meta property=\"og:site_name\" content=\"Ubirat\u00e3 Online Not\u00edcias - A realidade ao seu alcance!\" \/>\n<meta property=\"article:publisher\" content=\"https:\/\/www.facebook.com\/portalubirataonline\" \/>\n<meta property=\"article:author\" content=\"https:\/\/www.facebook.com\/portalubirataonline\" \/>\n<meta property=\"article:published_time\" content=\"2026-04-27T03:38:32+00:00\" \/>\n<meta property=\"article:modified_time\" content=\"2026-04-27T03:38:34+00:00\" \/>\n<meta property=\"og:image\" content=\"https:\/\/ubirataonline.com.br\/wp-content\/uploads\/2026\/04\/Gil-Vicente-Eu-disse-o-que-toda-a-gente-pensava.jpeg\" \/>\n\t<meta property=\"og:image:width\" content=\"1200\" \/>\n\t<meta property=\"og:image:height\" content=\"630\" \/>\n\t<meta property=\"og:image:type\" content=\"image\/jpeg\" \/>\n<meta name=\"author\" content=\"REDA\u00c7\u00c3O: UBIRAT\u00c3 ONLINE - F\u00c1BIO AUGUSTO CELESTINO\" \/>\n<meta name=\"twitter:card\" content=\"summary_large_image\" \/>\n<meta name=\"twitter:creator\" content=\"@x.com\/ubirataonline\" \/>\n<meta name=\"twitter:site\" content=\"@ubirataonline\" \/>\n<meta name=\"twitter:label1\" content=\"Written by\" \/>\n\t<meta name=\"twitter:data1\" content=\"REDA\u00c7\u00c3O: UBIRAT\u00c3 ONLINE - F\u00c1BIO AUGUSTO CELESTINO\" \/>\n\t<meta name=\"twitter:label2\" content=\"Est. reading time\" \/>\n\t<meta name=\"twitter:data2\" content=\"3 minutes\" \/>\n<script type=\"application\/ld+json\" class=\"yoast-schema-graph\">{\"@context\":\"https:\\\/\\\/schema.org\",\"@graph\":[{\"@type\":\"NewsArticle\",\"@id\":\"https:\\\/\\\/ubirataonline.com.br\\\/gil-vicente-eu-disse-o-que-toda-a-gente-pensava-e-ninguem-assumia-era-um-falso-tabu\\\/#article\",\"isPartOf\":{\"@id\":\"https:\\\/\\\/ubirataonline.com.br\\\/gil-vicente-eu-disse-o-que-toda-a-gente-pensava-e-ninguem-assumia-era-um-falso-tabu\\\/\"},\"author\":{\"name\":\"REDA\u00c7\u00c3O: UBIRAT\u00c3 ONLINE - F\u00c1BIO AUGUSTO CELESTINO\",\"@id\":\"https:\\\/\\\/ubirataonline.com.br\\\/#\\\/schema\\\/person\\\/372f87bbd3fdd79b8556b84c98d0bc1c\"},\"headline\":\"Gil Vicente: \u00abEu disse o que toda a gente pensava e ningu\u00e9m assumia, era um falso tabu\u00bb\",\"datePublished\":\"2026-04-27T03:38:32+00:00\",\"dateModified\":\"2026-04-27T03:38:34+00:00\",\"mainEntityOfPage\":{\"@id\":\"https:\\\/\\\/ubirataonline.com.br\\\/gil-vicente-eu-disse-o-que-toda-a-gente-pensava-e-ninguem-assumia-era-um-falso-tabu\\\/\"},\"wordCount\":557,\"publisher\":{\"@id\":\"https:\\\/\\\/ubirataonline.com.br\\\/#organization\"},\"image\":{\"@id\":\"https:\\\/\\\/ubirataonline.com.br\\\/gil-vicente-eu-disse-o-que-toda-a-gente-pensava-e-ninguem-assumia-era-um-falso-tabu\\\/#primaryimage\"},\"thumbnailUrl\":\"https:\\\/\\\/ubirataonline.com.br\\\/wp-content\\\/uploads\\\/2026\\\/04\\\/Gil-Vicente-Eu-disse-o-que-toda-a-gente-pensava.jpeg\",\"keywords\":[\"assumia\",\"disse\",\"era\",\"falso\",\"gente\",\"Gil\",\"Ningu\u00e9m\",\"pensava\",\"tabu\",\"toda\",\"Vicente\"],\"articleSection\":[\"Brasil\"],\"inLanguage\":\"en-US\",\"copyrightYear\":\"2026\",\"copyrightHolder\":{\"@id\":\"https:\\\/\\\/ubirataonline.com.br\\\/en\\\/#organization\"}},{\"@type\":\"WebPage\",\"@id\":\"https:\\\/\\\/ubirataonline.com.br\\\/gil-vicente-eu-disse-o-que-toda-a-gente-pensava-e-ninguem-assumia-era-um-falso-tabu\\\/\",\"url\":\"https:\\\/\\\/ubirataonline.com.br\\\/gil-vicente-eu-disse-o-que-toda-a-gente-pensava-e-ninguem-assumia-era-um-falso-tabu\\\/\",\"name\":\"Gil Vicente: \u00abEu disse o que toda a gente pensava e ningu\u00e9m assumia, era um falso tabu\u00bb - Ubirat\u00e3 Online Not\u00edcias - A realidade ao seu alcance!\",\"isPartOf\":{\"@id\":\"https:\\\/\\\/ubirataonline.com.br\\\/#website\"},\"primaryImageOfPage\":{\"@id\":\"https:\\\/\\\/ubirataonline.com.br\\\/gil-vicente-eu-disse-o-que-toda-a-gente-pensava-e-ninguem-assumia-era-um-falso-tabu\\\/#primaryimage\"},\"image\":{\"@id\":\"https:\\\/\\\/ubirataonline.com.br\\\/gil-vicente-eu-disse-o-que-toda-a-gente-pensava-e-ninguem-assumia-era-um-falso-tabu\\\/#primaryimage\"},\"thumbnailUrl\":\"https:\\\/\\\/ubirataonline.com.br\\\/wp-content\\\/uploads\\\/2026\\\/04\\\/Gil-Vicente-Eu-disse-o-que-toda-a-gente-pensava.jpeg\",\"datePublished\":\"2026-04-27T03:38:32+00:00\",\"dateModified\":\"2026-04-27T03:38:34+00:00\",\"description\":\"O Gil Vicente conquistou apenas uma vit\u00f3ria nos \u00faltimos oito jogos que disputou no campeonato, motivo mais do que suficiente para que a equipa orientada\",\"breadcrumb\":{\"@id\":\"https:\\\/\\\/ubirataonline.com.br\\\/gil-vicente-eu-disse-o-que-toda-a-gente-pensava-e-ninguem-assumia-era-um-falso-tabu\\\/#breadcrumb\"},\"inLanguage\":\"en-US\",\"potentialAction\":[{\"@type\":\"ReadAction\",\"target\":[\"https:\\\/\\\/ubirataonline.com.br\\\/gil-vicente-eu-disse-o-que-toda-a-gente-pensava-e-ninguem-assumia-era-um-falso-tabu\\\/\"]}]},{\"@type\":\"ImageObject\",\"inLanguage\":\"en-US\",\"@id\":\"https:\\\/\\\/ubirataonline.com.br\\\/gil-vicente-eu-disse-o-que-toda-a-gente-pensava-e-ninguem-assumia-era-um-falso-tabu\\\/#primaryimage\",\"url\":\"https:\\\/\\\/ubirataonline.com.br\\\/wp-content\\\/uploads\\\/2026\\\/04\\\/Gil-Vicente-Eu-disse-o-que-toda-a-gente-pensava.jpeg\",\"contentUrl\":\"https:\\\/\\\/ubirataonline.com.br\\\/wp-content\\\/uploads\\\/2026\\\/04\\\/Gil-Vicente-Eu-disse-o-que-toda-a-gente-pensava.jpeg\",\"width\":1200,\"height\":630,\"caption\":\"Gil Vicente: \u00abEu disse o que toda a gente pensava e ningu\u00e9m assumia, era um falso tabu\u00bb\"},{\"@type\":\"BreadcrumbList\",\"@id\":\"https:\\\/\\\/ubirataonline.com.br\\\/gil-vicente-eu-disse-o-que-toda-a-gente-pensava-e-ninguem-assumia-era-um-falso-tabu\\\/#breadcrumb\",\"itemListElement\":[{\"@type\":\"ListItem\",\"position\":1,\"name\":\"In\u00edcio\",\"item\":\"https:\\\/\\\/ubirataonline.com.br\\\/\"},{\"@type\":\"ListItem\",\"position\":2,\"name\":\"Gil Vicente: \u00abEu disse o que toda a gente pensava e ningu\u00e9m assumia, era um falso tabu\u00bb\"}]},{\"@type\":\"WebSite\",\"@id\":\"https:\\\/\\\/ubirataonline.com.br\\\/#website\",\"url\":\"https:\\\/\\\/ubirataonline.com.br\\\/\",\"name\":\"Ubirat\u00e3 Online Not\u00edcias\",\"description\":\"Not\u00edcias de Ubirat\u00e3, regi\u00e3o, Brasil e mundo, com informa\u00e7\u00e3o atualizada e compromisso com o leitor.\",\"publisher\":{\"@id\":\"https:\\\/\\\/ubirataonline.com.br\\\/#organization\"},\"alternateName\":\"Ubirat\u00e3 Online\",\"potentialAction\":[{\"@type\":\"SearchAction\",\"target\":{\"@type\":\"EntryPoint\",\"urlTemplate\":\"https:\\\/\\\/ubirataonline.com.br\\\/?s={search_term_string}\"},\"query-input\":{\"@type\":\"PropertyValueSpecification\",\"valueRequired\":true,\"valueName\":\"search_term_string\"}}],\"inLanguage\":\"en-US\"},{\"@type\":[\"Organization\",\"Place\"],\"@id\":\"https:\\\/\\\/ubirataonline.com.br\\\/#organization\",\"name\":\"Ubirat\u00e3 Online Not\u00edcias\",\"alternateName\":\"Ubirat\u00e3 Online\",\"url\":\"https:\\\/\\\/ubirataonline.com.br\\\/\",\"logo\":{\"@id\":\"https:\\\/\\\/ubirataonline.com.br\\\/gil-vicente-eu-disse-o-que-toda-a-gente-pensava-e-ninguem-assumia-era-um-falso-tabu\\\/#local-main-organization-logo\"},\"image\":{\"@id\":\"https:\\\/\\\/ubirataonline.com.br\\\/gil-vicente-eu-disse-o-que-toda-a-gente-pensava-e-ninguem-assumia-era-um-falso-tabu\\\/#local-main-organization-logo\"},\"sameAs\":[\"https:\\\/\\\/www.facebook.com\\\/portalubirataonline\",\"https:\\\/\\\/x.com\\\/ubirataonline\",\"https:\\\/\\\/mastodon.social\\\/@ubirataonline\",\"https:\\\/\\\/www.facebook.com\\\/groups\\\/311144672285604\",\"https:\\\/\\\/www.facebook.com\\\/UBTAOnline\",\"https:\\\/\\\/www.instagram.com\\\/portalubirataonline\\\/\",\"https:\\\/\\\/twitter.com\\\/ubirataonline\"],\"description\":\"Somos um portal de not\u00edcias independente, criado em 5 de janeiro de 2009, com o objetivo de informar, conectar e valorizar a nossa comunidade de Ubirat\u00e3 e toda aregi\u00e3o. Com conte\u00fado atualizado, confi\u00e1vel e relevante, o Ubirat\u00e3 Online \u00e9 o seu espa\u00e7o para ficar por dentro dos principais acontecimentos locais, regionais, Brasil, Mundo e de interesse geral. Nosso compromisso \u00e9 com a verdade, a transpar\u00eancia e o respeito ao leitor.\",\"legalName\":\"UBIRATA ONLINE NOT\u00cdCIAS\",\"foundingDate\":\"2009-01-05\",\"numberOfEmployees\":{\"@type\":\"QuantitativeValue\",\"minValue\":\"1\",\"maxValue\":\"10\"},\"publishingPrinciples\":\"https:\\\/\\\/ubirataonline.com.br\\\/faq\\\/\",\"address\":{\"@id\":\"https:\\\/\\\/ubirataonline.com.br\\\/gil-vicente-eu-disse-o-que-toda-a-gente-pensava-e-ninguem-assumia-era-um-falso-tabu\\\/#local-main-place-address\"},\"geo\":{\"@type\":\"GeoCoordinates\",\"latitude\":\"-24.5361401\",\"longitude\":\"-52.9921776\"},\"telephone\":[\"+5544998308235\"],\"contactPoint\":{\"@type\":\"ContactPoint\",\"email\":\"contato@ubirataonline.com.br\"},\"openingHoursSpecification\":{\"@type\":\"OpeningHoursSpecification\",\"dayOfWeek\":[\"Monday\",\"Tuesday\",\"Wednesday\",\"Thursday\",\"Friday\",\"Saturday\",\"Sunday\"],\"opens\":\"00:00\",\"closes\":\"23:59\"},\"email\":\"contato@ubirataonline.com.br\",\"vatID\":\"47.621.418\\\/0001-80\"},{\"@type\":\"Person\",\"@id\":\"https:\\\/\\\/ubirataonline.com.br\\\/#\\\/schema\\\/person\\\/372f87bbd3fdd79b8556b84c98d0bc1c\",\"name\":\"REDA\u00c7\u00c3O: UBIRAT\u00c3 ONLINE - F\u00c1BIO AUGUSTO CELESTINO\",\"pronouns\":\"Ele\",\"description\":\"Desde 2003 trabalhando com not\u00edcias.\",\"sameAs\":[\"http:\\\/\\\/ubirataoline.com.br\",\"https:\\\/\\\/www.facebook.com\\\/portalubirataonline\",\"https:\\\/\\\/www.instagram.com\\\/ubirataonline_oficial\",\"https:\\\/\\\/x.com\\\/x.com\\\/ubirataonline\"],\"honorificPrefix\":\"Mr.\",\"honorificSuffix\":\"MD\",\"birthDate\":\"1980-06-16\",\"gender\":\"masculino\",\"award\":[\"V\u00e1rios pr\u00eamios de melhor portal da cidade\"],\"jobTitle\":\"Diretor\",\"url\":\"https:\\\/\\\/ubirataonline.com.br\\\/en\\\/author\\\/ubirataonline\\\/\"},{\"@type\":\"PostalAddress\",\"@id\":\"https:\\\/\\\/ubirataonline.com.br\\\/gil-vicente-eu-disse-o-que-toda-a-gente-pensava-e-ninguem-assumia-era-um-falso-tabu\\\/#local-main-place-address\",\"streetAddress\":\"Rua dos Coqueiros, 104 - Bairro Boa Vista, Rua dos Coqueiros, 104 Bairro Boa Vista\",\"addressLocality\":\"UBIRATA\",\"postalCode\":\"85440-000\",\"addressRegion\":\"PR\",\"addressCountry\":\"BR\"},{\"@type\":\"ImageObject\",\"inLanguage\":\"en-US\",\"@id\":\"https:\\\/\\\/ubirataonline.com.br\\\/gil-vicente-eu-disse-o-que-toda-a-gente-pensava-e-ninguem-assumia-era-um-falso-tabu\\\/#local-main-organization-logo\",\"url\":\"https:\\\/\\\/ubirataonline.com.br\\\/wp-content\\\/uploads\\\/2026\\\/06\\\/logoubirataonline-1.webp\",\"contentUrl\":\"https:\\\/\\\/ubirataonline.com.br\\\/wp-content\\\/uploads\\\/2026\\\/06\\\/logoubirataonline-1.webp\",\"width\":500,\"height\":500,\"caption\":\"Ubirat\u00e3 Online Not\u00edcias\"}]}<\/script>\n<meta name=\"geo.placename\" content=\"UBIRATA\" \/>\n<meta name=\"geo.position\" content=\"-24.5361401;-52.9921776\" \/>\n<meta name=\"geo.region\" content=\"Brazil\" \/>\n<!-- \/ Yoast SEO Premium plugin. -->","yoast_head_json":{"title":"Gil Vicente: \u00abEu disse o que toda a gente pensava e ningu\u00e9m assumia, era um falso tabu\u00bb - Ubirat\u00e3 Online Not\u00edcias - A realidade ao seu alcance!","description":"O Gil Vicente conquistou apenas uma vit\u00f3ria nos \u00faltimos oito jogos que disputou no campeonato, motivo mais do que suficiente para que a equipa orientada","robots":{"index":"index","follow":"follow","max-snippet":"max-snippet:-1","max-image-preview":"max-image-preview:large","max-video-preview":"max-video-preview:-1"},"canonical":"https:\/\/ubirataonline.com.br\/en\/gil-vicente-eu-disse-o-que-toda-a-gente-pensava-e-ninguem-assumia-era-um-falso-tabu\/","og_locale":"en_US","og_type":"article","og_title":"Gil Vicente: \u00abEu disse o que toda a gente pensava e ningu\u00e9m assumia, era um falso tabu\u00bb","og_description":"O Gil Vicente conquistou apenas uma vit\u00f3ria nos \u00faltimos oito jogos que disputou no campeonato, motivo mais do que suficiente para que a equipa orientada","og_url":"https:\/\/ubirataonline.com.br\/en\/gil-vicente-eu-disse-o-que-toda-a-gente-pensava-e-ninguem-assumia-era-um-falso-tabu\/","og_site_name":"Ubirat\u00e3 Online Not\u00edcias - A realidade ao seu alcance!","article_publisher":"https:\/\/www.facebook.com\/portalubirataonline","article_author":"https:\/\/www.facebook.com\/portalubirataonline","article_published_time":"2026-04-27T03:38:32+00:00","article_modified_time":"2026-04-27T03:38:34+00:00","og_image":[{"width":1200,"height":630,"url":"https:\/\/ubirataonline.com.br\/wp-content\/uploads\/2026\/04\/Gil-Vicente-Eu-disse-o-que-toda-a-gente-pensava.jpeg","type":"image\/jpeg"}],"author":"REDA\u00c7\u00c3O: UBIRAT\u00c3 ONLINE - F\u00c1BIO AUGUSTO CELESTINO","twitter_card":"summary_large_image","twitter_creator":"@x.com\/ubirataonline","twitter_site":"@ubirataonline","twitter_misc":{"Written by":"REDA\u00c7\u00c3O: UBIRAT\u00c3 ONLINE - F\u00c1BIO AUGUSTO CELESTINO","Est. reading time":"3 minutes"},"schema":{"@context":"https:\/\/schema.org","@graph":[{"@type":"NewsArticle","@id":"https:\/\/ubirataonline.com.br\/gil-vicente-eu-disse-o-que-toda-a-gente-pensava-e-ninguem-assumia-era-um-falso-tabu\/#article","isPartOf":{"@id":"https:\/\/ubirataonline.com.br\/gil-vicente-eu-disse-o-que-toda-a-gente-pensava-e-ninguem-assumia-era-um-falso-tabu\/"},"author":{"name":"REDA\u00c7\u00c3O: UBIRAT\u00c3 ONLINE - F\u00c1BIO AUGUSTO CELESTINO","@id":"https:\/\/ubirataonline.com.br\/#\/schema\/person\/372f87bbd3fdd79b8556b84c98d0bc1c"},"headline":"Gil Vicente: \u00abEu disse o que toda a gente pensava e ningu\u00e9m assumia, era um falso tabu\u00bb","datePublished":"2026-04-27T03:38:32+00:00","dateModified":"2026-04-27T03:38:34+00:00","mainEntityOfPage":{"@id":"https:\/\/ubirataonline.com.br\/gil-vicente-eu-disse-o-que-toda-a-gente-pensava-e-ninguem-assumia-era-um-falso-tabu\/"},"wordCount":557,"publisher":{"@id":"https:\/\/ubirataonline.com.br\/#organization"},"image":{"@id":"https:\/\/ubirataonline.com.br\/gil-vicente-eu-disse-o-que-toda-a-gente-pensava-e-ninguem-assumia-era-um-falso-tabu\/#primaryimage"},"thumbnailUrl":"https:\/\/ubirataonline.com.br\/wp-content\/uploads\/2026\/04\/Gil-Vicente-Eu-disse-o-que-toda-a-gente-pensava.jpeg","keywords":["assumia","disse","era","falso","gente","Gil","Ningu\u00e9m","pensava","tabu","toda","Vicente"],"articleSection":["Brasil"],"inLanguage":"en-US","copyrightYear":"2026","copyrightHolder":{"@id":"https:\/\/ubirataonline.com.br\/en\/#organization"}},{"@type":"WebPage","@id":"https:\/\/ubirataonline.com.br\/gil-vicente-eu-disse-o-que-toda-a-gente-pensava-e-ninguem-assumia-era-um-falso-tabu\/","url":"https:\/\/ubirataonline.com.br\/gil-vicente-eu-disse-o-que-toda-a-gente-pensava-e-ninguem-assumia-era-um-falso-tabu\/","name":"Gil Vicente: \u00abEu disse o que toda a gente pensava e ningu\u00e9m assumia, era um falso tabu\u00bb - Ubirat\u00e3 Online Not\u00edcias - A realidade ao seu alcance!","isPartOf":{"@id":"https:\/\/ubirataonline.com.br\/#website"},"primaryImageOfPage":{"@id":"https:\/\/ubirataonline.com.br\/gil-vicente-eu-disse-o-que-toda-a-gente-pensava-e-ninguem-assumia-era-um-falso-tabu\/#primaryimage"},"image":{"@id":"https:\/\/ubirataonline.com.br\/gil-vicente-eu-disse-o-que-toda-a-gente-pensava-e-ninguem-assumia-era-um-falso-tabu\/#primaryimage"},"thumbnailUrl":"https:\/\/ubirataonline.com.br\/wp-content\/uploads\/2026\/04\/Gil-Vicente-Eu-disse-o-que-toda-a-gente-pensava.jpeg","datePublished":"2026-04-27T03:38:32+00:00","dateModified":"2026-04-27T03:38:34+00:00","description":"O Gil Vicente conquistou apenas uma vit\u00f3ria nos \u00faltimos oito jogos que disputou no campeonato, motivo mais do que suficiente para que a equipa orientada","breadcrumb":{"@id":"https:\/\/ubirataonline.com.br\/gil-vicente-eu-disse-o-que-toda-a-gente-pensava-e-ninguem-assumia-era-um-falso-tabu\/#breadcrumb"},"inLanguage":"en-US","potentialAction":[{"@type":"ReadAction","target":["https:\/\/ubirataonline.com.br\/gil-vicente-eu-disse-o-que-toda-a-gente-pensava-e-ninguem-assumia-era-um-falso-tabu\/"]}]},{"@type":"ImageObject","inLanguage":"en-US","@id":"https:\/\/ubirataonline.com.br\/gil-vicente-eu-disse-o-que-toda-a-gente-pensava-e-ninguem-assumia-era-um-falso-tabu\/#primaryimage","url":"https:\/\/ubirataonline.com.br\/wp-content\/uploads\/2026\/04\/Gil-Vicente-Eu-disse-o-que-toda-a-gente-pensava.jpeg","contentUrl":"https:\/\/ubirataonline.com.br\/wp-content\/uploads\/2026\/04\/Gil-Vicente-Eu-disse-o-que-toda-a-gente-pensava.jpeg","width":1200,"height":630,"caption":"Gil Vicente: \u00abEu disse o que toda a gente pensava e ningu\u00e9m assumia, era um falso tabu\u00bb"},{"@type":"BreadcrumbList","@id":"https:\/\/ubirataonline.com.br\/gil-vicente-eu-disse-o-que-toda-a-gente-pensava-e-ninguem-assumia-era-um-falso-tabu\/#breadcrumb","itemListElement":[{"@type":"ListItem","position":1,"name":"In\u00edcio","item":"https:\/\/ubirataonline.com.br\/"},{"@type":"ListItem","position":2,"name":"Gil Vicente: \u00abEu disse o que toda a gente pensava e ningu\u00e9m assumia, era um falso tabu\u00bb"}]},{"@type":"WebSite","@id":"https:\/\/ubirataonline.com.br\/#website","url":"https:\/\/ubirataonline.com.br\/","name":"Ubirat\u00e3 Online Not\u00edcias","description":"Not\u00edcias de Ubirat\u00e3, regi\u00e3o, Brasil e mundo, com informa\u00e7\u00e3o atualizada e compromisso com o leitor.","publisher":{"@id":"https:\/\/ubirataonline.com.br\/#organization"},"alternateName":"Ubirat\u00e3 Online","potentialAction":[{"@type":"SearchAction","target":{"@type":"EntryPoint","urlTemplate":"https:\/\/ubirataonline.com.br\/?s={search_term_string}"},"query-input":{"@type":"PropertyValueSpecification","valueRequired":true,"valueName":"search_term_string"}}],"inLanguage":"en-US"},{"@type":["Organization","Place"],"@id":"https:\/\/ubirataonline.com.br\/#organization","name":"Ubirat\u00e3 Online Not\u00edcias","alternateName":"Ubirat\u00e3 Online","url":"https:\/\/ubirataonline.com.br\/","logo":{"@id":"https:\/\/ubirataonline.com.br\/gil-vicente-eu-disse-o-que-toda-a-gente-pensava-e-ninguem-assumia-era-um-falso-tabu\/#local-main-organization-logo"},"image":{"@id":"https:\/\/ubirataonline.com.br\/gil-vicente-eu-disse-o-que-toda-a-gente-pensava-e-ninguem-assumia-era-um-falso-tabu\/#local-main-organization-logo"},"sameAs":["https:\/\/www.facebook.com\/portalubirataonline","https:\/\/x.com\/ubirataonline","https:\/\/mastodon.social\/@ubirataonline","https:\/\/www.facebook.com\/groups\/311144672285604","https:\/\/www.facebook.com\/UBTAOnline","https:\/\/www.instagram.com\/portalubirataonline\/","https:\/\/twitter.com\/ubirataonline"],"description":"Somos um portal de not\u00edcias independente, criado em 5 de janeiro de 2009, com o objetivo de informar, conectar e valorizar a nossa comunidade de Ubirat\u00e3 e toda aregi\u00e3o. Com conte\u00fado atualizado, confi\u00e1vel e relevante, o Ubirat\u00e3 Online \u00e9 o seu espa\u00e7o para ficar por dentro dos principais acontecimentos locais, regionais, Brasil, Mundo e de interesse geral. Nosso compromisso \u00e9 com a verdade, a transpar\u00eancia e o respeito ao leitor.","legalName":"UBIRATA ONLINE NOT\u00cdCIAS","foundingDate":"2009-01-05","numberOfEmployees":{"@type":"QuantitativeValue","minValue":"1","maxValue":"10"},"publishingPrinciples":"https:\/\/ubirataonline.com.br\/faq\/","address":{"@id":"https:\/\/ubirataonline.com.br\/gil-vicente-eu-disse-o-que-toda-a-gente-pensava-e-ninguem-assumia-era-um-falso-tabu\/#local-main-place-address"},"geo":{"@type":"GeoCoordinates","latitude":"-24.5361401","longitude":"-52.9921776"},"telephone":["+5544998308235"],"contactPoint":{"@type":"ContactPoint","email":"contato@ubirataonline.com.br"},"openingHoursSpecification":{"@type":"OpeningHoursSpecification","dayOfWeek":["Monday","Tuesday","Wednesday","Thursday","Friday","Saturday","Sunday"],"opens":"00:00","closes":"23:59"},"email":"contato@ubirataonline.com.br","vatID":"47.621.418\/0001-80"},{"@type":"Person","@id":"https:\/\/ubirataonline.com.br\/#\/schema\/person\/372f87bbd3fdd79b8556b84c98d0bc1c","name":"REDA\u00c7\u00c3O: UBIRAT\u00c3 ONLINE - F\u00c1BIO AUGUSTO CELESTINO","pronouns":"Ele","description":"Desde 2003 trabalhando com not\u00edcias.","sameAs":["http:\/\/ubirataoline.com.br","https:\/\/www.facebook.com\/portalubirataonline","https:\/\/www.instagram.com\/ubirataonline_oficial","https:\/\/x.com\/x.com\/ubirataonline"],"honorificPrefix":"Mr.","honorificSuffix":"MD","birthDate":"1980-06-16","gender":"masculino","award":["V\u00e1rios pr\u00eamios de melhor portal da cidade"],"jobTitle":"Diretor","url":"https:\/\/ubirataonline.com.br\/en\/author\/ubirataonline\/"},{"@type":"PostalAddress","@id":"https:\/\/ubirataonline.com.br\/gil-vicente-eu-disse-o-que-toda-a-gente-pensava-e-ninguem-assumia-era-um-falso-tabu\/#local-main-place-address","streetAddress":"Rua dos Coqueiros, 104 - Bairro Boa Vista, Rua dos Coqueiros, 104 Bairro Boa Vista","addressLocality":"UBIRATA","postalCode":"85440-000","addressRegion":"PR","addressCountry":"BR"},{"@type":"ImageObject","inLanguage":"en-US","@id":"https:\/\/ubirataonline.com.br\/gil-vicente-eu-disse-o-que-toda-a-gente-pensava-e-ninguem-assumia-era-um-falso-tabu\/#local-main-organization-logo","url":"https:\/\/ubirataonline.com.br\/wp-content\/uploads\/2026\/06\/logoubirataonline-1.webp","contentUrl":"https:\/\/ubirataonline.com.br\/wp-content\/uploads\/2026\/06\/logoubirataonline-1.webp","width":500,"height":500,"caption":"Ubirat\u00e3 Online Not\u00edcias"}]},"geo.placename":"UBIRATA","geo.position":{"lat":"-24.5361401","long":"-52.9921776"},"geo.region":"Brazil"},"_links":{"self":[{"href":"https:\/\/ubirataonline.com.br\/en\/wp-json\/wp\/v2\/posts\/116391","targetHints":{"allow":["GET"]}}],"collection":[{"href":"https:\/\/ubirataonline.com.br\/en\/wp-json\/wp\/v2\/posts"}],"about":[{"href":"https:\/\/ubirataonline.com.br\/en\/wp-json\/wp\/v2\/types\/post"}],"author":[{"embeddable":true,"href":"https:\/\/ubirataonline.com.br\/en\/wp-json\/wp\/v2\/users\/1"}],"replies":[{"embeddable":true,"href":"https:\/\/ubirataonline.com.br\/en\/wp-json\/wp\/v2\/comments?post=116391"}],"version-history":[{"count":0,"href":"https:\/\/ubirataonline.com.br\/en\/wp-json\/wp\/v2\/posts\/116391\/revisions"}],"wp:featuredmedia":[{"embeddable":true,"href":"https:\/\/ubirataonline.com.br\/en\/wp-json\/wp\/v2\/media\/116392"}],"wp:attachment":[{"href":"https:\/\/ubirataonline.com.br\/en\/wp-json\/wp\/v2\/media?parent=116391"}],"wp:term":[{"taxonomy":"category","embeddable":true,"href":"https:\/\/ubirataonline.com.br\/en\/wp-json\/wp\/v2\/categories?post=116391"},{"taxonomy":"post_tag","embeddable":true,"href":"https:\/\/ubirataonline.com.br\/en\/wp-json\/wp\/v2\/tags?post=116391"}],"curies":[{"name":"wp","href":"https:\/\/api.w.org\/{rel}","templated":true}]}}