{"id":116791,"date":"2026-04-27T13:23:47","date_gmt":"2026-04-27T16:23:47","guid":{"rendered":"https:\/\/ubirataonline.com.br\/homem-e-preso-apos-ameacar-passageiros-com-espada-em-saguao-do-aeroporto-de-viracopos\/"},"modified":"2026-04-27T13:23:52","modified_gmt":"2026-04-27T16:23:52","slug":"homem-e-preso-apos-ameacar-passageiros-com-espada-em-saguao-do-aeroporto-de-viracopos","status":"publish","type":"post","link":"https:\/\/ubirataonline.com.br\/en\/homem-e-preso-apos-ameacar-passageiros-com-espada-em-saguao-do-aeroporto-de-viracopos\/","title":{"rendered":"Homem \u00e9 preso ap\u00f3s amea\u00e7ar passageiros com espada em sagu\u00e3o do Aeroporto de Viracopos"},"content":{"rendered":"<p><\/p>\n<div id=\"texto\">\n<p>Um homem que portava uma espada foi imobilizado por policiais militares e preso no sagu\u00e3o de desembarque do Aeroporto Internacional de Viracopos, em Campinas, interior paulista, na noite de domingo, 26. Apesar do susto, ningu\u00e9m se feriu.<\/p>\n<p>Um v\u00eddeo gravado por uma testemunha mostra o momento em que os policiais usam uma arma de choque para desarmar e prender o homem, de 45 anos. Ele estava em estado de surto psic\u00f3tico, conforme relato dos policiais.<\/p>\n<p>Segundo a administra\u00e7\u00e3o do aeroporto, o indiv\u00edduo amea\u00e7ou algumas pessoas com a espada \u2013 de 47 cm de comprimento. De acordo com a Secretaria da Seguran\u00e7a P\u00fablica do Estado de S\u00e3o Paulo (SSP-SP), os policiais tentaram realizar abordagem verbal, mas houve resist\u00eancia.<\/p>\n<p>\u201cVisando preservar a integridade f\u00edsica dos usu\u00e1rios do aeroporto e do pr\u00f3prio indiv\u00edduo, foi necess\u00e1rio o uso de dispositivo de incapacita\u00e7\u00e3o neuromuscular (taser de choque) para cont\u00ea-lo e desarm\u00e1-lo\u201d, informou a pasta. <\/p>\n<p>As imagens da abordagem mostram o policial disparando a arma de choque assim que o homem saca a espada. Na queda, ele quebrou um vaso de plantas.<\/p>\n<p>Conforme o boletim de ocorr\u00eancia, ao qual o <b>Estad\u00e3o<\/b> teve acesso, na delegacia o homem demonstrou \u201cevidentes sinais de estar totalmente desconectado da realidade\u201d. Ele dizia que estava conversando com membros do Comando Vermelho (CV), segundo o relato. \u201cEvidentemente, trata-se de um caso m\u00e9dico, e n\u00e3o policial\u201d, diz trecho do registro da ocorr\u00eancia.<\/p>\n<p>A pol\u00edcia informou tamb\u00e9m que o homem n\u00e3o tinha mandado de pris\u00e3o em aberto. Por causa da falta de condi\u00e7\u00e3o de di\u00e1logo, o homem foi encaminhado pela PM para o Pronto-Socorro S\u00e3o Jos\u00e9, em Campinas. Ele n\u00e3o ficar\u00e1 preso e responder\u00e1 a um Termo Circunstanciado por porte de arma branca. A espada foi apreendida. <\/p>\n<\/p><\/div>\n<p><a href=\"https:\/\/cgn.inf.br\/noticia\/2093192\/homem-e-preso-apos-ameacar-passageiros-com-espada-em-saguao-do-aeroporto-de-viracopos\">Fonte do Artigo <\/a><\/p>","protected":false},"excerpt":{"rendered":"<p>Um homem que portava uma espada foi imobilizado por policiais militares e preso no sagu\u00e3o de desembarque do Aeroporto Internacional de Viracopos, em Campinas, interior paulista, na noite de domingo, 26. Apesar do susto, ningu\u00e9m se feriu. Um v\u00eddeo gravado por uma testemunha mostra o momento em que os policiais usam uma arma de choque [&hellip;]<\/p>\n","protected":false},"author":1,"featured_media":92994,"comment_status":"closed","ping_status":"","sticky":false,"template":"","format":"standard","meta":{"googlesitekit_rrm_CAow2JLhCw:productID":"","_gspb_post_css":"","maa_idioma":"","maa_pais":"","footnotes":""},"categories":[1],"tags":[7790,10967,3140,29167,105,8628,80,31547,31548],"class_list":["post-116791","post","type-post","status-publish","format-standard","has-post-thumbnail","hentry","category-ubirata","tag-aeroporto","tag-ameacar","tag-apos","tag-espada","tag-homem","tag-passageiros","tag-preso","tag-saguao","tag-viracopos"],"blocksy_meta":[],"yoast_head":"<!-- This site is optimized with the Yoast SEO Premium plugin v27.6 (Yoast SEO v27.6) - https:\/\/yoast.com\/product\/yoast-seo-premium-wordpress\/ -->\n<title>Homem \u00e9 preso ap\u00f3s amea\u00e7ar passageiros com espada em sagu\u00e3o do Aeroporto de Viracopos - Ubirat\u00e3 Online Not\u00edcias - A realidade ao seu alcance!<\/title>\n<meta name=\"description\" content=\"Um homem que portava uma espada foi imobilizado por policiais militares e preso no sagu\u00e3o de desembarque do Aeroporto Internacional de Viracopos, em\" \/>\n<meta name=\"robots\" content=\"index, follow, max-snippet:-1, max-image-preview:large, max-video-preview:-1\" \/>\n<link rel=\"canonical\" href=\"https:\/\/ubirataonline.com.br\/en\/homem-e-preso-apos-ameacar-passageiros-com-espada-em-saguao-do-aeroporto-de-viracopos\/\" \/>\n<meta property=\"og:locale\" content=\"en_US\" \/>\n<meta property=\"og:type\" content=\"article\" \/>\n<meta property=\"og:title\" content=\"Homem \u00e9 preso ap\u00f3s amea\u00e7ar passageiros com espada em sagu\u00e3o do Aeroporto de Viracopos\" \/>\n<meta property=\"og:description\" content=\"Um homem que portava uma espada foi imobilizado por policiais militares e preso no sagu\u00e3o de desembarque do Aeroporto Internacional de Viracopos, em\" \/>\n<meta property=\"og:url\" content=\"https:\/\/ubirataonline.com.br\/en\/homem-e-preso-apos-ameacar-passageiros-com-espada-em-saguao-do-aeroporto-de-viracopos\/\" \/>\n<meta property=\"og:site_name\" content=\"Ubirat\u00e3 Online Not\u00edcias - A realidade ao seu alcance!\" \/>\n<meta property=\"article:publisher\" content=\"https:\/\/www.facebook.com\/portalubirataonline\" \/>\n<meta property=\"article:author\" content=\"https:\/\/www.facebook.com\/portalubirataonline\" \/>\n<meta property=\"article:published_time\" content=\"2026-04-27T16:23:47+00:00\" \/>\n<meta property=\"article:modified_time\" content=\"2026-04-27T16:23:52+00:00\" \/>\n<meta property=\"og:image\" content=\"https:\/\/ubirataonline.com.br\/wp-content\/uploads\/2026\/03\/Gilmar-ve-explicacao-insuficiente-e-da-72-horas-para-MPRJ.gif\" \/>\n\t<meta property=\"og:image:width\" content=\"768\" \/>\n\t<meta property=\"og:image:height\" content=\"461\" \/>\n\t<meta property=\"og:image:type\" content=\"image\/gif\" \/>\n<meta name=\"author\" content=\"REDA\u00c7\u00c3O: UBIRAT\u00c3 ONLINE - F\u00c1BIO AUGUSTO CELESTINO\" \/>\n<meta name=\"twitter:card\" content=\"summary_large_image\" \/>\n<meta name=\"twitter:creator\" content=\"@x.com\/ubirataonline\" \/>\n<meta name=\"twitter:site\" content=\"@ubirataonline\" \/>\n<meta name=\"twitter:label1\" content=\"Written by\" \/>\n\t<meta name=\"twitter:data1\" content=\"REDA\u00c7\u00c3O: UBIRAT\u00c3 ONLINE - F\u00c1BIO AUGUSTO CELESTINO\" \/>\n\t<meta name=\"twitter:label2\" content=\"Est. reading time\" \/>\n\t<meta name=\"twitter:data2\" content=\"2 minutes\" \/>\n<script type=\"application\/ld+json\" class=\"yoast-schema-graph\">{\"@context\":\"https:\\\/\\\/schema.org\",\"@graph\":[{\"@type\":\"NewsArticle\",\"@id\":\"https:\\\/\\\/ubirataonline.com.br\\\/homem-e-preso-apos-ameacar-passageiros-com-espada-em-saguao-do-aeroporto-de-viracopos\\\/#article\",\"isPartOf\":{\"@id\":\"https:\\\/\\\/ubirataonline.com.br\\\/homem-e-preso-apos-ameacar-passageiros-com-espada-em-saguao-do-aeroporto-de-viracopos\\\/\"},\"author\":{\"name\":\"REDA\u00c7\u00c3O: UBIRAT\u00c3 ONLINE - F\u00c1BIO AUGUSTO CELESTINO\",\"@id\":\"https:\\\/\\\/ubirataonline.com.br\\\/#\\\/schema\\\/person\\\/372f87bbd3fdd79b8556b84c98d0bc1c\"},\"headline\":\"Homem \u00e9 preso ap\u00f3s amea\u00e7ar passageiros com espada em sagu\u00e3o do Aeroporto de Viracopos\",\"datePublished\":\"2026-04-27T16:23:47+00:00\",\"dateModified\":\"2026-04-27T16:23:52+00:00\",\"mainEntityOfPage\":{\"@id\":\"https:\\\/\\\/ubirataonline.com.br\\\/homem-e-preso-apos-ameacar-passageiros-com-espada-em-saguao-do-aeroporto-de-viracopos\\\/\"},\"wordCount\":330,\"publisher\":{\"@id\":\"https:\\\/\\\/ubirataonline.com.br\\\/#organization\"},\"image\":{\"@id\":\"https:\\\/\\\/ubirataonline.com.br\\\/homem-e-preso-apos-ameacar-passageiros-com-espada-em-saguao-do-aeroporto-de-viracopos\\\/#primaryimage\"},\"thumbnailUrl\":\"https:\\\/\\\/ubirataonline.com.br\\\/wp-content\\\/uploads\\\/2026\\\/03\\\/Gilmar-ve-explicacao-insuficiente-e-da-72-horas-para-MPRJ.gif\",\"keywords\":[\"aeroporto\",\"amea\u00e7ar\",\"ap\u00f3s\",\"Espada\",\"homem\",\"passageiros\",\"preso\",\"sagu\u00e3o\",\"Viracopos\"],\"articleSection\":[\"Ubirat\u00e3\"],\"inLanguage\":\"en-US\",\"copyrightYear\":\"2026\",\"copyrightHolder\":{\"@id\":\"https:\\\/\\\/ubirataonline.com.br\\\/en\\\/#organization\"}},{\"@type\":\"WebPage\",\"@id\":\"https:\\\/\\\/ubirataonline.com.br\\\/homem-e-preso-apos-ameacar-passageiros-com-espada-em-saguao-do-aeroporto-de-viracopos\\\/\",\"url\":\"https:\\\/\\\/ubirataonline.com.br\\\/homem-e-preso-apos-ameacar-passageiros-com-espada-em-saguao-do-aeroporto-de-viracopos\\\/\",\"name\":\"Homem \u00e9 preso ap\u00f3s amea\u00e7ar passageiros com espada em sagu\u00e3o do Aeroporto de Viracopos - Ubirat\u00e3 Online Not\u00edcias - A realidade ao seu alcance!\",\"isPartOf\":{\"@id\":\"https:\\\/\\\/ubirataonline.com.br\\\/#website\"},\"primaryImageOfPage\":{\"@id\":\"https:\\\/\\\/ubirataonline.com.br\\\/homem-e-preso-apos-ameacar-passageiros-com-espada-em-saguao-do-aeroporto-de-viracopos\\\/#primaryimage\"},\"image\":{\"@id\":\"https:\\\/\\\/ubirataonline.com.br\\\/homem-e-preso-apos-ameacar-passageiros-com-espada-em-saguao-do-aeroporto-de-viracopos\\\/#primaryimage\"},\"thumbnailUrl\":\"https:\\\/\\\/ubirataonline.com.br\\\/wp-content\\\/uploads\\\/2026\\\/03\\\/Gilmar-ve-explicacao-insuficiente-e-da-72-horas-para-MPRJ.gif\",\"datePublished\":\"2026-04-27T16:23:47+00:00\",\"dateModified\":\"2026-04-27T16:23:52+00:00\",\"description\":\"Um homem que portava uma espada foi imobilizado por policiais militares e preso no sagu\u00e3o de desembarque do Aeroporto Internacional de Viracopos, em\",\"breadcrumb\":{\"@id\":\"https:\\\/\\\/ubirataonline.com.br\\\/homem-e-preso-apos-ameacar-passageiros-com-espada-em-saguao-do-aeroporto-de-viracopos\\\/#breadcrumb\"},\"inLanguage\":\"en-US\",\"potentialAction\":[{\"@type\":\"ReadAction\",\"target\":[\"https:\\\/\\\/ubirataonline.com.br\\\/homem-e-preso-apos-ameacar-passageiros-com-espada-em-saguao-do-aeroporto-de-viracopos\\\/\"]}]},{\"@type\":\"ImageObject\",\"inLanguage\":\"en-US\",\"@id\":\"https:\\\/\\\/ubirataonline.com.br\\\/homem-e-preso-apos-ameacar-passageiros-com-espada-em-saguao-do-aeroporto-de-viracopos\\\/#primaryimage\",\"url\":\"https:\\\/\\\/ubirataonline.com.br\\\/wp-content\\\/uploads\\\/2026\\\/03\\\/Gilmar-ve-explicacao-insuficiente-e-da-72-horas-para-MPRJ.gif\",\"contentUrl\":\"https:\\\/\\\/ubirataonline.com.br\\\/wp-content\\\/uploads\\\/2026\\\/03\\\/Gilmar-ve-explicacao-insuficiente-e-da-72-horas-para-MPRJ.gif\",\"width\":768,\"height\":461,\"caption\":\"Gilmar v\u00ea explica\u00e7\u00e3o insuficiente e d\u00e1 72 horas para MPRJ explicar pagamento de penduricalhos\"},{\"@type\":\"BreadcrumbList\",\"@id\":\"https:\\\/\\\/ubirataonline.com.br\\\/homem-e-preso-apos-ameacar-passageiros-com-espada-em-saguao-do-aeroporto-de-viracopos\\\/#breadcrumb\",\"itemListElement\":[{\"@type\":\"ListItem\",\"position\":1,\"name\":\"In\u00edcio\",\"item\":\"https:\\\/\\\/ubirataonline.com.br\\\/\"},{\"@type\":\"ListItem\",\"position\":2,\"name\":\"Homem \u00e9 preso ap\u00f3s amea\u00e7ar passageiros com espada em sagu\u00e3o do Aeroporto de Viracopos\"}]},{\"@type\":\"WebSite\",\"@id\":\"https:\\\/\\\/ubirataonline.com.br\\\/#website\",\"url\":\"https:\\\/\\\/ubirataonline.com.br\\\/\",\"name\":\"Ubirat\u00e3 Online Not\u00edcias\",\"description\":\"Not\u00edcias de Ubirat\u00e3, regi\u00e3o, Brasil e mundo, com informa\u00e7\u00e3o atualizada e compromisso com o leitor.\",\"publisher\":{\"@id\":\"https:\\\/\\\/ubirataonline.com.br\\\/#organization\"},\"alternateName\":\"Ubirat\u00e3 Online\",\"potentialAction\":[{\"@type\":\"SearchAction\",\"target\":{\"@type\":\"EntryPoint\",\"urlTemplate\":\"https:\\\/\\\/ubirataonline.com.br\\\/?s={search_term_string}\"},\"query-input\":{\"@type\":\"PropertyValueSpecification\",\"valueRequired\":true,\"valueName\":\"search_term_string\"}}],\"inLanguage\":\"en-US\"},{\"@type\":[\"Organization\",\"Place\"],\"@id\":\"https:\\\/\\\/ubirataonline.com.br\\\/#organization\",\"name\":\"Ubirat\u00e3 Online Not\u00edcias\",\"alternateName\":\"Ubirat\u00e3 Online\",\"url\":\"https:\\\/\\\/ubirataonline.com.br\\\/\",\"logo\":{\"@id\":\"https:\\\/\\\/ubirataonline.com.br\\\/homem-e-preso-apos-ameacar-passageiros-com-espada-em-saguao-do-aeroporto-de-viracopos\\\/#local-main-organization-logo\"},\"image\":{\"@id\":\"https:\\\/\\\/ubirataonline.com.br\\\/homem-e-preso-apos-ameacar-passageiros-com-espada-em-saguao-do-aeroporto-de-viracopos\\\/#local-main-organization-logo\"},\"sameAs\":[\"https:\\\/\\\/www.facebook.com\\\/portalubirataonline\",\"https:\\\/\\\/x.com\\\/ubirataonline\",\"https:\\\/\\\/mastodon.social\\\/@ubirataonline\",\"https:\\\/\\\/www.facebook.com\\\/groups\\\/311144672285604\",\"https:\\\/\\\/www.facebook.com\\\/UBTAOnline\",\"https:\\\/\\\/www.instagram.com\\\/portalubirataonline\\\/\",\"https:\\\/\\\/twitter.com\\\/ubirataonline\"],\"description\":\"Somos um portal de not\u00edcias independente, criado em 5 de janeiro de 2009, com o objetivo de informar, conectar e valorizar a nossa comunidade de Ubirat\u00e3 e toda aregi\u00e3o. Com conte\u00fado atualizado, confi\u00e1vel e relevante, o Ubirat\u00e3 Online \u00e9 o seu espa\u00e7o para ficar por dentro dos principais acontecimentos locais, regionais, Brasil, Mundo e de interesse geral. Nosso compromisso \u00e9 com a verdade, a transpar\u00eancia e o respeito ao leitor.\",\"legalName\":\"UBIRATA ONLINE NOT\u00cdCIAS\",\"foundingDate\":\"2009-01-05\",\"numberOfEmployees\":{\"@type\":\"QuantitativeValue\",\"minValue\":\"1\",\"maxValue\":\"10\"},\"publishingPrinciples\":\"https:\\\/\\\/ubirataonline.com.br\\\/faq\\\/\",\"address\":{\"@id\":\"https:\\\/\\\/ubirataonline.com.br\\\/homem-e-preso-apos-ameacar-passageiros-com-espada-em-saguao-do-aeroporto-de-viracopos\\\/#local-main-place-address\"},\"geo\":{\"@type\":\"GeoCoordinates\",\"latitude\":\"-24.5361401\",\"longitude\":\"-52.9921776\"},\"telephone\":[\"+5544998308235\"],\"contactPoint\":{\"@type\":\"ContactPoint\",\"email\":\"contato@ubirataonline.com.br\"},\"openingHoursSpecification\":{\"@type\":\"OpeningHoursSpecification\",\"dayOfWeek\":[\"Monday\",\"Tuesday\",\"Wednesday\",\"Thursday\",\"Friday\",\"Saturday\",\"Sunday\"],\"opens\":\"00:00\",\"closes\":\"23:59\"},\"email\":\"contato@ubirataonline.com.br\",\"vatID\":\"47.621.418\\\/0001-80\"},{\"@type\":\"Person\",\"@id\":\"https:\\\/\\\/ubirataonline.com.br\\\/#\\\/schema\\\/person\\\/372f87bbd3fdd79b8556b84c98d0bc1c\",\"name\":\"REDA\u00c7\u00c3O: UBIRAT\u00c3 ONLINE - F\u00c1BIO AUGUSTO CELESTINO\",\"pronouns\":\"Ele\",\"description\":\"Desde 2003 trabalhando com not\u00edcias.\",\"sameAs\":[\"http:\\\/\\\/ubirataoline.com.br\",\"https:\\\/\\\/www.facebook.com\\\/portalubirataonline\",\"https:\\\/\\\/www.instagram.com\\\/ubirataonline_oficial\",\"https:\\\/\\\/x.com\\\/x.com\\\/ubirataonline\"],\"honorificPrefix\":\"Mr.\",\"honorificSuffix\":\"MD\",\"birthDate\":\"1980-06-16\",\"gender\":\"masculino\",\"award\":[\"V\u00e1rios pr\u00eamios de melhor portal da cidade\"],\"jobTitle\":\"Diretor\",\"url\":\"https:\\\/\\\/ubirataonline.com.br\\\/en\\\/author\\\/ubirataonline\\\/\"},{\"@type\":\"PostalAddress\",\"@id\":\"https:\\\/\\\/ubirataonline.com.br\\\/homem-e-preso-apos-ameacar-passageiros-com-espada-em-saguao-do-aeroporto-de-viracopos\\\/#local-main-place-address\",\"streetAddress\":\"Rua dos Coqueiros, 104 - Bairro Boa Vista, Rua dos Coqueiros, 104 Bairro Boa Vista\",\"addressLocality\":\"UBIRATA\",\"postalCode\":\"85440-000\",\"addressRegion\":\"PR\",\"addressCountry\":\"BR\"},{\"@type\":\"ImageObject\",\"inLanguage\":\"en-US\",\"@id\":\"https:\\\/\\\/ubirataonline.com.br\\\/homem-e-preso-apos-ameacar-passageiros-com-espada-em-saguao-do-aeroporto-de-viracopos\\\/#local-main-organization-logo\",\"url\":\"https:\\\/\\\/ubirataonline.com.br\\\/wp-content\\\/uploads\\\/2026\\\/06\\\/logoubirataonline-1.webp\",\"contentUrl\":\"https:\\\/\\\/ubirataonline.com.br\\\/wp-content\\\/uploads\\\/2026\\\/06\\\/logoubirataonline-1.webp\",\"width\":500,\"height\":500,\"caption\":\"Ubirat\u00e3 Online Not\u00edcias\"}]}<\/script>\n<meta name=\"geo.placename\" content=\"UBIRATA\" \/>\n<meta name=\"geo.position\" content=\"-24.5361401;-52.9921776\" \/>\n<meta name=\"geo.region\" content=\"Brazil\" \/>\n<!-- \/ Yoast SEO Premium plugin. -->","yoast_head_json":{"title":"Homem \u00e9 preso ap\u00f3s amea\u00e7ar passageiros com espada em sagu\u00e3o do Aeroporto de Viracopos - Ubirat\u00e3 Online Not\u00edcias - A realidade ao seu alcance!","description":"Um homem que portava uma espada foi imobilizado por policiais militares e preso no sagu\u00e3o de desembarque do Aeroporto Internacional de Viracopos, em","robots":{"index":"index","follow":"follow","max-snippet":"max-snippet:-1","max-image-preview":"max-image-preview:large","max-video-preview":"max-video-preview:-1"},"canonical":"https:\/\/ubirataonline.com.br\/en\/homem-e-preso-apos-ameacar-passageiros-com-espada-em-saguao-do-aeroporto-de-viracopos\/","og_locale":"en_US","og_type":"article","og_title":"Homem \u00e9 preso ap\u00f3s amea\u00e7ar passageiros com espada em sagu\u00e3o do Aeroporto de Viracopos","og_description":"Um homem que portava uma espada foi imobilizado por policiais militares e preso no sagu\u00e3o de desembarque do Aeroporto Internacional de Viracopos, em","og_url":"https:\/\/ubirataonline.com.br\/en\/homem-e-preso-apos-ameacar-passageiros-com-espada-em-saguao-do-aeroporto-de-viracopos\/","og_site_name":"Ubirat\u00e3 Online Not\u00edcias - A realidade ao seu alcance!","article_publisher":"https:\/\/www.facebook.com\/portalubirataonline","article_author":"https:\/\/www.facebook.com\/portalubirataonline","article_published_time":"2026-04-27T16:23:47+00:00","article_modified_time":"2026-04-27T16:23:52+00:00","og_image":[{"width":768,"height":461,"url":"https:\/\/ubirataonline.com.br\/wp-content\/uploads\/2026\/03\/Gilmar-ve-explicacao-insuficiente-e-da-72-horas-para-MPRJ.gif","type":"image\/gif"}],"author":"REDA\u00c7\u00c3O: UBIRAT\u00c3 ONLINE - F\u00c1BIO AUGUSTO CELESTINO","twitter_card":"summary_large_image","twitter_creator":"@x.com\/ubirataonline","twitter_site":"@ubirataonline","twitter_misc":{"Written by":"REDA\u00c7\u00c3O: UBIRAT\u00c3 ONLINE - F\u00c1BIO AUGUSTO CELESTINO","Est. reading time":"2 minutes"},"schema":{"@context":"https:\/\/schema.org","@graph":[{"@type":"NewsArticle","@id":"https:\/\/ubirataonline.com.br\/homem-e-preso-apos-ameacar-passageiros-com-espada-em-saguao-do-aeroporto-de-viracopos\/#article","isPartOf":{"@id":"https:\/\/ubirataonline.com.br\/homem-e-preso-apos-ameacar-passageiros-com-espada-em-saguao-do-aeroporto-de-viracopos\/"},"author":{"name":"REDA\u00c7\u00c3O: UBIRAT\u00c3 ONLINE - F\u00c1BIO AUGUSTO CELESTINO","@id":"https:\/\/ubirataonline.com.br\/#\/schema\/person\/372f87bbd3fdd79b8556b84c98d0bc1c"},"headline":"Homem \u00e9 preso ap\u00f3s amea\u00e7ar passageiros com espada em sagu\u00e3o do Aeroporto de Viracopos","datePublished":"2026-04-27T16:23:47+00:00","dateModified":"2026-04-27T16:23:52+00:00","mainEntityOfPage":{"@id":"https:\/\/ubirataonline.com.br\/homem-e-preso-apos-ameacar-passageiros-com-espada-em-saguao-do-aeroporto-de-viracopos\/"},"wordCount":330,"publisher":{"@id":"https:\/\/ubirataonline.com.br\/#organization"},"image":{"@id":"https:\/\/ubirataonline.com.br\/homem-e-preso-apos-ameacar-passageiros-com-espada-em-saguao-do-aeroporto-de-viracopos\/#primaryimage"},"thumbnailUrl":"https:\/\/ubirataonline.com.br\/wp-content\/uploads\/2026\/03\/Gilmar-ve-explicacao-insuficiente-e-da-72-horas-para-MPRJ.gif","keywords":["aeroporto","amea\u00e7ar","ap\u00f3s","Espada","homem","passageiros","preso","sagu\u00e3o","Viracopos"],"articleSection":["Ubirat\u00e3"],"inLanguage":"en-US","copyrightYear":"2026","copyrightHolder":{"@id":"https:\/\/ubirataonline.com.br\/en\/#organization"}},{"@type":"WebPage","@id":"https:\/\/ubirataonline.com.br\/homem-e-preso-apos-ameacar-passageiros-com-espada-em-saguao-do-aeroporto-de-viracopos\/","url":"https:\/\/ubirataonline.com.br\/homem-e-preso-apos-ameacar-passageiros-com-espada-em-saguao-do-aeroporto-de-viracopos\/","name":"Homem \u00e9 preso ap\u00f3s amea\u00e7ar passageiros com espada em sagu\u00e3o do Aeroporto de Viracopos - Ubirat\u00e3 Online Not\u00edcias - A realidade ao seu alcance!","isPartOf":{"@id":"https:\/\/ubirataonline.com.br\/#website"},"primaryImageOfPage":{"@id":"https:\/\/ubirataonline.com.br\/homem-e-preso-apos-ameacar-passageiros-com-espada-em-saguao-do-aeroporto-de-viracopos\/#primaryimage"},"image":{"@id":"https:\/\/ubirataonline.com.br\/homem-e-preso-apos-ameacar-passageiros-com-espada-em-saguao-do-aeroporto-de-viracopos\/#primaryimage"},"thumbnailUrl":"https:\/\/ubirataonline.com.br\/wp-content\/uploads\/2026\/03\/Gilmar-ve-explicacao-insuficiente-e-da-72-horas-para-MPRJ.gif","datePublished":"2026-04-27T16:23:47+00:00","dateModified":"2026-04-27T16:23:52+00:00","description":"Um homem que portava uma espada foi imobilizado por policiais militares e preso no sagu\u00e3o de desembarque do Aeroporto Internacional de Viracopos, em","breadcrumb":{"@id":"https:\/\/ubirataonline.com.br\/homem-e-preso-apos-ameacar-passageiros-com-espada-em-saguao-do-aeroporto-de-viracopos\/#breadcrumb"},"inLanguage":"en-US","potentialAction":[{"@type":"ReadAction","target":["https:\/\/ubirataonline.com.br\/homem-e-preso-apos-ameacar-passageiros-com-espada-em-saguao-do-aeroporto-de-viracopos\/"]}]},{"@type":"ImageObject","inLanguage":"en-US","@id":"https:\/\/ubirataonline.com.br\/homem-e-preso-apos-ameacar-passageiros-com-espada-em-saguao-do-aeroporto-de-viracopos\/#primaryimage","url":"https:\/\/ubirataonline.com.br\/wp-content\/uploads\/2026\/03\/Gilmar-ve-explicacao-insuficiente-e-da-72-horas-para-MPRJ.gif","contentUrl":"https:\/\/ubirataonline.com.br\/wp-content\/uploads\/2026\/03\/Gilmar-ve-explicacao-insuficiente-e-da-72-horas-para-MPRJ.gif","width":768,"height":461,"caption":"Gilmar v\u00ea explica\u00e7\u00e3o insuficiente e d\u00e1 72 horas para MPRJ explicar pagamento de penduricalhos"},{"@type":"BreadcrumbList","@id":"https:\/\/ubirataonline.com.br\/homem-e-preso-apos-ameacar-passageiros-com-espada-em-saguao-do-aeroporto-de-viracopos\/#breadcrumb","itemListElement":[{"@type":"ListItem","position":1,"name":"In\u00edcio","item":"https:\/\/ubirataonline.com.br\/"},{"@type":"ListItem","position":2,"name":"Homem \u00e9 preso ap\u00f3s amea\u00e7ar passageiros com espada em sagu\u00e3o do Aeroporto de Viracopos"}]},{"@type":"WebSite","@id":"https:\/\/ubirataonline.com.br\/#website","url":"https:\/\/ubirataonline.com.br\/","name":"Ubirat\u00e3 Online Not\u00edcias","description":"Not\u00edcias de Ubirat\u00e3, regi\u00e3o, Brasil e mundo, com informa\u00e7\u00e3o atualizada e compromisso com o leitor.","publisher":{"@id":"https:\/\/ubirataonline.com.br\/#organization"},"alternateName":"Ubirat\u00e3 Online","potentialAction":[{"@type":"SearchAction","target":{"@type":"EntryPoint","urlTemplate":"https:\/\/ubirataonline.com.br\/?s={search_term_string}"},"query-input":{"@type":"PropertyValueSpecification","valueRequired":true,"valueName":"search_term_string"}}],"inLanguage":"en-US"},{"@type":["Organization","Place"],"@id":"https:\/\/ubirataonline.com.br\/#organization","name":"Ubirat\u00e3 Online Not\u00edcias","alternateName":"Ubirat\u00e3 Online","url":"https:\/\/ubirataonline.com.br\/","logo":{"@id":"https:\/\/ubirataonline.com.br\/homem-e-preso-apos-ameacar-passageiros-com-espada-em-saguao-do-aeroporto-de-viracopos\/#local-main-organization-logo"},"image":{"@id":"https:\/\/ubirataonline.com.br\/homem-e-preso-apos-ameacar-passageiros-com-espada-em-saguao-do-aeroporto-de-viracopos\/#local-main-organization-logo"},"sameAs":["https:\/\/www.facebook.com\/portalubirataonline","https:\/\/x.com\/ubirataonline","https:\/\/mastodon.social\/@ubirataonline","https:\/\/www.facebook.com\/groups\/311144672285604","https:\/\/www.facebook.com\/UBTAOnline","https:\/\/www.instagram.com\/portalubirataonline\/","https:\/\/twitter.com\/ubirataonline"],"description":"Somos um portal de not\u00edcias independente, criado em 5 de janeiro de 2009, com o objetivo de informar, conectar e valorizar a nossa comunidade de Ubirat\u00e3 e toda aregi\u00e3o. Com conte\u00fado atualizado, confi\u00e1vel e relevante, o Ubirat\u00e3 Online \u00e9 o seu espa\u00e7o para ficar por dentro dos principais acontecimentos locais, regionais, Brasil, Mundo e de interesse geral. Nosso compromisso \u00e9 com a verdade, a transpar\u00eancia e o respeito ao leitor.","legalName":"UBIRATA ONLINE NOT\u00cdCIAS","foundingDate":"2009-01-05","numberOfEmployees":{"@type":"QuantitativeValue","minValue":"1","maxValue":"10"},"publishingPrinciples":"https:\/\/ubirataonline.com.br\/faq\/","address":{"@id":"https:\/\/ubirataonline.com.br\/homem-e-preso-apos-ameacar-passageiros-com-espada-em-saguao-do-aeroporto-de-viracopos\/#local-main-place-address"},"geo":{"@type":"GeoCoordinates","latitude":"-24.5361401","longitude":"-52.9921776"},"telephone":["+5544998308235"],"contactPoint":{"@type":"ContactPoint","email":"contato@ubirataonline.com.br"},"openingHoursSpecification":{"@type":"OpeningHoursSpecification","dayOfWeek":["Monday","Tuesday","Wednesday","Thursday","Friday","Saturday","Sunday"],"opens":"00:00","closes":"23:59"},"email":"contato@ubirataonline.com.br","vatID":"47.621.418\/0001-80"},{"@type":"Person","@id":"https:\/\/ubirataonline.com.br\/#\/schema\/person\/372f87bbd3fdd79b8556b84c98d0bc1c","name":"REDA\u00c7\u00c3O: UBIRAT\u00c3 ONLINE - F\u00c1BIO AUGUSTO CELESTINO","pronouns":"Ele","description":"Desde 2003 trabalhando com not\u00edcias.","sameAs":["http:\/\/ubirataoline.com.br","https:\/\/www.facebook.com\/portalubirataonline","https:\/\/www.instagram.com\/ubirataonline_oficial","https:\/\/x.com\/x.com\/ubirataonline"],"honorificPrefix":"Mr.","honorificSuffix":"MD","birthDate":"1980-06-16","gender":"masculino","award":["V\u00e1rios pr\u00eamios de melhor portal da cidade"],"jobTitle":"Diretor","url":"https:\/\/ubirataonline.com.br\/en\/author\/ubirataonline\/"},{"@type":"PostalAddress","@id":"https:\/\/ubirataonline.com.br\/homem-e-preso-apos-ameacar-passageiros-com-espada-em-saguao-do-aeroporto-de-viracopos\/#local-main-place-address","streetAddress":"Rua dos Coqueiros, 104 - Bairro Boa Vista, Rua dos Coqueiros, 104 Bairro Boa Vista","addressLocality":"UBIRATA","postalCode":"85440-000","addressRegion":"PR","addressCountry":"BR"},{"@type":"ImageObject","inLanguage":"en-US","@id":"https:\/\/ubirataonline.com.br\/homem-e-preso-apos-ameacar-passageiros-com-espada-em-saguao-do-aeroporto-de-viracopos\/#local-main-organization-logo","url":"https:\/\/ubirataonline.com.br\/wp-content\/uploads\/2026\/06\/logoubirataonline-1.webp","contentUrl":"https:\/\/ubirataonline.com.br\/wp-content\/uploads\/2026\/06\/logoubirataonline-1.webp","width":500,"height":500,"caption":"Ubirat\u00e3 Online Not\u00edcias"}]},"geo.placename":"UBIRATA","geo.position":{"lat":"-24.5361401","long":"-52.9921776"},"geo.region":"Brazil"},"_links":{"self":[{"href":"https:\/\/ubirataonline.com.br\/en\/wp-json\/wp\/v2\/posts\/116791","targetHints":{"allow":["GET"]}}],"collection":[{"href":"https:\/\/ubirataonline.com.br\/en\/wp-json\/wp\/v2\/posts"}],"about":[{"href":"https:\/\/ubirataonline.com.br\/en\/wp-json\/wp\/v2\/types\/post"}],"author":[{"embeddable":true,"href":"https:\/\/ubirataonline.com.br\/en\/wp-json\/wp\/v2\/users\/1"}],"replies":[{"embeddable":true,"href":"https:\/\/ubirataonline.com.br\/en\/wp-json\/wp\/v2\/comments?post=116791"}],"version-history":[{"count":0,"href":"https:\/\/ubirataonline.com.br\/en\/wp-json\/wp\/v2\/posts\/116791\/revisions"}],"wp:featuredmedia":[{"embeddable":true,"href":"https:\/\/ubirataonline.com.br\/en\/wp-json\/wp\/v2\/media\/92994"}],"wp:attachment":[{"href":"https:\/\/ubirataonline.com.br\/en\/wp-json\/wp\/v2\/media?parent=116791"}],"wp:term":[{"taxonomy":"category","embeddable":true,"href":"https:\/\/ubirataonline.com.br\/en\/wp-json\/wp\/v2\/categories?post=116791"},{"taxonomy":"post_tag","embeddable":true,"href":"https:\/\/ubirataonline.com.br\/en\/wp-json\/wp\/v2\/tags?post=116791"}],"curies":[{"name":"wp","href":"https:\/\/api.w.org\/{rel}","templated":true}]}}