{"id":118650,"date":"2026-04-29T12:16:55","date_gmt":"2026-04-29T15:16:55","guid":{"rendered":"https:\/\/ubirataonline.com.br\/kimmels-message-to-trump-in-wake-of-fcc-challenge-to-abc-the-show-goes-on\/"},"modified":"2026-04-29T12:17:10","modified_gmt":"2026-04-29T15:17:10","slug":"kimmels-message-to-trump-in-wake-of-fcc-challenge-to-abc-the-show-goes-on","status":"publish","type":"post","link":"https:\/\/ubirataonline.com.br\/en\/kimmels-message-to-trump-in-wake-of-fcc-challenge-to-abc-the-show-goes-on\/","title":{"rendered":"Kimmel\u2019s message to Trump in wake of FCC challenge to ABC: The show goes on"},"content":{"rendered":"<p><br \/>\n<\/p>\n<div data-editable=\"content\" itemprop=\"articleBody\" data-reorderable=\"content\">\n<p class=\"paragraph-elevate inline-placeholder vossi-paragraph_elevate\" data-uri=\"cms.cnn.com\/_components\/paragraph\/instances\/cmojg0xoy001w2dqo76e618vw@published\" data-editable=\"text\" data-component-name=\"paragraph\" data-article-gutter=\"true\">\n            On the day that the Trump administration <a href=\"https:\/\/www.cnn.com\/2026\/04\/28\/media\/fcc-kimmel-disney-abc-trump-licenses\">challenged ABC\u2019s station licenses<\/a>, Jimmy Kimmel had a message for President Donald<strong> <\/strong>Trump: The show goes on.\n    <\/p>\n<p class=\"paragraph-elevate inline-placeholder vossi-paragraph_elevate\" data-uri=\"cms.cnn.com\/_components\/paragraph\/instances\/cmojg45sf00093b6obuzjnwr8@published\" data-editable=\"text\" data-component-name=\"paragraph\" data-article-gutter=\"true\">\n            On Tuesday night\u2019s episode of \u201cJimmy Kimmel Live!\u201d the comedian did not refer to the news about the network\u2019s parent company, Disney, coming under highly unusual scrutiny from the federal government.\n    <\/p>\n<p class=\"paragraph-elevate inline-placeholder vossi-paragraph_elevate\" data-uri=\"cms.cnn.com\/_components\/paragraph\/instances\/cmojg45sf000a3b6o5t3ys166@published\" data-editable=\"text\" data-component-name=\"paragraph\" data-article-gutter=\"true\">\n            Instead, the comedian used a satirical monologue on King Charles and Queen Camilla\u2019s visit to the White House to highlight the hypocrisy of a joke the president made about his marriage to first lady<strong> <\/strong>Melania Trump<strong>.<\/strong>\n    <\/p>\n<p class=\"paragraph-elevate inline-placeholder vossi-paragraph_elevate\" data-uri=\"cms.cnn.com\/_components\/paragraph\/instances\/cmojjs3e6001m3b6ovazmj2h8@published\" data-editable=\"text\" data-component-name=\"paragraph\" data-article-gutter=\"true\">\n            During an arrival ceremony for the royals, Trump spoke Tuesday about his parents\u2019 63-year-marriage, turning to Melania and joking, \u201cThat\u2019s a record we won\u2019t be able to match, darling, I\u2019m sorry.\u201d\n    <\/p>\n<p class=\"paragraph-elevate inline-placeholder vossi-paragraph_elevate\" data-uri=\"cms.cnn.com\/_components\/paragraph\/instances\/cmojkh6h700012a6ggkbir8n0@published\" data-editable=\"text\" data-component-name=\"paragraph\" data-article-gutter=\"true\">\n            Referencing the <a href=\"https:\/\/www.cnn.com\/2026\/04\/27\/media\/kimmel-trump-disney-damaro\">controversy around comments he made last week<\/a> about the first lady, Kimmel playfully asked the audience, \u201cWait a minute, did he just make a joke about his death?\u201d\n    <\/p>\n<p class=\"paragraph-elevate inline-placeholder vossi-paragraph_elevate\" data-uri=\"cms.cnn.com\/_components\/paragraph\/instances\/cmojjt1jl001o3b6ompxwbeoe@published\" data-editable=\"text\" data-component-name=\"paragraph\" data-article-gutter=\"true\">\n            \u201cOnly Donald Trump would demand that I be fired for making a joke about his old age and then a day later, go out and make a joke about his old age,\u201d Kimmel said.\n    <\/p>\n<div data-uri=\"cms.cnn.com\/_components\/video-resource\/instances\/cmoji25hi00153b6oqmw1pq1k@published\" data-component-name=\"video-resource\" data-editable=\"settings\" class=\"video-resource-elevate\" data-fixed-ratio=\"16x9\" data-canonical-url-path=\"\/2026\/04\/28\/politics\/video\/jimmy-kimmel-respond-donald-trump-melania-criticism-elex-michaelson-hnk-digvid\" data-auth-type=\"\" data-card-url=\"\" data-parent-uri=\"cms.cnn.com\/_components\/video-resource\/instances\/cmoieqgmi00003b6p831s30x4@published\" data-video-id=\"me469c97f6da1b87804dc9d95bb606c81bdefc636c\" data-media-id=\"me469c97f6da1b87804dc9d95bb606c81bdefc636c\" data-bolt-id=\"eb6451ed-f2c4-5d8f-bb15-1983df0a400d\" data-live=\"\" data-analytics-aggregate-events=\"true\" data-custom-experience=\"\" data-asset-type=\"hlsTs\" data-content-type=\"mediasource-clip\" data-medium-env=\"\" data-autostart=\"disabled\" data-show-ads=\"true\" data-source=\"CNN\" data-featured-video=\"true\" data-headline=\"What Kimmel said about Melania and why Trump wants him fired\" data-has-video-player=\"true\" data-description=\"&lt;p&gt;Late-night host Jimmy Kimmel responded to criticism from President Donald Trump and First Lady Melania Trump about a monologue Kimmel gave two days before a gunman opened fire at the White House Correspondents\u2019 Dinner. CNN's Elex Michaelson reports.&lt;\/p&gt;\" data-duration=\"01:47\" data-source-html=\"&lt;span class=&quot;video-resource__source&quot;&gt; \u2022 Source:&#10;                &#10;                    &lt;a target=&quot;_self&quot; href=&quot;https:\/\/www.cnn.com\/&quot; class=&quot;video-resource__source-url&quot;&gt;CNN&lt;\/a&gt;&#10;        &lt;\/span&gt;\" data-fave-thumbnails=\"{&quot;big&quot;: { &quot;uri&quot;: &quot;https:\/\/media.cnn.com\/api\/v1\/images\/stellar\/prod\/119173-kimmelrespondsmelaniajoke-digvid.jpg?c=16x9&quot; }, &quot;small&quot;: { &quot;uri&quot;: &quot;https:\/\/media.cnn.com\/api\/v1\/images\/stellar\/prod\/119173-kimmelrespondsmelaniajoke-digvid.jpg?c=16x9&quot; }  }\" data-vr-video=\"false\" data-show-html=\"&lt;!-- unable to render partial show without a supplied context --&gt;\" data-byline-html=\"&lt;div&#10;  data-uri=&quot;cms.cnn.com\/_components\/byline\/instances\/cmoieqgz800033b6pi349uzj4@published&quot;&#10;  data-component-name=&quot;byline&quot;&#10;  class=&quot;vossi-byline_elevate byline-elevate&quot;&#10;  data-editable=&quot;settings&quot;&#10;&gt;&#10;        &lt;div class=&quot;byline__authors vossi-byline_elevate__authors&quot;&gt;By &lt;div class=&quot;byline__author vossi-byline_elevate__author&quot;&gt;&lt;a class=&quot;byline__image-link vossi-byline_elevate__link&quot; href=&quot;https:\/\/www.cnn.com\/profiles\/elex-michaelson&quot;&gt;&lt;span&gt;&lt;img height=&quot;50&quot; width=&quot;50&quot; class=&quot;byline__image vossi-byline_elevate__image&quot; src=&quot;https:\/\/media.cnn.com\/api\/v1\/images\/stellar\/prod\/t1cnnblackbadge.jpg?c=16x9&amp;q=h_270,w_480,c_fill\/c_thumb,g_face,w_50,h_50&quot; alt=&quot;&quot; onerror=&quot;imageLoadError(this)&quot;\/&gt;&lt;\/span&gt;&lt;\/a&gt;&lt;a class=&quot;byline__link vossi-byline_elevate__link&quot; href=&quot;https:\/\/www.cnn.com\/profiles\/elex-michaelson&quot;&gt;&lt;span class=&quot;byline__name vossi-byline_elevate__name&quot;&gt;Elex Michaelson&lt;\/span&gt;&lt;\/a&gt;&lt;\/div&gt;&lt;\/div&gt;&#10;&lt;\/div&gt;\" data-timestamp-html=\"&lt;div&#10;  class=&quot;timestamp-elevate vossi-timestamp_elevate&quot;&#10;  data-uri=&quot;cms.cnn.com\/_components\/timestamp\/instances\/cmoieqgz800043b6p4oj2ocfj@published&quot;&#10;  data-editable=&quot;settings&quot;&#10;&gt;&#10;    &lt;div class=&quot;timestamp__container vossi-timestamp_elevate__container&quot;&gt;&#10;              &lt;noscript&gt;&#10;                &lt;div&gt;&#10;                  &lt;time datetime=&quot;2026-04-29T05:02:46.844Z&quot;&gt;Updated Apr 29, 2026, 1:02 AM ET&lt;\/time&gt;&#10;                  &lt;time datetime=&quot;2026-04-29T05:02:46.844Z&quot;&gt;Published Apr 29, 2026, 1:02 AM ET&lt;\/time&gt;&#10;                &lt;\/div&gt;&#10;              &lt;\/noscript&gt;&#10;              &lt;span class=&quot;timestamp__time-since vossi-timestamp_elevate__time-since&quot; data-first-publish=&quot;2026-04-29T05:02:46.844Z&quot; data-last-publish=&quot;2026-04-29T05:02:46.844Z&quot;&gt;&lt;\/span&gt;&#10;          &lt;\/div&gt;&#10;          &lt;div class=&quot;timestamp__details vossi-timestamp_elevate__details&quot;&gt;&#10;            &#10;            &lt;div class=&quot;timestamp__published vossi-timestamp_elevate__published&quot;&gt;PUBLISHED &lt;time datetime=&quot;2026-04-29T05:02:46.844Z&quot;&gt;Apr 29, 2026, 1:02 AM ET&lt;\/time&gt;&lt;\/div&gt;&#10;          &lt;\/div&gt;&#10;&lt;\/div&gt;\" data-check-event-based-preview=\"\" data-is-vertical-video-embed=\"false\" data-network-id=\"\" data-publish-date=\"2026-04-28T09:13:39.683Z\" data-video-section=\"politics\" data-canonical-url=\"https:\/\/www.cnn.com\/2026\/04\/28\/politics\/video\/jimmy-kimmel-respond-donald-trump-melania-criticism-elex-michaelson-hnk-digvid\" data-branding-key=\"\" data-video-slug=\"jimmy-kimmel-respond-donald-trump-melania-criticism-elex-michaelson-hnk-digvid\" data-first-publish-slug=\"jimmy-kimmel-respond-donald-trump-melania-criticism-elex-michaelson-hnk-digvid\" data-video-tags=\"\" data-breakpoints=\"{\" video-resource--media-extra-large=\"\" data-display-video-cover=\"true\" data-details=\"\">\n<div data-uri=\"cms.cnn.com\/_components\/video-player\/instances\/cmoieqgz900073b6px2769nf3@published\" data-unselectable=\"true\" data-title=\"\" data-card-url=\"\" data-show-ads=\"true\" data-is-vertical-video-embed=\"false\" data-custom-experience=\"\" data-component-name=\"video-player\" data-autostart=\"disabled\" data-is-vertical-video=\"\" data-fixed-ratio=\"16x9\" data-headline=\"What Kimmel said about Melania and why Trump wants him fired\" data-auth-type=\"\" data-video-resource-parent-uri=\"cms.cnn.com\/_components\/video-resource\/instances\/cmoieqgmi00003b6p831s30x4@published\" data-live=\"\" data-content-type=\"mediasource-clip\" data-video-resource-uri=\"cms.cnn.com\/_components\/video-resource\/instances\/cmoji25hi00153b6oqmw1pq1k@published\" data-poster-image-override=\"{&quot;big&quot;: { &quot;uri&quot;: &quot;https:\/\/media.cnn.com\/api\/v1\/images\/stellar\/prod\/119173-kimmelrespondsmelaniajoke-digvid.jpg?c=16x9&quot; }, &quot;small&quot;: { &quot;uri&quot;: &quot;https:\/\/media.cnn.com\/api\/v1\/images\/stellar\/prod\/119173-kimmelrespondsmelaniajoke-digvid.jpg?c=16x9&quot; }  }\" data-video-id=\"me469c97f6da1b87804dc9d95bb606c81bdefc636c\" data-media-id=\"me469c97f6da1b87804dc9d95bb606c81bdefc636c\" data-bolt-id=\"eb6451ed-f2c4-5d8f-bb15-1983df0a400d\" data-duration=\"01:47\" data-description=\"&lt;p&gt;Late-night host Jimmy Kimmel responded to criticism from President Donald Trump and First Lady Melania Trump about a monologue Kimmel gave two days before a gunman opened fire at the White House Correspondents\u2019 Dinner. CNN's Elex Michaelson reports.&lt;\/p&gt;\" data-check-event-based-preview=\"\" data-network-id=\"\" data-publish-date=\"2026-04-28T09:13:39.683Z\" data-video-section=\"politics\" data-canonical-url=\"https:\/\/www.cnn.com\/2026\/04\/28\/politics\/video\/jimmy-kimmel-respond-donald-trump-melania-criticism-elex-michaelson-hnk-digvid\" data-branding-key=\"\" data-video-slug=\"jimmy-kimmel-respond-donald-trump-melania-criticism-elex-michaelson-hnk-digvid\" data-first-publish-slug=\"jimmy-kimmel-respond-donald-trump-melania-criticism-elex-michaelson-hnk-digvid\" data-video-tags=\"\" data-media-metadata=\"{&quot;adKeyValuePairs&quot;:{&quot;spec&quot;:&quot;default&quot;},&quot;boltId&quot;:&quot;eb6451ed-f2c4-5d8f-bb15-1983df0a400d&quot;,&quot;branding&quot;:&quot;default&quot;,&quot;cepFedSegs&quot;:&quot;wbd:231,wbd:534,wbd:677,wbd:15PN,wbd:15LP,wbd:15P9,wbd:81N2,wbd:15LY,wbd:7FJ3,wbd:7FJ1,wbd:7GYX,wbd:7H03,wbd:7H02,wbd:14WQ,wbd:15H3,wbd:15KN,wbd:14V9,wbd:C36Q,wbd:7FJ2,wbd:7GYL,wbd:14VD,wbd:7PWL,wbd:15HT,wbd:16B7,wbd:2PCG,wbd:2JP6,wbd:2JP5,wbd:2PCF,wbd:2PC9,wbd:2PCB,wbd:5W9Z,wbd:YQQ,wbd:47B,wbd:3VT,wbd:BPP,wbd:70M,wbd:5NC,wbd:7W1Z,wbd:21X,wbd:53D,wbd:7KS,wbd:80N,wbd:DHX,wbd:7WN,wbd:3YX,wbd:5FT,wbd:3XJ,wbd:4P0,wbd:4JX&quot;,&quot;cepParams&quot;:&quot;231=cep_tags&amp;534=cep_tags&amp;677=cep_tags&amp;15PN=cep_brsf&amp;15LP=cep_brsf&amp;15P9=cep_brsf&amp;81N2=cep_brsf&amp;15LY=cep_brsf&amp;7FJ3=cep_iabt&amp;7FJ1=cep_iabt&amp;7GYX=cep_iabt&amp;7H03=cep_iabt&amp;7H02=cep_iabt&amp;14WQ=cep_iabt&amp;15H3=cep_iabt&amp;15KN=cep_iabt&amp;14V9=cep_iabt&amp;C36Q=cep_iabt&amp;7FJ2=cep_iabt&amp;7GYL=cep_iabt&amp;14VD=cep_iabt&amp;7PWL=cep_iabt&amp;15HT=cep_iabt&amp;16B7=cep_sent&amp;2PCG=cep_tags&amp;2JP6=cep_tags&amp;2JP5=cep_tags&amp;2PCF=cep_tags&amp;2PC9=cep_tags&amp;2PCB=cep_tags&amp;5W9Z=cep_tags&amp;YQQ=cep_tags&amp;47B=cep_tags&amp;3VT=cep_tags&amp;BPP=cep_tags&amp;70M=cep_tags&amp;5NC=cep_tags&amp;7W1Z=cep_tags&amp;21X=cep_tags&amp;53D=cep_tags&amp;7KS=cep_tags&amp;80N=cep_tags&amp;DHX=cep_tags&amp;7WN=cep_tags&amp;3YX=cep_tags&amp;5FT=cep_tags&amp;3XJ=cep_tags&amp;4P0=cep_tags&amp;4JX=cep_tags&quot;,&quot;cepTopics&quot;:{&quot;231&quot;:&quot;cep_tags&quot;,&quot;534&quot;:&quot;cep_tags&quot;,&quot;677&quot;:&quot;cep_tags&quot;,&quot;15PN&quot;:&quot;cep_brsf&quot;,&quot;15LP&quot;:&quot;cep_brsf&quot;,&quot;15P9&quot;:&quot;cep_brsf&quot;,&quot;81N2&quot;:&quot;cep_brsf&quot;,&quot;15LY&quot;:&quot;cep_brsf&quot;,&quot;7FJ3&quot;:&quot;cep_iabt&quot;,&quot;7FJ1&quot;:&quot;cep_iabt&quot;,&quot;7GYX&quot;:&quot;cep_iabt&quot;,&quot;7H03&quot;:&quot;cep_iabt&quot;,&quot;7H02&quot;:&quot;cep_iabt&quot;,&quot;14WQ&quot;:&quot;cep_iabt&quot;,&quot;15H3&quot;:&quot;cep_iabt&quot;,&quot;15KN&quot;:&quot;cep_iabt&quot;,&quot;14V9&quot;:&quot;cep_iabt&quot;,&quot;C36Q&quot;:&quot;cep_iabt&quot;,&quot;7FJ2&quot;:&quot;cep_iabt&quot;,&quot;7GYL&quot;:&quot;cep_iabt&quot;,&quot;14VD&quot;:&quot;cep_iabt&quot;,&quot;7PWL&quot;:&quot;cep_iabt&quot;,&quot;15HT&quot;:&quot;cep_iabt&quot;,&quot;16B7&quot;:&quot;cep_sent&quot;,&quot;2PCG&quot;:&quot;cep_tags&quot;,&quot;2JP6&quot;:&quot;cep_tags&quot;,&quot;2JP5&quot;:&quot;cep_tags&quot;,&quot;2PCF&quot;:&quot;cep_tags&quot;,&quot;2PC9&quot;:&quot;cep_tags&quot;,&quot;2PCB&quot;:&quot;cep_tags&quot;,&quot;5W9Z&quot;:&quot;cep_tags&quot;,&quot;YQQ&quot;:&quot;cep_tags&quot;,&quot;47B&quot;:&quot;cep_tags&quot;,&quot;3VT&quot;:&quot;cep_tags&quot;,&quot;BPP&quot;:&quot;cep_tags&quot;,&quot;70M&quot;:&quot;cep_tags&quot;,&quot;5NC&quot;:&quot;cep_tags&quot;,&quot;7W1Z&quot;:&quot;cep_tags&quot;,&quot;21X&quot;:&quot;cep_tags&quot;,&quot;53D&quot;:&quot;cep_tags&quot;,&quot;7KS&quot;:&quot;cep_tags&quot;,&quot;80N&quot;:&quot;cep_tags&quot;,&quot;DHX&quot;:&quot;cep_tags&quot;,&quot;7WN&quot;:&quot;cep_tags&quot;,&quot;3YX&quot;:&quot;cep_tags&quot;,&quot;5FT&quot;:&quot;cep_tags&quot;,&quot;3XJ&quot;:&quot;cep_tags&quot;,&quot;4P0&quot;:&quot;cep_tags&quot;,&quot;4JX&quot;:&quot;cep_tags&quot;},&quot;description&quot;:&quot;&lt;p&gt;Late-night host Jimmy Kimmel responded to criticism from President Donald Trump and First Lady Melania Trump about a monologue Kimmel gave two days before a gunman opened fire at the White House Correspondents\u2019 Dinner. CNN's Elex Michaelson reports.&lt;\/p&gt;&quot;,&quot;firstPublishSlug&quot;:&quot;jimmy-kimmel-respond-donald-trump-melania-criticism-elex-michaelson-hnk-digvid&quot;,&quot;headline&quot;:&quot;What Kimmel said about Melania and why Trump wants him fired&quot;,&quot;id&quot;:&quot;me469c97f6da1b87804dc9d95bb606c81bdefc636c&quot;,&quot;isAdSensitive&quot;:false,&quot;mediumId&quot;:&quot;me469c97f6da1b87804dc9d95bb606c81bdefc636c&quot;,&quot;sectionName&quot;:&quot;politics&quot;,&quot;source&quot;:&quot;CNN&quot;,&quot;stellarId&quot;:&quot;L19jb21wb25lbnRzL3ZpZGVvLXJlc291cmNlL2luc3RhbmNlcy9jbW9pZXFnbWkwMDAwM2I2cDgzMXMzMHg0&quot;,&quot;trt&quot;:&quot;107.441&quot;,&quot;videoTags&quot;:[],&quot;videoUrl&quot;:&quot;https:\/\/www.cnn.com\/2026\/04\/28\/politics\/video\/jimmy-kimmel-respond-donald-trump-melania-criticism-elex-michaelson-hnk-digvid&quot;}\" class=\"video-resource\">\n<div id=\"player-cms.cnn.com\/_components\/video-player\/instances\/cmoieqgz900073b6px2769nf3@published\" class=\"video-resource__wrapper\">\n<div class=\"video-resource__image\">\n<div data-uri=\"cms.cnn.com\/_components\/image\/instances\/cmoieqgz900053b6p6f9j0gjw@published\" class=\"image-elevate vossi-image_elevate  image__hide-placeholder\" data-image-variation=\"image\" data-name=\"119173_KimmelRespondsMelaniaJoke digvid.jpg\" data-component-name=\"image\" data-observe-resizes=\"\" data-breakpoints=\"{\" image--eq-extra-small=\"\" data-original-ratio=\"0.5625\" data-original-height=\"1080\" data-original-width=\"1920\" data-url=\"https:\/\/media.cnn.com\/api\/v1\/images\/stellar\/prod\/119173-kimmelrespondsmelaniajoke-digvid.jpg?c=original\" data-unselectable=\"true\">\n<div class=\"image__container\" data-image-variation=\"image\" data-breakpoints=\"{\" image--eq-extra-small=\"\">\n       <picture class=\"image__picture\"><source height=\"undefined\" width=\"679\" media=\"(max-width: 479px)\" srcset=\"https:\/\/media.cnn.com\/api\/v1\/images\/stellar\/prod\/119173-kimmelrespondsmelaniajoke-digvid.jpg?c=16x9&amp;q=w_679,c_fill\/f_webp\" type=\"image\/webp\"><source height=\"undefined\" width=\"967\" media=\"(min-width: 480px) and (max-width: 767px)\" srcset=\"https:\/\/media.cnn.com\/api\/v1\/images\/stellar\/prod\/119173-kimmelrespondsmelaniajoke-digvid.jpg?c=16x9&amp;q=w_967,c_fill\/f_webp\" type=\"image\/webp\"><source height=\"undefined\" width=\"860\" media=\"(min-width: 768px) and (max-width: 1023px)\" srcset=\"https:\/\/media.cnn.com\/api\/v1\/images\/stellar\/prod\/119173-kimmelrespondsmelaniajoke-digvid.jpg?c=16x9&amp;q=w_860,c_fill\/f_webp\" type=\"image\/webp\"><source height=\"undefined\" width=\"860\" media=\"(min-width: 1024px) and (max-width: 1279px)\" srcset=\"https:\/\/media.cnn.com\/api\/v1\/images\/stellar\/prod\/119173-kimmelrespondsmelaniajoke-digvid.jpg?c=16x9&amp;q=w_860,c_fill\/f_webp\" type=\"image\/webp\"><source height=\"undefined\" width=\"860\" media=\"(min-width: 1280px)\" srcset=\"https:\/\/media.cnn.com\/api\/v1\/images\/stellar\/prod\/119173-kimmelrespondsmelaniajoke-digvid.jpg?c=16x9&amp;q=w_860,c_fill\/f_webp\" type=\"image\/webp\"><\/source><\/source><\/source><\/source><\/source><\/picture>\n    <\/div>\n<\/div><\/div>\n<\/p><\/div>\n<\/div>\n<div class=\"video-resource__details\">\n<p>What Kimmel said about Melania and why Trump wants him fired\n                <\/p>\n<\/p><\/div>\n<div class=\"video-resource__cover\">\n<div data-uri=\"cms.cnn.com\/_components\/image\/instances\/cmoieqgz900053b6p6f9j0gjw@published\" class=\"image-elevate vossi-image_elevate  image__hide-placeholder\" data-image-variation=\"image\" data-name=\"119173_KimmelRespondsMelaniaJoke digvid.jpg\" data-component-name=\"image\" data-observe-resizes=\"\" data-breakpoints=\"{\" image--eq-extra-small=\"\" data-original-ratio=\"0.5625\" data-original-height=\"1080\" data-original-width=\"1920\" data-url=\"https:\/\/media.cnn.com\/api\/v1\/images\/stellar\/prod\/119173-kimmelrespondsmelaniajoke-digvid.jpg?c=original\" data-unselectable=\"true\">\n<div class=\"image__container\" data-image-variation=\"image\" data-breakpoints=\"{\" image--eq-extra-small=\"\">\n       <picture class=\"image__picture\"><source height=\"undefined\" width=\"679\" media=\"(max-width: 479px)\" srcset=\"https:\/\/media.cnn.com\/api\/v1\/images\/stellar\/prod\/119173-kimmelrespondsmelaniajoke-digvid.jpg?c=16x9&amp;q=w_679,c_fill\/f_webp\" type=\"image\/webp\"><source height=\"undefined\" width=\"967\" media=\"(min-width: 480px) and (max-width: 767px)\" srcset=\"https:\/\/media.cnn.com\/api\/v1\/images\/stellar\/prod\/119173-kimmelrespondsmelaniajoke-digvid.jpg?c=16x9&amp;q=w_967,c_fill\/f_webp\" type=\"image\/webp\"><source height=\"undefined\" width=\"860\" media=\"(min-width: 768px) and (max-width: 1023px)\" srcset=\"https:\/\/media.cnn.com\/api\/v1\/images\/stellar\/prod\/119173-kimmelrespondsmelaniajoke-digvid.jpg?c=16x9&amp;q=w_860,c_fill\/f_webp\" type=\"image\/webp\"><source height=\"undefined\" width=\"860\" media=\"(min-width: 1024px) and (max-width: 1279px)\" srcset=\"https:\/\/media.cnn.com\/api\/v1\/images\/stellar\/prod\/119173-kimmelrespondsmelaniajoke-digvid.jpg?c=16x9&amp;q=w_860,c_fill\/f_webp\" type=\"image\/webp\"><source height=\"undefined\" width=\"860\" media=\"(min-width: 1280px)\" srcset=\"https:\/\/media.cnn.com\/api\/v1\/images\/stellar\/prod\/119173-kimmelrespondsmelaniajoke-digvid.jpg?c=16x9&amp;q=w_860,c_fill\/f_webp\" type=\"image\/webp\"><img decoding=\"async\" src=\"https:\/\/media.cnn.com\/api\/v1\/images\/stellar\/prod\/119173-kimmelrespondsmelaniajoke-digvid.jpg?c=16x9&amp;q=w_860,c_fill\" alt=\"119173_KimmelRespondsMelaniaJoke digvid.jpg\" class=\"image__dam-img image__dam-img--loading\" onload=\"this.classList.remove('image__dam-img--loading')\" onerror=\"imageLoadError(this)\" height=\"1080\" width=\"1920\" loading=\"lazy\"\/><\/source><\/source><\/source><\/source><\/source><\/picture>\n    <\/div>\n<\/div>\n<div class=\"video-resource__overlay\">\n<div class=\"video-resource__controls\">\n<div class=\"video-resource__info\">\n<div class=\"video-resource__chyron-wrapper invisible\">\n<p>What Kimmel said about Melania and why Trump wants him fired<\/p>\n<\/p><\/div>\n<p>        1:47<br \/>\n         <span class=\"video-resource__source\"><br \/>\n        <\/span>\n <\/p>\n<\/p><\/div>\n<\/p><\/div>\n<\/p><\/div>\n<\/p><\/div>\n<\/div>\n<p class=\"paragraph-elevate inline-placeholder vossi-paragraph_elevate\" data-uri=\"cms.cnn.com\/_components\/paragraph\/instances\/cmojg45sf000c3b6owbsl04zb@published\" data-editable=\"text\" data-component-name=\"paragraph\" data-article-gutter=\"true\">\n            Disney has been standing by Kimmel while the president, his wife and his aides <a href=\"https:\/\/www.cnn.com\/2026\/04\/27\/politics\/melania-trump-kimmel-whcd-shooting\">push to get him fired<\/a> from ABC.\n    <\/p>\n<p class=\"paragraph-elevate inline-placeholder vossi-paragraph_elevate\" data-uri=\"cms.cnn.com\/_components\/paragraph\/instances\/cmojg45sf000d3b6o8afjm07v@published\" data-editable=\"text\" data-component-name=\"paragraph\" data-article-gutter=\"true\">\n            The FCC\u2019s directive to Disney on Tuesday made no mention of Kimmel, and instead suggested that the license challenge is related to an ongoing FCC investigation of Disney\u2019s diversity initiatives, which Trump opposes.\n    <\/p>\n<p class=\"paragraph-elevate inline-placeholder vossi-paragraph_elevate\" data-uri=\"cms.cnn.com\/_components\/paragraph\/instances\/cmojg45sf000e3b6o9yv67sig@published\" data-editable=\"text\" data-component-name=\"paragraph\" data-article-gutter=\"true\">\n            But the order that Disney must start trying to renew its station licenses \u2013 years ahead of schedule \u2013 is widely seen as an act of retaliation.\n    <\/p>\n<p class=\"paragraph-elevate inline-placeholder vossi-paragraph_elevate\" data-uri=\"cms.cnn.com\/_components\/paragraph\/instances\/cmojg45sf000f3b6o1xvr0f74@published\" data-editable=\"text\" data-component-name=\"paragraph\" data-article-gutter=\"true\">\n            Disney responded by saying that it has been operating \u201cin full compliance with FCC rules\u201d and will \u201cshow that through the appropriate legal channels.\u201d The company\u2019s statement invoked the First Amendment, signaling it is willing to fight.\n    <\/p>\n<p class=\"paragraph-elevate inline-placeholder vossi-paragraph_elevate\" data-uri=\"cms.cnn.com\/_components\/paragraph\/instances\/cmojg45sf000g3b6oeegqoo3q@published\" data-editable=\"text\" data-component-name=\"paragraph\" data-article-gutter=\"true\">\n            Experts say Disney would likely win that fight if the government tries to revoke the eight licenses the company holds. The protracted legal process for licensing could drag on for years.\n    <\/p>\n<p class=\"paragraph-elevate inline-placeholder vossi-paragraph_elevate\" data-uri=\"cms.cnn.com\/_components\/paragraph\/instances\/cmojg45sf000h3b6o387nbq7g@published\" data-editable=\"text\" data-component-name=\"paragraph\" data-article-gutter=\"true\">\n            \u201cI\u2019m glad to see that Disney is going to push back, because it has the First Amendment on its side,\u201d the FCC\u2019s lone Democratic commissioner, Anna Gomez, said on CNN\u2019s \u201cErin Burnett Outfront.\u201d\n    <\/p>\n<div data-uri=\"cms.cnn.com\/_components\/image\/instances\/cmojkevuz00033b6o01koc4eg@published\" class=\"image_large-elevate vossi-image_large-elevate  image_large__hide-placeholder\" data-image-variation=\"image_large\" data-name=\"GettyImages-2272595377.jpg\" data-component-name=\"image\" data-observe-resizes=\"\" data-breakpoints=\"{\" image_large--eq-extra-small=\"\" data-original-ratio=\"0.6680161943319838\" data-original-height=\"1320\" data-original-width=\"1976\" data-url=\"https:\/\/media.cnn.com\/api\/v1\/images\/stellar\/prod\/gettyimages-2272595377.jpg?c=original\" data-editable=\"settings\" data-article-gutter=\"true\">\n<div class=\"image_large__container\" data-image-variation=\"image_large\" data-breakpoints=\"{\" image_large--eq-extra-small=\"\">\n       <picture class=\"image_large__picture\"><source height=\"undefined\" width=\"679\" media=\"(max-width: 479px)\" srcset=\"https:\/\/media.cnn.com\/api\/v1\/images\/stellar\/prod\/gettyimages-2272595377.jpg?c=original&amp;q=w_679,c_fill\/f_webp\" type=\"image\/webp\"><source height=\"undefined\" width=\"967\" media=\"(min-width: 480px) and (max-width: 767px)\" srcset=\"https:\/\/media.cnn.com\/api\/v1\/images\/stellar\/prod\/gettyimages-2272595377.jpg?c=original&amp;q=w_967,c_fill\/f_webp\" type=\"image\/webp\"><source height=\"undefined\" width=\"860\" media=\"(min-width: 768px) and (max-width: 1023px)\" srcset=\"https:\/\/media.cnn.com\/api\/v1\/images\/stellar\/prod\/gettyimages-2272595377.jpg?c=original&amp;q=w_860,c_fill\/f_webp\" type=\"image\/webp\"><source height=\"undefined\" width=\"860\" media=\"(min-width: 1024px) and (max-width: 1279px)\" srcset=\"https:\/\/media.cnn.com\/api\/v1\/images\/stellar\/prod\/gettyimages-2272595377.jpg?c=original&amp;q=w_860,c_fill\/f_webp\" type=\"image\/webp\"><source height=\"undefined\" width=\"860\" media=\"(min-width: 1280px)\" srcset=\"https:\/\/media.cnn.com\/api\/v1\/images\/stellar\/prod\/gettyimages-2272595377.jpg?c=original&amp;q=w_860,c_fill\/f_webp\" type=\"image\/webp\"><img decoding=\"async\" src=\"https:\/\/media.cnn.com\/api\/v1\/images\/stellar\/prod\/gettyimages-2272595377.jpg?c=original&amp;q=w_860,c_fill\" alt=\"First lady Melania Trump attends the White House Correspondents' dinner at the Washington Hilton in Washington, DC, on April 25.\" class=\"image_large__dam-img image_large__dam-img--loading\" onload=\"this.classList.remove('image_large__dam-img--loading')\" onerror=\"imageLoadError(this)\" height=\"1320\" width=\"1976\" loading=\"lazy\"\/><\/source><\/source><\/source><\/source><\/source><\/picture>\n    <\/div>\n<\/div>\n<p class=\"paragraph-elevate inline-placeholder vossi-paragraph_elevate\" data-uri=\"cms.cnn.com\/_components\/paragraph\/instances\/cmojg7art000k3b6oii7gydcd@published\" data-editable=\"text\" data-component-name=\"paragraph\" data-article-gutter=\"true\">\n            The controversy has intensified public interest in Kimmel\u2019s anti-Trump commentary. Monday night\u2019s monologue racked up more than four million views in less than 24 hours.\n    <\/p>\n<p class=\"paragraph-elevate inline-placeholder vossi-paragraph_elevate\" data-uri=\"cms.cnn.com\/_components\/paragraph\/instances\/cmojg7cjp000m3b6odpmmh4bq@published\" data-editable=\"text\" data-component-name=\"paragraph\" data-article-gutter=\"true\">\n            All of the interest stems from Kimmel\u2019s comment on last Thursday\u2019s episode about the first lady looking like an \u201cexpectant widow.\u201d\n    <\/p>\n<p class=\"paragraph-elevate inline-placeholder vossi-paragraph_elevate\" data-uri=\"cms.cnn.com\/_components\/paragraph\/instances\/cmojkmt9u00053b6opk9j36qh@published\" data-editable=\"text\" data-component-name=\"paragraph\" data-article-gutter=\"true\">\n            \u201cIt was a very light roast joke about the fact that he\u2019s almost 80 and she\u2019s younger than I am,\u201d Kimmel said during Monday night\u2019s show, in response to the criticism. (Donald Trump is 79; Melania Trump is 56).\n    <\/p>\n<p class=\"paragraph-elevate inline-placeholder vossi-paragraph_elevate\" data-uri=\"cms.cnn.com\/_components\/paragraph\/instances\/cmojg7cjp000n3b6omna92bye@published\" data-editable=\"text\" data-component-name=\"paragraph\" data-article-gutter=\"true\">\n            In the wake of the shooting outside the White House Correspondents\u2019 Dinner last Saturday, Trump allies have loudly denounced Kimmel and accused him of wanting to get the president killed, a charge he has rejected.\n    <\/p>\n<p class=\"paragraph-elevate inline-placeholder vossi-paragraph_elevate\" data-uri=\"cms.cnn.com\/_components\/paragraph\/instances\/cmojksccb00073b6ogjqszmbc@published\" data-editable=\"text\" data-component-name=\"paragraph\" data-article-gutter=\"true\">\n            \u201cIt was not by any stretch of the definition a call to assassination,\u201d Kimmel said in Monday\u2019s monologue. \u201cAnd they know that. I\u2019ve been very vocal for many years speaking out against gun violence in particular.\u201d\n    <\/p>\n<p class=\"paragraph-elevate inline-placeholder vossi-paragraph_elevate\" data-uri=\"cms.cnn.com\/_components\/paragraph\/instances\/cmojg7cjp000o3b6o121fxirv@published\" data-editable=\"text\" data-component-name=\"paragraph\" data-article-gutter=\"true\">\n            Some Trump-boosting podcasters and influencers cheered the FCC\u2019s aggressiveness on Tuesday. But other conservatives, including Senator Ted Cruz, objected to the heavy hand of government approach. \u201cIt\u2019s not the government\u2019s job to censor speech, and I do not believe the FCC should operate as the speech police,\u201d Cruz told Punchbowl News.\n    <\/p>\n<p class=\"paragraph-elevate inline-placeholder vossi-paragraph_elevate\" data-uri=\"cms.cnn.com\/_components\/paragraph\/instances\/cmojg7cjp000p3b6od9hzkscw@published\" data-editable=\"text\" data-component-name=\"paragraph\" data-article-gutter=\"true\">\n            Dozens of Democratic lawmakers made similar statements on Tuesday, with some, like Senator Ed Markey, calling the FCC move \u201cauthoritarian censorship.\u201d\n    <\/p>\n<p class=\"paragraph-elevate inline-placeholder vossi-paragraph_elevate\" data-uri=\"cms.cnn.com\/_components\/paragraph\/instances\/cmojg7cjp000q3b6ogtf4seaf@published\" data-editable=\"text\" data-component-name=\"paragraph\" data-article-gutter=\"true\">\n            Jameel Jaffer, executive director at the Knight First Amendment Institute at Columbia University, said the action against ABC is part of a broader attempt by Trump to \u201cconsolidate control over what Americans see and hear on the radio, television, and social media.\u201d\n    <\/p>\n<p class=\"paragraph-elevate inline-placeholder vossi-paragraph_elevate\" data-uri=\"cms.cnn.com\/_components\/paragraph\/instances\/cmojg7cjp000r3b6oln8wl9mt@published\" data-editable=\"text\" data-component-name=\"paragraph\" data-article-gutter=\"true\">\n            If Trump gets his way, Jaffer said, \u201cwe\u2019ll have only government-aligned media organizations that broadcast only government-approved news and commentary. It would be difficult to imagine an outcome more corrosive to democracy or more offensive to the First Amendment.\u201d\n    <\/p>\n<\/p><\/div>\n<p><br \/>\n<br \/><a href=\"https:\/\/www.cnn.com\/2026\/04\/29\/media\/jimmy-kimmel-trump-abc-licenses-hnk\">Source link <\/a><\/p>","protected":false},"excerpt":{"rendered":"<p>On the day that the Trump administration challenged ABC\u2019s station licenses, Jimmy Kimmel had a message for President Donald Trump: The show goes on. On Tuesday night\u2019s episode of \u201cJimmy Kimmel Live!\u201d the comedian did not refer to the news about the network\u2019s parent company, Disney, coming under highly unusual scrutiny from the federal government. [&hellip;]<\/p>\n","protected":false},"author":1,"featured_media":118651,"comment_status":"closed","ping_status":"","sticky":false,"template":"","format":"standard","meta":{"googlesitekit_rrm_CAow2JLhCw:productID":"","_gspb_post_css":"","maa_idioma":"","maa_pais":"","footnotes":""},"categories":[1],"tags":[4750,8128,21180,32099,3810,1654,1603,6531],"class_list":["post-118650","post","type-post","status-publish","format-standard","has-post-thumbnail","hentry","category-ubirata","tag-abc","tag-challenge","tag-fcc","tag-kimmels","tag-message","tag-show","tag-trump","tag-wake"],"blocksy_meta":[],"yoast_head":"<!-- This site is optimized with the Yoast SEO Premium plugin v27.6 (Yoast SEO v27.6) - https:\/\/yoast.com\/product\/yoast-seo-premium-wordpress\/ -->\n<title>Kimmel\u2019s message to Trump in wake of FCC challenge to ABC: The show goes on - Ubirat\u00e3 Online Not\u00edcias - A realidade ao seu alcance!<\/title>\n<meta name=\"description\" content=\"On the day that the Trump administration challenged ABC\u2019s station licenses, Jimmy Kimmel had a message for President Donald Trump: The show goes on. On\" \/>\n<meta name=\"robots\" content=\"index, follow, max-snippet:-1, max-image-preview:large, max-video-preview:-1\" \/>\n<link rel=\"canonical\" href=\"https:\/\/ubirataonline.com.br\/en\/kimmels-message-to-trump-in-wake-of-fcc-challenge-to-abc-the-show-goes-on\/\" \/>\n<meta property=\"og:locale\" content=\"en_US\" \/>\n<meta property=\"og:type\" content=\"article\" \/>\n<meta property=\"og:title\" content=\"Kimmel\u2019s message to Trump in wake of FCC challenge to ABC: The show goes on\" \/>\n<meta property=\"og:description\" content=\"On the day that the Trump administration challenged ABC\u2019s station licenses, Jimmy Kimmel had a message for President Donald Trump: The show goes on. On\" \/>\n<meta property=\"og:url\" content=\"https:\/\/ubirataonline.com.br\/en\/kimmels-message-to-trump-in-wake-of-fcc-challenge-to-abc-the-show-goes-on\/\" \/>\n<meta property=\"og:site_name\" content=\"Ubirat\u00e3 Online Not\u00edcias - A realidade ao seu alcance!\" \/>\n<meta property=\"article:publisher\" content=\"https:\/\/www.facebook.com\/portalubirataonline\" \/>\n<meta property=\"article:author\" content=\"https:\/\/www.facebook.com\/portalubirataonline\" \/>\n<meta property=\"article:published_time\" content=\"2026-04-29T15:16:55+00:00\" \/>\n<meta property=\"article:modified_time\" content=\"2026-04-29T15:17:10+00:00\" \/>\n<meta property=\"og:image\" content=\"https:\/\/ubirataonline.com.br\/wp-content\/uploads\/2026\/04\/Kimmels-message-to-Trump-in-wake-of-FCC-challenge-to.jpg\" \/>\n\t<meta property=\"og:image:width\" content=\"800\" \/>\n\t<meta property=\"og:image:height\" content=\"450\" \/>\n\t<meta property=\"og:image:type\" content=\"image\/jpeg\" \/>\n<meta name=\"author\" content=\"REDA\u00c7\u00c3O: UBIRAT\u00c3 ONLINE - F\u00c1BIO AUGUSTO CELESTINO\" \/>\n<meta name=\"twitter:card\" content=\"summary_large_image\" \/>\n<meta name=\"twitter:creator\" content=\"@x.com\/ubirataonline\" \/>\n<meta name=\"twitter:site\" content=\"@ubirataonline\" \/>\n<meta name=\"twitter:label1\" content=\"Written by\" \/>\n\t<meta name=\"twitter:data1\" content=\"REDA\u00c7\u00c3O: UBIRAT\u00c3 ONLINE - F\u00c1BIO AUGUSTO CELESTINO\" \/>\n\t<meta name=\"twitter:label2\" content=\"Est. reading time\" \/>\n\t<meta name=\"twitter:data2\" content=\"4 minutes\" \/>\n<script type=\"application\/ld+json\" class=\"yoast-schema-graph\">{\"@context\":\"https:\\\/\\\/schema.org\",\"@graph\":[{\"@type\":\"NewsArticle\",\"@id\":\"https:\\\/\\\/ubirataonline.com.br\\\/kimmels-message-to-trump-in-wake-of-fcc-challenge-to-abc-the-show-goes-on\\\/#article\",\"isPartOf\":{\"@id\":\"https:\\\/\\\/ubirataonline.com.br\\\/kimmels-message-to-trump-in-wake-of-fcc-challenge-to-abc-the-show-goes-on\\\/\"},\"author\":{\"name\":\"REDA\u00c7\u00c3O: UBIRAT\u00c3 ONLINE - F\u00c1BIO AUGUSTO CELESTINO\",\"@id\":\"https:\\\/\\\/ubirataonline.com.br\\\/#\\\/schema\\\/person\\\/372f87bbd3fdd79b8556b84c98d0bc1c\"},\"headline\":\"Kimmel\u2019s message to Trump in wake of FCC challenge to ABC: The show goes on\",\"datePublished\":\"2026-04-29T15:16:55+00:00\",\"dateModified\":\"2026-04-29T15:17:10+00:00\",\"mainEntityOfPage\":{\"@id\":\"https:\\\/\\\/ubirataonline.com.br\\\/kimmels-message-to-trump-in-wake-of-fcc-challenge-to-abc-the-show-goes-on\\\/\"},\"wordCount\":739,\"publisher\":{\"@id\":\"https:\\\/\\\/ubirataonline.com.br\\\/#organization\"},\"image\":{\"@id\":\"https:\\\/\\\/ubirataonline.com.br\\\/kimmels-message-to-trump-in-wake-of-fcc-challenge-to-abc-the-show-goes-on\\\/#primaryimage\"},\"thumbnailUrl\":\"https:\\\/\\\/ubirataonline.com.br\\\/wp-content\\\/uploads\\\/2026\\\/04\\\/Kimmels-message-to-Trump-in-wake-of-FCC-challenge-to.jpg\",\"keywords\":[\"ABC\",\"Challenge\",\"FCC\",\"Kimmels\",\"Message\",\"Show\",\"Trump\",\"Wake\"],\"articleSection\":[\"Ubirat\u00e3\"],\"inLanguage\":\"en-US\",\"copyrightYear\":\"2026\",\"copyrightHolder\":{\"@id\":\"https:\\\/\\\/ubirataonline.com.br\\\/en\\\/#organization\"}},{\"@type\":\"WebPage\",\"@id\":\"https:\\\/\\\/ubirataonline.com.br\\\/kimmels-message-to-trump-in-wake-of-fcc-challenge-to-abc-the-show-goes-on\\\/\",\"url\":\"https:\\\/\\\/ubirataonline.com.br\\\/kimmels-message-to-trump-in-wake-of-fcc-challenge-to-abc-the-show-goes-on\\\/\",\"name\":\"Kimmel\u2019s message to Trump in wake of FCC challenge to ABC: The show goes on - Ubirat\u00e3 Online Not\u00edcias - A realidade ao seu alcance!\",\"isPartOf\":{\"@id\":\"https:\\\/\\\/ubirataonline.com.br\\\/#website\"},\"primaryImageOfPage\":{\"@id\":\"https:\\\/\\\/ubirataonline.com.br\\\/kimmels-message-to-trump-in-wake-of-fcc-challenge-to-abc-the-show-goes-on\\\/#primaryimage\"},\"image\":{\"@id\":\"https:\\\/\\\/ubirataonline.com.br\\\/kimmels-message-to-trump-in-wake-of-fcc-challenge-to-abc-the-show-goes-on\\\/#primaryimage\"},\"thumbnailUrl\":\"https:\\\/\\\/ubirataonline.com.br\\\/wp-content\\\/uploads\\\/2026\\\/04\\\/Kimmels-message-to-Trump-in-wake-of-FCC-challenge-to.jpg\",\"datePublished\":\"2026-04-29T15:16:55+00:00\",\"dateModified\":\"2026-04-29T15:17:10+00:00\",\"description\":\"On the day that the Trump administration challenged ABC\u2019s station licenses, Jimmy Kimmel had a message for President Donald Trump: The show goes on. On\",\"breadcrumb\":{\"@id\":\"https:\\\/\\\/ubirataonline.com.br\\\/kimmels-message-to-trump-in-wake-of-fcc-challenge-to-abc-the-show-goes-on\\\/#breadcrumb\"},\"inLanguage\":\"en-US\",\"potentialAction\":[{\"@type\":\"ReadAction\",\"target\":[\"https:\\\/\\\/ubirataonline.com.br\\\/kimmels-message-to-trump-in-wake-of-fcc-challenge-to-abc-the-show-goes-on\\\/\"]}]},{\"@type\":\"ImageObject\",\"inLanguage\":\"en-US\",\"@id\":\"https:\\\/\\\/ubirataonline.com.br\\\/kimmels-message-to-trump-in-wake-of-fcc-challenge-to-abc-the-show-goes-on\\\/#primaryimage\",\"url\":\"https:\\\/\\\/ubirataonline.com.br\\\/wp-content\\\/uploads\\\/2026\\\/04\\\/Kimmels-message-to-Trump-in-wake-of-FCC-challenge-to.jpg\",\"contentUrl\":\"https:\\\/\\\/ubirataonline.com.br\\\/wp-content\\\/uploads\\\/2026\\\/04\\\/Kimmels-message-to-Trump-in-wake-of-FCC-challenge-to.jpg\",\"width\":800,\"height\":450,\"caption\":\"ABC\"},{\"@type\":\"BreadcrumbList\",\"@id\":\"https:\\\/\\\/ubirataonline.com.br\\\/kimmels-message-to-trump-in-wake-of-fcc-challenge-to-abc-the-show-goes-on\\\/#breadcrumb\",\"itemListElement\":[{\"@type\":\"ListItem\",\"position\":1,\"name\":\"In\u00edcio\",\"item\":\"https:\\\/\\\/ubirataonline.com.br\\\/\"},{\"@type\":\"ListItem\",\"position\":2,\"name\":\"Kimmel\u2019s message to Trump in wake of FCC challenge to ABC: The show goes on\"}]},{\"@type\":\"WebSite\",\"@id\":\"https:\\\/\\\/ubirataonline.com.br\\\/#website\",\"url\":\"https:\\\/\\\/ubirataonline.com.br\\\/\",\"name\":\"Ubirat\u00e3 Online Not\u00edcias\",\"description\":\"Not\u00edcias de Ubirat\u00e3, regi\u00e3o, Brasil e mundo, com informa\u00e7\u00e3o atualizada e compromisso com o leitor.\",\"publisher\":{\"@id\":\"https:\\\/\\\/ubirataonline.com.br\\\/#organization\"},\"alternateName\":\"Ubirat\u00e3 Online\",\"potentialAction\":[{\"@type\":\"SearchAction\",\"target\":{\"@type\":\"EntryPoint\",\"urlTemplate\":\"https:\\\/\\\/ubirataonline.com.br\\\/?s={search_term_string}\"},\"query-input\":{\"@type\":\"PropertyValueSpecification\",\"valueRequired\":true,\"valueName\":\"search_term_string\"}}],\"inLanguage\":\"en-US\"},{\"@type\":[\"Organization\",\"Place\"],\"@id\":\"https:\\\/\\\/ubirataonline.com.br\\\/#organization\",\"name\":\"Ubirat\u00e3 Online Not\u00edcias\",\"alternateName\":\"Ubirat\u00e3 Online\",\"url\":\"https:\\\/\\\/ubirataonline.com.br\\\/\",\"logo\":{\"@id\":\"https:\\\/\\\/ubirataonline.com.br\\\/kimmels-message-to-trump-in-wake-of-fcc-challenge-to-abc-the-show-goes-on\\\/#local-main-organization-logo\"},\"image\":{\"@id\":\"https:\\\/\\\/ubirataonline.com.br\\\/kimmels-message-to-trump-in-wake-of-fcc-challenge-to-abc-the-show-goes-on\\\/#local-main-organization-logo\"},\"sameAs\":[\"https:\\\/\\\/www.facebook.com\\\/portalubirataonline\",\"https:\\\/\\\/x.com\\\/ubirataonline\",\"https:\\\/\\\/mastodon.social\\\/@ubirataonline\",\"https:\\\/\\\/www.facebook.com\\\/groups\\\/311144672285604\",\"https:\\\/\\\/www.facebook.com\\\/UBTAOnline\",\"https:\\\/\\\/www.instagram.com\\\/portalubirataonline\\\/\",\"https:\\\/\\\/twitter.com\\\/ubirataonline\"],\"description\":\"Somos um portal de not\u00edcias independente, criado em 5 de janeiro de 2009, com o objetivo de informar, conectar e valorizar a nossa comunidade de Ubirat\u00e3 e toda aregi\u00e3o. Com conte\u00fado atualizado, confi\u00e1vel e relevante, o Ubirat\u00e3 Online \u00e9 o seu espa\u00e7o para ficar por dentro dos principais acontecimentos locais, regionais, Brasil, Mundo e de interesse geral. Nosso compromisso \u00e9 com a verdade, a transpar\u00eancia e o respeito ao leitor.\",\"legalName\":\"UBIRATA ONLINE NOT\u00cdCIAS\",\"foundingDate\":\"2009-01-05\",\"numberOfEmployees\":{\"@type\":\"QuantitativeValue\",\"minValue\":\"1\",\"maxValue\":\"10\"},\"publishingPrinciples\":\"https:\\\/\\\/ubirataonline.com.br\\\/faq\\\/\",\"address\":{\"@id\":\"https:\\\/\\\/ubirataonline.com.br\\\/kimmels-message-to-trump-in-wake-of-fcc-challenge-to-abc-the-show-goes-on\\\/#local-main-place-address\"},\"geo\":{\"@type\":\"GeoCoordinates\",\"latitude\":\"-24.5361401\",\"longitude\":\"-52.9921776\"},\"telephone\":[\"+5544998308235\"],\"contactPoint\":{\"@type\":\"ContactPoint\",\"email\":\"contato@ubirataonline.com.br\"},\"openingHoursSpecification\":{\"@type\":\"OpeningHoursSpecification\",\"dayOfWeek\":[\"Monday\",\"Tuesday\",\"Wednesday\",\"Thursday\",\"Friday\",\"Saturday\",\"Sunday\"],\"opens\":\"00:00\",\"closes\":\"23:59\"},\"email\":\"contato@ubirataonline.com.br\",\"vatID\":\"47.621.418\\\/0001-80\"},{\"@type\":\"Person\",\"@id\":\"https:\\\/\\\/ubirataonline.com.br\\\/#\\\/schema\\\/person\\\/372f87bbd3fdd79b8556b84c98d0bc1c\",\"name\":\"REDA\u00c7\u00c3O: UBIRAT\u00c3 ONLINE - F\u00c1BIO AUGUSTO CELESTINO\",\"pronouns\":\"Ele\",\"description\":\"Desde 2003 trabalhando com not\u00edcias.\",\"sameAs\":[\"http:\\\/\\\/ubirataoline.com.br\",\"https:\\\/\\\/www.facebook.com\\\/portalubirataonline\",\"https:\\\/\\\/www.instagram.com\\\/ubirataonline_oficial\",\"https:\\\/\\\/x.com\\\/x.com\\\/ubirataonline\"],\"honorificPrefix\":\"Mr.\",\"honorificSuffix\":\"MD\",\"birthDate\":\"1980-06-16\",\"gender\":\"masculino\",\"award\":[\"V\u00e1rios pr\u00eamios de melhor portal da cidade\"],\"jobTitle\":\"Diretor\",\"url\":\"https:\\\/\\\/ubirataonline.com.br\\\/en\\\/author\\\/ubirataonline\\\/\"},{\"@type\":\"PostalAddress\",\"@id\":\"https:\\\/\\\/ubirataonline.com.br\\\/kimmels-message-to-trump-in-wake-of-fcc-challenge-to-abc-the-show-goes-on\\\/#local-main-place-address\",\"streetAddress\":\"Rua dos Coqueiros, 104 - Bairro Boa Vista, Rua dos Coqueiros, 104 Bairro Boa Vista\",\"addressLocality\":\"UBIRATA\",\"postalCode\":\"85440-000\",\"addressRegion\":\"PR\",\"addressCountry\":\"BR\"},{\"@type\":\"ImageObject\",\"inLanguage\":\"en-US\",\"@id\":\"https:\\\/\\\/ubirataonline.com.br\\\/kimmels-message-to-trump-in-wake-of-fcc-challenge-to-abc-the-show-goes-on\\\/#local-main-organization-logo\",\"url\":\"https:\\\/\\\/ubirataonline.com.br\\\/wp-content\\\/uploads\\\/2026\\\/06\\\/logoubirataonline-1.webp\",\"contentUrl\":\"https:\\\/\\\/ubirataonline.com.br\\\/wp-content\\\/uploads\\\/2026\\\/06\\\/logoubirataonline-1.webp\",\"width\":500,\"height\":500,\"caption\":\"Ubirat\u00e3 Online Not\u00edcias\"}]}<\/script>\n<meta name=\"geo.placename\" content=\"UBIRATA\" \/>\n<meta name=\"geo.position\" content=\"-24.5361401;-52.9921776\" \/>\n<meta name=\"geo.region\" content=\"Brazil\" \/>\n<!-- \/ Yoast SEO Premium plugin. -->","yoast_head_json":{"title":"Kimmel\u2019s message to Trump in wake of FCC challenge to ABC: The show goes on - Ubirat\u00e3 Online Not\u00edcias - A realidade ao seu alcance!","description":"On the day that the Trump administration challenged ABC\u2019s station licenses, Jimmy Kimmel had a message for President Donald Trump: The show goes on. On","robots":{"index":"index","follow":"follow","max-snippet":"max-snippet:-1","max-image-preview":"max-image-preview:large","max-video-preview":"max-video-preview:-1"},"canonical":"https:\/\/ubirataonline.com.br\/en\/kimmels-message-to-trump-in-wake-of-fcc-challenge-to-abc-the-show-goes-on\/","og_locale":"en_US","og_type":"article","og_title":"Kimmel\u2019s message to Trump in wake of FCC challenge to ABC: The show goes on","og_description":"On the day that the Trump administration challenged ABC\u2019s station licenses, Jimmy Kimmel had a message for President Donald Trump: The show goes on. On","og_url":"https:\/\/ubirataonline.com.br\/en\/kimmels-message-to-trump-in-wake-of-fcc-challenge-to-abc-the-show-goes-on\/","og_site_name":"Ubirat\u00e3 Online Not\u00edcias - A realidade ao seu alcance!","article_publisher":"https:\/\/www.facebook.com\/portalubirataonline","article_author":"https:\/\/www.facebook.com\/portalubirataonline","article_published_time":"2026-04-29T15:16:55+00:00","article_modified_time":"2026-04-29T15:17:10+00:00","og_image":[{"width":800,"height":450,"url":"https:\/\/ubirataonline.com.br\/wp-content\/uploads\/2026\/04\/Kimmels-message-to-Trump-in-wake-of-FCC-challenge-to.jpg","type":"image\/jpeg"}],"author":"REDA\u00c7\u00c3O: UBIRAT\u00c3 ONLINE - F\u00c1BIO AUGUSTO CELESTINO","twitter_card":"summary_large_image","twitter_creator":"@x.com\/ubirataonline","twitter_site":"@ubirataonline","twitter_misc":{"Written by":"REDA\u00c7\u00c3O: UBIRAT\u00c3 ONLINE - F\u00c1BIO AUGUSTO CELESTINO","Est. reading time":"4 minutes"},"schema":{"@context":"https:\/\/schema.org","@graph":[{"@type":"NewsArticle","@id":"https:\/\/ubirataonline.com.br\/kimmels-message-to-trump-in-wake-of-fcc-challenge-to-abc-the-show-goes-on\/#article","isPartOf":{"@id":"https:\/\/ubirataonline.com.br\/kimmels-message-to-trump-in-wake-of-fcc-challenge-to-abc-the-show-goes-on\/"},"author":{"name":"REDA\u00c7\u00c3O: UBIRAT\u00c3 ONLINE - F\u00c1BIO AUGUSTO CELESTINO","@id":"https:\/\/ubirataonline.com.br\/#\/schema\/person\/372f87bbd3fdd79b8556b84c98d0bc1c"},"headline":"Kimmel\u2019s message to Trump in wake of FCC challenge to ABC: The show goes on","datePublished":"2026-04-29T15:16:55+00:00","dateModified":"2026-04-29T15:17:10+00:00","mainEntityOfPage":{"@id":"https:\/\/ubirataonline.com.br\/kimmels-message-to-trump-in-wake-of-fcc-challenge-to-abc-the-show-goes-on\/"},"wordCount":739,"publisher":{"@id":"https:\/\/ubirataonline.com.br\/#organization"},"image":{"@id":"https:\/\/ubirataonline.com.br\/kimmels-message-to-trump-in-wake-of-fcc-challenge-to-abc-the-show-goes-on\/#primaryimage"},"thumbnailUrl":"https:\/\/ubirataonline.com.br\/wp-content\/uploads\/2026\/04\/Kimmels-message-to-Trump-in-wake-of-FCC-challenge-to.jpg","keywords":["ABC","Challenge","FCC","Kimmels","Message","Show","Trump","Wake"],"articleSection":["Ubirat\u00e3"],"inLanguage":"en-US","copyrightYear":"2026","copyrightHolder":{"@id":"https:\/\/ubirataonline.com.br\/en\/#organization"}},{"@type":"WebPage","@id":"https:\/\/ubirataonline.com.br\/kimmels-message-to-trump-in-wake-of-fcc-challenge-to-abc-the-show-goes-on\/","url":"https:\/\/ubirataonline.com.br\/kimmels-message-to-trump-in-wake-of-fcc-challenge-to-abc-the-show-goes-on\/","name":"Kimmel\u2019s message to Trump in wake of FCC challenge to ABC: The show goes on - Ubirat\u00e3 Online Not\u00edcias - A realidade ao seu alcance!","isPartOf":{"@id":"https:\/\/ubirataonline.com.br\/#website"},"primaryImageOfPage":{"@id":"https:\/\/ubirataonline.com.br\/kimmels-message-to-trump-in-wake-of-fcc-challenge-to-abc-the-show-goes-on\/#primaryimage"},"image":{"@id":"https:\/\/ubirataonline.com.br\/kimmels-message-to-trump-in-wake-of-fcc-challenge-to-abc-the-show-goes-on\/#primaryimage"},"thumbnailUrl":"https:\/\/ubirataonline.com.br\/wp-content\/uploads\/2026\/04\/Kimmels-message-to-Trump-in-wake-of-FCC-challenge-to.jpg","datePublished":"2026-04-29T15:16:55+00:00","dateModified":"2026-04-29T15:17:10+00:00","description":"On the day that the Trump administration challenged ABC\u2019s station licenses, Jimmy Kimmel had a message for President Donald Trump: The show goes on. On","breadcrumb":{"@id":"https:\/\/ubirataonline.com.br\/kimmels-message-to-trump-in-wake-of-fcc-challenge-to-abc-the-show-goes-on\/#breadcrumb"},"inLanguage":"en-US","potentialAction":[{"@type":"ReadAction","target":["https:\/\/ubirataonline.com.br\/kimmels-message-to-trump-in-wake-of-fcc-challenge-to-abc-the-show-goes-on\/"]}]},{"@type":"ImageObject","inLanguage":"en-US","@id":"https:\/\/ubirataonline.com.br\/kimmels-message-to-trump-in-wake-of-fcc-challenge-to-abc-the-show-goes-on\/#primaryimage","url":"https:\/\/ubirataonline.com.br\/wp-content\/uploads\/2026\/04\/Kimmels-message-to-Trump-in-wake-of-FCC-challenge-to.jpg","contentUrl":"https:\/\/ubirataonline.com.br\/wp-content\/uploads\/2026\/04\/Kimmels-message-to-Trump-in-wake-of-FCC-challenge-to.jpg","width":800,"height":450,"caption":"ABC"},{"@type":"BreadcrumbList","@id":"https:\/\/ubirataonline.com.br\/kimmels-message-to-trump-in-wake-of-fcc-challenge-to-abc-the-show-goes-on\/#breadcrumb","itemListElement":[{"@type":"ListItem","position":1,"name":"In\u00edcio","item":"https:\/\/ubirataonline.com.br\/"},{"@type":"ListItem","position":2,"name":"Kimmel\u2019s message to Trump in wake of FCC challenge to ABC: The show goes on"}]},{"@type":"WebSite","@id":"https:\/\/ubirataonline.com.br\/#website","url":"https:\/\/ubirataonline.com.br\/","name":"Ubirat\u00e3 Online Not\u00edcias","description":"Not\u00edcias de Ubirat\u00e3, regi\u00e3o, Brasil e mundo, com informa\u00e7\u00e3o atualizada e compromisso com o leitor.","publisher":{"@id":"https:\/\/ubirataonline.com.br\/#organization"},"alternateName":"Ubirat\u00e3 Online","potentialAction":[{"@type":"SearchAction","target":{"@type":"EntryPoint","urlTemplate":"https:\/\/ubirataonline.com.br\/?s={search_term_string}"},"query-input":{"@type":"PropertyValueSpecification","valueRequired":true,"valueName":"search_term_string"}}],"inLanguage":"en-US"},{"@type":["Organization","Place"],"@id":"https:\/\/ubirataonline.com.br\/#organization","name":"Ubirat\u00e3 Online Not\u00edcias","alternateName":"Ubirat\u00e3 Online","url":"https:\/\/ubirataonline.com.br\/","logo":{"@id":"https:\/\/ubirataonline.com.br\/kimmels-message-to-trump-in-wake-of-fcc-challenge-to-abc-the-show-goes-on\/#local-main-organization-logo"},"image":{"@id":"https:\/\/ubirataonline.com.br\/kimmels-message-to-trump-in-wake-of-fcc-challenge-to-abc-the-show-goes-on\/#local-main-organization-logo"},"sameAs":["https:\/\/www.facebook.com\/portalubirataonline","https:\/\/x.com\/ubirataonline","https:\/\/mastodon.social\/@ubirataonline","https:\/\/www.facebook.com\/groups\/311144672285604","https:\/\/www.facebook.com\/UBTAOnline","https:\/\/www.instagram.com\/portalubirataonline\/","https:\/\/twitter.com\/ubirataonline"],"description":"Somos um portal de not\u00edcias independente, criado em 5 de janeiro de 2009, com o objetivo de informar, conectar e valorizar a nossa comunidade de Ubirat\u00e3 e toda aregi\u00e3o. Com conte\u00fado atualizado, confi\u00e1vel e relevante, o Ubirat\u00e3 Online \u00e9 o seu espa\u00e7o para ficar por dentro dos principais acontecimentos locais, regionais, Brasil, Mundo e de interesse geral. Nosso compromisso \u00e9 com a verdade, a transpar\u00eancia e o respeito ao leitor.","legalName":"UBIRATA ONLINE NOT\u00cdCIAS","foundingDate":"2009-01-05","numberOfEmployees":{"@type":"QuantitativeValue","minValue":"1","maxValue":"10"},"publishingPrinciples":"https:\/\/ubirataonline.com.br\/faq\/","address":{"@id":"https:\/\/ubirataonline.com.br\/kimmels-message-to-trump-in-wake-of-fcc-challenge-to-abc-the-show-goes-on\/#local-main-place-address"},"geo":{"@type":"GeoCoordinates","latitude":"-24.5361401","longitude":"-52.9921776"},"telephone":["+5544998308235"],"contactPoint":{"@type":"ContactPoint","email":"contato@ubirataonline.com.br"},"openingHoursSpecification":{"@type":"OpeningHoursSpecification","dayOfWeek":["Monday","Tuesday","Wednesday","Thursday","Friday","Saturday","Sunday"],"opens":"00:00","closes":"23:59"},"email":"contato@ubirataonline.com.br","vatID":"47.621.418\/0001-80"},{"@type":"Person","@id":"https:\/\/ubirataonline.com.br\/#\/schema\/person\/372f87bbd3fdd79b8556b84c98d0bc1c","name":"REDA\u00c7\u00c3O: UBIRAT\u00c3 ONLINE - F\u00c1BIO AUGUSTO CELESTINO","pronouns":"Ele","description":"Desde 2003 trabalhando com not\u00edcias.","sameAs":["http:\/\/ubirataoline.com.br","https:\/\/www.facebook.com\/portalubirataonline","https:\/\/www.instagram.com\/ubirataonline_oficial","https:\/\/x.com\/x.com\/ubirataonline"],"honorificPrefix":"Mr.","honorificSuffix":"MD","birthDate":"1980-06-16","gender":"masculino","award":["V\u00e1rios pr\u00eamios de melhor portal da cidade"],"jobTitle":"Diretor","url":"https:\/\/ubirataonline.com.br\/en\/author\/ubirataonline\/"},{"@type":"PostalAddress","@id":"https:\/\/ubirataonline.com.br\/kimmels-message-to-trump-in-wake-of-fcc-challenge-to-abc-the-show-goes-on\/#local-main-place-address","streetAddress":"Rua dos Coqueiros, 104 - Bairro Boa Vista, Rua dos Coqueiros, 104 Bairro Boa Vista","addressLocality":"UBIRATA","postalCode":"85440-000","addressRegion":"PR","addressCountry":"BR"},{"@type":"ImageObject","inLanguage":"en-US","@id":"https:\/\/ubirataonline.com.br\/kimmels-message-to-trump-in-wake-of-fcc-challenge-to-abc-the-show-goes-on\/#local-main-organization-logo","url":"https:\/\/ubirataonline.com.br\/wp-content\/uploads\/2026\/06\/logoubirataonline-1.webp","contentUrl":"https:\/\/ubirataonline.com.br\/wp-content\/uploads\/2026\/06\/logoubirataonline-1.webp","width":500,"height":500,"caption":"Ubirat\u00e3 Online Not\u00edcias"}]},"geo.placename":"UBIRATA","geo.position":{"lat":"-24.5361401","long":"-52.9921776"},"geo.region":"Brazil"},"_links":{"self":[{"href":"https:\/\/ubirataonline.com.br\/en\/wp-json\/wp\/v2\/posts\/118650","targetHints":{"allow":["GET"]}}],"collection":[{"href":"https:\/\/ubirataonline.com.br\/en\/wp-json\/wp\/v2\/posts"}],"about":[{"href":"https:\/\/ubirataonline.com.br\/en\/wp-json\/wp\/v2\/types\/post"}],"author":[{"embeddable":true,"href":"https:\/\/ubirataonline.com.br\/en\/wp-json\/wp\/v2\/users\/1"}],"replies":[{"embeddable":true,"href":"https:\/\/ubirataonline.com.br\/en\/wp-json\/wp\/v2\/comments?post=118650"}],"version-history":[{"count":0,"href":"https:\/\/ubirataonline.com.br\/en\/wp-json\/wp\/v2\/posts\/118650\/revisions"}],"wp:featuredmedia":[{"embeddable":true,"href":"https:\/\/ubirataonline.com.br\/en\/wp-json\/wp\/v2\/media\/118651"}],"wp:attachment":[{"href":"https:\/\/ubirataonline.com.br\/en\/wp-json\/wp\/v2\/media?parent=118650"}],"wp:term":[{"taxonomy":"category","embeddable":true,"href":"https:\/\/ubirataonline.com.br\/en\/wp-json\/wp\/v2\/categories?post=118650"},{"taxonomy":"post_tag","embeddable":true,"href":"https:\/\/ubirataonline.com.br\/en\/wp-json\/wp\/v2\/tags?post=118650"}],"curies":[{"name":"wp","href":"https:\/\/api.w.org\/{rel}","templated":true}]}}