{"id":118660,"date":"2026-04-29T12:44:50","date_gmt":"2026-04-29T15:44:50","guid":{"rendered":"https:\/\/ubirataonline.com.br\/aces-media-day-2026-aja-wilson-unveils-jean-grey-inspired-look\/"},"modified":"2026-04-29T12:44:52","modified_gmt":"2026-04-29T15:44:52","slug":"aces-media-day-2026-aja-wilson-unveils-jean-grey-inspired-look","status":"publish","type":"post","link":"https:\/\/ubirataonline.com.br\/en\/aces-media-day-2026-aja-wilson-unveils-jean-grey-inspired-look\/","title":{"rendered":"Aces media day 2026: A&#8217;ja Wilson unveils Jean Grey-inspired look"},"content":{"rendered":"<p><br \/>\n<\/p>\n<div>\n<p>When <a href=\"https:\/\/www.espn.com\/wnba\/player\/_\/id\/3149391\/aja-wilson\">A&#8217;ja Wilson<\/a> stepped in front of the camera for her<a href=\"https:\/\/www.espn.com\/wnba\/team\/_\/name\/lv\/las-vegas-aces\"> Las Vegas Aces<\/a> media day headshot, fans noticed a change consistent with a trend from years past.<\/p>\n<p>For the third consecutive season, Wilson dyed her hair to a distinct color ahead of media day, this time sporting red.<\/p>\n<blockquote class=\"instagram-media\" data-instgrm-captioned=\"\" data-instgrm-permalink=\"https:\/\/www.instagram.com\/p\/DXr_FmBFrNx\/?utm_source=ig_embed&amp;utm_campaign=loading\" data-instgrm-version=\"14\" style=\" background:#FFF; border:0; border-radius:3px; box-shadow:0 0 1px 0 rgba(0,0,0,0.5),0 1px 10px 0 rgba(0,0,0,0.15); margin: 1px; max-width:540px; min-width:326px; padding:0; width:99.375%; width:-webkit-calc(100% - 2px); width:calc(100% - 2px);\"\/>\n<p>Her inspiration?<\/p>\n<p>&#8220;This one we kind of went with the Jean Grey type of vibe with X-Men,&#8221; said Wilson, who signed a fully guaranteed <a href=\"https:\/\/www.espn.com\/wnba\/story\/_\/id\/48494265\/sources-wilson-staying-aces-3-year-5m-supermax-deal\">three-year, $5 million supermax contract<\/a> to stay with the Aces on April 15.<\/p>\n<aside class=\"inline editorial float-r\" data-behavior=\"article_related\">\n<h2 class=\"editorial-title\">Editor&#8217;s Picks<\/h2>\n<ul>\n<li><a name=\"&amp;lpos=story:editorspicks:inline:1\" href=\"https:\/\/www.espn.com\/nba\/story\/_\/id\/41519907\/jimmy-butler-hair-styles-nba-media-day\" class=\"img-link\"><\/a><\/li>\n<li><a name=\"&amp;lpos=story:editorspicks:inline:2\" href=\"https:\/\/www.espn.com\/wnba\/story\/_\/id\/48555818\/wnba-2026-ranking-offseason-free-agents-draft-picks-moves-rosters\" class=\"img-link\"><img loading=\"lazy\" decoding=\"async\" src=\"https:\/\/a.espncdn.com\/combiner\/i?img=\/photo\/2026\/0421\/r1647025_1296x1296_1-1.jpg&amp;w=130&amp;h=130&amp;scale=crop&amp;location=center\" width=\"65\" height=\"65\"\/><\/a><\/li>\n<\/ul>\n<p>1 Related<\/p>\n<\/aside>\n<p>Ahead of the 2024 season, the four-time MVP showed up to media day with a silver hairstyle to commemorate the Aces&#8217; 2023 WNBA championship win over the New York Liberty. Las Vegas rebranded in 2024, ditching gold and red for platinum silver, aligning with owner Mark Davis&#8217; NFL team, the Las Vegas Raiders, and inspiring Wilson&#8217;s matching hair.<\/p>\n<p>In 2025, Wilson opted for pink to promote her first signature sneaker, the Nike A&#8217;One. A colorway of the debut sneaker matched Wilson&#8217;s hair and reflected the &#8220;pink, power and presence&#8221; theme for launch.<\/p>\n<p>Three looks in three seasons suggests that Wilson&#8217;s hairstyles aren&#8217;t here for a long time &#8212; just a good time. WNBA fans and teams alike should be ready for next year&#8217;s reveal.<\/p>\n<\/div>\n<p><script async src=\"\/\/www.instagram.com\/embed.js\"><\/script><br \/>\n<br \/><br \/>\n<br \/><a href=\"https:\/\/www.espn.com\/wnba\/story\/_\/id\/48621270\/las-vegas-aces-aja-wilson-media-day-hairstyle\">Source link <\/a><\/p>","protected":false},"excerpt":{"rendered":"<p>When A&#8217;ja Wilson stepped in front of the camera for her Las Vegas Aces media day headshot, fans noticed a change consistent with a trend from years past. For the third consecutive season, Wilson dyed her hair to a distinct color ahead of media day, this time sporting red. Her inspiration? &#8220;This one we kind [&hellip;]<\/p>\n","protected":false},"author":1,"featured_media":118661,"comment_status":"closed","ping_status":"","sticky":false,"template":"","format":"standard","meta":{"googlesitekit_rrm_CAow2JLhCw:productID":"","_gspb_post_css":"","maa_idioma":"","maa_pais":"","footnotes":""},"categories":[2725],"tags":[26076,32107,3064,32108,19256,14763,13638,11379],"class_list":["post-118660","post","type-post","status-publish","format-standard","has-post-thumbnail","hentry","category-europe","tag-aces","tag-aja","tag-day","tag-greyinspired","tag-jean","tag-media","tag-unveils","tag-wilson"],"blocksy_meta":[],"yoast_head":"<!-- This site is optimized with the Yoast SEO Premium plugin v27.6 (Yoast SEO v27.6) - https:\/\/yoast.com\/product\/yoast-seo-premium-wordpress\/ -->\n<title>Aces media day 2026: A&#039;ja Wilson unveils Jean Grey-inspired look - Ubirat\u00e3 Online Not\u00edcias - A realidade ao seu alcance!<\/title>\n<meta name=\"description\" content=\"When A&#039;ja Wilson stepped in front of the camera for her Las Vegas Aces media day headshot, fans noticed a change consistent with a trend from years\" \/>\n<meta name=\"robots\" content=\"index, follow, max-snippet:-1, max-image-preview:large, max-video-preview:-1\" \/>\n<link rel=\"canonical\" href=\"https:\/\/ubirataonline.com.br\/en\/aces-media-day-2026-aja-wilson-unveils-jean-grey-inspired-look\/\" \/>\n<meta property=\"og:locale\" content=\"en_US\" \/>\n<meta property=\"og:type\" content=\"article\" \/>\n<meta property=\"og:title\" content=\"Aces media day 2026: A&#039;ja Wilson unveils Jean Grey-inspired look\" \/>\n<meta property=\"og:description\" content=\"When A&#039;ja Wilson stepped in front of the camera for her Las Vegas Aces media day headshot, fans noticed a change consistent with a trend from years\" \/>\n<meta property=\"og:url\" content=\"https:\/\/ubirataonline.com.br\/en\/aces-media-day-2026-aja-wilson-unveils-jean-grey-inspired-look\/\" \/>\n<meta property=\"og:site_name\" content=\"Ubirat\u00e3 Online Not\u00edcias - A realidade ao seu alcance!\" \/>\n<meta property=\"article:publisher\" content=\"https:\/\/www.facebook.com\/portalubirataonline\" \/>\n<meta property=\"article:author\" content=\"https:\/\/www.facebook.com\/portalubirataonline\" \/>\n<meta property=\"article:published_time\" content=\"2026-04-29T15:44:50+00:00\" \/>\n<meta property=\"article:modified_time\" content=\"2026-04-29T15:44:52+00:00\" \/>\n<meta property=\"og:image\" content=\"https:\/\/ubirataonline.com.br\/wp-content\/uploads\/2026\/04\/Aces-media-day-2026-Aja-Wilson-unveils-Jean-Grey-inspired-look.jpeg\" \/>\n\t<meta property=\"og:image:width\" content=\"1080\" \/>\n\t<meta property=\"og:image:height\" content=\"608\" \/>\n\t<meta property=\"og:image:type\" content=\"image\/jpeg\" \/>\n<meta name=\"author\" content=\"REDA\u00c7\u00c3O: UBIRAT\u00c3 ONLINE - F\u00c1BIO AUGUSTO CELESTINO\" \/>\n<meta name=\"twitter:card\" content=\"summary_large_image\" \/>\n<meta name=\"twitter:creator\" content=\"@x.com\/ubirataonline\" \/>\n<meta name=\"twitter:site\" content=\"@ubirataonline\" \/>\n<meta name=\"twitter:label1\" content=\"Written by\" \/>\n\t<meta name=\"twitter:data1\" content=\"REDA\u00c7\u00c3O: UBIRAT\u00c3 ONLINE - F\u00c1BIO AUGUSTO CELESTINO\" \/>\n\t<meta name=\"twitter:label2\" content=\"Est. reading time\" \/>\n\t<meta name=\"twitter:data2\" content=\"1 minute\" \/>\n<script type=\"application\/ld+json\" class=\"yoast-schema-graph\">{\"@context\":\"https:\\\/\\\/schema.org\",\"@graph\":[{\"@type\":\"NewsArticle\",\"@id\":\"https:\\\/\\\/ubirataonline.com.br\\\/aces-media-day-2026-aja-wilson-unveils-jean-grey-inspired-look\\\/#article\",\"isPartOf\":{\"@id\":\"https:\\\/\\\/ubirataonline.com.br\\\/aces-media-day-2026-aja-wilson-unveils-jean-grey-inspired-look\\\/\"},\"author\":{\"name\":\"REDA\u00c7\u00c3O: UBIRAT\u00c3 ONLINE - F\u00c1BIO AUGUSTO CELESTINO\",\"@id\":\"https:\\\/\\\/ubirataonline.com.br\\\/#\\\/schema\\\/person\\\/372f87bbd3fdd79b8556b84c98d0bc1c\"},\"headline\":\"Aces media day 2026: A&#8217;ja Wilson unveils Jean Grey-inspired look\",\"datePublished\":\"2026-04-29T15:44:50+00:00\",\"dateModified\":\"2026-04-29T15:44:52+00:00\",\"mainEntityOfPage\":{\"@id\":\"https:\\\/\\\/ubirataonline.com.br\\\/aces-media-day-2026-aja-wilson-unveils-jean-grey-inspired-look\\\/\"},\"wordCount\":229,\"publisher\":{\"@id\":\"https:\\\/\\\/ubirataonline.com.br\\\/#organization\"},\"image\":{\"@id\":\"https:\\\/\\\/ubirataonline.com.br\\\/aces-media-day-2026-aja-wilson-unveils-jean-grey-inspired-look\\\/#primaryimage\"},\"thumbnailUrl\":\"https:\\\/\\\/ubirataonline.com.br\\\/wp-content\\\/uploads\\\/2026\\\/04\\\/Aces-media-day-2026-Aja-Wilson-unveils-Jean-Grey-inspired-look.jpeg\",\"keywords\":[\"aces\",\"Aja\",\"day\",\"Greyinspired\",\"Jean\",\"Media\",\"unveils\",\"Wilson\"],\"articleSection\":[\"Europe\"],\"inLanguage\":\"en-US\",\"copyrightYear\":\"2026\",\"copyrightHolder\":{\"@id\":\"https:\\\/\\\/ubirataonline.com.br\\\/en\\\/#organization\"}},{\"@type\":\"WebPage\",\"@id\":\"https:\\\/\\\/ubirataonline.com.br\\\/aces-media-day-2026-aja-wilson-unveils-jean-grey-inspired-look\\\/\",\"url\":\"https:\\\/\\\/ubirataonline.com.br\\\/aces-media-day-2026-aja-wilson-unveils-jean-grey-inspired-look\\\/\",\"name\":\"Aces media day 2026: A'ja Wilson unveils Jean Grey-inspired look - Ubirat\u00e3 Online Not\u00edcias - A realidade ao seu alcance!\",\"isPartOf\":{\"@id\":\"https:\\\/\\\/ubirataonline.com.br\\\/#website\"},\"primaryImageOfPage\":{\"@id\":\"https:\\\/\\\/ubirataonline.com.br\\\/aces-media-day-2026-aja-wilson-unveils-jean-grey-inspired-look\\\/#primaryimage\"},\"image\":{\"@id\":\"https:\\\/\\\/ubirataonline.com.br\\\/aces-media-day-2026-aja-wilson-unveils-jean-grey-inspired-look\\\/#primaryimage\"},\"thumbnailUrl\":\"https:\\\/\\\/ubirataonline.com.br\\\/wp-content\\\/uploads\\\/2026\\\/04\\\/Aces-media-day-2026-Aja-Wilson-unveils-Jean-Grey-inspired-look.jpeg\",\"datePublished\":\"2026-04-29T15:44:50+00:00\",\"dateModified\":\"2026-04-29T15:44:52+00:00\",\"description\":\"When A'ja Wilson stepped in front of the camera for her Las Vegas Aces media day headshot, fans noticed a change consistent with a trend from years\",\"breadcrumb\":{\"@id\":\"https:\\\/\\\/ubirataonline.com.br\\\/aces-media-day-2026-aja-wilson-unveils-jean-grey-inspired-look\\\/#breadcrumb\"},\"inLanguage\":\"en-US\",\"potentialAction\":[{\"@type\":\"ReadAction\",\"target\":[\"https:\\\/\\\/ubirataonline.com.br\\\/aces-media-day-2026-aja-wilson-unveils-jean-grey-inspired-look\\\/\"]}]},{\"@type\":\"ImageObject\",\"inLanguage\":\"en-US\",\"@id\":\"https:\\\/\\\/ubirataonline.com.br\\\/aces-media-day-2026-aja-wilson-unveils-jean-grey-inspired-look\\\/#primaryimage\",\"url\":\"https:\\\/\\\/ubirataonline.com.br\\\/wp-content\\\/uploads\\\/2026\\\/04\\\/Aces-media-day-2026-Aja-Wilson-unveils-Jean-Grey-inspired-look.jpeg\",\"contentUrl\":\"https:\\\/\\\/ubirataonline.com.br\\\/wp-content\\\/uploads\\\/2026\\\/04\\\/Aces-media-day-2026-Aja-Wilson-unveils-Jean-Grey-inspired-look.jpeg\",\"width\":1080,\"height\":608,\"caption\":\"Shams: Wilson staying with Aces on $5 million deal (0:48)Shams: Wilson is staying with Aces on $5 million deal. (0:48)\"},{\"@type\":\"BreadcrumbList\",\"@id\":\"https:\\\/\\\/ubirataonline.com.br\\\/aces-media-day-2026-aja-wilson-unveils-jean-grey-inspired-look\\\/#breadcrumb\",\"itemListElement\":[{\"@type\":\"ListItem\",\"position\":1,\"name\":\"In\u00edcio\",\"item\":\"https:\\\/\\\/ubirataonline.com.br\\\/\"},{\"@type\":\"ListItem\",\"position\":2,\"name\":\"Aces media day 2026: A&#8217;ja Wilson unveils Jean Grey-inspired look\"}]},{\"@type\":\"WebSite\",\"@id\":\"https:\\\/\\\/ubirataonline.com.br\\\/#website\",\"url\":\"https:\\\/\\\/ubirataonline.com.br\\\/\",\"name\":\"Ubirat\u00e3 Online Not\u00edcias\",\"description\":\"Not\u00edcias de Ubirat\u00e3, regi\u00e3o, Brasil e mundo, com informa\u00e7\u00e3o atualizada e compromisso com o leitor.\",\"publisher\":{\"@id\":\"https:\\\/\\\/ubirataonline.com.br\\\/#organization\"},\"alternateName\":\"Ubirat\u00e3 Online\",\"potentialAction\":[{\"@type\":\"SearchAction\",\"target\":{\"@type\":\"EntryPoint\",\"urlTemplate\":\"https:\\\/\\\/ubirataonline.com.br\\\/?s={search_term_string}\"},\"query-input\":{\"@type\":\"PropertyValueSpecification\",\"valueRequired\":true,\"valueName\":\"search_term_string\"}}],\"inLanguage\":\"en-US\"},{\"@type\":[\"Organization\",\"Place\"],\"@id\":\"https:\\\/\\\/ubirataonline.com.br\\\/#organization\",\"name\":\"Ubirat\u00e3 Online Not\u00edcias\",\"alternateName\":\"Ubirat\u00e3 Online\",\"url\":\"https:\\\/\\\/ubirataonline.com.br\\\/\",\"logo\":{\"@id\":\"https:\\\/\\\/ubirataonline.com.br\\\/aces-media-day-2026-aja-wilson-unveils-jean-grey-inspired-look\\\/#local-main-organization-logo\"},\"image\":{\"@id\":\"https:\\\/\\\/ubirataonline.com.br\\\/aces-media-day-2026-aja-wilson-unveils-jean-grey-inspired-look\\\/#local-main-organization-logo\"},\"sameAs\":[\"https:\\\/\\\/www.facebook.com\\\/portalubirataonline\",\"https:\\\/\\\/x.com\\\/ubirataonline\",\"https:\\\/\\\/mastodon.social\\\/@ubirataonline\",\"https:\\\/\\\/www.facebook.com\\\/groups\\\/311144672285604\",\"https:\\\/\\\/www.facebook.com\\\/UBTAOnline\",\"https:\\\/\\\/www.instagram.com\\\/portalubirataonline\\\/\",\"https:\\\/\\\/twitter.com\\\/ubirataonline\"],\"description\":\"Somos um portal de not\u00edcias independente, criado em 5 de janeiro de 2009, com o objetivo de informar, conectar e valorizar a nossa comunidade de Ubirat\u00e3 e toda aregi\u00e3o. Com conte\u00fado atualizado, confi\u00e1vel e relevante, o Ubirat\u00e3 Online \u00e9 o seu espa\u00e7o para ficar por dentro dos principais acontecimentos locais, regionais, Brasil, Mundo e de interesse geral. Nosso compromisso \u00e9 com a verdade, a transpar\u00eancia e o respeito ao leitor.\",\"legalName\":\"UBIRATA ONLINE NOT\u00cdCIAS\",\"foundingDate\":\"2009-01-05\",\"numberOfEmployees\":{\"@type\":\"QuantitativeValue\",\"minValue\":\"1\",\"maxValue\":\"10\"},\"publishingPrinciples\":\"https:\\\/\\\/ubirataonline.com.br\\\/faq\\\/\",\"address\":{\"@id\":\"https:\\\/\\\/ubirataonline.com.br\\\/aces-media-day-2026-aja-wilson-unveils-jean-grey-inspired-look\\\/#local-main-place-address\"},\"geo\":{\"@type\":\"GeoCoordinates\",\"latitude\":\"-24.5361401\",\"longitude\":\"-52.9921776\"},\"telephone\":[\"+5544998308235\"],\"contactPoint\":{\"@type\":\"ContactPoint\",\"email\":\"contato@ubirataonline.com.br\"},\"openingHoursSpecification\":{\"@type\":\"OpeningHoursSpecification\",\"dayOfWeek\":[\"Monday\",\"Tuesday\",\"Wednesday\",\"Thursday\",\"Friday\",\"Saturday\",\"Sunday\"],\"opens\":\"00:00\",\"closes\":\"23:59\"},\"email\":\"contato@ubirataonline.com.br\",\"vatID\":\"47.621.418\\\/0001-80\"},{\"@type\":\"Person\",\"@id\":\"https:\\\/\\\/ubirataonline.com.br\\\/#\\\/schema\\\/person\\\/372f87bbd3fdd79b8556b84c98d0bc1c\",\"name\":\"REDA\u00c7\u00c3O: UBIRAT\u00c3 ONLINE - F\u00c1BIO AUGUSTO CELESTINO\",\"pronouns\":\"Ele\",\"description\":\"Desde 2003 trabalhando com not\u00edcias.\",\"sameAs\":[\"http:\\\/\\\/ubirataoline.com.br\",\"https:\\\/\\\/www.facebook.com\\\/portalubirataonline\",\"https:\\\/\\\/www.instagram.com\\\/ubirataonline_oficial\",\"https:\\\/\\\/x.com\\\/x.com\\\/ubirataonline\"],\"honorificPrefix\":\"Mr.\",\"honorificSuffix\":\"MD\",\"birthDate\":\"1980-06-16\",\"gender\":\"masculino\",\"award\":[\"V\u00e1rios pr\u00eamios de melhor portal da cidade\"],\"jobTitle\":\"Diretor\",\"url\":\"https:\\\/\\\/ubirataonline.com.br\\\/en\\\/author\\\/ubirataonline\\\/\"},{\"@type\":\"PostalAddress\",\"@id\":\"https:\\\/\\\/ubirataonline.com.br\\\/aces-media-day-2026-aja-wilson-unveils-jean-grey-inspired-look\\\/#local-main-place-address\",\"streetAddress\":\"Rua dos Coqueiros, 104 - Bairro Boa Vista, Rua dos Coqueiros, 104 Bairro Boa Vista\",\"addressLocality\":\"UBIRATA\",\"postalCode\":\"85440-000\",\"addressRegion\":\"PR\",\"addressCountry\":\"BR\"},{\"@type\":\"ImageObject\",\"inLanguage\":\"en-US\",\"@id\":\"https:\\\/\\\/ubirataonline.com.br\\\/aces-media-day-2026-aja-wilson-unveils-jean-grey-inspired-look\\\/#local-main-organization-logo\",\"url\":\"https:\\\/\\\/ubirataonline.com.br\\\/wp-content\\\/uploads\\\/2026\\\/06\\\/logoubirataonline-1.webp\",\"contentUrl\":\"https:\\\/\\\/ubirataonline.com.br\\\/wp-content\\\/uploads\\\/2026\\\/06\\\/logoubirataonline-1.webp\",\"width\":500,\"height\":500,\"caption\":\"Ubirat\u00e3 Online Not\u00edcias\"}]}<\/script>\n<meta name=\"geo.placename\" content=\"UBIRATA\" \/>\n<meta name=\"geo.position\" content=\"-24.5361401;-52.9921776\" \/>\n<meta name=\"geo.region\" content=\"Brazil\" \/>\n<!-- \/ Yoast SEO Premium plugin. -->","yoast_head_json":{"title":"Aces media day 2026: A'ja Wilson unveils Jean Grey-inspired look - Ubirat\u00e3 Online Not\u00edcias - A realidade ao seu alcance!","description":"When A'ja Wilson stepped in front of the camera for her Las Vegas Aces media day headshot, fans noticed a change consistent with a trend from years","robots":{"index":"index","follow":"follow","max-snippet":"max-snippet:-1","max-image-preview":"max-image-preview:large","max-video-preview":"max-video-preview:-1"},"canonical":"https:\/\/ubirataonline.com.br\/en\/aces-media-day-2026-aja-wilson-unveils-jean-grey-inspired-look\/","og_locale":"en_US","og_type":"article","og_title":"Aces media day 2026: A'ja Wilson unveils Jean Grey-inspired look","og_description":"When A'ja Wilson stepped in front of the camera for her Las Vegas Aces media day headshot, fans noticed a change consistent with a trend from years","og_url":"https:\/\/ubirataonline.com.br\/en\/aces-media-day-2026-aja-wilson-unveils-jean-grey-inspired-look\/","og_site_name":"Ubirat\u00e3 Online Not\u00edcias - A realidade ao seu alcance!","article_publisher":"https:\/\/www.facebook.com\/portalubirataonline","article_author":"https:\/\/www.facebook.com\/portalubirataonline","article_published_time":"2026-04-29T15:44:50+00:00","article_modified_time":"2026-04-29T15:44:52+00:00","og_image":[{"width":1080,"height":608,"url":"https:\/\/ubirataonline.com.br\/wp-content\/uploads\/2026\/04\/Aces-media-day-2026-Aja-Wilson-unveils-Jean-Grey-inspired-look.jpeg","type":"image\/jpeg"}],"author":"REDA\u00c7\u00c3O: UBIRAT\u00c3 ONLINE - F\u00c1BIO AUGUSTO CELESTINO","twitter_card":"summary_large_image","twitter_creator":"@x.com\/ubirataonline","twitter_site":"@ubirataonline","twitter_misc":{"Written by":"REDA\u00c7\u00c3O: UBIRAT\u00c3 ONLINE - F\u00c1BIO AUGUSTO CELESTINO","Est. reading time":"1 minute"},"schema":{"@context":"https:\/\/schema.org","@graph":[{"@type":"NewsArticle","@id":"https:\/\/ubirataonline.com.br\/aces-media-day-2026-aja-wilson-unveils-jean-grey-inspired-look\/#article","isPartOf":{"@id":"https:\/\/ubirataonline.com.br\/aces-media-day-2026-aja-wilson-unveils-jean-grey-inspired-look\/"},"author":{"name":"REDA\u00c7\u00c3O: UBIRAT\u00c3 ONLINE - F\u00c1BIO AUGUSTO CELESTINO","@id":"https:\/\/ubirataonline.com.br\/#\/schema\/person\/372f87bbd3fdd79b8556b84c98d0bc1c"},"headline":"Aces media day 2026: A&#8217;ja Wilson unveils Jean Grey-inspired look","datePublished":"2026-04-29T15:44:50+00:00","dateModified":"2026-04-29T15:44:52+00:00","mainEntityOfPage":{"@id":"https:\/\/ubirataonline.com.br\/aces-media-day-2026-aja-wilson-unveils-jean-grey-inspired-look\/"},"wordCount":229,"publisher":{"@id":"https:\/\/ubirataonline.com.br\/#organization"},"image":{"@id":"https:\/\/ubirataonline.com.br\/aces-media-day-2026-aja-wilson-unveils-jean-grey-inspired-look\/#primaryimage"},"thumbnailUrl":"https:\/\/ubirataonline.com.br\/wp-content\/uploads\/2026\/04\/Aces-media-day-2026-Aja-Wilson-unveils-Jean-Grey-inspired-look.jpeg","keywords":["aces","Aja","day","Greyinspired","Jean","Media","unveils","Wilson"],"articleSection":["Europe"],"inLanguage":"en-US","copyrightYear":"2026","copyrightHolder":{"@id":"https:\/\/ubirataonline.com.br\/en\/#organization"}},{"@type":"WebPage","@id":"https:\/\/ubirataonline.com.br\/aces-media-day-2026-aja-wilson-unveils-jean-grey-inspired-look\/","url":"https:\/\/ubirataonline.com.br\/aces-media-day-2026-aja-wilson-unveils-jean-grey-inspired-look\/","name":"Aces media day 2026: A'ja Wilson unveils Jean Grey-inspired look - Ubirat\u00e3 Online Not\u00edcias - A realidade ao seu alcance!","isPartOf":{"@id":"https:\/\/ubirataonline.com.br\/#website"},"primaryImageOfPage":{"@id":"https:\/\/ubirataonline.com.br\/aces-media-day-2026-aja-wilson-unveils-jean-grey-inspired-look\/#primaryimage"},"image":{"@id":"https:\/\/ubirataonline.com.br\/aces-media-day-2026-aja-wilson-unveils-jean-grey-inspired-look\/#primaryimage"},"thumbnailUrl":"https:\/\/ubirataonline.com.br\/wp-content\/uploads\/2026\/04\/Aces-media-day-2026-Aja-Wilson-unveils-Jean-Grey-inspired-look.jpeg","datePublished":"2026-04-29T15:44:50+00:00","dateModified":"2026-04-29T15:44:52+00:00","description":"When A'ja Wilson stepped in front of the camera for her Las Vegas Aces media day headshot, fans noticed a change consistent with a trend from years","breadcrumb":{"@id":"https:\/\/ubirataonline.com.br\/aces-media-day-2026-aja-wilson-unveils-jean-grey-inspired-look\/#breadcrumb"},"inLanguage":"en-US","potentialAction":[{"@type":"ReadAction","target":["https:\/\/ubirataonline.com.br\/aces-media-day-2026-aja-wilson-unveils-jean-grey-inspired-look\/"]}]},{"@type":"ImageObject","inLanguage":"en-US","@id":"https:\/\/ubirataonline.com.br\/aces-media-day-2026-aja-wilson-unveils-jean-grey-inspired-look\/#primaryimage","url":"https:\/\/ubirataonline.com.br\/wp-content\/uploads\/2026\/04\/Aces-media-day-2026-Aja-Wilson-unveils-Jean-Grey-inspired-look.jpeg","contentUrl":"https:\/\/ubirataonline.com.br\/wp-content\/uploads\/2026\/04\/Aces-media-day-2026-Aja-Wilson-unveils-Jean-Grey-inspired-look.jpeg","width":1080,"height":608,"caption":"Shams: Wilson staying with Aces on $5 million deal (0:48)Shams: Wilson is staying with Aces on $5 million deal. (0:48)"},{"@type":"BreadcrumbList","@id":"https:\/\/ubirataonline.com.br\/aces-media-day-2026-aja-wilson-unveils-jean-grey-inspired-look\/#breadcrumb","itemListElement":[{"@type":"ListItem","position":1,"name":"In\u00edcio","item":"https:\/\/ubirataonline.com.br\/"},{"@type":"ListItem","position":2,"name":"Aces media day 2026: A&#8217;ja Wilson unveils Jean Grey-inspired look"}]},{"@type":"WebSite","@id":"https:\/\/ubirataonline.com.br\/#website","url":"https:\/\/ubirataonline.com.br\/","name":"Ubirat\u00e3 Online Not\u00edcias","description":"Not\u00edcias de Ubirat\u00e3, regi\u00e3o, Brasil e mundo, com informa\u00e7\u00e3o atualizada e compromisso com o leitor.","publisher":{"@id":"https:\/\/ubirataonline.com.br\/#organization"},"alternateName":"Ubirat\u00e3 Online","potentialAction":[{"@type":"SearchAction","target":{"@type":"EntryPoint","urlTemplate":"https:\/\/ubirataonline.com.br\/?s={search_term_string}"},"query-input":{"@type":"PropertyValueSpecification","valueRequired":true,"valueName":"search_term_string"}}],"inLanguage":"en-US"},{"@type":["Organization","Place"],"@id":"https:\/\/ubirataonline.com.br\/#organization","name":"Ubirat\u00e3 Online Not\u00edcias","alternateName":"Ubirat\u00e3 Online","url":"https:\/\/ubirataonline.com.br\/","logo":{"@id":"https:\/\/ubirataonline.com.br\/aces-media-day-2026-aja-wilson-unveils-jean-grey-inspired-look\/#local-main-organization-logo"},"image":{"@id":"https:\/\/ubirataonline.com.br\/aces-media-day-2026-aja-wilson-unveils-jean-grey-inspired-look\/#local-main-organization-logo"},"sameAs":["https:\/\/www.facebook.com\/portalubirataonline","https:\/\/x.com\/ubirataonline","https:\/\/mastodon.social\/@ubirataonline","https:\/\/www.facebook.com\/groups\/311144672285604","https:\/\/www.facebook.com\/UBTAOnline","https:\/\/www.instagram.com\/portalubirataonline\/","https:\/\/twitter.com\/ubirataonline"],"description":"Somos um portal de not\u00edcias independente, criado em 5 de janeiro de 2009, com o objetivo de informar, conectar e valorizar a nossa comunidade de Ubirat\u00e3 e toda aregi\u00e3o. Com conte\u00fado atualizado, confi\u00e1vel e relevante, o Ubirat\u00e3 Online \u00e9 o seu espa\u00e7o para ficar por dentro dos principais acontecimentos locais, regionais, Brasil, Mundo e de interesse geral. Nosso compromisso \u00e9 com a verdade, a transpar\u00eancia e o respeito ao leitor.","legalName":"UBIRATA ONLINE NOT\u00cdCIAS","foundingDate":"2009-01-05","numberOfEmployees":{"@type":"QuantitativeValue","minValue":"1","maxValue":"10"},"publishingPrinciples":"https:\/\/ubirataonline.com.br\/faq\/","address":{"@id":"https:\/\/ubirataonline.com.br\/aces-media-day-2026-aja-wilson-unveils-jean-grey-inspired-look\/#local-main-place-address"},"geo":{"@type":"GeoCoordinates","latitude":"-24.5361401","longitude":"-52.9921776"},"telephone":["+5544998308235"],"contactPoint":{"@type":"ContactPoint","email":"contato@ubirataonline.com.br"},"openingHoursSpecification":{"@type":"OpeningHoursSpecification","dayOfWeek":["Monday","Tuesday","Wednesday","Thursday","Friday","Saturday","Sunday"],"opens":"00:00","closes":"23:59"},"email":"contato@ubirataonline.com.br","vatID":"47.621.418\/0001-80"},{"@type":"Person","@id":"https:\/\/ubirataonline.com.br\/#\/schema\/person\/372f87bbd3fdd79b8556b84c98d0bc1c","name":"REDA\u00c7\u00c3O: UBIRAT\u00c3 ONLINE - F\u00c1BIO AUGUSTO CELESTINO","pronouns":"Ele","description":"Desde 2003 trabalhando com not\u00edcias.","sameAs":["http:\/\/ubirataoline.com.br","https:\/\/www.facebook.com\/portalubirataonline","https:\/\/www.instagram.com\/ubirataonline_oficial","https:\/\/x.com\/x.com\/ubirataonline"],"honorificPrefix":"Mr.","honorificSuffix":"MD","birthDate":"1980-06-16","gender":"masculino","award":["V\u00e1rios pr\u00eamios de melhor portal da cidade"],"jobTitle":"Diretor","url":"https:\/\/ubirataonline.com.br\/en\/author\/ubirataonline\/"},{"@type":"PostalAddress","@id":"https:\/\/ubirataonline.com.br\/aces-media-day-2026-aja-wilson-unveils-jean-grey-inspired-look\/#local-main-place-address","streetAddress":"Rua dos Coqueiros, 104 - Bairro Boa Vista, Rua dos Coqueiros, 104 Bairro Boa Vista","addressLocality":"UBIRATA","postalCode":"85440-000","addressRegion":"PR","addressCountry":"BR"},{"@type":"ImageObject","inLanguage":"en-US","@id":"https:\/\/ubirataonline.com.br\/aces-media-day-2026-aja-wilson-unveils-jean-grey-inspired-look\/#local-main-organization-logo","url":"https:\/\/ubirataonline.com.br\/wp-content\/uploads\/2026\/06\/logoubirataonline-1.webp","contentUrl":"https:\/\/ubirataonline.com.br\/wp-content\/uploads\/2026\/06\/logoubirataonline-1.webp","width":500,"height":500,"caption":"Ubirat\u00e3 Online Not\u00edcias"}]},"geo.placename":"UBIRATA","geo.position":{"lat":"-24.5361401","long":"-52.9921776"},"geo.region":"Brazil"},"_links":{"self":[{"href":"https:\/\/ubirataonline.com.br\/en\/wp-json\/wp\/v2\/posts\/118660","targetHints":{"allow":["GET"]}}],"collection":[{"href":"https:\/\/ubirataonline.com.br\/en\/wp-json\/wp\/v2\/posts"}],"about":[{"href":"https:\/\/ubirataonline.com.br\/en\/wp-json\/wp\/v2\/types\/post"}],"author":[{"embeddable":true,"href":"https:\/\/ubirataonline.com.br\/en\/wp-json\/wp\/v2\/users\/1"}],"replies":[{"embeddable":true,"href":"https:\/\/ubirataonline.com.br\/en\/wp-json\/wp\/v2\/comments?post=118660"}],"version-history":[{"count":0,"href":"https:\/\/ubirataonline.com.br\/en\/wp-json\/wp\/v2\/posts\/118660\/revisions"}],"wp:featuredmedia":[{"embeddable":true,"href":"https:\/\/ubirataonline.com.br\/en\/wp-json\/wp\/v2\/media\/118661"}],"wp:attachment":[{"href":"https:\/\/ubirataonline.com.br\/en\/wp-json\/wp\/v2\/media?parent=118660"}],"wp:term":[{"taxonomy":"category","embeddable":true,"href":"https:\/\/ubirataonline.com.br\/en\/wp-json\/wp\/v2\/categories?post=118660"},{"taxonomy":"post_tag","embeddable":true,"href":"https:\/\/ubirataonline.com.br\/en\/wp-json\/wp\/v2\/tags?post=118660"}],"curies":[{"name":"wp","href":"https:\/\/api.w.org\/{rel}","templated":true}]}}