{"id":119284,"date":"2026-04-30T04:39:55","date_gmt":"2026-04-30T07:39:55","guid":{"rendered":"https:\/\/ubirataonline.com.br\/why-legal-protection-for-injury-victims-is-essential-for-social-equity\/"},"modified":"2026-04-30T04:39:58","modified_gmt":"2026-04-30T07:39:58","slug":"why-legal-protection-for-injury-victims-is-essential-for-social-equity","status":"publish","type":"post","link":"https:\/\/ubirataonline.com.br\/en\/why-legal-protection-for-injury-victims-is-essential-for-social-equity\/","title":{"rendered":"Why Legal Protection for Injury Victims is Essential for Social Equity"},"content":{"rendered":"<p><br \/>\n<\/p>\n<div>\n<p><span style=\"font-weight: 400;\">Personal injury law rarely makes it onto lists of pressing social issues. It lives in the background, somewhere between civil rights litigation and small claims court, easy to ignore unless you\u2019ve actually needed it. But the pattern emerging from courtrooms across the country is hard to dismiss: the people who get hurt the most, and the corporations that escape accountability most reliably, are not randomly distributed. They follow income lines. They follow race lines. They follow zip codes.<\/span><\/p>\n<p><span style=\"font-weight: 400;\">A delivery driver rear-ended by a distracted company vehicle. A warehouse worker whose employer skipped the mandated safety inspection. A tenant whose landlord ignored a broken staircase for months. These aren\u2019t edge cases \u2014 they\u2019re the everyday texture of personal injury litigation in America. And the outcome of each case frequently has less to do with the facts than with whether the injured person could afford to fight.<\/span><\/p>\n<h2><b>Who Actually Shows Up to the Table<\/b><\/h2>\n<p><span style=\"font-weight: 400;\">Here\u2019s what the process looks like in practice. A corporation facing a personal injury claim arrives with in-house counsel, insurance adjusters with years of experience minimizing payouts, and the institutional patience to drag proceedings out for months or years. The injured party shows up with medical debt and a deadline on the rent.<\/span><\/p>\n<p><span style=\"font-weight: 400;\">Firms like <\/span><a href=\"https:\/\/landverpersonalinjury.com\" target=\"_blank\" rel=\"noopener noreferrer external\"><span style=\"font-weight: 400;\">landverpersonalinjury.com<\/span><\/a><span style=\"font-weight: 400;\">, working directly with accident victims, encounter this asymmetry constantly \u2014 the distance between what someone is legally owed and what they actually receive often comes down to a single variable: representation. That\u2019s not a procedural footnote. That\u2019s structural inequality with a face on it.<\/span><\/p>\n<p><span style=\"font-weight: 400;\">The contingency fee model is the main corrective mechanism, and it almost never gets credit. When attorneys take personal injury cases on contingency \u2014 paid only if the client wins \u2014 they absorb the financial risk of litigation on behalf of people who couldn\u2019t otherwise afford a lawyer. For a single parent working two jobs, that arrangement is the difference between having legal recourse and having none.<\/span><\/p>\n<p><span style=\"font-weight: 400;\">The United Nations\u2019 Sustainable Development Goal 16 calls explicitly for equal access to justice for all. Legal representation in injury cases is, in that framing, infrastructure \u2014 the same way roads and hospitals are infrastructure. Strip it away, and certain communities simply absorb harms that other communities get to litigate.<\/span><\/p>\n<h2><b>Stella Liebeck and the Story That Got Twisted<\/b><\/h2>\n<p><span style=\"font-weight: 400;\">The McDonald\u2019s hot coffee case is still the go-to joke about \u201cfrivolous lawsuits.\u201d Worth revisiting what actually happened. Stella Liebeck was 79. She suffered third-degree burns across 16 percent of her body and spent weeks in the hospital. Internal McDonald\u2019s records showed the company had received hundreds of prior complaints about coffee served at dangerously high temperatures \u2014 and had changed nothing.<\/span><\/p>\n<p><span style=\"font-weight: 400;\">The jury heard all of that. The punitive damages they awarded reflected it.<\/span><\/p>\n<p><span style=\"font-weight: 400;\">What followed the verdict was a sustained public campaign to frame the case as absurd \u2014 an effort that, not coincidentally, served the interests of institutional defendants everywhere. The punchline version of the story was far more useful than the accurate one. And the accurate one is this: an elderly woman got seriously hurt, sought accountability from a company that had ignored repeated warnings, and won. The legal system worked. The PR campaign around it did not represent justice \u2014 it represented something else.<\/span><\/p>\n<h2><b>The Deterrence Function Nobody Mentions<\/b><\/h2>\n<p><span style=\"font-weight: 400;\">Personal injury law does two things. Compensation \u2014 making injured people financially whole \u2014 is the obvious one. The second function is deterrence, and it gets almost no coverage.<\/span><\/p>\n<p><span style=\"font-weight: 400;\">When companies face real financial consequences for negligence, their risk calculations shift. The Ford Pinto case from the 1970s is the clearest illustration of what happens when they don\u2019t. Ford\u2019s engineers had internally calculated the expected cost of injury lawsuits against the cost of a safety fix \u2014 and concluded the lawsuits were cheaper. It took civil verdicts that reflected the actual scale of the harm before that math changed.<\/span><\/p>\n<p><span style=\"font-weight: 400;\">Remove meaningful liability, and companies don\u2019t stop making dangerous products. They just stop paying for the consequences. The cost shifts \u2014 from the responsible party onto injury victims, their families, public health systems, and disability programs. That\u2019s not an improvement in efficiency. That\u2019s a subsidy for negligence, paid for by the people least able to afford it.<\/span><\/p>\n<h2><b>Tort Reform\u2019s Fine Print<\/b><\/h2>\n<p><span style=\"font-weight: 400;\">\u201cTort reform\u201d sounds like neutral housekeeping. It\u2019s not. The push to cap damages, tighten statutes of limitations, and raise procedural barriers has been sold as protection against runaway litigation. What it actually does is protect institutional defendants from large verdicts \u2014 a very specific group of beneficiaries.<\/span><\/p>\n<p><span style=\"font-weight: 400;\">Caps on non-economic damages hit the most severely injured plaintiffs hardest. A retired teacher with permanent nerve damage from a botched surgery may have modest economic losses \u2014 her earning years are mostly behind her \u2014 but her suffering is real and permanent. A damage cap says the law only recognizes suffering up to a dollar figure set by a legislature, regardless of what actually happened to her body.<\/span><\/p>\n<p><span style=\"font-weight: 400;\">That\u2019s an equity argument dressed in business language. Procedural barriers don\u2019t reduce access to justice uniformly. They reduce it selectively \u2014 for people with less leverage, less time, and less margin for a drawn-out fight.<\/span><\/p>\n<p><span style=\"font-weight: 400;\">The Exxon Valdez litigation offers a longer view of the same dynamic. Alaskan fishermen and Native communities devastated by the 1989 spill spent years fighting through appeals and downward revisions to their jury award. ExxonMobil had the resources to litigate indefinitely. Some original plaintiffs had died by the time a final judgment landed. Resource asymmetry, stretched over decades, turns justice into something barely recognizable.<\/span><\/p>\n<h2><b>The Human Rights Frame<\/b><\/h2>\n<p><span style=\"font-weight: 400;\">International human rights frameworks \u2014 including the International Covenant on Civil and Political Rights \u2014 recognize the right to an effective remedy for harm. In the domestic context, personal injury law is one of the primary mechanisms through which that right gets exercised.<\/span><\/p>\n<p><span style=\"font-weight: 400;\">When someone is hurt by a private actor\u2019s negligence, there is no government tribunal to petition, no administrative body with automatic jurisdiction. Civil litigation is often the only path. And a path that\u2019s technically available but practically inaccessible \u2014 due to cost, complexity, or procedural design \u2014 isn\u2019t really a path at all.<\/span><\/p>\n<p><span style=\"font-weight: 400;\">SDG 10 on reduced inequalities and SDG 16 on strong institutions aren\u2019t abstract commitments. They describe a functional legal system in which harmed individuals can seek redress regardless of income, and in which accountability mechanisms create incentives for safer behavior across industries. Personal injury law, when it works, is that system in practice.<\/span><\/p>\n<h2><b>What a More Equitable System Needs<\/b><\/h2>\n<p><span style=\"font-weight: 400;\">No one serious argues for unlimited litigation. Courts have real capacity limits, and bad-faith claims exist. The question isn\u2019t whether any limits should exist \u2014 it\u2019s who those limits are designed to protect.<\/span><\/p>\n<p><span style=\"font-weight: 400;\">A more equitable system expands legal aid for personal injury matters. It creates transparent settlement practices where insurance companies are involved. It stops treating injury victims who pursue compensation as morally suspect, and starts recognizing that seeking accountability after being seriously hurt is not a character flaw \u2014 it\u2019s the legal system functioning as intended.<\/span><\/p>\n<p><span style=\"font-weight: 400;\">The people who most need that protection are rarely the ones shaping the public conversation about it. Stella Liebeck wasn\u2019t a symbol of litigious excess. She was someone who got hurt and asked for accountability. The version of her story that became a punchline was more useful to some people than the accurate one. That gap \u2014 between what happened and what became the narrative \u2014 is where a lot of equity gets quietly lost.<\/span><\/p>\n<hr\/>\n<p><span style=\"text-decoration: underline;\"><b><i>Editor\u2019s Note:<\/i><\/b><\/span><i><span style=\"text-decoration: underline;\">\u00a0The opinions expressed here by the authors are their own, not those of impakter.com<\/span>\u00a0<\/i><i>\u2014 <strong>In The Cover:<\/strong> Legal protection team \u2014 <\/i><b><i>Cover Photo Credit: <\/i><\/b><a href=\"https:\/\/unsplash.com\/photos\/black-and-white-bar-stools-EuYXlTTMB0c\" target=\"_blank\" rel=\"noopener noreferrer external\"><i>Dogancan Ozturan.<\/i><\/a><\/p>\n<\/p><\/div>\n<p><br \/>\n<br \/><a href=\"https:\/\/impakter.com\/why-legal-protection-for-injury-victims-is-essential-for-social-equity\/\">Source link <\/a><\/p>","protected":false},"excerpt":{"rendered":"<p>Personal injury law rarely makes it onto lists of pressing social issues. It lives in the background, somewhere between civil rights litigation and small claims court, easy to ignore unless you\u2019ve actually needed it. But the pattern emerging from courtrooms across the country is hard to dismiss: the people who get hurt the most, and [&hellip;]<\/p>\n","protected":false},"author":1,"featured_media":119285,"comment_status":"closed","ping_status":"","sticky":false,"template":"","format":"standard","meta":{"googlesitekit_rrm_CAow2JLhCw:productID":"","_gspb_post_css":"","maa_idioma":"","maa_pais":"","footnotes":""},"categories":[1],"tags":[21527,7057,3007,9596,32315,146,5873],"class_list":["post-119284","post","type-post","status-publish","format-standard","has-post-thumbnail","hentry","category-ubirata","tag-equity","tag-essential","tag-injury","tag-legal","tag-protection","tag-social","tag-victims"],"blocksy_meta":[],"yoast_head":"<!-- This site is optimized with the Yoast SEO Premium plugin v27.6 (Yoast SEO v27.6) - https:\/\/yoast.com\/product\/yoast-seo-premium-wordpress\/ -->\n<title>Why Legal Protection for Injury Victims is Essential for Social Equity - Ubirat\u00e3 Online Not\u00edcias - A realidade ao seu alcance!<\/title>\n<meta name=\"description\" content=\"Personal injury law rarely makes it onto lists of pressing social issues. It lives in the background, somewhere between civil rights litigation and small\" \/>\n<meta name=\"robots\" content=\"index, follow, max-snippet:-1, max-image-preview:large, max-video-preview:-1\" \/>\n<link rel=\"canonical\" href=\"https:\/\/ubirataonline.com.br\/en\/why-legal-protection-for-injury-victims-is-essential-for-social-equity\/\" \/>\n<meta property=\"og:locale\" content=\"en_US\" \/>\n<meta property=\"og:type\" content=\"article\" \/>\n<meta property=\"og:title\" content=\"Why Legal Protection for Injury Victims is Essential for Social Equity\" \/>\n<meta property=\"og:description\" content=\"Personal injury law rarely makes it onto lists of pressing social issues. It lives in the background, somewhere between civil rights litigation and small\" \/>\n<meta property=\"og:url\" content=\"https:\/\/ubirataonline.com.br\/en\/why-legal-protection-for-injury-victims-is-essential-for-social-equity\/\" \/>\n<meta property=\"og:site_name\" content=\"Ubirat\u00e3 Online Not\u00edcias - A realidade ao seu alcance!\" \/>\n<meta property=\"article:publisher\" content=\"https:\/\/www.facebook.com\/portalubirataonline\" \/>\n<meta property=\"article:author\" content=\"https:\/\/www.facebook.com\/portalubirataonline\" \/>\n<meta property=\"article:published_time\" content=\"2026-04-30T07:39:55+00:00\" \/>\n<meta property=\"article:modified_time\" content=\"2026-04-30T07:39:58+00:00\" \/>\n<meta property=\"og:image\" content=\"https:\/\/ubirataonline.com.br\/wp-content\/uploads\/2026\/04\/Why-Legal-Protection-for-Injury-Victims-is-Essential-for-Social.jpg\" \/>\n\t<meta property=\"og:image:width\" content=\"1280\" \/>\n\t<meta property=\"og:image:height\" content=\"853\" \/>\n\t<meta property=\"og:image:type\" content=\"image\/jpeg\" \/>\n<meta name=\"author\" content=\"REDA\u00c7\u00c3O: UBIRAT\u00c3 ONLINE - F\u00c1BIO AUGUSTO CELESTINO\" \/>\n<meta name=\"twitter:card\" content=\"summary_large_image\" \/>\n<meta name=\"twitter:creator\" content=\"@x.com\/ubirataonline\" \/>\n<meta name=\"twitter:site\" content=\"@ubirataonline\" \/>\n<meta name=\"twitter:label1\" content=\"Written by\" \/>\n\t<meta name=\"twitter:data1\" content=\"REDA\u00c7\u00c3O: UBIRAT\u00c3 ONLINE - F\u00c1BIO AUGUSTO CELESTINO\" \/>\n\t<meta name=\"twitter:label2\" content=\"Est. reading time\" \/>\n\t<meta name=\"twitter:data2\" content=\"6 minutes\" \/>\n<script type=\"application\/ld+json\" class=\"yoast-schema-graph\">{\"@context\":\"https:\\\/\\\/schema.org\",\"@graph\":[{\"@type\":\"NewsArticle\",\"@id\":\"https:\\\/\\\/ubirataonline.com.br\\\/why-legal-protection-for-injury-victims-is-essential-for-social-equity\\\/#article\",\"isPartOf\":{\"@id\":\"https:\\\/\\\/ubirataonline.com.br\\\/why-legal-protection-for-injury-victims-is-essential-for-social-equity\\\/\"},\"author\":{\"name\":\"REDA\u00c7\u00c3O: UBIRAT\u00c3 ONLINE - F\u00c1BIO AUGUSTO CELESTINO\",\"@id\":\"https:\\\/\\\/ubirataonline.com.br\\\/#\\\/schema\\\/person\\\/372f87bbd3fdd79b8556b84c98d0bc1c\"},\"headline\":\"Why Legal Protection for Injury Victims is Essential for Social Equity\",\"datePublished\":\"2026-04-30T07:39:55+00:00\",\"dateModified\":\"2026-04-30T07:39:58+00:00\",\"mainEntityOfPage\":{\"@id\":\"https:\\\/\\\/ubirataonline.com.br\\\/why-legal-protection-for-injury-victims-is-essential-for-social-equity\\\/\"},\"wordCount\":1280,\"publisher\":{\"@id\":\"https:\\\/\\\/ubirataonline.com.br\\\/#organization\"},\"image\":{\"@id\":\"https:\\\/\\\/ubirataonline.com.br\\\/why-legal-protection-for-injury-victims-is-essential-for-social-equity\\\/#primaryimage\"},\"thumbnailUrl\":\"https:\\\/\\\/ubirataonline.com.br\\\/wp-content\\\/uploads\\\/2026\\\/04\\\/Why-Legal-Protection-for-Injury-Victims-is-Essential-for-Social.jpg\",\"keywords\":[\"equity\",\"essential\",\"injury\",\"Legal\",\"Protection\",\"social\",\"Victims\"],\"articleSection\":[\"Ubirat\u00e3\"],\"inLanguage\":\"en-US\",\"copyrightYear\":\"2026\",\"copyrightHolder\":{\"@id\":\"https:\\\/\\\/ubirataonline.com.br\\\/en\\\/#organization\"}},{\"@type\":\"WebPage\",\"@id\":\"https:\\\/\\\/ubirataonline.com.br\\\/why-legal-protection-for-injury-victims-is-essential-for-social-equity\\\/\",\"url\":\"https:\\\/\\\/ubirataonline.com.br\\\/why-legal-protection-for-injury-victims-is-essential-for-social-equity\\\/\",\"name\":\"Why Legal Protection for Injury Victims is Essential for Social Equity - Ubirat\u00e3 Online Not\u00edcias - A realidade ao seu alcance!\",\"isPartOf\":{\"@id\":\"https:\\\/\\\/ubirataonline.com.br\\\/#website\"},\"primaryImageOfPage\":{\"@id\":\"https:\\\/\\\/ubirataonline.com.br\\\/why-legal-protection-for-injury-victims-is-essential-for-social-equity\\\/#primaryimage\"},\"image\":{\"@id\":\"https:\\\/\\\/ubirataonline.com.br\\\/why-legal-protection-for-injury-victims-is-essential-for-social-equity\\\/#primaryimage\"},\"thumbnailUrl\":\"https:\\\/\\\/ubirataonline.com.br\\\/wp-content\\\/uploads\\\/2026\\\/04\\\/Why-Legal-Protection-for-Injury-Victims-is-Essential-for-Social.jpg\",\"datePublished\":\"2026-04-30T07:39:55+00:00\",\"dateModified\":\"2026-04-30T07:39:58+00:00\",\"description\":\"Personal injury law rarely makes it onto lists of pressing social issues. It lives in the background, somewhere between civil rights litigation and small\",\"breadcrumb\":{\"@id\":\"https:\\\/\\\/ubirataonline.com.br\\\/why-legal-protection-for-injury-victims-is-essential-for-social-equity\\\/#breadcrumb\"},\"inLanguage\":\"en-US\",\"potentialAction\":[{\"@type\":\"ReadAction\",\"target\":[\"https:\\\/\\\/ubirataonline.com.br\\\/why-legal-protection-for-injury-victims-is-essential-for-social-equity\\\/\"]}]},{\"@type\":\"ImageObject\",\"inLanguage\":\"en-US\",\"@id\":\"https:\\\/\\\/ubirataonline.com.br\\\/why-legal-protection-for-injury-victims-is-essential-for-social-equity\\\/#primaryimage\",\"url\":\"https:\\\/\\\/ubirataonline.com.br\\\/wp-content\\\/uploads\\\/2026\\\/04\\\/Why-Legal-Protection-for-Injury-Victims-is-Essential-for-Social.jpg\",\"contentUrl\":\"https:\\\/\\\/ubirataonline.com.br\\\/wp-content\\\/uploads\\\/2026\\\/04\\\/Why-Legal-Protection-for-Injury-Victims-is-Essential-for-Social.jpg\",\"width\":1280,\"height\":853,\"caption\":\"Why Legal Protection for Injury Victims is Essential for Social Equity\"},{\"@type\":\"BreadcrumbList\",\"@id\":\"https:\\\/\\\/ubirataonline.com.br\\\/why-legal-protection-for-injury-victims-is-essential-for-social-equity\\\/#breadcrumb\",\"itemListElement\":[{\"@type\":\"ListItem\",\"position\":1,\"name\":\"In\u00edcio\",\"item\":\"https:\\\/\\\/ubirataonline.com.br\\\/\"},{\"@type\":\"ListItem\",\"position\":2,\"name\":\"Why Legal Protection for Injury Victims is Essential for Social Equity\"}]},{\"@type\":\"WebSite\",\"@id\":\"https:\\\/\\\/ubirataonline.com.br\\\/#website\",\"url\":\"https:\\\/\\\/ubirataonline.com.br\\\/\",\"name\":\"Ubirat\u00e3 Online Not\u00edcias\",\"description\":\"Not\u00edcias de Ubirat\u00e3, regi\u00e3o, Brasil e mundo, com informa\u00e7\u00e3o atualizada e compromisso com o leitor.\",\"publisher\":{\"@id\":\"https:\\\/\\\/ubirataonline.com.br\\\/#organization\"},\"alternateName\":\"Ubirat\u00e3 Online\",\"potentialAction\":[{\"@type\":\"SearchAction\",\"target\":{\"@type\":\"EntryPoint\",\"urlTemplate\":\"https:\\\/\\\/ubirataonline.com.br\\\/?s={search_term_string}\"},\"query-input\":{\"@type\":\"PropertyValueSpecification\",\"valueRequired\":true,\"valueName\":\"search_term_string\"}}],\"inLanguage\":\"en-US\"},{\"@type\":[\"Organization\",\"Place\"],\"@id\":\"https:\\\/\\\/ubirataonline.com.br\\\/#organization\",\"name\":\"Ubirat\u00e3 Online Not\u00edcias\",\"alternateName\":\"Ubirat\u00e3 Online\",\"url\":\"https:\\\/\\\/ubirataonline.com.br\\\/\",\"logo\":{\"@id\":\"https:\\\/\\\/ubirataonline.com.br\\\/why-legal-protection-for-injury-victims-is-essential-for-social-equity\\\/#local-main-organization-logo\"},\"image\":{\"@id\":\"https:\\\/\\\/ubirataonline.com.br\\\/why-legal-protection-for-injury-victims-is-essential-for-social-equity\\\/#local-main-organization-logo\"},\"sameAs\":[\"https:\\\/\\\/www.facebook.com\\\/portalubirataonline\",\"https:\\\/\\\/x.com\\\/ubirataonline\",\"https:\\\/\\\/mastodon.social\\\/@ubirataonline\",\"https:\\\/\\\/www.facebook.com\\\/groups\\\/311144672285604\",\"https:\\\/\\\/www.facebook.com\\\/UBTAOnline\",\"https:\\\/\\\/www.instagram.com\\\/portalubirataonline\\\/\",\"https:\\\/\\\/twitter.com\\\/ubirataonline\"],\"description\":\"Somos um portal de not\u00edcias independente, criado em 5 de janeiro de 2009, com o objetivo de informar, conectar e valorizar a nossa comunidade de Ubirat\u00e3 e toda aregi\u00e3o. Com conte\u00fado atualizado, confi\u00e1vel e relevante, o Ubirat\u00e3 Online \u00e9 o seu espa\u00e7o para ficar por dentro dos principais acontecimentos locais, regionais, Brasil, Mundo e de interesse geral. Nosso compromisso \u00e9 com a verdade, a transpar\u00eancia e o respeito ao leitor.\",\"legalName\":\"UBIRATA ONLINE NOT\u00cdCIAS\",\"foundingDate\":\"2009-01-05\",\"numberOfEmployees\":{\"@type\":\"QuantitativeValue\",\"minValue\":\"1\",\"maxValue\":\"10\"},\"publishingPrinciples\":\"https:\\\/\\\/ubirataonline.com.br\\\/faq\\\/\",\"address\":{\"@id\":\"https:\\\/\\\/ubirataonline.com.br\\\/why-legal-protection-for-injury-victims-is-essential-for-social-equity\\\/#local-main-place-address\"},\"geo\":{\"@type\":\"GeoCoordinates\",\"latitude\":\"-24.5361401\",\"longitude\":\"-52.9921776\"},\"telephone\":[\"+5544998308235\"],\"contactPoint\":{\"@type\":\"ContactPoint\",\"email\":\"contato@ubirataonline.com.br\"},\"openingHoursSpecification\":{\"@type\":\"OpeningHoursSpecification\",\"dayOfWeek\":[\"Monday\",\"Tuesday\",\"Wednesday\",\"Thursday\",\"Friday\",\"Saturday\",\"Sunday\"],\"opens\":\"00:00\",\"closes\":\"23:59\"},\"email\":\"contato@ubirataonline.com.br\",\"vatID\":\"47.621.418\\\/0001-80\"},{\"@type\":\"Person\",\"@id\":\"https:\\\/\\\/ubirataonline.com.br\\\/#\\\/schema\\\/person\\\/372f87bbd3fdd79b8556b84c98d0bc1c\",\"name\":\"REDA\u00c7\u00c3O: UBIRAT\u00c3 ONLINE - F\u00c1BIO AUGUSTO CELESTINO\",\"pronouns\":\"Ele\",\"description\":\"Desde 2003 trabalhando com not\u00edcias.\",\"sameAs\":[\"http:\\\/\\\/ubirataoline.com.br\",\"https:\\\/\\\/www.facebook.com\\\/portalubirataonline\",\"https:\\\/\\\/www.instagram.com\\\/ubirataonline_oficial\",\"https:\\\/\\\/x.com\\\/x.com\\\/ubirataonline\"],\"honorificPrefix\":\"Mr.\",\"honorificSuffix\":\"MD\",\"birthDate\":\"1980-06-16\",\"gender\":\"masculino\",\"award\":[\"V\u00e1rios pr\u00eamios de melhor portal da cidade\"],\"jobTitle\":\"Diretor\",\"url\":\"https:\\\/\\\/ubirataonline.com.br\\\/en\\\/author\\\/ubirataonline\\\/\"},{\"@type\":\"PostalAddress\",\"@id\":\"https:\\\/\\\/ubirataonline.com.br\\\/why-legal-protection-for-injury-victims-is-essential-for-social-equity\\\/#local-main-place-address\",\"streetAddress\":\"Rua dos Coqueiros, 104 - Bairro Boa Vista, Rua dos Coqueiros, 104 Bairro Boa Vista\",\"addressLocality\":\"UBIRATA\",\"postalCode\":\"85440-000\",\"addressRegion\":\"PR\",\"addressCountry\":\"BR\"},{\"@type\":\"ImageObject\",\"inLanguage\":\"en-US\",\"@id\":\"https:\\\/\\\/ubirataonline.com.br\\\/why-legal-protection-for-injury-victims-is-essential-for-social-equity\\\/#local-main-organization-logo\",\"url\":\"https:\\\/\\\/ubirataonline.com.br\\\/wp-content\\\/uploads\\\/2026\\\/06\\\/logoubirataonline-1.webp\",\"contentUrl\":\"https:\\\/\\\/ubirataonline.com.br\\\/wp-content\\\/uploads\\\/2026\\\/06\\\/logoubirataonline-1.webp\",\"width\":500,\"height\":500,\"caption\":\"Ubirat\u00e3 Online Not\u00edcias\"}]}<\/script>\n<meta name=\"geo.placename\" content=\"UBIRATA\" \/>\n<meta name=\"geo.position\" content=\"-24.5361401;-52.9921776\" \/>\n<meta name=\"geo.region\" content=\"Brazil\" \/>\n<!-- \/ Yoast SEO Premium plugin. -->","yoast_head_json":{"title":"Why Legal Protection for Injury Victims is Essential for Social Equity - Ubirat\u00e3 Online Not\u00edcias - A realidade ao seu alcance!","description":"Personal injury law rarely makes it onto lists of pressing social issues. It lives in the background, somewhere between civil rights litigation and small","robots":{"index":"index","follow":"follow","max-snippet":"max-snippet:-1","max-image-preview":"max-image-preview:large","max-video-preview":"max-video-preview:-1"},"canonical":"https:\/\/ubirataonline.com.br\/en\/why-legal-protection-for-injury-victims-is-essential-for-social-equity\/","og_locale":"en_US","og_type":"article","og_title":"Why Legal Protection for Injury Victims is Essential for Social Equity","og_description":"Personal injury law rarely makes it onto lists of pressing social issues. It lives in the background, somewhere between civil rights litigation and small","og_url":"https:\/\/ubirataonline.com.br\/en\/why-legal-protection-for-injury-victims-is-essential-for-social-equity\/","og_site_name":"Ubirat\u00e3 Online Not\u00edcias - A realidade ao seu alcance!","article_publisher":"https:\/\/www.facebook.com\/portalubirataonline","article_author":"https:\/\/www.facebook.com\/portalubirataonline","article_published_time":"2026-04-30T07:39:55+00:00","article_modified_time":"2026-04-30T07:39:58+00:00","og_image":[{"width":1280,"height":853,"url":"https:\/\/ubirataonline.com.br\/wp-content\/uploads\/2026\/04\/Why-Legal-Protection-for-Injury-Victims-is-Essential-for-Social.jpg","type":"image\/jpeg"}],"author":"REDA\u00c7\u00c3O: UBIRAT\u00c3 ONLINE - F\u00c1BIO AUGUSTO CELESTINO","twitter_card":"summary_large_image","twitter_creator":"@x.com\/ubirataonline","twitter_site":"@ubirataonline","twitter_misc":{"Written by":"REDA\u00c7\u00c3O: UBIRAT\u00c3 ONLINE - F\u00c1BIO AUGUSTO CELESTINO","Est. reading time":"6 minutes"},"schema":{"@context":"https:\/\/schema.org","@graph":[{"@type":"NewsArticle","@id":"https:\/\/ubirataonline.com.br\/why-legal-protection-for-injury-victims-is-essential-for-social-equity\/#article","isPartOf":{"@id":"https:\/\/ubirataonline.com.br\/why-legal-protection-for-injury-victims-is-essential-for-social-equity\/"},"author":{"name":"REDA\u00c7\u00c3O: UBIRAT\u00c3 ONLINE - F\u00c1BIO AUGUSTO CELESTINO","@id":"https:\/\/ubirataonline.com.br\/#\/schema\/person\/372f87bbd3fdd79b8556b84c98d0bc1c"},"headline":"Why Legal Protection for Injury Victims is Essential for Social Equity","datePublished":"2026-04-30T07:39:55+00:00","dateModified":"2026-04-30T07:39:58+00:00","mainEntityOfPage":{"@id":"https:\/\/ubirataonline.com.br\/why-legal-protection-for-injury-victims-is-essential-for-social-equity\/"},"wordCount":1280,"publisher":{"@id":"https:\/\/ubirataonline.com.br\/#organization"},"image":{"@id":"https:\/\/ubirataonline.com.br\/why-legal-protection-for-injury-victims-is-essential-for-social-equity\/#primaryimage"},"thumbnailUrl":"https:\/\/ubirataonline.com.br\/wp-content\/uploads\/2026\/04\/Why-Legal-Protection-for-Injury-Victims-is-Essential-for-Social.jpg","keywords":["equity","essential","injury","Legal","Protection","social","Victims"],"articleSection":["Ubirat\u00e3"],"inLanguage":"en-US","copyrightYear":"2026","copyrightHolder":{"@id":"https:\/\/ubirataonline.com.br\/en\/#organization"}},{"@type":"WebPage","@id":"https:\/\/ubirataonline.com.br\/why-legal-protection-for-injury-victims-is-essential-for-social-equity\/","url":"https:\/\/ubirataonline.com.br\/why-legal-protection-for-injury-victims-is-essential-for-social-equity\/","name":"Why Legal Protection for Injury Victims is Essential for Social Equity - Ubirat\u00e3 Online Not\u00edcias - A realidade ao seu alcance!","isPartOf":{"@id":"https:\/\/ubirataonline.com.br\/#website"},"primaryImageOfPage":{"@id":"https:\/\/ubirataonline.com.br\/why-legal-protection-for-injury-victims-is-essential-for-social-equity\/#primaryimage"},"image":{"@id":"https:\/\/ubirataonline.com.br\/why-legal-protection-for-injury-victims-is-essential-for-social-equity\/#primaryimage"},"thumbnailUrl":"https:\/\/ubirataonline.com.br\/wp-content\/uploads\/2026\/04\/Why-Legal-Protection-for-Injury-Victims-is-Essential-for-Social.jpg","datePublished":"2026-04-30T07:39:55+00:00","dateModified":"2026-04-30T07:39:58+00:00","description":"Personal injury law rarely makes it onto lists of pressing social issues. It lives in the background, somewhere between civil rights litigation and small","breadcrumb":{"@id":"https:\/\/ubirataonline.com.br\/why-legal-protection-for-injury-victims-is-essential-for-social-equity\/#breadcrumb"},"inLanguage":"en-US","potentialAction":[{"@type":"ReadAction","target":["https:\/\/ubirataonline.com.br\/why-legal-protection-for-injury-victims-is-essential-for-social-equity\/"]}]},{"@type":"ImageObject","inLanguage":"en-US","@id":"https:\/\/ubirataonline.com.br\/why-legal-protection-for-injury-victims-is-essential-for-social-equity\/#primaryimage","url":"https:\/\/ubirataonline.com.br\/wp-content\/uploads\/2026\/04\/Why-Legal-Protection-for-Injury-Victims-is-Essential-for-Social.jpg","contentUrl":"https:\/\/ubirataonline.com.br\/wp-content\/uploads\/2026\/04\/Why-Legal-Protection-for-Injury-Victims-is-Essential-for-Social.jpg","width":1280,"height":853,"caption":"Why Legal Protection for Injury Victims is Essential for Social Equity"},{"@type":"BreadcrumbList","@id":"https:\/\/ubirataonline.com.br\/why-legal-protection-for-injury-victims-is-essential-for-social-equity\/#breadcrumb","itemListElement":[{"@type":"ListItem","position":1,"name":"In\u00edcio","item":"https:\/\/ubirataonline.com.br\/"},{"@type":"ListItem","position":2,"name":"Why Legal Protection for Injury Victims is Essential for Social Equity"}]},{"@type":"WebSite","@id":"https:\/\/ubirataonline.com.br\/#website","url":"https:\/\/ubirataonline.com.br\/","name":"Ubirat\u00e3 Online Not\u00edcias","description":"Not\u00edcias de Ubirat\u00e3, regi\u00e3o, Brasil e mundo, com informa\u00e7\u00e3o atualizada e compromisso com o leitor.","publisher":{"@id":"https:\/\/ubirataonline.com.br\/#organization"},"alternateName":"Ubirat\u00e3 Online","potentialAction":[{"@type":"SearchAction","target":{"@type":"EntryPoint","urlTemplate":"https:\/\/ubirataonline.com.br\/?s={search_term_string}"},"query-input":{"@type":"PropertyValueSpecification","valueRequired":true,"valueName":"search_term_string"}}],"inLanguage":"en-US"},{"@type":["Organization","Place"],"@id":"https:\/\/ubirataonline.com.br\/#organization","name":"Ubirat\u00e3 Online Not\u00edcias","alternateName":"Ubirat\u00e3 Online","url":"https:\/\/ubirataonline.com.br\/","logo":{"@id":"https:\/\/ubirataonline.com.br\/why-legal-protection-for-injury-victims-is-essential-for-social-equity\/#local-main-organization-logo"},"image":{"@id":"https:\/\/ubirataonline.com.br\/why-legal-protection-for-injury-victims-is-essential-for-social-equity\/#local-main-organization-logo"},"sameAs":["https:\/\/www.facebook.com\/portalubirataonline","https:\/\/x.com\/ubirataonline","https:\/\/mastodon.social\/@ubirataonline","https:\/\/www.facebook.com\/groups\/311144672285604","https:\/\/www.facebook.com\/UBTAOnline","https:\/\/www.instagram.com\/portalubirataonline\/","https:\/\/twitter.com\/ubirataonline"],"description":"Somos um portal de not\u00edcias independente, criado em 5 de janeiro de 2009, com o objetivo de informar, conectar e valorizar a nossa comunidade de Ubirat\u00e3 e toda aregi\u00e3o. Com conte\u00fado atualizado, confi\u00e1vel e relevante, o Ubirat\u00e3 Online \u00e9 o seu espa\u00e7o para ficar por dentro dos principais acontecimentos locais, regionais, Brasil, Mundo e de interesse geral. Nosso compromisso \u00e9 com a verdade, a transpar\u00eancia e o respeito ao leitor.","legalName":"UBIRATA ONLINE NOT\u00cdCIAS","foundingDate":"2009-01-05","numberOfEmployees":{"@type":"QuantitativeValue","minValue":"1","maxValue":"10"},"publishingPrinciples":"https:\/\/ubirataonline.com.br\/faq\/","address":{"@id":"https:\/\/ubirataonline.com.br\/why-legal-protection-for-injury-victims-is-essential-for-social-equity\/#local-main-place-address"},"geo":{"@type":"GeoCoordinates","latitude":"-24.5361401","longitude":"-52.9921776"},"telephone":["+5544998308235"],"contactPoint":{"@type":"ContactPoint","email":"contato@ubirataonline.com.br"},"openingHoursSpecification":{"@type":"OpeningHoursSpecification","dayOfWeek":["Monday","Tuesday","Wednesday","Thursday","Friday","Saturday","Sunday"],"opens":"00:00","closes":"23:59"},"email":"contato@ubirataonline.com.br","vatID":"47.621.418\/0001-80"},{"@type":"Person","@id":"https:\/\/ubirataonline.com.br\/#\/schema\/person\/372f87bbd3fdd79b8556b84c98d0bc1c","name":"REDA\u00c7\u00c3O: UBIRAT\u00c3 ONLINE - F\u00c1BIO AUGUSTO CELESTINO","pronouns":"Ele","description":"Desde 2003 trabalhando com not\u00edcias.","sameAs":["http:\/\/ubirataoline.com.br","https:\/\/www.facebook.com\/portalubirataonline","https:\/\/www.instagram.com\/ubirataonline_oficial","https:\/\/x.com\/x.com\/ubirataonline"],"honorificPrefix":"Mr.","honorificSuffix":"MD","birthDate":"1980-06-16","gender":"masculino","award":["V\u00e1rios pr\u00eamios de melhor portal da cidade"],"jobTitle":"Diretor","url":"https:\/\/ubirataonline.com.br\/en\/author\/ubirataonline\/"},{"@type":"PostalAddress","@id":"https:\/\/ubirataonline.com.br\/why-legal-protection-for-injury-victims-is-essential-for-social-equity\/#local-main-place-address","streetAddress":"Rua dos Coqueiros, 104 - Bairro Boa Vista, Rua dos Coqueiros, 104 Bairro Boa Vista","addressLocality":"UBIRATA","postalCode":"85440-000","addressRegion":"PR","addressCountry":"BR"},{"@type":"ImageObject","inLanguage":"en-US","@id":"https:\/\/ubirataonline.com.br\/why-legal-protection-for-injury-victims-is-essential-for-social-equity\/#local-main-organization-logo","url":"https:\/\/ubirataonline.com.br\/wp-content\/uploads\/2026\/06\/logoubirataonline-1.webp","contentUrl":"https:\/\/ubirataonline.com.br\/wp-content\/uploads\/2026\/06\/logoubirataonline-1.webp","width":500,"height":500,"caption":"Ubirat\u00e3 Online Not\u00edcias"}]},"geo.placename":"UBIRATA","geo.position":{"lat":"-24.5361401","long":"-52.9921776"},"geo.region":"Brazil"},"_links":{"self":[{"href":"https:\/\/ubirataonline.com.br\/en\/wp-json\/wp\/v2\/posts\/119284","targetHints":{"allow":["GET"]}}],"collection":[{"href":"https:\/\/ubirataonline.com.br\/en\/wp-json\/wp\/v2\/posts"}],"about":[{"href":"https:\/\/ubirataonline.com.br\/en\/wp-json\/wp\/v2\/types\/post"}],"author":[{"embeddable":true,"href":"https:\/\/ubirataonline.com.br\/en\/wp-json\/wp\/v2\/users\/1"}],"replies":[{"embeddable":true,"href":"https:\/\/ubirataonline.com.br\/en\/wp-json\/wp\/v2\/comments?post=119284"}],"version-history":[{"count":0,"href":"https:\/\/ubirataonline.com.br\/en\/wp-json\/wp\/v2\/posts\/119284\/revisions"}],"wp:featuredmedia":[{"embeddable":true,"href":"https:\/\/ubirataonline.com.br\/en\/wp-json\/wp\/v2\/media\/119285"}],"wp:attachment":[{"href":"https:\/\/ubirataonline.com.br\/en\/wp-json\/wp\/v2\/media?parent=119284"}],"wp:term":[{"taxonomy":"category","embeddable":true,"href":"https:\/\/ubirataonline.com.br\/en\/wp-json\/wp\/v2\/categories?post=119284"},{"taxonomy":"post_tag","embeddable":true,"href":"https:\/\/ubirataonline.com.br\/en\/wp-json\/wp\/v2\/tags?post=119284"}],"curies":[{"name":"wp","href":"https:\/\/api.w.org\/{rel}","templated":true}]}}