{"id":119373,"date":"2026-04-30T07:12:52","date_gmt":"2026-04-30T10:12:52","guid":{"rendered":"https:\/\/ubirataonline.com.br\/pl-da-dosimetria-o-que-muda-se-o-veto-do-presidente-for-derrubado\/"},"modified":"2026-04-30T07:12:54","modified_gmt":"2026-04-30T10:12:54","slug":"pl-da-dosimetria-o-que-muda-se-o-veto-do-presidente-for-derrubado","status":"publish","type":"post","link":"https:\/\/ubirataonline.com.br\/en\/pl-da-dosimetria-o-que-muda-se-o-veto-do-presidente-for-derrubado\/","title":{"rendered":"PL da Dosimetria: o que muda se o veto do presidente for derrubado"},"content":{"rendered":"<p><\/p>\n<div data-single-content=\"true\">\n<p class=\"my-5 break-words group-[.isActiveSource]:text-xl\">O <strong class=\"group-[.isActiveSource]:text-xl group-[.isActiveSource]:font-bold\">Congresso Nacional<\/strong> vota nesta quinta-feira (30) a derrubada do veto do presidente <strong class=\"group-[.isActiveSource]:text-xl group-[.isActiveSource]:font-bold\">Luiz In\u00e1cio Lula da Silva<\/strong> (PT) ao Projeto de Lei 2162\/2023, tamb\u00e9m chamado de <strong class=\"group-[.isActiveSource]:text-xl group-[.isActiveSource]:font-bold\">PL da Dosimetria<\/strong>. O texto altera regras de c\u00e1lculo de penas e de progress\u00e3o de regime para condenados pelos atos golpistas de <strong class=\"group-[.isActiveSource]:text-xl group-[.isActiveSource]:font-bold\">8 de janeiro de 2023<\/strong>, mas seus efeitos se estendem a outros crimes.<\/p>\n<p class=\"my-5 break-words group-[.isActiveSource]:text-xl\">Para a rejei\u00e7\u00e3o do veto \u00e9 necess\u00e1ria a maioria absoluta dos votos de deputados e senadores, ou seja, 257 votos de deputados e 41 votos de senadores.<\/p>\n<p class=\"my-5 break-words group-[.isActiveSource]:text-xl\">A <strong class=\"group-[.isActiveSource]:text-xl group-[.isActiveSource]:font-bold\">CNN Brasil<\/strong> ouviu o advogado <strong class=\"group-[.isActiveSource]:text-xl group-[.isActiveSource]:font-bold\">Ant\u00f4nio Tovo<\/strong>, professor de Direito Penal da Faculdade Belavista e doutor em Direito Penal pela USP (Universidade de S\u00e3o Paulo), para explicar os efeitos pr\u00e1ticos da mudan\u00e7a.<\/p>\n<h3 class=\"text-xl my-5 font-bold break-words\">O que o projeto muda<\/h3>\n<p class=\"my-5 break-words group-[.isActiveSource]:text-xl\">O <a href=\"https:\/\/www.cnnbrasil.com.br\/politica\/dosimetria-o-que-muda-para-bolsonaro-e-condenados-do-8-1-se-veto-cair\/\" class=\"text-red-600 underline hover:text-red-500 font-medium break-words group-[.isActiveSource]:text-xl\" target=\"_self\" rel=\"\">PL atua em duas frentes<\/a>: o <strong class=\"group-[.isActiveSource]:text-xl group-[.isActiveSource]:font-bold\">c\u00e1lculo da pena<\/strong> para r\u00e9us condenados por mais de um crime no mesmo contexto e as regras de <strong class=\"group-[.isActiveSource]:text-xl group-[.isActiveSource]:font-bold\">progress\u00e3o de regime prisional<\/strong>.<\/p>\n<p class=\"my-5 break-words group-[.isActiveSource]:text-xl\">Na primeira, o projeto muda como crimes cometidos em conjunto s\u00e3o computados. Hoje, os r\u00e9us condenados tanto por aboli\u00e7\u00e3o violenta do Estado Democr\u00e1tico de Direito quanto por golpe de Estado &#8212; artigos <strong class=\"group-[.isActiveSource]:text-xl group-[.isActiveSource]:font-bold\">359-L<\/strong> e <strong class=\"group-[.isActiveSource]:text-xl group-[.isActiveSource]:font-bold\">359-M<\/strong> do C\u00f3digo Penal &#8212; t\u00eam as penas somadas, os chamados concurso material. Pelo PL, passaria a valer o concurso formal: <strong class=\"group-[.isActiveSource]:text-xl group-[.isActiveSource]:font-bold\">apenas a pena mais grave seria aplicada<\/strong>, com um acr\u00e9scimo percentual, sem soma das duas condena\u00e7\u00f5es que, segundo Tovo, viola o princ\u00edpio <em class=\"group-[.isActiveSource]:text-xl\">ne bis in idem<\/em>.<\/p>\n<p class=\"my-5 break-words group-[.isActiveSource]:text-xl\">Na segunda frente, o texto <strong class=\"group-[.isActiveSource]:text-xl group-[.isActiveSource]:font-bold\">reduz o tempo m\u00ednimo para progress\u00e3o do regime fechado ao semiaberto<\/strong>. Para crimes contra o Estado Democr\u00e1tico de Direito, esse prazo cairia de 25% para um sexto da pena cumprida.<\/p>\n<p class=\"my-5 break-words group-[.isActiveSource]:text-xl\">O projeto pode beneficiar pelo menos 179 presos pelos atos, sendo 114 em regime fechado, 50 em pris\u00e3o domiciliar e 15 em pris\u00e3o preventiva.<\/p>\n<p class=\"my-5 break-words group-[.isActiveSource]:text-xl\">A pena do ex-presidente <strong class=\"group-[.isActiveSource]:text-xl group-[.isActiveSource]:font-bold\">Jair Bolsonaro<\/strong> (PL), condenado a 27 anos e 3 meses pelo STF (Supremo Tribunal Federal), teria mudan\u00e7as: na situa\u00e7\u00e3o atual, ele <strong class=\"group-[.isActiveSource]:text-xl group-[.isActiveSource]:font-bold\">passaria ao regime semiaberto em setembro de 2033<\/strong>. Com o PL, esse prazo seria reduzido pela metade.<\/p>\n<p class=\"my-5 break-words group-[.isActiveSource]:text-xl\">O projeto cria ainda um redutor de um ter\u00e7o a dois para quem cometeu <strong class=\"group-[.isActiveSource]:text-xl group-[.isActiveSource]:font-bold\">crime em contexto de multid\u00e3o sem exercer papel de lideran\u00e7a ou financiamento<\/strong> &#8212; benef\u00edcio aplic\u00e1vel a parte dos condenados pelo 8 de janeiro.<\/p>\n<h3 class=\"text-xl my-5 font-bold break-words\">Impacto al\u00e9m do 8 de janeiro<\/h3>\n<p class=\"my-5 break-words group-[.isActiveSource]:text-xl\">As mudan\u00e7as propostas na Lei de Execu\u00e7\u00e3o Penal n\u00e3o se restringem aos condenados pelos atos golpistas. As novas propostas incidem sobre todos os casos que se enquadrem no c\u00f3digo, o que inclui crimes sem nenhuma rela\u00e7\u00e3o com a tentativa de golpe.<\/p>\n<p class=\"my-5 break-words group-[.isActiveSource]:text-xl\">Um levantamento t\u00e9cnico da <strong class=\"group-[.isActiveSource]:text-xl group-[.isActiveSource]:font-bold\">C\u00e2mara dos Deputados<\/strong> aponta que, para crimes como <strong class=\"group-[.isActiveSource]:text-xl group-[.isActiveSource]:font-bold\"><a href=\"https:\/\/www.cnnbrasil.com.br\/blogs\/julliana-lopes\/politica\/dosimetria-mudanca-pode-reduzir-penas-para-crimes-hediondos\/\" class=\"text-red-600 underline hover:text-red-500 font-medium break-words group-[.isActiveSource]:text-xl\" target=\"_self\" rel=\"\">homic\u00eddio qualificado, estupro, latroc\u00ednio e tr\u00e1fico de drogas<\/a><\/strong>, o tempo m\u00ednimo de cumprimento de pena para r\u00e9us prim\u00e1rios cairia de 70% para 40% da condena\u00e7\u00e3o. Para <strong class=\"group-[.isActiveSource]:text-xl group-[.isActiveSource]:font-bold\">feminic\u00eddio<\/strong>, o percentual iria de 75% para 55%, enquanto condenados por integrarem <strong class=\"group-[.isActiveSource]:text-xl group-[.isActiveSource]:font-bold\">organiza\u00e7\u00f5es criminosas<\/strong>, de 75% para 50%.<\/p>\n<p class=\"my-5 break-words group-[.isActiveSource]:text-xl\">Os militares condenados pela tentativa de golpe tamb\u00e9m se encaixam, pois seus crimes se enquadram no rol contra as institui\u00e7\u00f5es democr\u00e1ticas.<\/p>\n<p class=\"my-5 break-words group-[.isActiveSource]:text-xl\">&#8220;O PL gera efeitos para todos os casos penais&#8221;, afirma Tovo.<\/p>\n<p class=\"my-5 break-words group-[.isActiveSource]:text-xl\">O texto distorce as <a href=\"https:\/\/www.cnnbrasil.com.br\/politica\/professor-congresso-modula-a-interpretacao-do-codigo-penal-com-dosimetria\/\" class=\"text-red-600 underline hover:text-red-500 font-medium break-words group-[.isActiveSource]:text-xl\" target=\"_self\" rel=\"\">regras de concurso formal e material do C\u00f3digo Penal<\/a> ao criar uma regra espec\u00edfica apenas para crimes contra as institui\u00e7\u00f5es democr\u00e1ticas &#8212; o que, na avalia\u00e7\u00e3o do especialista, configura uma defici\u00eancia t\u00e9cnica. Para Tovo, a sa\u00edda mais adequada seria uma revis\u00e3o criminal conduzida pelo pr\u00f3prio STF. &#8220;O melhor seria o Supremo fazer autocr\u00edtica e reconhecer que essas penas estavam excessivas.&#8221;<\/p>\n<h3 class=\"text-xl my-5 font-bold break-words\">Quando o PL da Dosimetria pode entrar em vigor?<\/h3>\n<p class=\"my-5 break-words group-[.isActiveSource]:text-xl\">Se o veto for derrubado, o projeto segue para promulga\u00e7\u00e3o. O pr\u00f3prio PL prev\u00ea vig\u00eancia a partir da data de publica\u00e7\u00e3o. O Executivo tem at\u00e9 48 horas para promulgar o texto. Se n\u00e3o o fizer, o presidente do Senado, <strong class=\"group-[.isActiveSource]:text-xl group-[.isActiveSource]:font-bold\">Davi Alcolumbre<\/strong> (Uni\u00e3o Brasil-AP), assume a fun\u00e7\u00e3o.<\/p>\n<p class=\"my-5 break-words group-[.isActiveSource]:text-xl\">Entretanto, a redu\u00e7\u00e3o de pena ou a progress\u00e3o de regime n\u00e3o \u00e9 autom\u00e1tica. Tovo explica que &#8220;o Direito Penal brasileiro adota o princ\u00edpio da individualiza\u00e7\u00e3o da pena, o que significa uma an\u00e1lise pormenorizada das circunst\u00e2ncias do fato criminoso e do acusado&#8221;. &#8220;A an\u00e1lise de eventual redu\u00e7\u00e3o de pena ou progress\u00e3o de regime depende de pedido espec\u00edfico ao juiz do caso, que analisar\u00e1 se a altera\u00e7\u00e3o legislativa se aplica ao caso concreto.&#8221;<\/p>\n<p class=\"my-5 break-words group-[.isActiveSource]:text-xl\">O direito penal brasileiro permite que a lei mais ben\u00e9fica retroaja para condena\u00e7\u00f5es j\u00e1 transitadas em julgado. Ou seja, os r\u00e9us daqueles processos que j\u00e1 n\u00e3o cabem mais recurso poder\u00e3o pedir <strong class=\"group-[.isActiveSource]:text-xl group-[.isActiveSource]:font-bold\">revis\u00e3o de suas penas com base na nova lei<\/strong>.<\/p>\n<h3 class=\"text-xl my-5 font-bold break-words\">Como o STF pode agir<\/h3>\n<p class=\"my-5 break-words group-[.isActiveSource]:text-xl\">Segundo Tovo, &#8220;caso seja provocado a decidir a respeito, o STF pode suspender a vig\u00eancia da Lei, em entendendo que viola preceitos constitucionais&#8221;. Partidos pol\u00edticos, associa\u00e7\u00f5es e institutos jur\u00eddicos t\u00eam legitimidade para ajuizar essas a\u00e7\u00f5es por meio de ADI (A\u00e7\u00e3o Direta de Inconstitucionalidade) e ADPF (Argui\u00e7\u00e3o de Descumprimento de Preceito Fundamental). <strong class=\"group-[.isActiveSource]:text-xl group-[.isActiveSource]:font-bold\">A Suprema Corte pode suspender os efeitos da lei antes mesmo de ela ser aplicada<\/strong>.<\/p>\n<p class=\"my-5 break-words group-[.isActiveSource]:text-xl\">O professor explica que os principais fundamentos para questionar o PL envolvem o <strong class=\"group-[.isActiveSource]:text-xl group-[.isActiveSource]:font-bold\">princ\u00edpio da proporcionalidade<\/strong> e o <strong class=\"group-[.isActiveSource]:text-xl group-[.isActiveSource]:font-bold\">desvio de finalidade<\/strong>. O primeiro funciona se a altera\u00e7\u00e3o legislativa n\u00e3o for o instrumento adequado para corrigir eventuais excessos nas condena\u00e7\u00f5es; j\u00e1 o segundo pode se configurar pela edi\u00e7\u00e3o de uma lei direcionada a uma situa\u00e7\u00e3o concreta com forte conte\u00fado pol\u00edtico.<\/p>\n<\/div>\n<p><a href=\"https:\/\/www.cnnbrasil.com.br\/politica\/pl-da-dosimetria-o-que-muda-se-o-veto-do-presidente-for-derrubado\/\">Fonte do Artigo <\/a><\/p>\n","protected":false},"excerpt":{"rendered":"<p>O Congresso Nacional vota nesta quinta-feira (30) a derrubada do veto do presidente Luiz In\u00e1cio Lula da Silva (PT) ao Projeto de Lei 2162\/2023, tamb\u00e9m chamado de PL da Dosimetria. O texto altera regras de c\u00e1lculo de penas e de progress\u00e3o de regime para condenados pelos atos golpistas de 8 de janeiro de 2023, mas [&hellip;]<\/p>\n","protected":false},"author":1,"featured_media":119374,"comment_status":"closed","ping_status":"","sticky":false,"template":"","format":"standard","meta":{"googlesitekit_rrm_CAow2JLhCw:productID":"","_gspb_post_css":"","maa_idioma":"","maa_pais":"","footnotes":""},"categories":[4],"tags":[32340,12705,185,3270,12892],"class_list":["post-119373","post","type-post","status-publish","format-standard","has-post-thumbnail","hentry","category-brasil","tag-derrubado","tag-dosimetria","tag-muda","tag-presidente","tag-veto"],"blocksy_meta":[],"yoast_head":"<!-- This site is optimized with the Yoast SEO Premium plugin v27.6 (Yoast SEO v27.6) - https:\/\/yoast.com\/product\/yoast-seo-premium-wordpress\/ -->\n<title>PL da Dosimetria: o que muda se o veto do presidente for derrubado - Ubirat\u00e3 Online Not\u00edcias - A realidade ao seu alcance!<\/title>\n<meta name=\"description\" content=\"O Congresso Nacional vota nesta quinta-feira (30) a derrubada do veto do presidente Luiz In\u00e1cio Lula da Silva (PT) ao Projeto de Lei 2162\/2023, tamb\u00e9m\" \/>\n<meta name=\"robots\" content=\"index, follow, max-snippet:-1, max-image-preview:large, max-video-preview:-1\" \/>\n<link rel=\"canonical\" href=\"https:\/\/ubirataonline.com.br\/en\/pl-da-dosimetria-o-que-muda-se-o-veto-do-presidente-for-derrubado\/\" \/>\n<meta property=\"og:locale\" content=\"en_US\" \/>\n<meta property=\"og:type\" content=\"article\" \/>\n<meta property=\"og:title\" content=\"PL da Dosimetria: o que muda se o veto do presidente for derrubado\" \/>\n<meta property=\"og:description\" content=\"O Congresso Nacional vota nesta quinta-feira (30) a derrubada do veto do presidente Luiz In\u00e1cio Lula da Silva (PT) ao Projeto de Lei 2162\/2023, tamb\u00e9m\" \/>\n<meta property=\"og:url\" content=\"https:\/\/ubirataonline.com.br\/en\/pl-da-dosimetria-o-que-muda-se-o-veto-do-presidente-for-derrubado\/\" \/>\n<meta property=\"og:site_name\" content=\"Ubirat\u00e3 Online Not\u00edcias - A realidade ao seu alcance!\" \/>\n<meta property=\"article:publisher\" content=\"https:\/\/www.facebook.com\/portalubirataonline\" \/>\n<meta property=\"article:author\" content=\"https:\/\/www.facebook.com\/portalubirataonline\" \/>\n<meta property=\"article:published_time\" content=\"2026-04-30T10:12:52+00:00\" \/>\n<meta property=\"article:modified_time\" content=\"2026-04-30T10:12:54+00:00\" \/>\n<meta property=\"og:image\" content=\"https:\/\/ubirataonline.com.br\/wp-content\/uploads\/2026\/04\/PL-da-Dosimetria-o-que-muda-se-o-veto-do.jpg\" \/>\n\t<meta property=\"og:image:width\" content=\"1200\" \/>\n\t<meta property=\"og:image:height\" content=\"630\" \/>\n\t<meta property=\"og:image:type\" content=\"image\/jpeg\" \/>\n<meta name=\"author\" content=\"REDA\u00c7\u00c3O: UBIRAT\u00c3 ONLINE - F\u00c1BIO AUGUSTO CELESTINO\" \/>\n<meta name=\"twitter:card\" content=\"summary_large_image\" \/>\n<meta name=\"twitter:creator\" content=\"@x.com\/ubirataonline\" \/>\n<meta name=\"twitter:site\" content=\"@ubirataonline\" \/>\n<meta name=\"twitter:label1\" content=\"Written by\" \/>\n\t<meta name=\"twitter:data1\" content=\"REDA\u00c7\u00c3O: UBIRAT\u00c3 ONLINE - F\u00c1BIO AUGUSTO CELESTINO\" \/>\n\t<meta name=\"twitter:label2\" content=\"Est. reading time\" \/>\n\t<meta name=\"twitter:data2\" content=\"5 minutes\" \/>\n<script type=\"application\/ld+json\" class=\"yoast-schema-graph\">{\"@context\":\"https:\\\/\\\/schema.org\",\"@graph\":[{\"@type\":\"NewsArticle\",\"@id\":\"https:\\\/\\\/ubirataonline.com.br\\\/pl-da-dosimetria-o-que-muda-se-o-veto-do-presidente-for-derrubado\\\/#article\",\"isPartOf\":{\"@id\":\"https:\\\/\\\/ubirataonline.com.br\\\/pl-da-dosimetria-o-que-muda-se-o-veto-do-presidente-for-derrubado\\\/\"},\"author\":{\"name\":\"REDA\u00c7\u00c3O: UBIRAT\u00c3 ONLINE - F\u00c1BIO AUGUSTO CELESTINO\",\"@id\":\"https:\\\/\\\/ubirataonline.com.br\\\/#\\\/schema\\\/person\\\/372f87bbd3fdd79b8556b84c98d0bc1c\"},\"headline\":\"PL da Dosimetria: o que muda se o veto do presidente for derrubado\",\"datePublished\":\"2026-04-30T10:12:52+00:00\",\"dateModified\":\"2026-04-30T10:12:54+00:00\",\"mainEntityOfPage\":{\"@id\":\"https:\\\/\\\/ubirataonline.com.br\\\/pl-da-dosimetria-o-que-muda-se-o-veto-do-presidente-for-derrubado\\\/\"},\"wordCount\":968,\"publisher\":{\"@id\":\"https:\\\/\\\/ubirataonline.com.br\\\/#organization\"},\"image\":{\"@id\":\"https:\\\/\\\/ubirataonline.com.br\\\/pl-da-dosimetria-o-que-muda-se-o-veto-do-presidente-for-derrubado\\\/#primaryimage\"},\"thumbnailUrl\":\"https:\\\/\\\/ubirataonline.com.br\\\/wp-content\\\/uploads\\\/2026\\\/04\\\/PL-da-Dosimetria-o-que-muda-se-o-veto-do.jpg\",\"keywords\":[\"derrubado\",\"Dosimetria\",\"muda\",\"presidente\",\"veto\"],\"articleSection\":[\"Brasil\"],\"inLanguage\":\"en-US\",\"copyrightYear\":\"2026\",\"copyrightHolder\":{\"@id\":\"https:\\\/\\\/ubirataonline.com.br\\\/en\\\/#organization\"}},{\"@type\":\"WebPage\",\"@id\":\"https:\\\/\\\/ubirataonline.com.br\\\/pl-da-dosimetria-o-que-muda-se-o-veto-do-presidente-for-derrubado\\\/\",\"url\":\"https:\\\/\\\/ubirataonline.com.br\\\/pl-da-dosimetria-o-que-muda-se-o-veto-do-presidente-for-derrubado\\\/\",\"name\":\"PL da Dosimetria: o que muda se o veto do presidente for derrubado - Ubirat\u00e3 Online Not\u00edcias - A realidade ao seu alcance!\",\"isPartOf\":{\"@id\":\"https:\\\/\\\/ubirataonline.com.br\\\/#website\"},\"primaryImageOfPage\":{\"@id\":\"https:\\\/\\\/ubirataonline.com.br\\\/pl-da-dosimetria-o-que-muda-se-o-veto-do-presidente-for-derrubado\\\/#primaryimage\"},\"image\":{\"@id\":\"https:\\\/\\\/ubirataonline.com.br\\\/pl-da-dosimetria-o-que-muda-se-o-veto-do-presidente-for-derrubado\\\/#primaryimage\"},\"thumbnailUrl\":\"https:\\\/\\\/ubirataonline.com.br\\\/wp-content\\\/uploads\\\/2026\\\/04\\\/PL-da-Dosimetria-o-que-muda-se-o-veto-do.jpg\",\"datePublished\":\"2026-04-30T10:12:52+00:00\",\"dateModified\":\"2026-04-30T10:12:54+00:00\",\"description\":\"O Congresso Nacional vota nesta quinta-feira (30) a derrubada do veto do presidente Luiz In\u00e1cio Lula da Silva (PT) ao Projeto de Lei 2162\\\/2023, tamb\u00e9m\",\"breadcrumb\":{\"@id\":\"https:\\\/\\\/ubirataonline.com.br\\\/pl-da-dosimetria-o-que-muda-se-o-veto-do-presidente-for-derrubado\\\/#breadcrumb\"},\"inLanguage\":\"en-US\",\"potentialAction\":[{\"@type\":\"ReadAction\",\"target\":[\"https:\\\/\\\/ubirataonline.com.br\\\/pl-da-dosimetria-o-que-muda-se-o-veto-do-presidente-for-derrubado\\\/\"]}]},{\"@type\":\"ImageObject\",\"inLanguage\":\"en-US\",\"@id\":\"https:\\\/\\\/ubirataonline.com.br\\\/pl-da-dosimetria-o-que-muda-se-o-veto-do-presidente-for-derrubado\\\/#primaryimage\",\"url\":\"https:\\\/\\\/ubirataonline.com.br\\\/wp-content\\\/uploads\\\/2026\\\/04\\\/PL-da-Dosimetria-o-que-muda-se-o-veto-do.jpg\",\"contentUrl\":\"https:\\\/\\\/ubirataonline.com.br\\\/wp-content\\\/uploads\\\/2026\\\/04\\\/PL-da-Dosimetria-o-que-muda-se-o-veto-do.jpg\",\"width\":1200,\"height\":630,\"caption\":\"Plen\u00e1rio da C\u00e2mara dos Deputados\u00a0 \u2022 Edilson Rodrigues\\\/Ag\u00eancia Senad\"},{\"@type\":\"BreadcrumbList\",\"@id\":\"https:\\\/\\\/ubirataonline.com.br\\\/pl-da-dosimetria-o-que-muda-se-o-veto-do-presidente-for-derrubado\\\/#breadcrumb\",\"itemListElement\":[{\"@type\":\"ListItem\",\"position\":1,\"name\":\"In\u00edcio\",\"item\":\"https:\\\/\\\/ubirataonline.com.br\\\/\"},{\"@type\":\"ListItem\",\"position\":2,\"name\":\"PL da Dosimetria: o que muda se o veto do presidente for derrubado\"}]},{\"@type\":\"WebSite\",\"@id\":\"https:\\\/\\\/ubirataonline.com.br\\\/#website\",\"url\":\"https:\\\/\\\/ubirataonline.com.br\\\/\",\"name\":\"Ubirat\u00e3 Online Not\u00edcias\",\"description\":\"Not\u00edcias de Ubirat\u00e3, regi\u00e3o, Brasil e mundo, com informa\u00e7\u00e3o atualizada e compromisso com o leitor.\",\"publisher\":{\"@id\":\"https:\\\/\\\/ubirataonline.com.br\\\/#organization\"},\"alternateName\":\"Ubirat\u00e3 Online\",\"potentialAction\":[{\"@type\":\"SearchAction\",\"target\":{\"@type\":\"EntryPoint\",\"urlTemplate\":\"https:\\\/\\\/ubirataonline.com.br\\\/?s={search_term_string}\"},\"query-input\":{\"@type\":\"PropertyValueSpecification\",\"valueRequired\":true,\"valueName\":\"search_term_string\"}}],\"inLanguage\":\"en-US\"},{\"@type\":[\"Organization\",\"Place\"],\"@id\":\"https:\\\/\\\/ubirataonline.com.br\\\/#organization\",\"name\":\"Ubirat\u00e3 Online Not\u00edcias\",\"alternateName\":\"Ubirat\u00e3 Online\",\"url\":\"https:\\\/\\\/ubirataonline.com.br\\\/\",\"logo\":{\"@id\":\"https:\\\/\\\/ubirataonline.com.br\\\/pl-da-dosimetria-o-que-muda-se-o-veto-do-presidente-for-derrubado\\\/#local-main-organization-logo\"},\"image\":{\"@id\":\"https:\\\/\\\/ubirataonline.com.br\\\/pl-da-dosimetria-o-que-muda-se-o-veto-do-presidente-for-derrubado\\\/#local-main-organization-logo\"},\"sameAs\":[\"https:\\\/\\\/www.facebook.com\\\/portalubirataonline\",\"https:\\\/\\\/x.com\\\/ubirataonline\",\"https:\\\/\\\/mastodon.social\\\/@ubirataonline\",\"https:\\\/\\\/www.facebook.com\\\/groups\\\/311144672285604\",\"https:\\\/\\\/www.facebook.com\\\/UBTAOnline\",\"https:\\\/\\\/www.instagram.com\\\/portalubirataonline\\\/\",\"https:\\\/\\\/twitter.com\\\/ubirataonline\"],\"description\":\"Somos um portal de not\u00edcias independente, criado em 5 de janeiro de 2009, com o objetivo de informar, conectar e valorizar a nossa comunidade de Ubirat\u00e3 e toda aregi\u00e3o. Com conte\u00fado atualizado, confi\u00e1vel e relevante, o Ubirat\u00e3 Online \u00e9 o seu espa\u00e7o para ficar por dentro dos principais acontecimentos locais, regionais, Brasil, Mundo e de interesse geral. Nosso compromisso \u00e9 com a verdade, a transpar\u00eancia e o respeito ao leitor.\",\"legalName\":\"UBIRATA ONLINE NOT\u00cdCIAS\",\"foundingDate\":\"2009-01-05\",\"numberOfEmployees\":{\"@type\":\"QuantitativeValue\",\"minValue\":\"1\",\"maxValue\":\"10\"},\"publishingPrinciples\":\"https:\\\/\\\/ubirataonline.com.br\\\/faq\\\/\",\"address\":{\"@id\":\"https:\\\/\\\/ubirataonline.com.br\\\/pl-da-dosimetria-o-que-muda-se-o-veto-do-presidente-for-derrubado\\\/#local-main-place-address\"},\"geo\":{\"@type\":\"GeoCoordinates\",\"latitude\":\"-24.5361401\",\"longitude\":\"-52.9921776\"},\"telephone\":[\"+5544998308235\"],\"contactPoint\":{\"@type\":\"ContactPoint\",\"email\":\"contato@ubirataonline.com.br\"},\"openingHoursSpecification\":{\"@type\":\"OpeningHoursSpecification\",\"dayOfWeek\":[\"Monday\",\"Tuesday\",\"Wednesday\",\"Thursday\",\"Friday\",\"Saturday\",\"Sunday\"],\"opens\":\"00:00\",\"closes\":\"23:59\"},\"email\":\"contato@ubirataonline.com.br\",\"vatID\":\"47.621.418\\\/0001-80\"},{\"@type\":\"Person\",\"@id\":\"https:\\\/\\\/ubirataonline.com.br\\\/#\\\/schema\\\/person\\\/372f87bbd3fdd79b8556b84c98d0bc1c\",\"name\":\"REDA\u00c7\u00c3O: UBIRAT\u00c3 ONLINE - F\u00c1BIO AUGUSTO CELESTINO\",\"pronouns\":\"Ele\",\"description\":\"Desde 2003 trabalhando com not\u00edcias.\",\"sameAs\":[\"http:\\\/\\\/ubirataoline.com.br\",\"https:\\\/\\\/www.facebook.com\\\/portalubirataonline\",\"https:\\\/\\\/www.instagram.com\\\/ubirataonline_oficial\",\"https:\\\/\\\/x.com\\\/x.com\\\/ubirataonline\"],\"honorificPrefix\":\"Mr.\",\"honorificSuffix\":\"MD\",\"birthDate\":\"1980-06-16\",\"gender\":\"masculino\",\"award\":[\"V\u00e1rios pr\u00eamios de melhor portal da cidade\"],\"jobTitle\":\"Diretor\",\"url\":\"https:\\\/\\\/ubirataonline.com.br\\\/en\\\/author\\\/ubirataonline\\\/\"},{\"@type\":\"PostalAddress\",\"@id\":\"https:\\\/\\\/ubirataonline.com.br\\\/pl-da-dosimetria-o-que-muda-se-o-veto-do-presidente-for-derrubado\\\/#local-main-place-address\",\"streetAddress\":\"Rua dos Coqueiros, 104 - Bairro Boa Vista, Rua dos Coqueiros, 104 Bairro Boa Vista\",\"addressLocality\":\"UBIRATA\",\"postalCode\":\"85440-000\",\"addressRegion\":\"PR\",\"addressCountry\":\"BR\"},{\"@type\":\"ImageObject\",\"inLanguage\":\"en-US\",\"@id\":\"https:\\\/\\\/ubirataonline.com.br\\\/pl-da-dosimetria-o-que-muda-se-o-veto-do-presidente-for-derrubado\\\/#local-main-organization-logo\",\"url\":\"https:\\\/\\\/ubirataonline.com.br\\\/wp-content\\\/uploads\\\/2026\\\/06\\\/logoubirataonline-1.webp\",\"contentUrl\":\"https:\\\/\\\/ubirataonline.com.br\\\/wp-content\\\/uploads\\\/2026\\\/06\\\/logoubirataonline-1.webp\",\"width\":500,\"height\":500,\"caption\":\"Ubirat\u00e3 Online Not\u00edcias\"}]}<\/script>\n<meta name=\"geo.placename\" content=\"UBIRATA\" \/>\n<meta name=\"geo.position\" content=\"-24.5361401;-52.9921776\" \/>\n<meta name=\"geo.region\" content=\"Brazil\" \/>\n<!-- \/ Yoast SEO Premium plugin. -->","yoast_head_json":{"title":"PL da Dosimetria: o que muda se o veto do presidente for derrubado - Ubirat\u00e3 Online Not\u00edcias - A realidade ao seu alcance!","description":"O Congresso Nacional vota nesta quinta-feira (30) a derrubada do veto do presidente Luiz In\u00e1cio Lula da Silva (PT) ao Projeto de Lei 2162\/2023, tamb\u00e9m","robots":{"index":"index","follow":"follow","max-snippet":"max-snippet:-1","max-image-preview":"max-image-preview:large","max-video-preview":"max-video-preview:-1"},"canonical":"https:\/\/ubirataonline.com.br\/en\/pl-da-dosimetria-o-que-muda-se-o-veto-do-presidente-for-derrubado\/","og_locale":"en_US","og_type":"article","og_title":"PL da Dosimetria: o que muda se o veto do presidente for derrubado","og_description":"O Congresso Nacional vota nesta quinta-feira (30) a derrubada do veto do presidente Luiz In\u00e1cio Lula da Silva (PT) ao Projeto de Lei 2162\/2023, tamb\u00e9m","og_url":"https:\/\/ubirataonline.com.br\/en\/pl-da-dosimetria-o-que-muda-se-o-veto-do-presidente-for-derrubado\/","og_site_name":"Ubirat\u00e3 Online Not\u00edcias - A realidade ao seu alcance!","article_publisher":"https:\/\/www.facebook.com\/portalubirataonline","article_author":"https:\/\/www.facebook.com\/portalubirataonline","article_published_time":"2026-04-30T10:12:52+00:00","article_modified_time":"2026-04-30T10:12:54+00:00","og_image":[{"width":1200,"height":630,"url":"https:\/\/ubirataonline.com.br\/wp-content\/uploads\/2026\/04\/PL-da-Dosimetria-o-que-muda-se-o-veto-do.jpg","type":"image\/jpeg"}],"author":"REDA\u00c7\u00c3O: UBIRAT\u00c3 ONLINE - F\u00c1BIO AUGUSTO CELESTINO","twitter_card":"summary_large_image","twitter_creator":"@x.com\/ubirataonline","twitter_site":"@ubirataonline","twitter_misc":{"Written by":"REDA\u00c7\u00c3O: UBIRAT\u00c3 ONLINE - F\u00c1BIO AUGUSTO CELESTINO","Est. reading time":"5 minutes"},"schema":{"@context":"https:\/\/schema.org","@graph":[{"@type":"NewsArticle","@id":"https:\/\/ubirataonline.com.br\/pl-da-dosimetria-o-que-muda-se-o-veto-do-presidente-for-derrubado\/#article","isPartOf":{"@id":"https:\/\/ubirataonline.com.br\/pl-da-dosimetria-o-que-muda-se-o-veto-do-presidente-for-derrubado\/"},"author":{"name":"REDA\u00c7\u00c3O: UBIRAT\u00c3 ONLINE - F\u00c1BIO AUGUSTO CELESTINO","@id":"https:\/\/ubirataonline.com.br\/#\/schema\/person\/372f87bbd3fdd79b8556b84c98d0bc1c"},"headline":"PL da Dosimetria: o que muda se o veto do presidente for derrubado","datePublished":"2026-04-30T10:12:52+00:00","dateModified":"2026-04-30T10:12:54+00:00","mainEntityOfPage":{"@id":"https:\/\/ubirataonline.com.br\/pl-da-dosimetria-o-que-muda-se-o-veto-do-presidente-for-derrubado\/"},"wordCount":968,"publisher":{"@id":"https:\/\/ubirataonline.com.br\/#organization"},"image":{"@id":"https:\/\/ubirataonline.com.br\/pl-da-dosimetria-o-que-muda-se-o-veto-do-presidente-for-derrubado\/#primaryimage"},"thumbnailUrl":"https:\/\/ubirataonline.com.br\/wp-content\/uploads\/2026\/04\/PL-da-Dosimetria-o-que-muda-se-o-veto-do.jpg","keywords":["derrubado","Dosimetria","muda","presidente","veto"],"articleSection":["Brasil"],"inLanguage":"en-US","copyrightYear":"2026","copyrightHolder":{"@id":"https:\/\/ubirataonline.com.br\/en\/#organization"}},{"@type":"WebPage","@id":"https:\/\/ubirataonline.com.br\/pl-da-dosimetria-o-que-muda-se-o-veto-do-presidente-for-derrubado\/","url":"https:\/\/ubirataonline.com.br\/pl-da-dosimetria-o-que-muda-se-o-veto-do-presidente-for-derrubado\/","name":"PL da Dosimetria: o que muda se o veto do presidente for derrubado - Ubirat\u00e3 Online Not\u00edcias - A realidade ao seu alcance!","isPartOf":{"@id":"https:\/\/ubirataonline.com.br\/#website"},"primaryImageOfPage":{"@id":"https:\/\/ubirataonline.com.br\/pl-da-dosimetria-o-que-muda-se-o-veto-do-presidente-for-derrubado\/#primaryimage"},"image":{"@id":"https:\/\/ubirataonline.com.br\/pl-da-dosimetria-o-que-muda-se-o-veto-do-presidente-for-derrubado\/#primaryimage"},"thumbnailUrl":"https:\/\/ubirataonline.com.br\/wp-content\/uploads\/2026\/04\/PL-da-Dosimetria-o-que-muda-se-o-veto-do.jpg","datePublished":"2026-04-30T10:12:52+00:00","dateModified":"2026-04-30T10:12:54+00:00","description":"O Congresso Nacional vota nesta quinta-feira (30) a derrubada do veto do presidente Luiz In\u00e1cio Lula da Silva (PT) ao Projeto de Lei 2162\/2023, tamb\u00e9m","breadcrumb":{"@id":"https:\/\/ubirataonline.com.br\/pl-da-dosimetria-o-que-muda-se-o-veto-do-presidente-for-derrubado\/#breadcrumb"},"inLanguage":"en-US","potentialAction":[{"@type":"ReadAction","target":["https:\/\/ubirataonline.com.br\/pl-da-dosimetria-o-que-muda-se-o-veto-do-presidente-for-derrubado\/"]}]},{"@type":"ImageObject","inLanguage":"en-US","@id":"https:\/\/ubirataonline.com.br\/pl-da-dosimetria-o-que-muda-se-o-veto-do-presidente-for-derrubado\/#primaryimage","url":"https:\/\/ubirataonline.com.br\/wp-content\/uploads\/2026\/04\/PL-da-Dosimetria-o-que-muda-se-o-veto-do.jpg","contentUrl":"https:\/\/ubirataonline.com.br\/wp-content\/uploads\/2026\/04\/PL-da-Dosimetria-o-que-muda-se-o-veto-do.jpg","width":1200,"height":630,"caption":"Plen\u00e1rio da C\u00e2mara dos Deputados\u00a0 \u2022 Edilson Rodrigues\/Ag\u00eancia Senad"},{"@type":"BreadcrumbList","@id":"https:\/\/ubirataonline.com.br\/pl-da-dosimetria-o-que-muda-se-o-veto-do-presidente-for-derrubado\/#breadcrumb","itemListElement":[{"@type":"ListItem","position":1,"name":"In\u00edcio","item":"https:\/\/ubirataonline.com.br\/"},{"@type":"ListItem","position":2,"name":"PL da Dosimetria: o que muda se o veto do presidente for derrubado"}]},{"@type":"WebSite","@id":"https:\/\/ubirataonline.com.br\/#website","url":"https:\/\/ubirataonline.com.br\/","name":"Ubirat\u00e3 Online Not\u00edcias","description":"Not\u00edcias de Ubirat\u00e3, regi\u00e3o, Brasil e mundo, com informa\u00e7\u00e3o atualizada e compromisso com o leitor.","publisher":{"@id":"https:\/\/ubirataonline.com.br\/#organization"},"alternateName":"Ubirat\u00e3 Online","potentialAction":[{"@type":"SearchAction","target":{"@type":"EntryPoint","urlTemplate":"https:\/\/ubirataonline.com.br\/?s={search_term_string}"},"query-input":{"@type":"PropertyValueSpecification","valueRequired":true,"valueName":"search_term_string"}}],"inLanguage":"en-US"},{"@type":["Organization","Place"],"@id":"https:\/\/ubirataonline.com.br\/#organization","name":"Ubirat\u00e3 Online Not\u00edcias","alternateName":"Ubirat\u00e3 Online","url":"https:\/\/ubirataonline.com.br\/","logo":{"@id":"https:\/\/ubirataonline.com.br\/pl-da-dosimetria-o-que-muda-se-o-veto-do-presidente-for-derrubado\/#local-main-organization-logo"},"image":{"@id":"https:\/\/ubirataonline.com.br\/pl-da-dosimetria-o-que-muda-se-o-veto-do-presidente-for-derrubado\/#local-main-organization-logo"},"sameAs":["https:\/\/www.facebook.com\/portalubirataonline","https:\/\/x.com\/ubirataonline","https:\/\/mastodon.social\/@ubirataonline","https:\/\/www.facebook.com\/groups\/311144672285604","https:\/\/www.facebook.com\/UBTAOnline","https:\/\/www.instagram.com\/portalubirataonline\/","https:\/\/twitter.com\/ubirataonline"],"description":"Somos um portal de not\u00edcias independente, criado em 5 de janeiro de 2009, com o objetivo de informar, conectar e valorizar a nossa comunidade de Ubirat\u00e3 e toda aregi\u00e3o. Com conte\u00fado atualizado, confi\u00e1vel e relevante, o Ubirat\u00e3 Online \u00e9 o seu espa\u00e7o para ficar por dentro dos principais acontecimentos locais, regionais, Brasil, Mundo e de interesse geral. Nosso compromisso \u00e9 com a verdade, a transpar\u00eancia e o respeito ao leitor.","legalName":"UBIRATA ONLINE NOT\u00cdCIAS","foundingDate":"2009-01-05","numberOfEmployees":{"@type":"QuantitativeValue","minValue":"1","maxValue":"10"},"publishingPrinciples":"https:\/\/ubirataonline.com.br\/faq\/","address":{"@id":"https:\/\/ubirataonline.com.br\/pl-da-dosimetria-o-que-muda-se-o-veto-do-presidente-for-derrubado\/#local-main-place-address"},"geo":{"@type":"GeoCoordinates","latitude":"-24.5361401","longitude":"-52.9921776"},"telephone":["+5544998308235"],"contactPoint":{"@type":"ContactPoint","email":"contato@ubirataonline.com.br"},"openingHoursSpecification":{"@type":"OpeningHoursSpecification","dayOfWeek":["Monday","Tuesday","Wednesday","Thursday","Friday","Saturday","Sunday"],"opens":"00:00","closes":"23:59"},"email":"contato@ubirataonline.com.br","vatID":"47.621.418\/0001-80"},{"@type":"Person","@id":"https:\/\/ubirataonline.com.br\/#\/schema\/person\/372f87bbd3fdd79b8556b84c98d0bc1c","name":"REDA\u00c7\u00c3O: UBIRAT\u00c3 ONLINE - F\u00c1BIO AUGUSTO CELESTINO","pronouns":"Ele","description":"Desde 2003 trabalhando com not\u00edcias.","sameAs":["http:\/\/ubirataoline.com.br","https:\/\/www.facebook.com\/portalubirataonline","https:\/\/www.instagram.com\/ubirataonline_oficial","https:\/\/x.com\/x.com\/ubirataonline"],"honorificPrefix":"Mr.","honorificSuffix":"MD","birthDate":"1980-06-16","gender":"masculino","award":["V\u00e1rios pr\u00eamios de melhor portal da cidade"],"jobTitle":"Diretor","url":"https:\/\/ubirataonline.com.br\/en\/author\/ubirataonline\/"},{"@type":"PostalAddress","@id":"https:\/\/ubirataonline.com.br\/pl-da-dosimetria-o-que-muda-se-o-veto-do-presidente-for-derrubado\/#local-main-place-address","streetAddress":"Rua dos Coqueiros, 104 - Bairro Boa Vista, Rua dos Coqueiros, 104 Bairro Boa Vista","addressLocality":"UBIRATA","postalCode":"85440-000","addressRegion":"PR","addressCountry":"BR"},{"@type":"ImageObject","inLanguage":"en-US","@id":"https:\/\/ubirataonline.com.br\/pl-da-dosimetria-o-que-muda-se-o-veto-do-presidente-for-derrubado\/#local-main-organization-logo","url":"https:\/\/ubirataonline.com.br\/wp-content\/uploads\/2026\/06\/logoubirataonline-1.webp","contentUrl":"https:\/\/ubirataonline.com.br\/wp-content\/uploads\/2026\/06\/logoubirataonline-1.webp","width":500,"height":500,"caption":"Ubirat\u00e3 Online Not\u00edcias"}]},"geo.placename":"UBIRATA","geo.position":{"lat":"-24.5361401","long":"-52.9921776"},"geo.region":"Brazil"},"_links":{"self":[{"href":"https:\/\/ubirataonline.com.br\/en\/wp-json\/wp\/v2\/posts\/119373","targetHints":{"allow":["GET"]}}],"collection":[{"href":"https:\/\/ubirataonline.com.br\/en\/wp-json\/wp\/v2\/posts"}],"about":[{"href":"https:\/\/ubirataonline.com.br\/en\/wp-json\/wp\/v2\/types\/post"}],"author":[{"embeddable":true,"href":"https:\/\/ubirataonline.com.br\/en\/wp-json\/wp\/v2\/users\/1"}],"replies":[{"embeddable":true,"href":"https:\/\/ubirataonline.com.br\/en\/wp-json\/wp\/v2\/comments?post=119373"}],"version-history":[{"count":0,"href":"https:\/\/ubirataonline.com.br\/en\/wp-json\/wp\/v2\/posts\/119373\/revisions"}],"wp:featuredmedia":[{"embeddable":true,"href":"https:\/\/ubirataonline.com.br\/en\/wp-json\/wp\/v2\/media\/119374"}],"wp:attachment":[{"href":"https:\/\/ubirataonline.com.br\/en\/wp-json\/wp\/v2\/media?parent=119373"}],"wp:term":[{"taxonomy":"category","embeddable":true,"href":"https:\/\/ubirataonline.com.br\/en\/wp-json\/wp\/v2\/categories?post=119373"},{"taxonomy":"post_tag","embeddable":true,"href":"https:\/\/ubirataonline.com.br\/en\/wp-json\/wp\/v2\/tags?post=119373"}],"curies":[{"name":"wp","href":"https:\/\/api.w.org\/{rel}","templated":true}]}}