{"id":119462,"date":"2026-04-30T09:35:12","date_gmt":"2026-04-30T12:35:12","guid":{"rendered":"https:\/\/ubirataonline.com.br\/u-s-skier-lindsey-vonn-announces-first-big-travel-after-winter-olympics-crash\/"},"modified":"2026-04-30T09:35:22","modified_gmt":"2026-04-30T12:35:22","slug":"u-s-skier-lindsey-vonn-announces-first-big-travel-after-winter-olympics-crash","status":"publish","type":"post","link":"https:\/\/ubirataonline.com.br\/en\/u-s-skier-lindsey-vonn-announces-first-big-travel-after-winter-olympics-crash\/","title":{"rendered":"U.S. Skier Lindsey Vonn Announces &#8216;First Big Travel&#8217; After Winter Olympics Crash"},"content":{"rendered":"<p><br \/>\n<\/p>\n<div>\n<p>U.S. skiing legend Lindsey Vonn is taking a new step in her long recovery journey after a devastating crash at the 2026 Milano Cortina Winter Olympics.<\/p>\n<p>The 41-year-old Olympic medalist recently shared on her Instagram Story a photo that showed her \u201cfirst big travel,\u201d giving fans a small but emotional look at how she is slowly returning to normal life.<\/p>\n<p>Advertisement<\/p>\n<p>The post comes months after a frightening downhill crash that ended her Olympic comeback in seconds. She was even spotted at the Los Angeles airport while traveling with crutches.<\/p>\n<p>Her recovery journey has been long and painful since Feb. 8, 2026, when she crashed just 13 seconds into her women\u2019s downhill run at the Winter Olympics in Italy. The impact caused a complex tibia fracture in her left leg, forcing medical teams to airlift her from the mountain to a hospital.<\/p>\n<figure class=\"content-figure\">\n<div class=\"content-image\"><button aria-label=\"View larger image\" class=\"lightbox-btn\" data-ylk=\"elm:expand;itc:1;sec:image-lightbox;slk:lightbox-open;\"><span class=\"lightbox-expand\"><svg viewbox=\"0 0 22 22\" aria-hidden=\"true\" class=\"size-4 lg:size-6\" width=\"22\" height=\"22\"><path d=\"M12.372.92c0-.506.41-.916.915-.916L21 0l-.004 7.712a.917.917 0 0 1-1.832 0V3.183l-6.827 6.828-1.349-1.348 6.828-6.828h-4.529a.915.915 0 0 1-.915-.915M1.835 17.816l6.828-6.828 1.349 1.349-6.829 6.827h4.529a.915.915 0 0 1 0 1.831L0 21l.004-7.713a.916.916 0 0 1 1.831 0z\"\/><\/svg><\/span><\/button><dialog aria-label=\"Image Lightbox\" class=\"lightbox-overlay\" aria-modal=\"true\"\/><\/div><figcaption class=\"fig-caption\">\n<p>Lindsey Vonn inspects the slope before the second official training for the women&#8217;s downhill event at the Tofane Alpine Skiing Centre during Milano Cortina 2026 Winter Olympic Games in Cortina d&#8217;Ampezzo on February 6, 2026. Photo by Stefano RELLANDINI &amp;sol; AFP via Getty Images<\/p>\n<\/figcaption><\/figure>\n<p>Vonn underwent multiple surgeries, with doctors at one point nearly forced to amputate her leg due to complications from compartment syndrome. She has since had a total of five surgeries while continuing intense rehabilitation.<\/p>\n<section class=\"consent\"\/>\n<p>Even with the challenges, Vonn has continued to share updates with fans. Vonn\u2019s recovery has not only been physical but also deeply emotional. Nearly three months after her crash, she has openly shared the mental struggles that came with her injury.<\/p>\n<p>Advertisement<\/p>\n<p>In an interview with <a href=\"https:\/\/people.com\/lindsey-vonn-doesn-t-regret-clapping-back-at-online-trolls-olympics-crash-exclusive-11955264\" rel=\"nofollow noopener\" target=\"_blank\" data-ylk=\"slk:People;elm:context_link;itc:0;sec:content-canvas\" data-yga=\"{&quot;yLinkElement&quot;:&quot;context_link&quot;,&quot;yModuleName&quot;:&quot;content-canvas&quot;,&quot;yLinkText&quot;:&quot;People&quot;}\" class=\"link\"><em>People<\/em><\/a>, she described how difficult the experience has been, especially after losing her independence during her hospital stay.<\/p>\n<p>\u201cIt\u2019s definitely been up and down,\u201d she said of her mental health as she continues her rehab process. \u201cI\u2019d say in the last month, it\u2019s definitely gotten better, but of course there were really low moments. I hate being dependent on people, and was pretty much 100% dependent for everything. It was quite a challenge, just being in the hospital alone for two and a half weeks. Being completely immobile for that extended time period was so rough.\u201d<\/p>\n<p>Vonn also revealed that at one point during treatment, she was in extreme pain that left a strong emotional memory of the experience.<\/p>\n<p>\u201cHalfway through, I started sweating. I was just in such extreme pain. I screamed at the top of my lungs: Get me out,\u201d she told <em><a href=\"https:\/\/www.vanityfair.com\/news\/story\/lindsey-vonn-cover-story\" rel=\"nofollow noopener\" target=\"_blank\" data-ylk=\"slk:Vanity Fair;elm:context_link;itc:0;sec:content-canvas\" data-yga=\"{&quot;yLinkElement&quot;:&quot;context_link&quot;,&quot;yModuleName&quot;:&quot;content-canvas&quot;,&quot;yLinkText&quot;:&quot;Vanity Fair&quot;}\" class=\"link\">Vanity Fair<\/a><\/em>.<\/p>\n<p>Advertisement<\/p>\n<p>\u201cIt just wouldn\u2019t dissipate. It wouldn\u2019t let up. It\u2019s seared into my brain.\u201d<\/p>\n<p>She also revealed the emotional toll of her recovery, including periods of <a href=\"https:\/\/parade.com\/946073\/parade\/depression-quotes\/\" rel=\"nofollow noopener\" target=\"_blank\" data-ylk=\"slk:depression;elm:context_link;itc:0;sec:content-canvas\" data-yga=\"{&quot;yLinkElement&quot;:&quot;context_link&quot;,&quot;yModuleName&quot;:&quot;content-canvas&quot;,&quot;yLinkText&quot;:&quot;depression&quot;}\" class=\"link\">depression<\/a>, while continuing to fight through rehabilitation.<\/p>\n<p>Even while recovering, Vonn has remained active in other parts of her life. She is currently involved in advocacy work and public campaigns, including Invivyd\u2019s \u201cAntibodies for Any Body\u201d campaign.<\/p>\n<p>She is also preparing for a major public appearance as the commencement speaker for the <a href=\"https:\/\/annenberg.usc.edu\/news\/spotlight\/lindsey-vonn-headlines-usc-annenbergs-2026-commencement-ceremony\" rel=\"nofollow noopener\" target=\"_blank\" data-ylk=\"slk:USC Annenberg;elm:context_link;itc:0;sec:content-canvas\" data-yga=\"{&quot;yLinkElement&quot;:&quot;context_link&quot;,&quot;yModuleName&quot;:&quot;content-canvas&quot;,&quot;yLinkText&quot;:&quot;USC Annenberg&quot;}\" class=\"link\">USC Annenberg<\/a> School for Communication and Journalism on May 15.<\/p>\n<p>While she is still far from returning to competitive skiing, Vonn has said she is beginning to see progress in her recovery timeline and believes she is moving closer to a more normal life.<\/p>\n<p>Advertisement<\/p>\n<p><strong><a href=\"https:\/\/sports.yahoo.com\/articles\/u-skier-lindsey-vonn-gets-062330705.html\" data-ylk=\"slk:Related: U.S. Skier Lindsey Vonn Gets Emotional on Important Day;elm:context_link;itc:0;sec:content-canvas;outcm:mb_qualified_link;_E:mb_qualified_link;ct:story;\" data-yga=\"{&quot;yLinkElement&quot;:&quot;context_link&quot;,&quot;yModuleName&quot;:&quot;content-canvas&quot;,&quot;yLinkText&quot;:&quot;Related&quot;}\" class=\"link  yahoo-link\">Related: U.S. Skier Lindsey Vonn Gets Emotional on Important Day<\/a><\/strong><\/p>\n<p><i>This story was originally published by <a href=\"https:\/\/parade.com\/celebrities\/lindsey-vonn-first-big-travel-olympic-crash-recovery-update-2026\" rel=\"nofollow noopener\" target=\"_blank\" data-ylk=\"slk:Parade;elm:context_link;itc:0;sec:content-canvas\" data-yga=\"{&quot;yLinkElement&quot;:&quot;context_link&quot;,&quot;yModuleName&quot;:&quot;content-canvas&quot;,&quot;yLinkText&quot;:&quot;Parade&quot;}\" class=\"link\">Parade<\/a> on Apr 30, 2026, where it first appeared in the <a href=\"https:\/\/parade.com\/celebrities\" rel=\"nofollow noopener\" target=\"_blank\" data-ylk=\"slk:Celebs;elm:context_link;itc:0;sec:content-canvas\" data-yga=\"{&quot;yLinkElement&quot;:&quot;context_link&quot;,&quot;yModuleName&quot;:&quot;content-canvas&quot;,&quot;yLinkText&quot;:&quot;Celebs&quot;}\" class=\"link\">Celebs<\/a> section. Add Parade as a <a href=\"https:\/\/google.com\/preferences\/source?q=parade.com\" rel=\"nofollow noopener\" target=\"_blank\" data-ylk=\"slk:Preferred Source by clicking here.;elm:context_link;itc:0;sec:content-canvas\" data-yga=\"{&quot;yLinkElement&quot;:&quot;context_link&quot;,&quot;yModuleName&quot;:&quot;content-canvas&quot;,&quot;yLinkText&quot;:&quot;Preferred Source by clicking here.&quot;}\" class=\"link\">Preferred Source by clicking here.<\/a><\/i><\/p>\n<\/div>\n<p><br \/>\n<br \/><a href=\"https:\/\/sports.yahoo.com\/articles\/u-skier-lindsey-vonn-announces-024638050.html\">Source link <\/a><\/p>","protected":false},"excerpt":{"rendered":"<p>U.S. skiing legend Lindsey Vonn is taking a new step in her long recovery journey after a devastating crash at the 2026 Milano Cortina Winter Olympics. The 41-year-old Olympic medalist recently shared on her Instagram Story a photo that showed her \u201cfirst big travel,\u201d giving fans a small but emotional look at how she is [&hellip;]<\/p>\n","protected":false},"author":1,"featured_media":119463,"comment_status":"closed","ping_status":"","sticky":false,"template":"","format":"standard","meta":{"googlesitekit_rrm_CAow2JLhCw:productID":"","_gspb_post_css":"","maa_idioma":"","maa_pais":"","footnotes":""},"categories":[2725],"tags":[4116,4734,5867,14912,15046,16651,2737,4670,17576,7393],"class_list":["post-119462","post","type-post","status-publish","format-standard","has-post-thumbnail","hentry","category-europe","tag-announces","tag-big","tag-crash","tag-lindsey","tag-olympics","tag-skier","tag-travel","tag-u-s","tag-vonn","tag-winter"],"blocksy_meta":[],"yoast_head":"<!-- This site is optimized with the Yoast SEO Premium plugin v27.6 (Yoast SEO v27.6) - https:\/\/yoast.com\/product\/yoast-seo-premium-wordpress\/ -->\n<title>U.S. Skier Lindsey Vonn Announces &#039;First Big Travel&#039; After Winter Olympics Crash - Ubirat\u00e3 Online Not\u00edcias - A realidade ao seu alcance!<\/title>\n<meta name=\"description\" content=\"U.S. skiing legend Lindsey Vonn is taking a new step in her long recovery journey after a devastating crash at the 2026 Milano Cortina Winter Olympics.The\" \/>\n<meta name=\"robots\" content=\"index, follow, max-snippet:-1, max-image-preview:large, max-video-preview:-1\" \/>\n<link rel=\"canonical\" href=\"https:\/\/ubirataonline.com.br\/en\/u-s-skier-lindsey-vonn-announces-first-big-travel-after-winter-olympics-crash\/\" \/>\n<meta property=\"og:locale\" content=\"en_US\" \/>\n<meta property=\"og:type\" content=\"article\" \/>\n<meta property=\"og:title\" content=\"U.S. Skier Lindsey Vonn Announces &#039;First Big Travel&#039; After Winter Olympics Crash\" \/>\n<meta property=\"og:description\" content=\"U.S. skiing legend Lindsey Vonn is taking a new step in her long recovery journey after a devastating crash at the 2026 Milano Cortina Winter Olympics.The\" \/>\n<meta property=\"og:url\" content=\"https:\/\/ubirataonline.com.br\/en\/u-s-skier-lindsey-vonn-announces-first-big-travel-after-winter-olympics-crash\/\" \/>\n<meta property=\"og:site_name\" content=\"Ubirat\u00e3 Online Not\u00edcias - A realidade ao seu alcance!\" \/>\n<meta property=\"article:publisher\" content=\"https:\/\/www.facebook.com\/portalubirataonline\" \/>\n<meta property=\"article:author\" content=\"https:\/\/www.facebook.com\/portalubirataonline\" \/>\n<meta property=\"article:published_time\" content=\"2026-04-30T12:35:12+00:00\" \/>\n<meta property=\"article:modified_time\" content=\"2026-04-30T12:35:22+00:00\" \/>\n<meta property=\"og:image\" content=\"https:\/\/ubirataonline.com.br\/wp-content\/uploads\/2026\/04\/US-Skier-Lindsey-Vonn-Announces-First-Big-Travel-After-Winter.jpeg\" \/>\n\t<meta property=\"og:image:width\" content=\"1024\" \/>\n\t<meta property=\"og:image:height\" content=\"576\" \/>\n\t<meta property=\"og:image:type\" content=\"image\/jpeg\" \/>\n<meta name=\"author\" content=\"REDA\u00c7\u00c3O: UBIRAT\u00c3 ONLINE - F\u00c1BIO AUGUSTO CELESTINO\" \/>\n<meta name=\"twitter:card\" content=\"summary_large_image\" \/>\n<meta name=\"twitter:creator\" content=\"@x.com\/ubirataonline\" \/>\n<meta name=\"twitter:site\" content=\"@ubirataonline\" \/>\n<meta name=\"twitter:label1\" content=\"Written by\" \/>\n\t<meta name=\"twitter:data1\" content=\"REDA\u00c7\u00c3O: UBIRAT\u00c3 ONLINE - F\u00c1BIO AUGUSTO CELESTINO\" \/>\n\t<meta name=\"twitter:label2\" content=\"Est. reading time\" \/>\n\t<meta name=\"twitter:data2\" content=\"3 minutes\" \/>\n<script type=\"application\/ld+json\" class=\"yoast-schema-graph\">{\"@context\":\"https:\\\/\\\/schema.org\",\"@graph\":[{\"@type\":\"NewsArticle\",\"@id\":\"https:\\\/\\\/ubirataonline.com.br\\\/u-s-skier-lindsey-vonn-announces-first-big-travel-after-winter-olympics-crash\\\/#article\",\"isPartOf\":{\"@id\":\"https:\\\/\\\/ubirataonline.com.br\\\/u-s-skier-lindsey-vonn-announces-first-big-travel-after-winter-olympics-crash\\\/\"},\"author\":{\"name\":\"REDA\u00c7\u00c3O: UBIRAT\u00c3 ONLINE - F\u00c1BIO AUGUSTO CELESTINO\",\"@id\":\"https:\\\/\\\/ubirataonline.com.br\\\/#\\\/schema\\\/person\\\/372f87bbd3fdd79b8556b84c98d0bc1c\"},\"headline\":\"U.S. Skier Lindsey Vonn Announces &#8216;First Big Travel&#8217; After Winter Olympics Crash\",\"datePublished\":\"2026-04-30T12:35:12+00:00\",\"dateModified\":\"2026-04-30T12:35:22+00:00\",\"mainEntityOfPage\":{\"@id\":\"https:\\\/\\\/ubirataonline.com.br\\\/u-s-skier-lindsey-vonn-announces-first-big-travel-after-winter-olympics-crash\\\/\"},\"wordCount\":593,\"publisher\":{\"@id\":\"https:\\\/\\\/ubirataonline.com.br\\\/#organization\"},\"image\":{\"@id\":\"https:\\\/\\\/ubirataonline.com.br\\\/u-s-skier-lindsey-vonn-announces-first-big-travel-after-winter-olympics-crash\\\/#primaryimage\"},\"thumbnailUrl\":\"https:\\\/\\\/ubirataonline.com.br\\\/wp-content\\\/uploads\\\/2026\\\/04\\\/US-Skier-Lindsey-Vonn-Announces-First-Big-Travel-After-Winter.jpeg\",\"keywords\":[\"announces\",\"big\",\"Crash\",\"Lindsey\",\"Olympics\",\"skier\",\"Travel\",\"U.S\",\"Vonn\",\"Winter\"],\"articleSection\":[\"Europe\"],\"inLanguage\":\"en-US\",\"copyrightYear\":\"2026\",\"copyrightHolder\":{\"@id\":\"https:\\\/\\\/ubirataonline.com.br\\\/en\\\/#organization\"}},{\"@type\":\"WebPage\",\"@id\":\"https:\\\/\\\/ubirataonline.com.br\\\/u-s-skier-lindsey-vonn-announces-first-big-travel-after-winter-olympics-crash\\\/\",\"url\":\"https:\\\/\\\/ubirataonline.com.br\\\/u-s-skier-lindsey-vonn-announces-first-big-travel-after-winter-olympics-crash\\\/\",\"name\":\"U.S. Skier Lindsey Vonn Announces 'First Big Travel' After Winter Olympics Crash - Ubirat\u00e3 Online Not\u00edcias - A realidade ao seu alcance!\",\"isPartOf\":{\"@id\":\"https:\\\/\\\/ubirataonline.com.br\\\/#website\"},\"primaryImageOfPage\":{\"@id\":\"https:\\\/\\\/ubirataonline.com.br\\\/u-s-skier-lindsey-vonn-announces-first-big-travel-after-winter-olympics-crash\\\/#primaryimage\"},\"image\":{\"@id\":\"https:\\\/\\\/ubirataonline.com.br\\\/u-s-skier-lindsey-vonn-announces-first-big-travel-after-winter-olympics-crash\\\/#primaryimage\"},\"thumbnailUrl\":\"https:\\\/\\\/ubirataonline.com.br\\\/wp-content\\\/uploads\\\/2026\\\/04\\\/US-Skier-Lindsey-Vonn-Announces-First-Big-Travel-After-Winter.jpeg\",\"datePublished\":\"2026-04-30T12:35:12+00:00\",\"dateModified\":\"2026-04-30T12:35:22+00:00\",\"description\":\"U.S. skiing legend Lindsey Vonn is taking a new step in her long recovery journey after a devastating crash at the 2026 Milano Cortina Winter Olympics.The\",\"breadcrumb\":{\"@id\":\"https:\\\/\\\/ubirataonline.com.br\\\/u-s-skier-lindsey-vonn-announces-first-big-travel-after-winter-olympics-crash\\\/#breadcrumb\"},\"inLanguage\":\"en-US\",\"potentialAction\":[{\"@type\":\"ReadAction\",\"target\":[\"https:\\\/\\\/ubirataonline.com.br\\\/u-s-skier-lindsey-vonn-announces-first-big-travel-after-winter-olympics-crash\\\/\"]}]},{\"@type\":\"ImageObject\",\"inLanguage\":\"en-US\",\"@id\":\"https:\\\/\\\/ubirataonline.com.br\\\/u-s-skier-lindsey-vonn-announces-first-big-travel-after-winter-olympics-crash\\\/#primaryimage\",\"url\":\"https:\\\/\\\/ubirataonline.com.br\\\/wp-content\\\/uploads\\\/2026\\\/04\\\/US-Skier-Lindsey-Vonn-Announces-First-Big-Travel-After-Winter.jpeg\",\"contentUrl\":\"https:\\\/\\\/ubirataonline.com.br\\\/wp-content\\\/uploads\\\/2026\\\/04\\\/US-Skier-Lindsey-Vonn-Announces-First-Big-Travel-After-Winter.jpeg\",\"width\":1024,\"height\":576,\"caption\":\"Lindsey Vonn inspects the slope before the second official training for the women's downhill event at the Tofane Alpine Skiing Centre during Milano Cortina 2026 Winter Olympic Games in Cortina d'Ampezzo on February 6, 2026. Photo by Stefano RELLANDINI &sol; AFP via Getty Images\"},{\"@type\":\"BreadcrumbList\",\"@id\":\"https:\\\/\\\/ubirataonline.com.br\\\/u-s-skier-lindsey-vonn-announces-first-big-travel-after-winter-olympics-crash\\\/#breadcrumb\",\"itemListElement\":[{\"@type\":\"ListItem\",\"position\":1,\"name\":\"In\u00edcio\",\"item\":\"https:\\\/\\\/ubirataonline.com.br\\\/\"},{\"@type\":\"ListItem\",\"position\":2,\"name\":\"U.S. Skier Lindsey Vonn Announces &#8216;First Big Travel&#8217; After Winter Olympics Crash\"}]},{\"@type\":\"WebSite\",\"@id\":\"https:\\\/\\\/ubirataonline.com.br\\\/#website\",\"url\":\"https:\\\/\\\/ubirataonline.com.br\\\/\",\"name\":\"Ubirat\u00e3 Online Not\u00edcias\",\"description\":\"Not\u00edcias de Ubirat\u00e3, regi\u00e3o, Brasil e mundo, com informa\u00e7\u00e3o atualizada e compromisso com o leitor.\",\"publisher\":{\"@id\":\"https:\\\/\\\/ubirataonline.com.br\\\/#organization\"},\"alternateName\":\"Ubirat\u00e3 Online\",\"potentialAction\":[{\"@type\":\"SearchAction\",\"target\":{\"@type\":\"EntryPoint\",\"urlTemplate\":\"https:\\\/\\\/ubirataonline.com.br\\\/?s={search_term_string}\"},\"query-input\":{\"@type\":\"PropertyValueSpecification\",\"valueRequired\":true,\"valueName\":\"search_term_string\"}}],\"inLanguage\":\"en-US\"},{\"@type\":[\"Organization\",\"Place\"],\"@id\":\"https:\\\/\\\/ubirataonline.com.br\\\/#organization\",\"name\":\"Ubirat\u00e3 Online Not\u00edcias\",\"alternateName\":\"Ubirat\u00e3 Online\",\"url\":\"https:\\\/\\\/ubirataonline.com.br\\\/\",\"logo\":{\"@id\":\"https:\\\/\\\/ubirataonline.com.br\\\/u-s-skier-lindsey-vonn-announces-first-big-travel-after-winter-olympics-crash\\\/#local-main-organization-logo\"},\"image\":{\"@id\":\"https:\\\/\\\/ubirataonline.com.br\\\/u-s-skier-lindsey-vonn-announces-first-big-travel-after-winter-olympics-crash\\\/#local-main-organization-logo\"},\"sameAs\":[\"https:\\\/\\\/www.facebook.com\\\/portalubirataonline\",\"https:\\\/\\\/x.com\\\/ubirataonline\",\"https:\\\/\\\/mastodon.social\\\/@ubirataonline\",\"https:\\\/\\\/www.facebook.com\\\/groups\\\/311144672285604\",\"https:\\\/\\\/www.facebook.com\\\/UBTAOnline\",\"https:\\\/\\\/www.instagram.com\\\/portalubirataonline\\\/\",\"https:\\\/\\\/twitter.com\\\/ubirataonline\"],\"description\":\"Somos um portal de not\u00edcias independente, criado em 5 de janeiro de 2009, com o objetivo de informar, conectar e valorizar a nossa comunidade de Ubirat\u00e3 e toda aregi\u00e3o. Com conte\u00fado atualizado, confi\u00e1vel e relevante, o Ubirat\u00e3 Online \u00e9 o seu espa\u00e7o para ficar por dentro dos principais acontecimentos locais, regionais, Brasil, Mundo e de interesse geral. Nosso compromisso \u00e9 com a verdade, a transpar\u00eancia e o respeito ao leitor.\",\"legalName\":\"UBIRATA ONLINE NOT\u00cdCIAS\",\"foundingDate\":\"2009-01-05\",\"numberOfEmployees\":{\"@type\":\"QuantitativeValue\",\"minValue\":\"1\",\"maxValue\":\"10\"},\"publishingPrinciples\":\"https:\\\/\\\/ubirataonline.com.br\\\/faq\\\/\",\"address\":{\"@id\":\"https:\\\/\\\/ubirataonline.com.br\\\/u-s-skier-lindsey-vonn-announces-first-big-travel-after-winter-olympics-crash\\\/#local-main-place-address\"},\"geo\":{\"@type\":\"GeoCoordinates\",\"latitude\":\"-24.5361401\",\"longitude\":\"-52.9921776\"},\"telephone\":[\"+5544998308235\"],\"contactPoint\":{\"@type\":\"ContactPoint\",\"email\":\"contato@ubirataonline.com.br\"},\"openingHoursSpecification\":{\"@type\":\"OpeningHoursSpecification\",\"dayOfWeek\":[\"Monday\",\"Tuesday\",\"Wednesday\",\"Thursday\",\"Friday\",\"Saturday\",\"Sunday\"],\"opens\":\"00:00\",\"closes\":\"23:59\"},\"email\":\"contato@ubirataonline.com.br\",\"vatID\":\"47.621.418\\\/0001-80\"},{\"@type\":\"Person\",\"@id\":\"https:\\\/\\\/ubirataonline.com.br\\\/#\\\/schema\\\/person\\\/372f87bbd3fdd79b8556b84c98d0bc1c\",\"name\":\"REDA\u00c7\u00c3O: UBIRAT\u00c3 ONLINE - F\u00c1BIO AUGUSTO CELESTINO\",\"pronouns\":\"Ele\",\"description\":\"Desde 2003 trabalhando com not\u00edcias.\",\"sameAs\":[\"http:\\\/\\\/ubirataoline.com.br\",\"https:\\\/\\\/www.facebook.com\\\/portalubirataonline\",\"https:\\\/\\\/www.instagram.com\\\/ubirataonline_oficial\",\"https:\\\/\\\/x.com\\\/x.com\\\/ubirataonline\"],\"honorificPrefix\":\"Mr.\",\"honorificSuffix\":\"MD\",\"birthDate\":\"1980-06-16\",\"gender\":\"masculino\",\"award\":[\"V\u00e1rios pr\u00eamios de melhor portal da cidade\"],\"jobTitle\":\"Diretor\",\"url\":\"https:\\\/\\\/ubirataonline.com.br\\\/en\\\/author\\\/ubirataonline\\\/\"},{\"@type\":\"PostalAddress\",\"@id\":\"https:\\\/\\\/ubirataonline.com.br\\\/u-s-skier-lindsey-vonn-announces-first-big-travel-after-winter-olympics-crash\\\/#local-main-place-address\",\"streetAddress\":\"Rua dos Coqueiros, 104 - Bairro Boa Vista, Rua dos Coqueiros, 104 Bairro Boa Vista\",\"addressLocality\":\"UBIRATA\",\"postalCode\":\"85440-000\",\"addressRegion\":\"PR\",\"addressCountry\":\"BR\"},{\"@type\":\"ImageObject\",\"inLanguage\":\"en-US\",\"@id\":\"https:\\\/\\\/ubirataonline.com.br\\\/u-s-skier-lindsey-vonn-announces-first-big-travel-after-winter-olympics-crash\\\/#local-main-organization-logo\",\"url\":\"https:\\\/\\\/ubirataonline.com.br\\\/wp-content\\\/uploads\\\/2026\\\/06\\\/logoubirataonline-1.webp\",\"contentUrl\":\"https:\\\/\\\/ubirataonline.com.br\\\/wp-content\\\/uploads\\\/2026\\\/06\\\/logoubirataonline-1.webp\",\"width\":500,\"height\":500,\"caption\":\"Ubirat\u00e3 Online Not\u00edcias\"}]}<\/script>\n<meta name=\"geo.placename\" content=\"UBIRATA\" \/>\n<meta name=\"geo.position\" content=\"-24.5361401;-52.9921776\" \/>\n<meta name=\"geo.region\" content=\"Brazil\" \/>\n<!-- \/ Yoast SEO Premium plugin. -->","yoast_head_json":{"title":"U.S. Skier Lindsey Vonn Announces 'First Big Travel' After Winter Olympics Crash - Ubirat\u00e3 Online Not\u00edcias - A realidade ao seu alcance!","description":"U.S. skiing legend Lindsey Vonn is taking a new step in her long recovery journey after a devastating crash at the 2026 Milano Cortina Winter Olympics.The","robots":{"index":"index","follow":"follow","max-snippet":"max-snippet:-1","max-image-preview":"max-image-preview:large","max-video-preview":"max-video-preview:-1"},"canonical":"https:\/\/ubirataonline.com.br\/en\/u-s-skier-lindsey-vonn-announces-first-big-travel-after-winter-olympics-crash\/","og_locale":"en_US","og_type":"article","og_title":"U.S. Skier Lindsey Vonn Announces 'First Big Travel' After Winter Olympics Crash","og_description":"U.S. skiing legend Lindsey Vonn is taking a new step in her long recovery journey after a devastating crash at the 2026 Milano Cortina Winter Olympics.The","og_url":"https:\/\/ubirataonline.com.br\/en\/u-s-skier-lindsey-vonn-announces-first-big-travel-after-winter-olympics-crash\/","og_site_name":"Ubirat\u00e3 Online Not\u00edcias - A realidade ao seu alcance!","article_publisher":"https:\/\/www.facebook.com\/portalubirataonline","article_author":"https:\/\/www.facebook.com\/portalubirataonline","article_published_time":"2026-04-30T12:35:12+00:00","article_modified_time":"2026-04-30T12:35:22+00:00","og_image":[{"width":1024,"height":576,"url":"https:\/\/ubirataonline.com.br\/wp-content\/uploads\/2026\/04\/US-Skier-Lindsey-Vonn-Announces-First-Big-Travel-After-Winter.jpeg","type":"image\/jpeg"}],"author":"REDA\u00c7\u00c3O: UBIRAT\u00c3 ONLINE - F\u00c1BIO AUGUSTO CELESTINO","twitter_card":"summary_large_image","twitter_creator":"@x.com\/ubirataonline","twitter_site":"@ubirataonline","twitter_misc":{"Written by":"REDA\u00c7\u00c3O: UBIRAT\u00c3 ONLINE - F\u00c1BIO AUGUSTO CELESTINO","Est. reading time":"3 minutes"},"schema":{"@context":"https:\/\/schema.org","@graph":[{"@type":"NewsArticle","@id":"https:\/\/ubirataonline.com.br\/u-s-skier-lindsey-vonn-announces-first-big-travel-after-winter-olympics-crash\/#article","isPartOf":{"@id":"https:\/\/ubirataonline.com.br\/u-s-skier-lindsey-vonn-announces-first-big-travel-after-winter-olympics-crash\/"},"author":{"name":"REDA\u00c7\u00c3O: UBIRAT\u00c3 ONLINE - F\u00c1BIO AUGUSTO CELESTINO","@id":"https:\/\/ubirataonline.com.br\/#\/schema\/person\/372f87bbd3fdd79b8556b84c98d0bc1c"},"headline":"U.S. Skier Lindsey Vonn Announces &#8216;First Big Travel&#8217; After Winter Olympics Crash","datePublished":"2026-04-30T12:35:12+00:00","dateModified":"2026-04-30T12:35:22+00:00","mainEntityOfPage":{"@id":"https:\/\/ubirataonline.com.br\/u-s-skier-lindsey-vonn-announces-first-big-travel-after-winter-olympics-crash\/"},"wordCount":593,"publisher":{"@id":"https:\/\/ubirataonline.com.br\/#organization"},"image":{"@id":"https:\/\/ubirataonline.com.br\/u-s-skier-lindsey-vonn-announces-first-big-travel-after-winter-olympics-crash\/#primaryimage"},"thumbnailUrl":"https:\/\/ubirataonline.com.br\/wp-content\/uploads\/2026\/04\/US-Skier-Lindsey-Vonn-Announces-First-Big-Travel-After-Winter.jpeg","keywords":["announces","big","Crash","Lindsey","Olympics","skier","Travel","U.S","Vonn","Winter"],"articleSection":["Europe"],"inLanguage":"en-US","copyrightYear":"2026","copyrightHolder":{"@id":"https:\/\/ubirataonline.com.br\/en\/#organization"}},{"@type":"WebPage","@id":"https:\/\/ubirataonline.com.br\/u-s-skier-lindsey-vonn-announces-first-big-travel-after-winter-olympics-crash\/","url":"https:\/\/ubirataonline.com.br\/u-s-skier-lindsey-vonn-announces-first-big-travel-after-winter-olympics-crash\/","name":"U.S. Skier Lindsey Vonn Announces 'First Big Travel' After Winter Olympics Crash - Ubirat\u00e3 Online Not\u00edcias - A realidade ao seu alcance!","isPartOf":{"@id":"https:\/\/ubirataonline.com.br\/#website"},"primaryImageOfPage":{"@id":"https:\/\/ubirataonline.com.br\/u-s-skier-lindsey-vonn-announces-first-big-travel-after-winter-olympics-crash\/#primaryimage"},"image":{"@id":"https:\/\/ubirataonline.com.br\/u-s-skier-lindsey-vonn-announces-first-big-travel-after-winter-olympics-crash\/#primaryimage"},"thumbnailUrl":"https:\/\/ubirataonline.com.br\/wp-content\/uploads\/2026\/04\/US-Skier-Lindsey-Vonn-Announces-First-Big-Travel-After-Winter.jpeg","datePublished":"2026-04-30T12:35:12+00:00","dateModified":"2026-04-30T12:35:22+00:00","description":"U.S. skiing legend Lindsey Vonn is taking a new step in her long recovery journey after a devastating crash at the 2026 Milano Cortina Winter Olympics.The","breadcrumb":{"@id":"https:\/\/ubirataonline.com.br\/u-s-skier-lindsey-vonn-announces-first-big-travel-after-winter-olympics-crash\/#breadcrumb"},"inLanguage":"en-US","potentialAction":[{"@type":"ReadAction","target":["https:\/\/ubirataonline.com.br\/u-s-skier-lindsey-vonn-announces-first-big-travel-after-winter-olympics-crash\/"]}]},{"@type":"ImageObject","inLanguage":"en-US","@id":"https:\/\/ubirataonline.com.br\/u-s-skier-lindsey-vonn-announces-first-big-travel-after-winter-olympics-crash\/#primaryimage","url":"https:\/\/ubirataonline.com.br\/wp-content\/uploads\/2026\/04\/US-Skier-Lindsey-Vonn-Announces-First-Big-Travel-After-Winter.jpeg","contentUrl":"https:\/\/ubirataonline.com.br\/wp-content\/uploads\/2026\/04\/US-Skier-Lindsey-Vonn-Announces-First-Big-Travel-After-Winter.jpeg","width":1024,"height":576,"caption":"Lindsey Vonn inspects the slope before the second official training for the women's downhill event at the Tofane Alpine Skiing Centre during Milano Cortina 2026 Winter Olympic Games in Cortina d'Ampezzo on February 6, 2026. Photo by Stefano RELLANDINI &sol; AFP via Getty Images"},{"@type":"BreadcrumbList","@id":"https:\/\/ubirataonline.com.br\/u-s-skier-lindsey-vonn-announces-first-big-travel-after-winter-olympics-crash\/#breadcrumb","itemListElement":[{"@type":"ListItem","position":1,"name":"In\u00edcio","item":"https:\/\/ubirataonline.com.br\/"},{"@type":"ListItem","position":2,"name":"U.S. Skier Lindsey Vonn Announces &#8216;First Big Travel&#8217; After Winter Olympics Crash"}]},{"@type":"WebSite","@id":"https:\/\/ubirataonline.com.br\/#website","url":"https:\/\/ubirataonline.com.br\/","name":"Ubirat\u00e3 Online Not\u00edcias","description":"Not\u00edcias de Ubirat\u00e3, regi\u00e3o, Brasil e mundo, com informa\u00e7\u00e3o atualizada e compromisso com o leitor.","publisher":{"@id":"https:\/\/ubirataonline.com.br\/#organization"},"alternateName":"Ubirat\u00e3 Online","potentialAction":[{"@type":"SearchAction","target":{"@type":"EntryPoint","urlTemplate":"https:\/\/ubirataonline.com.br\/?s={search_term_string}"},"query-input":{"@type":"PropertyValueSpecification","valueRequired":true,"valueName":"search_term_string"}}],"inLanguage":"en-US"},{"@type":["Organization","Place"],"@id":"https:\/\/ubirataonline.com.br\/#organization","name":"Ubirat\u00e3 Online Not\u00edcias","alternateName":"Ubirat\u00e3 Online","url":"https:\/\/ubirataonline.com.br\/","logo":{"@id":"https:\/\/ubirataonline.com.br\/u-s-skier-lindsey-vonn-announces-first-big-travel-after-winter-olympics-crash\/#local-main-organization-logo"},"image":{"@id":"https:\/\/ubirataonline.com.br\/u-s-skier-lindsey-vonn-announces-first-big-travel-after-winter-olympics-crash\/#local-main-organization-logo"},"sameAs":["https:\/\/www.facebook.com\/portalubirataonline","https:\/\/x.com\/ubirataonline","https:\/\/mastodon.social\/@ubirataonline","https:\/\/www.facebook.com\/groups\/311144672285604","https:\/\/www.facebook.com\/UBTAOnline","https:\/\/www.instagram.com\/portalubirataonline\/","https:\/\/twitter.com\/ubirataonline"],"description":"Somos um portal de not\u00edcias independente, criado em 5 de janeiro de 2009, com o objetivo de informar, conectar e valorizar a nossa comunidade de Ubirat\u00e3 e toda aregi\u00e3o. Com conte\u00fado atualizado, confi\u00e1vel e relevante, o Ubirat\u00e3 Online \u00e9 o seu espa\u00e7o para ficar por dentro dos principais acontecimentos locais, regionais, Brasil, Mundo e de interesse geral. Nosso compromisso \u00e9 com a verdade, a transpar\u00eancia e o respeito ao leitor.","legalName":"UBIRATA ONLINE NOT\u00cdCIAS","foundingDate":"2009-01-05","numberOfEmployees":{"@type":"QuantitativeValue","minValue":"1","maxValue":"10"},"publishingPrinciples":"https:\/\/ubirataonline.com.br\/faq\/","address":{"@id":"https:\/\/ubirataonline.com.br\/u-s-skier-lindsey-vonn-announces-first-big-travel-after-winter-olympics-crash\/#local-main-place-address"},"geo":{"@type":"GeoCoordinates","latitude":"-24.5361401","longitude":"-52.9921776"},"telephone":["+5544998308235"],"contactPoint":{"@type":"ContactPoint","email":"contato@ubirataonline.com.br"},"openingHoursSpecification":{"@type":"OpeningHoursSpecification","dayOfWeek":["Monday","Tuesday","Wednesday","Thursday","Friday","Saturday","Sunday"],"opens":"00:00","closes":"23:59"},"email":"contato@ubirataonline.com.br","vatID":"47.621.418\/0001-80"},{"@type":"Person","@id":"https:\/\/ubirataonline.com.br\/#\/schema\/person\/372f87bbd3fdd79b8556b84c98d0bc1c","name":"REDA\u00c7\u00c3O: UBIRAT\u00c3 ONLINE - F\u00c1BIO AUGUSTO CELESTINO","pronouns":"Ele","description":"Desde 2003 trabalhando com not\u00edcias.","sameAs":["http:\/\/ubirataoline.com.br","https:\/\/www.facebook.com\/portalubirataonline","https:\/\/www.instagram.com\/ubirataonline_oficial","https:\/\/x.com\/x.com\/ubirataonline"],"honorificPrefix":"Mr.","honorificSuffix":"MD","birthDate":"1980-06-16","gender":"masculino","award":["V\u00e1rios pr\u00eamios de melhor portal da cidade"],"jobTitle":"Diretor","url":"https:\/\/ubirataonline.com.br\/en\/author\/ubirataonline\/"},{"@type":"PostalAddress","@id":"https:\/\/ubirataonline.com.br\/u-s-skier-lindsey-vonn-announces-first-big-travel-after-winter-olympics-crash\/#local-main-place-address","streetAddress":"Rua dos Coqueiros, 104 - Bairro Boa Vista, Rua dos Coqueiros, 104 Bairro Boa Vista","addressLocality":"UBIRATA","postalCode":"85440-000","addressRegion":"PR","addressCountry":"BR"},{"@type":"ImageObject","inLanguage":"en-US","@id":"https:\/\/ubirataonline.com.br\/u-s-skier-lindsey-vonn-announces-first-big-travel-after-winter-olympics-crash\/#local-main-organization-logo","url":"https:\/\/ubirataonline.com.br\/wp-content\/uploads\/2026\/06\/logoubirataonline-1.webp","contentUrl":"https:\/\/ubirataonline.com.br\/wp-content\/uploads\/2026\/06\/logoubirataonline-1.webp","width":500,"height":500,"caption":"Ubirat\u00e3 Online Not\u00edcias"}]},"geo.placename":"UBIRATA","geo.position":{"lat":"-24.5361401","long":"-52.9921776"},"geo.region":"Brazil"},"_links":{"self":[{"href":"https:\/\/ubirataonline.com.br\/en\/wp-json\/wp\/v2\/posts\/119462","targetHints":{"allow":["GET"]}}],"collection":[{"href":"https:\/\/ubirataonline.com.br\/en\/wp-json\/wp\/v2\/posts"}],"about":[{"href":"https:\/\/ubirataonline.com.br\/en\/wp-json\/wp\/v2\/types\/post"}],"author":[{"embeddable":true,"href":"https:\/\/ubirataonline.com.br\/en\/wp-json\/wp\/v2\/users\/1"}],"replies":[{"embeddable":true,"href":"https:\/\/ubirataonline.com.br\/en\/wp-json\/wp\/v2\/comments?post=119462"}],"version-history":[{"count":0,"href":"https:\/\/ubirataonline.com.br\/en\/wp-json\/wp\/v2\/posts\/119462\/revisions"}],"wp:featuredmedia":[{"embeddable":true,"href":"https:\/\/ubirataonline.com.br\/en\/wp-json\/wp\/v2\/media\/119463"}],"wp:attachment":[{"href":"https:\/\/ubirataonline.com.br\/en\/wp-json\/wp\/v2\/media?parent=119462"}],"wp:term":[{"taxonomy":"category","embeddable":true,"href":"https:\/\/ubirataonline.com.br\/en\/wp-json\/wp\/v2\/categories?post=119462"},{"taxonomy":"post_tag","embeddable":true,"href":"https:\/\/ubirataonline.com.br\/en\/wp-json\/wp\/v2\/tags?post=119462"}],"curies":[{"name":"wp","href":"https:\/\/api.w.org\/{rel}","templated":true}]}}