{"id":119465,"date":"2026-04-30T09:38:14","date_gmt":"2026-04-30T12:38:14","guid":{"rendered":"https:\/\/ubirataonline.com.br\/lindsey-vonn-seen-in-wheelchair-in-airport-after-olympic-crash\/"},"modified":"2026-04-30T09:38:19","modified_gmt":"2026-04-30T12:38:19","slug":"lindsey-vonn-seen-in-wheelchair-in-airport-after-olympic-crash","status":"publish","type":"post","link":"https:\/\/ubirataonline.com.br\/en\/lindsey-vonn-seen-in-wheelchair-in-airport-after-olympic-crash\/","title":{"rendered":"Lindsey Vonn seen in wheelchair in airport after Olympic crash"},"content":{"rendered":"<p><br \/>\n<\/p>\n<div>\n<p>American skiing superstar Lindsey Vonn was captured being pushed through the Los Angeles airport in a wheelchair over the weekend as she continued on her road to recovery after she was involved in a <a href=\"https:\/\/nypost.com\/2026\/02\/08\/sports\/lindsey-vonn-crashes-in-womens-downhill-at-milan-cortina-olympics\/\">horrifying crash during the Winter Olympics<\/a> in February.\u00a0<\/p>\n<p>Vonn has been <a href=\"https:\/\/nypost.com\/2026\/02\/23\/sports\/lindsey-vonn-reveals-how-close-she-was-to-getting-leg-amputated\/\">recovering from multiple surgeries<\/a> since the crash while she was competing in the women\u2019s downhill, which resulted in a severe fracture in her left leg and nearly led doctors to amputate it.\u00a0<\/p>\n<p>The new images of Vonn show her sitting in a wheelchair, being assisted by personnel at the airport as she sported a dark-colored, casual outfit for her trip.\u00a0<\/p>\n<figure class=\"nyp-slideshow-modal-image wp-block-image aligncenter size-large\"><figcaption>Lindsey Vonn was spotted being assisted through the airport in a wheelchair with crutches in hand, after suffering an injury following her heroic Olympic efforts. <span class=\"credit\">KONY \/ BACKGRID<\/span><\/figcaption><\/figure>\n<p>In one photo, she can be seen appearing to smile with a bag in her lap as one of the employees next to her is also smiling.\u00a0<\/p>\n<p>Vonn did appear to have crutches with her as well in several of the photos.\u00a0<\/p>\n<aside class=\"single__inline-module aligncenter wp-block-nypost-editor-primary-tag\">\n<\/aside>\n<p>The American skier has made a miraculous recovery after her Feb. 8 injury, which took place in Italy. At one point, doctors had been in a race to <a href=\"https:\/\/nypost.com\/2026\/03\/26\/sports\/lindsey-vonn-reveals-aftermath-of-olympic-crash-when-she-almost-lost-her-leg\/\">keep from having to amputate her left leg<\/a> after she suffered from compartment syndrome due to the complex tibial fracture that left her in intense pain, even during her initial CT scan.<\/p>\n<p>\u201cHalfway through, I started sweating. I was just in such extreme pain. I screamed at the top of my lungs:\u00a0<em>Get me out,<\/em>\u201d <a href=\"https:\/\/www.vanityfair.com\/news\/story\/lindsey-vonn-cover-story?srsltid=AfmBOoraf-86Pf18Ql7OB6O60sRdl6i0lIkHJXwfwsc6h12EzK3VLSMZ\">Vonn told Vanity Fair.<\/a><\/p>\n<p>\u201cIt just wouldn\u2019t dissipate. It wouldn\u2019t let up. It\u2019s seared into my brain.\u201d<\/p>\n<p>Vonn, a three-time Olympic medalist, said that she dealt with depression after the injury and it had \u201cdefinitely been up and down.\u201d<\/p>\n<figure class=\"nyp-slideshow-modal-image wp-block-image aligncenter size-large\"><figcaption>Lindsey Vonn was spotted being assisted through the airport in a wheelchair, with crutches in hand, after suffering an injury following her heroic Olympic efforts. <span class=\"credit\">KONY \/ BACKGRID<\/span><\/figcaption><\/figure>\n<p>\u201cI\u2019d say in the last month, it\u2019s definitely gotten better, but of course there were really low moments,\u201d <a href=\"https:\/\/people.com\/lindsey-vonn-doesn-t-regret-clapping-back-at-online-trolls-olympics-crash-exclusive-11955264\" target=\"_blank\" rel=\"noopener\">Vonn told People last week<\/a>. \u201cI hate being dependent on people, and was pretty much 100 [percent] dependent for everything. It was quite a challenge, just being in the hospital alone for two and a half weeks. Being completely immobile for that extended time period was so rough.\u201d<\/p>\n<p>But Vonn also struck a very upbeat tone when looking ahead.\u00a0<\/p>\n<figure class=\"nyp-slideshow-modal-image wp-block-image aligncenter size-large\"><figcaption>Lindsey Vonn crashing during the Women\u2019s Downhill at the Milano Cortina 2026 Winter Olympics. <span class=\"credit\">Getty Images<\/span><\/figcaption><\/figure>\n<p><a href=\"https:\/\/people.com\/lindsey-vonn-reveals-summer-plans-before-her-next-surgery-exclusive-11955141\" target=\"_blank\" rel=\"noopener\">Vonn told the outlet<\/a> that she felt like she had \u201chit some nice milestones\u201d and that she was \u201cgetting closer to being back to the real world and getting my life back.\u201d<\/p>\n<p>Vonn already has her summer plans in the works and has booked a plane ticket.\u00a0<\/p>\n<p>She believes that over the next six weeks she\u2019ll be able to live more normally.\u00a0<\/p>\n<figure class=\"nyp-slideshow-modal-image wp-block-image aligncenter size-large\"><figcaption>Lindsey Vonn was spotted being assisted through the airport in a wheelchair with crutches in hand, after suffering an injury following her heroic Olympic efforts. <span class=\"credit\">KONY \/ BACKGRID<\/span><\/figcaption><\/figure>\n<p>And Vonn seemed to indicate that she wasn\u2019t done with skiing just yet.\u00a0<\/p>\n<p>\u201cWhether it\u2019s on the race course or not, I\u2019ll definitely be going back to it,\u201d<strong> <\/strong>she told People.\u00a0<\/p>\n<\/p><\/div>\n<p><br \/>\n<br \/><a href=\"https:\/\/nypost.com\/2026\/04\/26\/sports\/lindsey-vonn-seen-in-wheelchair-in-airport-after-olympic-crash\/\">Source link <\/a><\/p>\n","protected":false},"excerpt":{"rendered":"<p>American skiing superstar Lindsey Vonn was captured being pushed through the Los Angeles airport in a wheelchair over the weekend as she continued on her road to recovery after she was involved in a horrifying crash during the Winter Olympics in February.\u00a0 Vonn has been recovering from multiple surgeries since the crash while she was [&hellip;]<\/p>\n","protected":false},"author":1,"featured_media":119466,"comment_status":"closed","ping_status":"","sticky":false,"template":"","format":"standard","meta":{"googlesitekit_rrm_CAow2JLhCw:productID":"","_gspb_post_css":"","maa_idioma":"","maa_pais":"","footnotes":""},"categories":[1],"tags":[10386,5867,14912,9802,17576,32364],"class_list":["post-119465","post","type-post","status-publish","format-standard","has-post-thumbnail","hentry","category-ubirata","tag-airport","tag-crash","tag-lindsey","tag-olympic","tag-vonn","tag-wheelchair"],"blocksy_meta":[],"yoast_head":"<!-- This site is optimized with the Yoast SEO Premium plugin v27.6 (Yoast SEO v27.6) - https:\/\/yoast.com\/product\/yoast-seo-premium-wordpress\/ -->\n<title>Lindsey Vonn seen in wheelchair in airport after Olympic crash - Ubirat\u00e3 Online Not\u00edcias - A realidade ao seu alcance!<\/title>\n<meta name=\"description\" content=\"American skiing superstar Lindsey Vonn was captured being pushed through the Los Angeles airport in a wheelchair over the weekend as she continued on her\" \/>\n<meta name=\"robots\" content=\"index, follow, max-snippet:-1, max-image-preview:large, max-video-preview:-1\" \/>\n<link rel=\"canonical\" href=\"https:\/\/ubirataonline.com.br\/en\/lindsey-vonn-seen-in-wheelchair-in-airport-after-olympic-crash\/\" \/>\n<meta property=\"og:locale\" content=\"en_US\" \/>\n<meta property=\"og:type\" content=\"article\" \/>\n<meta property=\"og:title\" content=\"Lindsey Vonn seen in wheelchair in airport after Olympic crash\" \/>\n<meta property=\"og:description\" content=\"American skiing superstar Lindsey Vonn was captured being pushed through the Los Angeles airport in a wheelchair over the weekend as she continued on her\" \/>\n<meta property=\"og:url\" content=\"https:\/\/ubirataonline.com.br\/en\/lindsey-vonn-seen-in-wheelchair-in-airport-after-olympic-crash\/\" \/>\n<meta property=\"og:site_name\" content=\"Ubirat\u00e3 Online Not\u00edcias - A realidade ao seu alcance!\" \/>\n<meta property=\"article:publisher\" content=\"https:\/\/www.facebook.com\/portalubirataonline\" \/>\n<meta property=\"article:author\" content=\"https:\/\/www.facebook.com\/portalubirataonline\" \/>\n<meta property=\"article:published_time\" content=\"2026-04-30T12:38:14+00:00\" \/>\n<meta property=\"article:modified_time\" content=\"2026-04-30T12:38:19+00:00\" \/>\n<meta property=\"og:image\" content=\"https:\/\/ubirataonline.com.br\/wp-content\/uploads\/2026\/04\/Lindsey-Vonn-seen-in-wheelchair-in-airport-after-Olympic-crash.jpg\" \/>\n\t<meta property=\"og:image:width\" content=\"1200\" \/>\n\t<meta property=\"og:image:height\" content=\"799\" \/>\n\t<meta property=\"og:image:type\" content=\"image\/jpeg\" \/>\n<meta name=\"author\" content=\"REDA\u00c7\u00c3O: UBIRAT\u00c3 ONLINE - F\u00c1BIO AUGUSTO CELESTINO\" \/>\n<meta name=\"twitter:card\" content=\"summary_large_image\" \/>\n<meta name=\"twitter:creator\" content=\"@x.com\/ubirataonline\" \/>\n<meta name=\"twitter:site\" content=\"@ubirataonline\" \/>\n<meta name=\"twitter:label1\" content=\"Written by\" \/>\n\t<meta name=\"twitter:data1\" content=\"REDA\u00c7\u00c3O: UBIRAT\u00c3 ONLINE - F\u00c1BIO AUGUSTO CELESTINO\" \/>\n\t<meta name=\"twitter:label2\" content=\"Est. reading time\" \/>\n\t<meta name=\"twitter:data2\" content=\"3 minutes\" \/>\n<script type=\"application\/ld+json\" class=\"yoast-schema-graph\">{\"@context\":\"https:\\\/\\\/schema.org\",\"@graph\":[{\"@type\":\"NewsArticle\",\"@id\":\"https:\\\/\\\/ubirataonline.com.br\\\/lindsey-vonn-seen-in-wheelchair-in-airport-after-olympic-crash\\\/#article\",\"isPartOf\":{\"@id\":\"https:\\\/\\\/ubirataonline.com.br\\\/lindsey-vonn-seen-in-wheelchair-in-airport-after-olympic-crash\\\/\"},\"author\":{\"name\":\"REDA\u00c7\u00c3O: UBIRAT\u00c3 ONLINE - F\u00c1BIO AUGUSTO CELESTINO\",\"@id\":\"https:\\\/\\\/ubirataonline.com.br\\\/#\\\/schema\\\/person\\\/372f87bbd3fdd79b8556b84c98d0bc1c\"},\"headline\":\"Lindsey Vonn seen in wheelchair in airport after Olympic crash\",\"datePublished\":\"2026-04-30T12:38:14+00:00\",\"dateModified\":\"2026-04-30T12:38:19+00:00\",\"mainEntityOfPage\":{\"@id\":\"https:\\\/\\\/ubirataonline.com.br\\\/lindsey-vonn-seen-in-wheelchair-in-airport-after-olympic-crash\\\/\"},\"wordCount\":558,\"publisher\":{\"@id\":\"https:\\\/\\\/ubirataonline.com.br\\\/#organization\"},\"image\":{\"@id\":\"https:\\\/\\\/ubirataonline.com.br\\\/lindsey-vonn-seen-in-wheelchair-in-airport-after-olympic-crash\\\/#primaryimage\"},\"thumbnailUrl\":\"https:\\\/\\\/ubirataonline.com.br\\\/wp-content\\\/uploads\\\/2026\\\/04\\\/Lindsey-Vonn-seen-in-wheelchair-in-airport-after-Olympic-crash.jpg\",\"keywords\":[\"Airport\",\"Crash\",\"Lindsey\",\"Olympic\",\"Vonn\",\"wheelchair\"],\"articleSection\":[\"Ubirat\u00e3\"],\"inLanguage\":\"en-US\",\"copyrightYear\":\"2026\",\"copyrightHolder\":{\"@id\":\"https:\\\/\\\/ubirataonline.com.br\\\/en\\\/#organization\"}},{\"@type\":\"WebPage\",\"@id\":\"https:\\\/\\\/ubirataonline.com.br\\\/lindsey-vonn-seen-in-wheelchair-in-airport-after-olympic-crash\\\/\",\"url\":\"https:\\\/\\\/ubirataonline.com.br\\\/lindsey-vonn-seen-in-wheelchair-in-airport-after-olympic-crash\\\/\",\"name\":\"Lindsey Vonn seen in wheelchair in airport after Olympic crash - Ubirat\u00e3 Online Not\u00edcias - A realidade ao seu alcance!\",\"isPartOf\":{\"@id\":\"https:\\\/\\\/ubirataonline.com.br\\\/#website\"},\"primaryImageOfPage\":{\"@id\":\"https:\\\/\\\/ubirataonline.com.br\\\/lindsey-vonn-seen-in-wheelchair-in-airport-after-olympic-crash\\\/#primaryimage\"},\"image\":{\"@id\":\"https:\\\/\\\/ubirataonline.com.br\\\/lindsey-vonn-seen-in-wheelchair-in-airport-after-olympic-crash\\\/#primaryimage\"},\"thumbnailUrl\":\"https:\\\/\\\/ubirataonline.com.br\\\/wp-content\\\/uploads\\\/2026\\\/04\\\/Lindsey-Vonn-seen-in-wheelchair-in-airport-after-Olympic-crash.jpg\",\"datePublished\":\"2026-04-30T12:38:14+00:00\",\"dateModified\":\"2026-04-30T12:38:19+00:00\",\"description\":\"American skiing superstar Lindsey Vonn was captured being pushed through the Los Angeles airport in a wheelchair over the weekend as she continued on her\",\"breadcrumb\":{\"@id\":\"https:\\\/\\\/ubirataonline.com.br\\\/lindsey-vonn-seen-in-wheelchair-in-airport-after-olympic-crash\\\/#breadcrumb\"},\"inLanguage\":\"en-US\",\"potentialAction\":[{\"@type\":\"ReadAction\",\"target\":[\"https:\\\/\\\/ubirataonline.com.br\\\/lindsey-vonn-seen-in-wheelchair-in-airport-after-olympic-crash\\\/\"]}]},{\"@type\":\"ImageObject\",\"inLanguage\":\"en-US\",\"@id\":\"https:\\\/\\\/ubirataonline.com.br\\\/lindsey-vonn-seen-in-wheelchair-in-airport-after-olympic-crash\\\/#primaryimage\",\"url\":\"https:\\\/\\\/ubirataonline.com.br\\\/wp-content\\\/uploads\\\/2026\\\/04\\\/Lindsey-Vonn-seen-in-wheelchair-in-airport-after-Olympic-crash.jpg\",\"contentUrl\":\"https:\\\/\\\/ubirataonline.com.br\\\/wp-content\\\/uploads\\\/2026\\\/04\\\/Lindsey-Vonn-seen-in-wheelchair-in-airport-after-Olympic-crash.jpg\",\"width\":1200,\"height\":799,\"caption\":\"Lindsey Vonn was spotted being assisted through the airport in a wheelchair with crutches in hand, after suffering an injury following her heroic Olympic efforts. KONY \\\/ BACKGRID\"},{\"@type\":\"BreadcrumbList\",\"@id\":\"https:\\\/\\\/ubirataonline.com.br\\\/lindsey-vonn-seen-in-wheelchair-in-airport-after-olympic-crash\\\/#breadcrumb\",\"itemListElement\":[{\"@type\":\"ListItem\",\"position\":1,\"name\":\"In\u00edcio\",\"item\":\"https:\\\/\\\/ubirataonline.com.br\\\/\"},{\"@type\":\"ListItem\",\"position\":2,\"name\":\"Lindsey Vonn seen in wheelchair in airport after Olympic crash\"}]},{\"@type\":\"WebSite\",\"@id\":\"https:\\\/\\\/ubirataonline.com.br\\\/#website\",\"url\":\"https:\\\/\\\/ubirataonline.com.br\\\/\",\"name\":\"Ubirat\u00e3 Online Not\u00edcias\",\"description\":\"Not\u00edcias de Ubirat\u00e3, regi\u00e3o, Brasil e mundo, com informa\u00e7\u00e3o atualizada e compromisso com o leitor.\",\"publisher\":{\"@id\":\"https:\\\/\\\/ubirataonline.com.br\\\/#organization\"},\"alternateName\":\"Ubirat\u00e3 Online\",\"potentialAction\":[{\"@type\":\"SearchAction\",\"target\":{\"@type\":\"EntryPoint\",\"urlTemplate\":\"https:\\\/\\\/ubirataonline.com.br\\\/?s={search_term_string}\"},\"query-input\":{\"@type\":\"PropertyValueSpecification\",\"valueRequired\":true,\"valueName\":\"search_term_string\"}}],\"inLanguage\":\"en-US\"},{\"@type\":[\"Organization\",\"Place\"],\"@id\":\"https:\\\/\\\/ubirataonline.com.br\\\/#organization\",\"name\":\"Ubirat\u00e3 Online Not\u00edcias\",\"alternateName\":\"Ubirat\u00e3 Online\",\"url\":\"https:\\\/\\\/ubirataonline.com.br\\\/\",\"logo\":{\"@id\":\"https:\\\/\\\/ubirataonline.com.br\\\/lindsey-vonn-seen-in-wheelchair-in-airport-after-olympic-crash\\\/#local-main-organization-logo\"},\"image\":{\"@id\":\"https:\\\/\\\/ubirataonline.com.br\\\/lindsey-vonn-seen-in-wheelchair-in-airport-after-olympic-crash\\\/#local-main-organization-logo\"},\"sameAs\":[\"https:\\\/\\\/www.facebook.com\\\/portalubirataonline\",\"https:\\\/\\\/x.com\\\/ubirataonline\",\"https:\\\/\\\/mastodon.social\\\/@ubirataonline\",\"https:\\\/\\\/www.facebook.com\\\/groups\\\/311144672285604\",\"https:\\\/\\\/www.facebook.com\\\/UBTAOnline\",\"https:\\\/\\\/www.instagram.com\\\/portalubirataonline\\\/\",\"https:\\\/\\\/twitter.com\\\/ubirataonline\"],\"description\":\"Somos um portal de not\u00edcias independente, criado em 5 de janeiro de 2009, com o objetivo de informar, conectar e valorizar a nossa comunidade de Ubirat\u00e3 e toda aregi\u00e3o. Com conte\u00fado atualizado, confi\u00e1vel e relevante, o Ubirat\u00e3 Online \u00e9 o seu espa\u00e7o para ficar por dentro dos principais acontecimentos locais, regionais, Brasil, Mundo e de interesse geral. Nosso compromisso \u00e9 com a verdade, a transpar\u00eancia e o respeito ao leitor.\",\"legalName\":\"UBIRATA ONLINE NOT\u00cdCIAS\",\"foundingDate\":\"2009-01-05\",\"numberOfEmployees\":{\"@type\":\"QuantitativeValue\",\"minValue\":\"1\",\"maxValue\":\"10\"},\"publishingPrinciples\":\"https:\\\/\\\/ubirataonline.com.br\\\/faq\\\/\",\"address\":{\"@id\":\"https:\\\/\\\/ubirataonline.com.br\\\/lindsey-vonn-seen-in-wheelchair-in-airport-after-olympic-crash\\\/#local-main-place-address\"},\"geo\":{\"@type\":\"GeoCoordinates\",\"latitude\":\"-24.5361401\",\"longitude\":\"-52.9921776\"},\"telephone\":[\"+5544998308235\"],\"contactPoint\":{\"@type\":\"ContactPoint\",\"email\":\"contato@ubirataonline.com.br\"},\"openingHoursSpecification\":{\"@type\":\"OpeningHoursSpecification\",\"dayOfWeek\":[\"Monday\",\"Tuesday\",\"Wednesday\",\"Thursday\",\"Friday\",\"Saturday\",\"Sunday\"],\"opens\":\"00:00\",\"closes\":\"23:59\"},\"email\":\"contato@ubirataonline.com.br\",\"vatID\":\"47.621.418\\\/0001-80\"},{\"@type\":\"Person\",\"@id\":\"https:\\\/\\\/ubirataonline.com.br\\\/#\\\/schema\\\/person\\\/372f87bbd3fdd79b8556b84c98d0bc1c\",\"name\":\"REDA\u00c7\u00c3O: UBIRAT\u00c3 ONLINE - F\u00c1BIO AUGUSTO CELESTINO\",\"pronouns\":\"Ele\",\"description\":\"Desde 2003 trabalhando com not\u00edcias.\",\"sameAs\":[\"http:\\\/\\\/ubirataoline.com.br\",\"https:\\\/\\\/www.facebook.com\\\/portalubirataonline\",\"https:\\\/\\\/www.instagram.com\\\/ubirataonline_oficial\",\"https:\\\/\\\/x.com\\\/x.com\\\/ubirataonline\"],\"honorificPrefix\":\"Mr.\",\"honorificSuffix\":\"MD\",\"birthDate\":\"1980-06-16\",\"gender\":\"masculino\",\"award\":[\"V\u00e1rios pr\u00eamios de melhor portal da cidade\"],\"jobTitle\":\"Diretor\",\"url\":\"https:\\\/\\\/ubirataonline.com.br\\\/en\\\/author\\\/ubirataonline\\\/\"},{\"@type\":\"PostalAddress\",\"@id\":\"https:\\\/\\\/ubirataonline.com.br\\\/lindsey-vonn-seen-in-wheelchair-in-airport-after-olympic-crash\\\/#local-main-place-address\",\"streetAddress\":\"Rua dos Coqueiros, 104 - Bairro Boa Vista, Rua dos Coqueiros, 104 Bairro Boa Vista\",\"addressLocality\":\"UBIRATA\",\"postalCode\":\"85440-000\",\"addressRegion\":\"PR\",\"addressCountry\":\"BR\"},{\"@type\":\"ImageObject\",\"inLanguage\":\"en-US\",\"@id\":\"https:\\\/\\\/ubirataonline.com.br\\\/lindsey-vonn-seen-in-wheelchair-in-airport-after-olympic-crash\\\/#local-main-organization-logo\",\"url\":\"https:\\\/\\\/ubirataonline.com.br\\\/wp-content\\\/uploads\\\/2026\\\/06\\\/logoubirataonline-1.webp\",\"contentUrl\":\"https:\\\/\\\/ubirataonline.com.br\\\/wp-content\\\/uploads\\\/2026\\\/06\\\/logoubirataonline-1.webp\",\"width\":500,\"height\":500,\"caption\":\"Ubirat\u00e3 Online Not\u00edcias\"}]}<\/script>\n<meta name=\"geo.placename\" content=\"UBIRATA\" \/>\n<meta name=\"geo.position\" content=\"-24.5361401;-52.9921776\" \/>\n<meta name=\"geo.region\" content=\"Brazil\" \/>\n<!-- \/ Yoast SEO Premium plugin. -->","yoast_head_json":{"title":"Lindsey Vonn seen in wheelchair in airport after Olympic crash - Ubirat\u00e3 Online Not\u00edcias - A realidade ao seu alcance!","description":"American skiing superstar Lindsey Vonn was captured being pushed through the Los Angeles airport in a wheelchair over the weekend as she continued on her","robots":{"index":"index","follow":"follow","max-snippet":"max-snippet:-1","max-image-preview":"max-image-preview:large","max-video-preview":"max-video-preview:-1"},"canonical":"https:\/\/ubirataonline.com.br\/en\/lindsey-vonn-seen-in-wheelchair-in-airport-after-olympic-crash\/","og_locale":"en_US","og_type":"article","og_title":"Lindsey Vonn seen in wheelchair in airport after Olympic crash","og_description":"American skiing superstar Lindsey Vonn was captured being pushed through the Los Angeles airport in a wheelchair over the weekend as she continued on her","og_url":"https:\/\/ubirataonline.com.br\/en\/lindsey-vonn-seen-in-wheelchair-in-airport-after-olympic-crash\/","og_site_name":"Ubirat\u00e3 Online Not\u00edcias - A realidade ao seu alcance!","article_publisher":"https:\/\/www.facebook.com\/portalubirataonline","article_author":"https:\/\/www.facebook.com\/portalubirataonline","article_published_time":"2026-04-30T12:38:14+00:00","article_modified_time":"2026-04-30T12:38:19+00:00","og_image":[{"width":1200,"height":799,"url":"https:\/\/ubirataonline.com.br\/wp-content\/uploads\/2026\/04\/Lindsey-Vonn-seen-in-wheelchair-in-airport-after-Olympic-crash.jpg","type":"image\/jpeg"}],"author":"REDA\u00c7\u00c3O: UBIRAT\u00c3 ONLINE - F\u00c1BIO AUGUSTO CELESTINO","twitter_card":"summary_large_image","twitter_creator":"@x.com\/ubirataonline","twitter_site":"@ubirataonline","twitter_misc":{"Written by":"REDA\u00c7\u00c3O: UBIRAT\u00c3 ONLINE - F\u00c1BIO AUGUSTO CELESTINO","Est. reading time":"3 minutes"},"schema":{"@context":"https:\/\/schema.org","@graph":[{"@type":"NewsArticle","@id":"https:\/\/ubirataonline.com.br\/lindsey-vonn-seen-in-wheelchair-in-airport-after-olympic-crash\/#article","isPartOf":{"@id":"https:\/\/ubirataonline.com.br\/lindsey-vonn-seen-in-wheelchair-in-airport-after-olympic-crash\/"},"author":{"name":"REDA\u00c7\u00c3O: UBIRAT\u00c3 ONLINE - F\u00c1BIO AUGUSTO CELESTINO","@id":"https:\/\/ubirataonline.com.br\/#\/schema\/person\/372f87bbd3fdd79b8556b84c98d0bc1c"},"headline":"Lindsey Vonn seen in wheelchair in airport after Olympic crash","datePublished":"2026-04-30T12:38:14+00:00","dateModified":"2026-04-30T12:38:19+00:00","mainEntityOfPage":{"@id":"https:\/\/ubirataonline.com.br\/lindsey-vonn-seen-in-wheelchair-in-airport-after-olympic-crash\/"},"wordCount":558,"publisher":{"@id":"https:\/\/ubirataonline.com.br\/#organization"},"image":{"@id":"https:\/\/ubirataonline.com.br\/lindsey-vonn-seen-in-wheelchair-in-airport-after-olympic-crash\/#primaryimage"},"thumbnailUrl":"https:\/\/ubirataonline.com.br\/wp-content\/uploads\/2026\/04\/Lindsey-Vonn-seen-in-wheelchair-in-airport-after-Olympic-crash.jpg","keywords":["Airport","Crash","Lindsey","Olympic","Vonn","wheelchair"],"articleSection":["Ubirat\u00e3"],"inLanguage":"en-US","copyrightYear":"2026","copyrightHolder":{"@id":"https:\/\/ubirataonline.com.br\/en\/#organization"}},{"@type":"WebPage","@id":"https:\/\/ubirataonline.com.br\/lindsey-vonn-seen-in-wheelchair-in-airport-after-olympic-crash\/","url":"https:\/\/ubirataonline.com.br\/lindsey-vonn-seen-in-wheelchair-in-airport-after-olympic-crash\/","name":"Lindsey Vonn seen in wheelchair in airport after Olympic crash - Ubirat\u00e3 Online Not\u00edcias - A realidade ao seu alcance!","isPartOf":{"@id":"https:\/\/ubirataonline.com.br\/#website"},"primaryImageOfPage":{"@id":"https:\/\/ubirataonline.com.br\/lindsey-vonn-seen-in-wheelchair-in-airport-after-olympic-crash\/#primaryimage"},"image":{"@id":"https:\/\/ubirataonline.com.br\/lindsey-vonn-seen-in-wheelchair-in-airport-after-olympic-crash\/#primaryimage"},"thumbnailUrl":"https:\/\/ubirataonline.com.br\/wp-content\/uploads\/2026\/04\/Lindsey-Vonn-seen-in-wheelchair-in-airport-after-Olympic-crash.jpg","datePublished":"2026-04-30T12:38:14+00:00","dateModified":"2026-04-30T12:38:19+00:00","description":"American skiing superstar Lindsey Vonn was captured being pushed through the Los Angeles airport in a wheelchair over the weekend as she continued on her","breadcrumb":{"@id":"https:\/\/ubirataonline.com.br\/lindsey-vonn-seen-in-wheelchair-in-airport-after-olympic-crash\/#breadcrumb"},"inLanguage":"en-US","potentialAction":[{"@type":"ReadAction","target":["https:\/\/ubirataonline.com.br\/lindsey-vonn-seen-in-wheelchair-in-airport-after-olympic-crash\/"]}]},{"@type":"ImageObject","inLanguage":"en-US","@id":"https:\/\/ubirataonline.com.br\/lindsey-vonn-seen-in-wheelchair-in-airport-after-olympic-crash\/#primaryimage","url":"https:\/\/ubirataonline.com.br\/wp-content\/uploads\/2026\/04\/Lindsey-Vonn-seen-in-wheelchair-in-airport-after-Olympic-crash.jpg","contentUrl":"https:\/\/ubirataonline.com.br\/wp-content\/uploads\/2026\/04\/Lindsey-Vonn-seen-in-wheelchair-in-airport-after-Olympic-crash.jpg","width":1200,"height":799,"caption":"Lindsey Vonn was spotted being assisted through the airport in a wheelchair with crutches in hand, after suffering an injury following her heroic Olympic efforts. KONY \/ BACKGRID"},{"@type":"BreadcrumbList","@id":"https:\/\/ubirataonline.com.br\/lindsey-vonn-seen-in-wheelchair-in-airport-after-olympic-crash\/#breadcrumb","itemListElement":[{"@type":"ListItem","position":1,"name":"In\u00edcio","item":"https:\/\/ubirataonline.com.br\/"},{"@type":"ListItem","position":2,"name":"Lindsey Vonn seen in wheelchair in airport after Olympic crash"}]},{"@type":"WebSite","@id":"https:\/\/ubirataonline.com.br\/#website","url":"https:\/\/ubirataonline.com.br\/","name":"Ubirat\u00e3 Online Not\u00edcias","description":"Not\u00edcias de Ubirat\u00e3, regi\u00e3o, Brasil e mundo, com informa\u00e7\u00e3o atualizada e compromisso com o leitor.","publisher":{"@id":"https:\/\/ubirataonline.com.br\/#organization"},"alternateName":"Ubirat\u00e3 Online","potentialAction":[{"@type":"SearchAction","target":{"@type":"EntryPoint","urlTemplate":"https:\/\/ubirataonline.com.br\/?s={search_term_string}"},"query-input":{"@type":"PropertyValueSpecification","valueRequired":true,"valueName":"search_term_string"}}],"inLanguage":"en-US"},{"@type":["Organization","Place"],"@id":"https:\/\/ubirataonline.com.br\/#organization","name":"Ubirat\u00e3 Online Not\u00edcias","alternateName":"Ubirat\u00e3 Online","url":"https:\/\/ubirataonline.com.br\/","logo":{"@id":"https:\/\/ubirataonline.com.br\/lindsey-vonn-seen-in-wheelchair-in-airport-after-olympic-crash\/#local-main-organization-logo"},"image":{"@id":"https:\/\/ubirataonline.com.br\/lindsey-vonn-seen-in-wheelchair-in-airport-after-olympic-crash\/#local-main-organization-logo"},"sameAs":["https:\/\/www.facebook.com\/portalubirataonline","https:\/\/x.com\/ubirataonline","https:\/\/mastodon.social\/@ubirataonline","https:\/\/www.facebook.com\/groups\/311144672285604","https:\/\/www.facebook.com\/UBTAOnline","https:\/\/www.instagram.com\/portalubirataonline\/","https:\/\/twitter.com\/ubirataonline"],"description":"Somos um portal de not\u00edcias independente, criado em 5 de janeiro de 2009, com o objetivo de informar, conectar e valorizar a nossa comunidade de Ubirat\u00e3 e toda aregi\u00e3o. Com conte\u00fado atualizado, confi\u00e1vel e relevante, o Ubirat\u00e3 Online \u00e9 o seu espa\u00e7o para ficar por dentro dos principais acontecimentos locais, regionais, Brasil, Mundo e de interesse geral. Nosso compromisso \u00e9 com a verdade, a transpar\u00eancia e o respeito ao leitor.","legalName":"UBIRATA ONLINE NOT\u00cdCIAS","foundingDate":"2009-01-05","numberOfEmployees":{"@type":"QuantitativeValue","minValue":"1","maxValue":"10"},"publishingPrinciples":"https:\/\/ubirataonline.com.br\/faq\/","address":{"@id":"https:\/\/ubirataonline.com.br\/lindsey-vonn-seen-in-wheelchair-in-airport-after-olympic-crash\/#local-main-place-address"},"geo":{"@type":"GeoCoordinates","latitude":"-24.5361401","longitude":"-52.9921776"},"telephone":["+5544998308235"],"contactPoint":{"@type":"ContactPoint","email":"contato@ubirataonline.com.br"},"openingHoursSpecification":{"@type":"OpeningHoursSpecification","dayOfWeek":["Monday","Tuesday","Wednesday","Thursday","Friday","Saturday","Sunday"],"opens":"00:00","closes":"23:59"},"email":"contato@ubirataonline.com.br","vatID":"47.621.418\/0001-80"},{"@type":"Person","@id":"https:\/\/ubirataonline.com.br\/#\/schema\/person\/372f87bbd3fdd79b8556b84c98d0bc1c","name":"REDA\u00c7\u00c3O: UBIRAT\u00c3 ONLINE - F\u00c1BIO AUGUSTO CELESTINO","pronouns":"Ele","description":"Desde 2003 trabalhando com not\u00edcias.","sameAs":["http:\/\/ubirataoline.com.br","https:\/\/www.facebook.com\/portalubirataonline","https:\/\/www.instagram.com\/ubirataonline_oficial","https:\/\/x.com\/x.com\/ubirataonline"],"honorificPrefix":"Mr.","honorificSuffix":"MD","birthDate":"1980-06-16","gender":"masculino","award":["V\u00e1rios pr\u00eamios de melhor portal da cidade"],"jobTitle":"Diretor","url":"https:\/\/ubirataonline.com.br\/en\/author\/ubirataonline\/"},{"@type":"PostalAddress","@id":"https:\/\/ubirataonline.com.br\/lindsey-vonn-seen-in-wheelchair-in-airport-after-olympic-crash\/#local-main-place-address","streetAddress":"Rua dos Coqueiros, 104 - Bairro Boa Vista, Rua dos Coqueiros, 104 Bairro Boa Vista","addressLocality":"UBIRATA","postalCode":"85440-000","addressRegion":"PR","addressCountry":"BR"},{"@type":"ImageObject","inLanguage":"en-US","@id":"https:\/\/ubirataonline.com.br\/lindsey-vonn-seen-in-wheelchair-in-airport-after-olympic-crash\/#local-main-organization-logo","url":"https:\/\/ubirataonline.com.br\/wp-content\/uploads\/2026\/06\/logoubirataonline-1.webp","contentUrl":"https:\/\/ubirataonline.com.br\/wp-content\/uploads\/2026\/06\/logoubirataonline-1.webp","width":500,"height":500,"caption":"Ubirat\u00e3 Online Not\u00edcias"}]},"geo.placename":"UBIRATA","geo.position":{"lat":"-24.5361401","long":"-52.9921776"},"geo.region":"Brazil"},"_links":{"self":[{"href":"https:\/\/ubirataonline.com.br\/en\/wp-json\/wp\/v2\/posts\/119465","targetHints":{"allow":["GET"]}}],"collection":[{"href":"https:\/\/ubirataonline.com.br\/en\/wp-json\/wp\/v2\/posts"}],"about":[{"href":"https:\/\/ubirataonline.com.br\/en\/wp-json\/wp\/v2\/types\/post"}],"author":[{"embeddable":true,"href":"https:\/\/ubirataonline.com.br\/en\/wp-json\/wp\/v2\/users\/1"}],"replies":[{"embeddable":true,"href":"https:\/\/ubirataonline.com.br\/en\/wp-json\/wp\/v2\/comments?post=119465"}],"version-history":[{"count":0,"href":"https:\/\/ubirataonline.com.br\/en\/wp-json\/wp\/v2\/posts\/119465\/revisions"}],"wp:featuredmedia":[{"embeddable":true,"href":"https:\/\/ubirataonline.com.br\/en\/wp-json\/wp\/v2\/media\/119466"}],"wp:attachment":[{"href":"https:\/\/ubirataonline.com.br\/en\/wp-json\/wp\/v2\/media?parent=119465"}],"wp:term":[{"taxonomy":"category","embeddable":true,"href":"https:\/\/ubirataonline.com.br\/en\/wp-json\/wp\/v2\/categories?post=119465"},{"taxonomy":"post_tag","embeddable":true,"href":"https:\/\/ubirataonline.com.br\/en\/wp-json\/wp\/v2\/tags?post=119465"}],"curies":[{"name":"wp","href":"https:\/\/api.w.org\/{rel}","templated":true}]}}