{"id":119682,"date":"2026-04-30T15:01:13","date_gmt":"2026-04-30T18:01:13","guid":{"rendered":"https:\/\/ubirataonline.com.br\/quien-es-ruben-rocha-el-gobernador-de-sinaloa-e-historico-aliado-de-amlo-al-que-ee-uu-acusa-de-colaborar-con-los-chapitos\/"},"modified":"2026-04-30T15:01:15","modified_gmt":"2026-04-30T18:01:15","slug":"quien-es-ruben-rocha-el-gobernador-de-sinaloa-e-historico-aliado-de-amlo-al-que-ee-uu-acusa-de-colaborar-con-los-chapitos","status":"publish","type":"post","link":"https:\/\/ubirataonline.com.br\/en\/quien-es-ruben-rocha-el-gobernador-de-sinaloa-e-historico-aliado-de-amlo-al-que-ee-uu-acusa-de-colaborar-con-los-chapitos\/","title":{"rendered":"Qui\u00e9n es Rub\u00e9n Rocha, el gobernador de Sinaloa e hist\u00f3rico aliado de AMLO al que EE.UU. acusa de colaborar con &#8220;Los Chapitos&#8221;"},"content":{"rendered":"<p><\/p>\n<div id=\"\">\n<figure class=\"css-1qn0xuy\">\n<div class=\"css-1avk5os\" style=\"padding-bottom:56.25%\">\n<p class=\"css-by8ykd\" role=\"text\"><span class=\"css-2ozlq5\">Fuente de la imagen, <\/span><span lang=\"en-GB\">CARL DE SOUZA\/AFP via Getty Images<\/span><\/p>\n<\/div><figcaption class=\"css-15f1ujd\" dir=\"ltr\"><span role=\"text\"><span class=\"css-2ozlq5\">Pie de foto, <\/span><span data-testid=\"caption-paragraph\">El gobernador de Sinaloa figuran entre los nueve funcionarios y exfuncionarios mexicanos acusados por EE.UU. de complicidad con el narcotr\u00e1fico.<\/span><\/span><\/figcaption><\/figure>\n<section role=\"region\" aria-labelledby=\"article-byline\" data-testid=\"byline\"><strong id=\"article-byline\" aria-hidden=\"true\" class=\"css-2ozlq5\">Informaci\u00f3n del art\u00edculo<\/strong><\/p>\n<ul class=\"css-1a8g4ww\">\n<li class=\"css-1s1df59\"\/>\n<li>\n<div dir=\"ltr\" class=\"css-1k9op6x e17x9cvu0\"><time datetime=\"2026-04-30\" class=\"css-128bydx expmsel0\">30 abril 2026, 13:17 GMT<\/time><\/p>\n<p><time datetime=\"2026-04-30\" class=\"css-128bydx expmsel0\">Actualizado 3 horas<\/time><\/p>\n<\/div>\n<\/li>\n<li>\n<p><span class=\"css-hsb4jx\">Tiempo de lectura: 6 min<\/span><\/p>\n<\/li>\n<\/ul>\n<\/section>\n<div dir=\"ltr\" class=\"css-1k9op6x e17x9cvu0\">\n<p dir=\"ltr\" class=\"css-s4cjt0 eea635z0\"><b>El narcotr\u00e1fico vuelve a poner a prueba las relaciones entre Estados Unidos y M\u00e9xico.<\/b><\/p>\n<\/div>\n<div dir=\"ltr\" class=\"css-1k9op6x e17x9cvu0\">\n<p dir=\"ltr\" class=\"css-s4cjt0 eea635z0\">La decisi\u00f3n de la Fiscal\u00eda del Distrito Sur de Nueva York de acusar a diez funcionarios y exfuncionarios mexicanos de colusi\u00f3n con el Cartel de Sinaloa \u2014organizaci\u00f3n fundada por Joaqu\u00edn &#8220;El Chapo&#8221; Guzm\u00e1n y su socio Ismael &#8220;El Mayo&#8221; Zambada\u2014 ha desatado una tormenta al sur del r\u00edo Grande, pues refuerza la tesis sostenida por la administraci\u00f3n de Donald Trump de que su vecino &#8220;est\u00e1 controlado por los carteles&#8221;.<\/p>\n<\/div>\n<div dir=\"ltr\" class=\"css-1k9op6x e17x9cvu0\">\n<p dir=\"ltr\" class=\"css-s4cjt0 eea635z0\">Entre los se\u00f1alados por las autoridades estadounidenses figuran miembros destacados del Movimiento de Regeneraci\u00f3n Nacional (Morena), el partido fundado por el expresidente Andr\u00e9s Manuel L\u00f3pez Obrador (AMLO) y al que pertenece la actual mandataria, Claudia Sheinbaum, como el senador Enrique Inzunza C\u00e1zarez y el gobernador de Sinaloa, Rub\u00e9n Rocha Moya.<\/p>\n<\/div>\n<div dir=\"ltr\" class=\"css-1k9op6x e17x9cvu0\">\n<p dir=\"ltr\" class=\"css-s4cjt0 eea635z0\">Sin embargo, la atenci\u00f3n medi\u00e1tica se ha centrado en Rocha. \u00bfLa raz\u00f3n? Su cercan\u00eda con AMLO y las sospechas que desde hace tiempo lo vinculan con capos de la droga.<\/p>\n<\/div>\n<div dir=\"ltr\" class=\"css-1k9op6x e17x9cvu0\">\n<p dir=\"ltr\" class=\"css-s4cjt0 eea635z0\">El gobernador ha rechazado los se\u00f1alamientos en su contra y los ha calificado como una &#8220;calumnia&#8221; carente de &#8220;veracidad y fundamento alguno&#8221;.<\/p>\n<\/div>\n<section aria-label=\"Publicidad 2\" aria-hidden=\"true\" role=\"region\" data-e2e=\"advertisement\" class=\"css-1s6hekm\"\/>\n<div dir=\"ltr\" class=\"css-1k9op6x e17x9cvu0\">\n<p dir=\"ltr\" class=\"css-s4cjt0 eea635z0\">De acuerdo con los fiscales estadounidenses, Rocha habr\u00eda recibido del Cartel de Sinaloa apoyo para ser electo, el cual habr\u00eda incluido actos de presi\u00f3n contra sus adversarios. Esto, a cambio de que una vez en el cargo permitiera al grupo operar sin intervenci\u00f3n de las autoridades estatales.<\/p>\n<\/div>\n<div dir=\"ltr\" class=\"css-1k9op6x e17x9cvu0\">\n<p dir=\"ltr\" class=\"css-s4cjt0 eea635z0\">En su rueda de prensa diaria conocida como &#8220;La ma\u00f1anera&#8221;, la presidenta Sheinbaum se\u00f1al\u00f3 este jueves que &#8220;nosotros no vamos a cubrir a nadie que haya cometido un delito. Sin embargo, si no existen pruebas claras, es evidente que el objetivo de estas imputaciones por parte del Departamento de Justicia (de EE.UU.) es pol\u00edtico&#8221;.<\/p>\n<\/div>\n<div dir=\"ltr\" class=\"css-1k9op6x e17x9cvu0\">\n<p dir=\"ltr\" class=\"css-s4cjt0 eea635z0\">Shinbaum hizo hincapi\u00e9 en la defensa de la soberan\u00eda de M\u00e9xico, se\u00f1alando que era la primera vez que ocurr\u00eda algo as\u00ed: &#8220;Debe quedar sumamente claro: bajo ning\u00fan motivo vamos a permitir la intromisi\u00f3n o injerencia de un gobierno extranjero en las decisiones que le competen exclusivamente al pueblo de M\u00e9xico&#8221;.<\/p>\n<\/div>\n<section data-e2e=\"recommendations-heading\" role=\"region\" aria-labelledby=\"recommendations-heading\" class=\"css-1o3v5ug\"\/>\n<p><h2 tabindex=\"-1\" id=\"Sindicalista-acad\u00e9mico-y-pol\u00edtico\" class=\"css-jtxtr9 emoh99e1\">Sindicalista, acad\u00e9mico y pol\u00edtico<\/h2>\n<\/p>\n<div dir=\"ltr\" class=\"css-1k9op6x e17x9cvu0\">\n<p dir=\"ltr\" class=\"css-s4cjt0 eea635z0\">&#8220;Rocha es un cuadro hist\u00f3rico de la izquierda mexicana&#8221;. As\u00ed describi\u00f3 el medio mexicano &#8220;Milenio&#8221; al gobernador, quien naci\u00f3 el 15 de junio de 1949 en el municipio de Badiraguato (Sinaloa), la misma zona donde, a\u00f1os despu\u00e9s, en 1957, naci\u00f3 &#8220;El Chapo&#8221; Guzm\u00e1n. Esta coincidencia ha alimentado las sospechas sobre sus presuntos nexos con el narcotr\u00e1fico.<\/p>\n<\/div>\n<div dir=\"ltr\" class=\"css-1k9op6x e17x9cvu0\">\n<p dir=\"ltr\" class=\"css-s4cjt0 eea635z0\">El pol\u00edtico inici\u00f3 su carrera p\u00fablica desde muy joven. En 1968, con apenas 20 a\u00f1os fue electo como secretario de la Federaci\u00f3n de Estudiantes Campesinos Socialistas de M\u00e9xico; y para principios de la d\u00e9cada de 1980 lideraba el Sindicato \u00danico de Trabajadores de la Universidad Aut\u00f3noma de Sinaloa, donde complet\u00f3 su formaci\u00f3n.<\/p>\n<\/div>\n<figure class=\"css-1qn0xuy\">\n<div class=\"css-1avk5os\" style=\"padding-bottom:56.16%\"><img decoding=\"async\" srcset=\"https:\/\/ichef.bbci.co.uk\/ace\/ws\/240\/cpsprodpb\/57e1\/live\/379093b0-448f-11f1-98b6-dfa1f5691177.jpg.webp 240w, https:\/\/ichef.bbci.co.uk\/ace\/ws\/320\/cpsprodpb\/57e1\/live\/379093b0-448f-11f1-98b6-dfa1f5691177.jpg.webp 320w, https:\/\/ichef.bbci.co.uk\/ace\/ws\/480\/cpsprodpb\/57e1\/live\/379093b0-448f-11f1-98b6-dfa1f5691177.jpg.webp 480w, https:\/\/ichef.bbci.co.uk\/ace\/ws\/624\/cpsprodpb\/57e1\/live\/379093b0-448f-11f1-98b6-dfa1f5691177.jpg.webp 624w, https:\/\/ichef.bbci.co.uk\/ace\/ws\/800\/cpsprodpb\/57e1\/live\/379093b0-448f-11f1-98b6-dfa1f5691177.jpg.webp 800w\" sizes=\"auto, (min-width: 1008px) 760px, 100vw\" alt=\"La presidenta de M\u00e9xico coloca su brazo sobre el gobernador Rocha Moya, mientras que AMLO aplaude.\" loading=\"lazy\" width=\"869\" height=\"488\" src=\"aspect-ratio:869 \/ 488\" class=\"css-1seqhu9\"\/><\/p>\n<p class=\"css-by8ykd\" role=\"text\"><span class=\"css-2ozlq5\">Fuente de la imagen, <\/span><span lang=\"en-GB\">RASHIDE FRIAS\/AFP via Getty Images<\/span><\/p>\n<\/div><figcaption class=\"css-15f1ujd\" dir=\"ltr\"><span role=\"text\"><span class=\"css-2ozlq5\">Pie de foto, <\/span><span data-testid=\"caption-paragraph\">Rocha Moya es un veterano dirigente de izquierda y desde finales de la d\u00e9cada de 1990 es cercano al expresidente L\u00f3pez Obrador.<\/span><\/span><\/figcaption><\/figure>\n<div dir=\"ltr\" class=\"css-1k9op6x e17x9cvu0\">\n<p dir=\"ltr\" class=\"css-s4cjt0 eea635z0\">Compagin\u00f3 su carrera como educador y sindicalista con su primer intento por ser elegido como gobernador en 1986, donde fue abanderado por una alianza izquierdista integrada por el Partido Socialista Unificado de M\u00e9xico (PSUM), el Partido Mexicano de los Trabajadores (PMT), el Partido Revolucionario de los Trabajadores (PRT) y Corriente Socialista. No obstante, no consigui\u00f3 m\u00e1s del 2% de los votos.<\/p>\n<\/div>\n<div dir=\"ltr\" class=\"css-1k9op6x e17x9cvu0\">\n<p dir=\"ltr\" class=\"css-s4cjt0 eea635z0\">Tras su primer fracaso en la pol\u00edtica regional, Rocha se enfoc\u00f3 en el \u00e1mbito universitario. Entre 1989 y 1992 fue secretario general de la Universidad Aut\u00f3noma de Sinaloa (UAS), de la que lleg\u00f3 a ser rector de 1993 a 1997.<\/p>\n<\/div>\n<div dir=\"ltr\" class=\"css-1k9op6x e17x9cvu0\">\n<p dir=\"ltr\" class=\"css-s4cjt0 eea635z0\">En 1998, volvi\u00f3 a la pol\u00edtica cuando AMLO lo invit\u00f3 a ser abanderado del Partido de la Revoluci\u00f3n Democr\u00e1tica (PRD) a la gobernaci\u00f3n del estado, pero qued\u00f3 tercero en los escrutinios.<\/p>\n<\/div>\n<div dir=\"ltr\" class=\"css-1k9op6x e17x9cvu0\">\n<p dir=\"ltr\" class=\"css-s4cjt0 eea635z0\">Pese a su cercan\u00eda con la izquierda colabor\u00f3 como asesor en las administraciones de los gobernadores Jes\u00fas Alberto Aguilar Padilla (2005-2010) y de Quirino Ordaz Coppel (2017-2021), ambos del Partido Revolucionario Institucional (PRI).<\/p>\n<\/div>\n<div dir=\"ltr\" class=\"css-1k9op6x e17x9cvu0\">\n<p dir=\"ltr\" class=\"css-s4cjt0 eea635z0\">En 2013, mucho antes de estos esc\u00e1ndalos que ahora lo persiguen, Rocha public\u00f3 una novela titulada &#8220;El disimulo: as\u00ed naci\u00f3 el narco&#8221;, que relata la historia de c\u00f3mo surgi\u00f3 el crimen organizado en Sinaloa, record\u00f3 el diario estadounidense <i class=\"css-6whwaq ezrtjzf0\">The New York Times<\/i>.<\/p>\n<\/div>\n<div dir=\"ltr\" class=\"css-1k9op6x e17x9cvu0\">\n<p dir=\"ltr\" class=\"css-s4cjt0 eea635z0\">En 2017, se integr\u00f3 en Morena y en 2018 result\u00f3 electo senador.<\/p>\n<\/div>\n<figure class=\"css-1qn0xuy\">\n<div class=\"css-1avk5os\" style=\"padding-bottom:56.13%\"><img decoding=\"async\" srcset=\"https:\/\/ichef.bbci.co.uk\/ace\/ws\/240\/cpsprodpb\/16cb\/live\/09eecb60-4490-11f1-bd52-e755d604ece4.png.webp 240w, https:\/\/ichef.bbci.co.uk\/ace\/ws\/320\/cpsprodpb\/16cb\/live\/09eecb60-4490-11f1-bd52-e755d604ece4.png.webp 320w, https:\/\/ichef.bbci.co.uk\/ace\/ws\/480\/cpsprodpb\/16cb\/live\/09eecb60-4490-11f1-bd52-e755d604ece4.png.webp 480w, https:\/\/ichef.bbci.co.uk\/ace\/ws\/624\/cpsprodpb\/16cb\/live\/09eecb60-4490-11f1-bd52-e755d604ece4.png.webp 624w, https:\/\/ichef.bbci.co.uk\/ace\/ws\/800\/cpsprodpb\/16cb\/live\/09eecb60-4490-11f1-bd52-e755d604ece4.png.webp 800w\" sizes=\"auto, (min-width: 1008px) 760px, 100vw\" alt=\"Retrato de &quot;El Mayo&quot; Zambada.\" loading=\"lazy\" width=\"800\" height=\"449\" src=\"aspect-ratio:800 \/ 449\" class=\"css-1seqhu9\"\/><\/p>\n<p class=\"css-by8ykd\" role=\"text\"><span class=\"css-2ozlq5\">Fuente de la imagen, <\/span><span lang=\"en-GB\">EPA<\/span><\/p>\n<\/div><figcaption class=\"css-15f1ujd\" dir=\"ltr\"><span role=\"text\"><span class=\"css-2ozlq5\">Pie de foto, <\/span><span data-testid=\"caption-paragraph\">&#8220;El Mayo&#8221; Zambada asegur\u00f3 que el d\u00eda de su detenci\u00f3n se iba a reunir con el gobernador Rocha, unas afirmaciones que el mandatario ha negado.<\/span><\/span><\/figcaption><\/figure>\n<p><h2 tabindex=\"-1\" id=\"Entre-sospechas-y-pol\u00e9micas\" class=\"css-jtxtr9 emoh99e1\">Entre sospechas y pol\u00e9micas<\/h2>\n<\/p>\n<div dir=\"ltr\" class=\"css-1k9op6x e17x9cvu0\">\n<p dir=\"ltr\" class=\"css-s4cjt0 eea635z0\">En 2021, Rocha se postul\u00f3 por tercera vez a la gobernaci\u00f3n de Sinaloa con el respaldo de Morena y consigui\u00f3 ser elegido. Esto, a pesar de que ese mismo a\u00f1o el diario Milenio public\u00f3 informes de inteligencia mexicana en los que se aseguraba que el veterano pol\u00edtico izquierdista ten\u00eda nexos con el cartel de Sinaloa.<\/p>\n<\/div>\n<div dir=\"ltr\" class=\"css-1k9op6x e17x9cvu0\">\n<p dir=\"ltr\" class=\"css-s4cjt0 eea635z0\">Su gesti\u00f3n, sin embargo, ha estado rodeada de pol\u00e9mica, en particular por su manejo del problema de la violencia criminal.<\/p>\n<\/div>\n<div dir=\"ltr\" class=\"css-1k9op6x e17x9cvu0\">\n<p dir=\"ltr\" class=\"css-s4cjt0 eea635z0\">El gobernador ha sido un defensor de la pol\u00e9mica pol\u00edtica de &#8220;abrazos, no balazos&#8221; con la que AMLO quiso lidiar con la delincuencia.<\/p>\n<\/div>\n<div dir=\"ltr\" class=\"css-1k9op6x e17x9cvu0\">\n<p dir=\"ltr\" class=\"css-s4cjt0 eea635z0\">&#8220;La seguridad es un t\u00f3pico preocupante para los gobiernos de M\u00e9xico e, inclusive, del mundo. Nosotros somos seguidores del presidente L\u00f3pez Obrador y nuestra estrategia es la de \u00e9l&#8221;, declar\u00f3 el funcionario al diario brit\u00e1nico <i class=\"css-6whwaq ezrtjzf0\">The Independent<\/i> en 2023.<\/p>\n<\/div>\n<div dir=\"ltr\" class=\"css-1k9op6x e17x9cvu0\">\n<p dir=\"ltr\" class=\"css-s4cjt0 eea635z0\">&#8220;Necesitamos darles sentido de vida a todos los pobres que viven en la marginaci\u00f3n, no solamente para que se alimenten, sino para otorgarles educaci\u00f3n, cultura, deporte y una forma de vivir dignamente. La gente act\u00faa muchas veces por hambre, por incultura, por falta de atenci\u00f3n de las autoridades&#8221;, explic\u00f3.<\/p>\n<\/div>\n<div dir=\"ltr\" class=\"css-1k9op6x e17x9cvu0\">\n<p dir=\"ltr\" class=\"css-s4cjt0 eea635z0\">Y aunque prometi\u00f3 que se castigar\u00eda a quienes delinquieran, su administraci\u00f3n ha sido incapaz de frenar la violencia, en especial la que se ha desatado en Sinaloa tras la captura de &#8220;El Mayo&#8221; Zambada en julio de 2024, un hecho que abri\u00f3 una guerra entre sus seguidores y &#8220;Los Chapitos&#8221; (los hijos del &#8220;Chapo&#8221; Guzm\u00e1n).<\/p>\n<\/div>\n<div dir=\"ltr\" class=\"css-1k9op6x e17x9cvu0\">\n<p dir=\"ltr\" class=\"css-s4cjt0 eea635z0\">Los enfrentamientos han dejado 3.100 homicidios y 3.000 personas desaparecidas, seg\u00fan medios locales.<\/p>\n<\/div>\n<div dir=\"ltr\" class=\"css-1k9op6x e17x9cvu0\">\n<p dir=\"ltr\" class=\"css-s4cjt0 eea635z0\">En febrero pasado, un grupo de abogados solicit\u00f3 a la Fiscal\u00eda mexicana investigar al gobernador por su inacci\u00f3n frente a la crisis de violencia, rese\u00f1\u00f3 el diario mexicano &#8220;El Universal&#8221;.<\/p>\n<\/div>\n<figure class=\"css-1qn0xuy\">\n<div class=\"css-1avk5os\" style=\"padding-bottom:66.7%\"><img decoding=\"async\" srcset=\"https:\/\/ichef.bbci.co.uk\/ace\/ws\/240\/cpsprodpb\/110d\/live\/b4828220-448f-11f1-b55d-0f258dce1735.jpg.webp 240w, https:\/\/ichef.bbci.co.uk\/ace\/ws\/320\/cpsprodpb\/110d\/live\/b4828220-448f-11f1-b55d-0f258dce1735.jpg.webp 320w, https:\/\/ichef.bbci.co.uk\/ace\/ws\/480\/cpsprodpb\/110d\/live\/b4828220-448f-11f1-b55d-0f258dce1735.jpg.webp 480w, https:\/\/ichef.bbci.co.uk\/ace\/ws\/624\/cpsprodpb\/110d\/live\/b4828220-448f-11f1-b55d-0f258dce1735.jpg.webp 624w, https:\/\/ichef.bbci.co.uk\/ace\/ws\/800\/cpsprodpb\/110d\/live\/b4828220-448f-11f1-b55d-0f258dce1735.jpg.webp 800w\" sizes=\"auto, (min-width: 1008px) 760px, 100vw\" alt=\"Rocha rodeado por los diputados de Morena en el congreso de Sinaloa.\" loading=\"lazy\" width=\"1024\" height=\"683\" src=\"aspect-ratio:1024 \/ 683\" class=\"css-1seqhu9\"\/><\/p>\n<p class=\"css-by8ykd\" role=\"text\"><span class=\"css-2ozlq5\">Fuente de la imagen, <\/span><span lang=\"en-GB\">LightRocket via Getty Images<\/span><\/p>\n<\/div><figcaption class=\"css-15f1ujd\" dir=\"ltr\"><span role=\"text\"><span class=\"css-2ozlq5\">Pie de foto, <\/span><span data-testid=\"caption-paragraph\">Hasta ahora, Morena y el gobierno mexicano han cerrado filas junto al gobernador Rocha.<\/span><\/span><\/figcaption><\/figure>\n<div dir=\"ltr\" class=\"css-1k9op6x e17x9cvu0\">\n<p dir=\"ltr\" class=\"css-s4cjt0 eea635z0\">Sin embargo, fue con la captura de &#8220;El Mayo&#8221; cuando comenzaron los verdaderos problemas para Rocha.<\/p>\n<\/div>\n<div dir=\"ltr\" class=\"css-1k9op6x e17x9cvu0\">\n<p dir=\"ltr\" class=\"css-s4cjt0 eea635z0\">El capo asegur\u00f3, en una carta, que fue llevado a una trampa por &#8220;Los Chapitos&#8221;, que lo convocaron a una reuni\u00f3n donde, le prometieron, estar\u00eda el gobernador, quien nunca apareci\u00f3. En lugar de eso, lo secuestraron y llevaron a EE.UU. para entregarlo a las autoridades judiciales de ese pa\u00eds, seg\u00fan su relato.<\/p>\n<\/div>\n<div dir=\"ltr\" class=\"css-1k9op6x e17x9cvu0\">\n<p dir=\"ltr\" class=\"css-s4cjt0 eea635z0\">&#8220;No estaba enterado de esa reuni\u00f3n. Ni estaba enterado ni me invitaron, ni ten\u00edan por qu\u00e9 hacerlo&#8221;, asever\u00f3 en esa ocasi\u00f3n el funcionario.<\/p>\n<\/div>\n<div dir=\"ltr\" class=\"css-1k9op6x e17x9cvu0\">\n<p dir=\"ltr\" class=\"css-s4cjt0 eea635z0\">AMLO sali\u00f3 en defensa de su aliado.<\/p>\n<\/div>\n<div dir=\"ltr\" class=\"css-1k9op6x e17x9cvu0\">\n<p dir=\"ltr\" class=\"css-s4cjt0 eea635z0\">&#8220;Nosotros le tenemos toda la confianza al maestro Rocha&#8221;, declar\u00f3 en agosto de 2024.<\/p>\n<\/div>\n<div dir=\"ltr\" class=\"css-1k9op6x e17x9cvu0\">\n<p dir=\"ltr\" class=\"css-s4cjt0 eea635z0\">En similares t\u00e9rminos se pronunci\u00f3 Sheinbaum, quien dijo: &#8220;Le creemos al gobernador&#8221;.<\/p>\n<\/div>\n<div dir=\"ltr\" class=\"css-1k9op6x e17x9cvu0\">\n<p dir=\"ltr\" class=\"css-s4cjt0 eea635z0\">Rocha, por su parte, cree que la acusaci\u00f3n de los fiscales estadounidenses en su contra tiene dos objetivos.<\/p>\n<\/div>\n<div dir=\"ltr\" class=\"css-1k9op6x e17x9cvu0\">\n<p dir=\"ltr\" class=\"css-s4cjt0 eea635z0\">El primero es debilitar al gobierno mexicano. &#8220;Este ataque no es \u00fanicamente a mi persona: sino al movimiento de la Cuarta Transformaci\u00f3n, a sus emblem\u00e1ticos liderazgos, y a los mexicanos que representamos esa causa&#8221;, afirm\u00f3 en su cuenta de X (antigua Twitter).<\/p>\n<\/div>\n<div dir=\"ltr\" class=\"css-1k9op6x e17x9cvu0\">\n<p dir=\"ltr\" class=\"css-s4cjt0 eea635z0\">Y segundo, &#8220;se inscribe en una perversa estrategia para violentar el orden constitucional, espec\u00edficamente la soberan\u00eda nacional&#8221;, con el fin de justificar operaciones policiales y militares contra los carteles en territorio mexicano.<\/p>\n<\/div>\n<figure class=\"css-1qn0xuy\">\n<div class=\"css-1avk5os\" style=\"padding-bottom:12.5%\"><img decoding=\"async\" srcset=\"https:\/\/ichef.bbci.co.uk\/ace\/ws\/240\/cpsprodpb\/2ff8\/live\/aed119a0-448e-11f1-ac78-2112837ce2aa.png.webp 240w, https:\/\/ichef.bbci.co.uk\/ace\/ws\/320\/cpsprodpb\/2ff8\/live\/aed119a0-448e-11f1-ac78-2112837ce2aa.png.webp 320w, https:\/\/ichef.bbci.co.uk\/ace\/ws\/480\/cpsprodpb\/2ff8\/live\/aed119a0-448e-11f1-ac78-2112837ce2aa.png.webp 480w, https:\/\/ichef.bbci.co.uk\/ace\/ws\/624\/cpsprodpb\/2ff8\/live\/aed119a0-448e-11f1-ac78-2112837ce2aa.png.webp 624w, https:\/\/ichef.bbci.co.uk\/ace\/ws\/800\/cpsprodpb\/2ff8\/live\/aed119a0-448e-11f1-ac78-2112837ce2aa.png.webp 800w\" sizes=\"auto, (min-width: 1008px) 760px, 100vw\" alt=\"Raya gris\" loading=\"lazy\" width=\"800\" height=\"100\" src=\"aspect-ratio:800 \/ 100\" class=\"css-1seqhu9\"\/><\/div>\n<\/figure>\n<div dir=\"ltr\" class=\"css-1k9op6x e17x9cvu0\">\n<p dir=\"ltr\" class=\"css-s4cjt0 eea635z0\"><a href=\"https:\/\/www.bbc.com\/mundo\/send\/u184973209\" class=\"focusIndicatorReducedWidth css-n8oauk e1h2ur550\"><i class=\"css-6whwaq ezrtjzf0\">Suscr\u00edbete aqu\u00ed<\/i><\/a><i class=\"css-6whwaq ezrtjzf0\"> a nuestro nuevo newsletter para recibir cada viernes una selecci\u00f3n de nuestro mejor contenido de la semana.<\/i><\/p>\n<\/div>\n<div dir=\"ltr\" class=\"css-1k9op6x e17x9cvu0\">\n<p dir=\"ltr\" class=\"css-s4cjt0 eea635z0\"><i class=\"css-6whwaq ezrtjzf0\">Y recuerda que puedes recibir notificaciones en nuestra app. Descarga la \u00faltima versi\u00f3n y act\u00edvalas.<\/i><\/p>\n<\/div>\n<\/div>\n<p><a href=\"https:\/\/www.bbc.com\/mundo\/articles\/c8e8l5lnx91o\">Source link <\/a><\/p>","protected":false},"excerpt":{"rendered":"<p>Fuente de la imagen, CARL DE SOUZA\/AFP via Getty Images Pie de foto, El gobernador de Sinaloa figuran entre los nueve funcionarios y exfuncionarios mexicanos acusados por EE.UU. de complicidad con el narcotr\u00e1fico. Informaci\u00f3n del art\u00edculo 30 abril 2026, 13:17 GMT Actualizado 3 horas Tiempo de lectura: 6 min El narcotr\u00e1fico vuelve a poner a [&hellip;]<\/p>\n","protected":false},"author":1,"featured_media":119683,"comment_status":"closed","ping_status":"","sticky":false,"template":"","format":"standard","meta":{"googlesitekit_rrm_CAow2JLhCw:productID":"","_gspb_post_css":"","maa_idioma":"","maa_pais":"","footnotes":""},"categories":[1],"tags":[22304,20950,32435,32437,32436,5500,27041,32433,4538,2979,3785,23635,4554,32434],"class_list":["post-119682","post","type-post","status-publish","format-standard","has-post-thumbnail","hentry","category-ubirata","tag-acusa","tag-aliado","tag-amlo","tag-chapitos","tag-colaborar","tag-con","tag-ee-uu","tag-gobernador","tag-historico","tag-los","tag-quien","tag-rocha","tag-ruben","tag-sinaloa"],"blocksy_meta":[],"yoast_head":"<!-- This site is optimized with the Yoast SEO Premium plugin v27.6 (Yoast SEO v27.6) - https:\/\/yoast.com\/product\/yoast-seo-premium-wordpress\/ -->\n<title>Qui\u00e9n es Rub\u00e9n Rocha, el gobernador de Sinaloa e hist\u00f3rico aliado de AMLO al que EE.UU. acusa de colaborar con &quot;Los Chapitos&quot; - Ubirat\u00e3 Online Not\u00edcias - A realidade ao seu alcance!<\/title>\n<meta name=\"description\" content=\"Fuente de la imagen, CARL DE SOUZA\/AFP via Getty ImagesPie de foto, El gobernador de Sinaloa figuran entre los nueve funcionarios y exfuncionarios\" \/>\n<meta name=\"robots\" content=\"index, follow, max-snippet:-1, max-image-preview:large, max-video-preview:-1\" \/>\n<link rel=\"canonical\" href=\"https:\/\/ubirataonline.com.br\/en\/quien-es-ruben-rocha-el-gobernador-de-sinaloa-e-historico-aliado-de-amlo-al-que-ee-uu-acusa-de-colaborar-con-los-chapitos\/\" \/>\n<meta property=\"og:locale\" content=\"en_US\" \/>\n<meta property=\"og:type\" content=\"article\" \/>\n<meta property=\"og:title\" content=\"Qui\u00e9n es Rub\u00e9n Rocha, el gobernador de Sinaloa e hist\u00f3rico aliado de AMLO al que EE.UU. acusa de colaborar con &quot;Los Chapitos&quot;\" \/>\n<meta property=\"og:description\" content=\"Fuente de la imagen, CARL DE SOUZA\/AFP via Getty ImagesPie de foto, El gobernador de Sinaloa figuran entre los nueve funcionarios y exfuncionarios\" \/>\n<meta property=\"og:url\" content=\"https:\/\/ubirataonline.com.br\/en\/quien-es-ruben-rocha-el-gobernador-de-sinaloa-e-historico-aliado-de-amlo-al-que-ee-uu-acusa-de-colaborar-con-los-chapitos\/\" \/>\n<meta property=\"og:site_name\" content=\"Ubirat\u00e3 Online Not\u00edcias - A realidade ao seu alcance!\" \/>\n<meta property=\"article:publisher\" content=\"https:\/\/www.facebook.com\/portalubirataonline\" \/>\n<meta property=\"article:author\" content=\"https:\/\/www.facebook.com\/portalubirataonline\" \/>\n<meta property=\"article:published_time\" content=\"2026-04-30T18:01:13+00:00\" \/>\n<meta property=\"article:modified_time\" content=\"2026-04-30T18:01:15+00:00\" \/>\n<meta property=\"og:image\" content=\"https:\/\/ubirataonline.com.br\/wp-content\/uploads\/2026\/04\/Quien-es-Ruben-Rocha-el-gobernador-de-Sinaloa-e-historico.jpg\" \/>\n\t<meta property=\"og:image:width\" content=\"1024\" \/>\n\t<meta property=\"og:image:height\" content=\"576\" \/>\n\t<meta property=\"og:image:type\" content=\"image\/jpeg\" \/>\n<meta name=\"author\" content=\"REDA\u00c7\u00c3O: UBIRAT\u00c3 ONLINE - F\u00c1BIO AUGUSTO CELESTINO\" \/>\n<meta name=\"twitter:card\" content=\"summary_large_image\" \/>\n<meta name=\"twitter:creator\" content=\"@x.com\/ubirataonline\" \/>\n<meta name=\"twitter:site\" content=\"@ubirataonline\" \/>\n<meta name=\"twitter:label1\" content=\"Written by\" \/>\n\t<meta name=\"twitter:data1\" content=\"REDA\u00c7\u00c3O: UBIRAT\u00c3 ONLINE - F\u00c1BIO AUGUSTO CELESTINO\" \/>\n\t<meta name=\"twitter:label2\" content=\"Est. reading time\" \/>\n\t<meta name=\"twitter:data2\" content=\"7 minutes\" \/>\n<script type=\"application\/ld+json\" class=\"yoast-schema-graph\">{\"@context\":\"https:\\\/\\\/schema.org\",\"@graph\":[{\"@type\":\"NewsArticle\",\"@id\":\"https:\\\/\\\/ubirataonline.com.br\\\/quien-es-ruben-rocha-el-gobernador-de-sinaloa-e-historico-aliado-de-amlo-al-que-ee-uu-acusa-de-colaborar-con-los-chapitos\\\/#article\",\"isPartOf\":{\"@id\":\"https:\\\/\\\/ubirataonline.com.br\\\/quien-es-ruben-rocha-el-gobernador-de-sinaloa-e-historico-aliado-de-amlo-al-que-ee-uu-acusa-de-colaborar-con-los-chapitos\\\/\"},\"author\":{\"name\":\"REDA\u00c7\u00c3O: UBIRAT\u00c3 ONLINE - F\u00c1BIO AUGUSTO CELESTINO\",\"@id\":\"https:\\\/\\\/ubirataonline.com.br\\\/#\\\/schema\\\/person\\\/372f87bbd3fdd79b8556b84c98d0bc1c\"},\"headline\":\"Qui\u00e9n es Rub\u00e9n Rocha, el gobernador de Sinaloa e hist\u00f3rico aliado de AMLO al que EE.UU. acusa de colaborar con &#8220;Los Chapitos&#8221;\",\"datePublished\":\"2026-04-30T18:01:13+00:00\",\"dateModified\":\"2026-04-30T18:01:15+00:00\",\"mainEntityOfPage\":{\"@id\":\"https:\\\/\\\/ubirataonline.com.br\\\/quien-es-ruben-rocha-el-gobernador-de-sinaloa-e-historico-aliado-de-amlo-al-que-ee-uu-acusa-de-colaborar-con-los-chapitos\\\/\"},\"wordCount\":1460,\"publisher\":{\"@id\":\"https:\\\/\\\/ubirataonline.com.br\\\/#organization\"},\"image\":{\"@id\":\"https:\\\/\\\/ubirataonline.com.br\\\/quien-es-ruben-rocha-el-gobernador-de-sinaloa-e-historico-aliado-de-amlo-al-que-ee-uu-acusa-de-colaborar-con-los-chapitos\\\/#primaryimage\"},\"thumbnailUrl\":\"https:\\\/\\\/ubirataonline.com.br\\\/wp-content\\\/uploads\\\/2026\\\/04\\\/Quien-es-Ruben-Rocha-el-gobernador-de-Sinaloa-e-historico.jpg\",\"keywords\":[\"acusa\",\"aliado\",\"AMLO\",\"Chapitos\",\"colaborar\",\"con\",\"EE.UU\",\"gobernador\",\"hist\u00f3rico\",\"Los\",\"Qui\u00e9n\",\"Rocha\",\"Ruben\",\"Sinaloa\"],\"articleSection\":[\"Ubirat\u00e3\"],\"inLanguage\":\"en-US\",\"copyrightYear\":\"2026\",\"copyrightHolder\":{\"@id\":\"https:\\\/\\\/ubirataonline.com.br\\\/en\\\/#organization\"}},{\"@type\":\"WebPage\",\"@id\":\"https:\\\/\\\/ubirataonline.com.br\\\/quien-es-ruben-rocha-el-gobernador-de-sinaloa-e-historico-aliado-de-amlo-al-que-ee-uu-acusa-de-colaborar-con-los-chapitos\\\/\",\"url\":\"https:\\\/\\\/ubirataonline.com.br\\\/quien-es-ruben-rocha-el-gobernador-de-sinaloa-e-historico-aliado-de-amlo-al-que-ee-uu-acusa-de-colaborar-con-los-chapitos\\\/\",\"name\":\"Qui\u00e9n es Rub\u00e9n Rocha, el gobernador de Sinaloa e hist\u00f3rico aliado de AMLO al que EE.UU. acusa de colaborar con \\\"Los Chapitos\\\" - Ubirat\u00e3 Online Not\u00edcias - A realidade ao seu alcance!\",\"isPartOf\":{\"@id\":\"https:\\\/\\\/ubirataonline.com.br\\\/#website\"},\"primaryImageOfPage\":{\"@id\":\"https:\\\/\\\/ubirataonline.com.br\\\/quien-es-ruben-rocha-el-gobernador-de-sinaloa-e-historico-aliado-de-amlo-al-que-ee-uu-acusa-de-colaborar-con-los-chapitos\\\/#primaryimage\"},\"image\":{\"@id\":\"https:\\\/\\\/ubirataonline.com.br\\\/quien-es-ruben-rocha-el-gobernador-de-sinaloa-e-historico-aliado-de-amlo-al-que-ee-uu-acusa-de-colaborar-con-los-chapitos\\\/#primaryimage\"},\"thumbnailUrl\":\"https:\\\/\\\/ubirataonline.com.br\\\/wp-content\\\/uploads\\\/2026\\\/04\\\/Quien-es-Ruben-Rocha-el-gobernador-de-Sinaloa-e-historico.jpg\",\"datePublished\":\"2026-04-30T18:01:13+00:00\",\"dateModified\":\"2026-04-30T18:01:15+00:00\",\"description\":\"Fuente de la imagen, CARL DE SOUZA\\\/AFP via Getty ImagesPie de foto, El gobernador de Sinaloa figuran entre los nueve funcionarios y exfuncionarios\",\"breadcrumb\":{\"@id\":\"https:\\\/\\\/ubirataonline.com.br\\\/quien-es-ruben-rocha-el-gobernador-de-sinaloa-e-historico-aliado-de-amlo-al-que-ee-uu-acusa-de-colaborar-con-los-chapitos\\\/#breadcrumb\"},\"inLanguage\":\"en-US\",\"potentialAction\":[{\"@type\":\"ReadAction\",\"target\":[\"https:\\\/\\\/ubirataonline.com.br\\\/quien-es-ruben-rocha-el-gobernador-de-sinaloa-e-historico-aliado-de-amlo-al-que-ee-uu-acusa-de-colaborar-con-los-chapitos\\\/\"]}]},{\"@type\":\"ImageObject\",\"inLanguage\":\"en-US\",\"@id\":\"https:\\\/\\\/ubirataonline.com.br\\\/quien-es-ruben-rocha-el-gobernador-de-sinaloa-e-historico-aliado-de-amlo-al-que-ee-uu-acusa-de-colaborar-con-los-chapitos\\\/#primaryimage\",\"url\":\"https:\\\/\\\/ubirataonline.com.br\\\/wp-content\\\/uploads\\\/2026\\\/04\\\/Quien-es-Ruben-Rocha-el-gobernador-de-Sinaloa-e-historico.jpg\",\"contentUrl\":\"https:\\\/\\\/ubirataonline.com.br\\\/wp-content\\\/uploads\\\/2026\\\/04\\\/Quien-es-Ruben-Rocha-el-gobernador-de-Sinaloa-e-historico.jpg\",\"width\":1024,\"height\":576,\"caption\":\"Pie de foto, El gobernador de Sinaloa figuran entre los nueve funcionarios y exfuncionarios mexicanos acusados por EE.UU. de complicidad con el narcotr\u00e1fico.\"},{\"@type\":\"BreadcrumbList\",\"@id\":\"https:\\\/\\\/ubirataonline.com.br\\\/quien-es-ruben-rocha-el-gobernador-de-sinaloa-e-historico-aliado-de-amlo-al-que-ee-uu-acusa-de-colaborar-con-los-chapitos\\\/#breadcrumb\",\"itemListElement\":[{\"@type\":\"ListItem\",\"position\":1,\"name\":\"In\u00edcio\",\"item\":\"https:\\\/\\\/ubirataonline.com.br\\\/\"},{\"@type\":\"ListItem\",\"position\":2,\"name\":\"Qui\u00e9n es Rub\u00e9n Rocha, el gobernador de Sinaloa e hist\u00f3rico aliado de AMLO al que EE.UU. acusa de colaborar con &#8220;Los Chapitos&#8221;\"}]},{\"@type\":\"WebSite\",\"@id\":\"https:\\\/\\\/ubirataonline.com.br\\\/#website\",\"url\":\"https:\\\/\\\/ubirataonline.com.br\\\/\",\"name\":\"Ubirat\u00e3 Online Not\u00edcias\",\"description\":\"Not\u00edcias de Ubirat\u00e3, regi\u00e3o, Brasil e mundo, com informa\u00e7\u00e3o atualizada e compromisso com o leitor.\",\"publisher\":{\"@id\":\"https:\\\/\\\/ubirataonline.com.br\\\/#organization\"},\"alternateName\":\"Ubirat\u00e3 Online\",\"potentialAction\":[{\"@type\":\"SearchAction\",\"target\":{\"@type\":\"EntryPoint\",\"urlTemplate\":\"https:\\\/\\\/ubirataonline.com.br\\\/?s={search_term_string}\"},\"query-input\":{\"@type\":\"PropertyValueSpecification\",\"valueRequired\":true,\"valueName\":\"search_term_string\"}}],\"inLanguage\":\"en-US\"},{\"@type\":[\"Organization\",\"Place\"],\"@id\":\"https:\\\/\\\/ubirataonline.com.br\\\/#organization\",\"name\":\"Ubirat\u00e3 Online Not\u00edcias\",\"alternateName\":\"Ubirat\u00e3 Online\",\"url\":\"https:\\\/\\\/ubirataonline.com.br\\\/\",\"logo\":{\"@id\":\"https:\\\/\\\/ubirataonline.com.br\\\/quien-es-ruben-rocha-el-gobernador-de-sinaloa-e-historico-aliado-de-amlo-al-que-ee-uu-acusa-de-colaborar-con-los-chapitos\\\/#local-main-organization-logo\"},\"image\":{\"@id\":\"https:\\\/\\\/ubirataonline.com.br\\\/quien-es-ruben-rocha-el-gobernador-de-sinaloa-e-historico-aliado-de-amlo-al-que-ee-uu-acusa-de-colaborar-con-los-chapitos\\\/#local-main-organization-logo\"},\"sameAs\":[\"https:\\\/\\\/www.facebook.com\\\/portalubirataonline\",\"https:\\\/\\\/x.com\\\/ubirataonline\",\"https:\\\/\\\/mastodon.social\\\/@ubirataonline\",\"https:\\\/\\\/www.facebook.com\\\/groups\\\/311144672285604\",\"https:\\\/\\\/www.facebook.com\\\/UBTAOnline\",\"https:\\\/\\\/www.instagram.com\\\/portalubirataonline\\\/\",\"https:\\\/\\\/twitter.com\\\/ubirataonline\"],\"description\":\"Somos um portal de not\u00edcias independente, criado em 5 de janeiro de 2009, com o objetivo de informar, conectar e valorizar a nossa comunidade de Ubirat\u00e3 e toda aregi\u00e3o. Com conte\u00fado atualizado, confi\u00e1vel e relevante, o Ubirat\u00e3 Online \u00e9 o seu espa\u00e7o para ficar por dentro dos principais acontecimentos locais, regionais, Brasil, Mundo e de interesse geral. Nosso compromisso \u00e9 com a verdade, a transpar\u00eancia e o respeito ao leitor.\",\"legalName\":\"UBIRATA ONLINE NOT\u00cdCIAS\",\"foundingDate\":\"2009-01-05\",\"numberOfEmployees\":{\"@type\":\"QuantitativeValue\",\"minValue\":\"1\",\"maxValue\":\"10\"},\"publishingPrinciples\":\"https:\\\/\\\/ubirataonline.com.br\\\/faq\\\/\",\"address\":{\"@id\":\"https:\\\/\\\/ubirataonline.com.br\\\/quien-es-ruben-rocha-el-gobernador-de-sinaloa-e-historico-aliado-de-amlo-al-que-ee-uu-acusa-de-colaborar-con-los-chapitos\\\/#local-main-place-address\"},\"geo\":{\"@type\":\"GeoCoordinates\",\"latitude\":\"-24.5361401\",\"longitude\":\"-52.9921776\"},\"telephone\":[\"+5544998308235\"],\"contactPoint\":{\"@type\":\"ContactPoint\",\"email\":\"contato@ubirataonline.com.br\"},\"openingHoursSpecification\":{\"@type\":\"OpeningHoursSpecification\",\"dayOfWeek\":[\"Monday\",\"Tuesday\",\"Wednesday\",\"Thursday\",\"Friday\",\"Saturday\",\"Sunday\"],\"opens\":\"00:00\",\"closes\":\"23:59\"},\"email\":\"contato@ubirataonline.com.br\",\"vatID\":\"47.621.418\\\/0001-80\"},{\"@type\":\"Person\",\"@id\":\"https:\\\/\\\/ubirataonline.com.br\\\/#\\\/schema\\\/person\\\/372f87bbd3fdd79b8556b84c98d0bc1c\",\"name\":\"REDA\u00c7\u00c3O: UBIRAT\u00c3 ONLINE - F\u00c1BIO AUGUSTO CELESTINO\",\"pronouns\":\"Ele\",\"description\":\"Desde 2003 trabalhando com not\u00edcias.\",\"sameAs\":[\"http:\\\/\\\/ubirataoline.com.br\",\"https:\\\/\\\/www.facebook.com\\\/portalubirataonline\",\"https:\\\/\\\/www.instagram.com\\\/ubirataonline_oficial\",\"https:\\\/\\\/x.com\\\/x.com\\\/ubirataonline\"],\"honorificPrefix\":\"Mr.\",\"honorificSuffix\":\"MD\",\"birthDate\":\"1980-06-16\",\"gender\":\"masculino\",\"award\":[\"V\u00e1rios pr\u00eamios de melhor portal da cidade\"],\"jobTitle\":\"Diretor\",\"url\":\"https:\\\/\\\/ubirataonline.com.br\\\/en\\\/author\\\/ubirataonline\\\/\"},{\"@type\":\"PostalAddress\",\"@id\":\"https:\\\/\\\/ubirataonline.com.br\\\/quien-es-ruben-rocha-el-gobernador-de-sinaloa-e-historico-aliado-de-amlo-al-que-ee-uu-acusa-de-colaborar-con-los-chapitos\\\/#local-main-place-address\",\"streetAddress\":\"Rua dos Coqueiros, 104 - Bairro Boa Vista, Rua dos Coqueiros, 104 Bairro Boa Vista\",\"addressLocality\":\"UBIRATA\",\"postalCode\":\"85440-000\",\"addressRegion\":\"PR\",\"addressCountry\":\"BR\"},{\"@type\":\"ImageObject\",\"inLanguage\":\"en-US\",\"@id\":\"https:\\\/\\\/ubirataonline.com.br\\\/quien-es-ruben-rocha-el-gobernador-de-sinaloa-e-historico-aliado-de-amlo-al-que-ee-uu-acusa-de-colaborar-con-los-chapitos\\\/#local-main-organization-logo\",\"url\":\"https:\\\/\\\/ubirataonline.com.br\\\/wp-content\\\/uploads\\\/2026\\\/06\\\/logoubirataonline-1.webp\",\"contentUrl\":\"https:\\\/\\\/ubirataonline.com.br\\\/wp-content\\\/uploads\\\/2026\\\/06\\\/logoubirataonline-1.webp\",\"width\":500,\"height\":500,\"caption\":\"Ubirat\u00e3 Online Not\u00edcias\"}]}<\/script>\n<meta name=\"geo.placename\" content=\"UBIRATA\" \/>\n<meta name=\"geo.position\" content=\"-24.5361401;-52.9921776\" \/>\n<meta name=\"geo.region\" content=\"Brazil\" \/>\n<!-- \/ Yoast SEO Premium plugin. -->","yoast_head_json":{"title":"Qui\u00e9n es Rub\u00e9n Rocha, el gobernador de Sinaloa e hist\u00f3rico aliado de AMLO al que EE.UU. acusa de colaborar con \"Los Chapitos\" - Ubirat\u00e3 Online Not\u00edcias - A realidade ao seu alcance!","description":"Fuente de la imagen, CARL DE SOUZA\/AFP via Getty ImagesPie de foto, El gobernador de Sinaloa figuran entre los nueve funcionarios y exfuncionarios","robots":{"index":"index","follow":"follow","max-snippet":"max-snippet:-1","max-image-preview":"max-image-preview:large","max-video-preview":"max-video-preview:-1"},"canonical":"https:\/\/ubirataonline.com.br\/en\/quien-es-ruben-rocha-el-gobernador-de-sinaloa-e-historico-aliado-de-amlo-al-que-ee-uu-acusa-de-colaborar-con-los-chapitos\/","og_locale":"en_US","og_type":"article","og_title":"Qui\u00e9n es Rub\u00e9n Rocha, el gobernador de Sinaloa e hist\u00f3rico aliado de AMLO al que EE.UU. acusa de colaborar con \"Los Chapitos\"","og_description":"Fuente de la imagen, CARL DE SOUZA\/AFP via Getty ImagesPie de foto, El gobernador de Sinaloa figuran entre los nueve funcionarios y exfuncionarios","og_url":"https:\/\/ubirataonline.com.br\/en\/quien-es-ruben-rocha-el-gobernador-de-sinaloa-e-historico-aliado-de-amlo-al-que-ee-uu-acusa-de-colaborar-con-los-chapitos\/","og_site_name":"Ubirat\u00e3 Online Not\u00edcias - A realidade ao seu alcance!","article_publisher":"https:\/\/www.facebook.com\/portalubirataonline","article_author":"https:\/\/www.facebook.com\/portalubirataonline","article_published_time":"2026-04-30T18:01:13+00:00","article_modified_time":"2026-04-30T18:01:15+00:00","og_image":[{"width":1024,"height":576,"url":"https:\/\/ubirataonline.com.br\/wp-content\/uploads\/2026\/04\/Quien-es-Ruben-Rocha-el-gobernador-de-Sinaloa-e-historico.jpg","type":"image\/jpeg"}],"author":"REDA\u00c7\u00c3O: UBIRAT\u00c3 ONLINE - F\u00c1BIO AUGUSTO CELESTINO","twitter_card":"summary_large_image","twitter_creator":"@x.com\/ubirataonline","twitter_site":"@ubirataonline","twitter_misc":{"Written by":"REDA\u00c7\u00c3O: UBIRAT\u00c3 ONLINE - F\u00c1BIO AUGUSTO CELESTINO","Est. reading time":"7 minutes"},"schema":{"@context":"https:\/\/schema.org","@graph":[{"@type":"NewsArticle","@id":"https:\/\/ubirataonline.com.br\/quien-es-ruben-rocha-el-gobernador-de-sinaloa-e-historico-aliado-de-amlo-al-que-ee-uu-acusa-de-colaborar-con-los-chapitos\/#article","isPartOf":{"@id":"https:\/\/ubirataonline.com.br\/quien-es-ruben-rocha-el-gobernador-de-sinaloa-e-historico-aliado-de-amlo-al-que-ee-uu-acusa-de-colaborar-con-los-chapitos\/"},"author":{"name":"REDA\u00c7\u00c3O: UBIRAT\u00c3 ONLINE - F\u00c1BIO AUGUSTO CELESTINO","@id":"https:\/\/ubirataonline.com.br\/#\/schema\/person\/372f87bbd3fdd79b8556b84c98d0bc1c"},"headline":"Qui\u00e9n es Rub\u00e9n Rocha, el gobernador de Sinaloa e hist\u00f3rico aliado de AMLO al que EE.UU. acusa de colaborar con &#8220;Los Chapitos&#8221;","datePublished":"2026-04-30T18:01:13+00:00","dateModified":"2026-04-30T18:01:15+00:00","mainEntityOfPage":{"@id":"https:\/\/ubirataonline.com.br\/quien-es-ruben-rocha-el-gobernador-de-sinaloa-e-historico-aliado-de-amlo-al-que-ee-uu-acusa-de-colaborar-con-los-chapitos\/"},"wordCount":1460,"publisher":{"@id":"https:\/\/ubirataonline.com.br\/#organization"},"image":{"@id":"https:\/\/ubirataonline.com.br\/quien-es-ruben-rocha-el-gobernador-de-sinaloa-e-historico-aliado-de-amlo-al-que-ee-uu-acusa-de-colaborar-con-los-chapitos\/#primaryimage"},"thumbnailUrl":"https:\/\/ubirataonline.com.br\/wp-content\/uploads\/2026\/04\/Quien-es-Ruben-Rocha-el-gobernador-de-Sinaloa-e-historico.jpg","keywords":["acusa","aliado","AMLO","Chapitos","colaborar","con","EE.UU","gobernador","hist\u00f3rico","Los","Qui\u00e9n","Rocha","Ruben","Sinaloa"],"articleSection":["Ubirat\u00e3"],"inLanguage":"en-US","copyrightYear":"2026","copyrightHolder":{"@id":"https:\/\/ubirataonline.com.br\/en\/#organization"}},{"@type":"WebPage","@id":"https:\/\/ubirataonline.com.br\/quien-es-ruben-rocha-el-gobernador-de-sinaloa-e-historico-aliado-de-amlo-al-que-ee-uu-acusa-de-colaborar-con-los-chapitos\/","url":"https:\/\/ubirataonline.com.br\/quien-es-ruben-rocha-el-gobernador-de-sinaloa-e-historico-aliado-de-amlo-al-que-ee-uu-acusa-de-colaborar-con-los-chapitos\/","name":"Qui\u00e9n es Rub\u00e9n Rocha, el gobernador de Sinaloa e hist\u00f3rico aliado de AMLO al que EE.UU. acusa de colaborar con \"Los Chapitos\" - Ubirat\u00e3 Online Not\u00edcias - A realidade ao seu alcance!","isPartOf":{"@id":"https:\/\/ubirataonline.com.br\/#website"},"primaryImageOfPage":{"@id":"https:\/\/ubirataonline.com.br\/quien-es-ruben-rocha-el-gobernador-de-sinaloa-e-historico-aliado-de-amlo-al-que-ee-uu-acusa-de-colaborar-con-los-chapitos\/#primaryimage"},"image":{"@id":"https:\/\/ubirataonline.com.br\/quien-es-ruben-rocha-el-gobernador-de-sinaloa-e-historico-aliado-de-amlo-al-que-ee-uu-acusa-de-colaborar-con-los-chapitos\/#primaryimage"},"thumbnailUrl":"https:\/\/ubirataonline.com.br\/wp-content\/uploads\/2026\/04\/Quien-es-Ruben-Rocha-el-gobernador-de-Sinaloa-e-historico.jpg","datePublished":"2026-04-30T18:01:13+00:00","dateModified":"2026-04-30T18:01:15+00:00","description":"Fuente de la imagen, CARL DE SOUZA\/AFP via Getty ImagesPie de foto, El gobernador de Sinaloa figuran entre los nueve funcionarios y exfuncionarios","breadcrumb":{"@id":"https:\/\/ubirataonline.com.br\/quien-es-ruben-rocha-el-gobernador-de-sinaloa-e-historico-aliado-de-amlo-al-que-ee-uu-acusa-de-colaborar-con-los-chapitos\/#breadcrumb"},"inLanguage":"en-US","potentialAction":[{"@type":"ReadAction","target":["https:\/\/ubirataonline.com.br\/quien-es-ruben-rocha-el-gobernador-de-sinaloa-e-historico-aliado-de-amlo-al-que-ee-uu-acusa-de-colaborar-con-los-chapitos\/"]}]},{"@type":"ImageObject","inLanguage":"en-US","@id":"https:\/\/ubirataonline.com.br\/quien-es-ruben-rocha-el-gobernador-de-sinaloa-e-historico-aliado-de-amlo-al-que-ee-uu-acusa-de-colaborar-con-los-chapitos\/#primaryimage","url":"https:\/\/ubirataonline.com.br\/wp-content\/uploads\/2026\/04\/Quien-es-Ruben-Rocha-el-gobernador-de-Sinaloa-e-historico.jpg","contentUrl":"https:\/\/ubirataonline.com.br\/wp-content\/uploads\/2026\/04\/Quien-es-Ruben-Rocha-el-gobernador-de-Sinaloa-e-historico.jpg","width":1024,"height":576,"caption":"Pie de foto, El gobernador de Sinaloa figuran entre los nueve funcionarios y exfuncionarios mexicanos acusados por EE.UU. de complicidad con el narcotr\u00e1fico."},{"@type":"BreadcrumbList","@id":"https:\/\/ubirataonline.com.br\/quien-es-ruben-rocha-el-gobernador-de-sinaloa-e-historico-aliado-de-amlo-al-que-ee-uu-acusa-de-colaborar-con-los-chapitos\/#breadcrumb","itemListElement":[{"@type":"ListItem","position":1,"name":"In\u00edcio","item":"https:\/\/ubirataonline.com.br\/"},{"@type":"ListItem","position":2,"name":"Qui\u00e9n es Rub\u00e9n Rocha, el gobernador de Sinaloa e hist\u00f3rico aliado de AMLO al que EE.UU. acusa de colaborar con &#8220;Los Chapitos&#8221;"}]},{"@type":"WebSite","@id":"https:\/\/ubirataonline.com.br\/#website","url":"https:\/\/ubirataonline.com.br\/","name":"Ubirat\u00e3 Online Not\u00edcias","description":"Not\u00edcias de Ubirat\u00e3, regi\u00e3o, Brasil e mundo, com informa\u00e7\u00e3o atualizada e compromisso com o leitor.","publisher":{"@id":"https:\/\/ubirataonline.com.br\/#organization"},"alternateName":"Ubirat\u00e3 Online","potentialAction":[{"@type":"SearchAction","target":{"@type":"EntryPoint","urlTemplate":"https:\/\/ubirataonline.com.br\/?s={search_term_string}"},"query-input":{"@type":"PropertyValueSpecification","valueRequired":true,"valueName":"search_term_string"}}],"inLanguage":"en-US"},{"@type":["Organization","Place"],"@id":"https:\/\/ubirataonline.com.br\/#organization","name":"Ubirat\u00e3 Online Not\u00edcias","alternateName":"Ubirat\u00e3 Online","url":"https:\/\/ubirataonline.com.br\/","logo":{"@id":"https:\/\/ubirataonline.com.br\/quien-es-ruben-rocha-el-gobernador-de-sinaloa-e-historico-aliado-de-amlo-al-que-ee-uu-acusa-de-colaborar-con-los-chapitos\/#local-main-organization-logo"},"image":{"@id":"https:\/\/ubirataonline.com.br\/quien-es-ruben-rocha-el-gobernador-de-sinaloa-e-historico-aliado-de-amlo-al-que-ee-uu-acusa-de-colaborar-con-los-chapitos\/#local-main-organization-logo"},"sameAs":["https:\/\/www.facebook.com\/portalubirataonline","https:\/\/x.com\/ubirataonline","https:\/\/mastodon.social\/@ubirataonline","https:\/\/www.facebook.com\/groups\/311144672285604","https:\/\/www.facebook.com\/UBTAOnline","https:\/\/www.instagram.com\/portalubirataonline\/","https:\/\/twitter.com\/ubirataonline"],"description":"Somos um portal de not\u00edcias independente, criado em 5 de janeiro de 2009, com o objetivo de informar, conectar e valorizar a nossa comunidade de Ubirat\u00e3 e toda aregi\u00e3o. Com conte\u00fado atualizado, confi\u00e1vel e relevante, o Ubirat\u00e3 Online \u00e9 o seu espa\u00e7o para ficar por dentro dos principais acontecimentos locais, regionais, Brasil, Mundo e de interesse geral. Nosso compromisso \u00e9 com a verdade, a transpar\u00eancia e o respeito ao leitor.","legalName":"UBIRATA ONLINE NOT\u00cdCIAS","foundingDate":"2009-01-05","numberOfEmployees":{"@type":"QuantitativeValue","minValue":"1","maxValue":"10"},"publishingPrinciples":"https:\/\/ubirataonline.com.br\/faq\/","address":{"@id":"https:\/\/ubirataonline.com.br\/quien-es-ruben-rocha-el-gobernador-de-sinaloa-e-historico-aliado-de-amlo-al-que-ee-uu-acusa-de-colaborar-con-los-chapitos\/#local-main-place-address"},"geo":{"@type":"GeoCoordinates","latitude":"-24.5361401","longitude":"-52.9921776"},"telephone":["+5544998308235"],"contactPoint":{"@type":"ContactPoint","email":"contato@ubirataonline.com.br"},"openingHoursSpecification":{"@type":"OpeningHoursSpecification","dayOfWeek":["Monday","Tuesday","Wednesday","Thursday","Friday","Saturday","Sunday"],"opens":"00:00","closes":"23:59"},"email":"contato@ubirataonline.com.br","vatID":"47.621.418\/0001-80"},{"@type":"Person","@id":"https:\/\/ubirataonline.com.br\/#\/schema\/person\/372f87bbd3fdd79b8556b84c98d0bc1c","name":"REDA\u00c7\u00c3O: UBIRAT\u00c3 ONLINE - F\u00c1BIO AUGUSTO CELESTINO","pronouns":"Ele","description":"Desde 2003 trabalhando com not\u00edcias.","sameAs":["http:\/\/ubirataoline.com.br","https:\/\/www.facebook.com\/portalubirataonline","https:\/\/www.instagram.com\/ubirataonline_oficial","https:\/\/x.com\/x.com\/ubirataonline"],"honorificPrefix":"Mr.","honorificSuffix":"MD","birthDate":"1980-06-16","gender":"masculino","award":["V\u00e1rios pr\u00eamios de melhor portal da cidade"],"jobTitle":"Diretor","url":"https:\/\/ubirataonline.com.br\/en\/author\/ubirataonline\/"},{"@type":"PostalAddress","@id":"https:\/\/ubirataonline.com.br\/quien-es-ruben-rocha-el-gobernador-de-sinaloa-e-historico-aliado-de-amlo-al-que-ee-uu-acusa-de-colaborar-con-los-chapitos\/#local-main-place-address","streetAddress":"Rua dos Coqueiros, 104 - Bairro Boa Vista, Rua dos Coqueiros, 104 Bairro Boa Vista","addressLocality":"UBIRATA","postalCode":"85440-000","addressRegion":"PR","addressCountry":"BR"},{"@type":"ImageObject","inLanguage":"en-US","@id":"https:\/\/ubirataonline.com.br\/quien-es-ruben-rocha-el-gobernador-de-sinaloa-e-historico-aliado-de-amlo-al-que-ee-uu-acusa-de-colaborar-con-los-chapitos\/#local-main-organization-logo","url":"https:\/\/ubirataonline.com.br\/wp-content\/uploads\/2026\/06\/logoubirataonline-1.webp","contentUrl":"https:\/\/ubirataonline.com.br\/wp-content\/uploads\/2026\/06\/logoubirataonline-1.webp","width":500,"height":500,"caption":"Ubirat\u00e3 Online Not\u00edcias"}]},"geo.placename":"UBIRATA","geo.position":{"lat":"-24.5361401","long":"-52.9921776"},"geo.region":"Brazil"},"_links":{"self":[{"href":"https:\/\/ubirataonline.com.br\/en\/wp-json\/wp\/v2\/posts\/119682","targetHints":{"allow":["GET"]}}],"collection":[{"href":"https:\/\/ubirataonline.com.br\/en\/wp-json\/wp\/v2\/posts"}],"about":[{"href":"https:\/\/ubirataonline.com.br\/en\/wp-json\/wp\/v2\/types\/post"}],"author":[{"embeddable":true,"href":"https:\/\/ubirataonline.com.br\/en\/wp-json\/wp\/v2\/users\/1"}],"replies":[{"embeddable":true,"href":"https:\/\/ubirataonline.com.br\/en\/wp-json\/wp\/v2\/comments?post=119682"}],"version-history":[{"count":0,"href":"https:\/\/ubirataonline.com.br\/en\/wp-json\/wp\/v2\/posts\/119682\/revisions"}],"wp:featuredmedia":[{"embeddable":true,"href":"https:\/\/ubirataonline.com.br\/en\/wp-json\/wp\/v2\/media\/119683"}],"wp:attachment":[{"href":"https:\/\/ubirataonline.com.br\/en\/wp-json\/wp\/v2\/media?parent=119682"}],"wp:term":[{"taxonomy":"category","embeddable":true,"href":"https:\/\/ubirataonline.com.br\/en\/wp-json\/wp\/v2\/categories?post=119682"},{"taxonomy":"post_tag","embeddable":true,"href":"https:\/\/ubirataonline.com.br\/en\/wp-json\/wp\/v2\/tags?post=119682"}],"curies":[{"name":"wp","href":"https:\/\/api.w.org\/{rel}","templated":true}]}}