{"id":120,"date":"2017-01-03T13:45:38","date_gmt":"2017-01-03T16:45:38","guid":{"rendered":"https:\/\/ubirataonline.com.br\/?p=120"},"modified":"2017-01-03T13:49:23","modified_gmt":"2017-01-03T16:49:23","slug":"retrospectiva-relembre-os-principais-fatos-que-marcaram-ubirata-em-2016","status":"publish","type":"post","link":"https:\/\/ubirataonline.com.br\/en\/retrospectiva-relembre-os-principais-fatos-que-marcaram-ubirata-em-2016\/","title":{"rendered":"Retrospectiva: Relembre os principais fatos que marcaram Ubirat\u00e3 em 2016"},"content":{"rendered":"<p><strong>Relembre\u00a0os fatos mais marcantes do ano na\u00a0Retrospectiva 2016. Algumas not\u00edcias que foram levadas at\u00e9 voc\u00ea internauta pela equipe do Portal de not\u00edcias Ubirat\u00e3 Online.<\/strong><\/p>\n<p><a href=\"https:\/\/ubirataonline.com.br\/2016\/wp-content\/uploads\/2016\/12\/5ba59875-b763-4b91-bb1c-01f220b95e35.jpg\"><img loading=\"lazy\" decoding=\"async\" class=\"alignnone size-full wp-image-11160\" alt=\"5ba59875-b763-4b91-bb1c-01f220b95e35\" src=\"https:\/\/ubirataonline.com.br\/2016\/wp-content\/uploads\/2016\/12\/5ba59875-b763-4b91-bb1c-01f220b95e35.jpg\" width=\"600\" height=\"600\" \/><\/a><\/p>\n<p><strong>JANEIRO<\/strong><\/p>\n<p>&nbsp;<\/p>\n<p>&nbsp;<\/p>\n<p>&nbsp;<\/p>\n<p><strong>O ano de 2016 chegou a Ubirat\u00e3 com muita festa, alegria e desejos de prosperidade<\/strong><\/p>\n<p>A noite de 31 de dezembro em Ubirat\u00e3 foi marcada por muita alegria, emo\u00e7\u00e3o e desejos de prosperidades no momento em que todos unidos saudaram a chegada do Ano Novo: 2016.<\/p>\n<p><a href=\"https:\/\/ubirataonline.com.br\/2016\/wp-content\/uploads\/2016\/12\/01.jpg\"><img loading=\"lazy\" decoding=\"async\" class=\"alignnone size-full wp-image-11079\" alt=\"01\" src=\"https:\/\/ubirataonline.com.br\/2016\/wp-content\/uploads\/2016\/12\/01.jpg\" width=\"460\" height=\"303\" \/><\/a><\/p>\n<p><strong>Tradi\u00e7\u00e3o: Comunidade Curva da On\u00e7a realiza Festa de Reis<\/strong><\/p>\n<p>Pela 21\u00aa vez consecutiva, a Comunidade Rural do munic\u00edpio de Ubirat\u00e3, S\u00e3o Crist\u00f3v\u00e3o, mais conhecida como Curva da On\u00e7a manteve a tradi\u00e7\u00e3o e realizou a Festa de Reis. Neste ano, o dia de Reis foi comemorado numa quarta-feira, e em pleno dia \u00fatil de trabalho, centenas de pessoas se deslocaram at\u00e9 a comunidade para participar das festividades.<\/p>\n<p><a href=\"https:\/\/ubirataonline.com.br\/2016\/wp-content\/uploads\/2016\/12\/02.jpg\"><img loading=\"lazy\" decoding=\"async\" class=\"alignnone size-full wp-image-11080\" alt=\"02\" src=\"https:\/\/ubirataonline.com.br\/2016\/wp-content\/uploads\/2016\/12\/02.jpg\" width=\"460\" height=\"258\" \/><\/a><\/p>\n<p><strong>Conselheiros tutelares eleitos em 2015 tomaram posse em Ubirat\u00e3<\/strong><\/p>\n<p>Foi realizada no plen\u00e1rio da C\u00e2mara Municipal, a cerim\u00f4nia de posse dos novos conselheiros tutelares de Ubirat\u00e3, eleitos pela popula\u00e7\u00e3o em outubro de 2015 e atuar\u00e3o pelo per\u00edodo de quatro anos (2016 a 2020). Os conselheiros titulares empossados foram: Renato Coneglian; Kelly Alessandra Gerez; Grasiele Silva Pontelo; Marcelo Gaspar Carvalho Zem e Everton Luiz da Silva.<\/p>\n<p><a href=\"https:\/\/ubirataonline.com.br\/2016\/wp-content\/uploads\/2016\/12\/03.jpg\"><img loading=\"lazy\" decoding=\"async\" class=\"alignnone size-full wp-image-11081\" alt=\"03\" src=\"https:\/\/ubirataonline.com.br\/2016\/wp-content\/uploads\/2016\/12\/03.jpg\" width=\"460\" height=\"303\" \/><\/a><\/p>\n<p><strong>Ubiratanense passa na primeira fase do The Voice Kids\u00a0<\/strong><\/p>\n<p>Maria Luiza Cavalcanti conseguiu com que os Jurados, Carlinhos Brown e Victor e L\u00e9o virasse suas cadeiras aprovando a audi\u00e7\u00e3o e aprovando-a na primeira fase da competi\u00e7\u00e3o.<\/p>\n<p>Com a m\u00fasica \u201cVoc\u00ea sempre ser\u00e1\u201d ela chamou a aten\u00e7\u00e3o dos jurados e escolheu para seguir em frente com o #TIMEBROWN<\/p>\n<p><a href=\"https:\/\/ubirataonline.com.br\/2016\/wp-content\/uploads\/2016\/12\/04.jpg\"><img loading=\"lazy\" decoding=\"async\" class=\"alignnone size-full wp-image-11082\" alt=\"04\" src=\"https:\/\/ubirataonline.com.br\/2016\/wp-content\/uploads\/2016\/12\/04.jpg\" width=\"460\" height=\"335\" \/><\/a><\/p>\n<p><strong>Colheitadeira pega fogo em Ubirat\u00e3<\/strong><\/p>\n<p>O Fato aconteceu enquanto o maquin\u00e1rio agr\u00edcola fazia a colheita de soja em uma propriedade rural nas proximidades da Comunidade Luz Marina. O operador da m\u00e1quina n\u00e3o sofreu ferimentos.<\/p>\n<p><a href=\"https:\/\/ubirataonline.com.br\/2016\/wp-content\/uploads\/2016\/12\/05.jpg\"><img loading=\"lazy\" decoding=\"async\" class=\"alignnone size-full wp-image-11083\" alt=\"05\" src=\"https:\/\/ubirataonline.com.br\/2016\/wp-content\/uploads\/2016\/12\/05.jpg\" width=\"460\" height=\"221\" \/><\/a><\/p>\n<p><strong>Trabalhador cai de andaime enquanto trabalhava\u00a0<\/strong><\/p>\n<p>Um homem de 56 anos que trabalhava em uma constru\u00e7\u00e3o na Rua Benjamin Constant, teve ferimentos considerados graves ao cair de um andaime.Gilberto Mendes teria se desequilibrado e caiu do andaime em cima de uma laje. Por causa da altura a equipe dos Bombeiros Comunit\u00e1rios teve trabalho para realizar o resgate.<\/p>\n<p><a href=\"https:\/\/ubirataonline.com.br\/2016\/wp-content\/uploads\/2016\/12\/06.jpg\"><img loading=\"lazy\" decoding=\"async\" class=\"alignnone size-full wp-image-11084\" alt=\"06\" src=\"https:\/\/ubirataonline.com.br\/2016\/wp-content\/uploads\/2016\/12\/06.jpg\" width=\"460\" height=\"344\" \/><\/a><\/p>\n<p><strong>Grave acidente na Avenida Asc\u00e2nio Moreira de Carvalho<\/strong><\/p>\n<p>Um acidente na Avenida Asc\u00e2nio Moreira de Carvalho, deixou grande estrago em um ve\u00edculo Fiat Uno. O ve\u00edculo trafegava em alta velocidade e colidiu fortemente contra uma \u00e1rvore e capotou na sequ\u00eancia. O motorista seria um menor que n\u00e3o reside em Ubirat\u00e3.<\/p>\n<p><a href=\"https:\/\/ubirataonline.com.br\/2016\/wp-content\/uploads\/2016\/12\/07.jpg\"><img loading=\"lazy\" decoding=\"async\" class=\"alignnone size-full wp-image-11085\" alt=\"07\" src=\"https:\/\/ubirataonline.com.br\/2016\/wp-content\/uploads\/2016\/12\/07.jpg\" width=\"460\" height=\"410\" \/><\/a><\/p>\n<p><strong>Caminh\u00e3o carregado de soja tomba em estrada rural<\/strong><\/p>\n<p>Um caminh\u00e3o Mercedes Bens que fazia o transporte de soja em uma propriedade rural no munic\u00edpio de Ubirat\u00e3, tombou nas proximidades da Comunidade S\u00e3o Jos\u00e9. O motorista do caminh\u00e3o perdeu o controle do ve\u00edculo que acabou tombando em meio a planta\u00e7\u00e3o espalhando toda a carga de soja no local. O caminh\u00e3o ficou bastante danificado, o motorista nada sofreu.<\/p>\n<p><a href=\"https:\/\/ubirataonline.com.br\/2016\/wp-content\/uploads\/2016\/12\/08.jpg\"><img loading=\"lazy\" decoding=\"async\" class=\"alignnone size-full wp-image-11086\" alt=\"08\" src=\"https:\/\/ubirataonline.com.br\/2016\/wp-content\/uploads\/2016\/12\/08.jpg\" width=\"460\" height=\"276\" \/><\/a><\/p>\n<p><strong>Acidente no Centro deixa duas pessoas feridas<\/strong><\/p>\n<p>Uma colis\u00e3o contra uma \u00e1rvore na Rua Mato Grosso em frente ao pr\u00e9dio do CAMM deixou estrago de grande monta em um ve\u00edculo Fiat Uno. O motorista teria perdido o controle do ve\u00edculo.No ve\u00edculo se encontravam duas pessoas, F\u00e1bio Souza conhecido popularmente como Fabinho professor de dan\u00e7a, foi diagnosticado com suspeita de uma les\u00e3o na s\u00e9tima v\u00e9rtebra e o motorista Ant\u00f4nio Marcos que sofreu uma fratura no f\u00eamur.<\/p>\n<p><a href=\"https:\/\/ubirataonline.com.br\/2016\/wp-content\/uploads\/2016\/12\/09.jpg\"><img loading=\"lazy\" decoding=\"async\" class=\"alignnone size-full wp-image-11087\" alt=\"09\" src=\"https:\/\/ubirataonline.com.br\/2016\/wp-content\/uploads\/2016\/12\/09.jpg\" width=\"460\" height=\"357\" \/><\/a><\/p>\n<p><strong>BR 369: Grave acidente entre \u00f4nibus e carro deixa v\u00e1rios feridos<\/strong><\/p>\n<p>Um grave acidente foi registrado na BR 369, envolvendo um e um gol de Ubirat\u00e3. A batida aconteceu ap\u00f3s o condutor do carro desviar de uma \u00e1rvore que estava na rodovia e invadir a pista contr\u00e1ria. No carro estavam cinco pessoas, duas foram levadas em estado grave pelo helic\u00f3ptero do Samu at\u00e9 o Hospital Universit\u00e1rio. As outras tr\u00eas tiveram ferimentos moderados e receberam encaminhamento a Santa Casa de Ubirat\u00e3. No coletivo, estavam 27 pessoas e ningu\u00e9m se feriu.<\/p>\n<p><a href=\"https:\/\/ubirataonline.com.br\/2016\/wp-content\/uploads\/2016\/12\/101.jpg\"><img loading=\"lazy\" decoding=\"async\" class=\"alignnone size-full wp-image-11088\" alt=\"10\" src=\"https:\/\/ubirataonline.com.br\/2016\/wp-content\/uploads\/2016\/12\/101.jpg\" width=\"460\" height=\"318\" \/><\/a><\/p>\n<p>&nbsp;<\/p>\n<p><strong>FEVEREIRO<\/strong><\/p>\n<p>&nbsp;<\/p>\n<p>&nbsp;<\/p>\n<p><strong>Agricultor rola com trator por cerca de cinquenta metros e sai ileso<\/strong><\/p>\n<p>Agricultor Celso Vieira \u201cnasceu\u201d de novo quando fazia a retirada de um trator que estava atolado em uma propriedade rural na Comunidade Palmeirinha. O trator em que Celso estava n\u00e3o segurou o freio devido ao barro e caiu num morro por aproximadamente 50 metros, rolando umas 5 vezes. O trator que o agricultor estava ficou bastante danificado e apesar do susto ele teve apenas algumas escoria\u00e7\u00f5es na perna, bra\u00e7o e no rosto.<\/p>\n<h1>\u00a0<a href=\"https:\/\/ubirataonline.com.br\/2016\/wp-content\/uploads\/2016\/12\/112.jpg\"><img loading=\"lazy\" decoding=\"async\" class=\"alignnone size-full wp-image-11091\" alt=\"11\" src=\"https:\/\/ubirataonline.com.br\/2016\/wp-content\/uploads\/2016\/12\/112.jpg\" width=\"460\" height=\"389\" \/><\/a><\/h1>\n<p><strong>Mulher \u00e9 apreendida ao tentar entra com celulares na cadeia de Ubirat\u00e3<\/strong><\/p>\n<p>Agentes do Depen impediram a entrada de sete celulares e dois carregadores na carceragem da 50\u00aa Delegacia de Pol\u00edcia de Ubirat\u00e3. Uma mulher tentou passar os aparelhos em tr\u00eas fundos falsos de potes de alimentos durante o hor\u00e1rio da visita. Ela foi apreendida pelo pessoal do Departamento Penal e conduzida para a Pol\u00edcia Civil.<\/p>\n<p>&nbsp;<\/p>\n<p><a href=\"https:\/\/ubirataonline.com.br\/2016\/wp-content\/uploads\/2016\/12\/122.jpg\"><img loading=\"lazy\" decoding=\"async\" class=\"alignnone size-full wp-image-11092\" alt=\"12\" src=\"https:\/\/ubirataonline.com.br\/2016\/wp-content\/uploads\/2016\/12\/122.jpg\" width=\"460\" height=\"343\" \/><\/a><\/p>\n<p><strong>Bloco Amoricana \u00e9 o grande campe\u00e3o do Carnaval da Seringueira 2016<\/strong><\/p>\n<p>Durante as tr\u00eas noites do Carnaval da Seringueira 2016 &#8211; os mais de 1.100 integrantes que se organizaram para participar dos blocos carnavalescos realizaram uma grande festa e uma saud\u00e1vel disputa envolvendo todos os foli\u00f5es. Com a presen\u00e7a de jurados de outros munic\u00edpios foram avaliados diversos quesitos.\u00a0 Comiss\u00e3o Organizadora se reuniu com os presidentes dos blocos e fez a soma das notas. Com 142,70 pontos o bloco Amoricana foi o grande campe\u00e3o; em 2\u00ba lugar ficou: S\u00f3 Capim Canela com 141,15 pontos e na 3\u00aa coloca\u00e7\u00e3o: Derramados com 137,40 pontos. A pontua\u00e7\u00e3o m\u00e1xima que poderia ser atingida era de 150 pontos. O bloco Cacildis n\u00e3o concorreu a disputa de bloco este ano.<\/p>\n<p><a href=\"https:\/\/ubirataonline.com.br\/2016\/wp-content\/uploads\/2016\/12\/13.jpg\"><img loading=\"lazy\" decoding=\"async\" class=\"alignnone size-full wp-image-11093\" alt=\"13\" src=\"https:\/\/ubirataonline.com.br\/2016\/wp-content\/uploads\/2016\/12\/13.jpg\" width=\"460\" height=\"303\" \/><\/a><\/p>\n<p><strong>Caminh\u00e3o carregado de soja tomba e motorista fica ferido<\/strong><\/p>\n<p>Um grave acidente deixou uma pessoa ferida na rodovia Ercides Rosseto, pr\u00f3ximo a cooperativa Coagru. O motorista de um caminh\u00e3o carregado de soja teria perdido a dire\u00e7\u00e3o do ve\u00edculo em uma curva o que ocasionou o tombamento as margens da rodovia deixando a carga toda espalhada pelo ch\u00e3o.O corpo de Bombeiros esteve no local prestando os primeiros socorros. O motoristas teve varias les\u00f5es pelo corpo.<\/p>\n<p><a href=\"https:\/\/ubirataonline.com.br\/2016\/wp-content\/uploads\/2016\/12\/14.jpg\"><img loading=\"lazy\" decoding=\"async\" class=\"alignnone size-full wp-image-11094\" alt=\"14\" src=\"https:\/\/ubirataonline.com.br\/2016\/wp-content\/uploads\/2016\/12\/14.jpg\" width=\"460\" height=\"300\" \/><\/a><\/p>\n<p><strong>Jovem \u00e9 encontrado morto no centro de Ubirat\u00e3<\/strong><\/p>\n<p>O Jovem Henrique Conteiro Nobre, de 24 anos, foi encontrado morto\u00a0no centro de Ubirat\u00e3. O Corpo do jovem foi localizado no Edif\u00edcio \u00a0Itapu\u00e3. A Pol\u00edcia Militar confirmou \u00a0a morte \u00a0do rapaz pela queda de uma altura relevante. A morte do jovem comoveu e emocionou toda cidade.<\/p>\n<p><a href=\"https:\/\/ubirataonline.com.br\/2016\/wp-content\/uploads\/2016\/12\/15.jpg\"><img loading=\"lazy\" decoding=\"async\" class=\"alignnone size-full wp-image-11095\" alt=\"15\" src=\"https:\/\/ubirataonline.com.br\/2016\/wp-content\/uploads\/2016\/12\/15.jpg\" width=\"460\" height=\"380\" \/><\/a><\/p>\n<p><strong>Pela primeira vez escorpi\u00e3o amarelo \u00e9 encontrado em Ubirat\u00e3<\/strong><\/p>\n<p>Pela primeira vez um escorpi\u00e3o amarelo \u2013 esp\u00e9cie venenosa \u2013 \u00e9 encontrando em Ubirat\u00e3. O animal estava no quintal de uma resid\u00eancia na Rua Costa e Silva, localizada ao lado de um terreno baldio com muito mato.O animal que foi morto pelos donos da resid\u00eancia e encaminhado para an\u00e1lise na Regional de Sa\u00fade, em Campo Mour\u00e3o.<\/p>\n<p><a href=\"https:\/\/ubirataonline.com.br\/2016\/wp-content\/uploads\/2016\/12\/16.jpg\"><img loading=\"lazy\" decoding=\"async\" class=\"alignnone size-full wp-image-11096\" alt=\"16\" src=\"https:\/\/ubirataonline.com.br\/2016\/wp-content\/uploads\/2016\/12\/16.jpg\" width=\"460\" height=\"263\" \/><\/a><\/p>\n<p><strong>Dois elementos s\u00e3o presos e objetos de furto em empresa recuperados<\/strong><\/p>\n<p>A pol\u00edcia militar de Ubirat\u00e3 em um trabalho r\u00e1pido e eficiente ap\u00f3s receber den\u00fancia que duas empresas foram furtadas e diante dos fatos sa\u00edram em dilig\u00eancias em busca de localizar os autores dos furtos. Uma chave encontrada pr\u00f3ximo ao estabelecimento furtado, levaram a pol\u00edcia a localizar os ladr\u00f5es. A chave seria de um hotel no centro da cidade. A pol\u00edcia foi at\u00e9 o local e localizou os elementos e os produtos oriundos do furto.Dois elementos com passagens pela pol\u00edcia foram presos e todos os objetos do furto recuperados.<\/p>\n<p><a href=\"https:\/\/ubirataonline.com.br\/2016\/wp-content\/uploads\/2016\/12\/17.jpg\"><img loading=\"lazy\" decoding=\"async\" class=\"alignnone size-full wp-image-11097\" alt=\"17\" src=\"https:\/\/ubirataonline.com.br\/2016\/wp-content\/uploads\/2016\/12\/17.jpg\" width=\"371\" height=\"459\" \/><\/a><\/p>\n<p><strong>Equipamentos cir\u00fargicos s\u00e3o furtados da Santa Casa<\/strong><\/p>\n<p>Foi furtado do Hospital Santa Casa de Ubirat\u00e3 v\u00e1rios aparelhos cir\u00fargicos, medicamentos e produtos usados em procedimentos m\u00e9dicos. Uma enfermeira avistou um individuo suspeito dentro do hospital. A enfermeira achou estranho o comportamento e quando foi chamar outro funcion\u00e1rio do hospital para verificar a situa\u00e7\u00e3o, o mesmo havia se evadido do local. O furto s\u00f3\u00a0foi percebido na troca de turno durante a manh\u00e3. V\u00e1rios aparelhos e medicamentos foram levados.<\/p>\n<p><a href=\"https:\/\/ubirataonline.com.br\/2016\/wp-content\/uploads\/2016\/12\/19.jpg\"><img loading=\"lazy\" decoding=\"async\" class=\"alignnone size-full wp-image-11098\" alt=\"19\" src=\"https:\/\/ubirataonline.com.br\/2016\/wp-content\/uploads\/2016\/12\/19.jpg\" width=\"460\" height=\"290\" \/><\/a><\/p>\n<p><strong>MAR\u00c7O<\/strong><\/p>\n<p>&nbsp;<\/p>\n<p>&nbsp;<\/p>\n<p><strong>Acidente na BR 369 em Ubirat\u00e3 tira a vida de motociclista<\/strong><\/p>\n<p>Um grave acidente na BR 369 pr\u00f3ximo a Comunidade P\u00e9 de Galinha em Ubirat\u00e3, envolvendo um autom\u00f3vel e uma moto deixou uma v\u00edtima fatal, La\u00e9rcio Luiz de Jesus da Silva, 30 anos, morador na Cidade de Moreira Sales veio a \u00f3bito no local ap\u00f3s colidir frontalmente com um ve\u00edculo Vectra, que teve apenas danos materiais.<\/p>\n<p><a href=\"https:\/\/ubirataonline.com.br\/2016\/wp-content\/uploads\/2016\/12\/20.jpg\"><img loading=\"lazy\" decoding=\"async\" class=\"alignnone size-full wp-image-11099\" alt=\"20\" src=\"https:\/\/ubirataonline.com.br\/2016\/wp-content\/uploads\/2016\/12\/20.jpg\" width=\"460\" height=\"306\" \/><\/a><\/p>\n<p><strong>&#8220;Menino de A\u00e7o&#8221; Igor Bigueti falece ap\u00f3s meses de tratamento<\/strong><\/p>\n<p>O garotinho Igor Bigueti , 8 anos, conhecido carinhosamente como \u201cO Menino de A\u00e7o de Ubirat\u00e3\u201d faleceu na manh\u00e3 de domingo, 06, em Curitiba. Igor teve a doen\u00e7a chamada Anemia de Fanconi, que causa disfun\u00e7\u00f5es na medula, altera\u00e7\u00f5es renais e anomalias no esqueleto.<\/p>\n<p><a href=\"https:\/\/ubirataonline.com.br\/2016\/wp-content\/uploads\/2016\/12\/21.jpg\"><img loading=\"lazy\" decoding=\"async\" class=\"alignnone size-full wp-image-11100\" alt=\"21\" src=\"https:\/\/ubirataonline.com.br\/2016\/wp-content\/uploads\/2016\/12\/21.jpg\" width=\"460\" height=\"217\" \/><\/a><\/p>\n<p><strong>Evento especial homenageou as mulheres ubiratanenses<\/strong><\/p>\n<p>Para comemorar o Dia Internacional da Mulher e para homenagear todas as ubiratanenses, a Administra\u00e7\u00e3o Caminhando para o Futuro, promoveu um evento especial que contou com apresenta\u00e7\u00f5es, sorteio de brindes e a participa\u00e7\u00e3o de Rosi Neto, que ministrou uma bela palestra com o tema: \u2018Mulheres que Brilham\u2019.O evento contou com a presen\u00e7a de cerca de 500 mulheres.<\/p>\n<p><a href=\"https:\/\/ubirataonline.com.br\/2016\/wp-content\/uploads\/2016\/12\/22.jpg\"><img loading=\"lazy\" decoding=\"async\" class=\"alignnone size-full wp-image-11101\" alt=\"22\" src=\"https:\/\/ubirataonline.com.br\/2016\/wp-content\/uploads\/2016\/12\/22.jpg\" width=\"460\" height=\"304\" \/><\/a><\/p>\n<p><strong>Iniciada as obras do novo cal\u00e7ad\u00e3o<\/strong><\/p>\n<p>Teve in\u00edcio as obras de constru\u00e7\u00e3o de mais um cal\u00e7ad\u00e3o em Ubirat\u00e3. O trecho da Avenida Nilza de Oliveira Pipino, entre as ruas Ernesto Novaes de Souza e Bras\u00edlia, em frente \u00e0 prefeitura, ser\u00e1 a 6\u00aa quadra da referida via a ter cal\u00e7ad\u00e3o.Os recursos para constru\u00e7\u00e3o desse cal\u00e7ad\u00e3o em frente prefeitura s\u00e3o pr\u00f3prios do munic\u00edpio.<\/p>\n<p><a href=\"https:\/\/ubirataonline.com.br\/2016\/wp-content\/uploads\/2016\/12\/23.jpg\"><img loading=\"lazy\" decoding=\"async\" class=\"alignnone size-full wp-image-11102\" alt=\"23\" src=\"https:\/\/ubirataonline.com.br\/2016\/wp-content\/uploads\/2016\/12\/23.jpg\" width=\"460\" height=\"303\" \/><\/a><\/p>\n<p><strong>Inaugurada Unidade de Sa\u00fade Central; mais de R$ 800 mil em investimentos<\/strong><\/p>\n<p>A Administra\u00e7\u00e3o Caminhando para o Futuro inaugurou a Unidade de Sa\u00fade Central que ir\u00e1 atender moradores da regi\u00e3o central da cidade. A obra, que visa trazer ainda mais qualidade de vida nos servi\u00e7os de sa\u00fade para a\u00a0popula\u00e7\u00e3o, \u00e9 formada por uma ampla e moderna estrutura em uma \u00e1rea constru\u00edda de 338 m\u00b2, na qual est\u00e3o distribu\u00eddos para atendimento, dois consult\u00f3rios m\u00e9dicos, consult\u00f3rio odontol\u00f3gico, salas de vacina, fisioterapia, de procedimentos, de curativo, de inala\u00e7\u00e3o, de reuni\u00f5es, de observa\u00e7\u00f5es, sala administrativa, sanit\u00e1rios, copa e recep\u00e7\u00e3o.<\/p>\n<p><a href=\"https:\/\/ubirataonline.com.br\/2016\/wp-content\/uploads\/2016\/12\/24.jpg\"><img loading=\"lazy\" decoding=\"async\" class=\"alignnone size-full wp-image-11103\" alt=\"24\" src=\"https:\/\/ubirataonline.com.br\/2016\/wp-content\/uploads\/2016\/12\/24.jpg\" width=\"460\" height=\"303\" \/><\/a><\/p>\n<p><strong>ABRIL<\/strong><\/p>\n<p>&nbsp;<\/p>\n<p>&nbsp;<\/p>\n<p><strong>CUICA &#8211; 10 Anos<\/strong><\/p>\n<p>A Companhia Ubiratanense Independente de Cinema Amador \u2013 CUICA, nasceu oficialmente no dia 1\u00ba de abril de 2006. Uma ideia aventada por Odair Roberto da Silva e que recebeu apoio de pessoas interessadas em ajudar a promover o munic\u00edpio de Ubirat\u00e3 no cen\u00e1rio cultural. Dez anos depois de sua funda\u00e7\u00e3o a CUICA est\u00e1 disponibilizando aos internautas o \u00faltimo de seus trabalhos, \u201cO filho do Gibi\u201d, mantido at\u00e9 ent\u00e3o apenas em DVD. Outros trabalhos tamb\u00e9m est\u00e3o no Youtube e podem ser acessados. Um novo filme esta sendo gravado e devera ser lan\u00e7ado em 2017.<\/p>\n<p><a href=\"https:\/\/ubirataonline.com.br\/2016\/wp-content\/uploads\/2016\/12\/25.jpg\"><img loading=\"lazy\" decoding=\"async\" class=\"alignnone size-full wp-image-11104\" alt=\"25\" src=\"https:\/\/ubirataonline.com.br\/2016\/wp-content\/uploads\/2016\/12\/25.jpg\" width=\"460\" height=\"345\" \/><\/a><\/p>\n<p><strong>6\u00ba Encontro de Carros Antigos proporcionou aos visitantes uma viagem no tempo<\/strong><\/p>\n<p>O 6\u00ba Encontro de Carros Antigos de Ubirat\u00e3, realizado na Pra\u00e7a Vereador Hor\u00e1cio Jos\u00e9 Ribeiro, fez com que os ubiratanenses que visitaram o local pudessem voltar ao passado atrav\u00e9s de uma viagem nost\u00e1lgica proporcionado pela exposi\u00e7\u00e3o de diversas \u2018m\u00e1quinas do tempo\u2019 evento organizado pelo Veteran Car Club reuniu centenas de carros, motos, bicicletas, pe\u00e7as e acess\u00f3rios\u00a0antigos.<\/p>\n<p><a href=\"https:\/\/ubirataonline.com.br\/2016\/wp-content\/uploads\/2016\/12\/26.jpg\"><img loading=\"lazy\" decoding=\"async\" class=\"alignnone size-full wp-image-11105\" alt=\"26\" src=\"https:\/\/ubirataonline.com.br\/2016\/wp-content\/uploads\/2016\/12\/26.jpg\" width=\"460\" height=\"303\" \/><\/a><\/p>\n<p><strong>Super Creche em constru\u00e7\u00e3o; obra vai suprir demanda de vagas na educa\u00e7\u00e3o infantil<\/strong><\/p>\n<p>A t\u00e3o aguardada Creche Escola Proinfancia tipo 1, que popularmente \u00e9 conhecida como \u201cSuper Creche\u201d j\u00e1 est\u00e1 sendo constru\u00edda em Ubirat\u00e3 para atender 188 alunos em per\u00edodo integral ou 376 alunos em dois turnos, no total ser\u00e3o 1.513,16 m\u00b2 de \u00e1rea constru\u00edda. Os recursos para constru\u00e7\u00e3o, na ordem de R$ 1.927.667,98, s\u00e3o oriundos do Fundo Nacional de Desenvolvimento da Educa\u00e7\u00e3o (FNDE), atrav\u00e9s de uma intervers\u00e3o direta do deputado federal Hermes \u2018Frang\u00e3o\u2019 Parcianello.<\/p>\n<p><a href=\"https:\/\/ubirataonline.com.br\/2016\/wp-content\/uploads\/2016\/12\/27.jpg\"><img loading=\"lazy\" decoding=\"async\" class=\"alignnone size-full wp-image-11106\" alt=\"27\" src=\"https:\/\/ubirataonline.com.br\/2016\/wp-content\/uploads\/2016\/12\/27.jpg\" width=\"460\" height=\"258\" \/><\/a><\/p>\n<p><strong>PRE de Guarapuava recupera 8 fugitivos da cadeia de Ubirat\u00e3<\/strong><\/p>\n<p>12 presos fugiram da delegacia de Ubirata ap\u00f3s fazerem o carcereiro de ref\u00e9m; 8 foram recapturados pela PRE de Guarapuava<\/p>\n<h1><a href=\"https:\/\/ubirataonline.com.br\/2016\/wp-content\/uploads\/2016\/12\/28.jpg\"><img loading=\"lazy\" decoding=\"async\" class=\"alignnone size-full wp-image-11107\" alt=\"28\" src=\"https:\/\/ubirataonline.com.br\/2016\/wp-content\/uploads\/2016\/12\/28.jpg\" width=\"460\" height=\"258\" \/><\/a><\/h1>\n<p><strong>800 ciclistas de 40 munic\u00edpios participaram do circuito \u201cVou de Bike\u201d, etapa de Ubirat\u00e3<\/strong><\/p>\n<p>Foi realizado em Ubirat\u00e3, mais uma edi\u00e7\u00e3o do circuito \u2018Vou de Bike\u2019. O evento esportivo organizado pelo grupo \u2018Bira Bikers\u2019 contou com o apoio da Administra\u00e7\u00e3o Caminhando para o Futuro e teve a participa\u00e7\u00e3o de 800 ciclistas de 40 munic\u00edpios. Com sa\u00edda da Arcapu Urbana, os ciclistas puderam optar por dois trajetos: o Light, onde percorreram 30 Km e o Sport, no qual o trajeto foi composto pelo percurso de 50 Km.<\/p>\n<p><a href=\"https:\/\/ubirataonline.com.br\/2016\/wp-content\/uploads\/2016\/12\/29.jpg\"><img loading=\"lazy\" decoding=\"async\" class=\"alignnone size-full wp-image-11108\" alt=\"29\" src=\"https:\/\/ubirataonline.com.br\/2016\/wp-content\/uploads\/2016\/12\/29.jpg\" width=\"460\" height=\"303\" \/><\/a><\/p>\n<p><strong>MAIO<\/strong><\/p>\n<p>&nbsp;<\/p>\n<p>&nbsp;<\/p>\n<p><strong>Maior campeonato de truco \u201ctrios\u201d do Brasil teve in\u00edcio em Ubirat\u00e3<\/strong><\/p>\n<p>Foi realizado na Arcapu Urbana, a abertura oficial do 10\u00ba Campeonato de Truco \u2018Empresa Solid\u00e1ria\u2019 (edi\u00e7\u00e3o comemorativa), promovido pelo Lions Club de Ubirat\u00e3. O evento j\u00e1 tradicional no munic\u00edpio \u00e9 considerado o maior campeonato de truco \u201ctrios\u201d do Brasil com \u00a0168 trios inscritos e mais de 1.000 participantes, entre titulares e reservas. Todos por uma \u00fanica a\u00e7\u00e3o, dar continuidade ao projeto idealizado pelo Sr. C\u00edcero Nuto de Figueiredo (in memoriam) e colaborar com a institui\u00e7\u00e3o Social \u2018SOS Cicero Nuto Figueiredo \u2019, projeto ubiratanense que atende 75 crian\u00e7as e adolescentes, com idade entre 5 e 18 anos e que \u00e9 amparado pelo Lions Ubirat\u00e3 em parceria com a Prefeitura de Ubirat\u00e3.<\/p>\n<p><a href=\"https:\/\/ubirataonline.com.br\/2016\/wp-content\/uploads\/2016\/12\/30.jpg\"><img loading=\"lazy\" decoding=\"async\" class=\"alignnone size-full wp-image-11109\" alt=\"30\" src=\"https:\/\/ubirataonline.com.br\/2016\/wp-content\/uploads\/2016\/12\/30.jpg\" width=\"460\" height=\"304\" \/><\/a><\/p>\n<p><strong>Ubiratanense tenta fugir da PM, capota o ve\u00edculo na BR 369 e \u00e9 preso<\/strong><\/p>\n<p>A \u00a0equipe de servi\u00e7o da PM de Ubirat\u00e3 ao tentar cumprir mandato de pris\u00e3o a um morador de Ubirat\u00e3 suspeito de participa\u00e7\u00e3o em roubo a \u00f4nibus e furto de ve\u00edculo, tinha passado na cidade de Boa Esperan\u00e7a e seguia sentido BR-369 com um ve\u00edculo Gol de cor preta. Pr\u00f3ximo ao trevo de Campina da Lagoa encontrou o ve\u00edculo suspeito e ao tentar fazer abordagem o condutor empreendeu fuga. Ap\u00f3s acompanhamento t\u00e1tico o condutor perdeu o controle da dire\u00e7\u00e3o, saindo da pista e capotando o carro, o condutor tentou empreender fuga a p\u00e9, mas foi contido pelos policiais que lhe deram voz de pris\u00e3o.<\/p>\n<p><a href=\"https:\/\/ubirataonline.com.br\/2016\/wp-content\/uploads\/2016\/12\/31.jpg\"><img loading=\"lazy\" decoding=\"async\" class=\"alignnone size-full wp-image-11110\" alt=\"31\" src=\"https:\/\/ubirataonline.com.br\/2016\/wp-content\/uploads\/2016\/12\/31.jpg\" width=\"460\" height=\"258\" \/><\/a><\/p>\n<p><strong>Casa alagada em Ubirat\u00e3; chuva de granizo e tornado atingem cidades da regi\u00e3o<\/strong><\/p>\n<p>A chuva apesar de ser r\u00e1pida deixou estragos em Ubirat\u00e3 e em toda regi\u00e3o. Em Ubirat\u00e3, apenas alguns bairros foram atingidos com granizo. Por\u00e9m a chuva invadiu uma resid\u00eancia na Rua Rio Grande do Sul e deixou um grande estrago nos m\u00f3veis da resid\u00eancia, al\u00e9m de muita sujeira. A \u00a0\u00e1gua atingiu cerca de um metro de altura<\/p>\n<p><a href=\"https:\/\/ubirataonline.com.br\/2016\/wp-content\/uploads\/2016\/12\/32.jpg\"><img loading=\"lazy\" decoding=\"async\" class=\"alignnone size-full wp-image-11111\" alt=\"32\" src=\"https:\/\/ubirataonline.com.br\/2016\/wp-content\/uploads\/2016\/12\/32.jpg\" width=\"460\" height=\"345\" \/><\/a><\/p>\n<p><strong>Prefeito Baco autoriza recape asf\u00e1ltico; recupera\u00e7\u00e3o da malha vi\u00e1ria da Rodovia Ercides Rossetto tem in\u00edcio imediato<\/strong><\/p>\n<p>Foi assinado a ordem de servi\u00e7o onde o prefeito Baco, autorizou a empresa a executar a recupera\u00e7\u00e3o da rodovia, que liga a sede do munic\u00edpio ao Distrito de Yolanda. Os recursos para o recape foram financiados pelo Munic\u00edpio de Ubirat\u00e3 junto Ag\u00eancia de Fomento Paran\u00e1, no valor de R$ 1.981.287,69. Por\u00e9m, na licita\u00e7\u00e3o, a empresa vencedora ofereceu uma proposta de R$ 1.681.032,48, sendo que com este saldo de conv\u00eanio de cerca de R$ 300.000,00 poder\u00e1 ser feito mais um quilometro de recape asf\u00e1ltico na referida rodovia. O munic\u00edpio busca ainda junto ao Governo do Estado a retomada de um conv\u00eanio para que possa fazer mais um trecho de recape na rodovia.<\/p>\n<p><a href=\"https:\/\/ubirataonline.com.br\/2016\/wp-content\/uploads\/2016\/12\/33.jpg\"><img loading=\"lazy\" decoding=\"async\" class=\"alignnone size-full wp-image-11112\" alt=\"33\" src=\"https:\/\/ubirataonline.com.br\/2016\/wp-content\/uploads\/2016\/12\/33.jpg\" width=\"460\" height=\"304\" \/><\/a><\/p>\n<p><strong>Totalmente revitalizada, Capela Mortu\u00e1ria \u00e9 reinaugurada e entregue a comunidade<\/strong><\/p>\n<p>O prefeito Baco, entregou para comunidade, a Capela Mortu\u00e1ria que foi totalmente revitalizada.Agora, o local conta com mais uma sala para vel\u00f3rio (totalizando tr\u00eas), al\u00e9m de tr\u00eas locais para copa. O piso, cobertura, portas e janelas foram substitu\u00eddas. Os bancos de concreto foram rebaixados e uma nova pintura interna e externa foi feito nas paredes, al\u00e9m da reforma das instala\u00e7\u00f5es sanit\u00e1rias, revis\u00e3o da parte el\u00e9trica e hidr\u00e1ulica, revitaliza\u00e7\u00e3o das cal\u00e7adas, paisagismo, cobertura em policarbonato e climatiza\u00e7\u00e3o das 3 salas, entre outras benfeitorias. A prefeitura investiu com recursos pr\u00f3prios \u00a0R$ 220.000,00 na reforma e na aquisi\u00e7\u00e3o de equipamentos para climatiza\u00e7\u00e3o dos ambientes.<\/p>\n<p><a href=\"https:\/\/ubirataonline.com.br\/2016\/wp-content\/uploads\/2016\/12\/34.jpg\"><img loading=\"lazy\" decoding=\"async\" class=\"alignnone size-full wp-image-11113\" alt=\"34\" src=\"https:\/\/ubirataonline.com.br\/2016\/wp-content\/uploads\/2016\/12\/34.jpg\" width=\"460\" height=\"304\" \/><\/a><\/p>\n<p><strong>JUNHO<\/strong><\/p>\n<p>&nbsp;<\/p>\n<p>&nbsp;<\/p>\n<p><strong>PM de Ubirat\u00e3 recupera motocicleta 20 minutos ap\u00f3s ser furtada<\/strong><\/p>\n<p>A Pol\u00edcia Militar foi informada que havia acontecido um furto de um motocicleta nas proximidade do Posto de Sa\u00fade, no local foram informados pela v\u00edtima de que ela havia deixado a motocicleta Honda Fan, estacionada e ao entrar na resid\u00eancia de um amigo a motocicleta teria sido furtada sem chaves. Realizando \u00a0ronda no objetivo de recuperar a mesma e nas proximidades de um Posto de Combust\u00edvel \u00a0observaram uma movimenta\u00e7\u00e3o estranha e ao retornar verificou que a motocicleta furtada havia sido abandona ca\u00edda na rua.<\/p>\n<p><a href=\"https:\/\/ubirataonline.com.br\/2016\/wp-content\/uploads\/2016\/12\/35.jpg\"><img loading=\"lazy\" decoding=\"async\" class=\"alignnone size-full wp-image-11114\" alt=\"35\" src=\"https:\/\/ubirataonline.com.br\/2016\/wp-content\/uploads\/2016\/12\/35.jpg\" width=\"460\" height=\"343\" \/><\/a><\/p>\n<p><strong>Morre aos 82 anos, Apol\u00f4nia, vi\u00fava do Ex-prefeito &#8220;Tomaiz\u00e3o&#8221;<\/strong><\/p>\n<p>Faleceu Apol\u00f4nia Pereira Lima, 82 anos, devido a uma parada cardiorrespirat\u00f3ria.\u00a0Apol\u00f4nia era vi\u00fava do ex-prefeito de Ubirat\u00e3, Tomaz Izidro de Lima (Tomaiz\u00e3o).<\/p>\n<p><a href=\"https:\/\/ubirataonline.com.br\/2016\/wp-content\/uploads\/2016\/12\/36.jpg\"><img loading=\"lazy\" decoding=\"async\" class=\"alignnone size-full wp-image-11115\" alt=\"36\" src=\"https:\/\/ubirataonline.com.br\/2016\/wp-content\/uploads\/2016\/12\/36.jpg\" width=\"460\" height=\"402\" \/><\/a><\/p>\n<p><strong>Homem \u00e9 encontrado morto em Ubirat\u00e3<\/strong><\/p>\n<p>A Equipe da Policia Militar de Ubirat\u00e3, recebeu uma liga\u00e7\u00e3o informando que havia uma pessoa seminua ca\u00edda ao ch\u00e3o no loteamento nas proximidades da Cooperativa Coagru. Quando a equipe saia para o local recebeu outra liga\u00e7\u00e3o na qual informavam que havia um versalhes batido e com sangue estacionado em frente a pista de treinamento de uma Auto Escola.\u00a0Desta forma, compareceram ao local e constataram que a v\u00edtima havia sido morta possivelmente com disparo de arma de fogo, sendo que ao verificarem o autom\u00f3vel constatou-se que realmente tinha sangue e estava em nome de O.N e que esse seria a pessoa em \u00f3bito.<\/p>\n<p><a href=\"https:\/\/ubirataonline.com.br\/2016\/wp-content\/uploads\/2016\/12\/37.jpg\"><img loading=\"lazy\" decoding=\"async\" class=\"alignnone size-full wp-image-11117\" alt=\"37\" src=\"https:\/\/ubirataonline.com.br\/2016\/wp-content\/uploads\/2016\/12\/37.jpg\" width=\"460\" height=\"258\" \/><\/a><\/p>\n<p><strong>JULHO<\/strong><\/p>\n<p>&nbsp;<\/p>\n<p>&nbsp;<\/p>\n<p><strong>Ubiratanenses ficam gravemente feridos em acidente na PR 239<\/strong><\/p>\n<p>Um grave acidente pr\u00f3ximo a ponte do Rio Tricolor envolvendo um Escort que seguia sentido Campina da Lagoa quando o condutor se perdeu e invadiu a pista contr\u00e1ria colidindo de frente com uma motocicleta\u00a0 Bros que seguia sentido Ubirat\u00e3. Na motocicleta estavam Fernando Ciciliato e Marcos Junior Ciciliato ambos tiveram ferimentos graves e foram encaminhados para um hospital de Ubirat\u00e3 e posteriormente foram removidos para Cascavel. A Pol\u00edcia Rodovi\u00e1ria Estadual constatou que o condutor do ve\u00edculo n\u00e3o possu\u00eda CHN e\u00a0 no teste do baf\u00f4metro ficou constatado 0,60 miligrama\/litro, caracterizando embriagues ao volante descrito no Art. 306 do C\u00f3digo de Tr\u00e2nsito.<\/p>\n<p><a href=\"https:\/\/ubirataonline.com.br\/2016\/wp-content\/uploads\/2016\/12\/38.jpg\"><img loading=\"lazy\" decoding=\"async\" class=\"alignnone size-full wp-image-11118\" alt=\"38\" src=\"https:\/\/ubirataonline.com.br\/2016\/wp-content\/uploads\/2016\/12\/38.jpg\" width=\"460\" height=\"306\" \/><\/a><\/p>\n<p><strong>Homem \u00e9 executado com tiros de pistola .380<\/strong><\/p>\n<p>Policiais Militares compareceram no Jd Petrica, onde se deparou com um ve\u00edculo Gol e em seu interior Jo\u00e3o Maria, 46 anos, com um ferimento na cabe\u00e7a provocado por disparos de arma de fogo. O Corpo de Bombeiro encaminhou para o Hospital Santa Casa onde veio a \u00f3bito.A Policia Civil localizou 01 estojo de muni\u00e7\u00e3o de pistola cal. 380 e no tapete um estilha\u00e7o de proj\u00e9til. De acordo com a per\u00edcia o autor dos disparos estaria no interior do ve\u00edculo do lado do carona.No momento que a equipe chegou no local a porta do lado direito do referido ve\u00edculo estava aberta e o motor funcionando.<\/p>\n<p><a href=\"https:\/\/ubirataonline.com.br\/2016\/wp-content\/uploads\/2016\/12\/39.jpg\"><img loading=\"lazy\" decoding=\"async\" class=\"alignnone size-full wp-image-11119\" alt=\"39\" src=\"https:\/\/ubirataonline.com.br\/2016\/wp-content\/uploads\/2016\/12\/39.jpg\" width=\"460\" height=\"317\" \/><\/a><\/p>\n<p><strong>\u00a0Mulher leva tiros ap\u00f3s tentativa de assalto em Ubirat\u00e3<\/strong><\/p>\n<p>A PM recebeu informa\u00e7\u00e3o que um indiv\u00edduo de moto havia efetuado disparos de arma de fogo na Rua Parigot de Souza. No local, In\u00eas Borkoviski foi v\u00edtima de uma tentativa de assalto dentro da pr\u00f3pria resid\u00eancia. Ensanguentada e relatando que o autor seria W.H. e que o mesmo tentou rouba-l\u00e1 e como ela reagiu ele atirou e desferiu golpes de faca. A v\u00edtima foi encaminhada em estado grave para Campo Mour\u00e3o, com perfura\u00e7\u00f5es no rosto e pesco\u00e7o, ela teve dezenas de facadas durante a luta com o assaltante e uma delas perfurou o pesco\u00e7o.<\/p>\n<p>A PM foi at\u00e9 a resid\u00eancia do acusado e a esposa relatou que ele chegou com ferimento nas m\u00e3os, trocou de roupas e se evadiu rumo ignorado. O autor do crime se entregou posteriormente na delegacia de Pol\u00edcia C\u00edvil, e foi encaminhado para uma cela prisional. A v\u00edtima ficou internada por alguns dias e recebeu alta.<\/p>\n<p><a href=\"https:\/\/ubirataonline.com.br\/2016\/wp-content\/uploads\/2016\/12\/40.jpg\"><img loading=\"lazy\" decoding=\"async\" class=\"alignnone size-full wp-image-11120\" alt=\"40\" src=\"https:\/\/ubirataonline.com.br\/2016\/wp-content\/uploads\/2016\/12\/40.jpg\" width=\"349\" height=\"350\" \/><\/a><\/p>\n<p><strong style=\"font-size: 14px;\">Homem atira na multid\u00e3o durante baile<\/strong><\/p>\n<p>Um homem foi a at\u00e9 o Country Clube de Ubirat\u00e3, onde estava sendo realizado um baile com DJ Tiago. A festa estava sendo realizada \u00e0 beira da piscina, quando um indiv\u00edduo se aproximou da cerca do clube e efetuou v\u00e1rios disparos contra a multid\u00e3o. Um tiro acertou o gl\u00fateo de Jo\u00e3o N.O. Ele foi socorrido pelos Bombeiros de Ubirat\u00e3, encaminhado para a Santa Casa e em seguida transferido para o hospital Nilza de Oliveira, sem risco de morte.<\/p>\n<p><a href=\"https:\/\/ubirataonline.com.br\/2016\/wp-content\/uploads\/2016\/12\/41.jpg\"><img loading=\"lazy\" decoding=\"async\" class=\"alignnone size-full wp-image-11121\" alt=\"41\" src=\"https:\/\/ubirataonline.com.br\/2016\/wp-content\/uploads\/2016\/12\/41.jpg\" width=\"460\" height=\"316\" \/><\/a><\/p>\n<p><strong>Rapaz leva tiro na cabe\u00e7a dentro de bar<\/strong><\/p>\n<p>O Jovem Natan B. Ramos, 23 anos, foi alvejado com tiro de arma de fogo em um bar \u00a0em frente ao centro esp\u00edrita Allan Kardec.\u00a0Segundo testemunhas, um indiv\u00edduo entrou no estabelecimento e disparou dois tiros na cabe\u00e7a da v\u00edtima. O mesmo foi socorrido pela equipe dos Bombeiros e posteriormente encaminhado para um hospital de Campo Mour\u00e3o em estado grave. Ele n\u00e3o resistiu as ferimentos e ap\u00f3s alguns dias veio a \u00f3bito.<\/p>\n<p><a href=\"https:\/\/ubirataonline.com.br\/2016\/wp-content\/uploads\/2016\/12\/42.jpg\"><img loading=\"lazy\" decoding=\"async\" class=\"alignnone size-full wp-image-11122\" alt=\"42\" src=\"https:\/\/ubirataonline.com.br\/2016\/wp-content\/uploads\/2016\/12\/42.jpg\" width=\"460\" height=\"279\" \/><\/a><\/p>\n<p><strong>Inaugura\u00e7\u00e3o da Unidade de Sa\u00fade Vila Recife proporciona melhor estrutura e mais qualidade no atendimento aos usu\u00e1rios<\/strong><\/p>\n<p>Administra\u00e7\u00e3o Caminhando para o Futuro realizou a inaugura\u00e7\u00e3o da Unidade de Sa\u00fade Vila Recife. A nova unidade do Programa Sa\u00fade da Fam\u00edlia, ir\u00e1 atender moradores da regi\u00e3o da Vila Recife, Jardim JK, Jardim Petrica e Parque do Lago.\u00a0Foram investidos, R$ 200 mil reais atrav\u00e9s de conv\u00eanio do Minist\u00e9rio da Sa\u00fade (emenda parlamentar deputado Hermes \u2018Frang\u00e3o\u2019 Parcianello) e contrapartida de R$ 220.000,00 do munic\u00edpio, mais R$ 200.000,00 na aquisi\u00e7\u00e3o do terreno e R$ 150.000,00 na aquisi\u00e7\u00e3o de mobili\u00e1rios e equipamentos (emenda parlamentar deputado Rubens Bueno), totalizando mais de R$ 770.000,00.<\/p>\n<p><a href=\"https:\/\/ubirataonline.com.br\/2016\/wp-content\/uploads\/2016\/12\/43.jpg\"><img loading=\"lazy\" decoding=\"async\" class=\"alignnone size-full wp-image-11123\" alt=\"43\" src=\"https:\/\/ubirataonline.com.br\/2016\/wp-content\/uploads\/2016\/12\/43.jpg\" width=\"460\" height=\"303\" \/><\/a><\/p>\n<p><strong>AGOSTO<\/strong><\/p>\n<p>&nbsp;<\/p>\n<p>&nbsp;<\/p>\n<p><strong>Rapaz \u00e9 morto em confronto com a PM em Ubirat\u00e3<\/strong><\/p>\n<p>Wesley Batista de Paula, fez disparos de arma de fogo calibre 38 na viatura e em uma das lumin\u00e1rias da 2\u00aa Companhia de Pol\u00edcia Militar e em seguida fugindo do local. Foi acionado a Rotam de Campo Mour\u00e3o para dar apoio onde localizaram o indiv\u00edduo na Rua Paran\u00e1. O rapaz\u00a0ofereceu resist\u00eancia trocando tiros com os policiais e foi alvejado entrando em \u00f3bito no local. Um policial foi ferido na a\u00e7\u00e3o.<\/p>\n<p><a href=\"https:\/\/ubirataonline.com.br\/2016\/wp-content\/uploads\/2016\/12\/44.jpg\"><a href=\"https:\/\/ubirataonline.com.br\/2016\/wp-content\/uploads\/2016\/08\/wesley.jpg\"><img loading=\"lazy\" decoding=\"async\" class=\"alignnone size-full wp-image-7974\" alt=\"wesley\" src=\"https:\/\/ubirataonline.com.br\/2016\/wp-content\/uploads\/2016\/08\/wesley.jpg\" width=\"540\" height=\"366\" \/><\/a><\/a><\/p>\n<p><strong>Rapaz \u00e9 morto a facadas em Ubirat\u00e3<\/strong><\/p>\n<p>A PM de Ubirat\u00e3, compareceu na Rua Goiais, onde testemunhas relataram \u00e0 equipe havia ocorrido vias de fato e que A. M. C., 35 anos, teria desferido v\u00e1rios golpes de arma branca (faca) em R. R. de O., 28 anos, evadindo-se logo ap\u00f3s o fato com sentido ignorado.Ao chegar no local a equipe se deparou com a v\u00edtima ca\u00edda na cal\u00e7ada com ferimentos no abdome, sendo acionada a equipe do Corpo de Bombeiros que chegou rapidamente e encaminhou a v\u00edtima ao hospital Santa Casa, por\u00e9m a mesma n\u00e3o resistiu aos ferimentos e entrou em \u00f3bito.<\/p>\n<p><a href=\"https:\/\/ubirataonline.com.br\/2016\/wp-content\/uploads\/2016\/12\/45.jpg\"><img loading=\"lazy\" decoding=\"async\" class=\"alignnone size-full wp-image-11128\" alt=\"45\" src=\"https:\/\/ubirataonline.com.br\/2016\/wp-content\/uploads\/2016\/12\/45.jpg\" width=\"460\" height=\"345\" \/><\/a><\/p>\n<p><strong>Casamento Coletivo realiza sonho de casais de Ubirat\u00e3 e Juranda<\/strong><\/p>\n<p>Em uma bela cerim\u00f4nia realizada na Arcapu, o sonho do casamento se tornou realidade para 44 casais de Ubirat\u00e3 e 4 casais de Juranda que moravam juntos, mas que ainda n\u00e3o haviam legalizado sua situa\u00e7\u00e3o. A realiza\u00e7\u00e3o desse sonho foi poss\u00edvel gra\u00e7as a mais uma edi\u00e7\u00e3o do Casamento Coletivo, uma a\u00e7\u00e3o conjunta que encabe\u00e7ada pelo Poder Judici\u00e1rio local, em parceria com Administra\u00e7\u00e3o Municipal, atrav\u00e9s da Secretaria de Assist\u00eancia Social e Cart\u00f3rio de Registro Civil. Um outro casamento foi realizado, na delegacia, onde um presidi\u00e1rio oficializou o matrim\u00f4nio.<\/p>\n<p><a href=\"https:\/\/ubirataonline.com.br\/2016\/wp-content\/uploads\/2016\/12\/46.jpg\"><img loading=\"lazy\" decoding=\"async\" class=\"alignnone size-full wp-image-11129\" alt=\"46\" src=\"https:\/\/ubirataonline.com.br\/2016\/wp-content\/uploads\/2016\/12\/46.jpg\" width=\"460\" height=\"257\" \/><\/a><\/p>\n<p><strong>PM entra em confronto com fugitivos da cadeia; dois s\u00e3o recapturados e um morto<\/strong><\/p>\n<p>Tr\u00eas fugitivos da cadeia de Campina da Lagoa entraram em confronto com a PM de Ubirat\u00e3, no conjunto Boa Vista. Houve troca de tiros pr\u00f3ximo a quadra de esportes; os meliantes pularam quintais e adentraram a uma resid\u00eancia. Dois dos fugitivos se entregaram e o terceiro saiu de tr\u00e1s de um colch\u00e3o com uma faca avan\u00e7ando em um dos policiais, onde foi alvejado e morreu no local. Andrey Cristian Franco de Lima, 20 anos, morador de Campina da Lagoa levou dois tiros no cr\u00e2nio e um na perna direita. Marcelinho e Ivan foram recapturados.\u00a0Ao todo, sete fugitivos escaparam da cadeia de Campina da Lagoa.<\/p>\n<p><a href=\"https:\/\/ubirataonline.com.br\/2016\/wp-content\/uploads\/2016\/12\/47.jpg\"><img loading=\"lazy\" decoding=\"async\" class=\"alignnone size-full wp-image-11130\" alt=\"47\" src=\"https:\/\/ubirataonline.com.br\/2016\/wp-content\/uploads\/2016\/12\/47.jpg\" width=\"460\" height=\"441\" \/><\/a><\/p>\n<p><strong>SETEMBRO<\/strong><\/p>\n<p>&nbsp;<\/p>\n<p>&nbsp;<\/p>\n<p>&nbsp;<\/p>\n<p><strong>Hospital S\u00edrio-Liban\u00eas: Ubirat\u00e3 foi um dos selecionados entre 20 munic\u00edpios de todo o Brasil para qualifica\u00e7\u00e3o de funcion\u00e1rios<\/strong><\/p>\n<p>O Instituto de Pesquisa do Hospital S\u00edrio-Liban\u00eas, um dos mais renomados do pa\u00eds, selecionou 20 munic\u00edpios entre todos os munic\u00edpios brasileiros para estar ministrando um curso de atualiza\u00e7\u00e3o\u00a0 em protocolo de aten\u00e7\u00e3o b\u00e1sica em parceria com o Minist\u00e9rio da Sa\u00fade.<\/p>\n<p>O munic\u00edpio de Ubirat\u00e3 por ter um setor de sa\u00fade j\u00e1 bem consolidado, a exemplo\u00a0dos \u00a0outros 19 munic\u00edpios escolhidos, \u00a0estar\u00e3o participando desse projeto desenvolvido pelo Hospital S\u00edrio-Liban\u00eas com aulas presenciais al\u00e9m de atividades a dist\u00e2ncia.<\/p>\n<p><a href=\"https:\/\/ubirataonline.com.br\/2016\/wp-content\/uploads\/2016\/12\/48.png\"><img loading=\"lazy\" decoding=\"async\" class=\"alignnone size-full wp-image-11132\" alt=\"48\" src=\"https:\/\/ubirataonline.com.br\/2016\/wp-content\/uploads\/2016\/12\/48.png\" width=\"460\" height=\"271\" \/><\/a><\/p>\n<p><strong>27 anos e 8 meses foi a condena\u00e7\u00e3o do assassino de Tatiane Jezualdo<\/strong><\/p>\n<p>Anderson de Oliveira, 30 anos, foi condenado a 27 anos e oito meses de pris\u00e3o, em regime fechado, pela morte de Tatiane Jezualdo, 25 anos. Anderson \u00a0matou e esquartejou o corpo da jovem Tatiane Jezualdo, de 25 anos, em junho de 2014. Os dois trabalhavam na cooperativa Unit\u00e1, de Ubirat\u00e3, e Tatiane foi morta ap\u00f3s aceitar uma carona de Anderson para se deslocar \u00e0 empresa. Eles n\u00e3o trabalhavam no mesmo setor da empresa, mas se conheciam h\u00e1 muito tempo, por\u00e9m nunca tiveram nenhum tipo de rela\u00e7\u00e3o, segundo apurou a Pol\u00edcia Civil. Com a decis\u00e3o, ele segue preso na penitenci\u00e1ria de Cruzeiro do Oeste.<\/p>\n<p><a href=\"https:\/\/ubirataonline.com.br\/2016\/wp-content\/uploads\/2016\/12\/49.jpg\"><img loading=\"lazy\" decoding=\"async\" class=\"alignnone size-full wp-image-11133\" alt=\"49\" src=\"https:\/\/ubirataonline.com.br\/2016\/wp-content\/uploads\/2016\/12\/49.jpg\" width=\"460\" height=\"259\" \/><\/a><\/p>\n<p><strong>Inc\u00eandio destr\u00f3i resid\u00eancia no Distrito de Yolanda<\/strong><\/p>\n<p>O Corpo de Bombeiros Comunit\u00e1rio de Ubirat\u00e3 recebeu uma liga\u00e7\u00e3o, onde segundo o solicitante uma resid\u00eancia estaria pegando fogo no Distrito de Yolanda. Em a\u00e7\u00e3o r\u00e1pida foi deslocado at\u00e9 aquela localidade a viatura onde conseguiram controlar rapidamente as chamas, por\u00e9m a casa j\u00e1 estaria praticamente toda consumida pelo fogo, ningu\u00e9m se feriu.<\/p>\n<p><a href=\"https:\/\/ubirataonline.com.br\/2016\/wp-content\/uploads\/2016\/12\/50.jpg\"><img loading=\"lazy\" decoding=\"async\" class=\"alignnone size-full wp-image-11134\" alt=\"50\" src=\"https:\/\/ubirataonline.com.br\/2016\/wp-content\/uploads\/2016\/12\/50.jpg\" width=\"460\" height=\"258\" \/><\/a><\/p>\n<p><strong>OUTUBRO<\/strong><\/p>\n<p>&nbsp;<\/p>\n<p>&nbsp;<\/p>\n<p><strong>Ubirat\u00e3 reelege Baco prefeito<\/strong><\/p>\n<p>Os moradores de Ubirat\u00e3 reelegeram o atual prefeito da cidade para continuar por mais quatro anos \u00e0 frente do munic\u00edpio<strong>.\u00a0<\/strong>Haroldo Fernandes Duarte, o Baco do PSC, foi reeleito com 7.987 votos, o equivalente a 55,9% dos votos v\u00e1lidos. Fabio D`\u00e1lecio (PPS) teve 6.284 votos.\u00a0Ubirat\u00e3 tem 17.379 eleitores e 14,39% deixaram de votar. Al\u00e9m disso foram 180 votos em Branco e 427 nulos.<\/p>\n<p><a href=\"https:\/\/ubirataonline.com.br\/2016\/wp-content\/uploads\/2016\/12\/51.jpg\"><img loading=\"lazy\" decoding=\"async\" class=\"alignnone size-full wp-image-11135\" alt=\"51\" src=\"https:\/\/ubirataonline.com.br\/2016\/wp-content\/uploads\/2016\/12\/51.jpg\" width=\"460\" height=\"257\" \/><\/a><\/p>\n<p><strong>Jovem \u00e9 encontrado morto em estrada rural de Ubirat\u00e3<\/strong><\/p>\n<p>Foi encontrado na estrada Amazonas, comunidade Palmeirinha, o corpo de Robson Garcia, 26 anos.O jovem foi executado com tiro a queima roupa na cabe\u00e7a. Dias depois o casal, F. G. 21 anos e R. S. 26 anos, foram presos em Cianorte acusados de homic\u00eddio.<\/p>\n<p><a href=\"https:\/\/ubirataonline.com.br\/2016\/wp-content\/uploads\/2016\/12\/52.jpg\"><img loading=\"lazy\" decoding=\"async\" class=\"alignnone size-full wp-image-11136\" alt=\"52\" src=\"https:\/\/ubirataonline.com.br\/2016\/wp-content\/uploads\/2016\/12\/52.jpg\" width=\"455\" height=\"337\" \/><\/a><\/p>\n<p><strong>Capotamento na Rodovia Ercides Rosseto deixa tr\u00eas feridos<\/strong><\/p>\n<p>Um capotamento foi registrado na Rodovia Ercides Rosseto, tr\u00eas pessoas ocupavam uma D20 de cor branca. Os jovens Ivonei, Nicollas Piveta e Carlinhos foram socorridos pela equipe do Corpo de Bombeiros e encaminhados para o Hospital. Nicollas teve ferimentos mais graves e foi encaminhado para a UTI em Campo Mour\u00e3o.<\/p>\n<p><a href=\"https:\/\/ubirataonline.com.br\/2016\/wp-content\/uploads\/2016\/12\/53.jpg\"><img loading=\"lazy\" decoding=\"async\" class=\"alignnone size-full wp-image-11137\" alt=\"53\" src=\"https:\/\/ubirataonline.com.br\/2016\/wp-content\/uploads\/2016\/12\/53.jpg\" width=\"460\" height=\"257\" \/><\/a><\/p>\n<p><strong>Acidente na BR 369 deixa duas pessoas feridas<\/strong><\/p>\n<p>Uma colis\u00e3o na BR 369, km 458 pr\u00f3ximo ao Posto Bras\u00edlia envolvendo uma Fiorino e uma Van, deixou duas pessoas feridas. A equipe do SAMU de Ubirat\u00e3 e a Viapar estiveram no local atendendo a ocorr\u00eancia e encaminhando os feridos para o hospital.<\/p>\n<p><a href=\"https:\/\/ubirataonline.com.br\/2016\/wp-content\/uploads\/2016\/12\/54.jpg\"><img loading=\"lazy\" decoding=\"async\" class=\"alignnone size-full wp-image-11138\" alt=\"54\" src=\"https:\/\/ubirataonline.com.br\/2016\/wp-content\/uploads\/2016\/12\/54.jpg\" width=\"460\" height=\"257\" \/><\/a><\/p>\n<p>&nbsp;<\/p>\n<p><strong>NOVEMBRO<\/strong><\/p>\n<p>&nbsp;<\/p>\n<p>&nbsp;<\/p>\n<p><strong>Bolo com 55 quilos ser\u00e1 servido para comunidade em comemora\u00e7\u00e3o ao anivers\u00e1rio de Ubirat\u00e3<\/strong><\/p>\n<p>O apresentador de r\u00e1dio, Armando de Oliveira Cust\u00f3dio, conhecido popularmente como Jabuti Faceiro, desde 2002, celebra o anivers\u00e1rio do munic\u00edpio de Ubirat\u00e3 de uma maneira especial, buscando junto \u00e0s lideran\u00e7as e aos empres\u00e1rios do munic\u00edpio recursos para servir a comunidade um bolo comemorativo. Em 2016, o peso do bolo servido foi de 55 quilos, referente \u00e0 quantidade de anos do munic\u00edpio.<\/p>\n<p><a href=\"https:\/\/ubirataonline.com.br\/2016\/wp-content\/uploads\/2016\/12\/55.jpg\"><img loading=\"lazy\" decoding=\"async\" class=\"alignnone size-full wp-image-11139\" alt=\"55\" src=\"https:\/\/ubirataonline.com.br\/2016\/wp-content\/uploads\/2016\/12\/55.jpg\" width=\"460\" height=\"303\" \/><\/a><\/p>\n<p><strong>Policia Militar apreende espingarda e tr\u00eas pessoas por tr\u00e1fico e consumo de drogas<\/strong><\/p>\n<p>A Policia Militar de Ubirat\u00e3 realizou uma opera\u00e7\u00e3o que culminou na pris\u00e3o de dois homens e um adolescente que supostamente estavam fazendo uso e tr\u00e1fico de entorpecentes. Ap\u00f3s realizada a abordagem, foi feita uma busca minuciosa na resid\u00eancia, onde foram localizados apetrechos que caracterizam o uso e comercializa\u00e7\u00e3o da droga, como tamb\u00e9m uma espingarda calibre 32 com tr\u00eas muni\u00e7\u00f5es intactas e prontas para uso.<\/p>\n<p><a href=\"https:\/\/ubirataonline.com.br\/2016\/wp-content\/uploads\/2016\/12\/56.jpg\"><img loading=\"lazy\" decoding=\"async\" class=\"alignnone size-full wp-image-11140\" alt=\"56\" src=\"https:\/\/ubirataonline.com.br\/2016\/wp-content\/uploads\/2016\/12\/56.jpg\" width=\"460\" height=\"269\" \/><\/a><\/p>\n<p><strong>Renda para Santa Casa: 55 anos de Ubirat\u00e3 foram comemorados com celebra\u00e7\u00e3o e almo\u00e7o beneficente<\/strong><\/p>\n<p>O almo\u00e7o em comemora\u00e7\u00e3o aos 55 anos de emancipa\u00e7\u00e3o pol\u00edtica e administrativa do munic\u00edpio, teve toda renda revertida em prol do Hospital e Maternidade Santa Casa. O Provopar Ubiratanense, entidade que organizou o evento, representado pela presidente, a primeira-dama Eliane Omori Duarte \u2013 Makie, repassou o cheque no valor de R$ 27.140,74 para a entidade.\u00a0De acordo com a presta\u00e7\u00e3o de contas apresentada, a receita do almo\u00e7o beneficente foi de R$ 44.606,05, com as despesas R$ 12.464,03, o saldo final foi de R$ 32.142,02, sendo R$ 27.140,74 \u2013 Provopar; 3.000,00 \u2013 Coagru e R$ 2.000,00 \u2013 Sicred<\/p>\n<p><a href=\"https:\/\/ubirataonline.com.br\/2016\/wp-content\/uploads\/2016\/12\/57.jpg\"><img loading=\"lazy\" decoding=\"async\" class=\"alignnone size-full wp-image-11141\" alt=\"57\" src=\"https:\/\/ubirataonline.com.br\/2016\/wp-content\/uploads\/2016\/12\/57.jpg\" width=\"460\" height=\"303\" \/><\/a><\/p>\n<p><strong>Amigos do Rio Piquiri: Expedi\u00e7\u00e3o Ecol\u00f3gica uniu em um s\u00f3 evento divers\u00e3o e preserva\u00e7\u00e3o ambiental<\/strong><\/p>\n<p>Associa\u00e7\u00e3o Amigos do Rio Piquiri, com apoio da Administra\u00e7\u00e3o Municipal realizou mais uma edi\u00e7\u00e3o da j\u00e1 tradicional Expedi\u00e7\u00e3o Ecol\u00f3gica. A expedi\u00e7\u00e3o teve in\u00edcio no munic\u00edpio de Altamira do Paran\u00e1, passando pela Balsa Porto Bananeira em Campina da Lagoa e depois pela Fazenda do Cantor Jos\u00e9 Rico. O encerramento e almo\u00e7o de confraterniza\u00e7\u00e3o aconteceram na Arcapu Campestre onde foi realizada soltura no Rio Piquiri, de aproximadamente 35 mil peixes juvenis e adultos, parte doados atrav\u00e9s de parceria com a Itaipu Binacional.<\/p>\n<p><a href=\"https:\/\/ubirataonline.com.br\/2016\/wp-content\/uploads\/2016\/12\/58.jpg\"><img loading=\"lazy\" decoding=\"async\" class=\"alignnone size-full wp-image-11142\" alt=\"58\" src=\"https:\/\/ubirataonline.com.br\/2016\/wp-content\/uploads\/2016\/12\/58.jpg\" width=\"460\" height=\"258\" \/><\/a><\/p>\n<p><strong>Jovem leva golpe de machado na cabe\u00e7a em Ubirat\u00e3<\/strong><\/p>\n<p>O jovem Rafael Kenauth, 24 anos, foi v\u00edtima de uma machadada na cabe\u00e7a. As informa\u00e7\u00f5es repassadas a reportagem do Ubirat\u00e3 Online d\u00e3o conta que o autor do golpe seria o irm\u00e3o da namorada de Rafael. O rapaz teve trauma de cr\u00e2nio e exposi\u00e7\u00e3o da massa cef\u00e1lica.\u00a0Rafael passou por uma cirurgia e se encontra em recupera\u00e7\u00e3o.<\/p>\n<p><a href=\"https:\/\/ubirataonline.com.br\/2016\/wp-content\/uploads\/2016\/12\/59.jpg\"><img loading=\"lazy\" decoding=\"async\" class=\"alignnone size-full wp-image-11143\" alt=\"59\" src=\"https:\/\/ubirataonline.com.br\/2016\/wp-content\/uploads\/2016\/12\/59.jpg\" width=\"400\" height=\"400\" \/><\/a><\/p>\n<p><strong>Prefeito, vice e vereadores de Ubirat\u00e3 e Juranda foram diplomados pela Justi\u00e7a Eleitoral<\/strong><\/p>\n<p>O prefeito reeleito, Haroldo Fernandes Duarte \u2013 Baco (PSC), o vice-prefeito eleito, Ionildo Pereira (PMDB), os 9 vereadores eleitos e suplentes foram diplomados no F\u00f3rum da Comarca de Ubirat\u00e3. Tamb\u00e9m foram diplomados a prefeita eleita de Juranda, Leila Miotto Amadei e sua vice Joelma Damasceno Demeneck.<\/p>\n<p><a href=\"https:\/\/ubirataonline.com.br\/2016\/wp-content\/uploads\/2016\/12\/60.jpg\"><img loading=\"lazy\" decoding=\"async\" class=\"alignnone size-full wp-image-11144\" alt=\"60\" src=\"https:\/\/ubirataonline.com.br\/2016\/wp-content\/uploads\/2016\/12\/60.jpg\" width=\"400\" height=\"265\" \/><\/a><\/p>\n<p><strong>Abertura do Natal: Espet\u00e1culo de luzes e can\u00e7\u00f5es interpretadas por crian\u00e7as emocionam o p\u00fablico<\/strong><\/p>\n<p>Ubirat\u00e3 ficou muito mais bonita e iluminada com a abertura das comemora\u00e7\u00f5es do m\u00eas de Natal. O evento realizado pela Administra\u00e7\u00e3o Caminhando para o Futuro foi marcado por muita emo\u00e7\u00e3o e reuniu centenas de pessoas na Pra\u00e7a Hor\u00e1cio Jos\u00e9 Ribeiro e em frente ao Pa\u00e7o Municipal. Os mun\u00edcipes se encantaram com diversas apresenta\u00e7\u00f5es, destaque para a cantata de Natal com as crian\u00e7as, estudantes das escolas ubiratanenses que se apresentaram diretamente das janelas da prefeitura. Outro destaque foi a inaugura\u00e7\u00e3o da decora\u00e7\u00e3o natalina e da ilumina\u00e7\u00e3o especial de natal e a chegada do Papai Noel.<\/p>\n<p><a href=\"https:\/\/ubirataonline.com.br\/2016\/wp-content\/uploads\/2016\/12\/61.jpg\"><img loading=\"lazy\" decoding=\"async\" class=\"alignnone size-full wp-image-11146\" alt=\"61\" src=\"https:\/\/ubirataonline.com.br\/2016\/wp-content\/uploads\/2016\/12\/61.jpg\" width=\"400\" height=\"265\" \/><\/a><\/p>\n<p>&nbsp;<\/p>\n<p>Edi\u00e7\u00e3o: Vampeta<\/p>\n<p>&nbsp;<\/p>","protected":false},"excerpt":{"rendered":"<p>Relembre\u00a0os fatos mais marcantes do ano na\u00a0Retrospectiva 2016. Algumas not\u00edcias que foram levadas at\u00e9 voc\u00ea internauta pela equipe do Portal de not\u00edcias Ubirat\u00e3 Online. JANEIRO &nbsp; &nbsp; &nbsp; O ano de 2016 chegou a Ubirat\u00e3 com muita festa, alegria e desejos de prosperidade A noite de 31 de dezembro em Ubirat\u00e3 foi marcada por muita [&hellip;]<\/p>\n","protected":false},"author":1,"featured_media":0,"comment_status":"open","ping_status":"open","sticky":false,"template":"","format":"standard","meta":{"googlesitekit_rrm_CAow2JLhCw:productID":"","_gspb_post_css":"","maa_idioma":"","maa_pais":"","footnotes":""},"categories":[],"tags":[],"class_list":["post-120","post","type-post","status-publish","format-standard","hentry"],"blocksy_meta":[],"yoast_head":"<!-- This site is optimized with the Yoast SEO Premium plugin v27.6 (Yoast SEO v27.6) - https:\/\/yoast.com\/product\/yoast-seo-premium-wordpress\/ -->\n<title>Retrospectiva: Relembre os principais fatos que marcaram Ubirat\u00e3 em 2016 - Ubirat\u00e3 Online Not\u00edcias - A realidade ao seu alcance!<\/title>\n<meta name=\"description\" content=\"Relembre\u00a0os fatos mais marcantes do ano na\u00a0Retrospectiva 2016. Algumas not\u00edcias que foram levadas at\u00e9 voc\u00ea internauta pela equipe do Portal de not\u00edcias\" \/>\n<meta name=\"robots\" content=\"index, follow, max-snippet:-1, max-image-preview:large, max-video-preview:-1\" \/>\n<link rel=\"canonical\" href=\"https:\/\/ubirataonline.com.br\/en\/retrospectiva-relembre-os-principais-fatos-que-marcaram-ubirata-em-2016\/\" \/>\n<meta property=\"og:locale\" content=\"en_US\" \/>\n<meta property=\"og:type\" content=\"article\" \/>\n<meta property=\"og:title\" content=\"Retrospectiva: Relembre os principais fatos que marcaram Ubirat\u00e3 em 2016\" \/>\n<meta property=\"og:description\" content=\"Relembre\u00a0os fatos mais marcantes do ano na\u00a0Retrospectiva 2016. Algumas not\u00edcias que foram levadas at\u00e9 voc\u00ea internauta pela equipe do Portal de not\u00edcias\" \/>\n<meta property=\"og:url\" content=\"https:\/\/ubirataonline.com.br\/en\/retrospectiva-relembre-os-principais-fatos-que-marcaram-ubirata-em-2016\/\" \/>\n<meta property=\"og:site_name\" content=\"Ubirat\u00e3 Online Not\u00edcias - A realidade ao seu alcance!\" \/>\n<meta property=\"article:publisher\" content=\"https:\/\/www.facebook.com\/portalubirataonline\" \/>\n<meta property=\"article:author\" content=\"https:\/\/www.facebook.com\/portalubirataonline\" \/>\n<meta property=\"article:published_time\" content=\"2017-01-03T16:45:38+00:00\" \/>\n<meta property=\"article:modified_time\" content=\"2017-01-03T16:49:23+00:00\" \/>\n<meta property=\"og:image\" content=\"https:\/\/ubirataonline.com.br\/2016\/wp-content\/uploads\/2016\/12\/5ba59875-b763-4b91-bb1c-01f220b95e35.jpg\" \/>\n<meta name=\"author\" content=\"REDA\u00c7\u00c3O: UBIRAT\u00c3 ONLINE - F\u00c1BIO AUGUSTO CELESTINO\" \/>\n<meta name=\"twitter:card\" content=\"summary_large_image\" \/>\n<meta name=\"twitter:creator\" content=\"@x.com\/ubirataonline\" \/>\n<meta name=\"twitter:site\" content=\"@ubirataonline\" \/>\n<meta name=\"twitter:label1\" content=\"Written by\" \/>\n\t<meta name=\"twitter:data1\" content=\"REDA\u00c7\u00c3O: UBIRAT\u00c3 ONLINE - F\u00c1BIO AUGUSTO CELESTINO\" \/>\n\t<meta name=\"twitter:label2\" content=\"Est. reading time\" \/>\n\t<meta name=\"twitter:data2\" content=\"27 minutes\" \/>\n<script type=\"application\/ld+json\" class=\"yoast-schema-graph\">{\"@context\":\"https:\\\/\\\/schema.org\",\"@graph\":[{\"@type\":\"NewsArticle\",\"@id\":\"https:\\\/\\\/ubirataonline.com.br\\\/retrospectiva-relembre-os-principais-fatos-que-marcaram-ubirata-em-2016\\\/#article\",\"isPartOf\":{\"@id\":\"https:\\\/\\\/ubirataonline.com.br\\\/retrospectiva-relembre-os-principais-fatos-que-marcaram-ubirata-em-2016\\\/\"},\"author\":{\"name\":\"REDA\u00c7\u00c3O: UBIRAT\u00c3 ONLINE - F\u00c1BIO AUGUSTO CELESTINO\",\"@id\":\"https:\\\/\\\/ubirataonline.com.br\\\/#\\\/schema\\\/person\\\/372f87bbd3fdd79b8556b84c98d0bc1c\"},\"headline\":\"Retrospectiva: Relembre os principais fatos que marcaram Ubirat\u00e3 em 2016\",\"datePublished\":\"2017-01-03T16:45:38+00:00\",\"dateModified\":\"2017-01-03T16:49:23+00:00\",\"mainEntityOfPage\":{\"@id\":\"https:\\\/\\\/ubirataonline.com.br\\\/retrospectiva-relembre-os-principais-fatos-que-marcaram-ubirata-em-2016\\\/\"},\"wordCount\":5332,\"commentCount\":0,\"publisher\":{\"@id\":\"https:\\\/\\\/ubirataonline.com.br\\\/#organization\"},\"image\":{\"@id\":\"https:\\\/\\\/ubirataonline.com.br\\\/retrospectiva-relembre-os-principais-fatos-que-marcaram-ubirata-em-2016\\\/#primaryimage\"},\"thumbnailUrl\":\"https:\\\/\\\/ubirataonline.com.br\\\/2016\\\/wp-content\\\/uploads\\\/2016\\\/12\\\/5ba59875-b763-4b91-bb1c-01f220b95e35.jpg\",\"inLanguage\":\"en-US\",\"potentialAction\":[{\"@type\":\"CommentAction\",\"name\":\"Comment\",\"target\":[\"https:\\\/\\\/ubirataonline.com.br\\\/retrospectiva-relembre-os-principais-fatos-que-marcaram-ubirata-em-2016\\\/#respond\"]}],\"copyrightYear\":\"2017\",\"copyrightHolder\":{\"@id\":\"https:\\\/\\\/ubirataonline.com.br\\\/en\\\/#organization\"}},{\"@type\":\"WebPage\",\"@id\":\"https:\\\/\\\/ubirataonline.com.br\\\/retrospectiva-relembre-os-principais-fatos-que-marcaram-ubirata-em-2016\\\/\",\"url\":\"https:\\\/\\\/ubirataonline.com.br\\\/retrospectiva-relembre-os-principais-fatos-que-marcaram-ubirata-em-2016\\\/\",\"name\":\"Retrospectiva: Relembre os principais fatos que marcaram Ubirat\u00e3 em 2016 - Ubirat\u00e3 Online Not\u00edcias - A realidade ao seu alcance!\",\"isPartOf\":{\"@id\":\"https:\\\/\\\/ubirataonline.com.br\\\/#website\"},\"primaryImageOfPage\":{\"@id\":\"https:\\\/\\\/ubirataonline.com.br\\\/retrospectiva-relembre-os-principais-fatos-que-marcaram-ubirata-em-2016\\\/#primaryimage\"},\"image\":{\"@id\":\"https:\\\/\\\/ubirataonline.com.br\\\/retrospectiva-relembre-os-principais-fatos-que-marcaram-ubirata-em-2016\\\/#primaryimage\"},\"thumbnailUrl\":\"https:\\\/\\\/ubirataonline.com.br\\\/2016\\\/wp-content\\\/uploads\\\/2016\\\/12\\\/5ba59875-b763-4b91-bb1c-01f220b95e35.jpg\",\"datePublished\":\"2017-01-03T16:45:38+00:00\",\"dateModified\":\"2017-01-03T16:49:23+00:00\",\"description\":\"Relembre\u00a0os fatos mais marcantes do ano na\u00a0Retrospectiva 2016. Algumas not\u00edcias que foram levadas at\u00e9 voc\u00ea internauta pela equipe do Portal de not\u00edcias\",\"breadcrumb\":{\"@id\":\"https:\\\/\\\/ubirataonline.com.br\\\/retrospectiva-relembre-os-principais-fatos-que-marcaram-ubirata-em-2016\\\/#breadcrumb\"},\"inLanguage\":\"en-US\",\"potentialAction\":[{\"@type\":\"ReadAction\",\"target\":[\"https:\\\/\\\/ubirataonline.com.br\\\/retrospectiva-relembre-os-principais-fatos-que-marcaram-ubirata-em-2016\\\/\"]}]},{\"@type\":\"ImageObject\",\"inLanguage\":\"en-US\",\"@id\":\"https:\\\/\\\/ubirataonline.com.br\\\/retrospectiva-relembre-os-principais-fatos-que-marcaram-ubirata-em-2016\\\/#primaryimage\",\"url\":\"https:\\\/\\\/ubirataonline.com.br\\\/2016\\\/wp-content\\\/uploads\\\/2016\\\/12\\\/5ba59875-b763-4b91-bb1c-01f220b95e35.jpg\",\"contentUrl\":\"https:\\\/\\\/ubirataonline.com.br\\\/2016\\\/wp-content\\\/uploads\\\/2016\\\/12\\\/5ba59875-b763-4b91-bb1c-01f220b95e35.jpg\"},{\"@type\":\"BreadcrumbList\",\"@id\":\"https:\\\/\\\/ubirataonline.com.br\\\/retrospectiva-relembre-os-principais-fatos-que-marcaram-ubirata-em-2016\\\/#breadcrumb\",\"itemListElement\":[{\"@type\":\"ListItem\",\"position\":1,\"name\":\"In\u00edcio\",\"item\":\"https:\\\/\\\/ubirataonline.com.br\\\/\"},{\"@type\":\"ListItem\",\"position\":2,\"name\":\"Retrospectiva: Relembre os principais fatos que marcaram Ubirat\u00e3 em 2016\"}]},{\"@type\":\"WebSite\",\"@id\":\"https:\\\/\\\/ubirataonline.com.br\\\/#website\",\"url\":\"https:\\\/\\\/ubirataonline.com.br\\\/\",\"name\":\"Ubirat\u00e3 Online Not\u00edcias\",\"description\":\"Not\u00edcias de Ubirat\u00e3, regi\u00e3o, Brasil e mundo, com informa\u00e7\u00e3o atualizada e compromisso com o leitor.\",\"publisher\":{\"@id\":\"https:\\\/\\\/ubirataonline.com.br\\\/#organization\"},\"alternateName\":\"Ubirat\u00e3 Online\",\"potentialAction\":[{\"@type\":\"SearchAction\",\"target\":{\"@type\":\"EntryPoint\",\"urlTemplate\":\"https:\\\/\\\/ubirataonline.com.br\\\/?s={search_term_string}\"},\"query-input\":{\"@type\":\"PropertyValueSpecification\",\"valueRequired\":true,\"valueName\":\"search_term_string\"}}],\"inLanguage\":\"en-US\"},{\"@type\":[\"Organization\",\"Place\"],\"@id\":\"https:\\\/\\\/ubirataonline.com.br\\\/#organization\",\"name\":\"Ubirat\u00e3 Online Not\u00edcias\",\"alternateName\":\"Ubirat\u00e3 Online\",\"url\":\"https:\\\/\\\/ubirataonline.com.br\\\/\",\"logo\":{\"@id\":\"https:\\\/\\\/ubirataonline.com.br\\\/retrospectiva-relembre-os-principais-fatos-que-marcaram-ubirata-em-2016\\\/#local-main-organization-logo\"},\"image\":{\"@id\":\"https:\\\/\\\/ubirataonline.com.br\\\/retrospectiva-relembre-os-principais-fatos-que-marcaram-ubirata-em-2016\\\/#local-main-organization-logo\"},\"sameAs\":[\"https:\\\/\\\/www.facebook.com\\\/portalubirataonline\",\"https:\\\/\\\/x.com\\\/ubirataonline\",\"https:\\\/\\\/mastodon.social\\\/@ubirataonline\",\"https:\\\/\\\/www.facebook.com\\\/groups\\\/311144672285604\",\"https:\\\/\\\/www.facebook.com\\\/UBTAOnline\",\"https:\\\/\\\/www.instagram.com\\\/portalubirataonline\\\/\",\"https:\\\/\\\/twitter.com\\\/ubirataonline\"],\"description\":\"Somos um portal de not\u00edcias independente, criado em 5 de janeiro de 2009, com o objetivo de informar, conectar e valorizar a nossa comunidade de Ubirat\u00e3 e toda aregi\u00e3o. Com conte\u00fado atualizado, confi\u00e1vel e relevante, o Ubirat\u00e3 Online \u00e9 o seu espa\u00e7o para ficar por dentro dos principais acontecimentos locais, regionais, Brasil, Mundo e de interesse geral. Nosso compromisso \u00e9 com a verdade, a transpar\u00eancia e o respeito ao leitor.\",\"legalName\":\"UBIRATA ONLINE NOT\u00cdCIAS\",\"foundingDate\":\"2009-01-05\",\"numberOfEmployees\":{\"@type\":\"QuantitativeValue\",\"minValue\":\"1\",\"maxValue\":\"10\"},\"publishingPrinciples\":\"https:\\\/\\\/ubirataonline.com.br\\\/faq\\\/\",\"address\":{\"@id\":\"https:\\\/\\\/ubirataonline.com.br\\\/retrospectiva-relembre-os-principais-fatos-que-marcaram-ubirata-em-2016\\\/#local-main-place-address\"},\"geo\":{\"@type\":\"GeoCoordinates\",\"latitude\":\"-24.5361401\",\"longitude\":\"-52.9921776\"},\"telephone\":[\"+5544998308235\"],\"contactPoint\":{\"@type\":\"ContactPoint\",\"email\":\"contato@ubirataonline.com.br\"},\"openingHoursSpecification\":{\"@type\":\"OpeningHoursSpecification\",\"dayOfWeek\":[\"Monday\",\"Tuesday\",\"Wednesday\",\"Thursday\",\"Friday\",\"Saturday\",\"Sunday\"],\"opens\":\"00:00\",\"closes\":\"23:59\"},\"email\":\"contato@ubirataonline.com.br\",\"vatID\":\"47.621.418\\\/0001-80\"},{\"@type\":\"Person\",\"@id\":\"https:\\\/\\\/ubirataonline.com.br\\\/#\\\/schema\\\/person\\\/372f87bbd3fdd79b8556b84c98d0bc1c\",\"name\":\"REDA\u00c7\u00c3O: UBIRAT\u00c3 ONLINE - F\u00c1BIO AUGUSTO CELESTINO\",\"pronouns\":\"Ele\",\"description\":\"Desde 2003 trabalhando com not\u00edcias.\",\"sameAs\":[\"http:\\\/\\\/ubirataoline.com.br\",\"https:\\\/\\\/www.facebook.com\\\/portalubirataonline\",\"https:\\\/\\\/www.instagram.com\\\/ubirataonline_oficial\",\"https:\\\/\\\/x.com\\\/x.com\\\/ubirataonline\"],\"honorificPrefix\":\"Mr.\",\"honorificSuffix\":\"MD\",\"birthDate\":\"1980-06-16\",\"gender\":\"masculino\",\"award\":[\"V\u00e1rios pr\u00eamios de melhor portal da cidade\"],\"jobTitle\":\"Diretor\",\"url\":\"https:\\\/\\\/ubirataonline.com.br\\\/en\\\/author\\\/ubirataonline\\\/\"},{\"@type\":\"PostalAddress\",\"@id\":\"https:\\\/\\\/ubirataonline.com.br\\\/retrospectiva-relembre-os-principais-fatos-que-marcaram-ubirata-em-2016\\\/#local-main-place-address\",\"streetAddress\":\"Rua dos Coqueiros, 104 - Bairro Boa Vista, Rua dos Coqueiros, 104 Bairro Boa Vista\",\"addressLocality\":\"UBIRATA\",\"postalCode\":\"85440-000\",\"addressRegion\":\"PR\",\"addressCountry\":\"BR\"},{\"@type\":\"ImageObject\",\"inLanguage\":\"en-US\",\"@id\":\"https:\\\/\\\/ubirataonline.com.br\\\/retrospectiva-relembre-os-principais-fatos-que-marcaram-ubirata-em-2016\\\/#local-main-organization-logo\",\"url\":\"https:\\\/\\\/ubirataonline.com.br\\\/wp-content\\\/uploads\\\/2026\\\/06\\\/logoubirataonline-1.webp\",\"contentUrl\":\"https:\\\/\\\/ubirataonline.com.br\\\/wp-content\\\/uploads\\\/2026\\\/06\\\/logoubirataonline-1.webp\",\"width\":500,\"height\":500,\"caption\":\"Ubirat\u00e3 Online Not\u00edcias\"}]}<\/script>\n<meta name=\"geo.placename\" content=\"UBIRATA\" \/>\n<meta name=\"geo.position\" content=\"-24.5361401;-52.9921776\" \/>\n<meta name=\"geo.region\" content=\"Brazil\" \/>\n<!-- \/ Yoast SEO Premium plugin. -->","yoast_head_json":{"title":"Retrospectiva: Relembre os principais fatos que marcaram Ubirat\u00e3 em 2016 - Ubirat\u00e3 Online Not\u00edcias - A realidade ao seu alcance!","description":"Relembre\u00a0os fatos mais marcantes do ano na\u00a0Retrospectiva 2016. Algumas not\u00edcias que foram levadas at\u00e9 voc\u00ea internauta pela equipe do Portal de not\u00edcias","robots":{"index":"index","follow":"follow","max-snippet":"max-snippet:-1","max-image-preview":"max-image-preview:large","max-video-preview":"max-video-preview:-1"},"canonical":"https:\/\/ubirataonline.com.br\/en\/retrospectiva-relembre-os-principais-fatos-que-marcaram-ubirata-em-2016\/","og_locale":"en_US","og_type":"article","og_title":"Retrospectiva: Relembre os principais fatos que marcaram Ubirat\u00e3 em 2016","og_description":"Relembre\u00a0os fatos mais marcantes do ano na\u00a0Retrospectiva 2016. Algumas not\u00edcias que foram levadas at\u00e9 voc\u00ea internauta pela equipe do Portal de not\u00edcias","og_url":"https:\/\/ubirataonline.com.br\/en\/retrospectiva-relembre-os-principais-fatos-que-marcaram-ubirata-em-2016\/","og_site_name":"Ubirat\u00e3 Online Not\u00edcias - A realidade ao seu alcance!","article_publisher":"https:\/\/www.facebook.com\/portalubirataonline","article_author":"https:\/\/www.facebook.com\/portalubirataonline","article_published_time":"2017-01-03T16:45:38+00:00","article_modified_time":"2017-01-03T16:49:23+00:00","og_image":[{"url":"https:\/\/ubirataonline.com.br\/2016\/wp-content\/uploads\/2016\/12\/5ba59875-b763-4b91-bb1c-01f220b95e35.jpg","type":"","width":"","height":""}],"author":"REDA\u00c7\u00c3O: UBIRAT\u00c3 ONLINE - F\u00c1BIO AUGUSTO CELESTINO","twitter_card":"summary_large_image","twitter_creator":"@x.com\/ubirataonline","twitter_site":"@ubirataonline","twitter_misc":{"Written by":"REDA\u00c7\u00c3O: UBIRAT\u00c3 ONLINE - F\u00c1BIO AUGUSTO CELESTINO","Est. reading time":"27 minutes"},"schema":{"@context":"https:\/\/schema.org","@graph":[{"@type":"NewsArticle","@id":"https:\/\/ubirataonline.com.br\/retrospectiva-relembre-os-principais-fatos-que-marcaram-ubirata-em-2016\/#article","isPartOf":{"@id":"https:\/\/ubirataonline.com.br\/retrospectiva-relembre-os-principais-fatos-que-marcaram-ubirata-em-2016\/"},"author":{"name":"REDA\u00c7\u00c3O: UBIRAT\u00c3 ONLINE - F\u00c1BIO AUGUSTO CELESTINO","@id":"https:\/\/ubirataonline.com.br\/#\/schema\/person\/372f87bbd3fdd79b8556b84c98d0bc1c"},"headline":"Retrospectiva: Relembre os principais fatos que marcaram Ubirat\u00e3 em 2016","datePublished":"2017-01-03T16:45:38+00:00","dateModified":"2017-01-03T16:49:23+00:00","mainEntityOfPage":{"@id":"https:\/\/ubirataonline.com.br\/retrospectiva-relembre-os-principais-fatos-que-marcaram-ubirata-em-2016\/"},"wordCount":5332,"commentCount":0,"publisher":{"@id":"https:\/\/ubirataonline.com.br\/#organization"},"image":{"@id":"https:\/\/ubirataonline.com.br\/retrospectiva-relembre-os-principais-fatos-que-marcaram-ubirata-em-2016\/#primaryimage"},"thumbnailUrl":"https:\/\/ubirataonline.com.br\/2016\/wp-content\/uploads\/2016\/12\/5ba59875-b763-4b91-bb1c-01f220b95e35.jpg","inLanguage":"en-US","potentialAction":[{"@type":"CommentAction","name":"Comment","target":["https:\/\/ubirataonline.com.br\/retrospectiva-relembre-os-principais-fatos-que-marcaram-ubirata-em-2016\/#respond"]}],"copyrightYear":"2017","copyrightHolder":{"@id":"https:\/\/ubirataonline.com.br\/en\/#organization"}},{"@type":"WebPage","@id":"https:\/\/ubirataonline.com.br\/retrospectiva-relembre-os-principais-fatos-que-marcaram-ubirata-em-2016\/","url":"https:\/\/ubirataonline.com.br\/retrospectiva-relembre-os-principais-fatos-que-marcaram-ubirata-em-2016\/","name":"Retrospectiva: Relembre os principais fatos que marcaram Ubirat\u00e3 em 2016 - Ubirat\u00e3 Online Not\u00edcias - A realidade ao seu alcance!","isPartOf":{"@id":"https:\/\/ubirataonline.com.br\/#website"},"primaryImageOfPage":{"@id":"https:\/\/ubirataonline.com.br\/retrospectiva-relembre-os-principais-fatos-que-marcaram-ubirata-em-2016\/#primaryimage"},"image":{"@id":"https:\/\/ubirataonline.com.br\/retrospectiva-relembre-os-principais-fatos-que-marcaram-ubirata-em-2016\/#primaryimage"},"thumbnailUrl":"https:\/\/ubirataonline.com.br\/2016\/wp-content\/uploads\/2016\/12\/5ba59875-b763-4b91-bb1c-01f220b95e35.jpg","datePublished":"2017-01-03T16:45:38+00:00","dateModified":"2017-01-03T16:49:23+00:00","description":"Relembre\u00a0os fatos mais marcantes do ano na\u00a0Retrospectiva 2016. Algumas not\u00edcias que foram levadas at\u00e9 voc\u00ea internauta pela equipe do Portal de not\u00edcias","breadcrumb":{"@id":"https:\/\/ubirataonline.com.br\/retrospectiva-relembre-os-principais-fatos-que-marcaram-ubirata-em-2016\/#breadcrumb"},"inLanguage":"en-US","potentialAction":[{"@type":"ReadAction","target":["https:\/\/ubirataonline.com.br\/retrospectiva-relembre-os-principais-fatos-que-marcaram-ubirata-em-2016\/"]}]},{"@type":"ImageObject","inLanguage":"en-US","@id":"https:\/\/ubirataonline.com.br\/retrospectiva-relembre-os-principais-fatos-que-marcaram-ubirata-em-2016\/#primaryimage","url":"https:\/\/ubirataonline.com.br\/2016\/wp-content\/uploads\/2016\/12\/5ba59875-b763-4b91-bb1c-01f220b95e35.jpg","contentUrl":"https:\/\/ubirataonline.com.br\/2016\/wp-content\/uploads\/2016\/12\/5ba59875-b763-4b91-bb1c-01f220b95e35.jpg"},{"@type":"BreadcrumbList","@id":"https:\/\/ubirataonline.com.br\/retrospectiva-relembre-os-principais-fatos-que-marcaram-ubirata-em-2016\/#breadcrumb","itemListElement":[{"@type":"ListItem","position":1,"name":"In\u00edcio","item":"https:\/\/ubirataonline.com.br\/"},{"@type":"ListItem","position":2,"name":"Retrospectiva: Relembre os principais fatos que marcaram Ubirat\u00e3 em 2016"}]},{"@type":"WebSite","@id":"https:\/\/ubirataonline.com.br\/#website","url":"https:\/\/ubirataonline.com.br\/","name":"Ubirat\u00e3 Online Not\u00edcias","description":"Not\u00edcias de Ubirat\u00e3, regi\u00e3o, Brasil e mundo, com informa\u00e7\u00e3o atualizada e compromisso com o leitor.","publisher":{"@id":"https:\/\/ubirataonline.com.br\/#organization"},"alternateName":"Ubirat\u00e3 Online","potentialAction":[{"@type":"SearchAction","target":{"@type":"EntryPoint","urlTemplate":"https:\/\/ubirataonline.com.br\/?s={search_term_string}"},"query-input":{"@type":"PropertyValueSpecification","valueRequired":true,"valueName":"search_term_string"}}],"inLanguage":"en-US"},{"@type":["Organization","Place"],"@id":"https:\/\/ubirataonline.com.br\/#organization","name":"Ubirat\u00e3 Online Not\u00edcias","alternateName":"Ubirat\u00e3 Online","url":"https:\/\/ubirataonline.com.br\/","logo":{"@id":"https:\/\/ubirataonline.com.br\/retrospectiva-relembre-os-principais-fatos-que-marcaram-ubirata-em-2016\/#local-main-organization-logo"},"image":{"@id":"https:\/\/ubirataonline.com.br\/retrospectiva-relembre-os-principais-fatos-que-marcaram-ubirata-em-2016\/#local-main-organization-logo"},"sameAs":["https:\/\/www.facebook.com\/portalubirataonline","https:\/\/x.com\/ubirataonline","https:\/\/mastodon.social\/@ubirataonline","https:\/\/www.facebook.com\/groups\/311144672285604","https:\/\/www.facebook.com\/UBTAOnline","https:\/\/www.instagram.com\/portalubirataonline\/","https:\/\/twitter.com\/ubirataonline"],"description":"Somos um portal de not\u00edcias independente, criado em 5 de janeiro de 2009, com o objetivo de informar, conectar e valorizar a nossa comunidade de Ubirat\u00e3 e toda aregi\u00e3o. Com conte\u00fado atualizado, confi\u00e1vel e relevante, o Ubirat\u00e3 Online \u00e9 o seu espa\u00e7o para ficar por dentro dos principais acontecimentos locais, regionais, Brasil, Mundo e de interesse geral. Nosso compromisso \u00e9 com a verdade, a transpar\u00eancia e o respeito ao leitor.","legalName":"UBIRATA ONLINE NOT\u00cdCIAS","foundingDate":"2009-01-05","numberOfEmployees":{"@type":"QuantitativeValue","minValue":"1","maxValue":"10"},"publishingPrinciples":"https:\/\/ubirataonline.com.br\/faq\/","address":{"@id":"https:\/\/ubirataonline.com.br\/retrospectiva-relembre-os-principais-fatos-que-marcaram-ubirata-em-2016\/#local-main-place-address"},"geo":{"@type":"GeoCoordinates","latitude":"-24.5361401","longitude":"-52.9921776"},"telephone":["+5544998308235"],"contactPoint":{"@type":"ContactPoint","email":"contato@ubirataonline.com.br"},"openingHoursSpecification":{"@type":"OpeningHoursSpecification","dayOfWeek":["Monday","Tuesday","Wednesday","Thursday","Friday","Saturday","Sunday"],"opens":"00:00","closes":"23:59"},"email":"contato@ubirataonline.com.br","vatID":"47.621.418\/0001-80"},{"@type":"Person","@id":"https:\/\/ubirataonline.com.br\/#\/schema\/person\/372f87bbd3fdd79b8556b84c98d0bc1c","name":"REDA\u00c7\u00c3O: UBIRAT\u00c3 ONLINE - F\u00c1BIO AUGUSTO CELESTINO","pronouns":"Ele","description":"Desde 2003 trabalhando com not\u00edcias.","sameAs":["http:\/\/ubirataoline.com.br","https:\/\/www.facebook.com\/portalubirataonline","https:\/\/www.instagram.com\/ubirataonline_oficial","https:\/\/x.com\/x.com\/ubirataonline"],"honorificPrefix":"Mr.","honorificSuffix":"MD","birthDate":"1980-06-16","gender":"masculino","award":["V\u00e1rios pr\u00eamios de melhor portal da cidade"],"jobTitle":"Diretor","url":"https:\/\/ubirataonline.com.br\/en\/author\/ubirataonline\/"},{"@type":"PostalAddress","@id":"https:\/\/ubirataonline.com.br\/retrospectiva-relembre-os-principais-fatos-que-marcaram-ubirata-em-2016\/#local-main-place-address","streetAddress":"Rua dos Coqueiros, 104 - Bairro Boa Vista, Rua dos Coqueiros, 104 Bairro Boa Vista","addressLocality":"UBIRATA","postalCode":"85440-000","addressRegion":"PR","addressCountry":"BR"},{"@type":"ImageObject","inLanguage":"en-US","@id":"https:\/\/ubirataonline.com.br\/retrospectiva-relembre-os-principais-fatos-que-marcaram-ubirata-em-2016\/#local-main-organization-logo","url":"https:\/\/ubirataonline.com.br\/wp-content\/uploads\/2026\/06\/logoubirataonline-1.webp","contentUrl":"https:\/\/ubirataonline.com.br\/wp-content\/uploads\/2026\/06\/logoubirataonline-1.webp","width":500,"height":500,"caption":"Ubirat\u00e3 Online Not\u00edcias"}]},"geo.placename":"UBIRATA","geo.position":{"lat":"-24.5361401","long":"-52.9921776"},"geo.region":"Brazil"},"_links":{"self":[{"href":"https:\/\/ubirataonline.com.br\/en\/wp-json\/wp\/v2\/posts\/120","targetHints":{"allow":["GET"]}}],"collection":[{"href":"https:\/\/ubirataonline.com.br\/en\/wp-json\/wp\/v2\/posts"}],"about":[{"href":"https:\/\/ubirataonline.com.br\/en\/wp-json\/wp\/v2\/types\/post"}],"author":[{"embeddable":true,"href":"https:\/\/ubirataonline.com.br\/en\/wp-json\/wp\/v2\/users\/1"}],"replies":[{"embeddable":true,"href":"https:\/\/ubirataonline.com.br\/en\/wp-json\/wp\/v2\/comments?post=120"}],"version-history":[{"count":0,"href":"https:\/\/ubirataonline.com.br\/en\/wp-json\/wp\/v2\/posts\/120\/revisions"}],"wp:attachment":[{"href":"https:\/\/ubirataonline.com.br\/en\/wp-json\/wp\/v2\/media?parent=120"}],"wp:term":[{"taxonomy":"category","embeddable":true,"href":"https:\/\/ubirataonline.com.br\/en\/wp-json\/wp\/v2\/categories?post=120"},{"taxonomy":"post_tag","embeddable":true,"href":"https:\/\/ubirataonline.com.br\/en\/wp-json\/wp\/v2\/tags?post=120"}],"curies":[{"name":"wp","href":"https:\/\/api.w.org\/{rel}","templated":true}]}}