{"id":120247,"date":"2026-05-01T05:10:12","date_gmt":"2026-05-01T08:10:12","guid":{"rendered":"https:\/\/ubirataonline.com.br\/myanmars-detained-former-leader-aung-san-suu-kyi-moved-to-house-arrest-military-says\/"},"modified":"2026-05-01T05:10:15","modified_gmt":"2026-05-01T08:10:15","slug":"myanmars-detained-former-leader-aung-san-suu-kyi-moved-to-house-arrest-military-says","status":"publish","type":"post","link":"https:\/\/ubirataonline.com.br\/en\/myanmars-detained-former-leader-aung-san-suu-kyi-moved-to-house-arrest-military-says\/","title":{"rendered":"Myanmar\u2019s detained former leader Aung San Suu Kyi moved to house arrest, military says"},"content":{"rendered":"<p><br \/>\n<\/p>\n<div data-editable=\"content\" itemprop=\"articleBody\" data-reorderable=\"content\">\n<p>\n<cite class=\"source__cite vossi-source__cite\"><br \/>\n      <span class=\"source__location vossi-source__location\" data-editable=\"location\"><wbr\/><\/span><span class=\"source__text\" data-editable=\"source\">Reuters<\/span><wbr\/><span class=\"source__separator\">\u00a0\u2014\u00a0<\/span><br \/>\n    <\/cite><\/p>\n<p class=\"paragraph-elevate inline-placeholder vossi-paragraph_elevate\" data-uri=\"cms.cnn.com\/_components\/paragraph\/instances\/cmom629zm000x29quekkshucp@published\" data-editable=\"text\" data-component-name=\"paragraph\" data-article-gutter=\"true\">\n            Myanmar\u2019s detained former leader <a href=\"https:\/\/www.cnn.com\/2012\/09\/19\/asia\/gallery\/suu-kyi\">Aung San Suu Kyi<\/a> is to be moved to house arrest, state media reported on Thursday, more than five years after the military ousted the civilian government she led and jailed the Nobel laureate.\n    <\/p>\n<p class=\"paragraph-elevate inline-placeholder vossi-paragraph_elevate\" data-uri=\"cms.cnn.com\/_components\/paragraph\/instances\/cmom64vfg00013b6qidvwpkxf@published\" data-editable=\"text\" data-component-name=\"paragraph\" data-article-gutter=\"true\">\n            Suu Kyi, 80, has been detained by the junta since and her whereabouts have been unclear amid a deadly civil war that was triggered by the February 2021 coup that has engulfed much of the impoverished Southeast Asian nation.\n    <\/p>\n<p class=\"paragraph-elevate inline-placeholder vossi-paragraph_elevate\" data-uri=\"cms.cnn.com\/_components\/paragraph\/instances\/cmom64vfg00023b6q74vxg89a@published\" data-editable=\"text\" data-component-name=\"paragraph\" data-article-gutter=\"true\">\n            State-run MRTV reported that \u201cthe remaining portion of Daw Aung San Suu Kyi\u2019s sentence has been commuted to be served at a designated residence,\u201d using an honorific for the veteran politician.\n    <\/p>\n<p class=\"paragraph-elevate inline-placeholder vossi-paragraph_elevate\" data-uri=\"cms.cnn.com\/_components\/paragraph\/instances\/cmom64vfg00033b6q6ss2mwv1@published\" data-editable=\"text\" data-component-name=\"paragraph\" data-article-gutter=\"true\">\n            State media also broadcast a photograph of Suu Kyi, seated on a wooden bench and flanked by two uniformed personnel \u2013 the first public image of her in years.\n    <\/p>\n<p class=\"paragraph-elevate inline-placeholder vossi-paragraph_elevate\" data-uri=\"cms.cnn.com\/_components\/paragraph\/instances\/cmom64vfg00043b6qrk3vxcjr@published\" data-editable=\"text\" data-component-name=\"paragraph\" data-article-gutter=\"true\">\n            At the United Nations in New York, UN spokesperson Stephane Dujarric welcomed the news.\n    <\/p>\n<p class=\"paragraph-elevate inline-placeholder vossi-paragraph_elevate\" data-uri=\"cms.cnn.com\/_components\/paragraph\/instances\/cmom64vfg00053b6qq78ekx8p@published\" data-editable=\"text\" data-component-name=\"paragraph\" data-article-gutter=\"true\">\n            \u201cWe\u2019ve just seen the reports,\u201d he said. \u201cI can tell you that we appreciate the commutation of Aung San Suu Kyi to a so-called house arrest in a designated residence. It is a meaningful step towards conditions conducive to credible political process.\u201d\n    <\/p>\n<p class=\"paragraph-elevate inline-placeholder vossi-paragraph_elevate\" data-uri=\"cms.cnn.com\/_components\/paragraph\/instances\/cmom64vfg00063b6qmxpjgnb7@published\" data-editable=\"text\" data-component-name=\"paragraph\" data-article-gutter=\"true\">\n            Dujarric added that the only viable political solution in Myanmar \u201cmust be based on immediate cessation of violence and a genuine commitment to inclusive dialogue.\u201d\n    <\/p>\n<p class=\"paragraph-elevate inline-placeholder vossi-paragraph_elevate\" data-uri=\"cms.cnn.com\/_components\/paragraph\/instances\/cmom64vfg00073b6qec4sgicp@published\" data-editable=\"text\" data-component-name=\"paragraph\" data-article-gutter=\"true\">\n            However, in a statement, her son Kim Aris said Thursday\u2019s announcement by Myanmar authorities did little to dispel fears about her condition or even confirm that she was still alive.\n    <\/p>\n<p class=\"paragraph-elevate inline-placeholder vossi-paragraph_elevate\" data-uri=\"cms.cnn.com\/_components\/paragraph\/instances\/cmom64vfg00083b6qthq4pb26@published\" data-editable=\"text\" data-component-name=\"paragraph\" data-article-gutter=\"true\">\n            \u201cI still do not know where my mother is. I do not know how she is. I remain deeply concerned about whether she is still alive,\u201d he said. \u201cIf she is alive, I ask for proof of life.\u201d\n    <\/p>\n<p class=\"paragraph-elevate inline-placeholder vossi-paragraph_elevate\" data-uri=\"cms.cnn.com\/_components\/paragraph\/instances\/cmom64vfg00093b6qi62hrk6g@published\" data-editable=\"text\" data-component-name=\"paragraph\" data-article-gutter=\"true\">\n            In December, Aris told Reuters he has <a href=\"https:\/\/www.reutersconnect.com\/all?search=all%3AL8N3XL050&amp;linkedFromStory=true\" target=\"_blank\">not heard from his mother<\/a> in years, only receiving sporadic, secondhand details about her heart, bone and gum problems since her detention.\n    <\/p>\n<p class=\"paragraph-elevate inline-placeholder vossi-paragraph_elevate\" data-uri=\"cms.cnn.com\/_components\/paragraph\/instances\/cmom64vfg000a3b6q5uih5ou1@published\" data-editable=\"text\" data-component-name=\"paragraph\" data-article-gutter=\"true\">\n            \u201cIt is good to hear that the house arrest has been confirmed but we haven\u2019t received any direct notification,\u201d a member of her legal team told Reuters. \u201cWe only found out about it from the news announcement.\u201d\n    <\/p>\n<p class=\"paragraph-elevate inline-placeholder vossi-paragraph_elevate\" data-uri=\"cms.cnn.com\/_components\/paragraph\/instances\/cmom65xvg000g3b6q5g94glii@published\" data-editable=\"text\" data-component-name=\"paragraph\" data-article-gutter=\"true\">\n            After a marathon run of trials, Suu Kyi was sentenced to 33 years after convictions on charges ranging from corruption and inciting election fraud to violating state secrecy rules, which her allies maintain were politically motivated and aimed at sidelining her.\n    <\/p>\n<p class=\"paragraph-elevate inline-placeholder vossi-paragraph_elevate\" data-uri=\"cms.cnn.com\/_components\/paragraph\/instances\/cmom666zv000i3b6q7hubiyrs@published\" data-editable=\"text\" data-component-name=\"paragraph\" data-article-gutter=\"true\">\n            That sentence was later commuted to 27 years, and then by a sixth in a Myanmar New Year <a href=\"https:\/\/www.reutersconnect.com\/all?search=all%3AL1N41004U&amp;linkedFromStory=true\" target=\"_blank\">amnesty<\/a> on April 17 that freed her ally and co-defendant Win Myint, the former president.\n    <\/p>\n<p class=\"paragraph-elevate inline-placeholder vossi-paragraph_elevate\" data-uri=\"cms.cnn.com\/_components\/paragraph\/instances\/cmom666zv000j3b6qx4s1z0o7@published\" data-editable=\"text\" data-component-name=\"paragraph\" data-article-gutter=\"true\">\n            Earlier on Thursday, her sentence was reduced by a further one-sixth as part of a wider amnesty of all prisoners in Myanmar\u2019s jails.\n    <\/p>\n<p class=\"paragraph-elevate inline-placeholder vossi-paragraph_elevate\" data-uri=\"cms.cnn.com\/_components\/paragraph\/instances\/cmom666zv000k3b6qjcnfpltb@published\" data-editable=\"text\" data-component-name=\"paragraph\" data-article-gutter=\"true\">\n            Suu Kyi, the daughter of the former Burma\u2019s independence hero General Aung San, was held under house arrest for a total of 15 years under a previous junta at her family residence on Yangon\u2019s Inya Lake, where she famously gave impassioned speeches to crowds of supporters over the metal gates of the property.\n    <\/p>\n<p class=\"paragraph-elevate inline-placeholder vossi-paragraph_elevate\" data-uri=\"cms.cnn.com\/_components\/paragraph\/instances\/cmom666zv000l3b6qnjapbhde@published\" data-editable=\"text\" data-component-name=\"paragraph\" data-article-gutter=\"true\">\n            Myanmar\u2019s junta chief turned president <a href=\"https:\/\/www.cnn.com\/2025\/08\/16\/asia\/myanmar-election-atrocities-explainer-intl-hnk-dst\">Min Aung Hlaing<\/a>, who overthrew Suu Kyi in the coup, has faced persistent international pressure to release political detainees <a href=\"https:\/\/www.cnn.com\/2025\/12\/27\/asia\/myanmar-election-civil-war-hnk-intl\">since a recent election<\/a>, including from the Southeast Asian bloc ASEAN, which he is seeking to reengage with after being barred from its summits.\n    <\/p>\n<p class=\"paragraph-elevate inline-placeholder vossi-paragraph_elevate\" data-uri=\"cms.cnn.com\/_components\/paragraph\/instances\/cmom666zv000m3b6qovhozf0s@published\" data-editable=\"text\" data-component-name=\"paragraph\" data-article-gutter=\"true\">\n            Min Aung Hlaing last week told Thailand\u2019s foreign minister that Suu Kyi was being <a href=\"https:\/\/www.reutersconnect.com\/all?search=all%3AL6N4150WF&amp;linkedFromStory=true\" target=\"_blank\">\u201cwell looked after\u201d<\/a> and his government was considering unspecified \u201cgood things.\u201d\n    <\/p>\n<\/p><\/div>\n<p><br \/>\n<br \/><a href=\"https:\/\/www.cnn.com\/2026\/04\/30\/asia\/myanmar-suu-kyi-house-arrest-intl-hnk\">Source link <\/a><\/p>","protected":false},"excerpt":{"rendered":"<p>Reuters\u00a0\u2014\u00a0 Myanmar\u2019s detained former leader Aung San Suu Kyi is to be moved to house arrest, state media reported on Thursday, more than five years after the military ousted the civilian government she led and jailed the Nobel laureate. Suu Kyi, 80, has been detained by the junta since and her whereabouts have been unclear [&hellip;]<\/p>\n","protected":false},"author":1,"featured_media":120248,"comment_status":"closed","ping_status":"","sticky":false,"template":"","format":"standard","meta":{"googlesitekit_rrm_CAow2JLhCw:productID":"","_gspb_post_css":"","maa_idioma":"","maa_pais":"","footnotes":""},"categories":[1],"tags":[5857,32596,6216,4938,32598,8280,6235,20228,32595,5276,32597],"class_list":["post-120247","post","type-post","status-publish","format-standard","has-post-thumbnail","hentry","category-ubirata","tag-arrest","tag-aung","tag-detained","tag-house","tag-kyi","tag-leader","tag-military","tag-moved","tag-myanmars","tag-san","tag-suu"],"blocksy_meta":[],"yoast_head":"<!-- This site is optimized with the Yoast SEO Premium plugin v27.6 (Yoast SEO v27.6) - https:\/\/yoast.com\/product\/yoast-seo-premium-wordpress\/ -->\n<title>Myanmar\u2019s detained former leader Aung San Suu Kyi moved to house arrest, military says - Ubirat\u00e3 Online Not\u00edcias - A realidade ao seu alcance!<\/title>\n<meta name=\"description\" content=\"Reuters\u00a0\u2014\u00a0 Myanmar\u2019s detained former leader Aung San Suu Kyi is to be moved to house arrest, state media reported on Thursday, more than five years after\" \/>\n<meta name=\"robots\" content=\"index, follow, max-snippet:-1, max-image-preview:large, max-video-preview:-1\" \/>\n<link rel=\"canonical\" href=\"https:\/\/ubirataonline.com.br\/en\/myanmars-detained-former-leader-aung-san-suu-kyi-moved-to-house-arrest-military-says\/\" \/>\n<meta property=\"og:locale\" content=\"en_US\" \/>\n<meta property=\"og:type\" content=\"article\" \/>\n<meta property=\"og:title\" content=\"Myanmar\u2019s detained former leader Aung San Suu Kyi moved to house arrest, military says\" \/>\n<meta property=\"og:description\" content=\"Reuters\u00a0\u2014\u00a0 Myanmar\u2019s detained former leader Aung San Suu Kyi is to be moved to house arrest, state media reported on Thursday, more than five years after\" \/>\n<meta property=\"og:url\" content=\"https:\/\/ubirataonline.com.br\/en\/myanmars-detained-former-leader-aung-san-suu-kyi-moved-to-house-arrest-military-says\/\" \/>\n<meta property=\"og:site_name\" content=\"Ubirat\u00e3 Online Not\u00edcias - A realidade ao seu alcance!\" \/>\n<meta property=\"article:publisher\" content=\"https:\/\/www.facebook.com\/portalubirataonline\" \/>\n<meta property=\"article:author\" content=\"https:\/\/www.facebook.com\/portalubirataonline\" \/>\n<meta property=\"article:published_time\" content=\"2026-05-01T08:10:12+00:00\" \/>\n<meta property=\"article:modified_time\" content=\"2026-05-01T08:10:15+00:00\" \/>\n<meta property=\"og:image\" content=\"https:\/\/ubirataonline.com.br\/wp-content\/uploads\/2026\/05\/Myanmars-detained-former-leader-Aung-San-Suu-Kyi-moved-to.JPG\" \/>\n\t<meta property=\"og:image:width\" content=\"800\" \/>\n\t<meta property=\"og:image:height\" content=\"450\" \/>\n\t<meta property=\"og:image:type\" content=\"image\/jpeg\" \/>\n<meta name=\"author\" content=\"REDA\u00c7\u00c3O: UBIRAT\u00c3 ONLINE - F\u00c1BIO AUGUSTO CELESTINO\" \/>\n<meta name=\"twitter:card\" content=\"summary_large_image\" \/>\n<meta name=\"twitter:creator\" content=\"@x.com\/ubirataonline\" \/>\n<meta name=\"twitter:site\" content=\"@ubirataonline\" \/>\n<meta name=\"twitter:label1\" content=\"Written by\" \/>\n\t<meta name=\"twitter:data1\" content=\"REDA\u00c7\u00c3O: UBIRAT\u00c3 ONLINE - F\u00c1BIO AUGUSTO CELESTINO\" \/>\n\t<meta name=\"twitter:label2\" content=\"Est. reading time\" \/>\n\t<meta name=\"twitter:data2\" content=\"3 minutes\" \/>\n<script type=\"application\/ld+json\" class=\"yoast-schema-graph\">{\"@context\":\"https:\\\/\\\/schema.org\",\"@graph\":[{\"@type\":\"NewsArticle\",\"@id\":\"https:\\\/\\\/ubirataonline.com.br\\\/myanmars-detained-former-leader-aung-san-suu-kyi-moved-to-house-arrest-military-says\\\/#article\",\"isPartOf\":{\"@id\":\"https:\\\/\\\/ubirataonline.com.br\\\/myanmars-detained-former-leader-aung-san-suu-kyi-moved-to-house-arrest-military-says\\\/\"},\"author\":{\"name\":\"REDA\u00c7\u00c3O: UBIRAT\u00c3 ONLINE - F\u00c1BIO AUGUSTO CELESTINO\",\"@id\":\"https:\\\/\\\/ubirataonline.com.br\\\/#\\\/schema\\\/person\\\/372f87bbd3fdd79b8556b84c98d0bc1c\"},\"headline\":\"Myanmar\u2019s detained former leader Aung San Suu Kyi moved to house arrest, military says\",\"datePublished\":\"2026-05-01T08:10:12+00:00\",\"dateModified\":\"2026-05-01T08:10:15+00:00\",\"mainEntityOfPage\":{\"@id\":\"https:\\\/\\\/ubirataonline.com.br\\\/myanmars-detained-former-leader-aung-san-suu-kyi-moved-to-house-arrest-military-says\\\/\"},\"wordCount\":598,\"publisher\":{\"@id\":\"https:\\\/\\\/ubirataonline.com.br\\\/#organization\"},\"image\":{\"@id\":\"https:\\\/\\\/ubirataonline.com.br\\\/myanmars-detained-former-leader-aung-san-suu-kyi-moved-to-house-arrest-military-says\\\/#primaryimage\"},\"thumbnailUrl\":\"https:\\\/\\\/ubirataonline.com.br\\\/wp-content\\\/uploads\\\/2026\\\/05\\\/Myanmars-detained-former-leader-Aung-San-Suu-Kyi-moved-to.JPG\",\"keywords\":[\"Arrest\",\"Aung\",\"Detained\",\"House\",\"Kyi\",\"leader\",\"military\",\"Moved\",\"Myanmars\",\"San\",\"Suu\"],\"articleSection\":[\"Ubirat\u00e3\"],\"inLanguage\":\"en-US\",\"copyrightYear\":\"2026\",\"copyrightHolder\":{\"@id\":\"https:\\\/\\\/ubirataonline.com.br\\\/en\\\/#organization\"}},{\"@type\":\"WebPage\",\"@id\":\"https:\\\/\\\/ubirataonline.com.br\\\/myanmars-detained-former-leader-aung-san-suu-kyi-moved-to-house-arrest-military-says\\\/\",\"url\":\"https:\\\/\\\/ubirataonline.com.br\\\/myanmars-detained-former-leader-aung-san-suu-kyi-moved-to-house-arrest-military-says\\\/\",\"name\":\"Myanmar\u2019s detained former leader Aung San Suu Kyi moved to house arrest, military says - Ubirat\u00e3 Online Not\u00edcias - A realidade ao seu alcance!\",\"isPartOf\":{\"@id\":\"https:\\\/\\\/ubirataonline.com.br\\\/#website\"},\"primaryImageOfPage\":{\"@id\":\"https:\\\/\\\/ubirataonline.com.br\\\/myanmars-detained-former-leader-aung-san-suu-kyi-moved-to-house-arrest-military-says\\\/#primaryimage\"},\"image\":{\"@id\":\"https:\\\/\\\/ubirataonline.com.br\\\/myanmars-detained-former-leader-aung-san-suu-kyi-moved-to-house-arrest-military-says\\\/#primaryimage\"},\"thumbnailUrl\":\"https:\\\/\\\/ubirataonline.com.br\\\/wp-content\\\/uploads\\\/2026\\\/05\\\/Myanmars-detained-former-leader-Aung-San-Suu-Kyi-moved-to.JPG\",\"datePublished\":\"2026-05-01T08:10:12+00:00\",\"dateModified\":\"2026-05-01T08:10:15+00:00\",\"description\":\"Reuters\u00a0\u2014\u00a0 Myanmar\u2019s detained former leader Aung San Suu Kyi is to be moved to house arrest, state media reported on Thursday, more than five years after\",\"breadcrumb\":{\"@id\":\"https:\\\/\\\/ubirataonline.com.br\\\/myanmars-detained-former-leader-aung-san-suu-kyi-moved-to-house-arrest-military-says\\\/#breadcrumb\"},\"inLanguage\":\"en-US\",\"potentialAction\":[{\"@type\":\"ReadAction\",\"target\":[\"https:\\\/\\\/ubirataonline.com.br\\\/myanmars-detained-former-leader-aung-san-suu-kyi-moved-to-house-arrest-military-says\\\/\"]}]},{\"@type\":\"ImageObject\",\"inLanguage\":\"en-US\",\"@id\":\"https:\\\/\\\/ubirataonline.com.br\\\/myanmars-detained-former-leader-aung-san-suu-kyi-moved-to-house-arrest-military-says\\\/#primaryimage\",\"url\":\"https:\\\/\\\/ubirataonline.com.br\\\/wp-content\\\/uploads\\\/2026\\\/05\\\/Myanmars-detained-former-leader-Aung-San-Suu-Kyi-moved-to.JPG\",\"contentUrl\":\"https:\\\/\\\/ubirataonline.com.br\\\/wp-content\\\/uploads\\\/2026\\\/05\\\/Myanmars-detained-former-leader-Aung-San-Suu-Kyi-moved-to.JPG\",\"width\":800,\"height\":450,\"caption\":\"Handout\\\/Myanmar Military Information Team\\\/AFP\\\/ Getty Images\"},{\"@type\":\"BreadcrumbList\",\"@id\":\"https:\\\/\\\/ubirataonline.com.br\\\/myanmars-detained-former-leader-aung-san-suu-kyi-moved-to-house-arrest-military-says\\\/#breadcrumb\",\"itemListElement\":[{\"@type\":\"ListItem\",\"position\":1,\"name\":\"In\u00edcio\",\"item\":\"https:\\\/\\\/ubirataonline.com.br\\\/\"},{\"@type\":\"ListItem\",\"position\":2,\"name\":\"Myanmar\u2019s detained former leader Aung San Suu Kyi moved to house arrest, military says\"}]},{\"@type\":\"WebSite\",\"@id\":\"https:\\\/\\\/ubirataonline.com.br\\\/#website\",\"url\":\"https:\\\/\\\/ubirataonline.com.br\\\/\",\"name\":\"Ubirat\u00e3 Online Not\u00edcias\",\"description\":\"Not\u00edcias de Ubirat\u00e3, regi\u00e3o, Brasil e mundo, com informa\u00e7\u00e3o atualizada e compromisso com o leitor.\",\"publisher\":{\"@id\":\"https:\\\/\\\/ubirataonline.com.br\\\/#organization\"},\"alternateName\":\"Ubirat\u00e3 Online\",\"potentialAction\":[{\"@type\":\"SearchAction\",\"target\":{\"@type\":\"EntryPoint\",\"urlTemplate\":\"https:\\\/\\\/ubirataonline.com.br\\\/?s={search_term_string}\"},\"query-input\":{\"@type\":\"PropertyValueSpecification\",\"valueRequired\":true,\"valueName\":\"search_term_string\"}}],\"inLanguage\":\"en-US\"},{\"@type\":[\"Organization\",\"Place\"],\"@id\":\"https:\\\/\\\/ubirataonline.com.br\\\/#organization\",\"name\":\"Ubirat\u00e3 Online Not\u00edcias\",\"alternateName\":\"Ubirat\u00e3 Online\",\"url\":\"https:\\\/\\\/ubirataonline.com.br\\\/\",\"logo\":{\"@id\":\"https:\\\/\\\/ubirataonline.com.br\\\/myanmars-detained-former-leader-aung-san-suu-kyi-moved-to-house-arrest-military-says\\\/#local-main-organization-logo\"},\"image\":{\"@id\":\"https:\\\/\\\/ubirataonline.com.br\\\/myanmars-detained-former-leader-aung-san-suu-kyi-moved-to-house-arrest-military-says\\\/#local-main-organization-logo\"},\"sameAs\":[\"https:\\\/\\\/www.facebook.com\\\/portalubirataonline\",\"https:\\\/\\\/x.com\\\/ubirataonline\",\"https:\\\/\\\/mastodon.social\\\/@ubirataonline\",\"https:\\\/\\\/www.facebook.com\\\/groups\\\/311144672285604\",\"https:\\\/\\\/www.facebook.com\\\/UBTAOnline\",\"https:\\\/\\\/www.instagram.com\\\/portalubirataonline\\\/\",\"https:\\\/\\\/twitter.com\\\/ubirataonline\"],\"description\":\"Somos um portal de not\u00edcias independente, criado em 5 de janeiro de 2009, com o objetivo de informar, conectar e valorizar a nossa comunidade de Ubirat\u00e3 e toda aregi\u00e3o. Com conte\u00fado atualizado, confi\u00e1vel e relevante, o Ubirat\u00e3 Online \u00e9 o seu espa\u00e7o para ficar por dentro dos principais acontecimentos locais, regionais, Brasil, Mundo e de interesse geral. Nosso compromisso \u00e9 com a verdade, a transpar\u00eancia e o respeito ao leitor.\",\"legalName\":\"UBIRATA ONLINE NOT\u00cdCIAS\",\"foundingDate\":\"2009-01-05\",\"numberOfEmployees\":{\"@type\":\"QuantitativeValue\",\"minValue\":\"1\",\"maxValue\":\"10\"},\"publishingPrinciples\":\"https:\\\/\\\/ubirataonline.com.br\\\/faq\\\/\",\"address\":{\"@id\":\"https:\\\/\\\/ubirataonline.com.br\\\/myanmars-detained-former-leader-aung-san-suu-kyi-moved-to-house-arrest-military-says\\\/#local-main-place-address\"},\"geo\":{\"@type\":\"GeoCoordinates\",\"latitude\":\"-24.5361401\",\"longitude\":\"-52.9921776\"},\"telephone\":[\"+5544998308235\"],\"contactPoint\":{\"@type\":\"ContactPoint\",\"email\":\"contato@ubirataonline.com.br\"},\"openingHoursSpecification\":{\"@type\":\"OpeningHoursSpecification\",\"dayOfWeek\":[\"Monday\",\"Tuesday\",\"Wednesday\",\"Thursday\",\"Friday\",\"Saturday\",\"Sunday\"],\"opens\":\"00:00\",\"closes\":\"23:59\"},\"email\":\"contato@ubirataonline.com.br\",\"vatID\":\"47.621.418\\\/0001-80\"},{\"@type\":\"Person\",\"@id\":\"https:\\\/\\\/ubirataonline.com.br\\\/#\\\/schema\\\/person\\\/372f87bbd3fdd79b8556b84c98d0bc1c\",\"name\":\"REDA\u00c7\u00c3O: UBIRAT\u00c3 ONLINE - F\u00c1BIO AUGUSTO CELESTINO\",\"pronouns\":\"Ele\",\"description\":\"Desde 2003 trabalhando com not\u00edcias.\",\"sameAs\":[\"http:\\\/\\\/ubirataoline.com.br\",\"https:\\\/\\\/www.facebook.com\\\/portalubirataonline\",\"https:\\\/\\\/www.instagram.com\\\/ubirataonline_oficial\",\"https:\\\/\\\/x.com\\\/x.com\\\/ubirataonline\"],\"honorificPrefix\":\"Mr.\",\"honorificSuffix\":\"MD\",\"birthDate\":\"1980-06-16\",\"gender\":\"masculino\",\"award\":[\"V\u00e1rios pr\u00eamios de melhor portal da cidade\"],\"jobTitle\":\"Diretor\",\"url\":\"https:\\\/\\\/ubirataonline.com.br\\\/en\\\/author\\\/ubirataonline\\\/\"},{\"@type\":\"PostalAddress\",\"@id\":\"https:\\\/\\\/ubirataonline.com.br\\\/myanmars-detained-former-leader-aung-san-suu-kyi-moved-to-house-arrest-military-says\\\/#local-main-place-address\",\"streetAddress\":\"Rua dos Coqueiros, 104 - Bairro Boa Vista, Rua dos Coqueiros, 104 Bairro Boa Vista\",\"addressLocality\":\"UBIRATA\",\"postalCode\":\"85440-000\",\"addressRegion\":\"PR\",\"addressCountry\":\"BR\"},{\"@type\":\"ImageObject\",\"inLanguage\":\"en-US\",\"@id\":\"https:\\\/\\\/ubirataonline.com.br\\\/myanmars-detained-former-leader-aung-san-suu-kyi-moved-to-house-arrest-military-says\\\/#local-main-organization-logo\",\"url\":\"https:\\\/\\\/ubirataonline.com.br\\\/wp-content\\\/uploads\\\/2026\\\/06\\\/logoubirataonline-1.webp\",\"contentUrl\":\"https:\\\/\\\/ubirataonline.com.br\\\/wp-content\\\/uploads\\\/2026\\\/06\\\/logoubirataonline-1.webp\",\"width\":500,\"height\":500,\"caption\":\"Ubirat\u00e3 Online Not\u00edcias\"}]}<\/script>\n<meta name=\"geo.placename\" content=\"UBIRATA\" \/>\n<meta name=\"geo.position\" content=\"-24.5361401;-52.9921776\" \/>\n<meta name=\"geo.region\" content=\"Brazil\" \/>\n<!-- \/ Yoast SEO Premium plugin. -->","yoast_head_json":{"title":"Myanmar\u2019s detained former leader Aung San Suu Kyi moved to house arrest, military says - Ubirat\u00e3 Online Not\u00edcias - A realidade ao seu alcance!","description":"Reuters\u00a0\u2014\u00a0 Myanmar\u2019s detained former leader Aung San Suu Kyi is to be moved to house arrest, state media reported on Thursday, more than five years after","robots":{"index":"index","follow":"follow","max-snippet":"max-snippet:-1","max-image-preview":"max-image-preview:large","max-video-preview":"max-video-preview:-1"},"canonical":"https:\/\/ubirataonline.com.br\/en\/myanmars-detained-former-leader-aung-san-suu-kyi-moved-to-house-arrest-military-says\/","og_locale":"en_US","og_type":"article","og_title":"Myanmar\u2019s detained former leader Aung San Suu Kyi moved to house arrest, military says","og_description":"Reuters\u00a0\u2014\u00a0 Myanmar\u2019s detained former leader Aung San Suu Kyi is to be moved to house arrest, state media reported on Thursday, more than five years after","og_url":"https:\/\/ubirataonline.com.br\/en\/myanmars-detained-former-leader-aung-san-suu-kyi-moved-to-house-arrest-military-says\/","og_site_name":"Ubirat\u00e3 Online Not\u00edcias - A realidade ao seu alcance!","article_publisher":"https:\/\/www.facebook.com\/portalubirataonline","article_author":"https:\/\/www.facebook.com\/portalubirataonline","article_published_time":"2026-05-01T08:10:12+00:00","article_modified_time":"2026-05-01T08:10:15+00:00","og_image":[{"width":800,"height":450,"url":"https:\/\/ubirataonline.com.br\/wp-content\/uploads\/2026\/05\/Myanmars-detained-former-leader-Aung-San-Suu-Kyi-moved-to.JPG","type":"image\/jpeg"}],"author":"REDA\u00c7\u00c3O: UBIRAT\u00c3 ONLINE - F\u00c1BIO AUGUSTO CELESTINO","twitter_card":"summary_large_image","twitter_creator":"@x.com\/ubirataonline","twitter_site":"@ubirataonline","twitter_misc":{"Written by":"REDA\u00c7\u00c3O: UBIRAT\u00c3 ONLINE - F\u00c1BIO AUGUSTO CELESTINO","Est. reading time":"3 minutes"},"schema":{"@context":"https:\/\/schema.org","@graph":[{"@type":"NewsArticle","@id":"https:\/\/ubirataonline.com.br\/myanmars-detained-former-leader-aung-san-suu-kyi-moved-to-house-arrest-military-says\/#article","isPartOf":{"@id":"https:\/\/ubirataonline.com.br\/myanmars-detained-former-leader-aung-san-suu-kyi-moved-to-house-arrest-military-says\/"},"author":{"name":"REDA\u00c7\u00c3O: UBIRAT\u00c3 ONLINE - F\u00c1BIO AUGUSTO CELESTINO","@id":"https:\/\/ubirataonline.com.br\/#\/schema\/person\/372f87bbd3fdd79b8556b84c98d0bc1c"},"headline":"Myanmar\u2019s detained former leader Aung San Suu Kyi moved to house arrest, military says","datePublished":"2026-05-01T08:10:12+00:00","dateModified":"2026-05-01T08:10:15+00:00","mainEntityOfPage":{"@id":"https:\/\/ubirataonline.com.br\/myanmars-detained-former-leader-aung-san-suu-kyi-moved-to-house-arrest-military-says\/"},"wordCount":598,"publisher":{"@id":"https:\/\/ubirataonline.com.br\/#organization"},"image":{"@id":"https:\/\/ubirataonline.com.br\/myanmars-detained-former-leader-aung-san-suu-kyi-moved-to-house-arrest-military-says\/#primaryimage"},"thumbnailUrl":"https:\/\/ubirataonline.com.br\/wp-content\/uploads\/2026\/05\/Myanmars-detained-former-leader-Aung-San-Suu-Kyi-moved-to.JPG","keywords":["Arrest","Aung","Detained","House","Kyi","leader","military","Moved","Myanmars","San","Suu"],"articleSection":["Ubirat\u00e3"],"inLanguage":"en-US","copyrightYear":"2026","copyrightHolder":{"@id":"https:\/\/ubirataonline.com.br\/en\/#organization"}},{"@type":"WebPage","@id":"https:\/\/ubirataonline.com.br\/myanmars-detained-former-leader-aung-san-suu-kyi-moved-to-house-arrest-military-says\/","url":"https:\/\/ubirataonline.com.br\/myanmars-detained-former-leader-aung-san-suu-kyi-moved-to-house-arrest-military-says\/","name":"Myanmar\u2019s detained former leader Aung San Suu Kyi moved to house arrest, military says - Ubirat\u00e3 Online Not\u00edcias - A realidade ao seu alcance!","isPartOf":{"@id":"https:\/\/ubirataonline.com.br\/#website"},"primaryImageOfPage":{"@id":"https:\/\/ubirataonline.com.br\/myanmars-detained-former-leader-aung-san-suu-kyi-moved-to-house-arrest-military-says\/#primaryimage"},"image":{"@id":"https:\/\/ubirataonline.com.br\/myanmars-detained-former-leader-aung-san-suu-kyi-moved-to-house-arrest-military-says\/#primaryimage"},"thumbnailUrl":"https:\/\/ubirataonline.com.br\/wp-content\/uploads\/2026\/05\/Myanmars-detained-former-leader-Aung-San-Suu-Kyi-moved-to.JPG","datePublished":"2026-05-01T08:10:12+00:00","dateModified":"2026-05-01T08:10:15+00:00","description":"Reuters\u00a0\u2014\u00a0 Myanmar\u2019s detained former leader Aung San Suu Kyi is to be moved to house arrest, state media reported on Thursday, more than five years after","breadcrumb":{"@id":"https:\/\/ubirataonline.com.br\/myanmars-detained-former-leader-aung-san-suu-kyi-moved-to-house-arrest-military-says\/#breadcrumb"},"inLanguage":"en-US","potentialAction":[{"@type":"ReadAction","target":["https:\/\/ubirataonline.com.br\/myanmars-detained-former-leader-aung-san-suu-kyi-moved-to-house-arrest-military-says\/"]}]},{"@type":"ImageObject","inLanguage":"en-US","@id":"https:\/\/ubirataonline.com.br\/myanmars-detained-former-leader-aung-san-suu-kyi-moved-to-house-arrest-military-says\/#primaryimage","url":"https:\/\/ubirataonline.com.br\/wp-content\/uploads\/2026\/05\/Myanmars-detained-former-leader-Aung-San-Suu-Kyi-moved-to.JPG","contentUrl":"https:\/\/ubirataonline.com.br\/wp-content\/uploads\/2026\/05\/Myanmars-detained-former-leader-Aung-San-Suu-Kyi-moved-to.JPG","width":800,"height":450,"caption":"Handout\/Myanmar Military Information Team\/AFP\/ Getty Images"},{"@type":"BreadcrumbList","@id":"https:\/\/ubirataonline.com.br\/myanmars-detained-former-leader-aung-san-suu-kyi-moved-to-house-arrest-military-says\/#breadcrumb","itemListElement":[{"@type":"ListItem","position":1,"name":"In\u00edcio","item":"https:\/\/ubirataonline.com.br\/"},{"@type":"ListItem","position":2,"name":"Myanmar\u2019s detained former leader Aung San Suu Kyi moved to house arrest, military says"}]},{"@type":"WebSite","@id":"https:\/\/ubirataonline.com.br\/#website","url":"https:\/\/ubirataonline.com.br\/","name":"Ubirat\u00e3 Online Not\u00edcias","description":"Not\u00edcias de Ubirat\u00e3, regi\u00e3o, Brasil e mundo, com informa\u00e7\u00e3o atualizada e compromisso com o leitor.","publisher":{"@id":"https:\/\/ubirataonline.com.br\/#organization"},"alternateName":"Ubirat\u00e3 Online","potentialAction":[{"@type":"SearchAction","target":{"@type":"EntryPoint","urlTemplate":"https:\/\/ubirataonline.com.br\/?s={search_term_string}"},"query-input":{"@type":"PropertyValueSpecification","valueRequired":true,"valueName":"search_term_string"}}],"inLanguage":"en-US"},{"@type":["Organization","Place"],"@id":"https:\/\/ubirataonline.com.br\/#organization","name":"Ubirat\u00e3 Online Not\u00edcias","alternateName":"Ubirat\u00e3 Online","url":"https:\/\/ubirataonline.com.br\/","logo":{"@id":"https:\/\/ubirataonline.com.br\/myanmars-detained-former-leader-aung-san-suu-kyi-moved-to-house-arrest-military-says\/#local-main-organization-logo"},"image":{"@id":"https:\/\/ubirataonline.com.br\/myanmars-detained-former-leader-aung-san-suu-kyi-moved-to-house-arrest-military-says\/#local-main-organization-logo"},"sameAs":["https:\/\/www.facebook.com\/portalubirataonline","https:\/\/x.com\/ubirataonline","https:\/\/mastodon.social\/@ubirataonline","https:\/\/www.facebook.com\/groups\/311144672285604","https:\/\/www.facebook.com\/UBTAOnline","https:\/\/www.instagram.com\/portalubirataonline\/","https:\/\/twitter.com\/ubirataonline"],"description":"Somos um portal de not\u00edcias independente, criado em 5 de janeiro de 2009, com o objetivo de informar, conectar e valorizar a nossa comunidade de Ubirat\u00e3 e toda aregi\u00e3o. Com conte\u00fado atualizado, confi\u00e1vel e relevante, o Ubirat\u00e3 Online \u00e9 o seu espa\u00e7o para ficar por dentro dos principais acontecimentos locais, regionais, Brasil, Mundo e de interesse geral. Nosso compromisso \u00e9 com a verdade, a transpar\u00eancia e o respeito ao leitor.","legalName":"UBIRATA ONLINE NOT\u00cdCIAS","foundingDate":"2009-01-05","numberOfEmployees":{"@type":"QuantitativeValue","minValue":"1","maxValue":"10"},"publishingPrinciples":"https:\/\/ubirataonline.com.br\/faq\/","address":{"@id":"https:\/\/ubirataonline.com.br\/myanmars-detained-former-leader-aung-san-suu-kyi-moved-to-house-arrest-military-says\/#local-main-place-address"},"geo":{"@type":"GeoCoordinates","latitude":"-24.5361401","longitude":"-52.9921776"},"telephone":["+5544998308235"],"contactPoint":{"@type":"ContactPoint","email":"contato@ubirataonline.com.br"},"openingHoursSpecification":{"@type":"OpeningHoursSpecification","dayOfWeek":["Monday","Tuesday","Wednesday","Thursday","Friday","Saturday","Sunday"],"opens":"00:00","closes":"23:59"},"email":"contato@ubirataonline.com.br","vatID":"47.621.418\/0001-80"},{"@type":"Person","@id":"https:\/\/ubirataonline.com.br\/#\/schema\/person\/372f87bbd3fdd79b8556b84c98d0bc1c","name":"REDA\u00c7\u00c3O: UBIRAT\u00c3 ONLINE - F\u00c1BIO AUGUSTO CELESTINO","pronouns":"Ele","description":"Desde 2003 trabalhando com not\u00edcias.","sameAs":["http:\/\/ubirataoline.com.br","https:\/\/www.facebook.com\/portalubirataonline","https:\/\/www.instagram.com\/ubirataonline_oficial","https:\/\/x.com\/x.com\/ubirataonline"],"honorificPrefix":"Mr.","honorificSuffix":"MD","birthDate":"1980-06-16","gender":"masculino","award":["V\u00e1rios pr\u00eamios de melhor portal da cidade"],"jobTitle":"Diretor","url":"https:\/\/ubirataonline.com.br\/en\/author\/ubirataonline\/"},{"@type":"PostalAddress","@id":"https:\/\/ubirataonline.com.br\/myanmars-detained-former-leader-aung-san-suu-kyi-moved-to-house-arrest-military-says\/#local-main-place-address","streetAddress":"Rua dos Coqueiros, 104 - Bairro Boa Vista, Rua dos Coqueiros, 104 Bairro Boa Vista","addressLocality":"UBIRATA","postalCode":"85440-000","addressRegion":"PR","addressCountry":"BR"},{"@type":"ImageObject","inLanguage":"en-US","@id":"https:\/\/ubirataonline.com.br\/myanmars-detained-former-leader-aung-san-suu-kyi-moved-to-house-arrest-military-says\/#local-main-organization-logo","url":"https:\/\/ubirataonline.com.br\/wp-content\/uploads\/2026\/06\/logoubirataonline-1.webp","contentUrl":"https:\/\/ubirataonline.com.br\/wp-content\/uploads\/2026\/06\/logoubirataonline-1.webp","width":500,"height":500,"caption":"Ubirat\u00e3 Online Not\u00edcias"}]},"geo.placename":"UBIRATA","geo.position":{"lat":"-24.5361401","long":"-52.9921776"},"geo.region":"Brazil"},"_links":{"self":[{"href":"https:\/\/ubirataonline.com.br\/en\/wp-json\/wp\/v2\/posts\/120247","targetHints":{"allow":["GET"]}}],"collection":[{"href":"https:\/\/ubirataonline.com.br\/en\/wp-json\/wp\/v2\/posts"}],"about":[{"href":"https:\/\/ubirataonline.com.br\/en\/wp-json\/wp\/v2\/types\/post"}],"author":[{"embeddable":true,"href":"https:\/\/ubirataonline.com.br\/en\/wp-json\/wp\/v2\/users\/1"}],"replies":[{"embeddable":true,"href":"https:\/\/ubirataonline.com.br\/en\/wp-json\/wp\/v2\/comments?post=120247"}],"version-history":[{"count":0,"href":"https:\/\/ubirataonline.com.br\/en\/wp-json\/wp\/v2\/posts\/120247\/revisions"}],"wp:featuredmedia":[{"embeddable":true,"href":"https:\/\/ubirataonline.com.br\/en\/wp-json\/wp\/v2\/media\/120248"}],"wp:attachment":[{"href":"https:\/\/ubirataonline.com.br\/en\/wp-json\/wp\/v2\/media?parent=120247"}],"wp:term":[{"taxonomy":"category","embeddable":true,"href":"https:\/\/ubirataonline.com.br\/en\/wp-json\/wp\/v2\/categories?post=120247"},{"taxonomy":"post_tag","embeddable":true,"href":"https:\/\/ubirataonline.com.br\/en\/wp-json\/wp\/v2\/tags?post=120247"}],"curies":[{"name":"wp","href":"https:\/\/api.w.org\/{rel}","templated":true}]}}