{"id":120957,"date":"2026-05-02T00:08:11","date_gmt":"2026-05-02T03:08:11","guid":{"rendered":"https:\/\/ubirataonline.com.br\/moradores-e-turistas-contam-as-primeiras-impressoes-da-ponte-de-guaratuba\/"},"modified":"2026-05-02T00:08:25","modified_gmt":"2026-05-02T03:08:25","slug":"moradores-e-turistas-contam-as-primeiras-impressoes-da-ponte-de-guaratuba","status":"publish","type":"post","link":"https:\/\/ubirataonline.com.br\/en\/moradores-e-turistas-contam-as-primeiras-impressoes-da-ponte-de-guaratuba\/","title":{"rendered":"Moradores e turistas contam as primeiras impress\u00f5es da Ponte de Guaratuba"},"content":{"rendered":"<p><\/p>\n<div id=\"post-content\">\n<p>A entrega da <strong>Ponte de Guaratuba<\/strong> neste 1\u00ba de maio de 2026 entrou para a hist\u00f3ria do Litoral do Paran\u00e1. A inaugura\u00e7\u00e3o reuniu moradores, turistas e autoridades no fim da tarde desta sexta-feira. O movimento no entorno da cabeceira ao lado de Guaratuba come\u00e7ou horas antes. Segundo dado oficial da Secretaria de Seguran\u00e7a P\u00fablica, <strong>17 mil pessoas acompanharam a festa de inaugura\u00e7\u00e3o<\/strong>. O clima foi de curiosidade, expectativa e, principalmente, al\u00edvio.<\/p>\n<p><a href=\"https:\/\/www.tribunapr.com.br\/noticias\/parana\/ponte-de-guaratuba-e-inaugurada-confira-como-foi-a-cerimonia\/\">Logo ap\u00f3s a libera\u00e7\u00e3o simb\u00f3lica<\/a>, quem estava no local tentava colocar em palavras o que estava vendo. O professor aposentado Ananias Carneiro, de 65 anos, frequenta Guaratuba desde a adolesc\u00eancia. \u201c\u00c9 uma coisa surreal. Eu venho para c\u00e1 h\u00e1 mais de 50 anos e ver isso pronto \u00e9 dif\u00edcil de acreditar. \u00c9 muita emo\u00e7\u00e3o\u201d, disse.<\/p>\n<p>No dia anterior, ele e a esposa Regina fizeram a travessia de ferry mais uma vez. \u201cParecia uma despedida. A gente sabia que estava vivendo o \u00faltimo momento de um h\u00e1bito que fez parte da vida inteira\u201d, afirmou. J\u00e1 diante da ponte, a leitura \u00e9 outra. \u201cAgora \u00e9 o futuro\u201d, resumiu.<\/p>\n<p>O casal veio de Curitiba especialmente para a inaugura\u00e7\u00e3o. \u201cA gente quis estar aqui para ver isso acontecendo. \u00c9 um dia que n\u00e3o volta\u201d, disse.<\/p>\n<p>A curitibana e secret\u00e1ria Telma Stakowian, de 58 anos, tamb\u00e9m decidiu descer a serra para acompanhar a entrega da ponte. Ela contou que a espera foi longa e que o sentimento \u00e9 de conquista coletiva. \u201cFoi uma espera muito grande. A emo\u00e7\u00e3o \u00e9 de uma vit\u00f3ria de todo o povo paranaense\u201d, afirmou.<\/p>\n<p>Ela lembrou das viagens anteriores, marcadas por congestionamento e demora na travessia. \u201cQuem vinha para c\u00e1 sabia que ia enfrentar fila, que n\u00e3o tinha hor\u00e1rio certo. Agora isso muda completamente\u201d, disse. Tirando fotos do momento, ela afirmou que a estrutura chama aten\u00e7\u00e3o. \u201cPelo que d\u00e1 para ver, est\u00e1 muito bem feita. \u00c9 dif\u00edcil explicar a sensa\u00e7\u00e3o de estar aqui hoje\u201d, completou.<\/p>\n<figure class=\"wp-block-image size-post_image\"><figcaption class=\"wp-element-caption\">Telma Stakowian. Foto: Maria Carolina Crema \/ Tribuna do Paran\u00e1.<\/figcaption><\/figure>\n<p>A obra altera a percep\u00e7\u00e3o sobre o acesso ao litoral paranaense. A previsibilidade no tempo de viagem passa a ser um fator relevante para turistas e tamb\u00e9m para quem depende da travessia no dia a dia, seja para trabalho, estudo ou servi\u00e7os.<\/p>\n<p>A moradora Francielli Risden, que h\u00e1 quase 14 anos utiliza o ferry diariamente para trabalhar em Matinhos e morar em Guaratuba, resume o impacto da mudan\u00e7a na rotina. \u201cEra uma rotina exaustiva, com longos per\u00edodos de espera para atravessar\u201d, contou. <\/p>\n<p>Com a ponte, a expectativa \u00e9 de ganho de tempo e mais previsibilidade. \u201cAcredito que vou economizar de 40 minutos a uma hora por dia. O que muda \u00e9 a tranquilidade de saber quanto tempo vou levar\u201d, disse. Apesar da avalia\u00e7\u00e3o positiva, ela faz uma ressalva. \u201cA primeira impress\u00e3o \u00e9 muito boa, mas ainda me preocupa a falta de estrutura vi\u00e1ria na cidade para comportar o aumento do fluxo\u201d, afirmou. Para ela, o principal significado da obra \u00e9 direto: \u201ca ponte representa agilidade e previsibilidade no deslocamento entre Guaratuba e Matinhos.\u201d<\/p>\n<h2 class=\"wp-block-heading\" id=\"h-expectativa-de-novos-investimentos\">Expectativa de novos investimentos<\/h2>\n<p>A mudan\u00e7a tamb\u00e9m mobiliza expectativas no setor p\u00fablico e entre quem atua na economia local. Durante o evento, o prefeito de Matinhos, Eduardo Dalmora, destacou que a nova liga\u00e7\u00e3o deve atrair investimentos e ampliar o fluxo de visitantes ao longo de todo o ano. \u201c\u00c9 um momento hist\u00f3rico para o Litoral. Isso vai gerar emprego, atrair investimentos e desenvolver a regi\u00e3o\u201d, afirmou.<\/p>\n<p>Segundo ele, esse movimento j\u00e1 come\u00e7ou, principalmente na constru\u00e7\u00e3o civil. \u201cA tend\u00eancia \u00e9 que o turismo cres\u00e7a ao longo de todo o ano, n\u00e3o s\u00f3 no ver\u00e3o\u201d, disse. O munic\u00edpio, segundo ele, vem investindo em eventos e no esporte, e a nova estrutura deve refor\u00e7ar essa estrat\u00e9gia.<\/p>\n<p>Tamb\u00e9m presente no evento, o deputado federal Geraldo Mendes, do Uni\u00e3o Brasil-PR, destacou o impacto da obra para o desenvolvimento regional. \u201cO turismo \u00e9 uma fonte de riqueza. \u00c9 hotel cheio, com\u00e9rcio cheio e gera\u00e7\u00e3o de renda para o litoral paranaense\u201d, afirmou. Segundo ele, a ponte faz parte de um conjunto de investimentos em infraestrutura que inclui pavimenta\u00e7\u00e3o, mobilidade urbana e novos projetos na regi\u00e3o. \u201cIsso reposiciona o nosso litoral e atrai investimentos\u201d, disse.<\/p>\n<section class=\"virals\">\n<article class=\"cardnews cardnews--post cardnews--has-thumbnail cardnews--editorial-noticias\"> <a href=\"https:\/\/www.tribunapr.com.br\/noticias\/parana\/conheca-mel-raro-interior-parana-floradas-especiais-sabor-suave\/?utm_source=noticias-virais-rodape&amp;utm_medium=internal-tribuna&amp;utm_campaign=tribuna\" class=\"cardnews__postlink\"> <\/p>\n<div class=\"cardnews__image\" is-api-thumb=\"\"><img decoding=\"async\" src=\"https:\/\/www.tribunapr.com.br\/wp-content\/uploads\/2026\/04\/06165055\/mel-ortigueira-370x210.jpg\" loading=\"lazy\" alt=\"Conhe\u00e7a o mel raro do interior do Paran\u00e1 que nasce de floradas especiais e tem sabor suave\"\/><\/div>\n<div class=\"cardnews__content cardhome__content\">\n<div class=\"cardnews__content-wrapper\">\n<p> <span style=\"\"> Denomina\u00e7\u00e3o de Origem <\/span> <\/p>\n<p>Conhe\u00e7a o mel raro do interior do Paran\u00e1 que nasce de floradas especiais e tem sabor suave<\/p>\n<\/p><\/div>\n<\/p><\/div>\n<p> <\/a> <\/article>\n<article class=\"cardnews cardnews--post cardnews--has-thumbnail cardnews--editorial-noticias\"> <a href=\"https:\/\/www.tribunapr.com.br\/noticias\/curitiba-regiao\/curitiba-e-a-nova-miami-capital-e-a-que-mais-recebe-cubanos-do-brasil\/?utm_source=noticias-virais-rodape&amp;utm_medium=internal-tribuna&amp;utm_campaign=tribuna\" class=\"cardnews__postlink\"> <\/p>\n<div class=\"cardnews__image\" is-api-thumb=\"\"><img decoding=\"async\" src=\"https:\/\/www.tribunapr.com.br\/wp-content\/uploads\/2026\/04\/02194022\/centro-de-Curitiba-370x210.jpg\" loading=\"lazy\" alt=\"Curitiba \u00e9 a nova Miami: capital paranaense \u00e9 a que mais recebe cubanos do Brasil\"\/><\/div>\n<div class=\"cardnews__content cardhome__content\">\n<div class=\"cardnews__content-wrapper\">\n<p> <span style=\"\"> Imigra\u00e7\u00e3o <\/span> <\/p>\n<p>Curitiba \u00e9 a nova Miami: capital paranaense \u00e9 a que mais recebe cubanos do Brasil<\/p>\n<\/p><\/div>\n<\/p><\/div>\n<p> <\/a> <\/article>\n<article class=\"cardnews cardnews--post cardnews--has-thumbnail cardnews--editorial-noticias\"> <a href=\"https:\/\/www.tribunapr.com.br\/noticias\/parana\/futebol-ajuda-imigrantes-venezuelanos-reconstruir-vinculos-curitiba\/?utm_source=noticias-virais-rodape&amp;utm_medium=internal-tribuna&amp;utm_campaign=tribuna\" class=\"cardnews__postlink\"> <\/p>\n<div class=\"cardnews__image\" is-api-thumb=\"\"><img decoding=\"async\" src=\"https:\/\/www.tribunapr.com.br\/wp-content\/uploads\/2026\/04\/12141044\/liga-venezuela-370x210.jpg\" loading=\"lazy\" alt=\"Futebol ajuda imigrantes venezuelanos a reconstruir v\u00ednculos em Curitiba\"\/><\/div>\n<div class=\"cardnews__content cardhome__content\">\n<div class=\"cardnews__content-wrapper\">\n<p> <span style=\"\"> Paix\u00e3o compartilhada <\/span> <\/p>\n<p>Futebol ajuda imigrantes venezuelanos a reconstruir v\u00ednculos em Curitiba<\/p>\n<\/p><\/div>\n<\/p><\/div>\n<p> <\/a> <\/article>\n<\/section>\n<div id=\"tribuna-follow-cta\">\n<p> <span class=\"cta-title\">Siga a <span class=\"tribuna-color\">Tribuna<\/span> no Google, e acompanhe as \u00faltimas not\u00edcias de Curitiba e regi\u00e3o!<\/span> <\/p>\n<p> <a href=\"https:\/\/profile.google.com\/cp\/CgwvZy8xMmxxajUzM3Mac2h0dHBzOi8vd3d3LnRyaWJ1bmFwci5jb20uYnIvdml2YS92aXRyaW5lL2dpZ2FudGUtZG8tdmVzdHVhcmlvLXJlaW5hdWd1cmEtbG9qYS1lbS1zaG9wcGluZy10cmFkaWNpb25hbC1kZS1jdXJpdGliYS8iElRyaWJ1bmEgZG8gUGFyYW7DoSqAAwrHAWh0dHBzOi8vZW5jcnlwdGVkLXRibjIuZ3N0YXRpYy5jb20vZmF2aWNvbi10Ym4_cT10Ym46QU5kOUdjUVJPbjVDRjR6TzJPbkUwTXZrRlRCRTY2U0g1bGlaVDRaZTV3bWNKeU5GRm1BSnluM01nNU9PR3BXY1pYMzZwYU5HUWtsZ09JVEFLTTNNZVNGbTc1aWp6M3k2ajUtQ3M2b25kX2JUcFFQQkVLd3RsUjBsTmJESnUtVHhrNXQtbFlCNlVpOWZSVVFjT2cSswFodHRwczovL2VuY3J5cHRlZC10Ym4zLmdzdGF0aWMuY29tL2Zhdmljb24tdGJuP3E9dGJuJTNBQU5kOUdjU0FMaWJ2eFF0YXdFMFRueVdWWmVKRS1MZEdRZjVTUi1OZ2RMazhyZzIwVy1nM0JuQ1F4VDNKZFBjRXR2THdBeVRxUDJEdHVycEdVR29CQkxpYzM5al9wSmFxRERaMHNCYW05WEVhSGVsMmZTQmdKdlF4WWVyMw\" target=\"_blank\" title=\"Seguir a Tribuna no Google\">  <\/a> <\/div>\n<\/p><\/div>\n<p><a href=\"https:\/\/www.tribunapr.com.br\/noticias\/parana\/17-mil-pessoas-celebram-a-entrega-da-ponte-de-guaratuba\/\">Fonte do Artigo <\/a><\/p>","protected":false},"excerpt":{"rendered":"<p>A entrega da Ponte de Guaratuba neste 1\u00ba de maio de 2026 entrou para a hist\u00f3ria do Litoral do Paran\u00e1. A inaugura\u00e7\u00e3o reuniu moradores, turistas e autoridades no fim da tarde desta sexta-feira. O movimento no entorno da cabeceira ao lado de Guaratuba come\u00e7ou horas antes. Segundo dado oficial da Secretaria de Seguran\u00e7a P\u00fablica, 17 [&hellip;]<\/p>\n","protected":false},"author":1,"featured_media":120958,"comment_status":"closed","ping_status":"","sticky":false,"template":"","format":"standard","meta":{"googlesitekit_rrm_CAow2JLhCw:productID":"","_gspb_post_css":"","maa_idioma":"","maa_pais":"","footnotes":""},"categories":[1],"tags":[32844,4551,24214,193,4110,6611,8932],"class_list":["post-120957","post","type-post","status-publish","format-standard","has-post-thumbnail","hentry","category-ubirata","tag-contam","tag-guaratuba","tag-impressoes","tag-moradores","tag-ponte","tag-primeiras","tag-turistas"],"blocksy_meta":[],"yoast_head":"<!-- This site is optimized with the Yoast SEO Premium plugin v27.6 (Yoast SEO v27.6) - https:\/\/yoast.com\/product\/yoast-seo-premium-wordpress\/ -->\n<title>Moradores e turistas contam as primeiras impress\u00f5es da Ponte de Guaratuba - Ubirat\u00e3 Online Not\u00edcias - A realidade ao seu alcance!<\/title>\n<meta name=\"description\" content=\"A entrega da Ponte de Guaratuba neste 1\u00ba de maio de 2026 entrou para a hist\u00f3ria do Litoral do Paran\u00e1. A inaugura\u00e7\u00e3o reuniu moradores, turistas e\" \/>\n<meta name=\"robots\" content=\"index, follow, max-snippet:-1, max-image-preview:large, max-video-preview:-1\" \/>\n<link rel=\"canonical\" href=\"https:\/\/ubirataonline.com.br\/en\/moradores-e-turistas-contam-as-primeiras-impressoes-da-ponte-de-guaratuba\/\" \/>\n<meta property=\"og:locale\" content=\"en_US\" \/>\n<meta property=\"og:type\" content=\"article\" \/>\n<meta property=\"og:title\" content=\"Moradores e turistas contam as primeiras impress\u00f5es da Ponte de Guaratuba\" \/>\n<meta property=\"og:description\" content=\"A entrega da Ponte de Guaratuba neste 1\u00ba de maio de 2026 entrou para a hist\u00f3ria do Litoral do Paran\u00e1. A inaugura\u00e7\u00e3o reuniu moradores, turistas e\" \/>\n<meta property=\"og:url\" content=\"https:\/\/ubirataonline.com.br\/en\/moradores-e-turistas-contam-as-primeiras-impressoes-da-ponte-de-guaratuba\/\" \/>\n<meta property=\"og:site_name\" content=\"Ubirat\u00e3 Online Not\u00edcias - A realidade ao seu alcance!\" \/>\n<meta property=\"article:publisher\" content=\"https:\/\/www.facebook.com\/portalubirataonline\" \/>\n<meta property=\"article:author\" content=\"https:\/\/www.facebook.com\/portalubirataonline\" \/>\n<meta property=\"article:published_time\" content=\"2026-05-02T03:08:11+00:00\" \/>\n<meta property=\"article:modified_time\" content=\"2026-05-02T03:08:25+00:00\" \/>\n<meta property=\"og:image\" content=\"https:\/\/ubirataonline.com.br\/wp-content\/uploads\/2026\/05\/Moradores-e-turistas-contam-as-primeiras-impressoes-da-Ponte-de.jpeg\" \/>\n\t<meta property=\"og:image:width\" content=\"1600\" \/>\n\t<meta property=\"og:image:height\" content=\"1200\" \/>\n\t<meta property=\"og:image:type\" content=\"image\/jpeg\" \/>\n<meta name=\"author\" content=\"REDA\u00c7\u00c3O: UBIRAT\u00c3 ONLINE - F\u00c1BIO AUGUSTO CELESTINO\" \/>\n<meta name=\"twitter:card\" content=\"summary_large_image\" \/>\n<meta name=\"twitter:creator\" content=\"@x.com\/ubirataonline\" \/>\n<meta name=\"twitter:site\" content=\"@ubirataonline\" \/>\n<meta name=\"twitter:label1\" content=\"Written by\" \/>\n\t<meta name=\"twitter:data1\" content=\"REDA\u00c7\u00c3O: UBIRAT\u00c3 ONLINE - F\u00c1BIO AUGUSTO CELESTINO\" \/>\n\t<meta name=\"twitter:label2\" content=\"Est. reading time\" \/>\n\t<meta name=\"twitter:data2\" content=\"4 minutes\" \/>\n<script type=\"application\/ld+json\" class=\"yoast-schema-graph\">{\"@context\":\"https:\\\/\\\/schema.org\",\"@graph\":[{\"@type\":\"NewsArticle\",\"@id\":\"https:\\\/\\\/ubirataonline.com.br\\\/moradores-e-turistas-contam-as-primeiras-impressoes-da-ponte-de-guaratuba\\\/#article\",\"isPartOf\":{\"@id\":\"https:\\\/\\\/ubirataonline.com.br\\\/moradores-e-turistas-contam-as-primeiras-impressoes-da-ponte-de-guaratuba\\\/\"},\"author\":{\"name\":\"REDA\u00c7\u00c3O: UBIRAT\u00c3 ONLINE - F\u00c1BIO AUGUSTO CELESTINO\",\"@id\":\"https:\\\/\\\/ubirataonline.com.br\\\/#\\\/schema\\\/person\\\/372f87bbd3fdd79b8556b84c98d0bc1c\"},\"headline\":\"Moradores e turistas contam as primeiras impress\u00f5es da Ponte de Guaratuba\",\"datePublished\":\"2026-05-02T03:08:11+00:00\",\"dateModified\":\"2026-05-02T03:08:25+00:00\",\"mainEntityOfPage\":{\"@id\":\"https:\\\/\\\/ubirataonline.com.br\\\/moradores-e-turistas-contam-as-primeiras-impressoes-da-ponte-de-guaratuba\\\/\"},\"wordCount\":794,\"publisher\":{\"@id\":\"https:\\\/\\\/ubirataonline.com.br\\\/#organization\"},\"image\":{\"@id\":\"https:\\\/\\\/ubirataonline.com.br\\\/moradores-e-turistas-contam-as-primeiras-impressoes-da-ponte-de-guaratuba\\\/#primaryimage\"},\"thumbnailUrl\":\"https:\\\/\\\/ubirataonline.com.br\\\/wp-content\\\/uploads\\\/2026\\\/05\\\/Moradores-e-turistas-contam-as-primeiras-impressoes-da-Ponte-de.jpeg\",\"keywords\":[\"contam\",\"Guaratuba\",\"impress\u00f5es\",\"moradores\",\"Ponte\",\"primeiras\",\"turistas\"],\"articleSection\":[\"Ubirat\u00e3\"],\"inLanguage\":\"en-US\",\"copyrightYear\":\"2026\",\"copyrightHolder\":{\"@id\":\"https:\\\/\\\/ubirataonline.com.br\\\/en\\\/#organization\"}},{\"@type\":\"WebPage\",\"@id\":\"https:\\\/\\\/ubirataonline.com.br\\\/moradores-e-turistas-contam-as-primeiras-impressoes-da-ponte-de-guaratuba\\\/\",\"url\":\"https:\\\/\\\/ubirataonline.com.br\\\/moradores-e-turistas-contam-as-primeiras-impressoes-da-ponte-de-guaratuba\\\/\",\"name\":\"Moradores e turistas contam as primeiras impress\u00f5es da Ponte de Guaratuba - Ubirat\u00e3 Online Not\u00edcias - A realidade ao seu alcance!\",\"isPartOf\":{\"@id\":\"https:\\\/\\\/ubirataonline.com.br\\\/#website\"},\"primaryImageOfPage\":{\"@id\":\"https:\\\/\\\/ubirataonline.com.br\\\/moradores-e-turistas-contam-as-primeiras-impressoes-da-ponte-de-guaratuba\\\/#primaryimage\"},\"image\":{\"@id\":\"https:\\\/\\\/ubirataonline.com.br\\\/moradores-e-turistas-contam-as-primeiras-impressoes-da-ponte-de-guaratuba\\\/#primaryimage\"},\"thumbnailUrl\":\"https:\\\/\\\/ubirataonline.com.br\\\/wp-content\\\/uploads\\\/2026\\\/05\\\/Moradores-e-turistas-contam-as-primeiras-impressoes-da-Ponte-de.jpeg\",\"datePublished\":\"2026-05-02T03:08:11+00:00\",\"dateModified\":\"2026-05-02T03:08:25+00:00\",\"description\":\"A entrega da Ponte de Guaratuba neste 1\u00ba de maio de 2026 entrou para a hist\u00f3ria do Litoral do Paran\u00e1. A inaugura\u00e7\u00e3o reuniu moradores, turistas e\",\"breadcrumb\":{\"@id\":\"https:\\\/\\\/ubirataonline.com.br\\\/moradores-e-turistas-contam-as-primeiras-impressoes-da-ponte-de-guaratuba\\\/#breadcrumb\"},\"inLanguage\":\"en-US\",\"potentialAction\":[{\"@type\":\"ReadAction\",\"target\":[\"https:\\\/\\\/ubirataonline.com.br\\\/moradores-e-turistas-contam-as-primeiras-impressoes-da-ponte-de-guaratuba\\\/\"]}]},{\"@type\":\"ImageObject\",\"inLanguage\":\"en-US\",\"@id\":\"https:\\\/\\\/ubirataonline.com.br\\\/moradores-e-turistas-contam-as-primeiras-impressoes-da-ponte-de-guaratuba\\\/#primaryimage\",\"url\":\"https:\\\/\\\/ubirataonline.com.br\\\/wp-content\\\/uploads\\\/2026\\\/05\\\/Moradores-e-turistas-contam-as-primeiras-impressoes-da-Ponte-de.jpeg\",\"contentUrl\":\"https:\\\/\\\/ubirataonline.com.br\\\/wp-content\\\/uploads\\\/2026\\\/05\\\/Moradores-e-turistas-contam-as-primeiras-impressoes-da-Ponte-de.jpeg\",\"width\":1600,\"height\":1200,\"caption\":\"Ananias Carneiro e Regina Carneiro. Foto: Maria Carolina Crema \\\/ especial para a Tribuna do Paran\u00e1.\"},{\"@type\":\"BreadcrumbList\",\"@id\":\"https:\\\/\\\/ubirataonline.com.br\\\/moradores-e-turistas-contam-as-primeiras-impressoes-da-ponte-de-guaratuba\\\/#breadcrumb\",\"itemListElement\":[{\"@type\":\"ListItem\",\"position\":1,\"name\":\"In\u00edcio\",\"item\":\"https:\\\/\\\/ubirataonline.com.br\\\/\"},{\"@type\":\"ListItem\",\"position\":2,\"name\":\"Moradores e turistas contam as primeiras impress\u00f5es da Ponte de Guaratuba\"}]},{\"@type\":\"WebSite\",\"@id\":\"https:\\\/\\\/ubirataonline.com.br\\\/#website\",\"url\":\"https:\\\/\\\/ubirataonline.com.br\\\/\",\"name\":\"Ubirat\u00e3 Online Not\u00edcias\",\"description\":\"Not\u00edcias de Ubirat\u00e3, regi\u00e3o, Brasil e mundo, com informa\u00e7\u00e3o atualizada e compromisso com o leitor.\",\"publisher\":{\"@id\":\"https:\\\/\\\/ubirataonline.com.br\\\/#organization\"},\"alternateName\":\"Ubirat\u00e3 Online\",\"potentialAction\":[{\"@type\":\"SearchAction\",\"target\":{\"@type\":\"EntryPoint\",\"urlTemplate\":\"https:\\\/\\\/ubirataonline.com.br\\\/?s={search_term_string}\"},\"query-input\":{\"@type\":\"PropertyValueSpecification\",\"valueRequired\":true,\"valueName\":\"search_term_string\"}}],\"inLanguage\":\"en-US\"},{\"@type\":[\"Organization\",\"Place\"],\"@id\":\"https:\\\/\\\/ubirataonline.com.br\\\/#organization\",\"name\":\"Ubirat\u00e3 Online Not\u00edcias\",\"alternateName\":\"Ubirat\u00e3 Online\",\"url\":\"https:\\\/\\\/ubirataonline.com.br\\\/\",\"logo\":{\"@id\":\"https:\\\/\\\/ubirataonline.com.br\\\/moradores-e-turistas-contam-as-primeiras-impressoes-da-ponte-de-guaratuba\\\/#local-main-organization-logo\"},\"image\":{\"@id\":\"https:\\\/\\\/ubirataonline.com.br\\\/moradores-e-turistas-contam-as-primeiras-impressoes-da-ponte-de-guaratuba\\\/#local-main-organization-logo\"},\"sameAs\":[\"https:\\\/\\\/www.facebook.com\\\/portalubirataonline\",\"https:\\\/\\\/x.com\\\/ubirataonline\",\"https:\\\/\\\/mastodon.social\\\/@ubirataonline\",\"https:\\\/\\\/www.facebook.com\\\/groups\\\/311144672285604\",\"https:\\\/\\\/www.facebook.com\\\/UBTAOnline\",\"https:\\\/\\\/www.instagram.com\\\/portalubirataonline\\\/\",\"https:\\\/\\\/twitter.com\\\/ubirataonline\"],\"description\":\"Somos um portal de not\u00edcias independente, criado em 5 de janeiro de 2009, com o objetivo de informar, conectar e valorizar a nossa comunidade de Ubirat\u00e3 e toda aregi\u00e3o. Com conte\u00fado atualizado, confi\u00e1vel e relevante, o Ubirat\u00e3 Online \u00e9 o seu espa\u00e7o para ficar por dentro dos principais acontecimentos locais, regionais, Brasil, Mundo e de interesse geral. Nosso compromisso \u00e9 com a verdade, a transpar\u00eancia e o respeito ao leitor.\",\"legalName\":\"UBIRATA ONLINE NOT\u00cdCIAS\",\"foundingDate\":\"2009-01-05\",\"numberOfEmployees\":{\"@type\":\"QuantitativeValue\",\"minValue\":\"1\",\"maxValue\":\"10\"},\"publishingPrinciples\":\"https:\\\/\\\/ubirataonline.com.br\\\/faq\\\/\",\"address\":{\"@id\":\"https:\\\/\\\/ubirataonline.com.br\\\/moradores-e-turistas-contam-as-primeiras-impressoes-da-ponte-de-guaratuba\\\/#local-main-place-address\"},\"geo\":{\"@type\":\"GeoCoordinates\",\"latitude\":\"-24.5361401\",\"longitude\":\"-52.9921776\"},\"telephone\":[\"+5544998308235\"],\"contactPoint\":{\"@type\":\"ContactPoint\",\"email\":\"contato@ubirataonline.com.br\"},\"openingHoursSpecification\":{\"@type\":\"OpeningHoursSpecification\",\"dayOfWeek\":[\"Monday\",\"Tuesday\",\"Wednesday\",\"Thursday\",\"Friday\",\"Saturday\",\"Sunday\"],\"opens\":\"00:00\",\"closes\":\"23:59\"},\"email\":\"contato@ubirataonline.com.br\",\"vatID\":\"47.621.418\\\/0001-80\"},{\"@type\":\"Person\",\"@id\":\"https:\\\/\\\/ubirataonline.com.br\\\/#\\\/schema\\\/person\\\/372f87bbd3fdd79b8556b84c98d0bc1c\",\"name\":\"REDA\u00c7\u00c3O: UBIRAT\u00c3 ONLINE - F\u00c1BIO AUGUSTO CELESTINO\",\"pronouns\":\"Ele\",\"description\":\"Desde 2003 trabalhando com not\u00edcias.\",\"sameAs\":[\"http:\\\/\\\/ubirataoline.com.br\",\"https:\\\/\\\/www.facebook.com\\\/portalubirataonline\",\"https:\\\/\\\/www.instagram.com\\\/ubirataonline_oficial\",\"https:\\\/\\\/x.com\\\/x.com\\\/ubirataonline\"],\"honorificPrefix\":\"Mr.\",\"honorificSuffix\":\"MD\",\"birthDate\":\"1980-06-16\",\"gender\":\"masculino\",\"award\":[\"V\u00e1rios pr\u00eamios de melhor portal da cidade\"],\"jobTitle\":\"Diretor\",\"url\":\"https:\\\/\\\/ubirataonline.com.br\\\/en\\\/author\\\/ubirataonline\\\/\"},{\"@type\":\"PostalAddress\",\"@id\":\"https:\\\/\\\/ubirataonline.com.br\\\/moradores-e-turistas-contam-as-primeiras-impressoes-da-ponte-de-guaratuba\\\/#local-main-place-address\",\"streetAddress\":\"Rua dos Coqueiros, 104 - Bairro Boa Vista, Rua dos Coqueiros, 104 Bairro Boa Vista\",\"addressLocality\":\"UBIRATA\",\"postalCode\":\"85440-000\",\"addressRegion\":\"PR\",\"addressCountry\":\"BR\"},{\"@type\":\"ImageObject\",\"inLanguage\":\"en-US\",\"@id\":\"https:\\\/\\\/ubirataonline.com.br\\\/moradores-e-turistas-contam-as-primeiras-impressoes-da-ponte-de-guaratuba\\\/#local-main-organization-logo\",\"url\":\"https:\\\/\\\/ubirataonline.com.br\\\/wp-content\\\/uploads\\\/2026\\\/06\\\/logoubirataonline-1.webp\",\"contentUrl\":\"https:\\\/\\\/ubirataonline.com.br\\\/wp-content\\\/uploads\\\/2026\\\/06\\\/logoubirataonline-1.webp\",\"width\":500,\"height\":500,\"caption\":\"Ubirat\u00e3 Online Not\u00edcias\"}]}<\/script>\n<meta name=\"geo.placename\" content=\"UBIRATA\" \/>\n<meta name=\"geo.position\" content=\"-24.5361401;-52.9921776\" \/>\n<meta name=\"geo.region\" content=\"Brazil\" \/>\n<!-- \/ Yoast SEO Premium plugin. -->","yoast_head_json":{"title":"Moradores e turistas contam as primeiras impress\u00f5es da Ponte de Guaratuba - Ubirat\u00e3 Online Not\u00edcias - A realidade ao seu alcance!","description":"A entrega da Ponte de Guaratuba neste 1\u00ba de maio de 2026 entrou para a hist\u00f3ria do Litoral do Paran\u00e1. A inaugura\u00e7\u00e3o reuniu moradores, turistas e","robots":{"index":"index","follow":"follow","max-snippet":"max-snippet:-1","max-image-preview":"max-image-preview:large","max-video-preview":"max-video-preview:-1"},"canonical":"https:\/\/ubirataonline.com.br\/en\/moradores-e-turistas-contam-as-primeiras-impressoes-da-ponte-de-guaratuba\/","og_locale":"en_US","og_type":"article","og_title":"Moradores e turistas contam as primeiras impress\u00f5es da Ponte de Guaratuba","og_description":"A entrega da Ponte de Guaratuba neste 1\u00ba de maio de 2026 entrou para a hist\u00f3ria do Litoral do Paran\u00e1. A inaugura\u00e7\u00e3o reuniu moradores, turistas e","og_url":"https:\/\/ubirataonline.com.br\/en\/moradores-e-turistas-contam-as-primeiras-impressoes-da-ponte-de-guaratuba\/","og_site_name":"Ubirat\u00e3 Online Not\u00edcias - A realidade ao seu alcance!","article_publisher":"https:\/\/www.facebook.com\/portalubirataonline","article_author":"https:\/\/www.facebook.com\/portalubirataonline","article_published_time":"2026-05-02T03:08:11+00:00","article_modified_time":"2026-05-02T03:08:25+00:00","og_image":[{"width":1600,"height":1200,"url":"https:\/\/ubirataonline.com.br\/wp-content\/uploads\/2026\/05\/Moradores-e-turistas-contam-as-primeiras-impressoes-da-Ponte-de.jpeg","type":"image\/jpeg"}],"author":"REDA\u00c7\u00c3O: UBIRAT\u00c3 ONLINE - F\u00c1BIO AUGUSTO CELESTINO","twitter_card":"summary_large_image","twitter_creator":"@x.com\/ubirataonline","twitter_site":"@ubirataonline","twitter_misc":{"Written by":"REDA\u00c7\u00c3O: UBIRAT\u00c3 ONLINE - F\u00c1BIO AUGUSTO CELESTINO","Est. reading time":"4 minutes"},"schema":{"@context":"https:\/\/schema.org","@graph":[{"@type":"NewsArticle","@id":"https:\/\/ubirataonline.com.br\/moradores-e-turistas-contam-as-primeiras-impressoes-da-ponte-de-guaratuba\/#article","isPartOf":{"@id":"https:\/\/ubirataonline.com.br\/moradores-e-turistas-contam-as-primeiras-impressoes-da-ponte-de-guaratuba\/"},"author":{"name":"REDA\u00c7\u00c3O: UBIRAT\u00c3 ONLINE - F\u00c1BIO AUGUSTO CELESTINO","@id":"https:\/\/ubirataonline.com.br\/#\/schema\/person\/372f87bbd3fdd79b8556b84c98d0bc1c"},"headline":"Moradores e turistas contam as primeiras impress\u00f5es da Ponte de Guaratuba","datePublished":"2026-05-02T03:08:11+00:00","dateModified":"2026-05-02T03:08:25+00:00","mainEntityOfPage":{"@id":"https:\/\/ubirataonline.com.br\/moradores-e-turistas-contam-as-primeiras-impressoes-da-ponte-de-guaratuba\/"},"wordCount":794,"publisher":{"@id":"https:\/\/ubirataonline.com.br\/#organization"},"image":{"@id":"https:\/\/ubirataonline.com.br\/moradores-e-turistas-contam-as-primeiras-impressoes-da-ponte-de-guaratuba\/#primaryimage"},"thumbnailUrl":"https:\/\/ubirataonline.com.br\/wp-content\/uploads\/2026\/05\/Moradores-e-turistas-contam-as-primeiras-impressoes-da-Ponte-de.jpeg","keywords":["contam","Guaratuba","impress\u00f5es","moradores","Ponte","primeiras","turistas"],"articleSection":["Ubirat\u00e3"],"inLanguage":"en-US","copyrightYear":"2026","copyrightHolder":{"@id":"https:\/\/ubirataonline.com.br\/en\/#organization"}},{"@type":"WebPage","@id":"https:\/\/ubirataonline.com.br\/moradores-e-turistas-contam-as-primeiras-impressoes-da-ponte-de-guaratuba\/","url":"https:\/\/ubirataonline.com.br\/moradores-e-turistas-contam-as-primeiras-impressoes-da-ponte-de-guaratuba\/","name":"Moradores e turistas contam as primeiras impress\u00f5es da Ponte de Guaratuba - Ubirat\u00e3 Online Not\u00edcias - A realidade ao seu alcance!","isPartOf":{"@id":"https:\/\/ubirataonline.com.br\/#website"},"primaryImageOfPage":{"@id":"https:\/\/ubirataonline.com.br\/moradores-e-turistas-contam-as-primeiras-impressoes-da-ponte-de-guaratuba\/#primaryimage"},"image":{"@id":"https:\/\/ubirataonline.com.br\/moradores-e-turistas-contam-as-primeiras-impressoes-da-ponte-de-guaratuba\/#primaryimage"},"thumbnailUrl":"https:\/\/ubirataonline.com.br\/wp-content\/uploads\/2026\/05\/Moradores-e-turistas-contam-as-primeiras-impressoes-da-Ponte-de.jpeg","datePublished":"2026-05-02T03:08:11+00:00","dateModified":"2026-05-02T03:08:25+00:00","description":"A entrega da Ponte de Guaratuba neste 1\u00ba de maio de 2026 entrou para a hist\u00f3ria do Litoral do Paran\u00e1. A inaugura\u00e7\u00e3o reuniu moradores, turistas e","breadcrumb":{"@id":"https:\/\/ubirataonline.com.br\/moradores-e-turistas-contam-as-primeiras-impressoes-da-ponte-de-guaratuba\/#breadcrumb"},"inLanguage":"en-US","potentialAction":[{"@type":"ReadAction","target":["https:\/\/ubirataonline.com.br\/moradores-e-turistas-contam-as-primeiras-impressoes-da-ponte-de-guaratuba\/"]}]},{"@type":"ImageObject","inLanguage":"en-US","@id":"https:\/\/ubirataonline.com.br\/moradores-e-turistas-contam-as-primeiras-impressoes-da-ponte-de-guaratuba\/#primaryimage","url":"https:\/\/ubirataonline.com.br\/wp-content\/uploads\/2026\/05\/Moradores-e-turistas-contam-as-primeiras-impressoes-da-Ponte-de.jpeg","contentUrl":"https:\/\/ubirataonline.com.br\/wp-content\/uploads\/2026\/05\/Moradores-e-turistas-contam-as-primeiras-impressoes-da-Ponte-de.jpeg","width":1600,"height":1200,"caption":"Ananias Carneiro e Regina Carneiro. Foto: Maria Carolina Crema \/ especial para a Tribuna do Paran\u00e1."},{"@type":"BreadcrumbList","@id":"https:\/\/ubirataonline.com.br\/moradores-e-turistas-contam-as-primeiras-impressoes-da-ponte-de-guaratuba\/#breadcrumb","itemListElement":[{"@type":"ListItem","position":1,"name":"In\u00edcio","item":"https:\/\/ubirataonline.com.br\/"},{"@type":"ListItem","position":2,"name":"Moradores e turistas contam as primeiras impress\u00f5es da Ponte de Guaratuba"}]},{"@type":"WebSite","@id":"https:\/\/ubirataonline.com.br\/#website","url":"https:\/\/ubirataonline.com.br\/","name":"Ubirat\u00e3 Online Not\u00edcias","description":"Not\u00edcias de Ubirat\u00e3, regi\u00e3o, Brasil e mundo, com informa\u00e7\u00e3o atualizada e compromisso com o leitor.","publisher":{"@id":"https:\/\/ubirataonline.com.br\/#organization"},"alternateName":"Ubirat\u00e3 Online","potentialAction":[{"@type":"SearchAction","target":{"@type":"EntryPoint","urlTemplate":"https:\/\/ubirataonline.com.br\/?s={search_term_string}"},"query-input":{"@type":"PropertyValueSpecification","valueRequired":true,"valueName":"search_term_string"}}],"inLanguage":"en-US"},{"@type":["Organization","Place"],"@id":"https:\/\/ubirataonline.com.br\/#organization","name":"Ubirat\u00e3 Online Not\u00edcias","alternateName":"Ubirat\u00e3 Online","url":"https:\/\/ubirataonline.com.br\/","logo":{"@id":"https:\/\/ubirataonline.com.br\/moradores-e-turistas-contam-as-primeiras-impressoes-da-ponte-de-guaratuba\/#local-main-organization-logo"},"image":{"@id":"https:\/\/ubirataonline.com.br\/moradores-e-turistas-contam-as-primeiras-impressoes-da-ponte-de-guaratuba\/#local-main-organization-logo"},"sameAs":["https:\/\/www.facebook.com\/portalubirataonline","https:\/\/x.com\/ubirataonline","https:\/\/mastodon.social\/@ubirataonline","https:\/\/www.facebook.com\/groups\/311144672285604","https:\/\/www.facebook.com\/UBTAOnline","https:\/\/www.instagram.com\/portalubirataonline\/","https:\/\/twitter.com\/ubirataonline"],"description":"Somos um portal de not\u00edcias independente, criado em 5 de janeiro de 2009, com o objetivo de informar, conectar e valorizar a nossa comunidade de Ubirat\u00e3 e toda aregi\u00e3o. Com conte\u00fado atualizado, confi\u00e1vel e relevante, o Ubirat\u00e3 Online \u00e9 o seu espa\u00e7o para ficar por dentro dos principais acontecimentos locais, regionais, Brasil, Mundo e de interesse geral. Nosso compromisso \u00e9 com a verdade, a transpar\u00eancia e o respeito ao leitor.","legalName":"UBIRATA ONLINE NOT\u00cdCIAS","foundingDate":"2009-01-05","numberOfEmployees":{"@type":"QuantitativeValue","minValue":"1","maxValue":"10"},"publishingPrinciples":"https:\/\/ubirataonline.com.br\/faq\/","address":{"@id":"https:\/\/ubirataonline.com.br\/moradores-e-turistas-contam-as-primeiras-impressoes-da-ponte-de-guaratuba\/#local-main-place-address"},"geo":{"@type":"GeoCoordinates","latitude":"-24.5361401","longitude":"-52.9921776"},"telephone":["+5544998308235"],"contactPoint":{"@type":"ContactPoint","email":"contato@ubirataonline.com.br"},"openingHoursSpecification":{"@type":"OpeningHoursSpecification","dayOfWeek":["Monday","Tuesday","Wednesday","Thursday","Friday","Saturday","Sunday"],"opens":"00:00","closes":"23:59"},"email":"contato@ubirataonline.com.br","vatID":"47.621.418\/0001-80"},{"@type":"Person","@id":"https:\/\/ubirataonline.com.br\/#\/schema\/person\/372f87bbd3fdd79b8556b84c98d0bc1c","name":"REDA\u00c7\u00c3O: UBIRAT\u00c3 ONLINE - F\u00c1BIO AUGUSTO CELESTINO","pronouns":"Ele","description":"Desde 2003 trabalhando com not\u00edcias.","sameAs":["http:\/\/ubirataoline.com.br","https:\/\/www.facebook.com\/portalubirataonline","https:\/\/www.instagram.com\/ubirataonline_oficial","https:\/\/x.com\/x.com\/ubirataonline"],"honorificPrefix":"Mr.","honorificSuffix":"MD","birthDate":"1980-06-16","gender":"masculino","award":["V\u00e1rios pr\u00eamios de melhor portal da cidade"],"jobTitle":"Diretor","url":"https:\/\/ubirataonline.com.br\/en\/author\/ubirataonline\/"},{"@type":"PostalAddress","@id":"https:\/\/ubirataonline.com.br\/moradores-e-turistas-contam-as-primeiras-impressoes-da-ponte-de-guaratuba\/#local-main-place-address","streetAddress":"Rua dos Coqueiros, 104 - Bairro Boa Vista, Rua dos Coqueiros, 104 Bairro Boa Vista","addressLocality":"UBIRATA","postalCode":"85440-000","addressRegion":"PR","addressCountry":"BR"},{"@type":"ImageObject","inLanguage":"en-US","@id":"https:\/\/ubirataonline.com.br\/moradores-e-turistas-contam-as-primeiras-impressoes-da-ponte-de-guaratuba\/#local-main-organization-logo","url":"https:\/\/ubirataonline.com.br\/wp-content\/uploads\/2026\/06\/logoubirataonline-1.webp","contentUrl":"https:\/\/ubirataonline.com.br\/wp-content\/uploads\/2026\/06\/logoubirataonline-1.webp","width":500,"height":500,"caption":"Ubirat\u00e3 Online Not\u00edcias"}]},"geo.placename":"UBIRATA","geo.position":{"lat":"-24.5361401","long":"-52.9921776"},"geo.region":"Brazil"},"_links":{"self":[{"href":"https:\/\/ubirataonline.com.br\/en\/wp-json\/wp\/v2\/posts\/120957","targetHints":{"allow":["GET"]}}],"collection":[{"href":"https:\/\/ubirataonline.com.br\/en\/wp-json\/wp\/v2\/posts"}],"about":[{"href":"https:\/\/ubirataonline.com.br\/en\/wp-json\/wp\/v2\/types\/post"}],"author":[{"embeddable":true,"href":"https:\/\/ubirataonline.com.br\/en\/wp-json\/wp\/v2\/users\/1"}],"replies":[{"embeddable":true,"href":"https:\/\/ubirataonline.com.br\/en\/wp-json\/wp\/v2\/comments?post=120957"}],"version-history":[{"count":0,"href":"https:\/\/ubirataonline.com.br\/en\/wp-json\/wp\/v2\/posts\/120957\/revisions"}],"wp:featuredmedia":[{"embeddable":true,"href":"https:\/\/ubirataonline.com.br\/en\/wp-json\/wp\/v2\/media\/120958"}],"wp:attachment":[{"href":"https:\/\/ubirataonline.com.br\/en\/wp-json\/wp\/v2\/media?parent=120957"}],"wp:term":[{"taxonomy":"category","embeddable":true,"href":"https:\/\/ubirataonline.com.br\/en\/wp-json\/wp\/v2\/categories?post=120957"},{"taxonomy":"post_tag","embeddable":true,"href":"https:\/\/ubirataonline.com.br\/en\/wp-json\/wp\/v2\/tags?post=120957"}],"curies":[{"name":"wp","href":"https:\/\/api.w.org\/{rel}","templated":true}]}}