{"id":120961,"date":"2026-05-02T00:22:25","date_gmt":"2026-05-02T03:22:25","guid":{"rendered":"https:\/\/ubirataonline.com.br\/it-has-been-an-honor\/"},"modified":"2026-05-02T00:22:35","modified_gmt":"2026-05-02T03:22:35","slug":"it-has-been-an-honor","status":"publish","type":"post","link":"https:\/\/ubirataonline.com.br\/en\/it-has-been-an-honor\/","title":{"rendered":"&#8216;It has been an honor&#8217;"},"content":{"rendered":"<p><\/p>\n<div data-article-body=\"true\">\n<p class=\"mb-4 text-lg md:leading-8 break-words\">Congratulations, Emily Blunt and Stanley Tucci! The beloved <em>The Devil Wears Prada <\/em>costars and <a data-yga=\"{\" ylinkelement=\"\" rel=\"\" class=\"link  yahoo-link\" href=\"https:\/\/www.yahoo.com\/entertainment\/celebrity\/articles\/emily-blunt-stanley-tucci-talk-185455710.html\" data-i13n=\"cpos:1;pos:1\" data-ylk=\"elm:link;elmt:article_link;slk:real-life in-laws;cpos:1;pos:1;itc:0;sec:content-canvas;outcm:mb_qualified_link;_E:mb_qualified_link;ct:story;\">real-life in-laws<\/a> were honored with stars on the Hollywood Walk of Fame on Thursday, becoming the 2,841st and 2,842nd celebrities to receive such a distinction.<\/p>\n<p class=\"mb-4 text-lg md:leading-8 break-words\">Blunt and Tucci took to the podium together and expressed their gratitude for the honor.<\/p>\n<p class=\"mb-4 text-lg md:leading-8 break-words\">\u201cIt\u2019s very difficult to sum up just how meaningful this is to me, and the juggernauts that showed up to speak about me has just blown my hair back. You guys, and the great loves of my life who are all here, have made life such a deep privilege,\u201d Blunt said. \u201cI\u2019m so honored to share it with the [Tucci] and my beautiful husband and my beautiful sister and our beautiful kids. It\u2019s just made life heaven. This moment is no exception.\u201d<\/p>\n<p class=\"mb-4 text-lg md:leading-8 break-words\">Tucci also thanked his friends, family and close collaborators.<\/p>\n<p class=\"mb-4 text-lg md:leading-8 break-words\">\u201cI\u2019d like to thank my sister, who is here; my incredible wife; my brother-in-law, John; and what\u2019s her name, whom I absolutely love and adored from the moment I met her when she was 22, when we first made <em>The Devil Wears Prada,<\/em>\u201d Tucci said jokingly, referring to Blunt. \u201cIt has been an honor and absolutely exhausting to be a part of Hollywood for 45 years, but I wouldn\u2019t have traded it for the world.\u201d<\/p>\n<figure class=\"relative mb-4\">\n<div class=\"relative\"><button aria-label=\"View larger image\" class=\"group absolute bottom-0 size-full\" data-ylk=\"elm:expand;itc:1;sec:image-lightbox;slk:lightbox-open;\"><span class=\"absolute bottom-3 right-3 rounded-full bg-primary p-3 opacity-100 shadow-elevation-3 transition-opacity duration-300 group-hover:block group-hover:opacity-100 md:p-[17px] lg:bottom-6 lg:right-6 lg:bg-primary\/90 lg:p-5 lg:opacity-0 lg:shadow-none\"><svg xmlns=\"http:\/\/www.w3.org\/2000\/svg\" width=\"24\" height=\"24\" viewbox=\"0 0 24 24\" aria-hidden=\"true\" focusable=\"false\" class=\"flex-none size-4 -scale-x-100 text-primary lg:size-6 [&amp;_path]:fill-current\"><path fill=\"currentColor\" d=\"M3.1 3.1V11h1.8V6.314l5.392 5.393 1.415-1.414L6.313 4.9H11V3.1zm17.8 17.8V13h-1.8v4.686l-5.393-5.393-1.415 1.414 5.393 5.393H13v1.8z\"\/><\/svg><\/span><\/button><dialog aria-label=\"Modal Dialog\" aria-modal=\"true\" class=\"fixed bottom-0 left-0 right-0 top-0 z-4 size-full max-h-none max-w-none bg-primary hidden\"\/><\/div><figcaption class=\"relative text-sm mt-1 pr-2.5\">\n<div style=\"max-height:none;overflow:visible\">\n<p>From left, Ron Frierson, President and CEO Hollywood Chamber of Commerce, Ellen K, Dwayne Johnson, Robert Downey Jr., Stanley Tucci, Emily Blunt, Meryl Streep, Matt Damon and Jerry Neuman, Executive Committee Member, Hollywood Chamber of Commerce.<\/p>\n<p><span>(Alberto E. Rodriguez\/Getty Images for 20th Century Studios)<\/span><\/div>\n<\/figcaption><\/figure>\n<p class=\"mb-4 text-lg md:leading-8 break-words\">Robert Downey Jr., Matt Damon, Dwayne Johnson and Meryl Streep served as the ceremony\u2019s guest speakers. Damon, who costarred with Blunt in <em>Oppenheimer <\/em>and <em>The Adjustment Bureau, <\/em>was first to share a few words.<\/p>\n<p class=\"mb-4 text-lg md:leading-8 break-words\">\u201cI just can\u2019t think of two people more deserving to be added to this cultural landmark,\u201d Damon said. \u201cYou are two of my favorite humans that I have ever met on this planet. From your just incredible and formidable spouses to your formidable children that you\u2019re all raising. For any young person coming down here wanting to become a permanent part of this big Hollywood story, you guys are an irresistible example. \u2026 You\u2019ve been able to navigate and thrive in an incredibly difficult business with such grace. \u2026 From the entire Damon clan, to both of you, congratulations. We love you guys.\u201d<\/p>\n<p class=\"mb-4 text-lg md:leading-8 break-words\">Next was Johnson, who notably starred with Blunt in <em>The Smashing Machine <\/em>and <em>Jungle Cruise<\/em>.<\/p>\n<p class=\"mb-4 text-lg md:leading-8 break-words\">\u201cThe one word that I think reflects Emily\u2019s mana and spirit is \u2018present\u2019 because she is so deeply present, as I\u2019ve learned over the years,\u201d Johnson said, recalling the first time he ever met Blunt. \u201cWhen I got to know her that night and talking to her, I thought, \u2018Man, this woman is so present in the moment and so locked in.\u2019 \u2026 When you have somebody like that who is so present in every moment, that leads to gratitude. And every single day, knowing Emily, as many of us do, that is one grateful woman.\u201d<\/p>\n<figure class=\"relative mb-4\">\n<div class=\"relative\"><img alt=\"Robert Downey Jr., Dwayne Johnson, Emily Blunt and Matt Damon.\" loading=\"lazy\" width=\"960\" height=\"708\" decoding=\"async\" data-nimg=\"1\" class=\"rounded-lg\" style=\"color:transparent\" src=\"https:\/\/s.yimg.com\/ny\/api\/res\/1.2\/Na_zRo0pMEmLwj9RzydkKw--\/YXBwaWQ9aGlnaGxhbmRlcjt3PTk2MDtoPTcwODtjZj13ZWJw\/https:\/\/d29szjachogqwa.cloudfront.net\/images\/2026-04\/e409fdc7-b384-4737-b38c-65f6c0f7620e\"\/><button aria-label=\"View larger image\" class=\"group absolute bottom-0 size-full\" data-ylk=\"elm:expand;itc:1;sec:image-lightbox;slk:lightbox-open;\"><span class=\"absolute bottom-3 right-3 rounded-full bg-primary p-3 opacity-100 shadow-elevation-3 transition-opacity duration-300 group-hover:block group-hover:opacity-100 md:p-[17px] lg:bottom-6 lg:right-6 lg:bg-primary\/90 lg:p-5 lg:opacity-0 lg:shadow-none\"><svg xmlns=\"http:\/\/www.w3.org\/2000\/svg\" width=\"24\" height=\"24\" viewbox=\"0 0 24 24\" aria-hidden=\"true\" focusable=\"false\" class=\"flex-none size-4 -scale-x-100 text-primary lg:size-6 [&amp;_path]:fill-current\"><path fill=\"currentColor\" d=\"M3.1 3.1V11h1.8V6.314l5.392 5.393 1.415-1.414L6.313 4.9H11V3.1zm17.8 17.8V13h-1.8v4.686l-5.393-5.393-1.415 1.414 5.393 5.393H13v1.8z\"\/><\/svg><\/span><\/button><dialog aria-label=\"Modal Dialog\" aria-modal=\"true\" class=\"fixed bottom-0 left-0 right-0 top-0 z-4 size-full max-h-none max-w-none bg-primary hidden\"\/><\/div><figcaption class=\"relative text-sm mt-1 pr-2.5\">\n<div style=\"max-height:none;overflow:visible\">\n<p>Downey Jr., Johnson, Blunt and Damon.<\/p>\n<p><span>(Alberto E. Rodriguez via Getty Images)<\/span><\/div>\n<\/figcaption><\/figure>\n<p class=\"mb-4 text-lg md:leading-8 break-words\">Downey Jr., who starred alongside Blunt in <em>Oppenheimer <\/em>as well, also took to the podium to praise his former costar, calling her a \u201cnear-perfect human.\u201d<\/p>\n<p class=\"mb-4 text-lg md:leading-8 break-words\">\u201cEmily is an outright blunt object. She\u2019s the girlfriend you never had in high school, she\u2019s the scene partner you\u2019ll never forget, and she\u2019s the wife you can\u2019t resent [John] Krasinski for landing because he\u2019s equally dynamic,\u201d Downey Jr. said. \u201cShe\u2019s a blunt instrument of calm, professional hilarity. \u2026 Sophisticated, empathy, deep understanding. Essentially, she\u2019s a blunt force, and she\u2019s maintained a reputation over decades as an asset to any and every creative endeavor.\u201d<\/p>\n<p class=\"mb-4 text-lg md:leading-8 break-words\">Streep rounded out the ceremony\u2019s star-studded roster of speakers with a speech celebrating both Blunt and Tucci, her beloved <em>The Devil Wears Prada 2 <\/em>costars.<\/p>\n<p class=\"mb-4 text-lg md:leading-8 break-words\">\u201cEmily, I feel like I birthed you, really. I\u2019m so proud of you,\u201d Streep said. \u201cI can\u2019t wait to work with you again, and the best thing about you getting this at such a tender age is that we\u2019ll have you to kick around for at least 35 years, if my career is any evidence, and I\u2019m just in love with you like everybody else.\u201d<\/p>\n<figure class=\"relative mb-4\">\n<div class=\"relative\"><img alt=\"Emily Blunt, Stanley Tucci and Meryl Streep.\" loading=\"lazy\" width=\"960\" height=\"686\" decoding=\"async\" data-nimg=\"1\" class=\"rounded-lg\" style=\"color:transparent\" src=\"https:\/\/s.yimg.com\/ny\/api\/res\/1.2\/Ko6ykdEVNpCPvzuPx48Fxw--\/YXBwaWQ9aGlnaGxhbmRlcjt3PTk2MDtoPTY4NjtjZj13ZWJw\/https:\/\/d29szjachogqwa.cloudfront.net\/images\/2026-04\/bf90a17e-e858-4ddf-9fcc-5db5c020f99f\"\/><button aria-label=\"View larger image\" class=\"group absolute bottom-0 size-full\" data-ylk=\"elm:expand;itc:1;sec:image-lightbox;slk:lightbox-open;\"><span class=\"absolute bottom-3 right-3 rounded-full bg-primary p-3 opacity-100 shadow-elevation-3 transition-opacity duration-300 group-hover:block group-hover:opacity-100 md:p-[17px] lg:bottom-6 lg:right-6 lg:bg-primary\/90 lg:p-5 lg:opacity-0 lg:shadow-none\"><svg xmlns=\"http:\/\/www.w3.org\/2000\/svg\" width=\"24\" height=\"24\" viewbox=\"0 0 24 24\" aria-hidden=\"true\" focusable=\"false\" class=\"flex-none size-4 -scale-x-100 text-primary lg:size-6 [&amp;_path]:fill-current\"><path fill=\"currentColor\" d=\"M3.1 3.1V11h1.8V6.314l5.392 5.393 1.415-1.414L6.313 4.9H11V3.1zm17.8 17.8V13h-1.8v4.686l-5.393-5.393-1.415 1.414 5.393 5.393H13v1.8z\"\/><\/svg><\/span><\/button><dialog aria-label=\"Modal Dialog\" aria-modal=\"true\" class=\"fixed bottom-0 left-0 right-0 top-0 z-4 size-full max-h-none max-w-none bg-primary hidden\"\/><\/div><figcaption class=\"relative text-sm mt-1 pr-2.5\">\n<div style=\"max-height:none;overflow:visible\">\n<p>Blunt, Tucci and Streep.<\/p>\n<p><span>(Alberto E. Rodriguez via Getty Images)<\/span><\/div>\n<\/figcaption><\/figure>\n<p class=\"mb-4 text-lg md:leading-8 break-words\">Streep then turned her attention to Tucci: \u201cYou can\u2019t even call Stanley a national treasure anymore because I\u2019ve just been around the world, and truly, the affection hurled at him globally, he\u2019s just marinating in it. \u2026 It\u2019s impossible not to love Stanley Tucci. Urbane, sly, funny, bitchy and generous and curious, and so elegant.\u201d<\/p>\n<p class=\"mb-4 text-lg md:leading-8 break-words\">Streep concluded, addressing Tucci directly, \u201cI\u2019ve known you longer as a friend than as a scene partner, and we\u2019ve been through some rough times together and some great times. And I love you deeply.\u201d<\/p>\n<p class=\"mb-4 text-lg md:leading-8 break-words\">Blunt has enjoyed an impressive career. She made her feature film debut with 2004\u2019s <em>My Summer of Love<\/em>, but her breakthrough role is largely considered to be Emily Charlton, the snobby, high-strung fashion assistant in 2006\u2019s <em>The Devil Wears Prada<\/em>. Two decades later, she\u2019s crafted a career worthy of acclaim, landing starring roles in films including <em>The Adjustment Bureau, Looper, Edge of Tomorrow <\/em>and <em>Sicario. <\/em>She took home an Actor Award for Best Supporting Actress for her performance in 2018\u2019s <em>A Quiet Place, <\/em>in which she starred alongside her husband, Krasinski.<\/p>\n<p class=\"mb-4 text-lg md:leading-8 break-words\">Blunt\u2019s portrayal of Katherine Oppenheimer in Christopher Nolan\u2019s <em>Oppenheimer <\/em>earned her a nomination for Best Supporting Actress at the 2024 Academy Awards.<\/p>\n<figure class=\"relative mb-4\">\n<div class=\"relative\"><img alt=\"Stanley Tucci and Emily Blunt sitting in front of Blunt's star on the Hollywood Walk of Fame.\" loading=\"lazy\" width=\"960\" height=\"695\" decoding=\"async\" data-nimg=\"1\" class=\"rounded-lg\" style=\"color:transparent\" src=\"https:\/\/s.yimg.com\/ny\/api\/res\/1.2\/_atOwglNRalyjSrb1rrBmg--\/YXBwaWQ9aGlnaGxhbmRlcjt3PTk2MDtoPTY5NTtjZj13ZWJw\/https:\/\/d29szjachogqwa.cloudfront.net\/images\/2026-04\/580ebd25-77da-4e86-9016-98eb0edebb35\"\/><button aria-label=\"View larger image\" class=\"group absolute bottom-0 size-full\" data-ylk=\"elm:expand;itc:1;sec:image-lightbox;slk:lightbox-open;\"><span class=\"absolute bottom-3 right-3 rounded-full bg-primary p-3 opacity-100 shadow-elevation-3 transition-opacity duration-300 group-hover:block group-hover:opacity-100 md:p-[17px] lg:bottom-6 lg:right-6 lg:bg-primary\/90 lg:p-5 lg:opacity-0 lg:shadow-none\"><svg xmlns=\"http:\/\/www.w3.org\/2000\/svg\" width=\"24\" height=\"24\" viewbox=\"0 0 24 24\" aria-hidden=\"true\" focusable=\"false\" class=\"flex-none size-4 -scale-x-100 text-primary lg:size-6 [&amp;_path]:fill-current\"><path fill=\"currentColor\" d=\"M3.1 3.1V11h1.8V6.314l5.392 5.393 1.415-1.414L6.313 4.9H11V3.1zm17.8 17.8V13h-1.8v4.686l-5.393-5.393-1.415 1.414 5.393 5.393H13v1.8z\"\/><\/svg><\/span><\/button><dialog aria-label=\"Modal Dialog\" aria-modal=\"true\" class=\"fixed bottom-0 left-0 right-0 top-0 z-4 size-full max-h-none max-w-none bg-primary hidden\"\/><\/div><figcaption class=\"relative text-sm mt-1 pr-2.5\">\n<div style=\"max-height:none;overflow:visible\">\n<p>Tucci and Blunt.<\/p>\n<p><span>(Alberto E. Rodriguez via Getty Images)<\/span><\/div>\n<\/figcaption><\/figure>\n<p class=\"mb-4 text-lg md:leading-8 break-words\">Like his sister-in-law, Tucci \u2014 who is married to Emily&#8217;s sister Felicity \u2014 has established himself as a mainstay in Hollywood. The New York native made his feature film debut in 1985\u2019s <em>Prizzi\u2019s Honor<\/em>, before landing roles in films including <em>Deconstructing Harry, Road to Perdition <\/em>and <em>The Terminal. <\/em>With his star continuing to rise, Tucci famously portrayed Nigel Kipling, the right-hand man to Meryl Streep\u2019s Miranda Priestly in <em>The Devil Wears Prada<\/em>, before playing serial killer George Harvey in 2009\u2019s <em>The Lovely Bones<\/em>, for which he received an <a data-yga=\"{\" ylinkelement=\"\" href=\"https:\/\/www.yahoo.com\/events\/oscars\/\" data-ylk=\"elm:link;elmt:article_link;slk:Academy Award;itc:0;sec:content-canvas\" class=\"link \">Academy Award<\/a> nomination for Best Supporting Actor.<\/p>\n<p class=\"mb-4 text-lg md:leading-8 break-words\">Tucci\u2019s additional credits include <em>Julie &amp; Julia, Burlesque, Easy A, Captain America: The First Avenger <\/em>and <em>The Hunger Games <\/em>film series. Tucci, who\u2019s also a Tony Award nominee, nabbed two consecutive Primetime Emmy Awards for Outstanding Hosted Nonfiction Series for <em>Stanley Tucci: Searching for Italy<\/em>, his CNN food and travel docuseries.<\/p>\n<\/div>\n<p><a href=\"https:\/\/www.yahoo.com\/entertainment\/celebrity\/article\/the-devil-wears-prada-2-costars-emily-blunt-and-stanley-tucci-receive-stars-on-the-hollywood-walk-of-fame-it-has-been-an-honor-203122770.html\">Source link <\/a><\/p>\n","protected":false},"excerpt":{"rendered":"<p>Congratulations, Emily Blunt and Stanley Tucci! The beloved The Devil Wears Prada costars and real-life in-laws were honored with stars on the Hollywood Walk of Fame on Thursday, becoming the 2,841st and 2,842nd celebrities to receive such a distinction. Blunt and Tucci took to the podium together and expressed their gratitude for the honor. \u201cIt\u2019s [&hellip;]<\/p>\n","protected":false},"author":1,"featured_media":120962,"comment_status":"closed","ping_status":"","sticky":false,"template":"","format":"standard","meta":{"googlesitekit_rrm_CAow2JLhCw:productID":"","_gspb_post_css":"","maa_idioma":"","maa_pais":"","footnotes":""},"categories":[1],"tags":[4729],"class_list":["post-120961","post","type-post","status-publish","format-standard","has-post-thumbnail","hentry","category-ubirata","tag-honor"],"blocksy_meta":[],"yoast_head":"<!-- This site is optimized with the Yoast SEO Premium plugin v27.6 (Yoast SEO v27.6) - https:\/\/yoast.com\/product\/yoast-seo-premium-wordpress\/ -->\n<title>&#039;It has been an honor&#039; - Ubirat\u00e3 Online Not\u00edcias - A realidade ao seu alcance!<\/title>\n<meta name=\"description\" content=\"Congratulations, Emily Blunt and Stanley Tucci! The beloved The Devil Wears Prada costars and real-life in-laws were honored with stars on the Hollywood\" \/>\n<meta name=\"robots\" content=\"index, follow, max-snippet:-1, max-image-preview:large, max-video-preview:-1\" \/>\n<link rel=\"canonical\" href=\"https:\/\/ubirataonline.com.br\/en\/it-has-been-an-honor\/\" \/>\n<meta property=\"og:locale\" content=\"en_US\" \/>\n<meta property=\"og:type\" content=\"article\" \/>\n<meta property=\"og:title\" content=\"&#039;It has been an honor&#039;\" \/>\n<meta property=\"og:description\" content=\"Congratulations, Emily Blunt and Stanley Tucci! The beloved The Devil Wears Prada costars and real-life in-laws were honored with stars on the Hollywood\" \/>\n<meta property=\"og:url\" content=\"https:\/\/ubirataonline.com.br\/en\/it-has-been-an-honor\/\" \/>\n<meta property=\"og:site_name\" content=\"Ubirat\u00e3 Online Not\u00edcias - A realidade ao seu alcance!\" \/>\n<meta property=\"article:publisher\" content=\"https:\/\/www.facebook.com\/portalubirataonline\" \/>\n<meta property=\"article:author\" content=\"https:\/\/www.facebook.com\/portalubirataonline\" \/>\n<meta property=\"article:published_time\" content=\"2026-05-02T03:22:25+00:00\" \/>\n<meta property=\"article:modified_time\" content=\"2026-05-02T03:22:35+00:00\" \/>\n<meta property=\"og:image\" content=\"https:\/\/ubirataonline.com.br\/wp-content\/uploads\/2026\/05\/It-has-been-an-honor.jpg\" \/>\n\t<meta property=\"og:image:width\" content=\"1200\" \/>\n\t<meta property=\"og:image:height\" content=\"675\" \/>\n\t<meta property=\"og:image:type\" content=\"image\/jpeg\" \/>\n<meta name=\"author\" content=\"REDA\u00c7\u00c3O: UBIRAT\u00c3 ONLINE - F\u00c1BIO AUGUSTO CELESTINO\" \/>\n<meta name=\"twitter:card\" content=\"summary_large_image\" \/>\n<meta name=\"twitter:creator\" content=\"@x.com\/ubirataonline\" \/>\n<meta name=\"twitter:site\" content=\"@ubirataonline\" \/>\n<meta name=\"twitter:label1\" content=\"Written by\" \/>\n\t<meta name=\"twitter:data1\" content=\"REDA\u00c7\u00c3O: UBIRAT\u00c3 ONLINE - F\u00c1BIO AUGUSTO CELESTINO\" \/>\n\t<meta name=\"twitter:label2\" content=\"Est. reading time\" \/>\n\t<meta name=\"twitter:data2\" content=\"6 minutes\" \/>\n<script type=\"application\/ld+json\" class=\"yoast-schema-graph\">{\"@context\":\"https:\\\/\\\/schema.org\",\"@graph\":[{\"@type\":\"NewsArticle\",\"@id\":\"https:\\\/\\\/ubirataonline.com.br\\\/it-has-been-an-honor\\\/#article\",\"isPartOf\":{\"@id\":\"https:\\\/\\\/ubirataonline.com.br\\\/it-has-been-an-honor\\\/\"},\"author\":{\"name\":\"REDA\u00c7\u00c3O: UBIRAT\u00c3 ONLINE - F\u00c1BIO AUGUSTO CELESTINO\",\"@id\":\"https:\\\/\\\/ubirataonline.com.br\\\/#\\\/schema\\\/person\\\/372f87bbd3fdd79b8556b84c98d0bc1c\"},\"headline\":\"&#8216;It has been an honor&#8217;\",\"datePublished\":\"2026-05-02T03:22:25+00:00\",\"dateModified\":\"2026-05-02T03:22:35+00:00\",\"mainEntityOfPage\":{\"@id\":\"https:\\\/\\\/ubirataonline.com.br\\\/it-has-been-an-honor\\\/\"},\"wordCount\":1116,\"publisher\":{\"@id\":\"https:\\\/\\\/ubirataonline.com.br\\\/#organization\"},\"image\":{\"@id\":\"https:\\\/\\\/ubirataonline.com.br\\\/it-has-been-an-honor\\\/#primaryimage\"},\"thumbnailUrl\":\"https:\\\/\\\/ubirataonline.com.br\\\/wp-content\\\/uploads\\\/2026\\\/05\\\/It-has-been-an-honor.jpg\",\"keywords\":[\"honor\"],\"articleSection\":[\"Ubirat\u00e3\"],\"inLanguage\":\"en-US\",\"copyrightYear\":\"2026\",\"copyrightHolder\":{\"@id\":\"https:\\\/\\\/ubirataonline.com.br\\\/en\\\/#organization\"}},{\"@type\":\"WebPage\",\"@id\":\"https:\\\/\\\/ubirataonline.com.br\\\/it-has-been-an-honor\\\/\",\"url\":\"https:\\\/\\\/ubirataonline.com.br\\\/it-has-been-an-honor\\\/\",\"name\":\"'It has been an honor' - Ubirat\u00e3 Online Not\u00edcias - A realidade ao seu alcance!\",\"isPartOf\":{\"@id\":\"https:\\\/\\\/ubirataonline.com.br\\\/#website\"},\"primaryImageOfPage\":{\"@id\":\"https:\\\/\\\/ubirataonline.com.br\\\/it-has-been-an-honor\\\/#primaryimage\"},\"image\":{\"@id\":\"https:\\\/\\\/ubirataonline.com.br\\\/it-has-been-an-honor\\\/#primaryimage\"},\"thumbnailUrl\":\"https:\\\/\\\/ubirataonline.com.br\\\/wp-content\\\/uploads\\\/2026\\\/05\\\/It-has-been-an-honor.jpg\",\"datePublished\":\"2026-05-02T03:22:25+00:00\",\"dateModified\":\"2026-05-02T03:22:35+00:00\",\"description\":\"Congratulations, Emily Blunt and Stanley Tucci! The beloved The Devil Wears Prada costars and real-life in-laws were honored with stars on the Hollywood\",\"breadcrumb\":{\"@id\":\"https:\\\/\\\/ubirataonline.com.br\\\/it-has-been-an-honor\\\/#breadcrumb\"},\"inLanguage\":\"en-US\",\"potentialAction\":[{\"@type\":\"ReadAction\",\"target\":[\"https:\\\/\\\/ubirataonline.com.br\\\/it-has-been-an-honor\\\/\"]}]},{\"@type\":\"ImageObject\",\"inLanguage\":\"en-US\",\"@id\":\"https:\\\/\\\/ubirataonline.com.br\\\/it-has-been-an-honor\\\/#primaryimage\",\"url\":\"https:\\\/\\\/ubirataonline.com.br\\\/wp-content\\\/uploads\\\/2026\\\/05\\\/It-has-been-an-honor.jpg\",\"contentUrl\":\"https:\\\/\\\/ubirataonline.com.br\\\/wp-content\\\/uploads\\\/2026\\\/05\\\/It-has-been-an-honor.jpg\",\"width\":1200,\"height\":675,\"caption\":\"Stanley Tucci and Emily Blunt attend the Hollywood Walk of Fame star ceremony. (Alberto E. Rodriguez\\\/Getty Images for 20th Century Studios)\"},{\"@type\":\"BreadcrumbList\",\"@id\":\"https:\\\/\\\/ubirataonline.com.br\\\/it-has-been-an-honor\\\/#breadcrumb\",\"itemListElement\":[{\"@type\":\"ListItem\",\"position\":1,\"name\":\"In\u00edcio\",\"item\":\"https:\\\/\\\/ubirataonline.com.br\\\/\"},{\"@type\":\"ListItem\",\"position\":2,\"name\":\"&#8216;It has been an honor&#8217;\"}]},{\"@type\":\"WebSite\",\"@id\":\"https:\\\/\\\/ubirataonline.com.br\\\/#website\",\"url\":\"https:\\\/\\\/ubirataonline.com.br\\\/\",\"name\":\"Ubirat\u00e3 Online Not\u00edcias\",\"description\":\"Not\u00edcias de Ubirat\u00e3, regi\u00e3o, Brasil e mundo, com informa\u00e7\u00e3o atualizada e compromisso com o leitor.\",\"publisher\":{\"@id\":\"https:\\\/\\\/ubirataonline.com.br\\\/#organization\"},\"alternateName\":\"Ubirat\u00e3 Online\",\"potentialAction\":[{\"@type\":\"SearchAction\",\"target\":{\"@type\":\"EntryPoint\",\"urlTemplate\":\"https:\\\/\\\/ubirataonline.com.br\\\/?s={search_term_string}\"},\"query-input\":{\"@type\":\"PropertyValueSpecification\",\"valueRequired\":true,\"valueName\":\"search_term_string\"}}],\"inLanguage\":\"en-US\"},{\"@type\":[\"Organization\",\"Place\"],\"@id\":\"https:\\\/\\\/ubirataonline.com.br\\\/#organization\",\"name\":\"Ubirat\u00e3 Online Not\u00edcias\",\"alternateName\":\"Ubirat\u00e3 Online\",\"url\":\"https:\\\/\\\/ubirataonline.com.br\\\/\",\"logo\":{\"@id\":\"https:\\\/\\\/ubirataonline.com.br\\\/it-has-been-an-honor\\\/#local-main-organization-logo\"},\"image\":{\"@id\":\"https:\\\/\\\/ubirataonline.com.br\\\/it-has-been-an-honor\\\/#local-main-organization-logo\"},\"sameAs\":[\"https:\\\/\\\/www.facebook.com\\\/portalubirataonline\",\"https:\\\/\\\/x.com\\\/ubirataonline\",\"https:\\\/\\\/mastodon.social\\\/@ubirataonline\",\"https:\\\/\\\/www.facebook.com\\\/groups\\\/311144672285604\",\"https:\\\/\\\/www.facebook.com\\\/UBTAOnline\",\"https:\\\/\\\/www.instagram.com\\\/portalubirataonline\\\/\",\"https:\\\/\\\/twitter.com\\\/ubirataonline\"],\"description\":\"Somos um portal de not\u00edcias independente, criado em 5 de janeiro de 2009, com o objetivo de informar, conectar e valorizar a nossa comunidade de Ubirat\u00e3 e toda aregi\u00e3o. Com conte\u00fado atualizado, confi\u00e1vel e relevante, o Ubirat\u00e3 Online \u00e9 o seu espa\u00e7o para ficar por dentro dos principais acontecimentos locais, regionais, Brasil, Mundo e de interesse geral. Nosso compromisso \u00e9 com a verdade, a transpar\u00eancia e o respeito ao leitor.\",\"legalName\":\"UBIRATA ONLINE NOT\u00cdCIAS\",\"foundingDate\":\"2009-01-05\",\"numberOfEmployees\":{\"@type\":\"QuantitativeValue\",\"minValue\":\"1\",\"maxValue\":\"10\"},\"publishingPrinciples\":\"https:\\\/\\\/ubirataonline.com.br\\\/faq\\\/\",\"address\":{\"@id\":\"https:\\\/\\\/ubirataonline.com.br\\\/it-has-been-an-honor\\\/#local-main-place-address\"},\"geo\":{\"@type\":\"GeoCoordinates\",\"latitude\":\"-24.5361401\",\"longitude\":\"-52.9921776\"},\"telephone\":[\"+5544998308235\"],\"contactPoint\":{\"@type\":\"ContactPoint\",\"email\":\"contato@ubirataonline.com.br\"},\"openingHoursSpecification\":{\"@type\":\"OpeningHoursSpecification\",\"dayOfWeek\":[\"Monday\",\"Tuesday\",\"Wednesday\",\"Thursday\",\"Friday\",\"Saturday\",\"Sunday\"],\"opens\":\"00:00\",\"closes\":\"23:59\"},\"email\":\"contato@ubirataonline.com.br\",\"vatID\":\"47.621.418\\\/0001-80\"},{\"@type\":\"Person\",\"@id\":\"https:\\\/\\\/ubirataonline.com.br\\\/#\\\/schema\\\/person\\\/372f87bbd3fdd79b8556b84c98d0bc1c\",\"name\":\"REDA\u00c7\u00c3O: UBIRAT\u00c3 ONLINE - F\u00c1BIO AUGUSTO CELESTINO\",\"pronouns\":\"Ele\",\"description\":\"Desde 2003 trabalhando com not\u00edcias.\",\"sameAs\":[\"http:\\\/\\\/ubirataoline.com.br\",\"https:\\\/\\\/www.facebook.com\\\/portalubirataonline\",\"https:\\\/\\\/www.instagram.com\\\/ubirataonline_oficial\",\"https:\\\/\\\/x.com\\\/x.com\\\/ubirataonline\"],\"honorificPrefix\":\"Mr.\",\"honorificSuffix\":\"MD\",\"birthDate\":\"1980-06-16\",\"gender\":\"masculino\",\"award\":[\"V\u00e1rios pr\u00eamios de melhor portal da cidade\"],\"jobTitle\":\"Diretor\",\"url\":\"https:\\\/\\\/ubirataonline.com.br\\\/en\\\/author\\\/ubirataonline\\\/\"},{\"@type\":\"PostalAddress\",\"@id\":\"https:\\\/\\\/ubirataonline.com.br\\\/it-has-been-an-honor\\\/#local-main-place-address\",\"streetAddress\":\"Rua dos Coqueiros, 104 - Bairro Boa Vista, Rua dos Coqueiros, 104 Bairro Boa Vista\",\"addressLocality\":\"UBIRATA\",\"postalCode\":\"85440-000\",\"addressRegion\":\"PR\",\"addressCountry\":\"BR\"},{\"@type\":\"ImageObject\",\"inLanguage\":\"en-US\",\"@id\":\"https:\\\/\\\/ubirataonline.com.br\\\/it-has-been-an-honor\\\/#local-main-organization-logo\",\"url\":\"https:\\\/\\\/ubirataonline.com.br\\\/wp-content\\\/uploads\\\/2026\\\/06\\\/logoubirataonline-1.webp\",\"contentUrl\":\"https:\\\/\\\/ubirataonline.com.br\\\/wp-content\\\/uploads\\\/2026\\\/06\\\/logoubirataonline-1.webp\",\"width\":500,\"height\":500,\"caption\":\"Ubirat\u00e3 Online Not\u00edcias\"}]}<\/script>\n<meta name=\"geo.placename\" content=\"UBIRATA\" \/>\n<meta name=\"geo.position\" content=\"-24.5361401;-52.9921776\" \/>\n<meta name=\"geo.region\" content=\"Brazil\" \/>\n<!-- \/ Yoast SEO Premium plugin. -->","yoast_head_json":{"title":"'It has been an honor' - Ubirat\u00e3 Online Not\u00edcias - A realidade ao seu alcance!","description":"Congratulations, Emily Blunt and Stanley Tucci! The beloved The Devil Wears Prada costars and real-life in-laws were honored with stars on the Hollywood","robots":{"index":"index","follow":"follow","max-snippet":"max-snippet:-1","max-image-preview":"max-image-preview:large","max-video-preview":"max-video-preview:-1"},"canonical":"https:\/\/ubirataonline.com.br\/en\/it-has-been-an-honor\/","og_locale":"en_US","og_type":"article","og_title":"'It has been an honor'","og_description":"Congratulations, Emily Blunt and Stanley Tucci! The beloved The Devil Wears Prada costars and real-life in-laws were honored with stars on the Hollywood","og_url":"https:\/\/ubirataonline.com.br\/en\/it-has-been-an-honor\/","og_site_name":"Ubirat\u00e3 Online Not\u00edcias - A realidade ao seu alcance!","article_publisher":"https:\/\/www.facebook.com\/portalubirataonline","article_author":"https:\/\/www.facebook.com\/portalubirataonline","article_published_time":"2026-05-02T03:22:25+00:00","article_modified_time":"2026-05-02T03:22:35+00:00","og_image":[{"width":1200,"height":675,"url":"https:\/\/ubirataonline.com.br\/wp-content\/uploads\/2026\/05\/It-has-been-an-honor.jpg","type":"image\/jpeg"}],"author":"REDA\u00c7\u00c3O: UBIRAT\u00c3 ONLINE - F\u00c1BIO AUGUSTO CELESTINO","twitter_card":"summary_large_image","twitter_creator":"@x.com\/ubirataonline","twitter_site":"@ubirataonline","twitter_misc":{"Written by":"REDA\u00c7\u00c3O: UBIRAT\u00c3 ONLINE - F\u00c1BIO AUGUSTO CELESTINO","Est. reading time":"6 minutes"},"schema":{"@context":"https:\/\/schema.org","@graph":[{"@type":"NewsArticle","@id":"https:\/\/ubirataonline.com.br\/it-has-been-an-honor\/#article","isPartOf":{"@id":"https:\/\/ubirataonline.com.br\/it-has-been-an-honor\/"},"author":{"name":"REDA\u00c7\u00c3O: UBIRAT\u00c3 ONLINE - F\u00c1BIO AUGUSTO CELESTINO","@id":"https:\/\/ubirataonline.com.br\/#\/schema\/person\/372f87bbd3fdd79b8556b84c98d0bc1c"},"headline":"&#8216;It has been an honor&#8217;","datePublished":"2026-05-02T03:22:25+00:00","dateModified":"2026-05-02T03:22:35+00:00","mainEntityOfPage":{"@id":"https:\/\/ubirataonline.com.br\/it-has-been-an-honor\/"},"wordCount":1116,"publisher":{"@id":"https:\/\/ubirataonline.com.br\/#organization"},"image":{"@id":"https:\/\/ubirataonline.com.br\/it-has-been-an-honor\/#primaryimage"},"thumbnailUrl":"https:\/\/ubirataonline.com.br\/wp-content\/uploads\/2026\/05\/It-has-been-an-honor.jpg","keywords":["honor"],"articleSection":["Ubirat\u00e3"],"inLanguage":"en-US","copyrightYear":"2026","copyrightHolder":{"@id":"https:\/\/ubirataonline.com.br\/en\/#organization"}},{"@type":"WebPage","@id":"https:\/\/ubirataonline.com.br\/it-has-been-an-honor\/","url":"https:\/\/ubirataonline.com.br\/it-has-been-an-honor\/","name":"'It has been an honor' - Ubirat\u00e3 Online Not\u00edcias - A realidade ao seu alcance!","isPartOf":{"@id":"https:\/\/ubirataonline.com.br\/#website"},"primaryImageOfPage":{"@id":"https:\/\/ubirataonline.com.br\/it-has-been-an-honor\/#primaryimage"},"image":{"@id":"https:\/\/ubirataonline.com.br\/it-has-been-an-honor\/#primaryimage"},"thumbnailUrl":"https:\/\/ubirataonline.com.br\/wp-content\/uploads\/2026\/05\/It-has-been-an-honor.jpg","datePublished":"2026-05-02T03:22:25+00:00","dateModified":"2026-05-02T03:22:35+00:00","description":"Congratulations, Emily Blunt and Stanley Tucci! The beloved The Devil Wears Prada costars and real-life in-laws were honored with stars on the Hollywood","breadcrumb":{"@id":"https:\/\/ubirataonline.com.br\/it-has-been-an-honor\/#breadcrumb"},"inLanguage":"en-US","potentialAction":[{"@type":"ReadAction","target":["https:\/\/ubirataonline.com.br\/it-has-been-an-honor\/"]}]},{"@type":"ImageObject","inLanguage":"en-US","@id":"https:\/\/ubirataonline.com.br\/it-has-been-an-honor\/#primaryimage","url":"https:\/\/ubirataonline.com.br\/wp-content\/uploads\/2026\/05\/It-has-been-an-honor.jpg","contentUrl":"https:\/\/ubirataonline.com.br\/wp-content\/uploads\/2026\/05\/It-has-been-an-honor.jpg","width":1200,"height":675,"caption":"Stanley Tucci and Emily Blunt attend the Hollywood Walk of Fame star ceremony. (Alberto E. Rodriguez\/Getty Images for 20th Century Studios)"},{"@type":"BreadcrumbList","@id":"https:\/\/ubirataonline.com.br\/it-has-been-an-honor\/#breadcrumb","itemListElement":[{"@type":"ListItem","position":1,"name":"In\u00edcio","item":"https:\/\/ubirataonline.com.br\/"},{"@type":"ListItem","position":2,"name":"&#8216;It has been an honor&#8217;"}]},{"@type":"WebSite","@id":"https:\/\/ubirataonline.com.br\/#website","url":"https:\/\/ubirataonline.com.br\/","name":"Ubirat\u00e3 Online Not\u00edcias","description":"Not\u00edcias de Ubirat\u00e3, regi\u00e3o, Brasil e mundo, com informa\u00e7\u00e3o atualizada e compromisso com o leitor.","publisher":{"@id":"https:\/\/ubirataonline.com.br\/#organization"},"alternateName":"Ubirat\u00e3 Online","potentialAction":[{"@type":"SearchAction","target":{"@type":"EntryPoint","urlTemplate":"https:\/\/ubirataonline.com.br\/?s={search_term_string}"},"query-input":{"@type":"PropertyValueSpecification","valueRequired":true,"valueName":"search_term_string"}}],"inLanguage":"en-US"},{"@type":["Organization","Place"],"@id":"https:\/\/ubirataonline.com.br\/#organization","name":"Ubirat\u00e3 Online Not\u00edcias","alternateName":"Ubirat\u00e3 Online","url":"https:\/\/ubirataonline.com.br\/","logo":{"@id":"https:\/\/ubirataonline.com.br\/it-has-been-an-honor\/#local-main-organization-logo"},"image":{"@id":"https:\/\/ubirataonline.com.br\/it-has-been-an-honor\/#local-main-organization-logo"},"sameAs":["https:\/\/www.facebook.com\/portalubirataonline","https:\/\/x.com\/ubirataonline","https:\/\/mastodon.social\/@ubirataonline","https:\/\/www.facebook.com\/groups\/311144672285604","https:\/\/www.facebook.com\/UBTAOnline","https:\/\/www.instagram.com\/portalubirataonline\/","https:\/\/twitter.com\/ubirataonline"],"description":"Somos um portal de not\u00edcias independente, criado em 5 de janeiro de 2009, com o objetivo de informar, conectar e valorizar a nossa comunidade de Ubirat\u00e3 e toda aregi\u00e3o. Com conte\u00fado atualizado, confi\u00e1vel e relevante, o Ubirat\u00e3 Online \u00e9 o seu espa\u00e7o para ficar por dentro dos principais acontecimentos locais, regionais, Brasil, Mundo e de interesse geral. Nosso compromisso \u00e9 com a verdade, a transpar\u00eancia e o respeito ao leitor.","legalName":"UBIRATA ONLINE NOT\u00cdCIAS","foundingDate":"2009-01-05","numberOfEmployees":{"@type":"QuantitativeValue","minValue":"1","maxValue":"10"},"publishingPrinciples":"https:\/\/ubirataonline.com.br\/faq\/","address":{"@id":"https:\/\/ubirataonline.com.br\/it-has-been-an-honor\/#local-main-place-address"},"geo":{"@type":"GeoCoordinates","latitude":"-24.5361401","longitude":"-52.9921776"},"telephone":["+5544998308235"],"contactPoint":{"@type":"ContactPoint","email":"contato@ubirataonline.com.br"},"openingHoursSpecification":{"@type":"OpeningHoursSpecification","dayOfWeek":["Monday","Tuesday","Wednesday","Thursday","Friday","Saturday","Sunday"],"opens":"00:00","closes":"23:59"},"email":"contato@ubirataonline.com.br","vatID":"47.621.418\/0001-80"},{"@type":"Person","@id":"https:\/\/ubirataonline.com.br\/#\/schema\/person\/372f87bbd3fdd79b8556b84c98d0bc1c","name":"REDA\u00c7\u00c3O: UBIRAT\u00c3 ONLINE - F\u00c1BIO AUGUSTO CELESTINO","pronouns":"Ele","description":"Desde 2003 trabalhando com not\u00edcias.","sameAs":["http:\/\/ubirataoline.com.br","https:\/\/www.facebook.com\/portalubirataonline","https:\/\/www.instagram.com\/ubirataonline_oficial","https:\/\/x.com\/x.com\/ubirataonline"],"honorificPrefix":"Mr.","honorificSuffix":"MD","birthDate":"1980-06-16","gender":"masculino","award":["V\u00e1rios pr\u00eamios de melhor portal da cidade"],"jobTitle":"Diretor","url":"https:\/\/ubirataonline.com.br\/en\/author\/ubirataonline\/"},{"@type":"PostalAddress","@id":"https:\/\/ubirataonline.com.br\/it-has-been-an-honor\/#local-main-place-address","streetAddress":"Rua dos Coqueiros, 104 - Bairro Boa Vista, Rua dos Coqueiros, 104 Bairro Boa Vista","addressLocality":"UBIRATA","postalCode":"85440-000","addressRegion":"PR","addressCountry":"BR"},{"@type":"ImageObject","inLanguage":"en-US","@id":"https:\/\/ubirataonline.com.br\/it-has-been-an-honor\/#local-main-organization-logo","url":"https:\/\/ubirataonline.com.br\/wp-content\/uploads\/2026\/06\/logoubirataonline-1.webp","contentUrl":"https:\/\/ubirataonline.com.br\/wp-content\/uploads\/2026\/06\/logoubirataonline-1.webp","width":500,"height":500,"caption":"Ubirat\u00e3 Online Not\u00edcias"}]},"geo.placename":"UBIRATA","geo.position":{"lat":"-24.5361401","long":"-52.9921776"},"geo.region":"Brazil"},"_links":{"self":[{"href":"https:\/\/ubirataonline.com.br\/en\/wp-json\/wp\/v2\/posts\/120961","targetHints":{"allow":["GET"]}}],"collection":[{"href":"https:\/\/ubirataonline.com.br\/en\/wp-json\/wp\/v2\/posts"}],"about":[{"href":"https:\/\/ubirataonline.com.br\/en\/wp-json\/wp\/v2\/types\/post"}],"author":[{"embeddable":true,"href":"https:\/\/ubirataonline.com.br\/en\/wp-json\/wp\/v2\/users\/1"}],"replies":[{"embeddable":true,"href":"https:\/\/ubirataonline.com.br\/en\/wp-json\/wp\/v2\/comments?post=120961"}],"version-history":[{"count":0,"href":"https:\/\/ubirataonline.com.br\/en\/wp-json\/wp\/v2\/posts\/120961\/revisions"}],"wp:featuredmedia":[{"embeddable":true,"href":"https:\/\/ubirataonline.com.br\/en\/wp-json\/wp\/v2\/media\/120962"}],"wp:attachment":[{"href":"https:\/\/ubirataonline.com.br\/en\/wp-json\/wp\/v2\/media?parent=120961"}],"wp:term":[{"taxonomy":"category","embeddable":true,"href":"https:\/\/ubirataonline.com.br\/en\/wp-json\/wp\/v2\/categories?post=120961"},{"taxonomy":"post_tag","embeddable":true,"href":"https:\/\/ubirataonline.com.br\/en\/wp-json\/wp\/v2\/tags?post=120961"}],"curies":[{"name":"wp","href":"https:\/\/api.w.org\/{rel}","templated":true}]}}