{"id":120967,"date":"2026-05-02T00:55:06","date_gmt":"2026-05-02T03:55:06","guid":{"rendered":"https:\/\/ubirataonline.com.br\/assessing-the-padres-season-after-april-2026\/"},"modified":"2026-05-02T00:55:32","modified_gmt":"2026-05-02T03:55:32","slug":"assessing-the-padres-season-after-april-2026","status":"publish","type":"post","link":"https:\/\/ubirataonline.com.br\/en\/assessing-the-padres-season-after-april-2026\/","title":{"rendered":"Assessing the Padres&#8217; season after April 2026"},"content":{"rendered":"<p><\/p>\n<div>\n<div class=\"Styles__MarkdownContainer-dxqlie-0 iMsGag\">\n<p><em>This story was excerpted from AJ Cassavell\u2019s Padres Beat newsletter. To read the full newsletter, <a href=\"https:\/\/links.mlb.mlbemail.com\/s\/vb\/ex0riz0AAZOoRswi4bRW3GGol783CUrNSLNqx3bjrZNBHLIAWCDbRaPn1Bdd0FTTG9aPALXXcpt-UBHXkf3v9hJflU4pQZDK1pPiFlT_oNLHGaAHtWqRRL4jQesN8iOaDbuzzyfXog86kgYe58ISaL3VdTRoi5WOJITndw\/Pd0cn1GxgAvc4eMNh8SGNNoKfjUfk3Xa\/20\" target=\"_blank\">click here<\/a>. And <a href=\"https:\/\/www.mlb.com\/fans\/newsletters\/beat-reporter\" target=\"_blank\">subscribe<\/a> to get it regularly in your inbox.<\/em><\/p>\n<\/div>\n<\/div>\n<div>\n<div class=\"Styles__MarkdownContainer-dxqlie-0 iMsGag\">\n<p>SAN DIEGO &#8212; The last time the Padres won 18 games in April, they went on to win 98 games and the National League pennant.<\/p>\n<\/div>\n<\/div>\n<div>\n<div class=\"Styles__MarkdownContainer-dxqlie-0 iMsGag\">\n<p>This was a wildly successful April in San Diego &#8212; even if it ended with a pair of disappointing losses to the Cubs.<\/p>\n<\/div>\n<\/div>\n<div>\n<div class=\"Styles__MarkdownContainer-dxqlie-0 iMsGag\">\n<p>Here are the four storylines that defined the month &#8212; and how they\u2019ll impact the rest of the Padres\u2019 season:<\/p>\n<\/div>\n<\/div>\n<div>\n<div class=\"Styles__MarkdownContainer-dxqlie-0 iMsGag\">\n<p><strong>Stammen is learning on the fly &#8212; and he has impressed<\/strong><br \/>Craig Stammen has been on the job for over a month now. It hasn\u2019t been perfect. But &#8212; for <a href=\"https:\/\/www.mlb.com\/padres\/news\/craig-stammen-hired-as-padres-manager\" target=\"_blank\">a rookie manager<\/a> without experience at any level &#8212; it\u2019s gone about as well as anyone could\u2019ve reasonably expected.<\/p>\n<\/div>\n<\/div>\n<div>\n<div class=\"Styles__MarkdownContainer-dxqlie-0 iMsGag\">\n<p>We\u2019ve learned a few things about Stammen\u2019s tendencies: He wants to use his bench extensively. He\u2019s committed to keeping his regulars fresh and giving them time off.<\/p>\n<\/div>\n<\/div>\n<div>\n<div class=\"Styles__MarkdownContainer-dxqlie-0 iMsGag\">\n<p>If there\u2019s one place to find fault, it\u2019s this: Stammen might trust his guys too much at times. If he makes a mistake, it\u2019s going to be because he leaves his pitcher in the game a batter too long. Or because he sticks with his guy at the plate, rather than opting for a pinch-hitter.<\/p>\n<\/div>\n<\/div>\n<div>\n<div class=\"Styles__MarkdownContainer-dxqlie-0 iMsGag\">\n<p>Sometimes it works &#8212; <a href=\"https:\/\/www.mlb.com\/player\/592206\" target=\"_blank\" rel=\"tag\">Nick Castellanos<\/a> delivered the go-ahead single in an obvious pinch-hit spot on Monday. Sometimes it doesn\u2019t &#8212; <a href=\"https:\/\/www.mlb.com\/player\/669369\" target=\"_blank\" rel=\"tag\">Bryce Johnson<\/a> struck out in just about the same situation a day later.<\/p>\n<\/div>\n<\/div>\n<div>\n<div class=\"Styles__MarkdownContainer-dxqlie-0 iMsGag\">\n<p>But the most important thing is this: Stammen is willing to adjust and adapt. He knows he\u2019s new at this and that he\u2019ll make mistakes &#8212; and that those mistakes are to be learned from.<\/p>\n<\/div>\n<\/div>\n<div>\n<div class=\"Styles__MarkdownContainer-dxqlie-0 iMsGag\">\n<p>He\u2019s doing that in real time.<\/p>\n<\/div>\n<\/div>\n<div>\n<div class=\"Styles__MarkdownContainer-dxqlie-0 iMsGag\">\n<p>Giolito will need a couple Minor League starts to build up, putting him on course for a mid-May debut. Meanwhile, <a href=\"https:\/\/www.mlb.com\/player\/656288\" target=\"_blank\" rel=\"tag\">Griffin Canning<\/a> is on his way back as well. He pitched five innings of one-run ball at Triple-A El Paso on Tuesday.<\/p>\n<\/div>\n<\/div>\n<div>\n<div class=\"Styles__MarkdownContainer-dxqlie-0 iMsGag\">\n<p>There\u2019s help on the way. Which is a good thing, because the back of the Padres\u2019 rotation features some major questions.<\/p>\n<\/div>\n<\/div>\n<div>\n<div class=\"Styles__MarkdownContainer-dxqlie-0 iMsGag\">\n<p>I think those questions are going to define the first half of the season. The Padres\u2019 bullpen is elite. Their offense features a deep lineup with a deep bench. The superstars will hit sooner or later.<\/p>\n<\/div>\n<\/div>\n<div>\n<div class=\"Styles__MarkdownContainer-dxqlie-0 iMsGag\">\n<p>If this roster has a World Series-caliber ceiling, the rotation feels like the one thing that might hold it back. The Padres need Pivetta and Musgrove healthy and dealing. But that\u2019s no guarantee. Which is why these questions will persist &#8212; perhaps right up until the Trade Deadline.<\/p>\n<\/div>\n<\/div>\n<div>\n<div class=\"Styles__MarkdownContainer-dxqlie-0 iMsGag\">\n<p><strong>Tatis\u2019 odd start<\/strong><br \/>No one has seen anything like it. Everyone is convinced it\u2019ll change.<\/p>\n<\/div>\n<\/div>\n<div>\n<div class=\"Styles__MarkdownContainer-dxqlie-0 iMsGag\">\n<p>No one in the Majors has a better hard-hit rate than Tatis\u2019 66.7% mark. But he\u2019s also not hitting the ball in the air nearly enough. And when he does, he\u2019s not hitting it pull-side, where it\u2019s significantly easier to hit the ball out of the park.<\/p>\n<\/div>\n<\/div>\n<div>\n<div class=\"Styles__MarkdownContainer-dxqlie-0 iMsGag\">\n<p>\u201cSmall tweaks and hopefully some good luck, and go from there,\u201d Tatis said.<\/p>\n<\/div>\n<\/div>\n<div>\n<div class=\"Styles__MarkdownContainer-dxqlie-0 iMsGag\">\n<p>Even without the requisite launch angle to hit homers, Tatis is still getting wildly unlucky considering the contact he\u2019s making. He\u2019s been scorching baseballs right at defenders. His .413 expected slugging percentage is 129 points higher than his actual mark &#8212; one of the largest gaps in the game.<\/p>\n<\/div>\n<\/div>\n<div>\n<div class=\"Styles__MarkdownContainer-dxqlie-0 iMsGag\">\n<p>On Wednesday, after a deep drive to center with the bases loaded, Tatis was asked if he felt close.<\/p>\n<\/div>\n<\/div>\n<div>\n<div class=\"Styles__MarkdownContainer-dxqlie-0 iMsGag\">\n<p>\u201cI\u2019ve been close for a while,\u201d he said. \u201cBut it\u2019s just a sacrifice fly.\u201d<\/p>\n<\/div>\n<\/div>\n<div>\n<div class=\"Styles__MarkdownContainer-dxqlie-0 iMsGag\">\n<p><strong>On to the next streak<\/strong><br \/>Let\u2019s be clear: <a href=\"https:\/\/www.mlb.com\/player\/695243\" target=\"_blank\" rel=\"tag\">Mason Miller<\/a>Mason Miller\u2019s scoreless streak did not end because of a bad call. Miller\u2019s scoreless streak ended because, after a bad call, he <a href=\"https:\/\/www.mlb.com\/padres\/video\/miller-seals-win-hoerner-ends-scoreless-streak?q=mason miller&amp;cp=CMS_FIRST&amp;qt=FREETEXT&amp;p=0\" target=\"_blank\">allowed two hits and a wild pitch<\/a>. It\u2019s part of Miller\u2019s job to deal with the bad calls as they come. (And, to be clear, he did that! He dealt with the call and closed the door on a victory.)<\/p>\n<\/div>\n<\/div>\n<div>\n<div class=\"Styles__MarkdownContainer-dxqlie-0 iMsGag\">\n<p>\u201cPadres win,\u201d Miller said afterward. \u201cThat\u2019s what matters.\u201d<\/p>\n<\/div>\n<\/div>\n<div>\n<div class=\"Styles__MarkdownContainer-dxqlie-0 iMsGag\">\n<p>Enough about the call already. This was a streak that dates back to August. In any 34-game stretch, you\u2019re going to have breaks go for and against you. You deal with them &#8212; the good and the bad.<\/p>\n<\/div>\n<\/div>\n<div>\n<div class=\"Styles__MarkdownContainer-dxqlie-0 iMsGag\">\n<p>This isn\u2019t just me speaking. It\u2019s what Miller believes, too. I asked him about it &#8212; and the fact that somewhere along the way, he might\u2019ve benefited from a call or two. He pointed out that the very first pitch of that Matt Shaw at-bat was well outside &#8212; and called strike one.<\/p>\n<\/div>\n<\/div>\n<div>\n<div class=\"Styles__MarkdownContainer-dxqlie-0 iMsGag\">\n<p>Miller is both remarkably humble and fiercely competitive. What irked him most about Monday wasn\u2019t a bad call. It was the hittable pitches he threw.<\/p>\n<\/div>\n<\/div>\n<div>\n<div class=\"Styles__MarkdownContainer-dxqlie-0 iMsGag\">\n<p>What impresses me most about Miller &#8212; maybe more than the 103-mph fastballs and the filthy putaway sliders &#8212; is his ability to self-evaluate. Even during his franchise-record streak, he was rarely content. He wants to get better. And in order to get better, Miller needs to be honest with himself about the mistakes he makes. (Even if he usually gets away with them, because his stuff is just that overpowering.)<\/p>\n<\/div>\n<\/div>\n<div>\n<div class=\"Styles__MarkdownContainer-dxqlie-0 iMsGag\">\n<p>That mindset, as much as anything else, is why I\u2019m convinced Miller started a new scoreless streak on Wednesday.<\/p>\n<\/div>\n<\/div>\n<p><a href=\"https:\/\/www.mlb.com\/news\/assessing-the-padres-season-after-april-2026\">Source link <\/a><\/p>","protected":false},"excerpt":{"rendered":"<p>This story was excerpted from AJ Cassavell\u2019s Padres Beat newsletter. To read the full newsletter, click here. And subscribe to get it regularly in your inbox. SAN DIEGO &#8212; The last time the Padres won 18 games in April, they went on to win 98 games and the National League pennant. This was a wildly [&hellip;]<\/p>\n","protected":false},"author":1,"featured_media":120968,"comment_status":"closed","ping_status":"","sticky":false,"template":"","format":"standard","meta":{"googlesitekit_rrm_CAow2JLhCw:productID":"","_gspb_post_css":"","maa_idioma":"","maa_pais":"","footnotes":""},"categories":[1],"tags":[17218,32846,3432,2955],"class_list":["post-120967","post","type-post","status-publish","format-standard","has-post-thumbnail","hentry","category-ubirata","tag-april","tag-assessing","tag-padres","tag-season"],"blocksy_meta":[],"yoast_head":"<!-- This site is optimized with the Yoast SEO Premium plugin v27.6 (Yoast SEO v27.6) - https:\/\/yoast.com\/product\/yoast-seo-premium-wordpress\/ -->\n<title>Assessing the Padres&#039; season after April 2026 - Ubirat\u00e3 Online Not\u00edcias - A realidade ao seu alcance!<\/title>\n<meta name=\"description\" content=\"This story was excerpted from AJ Cassavell\u2019s Padres Beat newsletter. To read the full newsletter, click here. And subscribe to get it regularly in your\" \/>\n<meta name=\"robots\" content=\"index, follow, max-snippet:-1, max-image-preview:large, max-video-preview:-1\" \/>\n<link rel=\"canonical\" href=\"https:\/\/ubirataonline.com.br\/en\/assessing-the-padres-season-after-april-2026\/\" \/>\n<meta property=\"og:locale\" content=\"en_US\" \/>\n<meta property=\"og:type\" content=\"article\" \/>\n<meta property=\"og:title\" content=\"Assessing the Padres&#039; season after April 2026\" \/>\n<meta property=\"og:description\" content=\"This story was excerpted from AJ Cassavell\u2019s Padres Beat newsletter. To read the full newsletter, click here. And subscribe to get it regularly in your\" \/>\n<meta property=\"og:url\" content=\"https:\/\/ubirataonline.com.br\/en\/assessing-the-padres-season-after-april-2026\/\" \/>\n<meta property=\"og:site_name\" content=\"Ubirat\u00e3 Online Not\u00edcias - A realidade ao seu alcance!\" \/>\n<meta property=\"article:publisher\" content=\"https:\/\/www.facebook.com\/portalubirataonline\" \/>\n<meta property=\"article:author\" content=\"https:\/\/www.facebook.com\/portalubirataonline\" \/>\n<meta property=\"article:published_time\" content=\"2026-05-02T03:55:06+00:00\" \/>\n<meta property=\"article:modified_time\" content=\"2026-05-02T03:55:32+00:00\" \/>\n<meta property=\"og:image\" content=\"https:\/\/ubirataonline.com.br\/wp-content\/uploads\/2026\/05\/Assessing-the-Padres-season-after-April-2026.jpg\" \/>\n\t<meta property=\"og:image:width\" content=\"1536\" \/>\n\t<meta property=\"og:image:height\" content=\"768\" \/>\n\t<meta property=\"og:image:type\" content=\"image\/jpeg\" \/>\n<meta name=\"author\" content=\"REDA\u00c7\u00c3O: UBIRAT\u00c3 ONLINE - F\u00c1BIO AUGUSTO CELESTINO\" \/>\n<meta name=\"twitter:card\" content=\"summary_large_image\" \/>\n<meta name=\"twitter:creator\" content=\"@x.com\/ubirataonline\" \/>\n<meta name=\"twitter:site\" content=\"@ubirataonline\" \/>\n<meta name=\"twitter:label1\" content=\"Written by\" \/>\n\t<meta name=\"twitter:data1\" content=\"REDA\u00c7\u00c3O: UBIRAT\u00c3 ONLINE - F\u00c1BIO AUGUSTO CELESTINO\" \/>\n\t<meta name=\"twitter:label2\" content=\"Est. reading time\" \/>\n\t<meta name=\"twitter:data2\" content=\"5 minutes\" \/>\n<script type=\"application\/ld+json\" class=\"yoast-schema-graph\">{\"@context\":\"https:\\\/\\\/schema.org\",\"@graph\":[{\"@type\":\"NewsArticle\",\"@id\":\"https:\\\/\\\/ubirataonline.com.br\\\/assessing-the-padres-season-after-april-2026\\\/#article\",\"isPartOf\":{\"@id\":\"https:\\\/\\\/ubirataonline.com.br\\\/assessing-the-padres-season-after-april-2026\\\/\"},\"author\":{\"name\":\"REDA\u00c7\u00c3O: UBIRAT\u00c3 ONLINE - F\u00c1BIO AUGUSTO CELESTINO\",\"@id\":\"https:\\\/\\\/ubirataonline.com.br\\\/#\\\/schema\\\/person\\\/372f87bbd3fdd79b8556b84c98d0bc1c\"},\"headline\":\"Assessing the Padres&#8217; season after April 2026\",\"datePublished\":\"2026-05-02T03:55:06+00:00\",\"dateModified\":\"2026-05-02T03:55:32+00:00\",\"mainEntityOfPage\":{\"@id\":\"https:\\\/\\\/ubirataonline.com.br\\\/assessing-the-padres-season-after-april-2026\\\/\"},\"wordCount\":929,\"publisher\":{\"@id\":\"https:\\\/\\\/ubirataonline.com.br\\\/#organization\"},\"image\":{\"@id\":\"https:\\\/\\\/ubirataonline.com.br\\\/assessing-the-padres-season-after-april-2026\\\/#primaryimage\"},\"thumbnailUrl\":\"https:\\\/\\\/ubirataonline.com.br\\\/wp-content\\\/uploads\\\/2026\\\/05\\\/Assessing-the-Padres-season-after-April-2026.jpg\",\"keywords\":[\"April\",\"Assessing\",\"Padres\",\"season\"],\"articleSection\":[\"Ubirat\u00e3\"],\"inLanguage\":\"en-US\",\"copyrightYear\":\"2026\",\"copyrightHolder\":{\"@id\":\"https:\\\/\\\/ubirataonline.com.br\\\/en\\\/#organization\"}},{\"@type\":\"WebPage\",\"@id\":\"https:\\\/\\\/ubirataonline.com.br\\\/assessing-the-padres-season-after-april-2026\\\/\",\"url\":\"https:\\\/\\\/ubirataonline.com.br\\\/assessing-the-padres-season-after-april-2026\\\/\",\"name\":\"Assessing the Padres' season after April 2026 - Ubirat\u00e3 Online Not\u00edcias - A realidade ao seu alcance!\",\"isPartOf\":{\"@id\":\"https:\\\/\\\/ubirataonline.com.br\\\/#website\"},\"primaryImageOfPage\":{\"@id\":\"https:\\\/\\\/ubirataonline.com.br\\\/assessing-the-padres-season-after-april-2026\\\/#primaryimage\"},\"image\":{\"@id\":\"https:\\\/\\\/ubirataonline.com.br\\\/assessing-the-padres-season-after-april-2026\\\/#primaryimage\"},\"thumbnailUrl\":\"https:\\\/\\\/ubirataonline.com.br\\\/wp-content\\\/uploads\\\/2026\\\/05\\\/Assessing-the-Padres-season-after-April-2026.jpg\",\"datePublished\":\"2026-05-02T03:55:06+00:00\",\"dateModified\":\"2026-05-02T03:55:32+00:00\",\"description\":\"This story was excerpted from AJ Cassavell\u2019s Padres Beat newsletter. To read the full newsletter, click here. And subscribe to get it regularly in your\",\"breadcrumb\":{\"@id\":\"https:\\\/\\\/ubirataonline.com.br\\\/assessing-the-padres-season-after-april-2026\\\/#breadcrumb\"},\"inLanguage\":\"en-US\",\"potentialAction\":[{\"@type\":\"ReadAction\",\"target\":[\"https:\\\/\\\/ubirataonline.com.br\\\/assessing-the-padres-season-after-april-2026\\\/\"]}]},{\"@type\":\"ImageObject\",\"inLanguage\":\"en-US\",\"@id\":\"https:\\\/\\\/ubirataonline.com.br\\\/assessing-the-padres-season-after-april-2026\\\/#primaryimage\",\"url\":\"https:\\\/\\\/ubirataonline.com.br\\\/wp-content\\\/uploads\\\/2026\\\/05\\\/Assessing-the-Padres-season-after-April-2026.jpg\",\"contentUrl\":\"https:\\\/\\\/ubirataonline.com.br\\\/wp-content\\\/uploads\\\/2026\\\/05\\\/Assessing-the-Padres-season-after-April-2026.jpg\",\"width\":1536,\"height\":768,\"caption\":\"Assessing the Padres' season after April 2026\"},{\"@type\":\"BreadcrumbList\",\"@id\":\"https:\\\/\\\/ubirataonline.com.br\\\/assessing-the-padres-season-after-april-2026\\\/#breadcrumb\",\"itemListElement\":[{\"@type\":\"ListItem\",\"position\":1,\"name\":\"In\u00edcio\",\"item\":\"https:\\\/\\\/ubirataonline.com.br\\\/\"},{\"@type\":\"ListItem\",\"position\":2,\"name\":\"Assessing the Padres&#8217; season after April 2026\"}]},{\"@type\":\"WebSite\",\"@id\":\"https:\\\/\\\/ubirataonline.com.br\\\/#website\",\"url\":\"https:\\\/\\\/ubirataonline.com.br\\\/\",\"name\":\"Ubirat\u00e3 Online Not\u00edcias\",\"description\":\"Not\u00edcias de Ubirat\u00e3, regi\u00e3o, Brasil e mundo, com informa\u00e7\u00e3o atualizada e compromisso com o leitor.\",\"publisher\":{\"@id\":\"https:\\\/\\\/ubirataonline.com.br\\\/#organization\"},\"alternateName\":\"Ubirat\u00e3 Online\",\"potentialAction\":[{\"@type\":\"SearchAction\",\"target\":{\"@type\":\"EntryPoint\",\"urlTemplate\":\"https:\\\/\\\/ubirataonline.com.br\\\/?s={search_term_string}\"},\"query-input\":{\"@type\":\"PropertyValueSpecification\",\"valueRequired\":true,\"valueName\":\"search_term_string\"}}],\"inLanguage\":\"en-US\"},{\"@type\":[\"Organization\",\"Place\"],\"@id\":\"https:\\\/\\\/ubirataonline.com.br\\\/#organization\",\"name\":\"Ubirat\u00e3 Online Not\u00edcias\",\"alternateName\":\"Ubirat\u00e3 Online\",\"url\":\"https:\\\/\\\/ubirataonline.com.br\\\/\",\"logo\":{\"@id\":\"https:\\\/\\\/ubirataonline.com.br\\\/assessing-the-padres-season-after-april-2026\\\/#local-main-organization-logo\"},\"image\":{\"@id\":\"https:\\\/\\\/ubirataonline.com.br\\\/assessing-the-padres-season-after-april-2026\\\/#local-main-organization-logo\"},\"sameAs\":[\"https:\\\/\\\/www.facebook.com\\\/portalubirataonline\",\"https:\\\/\\\/x.com\\\/ubirataonline\",\"https:\\\/\\\/mastodon.social\\\/@ubirataonline\",\"https:\\\/\\\/www.facebook.com\\\/groups\\\/311144672285604\",\"https:\\\/\\\/www.facebook.com\\\/UBTAOnline\",\"https:\\\/\\\/www.instagram.com\\\/portalubirataonline\\\/\",\"https:\\\/\\\/twitter.com\\\/ubirataonline\"],\"description\":\"Somos um portal de not\u00edcias independente, criado em 5 de janeiro de 2009, com o objetivo de informar, conectar e valorizar a nossa comunidade de Ubirat\u00e3 e toda aregi\u00e3o. Com conte\u00fado atualizado, confi\u00e1vel e relevante, o Ubirat\u00e3 Online \u00e9 o seu espa\u00e7o para ficar por dentro dos principais acontecimentos locais, regionais, Brasil, Mundo e de interesse geral. Nosso compromisso \u00e9 com a verdade, a transpar\u00eancia e o respeito ao leitor.\",\"legalName\":\"UBIRATA ONLINE NOT\u00cdCIAS\",\"foundingDate\":\"2009-01-05\",\"numberOfEmployees\":{\"@type\":\"QuantitativeValue\",\"minValue\":\"1\",\"maxValue\":\"10\"},\"publishingPrinciples\":\"https:\\\/\\\/ubirataonline.com.br\\\/faq\\\/\",\"address\":{\"@id\":\"https:\\\/\\\/ubirataonline.com.br\\\/assessing-the-padres-season-after-april-2026\\\/#local-main-place-address\"},\"geo\":{\"@type\":\"GeoCoordinates\",\"latitude\":\"-24.5361401\",\"longitude\":\"-52.9921776\"},\"telephone\":[\"+5544998308235\"],\"contactPoint\":{\"@type\":\"ContactPoint\",\"email\":\"contato@ubirataonline.com.br\"},\"openingHoursSpecification\":{\"@type\":\"OpeningHoursSpecification\",\"dayOfWeek\":[\"Monday\",\"Tuesday\",\"Wednesday\",\"Thursday\",\"Friday\",\"Saturday\",\"Sunday\"],\"opens\":\"00:00\",\"closes\":\"23:59\"},\"email\":\"contato@ubirataonline.com.br\",\"vatID\":\"47.621.418\\\/0001-80\"},{\"@type\":\"Person\",\"@id\":\"https:\\\/\\\/ubirataonline.com.br\\\/#\\\/schema\\\/person\\\/372f87bbd3fdd79b8556b84c98d0bc1c\",\"name\":\"REDA\u00c7\u00c3O: UBIRAT\u00c3 ONLINE - F\u00c1BIO AUGUSTO CELESTINO\",\"pronouns\":\"Ele\",\"description\":\"Desde 2003 trabalhando com not\u00edcias.\",\"sameAs\":[\"http:\\\/\\\/ubirataoline.com.br\",\"https:\\\/\\\/www.facebook.com\\\/portalubirataonline\",\"https:\\\/\\\/www.instagram.com\\\/ubirataonline_oficial\",\"https:\\\/\\\/x.com\\\/x.com\\\/ubirataonline\"],\"honorificPrefix\":\"Mr.\",\"honorificSuffix\":\"MD\",\"birthDate\":\"1980-06-16\",\"gender\":\"masculino\",\"award\":[\"V\u00e1rios pr\u00eamios de melhor portal da cidade\"],\"jobTitle\":\"Diretor\",\"url\":\"https:\\\/\\\/ubirataonline.com.br\\\/en\\\/author\\\/ubirataonline\\\/\"},{\"@type\":\"PostalAddress\",\"@id\":\"https:\\\/\\\/ubirataonline.com.br\\\/assessing-the-padres-season-after-april-2026\\\/#local-main-place-address\",\"streetAddress\":\"Rua dos Coqueiros, 104 - Bairro Boa Vista, Rua dos Coqueiros, 104 Bairro Boa Vista\",\"addressLocality\":\"UBIRATA\",\"postalCode\":\"85440-000\",\"addressRegion\":\"PR\",\"addressCountry\":\"BR\"},{\"@type\":\"ImageObject\",\"inLanguage\":\"en-US\",\"@id\":\"https:\\\/\\\/ubirataonline.com.br\\\/assessing-the-padres-season-after-april-2026\\\/#local-main-organization-logo\",\"url\":\"https:\\\/\\\/ubirataonline.com.br\\\/wp-content\\\/uploads\\\/2026\\\/06\\\/logoubirataonline-1.webp\",\"contentUrl\":\"https:\\\/\\\/ubirataonline.com.br\\\/wp-content\\\/uploads\\\/2026\\\/06\\\/logoubirataonline-1.webp\",\"width\":500,\"height\":500,\"caption\":\"Ubirat\u00e3 Online Not\u00edcias\"}]}<\/script>\n<meta name=\"geo.placename\" content=\"UBIRATA\" \/>\n<meta name=\"geo.position\" content=\"-24.5361401;-52.9921776\" \/>\n<meta name=\"geo.region\" content=\"Brazil\" \/>\n<!-- \/ Yoast SEO Premium plugin. -->","yoast_head_json":{"title":"Assessing the Padres' season after April 2026 - Ubirat\u00e3 Online Not\u00edcias - A realidade ao seu alcance!","description":"This story was excerpted from AJ Cassavell\u2019s Padres Beat newsletter. To read the full newsletter, click here. And subscribe to get it regularly in your","robots":{"index":"index","follow":"follow","max-snippet":"max-snippet:-1","max-image-preview":"max-image-preview:large","max-video-preview":"max-video-preview:-1"},"canonical":"https:\/\/ubirataonline.com.br\/en\/assessing-the-padres-season-after-april-2026\/","og_locale":"en_US","og_type":"article","og_title":"Assessing the Padres' season after April 2026","og_description":"This story was excerpted from AJ Cassavell\u2019s Padres Beat newsletter. To read the full newsletter, click here. And subscribe to get it regularly in your","og_url":"https:\/\/ubirataonline.com.br\/en\/assessing-the-padres-season-after-april-2026\/","og_site_name":"Ubirat\u00e3 Online Not\u00edcias - A realidade ao seu alcance!","article_publisher":"https:\/\/www.facebook.com\/portalubirataonline","article_author":"https:\/\/www.facebook.com\/portalubirataonline","article_published_time":"2026-05-02T03:55:06+00:00","article_modified_time":"2026-05-02T03:55:32+00:00","og_image":[{"width":1536,"height":768,"url":"https:\/\/ubirataonline.com.br\/wp-content\/uploads\/2026\/05\/Assessing-the-Padres-season-after-April-2026.jpg","type":"image\/jpeg"}],"author":"REDA\u00c7\u00c3O: UBIRAT\u00c3 ONLINE - F\u00c1BIO AUGUSTO CELESTINO","twitter_card":"summary_large_image","twitter_creator":"@x.com\/ubirataonline","twitter_site":"@ubirataonline","twitter_misc":{"Written by":"REDA\u00c7\u00c3O: UBIRAT\u00c3 ONLINE - F\u00c1BIO AUGUSTO CELESTINO","Est. reading time":"5 minutes"},"schema":{"@context":"https:\/\/schema.org","@graph":[{"@type":"NewsArticle","@id":"https:\/\/ubirataonline.com.br\/assessing-the-padres-season-after-april-2026\/#article","isPartOf":{"@id":"https:\/\/ubirataonline.com.br\/assessing-the-padres-season-after-april-2026\/"},"author":{"name":"REDA\u00c7\u00c3O: UBIRAT\u00c3 ONLINE - F\u00c1BIO AUGUSTO CELESTINO","@id":"https:\/\/ubirataonline.com.br\/#\/schema\/person\/372f87bbd3fdd79b8556b84c98d0bc1c"},"headline":"Assessing the Padres&#8217; season after April 2026","datePublished":"2026-05-02T03:55:06+00:00","dateModified":"2026-05-02T03:55:32+00:00","mainEntityOfPage":{"@id":"https:\/\/ubirataonline.com.br\/assessing-the-padres-season-after-april-2026\/"},"wordCount":929,"publisher":{"@id":"https:\/\/ubirataonline.com.br\/#organization"},"image":{"@id":"https:\/\/ubirataonline.com.br\/assessing-the-padres-season-after-april-2026\/#primaryimage"},"thumbnailUrl":"https:\/\/ubirataonline.com.br\/wp-content\/uploads\/2026\/05\/Assessing-the-Padres-season-after-April-2026.jpg","keywords":["April","Assessing","Padres","season"],"articleSection":["Ubirat\u00e3"],"inLanguage":"en-US","copyrightYear":"2026","copyrightHolder":{"@id":"https:\/\/ubirataonline.com.br\/en\/#organization"}},{"@type":"WebPage","@id":"https:\/\/ubirataonline.com.br\/assessing-the-padres-season-after-april-2026\/","url":"https:\/\/ubirataonline.com.br\/assessing-the-padres-season-after-april-2026\/","name":"Assessing the Padres' season after April 2026 - Ubirat\u00e3 Online Not\u00edcias - A realidade ao seu alcance!","isPartOf":{"@id":"https:\/\/ubirataonline.com.br\/#website"},"primaryImageOfPage":{"@id":"https:\/\/ubirataonline.com.br\/assessing-the-padres-season-after-april-2026\/#primaryimage"},"image":{"@id":"https:\/\/ubirataonline.com.br\/assessing-the-padres-season-after-april-2026\/#primaryimage"},"thumbnailUrl":"https:\/\/ubirataonline.com.br\/wp-content\/uploads\/2026\/05\/Assessing-the-Padres-season-after-April-2026.jpg","datePublished":"2026-05-02T03:55:06+00:00","dateModified":"2026-05-02T03:55:32+00:00","description":"This story was excerpted from AJ Cassavell\u2019s Padres Beat newsletter. To read the full newsletter, click here. And subscribe to get it regularly in your","breadcrumb":{"@id":"https:\/\/ubirataonline.com.br\/assessing-the-padres-season-after-april-2026\/#breadcrumb"},"inLanguage":"en-US","potentialAction":[{"@type":"ReadAction","target":["https:\/\/ubirataonline.com.br\/assessing-the-padres-season-after-april-2026\/"]}]},{"@type":"ImageObject","inLanguage":"en-US","@id":"https:\/\/ubirataonline.com.br\/assessing-the-padres-season-after-april-2026\/#primaryimage","url":"https:\/\/ubirataonline.com.br\/wp-content\/uploads\/2026\/05\/Assessing-the-Padres-season-after-April-2026.jpg","contentUrl":"https:\/\/ubirataonline.com.br\/wp-content\/uploads\/2026\/05\/Assessing-the-Padres-season-after-April-2026.jpg","width":1536,"height":768,"caption":"Assessing the Padres' season after April 2026"},{"@type":"BreadcrumbList","@id":"https:\/\/ubirataonline.com.br\/assessing-the-padres-season-after-april-2026\/#breadcrumb","itemListElement":[{"@type":"ListItem","position":1,"name":"In\u00edcio","item":"https:\/\/ubirataonline.com.br\/"},{"@type":"ListItem","position":2,"name":"Assessing the Padres&#8217; season after April 2026"}]},{"@type":"WebSite","@id":"https:\/\/ubirataonline.com.br\/#website","url":"https:\/\/ubirataonline.com.br\/","name":"Ubirat\u00e3 Online Not\u00edcias","description":"Not\u00edcias de Ubirat\u00e3, regi\u00e3o, Brasil e mundo, com informa\u00e7\u00e3o atualizada e compromisso com o leitor.","publisher":{"@id":"https:\/\/ubirataonline.com.br\/#organization"},"alternateName":"Ubirat\u00e3 Online","potentialAction":[{"@type":"SearchAction","target":{"@type":"EntryPoint","urlTemplate":"https:\/\/ubirataonline.com.br\/?s={search_term_string}"},"query-input":{"@type":"PropertyValueSpecification","valueRequired":true,"valueName":"search_term_string"}}],"inLanguage":"en-US"},{"@type":["Organization","Place"],"@id":"https:\/\/ubirataonline.com.br\/#organization","name":"Ubirat\u00e3 Online Not\u00edcias","alternateName":"Ubirat\u00e3 Online","url":"https:\/\/ubirataonline.com.br\/","logo":{"@id":"https:\/\/ubirataonline.com.br\/assessing-the-padres-season-after-april-2026\/#local-main-organization-logo"},"image":{"@id":"https:\/\/ubirataonline.com.br\/assessing-the-padres-season-after-april-2026\/#local-main-organization-logo"},"sameAs":["https:\/\/www.facebook.com\/portalubirataonline","https:\/\/x.com\/ubirataonline","https:\/\/mastodon.social\/@ubirataonline","https:\/\/www.facebook.com\/groups\/311144672285604","https:\/\/www.facebook.com\/UBTAOnline","https:\/\/www.instagram.com\/portalubirataonline\/","https:\/\/twitter.com\/ubirataonline"],"description":"Somos um portal de not\u00edcias independente, criado em 5 de janeiro de 2009, com o objetivo de informar, conectar e valorizar a nossa comunidade de Ubirat\u00e3 e toda aregi\u00e3o. Com conte\u00fado atualizado, confi\u00e1vel e relevante, o Ubirat\u00e3 Online \u00e9 o seu espa\u00e7o para ficar por dentro dos principais acontecimentos locais, regionais, Brasil, Mundo e de interesse geral. Nosso compromisso \u00e9 com a verdade, a transpar\u00eancia e o respeito ao leitor.","legalName":"UBIRATA ONLINE NOT\u00cdCIAS","foundingDate":"2009-01-05","numberOfEmployees":{"@type":"QuantitativeValue","minValue":"1","maxValue":"10"},"publishingPrinciples":"https:\/\/ubirataonline.com.br\/faq\/","address":{"@id":"https:\/\/ubirataonline.com.br\/assessing-the-padres-season-after-april-2026\/#local-main-place-address"},"geo":{"@type":"GeoCoordinates","latitude":"-24.5361401","longitude":"-52.9921776"},"telephone":["+5544998308235"],"contactPoint":{"@type":"ContactPoint","email":"contato@ubirataonline.com.br"},"openingHoursSpecification":{"@type":"OpeningHoursSpecification","dayOfWeek":["Monday","Tuesday","Wednesday","Thursday","Friday","Saturday","Sunday"],"opens":"00:00","closes":"23:59"},"email":"contato@ubirataonline.com.br","vatID":"47.621.418\/0001-80"},{"@type":"Person","@id":"https:\/\/ubirataonline.com.br\/#\/schema\/person\/372f87bbd3fdd79b8556b84c98d0bc1c","name":"REDA\u00c7\u00c3O: UBIRAT\u00c3 ONLINE - F\u00c1BIO AUGUSTO CELESTINO","pronouns":"Ele","description":"Desde 2003 trabalhando com not\u00edcias.","sameAs":["http:\/\/ubirataoline.com.br","https:\/\/www.facebook.com\/portalubirataonline","https:\/\/www.instagram.com\/ubirataonline_oficial","https:\/\/x.com\/x.com\/ubirataonline"],"honorificPrefix":"Mr.","honorificSuffix":"MD","birthDate":"1980-06-16","gender":"masculino","award":["V\u00e1rios pr\u00eamios de melhor portal da cidade"],"jobTitle":"Diretor","url":"https:\/\/ubirataonline.com.br\/en\/author\/ubirataonline\/"},{"@type":"PostalAddress","@id":"https:\/\/ubirataonline.com.br\/assessing-the-padres-season-after-april-2026\/#local-main-place-address","streetAddress":"Rua dos Coqueiros, 104 - Bairro Boa Vista, Rua dos Coqueiros, 104 Bairro Boa Vista","addressLocality":"UBIRATA","postalCode":"85440-000","addressRegion":"PR","addressCountry":"BR"},{"@type":"ImageObject","inLanguage":"en-US","@id":"https:\/\/ubirataonline.com.br\/assessing-the-padres-season-after-april-2026\/#local-main-organization-logo","url":"https:\/\/ubirataonline.com.br\/wp-content\/uploads\/2026\/06\/logoubirataonline-1.webp","contentUrl":"https:\/\/ubirataonline.com.br\/wp-content\/uploads\/2026\/06\/logoubirataonline-1.webp","width":500,"height":500,"caption":"Ubirat\u00e3 Online Not\u00edcias"}]},"geo.placename":"UBIRATA","geo.position":{"lat":"-24.5361401","long":"-52.9921776"},"geo.region":"Brazil"},"_links":{"self":[{"href":"https:\/\/ubirataonline.com.br\/en\/wp-json\/wp\/v2\/posts\/120967","targetHints":{"allow":["GET"]}}],"collection":[{"href":"https:\/\/ubirataonline.com.br\/en\/wp-json\/wp\/v2\/posts"}],"about":[{"href":"https:\/\/ubirataonline.com.br\/en\/wp-json\/wp\/v2\/types\/post"}],"author":[{"embeddable":true,"href":"https:\/\/ubirataonline.com.br\/en\/wp-json\/wp\/v2\/users\/1"}],"replies":[{"embeddable":true,"href":"https:\/\/ubirataonline.com.br\/en\/wp-json\/wp\/v2\/comments?post=120967"}],"version-history":[{"count":0,"href":"https:\/\/ubirataonline.com.br\/en\/wp-json\/wp\/v2\/posts\/120967\/revisions"}],"wp:featuredmedia":[{"embeddable":true,"href":"https:\/\/ubirataonline.com.br\/en\/wp-json\/wp\/v2\/media\/120968"}],"wp:attachment":[{"href":"https:\/\/ubirataonline.com.br\/en\/wp-json\/wp\/v2\/media?parent=120967"}],"wp:term":[{"taxonomy":"category","embeddable":true,"href":"https:\/\/ubirataonline.com.br\/en\/wp-json\/wp\/v2\/categories?post=120967"},{"taxonomy":"post_tag","embeddable":true,"href":"https:\/\/ubirataonline.com.br\/en\/wp-json\/wp\/v2\/tags?post=120967"}],"curies":[{"name":"wp","href":"https:\/\/api.w.org\/{rel}","templated":true}]}}