{"id":121034,"date":"2026-05-02T03:55:19","date_gmt":"2026-05-02T06:55:19","guid":{"rendered":"https:\/\/ubirataonline.com.br\/jean-alexandre-trogneux-le-neveu-demmanuel-et-brigitte-macron-attend-avec-impatience-mai-2027-et-la-fin-des-emmerdements\/"},"modified":"2026-05-02T03:55:22","modified_gmt":"2026-05-02T06:55:22","slug":"jean-alexandre-trogneux-le-neveu-demmanuel-et-brigitte-macron-attend-avec-impatience-mai-2027-et-la-fin-des-emmerdements","status":"publish","type":"post","link":"https:\/\/ubirataonline.com.br\/en\/jean-alexandre-trogneux-le-neveu-demmanuel-et-brigitte-macron-attend-avec-impatience-mai-2027-et-la-fin-des-emmerdements\/","title":{"rendered":"Jean-Alexandre Trogneux, le neveu d\u2019Emmanuel et Brigitte Macron, attend avec impatience mai 2027 et la &#8220;fin des emmerdements&#8221;"},"content":{"rendered":"<p><br \/>\n<\/p>\n<div>\n<p>Dans le podcast \u00c0 contre-jour, le patron de la c\u00e9l\u00e8bre chocolaterie ami\u00e9noise, aujourd\u2019hui install\u00e9 au Touquet, raconte comment les mandats de son jeune oncle ont pu lui nuire personnellement et professionnellement. Et confie son irr\u00e9pressible d\u00e9sir d&#8217;arriver \u00e0 la prochaine pr\u00e9sidentielle.<\/p>\n<p>&#8220;C\u2019est s\u00fbr, cela a entach\u00e9 notre nom&#8221;: Jean-Alexandre Trogneux, le neveu d\u2019Emmanuel et Brigitte Macron, attend avec impatience mai 2027 et la &#8220;fin des emmerdements&#8221;<\/p>\n<p>Dans le podcast \u00c0 contre-jour, le patron de la c\u00e9l\u00e8bre chocolaterie ami\u00e9noise, aujourd\u2019hui install\u00e9 au Touquet, raconte comment les mandats de son jeune oncle ont pu lui nuire personnellement et professionnellement. Et confie son irr\u00e9pressible d\u00e9sir d&#8217;arriver \u00e0 la prochaine pr\u00e9sidentielle.<\/p>\n<p>Il se fait tr\u00e8s rare dans les m\u00e9dias.<a href=\"https:\/\/www.bfmtv.com\/politique\/l-interview-en-integralite-de-jean-alexandre-trogneux_VN-202305160797.html\" title=\"L'interview en int\u00e9gralit\u00e9 de Jean-Alexandre Trogneux\" class=\"internal_link\"> Jean-Alexandre Trogneux<\/a>, neveu de<a href=\"https:\/\/www.bfmtv.com\/politique\/elysee\/je-suis-parfois-triste-comme-jamais-je-ne-l-avais-ete-brigitte-macron-se-confie-sur-ses-annees-a-l-elysee_AN-202604260082.html\" title=\"&quot;Je suis parfois triste comme jamais je ne l'avais \u00e9t\u00e9&quot;: Brigitte Macron se confie sur ses ann\u00e9es \u00e0 l'\u00c9lys\u00e9e\" class=\"internal_link\"> Brigitte Macron<\/a>, a pourtant accept\u00e9 de se confier dans le podcast \u00c0 contre-jour, dont l&#8217;ambition est de &#8220;donner la parole aux personnes qui vivent dans l\u2019ombre de personnalit\u00e9s connues et reconnues&#8221;.<\/p>\n<p>Une heure de conversation intime avec Vanessa Williot-Bertrand, elle-m\u00eame \u00e9pouse de l\u2019ancien ministre et actuel pr\u00e9sident de la r\u00e9gion Hauts-de-France,<a href=\"https:\/\/www.bfmtv.com\/politique\/xavier-bertrand_DN-202106280528.html\" title=\"Xavier Bertrand\" class=\"internal_link\"> Xavier Bertrand<\/a>, dans lequel ce repr\u00e9sentant de la cinqui\u00e8me g\u00e9n\u00e9ration de la c\u00e9l\u00e8bre chocolaterie ami\u00e9noise raconte comment sa vie a \u00e9t\u00e9 boulevers\u00e9e par l\u2019accession \u00e0 l&#8217;Elys\u00e9e d&#8217;Emmanuel Macron.<\/p>\n<blockquote class=\"embed embed_quote\"><p><span>Visiblement tr\u00e8s affect\u00e9 par les revers de cette notori\u00e9t\u00e9, il l\u2019\u00e9voque comme &#8220;une exp\u00e9rience qu\u2019il ne souhaite \u00e0 personne d\u2019en vivre&#8221;.<\/span><\/p><\/blockquote>\n<p>Tout a plut\u00f4t bien commenc\u00e9. Au printemps 2017, il souriait avec ses clients. Certains d\u2019entre eux tentent, en vain, de lui demander son intercession pour faire sauter un PV ou \u00e9viter un contr\u00f4le fiscal. Un temps tr\u00e8s court. Jean-Alexandre Trogneux a compris que cela prenait d\u2019autres proportions quand, de son bureau au premier \u00e9tage, il a aper\u00e7u les antennes des cars r\u00e9gie de CNN install\u00e9s au pied de sa boutique, \u00e0 Amiens.<\/p>\n<p>&#8220;L\u00e0, on prend un vrai choc. Car personne n\u2019avait pr\u00e9dit une telle destin\u00e9e, quand bien m\u00eame Emmanuel s\u2019y \u00e9tait employ\u00e9 et il avait l\u2019ambition d\u2019y arriver. C\u2019est l\u00e0 que le regard des gens change dans un temps un peu curieux d\u2019abord, respectueux, puis critique. Malheureusement la critique est venue tr\u00e8s tr\u00e8s rapidement. Et on est pass\u00e9 \u00e0 une sorte de jalousie et pour certaines personnes, \u00e0 une haine&#8221;, se souvient l\u2019artisan.<\/p>\n<h2 class=\"subheading\" id=\"1stg9\">&#8220;Casser du Macron&#8221;<\/h2>\n<p>Arrive, assez vite en effet,<a href=\"https:\/\/www.bfmtv.com\/societe\/le-mouvement-des-gilets-jaunes_DN-201812100196.html\" title=\"Le mouvement des gilets jaunes\" class=\"internal_link\"> le mouvement des Gilets jaunes<\/a>. Les boutiques Trogneux saccag\u00e9es. Les vendeuses insult\u00e9es, dont certaines ont fini par d\u00e9missionner. Et quantit\u00e9 de courriers anonymes gliss\u00e9s dans la bo\u00eete \u00e0 lettres de Jean-Alexandre Trogneux dont un portant quatre lettres: &#8220;Boum.&#8221;<\/p>\n<p>Ou ce paquet cadeau comportant des excr\u00e9ments, accompagn\u00e9 de ce commentaire: &#8220;Voil\u00e0 le nouveau Macron au chocolat.&#8221;<\/p>\n<p>&#8220;Personne n\u2019a compris qu\u2019il n\u2019y avait aucun int\u00e9r\u00eat financier entre mon fils et moi et la famille Macron, quand bien m\u00eame Brigitte s\u2019appelle Trogneux&#8221;, d\u00e9plore-t-il, regrettant aussi de perdre tr\u00e8s vite de nombreuses commandes de comit\u00e9s d\u2019entreprises g\u00e9r\u00e9s par les syndicalistes. &#8220;Parce que ceux-ci ne voulaient pas faire plaisir au pr\u00e9sident&#8221;, poursuit-il.<\/p>\n<p>Le pire est \u00e0 venir. Le 15 mai 2023, quelques heures apr\u00e8s une allocution t\u00e9l\u00e9vis\u00e9e d\u2019Emmanuel Macron, Jean-Baptiste Trogneux, le fils de Jean-Alexandre qui a repris l\u2019affaire familiale,<a href=\"https:\/\/www.bfmtv.com\/police-justice\/agression-de-jean-baptiste-trogneux-12-et-15-mois-de-prison-ferme-pour-deux-prevenus-un-troisieme-relaxe_VN-202306060054.html\" title=\"Agression de Jean-Baptiste Trogneux: 12 et 15 mois de prison ferme pour deux pr\u00e9venus, un troisi\u00e8me relax\u00e9\" class=\"internal_link\"> est rou\u00e9 de coups par cinq individus<\/a>.<\/p>\n<p>&#8220;Il a \u00e9t\u00e9 sauv\u00e9 par un voisin tr\u00e8s courageux. Et, l\u00e0, j\u2019ai vu rouge, se souvient le chocolatier. C\u2019\u00e9tait pour casser du Macron! Ce moment-l\u00e0, j\u2019en ai terriblement souffert, parce qu\u2019on ne peut pas imaginer qu\u2019on s\u2019en prenne au sang de son sang simplement parce qu\u2019on porte le m\u00eame nom&#8221;.<\/p>\n<h2 class=\"subheading\" id=\"1tus5\">&#8220;Brigitte a fait ce qu&#8217;il fallait pour nous prot\u00e9ger&#8221;<\/h2>\n<p>La fille de Jean-Alexandre Trogneux a pris, elle, une d\u00e9cision radicale. Elle a d\u00e9cid\u00e9 de partir vivre \u00e0 l&#8217;\u00e9tranger, d\u00e8s 2017. Pour des raisons professionnelles mais elle ne porte pas le nom de Trogneux. &#8220;Elle ne rentrera pas tant que la situation ne sera pas plus claire&#8221;, t\u00e9moigne son p\u00e8re.<\/p>\n<p>Le neveu du chef de l&#8217;\u00c9tat avoue \u00e9galement avoir perdu des amis durant cette p\u00e9riode. S\u2019il ne r\u00e9agit pas aux pol\u00e9miques et autres obsessions complotistes qui ont \u00e9maill\u00e9 les neuf ann\u00e9es du couple pr\u00e9sidentiel \u00e0 l\u2019\u00c9lys\u00e9e, il l\u2019admet:<\/p>\n<blockquote class=\"embed embed_quote\"><p><span>&#8220;C\u2019est s\u00fbr, cela a entach\u00e9 notre nom.&#8221;<\/span><\/p><\/blockquote>\n<p>Dans ce podcast, il raconte encore son choix de quitter Amiens pour s\u2019installer au Touquet afin de se sentir en s\u00e9curit\u00e9. Un bouleversement dans sa vie que &#8220;Brigitte a compris plus rapidement qu\u2019Emmanuel&#8221;, reconna\u00eet-il, expliquant sa relation particuli\u00e8re avec cette tante qui, dit-il, &#8220;l\u2019accompagnait en bo\u00eete de nuit alors qu\u2019il n\u2019avait que quinze ans&#8221;.<\/p>\n<p>&#8220;Elle a fait ce qu\u2019il fallait pour nous prot\u00e9ger, explique-t-il. M\u00eame si cela reste une privation de libert\u00e9 terrible dont l\u2019on souffre encore \u00e0 l\u2019heure actuelle&#8221;. Et d\u2019ajouter qu\u2019il compte les jours avant mai 2027, sa d\u00e9livrance, ou en d&#8217;autres mots, les siens,&#8221;la fin des emmerdements&#8221;.<\/p>\n<\/div>\n<p><br \/>\n<br \/><a href=\"https:\/\/www.bfmtv.com\/politique\/elysee\/c-est-sur-cela-a-entache-notre-nom-jean-alexandre-trogneux-le-neveu-d-emmanuel-et-brigitte-macron-attend-avec-impatience-mai-2027-et-la-fin-des-emmerdements_AN-202605010530.html\">Source link <\/a><\/p>","protected":false},"excerpt":{"rendered":"<p>Dans le podcast \u00c0 contre-jour, le patron de la c\u00e9l\u00e8bre chocolaterie ami\u00e9noise, aujourd\u2019hui install\u00e9 au Touquet, raconte comment les mandats de son jeune oncle ont pu lui nuire personnellement et professionnellement. Et confie son irr\u00e9pressible d\u00e9sir d&#8217;arriver \u00e0 la prochaine pr\u00e9sidentielle. &#8220;C\u2019est s\u00fbr, cela a entach\u00e9 notre nom&#8221;: Jean-Alexandre Trogneux, le neveu d\u2019Emmanuel et Brigitte [&hellip;]<\/p>\n","protected":false},"author":1,"featured_media":121035,"comment_status":"closed","ping_status":"","sticky":false,"template":"","format":"standard","meta":{"googlesitekit_rrm_CAow2JLhCw:productID":"","_gspb_post_css":"","maa_idioma":"","maa_pais":"","footnotes":""},"categories":[2725],"tags":[14190,8126,10375,32876,10614,32878,14254,32877,32873,30081,19046,32875,32874],"class_list":["post-121034","post","type-post","status-publish","format-standard","has-post-thumbnail","hentry","category-europe","tag-attend","tag-avec","tag-brigitte","tag-demmanuel","tag-des","tag-emmerdements","tag-fin","tag-impatience","tag-jeanalexandre","tag-macron","tag-mai","tag-neveu","tag-trogneux"],"blocksy_meta":[],"yoast_head":"<!-- This site is optimized with the Yoast SEO Premium plugin v27.6 (Yoast SEO v27.6) - https:\/\/yoast.com\/product\/yoast-seo-premium-wordpress\/ -->\n<title>Jean-Alexandre Trogneux, le neveu d\u2019Emmanuel et Brigitte Macron, attend avec impatience mai 2027 et la &quot;fin des emmerdements&quot; - Ubirat\u00e3 Online Not\u00edcias - A realidade ao seu alcance!<\/title>\n<meta name=\"description\" content=\"Dans le podcast \u00c0 contre-jour, le patron de la c\u00e9l\u00e8bre chocolaterie ami\u00e9noise, aujourd\u2019hui install\u00e9 au Touquet, raconte comment les mandats de son jeune\" \/>\n<meta name=\"robots\" content=\"index, follow, max-snippet:-1, max-image-preview:large, max-video-preview:-1\" \/>\n<link rel=\"canonical\" href=\"https:\/\/ubirataonline.com.br\/en\/jean-alexandre-trogneux-le-neveu-demmanuel-et-brigitte-macron-attend-avec-impatience-mai-2027-et-la-fin-des-emmerdements\/\" \/>\n<meta property=\"og:locale\" content=\"en_US\" \/>\n<meta property=\"og:type\" content=\"article\" \/>\n<meta property=\"og:title\" content=\"Jean-Alexandre Trogneux, le neveu d\u2019Emmanuel et Brigitte Macron, attend avec impatience mai 2027 et la &quot;fin des emmerdements&quot;\" \/>\n<meta property=\"og:description\" content=\"Dans le podcast \u00c0 contre-jour, le patron de la c\u00e9l\u00e8bre chocolaterie ami\u00e9noise, aujourd\u2019hui install\u00e9 au Touquet, raconte comment les mandats de son jeune\" \/>\n<meta property=\"og:url\" content=\"https:\/\/ubirataonline.com.br\/en\/jean-alexandre-trogneux-le-neveu-demmanuel-et-brigitte-macron-attend-avec-impatience-mai-2027-et-la-fin-des-emmerdements\/\" \/>\n<meta property=\"og:site_name\" content=\"Ubirat\u00e3 Online Not\u00edcias - A realidade ao seu alcance!\" \/>\n<meta property=\"article:publisher\" content=\"https:\/\/www.facebook.com\/portalubirataonline\" \/>\n<meta property=\"article:author\" content=\"https:\/\/www.facebook.com\/portalubirataonline\" \/>\n<meta property=\"article:published_time\" content=\"2026-05-02T06:55:19+00:00\" \/>\n<meta property=\"article:modified_time\" content=\"2026-05-02T06:55:22+00:00\" \/>\n<meta property=\"og:image\" content=\"https:\/\/ubirataonline.com.br\/wp-content\/uploads\/2026\/05\/Jean-Alexandre-Trogneux-le-neveu-dEmmanuel-et-Brigitte-Macron-attend-avec.jpg\" \/>\n\t<meta property=\"og:image:width\" content=\"2016\" \/>\n\t<meta property=\"og:image:height\" content=\"1134\" \/>\n\t<meta property=\"og:image:type\" content=\"image\/jpeg\" \/>\n<meta name=\"author\" content=\"REDA\u00c7\u00c3O: UBIRAT\u00c3 ONLINE - F\u00c1BIO AUGUSTO CELESTINO\" \/>\n<meta name=\"twitter:card\" content=\"summary_large_image\" \/>\n<meta name=\"twitter:creator\" content=\"@x.com\/ubirataonline\" \/>\n<meta name=\"twitter:site\" content=\"@ubirataonline\" \/>\n<meta name=\"twitter:label1\" content=\"Written by\" \/>\n\t<meta name=\"twitter:data1\" content=\"REDA\u00c7\u00c3O: UBIRAT\u00c3 ONLINE - F\u00c1BIO AUGUSTO CELESTINO\" \/>\n\t<meta name=\"twitter:label2\" content=\"Est. reading time\" \/>\n\t<meta name=\"twitter:data2\" content=\"4 minutes\" \/>\n<script type=\"application\/ld+json\" class=\"yoast-schema-graph\">{\"@context\":\"https:\\\/\\\/schema.org\",\"@graph\":[{\"@type\":\"NewsArticle\",\"@id\":\"https:\\\/\\\/ubirataonline.com.br\\\/jean-alexandre-trogneux-le-neveu-demmanuel-et-brigitte-macron-attend-avec-impatience-mai-2027-et-la-fin-des-emmerdements\\\/#article\",\"isPartOf\":{\"@id\":\"https:\\\/\\\/ubirataonline.com.br\\\/jean-alexandre-trogneux-le-neveu-demmanuel-et-brigitte-macron-attend-avec-impatience-mai-2027-et-la-fin-des-emmerdements\\\/\"},\"author\":{\"name\":\"REDA\u00c7\u00c3O: UBIRAT\u00c3 ONLINE - F\u00c1BIO AUGUSTO CELESTINO\",\"@id\":\"https:\\\/\\\/ubirataonline.com.br\\\/#\\\/schema\\\/person\\\/372f87bbd3fdd79b8556b84c98d0bc1c\"},\"headline\":\"Jean-Alexandre Trogneux, le neveu d\u2019Emmanuel et Brigitte Macron, attend avec impatience mai 2027 et la &#8220;fin des emmerdements&#8221;\",\"datePublished\":\"2026-05-02T06:55:19+00:00\",\"dateModified\":\"2026-05-02T06:55:22+00:00\",\"mainEntityOfPage\":{\"@id\":\"https:\\\/\\\/ubirataonline.com.br\\\/jean-alexandre-trogneux-le-neveu-demmanuel-et-brigitte-macron-attend-avec-impatience-mai-2027-et-la-fin-des-emmerdements\\\/\"},\"wordCount\":907,\"publisher\":{\"@id\":\"https:\\\/\\\/ubirataonline.com.br\\\/#organization\"},\"image\":{\"@id\":\"https:\\\/\\\/ubirataonline.com.br\\\/jean-alexandre-trogneux-le-neveu-demmanuel-et-brigitte-macron-attend-avec-impatience-mai-2027-et-la-fin-des-emmerdements\\\/#primaryimage\"},\"thumbnailUrl\":\"https:\\\/\\\/ubirataonline.com.br\\\/wp-content\\\/uploads\\\/2026\\\/05\\\/Jean-Alexandre-Trogneux-le-neveu-dEmmanuel-et-Brigitte-Macron-attend-avec.jpg\",\"keywords\":[\"attend\",\"avec\",\"Brigitte\",\"dEmmanuel\",\"Des\",\"emmerdements\",\"fin\",\"impatience\",\"JeanAlexandre\",\"Macron\",\"mai\",\"neveu\",\"Trogneux\"],\"articleSection\":[\"Europe\"],\"inLanguage\":\"en-US\",\"copyrightYear\":\"2026\",\"copyrightHolder\":{\"@id\":\"https:\\\/\\\/ubirataonline.com.br\\\/en\\\/#organization\"}},{\"@type\":\"WebPage\",\"@id\":\"https:\\\/\\\/ubirataonline.com.br\\\/jean-alexandre-trogneux-le-neveu-demmanuel-et-brigitte-macron-attend-avec-impatience-mai-2027-et-la-fin-des-emmerdements\\\/\",\"url\":\"https:\\\/\\\/ubirataonline.com.br\\\/jean-alexandre-trogneux-le-neveu-demmanuel-et-brigitte-macron-attend-avec-impatience-mai-2027-et-la-fin-des-emmerdements\\\/\",\"name\":\"Jean-Alexandre Trogneux, le neveu d\u2019Emmanuel et Brigitte Macron, attend avec impatience mai 2027 et la \\\"fin des emmerdements\\\" - Ubirat\u00e3 Online Not\u00edcias - A realidade ao seu alcance!\",\"isPartOf\":{\"@id\":\"https:\\\/\\\/ubirataonline.com.br\\\/#website\"},\"primaryImageOfPage\":{\"@id\":\"https:\\\/\\\/ubirataonline.com.br\\\/jean-alexandre-trogneux-le-neveu-demmanuel-et-brigitte-macron-attend-avec-impatience-mai-2027-et-la-fin-des-emmerdements\\\/#primaryimage\"},\"image\":{\"@id\":\"https:\\\/\\\/ubirataonline.com.br\\\/jean-alexandre-trogneux-le-neveu-demmanuel-et-brigitte-macron-attend-avec-impatience-mai-2027-et-la-fin-des-emmerdements\\\/#primaryimage\"},\"thumbnailUrl\":\"https:\\\/\\\/ubirataonline.com.br\\\/wp-content\\\/uploads\\\/2026\\\/05\\\/Jean-Alexandre-Trogneux-le-neveu-dEmmanuel-et-Brigitte-Macron-attend-avec.jpg\",\"datePublished\":\"2026-05-02T06:55:19+00:00\",\"dateModified\":\"2026-05-02T06:55:22+00:00\",\"description\":\"Dans le podcast \u00c0 contre-jour, le patron de la c\u00e9l\u00e8bre chocolaterie ami\u00e9noise, aujourd\u2019hui install\u00e9 au Touquet, raconte comment les mandats de son jeune\",\"breadcrumb\":{\"@id\":\"https:\\\/\\\/ubirataonline.com.br\\\/jean-alexandre-trogneux-le-neveu-demmanuel-et-brigitte-macron-attend-avec-impatience-mai-2027-et-la-fin-des-emmerdements\\\/#breadcrumb\"},\"inLanguage\":\"en-US\",\"potentialAction\":[{\"@type\":\"ReadAction\",\"target\":[\"https:\\\/\\\/ubirataonline.com.br\\\/jean-alexandre-trogneux-le-neveu-demmanuel-et-brigitte-macron-attend-avec-impatience-mai-2027-et-la-fin-des-emmerdements\\\/\"]}]},{\"@type\":\"ImageObject\",\"inLanguage\":\"en-US\",\"@id\":\"https:\\\/\\\/ubirataonline.com.br\\\/jean-alexandre-trogneux-le-neveu-demmanuel-et-brigitte-macron-attend-avec-impatience-mai-2027-et-la-fin-des-emmerdements\\\/#primaryimage\",\"url\":\"https:\\\/\\\/ubirataonline.com.br\\\/wp-content\\\/uploads\\\/2026\\\/05\\\/Jean-Alexandre-Trogneux-le-neveu-dEmmanuel-et-Brigitte-Macron-attend-avec.jpg\",\"contentUrl\":\"https:\\\/\\\/ubirataonline.com.br\\\/wp-content\\\/uploads\\\/2026\\\/05\\\/Jean-Alexandre-Trogneux-le-neveu-dEmmanuel-et-Brigitte-Macron-attend-avec.jpg\",\"width\":2016,\"height\":1134,\"caption\":\"Jean-Alexandre Trogneux en 2023, au lendemain de l&#39;agression de son fils Jean-Baptiste. - AFP\"},{\"@type\":\"BreadcrumbList\",\"@id\":\"https:\\\/\\\/ubirataonline.com.br\\\/jean-alexandre-trogneux-le-neveu-demmanuel-et-brigitte-macron-attend-avec-impatience-mai-2027-et-la-fin-des-emmerdements\\\/#breadcrumb\",\"itemListElement\":[{\"@type\":\"ListItem\",\"position\":1,\"name\":\"In\u00edcio\",\"item\":\"https:\\\/\\\/ubirataonline.com.br\\\/\"},{\"@type\":\"ListItem\",\"position\":2,\"name\":\"Jean-Alexandre Trogneux, le neveu d\u2019Emmanuel et Brigitte Macron, attend avec impatience mai 2027 et la &#8220;fin des emmerdements&#8221;\"}]},{\"@type\":\"WebSite\",\"@id\":\"https:\\\/\\\/ubirataonline.com.br\\\/#website\",\"url\":\"https:\\\/\\\/ubirataonline.com.br\\\/\",\"name\":\"Ubirat\u00e3 Online Not\u00edcias\",\"description\":\"Not\u00edcias de Ubirat\u00e3, regi\u00e3o, Brasil e mundo, com informa\u00e7\u00e3o atualizada e compromisso com o leitor.\",\"publisher\":{\"@id\":\"https:\\\/\\\/ubirataonline.com.br\\\/#organization\"},\"alternateName\":\"Ubirat\u00e3 Online\",\"potentialAction\":[{\"@type\":\"SearchAction\",\"target\":{\"@type\":\"EntryPoint\",\"urlTemplate\":\"https:\\\/\\\/ubirataonline.com.br\\\/?s={search_term_string}\"},\"query-input\":{\"@type\":\"PropertyValueSpecification\",\"valueRequired\":true,\"valueName\":\"search_term_string\"}}],\"inLanguage\":\"en-US\"},{\"@type\":[\"Organization\",\"Place\"],\"@id\":\"https:\\\/\\\/ubirataonline.com.br\\\/#organization\",\"name\":\"Ubirat\u00e3 Online Not\u00edcias\",\"alternateName\":\"Ubirat\u00e3 Online\",\"url\":\"https:\\\/\\\/ubirataonline.com.br\\\/\",\"logo\":{\"@id\":\"https:\\\/\\\/ubirataonline.com.br\\\/jean-alexandre-trogneux-le-neveu-demmanuel-et-brigitte-macron-attend-avec-impatience-mai-2027-et-la-fin-des-emmerdements\\\/#local-main-organization-logo\"},\"image\":{\"@id\":\"https:\\\/\\\/ubirataonline.com.br\\\/jean-alexandre-trogneux-le-neveu-demmanuel-et-brigitte-macron-attend-avec-impatience-mai-2027-et-la-fin-des-emmerdements\\\/#local-main-organization-logo\"},\"sameAs\":[\"https:\\\/\\\/www.facebook.com\\\/portalubirataonline\",\"https:\\\/\\\/x.com\\\/ubirataonline\",\"https:\\\/\\\/mastodon.social\\\/@ubirataonline\",\"https:\\\/\\\/www.facebook.com\\\/groups\\\/311144672285604\",\"https:\\\/\\\/www.facebook.com\\\/UBTAOnline\",\"https:\\\/\\\/www.instagram.com\\\/portalubirataonline\\\/\",\"https:\\\/\\\/twitter.com\\\/ubirataonline\"],\"description\":\"Somos um portal de not\u00edcias independente, criado em 5 de janeiro de 2009, com o objetivo de informar, conectar e valorizar a nossa comunidade de Ubirat\u00e3 e toda aregi\u00e3o. Com conte\u00fado atualizado, confi\u00e1vel e relevante, o Ubirat\u00e3 Online \u00e9 o seu espa\u00e7o para ficar por dentro dos principais acontecimentos locais, regionais, Brasil, Mundo e de interesse geral. Nosso compromisso \u00e9 com a verdade, a transpar\u00eancia e o respeito ao leitor.\",\"legalName\":\"UBIRATA ONLINE NOT\u00cdCIAS\",\"foundingDate\":\"2009-01-05\",\"numberOfEmployees\":{\"@type\":\"QuantitativeValue\",\"minValue\":\"1\",\"maxValue\":\"10\"},\"publishingPrinciples\":\"https:\\\/\\\/ubirataonline.com.br\\\/faq\\\/\",\"address\":{\"@id\":\"https:\\\/\\\/ubirataonline.com.br\\\/jean-alexandre-trogneux-le-neveu-demmanuel-et-brigitte-macron-attend-avec-impatience-mai-2027-et-la-fin-des-emmerdements\\\/#local-main-place-address\"},\"geo\":{\"@type\":\"GeoCoordinates\",\"latitude\":\"-24.5361401\",\"longitude\":\"-52.9921776\"},\"telephone\":[\"+5544998308235\"],\"contactPoint\":{\"@type\":\"ContactPoint\",\"email\":\"contato@ubirataonline.com.br\"},\"openingHoursSpecification\":{\"@type\":\"OpeningHoursSpecification\",\"dayOfWeek\":[\"Monday\",\"Tuesday\",\"Wednesday\",\"Thursday\",\"Friday\",\"Saturday\",\"Sunday\"],\"opens\":\"00:00\",\"closes\":\"23:59\"},\"email\":\"contato@ubirataonline.com.br\",\"vatID\":\"47.621.418\\\/0001-80\"},{\"@type\":\"Person\",\"@id\":\"https:\\\/\\\/ubirataonline.com.br\\\/#\\\/schema\\\/person\\\/372f87bbd3fdd79b8556b84c98d0bc1c\",\"name\":\"REDA\u00c7\u00c3O: UBIRAT\u00c3 ONLINE - F\u00c1BIO AUGUSTO CELESTINO\",\"pronouns\":\"Ele\",\"description\":\"Desde 2003 trabalhando com not\u00edcias.\",\"sameAs\":[\"http:\\\/\\\/ubirataoline.com.br\",\"https:\\\/\\\/www.facebook.com\\\/portalubirataonline\",\"https:\\\/\\\/www.instagram.com\\\/ubirataonline_oficial\",\"https:\\\/\\\/x.com\\\/x.com\\\/ubirataonline\"],\"honorificPrefix\":\"Mr.\",\"honorificSuffix\":\"MD\",\"birthDate\":\"1980-06-16\",\"gender\":\"masculino\",\"award\":[\"V\u00e1rios pr\u00eamios de melhor portal da cidade\"],\"jobTitle\":\"Diretor\",\"url\":\"https:\\\/\\\/ubirataonline.com.br\\\/en\\\/author\\\/ubirataonline\\\/\"},{\"@type\":\"PostalAddress\",\"@id\":\"https:\\\/\\\/ubirataonline.com.br\\\/jean-alexandre-trogneux-le-neveu-demmanuel-et-brigitte-macron-attend-avec-impatience-mai-2027-et-la-fin-des-emmerdements\\\/#local-main-place-address\",\"streetAddress\":\"Rua dos Coqueiros, 104 - Bairro Boa Vista, Rua dos Coqueiros, 104 Bairro Boa Vista\",\"addressLocality\":\"UBIRATA\",\"postalCode\":\"85440-000\",\"addressRegion\":\"PR\",\"addressCountry\":\"BR\"},{\"@type\":\"ImageObject\",\"inLanguage\":\"en-US\",\"@id\":\"https:\\\/\\\/ubirataonline.com.br\\\/jean-alexandre-trogneux-le-neveu-demmanuel-et-brigitte-macron-attend-avec-impatience-mai-2027-et-la-fin-des-emmerdements\\\/#local-main-organization-logo\",\"url\":\"https:\\\/\\\/ubirataonline.com.br\\\/wp-content\\\/uploads\\\/2026\\\/06\\\/logoubirataonline-1.webp\",\"contentUrl\":\"https:\\\/\\\/ubirataonline.com.br\\\/wp-content\\\/uploads\\\/2026\\\/06\\\/logoubirataonline-1.webp\",\"width\":500,\"height\":500,\"caption\":\"Ubirat\u00e3 Online Not\u00edcias\"}]}<\/script>\n<meta name=\"geo.placename\" content=\"UBIRATA\" \/>\n<meta name=\"geo.position\" content=\"-24.5361401;-52.9921776\" \/>\n<meta name=\"geo.region\" content=\"Brazil\" \/>\n<!-- \/ Yoast SEO Premium plugin. -->","yoast_head_json":{"title":"Jean-Alexandre Trogneux, le neveu d\u2019Emmanuel et Brigitte Macron, attend avec impatience mai 2027 et la \"fin des emmerdements\" - Ubirat\u00e3 Online Not\u00edcias - A realidade ao seu alcance!","description":"Dans le podcast \u00c0 contre-jour, le patron de la c\u00e9l\u00e8bre chocolaterie ami\u00e9noise, aujourd\u2019hui install\u00e9 au Touquet, raconte comment les mandats de son jeune","robots":{"index":"index","follow":"follow","max-snippet":"max-snippet:-1","max-image-preview":"max-image-preview:large","max-video-preview":"max-video-preview:-1"},"canonical":"https:\/\/ubirataonline.com.br\/en\/jean-alexandre-trogneux-le-neveu-demmanuel-et-brigitte-macron-attend-avec-impatience-mai-2027-et-la-fin-des-emmerdements\/","og_locale":"en_US","og_type":"article","og_title":"Jean-Alexandre Trogneux, le neveu d\u2019Emmanuel et Brigitte Macron, attend avec impatience mai 2027 et la \"fin des emmerdements\"","og_description":"Dans le podcast \u00c0 contre-jour, le patron de la c\u00e9l\u00e8bre chocolaterie ami\u00e9noise, aujourd\u2019hui install\u00e9 au Touquet, raconte comment les mandats de son jeune","og_url":"https:\/\/ubirataonline.com.br\/en\/jean-alexandre-trogneux-le-neveu-demmanuel-et-brigitte-macron-attend-avec-impatience-mai-2027-et-la-fin-des-emmerdements\/","og_site_name":"Ubirat\u00e3 Online Not\u00edcias - A realidade ao seu alcance!","article_publisher":"https:\/\/www.facebook.com\/portalubirataonline","article_author":"https:\/\/www.facebook.com\/portalubirataonline","article_published_time":"2026-05-02T06:55:19+00:00","article_modified_time":"2026-05-02T06:55:22+00:00","og_image":[{"width":2016,"height":1134,"url":"https:\/\/ubirataonline.com.br\/wp-content\/uploads\/2026\/05\/Jean-Alexandre-Trogneux-le-neveu-dEmmanuel-et-Brigitte-Macron-attend-avec.jpg","type":"image\/jpeg"}],"author":"REDA\u00c7\u00c3O: UBIRAT\u00c3 ONLINE - F\u00c1BIO AUGUSTO CELESTINO","twitter_card":"summary_large_image","twitter_creator":"@x.com\/ubirataonline","twitter_site":"@ubirataonline","twitter_misc":{"Written by":"REDA\u00c7\u00c3O: UBIRAT\u00c3 ONLINE - F\u00c1BIO AUGUSTO CELESTINO","Est. reading time":"4 minutes"},"schema":{"@context":"https:\/\/schema.org","@graph":[{"@type":"NewsArticle","@id":"https:\/\/ubirataonline.com.br\/jean-alexandre-trogneux-le-neveu-demmanuel-et-brigitte-macron-attend-avec-impatience-mai-2027-et-la-fin-des-emmerdements\/#article","isPartOf":{"@id":"https:\/\/ubirataonline.com.br\/jean-alexandre-trogneux-le-neveu-demmanuel-et-brigitte-macron-attend-avec-impatience-mai-2027-et-la-fin-des-emmerdements\/"},"author":{"name":"REDA\u00c7\u00c3O: UBIRAT\u00c3 ONLINE - F\u00c1BIO AUGUSTO CELESTINO","@id":"https:\/\/ubirataonline.com.br\/#\/schema\/person\/372f87bbd3fdd79b8556b84c98d0bc1c"},"headline":"Jean-Alexandre Trogneux, le neveu d\u2019Emmanuel et Brigitte Macron, attend avec impatience mai 2027 et la &#8220;fin des emmerdements&#8221;","datePublished":"2026-05-02T06:55:19+00:00","dateModified":"2026-05-02T06:55:22+00:00","mainEntityOfPage":{"@id":"https:\/\/ubirataonline.com.br\/jean-alexandre-trogneux-le-neveu-demmanuel-et-brigitte-macron-attend-avec-impatience-mai-2027-et-la-fin-des-emmerdements\/"},"wordCount":907,"publisher":{"@id":"https:\/\/ubirataonline.com.br\/#organization"},"image":{"@id":"https:\/\/ubirataonline.com.br\/jean-alexandre-trogneux-le-neveu-demmanuel-et-brigitte-macron-attend-avec-impatience-mai-2027-et-la-fin-des-emmerdements\/#primaryimage"},"thumbnailUrl":"https:\/\/ubirataonline.com.br\/wp-content\/uploads\/2026\/05\/Jean-Alexandre-Trogneux-le-neveu-dEmmanuel-et-Brigitte-Macron-attend-avec.jpg","keywords":["attend","avec","Brigitte","dEmmanuel","Des","emmerdements","fin","impatience","JeanAlexandre","Macron","mai","neveu","Trogneux"],"articleSection":["Europe"],"inLanguage":"en-US","copyrightYear":"2026","copyrightHolder":{"@id":"https:\/\/ubirataonline.com.br\/en\/#organization"}},{"@type":"WebPage","@id":"https:\/\/ubirataonline.com.br\/jean-alexandre-trogneux-le-neveu-demmanuel-et-brigitte-macron-attend-avec-impatience-mai-2027-et-la-fin-des-emmerdements\/","url":"https:\/\/ubirataonline.com.br\/jean-alexandre-trogneux-le-neveu-demmanuel-et-brigitte-macron-attend-avec-impatience-mai-2027-et-la-fin-des-emmerdements\/","name":"Jean-Alexandre Trogneux, le neveu d\u2019Emmanuel et Brigitte Macron, attend avec impatience mai 2027 et la \"fin des emmerdements\" - Ubirat\u00e3 Online Not\u00edcias - A realidade ao seu alcance!","isPartOf":{"@id":"https:\/\/ubirataonline.com.br\/#website"},"primaryImageOfPage":{"@id":"https:\/\/ubirataonline.com.br\/jean-alexandre-trogneux-le-neveu-demmanuel-et-brigitte-macron-attend-avec-impatience-mai-2027-et-la-fin-des-emmerdements\/#primaryimage"},"image":{"@id":"https:\/\/ubirataonline.com.br\/jean-alexandre-trogneux-le-neveu-demmanuel-et-brigitte-macron-attend-avec-impatience-mai-2027-et-la-fin-des-emmerdements\/#primaryimage"},"thumbnailUrl":"https:\/\/ubirataonline.com.br\/wp-content\/uploads\/2026\/05\/Jean-Alexandre-Trogneux-le-neveu-dEmmanuel-et-Brigitte-Macron-attend-avec.jpg","datePublished":"2026-05-02T06:55:19+00:00","dateModified":"2026-05-02T06:55:22+00:00","description":"Dans le podcast \u00c0 contre-jour, le patron de la c\u00e9l\u00e8bre chocolaterie ami\u00e9noise, aujourd\u2019hui install\u00e9 au Touquet, raconte comment les mandats de son jeune","breadcrumb":{"@id":"https:\/\/ubirataonline.com.br\/jean-alexandre-trogneux-le-neveu-demmanuel-et-brigitte-macron-attend-avec-impatience-mai-2027-et-la-fin-des-emmerdements\/#breadcrumb"},"inLanguage":"en-US","potentialAction":[{"@type":"ReadAction","target":["https:\/\/ubirataonline.com.br\/jean-alexandre-trogneux-le-neveu-demmanuel-et-brigitte-macron-attend-avec-impatience-mai-2027-et-la-fin-des-emmerdements\/"]}]},{"@type":"ImageObject","inLanguage":"en-US","@id":"https:\/\/ubirataonline.com.br\/jean-alexandre-trogneux-le-neveu-demmanuel-et-brigitte-macron-attend-avec-impatience-mai-2027-et-la-fin-des-emmerdements\/#primaryimage","url":"https:\/\/ubirataonline.com.br\/wp-content\/uploads\/2026\/05\/Jean-Alexandre-Trogneux-le-neveu-dEmmanuel-et-Brigitte-Macron-attend-avec.jpg","contentUrl":"https:\/\/ubirataonline.com.br\/wp-content\/uploads\/2026\/05\/Jean-Alexandre-Trogneux-le-neveu-dEmmanuel-et-Brigitte-Macron-attend-avec.jpg","width":2016,"height":1134,"caption":"Jean-Alexandre Trogneux en 2023, au lendemain de l&#39;agression de son fils Jean-Baptiste. - AFP"},{"@type":"BreadcrumbList","@id":"https:\/\/ubirataonline.com.br\/jean-alexandre-trogneux-le-neveu-demmanuel-et-brigitte-macron-attend-avec-impatience-mai-2027-et-la-fin-des-emmerdements\/#breadcrumb","itemListElement":[{"@type":"ListItem","position":1,"name":"In\u00edcio","item":"https:\/\/ubirataonline.com.br\/"},{"@type":"ListItem","position":2,"name":"Jean-Alexandre Trogneux, le neveu d\u2019Emmanuel et Brigitte Macron, attend avec impatience mai 2027 et la &#8220;fin des emmerdements&#8221;"}]},{"@type":"WebSite","@id":"https:\/\/ubirataonline.com.br\/#website","url":"https:\/\/ubirataonline.com.br\/","name":"Ubirat\u00e3 Online Not\u00edcias","description":"Not\u00edcias de Ubirat\u00e3, regi\u00e3o, Brasil e mundo, com informa\u00e7\u00e3o atualizada e compromisso com o leitor.","publisher":{"@id":"https:\/\/ubirataonline.com.br\/#organization"},"alternateName":"Ubirat\u00e3 Online","potentialAction":[{"@type":"SearchAction","target":{"@type":"EntryPoint","urlTemplate":"https:\/\/ubirataonline.com.br\/?s={search_term_string}"},"query-input":{"@type":"PropertyValueSpecification","valueRequired":true,"valueName":"search_term_string"}}],"inLanguage":"en-US"},{"@type":["Organization","Place"],"@id":"https:\/\/ubirataonline.com.br\/#organization","name":"Ubirat\u00e3 Online Not\u00edcias","alternateName":"Ubirat\u00e3 Online","url":"https:\/\/ubirataonline.com.br\/","logo":{"@id":"https:\/\/ubirataonline.com.br\/jean-alexandre-trogneux-le-neveu-demmanuel-et-brigitte-macron-attend-avec-impatience-mai-2027-et-la-fin-des-emmerdements\/#local-main-organization-logo"},"image":{"@id":"https:\/\/ubirataonline.com.br\/jean-alexandre-trogneux-le-neveu-demmanuel-et-brigitte-macron-attend-avec-impatience-mai-2027-et-la-fin-des-emmerdements\/#local-main-organization-logo"},"sameAs":["https:\/\/www.facebook.com\/portalubirataonline","https:\/\/x.com\/ubirataonline","https:\/\/mastodon.social\/@ubirataonline","https:\/\/www.facebook.com\/groups\/311144672285604","https:\/\/www.facebook.com\/UBTAOnline","https:\/\/www.instagram.com\/portalubirataonline\/","https:\/\/twitter.com\/ubirataonline"],"description":"Somos um portal de not\u00edcias independente, criado em 5 de janeiro de 2009, com o objetivo de informar, conectar e valorizar a nossa comunidade de Ubirat\u00e3 e toda aregi\u00e3o. Com conte\u00fado atualizado, confi\u00e1vel e relevante, o Ubirat\u00e3 Online \u00e9 o seu espa\u00e7o para ficar por dentro dos principais acontecimentos locais, regionais, Brasil, Mundo e de interesse geral. Nosso compromisso \u00e9 com a verdade, a transpar\u00eancia e o respeito ao leitor.","legalName":"UBIRATA ONLINE NOT\u00cdCIAS","foundingDate":"2009-01-05","numberOfEmployees":{"@type":"QuantitativeValue","minValue":"1","maxValue":"10"},"publishingPrinciples":"https:\/\/ubirataonline.com.br\/faq\/","address":{"@id":"https:\/\/ubirataonline.com.br\/jean-alexandre-trogneux-le-neveu-demmanuel-et-brigitte-macron-attend-avec-impatience-mai-2027-et-la-fin-des-emmerdements\/#local-main-place-address"},"geo":{"@type":"GeoCoordinates","latitude":"-24.5361401","longitude":"-52.9921776"},"telephone":["+5544998308235"],"contactPoint":{"@type":"ContactPoint","email":"contato@ubirataonline.com.br"},"openingHoursSpecification":{"@type":"OpeningHoursSpecification","dayOfWeek":["Monday","Tuesday","Wednesday","Thursday","Friday","Saturday","Sunday"],"opens":"00:00","closes":"23:59"},"email":"contato@ubirataonline.com.br","vatID":"47.621.418\/0001-80"},{"@type":"Person","@id":"https:\/\/ubirataonline.com.br\/#\/schema\/person\/372f87bbd3fdd79b8556b84c98d0bc1c","name":"REDA\u00c7\u00c3O: UBIRAT\u00c3 ONLINE - F\u00c1BIO AUGUSTO CELESTINO","pronouns":"Ele","description":"Desde 2003 trabalhando com not\u00edcias.","sameAs":["http:\/\/ubirataoline.com.br","https:\/\/www.facebook.com\/portalubirataonline","https:\/\/www.instagram.com\/ubirataonline_oficial","https:\/\/x.com\/x.com\/ubirataonline"],"honorificPrefix":"Mr.","honorificSuffix":"MD","birthDate":"1980-06-16","gender":"masculino","award":["V\u00e1rios pr\u00eamios de melhor portal da cidade"],"jobTitle":"Diretor","url":"https:\/\/ubirataonline.com.br\/en\/author\/ubirataonline\/"},{"@type":"PostalAddress","@id":"https:\/\/ubirataonline.com.br\/jean-alexandre-trogneux-le-neveu-demmanuel-et-brigitte-macron-attend-avec-impatience-mai-2027-et-la-fin-des-emmerdements\/#local-main-place-address","streetAddress":"Rua dos Coqueiros, 104 - Bairro Boa Vista, Rua dos Coqueiros, 104 Bairro Boa Vista","addressLocality":"UBIRATA","postalCode":"85440-000","addressRegion":"PR","addressCountry":"BR"},{"@type":"ImageObject","inLanguage":"en-US","@id":"https:\/\/ubirataonline.com.br\/jean-alexandre-trogneux-le-neveu-demmanuel-et-brigitte-macron-attend-avec-impatience-mai-2027-et-la-fin-des-emmerdements\/#local-main-organization-logo","url":"https:\/\/ubirataonline.com.br\/wp-content\/uploads\/2026\/06\/logoubirataonline-1.webp","contentUrl":"https:\/\/ubirataonline.com.br\/wp-content\/uploads\/2026\/06\/logoubirataonline-1.webp","width":500,"height":500,"caption":"Ubirat\u00e3 Online Not\u00edcias"}]},"geo.placename":"UBIRATA","geo.position":{"lat":"-24.5361401","long":"-52.9921776"},"geo.region":"Brazil"},"_links":{"self":[{"href":"https:\/\/ubirataonline.com.br\/en\/wp-json\/wp\/v2\/posts\/121034","targetHints":{"allow":["GET"]}}],"collection":[{"href":"https:\/\/ubirataonline.com.br\/en\/wp-json\/wp\/v2\/posts"}],"about":[{"href":"https:\/\/ubirataonline.com.br\/en\/wp-json\/wp\/v2\/types\/post"}],"author":[{"embeddable":true,"href":"https:\/\/ubirataonline.com.br\/en\/wp-json\/wp\/v2\/users\/1"}],"replies":[{"embeddable":true,"href":"https:\/\/ubirataonline.com.br\/en\/wp-json\/wp\/v2\/comments?post=121034"}],"version-history":[{"count":0,"href":"https:\/\/ubirataonline.com.br\/en\/wp-json\/wp\/v2\/posts\/121034\/revisions"}],"wp:featuredmedia":[{"embeddable":true,"href":"https:\/\/ubirataonline.com.br\/en\/wp-json\/wp\/v2\/media\/121035"}],"wp:attachment":[{"href":"https:\/\/ubirataonline.com.br\/en\/wp-json\/wp\/v2\/media?parent=121034"}],"wp:term":[{"taxonomy":"category","embeddable":true,"href":"https:\/\/ubirataonline.com.br\/en\/wp-json\/wp\/v2\/categories?post=121034"},{"taxonomy":"post_tag","embeddable":true,"href":"https:\/\/ubirataonline.com.br\/en\/wp-json\/wp\/v2\/tags?post=121034"}],"curies":[{"name":"wp","href":"https:\/\/api.w.org\/{rel}","templated":true}]}}