{"id":121069,"date":"2026-05-02T05:11:14","date_gmt":"2026-05-02T08:11:14","guid":{"rendered":"https:\/\/ubirataonline.com.br\/airpods-ultra-launching-later-this-year-sounds-more-likely-than-ever\/"},"modified":"2026-05-02T05:11:16","modified_gmt":"2026-05-02T08:11:16","slug":"airpods-ultra-launching-later-this-year-sounds-more-likely-than-ever","status":"publish","type":"post","link":"https:\/\/ubirataonline.com.br\/en\/airpods-ultra-launching-later-this-year-sounds-more-likely-than-ever\/","title":{"rendered":"\u2018AirPods Ultra\u2019 launching later this year sounds more likely than ever"},"content":{"rendered":"<p><br \/>\n<\/p>\n<div>\n<figure class=\"img-border featured-image\">\n<\/figure>\n<p>Apple has new AirPods launching later this year that we\u2019ve been referring to as a <a href=\"https:\/\/9to5mac.com\/2026\/04\/03\/new-airpods-pro-are-coming-this-year-here-are-three-rumored-upgrades\/\">high-end AirPods Pro model<\/a>, but recent reporting now makes it seem more likely that they\u2019ll be the first \u2018AirPods Ultra.\u2019<\/p>\n<p><span id=\"more-1050077\"\/><\/p>\n<h2 class=\"wp-block-heading\" id=\"h-new-airpods-with-built-in-ir-cameras-could-be-the-first-ultra-model\">New AirPods with built-in IR cameras could be the first \u2018Ultra\u2019 model<\/h2>\n<figure class=\"wp-block-image alignwide size-full\"><img loading=\"lazy\" decoding=\"async\" width=\"2000\" height=\"1000\" src=\"https:\/\/9to5mac.com\/wp-content\/uploads\/sites\/6\/2024\/09\/visual-intelligence-iphone16.jpeg?quality=82&amp;strip=all\" alt=\"\" class=\"wp-image-971307\" srcset=\"https:\/\/9to5mac.com\/wp-content\/uploads\/sites\/6\/2024\/09\/visual-intelligence-iphone16.jpeg 2000w, https:\/\/9to5mac.com\/wp-content\/uploads\/sites\/6\/2024\/09\/visual-intelligence-iphone16.jpeg?resize=155,78 155w, https:\/\/9to5mac.com\/wp-content\/uploads\/sites\/6\/2024\/09\/visual-intelligence-iphone16.jpeg?resize=655,328 655w, https:\/\/9to5mac.com\/wp-content\/uploads\/sites\/6\/2024\/09\/visual-intelligence-iphone16.jpeg?resize=768,384 768w, https:\/\/9to5mac.com\/wp-content\/uploads\/sites\/6\/2024\/09\/visual-intelligence-iphone16.jpeg?resize=1024,512 1024w, https:\/\/9to5mac.com\/wp-content\/uploads\/sites\/6\/2024\/09\/visual-intelligence-iphone16.jpeg?resize=1536,768 1536w, https:\/\/9to5mac.com\/wp-content\/uploads\/sites\/6\/2024\/09\/visual-intelligence-iphone16.jpeg?resize=350,175 350w, https:\/\/9to5mac.com\/wp-content\/uploads\/sites\/6\/2024\/09\/visual-intelligence-iphone16.jpeg?resize=140,70 140w, https:\/\/9to5mac.com\/wp-content\/uploads\/sites\/6\/2024\/09\/visual-intelligence-iphone16.jpeg?resize=1600,800 1600w, https:\/\/9to5mac.com\/wp-content\/uploads\/sites\/6\/2024\/09\/visual-intelligence-iphone16.jpeg?resize=290,145 290w, https:\/\/9to5mac.com\/wp-content\/uploads\/sites\/6\/2024\/09\/visual-intelligence-iphone16.jpeg?resize=600,300 600w, https:\/\/9to5mac.com\/wp-content\/uploads\/sites\/6\/2024\/09\/visual-intelligence-iphone16.jpeg?resize=150,75 150w\" sizes=\"auto, (max-width: 2000px) 100vw, 2000px\"\/><\/figure>\n<p>Last fall, AirPods Pro 3 launched with impressive gains in Active Noise Cancellation and audio quality, a new fit, built-in heart rate sensor, a second-gen Ultra Wideband chip, <a href=\"https:\/\/9to5mac.com\/2025\/10\/27\/airpods-pro-3-vs-airpods-pro-2-heres-everything-new\/\">and more<\/a>.<\/p>\n<p>Apple has consistently shipped new AirPods Pro every three years. The first model arrived in 2019, its successor in 2022, and AirPods Pro 3 in 2025.<\/p>\n<p>But rumors have long indicated there\u2019s <a href=\"https:\/\/9to5mac.com\/2026\/04\/03\/new-airpods-pro-are-coming-this-year-here-are-three-rumored-upgrades\/\">another AirPods Pro model<\/a> coming this year.<\/p>\n<p>One of its main new features is the addition of infrared (IR) cameras, which will unlock a variety of AI-centric experiences via visual intelligence. Hand gestures might be supported too. And rumors indicate a next-gen H3 chip could debut as well, likely to power the camera capabilities.<\/p>\n<p>These new AirPods are expected to cost around $299\u2014that\u2019s $50 more than AirPods Pro 3. <\/p>\n<p>Like with AirPods 4, where you can buy a model with ANC for $179 or without for $129, we\u2019ve been expecting Apple to brand this new model as a high-end AirPods Pro 3 tier.<\/p>\n<p>However, following reports this week, a new \u2018AirPods Ultra\u2019 branding seems the more likely outcome.<\/p>\n<h2 class=\"wp-block-heading\" id=\"h-why-airpods-ultra-are-a-good-fit-for-apple-s-expanding-ultra-lineup\">Why \u2018AirPods Ultra\u2019 are a good fit for Apple\u2019s expanding Ultra lineup<\/h2>\n<figure class=\"wp-block-image alignwide size-full\"><img loading=\"lazy\" decoding=\"async\" width=\"2000\" height=\"1000\" src=\"https:\/\/9to5mac.com\/wp-content\/uploads\/sites\/6\/2026\/04\/airpods-pro-3-black-background.jpg?quality=82&amp;strip=all\" alt=\"\" class=\"wp-image-1046660\" srcset=\"https:\/\/9to5mac.com\/wp-content\/uploads\/sites\/6\/2026\/04\/airpods-pro-3-black-background.jpg 2000w, https:\/\/9to5mac.com\/wp-content\/uploads\/sites\/6\/2026\/04\/airpods-pro-3-black-background.jpg?resize=155,78 155w, https:\/\/9to5mac.com\/wp-content\/uploads\/sites\/6\/2026\/04\/airpods-pro-3-black-background.jpg?resize=655,328 655w, https:\/\/9to5mac.com\/wp-content\/uploads\/sites\/6\/2026\/04\/airpods-pro-3-black-background.jpg?resize=768,384 768w, https:\/\/9to5mac.com\/wp-content\/uploads\/sites\/6\/2026\/04\/airpods-pro-3-black-background.jpg?resize=1024,512 1024w, https:\/\/9to5mac.com\/wp-content\/uploads\/sites\/6\/2026\/04\/airpods-pro-3-black-background.jpg?resize=1536,768 1536w, https:\/\/9to5mac.com\/wp-content\/uploads\/sites\/6\/2026\/04\/airpods-pro-3-black-background.jpg?resize=350,175 350w, https:\/\/9to5mac.com\/wp-content\/uploads\/sites\/6\/2026\/04\/airpods-pro-3-black-background.jpg?resize=140,70 140w, https:\/\/9to5mac.com\/wp-content\/uploads\/sites\/6\/2026\/04\/airpods-pro-3-black-background.jpg?resize=1600,800 1600w, https:\/\/9to5mac.com\/wp-content\/uploads\/sites\/6\/2026\/04\/airpods-pro-3-black-background.jpg?resize=290,145 290w, https:\/\/9to5mac.com\/wp-content\/uploads\/sites\/6\/2026\/04\/airpods-pro-3-black-background.jpg?resize=600,300 600w, https:\/\/9to5mac.com\/wp-content\/uploads\/sites\/6\/2026\/04\/airpods-pro-3-black-background.jpg?resize=150,75 150w\" sizes=\"auto, (max-width: 2000px) 100vw, 2000px\"\/><\/figure>\n<p>Yesterday <a href=\"https:\/\/9to5mac.com\/2026\/04\/27\/iphone-ultra-and-macbook-ultra-are-coming-this-year-per-report\/\"><em>Macworld<\/em> reported<\/a> that Apple plans to use \u2018Ultra\u2019 branding for new iPhone and Mac models later this year.<\/p>\n<p>The foldable iPhone will be called iPhone Ultra, as several <a href=\"https:\/\/9to5mac.com\/2026\/04\/07\/iphone-ultra-is-the-likely-name-of-apples-foldable-says-leaker\/\">other<\/a> <a href=\"https:\/\/9to5mac.com\/2026\/04\/10\/new-iphone-fold-leaks-cover-ultra-name-launch-timing-more\/\">leakers<\/a> have already claimed. And the big MacBook Pro redesign will actually be the first MacBook Ultra.<\/p>\n<p>If Apple does indeed name both products \u2018Ultra,\u2019 I think the chances of us getting the first \u2018AirPods Ultra\u2019 this year are high too. Mark Gurman <a href=\"https:\/\/9to5mac.com\/2026\/03\/09\/apple-might-have-new-ultra-products-coming-this-year-per-report\/\">even hinted at it<\/a> last month, and this weekend <a href=\"https:\/\/www.bloomberg.com\/news\/newsletters\/2026-04-26\/new-apple-ceo-john-ternus-first-major-product-is-the-foldable-iphone-road-map-mofu521p\">reiterated<\/a> that the new AirPods will represent a \u201cmajor new product category.\u201d<\/p>\n<p>It\u2019s certainly still possible Apple will use \u2018AirPods Pro 3 with AI\u2019 branding, or something like that. But \u2018AirPods Ultra\u2019 would fit better with how Ultra is being used for these other products.<\/p>\n<figure class=\"wp-block-image alignwide size-full\"><img loading=\"lazy\" decoding=\"async\" width=\"2000\" height=\"1000\" src=\"https:\/\/9to5mac.com\/wp-content\/uploads\/sites\/6\/2026\/04\/iphone-ultra-fold-mockup.jpg?quality=82&amp;strip=all\" alt=\"Trendforce says hi-tech glue could be key to an invisible crease in the iPhone Ultra (render shown)\" class=\"wp-image-1047596\" srcset=\"https:\/\/9to5mac.com\/wp-content\/uploads\/sites\/6\/2026\/04\/iphone-ultra-fold-mockup.jpg 2000w, https:\/\/9to5mac.com\/wp-content\/uploads\/sites\/6\/2026\/04\/iphone-ultra-fold-mockup.jpg?resize=155,78 155w, https:\/\/9to5mac.com\/wp-content\/uploads\/sites\/6\/2026\/04\/iphone-ultra-fold-mockup.jpg?resize=655,328 655w, https:\/\/9to5mac.com\/wp-content\/uploads\/sites\/6\/2026\/04\/iphone-ultra-fold-mockup.jpg?resize=768,384 768w, https:\/\/9to5mac.com\/wp-content\/uploads\/sites\/6\/2026\/04\/iphone-ultra-fold-mockup.jpg?resize=1024,512 1024w, https:\/\/9to5mac.com\/wp-content\/uploads\/sites\/6\/2026\/04\/iphone-ultra-fold-mockup.jpg?resize=1536,768 1536w, https:\/\/9to5mac.com\/wp-content\/uploads\/sites\/6\/2026\/04\/iphone-ultra-fold-mockup.jpg?resize=350,175 350w, https:\/\/9to5mac.com\/wp-content\/uploads\/sites\/6\/2026\/04\/iphone-ultra-fold-mockup.jpg?resize=140,70 140w, https:\/\/9to5mac.com\/wp-content\/uploads\/sites\/6\/2026\/04\/iphone-ultra-fold-mockup.jpg?resize=1600,800 1600w, https:\/\/9to5mac.com\/wp-content\/uploads\/sites\/6\/2026\/04\/iphone-ultra-fold-mockup.jpg?resize=290,145 290w, https:\/\/9to5mac.com\/wp-content\/uploads\/sites\/6\/2026\/04\/iphone-ultra-fold-mockup.jpg?resize=600,300 600w, https:\/\/9to5mac.com\/wp-content\/uploads\/sites\/6\/2026\/04\/iphone-ultra-fold-mockup.jpg?resize=150,75 150w\" sizes=\"auto, (max-width: 2000px) 100vw, 2000px\"\/><\/figure>\n<p>As I <a href=\"https:\/\/9to5mac.com\/2026\/04\/27\/apples-new-macbook-ultra-could-be-exactly-what-ive-been-wanting\/\">wrote yesterday<\/a>, iPhone Ultra and MacBook Ultra are likely to earn their \u2018Ultra\u2019 branding not for offering the most innovative, cutting-edge technology.<\/p>\n<p>That sounds a lot like Apple\u2019s plans for the new AirPods. Adding cameras to AirPods is a major innovative move, and if we get hand gestures and the first H3 chip\u2014plus potential other surprises\u2014I can easily see Apple justifying the \u2018AirPods Ultra\u2019 name.<\/p>\n<p>Apple\u2019s expanding \u2018Ultra\u2019 lineup won\u2019t necessarily signify the overall, absolute best product. Some users will prefer the strengths of other models\u2014like iPhone 18 Pro Max\u2019s battery life and telephoto camera, for example.<\/p>\n<p>\u2018Ultra\u2019 instead will emphasize the most unique, futuristic product in Apple\u2019s lineup. And in that way, the AirPods Ultra name makes a lot of sense.<\/p>\n<p>Do you think Apple will use \u2018AirPods Ultra\u2019 for its new model? Why or why not? Let us know in the comments.<\/p>\n<h3 class=\"wp-block-heading\">Best AirPods Pro deals and accessories<\/h3>\n<div class=\"google-preferred-source-badge\">\n\t\t<a target=\"_blank\" rel=\"nofollow\" href=\"https:\/\/google.com\/preferences\/source?q=https:\/\/9to5mac.com\" aria-label=\"Add 9to5Mac as a preferred source on Google\"><br \/>\n\t\t\t<img decoding=\"async\" class=\"google-preferred-source-badge-dark\" src=\"https:\/\/9to5mac.com\/wp-content\/themes\/ninetofive\/dist\/images\/google-preferred-source-badge-dark.png\" alt=\"Add 9to5Mac as a preferred source on Google\"\/><br \/>\n\t\t\t<img decoding=\"async\" class=\"google-preferred-source-badge-light\" src=\"https:\/\/9to5mac.com\/wp-content\/themes\/ninetofive\/dist\/images\/google-preferred-source-badge-light.png\" alt=\"Add 9to5Mac as a preferred source on Google\"\/><br \/>\n\t\t<\/a>\n\t<\/div>\n<div class=\"ad-disclaimer-container\">\n<p class=\"disclaimer-affiliate\"><em>FTC: We use income earning auto affiliate links.<\/em> <a href=\"https:\/\/9to5mac.com\/about\/#affiliate\">More.<\/a><\/p>\n<p><!-- post ad --><\/div>\n<\/p><\/div>\n<p><br \/>\n<br \/><a href=\"https:\/\/9to5mac.com\/2026\/04\/28\/airpods-ultra-launching-later-this-year-sounds-more-likely-than-ever\/\">Source link <\/a><\/p>","protected":false},"excerpt":{"rendered":"<p>Apple has new AirPods launching later this year that we\u2019ve been referring to as a high-end AirPods Pro model, but recent reporting now makes it seem more likely that they\u2019ll be the first \u2018AirPods Ultra.\u2019 New AirPods with built-in IR cameras could be the first \u2018Ultra\u2019 model Last fall, AirPods Pro 3 launched with impressive [&hellip;]<\/p>\n","protected":false},"author":1,"featured_media":121070,"comment_status":"closed","ping_status":"","sticky":false,"template":"","format":"standard","meta":{"googlesitekit_rrm_CAow2JLhCw:productID":"","_gspb_post_css":"","maa_idioma":"","maa_pais":"","footnotes":""},"categories":[2725],"tags":[32897,6546,23498,10412,7858],"class_list":["post-121069","post","type-post","status-publish","format-standard","has-post-thumbnail","hentry","category-europe","tag-airpods","tag-launching","tag-sounds","tag-ultra","tag-year"],"blocksy_meta":[],"yoast_head":"<!-- This site is optimized with the Yoast SEO Premium plugin v27.6 (Yoast SEO v27.6) - https:\/\/yoast.com\/product\/yoast-seo-premium-wordpress\/ -->\n<title>\u2018AirPods Ultra\u2019 launching later this year sounds more likely than ever - Ubirat\u00e3 Online Not\u00edcias - A realidade ao seu alcance!<\/title>\n<meta name=\"description\" content=\"Apple has new AirPods launching later this year that we\u2019ve been referring to as a high-end AirPods Pro model, but recent reporting now makes it seem more\" \/>\n<meta name=\"robots\" content=\"index, follow, max-snippet:-1, max-image-preview:large, max-video-preview:-1\" \/>\n<link rel=\"canonical\" href=\"https:\/\/ubirataonline.com.br\/en\/airpods-ultra-launching-later-this-year-sounds-more-likely-than-ever\/\" \/>\n<meta property=\"og:locale\" content=\"en_US\" \/>\n<meta property=\"og:type\" content=\"article\" \/>\n<meta property=\"og:title\" content=\"\u2018AirPods Ultra\u2019 launching later this year sounds more likely than ever\" \/>\n<meta property=\"og:description\" content=\"Apple has new AirPods launching later this year that we\u2019ve been referring to as a high-end AirPods Pro model, but recent reporting now makes it seem more\" \/>\n<meta property=\"og:url\" content=\"https:\/\/ubirataonline.com.br\/en\/airpods-ultra-launching-later-this-year-sounds-more-likely-than-ever\/\" \/>\n<meta property=\"og:site_name\" content=\"Ubirat\u00e3 Online Not\u00edcias - A realidade ao seu alcance!\" \/>\n<meta property=\"article:publisher\" content=\"https:\/\/www.facebook.com\/portalubirataonline\" \/>\n<meta property=\"article:author\" content=\"https:\/\/www.facebook.com\/portalubirataonline\" \/>\n<meta property=\"article:published_time\" content=\"2026-05-02T08:11:14+00:00\" \/>\n<meta property=\"article:modified_time\" content=\"2026-05-02T08:11:16+00:00\" \/>\n<meta property=\"og:image\" content=\"https:\/\/ubirataonline.com.br\/wp-content\/uploads\/2026\/05\/\u2018AirPods-Ultra-launching-later-this-year-sounds-more-likely-than.jpg\" \/>\n\t<meta property=\"og:image:width\" content=\"1200\" \/>\n\t<meta property=\"og:image:height\" content=\"628\" \/>\n\t<meta property=\"og:image:type\" content=\"image\/jpeg\" \/>\n<meta name=\"author\" content=\"REDA\u00c7\u00c3O: UBIRAT\u00c3 ONLINE - F\u00c1BIO AUGUSTO CELESTINO\" \/>\n<meta name=\"twitter:card\" content=\"summary_large_image\" \/>\n<meta name=\"twitter:creator\" content=\"@x.com\/ubirataonline\" \/>\n<meta name=\"twitter:site\" content=\"@ubirataonline\" \/>\n<meta name=\"twitter:label1\" content=\"Written by\" \/>\n\t<meta name=\"twitter:data1\" content=\"REDA\u00c7\u00c3O: UBIRAT\u00c3 ONLINE - F\u00c1BIO AUGUSTO CELESTINO\" \/>\n\t<meta name=\"twitter:label2\" content=\"Est. reading time\" \/>\n\t<meta name=\"twitter:data2\" content=\"3 minutes\" \/>\n<script type=\"application\/ld+json\" class=\"yoast-schema-graph\">{\"@context\":\"https:\\\/\\\/schema.org\",\"@graph\":[{\"@type\":\"NewsArticle\",\"@id\":\"https:\\\/\\\/ubirataonline.com.br\\\/airpods-ultra-launching-later-this-year-sounds-more-likely-than-ever\\\/#article\",\"isPartOf\":{\"@id\":\"https:\\\/\\\/ubirataonline.com.br\\\/airpods-ultra-launching-later-this-year-sounds-more-likely-than-ever\\\/\"},\"author\":{\"name\":\"REDA\u00c7\u00c3O: UBIRAT\u00c3 ONLINE - F\u00c1BIO AUGUSTO CELESTINO\",\"@id\":\"https:\\\/\\\/ubirataonline.com.br\\\/#\\\/schema\\\/person\\\/372f87bbd3fdd79b8556b84c98d0bc1c\"},\"headline\":\"\u2018AirPods Ultra\u2019 launching later this year sounds more likely than ever\",\"datePublished\":\"2026-05-02T08:11:14+00:00\",\"dateModified\":\"2026-05-02T08:11:16+00:00\",\"mainEntityOfPage\":{\"@id\":\"https:\\\/\\\/ubirataonline.com.br\\\/airpods-ultra-launching-later-this-year-sounds-more-likely-than-ever\\\/\"},\"wordCount\":544,\"publisher\":{\"@id\":\"https:\\\/\\\/ubirataonline.com.br\\\/#organization\"},\"image\":{\"@id\":\"https:\\\/\\\/ubirataonline.com.br\\\/airpods-ultra-launching-later-this-year-sounds-more-likely-than-ever\\\/#primaryimage\"},\"thumbnailUrl\":\"https:\\\/\\\/ubirataonline.com.br\\\/wp-content\\\/uploads\\\/2026\\\/05\\\/\u2018AirPods-Ultra-launching-later-this-year-sounds-more-likely-than.jpg\",\"keywords\":[\"AirPods\",\"launching\",\"sounds\",\"Ultra\",\"Year\"],\"articleSection\":[\"Europe\"],\"inLanguage\":\"en-US\",\"copyrightYear\":\"2026\",\"copyrightHolder\":{\"@id\":\"https:\\\/\\\/ubirataonline.com.br\\\/en\\\/#organization\"}},{\"@type\":\"WebPage\",\"@id\":\"https:\\\/\\\/ubirataonline.com.br\\\/airpods-ultra-launching-later-this-year-sounds-more-likely-than-ever\\\/\",\"url\":\"https:\\\/\\\/ubirataonline.com.br\\\/airpods-ultra-launching-later-this-year-sounds-more-likely-than-ever\\\/\",\"name\":\"\u2018AirPods Ultra\u2019 launching later this year sounds more likely than ever - Ubirat\u00e3 Online Not\u00edcias - A realidade ao seu alcance!\",\"isPartOf\":{\"@id\":\"https:\\\/\\\/ubirataonline.com.br\\\/#website\"},\"primaryImageOfPage\":{\"@id\":\"https:\\\/\\\/ubirataonline.com.br\\\/airpods-ultra-launching-later-this-year-sounds-more-likely-than-ever\\\/#primaryimage\"},\"image\":{\"@id\":\"https:\\\/\\\/ubirataonline.com.br\\\/airpods-ultra-launching-later-this-year-sounds-more-likely-than-ever\\\/#primaryimage\"},\"thumbnailUrl\":\"https:\\\/\\\/ubirataonline.com.br\\\/wp-content\\\/uploads\\\/2026\\\/05\\\/\u2018AirPods-Ultra-launching-later-this-year-sounds-more-likely-than.jpg\",\"datePublished\":\"2026-05-02T08:11:14+00:00\",\"dateModified\":\"2026-05-02T08:11:16+00:00\",\"description\":\"Apple has new AirPods launching later this year that we\u2019ve been referring to as a high-end AirPods Pro model, but recent reporting now makes it seem more\",\"breadcrumb\":{\"@id\":\"https:\\\/\\\/ubirataonline.com.br\\\/airpods-ultra-launching-later-this-year-sounds-more-likely-than-ever\\\/#breadcrumb\"},\"inLanguage\":\"en-US\",\"potentialAction\":[{\"@type\":\"ReadAction\",\"target\":[\"https:\\\/\\\/ubirataonline.com.br\\\/airpods-ultra-launching-later-this-year-sounds-more-likely-than-ever\\\/\"]}]},{\"@type\":\"ImageObject\",\"inLanguage\":\"en-US\",\"@id\":\"https:\\\/\\\/ubirataonline.com.br\\\/airpods-ultra-launching-later-this-year-sounds-more-likely-than-ever\\\/#primaryimage\",\"url\":\"https:\\\/\\\/ubirataonline.com.br\\\/wp-content\\\/uploads\\\/2026\\\/05\\\/\u2018AirPods-Ultra-launching-later-this-year-sounds-more-likely-than.jpg\",\"contentUrl\":\"https:\\\/\\\/ubirataonline.com.br\\\/wp-content\\\/uploads\\\/2026\\\/05\\\/\u2018AirPods-Ultra-launching-later-this-year-sounds-more-likely-than.jpg\",\"width\":1200,\"height\":628,\"caption\":\"\u2018AirPods Ultra\u2019 launching later this year sounds more likely than ever\"},{\"@type\":\"BreadcrumbList\",\"@id\":\"https:\\\/\\\/ubirataonline.com.br\\\/airpods-ultra-launching-later-this-year-sounds-more-likely-than-ever\\\/#breadcrumb\",\"itemListElement\":[{\"@type\":\"ListItem\",\"position\":1,\"name\":\"In\u00edcio\",\"item\":\"https:\\\/\\\/ubirataonline.com.br\\\/\"},{\"@type\":\"ListItem\",\"position\":2,\"name\":\"\u2018AirPods Ultra\u2019 launching later this year sounds more likely than ever\"}]},{\"@type\":\"WebSite\",\"@id\":\"https:\\\/\\\/ubirataonline.com.br\\\/#website\",\"url\":\"https:\\\/\\\/ubirataonline.com.br\\\/\",\"name\":\"Ubirat\u00e3 Online Not\u00edcias\",\"description\":\"Not\u00edcias de Ubirat\u00e3, regi\u00e3o, Brasil e mundo, com informa\u00e7\u00e3o atualizada e compromisso com o leitor.\",\"publisher\":{\"@id\":\"https:\\\/\\\/ubirataonline.com.br\\\/#organization\"},\"alternateName\":\"Ubirat\u00e3 Online\",\"potentialAction\":[{\"@type\":\"SearchAction\",\"target\":{\"@type\":\"EntryPoint\",\"urlTemplate\":\"https:\\\/\\\/ubirataonline.com.br\\\/?s={search_term_string}\"},\"query-input\":{\"@type\":\"PropertyValueSpecification\",\"valueRequired\":true,\"valueName\":\"search_term_string\"}}],\"inLanguage\":\"en-US\"},{\"@type\":[\"Organization\",\"Place\"],\"@id\":\"https:\\\/\\\/ubirataonline.com.br\\\/#organization\",\"name\":\"Ubirat\u00e3 Online Not\u00edcias\",\"alternateName\":\"Ubirat\u00e3 Online\",\"url\":\"https:\\\/\\\/ubirataonline.com.br\\\/\",\"logo\":{\"@id\":\"https:\\\/\\\/ubirataonline.com.br\\\/airpods-ultra-launching-later-this-year-sounds-more-likely-than-ever\\\/#local-main-organization-logo\"},\"image\":{\"@id\":\"https:\\\/\\\/ubirataonline.com.br\\\/airpods-ultra-launching-later-this-year-sounds-more-likely-than-ever\\\/#local-main-organization-logo\"},\"sameAs\":[\"https:\\\/\\\/www.facebook.com\\\/portalubirataonline\",\"https:\\\/\\\/x.com\\\/ubirataonline\",\"https:\\\/\\\/mastodon.social\\\/@ubirataonline\",\"https:\\\/\\\/www.facebook.com\\\/groups\\\/311144672285604\",\"https:\\\/\\\/www.facebook.com\\\/UBTAOnline\",\"https:\\\/\\\/www.instagram.com\\\/portalubirataonline\\\/\",\"https:\\\/\\\/twitter.com\\\/ubirataonline\"],\"description\":\"Somos um portal de not\u00edcias independente, criado em 5 de janeiro de 2009, com o objetivo de informar, conectar e valorizar a nossa comunidade de Ubirat\u00e3 e toda aregi\u00e3o. Com conte\u00fado atualizado, confi\u00e1vel e relevante, o Ubirat\u00e3 Online \u00e9 o seu espa\u00e7o para ficar por dentro dos principais acontecimentos locais, regionais, Brasil, Mundo e de interesse geral. Nosso compromisso \u00e9 com a verdade, a transpar\u00eancia e o respeito ao leitor.\",\"legalName\":\"UBIRATA ONLINE NOT\u00cdCIAS\",\"foundingDate\":\"2009-01-05\",\"numberOfEmployees\":{\"@type\":\"QuantitativeValue\",\"minValue\":\"1\",\"maxValue\":\"10\"},\"publishingPrinciples\":\"https:\\\/\\\/ubirataonline.com.br\\\/faq\\\/\",\"address\":{\"@id\":\"https:\\\/\\\/ubirataonline.com.br\\\/airpods-ultra-launching-later-this-year-sounds-more-likely-than-ever\\\/#local-main-place-address\"},\"geo\":{\"@type\":\"GeoCoordinates\",\"latitude\":\"-24.5361401\",\"longitude\":\"-52.9921776\"},\"telephone\":[\"+5544998308235\"],\"contactPoint\":{\"@type\":\"ContactPoint\",\"email\":\"contato@ubirataonline.com.br\"},\"openingHoursSpecification\":{\"@type\":\"OpeningHoursSpecification\",\"dayOfWeek\":[\"Monday\",\"Tuesday\",\"Wednesday\",\"Thursday\",\"Friday\",\"Saturday\",\"Sunday\"],\"opens\":\"00:00\",\"closes\":\"23:59\"},\"email\":\"contato@ubirataonline.com.br\",\"vatID\":\"47.621.418\\\/0001-80\"},{\"@type\":\"Person\",\"@id\":\"https:\\\/\\\/ubirataonline.com.br\\\/#\\\/schema\\\/person\\\/372f87bbd3fdd79b8556b84c98d0bc1c\",\"name\":\"REDA\u00c7\u00c3O: UBIRAT\u00c3 ONLINE - F\u00c1BIO AUGUSTO CELESTINO\",\"pronouns\":\"Ele\",\"description\":\"Desde 2003 trabalhando com not\u00edcias.\",\"sameAs\":[\"http:\\\/\\\/ubirataoline.com.br\",\"https:\\\/\\\/www.facebook.com\\\/portalubirataonline\",\"https:\\\/\\\/www.instagram.com\\\/ubirataonline_oficial\",\"https:\\\/\\\/x.com\\\/x.com\\\/ubirataonline\"],\"honorificPrefix\":\"Mr.\",\"honorificSuffix\":\"MD\",\"birthDate\":\"1980-06-16\",\"gender\":\"masculino\",\"award\":[\"V\u00e1rios pr\u00eamios de melhor portal da cidade\"],\"jobTitle\":\"Diretor\",\"url\":\"https:\\\/\\\/ubirataonline.com.br\\\/en\\\/author\\\/ubirataonline\\\/\"},{\"@type\":\"PostalAddress\",\"@id\":\"https:\\\/\\\/ubirataonline.com.br\\\/airpods-ultra-launching-later-this-year-sounds-more-likely-than-ever\\\/#local-main-place-address\",\"streetAddress\":\"Rua dos Coqueiros, 104 - Bairro Boa Vista, Rua dos Coqueiros, 104 Bairro Boa Vista\",\"addressLocality\":\"UBIRATA\",\"postalCode\":\"85440-000\",\"addressRegion\":\"PR\",\"addressCountry\":\"BR\"},{\"@type\":\"ImageObject\",\"inLanguage\":\"en-US\",\"@id\":\"https:\\\/\\\/ubirataonline.com.br\\\/airpods-ultra-launching-later-this-year-sounds-more-likely-than-ever\\\/#local-main-organization-logo\",\"url\":\"https:\\\/\\\/ubirataonline.com.br\\\/wp-content\\\/uploads\\\/2026\\\/06\\\/logoubirataonline-1.webp\",\"contentUrl\":\"https:\\\/\\\/ubirataonline.com.br\\\/wp-content\\\/uploads\\\/2026\\\/06\\\/logoubirataonline-1.webp\",\"width\":500,\"height\":500,\"caption\":\"Ubirat\u00e3 Online Not\u00edcias\"}]}<\/script>\n<meta name=\"geo.placename\" content=\"UBIRATA\" \/>\n<meta name=\"geo.position\" content=\"-24.5361401;-52.9921776\" \/>\n<meta name=\"geo.region\" content=\"Brazil\" \/>\n<!-- \/ Yoast SEO Premium plugin. -->","yoast_head_json":{"title":"\u2018AirPods Ultra\u2019 launching later this year sounds more likely than ever - Ubirat\u00e3 Online Not\u00edcias - A realidade ao seu alcance!","description":"Apple has new AirPods launching later this year that we\u2019ve been referring to as a high-end AirPods Pro model, but recent reporting now makes it seem more","robots":{"index":"index","follow":"follow","max-snippet":"max-snippet:-1","max-image-preview":"max-image-preview:large","max-video-preview":"max-video-preview:-1"},"canonical":"https:\/\/ubirataonline.com.br\/en\/airpods-ultra-launching-later-this-year-sounds-more-likely-than-ever\/","og_locale":"en_US","og_type":"article","og_title":"\u2018AirPods Ultra\u2019 launching later this year sounds more likely than ever","og_description":"Apple has new AirPods launching later this year that we\u2019ve been referring to as a high-end AirPods Pro model, but recent reporting now makes it seem more","og_url":"https:\/\/ubirataonline.com.br\/en\/airpods-ultra-launching-later-this-year-sounds-more-likely-than-ever\/","og_site_name":"Ubirat\u00e3 Online Not\u00edcias - A realidade ao seu alcance!","article_publisher":"https:\/\/www.facebook.com\/portalubirataonline","article_author":"https:\/\/www.facebook.com\/portalubirataonline","article_published_time":"2026-05-02T08:11:14+00:00","article_modified_time":"2026-05-02T08:11:16+00:00","og_image":[{"width":1200,"height":628,"url":"https:\/\/ubirataonline.com.br\/wp-content\/uploads\/2026\/05\/\u2018AirPods-Ultra-launching-later-this-year-sounds-more-likely-than.jpg","type":"image\/jpeg"}],"author":"REDA\u00c7\u00c3O: UBIRAT\u00c3 ONLINE - F\u00c1BIO AUGUSTO CELESTINO","twitter_card":"summary_large_image","twitter_creator":"@x.com\/ubirataonline","twitter_site":"@ubirataonline","twitter_misc":{"Written by":"REDA\u00c7\u00c3O: UBIRAT\u00c3 ONLINE - F\u00c1BIO AUGUSTO CELESTINO","Est. reading time":"3 minutes"},"schema":{"@context":"https:\/\/schema.org","@graph":[{"@type":"NewsArticle","@id":"https:\/\/ubirataonline.com.br\/airpods-ultra-launching-later-this-year-sounds-more-likely-than-ever\/#article","isPartOf":{"@id":"https:\/\/ubirataonline.com.br\/airpods-ultra-launching-later-this-year-sounds-more-likely-than-ever\/"},"author":{"name":"REDA\u00c7\u00c3O: UBIRAT\u00c3 ONLINE - F\u00c1BIO AUGUSTO CELESTINO","@id":"https:\/\/ubirataonline.com.br\/#\/schema\/person\/372f87bbd3fdd79b8556b84c98d0bc1c"},"headline":"\u2018AirPods Ultra\u2019 launching later this year sounds more likely than ever","datePublished":"2026-05-02T08:11:14+00:00","dateModified":"2026-05-02T08:11:16+00:00","mainEntityOfPage":{"@id":"https:\/\/ubirataonline.com.br\/airpods-ultra-launching-later-this-year-sounds-more-likely-than-ever\/"},"wordCount":544,"publisher":{"@id":"https:\/\/ubirataonline.com.br\/#organization"},"image":{"@id":"https:\/\/ubirataonline.com.br\/airpods-ultra-launching-later-this-year-sounds-more-likely-than-ever\/#primaryimage"},"thumbnailUrl":"https:\/\/ubirataonline.com.br\/wp-content\/uploads\/2026\/05\/\u2018AirPods-Ultra-launching-later-this-year-sounds-more-likely-than.jpg","keywords":["AirPods","launching","sounds","Ultra","Year"],"articleSection":["Europe"],"inLanguage":"en-US","copyrightYear":"2026","copyrightHolder":{"@id":"https:\/\/ubirataonline.com.br\/en\/#organization"}},{"@type":"WebPage","@id":"https:\/\/ubirataonline.com.br\/airpods-ultra-launching-later-this-year-sounds-more-likely-than-ever\/","url":"https:\/\/ubirataonline.com.br\/airpods-ultra-launching-later-this-year-sounds-more-likely-than-ever\/","name":"\u2018AirPods Ultra\u2019 launching later this year sounds more likely than ever - Ubirat\u00e3 Online Not\u00edcias - A realidade ao seu alcance!","isPartOf":{"@id":"https:\/\/ubirataonline.com.br\/#website"},"primaryImageOfPage":{"@id":"https:\/\/ubirataonline.com.br\/airpods-ultra-launching-later-this-year-sounds-more-likely-than-ever\/#primaryimage"},"image":{"@id":"https:\/\/ubirataonline.com.br\/airpods-ultra-launching-later-this-year-sounds-more-likely-than-ever\/#primaryimage"},"thumbnailUrl":"https:\/\/ubirataonline.com.br\/wp-content\/uploads\/2026\/05\/\u2018AirPods-Ultra-launching-later-this-year-sounds-more-likely-than.jpg","datePublished":"2026-05-02T08:11:14+00:00","dateModified":"2026-05-02T08:11:16+00:00","description":"Apple has new AirPods launching later this year that we\u2019ve been referring to as a high-end AirPods Pro model, but recent reporting now makes it seem more","breadcrumb":{"@id":"https:\/\/ubirataonline.com.br\/airpods-ultra-launching-later-this-year-sounds-more-likely-than-ever\/#breadcrumb"},"inLanguage":"en-US","potentialAction":[{"@type":"ReadAction","target":["https:\/\/ubirataonline.com.br\/airpods-ultra-launching-later-this-year-sounds-more-likely-than-ever\/"]}]},{"@type":"ImageObject","inLanguage":"en-US","@id":"https:\/\/ubirataonline.com.br\/airpods-ultra-launching-later-this-year-sounds-more-likely-than-ever\/#primaryimage","url":"https:\/\/ubirataonline.com.br\/wp-content\/uploads\/2026\/05\/\u2018AirPods-Ultra-launching-later-this-year-sounds-more-likely-than.jpg","contentUrl":"https:\/\/ubirataonline.com.br\/wp-content\/uploads\/2026\/05\/\u2018AirPods-Ultra-launching-later-this-year-sounds-more-likely-than.jpg","width":1200,"height":628,"caption":"\u2018AirPods Ultra\u2019 launching later this year sounds more likely than ever"},{"@type":"BreadcrumbList","@id":"https:\/\/ubirataonline.com.br\/airpods-ultra-launching-later-this-year-sounds-more-likely-than-ever\/#breadcrumb","itemListElement":[{"@type":"ListItem","position":1,"name":"In\u00edcio","item":"https:\/\/ubirataonline.com.br\/"},{"@type":"ListItem","position":2,"name":"\u2018AirPods Ultra\u2019 launching later this year sounds more likely than ever"}]},{"@type":"WebSite","@id":"https:\/\/ubirataonline.com.br\/#website","url":"https:\/\/ubirataonline.com.br\/","name":"Ubirat\u00e3 Online Not\u00edcias","description":"Not\u00edcias de Ubirat\u00e3, regi\u00e3o, Brasil e mundo, com informa\u00e7\u00e3o atualizada e compromisso com o leitor.","publisher":{"@id":"https:\/\/ubirataonline.com.br\/#organization"},"alternateName":"Ubirat\u00e3 Online","potentialAction":[{"@type":"SearchAction","target":{"@type":"EntryPoint","urlTemplate":"https:\/\/ubirataonline.com.br\/?s={search_term_string}"},"query-input":{"@type":"PropertyValueSpecification","valueRequired":true,"valueName":"search_term_string"}}],"inLanguage":"en-US"},{"@type":["Organization","Place"],"@id":"https:\/\/ubirataonline.com.br\/#organization","name":"Ubirat\u00e3 Online Not\u00edcias","alternateName":"Ubirat\u00e3 Online","url":"https:\/\/ubirataonline.com.br\/","logo":{"@id":"https:\/\/ubirataonline.com.br\/airpods-ultra-launching-later-this-year-sounds-more-likely-than-ever\/#local-main-organization-logo"},"image":{"@id":"https:\/\/ubirataonline.com.br\/airpods-ultra-launching-later-this-year-sounds-more-likely-than-ever\/#local-main-organization-logo"},"sameAs":["https:\/\/www.facebook.com\/portalubirataonline","https:\/\/x.com\/ubirataonline","https:\/\/mastodon.social\/@ubirataonline","https:\/\/www.facebook.com\/groups\/311144672285604","https:\/\/www.facebook.com\/UBTAOnline","https:\/\/www.instagram.com\/portalubirataonline\/","https:\/\/twitter.com\/ubirataonline"],"description":"Somos um portal de not\u00edcias independente, criado em 5 de janeiro de 2009, com o objetivo de informar, conectar e valorizar a nossa comunidade de Ubirat\u00e3 e toda aregi\u00e3o. Com conte\u00fado atualizado, confi\u00e1vel e relevante, o Ubirat\u00e3 Online \u00e9 o seu espa\u00e7o para ficar por dentro dos principais acontecimentos locais, regionais, Brasil, Mundo e de interesse geral. Nosso compromisso \u00e9 com a verdade, a transpar\u00eancia e o respeito ao leitor.","legalName":"UBIRATA ONLINE NOT\u00cdCIAS","foundingDate":"2009-01-05","numberOfEmployees":{"@type":"QuantitativeValue","minValue":"1","maxValue":"10"},"publishingPrinciples":"https:\/\/ubirataonline.com.br\/faq\/","address":{"@id":"https:\/\/ubirataonline.com.br\/airpods-ultra-launching-later-this-year-sounds-more-likely-than-ever\/#local-main-place-address"},"geo":{"@type":"GeoCoordinates","latitude":"-24.5361401","longitude":"-52.9921776"},"telephone":["+5544998308235"],"contactPoint":{"@type":"ContactPoint","email":"contato@ubirataonline.com.br"},"openingHoursSpecification":{"@type":"OpeningHoursSpecification","dayOfWeek":["Monday","Tuesday","Wednesday","Thursday","Friday","Saturday","Sunday"],"opens":"00:00","closes":"23:59"},"email":"contato@ubirataonline.com.br","vatID":"47.621.418\/0001-80"},{"@type":"Person","@id":"https:\/\/ubirataonline.com.br\/#\/schema\/person\/372f87bbd3fdd79b8556b84c98d0bc1c","name":"REDA\u00c7\u00c3O: UBIRAT\u00c3 ONLINE - F\u00c1BIO AUGUSTO CELESTINO","pronouns":"Ele","description":"Desde 2003 trabalhando com not\u00edcias.","sameAs":["http:\/\/ubirataoline.com.br","https:\/\/www.facebook.com\/portalubirataonline","https:\/\/www.instagram.com\/ubirataonline_oficial","https:\/\/x.com\/x.com\/ubirataonline"],"honorificPrefix":"Mr.","honorificSuffix":"MD","birthDate":"1980-06-16","gender":"masculino","award":["V\u00e1rios pr\u00eamios de melhor portal da cidade"],"jobTitle":"Diretor","url":"https:\/\/ubirataonline.com.br\/en\/author\/ubirataonline\/"},{"@type":"PostalAddress","@id":"https:\/\/ubirataonline.com.br\/airpods-ultra-launching-later-this-year-sounds-more-likely-than-ever\/#local-main-place-address","streetAddress":"Rua dos Coqueiros, 104 - Bairro Boa Vista, Rua dos Coqueiros, 104 Bairro Boa Vista","addressLocality":"UBIRATA","postalCode":"85440-000","addressRegion":"PR","addressCountry":"BR"},{"@type":"ImageObject","inLanguage":"en-US","@id":"https:\/\/ubirataonline.com.br\/airpods-ultra-launching-later-this-year-sounds-more-likely-than-ever\/#local-main-organization-logo","url":"https:\/\/ubirataonline.com.br\/wp-content\/uploads\/2026\/06\/logoubirataonline-1.webp","contentUrl":"https:\/\/ubirataonline.com.br\/wp-content\/uploads\/2026\/06\/logoubirataonline-1.webp","width":500,"height":500,"caption":"Ubirat\u00e3 Online Not\u00edcias"}]},"geo.placename":"UBIRATA","geo.position":{"lat":"-24.5361401","long":"-52.9921776"},"geo.region":"Brazil"},"_links":{"self":[{"href":"https:\/\/ubirataonline.com.br\/en\/wp-json\/wp\/v2\/posts\/121069","targetHints":{"allow":["GET"]}}],"collection":[{"href":"https:\/\/ubirataonline.com.br\/en\/wp-json\/wp\/v2\/posts"}],"about":[{"href":"https:\/\/ubirataonline.com.br\/en\/wp-json\/wp\/v2\/types\/post"}],"author":[{"embeddable":true,"href":"https:\/\/ubirataonline.com.br\/en\/wp-json\/wp\/v2\/users\/1"}],"replies":[{"embeddable":true,"href":"https:\/\/ubirataonline.com.br\/en\/wp-json\/wp\/v2\/comments?post=121069"}],"version-history":[{"count":0,"href":"https:\/\/ubirataonline.com.br\/en\/wp-json\/wp\/v2\/posts\/121069\/revisions"}],"wp:featuredmedia":[{"embeddable":true,"href":"https:\/\/ubirataonline.com.br\/en\/wp-json\/wp\/v2\/media\/121070"}],"wp:attachment":[{"href":"https:\/\/ubirataonline.com.br\/en\/wp-json\/wp\/v2\/media?parent=121069"}],"wp:term":[{"taxonomy":"category","embeddable":true,"href":"https:\/\/ubirataonline.com.br\/en\/wp-json\/wp\/v2\/categories?post=121069"},{"taxonomy":"post_tag","embeddable":true,"href":"https:\/\/ubirataonline.com.br\/en\/wp-json\/wp\/v2\/tags?post=121069"}],"curies":[{"name":"wp","href":"https:\/\/api.w.org\/{rel}","templated":true}]}}