{"id":121183,"date":"2026-05-02T08:56:11","date_gmt":"2026-05-02T11:56:11","guid":{"rendered":"https:\/\/ubirataonline.com.br\/bridget-moynahan-returns-as-erin-reagan-in-exclusive-first-look\/"},"modified":"2026-05-02T08:56:13","modified_gmt":"2026-05-02T11:56:13","slug":"bridget-moynahan-returns-as-erin-reagan-in-exclusive-first-look","status":"publish","type":"post","link":"https:\/\/ubirataonline.com.br\/en\/bridget-moynahan-returns-as-erin-reagan-in-exclusive-first-look\/","title":{"rendered":"Bridget Moynahan Returns As Erin Reagan In Exclusive First Look"},"content":{"rendered":"<p><\/p>\n<div data-article-body=\"true\">\n<p class=\"mb-4 text-lg md:leading-8 break-words\">&#8220;Boston Blue&#8221; is staging a Reagan sibling reunion \u2014 and TVLine has your exclusive first look.<\/p>\n<p class=\"mb-4 text-lg md:leading-8 break-words\">Bridget Moynahan will reunite with TV brother Donnie Wahlberg in the Friday, May 1 episode of the &#8220;Blue Bloods&#8221; spin-off, reprising her role as ADA Erin Reagan for the first time since the pilot.<\/p>\n<p class=\"mb-4 text-lg md:leading-8 break-words\">In Season 1, Episode 17, &#8220;when a captured serial killer hints at the whereabouts of a missing child, Danny teams up with a familiar ally&#8221; \u2014 you guessed it, Erin! \u2014 &#8220;in a tense race against time.&#8221; Meanwhile, as Rev. Peters prepares to undergo a heart operation, long\u2011kept secrets surface, forcing members of the Silver family &#8220;to confront personal truths.&#8221;<\/p>\n<p class=\"mb-4 text-lg md:leading-8 break-words\">Read more: <a data-yga=\"{\" ylinkelement=\"\" href=\"https:\/\/www.yahoo.com\/entertainment\/tv\/articles\/young-sheldon-easter-eggs-every-194500851.html\" data-ylk=\"elm:link;elmt:article_link;slk:Young Sheldon Easter Eggs: Every Big Bang Theory Cameo, Callback, And Future Reveal;itc:0;sec:content-canvas;outcm:mb_qualified_link;_E:mb_qualified_link;ct:story;\" class=\"link  yahoo-link\">Young Sheldon Easter Eggs: Every Big Bang Theory Cameo, Callback, And Future Reveal<\/a><\/p>\n<h2 class=\"mb-4 text-xl font-bold md:text-2xl\">Exclusive First Look at Bridget Moynahan&#8217;s Return<\/h2>\n<figure class=\"relative mb-4\">\n<div class=\"relative\"><button aria-label=\"View larger image\" class=\"group absolute bottom-0 size-full\" data-ylk=\"elm:expand;itc:1;sec:image-lightbox;slk:lightbox-open;\"><span class=\"absolute bottom-3 right-3 rounded-full bg-primary p-3 opacity-100 shadow-elevation-3 transition-opacity duration-300 group-hover:block group-hover:opacity-100 md:p-[17px] lg:bottom-6 lg:right-6 lg:bg-primary\/90 lg:p-5 lg:opacity-0 lg:shadow-none\"><svg xmlns=\"http:\/\/www.w3.org\/2000\/svg\" width=\"24\" height=\"24\" viewbox=\"0 0 24 24\" aria-hidden=\"true\" focusable=\"false\" class=\"flex-none size-4 -scale-x-100 text-primary lg:size-6 [&amp;_path]:fill-current\"><path fill=\"currentColor\" d=\"M3.1 3.1V11h1.8V6.314l5.392 5.393 1.415-1.414L6.313 4.9H11V3.1zm17.8 17.8V13h-1.8v4.686l-5.393-5.393-1.415 1.414 5.393 5.393H13v1.8z\"\/><\/svg><\/span><\/button><dialog aria-label=\"Modal Dialog\" aria-modal=\"true\" class=\"fixed bottom-0 left-0 right-0 top-0 z-4 size-full max-h-none max-w-none bg-primary hidden\"\/><\/div><figcaption class=\"relative text-sm mt-1 pr-2.5\">\n<p>Erin and Danny Reagan &#8211; CBS<\/p>\n<\/figcaption><\/figure>\n<p class=\"mb-4 text-lg md:leading-8 break-words\">&#8220;Boston Blue&#8221; audiences last saw Erin in the October 17 premiere, when Erin showed up in Boston to check in on her brother and his comatose son Sean. As for why she was the right Reagan to pay Danny a visit in the pilot, series co-creator Brandon Margolis <a data-yga=\"{\" ylinkelement=\"\" href=\"https:\/\/www.yahoo.com\/entertainment\/tv\/articles\/boston-blue-bosses-talk-danny-025900610.html\" data-ylk=\"elm:link;elmt:article_link;slk:previously told TVLine;itc:0;sec:content-canvas;outcm:mb_qualified_link;_E:mb_qualified_link;ct:story;\" class=\"link  yahoo-link\">previously told TVLine<\/a>, &#8220;A lot of what we loved about Erin is that she was always trying to take care of Danny, even when he was too stubborn to see it&#8230;. She&#8217;d walk into that hospital room, clean it up a bit, and dare him to be mad at her. That&#8217;s just who she is \u2014 and Bridget was awesome to come play with us.&#8221;<\/p>\n<p class=\"mb-4 text-lg md:leading-8 break-words\">That has been followed by appearances from Len Cariou (who guest-starred as Reagan family patriarch Henry in <a data-yga=\"{\" ylinkelement=\"\" href=\"https:\/\/www.yahoo.com\/entertainment\/tv\/articles\/boston-blue-welcomes-blue-bloods-025900424.html\" data-ylk=\"elm:link;elmt:article_link;slk:Episode 13;itc:0;sec:content-canvas;outcm:mb_qualified_link;_E:mb_qualified_link;ct:story;\" class=\"link  yahoo-link\">Episode 13<\/a>), and Marisa Ramirez, who has thus far appeared in four episodes \u2014 most recently in <a data-yga=\"{\" ylinkelement=\"\" href=\"https:\/\/www.yahoo.com\/entertainment\/tv\/articles\/boston-blue-brings-back-baez-025900291.html\" data-ylk=\"elm:link;elmt:article_link;slk:Episode 15;itc:0;sec:content-canvas;outcm:mb_qualified_link;_E:mb_qualified_link;ct:story;\" class=\"link  yahoo-link\">Episode 15<\/a>, when Danny and Baez broke up. But during a recent appearance at CBS Fest, Wahlberg confirmed to <a data-yga=\"{\" ylinkelement=\"\" href=\"https:\/\/parade.com\/tv\/donnie-wahlberg-teases-sad-twist-on-boston-blue-tonight-baez-erin\" rel=\"nofollow noopener\" target=\"_blank\" data-ylk=\"elm:link;elmt:article_link;slk:Parade;itc:0;sec:content-canvas\" class=\"link \">Parade<\/a> that Ramirez will indeed return as Maria in the May 22 season finale \u2014 with the door left open for Danny&#8217;s former partner to return in Season 2 this fall.<\/p>\n<h2 class=\"mb-4 text-xl font-bold md:text-2xl\">More About Boston Blue<\/h2>\n<figure class=\"relative mb-4\">\n<div class=\"relative\"><img alt=\"Erin and Danny Reagan\" loading=\"lazy\" width=\"780\" height=\"438\" decoding=\"async\" data-nimg=\"1\" class=\"rounded-lg\" style=\"color:transparent\" src=\"https:\/\/s.yimg.com\/ny\/api\/res\/1.2\/pxdRGcAe54wwa9u5al4DsA--\/YXBwaWQ9aGlnaGxhbmRlcjt3PTk2MDtoPTUzOTtjZj13ZWJw\/https:\/\/media.zenfs.com\/en\/tvline.com\/993bcba97c0cc3c389ee64487a0d777e\"\/><button aria-label=\"View larger image\" class=\"group absolute bottom-0 size-full\" data-ylk=\"elm:expand;itc:1;sec:image-lightbox;slk:lightbox-open;\"><span class=\"absolute bottom-3 right-3 rounded-full bg-primary p-3 opacity-100 shadow-elevation-3 transition-opacity duration-300 group-hover:block group-hover:opacity-100 md:p-[17px] lg:bottom-6 lg:right-6 lg:bg-primary\/90 lg:p-5 lg:opacity-0 lg:shadow-none\"><svg xmlns=\"http:\/\/www.w3.org\/2000\/svg\" width=\"24\" height=\"24\" viewbox=\"0 0 24 24\" aria-hidden=\"true\" focusable=\"false\" class=\"flex-none size-4 -scale-x-100 text-primary lg:size-6 [&amp;_path]:fill-current\"><path fill=\"currentColor\" d=\"M3.1 3.1V11h1.8V6.314l5.392 5.393 1.415-1.414L6.313 4.9H11V3.1zm17.8 17.8V13h-1.8v4.686l-5.393-5.393-1.415 1.414 5.393 5.393H13v1.8z\"\/><\/svg><\/span><\/button><dialog aria-label=\"Modal Dialog\" aria-modal=\"true\" class=\"fixed bottom-0 left-0 right-0 top-0 z-4 size-full max-h-none max-w-none bg-primary hidden\"\/><\/div><figcaption class=\"relative text-sm mt-1 pr-2.5\">\n<p>Erin and Danny Reagan &#8211; CBS<\/p>\n<\/figcaption><\/figure>\n<p class=\"mb-4 text-lg md:leading-8 break-words\">&#8220;Boston Blue,&#8221; which premiered October 17, 2025, stars Donnie Wahlberg reprising his &#8220;Blue Bloods&#8221; role as NYPD Detective Danny Reagan. This time around, he&#8217;s taken a position with the Boston Police Department to be closer to his son, rookie patrol officer Sean (now played by Mika Amonsen).<\/p>\n<p class=\"mb-4 text-lg md:leading-8 break-words\">There, Danny is paired with Detective Lena Silver (Sonequa Martin-Green), the eldest daughter of a prominent law enforcement family \u2014 one that includes Boston District Attorney Mae Silver (Gloria Reuben), Police Superintendent Sarah Silver (Maggie Lawson), Sean&#8217;s partner Jonah Silver (Marcus Scribner), and Mae&#8217;s father, Baptist pastor Reverend Edwin Peters (Ernie Hudson).<\/p>\n<p class=\"mb-4 text-lg md:leading-8 break-words\">On December 3, 2025, &#8220;Boston Blue&#8221; was <a data-yga=\"{\" ylinkelement=\"\" href=\"https:\/\/www.yahoo.com\/entertainment\/tv\/articles\/boston-blue-sheriff-country-renewed-203000045.html\" data-ylk=\"elm:link;elmt:article_link;slk:renewed for Season 2;itc:0;sec:content-canvas;outcm:mb_qualified_link;_E:mb_qualified_link;ct:story;\" class=\"link  yahoo-link\">renewed for Season 2<\/a>. New Season 1 episodes continue to air Fridays at 10 p.m. on CBS (and stream on Paramount+) through May 22.<\/p>\n<p class=\"mb-4 text-lg md:leading-8 break-words\">Enjoyed this article? <a data-yga=\"{\" ylinkelement=\"\" href=\"https:\/\/subscribe.tvline.com\/newsletter-syndicated?utm_source=yahoo&amp;utm_medium=tvline-NL-feed\" rel=\"nofollow noopener\" target=\"_blank\" data-ylk=\"elm:link;elmt:article_link;slk:Sign up to TVLine's free newsletter;itc:0;sec:content-canvas\" class=\"link \">Sign up to TVLine&#8217;s free newsletter<\/a>, and <a data-yga=\"{\" ylinkelement=\"\" href=\"https:\/\/www.google.com\/preferences\/source?q=tvline.com\" rel=\"nofollow noopener\" target=\"_blank\" data-ylk=\"elm:link;elmt:article_link;slk:add us as a preferred search source;itc:0;sec:content-canvas\" class=\"link \">add us as a preferred search source<\/a> for the latest in TV, streaming and movie news.<\/p>\n<p class=\"mb-4 text-lg md:leading-8 break-words\">Read the <a data-yga=\"{\" ylinkelement=\"\" href=\"https:\/\/www.tvline.com\/2161471\/boston-blue-erin-reagan-bridget-moynahan-season-1-episode-17-photo\/?zsource=yahoo\" rel=\"nofollow noopener\" target=\"_blank\" data-ylk=\"elm:link;elmt:article_link;slk:original article on TVLine;itc:0;sec:content-canvas\" class=\"link \">original article on TVLine<\/a>.<\/p>\n<\/div>\n<p><a href=\"https:\/\/www.yahoo.com\/entertainment\/tv\/articles\/boston-blue-bridget-moynahan-returns-190857671.html\">Source link <\/a><\/p>\n","protected":false},"excerpt":{"rendered":"<p>&#8220;Boston Blue&#8221; is staging a Reagan sibling reunion \u2014 and TVLine has your exclusive first look. Bridget Moynahan will reunite with TV brother Donnie Wahlberg in the Friday, May 1 episode of the &#8220;Blue Bloods&#8221; spin-off, reprising her role as ADA Erin Reagan for the first time since the pilot. In Season 1, Episode 17, [&hellip;]<\/p>\n","protected":false},"author":1,"featured_media":121184,"comment_status":"closed","ping_status":"","sticky":false,"template":"","format":"standard","meta":{"googlesitekit_rrm_CAow2JLhCw:productID":"","_gspb_post_css":"","maa_idioma":"","maa_pais":"","footnotes":""},"categories":[1],"tags":[32946,26330,3766,32947,31154,7634],"class_list":["post-121183","post","type-post","status-publish","format-standard","has-post-thumbnail","hentry","category-ubirata","tag-bridget","tag-erin","tag-exclusive","tag-moynahan","tag-reagan","tag-returns"],"blocksy_meta":[],"yoast_head":"<!-- This site is optimized with the Yoast SEO Premium plugin v27.6 (Yoast SEO v27.6) - https:\/\/yoast.com\/product\/yoast-seo-premium-wordpress\/ -->\n<title>Bridget Moynahan Returns As Erin Reagan In Exclusive First Look - Ubirat\u00e3 Online Not\u00edcias - A realidade ao seu alcance!<\/title>\n<meta name=\"description\" content=\"&quot;Boston Blue&quot; is staging a Reagan sibling reunion \u2014 and TVLine has your exclusive first look.Bridget Moynahan will reunite with TV brother Donnie Wahlberg\" \/>\n<meta name=\"robots\" content=\"index, follow, max-snippet:-1, max-image-preview:large, max-video-preview:-1\" \/>\n<link rel=\"canonical\" href=\"https:\/\/ubirataonline.com.br\/en\/bridget-moynahan-returns-as-erin-reagan-in-exclusive-first-look\/\" \/>\n<meta property=\"og:locale\" content=\"en_US\" \/>\n<meta property=\"og:type\" content=\"article\" \/>\n<meta property=\"og:title\" content=\"Bridget Moynahan Returns As Erin Reagan In Exclusive First Look\" \/>\n<meta property=\"og:description\" content=\"&quot;Boston Blue&quot; is staging a Reagan sibling reunion \u2014 and TVLine has your exclusive first look.Bridget Moynahan will reunite with TV brother Donnie Wahlberg\" \/>\n<meta property=\"og:url\" content=\"https:\/\/ubirataonline.com.br\/en\/bridget-moynahan-returns-as-erin-reagan-in-exclusive-first-look\/\" \/>\n<meta property=\"og:site_name\" content=\"Ubirat\u00e3 Online Not\u00edcias - A realidade ao seu alcance!\" \/>\n<meta property=\"article:publisher\" content=\"https:\/\/www.facebook.com\/portalubirataonline\" \/>\n<meta property=\"article:author\" content=\"https:\/\/www.facebook.com\/portalubirataonline\" \/>\n<meta property=\"article:published_time\" content=\"2026-05-02T11:56:11+00:00\" \/>\n<meta property=\"article:modified_time\" content=\"2026-05-02T11:56:13+00:00\" \/>\n<meta property=\"og:image\" content=\"https:\/\/ubirataonline.com.br\/wp-content\/uploads\/2026\/05\/Bridget-Moynahan-Returns-As-Erin-Reagan-In-Exclusive-First-Look.jpeg\" \/>\n\t<meta property=\"og:image:width\" content=\"1200\" \/>\n\t<meta property=\"og:image:height\" content=\"673\" \/>\n\t<meta property=\"og:image:type\" content=\"image\/jpeg\" \/>\n<meta name=\"author\" content=\"REDA\u00c7\u00c3O: UBIRAT\u00c3 ONLINE - F\u00c1BIO AUGUSTO CELESTINO\" \/>\n<meta name=\"twitter:card\" content=\"summary_large_image\" \/>\n<meta name=\"twitter:creator\" content=\"@x.com\/ubirataonline\" \/>\n<meta name=\"twitter:site\" content=\"@ubirataonline\" \/>\n<meta name=\"twitter:label1\" content=\"Written by\" \/>\n\t<meta name=\"twitter:data1\" content=\"REDA\u00c7\u00c3O: UBIRAT\u00c3 ONLINE - F\u00c1BIO AUGUSTO CELESTINO\" \/>\n\t<meta name=\"twitter:label2\" content=\"Est. reading time\" \/>\n\t<meta name=\"twitter:data2\" content=\"2 minutes\" \/>\n<script type=\"application\/ld+json\" class=\"yoast-schema-graph\">{\"@context\":\"https:\\\/\\\/schema.org\",\"@graph\":[{\"@type\":\"NewsArticle\",\"@id\":\"https:\\\/\\\/ubirataonline.com.br\\\/bridget-moynahan-returns-as-erin-reagan-in-exclusive-first-look\\\/#article\",\"isPartOf\":{\"@id\":\"https:\\\/\\\/ubirataonline.com.br\\\/bridget-moynahan-returns-as-erin-reagan-in-exclusive-first-look\\\/\"},\"author\":{\"name\":\"REDA\u00c7\u00c3O: UBIRAT\u00c3 ONLINE - F\u00c1BIO AUGUSTO CELESTINO\",\"@id\":\"https:\\\/\\\/ubirataonline.com.br\\\/#\\\/schema\\\/person\\\/372f87bbd3fdd79b8556b84c98d0bc1c\"},\"headline\":\"Bridget Moynahan Returns As Erin Reagan In Exclusive First Look\",\"datePublished\":\"2026-05-02T11:56:11+00:00\",\"dateModified\":\"2026-05-02T11:56:13+00:00\",\"mainEntityOfPage\":{\"@id\":\"https:\\\/\\\/ubirataonline.com.br\\\/bridget-moynahan-returns-as-erin-reagan-in-exclusive-first-look\\\/\"},\"wordCount\":506,\"publisher\":{\"@id\":\"https:\\\/\\\/ubirataonline.com.br\\\/#organization\"},\"image\":{\"@id\":\"https:\\\/\\\/ubirataonline.com.br\\\/bridget-moynahan-returns-as-erin-reagan-in-exclusive-first-look\\\/#primaryimage\"},\"thumbnailUrl\":\"https:\\\/\\\/ubirataonline.com.br\\\/wp-content\\\/uploads\\\/2026\\\/05\\\/Bridget-Moynahan-Returns-As-Erin-Reagan-In-Exclusive-First-Look.jpeg\",\"keywords\":[\"Bridget\",\"Erin\",\"Exclusive\",\"Moynahan\",\"Reagan\",\"returns\"],\"articleSection\":[\"Ubirat\u00e3\"],\"inLanguage\":\"en-US\",\"copyrightYear\":\"2026\",\"copyrightHolder\":{\"@id\":\"https:\\\/\\\/ubirataonline.com.br\\\/en\\\/#organization\"}},{\"@type\":\"WebPage\",\"@id\":\"https:\\\/\\\/ubirataonline.com.br\\\/bridget-moynahan-returns-as-erin-reagan-in-exclusive-first-look\\\/\",\"url\":\"https:\\\/\\\/ubirataonline.com.br\\\/bridget-moynahan-returns-as-erin-reagan-in-exclusive-first-look\\\/\",\"name\":\"Bridget Moynahan Returns As Erin Reagan In Exclusive First Look - Ubirat\u00e3 Online Not\u00edcias - A realidade ao seu alcance!\",\"isPartOf\":{\"@id\":\"https:\\\/\\\/ubirataonline.com.br\\\/#website\"},\"primaryImageOfPage\":{\"@id\":\"https:\\\/\\\/ubirataonline.com.br\\\/bridget-moynahan-returns-as-erin-reagan-in-exclusive-first-look\\\/#primaryimage\"},\"image\":{\"@id\":\"https:\\\/\\\/ubirataonline.com.br\\\/bridget-moynahan-returns-as-erin-reagan-in-exclusive-first-look\\\/#primaryimage\"},\"thumbnailUrl\":\"https:\\\/\\\/ubirataonline.com.br\\\/wp-content\\\/uploads\\\/2026\\\/05\\\/Bridget-Moynahan-Returns-As-Erin-Reagan-In-Exclusive-First-Look.jpeg\",\"datePublished\":\"2026-05-02T11:56:11+00:00\",\"dateModified\":\"2026-05-02T11:56:13+00:00\",\"description\":\"\\\"Boston Blue\\\" is staging a Reagan sibling reunion \u2014 and TVLine has your exclusive first look.Bridget Moynahan will reunite with TV brother Donnie Wahlberg\",\"breadcrumb\":{\"@id\":\"https:\\\/\\\/ubirataonline.com.br\\\/bridget-moynahan-returns-as-erin-reagan-in-exclusive-first-look\\\/#breadcrumb\"},\"inLanguage\":\"en-US\",\"potentialAction\":[{\"@type\":\"ReadAction\",\"target\":[\"https:\\\/\\\/ubirataonline.com.br\\\/bridget-moynahan-returns-as-erin-reagan-in-exclusive-first-look\\\/\"]}]},{\"@type\":\"ImageObject\",\"inLanguage\":\"en-US\",\"@id\":\"https:\\\/\\\/ubirataonline.com.br\\\/bridget-moynahan-returns-as-erin-reagan-in-exclusive-first-look\\\/#primaryimage\",\"url\":\"https:\\\/\\\/ubirataonline.com.br\\\/wp-content\\\/uploads\\\/2026\\\/05\\\/Bridget-Moynahan-Returns-As-Erin-Reagan-In-Exclusive-First-Look.jpeg\",\"contentUrl\":\"https:\\\/\\\/ubirataonline.com.br\\\/wp-content\\\/uploads\\\/2026\\\/05\\\/Bridget-Moynahan-Returns-As-Erin-Reagan-In-Exclusive-First-Look.jpeg\",\"width\":1200,\"height\":673,\"caption\":\"Erin and Danny Reagan - CBS\"},{\"@type\":\"BreadcrumbList\",\"@id\":\"https:\\\/\\\/ubirataonline.com.br\\\/bridget-moynahan-returns-as-erin-reagan-in-exclusive-first-look\\\/#breadcrumb\",\"itemListElement\":[{\"@type\":\"ListItem\",\"position\":1,\"name\":\"In\u00edcio\",\"item\":\"https:\\\/\\\/ubirataonline.com.br\\\/\"},{\"@type\":\"ListItem\",\"position\":2,\"name\":\"Bridget Moynahan Returns As Erin Reagan In Exclusive First Look\"}]},{\"@type\":\"WebSite\",\"@id\":\"https:\\\/\\\/ubirataonline.com.br\\\/#website\",\"url\":\"https:\\\/\\\/ubirataonline.com.br\\\/\",\"name\":\"Ubirat\u00e3 Online Not\u00edcias\",\"description\":\"Not\u00edcias de Ubirat\u00e3, regi\u00e3o, Brasil e mundo, com informa\u00e7\u00e3o atualizada e compromisso com o leitor.\",\"publisher\":{\"@id\":\"https:\\\/\\\/ubirataonline.com.br\\\/#organization\"},\"alternateName\":\"Ubirat\u00e3 Online\",\"potentialAction\":[{\"@type\":\"SearchAction\",\"target\":{\"@type\":\"EntryPoint\",\"urlTemplate\":\"https:\\\/\\\/ubirataonline.com.br\\\/?s={search_term_string}\"},\"query-input\":{\"@type\":\"PropertyValueSpecification\",\"valueRequired\":true,\"valueName\":\"search_term_string\"}}],\"inLanguage\":\"en-US\"},{\"@type\":[\"Organization\",\"Place\"],\"@id\":\"https:\\\/\\\/ubirataonline.com.br\\\/#organization\",\"name\":\"Ubirat\u00e3 Online Not\u00edcias\",\"alternateName\":\"Ubirat\u00e3 Online\",\"url\":\"https:\\\/\\\/ubirataonline.com.br\\\/\",\"logo\":{\"@id\":\"https:\\\/\\\/ubirataonline.com.br\\\/bridget-moynahan-returns-as-erin-reagan-in-exclusive-first-look\\\/#local-main-organization-logo\"},\"image\":{\"@id\":\"https:\\\/\\\/ubirataonline.com.br\\\/bridget-moynahan-returns-as-erin-reagan-in-exclusive-first-look\\\/#local-main-organization-logo\"},\"sameAs\":[\"https:\\\/\\\/www.facebook.com\\\/portalubirataonline\",\"https:\\\/\\\/x.com\\\/ubirataonline\",\"https:\\\/\\\/mastodon.social\\\/@ubirataonline\",\"https:\\\/\\\/www.facebook.com\\\/groups\\\/311144672285604\",\"https:\\\/\\\/www.facebook.com\\\/UBTAOnline\",\"https:\\\/\\\/www.instagram.com\\\/portalubirataonline\\\/\",\"https:\\\/\\\/twitter.com\\\/ubirataonline\"],\"description\":\"Somos um portal de not\u00edcias independente, criado em 5 de janeiro de 2009, com o objetivo de informar, conectar e valorizar a nossa comunidade de Ubirat\u00e3 e toda aregi\u00e3o. Com conte\u00fado atualizado, confi\u00e1vel e relevante, o Ubirat\u00e3 Online \u00e9 o seu espa\u00e7o para ficar por dentro dos principais acontecimentos locais, regionais, Brasil, Mundo e de interesse geral. Nosso compromisso \u00e9 com a verdade, a transpar\u00eancia e o respeito ao leitor.\",\"legalName\":\"UBIRATA ONLINE NOT\u00cdCIAS\",\"foundingDate\":\"2009-01-05\",\"numberOfEmployees\":{\"@type\":\"QuantitativeValue\",\"minValue\":\"1\",\"maxValue\":\"10\"},\"publishingPrinciples\":\"https:\\\/\\\/ubirataonline.com.br\\\/faq\\\/\",\"address\":{\"@id\":\"https:\\\/\\\/ubirataonline.com.br\\\/bridget-moynahan-returns-as-erin-reagan-in-exclusive-first-look\\\/#local-main-place-address\"},\"geo\":{\"@type\":\"GeoCoordinates\",\"latitude\":\"-24.5361401\",\"longitude\":\"-52.9921776\"},\"telephone\":[\"+5544998308235\"],\"contactPoint\":{\"@type\":\"ContactPoint\",\"email\":\"contato@ubirataonline.com.br\"},\"openingHoursSpecification\":{\"@type\":\"OpeningHoursSpecification\",\"dayOfWeek\":[\"Monday\",\"Tuesday\",\"Wednesday\",\"Thursday\",\"Friday\",\"Saturday\",\"Sunday\"],\"opens\":\"00:00\",\"closes\":\"23:59\"},\"email\":\"contato@ubirataonline.com.br\",\"vatID\":\"47.621.418\\\/0001-80\"},{\"@type\":\"Person\",\"@id\":\"https:\\\/\\\/ubirataonline.com.br\\\/#\\\/schema\\\/person\\\/372f87bbd3fdd79b8556b84c98d0bc1c\",\"name\":\"REDA\u00c7\u00c3O: UBIRAT\u00c3 ONLINE - F\u00c1BIO AUGUSTO CELESTINO\",\"pronouns\":\"Ele\",\"description\":\"Desde 2003 trabalhando com not\u00edcias.\",\"sameAs\":[\"http:\\\/\\\/ubirataoline.com.br\",\"https:\\\/\\\/www.facebook.com\\\/portalubirataonline\",\"https:\\\/\\\/www.instagram.com\\\/ubirataonline_oficial\",\"https:\\\/\\\/x.com\\\/x.com\\\/ubirataonline\"],\"honorificPrefix\":\"Mr.\",\"honorificSuffix\":\"MD\",\"birthDate\":\"1980-06-16\",\"gender\":\"masculino\",\"award\":[\"V\u00e1rios pr\u00eamios de melhor portal da cidade\"],\"jobTitle\":\"Diretor\",\"url\":\"https:\\\/\\\/ubirataonline.com.br\\\/en\\\/author\\\/ubirataonline\\\/\"},{\"@type\":\"PostalAddress\",\"@id\":\"https:\\\/\\\/ubirataonline.com.br\\\/bridget-moynahan-returns-as-erin-reagan-in-exclusive-first-look\\\/#local-main-place-address\",\"streetAddress\":\"Rua dos Coqueiros, 104 - Bairro Boa Vista, Rua dos Coqueiros, 104 Bairro Boa Vista\",\"addressLocality\":\"UBIRATA\",\"postalCode\":\"85440-000\",\"addressRegion\":\"PR\",\"addressCountry\":\"BR\"},{\"@type\":\"ImageObject\",\"inLanguage\":\"en-US\",\"@id\":\"https:\\\/\\\/ubirataonline.com.br\\\/bridget-moynahan-returns-as-erin-reagan-in-exclusive-first-look\\\/#local-main-organization-logo\",\"url\":\"https:\\\/\\\/ubirataonline.com.br\\\/wp-content\\\/uploads\\\/2026\\\/06\\\/logoubirataonline-1.webp\",\"contentUrl\":\"https:\\\/\\\/ubirataonline.com.br\\\/wp-content\\\/uploads\\\/2026\\\/06\\\/logoubirataonline-1.webp\",\"width\":500,\"height\":500,\"caption\":\"Ubirat\u00e3 Online Not\u00edcias\"}]}<\/script>\n<meta name=\"geo.placename\" content=\"UBIRATA\" \/>\n<meta name=\"geo.position\" content=\"-24.5361401;-52.9921776\" \/>\n<meta name=\"geo.region\" content=\"Brazil\" \/>\n<!-- \/ Yoast SEO Premium plugin. -->","yoast_head_json":{"title":"Bridget Moynahan Returns As Erin Reagan In Exclusive First Look - Ubirat\u00e3 Online Not\u00edcias - A realidade ao seu alcance!","description":"\"Boston Blue\" is staging a Reagan sibling reunion \u2014 and TVLine has your exclusive first look.Bridget Moynahan will reunite with TV brother Donnie Wahlberg","robots":{"index":"index","follow":"follow","max-snippet":"max-snippet:-1","max-image-preview":"max-image-preview:large","max-video-preview":"max-video-preview:-1"},"canonical":"https:\/\/ubirataonline.com.br\/en\/bridget-moynahan-returns-as-erin-reagan-in-exclusive-first-look\/","og_locale":"en_US","og_type":"article","og_title":"Bridget Moynahan Returns As Erin Reagan In Exclusive First Look","og_description":"\"Boston Blue\" is staging a Reagan sibling reunion \u2014 and TVLine has your exclusive first look.Bridget Moynahan will reunite with TV brother Donnie Wahlberg","og_url":"https:\/\/ubirataonline.com.br\/en\/bridget-moynahan-returns-as-erin-reagan-in-exclusive-first-look\/","og_site_name":"Ubirat\u00e3 Online Not\u00edcias - A realidade ao seu alcance!","article_publisher":"https:\/\/www.facebook.com\/portalubirataonline","article_author":"https:\/\/www.facebook.com\/portalubirataonline","article_published_time":"2026-05-02T11:56:11+00:00","article_modified_time":"2026-05-02T11:56:13+00:00","og_image":[{"width":1200,"height":673,"url":"https:\/\/ubirataonline.com.br\/wp-content\/uploads\/2026\/05\/Bridget-Moynahan-Returns-As-Erin-Reagan-In-Exclusive-First-Look.jpeg","type":"image\/jpeg"}],"author":"REDA\u00c7\u00c3O: UBIRAT\u00c3 ONLINE - F\u00c1BIO AUGUSTO CELESTINO","twitter_card":"summary_large_image","twitter_creator":"@x.com\/ubirataonline","twitter_site":"@ubirataonline","twitter_misc":{"Written by":"REDA\u00c7\u00c3O: UBIRAT\u00c3 ONLINE - F\u00c1BIO AUGUSTO CELESTINO","Est. reading time":"2 minutes"},"schema":{"@context":"https:\/\/schema.org","@graph":[{"@type":"NewsArticle","@id":"https:\/\/ubirataonline.com.br\/bridget-moynahan-returns-as-erin-reagan-in-exclusive-first-look\/#article","isPartOf":{"@id":"https:\/\/ubirataonline.com.br\/bridget-moynahan-returns-as-erin-reagan-in-exclusive-first-look\/"},"author":{"name":"REDA\u00c7\u00c3O: UBIRAT\u00c3 ONLINE - F\u00c1BIO AUGUSTO CELESTINO","@id":"https:\/\/ubirataonline.com.br\/#\/schema\/person\/372f87bbd3fdd79b8556b84c98d0bc1c"},"headline":"Bridget Moynahan Returns As Erin Reagan In Exclusive First Look","datePublished":"2026-05-02T11:56:11+00:00","dateModified":"2026-05-02T11:56:13+00:00","mainEntityOfPage":{"@id":"https:\/\/ubirataonline.com.br\/bridget-moynahan-returns-as-erin-reagan-in-exclusive-first-look\/"},"wordCount":506,"publisher":{"@id":"https:\/\/ubirataonline.com.br\/#organization"},"image":{"@id":"https:\/\/ubirataonline.com.br\/bridget-moynahan-returns-as-erin-reagan-in-exclusive-first-look\/#primaryimage"},"thumbnailUrl":"https:\/\/ubirataonline.com.br\/wp-content\/uploads\/2026\/05\/Bridget-Moynahan-Returns-As-Erin-Reagan-In-Exclusive-First-Look.jpeg","keywords":["Bridget","Erin","Exclusive","Moynahan","Reagan","returns"],"articleSection":["Ubirat\u00e3"],"inLanguage":"en-US","copyrightYear":"2026","copyrightHolder":{"@id":"https:\/\/ubirataonline.com.br\/en\/#organization"}},{"@type":"WebPage","@id":"https:\/\/ubirataonline.com.br\/bridget-moynahan-returns-as-erin-reagan-in-exclusive-first-look\/","url":"https:\/\/ubirataonline.com.br\/bridget-moynahan-returns-as-erin-reagan-in-exclusive-first-look\/","name":"Bridget Moynahan Returns As Erin Reagan In Exclusive First Look - Ubirat\u00e3 Online Not\u00edcias - A realidade ao seu alcance!","isPartOf":{"@id":"https:\/\/ubirataonline.com.br\/#website"},"primaryImageOfPage":{"@id":"https:\/\/ubirataonline.com.br\/bridget-moynahan-returns-as-erin-reagan-in-exclusive-first-look\/#primaryimage"},"image":{"@id":"https:\/\/ubirataonline.com.br\/bridget-moynahan-returns-as-erin-reagan-in-exclusive-first-look\/#primaryimage"},"thumbnailUrl":"https:\/\/ubirataonline.com.br\/wp-content\/uploads\/2026\/05\/Bridget-Moynahan-Returns-As-Erin-Reagan-In-Exclusive-First-Look.jpeg","datePublished":"2026-05-02T11:56:11+00:00","dateModified":"2026-05-02T11:56:13+00:00","description":"\"Boston Blue\" is staging a Reagan sibling reunion \u2014 and TVLine has your exclusive first look.Bridget Moynahan will reunite with TV brother Donnie Wahlberg","breadcrumb":{"@id":"https:\/\/ubirataonline.com.br\/bridget-moynahan-returns-as-erin-reagan-in-exclusive-first-look\/#breadcrumb"},"inLanguage":"en-US","potentialAction":[{"@type":"ReadAction","target":["https:\/\/ubirataonline.com.br\/bridget-moynahan-returns-as-erin-reagan-in-exclusive-first-look\/"]}]},{"@type":"ImageObject","inLanguage":"en-US","@id":"https:\/\/ubirataonline.com.br\/bridget-moynahan-returns-as-erin-reagan-in-exclusive-first-look\/#primaryimage","url":"https:\/\/ubirataonline.com.br\/wp-content\/uploads\/2026\/05\/Bridget-Moynahan-Returns-As-Erin-Reagan-In-Exclusive-First-Look.jpeg","contentUrl":"https:\/\/ubirataonline.com.br\/wp-content\/uploads\/2026\/05\/Bridget-Moynahan-Returns-As-Erin-Reagan-In-Exclusive-First-Look.jpeg","width":1200,"height":673,"caption":"Erin and Danny Reagan - CBS"},{"@type":"BreadcrumbList","@id":"https:\/\/ubirataonline.com.br\/bridget-moynahan-returns-as-erin-reagan-in-exclusive-first-look\/#breadcrumb","itemListElement":[{"@type":"ListItem","position":1,"name":"In\u00edcio","item":"https:\/\/ubirataonline.com.br\/"},{"@type":"ListItem","position":2,"name":"Bridget Moynahan Returns As Erin Reagan In Exclusive First Look"}]},{"@type":"WebSite","@id":"https:\/\/ubirataonline.com.br\/#website","url":"https:\/\/ubirataonline.com.br\/","name":"Ubirat\u00e3 Online Not\u00edcias","description":"Not\u00edcias de Ubirat\u00e3, regi\u00e3o, Brasil e mundo, com informa\u00e7\u00e3o atualizada e compromisso com o leitor.","publisher":{"@id":"https:\/\/ubirataonline.com.br\/#organization"},"alternateName":"Ubirat\u00e3 Online","potentialAction":[{"@type":"SearchAction","target":{"@type":"EntryPoint","urlTemplate":"https:\/\/ubirataonline.com.br\/?s={search_term_string}"},"query-input":{"@type":"PropertyValueSpecification","valueRequired":true,"valueName":"search_term_string"}}],"inLanguage":"en-US"},{"@type":["Organization","Place"],"@id":"https:\/\/ubirataonline.com.br\/#organization","name":"Ubirat\u00e3 Online Not\u00edcias","alternateName":"Ubirat\u00e3 Online","url":"https:\/\/ubirataonline.com.br\/","logo":{"@id":"https:\/\/ubirataonline.com.br\/bridget-moynahan-returns-as-erin-reagan-in-exclusive-first-look\/#local-main-organization-logo"},"image":{"@id":"https:\/\/ubirataonline.com.br\/bridget-moynahan-returns-as-erin-reagan-in-exclusive-first-look\/#local-main-organization-logo"},"sameAs":["https:\/\/www.facebook.com\/portalubirataonline","https:\/\/x.com\/ubirataonline","https:\/\/mastodon.social\/@ubirataonline","https:\/\/www.facebook.com\/groups\/311144672285604","https:\/\/www.facebook.com\/UBTAOnline","https:\/\/www.instagram.com\/portalubirataonline\/","https:\/\/twitter.com\/ubirataonline"],"description":"Somos um portal de not\u00edcias independente, criado em 5 de janeiro de 2009, com o objetivo de informar, conectar e valorizar a nossa comunidade de Ubirat\u00e3 e toda aregi\u00e3o. Com conte\u00fado atualizado, confi\u00e1vel e relevante, o Ubirat\u00e3 Online \u00e9 o seu espa\u00e7o para ficar por dentro dos principais acontecimentos locais, regionais, Brasil, Mundo e de interesse geral. Nosso compromisso \u00e9 com a verdade, a transpar\u00eancia e o respeito ao leitor.","legalName":"UBIRATA ONLINE NOT\u00cdCIAS","foundingDate":"2009-01-05","numberOfEmployees":{"@type":"QuantitativeValue","minValue":"1","maxValue":"10"},"publishingPrinciples":"https:\/\/ubirataonline.com.br\/faq\/","address":{"@id":"https:\/\/ubirataonline.com.br\/bridget-moynahan-returns-as-erin-reagan-in-exclusive-first-look\/#local-main-place-address"},"geo":{"@type":"GeoCoordinates","latitude":"-24.5361401","longitude":"-52.9921776"},"telephone":["+5544998308235"],"contactPoint":{"@type":"ContactPoint","email":"contato@ubirataonline.com.br"},"openingHoursSpecification":{"@type":"OpeningHoursSpecification","dayOfWeek":["Monday","Tuesday","Wednesday","Thursday","Friday","Saturday","Sunday"],"opens":"00:00","closes":"23:59"},"email":"contato@ubirataonline.com.br","vatID":"47.621.418\/0001-80"},{"@type":"Person","@id":"https:\/\/ubirataonline.com.br\/#\/schema\/person\/372f87bbd3fdd79b8556b84c98d0bc1c","name":"REDA\u00c7\u00c3O: UBIRAT\u00c3 ONLINE - F\u00c1BIO AUGUSTO CELESTINO","pronouns":"Ele","description":"Desde 2003 trabalhando com not\u00edcias.","sameAs":["http:\/\/ubirataoline.com.br","https:\/\/www.facebook.com\/portalubirataonline","https:\/\/www.instagram.com\/ubirataonline_oficial","https:\/\/x.com\/x.com\/ubirataonline"],"honorificPrefix":"Mr.","honorificSuffix":"MD","birthDate":"1980-06-16","gender":"masculino","award":["V\u00e1rios pr\u00eamios de melhor portal da cidade"],"jobTitle":"Diretor","url":"https:\/\/ubirataonline.com.br\/en\/author\/ubirataonline\/"},{"@type":"PostalAddress","@id":"https:\/\/ubirataonline.com.br\/bridget-moynahan-returns-as-erin-reagan-in-exclusive-first-look\/#local-main-place-address","streetAddress":"Rua dos Coqueiros, 104 - Bairro Boa Vista, Rua dos Coqueiros, 104 Bairro Boa Vista","addressLocality":"UBIRATA","postalCode":"85440-000","addressRegion":"PR","addressCountry":"BR"},{"@type":"ImageObject","inLanguage":"en-US","@id":"https:\/\/ubirataonline.com.br\/bridget-moynahan-returns-as-erin-reagan-in-exclusive-first-look\/#local-main-organization-logo","url":"https:\/\/ubirataonline.com.br\/wp-content\/uploads\/2026\/06\/logoubirataonline-1.webp","contentUrl":"https:\/\/ubirataonline.com.br\/wp-content\/uploads\/2026\/06\/logoubirataonline-1.webp","width":500,"height":500,"caption":"Ubirat\u00e3 Online Not\u00edcias"}]},"geo.placename":"UBIRATA","geo.position":{"lat":"-24.5361401","long":"-52.9921776"},"geo.region":"Brazil"},"_links":{"self":[{"href":"https:\/\/ubirataonline.com.br\/en\/wp-json\/wp\/v2\/posts\/121183","targetHints":{"allow":["GET"]}}],"collection":[{"href":"https:\/\/ubirataonline.com.br\/en\/wp-json\/wp\/v2\/posts"}],"about":[{"href":"https:\/\/ubirataonline.com.br\/en\/wp-json\/wp\/v2\/types\/post"}],"author":[{"embeddable":true,"href":"https:\/\/ubirataonline.com.br\/en\/wp-json\/wp\/v2\/users\/1"}],"replies":[{"embeddable":true,"href":"https:\/\/ubirataonline.com.br\/en\/wp-json\/wp\/v2\/comments?post=121183"}],"version-history":[{"count":0,"href":"https:\/\/ubirataonline.com.br\/en\/wp-json\/wp\/v2\/posts\/121183\/revisions"}],"wp:featuredmedia":[{"embeddable":true,"href":"https:\/\/ubirataonline.com.br\/en\/wp-json\/wp\/v2\/media\/121184"}],"wp:attachment":[{"href":"https:\/\/ubirataonline.com.br\/en\/wp-json\/wp\/v2\/media?parent=121183"}],"wp:term":[{"taxonomy":"category","embeddable":true,"href":"https:\/\/ubirataonline.com.br\/en\/wp-json\/wp\/v2\/categories?post=121183"},{"taxonomy":"post_tag","embeddable":true,"href":"https:\/\/ubirataonline.com.br\/en\/wp-json\/wp\/v2\/tags?post=121183"}],"curies":[{"name":"wp","href":"https:\/\/api.w.org\/{rel}","templated":true}]}}